{"id":40678,"date":"2023-04-18T10:54:26","date_gmt":"2023-04-18T13:54:26","guid":{"rendered":"https:\/\/jornalfatosenoticias.com.br\/?p=40678"},"modified":"2023-04-18T10:54:26","modified_gmt":"2023-04-18T13:54:26","slug":"brasil-vive-urgencia-de-universalizar-internet-na-escola-com-foco-em-qualidade-de-acesso","status":"publish","type":"post","link":"https:\/\/jornalfatosenoticias.com.br\/index.php\/2023\/04\/18\/brasil-vive-urgencia-de-universalizar-internet-na-escola-com-foco-em-qualidade-de-acesso\/","title":{"rendered":"Brasil vive urg\u00eancia de universalizar internet na escola com foco em qualidade de acesso"},"content":{"rendered":"\n<p><em><span class=\"has-inline-color has-black-color\">Semin\u00e1rio Educa\u00e7\u00e3o Conectada, realizado pela plataforma Teletime, trouxe um panorama de como a internet chega \u00e0s escolas p\u00fablicas e possibilidade de integra\u00e7\u00e3o de diferentes programas<\/span><\/em><\/p>\n\n\n\n<p><em><span class=\"has-inline-color has-black-color\">por: <\/span><\/em><strong><em><span class=\"has-inline-color has-black-color\">Vin\u00edcius de Oliveira<\/span><\/em><\/strong><\/p>\n\n\n\n<div class=\"wp-block-image\"><figure class=\"aligncenter size-large\"><img loading=\"lazy\" decoding=\"async\" width=\"300\" height=\"250\" src=\"https:\/\/jornalfatosenoticias.com.br\/wp-content\/uploads\/2022\/02\/Banner-2.png\" alt=\"\" class=\"wp-image-27877\"\/><\/figure><\/div>\n\n\n\n<p>Universalizar a conex\u00e3o \u00e0 internet de qualidade nas escolas p\u00fablicas brasileiras \u00e9 um objetivo antigo. Atualmente, com recursos liberados por diferentes pol\u00edticas de telecomunica\u00e7\u00f5es e pela mais recente\u00a0<a href=\"http:\/\/educacaoconectada.mec.gov.br\/\" target=\"_blank\" rel=\"noreferrer noopener\"><strong>Pol\u00edtica Nacional de Educa\u00e7\u00e3o Conectada<\/strong><\/a>, a expectativa \u00e9 que esse processo avance.<br>Um panorama da conectividade em escolas p\u00fablicas foi apresentado durante o Semin\u00e1rio Educa\u00e7\u00e3o Conectada, realizado em Bras\u00edlia (DF), pelo <strong><a href=\"https:\/\/teletime.com.br\/\" target=\"_blank\" rel=\"noreferrer noopener\">Teletime<\/a><\/strong>, site especializado no setor de telecomunica\u00e7\u00f5es. Os palestrantes ressaltaram o quanto o pa\u00eds avan\u00e7ou ao longo das \u00faltimas d\u00e9cadas e como agora \u00e9 preciso concentrar esfor\u00e7os na coordena\u00e7\u00e3o de programas.<\/p>\n\n\n\n<div class=\"wp-block-image\"><figure class=\"aligncenter size-large\"><img decoding=\"async\" src=\"https:\/\/jornalfatosenoticias.com.br\/wp-content\/uploads\/2020\/02\/logo_esteio.jpg\" alt=\"\" class=\"wp-image-1214\"\/><\/figure><\/div>\n\n\n\n<p>Pedro Lucas Ara\u00fajo, diretor de investimento e inova\u00e7\u00e3o do Minist\u00e9rio das Comunica\u00e7\u00f5es, iniciou a jornada detalhando quais s\u00e3o os principais programas que atendem \u00e0s escolas p\u00fablicas, seja por fibra \u00f3ptica, sat\u00e9lite ou r\u00e1dio. No universo de 138.355 escolas de educa\u00e7\u00e3o b\u00e1sica, 129.990 est\u00e3o conectadas \u00e0 internet. Entretanto, a qualidade da internet nem sempre \u00e9 ideal para o desenvolvimento de pr\u00e1ticas pedag\u00f3gicas apoiadas em tecnologia.<\/p>\n\n\n\n<div class=\"wp-block-image\"><figure class=\"aligncenter size-large\"><img loading=\"lazy\" decoding=\"async\" width=\"300\" height=\"222\" src=\"https:\/\/jornalfatosenoticias.com.br\/wp-content\/uploads\/2023\/03\/logo_Juliana-Graca.jpg\" alt=\"\" class=\"wp-image-39283\"\/><\/figure><\/div>\n\n\n\n<p>Segundo os dados compilados pelo pr\u00f3prio Minist\u00e9rio das Comunica\u00e7\u00f5es a partir do painel de monitoramento criado pela Ag\u00eancia Nacional de Telecomunica\u00e7\u00f5es (Anatel), nada menos do que 55,7 mil escolas est\u00e3o conectadas pelo <strong><a href=\"https:\/\/www.gov.br\/fnde\/pt-br\/acesso-a-informacao\/acoes-e-programas\/programas\/pble\" target=\"_blank\" rel=\"noreferrer noopener\">Programa Banda Larga nas Escolas<\/a><\/strong> <strong><a href=\"https:\/\/www.gov.br\/fnde\/pt-br\/acesso-a-informacao\/acoes-e-programas\/programas\/pble\" target=\"_blank\" rel=\"noreferrer noopener\">(<\/a><\/strong><a href=\"https:\/\/www.gov.br\/fnde\/pt-br\/acesso-a-informacao\/acoes-e-programas\/programas\/pble\" target=\"_blank\" rel=\"noreferrer noopener\"><strong>PBLE)<\/strong><\/a>. Esse programa foi estabelecido como obriga\u00e7\u00e3o para as concession\u00e1rias de telefonia fixa em 2009, prevendo velocidade de at\u00e9 6 Mbps. Um detalhe: o programa vai at\u00e9 2025, quando terminam os prazos das concess\u00f5es, mas h\u00e1 muito tempo est\u00e1 obsoleto porque a tecnologia utilizada \u00e9 do tipo <a href=\"https:\/\/www.infowester.com\/adsl.php\" target=\"_blank\" rel=\"noreferrer noopener\"><strong>ADSL<\/strong><\/a> (feito a partir de uma linha telef\u00f4nica convencional), mais inst\u00e1vel e mais lenta que os padr\u00f5es atuais.<\/p>\n\n\n\n<div class=\"wp-block-image\"><figure class=\"aligncenter size-large is-resized\"><img loading=\"lazy\" decoding=\"async\" src=\"https:\/\/jornalfatosenoticias.com.br\/wp-content\/uploads\/2022\/10\/RC_800x750_page-0001.jpg\" alt=\"\" class=\"wp-image-35338\" width=\"281\" height=\"263\" srcset=\"https:\/\/jornalfatosenoticias.com.br\/wp-content\/uploads\/2022\/10\/RC_800x750_page-0001.jpg 400w, https:\/\/jornalfatosenoticias.com.br\/wp-content\/uploads\/2022\/10\/RC_800x750_page-0001-300x281.jpg 300w\" sizes=\"auto, (max-width: 281px) 100vw, 281px\" \/><\/figure><\/div>\n\n\n\n<p>Outra iniciativa que ainda tem papel fundamental na conectividade das escolas \u00e9 o <strong><a href=\"https:\/\/antigo.mctic.gov.br\/mctic\/opencms\/comunicacao\/SETEL\/gesac\/gesac.html\" target=\"_blank\" rel=\"noreferrer noopener\">GESAC<\/a><\/strong> (que oferece gratuitamente conex\u00e3o \u00e0 internet em banda larga, por via terrestre e sat\u00e9lite), com quase 15 mil escolas, mas que \u00e9 limitado a 10 Mbps ou, em alguns casos, 20 Mbps por escola. Nessa conta ainda entram 37 mil escolas conectadas por meio dos compromissos do edital de 4G de 2012, tendo como meio de conex\u00e3o sat\u00e9lite ou a rede m\u00f3vel com 3 Mbps por escola.<\/p>\n\n\n\n<div class=\"wp-block-image\"><figure class=\"aligncenter size-large is-resized\"><img loading=\"lazy\" decoding=\"async\" src=\"https:\/\/jornalfatosenoticias.com.br\/wp-content\/uploads\/2022\/10\/Arte-jornal-Zucchi-600x600_Prancheta-1-1024x1024.jpg\" alt=\"\" class=\"wp-image-34782\" width=\"279\" height=\"279\" srcset=\"https:\/\/jornalfatosenoticias.com.br\/wp-content\/uploads\/2022\/10\/Arte-jornal-Zucchi-600x600_Prancheta-1-1024x1024.jpg 1024w, https:\/\/jornalfatosenoticias.com.br\/wp-content\/uploads\/2022\/10\/Arte-jornal-Zucchi-600x600_Prancheta-1-300x300.jpg 300w, https:\/\/jornalfatosenoticias.com.br\/wp-content\/uploads\/2022\/10\/Arte-jornal-Zucchi-600x600_Prancheta-1-150x150.jpg 150w, https:\/\/jornalfatosenoticias.com.br\/wp-content\/uploads\/2022\/10\/Arte-jornal-Zucchi-600x600_Prancheta-1-768x768.jpg 768w, https:\/\/jornalfatosenoticias.com.br\/wp-content\/uploads\/2022\/10\/Arte-jornal-Zucchi-600x600_Prancheta-1.jpg 1250w\" sizes=\"auto, (max-width: 279px) 100vw, 279px\" \/><\/figure><\/div>\n\n\n\n<p>Neste cen\u00e1rio, existem pelo menos 108 mil escolas que dependem de conex\u00f5es muito mais limitadas do que aquelas servidas por fibra \u00f3ptica ou tecnologias similares, como r\u00e1dio digital, 5G ou <strong><a href=\"https:\/\/www.uol.com.br\/tilt\/noticias\/redacao\/2022\/08\/19\/o-que-e-fwa-essa-tecnologia-5g-vai-substituir-o-wi-fi.htm\" target=\"_blank\" rel=\"noreferrer noopener\">FWA<\/a><\/strong> (acesso fixo sem fio, uma conex\u00e3o de banda larga via links de r\u00e1dio que conecta a torre de celular \u00e0 casa do usu\u00e1rio). De acordo com o governo federal, apenas pouco mais de 20 mil escolas p\u00fablicas de ensino b\u00e1sico t\u00eam condi\u00e7\u00f5es de oferecer conectividade com fins pedag\u00f3gicos ricos, incluindo v\u00eddeo, simuladores ou tarefas que exigem tr\u00e1fego de dados r\u00e1pido e cont\u00ednuo.<br>Embora o <strong><a href=\"http:\/\/portal.mec.gov.br\/expansao-da-rede-federal\/193-secretarias-112877938\/seed-educacao-a-distancia-96734370\/15808-programa-banda-larga-nas-escolas\" target=\"_blank\" rel=\"noreferrer noopener\">Programa Banda Larga nas Escolas (PBLE)<\/a><\/strong> ainda n\u00e3o atenda \u00e0s demandas atuais, Maximiliano Martinh\u00e3o, secret\u00e1rio de Telecomunica\u00e7\u00f5es do Minist\u00e9rio das Comunica\u00e7\u00f5es, acredita que o programa traz benef\u00edcios. <\/p>\n\n\n\n<div class=\"wp-block-image\"><figure class=\"aligncenter size-large is-resized\"><img loading=\"lazy\" decoding=\"async\" src=\"https:\/\/jornalfatosenoticias.com.br\/wp-content\/uploads\/2023\/04\/baile.jpg\" alt=\"\" class=\"wp-image-40627\" width=\"305\" height=\"305\" srcset=\"https:\/\/jornalfatosenoticias.com.br\/wp-content\/uploads\/2023\/04\/baile.jpg 250w, https:\/\/jornalfatosenoticias.com.br\/wp-content\/uploads\/2023\/04\/baile-150x150.jpg 150w\" sizes=\"auto, (max-width: 305px) 100vw, 305px\" \/><\/figure><\/div>\n\n\n\n<blockquote class=\"wp-block-quote is-layout-flow wp-block-quote-is-layout-flow\"><p><span class=\"has-inline-color has-luminous-vivid-orange-color\">Tudo o que aprendemos com programas como o PBLE nos permite saber como chegar e como usar. Isso n\u00e3o ocorre em outros ambientes da pasta\u201d, disse.<\/span><\/p><\/blockquote>\n\n\n\n<div class=\"wp-block-image\"><figure class=\"aligncenter size-large\"><img loading=\"lazy\" decoding=\"async\" width=\"729\" height=\"90\" src=\"https:\/\/jornalfatosenoticias.com.br\/wp-content\/uploads\/2020\/02\/Logo_Mizu.png\" alt=\"\" class=\"wp-image-1441\" srcset=\"https:\/\/jornalfatosenoticias.com.br\/wp-content\/uploads\/2020\/02\/Logo_Mizu.png 729w, https:\/\/jornalfatosenoticias.com.br\/wp-content\/uploads\/2020\/02\/Logo_Mizu-300x37.png 300w\" sizes=\"auto, (max-width: 729px) 100vw, 729px\" \/><\/figure><\/div>\n\n\n\n<p>Para o representante do MCom, \u00e9 necess\u00e1rio focar na conex\u00e3o significativa. As respostas para esse conceito podem vir de perguntas como: Qual \u00e9 a qualidade dessa conex\u00e3o? Essa internet est\u00e1 dispon\u00edvel para todos os alunos da escola? Quais tipos de atividades pedag\u00f3gicas podem ser realizadas com a internet dispon\u00edvel?<br>Diogo Moyses, consultor da Uni\u00e3o Internacional de Telecomunica\u00e7\u00f5es (UIT), avalia que a experi\u00eancia do Brasil no desenvolvimento de pol\u00edticas de conectividade, com seus erros e acertos, traz uma perspectiva de que a universaliza\u00e7\u00e3o da internet se torne realidade. <\/p>\n\n\n\n<div class=\"wp-block-image\"><figure class=\"aligncenter size-large\"><img loading=\"lazy\" decoding=\"async\" width=\"300\" height=\"270\" src=\"https:\/\/jornalfatosenoticias.com.br\/wp-content\/uploads\/2023\/03\/Crypton-1000-\u00d7-900-px-300x270-1.png\" alt=\"\" class=\"wp-image-40206\"\/><\/figure><\/div>\n\n\n\n<blockquote class=\"wp-block-quote is-layout-flow wp-block-quote-is-layout-flow\"><p><span class=\"has-inline-color has-luminous-vivid-orange-color\">O desafio \u00e9 enfrentar o pacto federativo (o acordo entre todos os n\u00edveis de governo federal, estadual e municipal). Certos estados e munic\u00edpios n\u00e3o precisam de recursos, mas de par\u00e2metros\u201d, afirmou.<\/span><\/p><\/blockquote>\n\n\n\n<div class=\"wp-block-image\"><figure class=\"aligncenter size-large\"><img decoding=\"async\" src=\"https:\/\/jornalfatosenoticias.com.br\/wp-content\/uploads\/2020\/02\/barao-das-carnes-300x164-1.jpg\" alt=\"\" class=\"wp-image-34339\"\/><\/figure><\/div>\n\n\n\n<p>Nesse sentido, os membros do governo federal enfatizaram a import\u00e2ncia de 1 Mbps por aluno no turno mais disputado da escola como refer\u00eancia para o uso pedag\u00f3gico pleno da tecnologia. <strong><a href=\"https:\/\/porvir.org\/estudo-apoia-gestores-na-definicao-de-velocidade-de-internet-para-escolas\/\" target=\"_blank\" rel=\"noreferrer noopener\">Esse \u00edndice consta em um estudo para gestores p\u00fablicos<\/a><\/strong> lan\u00e7ado pelo Centro de Inova\u00e7\u00e3o para a Educa\u00e7\u00e3o Brasileira (CIEB), com coordena\u00e7\u00e3o t\u00e9cnica do Grupo Mulheres do Brasil (GMB), MegaEdu e N\u00facleo de Informa\u00e7\u00e3o e Coordena\u00e7\u00e3o do Ponto BR (NIC.br).<br>Em uma fala na qual defendeu que o conceito de escola conectada n\u00e3o se resuma apenas \u00e0 infraestrutura, Alexsander Moreira, diretor de apoio \u00e0 gest\u00e3o educacional do Minist\u00e9rio da Educa\u00e7\u00e3o (MEC), pediu aten\u00e7\u00e3o ao que acontece em sala de aula. <\/p>\n\n\n\n<div class=\"wp-block-image\"><figure class=\"aligncenter size-large is-resized\"><img loading=\"lazy\" decoding=\"async\" src=\"https:\/\/jornalfatosenoticias.com.br\/wp-content\/uploads\/2022\/02\/Precisao-Contabilidade-1024x724.jpg\" alt=\"\" class=\"wp-image-28088\" width=\"343\" height=\"243\"\/><\/figure><\/div>\n\n\n\n<blockquote class=\"wp-block-quote is-layout-flow wp-block-quote-is-layout-flow\"><p><span class=\"has-inline-color has-luminous-vivid-orange-color\">Temos que olhar para o todo. N\u00e3o se trata apenas de conex\u00e3o na porta da escola. Precisamos pensar na capacita\u00e7\u00e3o digital, nos curr\u00edculos escolares, no Wi-Fi dentro da escola, nos dispositivos. Muitas vezes, os diretores n\u00e3o sabem o que podem contratar e nem ao que t\u00eam direito porque desconhecem o processo\u201d, disse ele.<\/span><\/p><\/blockquote>\n\n\n\n<div class=\"wp-block-image\"><figure class=\"aligncenter size-large is-resized\"><img loading=\"lazy\" decoding=\"async\" src=\"https:\/\/jornalfatosenoticias.com.br\/wp-content\/uploads\/2022\/07\/Logo-Grupo-SEI.jpg\" alt=\"\" class=\"wp-image-31973\" width=\"377\" height=\"198\" srcset=\"https:\/\/jornalfatosenoticias.com.br\/wp-content\/uploads\/2022\/07\/Logo-Grupo-SEI.jpg 713w, https:\/\/jornalfatosenoticias.com.br\/wp-content\/uploads\/2022\/07\/Logo-Grupo-SEI-300x158.jpg 300w\" sizes=\"auto, (max-width: 377px) 100vw, 377px\" \/><\/figure><\/div>\n\n\n\n<p><strong><em>Fonte: <a href=\"https:\/\/porvir.org\/brasil-vive-urgencia-de-universalizar-internet-na-escola-com-foco-em-qualidade-de-acesso\/\">Porvir<\/a><\/em><\/strong><\/p>\n","protected":false},"excerpt":{"rendered":"<p>Semin\u00e1rio Educa\u00e7\u00e3o Conectada, realizado pela plataforma Teletime, trouxe um panorama de como a internet chega \u00e0s escolas p\u00fablicas e possibilidade de integra\u00e7\u00e3o de diferentes programas por: Vin\u00edcius de Oliveira Universalizar a conex\u00e3o \u00e0 internet de qualidade nas escolas p\u00fablicas brasileiras \u00e9 um objetivo antigo. Atualmente, com recursos liberados por diferentes pol\u00edticas de telecomunica\u00e7\u00f5es e pela [&hellip;]<\/p>\n","protected":false},"author":2,"featured_media":40679,"comment_status":"open","ping_status":"open","sticky":false,"template":"","format":"standard","meta":{"footnotes":""},"categories":[7],"tags":[6904,3424,19058,19059,19060,198],"class_list":["post-40678","post","type-post","status-publish","format-standard","has-post-thumbnail","hentry","category-educacao","tag-conectividade","tag-escolas-publicas","tag-internet-na-escola","tag-qualidade-de-acesso","tag-seminario-educacao-conectada","tag-tecnologia"],"yoast_head":"<!-- This site is optimized with the Yoast SEO plugin v26.5 - https:\/\/yoast.com\/wordpress\/plugins\/seo\/ -->\n<title>Brasil vive urg\u00eancia de universalizar internet na escola com foco em qualidade de acesso - Jornal Fatos e Not\u00edcias<\/title>\n<meta name=\"robots\" content=\"index, follow, max-snippet:-1, max-image-preview:large, max-video-preview:-1\" \/>\n<link rel=\"canonical\" href=\"https:\/\/jornalfatosenoticias.com.br\/index.php\/2023\/04\/18\/brasil-vive-urgencia-de-universalizar-internet-na-escola-com-foco-em-qualidade-de-acesso\/\" \/>\n<meta property=\"og:locale\" content=\"pt_BR\" \/>\n<meta property=\"og:type\" content=\"article\" \/>\n<meta property=\"og:title\" content=\"Brasil vive urg\u00eancia de universalizar internet na escola com foco em qualidade de acesso - Jornal Fatos e Not\u00edcias\" \/>\n<meta property=\"og:description\" content=\"Semin\u00e1rio Educa\u00e7\u00e3o Conectada, realizado pela plataforma Teletime, trouxe um panorama de como a internet chega \u00e0s escolas p\u00fablicas e possibilidade de integra\u00e7\u00e3o de diferentes programas por: Vin\u00edcius de Oliveira Universalizar a conex\u00e3o \u00e0 internet de qualidade nas escolas p\u00fablicas brasileiras \u00e9 um objetivo antigo. Atualmente, com recursos liberados por diferentes pol\u00edticas de telecomunica\u00e7\u00f5es e pela [&hellip;]\" \/>\n<meta property=\"og:url\" content=\"https:\/\/jornalfatosenoticias.com.br\/index.php\/2023\/04\/18\/brasil-vive-urgencia-de-universalizar-internet-na-escola-com-foco-em-qualidade-de-acesso\/\" \/>\n<meta property=\"og:site_name\" content=\"Jornal Fatos e Not\u00edcias\" \/>\n<meta property=\"article:published_time\" content=\"2023-04-18T13:54:26+00:00\" \/>\n<meta property=\"og:image\" content=\"https:\/\/jornalfatosenoticias.com.br\/wp-content\/uploads\/2023\/04\/universalizacao-internet-escolas.jpg\" \/>\n\t<meta property=\"og:image:width\" content=\"1000\" \/>\n\t<meta property=\"og:image:height\" content=\"688\" \/>\n\t<meta property=\"og:image:type\" content=\"image\/jpeg\" \/>\n<meta name=\"author\" content=\"Luzimara Fernandes\" \/>\n<meta name=\"twitter:card\" content=\"summary_large_image\" \/>\n<meta name=\"twitter:label1\" content=\"Escrito por\" \/>\n\t<meta name=\"twitter:data1\" content=\"Luzimara Fernandes\" \/>\n\t<meta name=\"twitter:label2\" content=\"Est. tempo de leitura\" \/>\n\t<meta name=\"twitter:data2\" content=\"4 minutos\" \/>\n<script type=\"application\/ld+json\" class=\"yoast-schema-graph\">{\"@context\":\"https:\/\/schema.org\",\"@graph\":[{\"@type\":\"Article\",\"@id\":\"https:\/\/jornalfatosenoticias.com.br\/index.php\/2023\/04\/18\/brasil-vive-urgencia-de-universalizar-internet-na-escola-com-foco-em-qualidade-de-acesso\/#article\",\"isPartOf\":{\"@id\":\"https:\/\/jornalfatosenoticias.com.br\/index.php\/2023\/04\/18\/brasil-vive-urgencia-de-universalizar-internet-na-escola-com-foco-em-qualidade-de-acesso\/\"},\"author\":{\"name\":\"Luzimara Fernandes\",\"@id\":\"https:\/\/jornalfatosenoticias.com.br\/#\/schema\/person\/d63837fa13ac8666eb9e74e0985d6f81\"},\"headline\":\"Brasil vive urg\u00eancia de universalizar internet na escola com foco em qualidade de acesso\",\"datePublished\":\"2023-04-18T13:54:26+00:00\",\"mainEntityOfPage\":{\"@id\":\"https:\/\/jornalfatosenoticias.com.br\/index.php\/2023\/04\/18\/brasil-vive-urgencia-de-universalizar-internet-na-escola-com-foco-em-qualidade-de-acesso\/\"},\"wordCount\":893,\"commentCount\":0,\"publisher\":{\"@id\":\"https:\/\/jornalfatosenoticias.com.br\/#organization\"},\"image\":{\"@id\":\"https:\/\/jornalfatosenoticias.com.br\/index.php\/2023\/04\/18\/brasil-vive-urgencia-de-universalizar-internet-na-escola-com-foco-em-qualidade-de-acesso\/#primaryimage\"},\"thumbnailUrl\":\"https:\/\/jornalfatosenoticias.com.br\/wp-content\/uploads\/2023\/04\/universalizacao-internet-escolas.jpg\",\"keywords\":[\"conectividade\",\"escolas p\u00fablicas\",\"internet na escola\",\"qualidade de acesso\",\"Semin\u00e1rio Educa\u00e7\u00e3o Conectada\",\"tecnologia\"],\"articleSection\":[\"Educa\u00e7\u00e3o\"],\"inLanguage\":\"pt-BR\",\"potentialAction\":[{\"@type\":\"CommentAction\",\"name\":\"Comment\",\"target\":[\"https:\/\/jornalfatosenoticias.com.br\/index.php\/2023\/04\/18\/brasil-vive-urgencia-de-universalizar-internet-na-escola-com-foco-em-qualidade-de-acesso\/#respond\"]}]},{\"@type\":\"WebPage\",\"@id\":\"https:\/\/jornalfatosenoticias.com.br\/index.php\/2023\/04\/18\/brasil-vive-urgencia-de-universalizar-internet-na-escola-com-foco-em-qualidade-de-acesso\/\",\"url\":\"https:\/\/jornalfatosenoticias.com.br\/index.php\/2023\/04\/18\/brasil-vive-urgencia-de-universalizar-internet-na-escola-com-foco-em-qualidade-de-acesso\/\",\"name\":\"Brasil vive urg\u00eancia de universalizar internet na escola com foco em qualidade de acesso - Jornal Fatos e Not\u00edcias\",\"isPartOf\":{\"@id\":\"https:\/\/jornalfatosenoticias.com.br\/#website\"},\"primaryImageOfPage\":{\"@id\":\"https:\/\/jornalfatosenoticias.com.br\/index.php\/2023\/04\/18\/brasil-vive-urgencia-de-universalizar-internet-na-escola-com-foco-em-qualidade-de-acesso\/#primaryimage\"},\"image\":{\"@id\":\"https:\/\/jornalfatosenoticias.com.br\/index.php\/2023\/04\/18\/brasil-vive-urgencia-de-universalizar-internet-na-escola-com-foco-em-qualidade-de-acesso\/#primaryimage\"},\"thumbnailUrl\":\"https:\/\/jornalfatosenoticias.com.br\/wp-content\/uploads\/2023\/04\/universalizacao-internet-escolas.jpg\",\"datePublished\":\"2023-04-18T13:54:26+00:00\",\"breadcrumb\":{\"@id\":\"https:\/\/jornalfatosenoticias.com.br\/index.php\/2023\/04\/18\/brasil-vive-urgencia-de-universalizar-internet-na-escola-com-foco-em-qualidade-de-acesso\/#breadcrumb\"},\"inLanguage\":\"pt-BR\",\"potentialAction\":[{\"@type\":\"ReadAction\",\"target\":[\"https:\/\/jornalfatosenoticias.com.br\/index.php\/2023\/04\/18\/brasil-vive-urgencia-de-universalizar-internet-na-escola-com-foco-em-qualidade-de-acesso\/\"]}]},{\"@type\":\"ImageObject\",\"inLanguage\":\"pt-BR\",\"@id\":\"https:\/\/jornalfatosenoticias.com.br\/index.php\/2023\/04\/18\/brasil-vive-urgencia-de-universalizar-internet-na-escola-com-foco-em-qualidade-de-acesso\/#primaryimage\",\"url\":\"https:\/\/jornalfatosenoticias.com.br\/wp-content\/uploads\/2023\/04\/universalizacao-internet-escolas.jpg\",\"contentUrl\":\"https:\/\/jornalfatosenoticias.com.br\/wp-content\/uploads\/2023\/04\/universalizacao-internet-escolas.jpg\",\"width\":1000,\"height\":688},{\"@type\":\"BreadcrumbList\",\"@id\":\"https:\/\/jornalfatosenoticias.com.br\/index.php\/2023\/04\/18\/brasil-vive-urgencia-de-universalizar-internet-na-escola-com-foco-em-qualidade-de-acesso\/#breadcrumb\",\"itemListElement\":[{\"@type\":\"ListItem\",\"position\":1,\"name\":\"In\u00edcio\",\"item\":\"https:\/\/jornalfatosenoticias.com.br\/\"},{\"@type\":\"ListItem\",\"position\":2,\"name\":\"Brasil vive urg\u00eancia de universalizar internet na escola com foco em qualidade de acesso\"}]},{\"@type\":\"WebSite\",\"@id\":\"https:\/\/jornalfatosenoticias.com.br\/#website\",\"url\":\"https:\/\/jornalfatosenoticias.com.br\/\",\"name\":\"Jornal Fatos e Not\u00edcias\",\"description\":\"Not\u00edcias em geral\",\"publisher\":{\"@id\":\"https:\/\/jornalfatosenoticias.com.br\/#organization\"},\"potentialAction\":[{\"@type\":\"SearchAction\",\"target\":{\"@type\":\"EntryPoint\",\"urlTemplate\":\"https:\/\/jornalfatosenoticias.com.br\/?s={search_term_string}\"},\"query-input\":{\"@type\":\"PropertyValueSpecification\",\"valueRequired\":true,\"valueName\":\"search_term_string\"}}],\"inLanguage\":\"pt-BR\"},{\"@type\":\"Organization\",\"@id\":\"https:\/\/jornalfatosenoticias.com.br\/#organization\",\"name\":\"Jornal Fatos e Not\u00edcias\",\"url\":\"https:\/\/jornalfatosenoticias.com.br\/\",\"logo\":{\"@type\":\"ImageObject\",\"inLanguage\":\"pt-BR\",\"@id\":\"https:\/\/jornalfatosenoticias.com.br\/#\/schema\/logo\/image\/\",\"url\":\"https:\/\/jornalfatosenoticias.com.br\/wp-content\/uploads\/2020\/02\/logo120.png\",\"contentUrl\":\"https:\/\/jornalfatosenoticias.com.br\/wp-content\/uploads\/2020\/02\/logo120.png\",\"width\":1227,\"height\":120,\"caption\":\"Jornal Fatos e Not\u00edcias\"},\"image\":{\"@id\":\"https:\/\/jornalfatosenoticias.com.br\/#\/schema\/logo\/image\/\"}},{\"@type\":\"Person\",\"@id\":\"https:\/\/jornalfatosenoticias.com.br\/#\/schema\/person\/d63837fa13ac8666eb9e74e0985d6f81\",\"name\":\"Luzimara Fernandes\",\"image\":{\"@type\":\"ImageObject\",\"inLanguage\":\"pt-BR\",\"@id\":\"https:\/\/jornalfatosenoticias.com.br\/#\/schema\/person\/image\/\",\"url\":\"https:\/\/jornalfatosenoticias.com.br\/wp-content\/uploads\/2025\/05\/EU_portal.jpg\",\"contentUrl\":\"https:\/\/jornalfatosenoticias.com.br\/wp-content\/uploads\/2025\/05\/EU_portal.jpg\",\"caption\":\"Luzimara Fernandes\"},\"description\":\"Jornalista MTB 2358-ES\",\"sameAs\":[\"https:\/\/jornalfatosenoticias.com.br\"],\"url\":\"https:\/\/jornalfatosenoticias.com.br\/index.php\/author\/luzimara\/\"}]}<\/script>\n<!-- \/ Yoast SEO plugin. -->","yoast_head_json":{"title":"Brasil vive urg\u00eancia de universalizar internet na escola com foco em qualidade de acesso - Jornal Fatos e Not\u00edcias","robots":{"index":"index","follow":"follow","max-snippet":"max-snippet:-1","max-image-preview":"max-image-preview:large","max-video-preview":"max-video-preview:-1"},"canonical":"https:\/\/jornalfatosenoticias.com.br\/index.php\/2023\/04\/18\/brasil-vive-urgencia-de-universalizar-internet-na-escola-com-foco-em-qualidade-de-acesso\/","og_locale":"pt_BR","og_type":"article","og_title":"Brasil vive urg\u00eancia de universalizar internet na escola com foco em qualidade de acesso - Jornal Fatos e Not\u00edcias","og_description":"Semin\u00e1rio Educa\u00e7\u00e3o Conectada, realizado pela plataforma Teletime, trouxe um panorama de como a internet chega \u00e0s escolas p\u00fablicas e possibilidade de integra\u00e7\u00e3o de diferentes programas por: Vin\u00edcius de Oliveira Universalizar a conex\u00e3o \u00e0 internet de qualidade nas escolas p\u00fablicas brasileiras \u00e9 um objetivo antigo. Atualmente, com recursos liberados por diferentes pol\u00edticas de telecomunica\u00e7\u00f5es e pela [&hellip;]","og_url":"https:\/\/jornalfatosenoticias.com.br\/index.php\/2023\/04\/18\/brasil-vive-urgencia-de-universalizar-internet-na-escola-com-foco-em-qualidade-de-acesso\/","og_site_name":"Jornal Fatos e Not\u00edcias","article_published_time":"2023-04-18T13:54:26+00:00","og_image":[{"width":1000,"height":688,"url":"https:\/\/jornalfatosenoticias.com.br\/wp-content\/uploads\/2023\/04\/universalizacao-internet-escolas.jpg","type":"image\/jpeg"}],"author":"Luzimara Fernandes","twitter_card":"summary_large_image","twitter_misc":{"Escrito por":"Luzimara Fernandes","Est. tempo de leitura":"4 minutos"},"schema":{"@context":"https:\/\/schema.org","@graph":[{"@type":"Article","@id":"https:\/\/jornalfatosenoticias.com.br\/index.php\/2023\/04\/18\/brasil-vive-urgencia-de-universalizar-internet-na-escola-com-foco-em-qualidade-de-acesso\/#article","isPartOf":{"@id":"https:\/\/jornalfatosenoticias.com.br\/index.php\/2023\/04\/18\/brasil-vive-urgencia-de-universalizar-internet-na-escola-com-foco-em-qualidade-de-acesso\/"},"author":{"name":"Luzimara Fernandes","@id":"https:\/\/jornalfatosenoticias.com.br\/#\/schema\/person\/d63837fa13ac8666eb9e74e0985d6f81"},"headline":"Brasil vive urg\u00eancia de universalizar internet na escola com foco em qualidade de acesso","datePublished":"2023-04-18T13:54:26+00:00","mainEntityOfPage":{"@id":"https:\/\/jornalfatosenoticias.com.br\/index.php\/2023\/04\/18\/brasil-vive-urgencia-de-universalizar-internet-na-escola-com-foco-em-qualidade-de-acesso\/"},"wordCount":893,"commentCount":0,"publisher":{"@id":"https:\/\/jornalfatosenoticias.com.br\/#organization"},"image":{"@id":"https:\/\/jornalfatosenoticias.com.br\/index.php\/2023\/04\/18\/brasil-vive-urgencia-de-universalizar-internet-na-escola-com-foco-em-qualidade-de-acesso\/#primaryimage"},"thumbnailUrl":"https:\/\/jornalfatosenoticias.com.br\/wp-content\/uploads\/2023\/04\/universalizacao-internet-escolas.jpg","keywords":["conectividade","escolas p\u00fablicas","internet na escola","qualidade de acesso","Semin\u00e1rio Educa\u00e7\u00e3o Conectada","tecnologia"],"articleSection":["Educa\u00e7\u00e3o"],"inLanguage":"pt-BR","potentialAction":[{"@type":"CommentAction","name":"Comment","target":["https:\/\/jornalfatosenoticias.com.br\/index.php\/2023\/04\/18\/brasil-vive-urgencia-de-universalizar-internet-na-escola-com-foco-em-qualidade-de-acesso\/#respond"]}]},{"@type":"WebPage","@id":"https:\/\/jornalfatosenoticias.com.br\/index.php\/2023\/04\/18\/brasil-vive-urgencia-de-universalizar-internet-na-escola-com-foco-em-qualidade-de-acesso\/","url":"https:\/\/jornalfatosenoticias.com.br\/index.php\/2023\/04\/18\/brasil-vive-urgencia-de-universalizar-internet-na-escola-com-foco-em-qualidade-de-acesso\/","name":"Brasil vive urg\u00eancia de universalizar internet na escola com foco em qualidade de acesso - Jornal Fatos e Not\u00edcias","isPartOf":{"@id":"https:\/\/jornalfatosenoticias.com.br\/#website"},"primaryImageOfPage":{"@id":"https:\/\/jornalfatosenoticias.com.br\/index.php\/2023\/04\/18\/brasil-vive-urgencia-de-universalizar-internet-na-escola-com-foco-em-qualidade-de-acesso\/#primaryimage"},"image":{"@id":"https:\/\/jornalfatosenoticias.com.br\/index.php\/2023\/04\/18\/brasil-vive-urgencia-de-universalizar-internet-na-escola-com-foco-em-qualidade-de-acesso\/#primaryimage"},"thumbnailUrl":"https:\/\/jornalfatosenoticias.com.br\/wp-content\/uploads\/2023\/04\/universalizacao-internet-escolas.jpg","datePublished":"2023-04-18T13:54:26+00:00","breadcrumb":{"@id":"https:\/\/jornalfatosenoticias.com.br\/index.php\/2023\/04\/18\/brasil-vive-urgencia-de-universalizar-internet-na-escola-com-foco-em-qualidade-de-acesso\/#breadcrumb"},"inLanguage":"pt-BR","potentialAction":[{"@type":"ReadAction","target":["https:\/\/jornalfatosenoticias.com.br\/index.php\/2023\/04\/18\/brasil-vive-urgencia-de-universalizar-internet-na-escola-com-foco-em-qualidade-de-acesso\/"]}]},{"@type":"ImageObject","inLanguage":"pt-BR","@id":"https:\/\/jornalfatosenoticias.com.br\/index.php\/2023\/04\/18\/brasil-vive-urgencia-de-universalizar-internet-na-escola-com-foco-em-qualidade-de-acesso\/#primaryimage","url":"https:\/\/jornalfatosenoticias.com.br\/wp-content\/uploads\/2023\/04\/universalizacao-internet-escolas.jpg","contentUrl":"https:\/\/jornalfatosenoticias.com.br\/wp-content\/uploads\/2023\/04\/universalizacao-internet-escolas.jpg","width":1000,"height":688},{"@type":"BreadcrumbList","@id":"https:\/\/jornalfatosenoticias.com.br\/index.php\/2023\/04\/18\/brasil-vive-urgencia-de-universalizar-internet-na-escola-com-foco-em-qualidade-de-acesso\/#breadcrumb","itemListElement":[{"@type":"ListItem","position":1,"name":"In\u00edcio","item":"https:\/\/jornalfatosenoticias.com.br\/"},{"@type":"ListItem","position":2,"name":"Brasil vive urg\u00eancia de universalizar internet na escola com foco em qualidade de acesso"}]},{"@type":"WebSite","@id":"https:\/\/jornalfatosenoticias.com.br\/#website","url":"https:\/\/jornalfatosenoticias.com.br\/","name":"Jornal Fatos e Not\u00edcias","description":"Not\u00edcias em geral","publisher":{"@id":"https:\/\/jornalfatosenoticias.com.br\/#organization"},"potentialAction":[{"@type":"SearchAction","target":{"@type":"EntryPoint","urlTemplate":"https:\/\/jornalfatosenoticias.com.br\/?s={search_term_string}"},"query-input":{"@type":"PropertyValueSpecification","valueRequired":true,"valueName":"search_term_string"}}],"inLanguage":"pt-BR"},{"@type":"Organization","@id":"https:\/\/jornalfatosenoticias.com.br\/#organization","name":"Jornal Fatos e Not\u00edcias","url":"https:\/\/jornalfatosenoticias.com.br\/","logo":{"@type":"ImageObject","inLanguage":"pt-BR","@id":"https:\/\/jornalfatosenoticias.com.br\/#\/schema\/logo\/image\/","url":"https:\/\/jornalfatosenoticias.com.br\/wp-content\/uploads\/2020\/02\/logo120.png","contentUrl":"https:\/\/jornalfatosenoticias.com.br\/wp-content\/uploads\/2020\/02\/logo120.png","width":1227,"height":120,"caption":"Jornal Fatos e Not\u00edcias"},"image":{"@id":"https:\/\/jornalfatosenoticias.com.br\/#\/schema\/logo\/image\/"}},{"@type":"Person","@id":"https:\/\/jornalfatosenoticias.com.br\/#\/schema\/person\/d63837fa13ac8666eb9e74e0985d6f81","name":"Luzimara Fernandes","image":{"@type":"ImageObject","inLanguage":"pt-BR","@id":"https:\/\/jornalfatosenoticias.com.br\/#\/schema\/person\/image\/","url":"https:\/\/jornalfatosenoticias.com.br\/wp-content\/uploads\/2025\/05\/EU_portal.jpg","contentUrl":"https:\/\/jornalfatosenoticias.com.br\/wp-content\/uploads\/2025\/05\/EU_portal.jpg","caption":"Luzimara Fernandes"},"description":"Jornalista MTB 2358-ES","sameAs":["https:\/\/jornalfatosenoticias.com.br"],"url":"https:\/\/jornalfatosenoticias.com.br\/index.php\/author\/luzimara\/"}]}},"cc_featured_image_caption":{"caption_text":"(Foto: Depositphotos) ","source_text":"","source_url":""},"jetpack_featured_media_url":"https:\/\/jornalfatosenoticias.com.br\/wp-content\/uploads\/2023\/04\/universalizacao-internet-escolas.jpg","_links":{"self":[{"href":"https:\/\/jornalfatosenoticias.com.br\/index.php\/wp-json\/wp\/v2\/posts\/40678","targetHints":{"allow":["GET"]}}],"collection":[{"href":"https:\/\/jornalfatosenoticias.com.br\/index.php\/wp-json\/wp\/v2\/posts"}],"about":[{"href":"https:\/\/jornalfatosenoticias.com.br\/index.php\/wp-json\/wp\/v2\/types\/post"}],"author":[{"embeddable":true,"href":"https:\/\/jornalfatosenoticias.com.br\/index.php\/wp-json\/wp\/v2\/users\/2"}],"replies":[{"embeddable":true,"href":"https:\/\/jornalfatosenoticias.com.br\/index.php\/wp-json\/wp\/v2\/comments?post=40678"}],"version-history":[{"count":0,"href":"https:\/\/jornalfatosenoticias.com.br\/index.php\/wp-json\/wp\/v2\/posts\/40678\/revisions"}],"wp:featuredmedia":[{"embeddable":true,"href":"https:\/\/jornalfatosenoticias.com.br\/index.php\/wp-json\/wp\/v2\/media\/40679"}],"wp:attachment":[{"href":"https:\/\/jornalfatosenoticias.com.br\/index.php\/wp-json\/wp\/v2\/media?parent=40678"}],"wp:term":[{"taxonomy":"category","embeddable":true,"href":"https:\/\/jornalfatosenoticias.com.br\/index.php\/wp-json\/wp\/v2\/categories?post=40678"},{"taxonomy":"post_tag","embeddable":true,"href":"https:\/\/jornalfatosenoticias.com.br\/index.php\/wp-json\/wp\/v2\/tags?post=40678"}],"curies":[{"name":"wp","href":"https:\/\/api.w.org\/{rel}","templated":true}]}}