{"id":40687,"date":"2023-04-18T11:29:56","date_gmt":"2023-04-18T14:29:56","guid":{"rendered":"https:\/\/jornalfatosenoticias.com.br\/?p=40687"},"modified":"2023-04-18T11:29:58","modified_gmt":"2023-04-18T14:29:58","slug":"qual-a-idade-da-terra","status":"publish","type":"post","link":"https:\/\/jornalfatosenoticias.com.br\/index.php\/2023\/04\/18\/qual-a-idade-da-terra\/","title":{"rendered":"Qual a idade da Terra?"},"content":{"rendered":"\n<p><em><span class=\"has-inline-color has-black-color\">Para definir a idade do planeta Terra os cientistas realizaram a data\u00e7\u00e3o<\/span><\/em><\/p>\n\n\n\n<p><em><span class=\"has-inline-color has-black-color\">Por:<strong> Mateus Dias<\/strong><\/span><\/em><\/p>\n\n\n\n<div class=\"wp-block-image\"><figure class=\"aligncenter size-large\"><img loading=\"lazy\" decoding=\"async\" width=\"729\" height=\"90\" src=\"https:\/\/jornalfatosenoticias.com.br\/wp-content\/uploads\/2020\/02\/Logo_Mizu.png\" alt=\"\" class=\"wp-image-1441\" srcset=\"https:\/\/jornalfatosenoticias.com.br\/wp-content\/uploads\/2020\/02\/Logo_Mizu.png 729w, https:\/\/jornalfatosenoticias.com.br\/wp-content\/uploads\/2020\/02\/Logo_Mizu-300x37.png 300w\" sizes=\"auto, (max-width: 729px) 100vw, 729px\" \/><\/figure><\/div>\n\n\n\n<p>A <a href=\"https:\/\/olhardigital.com.br\/2023\/03\/22\/ciencia-e-espaco\/colisao-com-planeta-pode-ter-gerado-placas-tectonicas-na-terra\/\">Terra<\/a>\u00a0tem aproximadamente 4,54 bilh\u00f5es de anos e quando surgiu era muito diferente do que \u00e9 hoje, durante esse per\u00edodo, ela teve formas diferentes de mares,<a href=\"https:\/\/olhardigital.com.br\/2022\/09\/20\/ciencia-e-espaco\/continentes-em-formacao-afundaram-antes-de-se-reerguerem-diz-estudo\/\">\u00a0continentes<\/a>, eras do gelo e surgimento da vida, mas como sabemos a idade do planeta?<br>Voc\u00ea provavelmente j\u00e1 ouviu falar da data\u00e7\u00e3o de carbono ou radiocarbono. Ela \u00e9 muito eficaz para estimar o qu\u00e3o velho pode ser alguma coisa, mas ela tem um limite de alguns milhares de anos e \u00e9 mais eficiente ao ser usada em materiais org\u00e2nicos. Para medir a idade da Terra, \u00e9 usado o mesmo m\u00e9todo de data\u00e7\u00e3o, mas com um elemento completamente diferente.<\/p>\n\n\n\n<div class=\"wp-block-image\"><figure class=\"aligncenter size-large is-resized\"><img loading=\"lazy\" decoding=\"async\" src=\"https:\/\/jornalfatosenoticias.com.br\/wp-content\/uploads\/2022\/02\/FERRARI_MAQUINAS-E-FERRAMENTAS2.jpg\" alt=\"\" class=\"wp-image-27860\" width=\"250\" height=\"208\"\/><\/figure><\/div>\n\n\n\n<p>Quando os minerais se formaram a partir da lava e do magma, provavelmente algum material radioativo se juntou a eles. Com o tempo, esses materiais liberaram energia e deca\u00edram, formando elementos mais est\u00e1veis e que continuam dentro da rocha formada muito tempo antes.<br>Um desses minerais \u00e9 o zirc\u00e3o, rico em Ur\u00e2nio-238, material radioativo que eventualmente se transforma em chumbo. A taxa de meia vida desse is\u00f3topo \u00e9 de 4 bilh\u00f5es de anos, ou seja, ap\u00f3s esse per\u00edodo de tempo, metade da amostra do material decaiu e formou o chumbo, o que o deixa perfeito para datar objetos ou planetas muito antigos, atrav\u00e9s da data\u00e7\u00e3o radiom\u00e9trica.<\/p>\n\n\n\n<div class=\"wp-block-image\"><figure class=\"aligncenter size-large is-resized\"><img loading=\"lazy\" decoding=\"async\" src=\"https:\/\/jornalfatosenoticias.com.br\/wp-content\/uploads\/2022\/07\/Logo-Grupo-SEI.jpg\" alt=\"\" class=\"wp-image-31973\" width=\"301\" height=\"158\" srcset=\"https:\/\/jornalfatosenoticias.com.br\/wp-content\/uploads\/2022\/07\/Logo-Grupo-SEI.jpg 713w, https:\/\/jornalfatosenoticias.com.br\/wp-content\/uploads\/2022\/07\/Logo-Grupo-SEI-300x158.jpg 300w\" sizes=\"auto, (max-width: 301px) 100vw, 301px\" \/><\/figure><\/div>\n\n\n\n<p>Usando esse m\u00e9todo foi estimado que a Terra tem 4,4 bilh\u00f5es de anos, ent\u00e3o da onde vem ou outros 140 milh\u00f5es de anos que os pesquisadores estimam como idade do nosso planeta? Ao longo dos anos, o movimento das placas tect\u00f4nicas em toda a crosta fez com que novas camadas de terra surgissem do magma, enquanto outras eram submergidas. Dessa forma, as rochas do in\u00edcio do planeta provavelmente j\u00e1 voltaram para o manto e assumiram novamente a forma de sua mat\u00e9ria-prima.<\/p>\n\n\n\n<div class=\"wp-block-image\"><figure class=\"aligncenter size-large is-resized\"><img loading=\"lazy\" decoding=\"async\" src=\"https:\/\/jornalfatosenoticias.com.br\/wp-content\/uploads\/2022\/10\/RC_800x750_page-0001.jpg\" alt=\"\" class=\"wp-image-35338\" width=\"252\" height=\"236\" srcset=\"https:\/\/jornalfatosenoticias.com.br\/wp-content\/uploads\/2022\/10\/RC_800x750_page-0001.jpg 400w, https:\/\/jornalfatosenoticias.com.br\/wp-content\/uploads\/2022\/10\/RC_800x750_page-0001-300x281.jpg 300w\" sizes=\"auto, (max-width: 252px) 100vw, 252px\" \/><\/figure><\/div>\n\n\n\n<p>Mas em outros lugares do Sistema Solar isso n\u00e3o aconteceu, e os pesquisadores estimam que tudo come\u00e7ou a se formar quase que ao mesmo tempo a partir do disco de acre\u00e7\u00e3o, uma nuvem de poeira e g\u00e1s em torno do Sol.<br>Nesses outros pontos, os cientistas encontraram meteoritos com 4,56 bilh\u00f5es de anos, al\u00e9m de rochas em Marte e na Lua que datam de 4,5 bilh\u00f5es de anos. Mas essa forma\u00e7\u00e3o de planetas n\u00e3o aconteceu da noite para o dia e sim ao longo de milh\u00f5es de anos, dessa forma, \u00e9 dif\u00edcil estipular o ano espec\u00edfico em que a Terra se formou, mas a era ou per\u00edodo n\u00e3o \u00e9 t\u00e3o dif\u00edcil assim.<\/p>\n\n\n\n<div class=\"wp-block-image\"><figure class=\"aligncenter size-large is-resized\"><img loading=\"lazy\" decoding=\"async\" src=\"https:\/\/jornalfatosenoticias.com.br\/wp-content\/uploads\/2020\/02\/logo-embacia.jpg\" alt=\"\" class=\"wp-image-33905\" width=\"230\" height=\"230\"\/><\/figure><\/div>\n\n\n\n<p><strong><em>Fonte: <a href=\"https:\/\/olhardigital.com.br\/2023\/04\/17\/ciencia-e-espaco\/qual-a-idade-da-terra\/\">Olhar Digital<\/a><\/em><\/strong><\/p>\n","protected":false},"excerpt":{"rendered":"<p>Para definir a idade do planeta Terra os cientistas realizaram a data\u00e7\u00e3o Por: Mateus Dias A Terra\u00a0tem aproximadamente 4,54 bilh\u00f5es de anos e quando surgiu era muito diferente do que \u00e9 hoje, durante esse per\u00edodo, ela teve formas diferentes de mares,\u00a0continentes, eras do gelo e surgimento da vida, mas como sabemos a idade do planeta?Voc\u00ea [&hellip;]<\/p>\n","protected":false},"author":2,"featured_media":40688,"comment_status":"open","ping_status":"open","sticky":false,"template":"","format":"standard","meta":{"footnotes":""},"categories":[2],"tags":[19064,1650,94,6315],"class_list":["post-40687","post","type-post","status-publish","format-standard","has-post-thumbnail","hentry","category-ciencia","tag-idade-da-terra","tag-planetas","tag-terra","tag-uranio"],"yoast_head":"<!-- This site is optimized with the Yoast SEO plugin v26.5 - https:\/\/yoast.com\/wordpress\/plugins\/seo\/ -->\n<title>Qual a idade da Terra? - Jornal Fatos e Not\u00edcias<\/title>\n<meta name=\"robots\" content=\"index, follow, max-snippet:-1, max-image-preview:large, max-video-preview:-1\" \/>\n<link rel=\"canonical\" href=\"https:\/\/jornalfatosenoticias.com.br\/index.php\/2023\/04\/18\/qual-a-idade-da-terra\/\" \/>\n<meta property=\"og:locale\" content=\"pt_BR\" \/>\n<meta property=\"og:type\" content=\"article\" \/>\n<meta property=\"og:title\" content=\"Qual a idade da Terra? - Jornal Fatos e Not\u00edcias\" \/>\n<meta property=\"og:description\" content=\"Para definir a idade do planeta Terra os cientistas realizaram a data\u00e7\u00e3o Por: Mateus Dias A Terra\u00a0tem aproximadamente 4,54 bilh\u00f5es de anos e quando surgiu era muito diferente do que \u00e9 hoje, durante esse per\u00edodo, ela teve formas diferentes de mares,\u00a0continentes, eras do gelo e surgimento da vida, mas como sabemos a idade do planeta?Voc\u00ea [&hellip;]\" \/>\n<meta property=\"og:url\" content=\"https:\/\/jornalfatosenoticias.com.br\/index.php\/2023\/04\/18\/qual-a-idade-da-terra\/\" \/>\n<meta property=\"og:site_name\" content=\"Jornal Fatos e Not\u00edcias\" \/>\n<meta property=\"article:published_time\" content=\"2023-04-18T14:29:56+00:00\" \/>\n<meta property=\"article:modified_time\" content=\"2023-04-18T14:29:58+00:00\" \/>\n<meta property=\"og:image\" content=\"https:\/\/jornalfatosenoticias.com.br\/wp-content\/uploads\/2023\/04\/terra.jpg\" \/>\n\t<meta property=\"og:image:width\" content=\"1000\" \/>\n\t<meta property=\"og:image:height\" content=\"720\" \/>\n\t<meta property=\"og:image:type\" content=\"image\/jpeg\" \/>\n<meta name=\"author\" content=\"Luzimara Fernandes\" \/>\n<meta name=\"twitter:card\" content=\"summary_large_image\" \/>\n<meta name=\"twitter:label1\" content=\"Escrito por\" \/>\n\t<meta name=\"twitter:data1\" content=\"Luzimara Fernandes\" \/>\n\t<meta name=\"twitter:label2\" content=\"Est. tempo de leitura\" \/>\n\t<meta name=\"twitter:data2\" content=\"2 minutos\" \/>\n<script type=\"application\/ld+json\" class=\"yoast-schema-graph\">{\"@context\":\"https:\/\/schema.org\",\"@graph\":[{\"@type\":\"Article\",\"@id\":\"https:\/\/jornalfatosenoticias.com.br\/index.php\/2023\/04\/18\/qual-a-idade-da-terra\/#article\",\"isPartOf\":{\"@id\":\"https:\/\/jornalfatosenoticias.com.br\/index.php\/2023\/04\/18\/qual-a-idade-da-terra\/\"},\"author\":{\"name\":\"Luzimara Fernandes\",\"@id\":\"https:\/\/jornalfatosenoticias.com.br\/#\/schema\/person\/d63837fa13ac8666eb9e74e0985d6f81\"},\"headline\":\"Qual a idade da Terra?\",\"datePublished\":\"2023-04-18T14:29:56+00:00\",\"dateModified\":\"2023-04-18T14:29:58+00:00\",\"mainEntityOfPage\":{\"@id\":\"https:\/\/jornalfatosenoticias.com.br\/index.php\/2023\/04\/18\/qual-a-idade-da-terra\/\"},\"wordCount\":455,\"commentCount\":0,\"publisher\":{\"@id\":\"https:\/\/jornalfatosenoticias.com.br\/#organization\"},\"image\":{\"@id\":\"https:\/\/jornalfatosenoticias.com.br\/index.php\/2023\/04\/18\/qual-a-idade-da-terra\/#primaryimage\"},\"thumbnailUrl\":\"https:\/\/jornalfatosenoticias.com.br\/wp-content\/uploads\/2023\/04\/terra.jpg\",\"keywords\":[\"idade da Terra\",\"planetas\",\"Terra\",\"ur\u00e2nio\"],\"articleSection\":[\"Ci\u00eancia\"],\"inLanguage\":\"pt-BR\",\"potentialAction\":[{\"@type\":\"CommentAction\",\"name\":\"Comment\",\"target\":[\"https:\/\/jornalfatosenoticias.com.br\/index.php\/2023\/04\/18\/qual-a-idade-da-terra\/#respond\"]}]},{\"@type\":\"WebPage\",\"@id\":\"https:\/\/jornalfatosenoticias.com.br\/index.php\/2023\/04\/18\/qual-a-idade-da-terra\/\",\"url\":\"https:\/\/jornalfatosenoticias.com.br\/index.php\/2023\/04\/18\/qual-a-idade-da-terra\/\",\"name\":\"Qual a idade da Terra? - Jornal Fatos e Not\u00edcias\",\"isPartOf\":{\"@id\":\"https:\/\/jornalfatosenoticias.com.br\/#website\"},\"primaryImageOfPage\":{\"@id\":\"https:\/\/jornalfatosenoticias.com.br\/index.php\/2023\/04\/18\/qual-a-idade-da-terra\/#primaryimage\"},\"image\":{\"@id\":\"https:\/\/jornalfatosenoticias.com.br\/index.php\/2023\/04\/18\/qual-a-idade-da-terra\/#primaryimage\"},\"thumbnailUrl\":\"https:\/\/jornalfatosenoticias.com.br\/wp-content\/uploads\/2023\/04\/terra.jpg\",\"datePublished\":\"2023-04-18T14:29:56+00:00\",\"dateModified\":\"2023-04-18T14:29:58+00:00\",\"breadcrumb\":{\"@id\":\"https:\/\/jornalfatosenoticias.com.br\/index.php\/2023\/04\/18\/qual-a-idade-da-terra\/#breadcrumb\"},\"inLanguage\":\"pt-BR\",\"potentialAction\":[{\"@type\":\"ReadAction\",\"target\":[\"https:\/\/jornalfatosenoticias.com.br\/index.php\/2023\/04\/18\/qual-a-idade-da-terra\/\"]}]},{\"@type\":\"ImageObject\",\"inLanguage\":\"pt-BR\",\"@id\":\"https:\/\/jornalfatosenoticias.com.br\/index.php\/2023\/04\/18\/qual-a-idade-da-terra\/#primaryimage\",\"url\":\"https:\/\/jornalfatosenoticias.com.br\/wp-content\/uploads\/2023\/04\/terra.jpg\",\"contentUrl\":\"https:\/\/jornalfatosenoticias.com.br\/wp-content\/uploads\/2023\/04\/terra.jpg\",\"width\":1000,\"height\":720},{\"@type\":\"BreadcrumbList\",\"@id\":\"https:\/\/jornalfatosenoticias.com.br\/index.php\/2023\/04\/18\/qual-a-idade-da-terra\/#breadcrumb\",\"itemListElement\":[{\"@type\":\"ListItem\",\"position\":1,\"name\":\"In\u00edcio\",\"item\":\"https:\/\/jornalfatosenoticias.com.br\/\"},{\"@type\":\"ListItem\",\"position\":2,\"name\":\"Qual a idade da Terra?\"}]},{\"@type\":\"WebSite\",\"@id\":\"https:\/\/jornalfatosenoticias.com.br\/#website\",\"url\":\"https:\/\/jornalfatosenoticias.com.br\/\",\"name\":\"Jornal Fatos e Not\u00edcias\",\"description\":\"Not\u00edcias em geral\",\"publisher\":{\"@id\":\"https:\/\/jornalfatosenoticias.com.br\/#organization\"},\"potentialAction\":[{\"@type\":\"SearchAction\",\"target\":{\"@type\":\"EntryPoint\",\"urlTemplate\":\"https:\/\/jornalfatosenoticias.com.br\/?s={search_term_string}\"},\"query-input\":{\"@type\":\"PropertyValueSpecification\",\"valueRequired\":true,\"valueName\":\"search_term_string\"}}],\"inLanguage\":\"pt-BR\"},{\"@type\":\"Organization\",\"@id\":\"https:\/\/jornalfatosenoticias.com.br\/#organization\",\"name\":\"Jornal Fatos e Not\u00edcias\",\"url\":\"https:\/\/jornalfatosenoticias.com.br\/\",\"logo\":{\"@type\":\"ImageObject\",\"inLanguage\":\"pt-BR\",\"@id\":\"https:\/\/jornalfatosenoticias.com.br\/#\/schema\/logo\/image\/\",\"url\":\"https:\/\/jornalfatosenoticias.com.br\/wp-content\/uploads\/2020\/02\/logo120.png\",\"contentUrl\":\"https:\/\/jornalfatosenoticias.com.br\/wp-content\/uploads\/2020\/02\/logo120.png\",\"width\":1227,\"height\":120,\"caption\":\"Jornal Fatos e Not\u00edcias\"},\"image\":{\"@id\":\"https:\/\/jornalfatosenoticias.com.br\/#\/schema\/logo\/image\/\"}},{\"@type\":\"Person\",\"@id\":\"https:\/\/jornalfatosenoticias.com.br\/#\/schema\/person\/d63837fa13ac8666eb9e74e0985d6f81\",\"name\":\"Luzimara Fernandes\",\"image\":{\"@type\":\"ImageObject\",\"inLanguage\":\"pt-BR\",\"@id\":\"https:\/\/jornalfatosenoticias.com.br\/#\/schema\/person\/image\/\",\"url\":\"https:\/\/jornalfatosenoticias.com.br\/wp-content\/uploads\/2025\/05\/EU_portal.jpg\",\"contentUrl\":\"https:\/\/jornalfatosenoticias.com.br\/wp-content\/uploads\/2025\/05\/EU_portal.jpg\",\"caption\":\"Luzimara Fernandes\"},\"description\":\"Jornalista MTB 2358-ES\",\"sameAs\":[\"https:\/\/jornalfatosenoticias.com.br\"],\"url\":\"https:\/\/jornalfatosenoticias.com.br\/index.php\/author\/luzimara\/\"}]}<\/script>\n<!-- \/ Yoast SEO plugin. -->","yoast_head_json":{"title":"Qual a idade da Terra? - Jornal Fatos e Not\u00edcias","robots":{"index":"index","follow":"follow","max-snippet":"max-snippet:-1","max-image-preview":"max-image-preview:large","max-video-preview":"max-video-preview:-1"},"canonical":"https:\/\/jornalfatosenoticias.com.br\/index.php\/2023\/04\/18\/qual-a-idade-da-terra\/","og_locale":"pt_BR","og_type":"article","og_title":"Qual a idade da Terra? - Jornal Fatos e Not\u00edcias","og_description":"Para definir a idade do planeta Terra os cientistas realizaram a data\u00e7\u00e3o Por: Mateus Dias A Terra\u00a0tem aproximadamente 4,54 bilh\u00f5es de anos e quando surgiu era muito diferente do que \u00e9 hoje, durante esse per\u00edodo, ela teve formas diferentes de mares,\u00a0continentes, eras do gelo e surgimento da vida, mas como sabemos a idade do planeta?Voc\u00ea [&hellip;]","og_url":"https:\/\/jornalfatosenoticias.com.br\/index.php\/2023\/04\/18\/qual-a-idade-da-terra\/","og_site_name":"Jornal Fatos e Not\u00edcias","article_published_time":"2023-04-18T14:29:56+00:00","article_modified_time":"2023-04-18T14:29:58+00:00","og_image":[{"width":1000,"height":720,"url":"https:\/\/jornalfatosenoticias.com.br\/wp-content\/uploads\/2023\/04\/terra.jpg","type":"image\/jpeg"}],"author":"Luzimara Fernandes","twitter_card":"summary_large_image","twitter_misc":{"Escrito por":"Luzimara Fernandes","Est. tempo de leitura":"2 minutos"},"schema":{"@context":"https:\/\/schema.org","@graph":[{"@type":"Article","@id":"https:\/\/jornalfatosenoticias.com.br\/index.php\/2023\/04\/18\/qual-a-idade-da-terra\/#article","isPartOf":{"@id":"https:\/\/jornalfatosenoticias.com.br\/index.php\/2023\/04\/18\/qual-a-idade-da-terra\/"},"author":{"name":"Luzimara Fernandes","@id":"https:\/\/jornalfatosenoticias.com.br\/#\/schema\/person\/d63837fa13ac8666eb9e74e0985d6f81"},"headline":"Qual a idade da Terra?","datePublished":"2023-04-18T14:29:56+00:00","dateModified":"2023-04-18T14:29:58+00:00","mainEntityOfPage":{"@id":"https:\/\/jornalfatosenoticias.com.br\/index.php\/2023\/04\/18\/qual-a-idade-da-terra\/"},"wordCount":455,"commentCount":0,"publisher":{"@id":"https:\/\/jornalfatosenoticias.com.br\/#organization"},"image":{"@id":"https:\/\/jornalfatosenoticias.com.br\/index.php\/2023\/04\/18\/qual-a-idade-da-terra\/#primaryimage"},"thumbnailUrl":"https:\/\/jornalfatosenoticias.com.br\/wp-content\/uploads\/2023\/04\/terra.jpg","keywords":["idade da Terra","planetas","Terra","ur\u00e2nio"],"articleSection":["Ci\u00eancia"],"inLanguage":"pt-BR","potentialAction":[{"@type":"CommentAction","name":"Comment","target":["https:\/\/jornalfatosenoticias.com.br\/index.php\/2023\/04\/18\/qual-a-idade-da-terra\/#respond"]}]},{"@type":"WebPage","@id":"https:\/\/jornalfatosenoticias.com.br\/index.php\/2023\/04\/18\/qual-a-idade-da-terra\/","url":"https:\/\/jornalfatosenoticias.com.br\/index.php\/2023\/04\/18\/qual-a-idade-da-terra\/","name":"Qual a idade da Terra? - Jornal Fatos e Not\u00edcias","isPartOf":{"@id":"https:\/\/jornalfatosenoticias.com.br\/#website"},"primaryImageOfPage":{"@id":"https:\/\/jornalfatosenoticias.com.br\/index.php\/2023\/04\/18\/qual-a-idade-da-terra\/#primaryimage"},"image":{"@id":"https:\/\/jornalfatosenoticias.com.br\/index.php\/2023\/04\/18\/qual-a-idade-da-terra\/#primaryimage"},"thumbnailUrl":"https:\/\/jornalfatosenoticias.com.br\/wp-content\/uploads\/2023\/04\/terra.jpg","datePublished":"2023-04-18T14:29:56+00:00","dateModified":"2023-04-18T14:29:58+00:00","breadcrumb":{"@id":"https:\/\/jornalfatosenoticias.com.br\/index.php\/2023\/04\/18\/qual-a-idade-da-terra\/#breadcrumb"},"inLanguage":"pt-BR","potentialAction":[{"@type":"ReadAction","target":["https:\/\/jornalfatosenoticias.com.br\/index.php\/2023\/04\/18\/qual-a-idade-da-terra\/"]}]},{"@type":"ImageObject","inLanguage":"pt-BR","@id":"https:\/\/jornalfatosenoticias.com.br\/index.php\/2023\/04\/18\/qual-a-idade-da-terra\/#primaryimage","url":"https:\/\/jornalfatosenoticias.com.br\/wp-content\/uploads\/2023\/04\/terra.jpg","contentUrl":"https:\/\/jornalfatosenoticias.com.br\/wp-content\/uploads\/2023\/04\/terra.jpg","width":1000,"height":720},{"@type":"BreadcrumbList","@id":"https:\/\/jornalfatosenoticias.com.br\/index.php\/2023\/04\/18\/qual-a-idade-da-terra\/#breadcrumb","itemListElement":[{"@type":"ListItem","position":1,"name":"In\u00edcio","item":"https:\/\/jornalfatosenoticias.com.br\/"},{"@type":"ListItem","position":2,"name":"Qual a idade da Terra?"}]},{"@type":"WebSite","@id":"https:\/\/jornalfatosenoticias.com.br\/#website","url":"https:\/\/jornalfatosenoticias.com.br\/","name":"Jornal Fatos e Not\u00edcias","description":"Not\u00edcias em geral","publisher":{"@id":"https:\/\/jornalfatosenoticias.com.br\/#organization"},"potentialAction":[{"@type":"SearchAction","target":{"@type":"EntryPoint","urlTemplate":"https:\/\/jornalfatosenoticias.com.br\/?s={search_term_string}"},"query-input":{"@type":"PropertyValueSpecification","valueRequired":true,"valueName":"search_term_string"}}],"inLanguage":"pt-BR"},{"@type":"Organization","@id":"https:\/\/jornalfatosenoticias.com.br\/#organization","name":"Jornal Fatos e Not\u00edcias","url":"https:\/\/jornalfatosenoticias.com.br\/","logo":{"@type":"ImageObject","inLanguage":"pt-BR","@id":"https:\/\/jornalfatosenoticias.com.br\/#\/schema\/logo\/image\/","url":"https:\/\/jornalfatosenoticias.com.br\/wp-content\/uploads\/2020\/02\/logo120.png","contentUrl":"https:\/\/jornalfatosenoticias.com.br\/wp-content\/uploads\/2020\/02\/logo120.png","width":1227,"height":120,"caption":"Jornal Fatos e Not\u00edcias"},"image":{"@id":"https:\/\/jornalfatosenoticias.com.br\/#\/schema\/logo\/image\/"}},{"@type":"Person","@id":"https:\/\/jornalfatosenoticias.com.br\/#\/schema\/person\/d63837fa13ac8666eb9e74e0985d6f81","name":"Luzimara Fernandes","image":{"@type":"ImageObject","inLanguage":"pt-BR","@id":"https:\/\/jornalfatosenoticias.com.br\/#\/schema\/person\/image\/","url":"https:\/\/jornalfatosenoticias.com.br\/wp-content\/uploads\/2025\/05\/EU_portal.jpg","contentUrl":"https:\/\/jornalfatosenoticias.com.br\/wp-content\/uploads\/2025\/05\/EU_portal.jpg","caption":"Luzimara Fernandes"},"description":"Jornalista MTB 2358-ES","sameAs":["https:\/\/jornalfatosenoticias.com.br"],"url":"https:\/\/jornalfatosenoticias.com.br\/index.php\/author\/luzimara\/"}]}},"cc_featured_image_caption":{"caption_text":"(Foto: Nasa) ","source_text":"","source_url":""},"jetpack_featured_media_url":"https:\/\/jornalfatosenoticias.com.br\/wp-content\/uploads\/2023\/04\/terra.jpg","_links":{"self":[{"href":"https:\/\/jornalfatosenoticias.com.br\/index.php\/wp-json\/wp\/v2\/posts\/40687","targetHints":{"allow":["GET"]}}],"collection":[{"href":"https:\/\/jornalfatosenoticias.com.br\/index.php\/wp-json\/wp\/v2\/posts"}],"about":[{"href":"https:\/\/jornalfatosenoticias.com.br\/index.php\/wp-json\/wp\/v2\/types\/post"}],"author":[{"embeddable":true,"href":"https:\/\/jornalfatosenoticias.com.br\/index.php\/wp-json\/wp\/v2\/users\/2"}],"replies":[{"embeddable":true,"href":"https:\/\/jornalfatosenoticias.com.br\/index.php\/wp-json\/wp\/v2\/comments?post=40687"}],"version-history":[{"count":0,"href":"https:\/\/jornalfatosenoticias.com.br\/index.php\/wp-json\/wp\/v2\/posts\/40687\/revisions"}],"wp:featuredmedia":[{"embeddable":true,"href":"https:\/\/jornalfatosenoticias.com.br\/index.php\/wp-json\/wp\/v2\/media\/40688"}],"wp:attachment":[{"href":"https:\/\/jornalfatosenoticias.com.br\/index.php\/wp-json\/wp\/v2\/media?parent=40687"}],"wp:term":[{"taxonomy":"category","embeddable":true,"href":"https:\/\/jornalfatosenoticias.com.br\/index.php\/wp-json\/wp\/v2\/categories?post=40687"},{"taxonomy":"post_tag","embeddable":true,"href":"https:\/\/jornalfatosenoticias.com.br\/index.php\/wp-json\/wp\/v2\/tags?post=40687"}],"curies":[{"name":"wp","href":"https:\/\/api.w.org\/{rel}","templated":true}]}}