{"id":40690,"date":"2023-04-18T11:53:38","date_gmt":"2023-04-18T14:53:38","guid":{"rendered":"https:\/\/jornalfatosenoticias.com.br\/?p=40690"},"modified":"2023-04-18T11:53:40","modified_gmt":"2023-04-18T14:53:40","slug":"unico-tamandua-albino-conhecido-no-planeta-vive-no-brasil","status":"publish","type":"post","link":"https:\/\/jornalfatosenoticias.com.br\/index.php\/2023\/04\/18\/unico-tamandua-albino-conhecido-no-planeta-vive-no-brasil\/","title":{"rendered":"\u00danico tamandu\u00e1 albino conhecido no planeta vive no Brasil"},"content":{"rendered":"\n<p><em><span class=\"has-inline-color has-black-color\">Alvin recebeu um colar de monitoramento via GPS colocado por pesquisadores do ICAS<\/span><\/em><\/p>\n\n\n\n<div class=\"wp-block-image\"><figure class=\"aligncenter size-large is-resized\"><img loading=\"lazy\" decoding=\"async\" src=\"https:\/\/jornalfatosenoticias.com.br\/wp-content\/uploads\/2023\/03\/logo-Panper_portal.jpg\" alt=\"\" class=\"wp-image-40208\" width=\"249\" height=\"173\" srcset=\"https:\/\/jornalfatosenoticias.com.br\/wp-content\/uploads\/2023\/03\/logo-Panper_portal.jpg 400w, https:\/\/jornalfatosenoticias.com.br\/wp-content\/uploads\/2023\/03\/logo-Panper_portal-300x208.jpg 300w\" sizes=\"auto, (max-width: 249px) 100vw, 249px\" \/><\/figure><\/div>\n\n\n\n<p>Ele tem a pelagem clara e os olhos avermelhados. Foi encontrado recentemente no Mato Grosso do Sul. O tamandu\u00e1-bandeira albino \u00e9 o \u00fanico da esp\u00e9cie conhecido em todo o planeta, e vive aqui, no Cerrado brasileiro. J\u00e1 foi carinhosamente batizado de Alvin (Alvinho).<br>A descoberta foi feita em agosto de 2022. Funcion\u00e1rios de uma fazenda na regi\u00e3o de Tr\u00eas Lagoas, a 330 Km da capital Campo Grande, avistaram o filhote, de oito meses, sendo carregado nas costas da m\u00e3e. O que chamou a aten\u00e7\u00e3o \u00e9 que a m\u00e3e tinha a pelagem normal, acinzentada, que ajuda a camuflar o bicho na vegeta\u00e7\u00e3o do cerrado. Os pesquisadores do Instituto de Conserva\u00e7\u00e3o de Animais Silvestres (ICAS) iniciaram uma pesquisa sobre a adapta\u00e7\u00e3o do tamandu\u00e1-bandeira albino no Cerrado. O mam\u00edfero recebeu um colar de monitoramento via GPS colocado por pesquisadores do ICAS.<\/p>\n\n\n\n<div class=\"wp-block-image\"><figure class=\"aligncenter size-large is-resized\"><img loading=\"lazy\" decoding=\"async\" src=\"https:\/\/jornalfatosenoticias.com.br\/wp-content\/uploads\/2020\/02\/casa-do-torresmo_portal.jpg\" alt=\"\" class=\"wp-image-34472\" width=\"254\" height=\"254\" srcset=\"https:\/\/jornalfatosenoticias.com.br\/wp-content\/uploads\/2020\/02\/casa-do-torresmo_portal.jpg 300w, https:\/\/jornalfatosenoticias.com.br\/wp-content\/uploads\/2020\/02\/casa-do-torresmo_portal-150x150.jpg 150w\" sizes=\"auto, (max-width: 254px) 100vw, 254px\" \/><\/figure><\/div>\n\n\n\n<p>N\u00e3o h\u00e1 not\u00edcias de que existam outros tamandu\u00e1s albinos como Alvin. O albinismo \u00e9 uma altera\u00e7\u00e3o gen\u00e9tica na produ\u00e7\u00e3o de melanina, gerando animais com pelagens claras ou aloiradas. Em agosto de 2021, um ano antes de Alvin aparecer, os cientistas encontraram outro tamandu\u00e1-bandeira albino, na mesma fazenda, por\u00e9m o animal estava morto. Foram coletados materiais gen\u00e9ticos para estudos.<\/p>\n\n\n\n<div class=\"wp-block-image\"><figure class=\"aligncenter size-large\"><img decoding=\"async\" src=\"https:\/\/jornalfatosenoticias.com.br\/wp-content\/uploads\/2020\/02\/Serra-Grande-1024x160.png\" alt=\"\" class=\"wp-image-7836\"\/><\/figure><\/div>\n\n\n\n<p>A suspeita \u00e9 de que os dois sejam irm\u00e3os. Um caso raro, j\u00e1 que para nascer um albino seria necess\u00e1ria a combina\u00e7\u00e3o gen\u00e9tica do mesmo pai e mesma m\u00e3e, o que \u00e9 dif\u00edcil numa esp\u00e9cie que n\u00e3o \u00e9 monog\u00e2mica. A explica\u00e7\u00e3o pode estar no desmatamento do cerrado.<\/p>\n\n\n\n<figure class=\"wp-block-embed-youtube aligncenter wp-block-embed is-type-video is-provider-youtube wp-embed-aspect-16-9 wp-has-aspect-ratio\"><div class=\"wp-block-embed__wrapper\">\n<iframe loading=\"lazy\" title=\"Alvinho, o rar\u00edssimo tamandu\u00e1\u2013bandeira albino\" width=\"660\" height=\"371\" src=\"https:\/\/www.youtube.com\/embed\/tphkklQr5Y8?feature=oembed\" frameborder=\"0\" allow=\"accelerometer; autoplay; clipboard-write; encrypted-media; gyroscope; picture-in-picture; web-share\" referrerpolicy=\"strict-origin-when-cross-origin\" allowfullscreen><\/iframe>\n<\/div><\/figure>\n\n\n\n<div class=\"wp-block-image\"><figure class=\"aligncenter size-large\"><img decoding=\"async\" src=\"https:\/\/jornalfatosenoticias.com.br\/wp-content\/uploads\/2020\/02\/logo_esteio.jpg\" alt=\"\" class=\"wp-image-1214\"\/><\/figure><\/div>\n\n\n\n<p><strong><span class=\"has-inline-color has-vivid-green-cyan-color\">Extin\u00e7\u00e3o da esp\u00e9cie<br><\/span><\/strong>O tamandu\u00e1-bandeira est\u00e1 em risco de extin\u00e7\u00e3o por causa da ca\u00e7a e do desmatamento. Dados do International Union For Nature Conservation (IUCN), apontam que a esp\u00e9cie j\u00e1 perdeu 30% da popula\u00e7\u00e3o entre 2003 e 2013.<br>O mam\u00edfero, considerado um dos s\u00edmbolos da fauna do bioma, est\u00e1 presente em todo Cerrado brasileiro e tamb\u00e9m em algumas \u00e1reas da Am\u00e9rica do Sul. Mas tem perdido o habitat natural, principalmente pela destrui\u00e7\u00e3o para dar lugar a agropecu\u00e1ria.<\/p>\n\n\n\n<div class=\"wp-block-image\"><figure class=\"aligncenter size-large is-resized\"><img loading=\"lazy\" decoding=\"async\" src=\"https:\/\/jornalfatosenoticias.com.br\/wp-content\/uploads\/2022\/10\/Arte-jornal-Zucchi-600x600_Prancheta-1-1024x1024.jpg\" alt=\"\" class=\"wp-image-34782\" width=\"267\" height=\"267\" srcset=\"https:\/\/jornalfatosenoticias.com.br\/wp-content\/uploads\/2022\/10\/Arte-jornal-Zucchi-600x600_Prancheta-1-1024x1024.jpg 1024w, https:\/\/jornalfatosenoticias.com.br\/wp-content\/uploads\/2022\/10\/Arte-jornal-Zucchi-600x600_Prancheta-1-300x300.jpg 300w, https:\/\/jornalfatosenoticias.com.br\/wp-content\/uploads\/2022\/10\/Arte-jornal-Zucchi-600x600_Prancheta-1-150x150.jpg 150w, https:\/\/jornalfatosenoticias.com.br\/wp-content\/uploads\/2022\/10\/Arte-jornal-Zucchi-600x600_Prancheta-1-768x768.jpg 768w, https:\/\/jornalfatosenoticias.com.br\/wp-content\/uploads\/2022\/10\/Arte-jornal-Zucchi-600x600_Prancheta-1.jpg 1250w\" sizes=\"auto, (max-width: 267px) 100vw, 267px\" \/><\/figure><\/div>\n\n\n\n<p>Em 2016, um estudo cient\u00edfico apontou que no Mato Grosso do Sul existiam apenas 16% da vegeta\u00e7\u00e3o original do Cerrado. De acordo com o MapsBiomas, plataforma que monitora o uso do solo no Pa\u00eds, 45,4% do Cerrado brasileiro j\u00e1 foi destru\u00eddo para dar lugar a agropecu\u00e1ria, principalmente o cultivo de milho e soja.<\/p>\n\n\n\n<p><strong><em>Fonte: <a href=\"https:\/\/espacoecologico.com.br\/unico-tamandua-albino-conhecido-no-planeta-vive-no-brasil-conheca\/\">Espa\u00e7o Ecol\u00f3gico<\/a><\/em><\/strong><\/p>\n","protected":false},"excerpt":{"rendered":"<p>Alvin recebeu um colar de monitoramento via GPS colocado por pesquisadores do ICAS Ele tem a pelagem clara e os olhos avermelhados. Foi encontrado recentemente no Mato Grosso do Sul. O tamandu\u00e1-bandeira albino \u00e9 o \u00fanico da esp\u00e9cie conhecido em todo o planeta, e vive aqui, no Cerrado brasileiro. J\u00e1 foi carinhosamente batizado de Alvin [&hellip;]<\/p>\n","protected":false},"author":2,"featured_media":40691,"comment_status":"open","ping_status":"open","sticky":false,"template":"","format":"standard","meta":{"footnotes":""},"categories":[8],"tags":[19065,19067,163,19066,944,1380,3184,19068],"class_list":["post-40690","post","type-post","status-publish","format-standard","has-post-thumbnail","hentry","category-meio-ambiente","tag-alvinho","tag-colete","tag-gps","tag-icas","tag-monitoramento","tag-pesquisadores","tag-raro","tag-tamandua-bandeira-albino"],"yoast_head":"<!-- This site is optimized with the Yoast SEO plugin v26.5 - https:\/\/yoast.com\/wordpress\/plugins\/seo\/ -->\n<title>\u00danico tamandu\u00e1 albino conhecido no planeta vive no Brasil - Jornal Fatos e Not\u00edcias<\/title>\n<meta name=\"robots\" content=\"index, follow, max-snippet:-1, max-image-preview:large, max-video-preview:-1\" \/>\n<link rel=\"canonical\" href=\"https:\/\/jornalfatosenoticias.com.br\/index.php\/2023\/04\/18\/unico-tamandua-albino-conhecido-no-planeta-vive-no-brasil\/\" \/>\n<meta property=\"og:locale\" content=\"pt_BR\" \/>\n<meta property=\"og:type\" content=\"article\" \/>\n<meta property=\"og:title\" content=\"\u00danico tamandu\u00e1 albino conhecido no planeta vive no Brasil - Jornal Fatos e Not\u00edcias\" \/>\n<meta property=\"og:description\" content=\"Alvin recebeu um colar de monitoramento via GPS colocado por pesquisadores do ICAS Ele tem a pelagem clara e os olhos avermelhados. Foi encontrado recentemente no Mato Grosso do Sul. O tamandu\u00e1-bandeira albino \u00e9 o \u00fanico da esp\u00e9cie conhecido em todo o planeta, e vive aqui, no Cerrado brasileiro. J\u00e1 foi carinhosamente batizado de Alvin [&hellip;]\" \/>\n<meta property=\"og:url\" content=\"https:\/\/jornalfatosenoticias.com.br\/index.php\/2023\/04\/18\/unico-tamandua-albino-conhecido-no-planeta-vive-no-brasil\/\" \/>\n<meta property=\"og:site_name\" content=\"Jornal Fatos e Not\u00edcias\" \/>\n<meta property=\"article:published_time\" content=\"2023-04-18T14:53:38+00:00\" \/>\n<meta property=\"article:modified_time\" content=\"2023-04-18T14:53:40+00:00\" \/>\n<meta property=\"og:image\" content=\"https:\/\/jornalfatosenoticias.com.br\/wp-content\/uploads\/2023\/04\/tamandua_albino.png\" \/>\n\t<meta property=\"og:image:width\" content=\"1000\" \/>\n\t<meta property=\"og:image:height\" content=\"651\" \/>\n\t<meta property=\"og:image:type\" content=\"image\/png\" \/>\n<meta name=\"author\" content=\"Luzimara Fernandes\" \/>\n<meta name=\"twitter:card\" content=\"summary_large_image\" \/>\n<meta name=\"twitter:label1\" content=\"Escrito por\" \/>\n\t<meta name=\"twitter:data1\" content=\"Luzimara Fernandes\" \/>\n\t<meta name=\"twitter:label2\" content=\"Est. tempo de leitura\" \/>\n\t<meta name=\"twitter:data2\" content=\"2 minutos\" \/>\n<script type=\"application\/ld+json\" class=\"yoast-schema-graph\">{\"@context\":\"https:\/\/schema.org\",\"@graph\":[{\"@type\":\"Article\",\"@id\":\"https:\/\/jornalfatosenoticias.com.br\/index.php\/2023\/04\/18\/unico-tamandua-albino-conhecido-no-planeta-vive-no-brasil\/#article\",\"isPartOf\":{\"@id\":\"https:\/\/jornalfatosenoticias.com.br\/index.php\/2023\/04\/18\/unico-tamandua-albino-conhecido-no-planeta-vive-no-brasil\/\"},\"author\":{\"name\":\"Luzimara Fernandes\",\"@id\":\"https:\/\/jornalfatosenoticias.com.br\/#\/schema\/person\/d63837fa13ac8666eb9e74e0985d6f81\"},\"headline\":\"\u00danico tamandu\u00e1 albino conhecido no planeta vive no Brasil\",\"datePublished\":\"2023-04-18T14:53:38+00:00\",\"dateModified\":\"2023-04-18T14:53:40+00:00\",\"mainEntityOfPage\":{\"@id\":\"https:\/\/jornalfatosenoticias.com.br\/index.php\/2023\/04\/18\/unico-tamandua-albino-conhecido-no-planeta-vive-no-brasil\/\"},\"wordCount\":443,\"commentCount\":0,\"publisher\":{\"@id\":\"https:\/\/jornalfatosenoticias.com.br\/#organization\"},\"image\":{\"@id\":\"https:\/\/jornalfatosenoticias.com.br\/index.php\/2023\/04\/18\/unico-tamandua-albino-conhecido-no-planeta-vive-no-brasil\/#primaryimage\"},\"thumbnailUrl\":\"https:\/\/jornalfatosenoticias.com.br\/wp-content\/uploads\/2023\/04\/tamandua_albino.png\",\"keywords\":[\"Alvinho\",\"colete\",\"GPS\",\"ICAS\",\"monitoramento\",\"pesquisadores\",\"raro\",\"tamandu\u00e1-bandeira albino\"],\"articleSection\":[\"Meio ambiente\"],\"inLanguage\":\"pt-BR\",\"potentialAction\":[{\"@type\":\"CommentAction\",\"name\":\"Comment\",\"target\":[\"https:\/\/jornalfatosenoticias.com.br\/index.php\/2023\/04\/18\/unico-tamandua-albino-conhecido-no-planeta-vive-no-brasil\/#respond\"]}]},{\"@type\":\"WebPage\",\"@id\":\"https:\/\/jornalfatosenoticias.com.br\/index.php\/2023\/04\/18\/unico-tamandua-albino-conhecido-no-planeta-vive-no-brasil\/\",\"url\":\"https:\/\/jornalfatosenoticias.com.br\/index.php\/2023\/04\/18\/unico-tamandua-albino-conhecido-no-planeta-vive-no-brasil\/\",\"name\":\"\u00danico tamandu\u00e1 albino conhecido no planeta vive no Brasil - Jornal Fatos e Not\u00edcias\",\"isPartOf\":{\"@id\":\"https:\/\/jornalfatosenoticias.com.br\/#website\"},\"primaryImageOfPage\":{\"@id\":\"https:\/\/jornalfatosenoticias.com.br\/index.php\/2023\/04\/18\/unico-tamandua-albino-conhecido-no-planeta-vive-no-brasil\/#primaryimage\"},\"image\":{\"@id\":\"https:\/\/jornalfatosenoticias.com.br\/index.php\/2023\/04\/18\/unico-tamandua-albino-conhecido-no-planeta-vive-no-brasil\/#primaryimage\"},\"thumbnailUrl\":\"https:\/\/jornalfatosenoticias.com.br\/wp-content\/uploads\/2023\/04\/tamandua_albino.png\",\"datePublished\":\"2023-04-18T14:53:38+00:00\",\"dateModified\":\"2023-04-18T14:53:40+00:00\",\"breadcrumb\":{\"@id\":\"https:\/\/jornalfatosenoticias.com.br\/index.php\/2023\/04\/18\/unico-tamandua-albino-conhecido-no-planeta-vive-no-brasil\/#breadcrumb\"},\"inLanguage\":\"pt-BR\",\"potentialAction\":[{\"@type\":\"ReadAction\",\"target\":[\"https:\/\/jornalfatosenoticias.com.br\/index.php\/2023\/04\/18\/unico-tamandua-albino-conhecido-no-planeta-vive-no-brasil\/\"]}]},{\"@type\":\"ImageObject\",\"inLanguage\":\"pt-BR\",\"@id\":\"https:\/\/jornalfatosenoticias.com.br\/index.php\/2023\/04\/18\/unico-tamandua-albino-conhecido-no-planeta-vive-no-brasil\/#primaryimage\",\"url\":\"https:\/\/jornalfatosenoticias.com.br\/wp-content\/uploads\/2023\/04\/tamandua_albino.png\",\"contentUrl\":\"https:\/\/jornalfatosenoticias.com.br\/wp-content\/uploads\/2023\/04\/tamandua_albino.png\",\"width\":1000,\"height\":651},{\"@type\":\"BreadcrumbList\",\"@id\":\"https:\/\/jornalfatosenoticias.com.br\/index.php\/2023\/04\/18\/unico-tamandua-albino-conhecido-no-planeta-vive-no-brasil\/#breadcrumb\",\"itemListElement\":[{\"@type\":\"ListItem\",\"position\":1,\"name\":\"In\u00edcio\",\"item\":\"https:\/\/jornalfatosenoticias.com.br\/\"},{\"@type\":\"ListItem\",\"position\":2,\"name\":\"\u00danico tamandu\u00e1 albino conhecido no planeta vive no Brasil\"}]},{\"@type\":\"WebSite\",\"@id\":\"https:\/\/jornalfatosenoticias.com.br\/#website\",\"url\":\"https:\/\/jornalfatosenoticias.com.br\/\",\"name\":\"Jornal Fatos e Not\u00edcias\",\"description\":\"Not\u00edcias em geral\",\"publisher\":{\"@id\":\"https:\/\/jornalfatosenoticias.com.br\/#organization\"},\"potentialAction\":[{\"@type\":\"SearchAction\",\"target\":{\"@type\":\"EntryPoint\",\"urlTemplate\":\"https:\/\/jornalfatosenoticias.com.br\/?s={search_term_string}\"},\"query-input\":{\"@type\":\"PropertyValueSpecification\",\"valueRequired\":true,\"valueName\":\"search_term_string\"}}],\"inLanguage\":\"pt-BR\"},{\"@type\":\"Organization\",\"@id\":\"https:\/\/jornalfatosenoticias.com.br\/#organization\",\"name\":\"Jornal Fatos e Not\u00edcias\",\"url\":\"https:\/\/jornalfatosenoticias.com.br\/\",\"logo\":{\"@type\":\"ImageObject\",\"inLanguage\":\"pt-BR\",\"@id\":\"https:\/\/jornalfatosenoticias.com.br\/#\/schema\/logo\/image\/\",\"url\":\"https:\/\/jornalfatosenoticias.com.br\/wp-content\/uploads\/2020\/02\/logo120.png\",\"contentUrl\":\"https:\/\/jornalfatosenoticias.com.br\/wp-content\/uploads\/2020\/02\/logo120.png\",\"width\":1227,\"height\":120,\"caption\":\"Jornal Fatos e Not\u00edcias\"},\"image\":{\"@id\":\"https:\/\/jornalfatosenoticias.com.br\/#\/schema\/logo\/image\/\"}},{\"@type\":\"Person\",\"@id\":\"https:\/\/jornalfatosenoticias.com.br\/#\/schema\/person\/d63837fa13ac8666eb9e74e0985d6f81\",\"name\":\"Luzimara Fernandes\",\"image\":{\"@type\":\"ImageObject\",\"inLanguage\":\"pt-BR\",\"@id\":\"https:\/\/jornalfatosenoticias.com.br\/#\/schema\/person\/image\/\",\"url\":\"https:\/\/jornalfatosenoticias.com.br\/wp-content\/uploads\/2025\/05\/EU_portal.jpg\",\"contentUrl\":\"https:\/\/jornalfatosenoticias.com.br\/wp-content\/uploads\/2025\/05\/EU_portal.jpg\",\"caption\":\"Luzimara Fernandes\"},\"description\":\"Jornalista MTB 2358-ES\",\"sameAs\":[\"https:\/\/jornalfatosenoticias.com.br\"],\"url\":\"https:\/\/jornalfatosenoticias.com.br\/index.php\/author\/luzimara\/\"}]}<\/script>\n<!-- \/ Yoast SEO plugin. -->","yoast_head_json":{"title":"\u00danico tamandu\u00e1 albino conhecido no planeta vive no Brasil - Jornal Fatos e Not\u00edcias","robots":{"index":"index","follow":"follow","max-snippet":"max-snippet:-1","max-image-preview":"max-image-preview:large","max-video-preview":"max-video-preview:-1"},"canonical":"https:\/\/jornalfatosenoticias.com.br\/index.php\/2023\/04\/18\/unico-tamandua-albino-conhecido-no-planeta-vive-no-brasil\/","og_locale":"pt_BR","og_type":"article","og_title":"\u00danico tamandu\u00e1 albino conhecido no planeta vive no Brasil - Jornal Fatos e Not\u00edcias","og_description":"Alvin recebeu um colar de monitoramento via GPS colocado por pesquisadores do ICAS Ele tem a pelagem clara e os olhos avermelhados. Foi encontrado recentemente no Mato Grosso do Sul. O tamandu\u00e1-bandeira albino \u00e9 o \u00fanico da esp\u00e9cie conhecido em todo o planeta, e vive aqui, no Cerrado brasileiro. J\u00e1 foi carinhosamente batizado de Alvin [&hellip;]","og_url":"https:\/\/jornalfatosenoticias.com.br\/index.php\/2023\/04\/18\/unico-tamandua-albino-conhecido-no-planeta-vive-no-brasil\/","og_site_name":"Jornal Fatos e Not\u00edcias","article_published_time":"2023-04-18T14:53:38+00:00","article_modified_time":"2023-04-18T14:53:40+00:00","og_image":[{"width":1000,"height":651,"url":"https:\/\/jornalfatosenoticias.com.br\/wp-content\/uploads\/2023\/04\/tamandua_albino.png","type":"image\/png"}],"author":"Luzimara Fernandes","twitter_card":"summary_large_image","twitter_misc":{"Escrito por":"Luzimara Fernandes","Est. tempo de leitura":"2 minutos"},"schema":{"@context":"https:\/\/schema.org","@graph":[{"@type":"Article","@id":"https:\/\/jornalfatosenoticias.com.br\/index.php\/2023\/04\/18\/unico-tamandua-albino-conhecido-no-planeta-vive-no-brasil\/#article","isPartOf":{"@id":"https:\/\/jornalfatosenoticias.com.br\/index.php\/2023\/04\/18\/unico-tamandua-albino-conhecido-no-planeta-vive-no-brasil\/"},"author":{"name":"Luzimara Fernandes","@id":"https:\/\/jornalfatosenoticias.com.br\/#\/schema\/person\/d63837fa13ac8666eb9e74e0985d6f81"},"headline":"\u00danico tamandu\u00e1 albino conhecido no planeta vive no Brasil","datePublished":"2023-04-18T14:53:38+00:00","dateModified":"2023-04-18T14:53:40+00:00","mainEntityOfPage":{"@id":"https:\/\/jornalfatosenoticias.com.br\/index.php\/2023\/04\/18\/unico-tamandua-albino-conhecido-no-planeta-vive-no-brasil\/"},"wordCount":443,"commentCount":0,"publisher":{"@id":"https:\/\/jornalfatosenoticias.com.br\/#organization"},"image":{"@id":"https:\/\/jornalfatosenoticias.com.br\/index.php\/2023\/04\/18\/unico-tamandua-albino-conhecido-no-planeta-vive-no-brasil\/#primaryimage"},"thumbnailUrl":"https:\/\/jornalfatosenoticias.com.br\/wp-content\/uploads\/2023\/04\/tamandua_albino.png","keywords":["Alvinho","colete","GPS","ICAS","monitoramento","pesquisadores","raro","tamandu\u00e1-bandeira albino"],"articleSection":["Meio ambiente"],"inLanguage":"pt-BR","potentialAction":[{"@type":"CommentAction","name":"Comment","target":["https:\/\/jornalfatosenoticias.com.br\/index.php\/2023\/04\/18\/unico-tamandua-albino-conhecido-no-planeta-vive-no-brasil\/#respond"]}]},{"@type":"WebPage","@id":"https:\/\/jornalfatosenoticias.com.br\/index.php\/2023\/04\/18\/unico-tamandua-albino-conhecido-no-planeta-vive-no-brasil\/","url":"https:\/\/jornalfatosenoticias.com.br\/index.php\/2023\/04\/18\/unico-tamandua-albino-conhecido-no-planeta-vive-no-brasil\/","name":"\u00danico tamandu\u00e1 albino conhecido no planeta vive no Brasil - Jornal Fatos e Not\u00edcias","isPartOf":{"@id":"https:\/\/jornalfatosenoticias.com.br\/#website"},"primaryImageOfPage":{"@id":"https:\/\/jornalfatosenoticias.com.br\/index.php\/2023\/04\/18\/unico-tamandua-albino-conhecido-no-planeta-vive-no-brasil\/#primaryimage"},"image":{"@id":"https:\/\/jornalfatosenoticias.com.br\/index.php\/2023\/04\/18\/unico-tamandua-albino-conhecido-no-planeta-vive-no-brasil\/#primaryimage"},"thumbnailUrl":"https:\/\/jornalfatosenoticias.com.br\/wp-content\/uploads\/2023\/04\/tamandua_albino.png","datePublished":"2023-04-18T14:53:38+00:00","dateModified":"2023-04-18T14:53:40+00:00","breadcrumb":{"@id":"https:\/\/jornalfatosenoticias.com.br\/index.php\/2023\/04\/18\/unico-tamandua-albino-conhecido-no-planeta-vive-no-brasil\/#breadcrumb"},"inLanguage":"pt-BR","potentialAction":[{"@type":"ReadAction","target":["https:\/\/jornalfatosenoticias.com.br\/index.php\/2023\/04\/18\/unico-tamandua-albino-conhecido-no-planeta-vive-no-brasil\/"]}]},{"@type":"ImageObject","inLanguage":"pt-BR","@id":"https:\/\/jornalfatosenoticias.com.br\/index.php\/2023\/04\/18\/unico-tamandua-albino-conhecido-no-planeta-vive-no-brasil\/#primaryimage","url":"https:\/\/jornalfatosenoticias.com.br\/wp-content\/uploads\/2023\/04\/tamandua_albino.png","contentUrl":"https:\/\/jornalfatosenoticias.com.br\/wp-content\/uploads\/2023\/04\/tamandua_albino.png","width":1000,"height":651},{"@type":"BreadcrumbList","@id":"https:\/\/jornalfatosenoticias.com.br\/index.php\/2023\/04\/18\/unico-tamandua-albino-conhecido-no-planeta-vive-no-brasil\/#breadcrumb","itemListElement":[{"@type":"ListItem","position":1,"name":"In\u00edcio","item":"https:\/\/jornalfatosenoticias.com.br\/"},{"@type":"ListItem","position":2,"name":"\u00danico tamandu\u00e1 albino conhecido no planeta vive no Brasil"}]},{"@type":"WebSite","@id":"https:\/\/jornalfatosenoticias.com.br\/#website","url":"https:\/\/jornalfatosenoticias.com.br\/","name":"Jornal Fatos e Not\u00edcias","description":"Not\u00edcias em geral","publisher":{"@id":"https:\/\/jornalfatosenoticias.com.br\/#organization"},"potentialAction":[{"@type":"SearchAction","target":{"@type":"EntryPoint","urlTemplate":"https:\/\/jornalfatosenoticias.com.br\/?s={search_term_string}"},"query-input":{"@type":"PropertyValueSpecification","valueRequired":true,"valueName":"search_term_string"}}],"inLanguage":"pt-BR"},{"@type":"Organization","@id":"https:\/\/jornalfatosenoticias.com.br\/#organization","name":"Jornal Fatos e Not\u00edcias","url":"https:\/\/jornalfatosenoticias.com.br\/","logo":{"@type":"ImageObject","inLanguage":"pt-BR","@id":"https:\/\/jornalfatosenoticias.com.br\/#\/schema\/logo\/image\/","url":"https:\/\/jornalfatosenoticias.com.br\/wp-content\/uploads\/2020\/02\/logo120.png","contentUrl":"https:\/\/jornalfatosenoticias.com.br\/wp-content\/uploads\/2020\/02\/logo120.png","width":1227,"height":120,"caption":"Jornal Fatos e Not\u00edcias"},"image":{"@id":"https:\/\/jornalfatosenoticias.com.br\/#\/schema\/logo\/image\/"}},{"@type":"Person","@id":"https:\/\/jornalfatosenoticias.com.br\/#\/schema\/person\/d63837fa13ac8666eb9e74e0985d6f81","name":"Luzimara Fernandes","image":{"@type":"ImageObject","inLanguage":"pt-BR","@id":"https:\/\/jornalfatosenoticias.com.br\/#\/schema\/person\/image\/","url":"https:\/\/jornalfatosenoticias.com.br\/wp-content\/uploads\/2025\/05\/EU_portal.jpg","contentUrl":"https:\/\/jornalfatosenoticias.com.br\/wp-content\/uploads\/2025\/05\/EU_portal.jpg","caption":"Luzimara Fernandes"},"description":"Jornalista MTB 2358-ES","sameAs":["https:\/\/jornalfatosenoticias.com.br"],"url":"https:\/\/jornalfatosenoticias.com.br\/index.php\/author\/luzimara\/"}]}},"cc_featured_image_caption":{"caption_text":"(Foto: Reprodu\u00e7\u00e3o\/Instagram @lucianocandisani)","source_text":"","source_url":""},"jetpack_featured_media_url":"https:\/\/jornalfatosenoticias.com.br\/wp-content\/uploads\/2023\/04\/tamandua_albino.png","_links":{"self":[{"href":"https:\/\/jornalfatosenoticias.com.br\/index.php\/wp-json\/wp\/v2\/posts\/40690","targetHints":{"allow":["GET"]}}],"collection":[{"href":"https:\/\/jornalfatosenoticias.com.br\/index.php\/wp-json\/wp\/v2\/posts"}],"about":[{"href":"https:\/\/jornalfatosenoticias.com.br\/index.php\/wp-json\/wp\/v2\/types\/post"}],"author":[{"embeddable":true,"href":"https:\/\/jornalfatosenoticias.com.br\/index.php\/wp-json\/wp\/v2\/users\/2"}],"replies":[{"embeddable":true,"href":"https:\/\/jornalfatosenoticias.com.br\/index.php\/wp-json\/wp\/v2\/comments?post=40690"}],"version-history":[{"count":0,"href":"https:\/\/jornalfatosenoticias.com.br\/index.php\/wp-json\/wp\/v2\/posts\/40690\/revisions"}],"wp:featuredmedia":[{"embeddable":true,"href":"https:\/\/jornalfatosenoticias.com.br\/index.php\/wp-json\/wp\/v2\/media\/40691"}],"wp:attachment":[{"href":"https:\/\/jornalfatosenoticias.com.br\/index.php\/wp-json\/wp\/v2\/media?parent=40690"}],"wp:term":[{"taxonomy":"category","embeddable":true,"href":"https:\/\/jornalfatosenoticias.com.br\/index.php\/wp-json\/wp\/v2\/categories?post=40690"},{"taxonomy":"post_tag","embeddable":true,"href":"https:\/\/jornalfatosenoticias.com.br\/index.php\/wp-json\/wp\/v2\/tags?post=40690"}],"curies":[{"name":"wp","href":"https:\/\/api.w.org\/{rel}","templated":true}]}}