{"id":40698,"date":"2023-04-18T12:18:59","date_gmt":"2023-04-18T15:18:59","guid":{"rendered":"https:\/\/jornalfatosenoticias.com.br\/?p=40698"},"modified":"2023-04-18T12:19:00","modified_gmt":"2023-04-18T15:19:00","slug":"governo-aciona-aliados-na-madrugada-para-adiar-sessao-de-instalacao-da-cpmi","status":"publish","type":"post","link":"https:\/\/jornalfatosenoticias.com.br\/index.php\/2023\/04\/18\/governo-aciona-aliados-na-madrugada-para-adiar-sessao-de-instalacao-da-cpmi\/","title":{"rendered":"Governo aciona aliados na madrugada para adiar sess\u00e3o de instala\u00e7\u00e3o da CPMI"},"content":{"rendered":"\n<p><em><span class=\"has-inline-color has-black-color\">Seis l\u00edderes da C\u00e2mara encaminharam uma mensagem ao presidente do Senado, Rodrigo Pacheco (PSD-MG)<\/span><\/em><\/p>\n\n\n\n<div class=\"wp-block-image\"><figure class=\"aligncenter size-large\"><img loading=\"lazy\" decoding=\"async\" width=\"729\" height=\"90\" src=\"https:\/\/jornalfatosenoticias.com.br\/wp-content\/uploads\/2020\/02\/Logo_Mizu.png\" alt=\"\" class=\"wp-image-1441\" srcset=\"https:\/\/jornalfatosenoticias.com.br\/wp-content\/uploads\/2020\/02\/Logo_Mizu.png 729w, https:\/\/jornalfatosenoticias.com.br\/wp-content\/uploads\/2020\/02\/Logo_Mizu-300x37.png 300w\" sizes=\"auto, (max-width: 729px) 100vw, 729px\" \/><\/figure><\/div>\n\n\n\n<p>Seis l\u00edderes da C\u00e2mara dos Deputados pediram ao presidente do Senado, Rodrigo Pacheco (PSD-MG), que adiasse a sess\u00e3o no Congresso Nacional, marcada para acontecer nesta ter\u00e7a-feira (18).<br>A solicita\u00e7\u00e3o, encaminhada na madrugada, partiu dos partidos que n\u00e3o s\u00e3o oposi\u00e7\u00e3o ao governo Lula \u2014 que tenta minar a Comiss\u00e3o Parlamentar Mista de Inqu\u00e9rito (CPMI) do 8 de janeiro. Oeste apurou que Pacheco deve acatar o pedido dos l\u00edderes.<br>S\u00e3o eles os deputados: Zeca Dirceu (PT-PR), l\u00edder da Federa\u00e7\u00e3o Brasil da Esperan\u00e7a (PT PCdoB PV); Ant\u00f4nio Brito (PSD-BA); Isnaldo Bulh\u00f5es (MDB-AL); F\u00e1bio Macedo (Podemos-MA); Hugo Motta (Republicanos-PB); e Felipe Carreras (PSB-PE).<\/p>\n\n\n\n<div class=\"wp-block-image\"><figure class=\"aligncenter size-large\"><img loading=\"lazy\" decoding=\"async\" width=\"300\" height=\"300\" src=\"https:\/\/jornalfatosenoticias.com.br\/wp-content\/uploads\/2020\/02\/casa-do-torresmo_portal.jpg\" alt=\"\" class=\"wp-image-34472\" srcset=\"https:\/\/jornalfatosenoticias.com.br\/wp-content\/uploads\/2020\/02\/casa-do-torresmo_portal.jpg 300w, https:\/\/jornalfatosenoticias.com.br\/wp-content\/uploads\/2020\/02\/casa-do-torresmo_portal-150x150.jpg 150w\" sizes=\"auto, (max-width: 300px) 100vw, 300px\" \/><\/figure><\/div>\n\n\n\n<blockquote class=\"wp-block-quote is-layout-flow wp-block-quote-is-layout-flow\"><p><span class=\"has-inline-color has-luminous-vivid-orange-color\">Em fun\u00e7\u00e3o da centralidade da aprecia\u00e7\u00e3o do mecanismo legal que d\u00ea conformidade \u00e0 aplica\u00e7\u00e3o do piso da enfermagem e da n\u00e3o realiza\u00e7\u00e3o de sess\u00e3o da Comiss\u00e3o Mista de Or\u00e7amento que trate dessa pauta, solicitamos a Vossa Excel\u00eancia o adiamento da sess\u00e3o do Congresso Nacional prevista para o dia 18 de abril\u201d, argumentaram os l\u00edderes.<\/span><\/p><\/blockquote>\n\n\n\n<div class=\"wp-block-image\"><figure class=\"aligncenter size-large is-resized\"><img loading=\"lazy\" decoding=\"async\" src=\"https:\/\/jornalfatosenoticias.com.br\/wp-content\/uploads\/2022\/07\/Logo-Grupo-SEI.jpg\" alt=\"\" class=\"wp-image-31973\" width=\"339\" height=\"178\" srcset=\"https:\/\/jornalfatosenoticias.com.br\/wp-content\/uploads\/2022\/07\/Logo-Grupo-SEI.jpg 713w, https:\/\/jornalfatosenoticias.com.br\/wp-content\/uploads\/2022\/07\/Logo-Grupo-SEI-300x158.jpg 300w\" sizes=\"auto, (max-width: 339px) 100vw, 339px\" \/><\/figure><\/div>\n\n\n\n<p>Conforme noticiou Oeste, os parlamentares est\u00e3o usando o pagamento do piso da enfermagem para adiar a sess\u00e3o. O l\u00edder do governo no Congresso, senador Randolfe Rodrigues (Rede-AP), disse que a sess\u00e3o tem de acontecer na pr\u00f3xima semana, pois \u00e9 de interesse do governo que o ato ocorra antes do in\u00edcio de maio.<br>Na pr\u00e1tica, o governo busca angariar tempo para convencer os parlamentares a retirarem suas assinaturas da CPMI. Assim, quando a sess\u00e3o for acontecer, o requerimento j\u00e1 n\u00e3o teria o n\u00famero m\u00ednimo de assinaturas \u2014 de 171 deputados federais e 27 senadores.<\/p>\n\n\n\n<div class=\"wp-block-image\"><figure class=\"aligncenter size-large\"><img loading=\"lazy\" decoding=\"async\" width=\"300\" height=\"250\" src=\"https:\/\/jornalfatosenoticias.com.br\/wp-content\/uploads\/2022\/02\/FERRARI_MAQUINAS-E-FERRAMENTAS2.jpg\" alt=\"\" class=\"wp-image-27860\"\/><\/figure><\/div>\n\n\n\n<p><strong>At\u00e9 o momento, a CPMI possui o apoio de 194 deputados e de 37 senadores.<\/strong> Procurado por <strong>Oeste,<\/strong> o deputado federal <strong>Andr\u00e9 Fernandes<\/strong> (PL-CE), autor da CPMI, n\u00e3o retornou at\u00e9 a publica\u00e7\u00e3o desta reportagem.<br>O objetivo da comiss\u00e3o \u00e9 apurar os respons\u00e1veis pelos atos de vandalismo registrados nas sedes dos Tr\u00eas Poderes. A CPMI quer investigar se houve leni\u00eancia do governo com quem destruiu pr\u00e9dios p\u00fablicos.<\/p>\n\n\n\n<p><strong><em>Fonte: <a href=\"https:\/\/revistaoeste.com\/no-ponto\/governo-aciona-aliados-na-madrugada-para-adiar-sessao-de-instalacao-da-cpmi\/\">Revista Oeste<\/a><\/em><\/strong><\/p>\n","protected":false},"excerpt":{"rendered":"<p>Seis l\u00edderes da C\u00e2mara encaminharam uma mensagem ao presidente do Senado, Rodrigo Pacheco (PSD-MG) Seis l\u00edderes da C\u00e2mara dos Deputados pediram ao presidente do Senado, Rodrigo Pacheco (PSD-MG), que adiasse a sess\u00e3o no Congresso Nacional, marcada para acontecer nesta ter\u00e7a-feira (18).A solicita\u00e7\u00e3o, encaminhada na madrugada, partiu dos partidos que n\u00e3o s\u00e3o oposi\u00e7\u00e3o ao governo Lula [&hellip;]<\/p>\n","protected":false},"author":2,"featured_media":40699,"comment_status":"open","ping_status":"open","sticky":false,"template":"","format":"standard","meta":{"footnotes":""},"categories":[5],"tags":[18682,18533,18343,19070],"class_list":["post-40698","post","type-post","status-publish","format-standard","has-post-thumbnail","hentry","category-geral","tag-atos-de-8-de-janeiro","tag-cpmi-do-8-de-janeiro","tag-governo-lula","tag-poroes-de-brasilia"],"yoast_head":"<!-- This site is optimized with the Yoast SEO plugin v26.5 - https:\/\/yoast.com\/wordpress\/plugins\/seo\/ -->\n<title>Governo aciona aliados na madrugada para adiar sess\u00e3o de instala\u00e7\u00e3o da CPMI - Jornal Fatos e Not\u00edcias<\/title>\n<meta name=\"robots\" content=\"index, follow, max-snippet:-1, max-image-preview:large, max-video-preview:-1\" \/>\n<link rel=\"canonical\" href=\"https:\/\/jornalfatosenoticias.com.br\/index.php\/2023\/04\/18\/governo-aciona-aliados-na-madrugada-para-adiar-sessao-de-instalacao-da-cpmi\/\" \/>\n<meta property=\"og:locale\" content=\"pt_BR\" \/>\n<meta property=\"og:type\" content=\"article\" \/>\n<meta property=\"og:title\" content=\"Governo aciona aliados na madrugada para adiar sess\u00e3o de instala\u00e7\u00e3o da CPMI - Jornal Fatos e Not\u00edcias\" \/>\n<meta property=\"og:description\" content=\"Seis l\u00edderes da C\u00e2mara encaminharam uma mensagem ao presidente do Senado, Rodrigo Pacheco (PSD-MG) Seis l\u00edderes da C\u00e2mara dos Deputados pediram ao presidente do Senado, Rodrigo Pacheco (PSD-MG), que adiasse a sess\u00e3o no Congresso Nacional, marcada para acontecer nesta ter\u00e7a-feira (18).A solicita\u00e7\u00e3o, encaminhada na madrugada, partiu dos partidos que n\u00e3o s\u00e3o oposi\u00e7\u00e3o ao governo Lula [&hellip;]\" \/>\n<meta property=\"og:url\" content=\"https:\/\/jornalfatosenoticias.com.br\/index.php\/2023\/04\/18\/governo-aciona-aliados-na-madrugada-para-adiar-sessao-de-instalacao-da-cpmi\/\" \/>\n<meta property=\"og:site_name\" content=\"Jornal Fatos e Not\u00edcias\" \/>\n<meta property=\"article:published_time\" content=\"2023-04-18T15:18:59+00:00\" \/>\n<meta property=\"article:modified_time\" content=\"2023-04-18T15:19:00+00:00\" \/>\n<meta property=\"og:image\" content=\"https:\/\/jornalfatosenoticias.com.br\/wp-content\/uploads\/2023\/04\/8-de-janeiro.jpg\" \/>\n\t<meta property=\"og:image:width\" content=\"1000\" \/>\n\t<meta property=\"og:image:height\" content=\"666\" \/>\n\t<meta property=\"og:image:type\" content=\"image\/jpeg\" \/>\n<meta name=\"author\" content=\"Luzimara Fernandes\" \/>\n<meta name=\"twitter:card\" content=\"summary_large_image\" \/>\n<meta name=\"twitter:label1\" content=\"Escrito por\" \/>\n\t<meta name=\"twitter:data1\" content=\"Luzimara Fernandes\" \/>\n\t<meta name=\"twitter:label2\" content=\"Est. tempo de leitura\" \/>\n\t<meta name=\"twitter:data2\" content=\"2 minutos\" \/>\n<script type=\"application\/ld+json\" class=\"yoast-schema-graph\">{\"@context\":\"https:\/\/schema.org\",\"@graph\":[{\"@type\":\"Article\",\"@id\":\"https:\/\/jornalfatosenoticias.com.br\/index.php\/2023\/04\/18\/governo-aciona-aliados-na-madrugada-para-adiar-sessao-de-instalacao-da-cpmi\/#article\",\"isPartOf\":{\"@id\":\"https:\/\/jornalfatosenoticias.com.br\/index.php\/2023\/04\/18\/governo-aciona-aliados-na-madrugada-para-adiar-sessao-de-instalacao-da-cpmi\/\"},\"author\":{\"name\":\"Luzimara Fernandes\",\"@id\":\"https:\/\/jornalfatosenoticias.com.br\/#\/schema\/person\/d63837fa13ac8666eb9e74e0985d6f81\"},\"headline\":\"Governo aciona aliados na madrugada para adiar sess\u00e3o de instala\u00e7\u00e3o da CPMI\",\"datePublished\":\"2023-04-18T15:18:59+00:00\",\"dateModified\":\"2023-04-18T15:19:00+00:00\",\"mainEntityOfPage\":{\"@id\":\"https:\/\/jornalfatosenoticias.com.br\/index.php\/2023\/04\/18\/governo-aciona-aliados-na-madrugada-para-adiar-sessao-de-instalacao-da-cpmi\/\"},\"wordCount\":381,\"commentCount\":0,\"publisher\":{\"@id\":\"https:\/\/jornalfatosenoticias.com.br\/#organization\"},\"image\":{\"@id\":\"https:\/\/jornalfatosenoticias.com.br\/index.php\/2023\/04\/18\/governo-aciona-aliados-na-madrugada-para-adiar-sessao-de-instalacao-da-cpmi\/#primaryimage\"},\"thumbnailUrl\":\"https:\/\/jornalfatosenoticias.com.br\/wp-content\/uploads\/2023\/04\/8-de-janeiro.jpg\",\"keywords\":[\"atos de 8 de janeiro\",\"CPMI do 8 de Janeiro\",\"governo Lula\",\"por\u00f5es de Bras\u00edlia\"],\"articleSection\":[\"Geral\"],\"inLanguage\":\"pt-BR\",\"potentialAction\":[{\"@type\":\"CommentAction\",\"name\":\"Comment\",\"target\":[\"https:\/\/jornalfatosenoticias.com.br\/index.php\/2023\/04\/18\/governo-aciona-aliados-na-madrugada-para-adiar-sessao-de-instalacao-da-cpmi\/#respond\"]}]},{\"@type\":\"WebPage\",\"@id\":\"https:\/\/jornalfatosenoticias.com.br\/index.php\/2023\/04\/18\/governo-aciona-aliados-na-madrugada-para-adiar-sessao-de-instalacao-da-cpmi\/\",\"url\":\"https:\/\/jornalfatosenoticias.com.br\/index.php\/2023\/04\/18\/governo-aciona-aliados-na-madrugada-para-adiar-sessao-de-instalacao-da-cpmi\/\",\"name\":\"Governo aciona aliados na madrugada para adiar sess\u00e3o de instala\u00e7\u00e3o da CPMI - Jornal Fatos e Not\u00edcias\",\"isPartOf\":{\"@id\":\"https:\/\/jornalfatosenoticias.com.br\/#website\"},\"primaryImageOfPage\":{\"@id\":\"https:\/\/jornalfatosenoticias.com.br\/index.php\/2023\/04\/18\/governo-aciona-aliados-na-madrugada-para-adiar-sessao-de-instalacao-da-cpmi\/#primaryimage\"},\"image\":{\"@id\":\"https:\/\/jornalfatosenoticias.com.br\/index.php\/2023\/04\/18\/governo-aciona-aliados-na-madrugada-para-adiar-sessao-de-instalacao-da-cpmi\/#primaryimage\"},\"thumbnailUrl\":\"https:\/\/jornalfatosenoticias.com.br\/wp-content\/uploads\/2023\/04\/8-de-janeiro.jpg\",\"datePublished\":\"2023-04-18T15:18:59+00:00\",\"dateModified\":\"2023-04-18T15:19:00+00:00\",\"breadcrumb\":{\"@id\":\"https:\/\/jornalfatosenoticias.com.br\/index.php\/2023\/04\/18\/governo-aciona-aliados-na-madrugada-para-adiar-sessao-de-instalacao-da-cpmi\/#breadcrumb\"},\"inLanguage\":\"pt-BR\",\"potentialAction\":[{\"@type\":\"ReadAction\",\"target\":[\"https:\/\/jornalfatosenoticias.com.br\/index.php\/2023\/04\/18\/governo-aciona-aliados-na-madrugada-para-adiar-sessao-de-instalacao-da-cpmi\/\"]}]},{\"@type\":\"ImageObject\",\"inLanguage\":\"pt-BR\",\"@id\":\"https:\/\/jornalfatosenoticias.com.br\/index.php\/2023\/04\/18\/governo-aciona-aliados-na-madrugada-para-adiar-sessao-de-instalacao-da-cpmi\/#primaryimage\",\"url\":\"https:\/\/jornalfatosenoticias.com.br\/wp-content\/uploads\/2023\/04\/8-de-janeiro.jpg\",\"contentUrl\":\"https:\/\/jornalfatosenoticias.com.br\/wp-content\/uploads\/2023\/04\/8-de-janeiro.jpg\",\"width\":1000,\"height\":666},{\"@type\":\"BreadcrumbList\",\"@id\":\"https:\/\/jornalfatosenoticias.com.br\/index.php\/2023\/04\/18\/governo-aciona-aliados-na-madrugada-para-adiar-sessao-de-instalacao-da-cpmi\/#breadcrumb\",\"itemListElement\":[{\"@type\":\"ListItem\",\"position\":1,\"name\":\"In\u00edcio\",\"item\":\"https:\/\/jornalfatosenoticias.com.br\/\"},{\"@type\":\"ListItem\",\"position\":2,\"name\":\"Governo aciona aliados na madrugada para adiar sess\u00e3o de instala\u00e7\u00e3o da CPMI\"}]},{\"@type\":\"WebSite\",\"@id\":\"https:\/\/jornalfatosenoticias.com.br\/#website\",\"url\":\"https:\/\/jornalfatosenoticias.com.br\/\",\"name\":\"Jornal Fatos e Not\u00edcias\",\"description\":\"Not\u00edcias em geral\",\"publisher\":{\"@id\":\"https:\/\/jornalfatosenoticias.com.br\/#organization\"},\"potentialAction\":[{\"@type\":\"SearchAction\",\"target\":{\"@type\":\"EntryPoint\",\"urlTemplate\":\"https:\/\/jornalfatosenoticias.com.br\/?s={search_term_string}\"},\"query-input\":{\"@type\":\"PropertyValueSpecification\",\"valueRequired\":true,\"valueName\":\"search_term_string\"}}],\"inLanguage\":\"pt-BR\"},{\"@type\":\"Organization\",\"@id\":\"https:\/\/jornalfatosenoticias.com.br\/#organization\",\"name\":\"Jornal Fatos e Not\u00edcias\",\"url\":\"https:\/\/jornalfatosenoticias.com.br\/\",\"logo\":{\"@type\":\"ImageObject\",\"inLanguage\":\"pt-BR\",\"@id\":\"https:\/\/jornalfatosenoticias.com.br\/#\/schema\/logo\/image\/\",\"url\":\"https:\/\/jornalfatosenoticias.com.br\/wp-content\/uploads\/2020\/02\/logo120.png\",\"contentUrl\":\"https:\/\/jornalfatosenoticias.com.br\/wp-content\/uploads\/2020\/02\/logo120.png\",\"width\":1227,\"height\":120,\"caption\":\"Jornal Fatos e Not\u00edcias\"},\"image\":{\"@id\":\"https:\/\/jornalfatosenoticias.com.br\/#\/schema\/logo\/image\/\"}},{\"@type\":\"Person\",\"@id\":\"https:\/\/jornalfatosenoticias.com.br\/#\/schema\/person\/d63837fa13ac8666eb9e74e0985d6f81\",\"name\":\"Luzimara Fernandes\",\"image\":{\"@type\":\"ImageObject\",\"inLanguage\":\"pt-BR\",\"@id\":\"https:\/\/jornalfatosenoticias.com.br\/#\/schema\/person\/image\/\",\"url\":\"https:\/\/jornalfatosenoticias.com.br\/wp-content\/uploads\/2025\/05\/EU_portal.jpg\",\"contentUrl\":\"https:\/\/jornalfatosenoticias.com.br\/wp-content\/uploads\/2025\/05\/EU_portal.jpg\",\"caption\":\"Luzimara Fernandes\"},\"description\":\"Jornalista MTB 2358-ES\",\"sameAs\":[\"https:\/\/jornalfatosenoticias.com.br\"],\"url\":\"https:\/\/jornalfatosenoticias.com.br\/index.php\/author\/luzimara\/\"}]}<\/script>\n<!-- \/ Yoast SEO plugin. -->","yoast_head_json":{"title":"Governo aciona aliados na madrugada para adiar sess\u00e3o de instala\u00e7\u00e3o da CPMI - Jornal Fatos e Not\u00edcias","robots":{"index":"index","follow":"follow","max-snippet":"max-snippet:-1","max-image-preview":"max-image-preview:large","max-video-preview":"max-video-preview:-1"},"canonical":"https:\/\/jornalfatosenoticias.com.br\/index.php\/2023\/04\/18\/governo-aciona-aliados-na-madrugada-para-adiar-sessao-de-instalacao-da-cpmi\/","og_locale":"pt_BR","og_type":"article","og_title":"Governo aciona aliados na madrugada para adiar sess\u00e3o de instala\u00e7\u00e3o da CPMI - Jornal Fatos e Not\u00edcias","og_description":"Seis l\u00edderes da C\u00e2mara encaminharam uma mensagem ao presidente do Senado, Rodrigo Pacheco (PSD-MG) Seis l\u00edderes da C\u00e2mara dos Deputados pediram ao presidente do Senado, Rodrigo Pacheco (PSD-MG), que adiasse a sess\u00e3o no Congresso Nacional, marcada para acontecer nesta ter\u00e7a-feira (18).A solicita\u00e7\u00e3o, encaminhada na madrugada, partiu dos partidos que n\u00e3o s\u00e3o oposi\u00e7\u00e3o ao governo Lula [&hellip;]","og_url":"https:\/\/jornalfatosenoticias.com.br\/index.php\/2023\/04\/18\/governo-aciona-aliados-na-madrugada-para-adiar-sessao-de-instalacao-da-cpmi\/","og_site_name":"Jornal Fatos e Not\u00edcias","article_published_time":"2023-04-18T15:18:59+00:00","article_modified_time":"2023-04-18T15:19:00+00:00","og_image":[{"width":1000,"height":666,"url":"https:\/\/jornalfatosenoticias.com.br\/wp-content\/uploads\/2023\/04\/8-de-janeiro.jpg","type":"image\/jpeg"}],"author":"Luzimara Fernandes","twitter_card":"summary_large_image","twitter_misc":{"Escrito por":"Luzimara Fernandes","Est. tempo de leitura":"2 minutos"},"schema":{"@context":"https:\/\/schema.org","@graph":[{"@type":"Article","@id":"https:\/\/jornalfatosenoticias.com.br\/index.php\/2023\/04\/18\/governo-aciona-aliados-na-madrugada-para-adiar-sessao-de-instalacao-da-cpmi\/#article","isPartOf":{"@id":"https:\/\/jornalfatosenoticias.com.br\/index.php\/2023\/04\/18\/governo-aciona-aliados-na-madrugada-para-adiar-sessao-de-instalacao-da-cpmi\/"},"author":{"name":"Luzimara Fernandes","@id":"https:\/\/jornalfatosenoticias.com.br\/#\/schema\/person\/d63837fa13ac8666eb9e74e0985d6f81"},"headline":"Governo aciona aliados na madrugada para adiar sess\u00e3o de instala\u00e7\u00e3o da CPMI","datePublished":"2023-04-18T15:18:59+00:00","dateModified":"2023-04-18T15:19:00+00:00","mainEntityOfPage":{"@id":"https:\/\/jornalfatosenoticias.com.br\/index.php\/2023\/04\/18\/governo-aciona-aliados-na-madrugada-para-adiar-sessao-de-instalacao-da-cpmi\/"},"wordCount":381,"commentCount":0,"publisher":{"@id":"https:\/\/jornalfatosenoticias.com.br\/#organization"},"image":{"@id":"https:\/\/jornalfatosenoticias.com.br\/index.php\/2023\/04\/18\/governo-aciona-aliados-na-madrugada-para-adiar-sessao-de-instalacao-da-cpmi\/#primaryimage"},"thumbnailUrl":"https:\/\/jornalfatosenoticias.com.br\/wp-content\/uploads\/2023\/04\/8-de-janeiro.jpg","keywords":["atos de 8 de janeiro","CPMI do 8 de Janeiro","governo Lula","por\u00f5es de Bras\u00edlia"],"articleSection":["Geral"],"inLanguage":"pt-BR","potentialAction":[{"@type":"CommentAction","name":"Comment","target":["https:\/\/jornalfatosenoticias.com.br\/index.php\/2023\/04\/18\/governo-aciona-aliados-na-madrugada-para-adiar-sessao-de-instalacao-da-cpmi\/#respond"]}]},{"@type":"WebPage","@id":"https:\/\/jornalfatosenoticias.com.br\/index.php\/2023\/04\/18\/governo-aciona-aliados-na-madrugada-para-adiar-sessao-de-instalacao-da-cpmi\/","url":"https:\/\/jornalfatosenoticias.com.br\/index.php\/2023\/04\/18\/governo-aciona-aliados-na-madrugada-para-adiar-sessao-de-instalacao-da-cpmi\/","name":"Governo aciona aliados na madrugada para adiar sess\u00e3o de instala\u00e7\u00e3o da CPMI - Jornal Fatos e Not\u00edcias","isPartOf":{"@id":"https:\/\/jornalfatosenoticias.com.br\/#website"},"primaryImageOfPage":{"@id":"https:\/\/jornalfatosenoticias.com.br\/index.php\/2023\/04\/18\/governo-aciona-aliados-na-madrugada-para-adiar-sessao-de-instalacao-da-cpmi\/#primaryimage"},"image":{"@id":"https:\/\/jornalfatosenoticias.com.br\/index.php\/2023\/04\/18\/governo-aciona-aliados-na-madrugada-para-adiar-sessao-de-instalacao-da-cpmi\/#primaryimage"},"thumbnailUrl":"https:\/\/jornalfatosenoticias.com.br\/wp-content\/uploads\/2023\/04\/8-de-janeiro.jpg","datePublished":"2023-04-18T15:18:59+00:00","dateModified":"2023-04-18T15:19:00+00:00","breadcrumb":{"@id":"https:\/\/jornalfatosenoticias.com.br\/index.php\/2023\/04\/18\/governo-aciona-aliados-na-madrugada-para-adiar-sessao-de-instalacao-da-cpmi\/#breadcrumb"},"inLanguage":"pt-BR","potentialAction":[{"@type":"ReadAction","target":["https:\/\/jornalfatosenoticias.com.br\/index.php\/2023\/04\/18\/governo-aciona-aliados-na-madrugada-para-adiar-sessao-de-instalacao-da-cpmi\/"]}]},{"@type":"ImageObject","inLanguage":"pt-BR","@id":"https:\/\/jornalfatosenoticias.com.br\/index.php\/2023\/04\/18\/governo-aciona-aliados-na-madrugada-para-adiar-sessao-de-instalacao-da-cpmi\/#primaryimage","url":"https:\/\/jornalfatosenoticias.com.br\/wp-content\/uploads\/2023\/04\/8-de-janeiro.jpg","contentUrl":"https:\/\/jornalfatosenoticias.com.br\/wp-content\/uploads\/2023\/04\/8-de-janeiro.jpg","width":1000,"height":666},{"@type":"BreadcrumbList","@id":"https:\/\/jornalfatosenoticias.com.br\/index.php\/2023\/04\/18\/governo-aciona-aliados-na-madrugada-para-adiar-sessao-de-instalacao-da-cpmi\/#breadcrumb","itemListElement":[{"@type":"ListItem","position":1,"name":"In\u00edcio","item":"https:\/\/jornalfatosenoticias.com.br\/"},{"@type":"ListItem","position":2,"name":"Governo aciona aliados na madrugada para adiar sess\u00e3o de instala\u00e7\u00e3o da CPMI"}]},{"@type":"WebSite","@id":"https:\/\/jornalfatosenoticias.com.br\/#website","url":"https:\/\/jornalfatosenoticias.com.br\/","name":"Jornal Fatos e Not\u00edcias","description":"Not\u00edcias em geral","publisher":{"@id":"https:\/\/jornalfatosenoticias.com.br\/#organization"},"potentialAction":[{"@type":"SearchAction","target":{"@type":"EntryPoint","urlTemplate":"https:\/\/jornalfatosenoticias.com.br\/?s={search_term_string}"},"query-input":{"@type":"PropertyValueSpecification","valueRequired":true,"valueName":"search_term_string"}}],"inLanguage":"pt-BR"},{"@type":"Organization","@id":"https:\/\/jornalfatosenoticias.com.br\/#organization","name":"Jornal Fatos e Not\u00edcias","url":"https:\/\/jornalfatosenoticias.com.br\/","logo":{"@type":"ImageObject","inLanguage":"pt-BR","@id":"https:\/\/jornalfatosenoticias.com.br\/#\/schema\/logo\/image\/","url":"https:\/\/jornalfatosenoticias.com.br\/wp-content\/uploads\/2020\/02\/logo120.png","contentUrl":"https:\/\/jornalfatosenoticias.com.br\/wp-content\/uploads\/2020\/02\/logo120.png","width":1227,"height":120,"caption":"Jornal Fatos e Not\u00edcias"},"image":{"@id":"https:\/\/jornalfatosenoticias.com.br\/#\/schema\/logo\/image\/"}},{"@type":"Person","@id":"https:\/\/jornalfatosenoticias.com.br\/#\/schema\/person\/d63837fa13ac8666eb9e74e0985d6f81","name":"Luzimara Fernandes","image":{"@type":"ImageObject","inLanguage":"pt-BR","@id":"https:\/\/jornalfatosenoticias.com.br\/#\/schema\/person\/image\/","url":"https:\/\/jornalfatosenoticias.com.br\/wp-content\/uploads\/2025\/05\/EU_portal.jpg","contentUrl":"https:\/\/jornalfatosenoticias.com.br\/wp-content\/uploads\/2025\/05\/EU_portal.jpg","caption":"Luzimara Fernandes"},"description":"Jornalista MTB 2358-ES","sameAs":["https:\/\/jornalfatosenoticias.com.br"],"url":"https:\/\/jornalfatosenoticias.com.br\/index.php\/author\/luzimara\/"}]}},"cc_featured_image_caption":{"caption_text":"(Foto: Marcelo Camargo\/Ag\u00eancia Brasil) ","source_text":"","source_url":""},"jetpack_featured_media_url":"https:\/\/jornalfatosenoticias.com.br\/wp-content\/uploads\/2023\/04\/8-de-janeiro.jpg","_links":{"self":[{"href":"https:\/\/jornalfatosenoticias.com.br\/index.php\/wp-json\/wp\/v2\/posts\/40698","targetHints":{"allow":["GET"]}}],"collection":[{"href":"https:\/\/jornalfatosenoticias.com.br\/index.php\/wp-json\/wp\/v2\/posts"}],"about":[{"href":"https:\/\/jornalfatosenoticias.com.br\/index.php\/wp-json\/wp\/v2\/types\/post"}],"author":[{"embeddable":true,"href":"https:\/\/jornalfatosenoticias.com.br\/index.php\/wp-json\/wp\/v2\/users\/2"}],"replies":[{"embeddable":true,"href":"https:\/\/jornalfatosenoticias.com.br\/index.php\/wp-json\/wp\/v2\/comments?post=40698"}],"version-history":[{"count":0,"href":"https:\/\/jornalfatosenoticias.com.br\/index.php\/wp-json\/wp\/v2\/posts\/40698\/revisions"}],"wp:featuredmedia":[{"embeddable":true,"href":"https:\/\/jornalfatosenoticias.com.br\/index.php\/wp-json\/wp\/v2\/media\/40699"}],"wp:attachment":[{"href":"https:\/\/jornalfatosenoticias.com.br\/index.php\/wp-json\/wp\/v2\/media?parent=40698"}],"wp:term":[{"taxonomy":"category","embeddable":true,"href":"https:\/\/jornalfatosenoticias.com.br\/index.php\/wp-json\/wp\/v2\/categories?post=40698"},{"taxonomy":"post_tag","embeddable":true,"href":"https:\/\/jornalfatosenoticias.com.br\/index.php\/wp-json\/wp\/v2\/tags?post=40698"}],"curies":[{"name":"wp","href":"https:\/\/api.w.org\/{rel}","templated":true}]}}