{"id":40718,"date":"2023-04-19T09:18:36","date_gmt":"2023-04-19T12:18:36","guid":{"rendered":"https:\/\/jornalfatosenoticias.com.br\/?p=40718"},"modified":"2023-04-19T09:18:37","modified_gmt":"2023-04-19T12:18:37","slug":"tinta-que-absorve-poluicao-e-comercializada-no-brasil","status":"publish","type":"post","link":"https:\/\/jornalfatosenoticias.com.br\/index.php\/2023\/04\/19\/tinta-que-absorve-poluicao-e-comercializada-no-brasil\/","title":{"rendered":"Tinta que absorve polui\u00e7\u00e3o \u00e9 comercializada no Brasil"},"content":{"rendered":"\n<p><em><span class=\"has-inline-color has-black-color\">Criado por cientistas italianos, produto tamb\u00e9m \u00e9 capaz de \u201cengolir\u201d bact\u00e9rias e v\u00edrus<\/span><\/em><\/p>\n\n\n\n<div class=\"wp-block-image\"><figure class=\"aligncenter size-large\"><img loading=\"lazy\" decoding=\"async\" width=\"729\" height=\"90\" src=\"https:\/\/jornalfatosenoticias.com.br\/wp-content\/uploads\/2020\/02\/Logo_Mizu.png\" alt=\"\" class=\"wp-image-1441\" srcset=\"https:\/\/jornalfatosenoticias.com.br\/wp-content\/uploads\/2020\/02\/Logo_Mizu.png 729w, https:\/\/jornalfatosenoticias.com.br\/wp-content\/uploads\/2020\/02\/Logo_Mizu-300x37.png 300w\" sizes=\"auto, (max-width: 729px) 100vw, 729px\" \/><\/figure><\/div>\n\n\n\n<p>Uma tinta antipolui\u00e7\u00e3o come\u00e7ou a ser comercializada no Brasil. Desenvolvida por cientistas da Universidade de Roma La Sapienza, na It\u00e1lia, a tinta \u00e9 capaz de diminuir em at\u00e9 51% a presen\u00e7a dos gases poluentes na atmosfera. O produto, apelidado de Airlite, utiliza o mecanismo de semicondutor semelhante ao aplicado em pain\u00e9is fotovoltaicos, gerando cargas el\u00e9tricas na superf\u00edcie da parede. Essas cargas se combinam com o vapor de \u00e1gua e o oxig\u00eanio do ar para gerar \u00edons negativos que neutralizam os <a href=\"https:\/\/ciclovivo.com.br\/planeta\/meio-ambiente\/poluicao-em-sao-paulo-esta-acima-do-recomendado-ha-22-anos\/\">poluentes<\/a> quando entram em contato com a superf\u00edcie que foi pintada com a tinta.<\/p>\n\n\n\n<div class=\"wp-block-image\"><figure class=\"aligncenter size-large\"><img loading=\"lazy\" decoding=\"async\" width=\"300\" height=\"250\" src=\"https:\/\/jornalfatosenoticias.com.br\/wp-content\/uploads\/2022\/02\/FERRARI_MAQUINAS-E-FERRAMENTAS2.jpg\" alt=\"\" class=\"wp-image-27860\"\/><\/figure><\/div>\n\n\n\n<p>Os estudos dos pesquisadores mostram que uma parede de 100 m\u00b2 pintada com a tinta que absorve polui\u00e7\u00e3o equivale ao efeito de 100 m\u00b2 de <a href=\"https:\/\/ciclovivo.com.br\/arq-urb\/urbanismo\/arvores-podem-evitar-mortes-por-calor-nas-cidades-reforca-estudo\/\">\u00e1rvores<\/a> plantadas. Al\u00e9m disso, em ambientes fechados, a tinta tamb\u00e9m pode \u201cengolir\u201d bact\u00e9rias, v\u00edrus (incluindo covid-19) e reduzir fontes de mal cheiro em at\u00e9 90%.<\/p>\n\n\n\n<div class=\"wp-block-image\"><figure class=\"aligncenter size-large is-resized\"><img loading=\"lazy\" decoding=\"async\" src=\"https:\/\/jornalfatosenoticias.com.br\/wp-content\/uploads\/2023\/03\/logo-Panper_portal.jpg\" alt=\"\" class=\"wp-image-40208\" width=\"300\" height=\"208\" srcset=\"https:\/\/jornalfatosenoticias.com.br\/wp-content\/uploads\/2023\/03\/logo-Panper_portal.jpg 400w, https:\/\/jornalfatosenoticias.com.br\/wp-content\/uploads\/2023\/03\/logo-Panper_portal-300x208.jpg 300w\" sizes=\"auto, (max-width: 300px) 100vw, 300px\" \/><\/figure><\/div>\n\n\n\n<p>Obviamente, a vegeta\u00e7\u00e3o gera ainda outros diversos benef\u00edcios, o que n\u00e3o invalida o potencial desta tinta inovadora. A tinta j\u00e1 foi testada no t\u00fanel Umberto I, em Roma \u2014 local de tr\u00e1fego intenso. Tr\u00eas semanas antes da pintura do t\u00fanel, foi feita uma pesquisa sobre os n\u00edveis de poluentes do ar naquela \u00e1rea. Ap\u00f3s a aplica\u00e7\u00e3o da tinta, um novo teste foi realizado e demonstrou uma redu\u00e7\u00e3o de 51% dos <a href=\"https:\/\/ciclovivo.com.br\/planeta\/meio-ambiente\/brasil-catalogo-acoes-reduzir-poluentes-cidades\/\">gases poluentes.<\/a><\/p>\n\n\n\n<div class=\"wp-block-image\"><figure class=\"aligncenter size-large is-resized\"><img loading=\"lazy\" decoding=\"async\" src=\"https:\/\/jornalfatosenoticias.com.br\/wp-content\/uploads\/2020\/02\/logo-embacia.jpg\" alt=\"\" class=\"wp-image-33905\" width=\"297\" height=\"297\"\/><\/figure><\/div>\n\n\n\n<p>A Dion\u00edsio.Ag, empresa respons\u00e1vel pela distribui\u00e7\u00e3o exclusiva da Airlite no Pa\u00eds, em parceria com a Chilli Beans, tamb\u00e9m testou o produto em S\u00e3o Paulo. A escultura de um \u00f3culos gigante exposta no Parque Ibirapuera foi pintada com a tinta, auxiliando na diminui\u00e7\u00e3o da polui\u00e7\u00e3o local. Agora, a obra est\u00e1 pr\u00f3xima \u00e0 ciclovia da Marginal Pinheiros.<\/p>\n\n\n\n<div class=\"wp-block-image\"><figure class=\"aligncenter size-large is-resized\"><img loading=\"lazy\" decoding=\"async\" src=\"https:\/\/jornalfatosenoticias.com.br\/wp-content\/uploads\/2022\/02\/Precisao-Contabilidade-1024x724.jpg\" alt=\"\" class=\"wp-image-28088\" width=\"313\" height=\"221\"\/><\/figure><\/div>\n\n\n\n<blockquote class=\"wp-block-quote is-layout-flow wp-block-quote-is-layout-flow\"><p><span class=\"has-inline-color has-luminous-vivid-orange-color\">A Airlite demonstrou resultados promissores e acreditamos que sua chegada ao Brasil ir\u00e1 abrir muitas outras portas para outras empresas, que se comprometem com o seu desempenho em rela\u00e7\u00e3o \u00e0s pr\u00e1ticas voltadas para o desenvolvimento sustent\u00e1vel\u201d, afirma Victor Barros, um dos fundadores da Dion\u00edsio.Ag.<\/span><\/p><\/blockquote>\n\n\n\n<div class=\"wp-block-image\"><figure class=\"aligncenter size-large\"><img loading=\"lazy\" decoding=\"async\" width=\"1024\" height=\"110\" src=\"https:\/\/jornalfatosenoticias.com.br\/wp-content\/uploads\/2022\/10\/Arte-jornal-Zucchi-1120x120_Prancheta-1-1024x110.jpg\" alt=\"\" class=\"wp-image-34772\" srcset=\"https:\/\/jornalfatosenoticias.com.br\/wp-content\/uploads\/2022\/10\/Arte-jornal-Zucchi-1120x120_Prancheta-1-1024x110.jpg 1024w, https:\/\/jornalfatosenoticias.com.br\/wp-content\/uploads\/2022\/10\/Arte-jornal-Zucchi-1120x120_Prancheta-1-300x32.jpg 300w, https:\/\/jornalfatosenoticias.com.br\/wp-content\/uploads\/2022\/10\/Arte-jornal-Zucchi-1120x120_Prancheta-1-768x82.jpg 768w, https:\/\/jornalfatosenoticias.com.br\/wp-content\/uploads\/2022\/10\/Arte-jornal-Zucchi-1120x120_Prancheta-1-1536x165.jpg 1536w, https:\/\/jornalfatosenoticias.com.br\/wp-content\/uploads\/2022\/10\/Arte-jornal-Zucchi-1120x120_Prancheta-1-2048x219.jpg 2048w\" sizes=\"auto, (max-width: 1024px) 100vw, 1024px\" \/><\/figure><\/div>\n\n\n\n<p>A s\u00f3cia Carol Paiffer tamb\u00e9m destaca a import\u00e2ncia da chegada do produto. \u201cUm dos principais desafios contempor\u00e2neos \u00e9 o aquecimento global, respons\u00e1vel pelas mudan\u00e7as clim\u00e1ticas que est\u00e3o causando desastres ambientais ao redor do mundo\u201d, afirma. <\/p>\n\n\n\n<div class=\"wp-block-image\"><figure class=\"aligncenter size-large\"><img loading=\"lazy\" decoding=\"async\" width=\"300\" height=\"270\" src=\"https:\/\/jornalfatosenoticias.com.br\/wp-content\/uploads\/2023\/03\/Crypton-1000-\u00d7-900-px-300x270-1.png\" alt=\"\" class=\"wp-image-40206\"\/><\/figure><\/div>\n\n\n\n<blockquote class=\"wp-block-quote is-layout-flow wp-block-quote-is-layout-flow\"><p><span class=\"has-inline-color has-luminous-vivid-orange-color\">\u00c9 nossa miss\u00e3o, come\u00e7ando dentro de casa, e tamb\u00e9m das empresas atuarem para mitigar essas consequ\u00eancias. A tecnologia antipolui\u00e7\u00e3o do produto coloca o mercado de tintas em um novo patamar de inova\u00e7\u00e3o\u201d, completa.<\/span><\/p><\/blockquote>\n\n\n\n<div class=\"wp-block-image\"><figure class=\"aligncenter size-large is-resized\"><img loading=\"lazy\" decoding=\"async\" src=\"https:\/\/jornalfatosenoticias.com.br\/wp-content\/uploads\/2023\/04\/baile.jpg\" alt=\"\" class=\"wp-image-40627\" width=\"312\" height=\"312\" srcset=\"https:\/\/jornalfatosenoticias.com.br\/wp-content\/uploads\/2023\/04\/baile.jpg 250w, https:\/\/jornalfatosenoticias.com.br\/wp-content\/uploads\/2023\/04\/baile-150x150.jpg 150w\" sizes=\"auto, (max-width: 312px) 100vw, 312px\" \/><\/figure><\/div>\n\n\n\n<p><strong><em>Fonte: <a href=\"https:\/\/ciclovivo.com.br\/inovacao\/negocios\/tinta-que-absorve-poluicao-e-comercializada-no-brasil\/\">CicloVivo<\/a><\/em><\/strong><\/p>\n","protected":false},"excerpt":{"rendered":"<p>Criado por cientistas italianos, produto tamb\u00e9m \u00e9 capaz de \u201cengolir\u201d bact\u00e9rias e v\u00edrus Uma tinta antipolui\u00e7\u00e3o come\u00e7ou a ser comercializada no Brasil. Desenvolvida por cientistas da Universidade de Roma La Sapienza, na It\u00e1lia, a tinta \u00e9 capaz de diminuir em at\u00e9 51% a presen\u00e7a dos gases poluentes na atmosfera. O produto, apelidado de Airlite, utiliza [&hellip;]<\/p>\n","protected":false},"author":2,"featured_media":40719,"comment_status":"open","ping_status":"open","sticky":false,"template":"","format":"standard","meta":{"footnotes":""},"categories":[744,3],"tags":[19082,19086,597,1279,19083,19084,19087,19085],"class_list":["post-40718","post","type-post","status-publish","format-standard","has-post-thumbnail","hentry","category-arq-urbanismo","category-tecnologia","tag-airlite","tag-bacterias-e-virus","tag-brasil","tag-poluicao","tag-tinta-ecologica","tag-tinta-natural","tag-tinta-que-absorve-poluicao","tag-tinta-resfria"],"yoast_head":"<!-- This site is optimized with the Yoast SEO plugin v26.5 - https:\/\/yoast.com\/wordpress\/plugins\/seo\/ -->\n<title>Tinta que absorve polui\u00e7\u00e3o \u00e9 comercializada no Brasil - Jornal Fatos e Not\u00edcias<\/title>\n<meta name=\"robots\" content=\"index, follow, max-snippet:-1, max-image-preview:large, max-video-preview:-1\" \/>\n<link rel=\"canonical\" href=\"https:\/\/jornalfatosenoticias.com.br\/index.php\/2023\/04\/19\/tinta-que-absorve-poluicao-e-comercializada-no-brasil\/\" \/>\n<meta property=\"og:locale\" content=\"pt_BR\" \/>\n<meta property=\"og:type\" content=\"article\" \/>\n<meta property=\"og:title\" content=\"Tinta que absorve polui\u00e7\u00e3o \u00e9 comercializada no Brasil - Jornal Fatos e Not\u00edcias\" \/>\n<meta property=\"og:description\" content=\"Criado por cientistas italianos, produto tamb\u00e9m \u00e9 capaz de \u201cengolir\u201d bact\u00e9rias e v\u00edrus Uma tinta antipolui\u00e7\u00e3o come\u00e7ou a ser comercializada no Brasil. Desenvolvida por cientistas da Universidade de Roma La Sapienza, na It\u00e1lia, a tinta \u00e9 capaz de diminuir em at\u00e9 51% a presen\u00e7a dos gases poluentes na atmosfera. O produto, apelidado de Airlite, utiliza [&hellip;]\" \/>\n<meta property=\"og:url\" content=\"https:\/\/jornalfatosenoticias.com.br\/index.php\/2023\/04\/19\/tinta-que-absorve-poluicao-e-comercializada-no-brasil\/\" \/>\n<meta property=\"og:site_name\" content=\"Jornal Fatos e Not\u00edcias\" \/>\n<meta property=\"article:published_time\" content=\"2023-04-19T12:18:36+00:00\" \/>\n<meta property=\"article:modified_time\" content=\"2023-04-19T12:18:37+00:00\" \/>\n<meta property=\"og:image\" content=\"https:\/\/jornalfatosenoticias.com.br\/wp-content\/uploads\/2023\/04\/tinta-poluicao-1.jpg\" \/>\n\t<meta property=\"og:image:width\" content=\"1000\" \/>\n\t<meta property=\"og:image:height\" content=\"612\" \/>\n\t<meta property=\"og:image:type\" content=\"image\/jpeg\" \/>\n<meta name=\"author\" content=\"Luzimara Fernandes\" \/>\n<meta name=\"twitter:card\" content=\"summary_large_image\" \/>\n<meta name=\"twitter:label1\" content=\"Escrito por\" \/>\n\t<meta name=\"twitter:data1\" content=\"Luzimara Fernandes\" \/>\n\t<meta name=\"twitter:label2\" content=\"Est. tempo de leitura\" \/>\n\t<meta name=\"twitter:data2\" content=\"2 minutos\" \/>\n<script type=\"application\/ld+json\" class=\"yoast-schema-graph\">{\"@context\":\"https:\/\/schema.org\",\"@graph\":[{\"@type\":\"Article\",\"@id\":\"https:\/\/jornalfatosenoticias.com.br\/index.php\/2023\/04\/19\/tinta-que-absorve-poluicao-e-comercializada-no-brasil\/#article\",\"isPartOf\":{\"@id\":\"https:\/\/jornalfatosenoticias.com.br\/index.php\/2023\/04\/19\/tinta-que-absorve-poluicao-e-comercializada-no-brasil\/\"},\"author\":{\"name\":\"Luzimara Fernandes\",\"@id\":\"https:\/\/jornalfatosenoticias.com.br\/#\/schema\/person\/d63837fa13ac8666eb9e74e0985d6f81\"},\"headline\":\"Tinta que absorve polui\u00e7\u00e3o \u00e9 comercializada no Brasil\",\"datePublished\":\"2023-04-19T12:18:36+00:00\",\"dateModified\":\"2023-04-19T12:18:37+00:00\",\"mainEntityOfPage\":{\"@id\":\"https:\/\/jornalfatosenoticias.com.br\/index.php\/2023\/04\/19\/tinta-que-absorve-poluicao-e-comercializada-no-brasil\/\"},\"wordCount\":452,\"commentCount\":0,\"publisher\":{\"@id\":\"https:\/\/jornalfatosenoticias.com.br\/#organization\"},\"image\":{\"@id\":\"https:\/\/jornalfatosenoticias.com.br\/index.php\/2023\/04\/19\/tinta-que-absorve-poluicao-e-comercializada-no-brasil\/#primaryimage\"},\"thumbnailUrl\":\"https:\/\/jornalfatosenoticias.com.br\/wp-content\/uploads\/2023\/04\/tinta-poluicao-1.jpg\",\"keywords\":[\"Airlite\",\"bact\u00e9rias e v\u00edrus\",\"Brasil\",\"polui\u00e7\u00e3o\",\"tinta ecol\u00f3gica\",\"tinta natural\",\"tinta que absorve polui\u00e7\u00e3o\",\"tinta resfria\"],\"articleSection\":[\"Arq &amp; Urb\",\"Tecnologia &amp; Inova\u00e7\u00e3o\"],\"inLanguage\":\"pt-BR\",\"potentialAction\":[{\"@type\":\"CommentAction\",\"name\":\"Comment\",\"target\":[\"https:\/\/jornalfatosenoticias.com.br\/index.php\/2023\/04\/19\/tinta-que-absorve-poluicao-e-comercializada-no-brasil\/#respond\"]}]},{\"@type\":\"WebPage\",\"@id\":\"https:\/\/jornalfatosenoticias.com.br\/index.php\/2023\/04\/19\/tinta-que-absorve-poluicao-e-comercializada-no-brasil\/\",\"url\":\"https:\/\/jornalfatosenoticias.com.br\/index.php\/2023\/04\/19\/tinta-que-absorve-poluicao-e-comercializada-no-brasil\/\",\"name\":\"Tinta que absorve polui\u00e7\u00e3o \u00e9 comercializada no Brasil - Jornal Fatos e Not\u00edcias\",\"isPartOf\":{\"@id\":\"https:\/\/jornalfatosenoticias.com.br\/#website\"},\"primaryImageOfPage\":{\"@id\":\"https:\/\/jornalfatosenoticias.com.br\/index.php\/2023\/04\/19\/tinta-que-absorve-poluicao-e-comercializada-no-brasil\/#primaryimage\"},\"image\":{\"@id\":\"https:\/\/jornalfatosenoticias.com.br\/index.php\/2023\/04\/19\/tinta-que-absorve-poluicao-e-comercializada-no-brasil\/#primaryimage\"},\"thumbnailUrl\":\"https:\/\/jornalfatosenoticias.com.br\/wp-content\/uploads\/2023\/04\/tinta-poluicao-1.jpg\",\"datePublished\":\"2023-04-19T12:18:36+00:00\",\"dateModified\":\"2023-04-19T12:18:37+00:00\",\"breadcrumb\":{\"@id\":\"https:\/\/jornalfatosenoticias.com.br\/index.php\/2023\/04\/19\/tinta-que-absorve-poluicao-e-comercializada-no-brasil\/#breadcrumb\"},\"inLanguage\":\"pt-BR\",\"potentialAction\":[{\"@type\":\"ReadAction\",\"target\":[\"https:\/\/jornalfatosenoticias.com.br\/index.php\/2023\/04\/19\/tinta-que-absorve-poluicao-e-comercializada-no-brasil\/\"]}]},{\"@type\":\"ImageObject\",\"inLanguage\":\"pt-BR\",\"@id\":\"https:\/\/jornalfatosenoticias.com.br\/index.php\/2023\/04\/19\/tinta-que-absorve-poluicao-e-comercializada-no-brasil\/#primaryimage\",\"url\":\"https:\/\/jornalfatosenoticias.com.br\/wp-content\/uploads\/2023\/04\/tinta-poluicao-1.jpg\",\"contentUrl\":\"https:\/\/jornalfatosenoticias.com.br\/wp-content\/uploads\/2023\/04\/tinta-poluicao-1.jpg\",\"width\":1000,\"height\":612},{\"@type\":\"BreadcrumbList\",\"@id\":\"https:\/\/jornalfatosenoticias.com.br\/index.php\/2023\/04\/19\/tinta-que-absorve-poluicao-e-comercializada-no-brasil\/#breadcrumb\",\"itemListElement\":[{\"@type\":\"ListItem\",\"position\":1,\"name\":\"In\u00edcio\",\"item\":\"https:\/\/jornalfatosenoticias.com.br\/\"},{\"@type\":\"ListItem\",\"position\":2,\"name\":\"Tinta que absorve polui\u00e7\u00e3o \u00e9 comercializada no Brasil\"}]},{\"@type\":\"WebSite\",\"@id\":\"https:\/\/jornalfatosenoticias.com.br\/#website\",\"url\":\"https:\/\/jornalfatosenoticias.com.br\/\",\"name\":\"Jornal Fatos e Not\u00edcias\",\"description\":\"Not\u00edcias em geral\",\"publisher\":{\"@id\":\"https:\/\/jornalfatosenoticias.com.br\/#organization\"},\"potentialAction\":[{\"@type\":\"SearchAction\",\"target\":{\"@type\":\"EntryPoint\",\"urlTemplate\":\"https:\/\/jornalfatosenoticias.com.br\/?s={search_term_string}\"},\"query-input\":{\"@type\":\"PropertyValueSpecification\",\"valueRequired\":true,\"valueName\":\"search_term_string\"}}],\"inLanguage\":\"pt-BR\"},{\"@type\":\"Organization\",\"@id\":\"https:\/\/jornalfatosenoticias.com.br\/#organization\",\"name\":\"Jornal Fatos e Not\u00edcias\",\"url\":\"https:\/\/jornalfatosenoticias.com.br\/\",\"logo\":{\"@type\":\"ImageObject\",\"inLanguage\":\"pt-BR\",\"@id\":\"https:\/\/jornalfatosenoticias.com.br\/#\/schema\/logo\/image\/\",\"url\":\"https:\/\/jornalfatosenoticias.com.br\/wp-content\/uploads\/2020\/02\/logo120.png\",\"contentUrl\":\"https:\/\/jornalfatosenoticias.com.br\/wp-content\/uploads\/2020\/02\/logo120.png\",\"width\":1227,\"height\":120,\"caption\":\"Jornal Fatos e Not\u00edcias\"},\"image\":{\"@id\":\"https:\/\/jornalfatosenoticias.com.br\/#\/schema\/logo\/image\/\"}},{\"@type\":\"Person\",\"@id\":\"https:\/\/jornalfatosenoticias.com.br\/#\/schema\/person\/d63837fa13ac8666eb9e74e0985d6f81\",\"name\":\"Luzimara Fernandes\",\"image\":{\"@type\":\"ImageObject\",\"inLanguage\":\"pt-BR\",\"@id\":\"https:\/\/jornalfatosenoticias.com.br\/#\/schema\/person\/image\/\",\"url\":\"https:\/\/jornalfatosenoticias.com.br\/wp-content\/uploads\/2025\/05\/EU_portal.jpg\",\"contentUrl\":\"https:\/\/jornalfatosenoticias.com.br\/wp-content\/uploads\/2025\/05\/EU_portal.jpg\",\"caption\":\"Luzimara Fernandes\"},\"description\":\"Jornalista MTB 2358-ES\",\"sameAs\":[\"https:\/\/jornalfatosenoticias.com.br\"],\"url\":\"https:\/\/jornalfatosenoticias.com.br\/index.php\/author\/luzimara\/\"}]}<\/script>\n<!-- \/ Yoast SEO plugin. -->","yoast_head_json":{"title":"Tinta que absorve polui\u00e7\u00e3o \u00e9 comercializada no Brasil - Jornal Fatos e Not\u00edcias","robots":{"index":"index","follow":"follow","max-snippet":"max-snippet:-1","max-image-preview":"max-image-preview:large","max-video-preview":"max-video-preview:-1"},"canonical":"https:\/\/jornalfatosenoticias.com.br\/index.php\/2023\/04\/19\/tinta-que-absorve-poluicao-e-comercializada-no-brasil\/","og_locale":"pt_BR","og_type":"article","og_title":"Tinta que absorve polui\u00e7\u00e3o \u00e9 comercializada no Brasil - Jornal Fatos e Not\u00edcias","og_description":"Criado por cientistas italianos, produto tamb\u00e9m \u00e9 capaz de \u201cengolir\u201d bact\u00e9rias e v\u00edrus Uma tinta antipolui\u00e7\u00e3o come\u00e7ou a ser comercializada no Brasil. Desenvolvida por cientistas da Universidade de Roma La Sapienza, na It\u00e1lia, a tinta \u00e9 capaz de diminuir em at\u00e9 51% a presen\u00e7a dos gases poluentes na atmosfera. O produto, apelidado de Airlite, utiliza [&hellip;]","og_url":"https:\/\/jornalfatosenoticias.com.br\/index.php\/2023\/04\/19\/tinta-que-absorve-poluicao-e-comercializada-no-brasil\/","og_site_name":"Jornal Fatos e Not\u00edcias","article_published_time":"2023-04-19T12:18:36+00:00","article_modified_time":"2023-04-19T12:18:37+00:00","og_image":[{"width":1000,"height":612,"url":"https:\/\/jornalfatosenoticias.com.br\/wp-content\/uploads\/2023\/04\/tinta-poluicao-1.jpg","type":"image\/jpeg"}],"author":"Luzimara Fernandes","twitter_card":"summary_large_image","twitter_misc":{"Escrito por":"Luzimara Fernandes","Est. tempo de leitura":"2 minutos"},"schema":{"@context":"https:\/\/schema.org","@graph":[{"@type":"Article","@id":"https:\/\/jornalfatosenoticias.com.br\/index.php\/2023\/04\/19\/tinta-que-absorve-poluicao-e-comercializada-no-brasil\/#article","isPartOf":{"@id":"https:\/\/jornalfatosenoticias.com.br\/index.php\/2023\/04\/19\/tinta-que-absorve-poluicao-e-comercializada-no-brasil\/"},"author":{"name":"Luzimara Fernandes","@id":"https:\/\/jornalfatosenoticias.com.br\/#\/schema\/person\/d63837fa13ac8666eb9e74e0985d6f81"},"headline":"Tinta que absorve polui\u00e7\u00e3o \u00e9 comercializada no Brasil","datePublished":"2023-04-19T12:18:36+00:00","dateModified":"2023-04-19T12:18:37+00:00","mainEntityOfPage":{"@id":"https:\/\/jornalfatosenoticias.com.br\/index.php\/2023\/04\/19\/tinta-que-absorve-poluicao-e-comercializada-no-brasil\/"},"wordCount":452,"commentCount":0,"publisher":{"@id":"https:\/\/jornalfatosenoticias.com.br\/#organization"},"image":{"@id":"https:\/\/jornalfatosenoticias.com.br\/index.php\/2023\/04\/19\/tinta-que-absorve-poluicao-e-comercializada-no-brasil\/#primaryimage"},"thumbnailUrl":"https:\/\/jornalfatosenoticias.com.br\/wp-content\/uploads\/2023\/04\/tinta-poluicao-1.jpg","keywords":["Airlite","bact\u00e9rias e v\u00edrus","Brasil","polui\u00e7\u00e3o","tinta ecol\u00f3gica","tinta natural","tinta que absorve polui\u00e7\u00e3o","tinta resfria"],"articleSection":["Arq &amp; Urb","Tecnologia &amp; Inova\u00e7\u00e3o"],"inLanguage":"pt-BR","potentialAction":[{"@type":"CommentAction","name":"Comment","target":["https:\/\/jornalfatosenoticias.com.br\/index.php\/2023\/04\/19\/tinta-que-absorve-poluicao-e-comercializada-no-brasil\/#respond"]}]},{"@type":"WebPage","@id":"https:\/\/jornalfatosenoticias.com.br\/index.php\/2023\/04\/19\/tinta-que-absorve-poluicao-e-comercializada-no-brasil\/","url":"https:\/\/jornalfatosenoticias.com.br\/index.php\/2023\/04\/19\/tinta-que-absorve-poluicao-e-comercializada-no-brasil\/","name":"Tinta que absorve polui\u00e7\u00e3o \u00e9 comercializada no Brasil - Jornal Fatos e Not\u00edcias","isPartOf":{"@id":"https:\/\/jornalfatosenoticias.com.br\/#website"},"primaryImageOfPage":{"@id":"https:\/\/jornalfatosenoticias.com.br\/index.php\/2023\/04\/19\/tinta-que-absorve-poluicao-e-comercializada-no-brasil\/#primaryimage"},"image":{"@id":"https:\/\/jornalfatosenoticias.com.br\/index.php\/2023\/04\/19\/tinta-que-absorve-poluicao-e-comercializada-no-brasil\/#primaryimage"},"thumbnailUrl":"https:\/\/jornalfatosenoticias.com.br\/wp-content\/uploads\/2023\/04\/tinta-poluicao-1.jpg","datePublished":"2023-04-19T12:18:36+00:00","dateModified":"2023-04-19T12:18:37+00:00","breadcrumb":{"@id":"https:\/\/jornalfatosenoticias.com.br\/index.php\/2023\/04\/19\/tinta-que-absorve-poluicao-e-comercializada-no-brasil\/#breadcrumb"},"inLanguage":"pt-BR","potentialAction":[{"@type":"ReadAction","target":["https:\/\/jornalfatosenoticias.com.br\/index.php\/2023\/04\/19\/tinta-que-absorve-poluicao-e-comercializada-no-brasil\/"]}]},{"@type":"ImageObject","inLanguage":"pt-BR","@id":"https:\/\/jornalfatosenoticias.com.br\/index.php\/2023\/04\/19\/tinta-que-absorve-poluicao-e-comercializada-no-brasil\/#primaryimage","url":"https:\/\/jornalfatosenoticias.com.br\/wp-content\/uploads\/2023\/04\/tinta-poluicao-1.jpg","contentUrl":"https:\/\/jornalfatosenoticias.com.br\/wp-content\/uploads\/2023\/04\/tinta-poluicao-1.jpg","width":1000,"height":612},{"@type":"BreadcrumbList","@id":"https:\/\/jornalfatosenoticias.com.br\/index.php\/2023\/04\/19\/tinta-que-absorve-poluicao-e-comercializada-no-brasil\/#breadcrumb","itemListElement":[{"@type":"ListItem","position":1,"name":"In\u00edcio","item":"https:\/\/jornalfatosenoticias.com.br\/"},{"@type":"ListItem","position":2,"name":"Tinta que absorve polui\u00e7\u00e3o \u00e9 comercializada no Brasil"}]},{"@type":"WebSite","@id":"https:\/\/jornalfatosenoticias.com.br\/#website","url":"https:\/\/jornalfatosenoticias.com.br\/","name":"Jornal Fatos e Not\u00edcias","description":"Not\u00edcias em geral","publisher":{"@id":"https:\/\/jornalfatosenoticias.com.br\/#organization"},"potentialAction":[{"@type":"SearchAction","target":{"@type":"EntryPoint","urlTemplate":"https:\/\/jornalfatosenoticias.com.br\/?s={search_term_string}"},"query-input":{"@type":"PropertyValueSpecification","valueRequired":true,"valueName":"search_term_string"}}],"inLanguage":"pt-BR"},{"@type":"Organization","@id":"https:\/\/jornalfatosenoticias.com.br\/#organization","name":"Jornal Fatos e Not\u00edcias","url":"https:\/\/jornalfatosenoticias.com.br\/","logo":{"@type":"ImageObject","inLanguage":"pt-BR","@id":"https:\/\/jornalfatosenoticias.com.br\/#\/schema\/logo\/image\/","url":"https:\/\/jornalfatosenoticias.com.br\/wp-content\/uploads\/2020\/02\/logo120.png","contentUrl":"https:\/\/jornalfatosenoticias.com.br\/wp-content\/uploads\/2020\/02\/logo120.png","width":1227,"height":120,"caption":"Jornal Fatos e Not\u00edcias"},"image":{"@id":"https:\/\/jornalfatosenoticias.com.br\/#\/schema\/logo\/image\/"}},{"@type":"Person","@id":"https:\/\/jornalfatosenoticias.com.br\/#\/schema\/person\/d63837fa13ac8666eb9e74e0985d6f81","name":"Luzimara Fernandes","image":{"@type":"ImageObject","inLanguage":"pt-BR","@id":"https:\/\/jornalfatosenoticias.com.br\/#\/schema\/person\/image\/","url":"https:\/\/jornalfatosenoticias.com.br\/wp-content\/uploads\/2025\/05\/EU_portal.jpg","contentUrl":"https:\/\/jornalfatosenoticias.com.br\/wp-content\/uploads\/2025\/05\/EU_portal.jpg","caption":"Luzimara Fernandes"},"description":"Jornalista MTB 2358-ES","sameAs":["https:\/\/jornalfatosenoticias.com.br"],"url":"https:\/\/jornalfatosenoticias.com.br\/index.php\/author\/luzimara\/"}]}},"cc_featured_image_caption":{"caption_text":"(Foto: Divulga\u00e7\u00e3o\/Airlite) ","source_text":"","source_url":""},"jetpack_featured_media_url":"https:\/\/jornalfatosenoticias.com.br\/wp-content\/uploads\/2023\/04\/tinta-poluicao-1.jpg","_links":{"self":[{"href":"https:\/\/jornalfatosenoticias.com.br\/index.php\/wp-json\/wp\/v2\/posts\/40718","targetHints":{"allow":["GET"]}}],"collection":[{"href":"https:\/\/jornalfatosenoticias.com.br\/index.php\/wp-json\/wp\/v2\/posts"}],"about":[{"href":"https:\/\/jornalfatosenoticias.com.br\/index.php\/wp-json\/wp\/v2\/types\/post"}],"author":[{"embeddable":true,"href":"https:\/\/jornalfatosenoticias.com.br\/index.php\/wp-json\/wp\/v2\/users\/2"}],"replies":[{"embeddable":true,"href":"https:\/\/jornalfatosenoticias.com.br\/index.php\/wp-json\/wp\/v2\/comments?post=40718"}],"version-history":[{"count":0,"href":"https:\/\/jornalfatosenoticias.com.br\/index.php\/wp-json\/wp\/v2\/posts\/40718\/revisions"}],"wp:featuredmedia":[{"embeddable":true,"href":"https:\/\/jornalfatosenoticias.com.br\/index.php\/wp-json\/wp\/v2\/media\/40719"}],"wp:attachment":[{"href":"https:\/\/jornalfatosenoticias.com.br\/index.php\/wp-json\/wp\/v2\/media?parent=40718"}],"wp:term":[{"taxonomy":"category","embeddable":true,"href":"https:\/\/jornalfatosenoticias.com.br\/index.php\/wp-json\/wp\/v2\/categories?post=40718"},{"taxonomy":"post_tag","embeddable":true,"href":"https:\/\/jornalfatosenoticias.com.br\/index.php\/wp-json\/wp\/v2\/tags?post=40718"}],"curies":[{"name":"wp","href":"https:\/\/api.w.org\/{rel}","templated":true}]}}