{"id":40765,"date":"2023-04-20T09:07:48","date_gmt":"2023-04-20T12:07:48","guid":{"rendered":"https:\/\/jornalfatosenoticias.com.br\/?p=40765"},"modified":"2023-04-20T09:17:48","modified_gmt":"2023-04-20T12:17:48","slug":"venezuela-onde-945-da-populacao-esta-afundada-na-pobreza","status":"publish","type":"post","link":"https:\/\/jornalfatosenoticias.com.br\/index.php\/2023\/04\/20\/venezuela-onde-945-da-populacao-esta-afundada-na-pobreza\/","title":{"rendered":"Venezuela, onde 94,5% da popula\u00e7\u00e3o est\u00e1 afundada na pobreza"},"content":{"rendered":"\n<p><em><span class=\"has-inline-color has-black-color\">Entre as d\u00e9cadas de 50 e 80, o pa\u00eds era muito diferente da ca\u00f3tica situa\u00e7\u00e3o que se encontra nos dias atuais<\/span><\/em><\/p>\n\n\n\n<div class=\"wp-block-image\"><figure class=\"aligncenter size-large\"><img loading=\"lazy\" decoding=\"async\" width=\"729\" height=\"90\" src=\"https:\/\/jornalfatosenoticias.com.br\/wp-content\/uploads\/2020\/02\/Logo_Mizu.png\" alt=\"\" class=\"wp-image-1441\" srcset=\"https:\/\/jornalfatosenoticias.com.br\/wp-content\/uploads\/2020\/02\/Logo_Mizu.png 729w, https:\/\/jornalfatosenoticias.com.br\/wp-content\/uploads\/2020\/02\/Logo_Mizu-300x37.png 300w\" sizes=\"auto, (max-width: 729px) 100vw, 729px\" \/><\/figure><\/div>\n\n\n\n<p>Sabemos que com Hugo Ch\u00e1vez, em 2006, a chamada Revolu\u00e7\u00e3o Bolivariana levou a Venezuela \u00e0 bancarrota. Para quem v\u00ea, hoje, a mis\u00e9ria reinando no nosso pa\u00eds vizinho n\u00e3o imagina que a popula\u00e7\u00e3o venezuelana tinha o maior poder de compra entre os pa\u00edses da Am\u00e9rica Latina, chegando at\u00e9 tr\u00eas vezes que o nosso, aqui no Brasil.<br>Surpreendentemente, entre as d\u00e9cadas de 50 e 80, o pa\u00eds era muito diferente da ca\u00f3tica situa\u00e7\u00e3o que se encontra nos dias atuais. Mas o que leva um pa\u00eds com tanta riqueza perecer economicamente, submetendo seus cidad\u00e3os a todo tipo de humilha\u00e7\u00e3o, ceifando sonhos e impondo a mis\u00e9ria e a fome ao seu povo sem nenhuma piedade?<\/p>\n\n\n\n<div class=\"wp-block-image\"><figure class=\"aligncenter size-large is-resized\"><img loading=\"lazy\" decoding=\"async\" src=\"https:\/\/jornalfatosenoticias.com.br\/wp-content\/uploads\/2022\/10\/Arte-jornal-Zucchi-600x600_Prancheta-1-1024x1024.jpg\" alt=\"\" class=\"wp-image-34782\" width=\"277\" height=\"277\" srcset=\"https:\/\/jornalfatosenoticias.com.br\/wp-content\/uploads\/2022\/10\/Arte-jornal-Zucchi-600x600_Prancheta-1-1024x1024.jpg 1024w, https:\/\/jornalfatosenoticias.com.br\/wp-content\/uploads\/2022\/10\/Arte-jornal-Zucchi-600x600_Prancheta-1-300x300.jpg 300w, https:\/\/jornalfatosenoticias.com.br\/wp-content\/uploads\/2022\/10\/Arte-jornal-Zucchi-600x600_Prancheta-1-150x150.jpg 150w, https:\/\/jornalfatosenoticias.com.br\/wp-content\/uploads\/2022\/10\/Arte-jornal-Zucchi-600x600_Prancheta-1-768x768.jpg 768w, https:\/\/jornalfatosenoticias.com.br\/wp-content\/uploads\/2022\/10\/Arte-jornal-Zucchi-600x600_Prancheta-1.jpg 1250w\" sizes=\"auto, (max-width: 277px) 100vw, 277px\" \/><\/figure><\/div>\n\n\n\n<p>Segundo uma mat\u00e9ria da Revista Oeste, o pa\u00eds que levou quase a totalidade da popula\u00e7\u00e3o para baixo da linha da mis\u00e9ria, nos seus anos dourados era chamada de Venezuela Saudita, por ter a maior reserva de petr\u00f3leo do mundo. Os venezuelanos eram considerados os maiores consumidores de u\u00edsque do mundo. Entre 1959 e 1983, o desemprego no pa\u00eds era um dos mais baixos da regi\u00e3o. No mesmo per\u00edodo, o crescimento m\u00e9dio do pa\u00eds foi superior a 4% ao ano, e a infla\u00e7\u00e3o era menor do que a registrada nos pa\u00edses vizinhos.<br>Para entender um pouco mais a realidade vivida pelos nossos irm\u00e3os e vizinhos venezuelanos convidei, na \u00faltima ter\u00e7a-feira (18), o casal de universit\u00e1rios Luis Rengifo e Naimed Lara, ambos estudantes de engenharia e naturais da cidade de Carabobo (Venezuela), para um caf\u00e9 em minha casa.<\/p>\n\n\n\n<div class=\"wp-block-image\"><figure class=\"aligncenter size-large\"><img loading=\"lazy\" decoding=\"async\" width=\"1000\" height=\"628\" src=\"https:\/\/jornalfatosenoticias.com.br\/wp-content\/uploads\/2023\/04\/DSC_0823.jpg\" alt=\"\" class=\"wp-image-40766\" srcset=\"https:\/\/jornalfatosenoticias.com.br\/wp-content\/uploads\/2023\/04\/DSC_0823.jpg 1000w, https:\/\/jornalfatosenoticias.com.br\/wp-content\/uploads\/2023\/04\/DSC_0823-300x188.jpg 300w, https:\/\/jornalfatosenoticias.com.br\/wp-content\/uploads\/2023\/04\/DSC_0823-768x482.jpg 768w, https:\/\/jornalfatosenoticias.com.br\/wp-content\/uploads\/2023\/04\/DSC_0823-350x220.jpg 350w\" sizes=\"auto, (max-width: 1000px) 100vw, 1000px\" \/><figcaption><em><span class=\"has-inline-color has-black-color\">Luis Rengifo e sua esposa, Naimed Lara. Casal fugiu da ditadura de Maduro (Foto: Ton Costa\/Fatos &amp; Not\u00edcias)<\/span><\/em><\/figcaption><\/figure><\/div>\n\n\n\n<div class=\"wp-block-image\"><figure class=\"aligncenter size-large is-resized\"><img loading=\"lazy\" decoding=\"async\" src=\"https:\/\/jornalfatosenoticias.com.br\/wp-content\/uploads\/2022\/07\/Logo-Grupo-SEI.jpg\" alt=\"\" class=\"wp-image-31973\" width=\"315\" height=\"165\" srcset=\"https:\/\/jornalfatosenoticias.com.br\/wp-content\/uploads\/2022\/07\/Logo-Grupo-SEI.jpg 713w, https:\/\/jornalfatosenoticias.com.br\/wp-content\/uploads\/2022\/07\/Logo-Grupo-SEI-300x158.jpg 300w\" sizes=\"auto, (max-width: 315px) 100vw, 315px\" \/><\/figure><\/div>\n\n\n\n<p>Quando falei que havia feito uma pesquisa e que num passado n\u00e3o muito longe os venezuelanos tinham um dos maiores poder de compra da Am\u00e9rica Latina, os pr\u00e9dios eram altos para a \u00e9poca, as rodovias largas e os hot\u00e9is eram considerados um \u201cluxo em um para\u00edso tropical\u201d, Lu\u00eds foi pragm\u00e1tico ao me interromper com as seguintes palavras <em>\u201cas cosias mudam\u2026 Na \u00faltima elei\u00e7\u00e3o aqui no Pa\u00eds de voc\u00eas, os brasileiros optaram por um sistema que conhecemos muito bem. Claro que n\u00e3o foi un\u00e2nime, mas, infelizmente, todos poder\u00e3o passar pelo que n\u00f3s, venezuelanos, conhecemos bem. A coisa \u00e9 feia! O regime n\u00e3o perdoa quem se op\u00f5e, toda fam\u00edlia sofre nas m\u00e3os dos militares que apoiam o sistema. O triste \u00e9 que, justamente quem deveria proteger o povo, \u00e9 quem o oprime\u201d, lamentou acrescentando que \u201ca m\u00eddia n\u00e3o retrata os fatos de que mais de 80% da popula\u00e7\u00e3o venezuelana vive quase na extrema pobreza, sen\u00e3o vivendo na extrema pobreza\u201d, afirma.<\/em><\/p>\n\n\n\n<div class=\"wp-block-image\"><figure class=\"aligncenter size-large\"><img decoding=\"async\" src=\"https:\/\/jornalfatosenoticias.com.br\/wp-content\/uploads\/2020\/02\/barao-das-carnes-300x164-1.jpg\" alt=\"\" class=\"wp-image-34339\"\/><\/figure><\/div>\n\n\n\n<p>Luis lembra que, no per\u00edodo de Hugo Ch\u00e1vez, apesar de sua pouca idade na \u00e9poca, as coisas eram menos piores o que a esposa Naimed Lara, confirma. \u201cNessa \u00e9poca as pessoas compravam carro, m\u00f3veis, eletrodom\u00e9stico, casa e at\u00e9 passeavam. Isso tudo ajudava a fomentar a economia e, hoje, nada disso acontece\u201d.<br>Para o casal, Nicol\u00e1s Maduro \u00e9 a grande praga para o pa\u00eds. <\/p>\n\n\n\n<div class=\"wp-block-image\"><figure class=\"aligncenter size-large\"><img loading=\"lazy\" decoding=\"async\" width=\"1000\" height=\"666\" src=\"https:\/\/jornalfatosenoticias.com.br\/wp-content\/uploads\/2023\/04\/DSC_0821.jpg\" alt=\"\" class=\"wp-image-40767\" srcset=\"https:\/\/jornalfatosenoticias.com.br\/wp-content\/uploads\/2023\/04\/DSC_0821.jpg 1000w, https:\/\/jornalfatosenoticias.com.br\/wp-content\/uploads\/2023\/04\/DSC_0821-300x200.jpg 300w, https:\/\/jornalfatosenoticias.com.br\/wp-content\/uploads\/2023\/04\/DSC_0821-768x511.jpg 768w\" sizes=\"auto, (max-width: 1000px) 100vw, 1000px\" \/><figcaption><em><span class=\"has-inline-color has-black-color\">Luis Rengifo e sua esposa, Naimed Lara. Casal fugiu da ditadura de Maduro (Foto: Ton Costa\/Fatos &amp; Not\u00edcias)<\/span><\/em><\/figcaption><\/figure><\/div>\n\n\n\n<blockquote class=\"wp-block-quote is-layout-flow wp-block-quote-is-layout-flow\"><p><span class=\"has-inline-color has-luminous-vivid-orange-color\">O governo de Maduro \u00e9 corrupto, entrou roubando e continua roubando, enquanto a popula\u00e7\u00e3o, a cada dia que passa, fica mais miser\u00e1vel\u201d.<\/span><\/p><\/blockquote>\n\n\n\n<div class=\"wp-block-image\"><figure class=\"aligncenter size-large is-resized\"><img loading=\"lazy\" decoding=\"async\" src=\"https:\/\/jornalfatosenoticias.com.br\/wp-content\/uploads\/2023\/04\/baile.jpg\" alt=\"\" class=\"wp-image-40627\" width=\"293\" height=\"293\" srcset=\"https:\/\/jornalfatosenoticias.com.br\/wp-content\/uploads\/2023\/04\/baile.jpg 250w, https:\/\/jornalfatosenoticias.com.br\/wp-content\/uploads\/2023\/04\/baile-150x150.jpg 150w\" sizes=\"auto, (max-width: 293px) 100vw, 293px\" \/><\/figure><\/div>\n\n\n\n<p>Lara cita que quando Hugo Ch\u00e1vez morreu, j\u00e1 nos primeiros meses de governo do ditador Maduro, o povo se revoltou uma vez que ele n\u00e3o estava conseguindo cumprir o que prometeu. Na \u00e9poca, est\u00e1vamos na faculdade e sempre que o povo se juntava para exigir seus diretos, n\u00f3s, estudantes, particip\u00e1vamos das \u201cguarimbas\u201d (protestos) e sempre \u00e9ramos atacados com bombas e todo tipo de armamento pelos soldados que apoiavam o governo Nicol\u00e1s Maduro e a\u00ed muitas mortes ocorriam. Propositalmente, carros militares atropelavam e disparavam tiros contra estudantes, senhores e senhoras e at\u00e9 os idosos sofreram por estarem apenas lutando pelos seus mais b\u00e1sicos direitos\u201d, diz, fazendo um paralelo com os atos de 8 de janeiro ocorridos no Brasil.<\/p>\n\n\n\n<div class=\"wp-block-image\"><figure class=\"aligncenter size-large is-resized\"><img loading=\"lazy\" decoding=\"async\" src=\"https:\/\/jornalfatosenoticias.com.br\/wp-content\/uploads\/2022\/10\/RC_800x750_page-0001.jpg\" alt=\"\" class=\"wp-image-35338\" width=\"288\" height=\"270\" srcset=\"https:\/\/jornalfatosenoticias.com.br\/wp-content\/uploads\/2022\/10\/RC_800x750_page-0001.jpg 400w, https:\/\/jornalfatosenoticias.com.br\/wp-content\/uploads\/2022\/10\/RC_800x750_page-0001-300x281.jpg 300w\" sizes=\"auto, (max-width: 288px) 100vw, 288px\" \/><\/figure><\/div>\n\n\n\n<blockquote class=\"wp-block-quote is-layout-flow wp-block-quote-is-layout-flow\"><p><span class=\"has-inline-color has-luminous-vivid-orange-color\">Estamos h\u00e1 dois anos no Brasil, fomos acolhido por voc\u00eas e agradecemos muito, mas temos receio do que pode ser daqui pra frente. Assim como Maduro, o Lula vem fazendo as mesmas coisas. Est\u00e1 aumentando a m\u00e1quina p\u00fablica, aumentando impostos, tentando encontrar formas de aumentar a arrecada\u00e7\u00e3o e controlando as For\u00e7as Armadas e, por \u00faltimo, tomando medidas populistas, prometendo picanha e cervejinha e tudo isso acaba destruindo a economia, mesmo a mais equilibrada. Assim como qualquer pessoa, o governo n\u00e3o pode gastar mais do que recebe, isso \u00e9 uma li\u00e7\u00e3o b\u00e1sica de economia. Chamo a aten\u00e7\u00e3o das autoridades brasileiras para meus irm\u00e3os venezuelanos que migraram para c\u00e1 e que hoje se encontram nas ruas, ao relento, sem poder oferecer uma vida digna para a fam\u00edlia. Eles n\u00e3o sa\u00edram da Venezuela para fazer turismo, sa\u00edram para buscar oportunidades que, no nosso pa\u00eds, o regime do ditador Nicol\u00e1s Maduro n\u00e3o proporciona. Socialismo \u00e9 uma fal\u00e1cia. Tor\u00e7o pelo Brasil e que eu esteja errado nas minhas previs\u00f5es\u201d, finalizou Luis.<\/span><\/p><\/blockquote>\n\n\n\n<div class=\"wp-block-image\"><figure class=\"aligncenter size-large is-resized\"><img loading=\"lazy\" decoding=\"async\" src=\"https:\/\/jornalfatosenoticias.com.br\/wp-content\/uploads\/2020\/02\/logo-embacia.jpg\" alt=\"\" class=\"wp-image-33905\" width=\"292\" height=\"292\"\/><\/figure><\/div>\n\n\n\n<p>E a\u00ed, qualquer semelhan\u00e7a, seria mera coincid\u00eancia? Ao final, o casal ainda relembrou a crise energ\u00e9tica na Venezuela e que \u00e9 muito comum a popula\u00e7\u00e3o ficar at\u00e9 30 dias sem energia el\u00e9trica.<br>At\u00e9 a pr\u00f3xima.<\/p>\n","protected":false},"excerpt":{"rendered":"<p>Entre as d\u00e9cadas de 50 e 80, o pa\u00eds era muito diferente da ca\u00f3tica situa\u00e7\u00e3o que se encontra nos dias atuais Sabemos que com Hugo Ch\u00e1vez, em 2006, a chamada Revolu\u00e7\u00e3o Bolivariana levou a Venezuela \u00e0 bancarrota. Para quem v\u00ea, hoje, a mis\u00e9ria reinando no nosso pa\u00eds vizinho n\u00e3o imagina que a popula\u00e7\u00e3o venezuelana tinha [&hellip;]<\/p>\n","protected":false},"author":3,"featured_media":40768,"comment_status":"open","ping_status":"open","sticky":false,"template":"","format":"standard","meta":{"footnotes":""},"categories":[9,10],"tags":[13378,1244,1811,19108,1206,19097,1202,19109,8605],"class_list":["post-40765","post","type-post","status-publish","format-standard","has-post-thumbnail","hentry","category-economia","category-politica","tag-comunismo","tag-ditadura","tag-extrema-pobreza","tag-hugo-chavez","tag-miseria","tag-nicolas-maduro","tag-pobreza","tag-revolucao-bolivariana","tag-venezuela"],"yoast_head":"<!-- This site is optimized with the Yoast SEO plugin v26.5 - https:\/\/yoast.com\/wordpress\/plugins\/seo\/ -->\n<title>Venezuela, onde 94,5% da popula\u00e7\u00e3o est\u00e1 afundada na pobreza - Jornal Fatos e Not\u00edcias<\/title>\n<meta name=\"robots\" content=\"index, follow, max-snippet:-1, max-image-preview:large, max-video-preview:-1\" \/>\n<link rel=\"canonical\" href=\"https:\/\/jornalfatosenoticias.com.br\/index.php\/2023\/04\/20\/venezuela-onde-945-da-populacao-esta-afundada-na-pobreza\/\" \/>\n<meta property=\"og:locale\" content=\"pt_BR\" \/>\n<meta property=\"og:type\" content=\"article\" \/>\n<meta property=\"og:title\" content=\"Venezuela, onde 94,5% da popula\u00e7\u00e3o est\u00e1 afundada na pobreza - Jornal Fatos e Not\u00edcias\" \/>\n<meta property=\"og:description\" content=\"Entre as d\u00e9cadas de 50 e 80, o pa\u00eds era muito diferente da ca\u00f3tica situa\u00e7\u00e3o que se encontra nos dias atuais Sabemos que com Hugo Ch\u00e1vez, em 2006, a chamada Revolu\u00e7\u00e3o Bolivariana levou a Venezuela \u00e0 bancarrota. Para quem v\u00ea, hoje, a mis\u00e9ria reinando no nosso pa\u00eds vizinho n\u00e3o imagina que a popula\u00e7\u00e3o venezuelana tinha [&hellip;]\" \/>\n<meta property=\"og:url\" content=\"https:\/\/jornalfatosenoticias.com.br\/index.php\/2023\/04\/20\/venezuela-onde-945-da-populacao-esta-afundada-na-pobreza\/\" \/>\n<meta property=\"og:site_name\" content=\"Jornal Fatos e Not\u00edcias\" \/>\n<meta property=\"article:published_time\" content=\"2023-04-20T12:07:48+00:00\" \/>\n<meta property=\"article:modified_time\" content=\"2023-04-20T12:17:48+00:00\" \/>\n<meta property=\"og:image\" content=\"https:\/\/jornalfatosenoticias.com.br\/wp-content\/uploads\/2023\/04\/Venezuela-01-520.jpg\" \/>\n\t<meta property=\"og:image:width\" content=\"1000\" \/>\n\t<meta property=\"og:image:height\" content=\"587\" \/>\n\t<meta property=\"og:image:type\" content=\"image\/jpeg\" \/>\n<meta name=\"author\" content=\"Haroldo Filho\" \/>\n<meta name=\"twitter:card\" content=\"summary_large_image\" \/>\n<meta name=\"twitter:label1\" content=\"Escrito por\" \/>\n\t<meta name=\"twitter:data1\" content=\"Haroldo Filho\" \/>\n\t<meta name=\"twitter:label2\" content=\"Est. tempo de leitura\" \/>\n\t<meta name=\"twitter:data2\" content=\"5 minutos\" \/>\n<script type=\"application\/ld+json\" class=\"yoast-schema-graph\">{\"@context\":\"https:\/\/schema.org\",\"@graph\":[{\"@type\":\"Article\",\"@id\":\"https:\/\/jornalfatosenoticias.com.br\/index.php\/2023\/04\/20\/venezuela-onde-945-da-populacao-esta-afundada-na-pobreza\/#article\",\"isPartOf\":{\"@id\":\"https:\/\/jornalfatosenoticias.com.br\/index.php\/2023\/04\/20\/venezuela-onde-945-da-populacao-esta-afundada-na-pobreza\/\"},\"author\":{\"name\":\"Haroldo Filho\",\"@id\":\"https:\/\/jornalfatosenoticias.com.br\/#\/schema\/person\/05c46cc25b42a5c27e004fb0fa6b4965\"},\"headline\":\"Venezuela, onde 94,5% da popula\u00e7\u00e3o est\u00e1 afundada na pobreza\",\"datePublished\":\"2023-04-20T12:07:48+00:00\",\"dateModified\":\"2023-04-20T12:17:48+00:00\",\"mainEntityOfPage\":{\"@id\":\"https:\/\/jornalfatosenoticias.com.br\/index.php\/2023\/04\/20\/venezuela-onde-945-da-populacao-esta-afundada-na-pobreza\/\"},\"wordCount\":957,\"commentCount\":0,\"publisher\":{\"@id\":\"https:\/\/jornalfatosenoticias.com.br\/#organization\"},\"image\":{\"@id\":\"https:\/\/jornalfatosenoticias.com.br\/index.php\/2023\/04\/20\/venezuela-onde-945-da-populacao-esta-afundada-na-pobreza\/#primaryimage\"},\"thumbnailUrl\":\"https:\/\/jornalfatosenoticias.com.br\/wp-content\/uploads\/2023\/04\/Venezuela-01-520.jpg\",\"keywords\":[\"comunismo\",\"ditadura\",\"extrema pobreza\",\"Hugo Ch\u00e1vez\",\"mis\u00e9ria\",\"Nicol\u00e1s Maduro\",\"pobreza\",\"Revolu\u00e7\u00e3o Bolivariana\",\"Venezuela\"],\"articleSection\":[\"Economia\",\"Pol\u00edtica\"],\"inLanguage\":\"pt-BR\",\"potentialAction\":[{\"@type\":\"CommentAction\",\"name\":\"Comment\",\"target\":[\"https:\/\/jornalfatosenoticias.com.br\/index.php\/2023\/04\/20\/venezuela-onde-945-da-populacao-esta-afundada-na-pobreza\/#respond\"]}]},{\"@type\":\"WebPage\",\"@id\":\"https:\/\/jornalfatosenoticias.com.br\/index.php\/2023\/04\/20\/venezuela-onde-945-da-populacao-esta-afundada-na-pobreza\/\",\"url\":\"https:\/\/jornalfatosenoticias.com.br\/index.php\/2023\/04\/20\/venezuela-onde-945-da-populacao-esta-afundada-na-pobreza\/\",\"name\":\"Venezuela, onde 94,5% da popula\u00e7\u00e3o est\u00e1 afundada na pobreza - Jornal Fatos e Not\u00edcias\",\"isPartOf\":{\"@id\":\"https:\/\/jornalfatosenoticias.com.br\/#website\"},\"primaryImageOfPage\":{\"@id\":\"https:\/\/jornalfatosenoticias.com.br\/index.php\/2023\/04\/20\/venezuela-onde-945-da-populacao-esta-afundada-na-pobreza\/#primaryimage\"},\"image\":{\"@id\":\"https:\/\/jornalfatosenoticias.com.br\/index.php\/2023\/04\/20\/venezuela-onde-945-da-populacao-esta-afundada-na-pobreza\/#primaryimage\"},\"thumbnailUrl\":\"https:\/\/jornalfatosenoticias.com.br\/wp-content\/uploads\/2023\/04\/Venezuela-01-520.jpg\",\"datePublished\":\"2023-04-20T12:07:48+00:00\",\"dateModified\":\"2023-04-20T12:17:48+00:00\",\"breadcrumb\":{\"@id\":\"https:\/\/jornalfatosenoticias.com.br\/index.php\/2023\/04\/20\/venezuela-onde-945-da-populacao-esta-afundada-na-pobreza\/#breadcrumb\"},\"inLanguage\":\"pt-BR\",\"potentialAction\":[{\"@type\":\"ReadAction\",\"target\":[\"https:\/\/jornalfatosenoticias.com.br\/index.php\/2023\/04\/20\/venezuela-onde-945-da-populacao-esta-afundada-na-pobreza\/\"]}]},{\"@type\":\"ImageObject\",\"inLanguage\":\"pt-BR\",\"@id\":\"https:\/\/jornalfatosenoticias.com.br\/index.php\/2023\/04\/20\/venezuela-onde-945-da-populacao-esta-afundada-na-pobreza\/#primaryimage\",\"url\":\"https:\/\/jornalfatosenoticias.com.br\/wp-content\/uploads\/2023\/04\/Venezuela-01-520.jpg\",\"contentUrl\":\"https:\/\/jornalfatosenoticias.com.br\/wp-content\/uploads\/2023\/04\/Venezuela-01-520.jpg\",\"width\":1000,\"height\":587},{\"@type\":\"BreadcrumbList\",\"@id\":\"https:\/\/jornalfatosenoticias.com.br\/index.php\/2023\/04\/20\/venezuela-onde-945-da-populacao-esta-afundada-na-pobreza\/#breadcrumb\",\"itemListElement\":[{\"@type\":\"ListItem\",\"position\":1,\"name\":\"In\u00edcio\",\"item\":\"https:\/\/jornalfatosenoticias.com.br\/\"},{\"@type\":\"ListItem\",\"position\":2,\"name\":\"Venezuela, onde 94,5% da popula\u00e7\u00e3o est\u00e1 afundada na pobreza\"}]},{\"@type\":\"WebSite\",\"@id\":\"https:\/\/jornalfatosenoticias.com.br\/#website\",\"url\":\"https:\/\/jornalfatosenoticias.com.br\/\",\"name\":\"Jornal Fatos e Not\u00edcias\",\"description\":\"Not\u00edcias em geral\",\"publisher\":{\"@id\":\"https:\/\/jornalfatosenoticias.com.br\/#organization\"},\"potentialAction\":[{\"@type\":\"SearchAction\",\"target\":{\"@type\":\"EntryPoint\",\"urlTemplate\":\"https:\/\/jornalfatosenoticias.com.br\/?s={search_term_string}\"},\"query-input\":{\"@type\":\"PropertyValueSpecification\",\"valueRequired\":true,\"valueName\":\"search_term_string\"}}],\"inLanguage\":\"pt-BR\"},{\"@type\":\"Organization\",\"@id\":\"https:\/\/jornalfatosenoticias.com.br\/#organization\",\"name\":\"Jornal Fatos e Not\u00edcias\",\"url\":\"https:\/\/jornalfatosenoticias.com.br\/\",\"logo\":{\"@type\":\"ImageObject\",\"inLanguage\":\"pt-BR\",\"@id\":\"https:\/\/jornalfatosenoticias.com.br\/#\/schema\/logo\/image\/\",\"url\":\"https:\/\/jornalfatosenoticias.com.br\/wp-content\/uploads\/2020\/02\/logo120.png\",\"contentUrl\":\"https:\/\/jornalfatosenoticias.com.br\/wp-content\/uploads\/2020\/02\/logo120.png\",\"width\":1227,\"height\":120,\"caption\":\"Jornal Fatos e Not\u00edcias\"},\"image\":{\"@id\":\"https:\/\/jornalfatosenoticias.com.br\/#\/schema\/logo\/image\/\"}},{\"@type\":\"Person\",\"@id\":\"https:\/\/jornalfatosenoticias.com.br\/#\/schema\/person\/05c46cc25b42a5c27e004fb0fa6b4965\",\"name\":\"Haroldo Filho\",\"image\":{\"@type\":\"ImageObject\",\"inLanguage\":\"pt-BR\",\"@id\":\"https:\/\/jornalfatosenoticias.com.br\/#\/schema\/person\/image\/\",\"url\":\"https:\/\/jornalfatosenoticias.com.br\/wp-content\/uploads\/2025\/08\/WhatsApp-Image-2025-08-18-at-15.30.28-150x150.jpeg\",\"contentUrl\":\"https:\/\/jornalfatosenoticias.com.br\/wp-content\/uploads\/2025\/08\/WhatsApp-Image-2025-08-18-at-15.30.28-150x150.jpeg\",\"caption\":\"Haroldo Filho\"},\"description\":\"Jornalista \u2013 DRT: 0003818\/ES Coordenador-geral da ONG Educar para Crescer\",\"url\":\"https:\/\/jornalfatosenoticias.com.br\/index.php\/author\/haroldo\/\"}]}<\/script>\n<!-- \/ Yoast SEO plugin. -->","yoast_head_json":{"title":"Venezuela, onde 94,5% da popula\u00e7\u00e3o est\u00e1 afundada na pobreza - Jornal Fatos e Not\u00edcias","robots":{"index":"index","follow":"follow","max-snippet":"max-snippet:-1","max-image-preview":"max-image-preview:large","max-video-preview":"max-video-preview:-1"},"canonical":"https:\/\/jornalfatosenoticias.com.br\/index.php\/2023\/04\/20\/venezuela-onde-945-da-populacao-esta-afundada-na-pobreza\/","og_locale":"pt_BR","og_type":"article","og_title":"Venezuela, onde 94,5% da popula\u00e7\u00e3o est\u00e1 afundada na pobreza - Jornal Fatos e Not\u00edcias","og_description":"Entre as d\u00e9cadas de 50 e 80, o pa\u00eds era muito diferente da ca\u00f3tica situa\u00e7\u00e3o que se encontra nos dias atuais Sabemos que com Hugo Ch\u00e1vez, em 2006, a chamada Revolu\u00e7\u00e3o Bolivariana levou a Venezuela \u00e0 bancarrota. Para quem v\u00ea, hoje, a mis\u00e9ria reinando no nosso pa\u00eds vizinho n\u00e3o imagina que a popula\u00e7\u00e3o venezuelana tinha [&hellip;]","og_url":"https:\/\/jornalfatosenoticias.com.br\/index.php\/2023\/04\/20\/venezuela-onde-945-da-populacao-esta-afundada-na-pobreza\/","og_site_name":"Jornal Fatos e Not\u00edcias","article_published_time":"2023-04-20T12:07:48+00:00","article_modified_time":"2023-04-20T12:17:48+00:00","og_image":[{"width":1000,"height":587,"url":"https:\/\/jornalfatosenoticias.com.br\/wp-content\/uploads\/2023\/04\/Venezuela-01-520.jpg","type":"image\/jpeg"}],"author":"Haroldo Filho","twitter_card":"summary_large_image","twitter_misc":{"Escrito por":"Haroldo Filho","Est. tempo de leitura":"5 minutos"},"schema":{"@context":"https:\/\/schema.org","@graph":[{"@type":"Article","@id":"https:\/\/jornalfatosenoticias.com.br\/index.php\/2023\/04\/20\/venezuela-onde-945-da-populacao-esta-afundada-na-pobreza\/#article","isPartOf":{"@id":"https:\/\/jornalfatosenoticias.com.br\/index.php\/2023\/04\/20\/venezuela-onde-945-da-populacao-esta-afundada-na-pobreza\/"},"author":{"name":"Haroldo Filho","@id":"https:\/\/jornalfatosenoticias.com.br\/#\/schema\/person\/05c46cc25b42a5c27e004fb0fa6b4965"},"headline":"Venezuela, onde 94,5% da popula\u00e7\u00e3o est\u00e1 afundada na pobreza","datePublished":"2023-04-20T12:07:48+00:00","dateModified":"2023-04-20T12:17:48+00:00","mainEntityOfPage":{"@id":"https:\/\/jornalfatosenoticias.com.br\/index.php\/2023\/04\/20\/venezuela-onde-945-da-populacao-esta-afundada-na-pobreza\/"},"wordCount":957,"commentCount":0,"publisher":{"@id":"https:\/\/jornalfatosenoticias.com.br\/#organization"},"image":{"@id":"https:\/\/jornalfatosenoticias.com.br\/index.php\/2023\/04\/20\/venezuela-onde-945-da-populacao-esta-afundada-na-pobreza\/#primaryimage"},"thumbnailUrl":"https:\/\/jornalfatosenoticias.com.br\/wp-content\/uploads\/2023\/04\/Venezuela-01-520.jpg","keywords":["comunismo","ditadura","extrema pobreza","Hugo Ch\u00e1vez","mis\u00e9ria","Nicol\u00e1s Maduro","pobreza","Revolu\u00e7\u00e3o Bolivariana","Venezuela"],"articleSection":["Economia","Pol\u00edtica"],"inLanguage":"pt-BR","potentialAction":[{"@type":"CommentAction","name":"Comment","target":["https:\/\/jornalfatosenoticias.com.br\/index.php\/2023\/04\/20\/venezuela-onde-945-da-populacao-esta-afundada-na-pobreza\/#respond"]}]},{"@type":"WebPage","@id":"https:\/\/jornalfatosenoticias.com.br\/index.php\/2023\/04\/20\/venezuela-onde-945-da-populacao-esta-afundada-na-pobreza\/","url":"https:\/\/jornalfatosenoticias.com.br\/index.php\/2023\/04\/20\/venezuela-onde-945-da-populacao-esta-afundada-na-pobreza\/","name":"Venezuela, onde 94,5% da popula\u00e7\u00e3o est\u00e1 afundada na pobreza - Jornal Fatos e Not\u00edcias","isPartOf":{"@id":"https:\/\/jornalfatosenoticias.com.br\/#website"},"primaryImageOfPage":{"@id":"https:\/\/jornalfatosenoticias.com.br\/index.php\/2023\/04\/20\/venezuela-onde-945-da-populacao-esta-afundada-na-pobreza\/#primaryimage"},"image":{"@id":"https:\/\/jornalfatosenoticias.com.br\/index.php\/2023\/04\/20\/venezuela-onde-945-da-populacao-esta-afundada-na-pobreza\/#primaryimage"},"thumbnailUrl":"https:\/\/jornalfatosenoticias.com.br\/wp-content\/uploads\/2023\/04\/Venezuela-01-520.jpg","datePublished":"2023-04-20T12:07:48+00:00","dateModified":"2023-04-20T12:17:48+00:00","breadcrumb":{"@id":"https:\/\/jornalfatosenoticias.com.br\/index.php\/2023\/04\/20\/venezuela-onde-945-da-populacao-esta-afundada-na-pobreza\/#breadcrumb"},"inLanguage":"pt-BR","potentialAction":[{"@type":"ReadAction","target":["https:\/\/jornalfatosenoticias.com.br\/index.php\/2023\/04\/20\/venezuela-onde-945-da-populacao-esta-afundada-na-pobreza\/"]}]},{"@type":"ImageObject","inLanguage":"pt-BR","@id":"https:\/\/jornalfatosenoticias.com.br\/index.php\/2023\/04\/20\/venezuela-onde-945-da-populacao-esta-afundada-na-pobreza\/#primaryimage","url":"https:\/\/jornalfatosenoticias.com.br\/wp-content\/uploads\/2023\/04\/Venezuela-01-520.jpg","contentUrl":"https:\/\/jornalfatosenoticias.com.br\/wp-content\/uploads\/2023\/04\/Venezuela-01-520.jpg","width":1000,"height":587},{"@type":"BreadcrumbList","@id":"https:\/\/jornalfatosenoticias.com.br\/index.php\/2023\/04\/20\/venezuela-onde-945-da-populacao-esta-afundada-na-pobreza\/#breadcrumb","itemListElement":[{"@type":"ListItem","position":1,"name":"In\u00edcio","item":"https:\/\/jornalfatosenoticias.com.br\/"},{"@type":"ListItem","position":2,"name":"Venezuela, onde 94,5% da popula\u00e7\u00e3o est\u00e1 afundada na pobreza"}]},{"@type":"WebSite","@id":"https:\/\/jornalfatosenoticias.com.br\/#website","url":"https:\/\/jornalfatosenoticias.com.br\/","name":"Jornal Fatos e Not\u00edcias","description":"Not\u00edcias em geral","publisher":{"@id":"https:\/\/jornalfatosenoticias.com.br\/#organization"},"potentialAction":[{"@type":"SearchAction","target":{"@type":"EntryPoint","urlTemplate":"https:\/\/jornalfatosenoticias.com.br\/?s={search_term_string}"},"query-input":{"@type":"PropertyValueSpecification","valueRequired":true,"valueName":"search_term_string"}}],"inLanguage":"pt-BR"},{"@type":"Organization","@id":"https:\/\/jornalfatosenoticias.com.br\/#organization","name":"Jornal Fatos e Not\u00edcias","url":"https:\/\/jornalfatosenoticias.com.br\/","logo":{"@type":"ImageObject","inLanguage":"pt-BR","@id":"https:\/\/jornalfatosenoticias.com.br\/#\/schema\/logo\/image\/","url":"https:\/\/jornalfatosenoticias.com.br\/wp-content\/uploads\/2020\/02\/logo120.png","contentUrl":"https:\/\/jornalfatosenoticias.com.br\/wp-content\/uploads\/2020\/02\/logo120.png","width":1227,"height":120,"caption":"Jornal Fatos e Not\u00edcias"},"image":{"@id":"https:\/\/jornalfatosenoticias.com.br\/#\/schema\/logo\/image\/"}},{"@type":"Person","@id":"https:\/\/jornalfatosenoticias.com.br\/#\/schema\/person\/05c46cc25b42a5c27e004fb0fa6b4965","name":"Haroldo Filho","image":{"@type":"ImageObject","inLanguage":"pt-BR","@id":"https:\/\/jornalfatosenoticias.com.br\/#\/schema\/person\/image\/","url":"https:\/\/jornalfatosenoticias.com.br\/wp-content\/uploads\/2025\/08\/WhatsApp-Image-2025-08-18-at-15.30.28-150x150.jpeg","contentUrl":"https:\/\/jornalfatosenoticias.com.br\/wp-content\/uploads\/2025\/08\/WhatsApp-Image-2025-08-18-at-15.30.28-150x150.jpeg","caption":"Haroldo Filho"},"description":"Jornalista \u2013 DRT: 0003818\/ES Coordenador-geral da ONG Educar para Crescer","url":"https:\/\/jornalfatosenoticias.com.br\/index.php\/author\/haroldo\/"}]}},"cc_featured_image_caption":{"caption_text":"","source_text":"","source_url":""},"jetpack_featured_media_url":"https:\/\/jornalfatosenoticias.com.br\/wp-content\/uploads\/2023\/04\/Venezuela-01-520.jpg","_links":{"self":[{"href":"https:\/\/jornalfatosenoticias.com.br\/index.php\/wp-json\/wp\/v2\/posts\/40765","targetHints":{"allow":["GET"]}}],"collection":[{"href":"https:\/\/jornalfatosenoticias.com.br\/index.php\/wp-json\/wp\/v2\/posts"}],"about":[{"href":"https:\/\/jornalfatosenoticias.com.br\/index.php\/wp-json\/wp\/v2\/types\/post"}],"author":[{"embeddable":true,"href":"https:\/\/jornalfatosenoticias.com.br\/index.php\/wp-json\/wp\/v2\/users\/3"}],"replies":[{"embeddable":true,"href":"https:\/\/jornalfatosenoticias.com.br\/index.php\/wp-json\/wp\/v2\/comments?post=40765"}],"version-history":[{"count":0,"href":"https:\/\/jornalfatosenoticias.com.br\/index.php\/wp-json\/wp\/v2\/posts\/40765\/revisions"}],"wp:featuredmedia":[{"embeddable":true,"href":"https:\/\/jornalfatosenoticias.com.br\/index.php\/wp-json\/wp\/v2\/media\/40768"}],"wp:attachment":[{"href":"https:\/\/jornalfatosenoticias.com.br\/index.php\/wp-json\/wp\/v2\/media?parent=40765"}],"wp:term":[{"taxonomy":"category","embeddable":true,"href":"https:\/\/jornalfatosenoticias.com.br\/index.php\/wp-json\/wp\/v2\/categories?post=40765"},{"taxonomy":"post_tag","embeddable":true,"href":"https:\/\/jornalfatosenoticias.com.br\/index.php\/wp-json\/wp\/v2\/tags?post=40765"}],"curies":[{"name":"wp","href":"https:\/\/api.w.org\/{rel}","templated":true}]}}