{"id":40801,"date":"2023-04-20T10:14:26","date_gmt":"2023-04-20T13:14:26","guid":{"rendered":"https:\/\/jornalfatosenoticias.com.br\/?p=40801"},"modified":"2023-04-20T10:14:26","modified_gmt":"2023-04-20T13:14:26","slug":"erupcao-do-vesuvio-vaporizou-moradores-de-herculano-sugere-estudo","status":"publish","type":"post","link":"https:\/\/jornalfatosenoticias.com.br\/index.php\/2023\/04\/20\/erupcao-do-vesuvio-vaporizou-moradores-de-herculano-sugere-estudo\/","title":{"rendered":"Erup\u00e7\u00e3o do Ves\u00favio vaporizou moradores de Herculano, sugere estudo"},"content":{"rendered":"\n<p><em><span class=\"has-inline-color has-black-color\">Por: <strong>Carolina Fioratti<\/strong><\/span><\/em><\/p>\n\n\n\n<div class=\"wp-block-image\"><figure class=\"aligncenter size-large\"><img loading=\"lazy\" decoding=\"async\" width=\"1024\" height=\"110\" src=\"https:\/\/jornalfatosenoticias.com.br\/wp-content\/uploads\/2022\/10\/Arte-jornal-Zucchi-1120x120_Prancheta-1-1024x110.jpg\" alt=\"\" class=\"wp-image-34772\" srcset=\"https:\/\/jornalfatosenoticias.com.br\/wp-content\/uploads\/2022\/10\/Arte-jornal-Zucchi-1120x120_Prancheta-1-1024x110.jpg 1024w, https:\/\/jornalfatosenoticias.com.br\/wp-content\/uploads\/2022\/10\/Arte-jornal-Zucchi-1120x120_Prancheta-1-300x32.jpg 300w, https:\/\/jornalfatosenoticias.com.br\/wp-content\/uploads\/2022\/10\/Arte-jornal-Zucchi-1120x120_Prancheta-1-768x82.jpg 768w, https:\/\/jornalfatosenoticias.com.br\/wp-content\/uploads\/2022\/10\/Arte-jornal-Zucchi-1120x120_Prancheta-1-1536x165.jpg 1536w, https:\/\/jornalfatosenoticias.com.br\/wp-content\/uploads\/2022\/10\/Arte-jornal-Zucchi-1120x120_Prancheta-1-2048x219.jpg 2048w\" sizes=\"auto, (max-width: 1024px) 100vw, 1024px\" \/><\/figure><\/div>\n\n\n\n<p>H\u00e1 cerca de dois mil anos, o Monte Ves\u00favio entrou em erup\u00e7\u00e3o. O evento causou o conhecido desastre de Pompeia, que dizimou toda a popula\u00e7\u00e3o local. Aqueles que viviam na cidade vizinha de Herculano tamb\u00e9m sofreram as consequ\u00eancias, embora haja menos vest\u00edgios sobre o que ocorreu com o povo que vivia ali. Um novo estudo feito por pesquisadores da Universidade Roma Tre e da Universidade Federico II de N\u00e1poles, ambas na It\u00e1lia, parece trazer respostas.<\/p>\n\n\n\n<div class=\"wp-block-image\"><figure class=\"aligncenter size-large is-resized\"><img loading=\"lazy\" decoding=\"async\" src=\"https:\/\/jornalfatosenoticias.com.br\/wp-content\/uploads\/2020\/02\/casa-do-torresmo_portal.jpg\" alt=\"\" class=\"wp-image-34472\" width=\"272\" height=\"272\" srcset=\"https:\/\/jornalfatosenoticias.com.br\/wp-content\/uploads\/2020\/02\/casa-do-torresmo_portal.jpg 300w, https:\/\/jornalfatosenoticias.com.br\/wp-content\/uploads\/2020\/02\/casa-do-torresmo_portal-150x150.jpg 150w\" sizes=\"auto, (max-width: 272px) 100vw, 272px\" \/><\/figure><\/div>\n\n\n\n<p>Segundo os arque\u00f3logos, a explos\u00e3o do vulc\u00e3o vaporizou as pessoas. Para chegar a tais conclus\u00f5es, a equipe analisou a quantidade de luz refletida em 40 amostras de madeira carbonizada escavadas na d\u00e9cada de 1960 em cinco locais diferentes da cidade antiga. O \u00edndice de reflet\u00e2ncia das amostras pode indicar a temperatura exata na qual o carv\u00e3o se formou.<br>Assim, os cientistas descobriram que as temperaturas geradas pelo fen\u00f4meno podem ter alcan\u00e7ado o valor de 555\u00baC em um primeiro momento, logo que a nuvem inicial de cinzas de curta dura\u00e7\u00e3o da erup\u00e7\u00e3o atingiu Herculano.<\/p>\n\n\n\n<div class=\"wp-block-image\"><figure class=\"aligncenter size-large is-resized\"><img loading=\"lazy\" decoding=\"async\" src=\"https:\/\/jornalfatosenoticias.com.br\/wp-content\/uploads\/2023\/03\/logo-Panper_portal.jpg\" alt=\"\" class=\"wp-image-40208\" width=\"292\" height=\"202\" srcset=\"https:\/\/jornalfatosenoticias.com.br\/wp-content\/uploads\/2023\/03\/logo-Panper_portal.jpg 400w, https:\/\/jornalfatosenoticias.com.br\/wp-content\/uploads\/2023\/03\/logo-Panper_portal-300x208.jpg 300w\" sizes=\"auto, (max-width: 292px) 100vw, 292px\" \/><\/figure><\/div>\n\n\n\n<p>Tais temperaturas foram capazes de causar a morte instant\u00e2nea de pessoas, deixando apenas cinzas no solo. O estudo completo foi publicado na revista <a href=\"https:\/\/www.nature.com\/articles\/s41598-023-32623-3\" target=\"_blank\" rel=\"noreferrer noopener\"><em>Scientific Reports<\/em><\/a>. Vale ressaltar que n\u00e3o s\u00e3o apenas as temperaturas extremamente altas que podem ser mortais. A combina\u00e7\u00e3o da press\u00e3o din\u00e2mica, gases \u00e1cidos e o sufocamento pela inala\u00e7\u00e3o de cinzas tamb\u00e9m gerou diversos \u00f3bitos.<\/p>\n\n\n\n<div class=\"wp-block-image\"><figure class=\"aligncenter size-large is-resized\"><img loading=\"lazy\" decoding=\"async\" src=\"https:\/\/jornalfatosenoticias.com.br\/wp-content\/uploads\/2022\/10\/RC_800x750_page-0001.jpg\" alt=\"\" class=\"wp-image-35338\" width=\"295\" height=\"277\" srcset=\"https:\/\/jornalfatosenoticias.com.br\/wp-content\/uploads\/2022\/10\/RC_800x750_page-0001.jpg 400w, https:\/\/jornalfatosenoticias.com.br\/wp-content\/uploads\/2022\/10\/RC_800x750_page-0001-300x281.jpg 300w\" sizes=\"auto, (max-width: 295px) 100vw, 295px\" \/><\/figure><\/div>\n\n\n\n<p>A equipe notou que amostras de madeira na zona norte da cidade, no Collegium Augustalium, apresentavam os sinais de temperatura mais elevados. Foi tamb\u00e9m nessa regi\u00e3o em que cientistas encontraram em expedi\u00e7\u00f5es passadas <a href=\"https:\/\/gizmodo.uol.com.br\/tecido-cerebral-preservado-monte-vesuvio\/\" target=\"_blank\" rel=\"noreferrer noopener\">tecidos cerebrais vitrificados<\/a>.<\/p>\n\n\n\n<p>Fonte: GizModo<\/p>\n","protected":false},"excerpt":{"rendered":"<p>Por: Carolina Fioratti H\u00e1 cerca de dois mil anos, o Monte Ves\u00favio entrou em erup\u00e7\u00e3o. O evento causou o conhecido desastre de Pompeia, que dizimou toda a popula\u00e7\u00e3o local. Aqueles que viviam na cidade vizinha de Herculano tamb\u00e9m sofreram as consequ\u00eancias, embora haja menos vest\u00edgios sobre o que ocorreu com o povo que vivia ali. [&hellip;]<\/p>\n","protected":false},"author":2,"featured_media":40802,"comment_status":"open","ping_status":"open","sticky":false,"template":"","format":"standard","meta":{"footnotes":""},"categories":[9808],"tags":[1478,228,11717,5238,19125,93],"class_list":["post-40801","post","type-post","status-publish","format-standard","has-post-thumbnail","hentry","category-paleo-arqueologia","tag-arqueologia","tag-erupcao","tag-monte-vesuvio","tag-pompeia","tag-vaporizar","tag-vulcao"],"yoast_head":"<!-- This site is optimized with the Yoast SEO plugin v26.5 - https:\/\/yoast.com\/wordpress\/plugins\/seo\/ -->\n<title>Erup\u00e7\u00e3o do Ves\u00favio vaporizou moradores de Herculano, sugere estudo - Jornal Fatos e Not\u00edcias<\/title>\n<meta name=\"robots\" content=\"index, follow, max-snippet:-1, max-image-preview:large, max-video-preview:-1\" \/>\n<link rel=\"canonical\" href=\"https:\/\/jornalfatosenoticias.com.br\/index.php\/2023\/04\/20\/erupcao-do-vesuvio-vaporizou-moradores-de-herculano-sugere-estudo\/\" \/>\n<meta property=\"og:locale\" content=\"pt_BR\" \/>\n<meta property=\"og:type\" content=\"article\" \/>\n<meta property=\"og:title\" content=\"Erup\u00e7\u00e3o do Ves\u00favio vaporizou moradores de Herculano, sugere estudo - Jornal Fatos e Not\u00edcias\" \/>\n<meta property=\"og:description\" content=\"Por: Carolina Fioratti H\u00e1 cerca de dois mil anos, o Monte Ves\u00favio entrou em erup\u00e7\u00e3o. O evento causou o conhecido desastre de Pompeia, que dizimou toda a popula\u00e7\u00e3o local. Aqueles que viviam na cidade vizinha de Herculano tamb\u00e9m sofreram as consequ\u00eancias, embora haja menos vest\u00edgios sobre o que ocorreu com o povo que vivia ali. [&hellip;]\" \/>\n<meta property=\"og:url\" content=\"https:\/\/jornalfatosenoticias.com.br\/index.php\/2023\/04\/20\/erupcao-do-vesuvio-vaporizou-moradores-de-herculano-sugere-estudo\/\" \/>\n<meta property=\"og:site_name\" content=\"Jornal Fatos e Not\u00edcias\" \/>\n<meta property=\"article:published_time\" content=\"2023-04-20T13:14:26+00:00\" \/>\n<meta property=\"og:image\" content=\"https:\/\/jornalfatosenoticias.com.br\/wp-content\/uploads\/2023\/04\/Erupcao-do-Vesuvio-vaporizou-moradores-de-Herculano.jpg\" \/>\n\t<meta property=\"og:image:width\" content=\"1000\" \/>\n\t<meta property=\"og:image:height\" content=\"626\" \/>\n\t<meta property=\"og:image:type\" content=\"image\/jpeg\" \/>\n<meta name=\"author\" content=\"Luzimara Fernandes\" \/>\n<meta name=\"twitter:card\" content=\"summary_large_image\" \/>\n<meta name=\"twitter:label1\" content=\"Escrito por\" \/>\n\t<meta name=\"twitter:data1\" content=\"Luzimara Fernandes\" \/>\n\t<meta name=\"twitter:label2\" content=\"Est. tempo de leitura\" \/>\n\t<meta name=\"twitter:data2\" content=\"1 minuto\" \/>\n<script type=\"application\/ld+json\" class=\"yoast-schema-graph\">{\"@context\":\"https:\/\/schema.org\",\"@graph\":[{\"@type\":\"Article\",\"@id\":\"https:\/\/jornalfatosenoticias.com.br\/index.php\/2023\/04\/20\/erupcao-do-vesuvio-vaporizou-moradores-de-herculano-sugere-estudo\/#article\",\"isPartOf\":{\"@id\":\"https:\/\/jornalfatosenoticias.com.br\/index.php\/2023\/04\/20\/erupcao-do-vesuvio-vaporizou-moradores-de-herculano-sugere-estudo\/\"},\"author\":{\"name\":\"Luzimara Fernandes\",\"@id\":\"https:\/\/jornalfatosenoticias.com.br\/#\/schema\/person\/d63837fa13ac8666eb9e74e0985d6f81\"},\"headline\":\"Erup\u00e7\u00e3o do Ves\u00favio vaporizou moradores de Herculano, sugere estudo\",\"datePublished\":\"2023-04-20T13:14:26+00:00\",\"mainEntityOfPage\":{\"@id\":\"https:\/\/jornalfatosenoticias.com.br\/index.php\/2023\/04\/20\/erupcao-do-vesuvio-vaporizou-moradores-de-herculano-sugere-estudo\/\"},\"wordCount\":305,\"commentCount\":0,\"publisher\":{\"@id\":\"https:\/\/jornalfatosenoticias.com.br\/#organization\"},\"image\":{\"@id\":\"https:\/\/jornalfatosenoticias.com.br\/index.php\/2023\/04\/20\/erupcao-do-vesuvio-vaporizou-moradores-de-herculano-sugere-estudo\/#primaryimage\"},\"thumbnailUrl\":\"https:\/\/jornalfatosenoticias.com.br\/wp-content\/uploads\/2023\/04\/Erupcao-do-Vesuvio-vaporizou-moradores-de-Herculano.jpg\",\"keywords\":[\"arqueologia\",\"erup\u00e7\u00e3o\",\"Monte Ves\u00favio\",\"Pompeia\",\"vaporizar\",\"vulc\u00e3o\"],\"articleSection\":[\"Paleo &amp; Arqueologia\"],\"inLanguage\":\"pt-BR\",\"potentialAction\":[{\"@type\":\"CommentAction\",\"name\":\"Comment\",\"target\":[\"https:\/\/jornalfatosenoticias.com.br\/index.php\/2023\/04\/20\/erupcao-do-vesuvio-vaporizou-moradores-de-herculano-sugere-estudo\/#respond\"]}]},{\"@type\":\"WebPage\",\"@id\":\"https:\/\/jornalfatosenoticias.com.br\/index.php\/2023\/04\/20\/erupcao-do-vesuvio-vaporizou-moradores-de-herculano-sugere-estudo\/\",\"url\":\"https:\/\/jornalfatosenoticias.com.br\/index.php\/2023\/04\/20\/erupcao-do-vesuvio-vaporizou-moradores-de-herculano-sugere-estudo\/\",\"name\":\"Erup\u00e7\u00e3o do Ves\u00favio vaporizou moradores de Herculano, sugere estudo - Jornal Fatos e Not\u00edcias\",\"isPartOf\":{\"@id\":\"https:\/\/jornalfatosenoticias.com.br\/#website\"},\"primaryImageOfPage\":{\"@id\":\"https:\/\/jornalfatosenoticias.com.br\/index.php\/2023\/04\/20\/erupcao-do-vesuvio-vaporizou-moradores-de-herculano-sugere-estudo\/#primaryimage\"},\"image\":{\"@id\":\"https:\/\/jornalfatosenoticias.com.br\/index.php\/2023\/04\/20\/erupcao-do-vesuvio-vaporizou-moradores-de-herculano-sugere-estudo\/#primaryimage\"},\"thumbnailUrl\":\"https:\/\/jornalfatosenoticias.com.br\/wp-content\/uploads\/2023\/04\/Erupcao-do-Vesuvio-vaporizou-moradores-de-Herculano.jpg\",\"datePublished\":\"2023-04-20T13:14:26+00:00\",\"breadcrumb\":{\"@id\":\"https:\/\/jornalfatosenoticias.com.br\/index.php\/2023\/04\/20\/erupcao-do-vesuvio-vaporizou-moradores-de-herculano-sugere-estudo\/#breadcrumb\"},\"inLanguage\":\"pt-BR\",\"potentialAction\":[{\"@type\":\"ReadAction\",\"target\":[\"https:\/\/jornalfatosenoticias.com.br\/index.php\/2023\/04\/20\/erupcao-do-vesuvio-vaporizou-moradores-de-herculano-sugere-estudo\/\"]}]},{\"@type\":\"ImageObject\",\"inLanguage\":\"pt-BR\",\"@id\":\"https:\/\/jornalfatosenoticias.com.br\/index.php\/2023\/04\/20\/erupcao-do-vesuvio-vaporizou-moradores-de-herculano-sugere-estudo\/#primaryimage\",\"url\":\"https:\/\/jornalfatosenoticias.com.br\/wp-content\/uploads\/2023\/04\/Erupcao-do-Vesuvio-vaporizou-moradores-de-Herculano.jpg\",\"contentUrl\":\"https:\/\/jornalfatosenoticias.com.br\/wp-content\/uploads\/2023\/04\/Erupcao-do-Vesuvio-vaporizou-moradores-de-Herculano.jpg\",\"width\":1000,\"height\":626},{\"@type\":\"BreadcrumbList\",\"@id\":\"https:\/\/jornalfatosenoticias.com.br\/index.php\/2023\/04\/20\/erupcao-do-vesuvio-vaporizou-moradores-de-herculano-sugere-estudo\/#breadcrumb\",\"itemListElement\":[{\"@type\":\"ListItem\",\"position\":1,\"name\":\"In\u00edcio\",\"item\":\"https:\/\/jornalfatosenoticias.com.br\/\"},{\"@type\":\"ListItem\",\"position\":2,\"name\":\"Erup\u00e7\u00e3o do Ves\u00favio vaporizou moradores de Herculano, sugere estudo\"}]},{\"@type\":\"WebSite\",\"@id\":\"https:\/\/jornalfatosenoticias.com.br\/#website\",\"url\":\"https:\/\/jornalfatosenoticias.com.br\/\",\"name\":\"Jornal Fatos e Not\u00edcias\",\"description\":\"Not\u00edcias em geral\",\"publisher\":{\"@id\":\"https:\/\/jornalfatosenoticias.com.br\/#organization\"},\"potentialAction\":[{\"@type\":\"SearchAction\",\"target\":{\"@type\":\"EntryPoint\",\"urlTemplate\":\"https:\/\/jornalfatosenoticias.com.br\/?s={search_term_string}\"},\"query-input\":{\"@type\":\"PropertyValueSpecification\",\"valueRequired\":true,\"valueName\":\"search_term_string\"}}],\"inLanguage\":\"pt-BR\"},{\"@type\":\"Organization\",\"@id\":\"https:\/\/jornalfatosenoticias.com.br\/#organization\",\"name\":\"Jornal Fatos e Not\u00edcias\",\"url\":\"https:\/\/jornalfatosenoticias.com.br\/\",\"logo\":{\"@type\":\"ImageObject\",\"inLanguage\":\"pt-BR\",\"@id\":\"https:\/\/jornalfatosenoticias.com.br\/#\/schema\/logo\/image\/\",\"url\":\"https:\/\/jornalfatosenoticias.com.br\/wp-content\/uploads\/2020\/02\/logo120.png\",\"contentUrl\":\"https:\/\/jornalfatosenoticias.com.br\/wp-content\/uploads\/2020\/02\/logo120.png\",\"width\":1227,\"height\":120,\"caption\":\"Jornal Fatos e Not\u00edcias\"},\"image\":{\"@id\":\"https:\/\/jornalfatosenoticias.com.br\/#\/schema\/logo\/image\/\"}},{\"@type\":\"Person\",\"@id\":\"https:\/\/jornalfatosenoticias.com.br\/#\/schema\/person\/d63837fa13ac8666eb9e74e0985d6f81\",\"name\":\"Luzimara Fernandes\",\"image\":{\"@type\":\"ImageObject\",\"inLanguage\":\"pt-BR\",\"@id\":\"https:\/\/jornalfatosenoticias.com.br\/#\/schema\/person\/image\/\",\"url\":\"https:\/\/jornalfatosenoticias.com.br\/wp-content\/uploads\/2025\/05\/EU_portal.jpg\",\"contentUrl\":\"https:\/\/jornalfatosenoticias.com.br\/wp-content\/uploads\/2025\/05\/EU_portal.jpg\",\"caption\":\"Luzimara Fernandes\"},\"description\":\"Jornalista MTB 2358-ES\",\"sameAs\":[\"https:\/\/jornalfatosenoticias.com.br\"],\"url\":\"https:\/\/jornalfatosenoticias.com.br\/index.php\/author\/luzimara\/\"}]}<\/script>\n<!-- \/ Yoast SEO plugin. -->","yoast_head_json":{"title":"Erup\u00e7\u00e3o do Ves\u00favio vaporizou moradores de Herculano, sugere estudo - Jornal Fatos e Not\u00edcias","robots":{"index":"index","follow":"follow","max-snippet":"max-snippet:-1","max-image-preview":"max-image-preview:large","max-video-preview":"max-video-preview:-1"},"canonical":"https:\/\/jornalfatosenoticias.com.br\/index.php\/2023\/04\/20\/erupcao-do-vesuvio-vaporizou-moradores-de-herculano-sugere-estudo\/","og_locale":"pt_BR","og_type":"article","og_title":"Erup\u00e7\u00e3o do Ves\u00favio vaporizou moradores de Herculano, sugere estudo - Jornal Fatos e Not\u00edcias","og_description":"Por: Carolina Fioratti H\u00e1 cerca de dois mil anos, o Monte Ves\u00favio entrou em erup\u00e7\u00e3o. O evento causou o conhecido desastre de Pompeia, que dizimou toda a popula\u00e7\u00e3o local. Aqueles que viviam na cidade vizinha de Herculano tamb\u00e9m sofreram as consequ\u00eancias, embora haja menos vest\u00edgios sobre o que ocorreu com o povo que vivia ali. [&hellip;]","og_url":"https:\/\/jornalfatosenoticias.com.br\/index.php\/2023\/04\/20\/erupcao-do-vesuvio-vaporizou-moradores-de-herculano-sugere-estudo\/","og_site_name":"Jornal Fatos e Not\u00edcias","article_published_time":"2023-04-20T13:14:26+00:00","og_image":[{"width":1000,"height":626,"url":"https:\/\/jornalfatosenoticias.com.br\/wp-content\/uploads\/2023\/04\/Erupcao-do-Vesuvio-vaporizou-moradores-de-Herculano.jpg","type":"image\/jpeg"}],"author":"Luzimara Fernandes","twitter_card":"summary_large_image","twitter_misc":{"Escrito por":"Luzimara Fernandes","Est. tempo de leitura":"1 minuto"},"schema":{"@context":"https:\/\/schema.org","@graph":[{"@type":"Article","@id":"https:\/\/jornalfatosenoticias.com.br\/index.php\/2023\/04\/20\/erupcao-do-vesuvio-vaporizou-moradores-de-herculano-sugere-estudo\/#article","isPartOf":{"@id":"https:\/\/jornalfatosenoticias.com.br\/index.php\/2023\/04\/20\/erupcao-do-vesuvio-vaporizou-moradores-de-herculano-sugere-estudo\/"},"author":{"name":"Luzimara Fernandes","@id":"https:\/\/jornalfatosenoticias.com.br\/#\/schema\/person\/d63837fa13ac8666eb9e74e0985d6f81"},"headline":"Erup\u00e7\u00e3o do Ves\u00favio vaporizou moradores de Herculano, sugere estudo","datePublished":"2023-04-20T13:14:26+00:00","mainEntityOfPage":{"@id":"https:\/\/jornalfatosenoticias.com.br\/index.php\/2023\/04\/20\/erupcao-do-vesuvio-vaporizou-moradores-de-herculano-sugere-estudo\/"},"wordCount":305,"commentCount":0,"publisher":{"@id":"https:\/\/jornalfatosenoticias.com.br\/#organization"},"image":{"@id":"https:\/\/jornalfatosenoticias.com.br\/index.php\/2023\/04\/20\/erupcao-do-vesuvio-vaporizou-moradores-de-herculano-sugere-estudo\/#primaryimage"},"thumbnailUrl":"https:\/\/jornalfatosenoticias.com.br\/wp-content\/uploads\/2023\/04\/Erupcao-do-Vesuvio-vaporizou-moradores-de-Herculano.jpg","keywords":["arqueologia","erup\u00e7\u00e3o","Monte Ves\u00favio","Pompeia","vaporizar","vulc\u00e3o"],"articleSection":["Paleo &amp; Arqueologia"],"inLanguage":"pt-BR","potentialAction":[{"@type":"CommentAction","name":"Comment","target":["https:\/\/jornalfatosenoticias.com.br\/index.php\/2023\/04\/20\/erupcao-do-vesuvio-vaporizou-moradores-de-herculano-sugere-estudo\/#respond"]}]},{"@type":"WebPage","@id":"https:\/\/jornalfatosenoticias.com.br\/index.php\/2023\/04\/20\/erupcao-do-vesuvio-vaporizou-moradores-de-herculano-sugere-estudo\/","url":"https:\/\/jornalfatosenoticias.com.br\/index.php\/2023\/04\/20\/erupcao-do-vesuvio-vaporizou-moradores-de-herculano-sugere-estudo\/","name":"Erup\u00e7\u00e3o do Ves\u00favio vaporizou moradores de Herculano, sugere estudo - Jornal Fatos e Not\u00edcias","isPartOf":{"@id":"https:\/\/jornalfatosenoticias.com.br\/#website"},"primaryImageOfPage":{"@id":"https:\/\/jornalfatosenoticias.com.br\/index.php\/2023\/04\/20\/erupcao-do-vesuvio-vaporizou-moradores-de-herculano-sugere-estudo\/#primaryimage"},"image":{"@id":"https:\/\/jornalfatosenoticias.com.br\/index.php\/2023\/04\/20\/erupcao-do-vesuvio-vaporizou-moradores-de-herculano-sugere-estudo\/#primaryimage"},"thumbnailUrl":"https:\/\/jornalfatosenoticias.com.br\/wp-content\/uploads\/2023\/04\/Erupcao-do-Vesuvio-vaporizou-moradores-de-Herculano.jpg","datePublished":"2023-04-20T13:14:26+00:00","breadcrumb":{"@id":"https:\/\/jornalfatosenoticias.com.br\/index.php\/2023\/04\/20\/erupcao-do-vesuvio-vaporizou-moradores-de-herculano-sugere-estudo\/#breadcrumb"},"inLanguage":"pt-BR","potentialAction":[{"@type":"ReadAction","target":["https:\/\/jornalfatosenoticias.com.br\/index.php\/2023\/04\/20\/erupcao-do-vesuvio-vaporizou-moradores-de-herculano-sugere-estudo\/"]}]},{"@type":"ImageObject","inLanguage":"pt-BR","@id":"https:\/\/jornalfatosenoticias.com.br\/index.php\/2023\/04\/20\/erupcao-do-vesuvio-vaporizou-moradores-de-herculano-sugere-estudo\/#primaryimage","url":"https:\/\/jornalfatosenoticias.com.br\/wp-content\/uploads\/2023\/04\/Erupcao-do-Vesuvio-vaporizou-moradores-de-Herculano.jpg","contentUrl":"https:\/\/jornalfatosenoticias.com.br\/wp-content\/uploads\/2023\/04\/Erupcao-do-Vesuvio-vaporizou-moradores-de-Herculano.jpg","width":1000,"height":626},{"@type":"BreadcrumbList","@id":"https:\/\/jornalfatosenoticias.com.br\/index.php\/2023\/04\/20\/erupcao-do-vesuvio-vaporizou-moradores-de-herculano-sugere-estudo\/#breadcrumb","itemListElement":[{"@type":"ListItem","position":1,"name":"In\u00edcio","item":"https:\/\/jornalfatosenoticias.com.br\/"},{"@type":"ListItem","position":2,"name":"Erup\u00e7\u00e3o do Ves\u00favio vaporizou moradores de Herculano, sugere estudo"}]},{"@type":"WebSite","@id":"https:\/\/jornalfatosenoticias.com.br\/#website","url":"https:\/\/jornalfatosenoticias.com.br\/","name":"Jornal Fatos e Not\u00edcias","description":"Not\u00edcias em geral","publisher":{"@id":"https:\/\/jornalfatosenoticias.com.br\/#organization"},"potentialAction":[{"@type":"SearchAction","target":{"@type":"EntryPoint","urlTemplate":"https:\/\/jornalfatosenoticias.com.br\/?s={search_term_string}"},"query-input":{"@type":"PropertyValueSpecification","valueRequired":true,"valueName":"search_term_string"}}],"inLanguage":"pt-BR"},{"@type":"Organization","@id":"https:\/\/jornalfatosenoticias.com.br\/#organization","name":"Jornal Fatos e Not\u00edcias","url":"https:\/\/jornalfatosenoticias.com.br\/","logo":{"@type":"ImageObject","inLanguage":"pt-BR","@id":"https:\/\/jornalfatosenoticias.com.br\/#\/schema\/logo\/image\/","url":"https:\/\/jornalfatosenoticias.com.br\/wp-content\/uploads\/2020\/02\/logo120.png","contentUrl":"https:\/\/jornalfatosenoticias.com.br\/wp-content\/uploads\/2020\/02\/logo120.png","width":1227,"height":120,"caption":"Jornal Fatos e Not\u00edcias"},"image":{"@id":"https:\/\/jornalfatosenoticias.com.br\/#\/schema\/logo\/image\/"}},{"@type":"Person","@id":"https:\/\/jornalfatosenoticias.com.br\/#\/schema\/person\/d63837fa13ac8666eb9e74e0985d6f81","name":"Luzimara Fernandes","image":{"@type":"ImageObject","inLanguage":"pt-BR","@id":"https:\/\/jornalfatosenoticias.com.br\/#\/schema\/person\/image\/","url":"https:\/\/jornalfatosenoticias.com.br\/wp-content\/uploads\/2025\/05\/EU_portal.jpg","contentUrl":"https:\/\/jornalfatosenoticias.com.br\/wp-content\/uploads\/2025\/05\/EU_portal.jpg","caption":"Luzimara Fernandes"},"description":"Jornalista MTB 2358-ES","sameAs":["https:\/\/jornalfatosenoticias.com.br"],"url":"https:\/\/jornalfatosenoticias.com.br\/index.php\/author\/luzimara\/"}]}},"cc_featured_image_caption":{"caption_text":"(Foto: Getty Images) ","source_text":"","source_url":""},"jetpack_featured_media_url":"https:\/\/jornalfatosenoticias.com.br\/wp-content\/uploads\/2023\/04\/Erupcao-do-Vesuvio-vaporizou-moradores-de-Herculano.jpg","_links":{"self":[{"href":"https:\/\/jornalfatosenoticias.com.br\/index.php\/wp-json\/wp\/v2\/posts\/40801","targetHints":{"allow":["GET"]}}],"collection":[{"href":"https:\/\/jornalfatosenoticias.com.br\/index.php\/wp-json\/wp\/v2\/posts"}],"about":[{"href":"https:\/\/jornalfatosenoticias.com.br\/index.php\/wp-json\/wp\/v2\/types\/post"}],"author":[{"embeddable":true,"href":"https:\/\/jornalfatosenoticias.com.br\/index.php\/wp-json\/wp\/v2\/users\/2"}],"replies":[{"embeddable":true,"href":"https:\/\/jornalfatosenoticias.com.br\/index.php\/wp-json\/wp\/v2\/comments?post=40801"}],"version-history":[{"count":0,"href":"https:\/\/jornalfatosenoticias.com.br\/index.php\/wp-json\/wp\/v2\/posts\/40801\/revisions"}],"wp:featuredmedia":[{"embeddable":true,"href":"https:\/\/jornalfatosenoticias.com.br\/index.php\/wp-json\/wp\/v2\/media\/40802"}],"wp:attachment":[{"href":"https:\/\/jornalfatosenoticias.com.br\/index.php\/wp-json\/wp\/v2\/media?parent=40801"}],"wp:term":[{"taxonomy":"category","embeddable":true,"href":"https:\/\/jornalfatosenoticias.com.br\/index.php\/wp-json\/wp\/v2\/categories?post=40801"},{"taxonomy":"post_tag","embeddable":true,"href":"https:\/\/jornalfatosenoticias.com.br\/index.php\/wp-json\/wp\/v2\/tags?post=40801"}],"curies":[{"name":"wp","href":"https:\/\/api.w.org\/{rel}","templated":true}]}}