{"id":40820,"date":"2023-04-24T10:18:40","date_gmt":"2023-04-24T13:18:40","guid":{"rendered":"https:\/\/jornalfatosenoticias.com.br\/?p=40820"},"modified":"2023-04-24T10:18:41","modified_gmt":"2023-04-24T13:18:41","slug":"crepusculo-franquia-de-stephenie-meyer-vai-virar-serie-para-tv","status":"publish","type":"post","link":"https:\/\/jornalfatosenoticias.com.br\/index.php\/2023\/04\/24\/crepusculo-franquia-de-stephenie-meyer-vai-virar-serie-para-tv\/","title":{"rendered":"\u201cCrep\u00fasculo\u201d: franquia de Stephenie Meyer vai virar s\u00e9rie para TV"},"content":{"rendered":"\n<p><em><span class=\"has-inline-color has-black-color\">Por: <strong>Rayane Moura<\/strong><\/span><\/em><\/p>\n\n\n\n<div class=\"wp-block-image\"><figure class=\"aligncenter size-large is-resized\"><img loading=\"lazy\" decoding=\"async\" src=\"https:\/\/jornalfatosenoticias.com.br\/wp-content\/uploads\/2023\/04\/baile.jpg\" alt=\"\" class=\"wp-image-40627\" width=\"282\" height=\"282\" srcset=\"https:\/\/jornalfatosenoticias.com.br\/wp-content\/uploads\/2023\/04\/baile.jpg 250w, https:\/\/jornalfatosenoticias.com.br\/wp-content\/uploads\/2023\/04\/baile-150x150.jpg 150w\" sizes=\"auto, (max-width: 282px) 100vw, 282px\" \/><\/figure><\/div>\n\n\n\n<p>As franquias de sucesso n\u00e3o param de se expandir. Depois de <a href=\"https:\/\/gizmodo.uol.com.br\/o-senhor-dos-aneis-tem-novos-filmes-em-desenvolvimento-confirma-warner-bros\/\">\u201cO Senhor dos An\u00e9is\u201d<\/a>\u00a0e\u00a0<a href=\"https:\/\/gizmodo.uol.com.br\/harry-potter-vai-ganhar-serie-com-novo-elenco-e-producao-de-j-k-rowling\/\">\u201cHarry Potter\u201d<\/a>, chegou a vez de \u201cCrep\u00fasculo\u201d. Segundo informa\u00e7\u00f5es divulgadas pelo\u00a0<a href=\"https:\/\/www.hollywoodreporter.com\/tv\/tv-news\/twilight-tv-series-in-the-works-1235391710\/\"><em>The Hollywood Reporter<\/em><\/a>, a saga de livros mais vendidos da autora Stephenie Meyer ganhar\u00e1 uma s\u00e9rie, que j\u00e1 est\u00e1 em desenvolvimento inicial pela Lionsgate Television.<br>De acordo com a revista norte-americana, Sinead Daly (de \u201cThe Walking Dead: Um Novo Universo\u201d) est\u00e1 respons\u00e1vel por escrever o roteiro da s\u00e9rie. Fontes disseram ao THR que ela est\u00e1 trabalhando com a Lionsgate TV, para determinar qual vers\u00e3o espec\u00edfica da saga \u201cCrep\u00fasculo\u201d ser\u00e1 adaptada. No entanto, ainda n\u00e3o se sabe se a trama ser\u00e1 um remake ou uma produ\u00e7\u00e3o com um enredo totalmente diferente.<\/p>\n\n\n\n<div class=\"wp-block-image\"><figure class=\"aligncenter size-large\"><img loading=\"lazy\" decoding=\"async\" width=\"300\" height=\"250\" src=\"https:\/\/jornalfatosenoticias.com.br\/wp-content\/uploads\/2022\/02\/Banner-2.png\" alt=\"\" class=\"wp-image-27877\"\/><\/figure><\/div>\n\n\n\n<p>O projeto j\u00e1 tem definido os nomes de Wyck Godfrey (\u201cSorria\u201d) e Erik Feig (\u201cUma Garota de Muita Sorte\u201d) como produtores executivos. Autora dos best-sellers, Stephenie Meyer tamb\u00e9m estaria envolvida na adapta\u00e7\u00e3o. A s\u00e9rie de \u201cCrep\u00fasculo\u201d ainda n\u00e3o tem uma rede ou plataforma de streaming definida para a transmiss\u00e3o. A Lionsgate pretende definir todo o projeto antes de negociar os direitos de exibi\u00e7\u00e3o.<\/p>\n\n\n\n<div class=\"wp-block-image\"><figure class=\"aligncenter size-large is-resized\"><img loading=\"lazy\" decoding=\"async\" src=\"https:\/\/jornalfatosenoticias.com.br\/wp-content\/uploads\/2022\/07\/Logo-Grupo-SEI.jpg\" alt=\"\" class=\"wp-image-31973\" width=\"380\" height=\"199\" srcset=\"https:\/\/jornalfatosenoticias.com.br\/wp-content\/uploads\/2022\/07\/Logo-Grupo-SEI.jpg 713w, https:\/\/jornalfatosenoticias.com.br\/wp-content\/uploads\/2022\/07\/Logo-Grupo-SEI-300x158.jpg 300w\" sizes=\"auto, (max-width: 380px) 100vw, 380px\" \/><\/figure><\/div>\n\n\n\n<p>Por estar em fase inicial, ainda n\u00e3o h\u00e1 um cronograma para quando a s\u00e9rie de \u201cCrep\u00fasculo\u201d ser\u00e1 produzida e lan\u00e7ada, nem os potenciais compradores para distribui\u00e7\u00e3o. Ao The Hollywood Reporter, os representantes da Lionsgate Television se recusaram a comentar o assunto, nem confirmaram a informa\u00e7\u00e3o.<br>Os cinco longas da saga &#8220;Crep\u00fasculo&#8221; foram estrelados por Kristen Stewart (Bella), Robert Pattinson (Edward) e Taylor Lautner (Jacob). A trama segue uma adolescente, que depois de se apaixonar por um vampiro, descobre a exist\u00eancia de um mundo de criaturas sobrenaturais, incluindo lobisomens. Lan\u00e7ados entre 2008 e 2012, coletivamente os filmes arrecadaram mais de US$ 3,4 bilh\u00f5es (cerca de R$ 17,2 bilh\u00f5es) em todo o mundo.<\/p>\n\n\n\n<div class=\"wp-block-image\"><figure class=\"aligncenter size-large is-resized\"><img loading=\"lazy\" decoding=\"async\" src=\"https:\/\/jornalfatosenoticias.com.br\/wp-content\/uploads\/2022\/02\/Precisao-Contabilidade-1024x724.jpg\" alt=\"\" class=\"wp-image-28088\" width=\"340\" height=\"240\"\/><\/figure><\/div>\n\n\n\n<p><strong><em>Fonte: <a href=\"https:\/\/gizmodo.uol.com.br\/crepusculo-franquia-de-stephenie-meyer-vai-virar-serie-para-tv\/\">GizModo<\/a><\/em><\/strong><\/p>\n","protected":false},"excerpt":{"rendered":"<p>Por: Rayane Moura As franquias de sucesso n\u00e3o param de se expandir. Depois de \u201cO Senhor dos An\u00e9is\u201d\u00a0e\u00a0\u201cHarry Potter\u201d, chegou a vez de \u201cCrep\u00fasculo\u201d. Segundo informa\u00e7\u00f5es divulgadas pelo\u00a0The Hollywood Reporter, a saga de livros mais vendidos da autora Stephenie Meyer ganhar\u00e1 uma s\u00e9rie, que j\u00e1 est\u00e1 em desenvolvimento inicial pela Lionsgate Television.De acordo com a [&hellip;]<\/p>\n","protected":false},"author":2,"featured_media":40821,"comment_status":"open","ping_status":"open","sticky":false,"template":"","format":"standard","meta":{"footnotes":""},"categories":[4],"tags":[428,19133,2507,19134,19135],"class_list":["post-40820","post","type-post","status-publish","format-standard","has-post-thumbnail","hentry","category-cultura","tag-cinema","tag-crepusculo","tag-filmes","tag-kristen-stewart","tag-robert-pattinson"],"yoast_head":"<!-- This site is optimized with the Yoast SEO plugin v26.5 - https:\/\/yoast.com\/wordpress\/plugins\/seo\/ -->\n<title>\u201cCrep\u00fasculo\u201d: franquia de Stephenie Meyer vai virar s\u00e9rie para TV - Jornal Fatos e Not\u00edcias<\/title>\n<meta name=\"robots\" content=\"index, follow, max-snippet:-1, max-image-preview:large, max-video-preview:-1\" \/>\n<link rel=\"canonical\" href=\"https:\/\/jornalfatosenoticias.com.br\/index.php\/2023\/04\/24\/crepusculo-franquia-de-stephenie-meyer-vai-virar-serie-para-tv\/\" \/>\n<meta property=\"og:locale\" content=\"pt_BR\" \/>\n<meta property=\"og:type\" content=\"article\" \/>\n<meta property=\"og:title\" content=\"\u201cCrep\u00fasculo\u201d: franquia de Stephenie Meyer vai virar s\u00e9rie para TV - Jornal Fatos e Not\u00edcias\" \/>\n<meta property=\"og:description\" content=\"Por: Rayane Moura As franquias de sucesso n\u00e3o param de se expandir. Depois de \u201cO Senhor dos An\u00e9is\u201d\u00a0e\u00a0\u201cHarry Potter\u201d, chegou a vez de \u201cCrep\u00fasculo\u201d. Segundo informa\u00e7\u00f5es divulgadas pelo\u00a0The Hollywood Reporter, a saga de livros mais vendidos da autora Stephenie Meyer ganhar\u00e1 uma s\u00e9rie, que j\u00e1 est\u00e1 em desenvolvimento inicial pela Lionsgate Television.De acordo com a [&hellip;]\" \/>\n<meta property=\"og:url\" content=\"https:\/\/jornalfatosenoticias.com.br\/index.php\/2023\/04\/24\/crepusculo-franquia-de-stephenie-meyer-vai-virar-serie-para-tv\/\" \/>\n<meta property=\"og:site_name\" content=\"Jornal Fatos e Not\u00edcias\" \/>\n<meta property=\"article:published_time\" content=\"2023-04-24T13:18:40+00:00\" \/>\n<meta property=\"article:modified_time\" content=\"2023-04-24T13:18:41+00:00\" \/>\n<meta property=\"og:image\" content=\"https:\/\/jornalfatosenoticias.com.br\/wp-content\/uploads\/2023\/04\/Bella-Edward-Twilight-crepusculo.jpg\" \/>\n\t<meta property=\"og:image:width\" content=\"1000\" \/>\n\t<meta property=\"og:image:height\" content=\"556\" \/>\n\t<meta property=\"og:image:type\" content=\"image\/jpeg\" \/>\n<meta name=\"author\" content=\"Luzimara Fernandes\" \/>\n<meta name=\"twitter:card\" content=\"summary_large_image\" \/>\n<meta name=\"twitter:label1\" content=\"Escrito por\" \/>\n\t<meta name=\"twitter:data1\" content=\"Luzimara Fernandes\" \/>\n\t<meta name=\"twitter:label2\" content=\"Est. tempo de leitura\" \/>\n\t<meta name=\"twitter:data2\" content=\"2 minutos\" \/>\n<script type=\"application\/ld+json\" class=\"yoast-schema-graph\">{\"@context\":\"https:\/\/schema.org\",\"@graph\":[{\"@type\":\"Article\",\"@id\":\"https:\/\/jornalfatosenoticias.com.br\/index.php\/2023\/04\/24\/crepusculo-franquia-de-stephenie-meyer-vai-virar-serie-para-tv\/#article\",\"isPartOf\":{\"@id\":\"https:\/\/jornalfatosenoticias.com.br\/index.php\/2023\/04\/24\/crepusculo-franquia-de-stephenie-meyer-vai-virar-serie-para-tv\/\"},\"author\":{\"name\":\"Luzimara Fernandes\",\"@id\":\"https:\/\/jornalfatosenoticias.com.br\/#\/schema\/person\/d63837fa13ac8666eb9e74e0985d6f81\"},\"headline\":\"\u201cCrep\u00fasculo\u201d: franquia de Stephenie Meyer vai virar s\u00e9rie para TV\",\"datePublished\":\"2023-04-24T13:18:40+00:00\",\"dateModified\":\"2023-04-24T13:18:41+00:00\",\"mainEntityOfPage\":{\"@id\":\"https:\/\/jornalfatosenoticias.com.br\/index.php\/2023\/04\/24\/crepusculo-franquia-de-stephenie-meyer-vai-virar-serie-para-tv\/\"},\"wordCount\":334,\"commentCount\":0,\"publisher\":{\"@id\":\"https:\/\/jornalfatosenoticias.com.br\/#organization\"},\"image\":{\"@id\":\"https:\/\/jornalfatosenoticias.com.br\/index.php\/2023\/04\/24\/crepusculo-franquia-de-stephenie-meyer-vai-virar-serie-para-tv\/#primaryimage\"},\"thumbnailUrl\":\"https:\/\/jornalfatosenoticias.com.br\/wp-content\/uploads\/2023\/04\/Bella-Edward-Twilight-crepusculo.jpg\",\"keywords\":[\"cinema\",\"Crep\u00fasculo\",\"filmes\",\"Kristen Stewart\",\"Robert Pattinson\"],\"articleSection\":[\"Cultura\"],\"inLanguage\":\"pt-BR\",\"potentialAction\":[{\"@type\":\"CommentAction\",\"name\":\"Comment\",\"target\":[\"https:\/\/jornalfatosenoticias.com.br\/index.php\/2023\/04\/24\/crepusculo-franquia-de-stephenie-meyer-vai-virar-serie-para-tv\/#respond\"]}]},{\"@type\":\"WebPage\",\"@id\":\"https:\/\/jornalfatosenoticias.com.br\/index.php\/2023\/04\/24\/crepusculo-franquia-de-stephenie-meyer-vai-virar-serie-para-tv\/\",\"url\":\"https:\/\/jornalfatosenoticias.com.br\/index.php\/2023\/04\/24\/crepusculo-franquia-de-stephenie-meyer-vai-virar-serie-para-tv\/\",\"name\":\"\u201cCrep\u00fasculo\u201d: franquia de Stephenie Meyer vai virar s\u00e9rie para TV - Jornal Fatos e Not\u00edcias\",\"isPartOf\":{\"@id\":\"https:\/\/jornalfatosenoticias.com.br\/#website\"},\"primaryImageOfPage\":{\"@id\":\"https:\/\/jornalfatosenoticias.com.br\/index.php\/2023\/04\/24\/crepusculo-franquia-de-stephenie-meyer-vai-virar-serie-para-tv\/#primaryimage\"},\"image\":{\"@id\":\"https:\/\/jornalfatosenoticias.com.br\/index.php\/2023\/04\/24\/crepusculo-franquia-de-stephenie-meyer-vai-virar-serie-para-tv\/#primaryimage\"},\"thumbnailUrl\":\"https:\/\/jornalfatosenoticias.com.br\/wp-content\/uploads\/2023\/04\/Bella-Edward-Twilight-crepusculo.jpg\",\"datePublished\":\"2023-04-24T13:18:40+00:00\",\"dateModified\":\"2023-04-24T13:18:41+00:00\",\"breadcrumb\":{\"@id\":\"https:\/\/jornalfatosenoticias.com.br\/index.php\/2023\/04\/24\/crepusculo-franquia-de-stephenie-meyer-vai-virar-serie-para-tv\/#breadcrumb\"},\"inLanguage\":\"pt-BR\",\"potentialAction\":[{\"@type\":\"ReadAction\",\"target\":[\"https:\/\/jornalfatosenoticias.com.br\/index.php\/2023\/04\/24\/crepusculo-franquia-de-stephenie-meyer-vai-virar-serie-para-tv\/\"]}]},{\"@type\":\"ImageObject\",\"inLanguage\":\"pt-BR\",\"@id\":\"https:\/\/jornalfatosenoticias.com.br\/index.php\/2023\/04\/24\/crepusculo-franquia-de-stephenie-meyer-vai-virar-serie-para-tv\/#primaryimage\",\"url\":\"https:\/\/jornalfatosenoticias.com.br\/wp-content\/uploads\/2023\/04\/Bella-Edward-Twilight-crepusculo.jpg\",\"contentUrl\":\"https:\/\/jornalfatosenoticias.com.br\/wp-content\/uploads\/2023\/04\/Bella-Edward-Twilight-crepusculo.jpg\",\"width\":1000,\"height\":556},{\"@type\":\"BreadcrumbList\",\"@id\":\"https:\/\/jornalfatosenoticias.com.br\/index.php\/2023\/04\/24\/crepusculo-franquia-de-stephenie-meyer-vai-virar-serie-para-tv\/#breadcrumb\",\"itemListElement\":[{\"@type\":\"ListItem\",\"position\":1,\"name\":\"In\u00edcio\",\"item\":\"https:\/\/jornalfatosenoticias.com.br\/\"},{\"@type\":\"ListItem\",\"position\":2,\"name\":\"\u201cCrep\u00fasculo\u201d: franquia de Stephenie Meyer vai virar s\u00e9rie para TV\"}]},{\"@type\":\"WebSite\",\"@id\":\"https:\/\/jornalfatosenoticias.com.br\/#website\",\"url\":\"https:\/\/jornalfatosenoticias.com.br\/\",\"name\":\"Jornal Fatos e Not\u00edcias\",\"description\":\"Not\u00edcias em geral\",\"publisher\":{\"@id\":\"https:\/\/jornalfatosenoticias.com.br\/#organization\"},\"potentialAction\":[{\"@type\":\"SearchAction\",\"target\":{\"@type\":\"EntryPoint\",\"urlTemplate\":\"https:\/\/jornalfatosenoticias.com.br\/?s={search_term_string}\"},\"query-input\":{\"@type\":\"PropertyValueSpecification\",\"valueRequired\":true,\"valueName\":\"search_term_string\"}}],\"inLanguage\":\"pt-BR\"},{\"@type\":\"Organization\",\"@id\":\"https:\/\/jornalfatosenoticias.com.br\/#organization\",\"name\":\"Jornal Fatos e Not\u00edcias\",\"url\":\"https:\/\/jornalfatosenoticias.com.br\/\",\"logo\":{\"@type\":\"ImageObject\",\"inLanguage\":\"pt-BR\",\"@id\":\"https:\/\/jornalfatosenoticias.com.br\/#\/schema\/logo\/image\/\",\"url\":\"https:\/\/jornalfatosenoticias.com.br\/wp-content\/uploads\/2020\/02\/logo120.png\",\"contentUrl\":\"https:\/\/jornalfatosenoticias.com.br\/wp-content\/uploads\/2020\/02\/logo120.png\",\"width\":1227,\"height\":120,\"caption\":\"Jornal Fatos e Not\u00edcias\"},\"image\":{\"@id\":\"https:\/\/jornalfatosenoticias.com.br\/#\/schema\/logo\/image\/\"}},{\"@type\":\"Person\",\"@id\":\"https:\/\/jornalfatosenoticias.com.br\/#\/schema\/person\/d63837fa13ac8666eb9e74e0985d6f81\",\"name\":\"Luzimara Fernandes\",\"image\":{\"@type\":\"ImageObject\",\"inLanguage\":\"pt-BR\",\"@id\":\"https:\/\/jornalfatosenoticias.com.br\/#\/schema\/person\/image\/\",\"url\":\"https:\/\/jornalfatosenoticias.com.br\/wp-content\/uploads\/2025\/05\/EU_portal.jpg\",\"contentUrl\":\"https:\/\/jornalfatosenoticias.com.br\/wp-content\/uploads\/2025\/05\/EU_portal.jpg\",\"caption\":\"Luzimara Fernandes\"},\"description\":\"Jornalista MTB 2358-ES\",\"sameAs\":[\"https:\/\/jornalfatosenoticias.com.br\"],\"url\":\"https:\/\/jornalfatosenoticias.com.br\/index.php\/author\/luzimara\/\"}]}<\/script>\n<!-- \/ Yoast SEO plugin. -->","yoast_head_json":{"title":"\u201cCrep\u00fasculo\u201d: franquia de Stephenie Meyer vai virar s\u00e9rie para TV - Jornal Fatos e Not\u00edcias","robots":{"index":"index","follow":"follow","max-snippet":"max-snippet:-1","max-image-preview":"max-image-preview:large","max-video-preview":"max-video-preview:-1"},"canonical":"https:\/\/jornalfatosenoticias.com.br\/index.php\/2023\/04\/24\/crepusculo-franquia-de-stephenie-meyer-vai-virar-serie-para-tv\/","og_locale":"pt_BR","og_type":"article","og_title":"\u201cCrep\u00fasculo\u201d: franquia de Stephenie Meyer vai virar s\u00e9rie para TV - Jornal Fatos e Not\u00edcias","og_description":"Por: Rayane Moura As franquias de sucesso n\u00e3o param de se expandir. Depois de \u201cO Senhor dos An\u00e9is\u201d\u00a0e\u00a0\u201cHarry Potter\u201d, chegou a vez de \u201cCrep\u00fasculo\u201d. Segundo informa\u00e7\u00f5es divulgadas pelo\u00a0The Hollywood Reporter, a saga de livros mais vendidos da autora Stephenie Meyer ganhar\u00e1 uma s\u00e9rie, que j\u00e1 est\u00e1 em desenvolvimento inicial pela Lionsgate Television.De acordo com a [&hellip;]","og_url":"https:\/\/jornalfatosenoticias.com.br\/index.php\/2023\/04\/24\/crepusculo-franquia-de-stephenie-meyer-vai-virar-serie-para-tv\/","og_site_name":"Jornal Fatos e Not\u00edcias","article_published_time":"2023-04-24T13:18:40+00:00","article_modified_time":"2023-04-24T13:18:41+00:00","og_image":[{"width":1000,"height":556,"url":"https:\/\/jornalfatosenoticias.com.br\/wp-content\/uploads\/2023\/04\/Bella-Edward-Twilight-crepusculo.jpg","type":"image\/jpeg"}],"author":"Luzimara Fernandes","twitter_card":"summary_large_image","twitter_misc":{"Escrito por":"Luzimara Fernandes","Est. tempo de leitura":"2 minutos"},"schema":{"@context":"https:\/\/schema.org","@graph":[{"@type":"Article","@id":"https:\/\/jornalfatosenoticias.com.br\/index.php\/2023\/04\/24\/crepusculo-franquia-de-stephenie-meyer-vai-virar-serie-para-tv\/#article","isPartOf":{"@id":"https:\/\/jornalfatosenoticias.com.br\/index.php\/2023\/04\/24\/crepusculo-franquia-de-stephenie-meyer-vai-virar-serie-para-tv\/"},"author":{"name":"Luzimara Fernandes","@id":"https:\/\/jornalfatosenoticias.com.br\/#\/schema\/person\/d63837fa13ac8666eb9e74e0985d6f81"},"headline":"\u201cCrep\u00fasculo\u201d: franquia de Stephenie Meyer vai virar s\u00e9rie para TV","datePublished":"2023-04-24T13:18:40+00:00","dateModified":"2023-04-24T13:18:41+00:00","mainEntityOfPage":{"@id":"https:\/\/jornalfatosenoticias.com.br\/index.php\/2023\/04\/24\/crepusculo-franquia-de-stephenie-meyer-vai-virar-serie-para-tv\/"},"wordCount":334,"commentCount":0,"publisher":{"@id":"https:\/\/jornalfatosenoticias.com.br\/#organization"},"image":{"@id":"https:\/\/jornalfatosenoticias.com.br\/index.php\/2023\/04\/24\/crepusculo-franquia-de-stephenie-meyer-vai-virar-serie-para-tv\/#primaryimage"},"thumbnailUrl":"https:\/\/jornalfatosenoticias.com.br\/wp-content\/uploads\/2023\/04\/Bella-Edward-Twilight-crepusculo.jpg","keywords":["cinema","Crep\u00fasculo","filmes","Kristen Stewart","Robert Pattinson"],"articleSection":["Cultura"],"inLanguage":"pt-BR","potentialAction":[{"@type":"CommentAction","name":"Comment","target":["https:\/\/jornalfatosenoticias.com.br\/index.php\/2023\/04\/24\/crepusculo-franquia-de-stephenie-meyer-vai-virar-serie-para-tv\/#respond"]}]},{"@type":"WebPage","@id":"https:\/\/jornalfatosenoticias.com.br\/index.php\/2023\/04\/24\/crepusculo-franquia-de-stephenie-meyer-vai-virar-serie-para-tv\/","url":"https:\/\/jornalfatosenoticias.com.br\/index.php\/2023\/04\/24\/crepusculo-franquia-de-stephenie-meyer-vai-virar-serie-para-tv\/","name":"\u201cCrep\u00fasculo\u201d: franquia de Stephenie Meyer vai virar s\u00e9rie para TV - Jornal Fatos e Not\u00edcias","isPartOf":{"@id":"https:\/\/jornalfatosenoticias.com.br\/#website"},"primaryImageOfPage":{"@id":"https:\/\/jornalfatosenoticias.com.br\/index.php\/2023\/04\/24\/crepusculo-franquia-de-stephenie-meyer-vai-virar-serie-para-tv\/#primaryimage"},"image":{"@id":"https:\/\/jornalfatosenoticias.com.br\/index.php\/2023\/04\/24\/crepusculo-franquia-de-stephenie-meyer-vai-virar-serie-para-tv\/#primaryimage"},"thumbnailUrl":"https:\/\/jornalfatosenoticias.com.br\/wp-content\/uploads\/2023\/04\/Bella-Edward-Twilight-crepusculo.jpg","datePublished":"2023-04-24T13:18:40+00:00","dateModified":"2023-04-24T13:18:41+00:00","breadcrumb":{"@id":"https:\/\/jornalfatosenoticias.com.br\/index.php\/2023\/04\/24\/crepusculo-franquia-de-stephenie-meyer-vai-virar-serie-para-tv\/#breadcrumb"},"inLanguage":"pt-BR","potentialAction":[{"@type":"ReadAction","target":["https:\/\/jornalfatosenoticias.com.br\/index.php\/2023\/04\/24\/crepusculo-franquia-de-stephenie-meyer-vai-virar-serie-para-tv\/"]}]},{"@type":"ImageObject","inLanguage":"pt-BR","@id":"https:\/\/jornalfatosenoticias.com.br\/index.php\/2023\/04\/24\/crepusculo-franquia-de-stephenie-meyer-vai-virar-serie-para-tv\/#primaryimage","url":"https:\/\/jornalfatosenoticias.com.br\/wp-content\/uploads\/2023\/04\/Bella-Edward-Twilight-crepusculo.jpg","contentUrl":"https:\/\/jornalfatosenoticias.com.br\/wp-content\/uploads\/2023\/04\/Bella-Edward-Twilight-crepusculo.jpg","width":1000,"height":556},{"@type":"BreadcrumbList","@id":"https:\/\/jornalfatosenoticias.com.br\/index.php\/2023\/04\/24\/crepusculo-franquia-de-stephenie-meyer-vai-virar-serie-para-tv\/#breadcrumb","itemListElement":[{"@type":"ListItem","position":1,"name":"In\u00edcio","item":"https:\/\/jornalfatosenoticias.com.br\/"},{"@type":"ListItem","position":2,"name":"\u201cCrep\u00fasculo\u201d: franquia de Stephenie Meyer vai virar s\u00e9rie para TV"}]},{"@type":"WebSite","@id":"https:\/\/jornalfatosenoticias.com.br\/#website","url":"https:\/\/jornalfatosenoticias.com.br\/","name":"Jornal Fatos e Not\u00edcias","description":"Not\u00edcias em geral","publisher":{"@id":"https:\/\/jornalfatosenoticias.com.br\/#organization"},"potentialAction":[{"@type":"SearchAction","target":{"@type":"EntryPoint","urlTemplate":"https:\/\/jornalfatosenoticias.com.br\/?s={search_term_string}"},"query-input":{"@type":"PropertyValueSpecification","valueRequired":true,"valueName":"search_term_string"}}],"inLanguage":"pt-BR"},{"@type":"Organization","@id":"https:\/\/jornalfatosenoticias.com.br\/#organization","name":"Jornal Fatos e Not\u00edcias","url":"https:\/\/jornalfatosenoticias.com.br\/","logo":{"@type":"ImageObject","inLanguage":"pt-BR","@id":"https:\/\/jornalfatosenoticias.com.br\/#\/schema\/logo\/image\/","url":"https:\/\/jornalfatosenoticias.com.br\/wp-content\/uploads\/2020\/02\/logo120.png","contentUrl":"https:\/\/jornalfatosenoticias.com.br\/wp-content\/uploads\/2020\/02\/logo120.png","width":1227,"height":120,"caption":"Jornal Fatos e Not\u00edcias"},"image":{"@id":"https:\/\/jornalfatosenoticias.com.br\/#\/schema\/logo\/image\/"}},{"@type":"Person","@id":"https:\/\/jornalfatosenoticias.com.br\/#\/schema\/person\/d63837fa13ac8666eb9e74e0985d6f81","name":"Luzimara Fernandes","image":{"@type":"ImageObject","inLanguage":"pt-BR","@id":"https:\/\/jornalfatosenoticias.com.br\/#\/schema\/person\/image\/","url":"https:\/\/jornalfatosenoticias.com.br\/wp-content\/uploads\/2025\/05\/EU_portal.jpg","contentUrl":"https:\/\/jornalfatosenoticias.com.br\/wp-content\/uploads\/2025\/05\/EU_portal.jpg","caption":"Luzimara Fernandes"},"description":"Jornalista MTB 2358-ES","sameAs":["https:\/\/jornalfatosenoticias.com.br"],"url":"https:\/\/jornalfatosenoticias.com.br\/index.php\/author\/luzimara\/"}]}},"cc_featured_image_caption":{"caption_text":"(Foto: Reprodu\u00e7\u00e3o\/IMDb) ","source_text":"","source_url":""},"jetpack_featured_media_url":"https:\/\/jornalfatosenoticias.com.br\/wp-content\/uploads\/2023\/04\/Bella-Edward-Twilight-crepusculo.jpg","_links":{"self":[{"href":"https:\/\/jornalfatosenoticias.com.br\/index.php\/wp-json\/wp\/v2\/posts\/40820","targetHints":{"allow":["GET"]}}],"collection":[{"href":"https:\/\/jornalfatosenoticias.com.br\/index.php\/wp-json\/wp\/v2\/posts"}],"about":[{"href":"https:\/\/jornalfatosenoticias.com.br\/index.php\/wp-json\/wp\/v2\/types\/post"}],"author":[{"embeddable":true,"href":"https:\/\/jornalfatosenoticias.com.br\/index.php\/wp-json\/wp\/v2\/users\/2"}],"replies":[{"embeddable":true,"href":"https:\/\/jornalfatosenoticias.com.br\/index.php\/wp-json\/wp\/v2\/comments?post=40820"}],"version-history":[{"count":0,"href":"https:\/\/jornalfatosenoticias.com.br\/index.php\/wp-json\/wp\/v2\/posts\/40820\/revisions"}],"wp:featuredmedia":[{"embeddable":true,"href":"https:\/\/jornalfatosenoticias.com.br\/index.php\/wp-json\/wp\/v2\/media\/40821"}],"wp:attachment":[{"href":"https:\/\/jornalfatosenoticias.com.br\/index.php\/wp-json\/wp\/v2\/media?parent=40820"}],"wp:term":[{"taxonomy":"category","embeddable":true,"href":"https:\/\/jornalfatosenoticias.com.br\/index.php\/wp-json\/wp\/v2\/categories?post=40820"},{"taxonomy":"post_tag","embeddable":true,"href":"https:\/\/jornalfatosenoticias.com.br\/index.php\/wp-json\/wp\/v2\/tags?post=40820"}],"curies":[{"name":"wp","href":"https:\/\/api.w.org\/{rel}","templated":true}]}}