{"id":40833,"date":"2023-04-24T11:31:41","date_gmt":"2023-04-24T14:31:41","guid":{"rendered":"https:\/\/jornalfatosenoticias.com.br\/?p=40833"},"modified":"2023-04-24T11:32:21","modified_gmt":"2023-04-24T14:32:21","slug":"alvo-de-protestos-em-portugal-lula-desiste-da-sessao-do-25-de-abril-no-parlamento-portugues","status":"publish","type":"post","link":"https:\/\/jornalfatosenoticias.com.br\/index.php\/2023\/04\/24\/alvo-de-protestos-em-portugal-lula-desiste-da-sessao-do-25-de-abril-no-parlamento-portugues\/","title":{"rendered":"Alvo de protestos em Portugal, Lula desiste da sess\u00e3o no Parlamento portugu\u00eas"},"content":{"rendered":"\n<p><em><span class=\"has-inline-color has-black-color\">Protestos de brasileiros, ucranianos e portugueses foram convocados no pa\u00eds contra o presidente brasileiro<\/span><\/em><\/p>\n\n\n\n<p><em><span class=\"has-inline-color has-black-color\">Por:<strong> Raul Holderf Nascimento<\/strong><\/span><\/em><\/p>\n\n\n\n<div class=\"wp-block-image\"><figure class=\"aligncenter size-large is-resized\"><img loading=\"lazy\" decoding=\"async\" src=\"https:\/\/jornalfatosenoticias.com.br\/wp-content\/uploads\/2020\/02\/Logomarca-Principal.gif\" alt=\"\" class=\"wp-image-7872\" width=\"246\" height=\"244\"\/><\/figure><\/div>\n\n\n\n<p>Luiz In\u00e1cio Lula da Silva (PT) desistiu de assistir, no Parlamento de Portugal, \u00e0 sess\u00e3o de 25 de abril, data da Revolu\u00e7\u00e3o dos Cravos. A presen\u00e7a do brasileiro, incluindo a possibilidade de o petista discursar na cerim\u00f4nia, gerou tumulto na Assembleia da Rep\u00fablica.<br>Na \u00faltima semana, conforme repercutiu na imprensa internacional, opositores prometeram protestos contra a participa\u00e7\u00e3o de Lula no Parlamento portugu\u00eas. Inicialmente, os protestos foram convocados por ativistas, pol\u00edticos e personalidades portugueses.<\/p>\n\n\n\n<div class=\"wp-block-image\"><figure class=\"aligncenter size-large is-resized\"><img loading=\"lazy\" decoding=\"async\" src=\"https:\/\/jornalfatosenoticias.com.br\/wp-content\/uploads\/2020\/02\/casa-do-torresmo_portal.jpg\" alt=\"\" class=\"wp-image-34472\" width=\"251\" height=\"251\" srcset=\"https:\/\/jornalfatosenoticias.com.br\/wp-content\/uploads\/2020\/02\/casa-do-torresmo_portal.jpg 300w, https:\/\/jornalfatosenoticias.com.br\/wp-content\/uploads\/2020\/02\/casa-do-torresmo_portal-150x150.jpg 150w\" sizes=\"auto, (max-width: 251px) 100vw, 251px\" \/><\/figure><\/div>\n\n\n\n<p>Depois, grupos de brasileiros tamb\u00e9m foram \u00e0s redes sociais confirmar atos de oposi\u00e7\u00e3o ao esquerdista em solo lusitano.<br>Em paralelo, ucranianos se mobilizaram para tamb\u00e9m protestar contra a presen\u00e7a de Lula no pa\u00eds europeu, al\u00e9m de condenar os coment\u00e1rios sobre a guerra na Ucr\u00e2nia feitos por ele. Na manh\u00e3 de sexta (21), como noticiamos, os manifestantes marcaram presen\u00e7a em frente \u00e0 embaixada brasileira em Lisboa.<br>A refugiada ucraniana Yana Kolomiiets, que est\u00e1 em solo portugu\u00eas h\u00e1 quatro meses, participou do protesto em Lisboa. Ela repudiou as declara\u00e7\u00f5es do brasileiro e disse ter se sentido \u201cterr\u00edvel\u201d ao ouvir os coment\u00e1rios do petista.<\/p>\n\n\n\n<div class=\"wp-block-image\"><figure class=\"aligncenter size-large is-resized\"><img loading=\"lazy\" decoding=\"async\" src=\"https:\/\/jornalfatosenoticias.com.br\/wp-content\/uploads\/2022\/10\/RC_800x750_page-0001.jpg\" alt=\"\" class=\"wp-image-35338\" width=\"263\" height=\"246\" srcset=\"https:\/\/jornalfatosenoticias.com.br\/wp-content\/uploads\/2022\/10\/RC_800x750_page-0001.jpg 400w, https:\/\/jornalfatosenoticias.com.br\/wp-content\/uploads\/2022\/10\/RC_800x750_page-0001-300x281.jpg 300w\" sizes=\"auto, (max-width: 263px) 100vw, 263px\" \/><\/figure><\/div>\n\n\n\n<blockquote class=\"wp-block-quote is-layout-flow wp-block-quote-is-layout-flow\"><p><span class=\"has-inline-color has-luminous-vivid-orange-color\">Isso me deixou t\u00e3o chateada porque n\u00e3o sei como o presidente do Brasil pode apoiar Putin, que \u00e9 um assassino&#8221;, disse a jovem de 27 anos.<\/span><\/p><\/blockquote>\n\n\n\n<div class=\"wp-block-image\"><figure class=\"aligncenter size-large\"><img loading=\"lazy\" decoding=\"async\" width=\"1000\" height=\"562\" src=\"https:\/\/jornalfatosenoticias.com.br\/wp-content\/uploads\/2023\/04\/ucranianos-protestam-contra-lula-em-frente-a-embaixada-brasileira-em-lisboa.jpg\" alt=\"\" class=\"wp-image-40834\" srcset=\"https:\/\/jornalfatosenoticias.com.br\/wp-content\/uploads\/2023\/04\/ucranianos-protestam-contra-lula-em-frente-a-embaixada-brasileira-em-lisboa.jpg 1000w, https:\/\/jornalfatosenoticias.com.br\/wp-content\/uploads\/2023\/04\/ucranianos-protestam-contra-lula-em-frente-a-embaixada-brasileira-em-lisboa-300x169.jpg 300w, https:\/\/jornalfatosenoticias.com.br\/wp-content\/uploads\/2023\/04\/ucranianos-protestam-contra-lula-em-frente-a-embaixada-brasileira-em-lisboa-768x432.jpg 768w\" sizes=\"auto, (max-width: 1000px) 100vw, 1000px\" \/><figcaption><em><span class=\"has-inline-color has-black-color\">Na imagem, ucranianos contra Lula agitando bandeiras e segurando fotografias que retratam o conflito (Foto: Arquivo\/Reprodu\u00e7\u00e3o)<\/span><\/em><\/figcaption><\/figure><\/div>\n\n\n\n<p>Do lado de fora da embaixada, os manifestantes seguravam diversos cartazes dizendo: <strong><em><span class=\"has-inline-color has-black-color\">\u201cA R\u00fassia \u00e9 um estado terrorista\u201d e \u201cPare de matar nossos filhos\u201d.<\/span><\/em><\/strong><\/p>\n\n\n\n<div class=\"wp-block-image\"><figure class=\"aligncenter size-large is-resized\"><img loading=\"lazy\" decoding=\"async\" src=\"https:\/\/jornalfatosenoticias.com.br\/wp-content\/uploads\/2023\/03\/nova-logo-Marquetti.jpg\" alt=\"\" class=\"wp-image-40207\" width=\"262\" height=\"176\" srcset=\"https:\/\/jornalfatosenoticias.com.br\/wp-content\/uploads\/2023\/03\/nova-logo-Marquetti.jpg 643w, https:\/\/jornalfatosenoticias.com.br\/wp-content\/uploads\/2023\/03\/nova-logo-Marquetti-300x202.jpg 300w\" sizes=\"auto, (max-width: 262px) 100vw, 262px\" \/><\/figure><\/div>\n\n\n\n<p><strong><span class=\"has-inline-color has-black-color\">A desist\u00eancia de Lula<br><\/span><\/strong>De acordo com a <em>CNN Portugal, <\/em>o petista preferiu n\u00e3o incluir o discurso na sess\u00e3o solene do 25 de abril em sua agenda durante os dias oficiais no pa\u00eds.<br>J\u00e1 segundo o jornal <em>O Globo,<\/em> Lula ser\u00e1 recepcionado na Assembleia da Rep\u00fablica, apenas. A medida foi encarada como solu\u00e7\u00e3o para evitar ainda mais pol\u00eamicas.<br>O Conex\u00e3o Pol\u00edtica apurou que Luiz In\u00e1cio deve partir, ao final da manh\u00e3 da pr\u00f3xima ter\u00e7a-feira (25), rumo \u00e0 Espanha, onde almo\u00e7ar\u00e1 com o rei Filipe VI.<\/p>\n\n\n\n<div class=\"wp-block-image\"><figure class=\"aligncenter size-large is-resized\"><img loading=\"lazy\" decoding=\"async\" src=\"https:\/\/jornalfatosenoticias.com.br\/wp-content\/uploads\/2022\/02\/Precisao-Contabilidade-1024x724.jpg\" alt=\"\" class=\"wp-image-28088\" width=\"297\" height=\"210\"\/><\/figure><\/div>\n\n\n\n<p><strong><em>Fonte: <a href=\"https:\/\/www.conexaopolitica.com.br\/internacional\/2023\/04\/22\/alvo-de-protestos-em-portugal-lula-desiste-da-sessao-do-25-de-abril-no-parlamento-portugues\/\">Conex\u00e3o Pol\u00edtica<\/a><\/em><\/strong><\/p>\n","protected":false},"excerpt":{"rendered":"<p>Protestos de brasileiros, ucranianos e portugueses foram convocados no pa\u00eds contra o presidente brasileiro Por: Raul Holderf Nascimento Luiz In\u00e1cio Lula da Silva (PT) desistiu de assistir, no Parlamento de Portugal, \u00e0 sess\u00e3o de 25 de abril, data da Revolu\u00e7\u00e3o dos Cravos. A presen\u00e7a do brasileiro, incluindo a possibilidade de o petista discursar na cerim\u00f4nia, [&hellip;]<\/p>\n","protected":false},"author":2,"featured_media":40835,"comment_status":"open","ping_status":"open","sticky":false,"template":"","format":"standard","meta":{"footnotes":""},"categories":[10],"tags":[19146,7580,640,3070,19147],"class_list":["post-40833","post","type-post","status-publish","format-standard","has-post-thumbnail","hentry","category-politica","tag-desistencia","tag-lula","tag-portugal","tag-protestos","tag-vergonha-internacional"],"yoast_head":"<!-- This site is optimized with the Yoast SEO plugin v26.5 - https:\/\/yoast.com\/wordpress\/plugins\/seo\/ -->\n<title>Alvo de protestos em Portugal, Lula desiste da sess\u00e3o no Parlamento portugu\u00eas - Jornal Fatos e Not\u00edcias<\/title>\n<meta name=\"robots\" content=\"index, follow, max-snippet:-1, max-image-preview:large, max-video-preview:-1\" \/>\n<link rel=\"canonical\" href=\"https:\/\/jornalfatosenoticias.com.br\/index.php\/2023\/04\/24\/alvo-de-protestos-em-portugal-lula-desiste-da-sessao-do-25-de-abril-no-parlamento-portugues\/\" \/>\n<meta property=\"og:locale\" content=\"pt_BR\" \/>\n<meta property=\"og:type\" content=\"article\" \/>\n<meta property=\"og:title\" content=\"Alvo de protestos em Portugal, Lula desiste da sess\u00e3o no Parlamento portugu\u00eas - Jornal Fatos e Not\u00edcias\" \/>\n<meta property=\"og:description\" content=\"Protestos de brasileiros, ucranianos e portugueses foram convocados no pa\u00eds contra o presidente brasileiro Por: Raul Holderf Nascimento Luiz In\u00e1cio Lula da Silva (PT) desistiu de assistir, no Parlamento de Portugal, \u00e0 sess\u00e3o de 25 de abril, data da Revolu\u00e7\u00e3o dos Cravos. A presen\u00e7a do brasileiro, incluindo a possibilidade de o petista discursar na cerim\u00f4nia, [&hellip;]\" \/>\n<meta property=\"og:url\" content=\"https:\/\/jornalfatosenoticias.com.br\/index.php\/2023\/04\/24\/alvo-de-protestos-em-portugal-lula-desiste-da-sessao-do-25-de-abril-no-parlamento-portugues\/\" \/>\n<meta property=\"og:site_name\" content=\"Jornal Fatos e Not\u00edcias\" \/>\n<meta property=\"article:published_time\" content=\"2023-04-24T14:31:41+00:00\" \/>\n<meta property=\"article:modified_time\" content=\"2023-04-24T14:32:21+00:00\" \/>\n<meta property=\"og:image\" content=\"https:\/\/jornalfatosenoticias.com.br\/wp-content\/uploads\/2023\/04\/molusco-em-portugal.jpg\" \/>\n\t<meta property=\"og:image:width\" content=\"1000\" \/>\n\t<meta property=\"og:image:height\" content=\"665\" \/>\n\t<meta property=\"og:image:type\" content=\"image\/jpeg\" \/>\n<meta name=\"author\" content=\"Luzimara Fernandes\" \/>\n<meta name=\"twitter:card\" content=\"summary_large_image\" \/>\n<meta name=\"twitter:label1\" content=\"Escrito por\" \/>\n\t<meta name=\"twitter:data1\" content=\"Luzimara Fernandes\" \/>\n\t<meta name=\"twitter:label2\" content=\"Est. tempo de leitura\" \/>\n\t<meta name=\"twitter:data2\" content=\"2 minutos\" \/>\n<script type=\"application\/ld+json\" class=\"yoast-schema-graph\">{\"@context\":\"https:\/\/schema.org\",\"@graph\":[{\"@type\":\"Article\",\"@id\":\"https:\/\/jornalfatosenoticias.com.br\/index.php\/2023\/04\/24\/alvo-de-protestos-em-portugal-lula-desiste-da-sessao-do-25-de-abril-no-parlamento-portugues\/#article\",\"isPartOf\":{\"@id\":\"https:\/\/jornalfatosenoticias.com.br\/index.php\/2023\/04\/24\/alvo-de-protestos-em-portugal-lula-desiste-da-sessao-do-25-de-abril-no-parlamento-portugues\/\"},\"author\":{\"name\":\"Luzimara Fernandes\",\"@id\":\"https:\/\/jornalfatosenoticias.com.br\/#\/schema\/person\/d63837fa13ac8666eb9e74e0985d6f81\"},\"headline\":\"Alvo de protestos em Portugal, Lula desiste da sess\u00e3o no Parlamento portugu\u00eas\",\"datePublished\":\"2023-04-24T14:31:41+00:00\",\"dateModified\":\"2023-04-24T14:32:21+00:00\",\"mainEntityOfPage\":{\"@id\":\"https:\/\/jornalfatosenoticias.com.br\/index.php\/2023\/04\/24\/alvo-de-protestos-em-portugal-lula-desiste-da-sessao-do-25-de-abril-no-parlamento-portugues\/\"},\"wordCount\":393,\"commentCount\":0,\"publisher\":{\"@id\":\"https:\/\/jornalfatosenoticias.com.br\/#organization\"},\"image\":{\"@id\":\"https:\/\/jornalfatosenoticias.com.br\/index.php\/2023\/04\/24\/alvo-de-protestos-em-portugal-lula-desiste-da-sessao-do-25-de-abril-no-parlamento-portugues\/#primaryimage\"},\"thumbnailUrl\":\"https:\/\/jornalfatosenoticias.com.br\/wp-content\/uploads\/2023\/04\/molusco-em-portugal.jpg\",\"keywords\":[\"desist\u00eancia\",\"Lula\",\"Portugal\",\"protestos\",\"vergonha internacional\"],\"articleSection\":[\"Pol\u00edtica\"],\"inLanguage\":\"pt-BR\",\"potentialAction\":[{\"@type\":\"CommentAction\",\"name\":\"Comment\",\"target\":[\"https:\/\/jornalfatosenoticias.com.br\/index.php\/2023\/04\/24\/alvo-de-protestos-em-portugal-lula-desiste-da-sessao-do-25-de-abril-no-parlamento-portugues\/#respond\"]}]},{\"@type\":\"WebPage\",\"@id\":\"https:\/\/jornalfatosenoticias.com.br\/index.php\/2023\/04\/24\/alvo-de-protestos-em-portugal-lula-desiste-da-sessao-do-25-de-abril-no-parlamento-portugues\/\",\"url\":\"https:\/\/jornalfatosenoticias.com.br\/index.php\/2023\/04\/24\/alvo-de-protestos-em-portugal-lula-desiste-da-sessao-do-25-de-abril-no-parlamento-portugues\/\",\"name\":\"Alvo de protestos em Portugal, Lula desiste da sess\u00e3o no Parlamento portugu\u00eas - Jornal Fatos e Not\u00edcias\",\"isPartOf\":{\"@id\":\"https:\/\/jornalfatosenoticias.com.br\/#website\"},\"primaryImageOfPage\":{\"@id\":\"https:\/\/jornalfatosenoticias.com.br\/index.php\/2023\/04\/24\/alvo-de-protestos-em-portugal-lula-desiste-da-sessao-do-25-de-abril-no-parlamento-portugues\/#primaryimage\"},\"image\":{\"@id\":\"https:\/\/jornalfatosenoticias.com.br\/index.php\/2023\/04\/24\/alvo-de-protestos-em-portugal-lula-desiste-da-sessao-do-25-de-abril-no-parlamento-portugues\/#primaryimage\"},\"thumbnailUrl\":\"https:\/\/jornalfatosenoticias.com.br\/wp-content\/uploads\/2023\/04\/molusco-em-portugal.jpg\",\"datePublished\":\"2023-04-24T14:31:41+00:00\",\"dateModified\":\"2023-04-24T14:32:21+00:00\",\"breadcrumb\":{\"@id\":\"https:\/\/jornalfatosenoticias.com.br\/index.php\/2023\/04\/24\/alvo-de-protestos-em-portugal-lula-desiste-da-sessao-do-25-de-abril-no-parlamento-portugues\/#breadcrumb\"},\"inLanguage\":\"pt-BR\",\"potentialAction\":[{\"@type\":\"ReadAction\",\"target\":[\"https:\/\/jornalfatosenoticias.com.br\/index.php\/2023\/04\/24\/alvo-de-protestos-em-portugal-lula-desiste-da-sessao-do-25-de-abril-no-parlamento-portugues\/\"]}]},{\"@type\":\"ImageObject\",\"inLanguage\":\"pt-BR\",\"@id\":\"https:\/\/jornalfatosenoticias.com.br\/index.php\/2023\/04\/24\/alvo-de-protestos-em-portugal-lula-desiste-da-sessao-do-25-de-abril-no-parlamento-portugues\/#primaryimage\",\"url\":\"https:\/\/jornalfatosenoticias.com.br\/wp-content\/uploads\/2023\/04\/molusco-em-portugal.jpg\",\"contentUrl\":\"https:\/\/jornalfatosenoticias.com.br\/wp-content\/uploads\/2023\/04\/molusco-em-portugal.jpg\",\"width\":1000,\"height\":665,\"caption\":\"AME2146. BRASILIA (BRASIL), 18\/04\/2023.- El presidente de Brasil, Luiz In\u00e1cio Lula da Silva, participa en una reuni\u00f3n con autoridades de todos los niveles para analizar una ola de ataques y amenazas a escuelas, hoy, en el Palacio del Planalto, en Brasilia (Brasil). El presidente brasile\u00f1o, Luiz In\u00e1cio Lula da Silva, atribuy\u00f3 este martes los \u00faltimos ataques a escuelas del pa\u00eds al \\\"odio\\\" que se difunde \\\"sin reglas\\\" en la internet y a pol\u00edticas armamentistas, que calific\u00f3 de \\\"industria de dar tiros\\\". Lula convoc\u00f3 a autoridades de todos los niveles para analizar una ola de ataques y amenazas a escuelas que en las \u00faltimas semanas ha sembrado temor en el pa\u00eds y que relacion\u00f3 a la \\\"impunidad\\\" en la internet y a pol\u00edticas de su antecesor, el ultraderechista Jair Bolsonaro, que facilitaron el acceso de los civiles a las armas. EFE\/ Andre Borges\"},{\"@type\":\"BreadcrumbList\",\"@id\":\"https:\/\/jornalfatosenoticias.com.br\/index.php\/2023\/04\/24\/alvo-de-protestos-em-portugal-lula-desiste-da-sessao-do-25-de-abril-no-parlamento-portugues\/#breadcrumb\",\"itemListElement\":[{\"@type\":\"ListItem\",\"position\":1,\"name\":\"In\u00edcio\",\"item\":\"https:\/\/jornalfatosenoticias.com.br\/\"},{\"@type\":\"ListItem\",\"position\":2,\"name\":\"Alvo de protestos em Portugal, Lula desiste da sess\u00e3o no Parlamento portugu\u00eas\"}]},{\"@type\":\"WebSite\",\"@id\":\"https:\/\/jornalfatosenoticias.com.br\/#website\",\"url\":\"https:\/\/jornalfatosenoticias.com.br\/\",\"name\":\"Jornal Fatos e Not\u00edcias\",\"description\":\"Not\u00edcias em geral\",\"publisher\":{\"@id\":\"https:\/\/jornalfatosenoticias.com.br\/#organization\"},\"potentialAction\":[{\"@type\":\"SearchAction\",\"target\":{\"@type\":\"EntryPoint\",\"urlTemplate\":\"https:\/\/jornalfatosenoticias.com.br\/?s={search_term_string}\"},\"query-input\":{\"@type\":\"PropertyValueSpecification\",\"valueRequired\":true,\"valueName\":\"search_term_string\"}}],\"inLanguage\":\"pt-BR\"},{\"@type\":\"Organization\",\"@id\":\"https:\/\/jornalfatosenoticias.com.br\/#organization\",\"name\":\"Jornal Fatos e Not\u00edcias\",\"url\":\"https:\/\/jornalfatosenoticias.com.br\/\",\"logo\":{\"@type\":\"ImageObject\",\"inLanguage\":\"pt-BR\",\"@id\":\"https:\/\/jornalfatosenoticias.com.br\/#\/schema\/logo\/image\/\",\"url\":\"https:\/\/jornalfatosenoticias.com.br\/wp-content\/uploads\/2020\/02\/logo120.png\",\"contentUrl\":\"https:\/\/jornalfatosenoticias.com.br\/wp-content\/uploads\/2020\/02\/logo120.png\",\"width\":1227,\"height\":120,\"caption\":\"Jornal Fatos e Not\u00edcias\"},\"image\":{\"@id\":\"https:\/\/jornalfatosenoticias.com.br\/#\/schema\/logo\/image\/\"}},{\"@type\":\"Person\",\"@id\":\"https:\/\/jornalfatosenoticias.com.br\/#\/schema\/person\/d63837fa13ac8666eb9e74e0985d6f81\",\"name\":\"Luzimara Fernandes\",\"image\":{\"@type\":\"ImageObject\",\"inLanguage\":\"pt-BR\",\"@id\":\"https:\/\/jornalfatosenoticias.com.br\/#\/schema\/person\/image\/\",\"url\":\"https:\/\/jornalfatosenoticias.com.br\/wp-content\/uploads\/2025\/05\/EU_portal.jpg\",\"contentUrl\":\"https:\/\/jornalfatosenoticias.com.br\/wp-content\/uploads\/2025\/05\/EU_portal.jpg\",\"caption\":\"Luzimara Fernandes\"},\"description\":\"Jornalista MTB 2358-ES\",\"sameAs\":[\"https:\/\/jornalfatosenoticias.com.br\"],\"url\":\"https:\/\/jornalfatosenoticias.com.br\/index.php\/author\/luzimara\/\"}]}<\/script>\n<!-- \/ Yoast SEO plugin. -->","yoast_head_json":{"title":"Alvo de protestos em Portugal, Lula desiste da sess\u00e3o no Parlamento portugu\u00eas - Jornal Fatos e Not\u00edcias","robots":{"index":"index","follow":"follow","max-snippet":"max-snippet:-1","max-image-preview":"max-image-preview:large","max-video-preview":"max-video-preview:-1"},"canonical":"https:\/\/jornalfatosenoticias.com.br\/index.php\/2023\/04\/24\/alvo-de-protestos-em-portugal-lula-desiste-da-sessao-do-25-de-abril-no-parlamento-portugues\/","og_locale":"pt_BR","og_type":"article","og_title":"Alvo de protestos em Portugal, Lula desiste da sess\u00e3o no Parlamento portugu\u00eas - Jornal Fatos e Not\u00edcias","og_description":"Protestos de brasileiros, ucranianos e portugueses foram convocados no pa\u00eds contra o presidente brasileiro Por: Raul Holderf Nascimento Luiz In\u00e1cio Lula da Silva (PT) desistiu de assistir, no Parlamento de Portugal, \u00e0 sess\u00e3o de 25 de abril, data da Revolu\u00e7\u00e3o dos Cravos. A presen\u00e7a do brasileiro, incluindo a possibilidade de o petista discursar na cerim\u00f4nia, [&hellip;]","og_url":"https:\/\/jornalfatosenoticias.com.br\/index.php\/2023\/04\/24\/alvo-de-protestos-em-portugal-lula-desiste-da-sessao-do-25-de-abril-no-parlamento-portugues\/","og_site_name":"Jornal Fatos e Not\u00edcias","article_published_time":"2023-04-24T14:31:41+00:00","article_modified_time":"2023-04-24T14:32:21+00:00","og_image":[{"width":1000,"height":665,"url":"https:\/\/jornalfatosenoticias.com.br\/wp-content\/uploads\/2023\/04\/molusco-em-portugal.jpg","type":"image\/jpeg"}],"author":"Luzimara Fernandes","twitter_card":"summary_large_image","twitter_misc":{"Escrito por":"Luzimara Fernandes","Est. tempo de leitura":"2 minutos"},"schema":{"@context":"https:\/\/schema.org","@graph":[{"@type":"Article","@id":"https:\/\/jornalfatosenoticias.com.br\/index.php\/2023\/04\/24\/alvo-de-protestos-em-portugal-lula-desiste-da-sessao-do-25-de-abril-no-parlamento-portugues\/#article","isPartOf":{"@id":"https:\/\/jornalfatosenoticias.com.br\/index.php\/2023\/04\/24\/alvo-de-protestos-em-portugal-lula-desiste-da-sessao-do-25-de-abril-no-parlamento-portugues\/"},"author":{"name":"Luzimara Fernandes","@id":"https:\/\/jornalfatosenoticias.com.br\/#\/schema\/person\/d63837fa13ac8666eb9e74e0985d6f81"},"headline":"Alvo de protestos em Portugal, Lula desiste da sess\u00e3o no Parlamento portugu\u00eas","datePublished":"2023-04-24T14:31:41+00:00","dateModified":"2023-04-24T14:32:21+00:00","mainEntityOfPage":{"@id":"https:\/\/jornalfatosenoticias.com.br\/index.php\/2023\/04\/24\/alvo-de-protestos-em-portugal-lula-desiste-da-sessao-do-25-de-abril-no-parlamento-portugues\/"},"wordCount":393,"commentCount":0,"publisher":{"@id":"https:\/\/jornalfatosenoticias.com.br\/#organization"},"image":{"@id":"https:\/\/jornalfatosenoticias.com.br\/index.php\/2023\/04\/24\/alvo-de-protestos-em-portugal-lula-desiste-da-sessao-do-25-de-abril-no-parlamento-portugues\/#primaryimage"},"thumbnailUrl":"https:\/\/jornalfatosenoticias.com.br\/wp-content\/uploads\/2023\/04\/molusco-em-portugal.jpg","keywords":["desist\u00eancia","Lula","Portugal","protestos","vergonha internacional"],"articleSection":["Pol\u00edtica"],"inLanguage":"pt-BR","potentialAction":[{"@type":"CommentAction","name":"Comment","target":["https:\/\/jornalfatosenoticias.com.br\/index.php\/2023\/04\/24\/alvo-de-protestos-em-portugal-lula-desiste-da-sessao-do-25-de-abril-no-parlamento-portugues\/#respond"]}]},{"@type":"WebPage","@id":"https:\/\/jornalfatosenoticias.com.br\/index.php\/2023\/04\/24\/alvo-de-protestos-em-portugal-lula-desiste-da-sessao-do-25-de-abril-no-parlamento-portugues\/","url":"https:\/\/jornalfatosenoticias.com.br\/index.php\/2023\/04\/24\/alvo-de-protestos-em-portugal-lula-desiste-da-sessao-do-25-de-abril-no-parlamento-portugues\/","name":"Alvo de protestos em Portugal, Lula desiste da sess\u00e3o no Parlamento portugu\u00eas - Jornal Fatos e Not\u00edcias","isPartOf":{"@id":"https:\/\/jornalfatosenoticias.com.br\/#website"},"primaryImageOfPage":{"@id":"https:\/\/jornalfatosenoticias.com.br\/index.php\/2023\/04\/24\/alvo-de-protestos-em-portugal-lula-desiste-da-sessao-do-25-de-abril-no-parlamento-portugues\/#primaryimage"},"image":{"@id":"https:\/\/jornalfatosenoticias.com.br\/index.php\/2023\/04\/24\/alvo-de-protestos-em-portugal-lula-desiste-da-sessao-do-25-de-abril-no-parlamento-portugues\/#primaryimage"},"thumbnailUrl":"https:\/\/jornalfatosenoticias.com.br\/wp-content\/uploads\/2023\/04\/molusco-em-portugal.jpg","datePublished":"2023-04-24T14:31:41+00:00","dateModified":"2023-04-24T14:32:21+00:00","breadcrumb":{"@id":"https:\/\/jornalfatosenoticias.com.br\/index.php\/2023\/04\/24\/alvo-de-protestos-em-portugal-lula-desiste-da-sessao-do-25-de-abril-no-parlamento-portugues\/#breadcrumb"},"inLanguage":"pt-BR","potentialAction":[{"@type":"ReadAction","target":["https:\/\/jornalfatosenoticias.com.br\/index.php\/2023\/04\/24\/alvo-de-protestos-em-portugal-lula-desiste-da-sessao-do-25-de-abril-no-parlamento-portugues\/"]}]},{"@type":"ImageObject","inLanguage":"pt-BR","@id":"https:\/\/jornalfatosenoticias.com.br\/index.php\/2023\/04\/24\/alvo-de-protestos-em-portugal-lula-desiste-da-sessao-do-25-de-abril-no-parlamento-portugues\/#primaryimage","url":"https:\/\/jornalfatosenoticias.com.br\/wp-content\/uploads\/2023\/04\/molusco-em-portugal.jpg","contentUrl":"https:\/\/jornalfatosenoticias.com.br\/wp-content\/uploads\/2023\/04\/molusco-em-portugal.jpg","width":1000,"height":665,"caption":"AME2146. BRASILIA (BRASIL), 18\/04\/2023.- El presidente de Brasil, Luiz In\u00e1cio Lula da Silva, participa en una reuni\u00f3n con autoridades de todos los niveles para analizar una ola de ataques y amenazas a escuelas, hoy, en el Palacio del Planalto, en Brasilia (Brasil). El presidente brasile\u00f1o, Luiz In\u00e1cio Lula da Silva, atribuy\u00f3 este martes los \u00faltimos ataques a escuelas del pa\u00eds al \"odio\" que se difunde \"sin reglas\" en la internet y a pol\u00edticas armamentistas, que calific\u00f3 de \"industria de dar tiros\". Lula convoc\u00f3 a autoridades de todos los niveles para analizar una ola de ataques y amenazas a escuelas que en las \u00faltimas semanas ha sembrado temor en el pa\u00eds y que relacion\u00f3 a la \"impunidad\" en la internet y a pol\u00edticas de su antecesor, el ultraderechista Jair Bolsonaro, que facilitaron el acceso de los civiles a las armas. EFE\/ Andre Borges"},{"@type":"BreadcrumbList","@id":"https:\/\/jornalfatosenoticias.com.br\/index.php\/2023\/04\/24\/alvo-de-protestos-em-portugal-lula-desiste-da-sessao-do-25-de-abril-no-parlamento-portugues\/#breadcrumb","itemListElement":[{"@type":"ListItem","position":1,"name":"In\u00edcio","item":"https:\/\/jornalfatosenoticias.com.br\/"},{"@type":"ListItem","position":2,"name":"Alvo de protestos em Portugal, Lula desiste da sess\u00e3o no Parlamento portugu\u00eas"}]},{"@type":"WebSite","@id":"https:\/\/jornalfatosenoticias.com.br\/#website","url":"https:\/\/jornalfatosenoticias.com.br\/","name":"Jornal Fatos e Not\u00edcias","description":"Not\u00edcias em geral","publisher":{"@id":"https:\/\/jornalfatosenoticias.com.br\/#organization"},"potentialAction":[{"@type":"SearchAction","target":{"@type":"EntryPoint","urlTemplate":"https:\/\/jornalfatosenoticias.com.br\/?s={search_term_string}"},"query-input":{"@type":"PropertyValueSpecification","valueRequired":true,"valueName":"search_term_string"}}],"inLanguage":"pt-BR"},{"@type":"Organization","@id":"https:\/\/jornalfatosenoticias.com.br\/#organization","name":"Jornal Fatos e Not\u00edcias","url":"https:\/\/jornalfatosenoticias.com.br\/","logo":{"@type":"ImageObject","inLanguage":"pt-BR","@id":"https:\/\/jornalfatosenoticias.com.br\/#\/schema\/logo\/image\/","url":"https:\/\/jornalfatosenoticias.com.br\/wp-content\/uploads\/2020\/02\/logo120.png","contentUrl":"https:\/\/jornalfatosenoticias.com.br\/wp-content\/uploads\/2020\/02\/logo120.png","width":1227,"height":120,"caption":"Jornal Fatos e Not\u00edcias"},"image":{"@id":"https:\/\/jornalfatosenoticias.com.br\/#\/schema\/logo\/image\/"}},{"@type":"Person","@id":"https:\/\/jornalfatosenoticias.com.br\/#\/schema\/person\/d63837fa13ac8666eb9e74e0985d6f81","name":"Luzimara Fernandes","image":{"@type":"ImageObject","inLanguage":"pt-BR","@id":"https:\/\/jornalfatosenoticias.com.br\/#\/schema\/person\/image\/","url":"https:\/\/jornalfatosenoticias.com.br\/wp-content\/uploads\/2025\/05\/EU_portal.jpg","contentUrl":"https:\/\/jornalfatosenoticias.com.br\/wp-content\/uploads\/2025\/05\/EU_portal.jpg","caption":"Luzimara Fernandes"},"description":"Jornalista MTB 2358-ES","sameAs":["https:\/\/jornalfatosenoticias.com.br"],"url":"https:\/\/jornalfatosenoticias.com.br\/index.php\/author\/luzimara\/"}]}},"cc_featured_image_caption":{"caption_text":"(Foto: Ag\u00eancia EFE) ","source_text":"","source_url":""},"jetpack_featured_media_url":"https:\/\/jornalfatosenoticias.com.br\/wp-content\/uploads\/2023\/04\/molusco-em-portugal.jpg","_links":{"self":[{"href":"https:\/\/jornalfatosenoticias.com.br\/index.php\/wp-json\/wp\/v2\/posts\/40833","targetHints":{"allow":["GET"]}}],"collection":[{"href":"https:\/\/jornalfatosenoticias.com.br\/index.php\/wp-json\/wp\/v2\/posts"}],"about":[{"href":"https:\/\/jornalfatosenoticias.com.br\/index.php\/wp-json\/wp\/v2\/types\/post"}],"author":[{"embeddable":true,"href":"https:\/\/jornalfatosenoticias.com.br\/index.php\/wp-json\/wp\/v2\/users\/2"}],"replies":[{"embeddable":true,"href":"https:\/\/jornalfatosenoticias.com.br\/index.php\/wp-json\/wp\/v2\/comments?post=40833"}],"version-history":[{"count":0,"href":"https:\/\/jornalfatosenoticias.com.br\/index.php\/wp-json\/wp\/v2\/posts\/40833\/revisions"}],"wp:featuredmedia":[{"embeddable":true,"href":"https:\/\/jornalfatosenoticias.com.br\/index.php\/wp-json\/wp\/v2\/media\/40835"}],"wp:attachment":[{"href":"https:\/\/jornalfatosenoticias.com.br\/index.php\/wp-json\/wp\/v2\/media?parent=40833"}],"wp:term":[{"taxonomy":"category","embeddable":true,"href":"https:\/\/jornalfatosenoticias.com.br\/index.php\/wp-json\/wp\/v2\/categories?post=40833"},{"taxonomy":"post_tag","embeddable":true,"href":"https:\/\/jornalfatosenoticias.com.br\/index.php\/wp-json\/wp\/v2\/tags?post=40833"}],"curies":[{"name":"wp","href":"https:\/\/api.w.org\/{rel}","templated":true}]}}