{"id":40881,"date":"2023-04-25T11:52:43","date_gmt":"2023-04-25T14:52:43","guid":{"rendered":"https:\/\/jornalfatosenoticias.com.br\/?p=40881"},"modified":"2023-04-25T11:52:46","modified_gmt":"2023-04-25T14:52:46","slug":"uniao-europeia-indica-preocupacao-com-governo-lula","status":"publish","type":"post","link":"https:\/\/jornalfatosenoticias.com.br\/index.php\/2023\/04\/25\/uniao-europeia-indica-preocupacao-com-governo-lula\/","title":{"rendered":"Uni\u00e3o Europeia indica preocupa\u00e7\u00e3o com governo Lula"},"content":{"rendered":"\n<p><span class=\"has-inline-color has-black-color\"><em>Documento do bloco econ\u00f4mico cita a postura do Pa\u00eds quanto a quest\u00f5es delicadas no cen\u00e1rio internacional<\/em><\/span><\/p>\n\n\n\n<div class=\"wp-block-image\"><figure class=\"aligncenter size-large\"><img decoding=\"async\" src=\"https:\/\/jornalfatosenoticias.com.br\/wp-content\/uploads\/2020\/02\/barao-das-carnes-300x164-1.jpg\" alt=\"\" class=\"wp-image-34339\"\/><\/figure><\/div>\n\n\n\n<p>Os pa\u00edses da <strong>Uni\u00e3o Europeia<\/strong> (UE) est\u00e3o preocupados com a posi\u00e7\u00e3o do Brasil em rela\u00e7\u00e3o \u00e0 <strong>guerra na Ucr\u00e2nia<\/strong> e \u00e0 falta de cumprimento de obriga\u00e7\u00f5es ambientais \u2014 uma das bandeiras levantadas durante a campanha de Lula \u00e0 Presid\u00eancia. A informa\u00e7\u00e3o consta em um documento confidencial que aborda as rela\u00e7\u00f5es entre o bloco europeu e pa\u00edses emergentes, como Brasil, Chile, Nig\u00e9ria e Cazaquist\u00e3o.<\/p>\n\n\n\n<div class=\"wp-block-image\"><figure class=\"aligncenter size-large is-resized\"><img loading=\"lazy\" decoding=\"async\" src=\"https:\/\/jornalfatosenoticias.com.br\/wp-content\/uploads\/2022\/10\/Arte-jornal-Zucchi-600x600_Prancheta-1-1024x1024.jpg\" alt=\"\" class=\"wp-image-34782\" width=\"280\" height=\"280\" srcset=\"https:\/\/jornalfatosenoticias.com.br\/wp-content\/uploads\/2022\/10\/Arte-jornal-Zucchi-600x600_Prancheta-1-1024x1024.jpg 1024w, https:\/\/jornalfatosenoticias.com.br\/wp-content\/uploads\/2022\/10\/Arte-jornal-Zucchi-600x600_Prancheta-1-300x300.jpg 300w, https:\/\/jornalfatosenoticias.com.br\/wp-content\/uploads\/2022\/10\/Arte-jornal-Zucchi-600x600_Prancheta-1-150x150.jpg 150w, https:\/\/jornalfatosenoticias.com.br\/wp-content\/uploads\/2022\/10\/Arte-jornal-Zucchi-600x600_Prancheta-1-768x768.jpg 768w, https:\/\/jornalfatosenoticias.com.br\/wp-content\/uploads\/2022\/10\/Arte-jornal-Zucchi-600x600_Prancheta-1.jpg 1250w\" sizes=\"auto, (max-width: 280px) 100vw, 280px\" \/><\/figure><\/div>\n\n\n\n<p>Apesar de n\u00e3o conter informa\u00e7\u00f5es reveladoras, as an\u00e1lises feitas pela UE destacam de maneira negativa o trabalho atual da diplomacia brasileira e a postura do pa\u00eds quanto a quest\u00f5es delicadas no cen\u00e1rio internacional.<br>Preparado por um grupo de diplomatas do bloco, o \u201cPlano de A\u00e7\u00e3o da UE sobre as Consequ\u00eancias Geopol\u00edticas da Invas\u00e3o Russa da Ucr\u00e2nia em Pa\u00edses Terceiros\u201d detalha estrat\u00e9gias para reaproximar ou manter a proximidade dos quatro pa\u00edses. O arquivo analisa detalhadamente a a\u00e7\u00e3o de cada pa\u00eds. No in\u00edcio do texto, h\u00e1 um breve resumo da situa\u00e7\u00e3o do Brasil.<\/p>\n\n\n\n<div class=\"wp-block-image\"><figure class=\"aligncenter size-large is-resized\"><img loading=\"lazy\" decoding=\"async\" src=\"https:\/\/jornalfatosenoticias.com.br\/wp-content\/uploads\/2020\/02\/casa-do-torresmo_portal.jpg\" alt=\"\" class=\"wp-image-34472\" width=\"276\" height=\"276\" srcset=\"https:\/\/jornalfatosenoticias.com.br\/wp-content\/uploads\/2020\/02\/casa-do-torresmo_portal.jpg 300w, https:\/\/jornalfatosenoticias.com.br\/wp-content\/uploads\/2020\/02\/casa-do-torresmo_portal-150x150.jpg 150w\" sizes=\"auto, (max-width: 276px) 100vw, 276px\" \/><\/figure><\/div>\n\n\n\n<blockquote class=\"wp-block-quote is-layout-flow wp-block-quote-is-layout-flow\"><p><span class=\"has-inline-color has-luminous-vivid-orange-color\"><strong>O atual governo mostra sinais de disposi\u00e7\u00e3o para intensificar a coopera\u00e7\u00e3o. Uma estrutura para fortalecer o engajamento j\u00e1 existe, uma vez que a UE j\u00e1 tem uma parceria estrat\u00e9gica que pode ser reativada. O avan\u00e7o do acordo UE-Mercosul ser\u00e1 de fundamental import\u00e2ncia. Mas a UE tamb\u00e9m precisar\u00e1 aumentar os investimentos em energia e nas \u00e1reas digital e de sustentabilidade\u201d.<\/strong><\/span><\/p><\/blockquote>\n\n\n\n<div class=\"wp-block-image\"><figure class=\"aligncenter size-large is-resized\"><img loading=\"lazy\" decoding=\"async\" src=\"https:\/\/jornalfatosenoticias.com.br\/wp-content\/uploads\/2023\/03\/logo-Panper_portal.jpg\" alt=\"\" class=\"wp-image-40208\" width=\"336\" height=\"233\" srcset=\"https:\/\/jornalfatosenoticias.com.br\/wp-content\/uploads\/2023\/03\/logo-Panper_portal.jpg 400w, https:\/\/jornalfatosenoticias.com.br\/wp-content\/uploads\/2023\/03\/logo-Panper_portal-300x208.jpg 300w\" sizes=\"auto, (max-width: 336px) 100vw, 336px\" \/><\/figure><\/div>\n\n\n\n<p>Em outro trecho, os diplomatas europeus citam ainda um \u201cambiente geopol\u00edtico competitivo\u201d, em que h\u00e1 \u201cn\u00e3o apenas uma batalha de narrativas, mas tamb\u00e9m uma batalha de ofertas\u201d, como justificativa para a renova\u00e7\u00e3o de estrat\u00e9gias nas parcerias internacionais.<\/p>\n\n\n\n<p><strong><span class=\"has-inline-color has-black-color\">Interesses da Uni\u00e3o Europeia<\/span><\/strong><\/p>\n\n\n\n<div class=\"wp-block-image\"><figure class=\"aligncenter size-large is-resized\"><img loading=\"lazy\" decoding=\"async\" src=\"https:\/\/jornalfatosenoticias.com.br\/wp-content\/uploads\/2022\/10\/RC_800x750_page-0001.jpg\" alt=\"\" class=\"wp-image-35338\" width=\"279\" height=\"261\" srcset=\"https:\/\/jornalfatosenoticias.com.br\/wp-content\/uploads\/2022\/10\/RC_800x750_page-0001.jpg 400w, https:\/\/jornalfatosenoticias.com.br\/wp-content\/uploads\/2022\/10\/RC_800x750_page-0001-300x281.jpg 300w\" sizes=\"auto, (max-width: 279px) 100vw, 279px\" \/><\/figure><\/div>\n\n\n\n<ul class=\"wp-block-list\"><li>Relan\u00e7ar a parceria estrat\u00e9gica com o Brasil<\/li><li>Concluir o acordo de Associa\u00e7\u00e3o UE\u2212Mercosul<\/li><li>Obter maior apoio pol\u00edtico do Brasil na ONU, globalmente e regionalmente<\/li><li>Acesso ao mercado e aumento de oportunidades no Brasil para neg\u00f3cios e investimentos da UE<\/li><li>Obter o reconhecimento brasileiro para as garantias de seguran\u00e7a alimentar da UE<\/li><li>Impulsionar a coopera\u00e7\u00e3o em transforma\u00e7\u00f5es verdes e digitais, a\u00e7\u00e3o clim\u00e1tica e ambiental<\/li><li>Garantir mat\u00e9rias-primas essenciais para o Acordo Verde da UE<\/li><li>Abordar a atua\u00e7\u00e3o da China na ades\u00e3o do Brasil ao Acordo de Compras Governamentais da Organiza\u00e7\u00e3o Mundial do Com\u00e9rcio<\/li><li>Fortalecer a coopera\u00e7\u00e3o em defesa e seguran\u00e7a<\/li><\/ul>\n\n\n\n<p><strong><span class=\"has-inline-color has-black-color\">Interesses do Brasil<\/span><\/strong><\/p>\n\n\n\n<div class=\"wp-block-image\"><figure class=\"aligncenter size-large\"><img decoding=\"async\" src=\"https:\/\/jornalfatosenoticias.com.br\/wp-content\/uploads\/2020\/02\/logo_esteio.jpg\" alt=\"\" class=\"wp-image-1214\"\/><\/figure><\/div>\n\n\n\n<ul class=\"wp-block-list\"><li>Ser reconhecido e tratado como um ator global (inclusive em rela\u00e7\u00e3o \u00e0 reforma da ONU)<\/li><li>Concluir o Acordo de Associa\u00e7\u00e3o UE\u2212Mercosul (ao mesmo tempo em que enfatiza a necessidade de resolver desequil\u00edbrios nas rela\u00e7\u00f5es UE\u2212Mercosul)<\/li><li>Atrair mais com\u00e9rcio, investimento e tecnologia da UE e aproveitar as oportunidades em clima, energia e minera\u00e7\u00e3o<\/li><li>Melhorar o acesso ao mercado da UE para produtos agr\u00edcolas<\/li><li>Diversifica\u00e7\u00e3o do fornecimento de fertilizantes (depend\u00eancia excessiva da R\u00fassia e de Belarus)<\/li><li>Agregar valor \u00e0 mat\u00e9ria-prima exportada<\/li><li>Apoio ao desenvolvimento de institui\u00e7\u00f5es democr\u00e1ticas, direitos ind\u00edgenas e meios de subsist\u00eancia, redu\u00e7\u00e3o da pobreza, desenvolvimento sustent\u00e1vel e pol\u00edticas sociais, educa\u00e7\u00e3o<\/li><li>Fortalecer a coopera\u00e7\u00e3o em defesa, seguran\u00e7a e espa\u00e7o<\/li><\/ul>\n\n\n\n<p><strong><span class=\"has-inline-color has-black-color\">Desafios<\/span><\/strong><\/p>\n\n\n\n<div class=\"wp-block-image\"><figure class=\"aligncenter size-large\"><img decoding=\"async\" src=\"https:\/\/jornalfatosenoticias.com.br\/wp-content\/uploads\/2020\/02\/Logomarca-Principal.gif\" alt=\"\" class=\"wp-image-7872\"\/><\/figure><\/div>\n\n\n\n<ul class=\"wp-block-list\"><li>O Brasil v\u00ea as propostas legislativas aut\u00f4nomas da UE (legisla\u00e7\u00e3o do Acordo Verde) como medidas unilaterais protecionistas, em especial a legisla\u00e7\u00e3o sobre desmatamento<\/li><li>UE preocupada que o foco de Lula na reindustrializa\u00e7\u00e3o possa se tornar protecionista<\/li><li>UE preocupada com a possibilidade de o Brasil querer reabrir o Acordo do Mercosul<\/li><li>UE preocupada com a posi\u00e7\u00e3o do Brasil sobre a guerra da R\u00fassia contra a Ucr\u00e2nia e com a falta de cumprimento de obriga\u00e7\u00f5es em rela\u00e7\u00e3o a clima, ambiente e aprova\u00e7\u00e3o sanit\u00e1ria dos produtos da UE<\/li><\/ul>\n\n\n\n<p><strong><span class=\"has-inline-color has-black-color\">Oportunidades<\/span><\/strong><\/p>\n\n\n\n<div class=\"wp-block-image\"><figure class=\"aligncenter size-large is-resized\"><img loading=\"lazy\" decoding=\"async\" src=\"https:\/\/jornalfatosenoticias.com.br\/wp-content\/uploads\/2023\/04\/baile.jpg\" alt=\"\" class=\"wp-image-40627\" width=\"304\" height=\"304\" srcset=\"https:\/\/jornalfatosenoticias.com.br\/wp-content\/uploads\/2023\/04\/baile.jpg 250w, https:\/\/jornalfatosenoticias.com.br\/wp-content\/uploads\/2023\/04\/baile-150x150.jpg 150w\" sizes=\"auto, (max-width: 304px) 100vw, 304px\" \/><\/figure><\/div>\n\n\n\n<ul class=\"wp-block-list\"><li>A pol\u00edtica externa est\u00e1 de volta ao topo da agenda do Brasil, com o presidente Lula ansioso para obter \u00eaxitos (o Acordo de Associa\u00e7\u00e3o UE\u2212Mercosul poderia ser um deles)<\/li><li>Forte alinhamento de pol\u00edticas com o governo Lula, por exemplo, nas transi\u00e7\u00f5es verde e digital, direitos humanos, direitos ind\u00edgenas, combate ao garimpo ilegal de ouro, defesa e seguran\u00e7a<\/li><li>Poss\u00edvel avan\u00e7o no combate ao desmatamento e biodiversidade se a UE conseguir apoiar o Brasil na cria\u00e7\u00e3o de empregos e na adapta\u00e7\u00e3o \u00e0s novas regulamenta\u00e7\u00f5es da UE<\/li><li>Alavancar o papel do Brasil como um ator construtivo na regi\u00e3o, inclusive na Comunidade de Estados Latino-Americanos e Caribenhos<\/li><li>Ajudar no processo de ades\u00e3o do Brasil \u00e0 Organiza\u00e7\u00e3o para a Coopera\u00e7\u00e3o e Desenvolvimento Econ\u00f4mico e \u00e0 presid\u00eancia do G20 (2024).<\/li><\/ul>\n\n\n\n<div class=\"wp-block-image\"><figure class=\"aligncenter size-large\"><img loading=\"lazy\" decoding=\"async\" width=\"729\" height=\"90\" src=\"https:\/\/jornalfatosenoticias.com.br\/wp-content\/uploads\/2020\/02\/Logo_Mizu.png\" alt=\"\" class=\"wp-image-1441\" srcset=\"https:\/\/jornalfatosenoticias.com.br\/wp-content\/uploads\/2020\/02\/Logo_Mizu.png 729w, https:\/\/jornalfatosenoticias.com.br\/wp-content\/uploads\/2020\/02\/Logo_Mizu-300x37.png 300w\" sizes=\"auto, (max-width: 729px) 100vw, 729px\" \/><\/figure><\/div>\n\n\n\n<p><strong><em>Fonte: <a href=\"https:\/\/revistaoeste.com\/mundo\/brasil-uniao-europeia-indica-preocupacao-com-governo-lula\/\">Revista Oeste<\/a><\/em><\/strong><\/p>\n","protected":false},"excerpt":{"rendered":"<p>Documento do bloco econ\u00f4mico cita a postura do Pa\u00eds quanto a quest\u00f5es delicadas no cen\u00e1rio internacional Os pa\u00edses da Uni\u00e3o Europeia (UE) est\u00e3o preocupados com a posi\u00e7\u00e3o do Brasil em rela\u00e7\u00e3o \u00e0 guerra na Ucr\u00e2nia e \u00e0 falta de cumprimento de obriga\u00e7\u00f5es ambientais \u2014 uma das bandeiras levantadas durante a campanha de Lula \u00e0 Presid\u00eancia. [&hellip;]<\/p>\n","protected":false},"author":2,"featured_media":40882,"comment_status":"open","ping_status":"open","sticky":false,"template":"","format":"standard","meta":{"footnotes":""},"categories":[9,10],"tags":[19168,18343,7580,19167,14378,497],"class_list":["post-40881","post","type-post","status-publish","format-standard","has-post-thumbnail","hentry","category-economia","category-politica","tag-bloco-economico","tag-governo-lula","tag-lula","tag-preocupacao-com-governo-lula","tag-ue","tag-uniao-europeia"],"yoast_head":"<!-- This site is optimized with the Yoast SEO plugin v26.5 - https:\/\/yoast.com\/wordpress\/plugins\/seo\/ -->\n<title>Uni\u00e3o Europeia indica preocupa\u00e7\u00e3o com governo Lula - Jornal Fatos e Not\u00edcias<\/title>\n<meta name=\"robots\" content=\"index, follow, max-snippet:-1, max-image-preview:large, max-video-preview:-1\" \/>\n<link rel=\"canonical\" href=\"https:\/\/jornalfatosenoticias.com.br\/index.php\/2023\/04\/25\/uniao-europeia-indica-preocupacao-com-governo-lula\/\" \/>\n<meta property=\"og:locale\" content=\"pt_BR\" \/>\n<meta property=\"og:type\" content=\"article\" \/>\n<meta property=\"og:title\" content=\"Uni\u00e3o Europeia indica preocupa\u00e7\u00e3o com governo Lula - Jornal Fatos e Not\u00edcias\" \/>\n<meta property=\"og:description\" content=\"Documento do bloco econ\u00f4mico cita a postura do Pa\u00eds quanto a quest\u00f5es delicadas no cen\u00e1rio internacional Os pa\u00edses da Uni\u00e3o Europeia (UE) est\u00e3o preocupados com a posi\u00e7\u00e3o do Brasil em rela\u00e7\u00e3o \u00e0 guerra na Ucr\u00e2nia e \u00e0 falta de cumprimento de obriga\u00e7\u00f5es ambientais \u2014 uma das bandeiras levantadas durante a campanha de Lula \u00e0 Presid\u00eancia. [&hellip;]\" \/>\n<meta property=\"og:url\" content=\"https:\/\/jornalfatosenoticias.com.br\/index.php\/2023\/04\/25\/uniao-europeia-indica-preocupacao-com-governo-lula\/\" \/>\n<meta property=\"og:site_name\" content=\"Jornal Fatos e Not\u00edcias\" \/>\n<meta property=\"article:published_time\" content=\"2023-04-25T14:52:43+00:00\" \/>\n<meta property=\"article:modified_time\" content=\"2023-04-25T14:52:46+00:00\" \/>\n<meta property=\"og:image\" content=\"https:\/\/jornalfatosenoticias.com.br\/wp-content\/uploads\/2023\/04\/lula-desastre.jpg\" \/>\n\t<meta property=\"og:image:width\" content=\"1000\" \/>\n\t<meta property=\"og:image:height\" content=\"696\" \/>\n\t<meta property=\"og:image:type\" content=\"image\/jpeg\" \/>\n<meta name=\"author\" content=\"Luzimara Fernandes\" \/>\n<meta name=\"twitter:card\" content=\"summary_large_image\" \/>\n<meta name=\"twitter:label1\" content=\"Escrito por\" \/>\n\t<meta name=\"twitter:data1\" content=\"Luzimara Fernandes\" \/>\n\t<meta name=\"twitter:label2\" content=\"Est. tempo de leitura\" \/>\n\t<meta name=\"twitter:data2\" content=\"4 minutos\" \/>\n<script type=\"application\/ld+json\" class=\"yoast-schema-graph\">{\"@context\":\"https:\/\/schema.org\",\"@graph\":[{\"@type\":\"Article\",\"@id\":\"https:\/\/jornalfatosenoticias.com.br\/index.php\/2023\/04\/25\/uniao-europeia-indica-preocupacao-com-governo-lula\/#article\",\"isPartOf\":{\"@id\":\"https:\/\/jornalfatosenoticias.com.br\/index.php\/2023\/04\/25\/uniao-europeia-indica-preocupacao-com-governo-lula\/\"},\"author\":{\"name\":\"Luzimara Fernandes\",\"@id\":\"https:\/\/jornalfatosenoticias.com.br\/#\/schema\/person\/d63837fa13ac8666eb9e74e0985d6f81\"},\"headline\":\"Uni\u00e3o Europeia indica preocupa\u00e7\u00e3o com governo Lula\",\"datePublished\":\"2023-04-25T14:52:43+00:00\",\"dateModified\":\"2023-04-25T14:52:46+00:00\",\"mainEntityOfPage\":{\"@id\":\"https:\/\/jornalfatosenoticias.com.br\/index.php\/2023\/04\/25\/uniao-europeia-indica-preocupacao-com-governo-lula\/\"},\"wordCount\":811,\"commentCount\":0,\"publisher\":{\"@id\":\"https:\/\/jornalfatosenoticias.com.br\/#organization\"},\"image\":{\"@id\":\"https:\/\/jornalfatosenoticias.com.br\/index.php\/2023\/04\/25\/uniao-europeia-indica-preocupacao-com-governo-lula\/#primaryimage\"},\"thumbnailUrl\":\"https:\/\/jornalfatosenoticias.com.br\/wp-content\/uploads\/2023\/04\/lula-desastre.jpg\",\"keywords\":[\"bloco econ\u00f4mico\",\"governo Lula\",\"Lula\",\"preocupa\u00e7\u00e3o com governo Lula\",\"UE\",\"Uni\u00e3o Europeia\"],\"articleSection\":[\"Economia\",\"Pol\u00edtica\"],\"inLanguage\":\"pt-BR\",\"potentialAction\":[{\"@type\":\"CommentAction\",\"name\":\"Comment\",\"target\":[\"https:\/\/jornalfatosenoticias.com.br\/index.php\/2023\/04\/25\/uniao-europeia-indica-preocupacao-com-governo-lula\/#respond\"]}]},{\"@type\":\"WebPage\",\"@id\":\"https:\/\/jornalfatosenoticias.com.br\/index.php\/2023\/04\/25\/uniao-europeia-indica-preocupacao-com-governo-lula\/\",\"url\":\"https:\/\/jornalfatosenoticias.com.br\/index.php\/2023\/04\/25\/uniao-europeia-indica-preocupacao-com-governo-lula\/\",\"name\":\"Uni\u00e3o Europeia indica preocupa\u00e7\u00e3o com governo Lula - Jornal Fatos e Not\u00edcias\",\"isPartOf\":{\"@id\":\"https:\/\/jornalfatosenoticias.com.br\/#website\"},\"primaryImageOfPage\":{\"@id\":\"https:\/\/jornalfatosenoticias.com.br\/index.php\/2023\/04\/25\/uniao-europeia-indica-preocupacao-com-governo-lula\/#primaryimage\"},\"image\":{\"@id\":\"https:\/\/jornalfatosenoticias.com.br\/index.php\/2023\/04\/25\/uniao-europeia-indica-preocupacao-com-governo-lula\/#primaryimage\"},\"thumbnailUrl\":\"https:\/\/jornalfatosenoticias.com.br\/wp-content\/uploads\/2023\/04\/lula-desastre.jpg\",\"datePublished\":\"2023-04-25T14:52:43+00:00\",\"dateModified\":\"2023-04-25T14:52:46+00:00\",\"breadcrumb\":{\"@id\":\"https:\/\/jornalfatosenoticias.com.br\/index.php\/2023\/04\/25\/uniao-europeia-indica-preocupacao-com-governo-lula\/#breadcrumb\"},\"inLanguage\":\"pt-BR\",\"potentialAction\":[{\"@type\":\"ReadAction\",\"target\":[\"https:\/\/jornalfatosenoticias.com.br\/index.php\/2023\/04\/25\/uniao-europeia-indica-preocupacao-com-governo-lula\/\"]}]},{\"@type\":\"ImageObject\",\"inLanguage\":\"pt-BR\",\"@id\":\"https:\/\/jornalfatosenoticias.com.br\/index.php\/2023\/04\/25\/uniao-europeia-indica-preocupacao-com-governo-lula\/#primaryimage\",\"url\":\"https:\/\/jornalfatosenoticias.com.br\/wp-content\/uploads\/2023\/04\/lula-desastre.jpg\",\"contentUrl\":\"https:\/\/jornalfatosenoticias.com.br\/wp-content\/uploads\/2023\/04\/lula-desastre.jpg\",\"width\":1000,\"height\":696},{\"@type\":\"BreadcrumbList\",\"@id\":\"https:\/\/jornalfatosenoticias.com.br\/index.php\/2023\/04\/25\/uniao-europeia-indica-preocupacao-com-governo-lula\/#breadcrumb\",\"itemListElement\":[{\"@type\":\"ListItem\",\"position\":1,\"name\":\"In\u00edcio\",\"item\":\"https:\/\/jornalfatosenoticias.com.br\/\"},{\"@type\":\"ListItem\",\"position\":2,\"name\":\"Uni\u00e3o Europeia indica preocupa\u00e7\u00e3o com governo Lula\"}]},{\"@type\":\"WebSite\",\"@id\":\"https:\/\/jornalfatosenoticias.com.br\/#website\",\"url\":\"https:\/\/jornalfatosenoticias.com.br\/\",\"name\":\"Jornal Fatos e Not\u00edcias\",\"description\":\"Not\u00edcias em geral\",\"publisher\":{\"@id\":\"https:\/\/jornalfatosenoticias.com.br\/#organization\"},\"potentialAction\":[{\"@type\":\"SearchAction\",\"target\":{\"@type\":\"EntryPoint\",\"urlTemplate\":\"https:\/\/jornalfatosenoticias.com.br\/?s={search_term_string}\"},\"query-input\":{\"@type\":\"PropertyValueSpecification\",\"valueRequired\":true,\"valueName\":\"search_term_string\"}}],\"inLanguage\":\"pt-BR\"},{\"@type\":\"Organization\",\"@id\":\"https:\/\/jornalfatosenoticias.com.br\/#organization\",\"name\":\"Jornal Fatos e Not\u00edcias\",\"url\":\"https:\/\/jornalfatosenoticias.com.br\/\",\"logo\":{\"@type\":\"ImageObject\",\"inLanguage\":\"pt-BR\",\"@id\":\"https:\/\/jornalfatosenoticias.com.br\/#\/schema\/logo\/image\/\",\"url\":\"https:\/\/jornalfatosenoticias.com.br\/wp-content\/uploads\/2020\/02\/logo120.png\",\"contentUrl\":\"https:\/\/jornalfatosenoticias.com.br\/wp-content\/uploads\/2020\/02\/logo120.png\",\"width\":1227,\"height\":120,\"caption\":\"Jornal Fatos e Not\u00edcias\"},\"image\":{\"@id\":\"https:\/\/jornalfatosenoticias.com.br\/#\/schema\/logo\/image\/\"}},{\"@type\":\"Person\",\"@id\":\"https:\/\/jornalfatosenoticias.com.br\/#\/schema\/person\/d63837fa13ac8666eb9e74e0985d6f81\",\"name\":\"Luzimara Fernandes\",\"image\":{\"@type\":\"ImageObject\",\"inLanguage\":\"pt-BR\",\"@id\":\"https:\/\/jornalfatosenoticias.com.br\/#\/schema\/person\/image\/\",\"url\":\"https:\/\/jornalfatosenoticias.com.br\/wp-content\/uploads\/2025\/05\/EU_portal.jpg\",\"contentUrl\":\"https:\/\/jornalfatosenoticias.com.br\/wp-content\/uploads\/2025\/05\/EU_portal.jpg\",\"caption\":\"Luzimara Fernandes\"},\"description\":\"Jornalista MTB 2358-ES\",\"sameAs\":[\"https:\/\/jornalfatosenoticias.com.br\"],\"url\":\"https:\/\/jornalfatosenoticias.com.br\/index.php\/author\/luzimara\/\"}]}<\/script>\n<!-- \/ Yoast SEO plugin. -->","yoast_head_json":{"title":"Uni\u00e3o Europeia indica preocupa\u00e7\u00e3o com governo Lula - Jornal Fatos e Not\u00edcias","robots":{"index":"index","follow":"follow","max-snippet":"max-snippet:-1","max-image-preview":"max-image-preview:large","max-video-preview":"max-video-preview:-1"},"canonical":"https:\/\/jornalfatosenoticias.com.br\/index.php\/2023\/04\/25\/uniao-europeia-indica-preocupacao-com-governo-lula\/","og_locale":"pt_BR","og_type":"article","og_title":"Uni\u00e3o Europeia indica preocupa\u00e7\u00e3o com governo Lula - Jornal Fatos e Not\u00edcias","og_description":"Documento do bloco econ\u00f4mico cita a postura do Pa\u00eds quanto a quest\u00f5es delicadas no cen\u00e1rio internacional Os pa\u00edses da Uni\u00e3o Europeia (UE) est\u00e3o preocupados com a posi\u00e7\u00e3o do Brasil em rela\u00e7\u00e3o \u00e0 guerra na Ucr\u00e2nia e \u00e0 falta de cumprimento de obriga\u00e7\u00f5es ambientais \u2014 uma das bandeiras levantadas durante a campanha de Lula \u00e0 Presid\u00eancia. [&hellip;]","og_url":"https:\/\/jornalfatosenoticias.com.br\/index.php\/2023\/04\/25\/uniao-europeia-indica-preocupacao-com-governo-lula\/","og_site_name":"Jornal Fatos e Not\u00edcias","article_published_time":"2023-04-25T14:52:43+00:00","article_modified_time":"2023-04-25T14:52:46+00:00","og_image":[{"width":1000,"height":696,"url":"https:\/\/jornalfatosenoticias.com.br\/wp-content\/uploads\/2023\/04\/lula-desastre.jpg","type":"image\/jpeg"}],"author":"Luzimara Fernandes","twitter_card":"summary_large_image","twitter_misc":{"Escrito por":"Luzimara Fernandes","Est. tempo de leitura":"4 minutos"},"schema":{"@context":"https:\/\/schema.org","@graph":[{"@type":"Article","@id":"https:\/\/jornalfatosenoticias.com.br\/index.php\/2023\/04\/25\/uniao-europeia-indica-preocupacao-com-governo-lula\/#article","isPartOf":{"@id":"https:\/\/jornalfatosenoticias.com.br\/index.php\/2023\/04\/25\/uniao-europeia-indica-preocupacao-com-governo-lula\/"},"author":{"name":"Luzimara Fernandes","@id":"https:\/\/jornalfatosenoticias.com.br\/#\/schema\/person\/d63837fa13ac8666eb9e74e0985d6f81"},"headline":"Uni\u00e3o Europeia indica preocupa\u00e7\u00e3o com governo Lula","datePublished":"2023-04-25T14:52:43+00:00","dateModified":"2023-04-25T14:52:46+00:00","mainEntityOfPage":{"@id":"https:\/\/jornalfatosenoticias.com.br\/index.php\/2023\/04\/25\/uniao-europeia-indica-preocupacao-com-governo-lula\/"},"wordCount":811,"commentCount":0,"publisher":{"@id":"https:\/\/jornalfatosenoticias.com.br\/#organization"},"image":{"@id":"https:\/\/jornalfatosenoticias.com.br\/index.php\/2023\/04\/25\/uniao-europeia-indica-preocupacao-com-governo-lula\/#primaryimage"},"thumbnailUrl":"https:\/\/jornalfatosenoticias.com.br\/wp-content\/uploads\/2023\/04\/lula-desastre.jpg","keywords":["bloco econ\u00f4mico","governo Lula","Lula","preocupa\u00e7\u00e3o com governo Lula","UE","Uni\u00e3o Europeia"],"articleSection":["Economia","Pol\u00edtica"],"inLanguage":"pt-BR","potentialAction":[{"@type":"CommentAction","name":"Comment","target":["https:\/\/jornalfatosenoticias.com.br\/index.php\/2023\/04\/25\/uniao-europeia-indica-preocupacao-com-governo-lula\/#respond"]}]},{"@type":"WebPage","@id":"https:\/\/jornalfatosenoticias.com.br\/index.php\/2023\/04\/25\/uniao-europeia-indica-preocupacao-com-governo-lula\/","url":"https:\/\/jornalfatosenoticias.com.br\/index.php\/2023\/04\/25\/uniao-europeia-indica-preocupacao-com-governo-lula\/","name":"Uni\u00e3o Europeia indica preocupa\u00e7\u00e3o com governo Lula - Jornal Fatos e Not\u00edcias","isPartOf":{"@id":"https:\/\/jornalfatosenoticias.com.br\/#website"},"primaryImageOfPage":{"@id":"https:\/\/jornalfatosenoticias.com.br\/index.php\/2023\/04\/25\/uniao-europeia-indica-preocupacao-com-governo-lula\/#primaryimage"},"image":{"@id":"https:\/\/jornalfatosenoticias.com.br\/index.php\/2023\/04\/25\/uniao-europeia-indica-preocupacao-com-governo-lula\/#primaryimage"},"thumbnailUrl":"https:\/\/jornalfatosenoticias.com.br\/wp-content\/uploads\/2023\/04\/lula-desastre.jpg","datePublished":"2023-04-25T14:52:43+00:00","dateModified":"2023-04-25T14:52:46+00:00","breadcrumb":{"@id":"https:\/\/jornalfatosenoticias.com.br\/index.php\/2023\/04\/25\/uniao-europeia-indica-preocupacao-com-governo-lula\/#breadcrumb"},"inLanguage":"pt-BR","potentialAction":[{"@type":"ReadAction","target":["https:\/\/jornalfatosenoticias.com.br\/index.php\/2023\/04\/25\/uniao-europeia-indica-preocupacao-com-governo-lula\/"]}]},{"@type":"ImageObject","inLanguage":"pt-BR","@id":"https:\/\/jornalfatosenoticias.com.br\/index.php\/2023\/04\/25\/uniao-europeia-indica-preocupacao-com-governo-lula\/#primaryimage","url":"https:\/\/jornalfatosenoticias.com.br\/wp-content\/uploads\/2023\/04\/lula-desastre.jpg","contentUrl":"https:\/\/jornalfatosenoticias.com.br\/wp-content\/uploads\/2023\/04\/lula-desastre.jpg","width":1000,"height":696},{"@type":"BreadcrumbList","@id":"https:\/\/jornalfatosenoticias.com.br\/index.php\/2023\/04\/25\/uniao-europeia-indica-preocupacao-com-governo-lula\/#breadcrumb","itemListElement":[{"@type":"ListItem","position":1,"name":"In\u00edcio","item":"https:\/\/jornalfatosenoticias.com.br\/"},{"@type":"ListItem","position":2,"name":"Uni\u00e3o Europeia indica preocupa\u00e7\u00e3o com governo Lula"}]},{"@type":"WebSite","@id":"https:\/\/jornalfatosenoticias.com.br\/#website","url":"https:\/\/jornalfatosenoticias.com.br\/","name":"Jornal Fatos e Not\u00edcias","description":"Not\u00edcias em geral","publisher":{"@id":"https:\/\/jornalfatosenoticias.com.br\/#organization"},"potentialAction":[{"@type":"SearchAction","target":{"@type":"EntryPoint","urlTemplate":"https:\/\/jornalfatosenoticias.com.br\/?s={search_term_string}"},"query-input":{"@type":"PropertyValueSpecification","valueRequired":true,"valueName":"search_term_string"}}],"inLanguage":"pt-BR"},{"@type":"Organization","@id":"https:\/\/jornalfatosenoticias.com.br\/#organization","name":"Jornal Fatos e Not\u00edcias","url":"https:\/\/jornalfatosenoticias.com.br\/","logo":{"@type":"ImageObject","inLanguage":"pt-BR","@id":"https:\/\/jornalfatosenoticias.com.br\/#\/schema\/logo\/image\/","url":"https:\/\/jornalfatosenoticias.com.br\/wp-content\/uploads\/2020\/02\/logo120.png","contentUrl":"https:\/\/jornalfatosenoticias.com.br\/wp-content\/uploads\/2020\/02\/logo120.png","width":1227,"height":120,"caption":"Jornal Fatos e Not\u00edcias"},"image":{"@id":"https:\/\/jornalfatosenoticias.com.br\/#\/schema\/logo\/image\/"}},{"@type":"Person","@id":"https:\/\/jornalfatosenoticias.com.br\/#\/schema\/person\/d63837fa13ac8666eb9e74e0985d6f81","name":"Luzimara Fernandes","image":{"@type":"ImageObject","inLanguage":"pt-BR","@id":"https:\/\/jornalfatosenoticias.com.br\/#\/schema\/person\/image\/","url":"https:\/\/jornalfatosenoticias.com.br\/wp-content\/uploads\/2025\/05\/EU_portal.jpg","contentUrl":"https:\/\/jornalfatosenoticias.com.br\/wp-content\/uploads\/2025\/05\/EU_portal.jpg","caption":"Luzimara Fernandes"},"description":"Jornalista MTB 2358-ES","sameAs":["https:\/\/jornalfatosenoticias.com.br"],"url":"https:\/\/jornalfatosenoticias.com.br\/index.php\/author\/luzimara\/"}]}},"cc_featured_image_caption":{"caption_text":"(Foto: Ricardo Stuckert\/PR) ","source_text":"","source_url":""},"jetpack_featured_media_url":"https:\/\/jornalfatosenoticias.com.br\/wp-content\/uploads\/2023\/04\/lula-desastre.jpg","_links":{"self":[{"href":"https:\/\/jornalfatosenoticias.com.br\/index.php\/wp-json\/wp\/v2\/posts\/40881","targetHints":{"allow":["GET"]}}],"collection":[{"href":"https:\/\/jornalfatosenoticias.com.br\/index.php\/wp-json\/wp\/v2\/posts"}],"about":[{"href":"https:\/\/jornalfatosenoticias.com.br\/index.php\/wp-json\/wp\/v2\/types\/post"}],"author":[{"embeddable":true,"href":"https:\/\/jornalfatosenoticias.com.br\/index.php\/wp-json\/wp\/v2\/users\/2"}],"replies":[{"embeddable":true,"href":"https:\/\/jornalfatosenoticias.com.br\/index.php\/wp-json\/wp\/v2\/comments?post=40881"}],"version-history":[{"count":0,"href":"https:\/\/jornalfatosenoticias.com.br\/index.php\/wp-json\/wp\/v2\/posts\/40881\/revisions"}],"wp:featuredmedia":[{"embeddable":true,"href":"https:\/\/jornalfatosenoticias.com.br\/index.php\/wp-json\/wp\/v2\/media\/40882"}],"wp:attachment":[{"href":"https:\/\/jornalfatosenoticias.com.br\/index.php\/wp-json\/wp\/v2\/media?parent=40881"}],"wp:term":[{"taxonomy":"category","embeddable":true,"href":"https:\/\/jornalfatosenoticias.com.br\/index.php\/wp-json\/wp\/v2\/categories?post=40881"},{"taxonomy":"post_tag","embeddable":true,"href":"https:\/\/jornalfatosenoticias.com.br\/index.php\/wp-json\/wp\/v2\/tags?post=40881"}],"curies":[{"name":"wp","href":"https:\/\/api.w.org\/{rel}","templated":true}]}}