{"id":40910,"date":"2023-04-26T13:56:19","date_gmt":"2023-04-26T16:56:19","guid":{"rendered":"https:\/\/jornalfatosenoticias.com.br\/?p=40910"},"modified":"2023-04-26T13:56:19","modified_gmt":"2023-04-26T16:56:19","slug":"nova-pesquisa-questiona-autor-da-descoberta-do-formato-do-dna","status":"publish","type":"post","link":"https:\/\/jornalfatosenoticias.com.br\/index.php\/2023\/04\/26\/nova-pesquisa-questiona-autor-da-descoberta-do-formato-do-dna\/","title":{"rendered":"Nova pesquisa questiona autor da descoberta do formato do DNA"},"content":{"rendered":"\n<p><em><span class=\"has-inline-color has-black-color\">Documentos antigos encontrados mostram que Rosalind Franklin deveria ser creditada como uma das descobridoras da dupla h\u00e9lice do DNA<\/span><\/em><\/p>\n\n\n\n<div class=\"wp-block-image\"><figure class=\"aligncenter size-large is-resized\"><img loading=\"lazy\" decoding=\"async\" src=\"https:\/\/jornalfatosenoticias.com.br\/wp-content\/uploads\/2022\/02\/FERRARI_MAQUINAS-E-FERRAMENTAS2.jpg\" alt=\"\" class=\"wp-image-27860\" width=\"270\" height=\"225\"\/><\/figure><\/div>\n\n\n\n<p>O Pr\u00eamio Nobel de Medicina de 1962 foi dado para os cientistas <strong>James Watson, Francis Crick <\/strong>e<strong> Maurice Wilkins,<\/strong> que descobriram o formato do DNA, de dupla h\u00e9lice. Por\u00e9m, por muitos anos uma pol\u00eamica envolveu esse pr\u00eamio e esses cr\u00e9ditos, j\u00e1 que muitos especialistas acreditavam que a equipe n\u00e3o teria feito essa descoberta sem que eles tivessem roubado dados da qu\u00edmica brit\u00e2nica <strong>Rosalind Franklin.<\/strong> Agora, mais de 60 anos depois, um novo estudo parece dar raz\u00e3o, pelo menos parcialmente, a essa teoria.<\/p>\n\n\n\n<div class=\"wp-block-image\"><figure class=\"aligncenter size-large\"><img loading=\"lazy\" decoding=\"async\" width=\"300\" height=\"222\" src=\"https:\/\/jornalfatosenoticias.com.br\/wp-content\/uploads\/2023\/03\/logo_Juliana-Graca.jpg\" alt=\"\" class=\"wp-image-39283\"\/><\/figure><\/div>\n\n\n\n<p><strong>Franklin <\/strong>foi a <a href=\"https:\/\/aventurasnahistoria.uol.com.br\/noticias\/almanaque\/historia-5-mulheres-importantes-para-ciencia.phtml\">primeira pessoa<\/a> a determinar que o DNA tinha uma estrutura em forma de h\u00e9lice, parecida com uma escada em espiral. Agora, segundo o <a href=\"https:\/\/www.livescience.com\/health\/genetics\/rosalind-franklin-knew-dna-was-a-helix-before-watson-and-crick-unpublished-material-reveals\"><em>LiveScience,<\/em><\/a> uma carta que havia sido ignorada de 1953 e uma not\u00edcia do mesmo ano que n\u00e3o chegou a ser publicada apareceram para confirmar o grande papel que <strong>Rosalind<\/strong> teve na descoberta do formato do DNA.<\/p>\n\n\n\n<div class=\"wp-block-image\"><figure class=\"aligncenter size-large\"><img loading=\"lazy\" decoding=\"async\" width=\"729\" height=\"90\" src=\"https:\/\/jornalfatosenoticias.com.br\/wp-content\/uploads\/2020\/02\/Logo_Mizu.png\" alt=\"\" class=\"wp-image-1441\" srcset=\"https:\/\/jornalfatosenoticias.com.br\/wp-content\/uploads\/2020\/02\/Logo_Mizu.png 729w, https:\/\/jornalfatosenoticias.com.br\/wp-content\/uploads\/2020\/02\/Logo_Mizu-300x37.png 300w\" sizes=\"auto, (max-width: 729px) 100vw, 729px\" \/><\/figure><\/div>\n\n\n\n<p>Mesmo que ela <a href=\"https:\/\/aventurasnahistoria.uol.com.br\/noticias\/reportagem\/saga-de-rosalind-franklin-cientista-que-participou-de-uma-importante-descoberta-sobre-o-dna.phtml\">n\u00e3o fosse eleg\u00edvel para o Nobel,<\/a> j\u00e1 que a cientista morreu alguns anos antes, <strong>Franklin<\/strong> teve uma participa\u00e7\u00e3o importante na descoberta da dupla h\u00e9lice. Por\u00e9m, contra a teoria que predominou, seus dados provavelmente n\u00e3o teriam sido roubados e, sim, compartilhados livremente pela pr\u00f3pria <strong>Franklin<\/strong> com <strong>Watson <\/strong>e<strong> Crick.<\/strong><\/p>\n\n\n\n<div class=\"wp-block-image\"><figure class=\"aligncenter size-large is-resized\"><img loading=\"lazy\" decoding=\"async\" src=\"https:\/\/jornalfatosenoticias.com.br\/wp-content\/uploads\/2022\/10\/Arte-jornal-Zucchi-600x600_Prancheta-1-1024x1024.jpg\" alt=\"\" class=\"wp-image-34782\" width=\"260\" height=\"260\" srcset=\"https:\/\/jornalfatosenoticias.com.br\/wp-content\/uploads\/2022\/10\/Arte-jornal-Zucchi-600x600_Prancheta-1-1024x1024.jpg 1024w, https:\/\/jornalfatosenoticias.com.br\/wp-content\/uploads\/2022\/10\/Arte-jornal-Zucchi-600x600_Prancheta-1-300x300.jpg 300w, https:\/\/jornalfatosenoticias.com.br\/wp-content\/uploads\/2022\/10\/Arte-jornal-Zucchi-600x600_Prancheta-1-150x150.jpg 150w, https:\/\/jornalfatosenoticias.com.br\/wp-content\/uploads\/2022\/10\/Arte-jornal-Zucchi-600x600_Prancheta-1-768x768.jpg 768w, https:\/\/jornalfatosenoticias.com.br\/wp-content\/uploads\/2022\/10\/Arte-jornal-Zucchi-600x600_Prancheta-1.jpg 1250w\" sizes=\"auto, (max-width: 260px) 100vw, 260px\" \/><\/figure><\/div>\n\n\n\n<p>O artigo, publicado, nesta \u00faltima ter\u00e7a-feira (25), na revista <em><a href=\"https:\/\/www.nature.com\/articles\/d41586-023-01313-5?CJEVENT=4dc966e8e39c11ed8113000b0a82b820&amp;utm_campaign=CONR_PF018_ECOM_GL_PHSS_ALWYS_DEEPLINK&amp;utm_content=textlink&amp;utm_medium=affiliate&amp;utm_source=commission_junction&amp;utm_term=PID100052172\">Nature,<\/a><\/em> mostra novos aspectos dessa interessante hist\u00f3ria da ci\u00eancia moderna. A not\u00edcia de 1953 que n\u00e3o foi publicada era do jornalista londrino <strong>Joan Bruce, <\/strong>que tinha <strong>Franklin<\/strong> como fonte. Nessa mat\u00e9ria jornal\u00edstica, o autor explica que os cientistas se dividiram em grupos, com <strong>Wilkins <\/strong>e<strong> Franklin<\/strong> realizando an\u00e1lises de raios-X do <a href=\"https:\/\/aventurasnahistoria.uol.com.br\/noticias\/historia-hoje\/o-que-diz-o-teste-de-dna-da-jovem-que-aponta-ser-madeleine-mccann.phtml\">DNA<\/a> e <strong>Watson <\/strong>e<strong> Crick<\/strong> pensando em um modelo de formato.<\/p>\n\n\n\n<div class=\"wp-block-image\"><figure class=\"aligncenter size-large is-resized\"><img loading=\"lazy\" decoding=\"async\" src=\"https:\/\/jornalfatosenoticias.com.br\/wp-content\/uploads\/2023\/03\/nova-logo-Marquetti.jpg\" alt=\"\" class=\"wp-image-40207\" width=\"279\" height=\"187\" srcset=\"https:\/\/jornalfatosenoticias.com.br\/wp-content\/uploads\/2023\/03\/nova-logo-Marquetti.jpg 643w, https:\/\/jornalfatosenoticias.com.br\/wp-content\/uploads\/2023\/03\/nova-logo-Marquetti-300x202.jpg 300w\" sizes=\"auto, (max-width: 279px) 100vw, 279px\" \/><\/figure><\/div>\n\n\n\n<p>Os <a href=\"https:\/\/aventurasnahistoria.uol.com.br\/noticias\/reportagem\/saga-de-rosalind-franklin-cientista-que-participou-de-uma-importante-descoberta-sobre-o-dna.phtml\">dois grupos,<\/a> apesar de independentes, se juntavam para trocar conhecimento e confirmar o trabalho um do outro. A carta de 1953 parece comprovar isso, quando <strong>Pauline Cowan,<\/strong> uma colega de <strong>Franklin,<\/strong> chamou <strong>Crick <\/strong>para assistir uma palestra da qu\u00edmica sobre o DNA. <strong>Matthew Cobb,<\/strong> um dos pesquisadores que ajudou a encontrar esses artefatos, afirmou que a rela\u00e7\u00e3o entre eles n\u00e3o era a de uma corrida dram\u00e1tica.<\/p>\n\n\n\n<div class=\"wp-block-image\"><figure class=\"aligncenter size-large\"><img loading=\"lazy\" decoding=\"async\" width=\"300\" height=\"250\" src=\"https:\/\/jornalfatosenoticias.com.br\/wp-content\/uploads\/2022\/08\/arte-Casarao.jpg\" alt=\"\" class=\"wp-image-33178\"\/><\/figure><\/div>\n\n\n\n<p><strong><em>Fonte: <a href=\"https:\/\/aventurasnahistoria.uol.com.br\/noticias\/historia-hoje\/nova-pesquisa-questiona-autor-da-descoberta-do-formato-do-dna-creditando-uma-cientista.phtml\">Aventuras na Hist\u00f3ria<\/a><\/em><\/strong><\/p>\n","protected":false},"excerpt":{"rendered":"<p>Documentos antigos encontrados mostram que Rosalind Franklin deveria ser creditada como uma das descobridoras da dupla h\u00e9lice do DNA O Pr\u00eamio Nobel de Medicina de 1962 foi dado para os cientistas James Watson, Francis Crick e Maurice Wilkins, que descobriram o formato do DNA, de dupla h\u00e9lice. Por\u00e9m, por muitos anos uma pol\u00eamica envolveu esse [&hellip;]<\/p>\n","protected":false},"author":2,"featured_media":40911,"comment_status":"open","ping_status":"open","sticky":false,"template":"","format":"standard","meta":{"footnotes":""},"categories":[2],"tags":[166,2044,19184,3770,268,19185],"class_list":["post-40910","post","type-post","status-publish","format-standard","has-post-thumbnail","hentry","category-ciencia","tag-ciencia","tag-dna","tag-dupla-helice","tag-nobel","tag-quimica","tag-rosalind-franklin"],"yoast_head":"<!-- This site is optimized with the Yoast SEO plugin v26.5 - https:\/\/yoast.com\/wordpress\/plugins\/seo\/ -->\n<title>Nova pesquisa questiona autor da descoberta do formato do DNA - Jornal Fatos e Not\u00edcias<\/title>\n<meta name=\"robots\" content=\"index, follow, max-snippet:-1, max-image-preview:large, max-video-preview:-1\" \/>\n<link rel=\"canonical\" href=\"https:\/\/jornalfatosenoticias.com.br\/index.php\/2023\/04\/26\/nova-pesquisa-questiona-autor-da-descoberta-do-formato-do-dna\/\" \/>\n<meta property=\"og:locale\" content=\"pt_BR\" \/>\n<meta property=\"og:type\" content=\"article\" \/>\n<meta property=\"og:title\" content=\"Nova pesquisa questiona autor da descoberta do formato do DNA - Jornal Fatos e Not\u00edcias\" \/>\n<meta property=\"og:description\" content=\"Documentos antigos encontrados mostram que Rosalind Franklin deveria ser creditada como uma das descobridoras da dupla h\u00e9lice do DNA O Pr\u00eamio Nobel de Medicina de 1962 foi dado para os cientistas James Watson, Francis Crick e Maurice Wilkins, que descobriram o formato do DNA, de dupla h\u00e9lice. Por\u00e9m, por muitos anos uma pol\u00eamica envolveu esse [&hellip;]\" \/>\n<meta property=\"og:url\" content=\"https:\/\/jornalfatosenoticias.com.br\/index.php\/2023\/04\/26\/nova-pesquisa-questiona-autor-da-descoberta-do-formato-do-dna\/\" \/>\n<meta property=\"og:site_name\" content=\"Jornal Fatos e Not\u00edcias\" \/>\n<meta property=\"article:published_time\" content=\"2023-04-26T16:56:19+00:00\" \/>\n<meta property=\"og:image\" content=\"https:\/\/jornalfatosenoticias.com.br\/wp-content\/uploads\/2023\/04\/rosalind-franklin.jpg\" \/>\n\t<meta property=\"og:image:width\" content=\"1000\" \/>\n\t<meta property=\"og:image:height\" content=\"625\" \/>\n\t<meta property=\"og:image:type\" content=\"image\/jpeg\" \/>\n<meta name=\"author\" content=\"Luzimara Fernandes\" \/>\n<meta name=\"twitter:card\" content=\"summary_large_image\" \/>\n<meta name=\"twitter:label1\" content=\"Escrito por\" \/>\n\t<meta name=\"twitter:data1\" content=\"Luzimara Fernandes\" \/>\n\t<meta name=\"twitter:label2\" content=\"Est. tempo de leitura\" \/>\n\t<meta name=\"twitter:data2\" content=\"2 minutos\" \/>\n<script type=\"application\/ld+json\" class=\"yoast-schema-graph\">{\"@context\":\"https:\/\/schema.org\",\"@graph\":[{\"@type\":\"Article\",\"@id\":\"https:\/\/jornalfatosenoticias.com.br\/index.php\/2023\/04\/26\/nova-pesquisa-questiona-autor-da-descoberta-do-formato-do-dna\/#article\",\"isPartOf\":{\"@id\":\"https:\/\/jornalfatosenoticias.com.br\/index.php\/2023\/04\/26\/nova-pesquisa-questiona-autor-da-descoberta-do-formato-do-dna\/\"},\"author\":{\"name\":\"Luzimara Fernandes\",\"@id\":\"https:\/\/jornalfatosenoticias.com.br\/#\/schema\/person\/d63837fa13ac8666eb9e74e0985d6f81\"},\"headline\":\"Nova pesquisa questiona autor da descoberta do formato do DNA\",\"datePublished\":\"2023-04-26T16:56:19+00:00\",\"mainEntityOfPage\":{\"@id\":\"https:\/\/jornalfatosenoticias.com.br\/index.php\/2023\/04\/26\/nova-pesquisa-questiona-autor-da-descoberta-do-formato-do-dna\/\"},\"wordCount\":394,\"commentCount\":0,\"publisher\":{\"@id\":\"https:\/\/jornalfatosenoticias.com.br\/#organization\"},\"image\":{\"@id\":\"https:\/\/jornalfatosenoticias.com.br\/index.php\/2023\/04\/26\/nova-pesquisa-questiona-autor-da-descoberta-do-formato-do-dna\/#primaryimage\"},\"thumbnailUrl\":\"https:\/\/jornalfatosenoticias.com.br\/wp-content\/uploads\/2023\/04\/rosalind-franklin.jpg\",\"keywords\":[\"ci\u00eancia\",\"DNA\",\"dupla h\u00e9lice\",\"Nobel\",\"qu\u00edmica\",\"Rosalind Franklin\"],\"articleSection\":[\"Ci\u00eancia\"],\"inLanguage\":\"pt-BR\",\"potentialAction\":[{\"@type\":\"CommentAction\",\"name\":\"Comment\",\"target\":[\"https:\/\/jornalfatosenoticias.com.br\/index.php\/2023\/04\/26\/nova-pesquisa-questiona-autor-da-descoberta-do-formato-do-dna\/#respond\"]}]},{\"@type\":\"WebPage\",\"@id\":\"https:\/\/jornalfatosenoticias.com.br\/index.php\/2023\/04\/26\/nova-pesquisa-questiona-autor-da-descoberta-do-formato-do-dna\/\",\"url\":\"https:\/\/jornalfatosenoticias.com.br\/index.php\/2023\/04\/26\/nova-pesquisa-questiona-autor-da-descoberta-do-formato-do-dna\/\",\"name\":\"Nova pesquisa questiona autor da descoberta do formato do DNA - Jornal Fatos e Not\u00edcias\",\"isPartOf\":{\"@id\":\"https:\/\/jornalfatosenoticias.com.br\/#website\"},\"primaryImageOfPage\":{\"@id\":\"https:\/\/jornalfatosenoticias.com.br\/index.php\/2023\/04\/26\/nova-pesquisa-questiona-autor-da-descoberta-do-formato-do-dna\/#primaryimage\"},\"image\":{\"@id\":\"https:\/\/jornalfatosenoticias.com.br\/index.php\/2023\/04\/26\/nova-pesquisa-questiona-autor-da-descoberta-do-formato-do-dna\/#primaryimage\"},\"thumbnailUrl\":\"https:\/\/jornalfatosenoticias.com.br\/wp-content\/uploads\/2023\/04\/rosalind-franklin.jpg\",\"datePublished\":\"2023-04-26T16:56:19+00:00\",\"breadcrumb\":{\"@id\":\"https:\/\/jornalfatosenoticias.com.br\/index.php\/2023\/04\/26\/nova-pesquisa-questiona-autor-da-descoberta-do-formato-do-dna\/#breadcrumb\"},\"inLanguage\":\"pt-BR\",\"potentialAction\":[{\"@type\":\"ReadAction\",\"target\":[\"https:\/\/jornalfatosenoticias.com.br\/index.php\/2023\/04\/26\/nova-pesquisa-questiona-autor-da-descoberta-do-formato-do-dna\/\"]}]},{\"@type\":\"ImageObject\",\"inLanguage\":\"pt-BR\",\"@id\":\"https:\/\/jornalfatosenoticias.com.br\/index.php\/2023\/04\/26\/nova-pesquisa-questiona-autor-da-descoberta-do-formato-do-dna\/#primaryimage\",\"url\":\"https:\/\/jornalfatosenoticias.com.br\/wp-content\/uploads\/2023\/04\/rosalind-franklin.jpg\",\"contentUrl\":\"https:\/\/jornalfatosenoticias.com.br\/wp-content\/uploads\/2023\/04\/rosalind-franklin.jpg\",\"width\":1000,\"height\":625},{\"@type\":\"BreadcrumbList\",\"@id\":\"https:\/\/jornalfatosenoticias.com.br\/index.php\/2023\/04\/26\/nova-pesquisa-questiona-autor-da-descoberta-do-formato-do-dna\/#breadcrumb\",\"itemListElement\":[{\"@type\":\"ListItem\",\"position\":1,\"name\":\"In\u00edcio\",\"item\":\"https:\/\/jornalfatosenoticias.com.br\/\"},{\"@type\":\"ListItem\",\"position\":2,\"name\":\"Nova pesquisa questiona autor da descoberta do formato do DNA\"}]},{\"@type\":\"WebSite\",\"@id\":\"https:\/\/jornalfatosenoticias.com.br\/#website\",\"url\":\"https:\/\/jornalfatosenoticias.com.br\/\",\"name\":\"Jornal Fatos e Not\u00edcias\",\"description\":\"Not\u00edcias em geral\",\"publisher\":{\"@id\":\"https:\/\/jornalfatosenoticias.com.br\/#organization\"},\"potentialAction\":[{\"@type\":\"SearchAction\",\"target\":{\"@type\":\"EntryPoint\",\"urlTemplate\":\"https:\/\/jornalfatosenoticias.com.br\/?s={search_term_string}\"},\"query-input\":{\"@type\":\"PropertyValueSpecification\",\"valueRequired\":true,\"valueName\":\"search_term_string\"}}],\"inLanguage\":\"pt-BR\"},{\"@type\":\"Organization\",\"@id\":\"https:\/\/jornalfatosenoticias.com.br\/#organization\",\"name\":\"Jornal Fatos e Not\u00edcias\",\"url\":\"https:\/\/jornalfatosenoticias.com.br\/\",\"logo\":{\"@type\":\"ImageObject\",\"inLanguage\":\"pt-BR\",\"@id\":\"https:\/\/jornalfatosenoticias.com.br\/#\/schema\/logo\/image\/\",\"url\":\"https:\/\/jornalfatosenoticias.com.br\/wp-content\/uploads\/2020\/02\/logo120.png\",\"contentUrl\":\"https:\/\/jornalfatosenoticias.com.br\/wp-content\/uploads\/2020\/02\/logo120.png\",\"width\":1227,\"height\":120,\"caption\":\"Jornal Fatos e Not\u00edcias\"},\"image\":{\"@id\":\"https:\/\/jornalfatosenoticias.com.br\/#\/schema\/logo\/image\/\"}},{\"@type\":\"Person\",\"@id\":\"https:\/\/jornalfatosenoticias.com.br\/#\/schema\/person\/d63837fa13ac8666eb9e74e0985d6f81\",\"name\":\"Luzimara Fernandes\",\"image\":{\"@type\":\"ImageObject\",\"inLanguage\":\"pt-BR\",\"@id\":\"https:\/\/jornalfatosenoticias.com.br\/#\/schema\/person\/image\/\",\"url\":\"https:\/\/jornalfatosenoticias.com.br\/wp-content\/uploads\/2025\/05\/EU_portal.jpg\",\"contentUrl\":\"https:\/\/jornalfatosenoticias.com.br\/wp-content\/uploads\/2025\/05\/EU_portal.jpg\",\"caption\":\"Luzimara Fernandes\"},\"description\":\"Jornalista MTB 2358-ES\",\"sameAs\":[\"https:\/\/jornalfatosenoticias.com.br\"],\"url\":\"https:\/\/jornalfatosenoticias.com.br\/index.php\/author\/luzimara\/\"}]}<\/script>\n<!-- \/ Yoast SEO plugin. -->","yoast_head_json":{"title":"Nova pesquisa questiona autor da descoberta do formato do DNA - Jornal Fatos e Not\u00edcias","robots":{"index":"index","follow":"follow","max-snippet":"max-snippet:-1","max-image-preview":"max-image-preview:large","max-video-preview":"max-video-preview:-1"},"canonical":"https:\/\/jornalfatosenoticias.com.br\/index.php\/2023\/04\/26\/nova-pesquisa-questiona-autor-da-descoberta-do-formato-do-dna\/","og_locale":"pt_BR","og_type":"article","og_title":"Nova pesquisa questiona autor da descoberta do formato do DNA - Jornal Fatos e Not\u00edcias","og_description":"Documentos antigos encontrados mostram que Rosalind Franklin deveria ser creditada como uma das descobridoras da dupla h\u00e9lice do DNA O Pr\u00eamio Nobel de Medicina de 1962 foi dado para os cientistas James Watson, Francis Crick e Maurice Wilkins, que descobriram o formato do DNA, de dupla h\u00e9lice. Por\u00e9m, por muitos anos uma pol\u00eamica envolveu esse [&hellip;]","og_url":"https:\/\/jornalfatosenoticias.com.br\/index.php\/2023\/04\/26\/nova-pesquisa-questiona-autor-da-descoberta-do-formato-do-dna\/","og_site_name":"Jornal Fatos e Not\u00edcias","article_published_time":"2023-04-26T16:56:19+00:00","og_image":[{"width":1000,"height":625,"url":"https:\/\/jornalfatosenoticias.com.br\/wp-content\/uploads\/2023\/04\/rosalind-franklin.jpg","type":"image\/jpeg"}],"author":"Luzimara Fernandes","twitter_card":"summary_large_image","twitter_misc":{"Escrito por":"Luzimara Fernandes","Est. tempo de leitura":"2 minutos"},"schema":{"@context":"https:\/\/schema.org","@graph":[{"@type":"Article","@id":"https:\/\/jornalfatosenoticias.com.br\/index.php\/2023\/04\/26\/nova-pesquisa-questiona-autor-da-descoberta-do-formato-do-dna\/#article","isPartOf":{"@id":"https:\/\/jornalfatosenoticias.com.br\/index.php\/2023\/04\/26\/nova-pesquisa-questiona-autor-da-descoberta-do-formato-do-dna\/"},"author":{"name":"Luzimara Fernandes","@id":"https:\/\/jornalfatosenoticias.com.br\/#\/schema\/person\/d63837fa13ac8666eb9e74e0985d6f81"},"headline":"Nova pesquisa questiona autor da descoberta do formato do DNA","datePublished":"2023-04-26T16:56:19+00:00","mainEntityOfPage":{"@id":"https:\/\/jornalfatosenoticias.com.br\/index.php\/2023\/04\/26\/nova-pesquisa-questiona-autor-da-descoberta-do-formato-do-dna\/"},"wordCount":394,"commentCount":0,"publisher":{"@id":"https:\/\/jornalfatosenoticias.com.br\/#organization"},"image":{"@id":"https:\/\/jornalfatosenoticias.com.br\/index.php\/2023\/04\/26\/nova-pesquisa-questiona-autor-da-descoberta-do-formato-do-dna\/#primaryimage"},"thumbnailUrl":"https:\/\/jornalfatosenoticias.com.br\/wp-content\/uploads\/2023\/04\/rosalind-franklin.jpg","keywords":["ci\u00eancia","DNA","dupla h\u00e9lice","Nobel","qu\u00edmica","Rosalind Franklin"],"articleSection":["Ci\u00eancia"],"inLanguage":"pt-BR","potentialAction":[{"@type":"CommentAction","name":"Comment","target":["https:\/\/jornalfatosenoticias.com.br\/index.php\/2023\/04\/26\/nova-pesquisa-questiona-autor-da-descoberta-do-formato-do-dna\/#respond"]}]},{"@type":"WebPage","@id":"https:\/\/jornalfatosenoticias.com.br\/index.php\/2023\/04\/26\/nova-pesquisa-questiona-autor-da-descoberta-do-formato-do-dna\/","url":"https:\/\/jornalfatosenoticias.com.br\/index.php\/2023\/04\/26\/nova-pesquisa-questiona-autor-da-descoberta-do-formato-do-dna\/","name":"Nova pesquisa questiona autor da descoberta do formato do DNA - Jornal Fatos e Not\u00edcias","isPartOf":{"@id":"https:\/\/jornalfatosenoticias.com.br\/#website"},"primaryImageOfPage":{"@id":"https:\/\/jornalfatosenoticias.com.br\/index.php\/2023\/04\/26\/nova-pesquisa-questiona-autor-da-descoberta-do-formato-do-dna\/#primaryimage"},"image":{"@id":"https:\/\/jornalfatosenoticias.com.br\/index.php\/2023\/04\/26\/nova-pesquisa-questiona-autor-da-descoberta-do-formato-do-dna\/#primaryimage"},"thumbnailUrl":"https:\/\/jornalfatosenoticias.com.br\/wp-content\/uploads\/2023\/04\/rosalind-franklin.jpg","datePublished":"2023-04-26T16:56:19+00:00","breadcrumb":{"@id":"https:\/\/jornalfatosenoticias.com.br\/index.php\/2023\/04\/26\/nova-pesquisa-questiona-autor-da-descoberta-do-formato-do-dna\/#breadcrumb"},"inLanguage":"pt-BR","potentialAction":[{"@type":"ReadAction","target":["https:\/\/jornalfatosenoticias.com.br\/index.php\/2023\/04\/26\/nova-pesquisa-questiona-autor-da-descoberta-do-formato-do-dna\/"]}]},{"@type":"ImageObject","inLanguage":"pt-BR","@id":"https:\/\/jornalfatosenoticias.com.br\/index.php\/2023\/04\/26\/nova-pesquisa-questiona-autor-da-descoberta-do-formato-do-dna\/#primaryimage","url":"https:\/\/jornalfatosenoticias.com.br\/wp-content\/uploads\/2023\/04\/rosalind-franklin.jpg","contentUrl":"https:\/\/jornalfatosenoticias.com.br\/wp-content\/uploads\/2023\/04\/rosalind-franklin.jpg","width":1000,"height":625},{"@type":"BreadcrumbList","@id":"https:\/\/jornalfatosenoticias.com.br\/index.php\/2023\/04\/26\/nova-pesquisa-questiona-autor-da-descoberta-do-formato-do-dna\/#breadcrumb","itemListElement":[{"@type":"ListItem","position":1,"name":"In\u00edcio","item":"https:\/\/jornalfatosenoticias.com.br\/"},{"@type":"ListItem","position":2,"name":"Nova pesquisa questiona autor da descoberta do formato do DNA"}]},{"@type":"WebSite","@id":"https:\/\/jornalfatosenoticias.com.br\/#website","url":"https:\/\/jornalfatosenoticias.com.br\/","name":"Jornal Fatos e Not\u00edcias","description":"Not\u00edcias em geral","publisher":{"@id":"https:\/\/jornalfatosenoticias.com.br\/#organization"},"potentialAction":[{"@type":"SearchAction","target":{"@type":"EntryPoint","urlTemplate":"https:\/\/jornalfatosenoticias.com.br\/?s={search_term_string}"},"query-input":{"@type":"PropertyValueSpecification","valueRequired":true,"valueName":"search_term_string"}}],"inLanguage":"pt-BR"},{"@type":"Organization","@id":"https:\/\/jornalfatosenoticias.com.br\/#organization","name":"Jornal Fatos e Not\u00edcias","url":"https:\/\/jornalfatosenoticias.com.br\/","logo":{"@type":"ImageObject","inLanguage":"pt-BR","@id":"https:\/\/jornalfatosenoticias.com.br\/#\/schema\/logo\/image\/","url":"https:\/\/jornalfatosenoticias.com.br\/wp-content\/uploads\/2020\/02\/logo120.png","contentUrl":"https:\/\/jornalfatosenoticias.com.br\/wp-content\/uploads\/2020\/02\/logo120.png","width":1227,"height":120,"caption":"Jornal Fatos e Not\u00edcias"},"image":{"@id":"https:\/\/jornalfatosenoticias.com.br\/#\/schema\/logo\/image\/"}},{"@type":"Person","@id":"https:\/\/jornalfatosenoticias.com.br\/#\/schema\/person\/d63837fa13ac8666eb9e74e0985d6f81","name":"Luzimara Fernandes","image":{"@type":"ImageObject","inLanguage":"pt-BR","@id":"https:\/\/jornalfatosenoticias.com.br\/#\/schema\/person\/image\/","url":"https:\/\/jornalfatosenoticias.com.br\/wp-content\/uploads\/2025\/05\/EU_portal.jpg","contentUrl":"https:\/\/jornalfatosenoticias.com.br\/wp-content\/uploads\/2025\/05\/EU_portal.jpg","caption":"Luzimara Fernandes"},"description":"Jornalista MTB 2358-ES","sameAs":["https:\/\/jornalfatosenoticias.com.br"],"url":"https:\/\/jornalfatosenoticias.com.br\/index.php\/author\/luzimara\/"}]}},"cc_featured_image_caption":{"caption_text":"(Foto: CSHL\/Creative Commons) ","source_text":"","source_url":""},"jetpack_featured_media_url":"https:\/\/jornalfatosenoticias.com.br\/wp-content\/uploads\/2023\/04\/rosalind-franklin.jpg","_links":{"self":[{"href":"https:\/\/jornalfatosenoticias.com.br\/index.php\/wp-json\/wp\/v2\/posts\/40910","targetHints":{"allow":["GET"]}}],"collection":[{"href":"https:\/\/jornalfatosenoticias.com.br\/index.php\/wp-json\/wp\/v2\/posts"}],"about":[{"href":"https:\/\/jornalfatosenoticias.com.br\/index.php\/wp-json\/wp\/v2\/types\/post"}],"author":[{"embeddable":true,"href":"https:\/\/jornalfatosenoticias.com.br\/index.php\/wp-json\/wp\/v2\/users\/2"}],"replies":[{"embeddable":true,"href":"https:\/\/jornalfatosenoticias.com.br\/index.php\/wp-json\/wp\/v2\/comments?post=40910"}],"version-history":[{"count":0,"href":"https:\/\/jornalfatosenoticias.com.br\/index.php\/wp-json\/wp\/v2\/posts\/40910\/revisions"}],"wp:featuredmedia":[{"embeddable":true,"href":"https:\/\/jornalfatosenoticias.com.br\/index.php\/wp-json\/wp\/v2\/media\/40911"}],"wp:attachment":[{"href":"https:\/\/jornalfatosenoticias.com.br\/index.php\/wp-json\/wp\/v2\/media?parent=40910"}],"wp:term":[{"taxonomy":"category","embeddable":true,"href":"https:\/\/jornalfatosenoticias.com.br\/index.php\/wp-json\/wp\/v2\/categories?post=40910"},{"taxonomy":"post_tag","embeddable":true,"href":"https:\/\/jornalfatosenoticias.com.br\/index.php\/wp-json\/wp\/v2\/tags?post=40910"}],"curies":[{"name":"wp","href":"https:\/\/api.w.org\/{rel}","templated":true}]}}