{"id":40913,"date":"2023-04-26T14:04:21","date_gmt":"2023-04-26T17:04:21","guid":{"rendered":"https:\/\/jornalfatosenoticias.com.br\/?p=40913"},"modified":"2023-04-26T14:04:21","modified_gmt":"2023-04-26T17:04:21","slug":"biologos-salvam-ovo-trincado-e-arara-azul-em-extincao-nasce-no-zoo-de-sp","status":"publish","type":"post","link":"https:\/\/jornalfatosenoticias.com.br\/index.php\/2023\/04\/26\/biologos-salvam-ovo-trincado-e-arara-azul-em-extincao-nasce-no-zoo-de-sp\/","title":{"rendered":"Bi\u00f3logos salvam ovo trincado e arara-azul em extin\u00e7\u00e3o nasce no Zoo de SP"},"content":{"rendered":"\n<p><em><span class=\"has-inline-color has-black-color\">Por: <strong>Julia Possa<\/strong><\/span><\/em><\/p>\n\n\n\n<div class=\"wp-block-image\"><figure class=\"aligncenter size-large is-resized\"><img loading=\"lazy\" decoding=\"async\" src=\"https:\/\/jornalfatosenoticias.com.br\/wp-content\/uploads\/2020\/02\/ecletic-web-radio.jpg\" alt=\"\" class=\"wp-image-40889\" width=\"270\" height=\"270\" srcset=\"https:\/\/jornalfatosenoticias.com.br\/wp-content\/uploads\/2020\/02\/ecletic-web-radio.jpg 500w, https:\/\/jornalfatosenoticias.com.br\/wp-content\/uploads\/2020\/02\/ecletic-web-radio-300x300.jpg 300w, https:\/\/jornalfatosenoticias.com.br\/wp-content\/uploads\/2020\/02\/ecletic-web-radio-150x150.jpg 150w\" sizes=\"auto, (max-width: 270px) 100vw, 270px\" \/><\/figure><\/div>\n\n\n\n<p>Uma arara-azul em extin\u00e7\u00e3o nasceu no Zool\u00f3gico de S\u00e3o Paulo depois que bi\u00f3logos salvaram o ovo dentro do ninho, j\u00e1 com a casca trincada. A ave \u00e9 uma arara-azul-de-lear, esp\u00e9cie da caatinga baiana classificada como Em Perigo de Extin\u00e7\u00e3o (EN) pela Uni\u00e3o Internacional para a Conserva\u00e7\u00e3o da Natureza (IUCN).<br>O filhote estava em um dos tr\u00eas ovos colocados pelo casal de araras Maria Clara e Francisco, mantidos no zool\u00f3gico. Dois dos ovos, por\u00e9m, foram quebrados acidentalmente pelos p\u00e1ssaros. O terceiro ovo de arara-azul ficou rachado e foi levado pelos bi\u00f3logos para <a href=\"https:\/\/gizmodo.uol.com.br\/cordeiro-utero-artificial\/\">incuba\u00e7\u00e3o artificial<\/a>, pois havia risco de contamina\u00e7\u00e3o. Deu certo: o filhote sobreviveu e nasceu no final de fevereiro, com 20,5 gramas \u2014 peso que equivale a cinco moedas de 25 centavos.<\/p>\n\n\n\n<div class=\"wp-block-image\"><figure class=\"aligncenter size-large\"><img decoding=\"async\" src=\"https:\/\/jornalfatosenoticias.com.br\/wp-content\/uploads\/2020\/02\/barao-das-carnes-300x164-1.jpg\" alt=\"\" class=\"wp-image-34339\"\/><\/figure><\/div>\n\n\n\n<p>Desde o nascimento, a arara filhote <a href=\"https:\/\/www.instagram.com\/p\/CrTdwqIuiRB\/\" target=\"_blank\" rel=\"noreferrer noopener\">est\u00e1 em observa\u00e7\u00e3o<\/a>, com alimenta\u00e7\u00e3o e tratamento apropriados por bi\u00f3logos e veterin\u00e1rios. A arara-azul ainda n\u00e3o tem nome, pois s\u00f3 ser\u00e1 poss\u00edvel saber o sexo depois de exame de DNA. O animal \u00e9 irm\u00e3o de Teobaldo, a primeira arara a nascer no Pa\u00eds, em 2015, atrav\u00e9s do programa de preserva\u00e7\u00e3o.<\/p>\n\n\n\n<div class=\"wp-block-image\"><figure class=\"aligncenter size-large is-resized\"><img loading=\"lazy\" decoding=\"async\" src=\"https:\/\/jornalfatosenoticias.com.br\/wp-content\/uploads\/2020\/02\/logo-embacia.jpg\" alt=\"\" class=\"wp-image-33905\" width=\"284\" height=\"284\"\/><\/figure><\/div>\n\n\n\n<p><strong><span class=\"has-inline-color has-vivid-green-cyan-color\">Fam\u00edlia de arara-azul<br><\/span><\/strong>As araras Maria Clara e Francisco foram v\u00edtimas do tr\u00e1fico de animais. Elas chegaram ao Zool\u00f3gico de S\u00e3o Paulo em 2004, ap\u00f3s apreens\u00e3o da Pol\u00edcia Federal e Ibama. Desde ent\u00e3o, o casal teve 17 filhotes. Os agentes de preserva\u00e7\u00e3o soltaram duas delas no Parque Nacional do Boqueir\u00e3o da On\u00e7a, na Bahia, o habitat original da esp\u00e9cie.<\/p>\n\n\n\n<div class=\"wp-block-image\"><figure class=\"aligncenter size-large is-resized\"><img loading=\"lazy\" decoding=\"async\" src=\"https:\/\/jornalfatosenoticias.com.br\/wp-content\/uploads\/2022\/07\/Logo-Grupo-SEI.jpg\" alt=\"\" class=\"wp-image-31973\" width=\"324\" height=\"170\" srcset=\"https:\/\/jornalfatosenoticias.com.br\/wp-content\/uploads\/2022\/07\/Logo-Grupo-SEI.jpg 713w, https:\/\/jornalfatosenoticias.com.br\/wp-content\/uploads\/2022\/07\/Logo-Grupo-SEI-300x158.jpg 300w\" sizes=\"auto, (max-width: 324px) 100vw, 324px\" \/><\/figure><\/div>\n\n\n\n<p>O Zool\u00f3gico de S\u00e3o Paulo \u00e9 um dos apoiadores do projeto de conserva\u00e7\u00e3o do Centro Nacional de Pesquisa e Conserva\u00e7\u00e3o de Aves Silvestres (Cemave). O programa quer estabelecer uma quantidade suficiente para reserva gen\u00e9tica e preserva\u00e7\u00e3o das esp\u00e9cies e subsidia o programa de revigoramento populacional, ou seja, o aumento do n\u00famero de animais em seu habitat original.<\/p>\n\n\n\n<div class=\"wp-block-image\"><figure class=\"aligncenter size-large is-resized\"><img loading=\"lazy\" decoding=\"async\" src=\"https:\/\/jornalfatosenoticias.com.br\/wp-content\/uploads\/2022\/10\/RC_800x750_page-0001.jpg\" alt=\"\" class=\"wp-image-35338\" width=\"271\" height=\"254\" srcset=\"https:\/\/jornalfatosenoticias.com.br\/wp-content\/uploads\/2022\/10\/RC_800x750_page-0001.jpg 400w, https:\/\/jornalfatosenoticias.com.br\/wp-content\/uploads\/2022\/10\/RC_800x750_page-0001-300x281.jpg 300w\" sizes=\"auto, (max-width: 271px) 100vw, 271px\" \/><\/figure><\/div>\n\n\n\n<p><em><span class=\"has-inline-color has-black-color\">(<strong>Foto:<\/strong> Zool\u00f3gico de S\u00e3o Paulo\/Instagram\/Reprodu\u00e7\u00e3o)<\/span><\/em><\/p>\n\n\n\n<p><strong><em>Fonte: <a href=\"https:\/\/gizmodo.uol.com.br\/biologos-salvam-ovo-trincado-e-arara-azul-em-extincao-nasce-no-zoo-de-sp\/\">GizModo<\/a><\/em><\/strong><\/p>\n","protected":false},"excerpt":{"rendered":"<p>Por: Julia Possa Uma arara-azul em extin\u00e7\u00e3o nasceu no Zool\u00f3gico de S\u00e3o Paulo depois que bi\u00f3logos salvaram o ovo dentro do ninho, j\u00e1 com a casca trincada. A ave \u00e9 uma arara-azul-de-lear, esp\u00e9cie da caatinga baiana classificada como Em Perigo de Extin\u00e7\u00e3o (EN) pela Uni\u00e3o Internacional para a Conserva\u00e7\u00e3o da Natureza (IUCN).O filhote estava em [&hellip;]<\/p>\n","protected":false},"author":2,"featured_media":40914,"comment_status":"open","ping_status":"open","sticky":false,"template":"","format":"standard","meta":{"footnotes":""},"categories":[8],"tags":[10819,19187,6713,2317,316,19186],"class_list":["post-40913","post","type-post","status-publish","format-standard","has-post-thumbnail","hentry","category-meio-ambiente","tag-arara-azul","tag-arara-azul-em-extincao","tag-arara-azul-de-lear","tag-biologos","tag-preservacao","tag-zoologico-de-sao-paulo"],"yoast_head":"<!-- This site is optimized with the Yoast SEO plugin v26.5 - https:\/\/yoast.com\/wordpress\/plugins\/seo\/ -->\n<title>Bi\u00f3logos salvam ovo trincado e arara-azul em extin\u00e7\u00e3o nasce no Zoo de SP - Jornal Fatos e Not\u00edcias<\/title>\n<meta name=\"robots\" content=\"index, follow, max-snippet:-1, max-image-preview:large, max-video-preview:-1\" \/>\n<link rel=\"canonical\" href=\"https:\/\/jornalfatosenoticias.com.br\/index.php\/2023\/04\/26\/biologos-salvam-ovo-trincado-e-arara-azul-em-extincao-nasce-no-zoo-de-sp\/\" \/>\n<meta property=\"og:locale\" content=\"pt_BR\" \/>\n<meta property=\"og:type\" content=\"article\" \/>\n<meta property=\"og:title\" content=\"Bi\u00f3logos salvam ovo trincado e arara-azul em extin\u00e7\u00e3o nasce no Zoo de SP - Jornal Fatos e Not\u00edcias\" \/>\n<meta property=\"og:description\" content=\"Por: Julia Possa Uma arara-azul em extin\u00e7\u00e3o nasceu no Zool\u00f3gico de S\u00e3o Paulo depois que bi\u00f3logos salvaram o ovo dentro do ninho, j\u00e1 com a casca trincada. A ave \u00e9 uma arara-azul-de-lear, esp\u00e9cie da caatinga baiana classificada como Em Perigo de Extin\u00e7\u00e3o (EN) pela Uni\u00e3o Internacional para a Conserva\u00e7\u00e3o da Natureza (IUCN).O filhote estava em [&hellip;]\" \/>\n<meta property=\"og:url\" content=\"https:\/\/jornalfatosenoticias.com.br\/index.php\/2023\/04\/26\/biologos-salvam-ovo-trincado-e-arara-azul-em-extincao-nasce-no-zoo-de-sp\/\" \/>\n<meta property=\"og:site_name\" content=\"Jornal Fatos e Not\u00edcias\" \/>\n<meta property=\"article:published_time\" content=\"2023-04-26T17:04:21+00:00\" \/>\n<meta property=\"og:image\" content=\"https:\/\/jornalfatosenoticias.com.br\/wp-content\/uploads\/2023\/04\/arara-azul-zoo-sp.png\" \/>\n\t<meta property=\"og:image:width\" content=\"1000\" \/>\n\t<meta property=\"og:image:height\" content=\"600\" \/>\n\t<meta property=\"og:image:type\" content=\"image\/png\" \/>\n<meta name=\"author\" content=\"Luzimara Fernandes\" \/>\n<meta name=\"twitter:card\" content=\"summary_large_image\" \/>\n<meta name=\"twitter:label1\" content=\"Escrito por\" \/>\n\t<meta name=\"twitter:data1\" content=\"Luzimara Fernandes\" \/>\n\t<meta name=\"twitter:label2\" content=\"Est. tempo de leitura\" \/>\n\t<meta name=\"twitter:data2\" content=\"2 minutos\" \/>\n<script type=\"application\/ld+json\" class=\"yoast-schema-graph\">{\"@context\":\"https:\/\/schema.org\",\"@graph\":[{\"@type\":\"Article\",\"@id\":\"https:\/\/jornalfatosenoticias.com.br\/index.php\/2023\/04\/26\/biologos-salvam-ovo-trincado-e-arara-azul-em-extincao-nasce-no-zoo-de-sp\/#article\",\"isPartOf\":{\"@id\":\"https:\/\/jornalfatosenoticias.com.br\/index.php\/2023\/04\/26\/biologos-salvam-ovo-trincado-e-arara-azul-em-extincao-nasce-no-zoo-de-sp\/\"},\"author\":{\"name\":\"Luzimara Fernandes\",\"@id\":\"https:\/\/jornalfatosenoticias.com.br\/#\/schema\/person\/d63837fa13ac8666eb9e74e0985d6f81\"},\"headline\":\"Bi\u00f3logos salvam ovo trincado e arara-azul em extin\u00e7\u00e3o nasce no Zoo de SP\",\"datePublished\":\"2023-04-26T17:04:21+00:00\",\"mainEntityOfPage\":{\"@id\":\"https:\/\/jornalfatosenoticias.com.br\/index.php\/2023\/04\/26\/biologos-salvam-ovo-trincado-e-arara-azul-em-extincao-nasce-no-zoo-de-sp\/\"},\"wordCount\":361,\"commentCount\":0,\"publisher\":{\"@id\":\"https:\/\/jornalfatosenoticias.com.br\/#organization\"},\"image\":{\"@id\":\"https:\/\/jornalfatosenoticias.com.br\/index.php\/2023\/04\/26\/biologos-salvam-ovo-trincado-e-arara-azul-em-extincao-nasce-no-zoo-de-sp\/#primaryimage\"},\"thumbnailUrl\":\"https:\/\/jornalfatosenoticias.com.br\/wp-content\/uploads\/2023\/04\/arara-azul-zoo-sp.png\",\"keywords\":[\"arara-azul\",\"arara-azul em extin\u00e7\u00e3o\",\"arara-azul-de-lear\",\"bi\u00f3logos\",\"preserva\u00e7\u00e3o\",\"Zool\u00f3gico de S\u00e3o Paulo\"],\"articleSection\":[\"Meio ambiente\"],\"inLanguage\":\"pt-BR\",\"potentialAction\":[{\"@type\":\"CommentAction\",\"name\":\"Comment\",\"target\":[\"https:\/\/jornalfatosenoticias.com.br\/index.php\/2023\/04\/26\/biologos-salvam-ovo-trincado-e-arara-azul-em-extincao-nasce-no-zoo-de-sp\/#respond\"]}]},{\"@type\":\"WebPage\",\"@id\":\"https:\/\/jornalfatosenoticias.com.br\/index.php\/2023\/04\/26\/biologos-salvam-ovo-trincado-e-arara-azul-em-extincao-nasce-no-zoo-de-sp\/\",\"url\":\"https:\/\/jornalfatosenoticias.com.br\/index.php\/2023\/04\/26\/biologos-salvam-ovo-trincado-e-arara-azul-em-extincao-nasce-no-zoo-de-sp\/\",\"name\":\"Bi\u00f3logos salvam ovo trincado e arara-azul em extin\u00e7\u00e3o nasce no Zoo de SP - Jornal Fatos e Not\u00edcias\",\"isPartOf\":{\"@id\":\"https:\/\/jornalfatosenoticias.com.br\/#website\"},\"primaryImageOfPage\":{\"@id\":\"https:\/\/jornalfatosenoticias.com.br\/index.php\/2023\/04\/26\/biologos-salvam-ovo-trincado-e-arara-azul-em-extincao-nasce-no-zoo-de-sp\/#primaryimage\"},\"image\":{\"@id\":\"https:\/\/jornalfatosenoticias.com.br\/index.php\/2023\/04\/26\/biologos-salvam-ovo-trincado-e-arara-azul-em-extincao-nasce-no-zoo-de-sp\/#primaryimage\"},\"thumbnailUrl\":\"https:\/\/jornalfatosenoticias.com.br\/wp-content\/uploads\/2023\/04\/arara-azul-zoo-sp.png\",\"datePublished\":\"2023-04-26T17:04:21+00:00\",\"breadcrumb\":{\"@id\":\"https:\/\/jornalfatosenoticias.com.br\/index.php\/2023\/04\/26\/biologos-salvam-ovo-trincado-e-arara-azul-em-extincao-nasce-no-zoo-de-sp\/#breadcrumb\"},\"inLanguage\":\"pt-BR\",\"potentialAction\":[{\"@type\":\"ReadAction\",\"target\":[\"https:\/\/jornalfatosenoticias.com.br\/index.php\/2023\/04\/26\/biologos-salvam-ovo-trincado-e-arara-azul-em-extincao-nasce-no-zoo-de-sp\/\"]}]},{\"@type\":\"ImageObject\",\"inLanguage\":\"pt-BR\",\"@id\":\"https:\/\/jornalfatosenoticias.com.br\/index.php\/2023\/04\/26\/biologos-salvam-ovo-trincado-e-arara-azul-em-extincao-nasce-no-zoo-de-sp\/#primaryimage\",\"url\":\"https:\/\/jornalfatosenoticias.com.br\/wp-content\/uploads\/2023\/04\/arara-azul-zoo-sp.png\",\"contentUrl\":\"https:\/\/jornalfatosenoticias.com.br\/wp-content\/uploads\/2023\/04\/arara-azul-zoo-sp.png\",\"width\":1000,\"height\":600},{\"@type\":\"BreadcrumbList\",\"@id\":\"https:\/\/jornalfatosenoticias.com.br\/index.php\/2023\/04\/26\/biologos-salvam-ovo-trincado-e-arara-azul-em-extincao-nasce-no-zoo-de-sp\/#breadcrumb\",\"itemListElement\":[{\"@type\":\"ListItem\",\"position\":1,\"name\":\"In\u00edcio\",\"item\":\"https:\/\/jornalfatosenoticias.com.br\/\"},{\"@type\":\"ListItem\",\"position\":2,\"name\":\"Bi\u00f3logos salvam ovo trincado e arara-azul em extin\u00e7\u00e3o nasce no Zoo de SP\"}]},{\"@type\":\"WebSite\",\"@id\":\"https:\/\/jornalfatosenoticias.com.br\/#website\",\"url\":\"https:\/\/jornalfatosenoticias.com.br\/\",\"name\":\"Jornal Fatos e Not\u00edcias\",\"description\":\"Not\u00edcias em geral\",\"publisher\":{\"@id\":\"https:\/\/jornalfatosenoticias.com.br\/#organization\"},\"potentialAction\":[{\"@type\":\"SearchAction\",\"target\":{\"@type\":\"EntryPoint\",\"urlTemplate\":\"https:\/\/jornalfatosenoticias.com.br\/?s={search_term_string}\"},\"query-input\":{\"@type\":\"PropertyValueSpecification\",\"valueRequired\":true,\"valueName\":\"search_term_string\"}}],\"inLanguage\":\"pt-BR\"},{\"@type\":\"Organization\",\"@id\":\"https:\/\/jornalfatosenoticias.com.br\/#organization\",\"name\":\"Jornal Fatos e Not\u00edcias\",\"url\":\"https:\/\/jornalfatosenoticias.com.br\/\",\"logo\":{\"@type\":\"ImageObject\",\"inLanguage\":\"pt-BR\",\"@id\":\"https:\/\/jornalfatosenoticias.com.br\/#\/schema\/logo\/image\/\",\"url\":\"https:\/\/jornalfatosenoticias.com.br\/wp-content\/uploads\/2020\/02\/logo120.png\",\"contentUrl\":\"https:\/\/jornalfatosenoticias.com.br\/wp-content\/uploads\/2020\/02\/logo120.png\",\"width\":1227,\"height\":120,\"caption\":\"Jornal Fatos e Not\u00edcias\"},\"image\":{\"@id\":\"https:\/\/jornalfatosenoticias.com.br\/#\/schema\/logo\/image\/\"}},{\"@type\":\"Person\",\"@id\":\"https:\/\/jornalfatosenoticias.com.br\/#\/schema\/person\/d63837fa13ac8666eb9e74e0985d6f81\",\"name\":\"Luzimara Fernandes\",\"image\":{\"@type\":\"ImageObject\",\"inLanguage\":\"pt-BR\",\"@id\":\"https:\/\/jornalfatosenoticias.com.br\/#\/schema\/person\/image\/\",\"url\":\"https:\/\/jornalfatosenoticias.com.br\/wp-content\/uploads\/2025\/05\/EU_portal.jpg\",\"contentUrl\":\"https:\/\/jornalfatosenoticias.com.br\/wp-content\/uploads\/2025\/05\/EU_portal.jpg\",\"caption\":\"Luzimara Fernandes\"},\"description\":\"Jornalista MTB 2358-ES\",\"sameAs\":[\"https:\/\/jornalfatosenoticias.com.br\"],\"url\":\"https:\/\/jornalfatosenoticias.com.br\/index.php\/author\/luzimara\/\"}]}<\/script>\n<!-- \/ Yoast SEO plugin. -->","yoast_head_json":{"title":"Bi\u00f3logos salvam ovo trincado e arara-azul em extin\u00e7\u00e3o nasce no Zoo de SP - Jornal Fatos e Not\u00edcias","robots":{"index":"index","follow":"follow","max-snippet":"max-snippet:-1","max-image-preview":"max-image-preview:large","max-video-preview":"max-video-preview:-1"},"canonical":"https:\/\/jornalfatosenoticias.com.br\/index.php\/2023\/04\/26\/biologos-salvam-ovo-trincado-e-arara-azul-em-extincao-nasce-no-zoo-de-sp\/","og_locale":"pt_BR","og_type":"article","og_title":"Bi\u00f3logos salvam ovo trincado e arara-azul em extin\u00e7\u00e3o nasce no Zoo de SP - Jornal Fatos e Not\u00edcias","og_description":"Por: Julia Possa Uma arara-azul em extin\u00e7\u00e3o nasceu no Zool\u00f3gico de S\u00e3o Paulo depois que bi\u00f3logos salvaram o ovo dentro do ninho, j\u00e1 com a casca trincada. A ave \u00e9 uma arara-azul-de-lear, esp\u00e9cie da caatinga baiana classificada como Em Perigo de Extin\u00e7\u00e3o (EN) pela Uni\u00e3o Internacional para a Conserva\u00e7\u00e3o da Natureza (IUCN).O filhote estava em [&hellip;]","og_url":"https:\/\/jornalfatosenoticias.com.br\/index.php\/2023\/04\/26\/biologos-salvam-ovo-trincado-e-arara-azul-em-extincao-nasce-no-zoo-de-sp\/","og_site_name":"Jornal Fatos e Not\u00edcias","article_published_time":"2023-04-26T17:04:21+00:00","og_image":[{"width":1000,"height":600,"url":"https:\/\/jornalfatosenoticias.com.br\/wp-content\/uploads\/2023\/04\/arara-azul-zoo-sp.png","type":"image\/png"}],"author":"Luzimara Fernandes","twitter_card":"summary_large_image","twitter_misc":{"Escrito por":"Luzimara Fernandes","Est. tempo de leitura":"2 minutos"},"schema":{"@context":"https:\/\/schema.org","@graph":[{"@type":"Article","@id":"https:\/\/jornalfatosenoticias.com.br\/index.php\/2023\/04\/26\/biologos-salvam-ovo-trincado-e-arara-azul-em-extincao-nasce-no-zoo-de-sp\/#article","isPartOf":{"@id":"https:\/\/jornalfatosenoticias.com.br\/index.php\/2023\/04\/26\/biologos-salvam-ovo-trincado-e-arara-azul-em-extincao-nasce-no-zoo-de-sp\/"},"author":{"name":"Luzimara Fernandes","@id":"https:\/\/jornalfatosenoticias.com.br\/#\/schema\/person\/d63837fa13ac8666eb9e74e0985d6f81"},"headline":"Bi\u00f3logos salvam ovo trincado e arara-azul em extin\u00e7\u00e3o nasce no Zoo de SP","datePublished":"2023-04-26T17:04:21+00:00","mainEntityOfPage":{"@id":"https:\/\/jornalfatosenoticias.com.br\/index.php\/2023\/04\/26\/biologos-salvam-ovo-trincado-e-arara-azul-em-extincao-nasce-no-zoo-de-sp\/"},"wordCount":361,"commentCount":0,"publisher":{"@id":"https:\/\/jornalfatosenoticias.com.br\/#organization"},"image":{"@id":"https:\/\/jornalfatosenoticias.com.br\/index.php\/2023\/04\/26\/biologos-salvam-ovo-trincado-e-arara-azul-em-extincao-nasce-no-zoo-de-sp\/#primaryimage"},"thumbnailUrl":"https:\/\/jornalfatosenoticias.com.br\/wp-content\/uploads\/2023\/04\/arara-azul-zoo-sp.png","keywords":["arara-azul","arara-azul em extin\u00e7\u00e3o","arara-azul-de-lear","bi\u00f3logos","preserva\u00e7\u00e3o","Zool\u00f3gico de S\u00e3o Paulo"],"articleSection":["Meio ambiente"],"inLanguage":"pt-BR","potentialAction":[{"@type":"CommentAction","name":"Comment","target":["https:\/\/jornalfatosenoticias.com.br\/index.php\/2023\/04\/26\/biologos-salvam-ovo-trincado-e-arara-azul-em-extincao-nasce-no-zoo-de-sp\/#respond"]}]},{"@type":"WebPage","@id":"https:\/\/jornalfatosenoticias.com.br\/index.php\/2023\/04\/26\/biologos-salvam-ovo-trincado-e-arara-azul-em-extincao-nasce-no-zoo-de-sp\/","url":"https:\/\/jornalfatosenoticias.com.br\/index.php\/2023\/04\/26\/biologos-salvam-ovo-trincado-e-arara-azul-em-extincao-nasce-no-zoo-de-sp\/","name":"Bi\u00f3logos salvam ovo trincado e arara-azul em extin\u00e7\u00e3o nasce no Zoo de SP - Jornal Fatos e Not\u00edcias","isPartOf":{"@id":"https:\/\/jornalfatosenoticias.com.br\/#website"},"primaryImageOfPage":{"@id":"https:\/\/jornalfatosenoticias.com.br\/index.php\/2023\/04\/26\/biologos-salvam-ovo-trincado-e-arara-azul-em-extincao-nasce-no-zoo-de-sp\/#primaryimage"},"image":{"@id":"https:\/\/jornalfatosenoticias.com.br\/index.php\/2023\/04\/26\/biologos-salvam-ovo-trincado-e-arara-azul-em-extincao-nasce-no-zoo-de-sp\/#primaryimage"},"thumbnailUrl":"https:\/\/jornalfatosenoticias.com.br\/wp-content\/uploads\/2023\/04\/arara-azul-zoo-sp.png","datePublished":"2023-04-26T17:04:21+00:00","breadcrumb":{"@id":"https:\/\/jornalfatosenoticias.com.br\/index.php\/2023\/04\/26\/biologos-salvam-ovo-trincado-e-arara-azul-em-extincao-nasce-no-zoo-de-sp\/#breadcrumb"},"inLanguage":"pt-BR","potentialAction":[{"@type":"ReadAction","target":["https:\/\/jornalfatosenoticias.com.br\/index.php\/2023\/04\/26\/biologos-salvam-ovo-trincado-e-arara-azul-em-extincao-nasce-no-zoo-de-sp\/"]}]},{"@type":"ImageObject","inLanguage":"pt-BR","@id":"https:\/\/jornalfatosenoticias.com.br\/index.php\/2023\/04\/26\/biologos-salvam-ovo-trincado-e-arara-azul-em-extincao-nasce-no-zoo-de-sp\/#primaryimage","url":"https:\/\/jornalfatosenoticias.com.br\/wp-content\/uploads\/2023\/04\/arara-azul-zoo-sp.png","contentUrl":"https:\/\/jornalfatosenoticias.com.br\/wp-content\/uploads\/2023\/04\/arara-azul-zoo-sp.png","width":1000,"height":600},{"@type":"BreadcrumbList","@id":"https:\/\/jornalfatosenoticias.com.br\/index.php\/2023\/04\/26\/biologos-salvam-ovo-trincado-e-arara-azul-em-extincao-nasce-no-zoo-de-sp\/#breadcrumb","itemListElement":[{"@type":"ListItem","position":1,"name":"In\u00edcio","item":"https:\/\/jornalfatosenoticias.com.br\/"},{"@type":"ListItem","position":2,"name":"Bi\u00f3logos salvam ovo trincado e arara-azul em extin\u00e7\u00e3o nasce no Zoo de SP"}]},{"@type":"WebSite","@id":"https:\/\/jornalfatosenoticias.com.br\/#website","url":"https:\/\/jornalfatosenoticias.com.br\/","name":"Jornal Fatos e Not\u00edcias","description":"Not\u00edcias em geral","publisher":{"@id":"https:\/\/jornalfatosenoticias.com.br\/#organization"},"potentialAction":[{"@type":"SearchAction","target":{"@type":"EntryPoint","urlTemplate":"https:\/\/jornalfatosenoticias.com.br\/?s={search_term_string}"},"query-input":{"@type":"PropertyValueSpecification","valueRequired":true,"valueName":"search_term_string"}}],"inLanguage":"pt-BR"},{"@type":"Organization","@id":"https:\/\/jornalfatosenoticias.com.br\/#organization","name":"Jornal Fatos e Not\u00edcias","url":"https:\/\/jornalfatosenoticias.com.br\/","logo":{"@type":"ImageObject","inLanguage":"pt-BR","@id":"https:\/\/jornalfatosenoticias.com.br\/#\/schema\/logo\/image\/","url":"https:\/\/jornalfatosenoticias.com.br\/wp-content\/uploads\/2020\/02\/logo120.png","contentUrl":"https:\/\/jornalfatosenoticias.com.br\/wp-content\/uploads\/2020\/02\/logo120.png","width":1227,"height":120,"caption":"Jornal Fatos e Not\u00edcias"},"image":{"@id":"https:\/\/jornalfatosenoticias.com.br\/#\/schema\/logo\/image\/"}},{"@type":"Person","@id":"https:\/\/jornalfatosenoticias.com.br\/#\/schema\/person\/d63837fa13ac8666eb9e74e0985d6f81","name":"Luzimara Fernandes","image":{"@type":"ImageObject","inLanguage":"pt-BR","@id":"https:\/\/jornalfatosenoticias.com.br\/#\/schema\/person\/image\/","url":"https:\/\/jornalfatosenoticias.com.br\/wp-content\/uploads\/2025\/05\/EU_portal.jpg","contentUrl":"https:\/\/jornalfatosenoticias.com.br\/wp-content\/uploads\/2025\/05\/EU_portal.jpg","caption":"Luzimara Fernandes"},"description":"Jornalista MTB 2358-ES","sameAs":["https:\/\/jornalfatosenoticias.com.br"],"url":"https:\/\/jornalfatosenoticias.com.br\/index.php\/author\/luzimara\/"}]}},"cc_featured_image_caption":{"caption_text":"","source_text":"","source_url":""},"jetpack_featured_media_url":"https:\/\/jornalfatosenoticias.com.br\/wp-content\/uploads\/2023\/04\/arara-azul-zoo-sp.png","_links":{"self":[{"href":"https:\/\/jornalfatosenoticias.com.br\/index.php\/wp-json\/wp\/v2\/posts\/40913","targetHints":{"allow":["GET"]}}],"collection":[{"href":"https:\/\/jornalfatosenoticias.com.br\/index.php\/wp-json\/wp\/v2\/posts"}],"about":[{"href":"https:\/\/jornalfatosenoticias.com.br\/index.php\/wp-json\/wp\/v2\/types\/post"}],"author":[{"embeddable":true,"href":"https:\/\/jornalfatosenoticias.com.br\/index.php\/wp-json\/wp\/v2\/users\/2"}],"replies":[{"embeddable":true,"href":"https:\/\/jornalfatosenoticias.com.br\/index.php\/wp-json\/wp\/v2\/comments?post=40913"}],"version-history":[{"count":0,"href":"https:\/\/jornalfatosenoticias.com.br\/index.php\/wp-json\/wp\/v2\/posts\/40913\/revisions"}],"wp:featuredmedia":[{"embeddable":true,"href":"https:\/\/jornalfatosenoticias.com.br\/index.php\/wp-json\/wp\/v2\/media\/40914"}],"wp:attachment":[{"href":"https:\/\/jornalfatosenoticias.com.br\/index.php\/wp-json\/wp\/v2\/media?parent=40913"}],"wp:term":[{"taxonomy":"category","embeddable":true,"href":"https:\/\/jornalfatosenoticias.com.br\/index.php\/wp-json\/wp\/v2\/categories?post=40913"},{"taxonomy":"post_tag","embeddable":true,"href":"https:\/\/jornalfatosenoticias.com.br\/index.php\/wp-json\/wp\/v2\/tags?post=40913"}],"curies":[{"name":"wp","href":"https:\/\/api.w.org\/{rel}","templated":true}]}}