{"id":40968,"date":"2023-04-27T19:36:02","date_gmt":"2023-04-27T22:36:02","guid":{"rendered":"https:\/\/jornalfatosenoticias.com.br\/?p=40968"},"modified":"2023-04-27T19:36:03","modified_gmt":"2023-04-27T22:36:03","slug":"primeiro-passo-parte-ii","status":"publish","type":"post","link":"https:\/\/jornalfatosenoticias.com.br\/index.php\/2023\/04\/27\/primeiro-passo-parte-ii\/","title":{"rendered":"Primeiro Passo \u2014 Parte II"},"content":{"rendered":"\n<p><em><span class=\"has-inline-color has-black-color\">No meio da igreja, quando todos os olhares se voltavam para mim, eu retrocedi sem pensar. Apenas corri para o mais longe dali<\/span><\/em><\/p>\n\n\n\n<div class=\"wp-block-image\"><figure class=\"aligncenter size-large is-resized\"><img loading=\"lazy\" decoding=\"async\" src=\"https:\/\/jornalfatosenoticias.com.br\/wp-content\/uploads\/2023\/04\/baile.jpg\" alt=\"\" class=\"wp-image-40627\" width=\"270\" height=\"270\" srcset=\"https:\/\/jornalfatosenoticias.com.br\/wp-content\/uploads\/2023\/04\/baile.jpg 250w, https:\/\/jornalfatosenoticias.com.br\/wp-content\/uploads\/2023\/04\/baile-150x150.jpg 150w\" sizes=\"auto, (max-width: 270px) 100vw, 270px\" \/><\/figure><\/div>\n\n\n\n<p>Em poucos minutos, chegamos \u00e0 porta da igreja. Cada banco de madeira estava lotado, repleto de parentes, vizinhos e at\u00e9 desconhecidos. A minha av\u00f3 me posicionou na entrada da porta principal. Parei e senti o tremor do meu corpo, n\u00e3o somente das minhas m\u00e3os, mas tamb\u00e9m das pernas, e at\u00e9 o meu cora\u00e7\u00e3o tremia de pavor em dar o primeiro passo. Mal consegui segurar as flores que me deram, um pequeno buqu\u00ea de margaridas colhidas recentemente. O noivo esperava no altar pela sua noiva, pela mulher que deveria am\u00e1-lo pelo resto da vida, mas esta n\u00e3o era eu. Ele, com o dobro da minha idade, o dobro da minha viv\u00eancia, possu\u00eda um aspecto fechado e sem luz. Preferia a morte do que dar esse primeiro passo.<\/p>\n\n\n\n<div class=\"wp-block-image\"><figure class=\"aligncenter size-large\"><img loading=\"lazy\" decoding=\"async\" width=\"300\" height=\"250\" src=\"https:\/\/jornalfatosenoticias.com.br\/wp-content\/uploads\/2022\/02\/Banner-2.png\" alt=\"\" class=\"wp-image-27877\"\/><\/figure><\/div>\n\n\n\n<p>Sentado \u00e0 direita, na primeira fila, estava o dono do meu amor. Pude ver a incompreens\u00e3o em seu olhar, ao me buscar aqui atr\u00e1s. A m\u00fasica come\u00e7ou a tocar e minha av\u00f3 fez um sinal para eu entrar lentamente. Eu era o centro das aten\u00e7\u00f5es, e at\u00e9 o padre me admirou. Contudo, de que adiantava juventude e beleza se os argumentos eram ignorados? Ap\u00f3s o primeiro passo, senti uma falta de ar sufocante. O olhar daquele homem no altar destru\u00eda todas as minhas ilus\u00f5es de menina.<\/p>\n\n\n\n<div class=\"wp-block-image\"><figure class=\"aligncenter size-large\"><img loading=\"lazy\" decoding=\"async\" width=\"1024\" height=\"99\" src=\"https:\/\/jornalfatosenoticias.com.br\/wp-content\/uploads\/2020\/02\/Logo-Mizu-segunda-2-1024x99.png\" alt=\"\" class=\"wp-image-2353\" srcset=\"https:\/\/jornalfatosenoticias.com.br\/wp-content\/uploads\/2020\/02\/Logo-Mizu-segunda-2-1024x99.png 1024w, https:\/\/jornalfatosenoticias.com.br\/wp-content\/uploads\/2020\/02\/Logo-Mizu-segunda-2-300x29.png 300w, https:\/\/jornalfatosenoticias.com.br\/wp-content\/uploads\/2020\/02\/Logo-Mizu-segunda-2-768x74.png 768w, https:\/\/jornalfatosenoticias.com.br\/wp-content\/uploads\/2020\/02\/Logo-Mizu-segunda-2.png 1240w\" sizes=\"auto, (max-width: 1024px) 100vw, 1024px\" \/><\/figure><\/div>\n\n\n\n<p>No meio da igreja, quando todos os olhares se voltavam para mim, eu retrocedi sem pensar. Apenas corri para o mais longe dali. Ouvi gritos, e o meu nome ecoava pelas ruas como se fosse cantado por um coral. Eu n\u00e3o me importava! Apenas corri, para buscar um socorro que n\u00e3o existia em uma fuga desesperada at\u00e9 a montanha mais pr\u00f3xima. Sem muita demora, eu fui detida por dois cavalos e seus cavalheiros, que me cercaram. Pensei em escalar a montanha mais alta da regi\u00e3o. \u00d3bvio que n\u00e3o teria sucesso. Assustada, parei e me joguei no ch\u00e3o aos prantos, mas eles gritavam, questionando o motivo da minha fuga. Quase enlouqueci. Tive que erguer a cabe\u00e7a at\u00e9 os meus olhos os encontrarem. Um era o meu noivo; o outro, o meu amado.<\/p>\n\n\n\n<div class=\"wp-block-image\"><figure class=\"aligncenter size-large\"><img loading=\"lazy\" decoding=\"async\" width=\"300\" height=\"222\" src=\"https:\/\/jornalfatosenoticias.com.br\/wp-content\/uploads\/2023\/03\/logo_Juliana-Graca.jpg\" alt=\"\" class=\"wp-image-39283\"\/><\/figure><\/div>\n\n\n\n<p>\u2014 Eu n\u00e3o posso me casar com voc\u00ea! \u2014 gritei, agarrada \u00e0s flores que me deram. \u2014 Voc\u00ea sabe que eu amo o seu irm\u00e3o.<br>\u2014 N\u00e3o me importa de quem \u00e9 o seu amor \u2014 disse o meu noivo, ao olhar para o irm\u00e3o com \u00f3dio.<br>O sil\u00eancio reinou entre os dois. Seus olhares se perderam na raiva. Depois, sem pronunciar uma s\u00f3 palavra, o irm\u00e3o do meu noivo, o rapaz que eu amava, virou-se com o seu cavalo e partiu. Sim, partiu, sem ao menos olhar para mim, sem pensar em viver o que sent\u00edamos, sem sequer demonstrar solidariedade. Ele fugiu por medo, assim como eu. Ent\u00e3o, o meu noivo sorriu, cinicamente. Neste momento, a nossa fam\u00edlia nos cercou.<\/p>\n\n\n\n<div class=\"wp-block-image\"><figure class=\"aligncenter size-large is-resized\"><img loading=\"lazy\" decoding=\"async\" src=\"https:\/\/jornalfatosenoticias.com.br\/wp-content\/uploads\/2023\/03\/Crypton-1000-\u00d7-900-px-300x270-1.png\" alt=\"\" class=\"wp-image-40206\" width=\"250\" height=\"225\"\/><\/figure><\/div>\n\n\n\n<p>\u2014 V\u00e1 com ele, minha neta \u2014 vov\u00f3 se aproximou e sussurrou ao meu ouvido. Seu olhar era piedoso, mas tamb\u00e9m aflito.<br>Meu noivo, com os olhos semicerrados, estendeu a sua m\u00e3o para que eu subisse em seu cavalo. A \u00faltima coisa que eu queria era subir naquele animal. Nada contra o bicho! Eu olhei para todos ao meu redor, amigos e parentes. Eles lan\u00e7avam sentimentos negativos sobre mim, pena e indigna\u00e7\u00e3o pelo meu comportamento. Ent\u00e3o, percebi que, de fato, a \u00fanica abandonada era eu. N\u00e3o sei o motivo pelo qual ele se foi, sem olhar para tr\u00e1s. Talvez n\u00e3o fosse amor, e qual amor sobreviveria diante de tanta imposi\u00e7\u00e3o? Eu lutaria por ele, mas, infelizmente, ele n\u00e3o lutou por mim. Sem sa\u00edda e pressionada, tive que estender a m\u00e3o para aquele homem, e por ele fui conduzida at\u00e9 a igreja na anca do seu cavalo, aos prantos e convicta de que o amor n\u00e3o \u00e9 para todos.<\/p>\n\n\n\n<div class=\"wp-block-image\"><figure class=\"aligncenter size-large\"><img loading=\"lazy\" decoding=\"async\" width=\"695\" height=\"1000\" src=\"https:\/\/jornalfatosenoticias.com.br\/wp-content\/uploads\/2022\/11\/Silvia-Vandeers-Lances-Amor-APROVADA.jpg\" alt=\"\" class=\"wp-image-36424\" srcset=\"https:\/\/jornalfatosenoticias.com.br\/wp-content\/uploads\/2022\/11\/Silvia-Vandeers-Lances-Amor-APROVADA.jpg 695w, https:\/\/jornalfatosenoticias.com.br\/wp-content\/uploads\/2022\/11\/Silvia-Vandeers-Lances-Amor-APROVADA-209x300.jpg 209w\" sizes=\"auto, (max-width: 695px) 100vw, 695px\" \/><figcaption><span class=\"has-inline-color has-black-color\"><strong>Autor:<\/strong> Silvia Vanderss<br><strong>Conto:<\/strong> Primeiro Passo \u2014 II<br><strong>Palavras:<\/strong> 615<br><strong>Livro:<\/strong> Lances &amp; Amor<br><strong>Arte: <\/strong>Tha\u00eds Alves<\/span><\/figcaption><\/figure><\/div>\n","protected":false},"excerpt":{"rendered":"<p>No meio da igreja, quando todos os olhares se voltavam para mim, eu retrocedi sem pensar. Apenas corri para o mais longe dali Em poucos minutos, chegamos \u00e0 porta da igreja. Cada banco de madeira estava lotado, repleto de parentes, vizinhos e at\u00e9 desconhecidos. A minha av\u00f3 me posicionou na entrada da porta principal. Parei [&hellip;]<\/p>\n","protected":false},"author":19,"featured_media":40969,"comment_status":"open","ping_status":"open","sticky":false,"template":"","format":"standard","meta":{"footnotes":""},"categories":[4],"tags":[17571,1009,1665,19213,19214,2804],"class_list":["post-40968","post","type-post","status-publish","format-standard","has-post-thumbnail","hentry","category-cultura","tag-amor-proibido","tag-casamento","tag-contos","tag-fuga","tag-noivos","tag-paixao"],"yoast_head":"<!-- This site is optimized with the Yoast SEO plugin v26.5 - https:\/\/yoast.com\/wordpress\/plugins\/seo\/ -->\n<title>Primeiro Passo \u2014 Parte II - Jornal Fatos e Not\u00edcias<\/title>\n<meta name=\"robots\" content=\"index, follow, max-snippet:-1, max-image-preview:large, max-video-preview:-1\" \/>\n<link rel=\"canonical\" href=\"https:\/\/jornalfatosenoticias.com.br\/index.php\/2023\/04\/27\/primeiro-passo-parte-ii\/\" \/>\n<meta property=\"og:locale\" content=\"pt_BR\" \/>\n<meta property=\"og:type\" content=\"article\" \/>\n<meta property=\"og:title\" content=\"Primeiro Passo \u2014 Parte II - Jornal Fatos e Not\u00edcias\" \/>\n<meta property=\"og:description\" content=\"No meio da igreja, quando todos os olhares se voltavam para mim, eu retrocedi sem pensar. Apenas corri para o mais longe dali Em poucos minutos, chegamos \u00e0 porta da igreja. Cada banco de madeira estava lotado, repleto de parentes, vizinhos e at\u00e9 desconhecidos. A minha av\u00f3 me posicionou na entrada da porta principal. Parei [&hellip;]\" \/>\n<meta property=\"og:url\" content=\"https:\/\/jornalfatosenoticias.com.br\/index.php\/2023\/04\/27\/primeiro-passo-parte-ii\/\" \/>\n<meta property=\"og:site_name\" content=\"Jornal Fatos e Not\u00edcias\" \/>\n<meta property=\"article:published_time\" content=\"2023-04-27T22:36:02+00:00\" \/>\n<meta property=\"article:modified_time\" content=\"2023-04-27T22:36:03+00:00\" \/>\n<meta property=\"og:image\" content=\"https:\/\/jornalfatosenoticias.com.br\/wp-content\/uploads\/2023\/04\/Primeiro-Passo-\u2014-Parte-II.jpg\" \/>\n\t<meta property=\"og:image:width\" content=\"1000\" \/>\n\t<meta property=\"og:image:height\" content=\"722\" \/>\n\t<meta property=\"og:image:type\" content=\"image\/jpeg\" \/>\n<meta name=\"author\" content=\"Silvia Vanderss\" \/>\n<meta name=\"twitter:card\" content=\"summary_large_image\" \/>\n<meta name=\"twitter:label1\" content=\"Escrito por\" \/>\n\t<meta name=\"twitter:data1\" content=\"Silvia Vanderss\" \/>\n\t<meta name=\"twitter:label2\" content=\"Est. tempo de leitura\" \/>\n\t<meta name=\"twitter:data2\" content=\"3 minutos\" \/>\n<script type=\"application\/ld+json\" class=\"yoast-schema-graph\">{\"@context\":\"https:\/\/schema.org\",\"@graph\":[{\"@type\":\"Article\",\"@id\":\"https:\/\/jornalfatosenoticias.com.br\/index.php\/2023\/04\/27\/primeiro-passo-parte-ii\/#article\",\"isPartOf\":{\"@id\":\"https:\/\/jornalfatosenoticias.com.br\/index.php\/2023\/04\/27\/primeiro-passo-parte-ii\/\"},\"author\":{\"name\":\"Silvia Vanderss\",\"@id\":\"https:\/\/jornalfatosenoticias.com.br\/#\/schema\/person\/1848e8dc50d3650cb68e053b98dfbdf0\"},\"headline\":\"Primeiro Passo \u2014 Parte II\",\"datePublished\":\"2023-04-27T22:36:02+00:00\",\"dateModified\":\"2023-04-27T22:36:03+00:00\",\"mainEntityOfPage\":{\"@id\":\"https:\/\/jornalfatosenoticias.com.br\/index.php\/2023\/04\/27\/primeiro-passo-parte-ii\/\"},\"wordCount\":699,\"commentCount\":0,\"publisher\":{\"@id\":\"https:\/\/jornalfatosenoticias.com.br\/#organization\"},\"image\":{\"@id\":\"https:\/\/jornalfatosenoticias.com.br\/index.php\/2023\/04\/27\/primeiro-passo-parte-ii\/#primaryimage\"},\"thumbnailUrl\":\"https:\/\/jornalfatosenoticias.com.br\/wp-content\/uploads\/2023\/04\/Primeiro-Passo-\u2014-Parte-II.jpg\",\"keywords\":[\"amor proibido\",\"casamento\",\"contos\",\"fuga\",\"noivos\",\"paix\u00e3o\"],\"articleSection\":[\"Cultura\"],\"inLanguage\":\"pt-BR\",\"potentialAction\":[{\"@type\":\"CommentAction\",\"name\":\"Comment\",\"target\":[\"https:\/\/jornalfatosenoticias.com.br\/index.php\/2023\/04\/27\/primeiro-passo-parte-ii\/#respond\"]}]},{\"@type\":\"WebPage\",\"@id\":\"https:\/\/jornalfatosenoticias.com.br\/index.php\/2023\/04\/27\/primeiro-passo-parte-ii\/\",\"url\":\"https:\/\/jornalfatosenoticias.com.br\/index.php\/2023\/04\/27\/primeiro-passo-parte-ii\/\",\"name\":\"Primeiro Passo \u2014 Parte II - Jornal Fatos e Not\u00edcias\",\"isPartOf\":{\"@id\":\"https:\/\/jornalfatosenoticias.com.br\/#website\"},\"primaryImageOfPage\":{\"@id\":\"https:\/\/jornalfatosenoticias.com.br\/index.php\/2023\/04\/27\/primeiro-passo-parte-ii\/#primaryimage\"},\"image\":{\"@id\":\"https:\/\/jornalfatosenoticias.com.br\/index.php\/2023\/04\/27\/primeiro-passo-parte-ii\/#primaryimage\"},\"thumbnailUrl\":\"https:\/\/jornalfatosenoticias.com.br\/wp-content\/uploads\/2023\/04\/Primeiro-Passo-\u2014-Parte-II.jpg\",\"datePublished\":\"2023-04-27T22:36:02+00:00\",\"dateModified\":\"2023-04-27T22:36:03+00:00\",\"breadcrumb\":{\"@id\":\"https:\/\/jornalfatosenoticias.com.br\/index.php\/2023\/04\/27\/primeiro-passo-parte-ii\/#breadcrumb\"},\"inLanguage\":\"pt-BR\",\"potentialAction\":[{\"@type\":\"ReadAction\",\"target\":[\"https:\/\/jornalfatosenoticias.com.br\/index.php\/2023\/04\/27\/primeiro-passo-parte-ii\/\"]}]},{\"@type\":\"ImageObject\",\"inLanguage\":\"pt-BR\",\"@id\":\"https:\/\/jornalfatosenoticias.com.br\/index.php\/2023\/04\/27\/primeiro-passo-parte-ii\/#primaryimage\",\"url\":\"https:\/\/jornalfatosenoticias.com.br\/wp-content\/uploads\/2023\/04\/Primeiro-Passo-\u2014-Parte-II.jpg\",\"contentUrl\":\"https:\/\/jornalfatosenoticias.com.br\/wp-content\/uploads\/2023\/04\/Primeiro-Passo-\u2014-Parte-II.jpg\",\"width\":1000,\"height\":722},{\"@type\":\"BreadcrumbList\",\"@id\":\"https:\/\/jornalfatosenoticias.com.br\/index.php\/2023\/04\/27\/primeiro-passo-parte-ii\/#breadcrumb\",\"itemListElement\":[{\"@type\":\"ListItem\",\"position\":1,\"name\":\"In\u00edcio\",\"item\":\"https:\/\/jornalfatosenoticias.com.br\/\"},{\"@type\":\"ListItem\",\"position\":2,\"name\":\"Primeiro Passo \u2014 Parte II\"}]},{\"@type\":\"WebSite\",\"@id\":\"https:\/\/jornalfatosenoticias.com.br\/#website\",\"url\":\"https:\/\/jornalfatosenoticias.com.br\/\",\"name\":\"Jornal Fatos e Not\u00edcias\",\"description\":\"Not\u00edcias em geral\",\"publisher\":{\"@id\":\"https:\/\/jornalfatosenoticias.com.br\/#organization\"},\"potentialAction\":[{\"@type\":\"SearchAction\",\"target\":{\"@type\":\"EntryPoint\",\"urlTemplate\":\"https:\/\/jornalfatosenoticias.com.br\/?s={search_term_string}\"},\"query-input\":{\"@type\":\"PropertyValueSpecification\",\"valueRequired\":true,\"valueName\":\"search_term_string\"}}],\"inLanguage\":\"pt-BR\"},{\"@type\":\"Organization\",\"@id\":\"https:\/\/jornalfatosenoticias.com.br\/#organization\",\"name\":\"Jornal Fatos e Not\u00edcias\",\"url\":\"https:\/\/jornalfatosenoticias.com.br\/\",\"logo\":{\"@type\":\"ImageObject\",\"inLanguage\":\"pt-BR\",\"@id\":\"https:\/\/jornalfatosenoticias.com.br\/#\/schema\/logo\/image\/\",\"url\":\"https:\/\/jornalfatosenoticias.com.br\/wp-content\/uploads\/2020\/02\/logo120.png\",\"contentUrl\":\"https:\/\/jornalfatosenoticias.com.br\/wp-content\/uploads\/2020\/02\/logo120.png\",\"width\":1227,\"height\":120,\"caption\":\"Jornal Fatos e Not\u00edcias\"},\"image\":{\"@id\":\"https:\/\/jornalfatosenoticias.com.br\/#\/schema\/logo\/image\/\"}},{\"@type\":\"Person\",\"@id\":\"https:\/\/jornalfatosenoticias.com.br\/#\/schema\/person\/1848e8dc50d3650cb68e053b98dfbdf0\",\"name\":\"Silvia Vanderss\",\"image\":{\"@type\":\"ImageObject\",\"inLanguage\":\"pt-BR\",\"@id\":\"https:\/\/jornalfatosenoticias.com.br\/#\/schema\/person\/image\/\",\"url\":\"https:\/\/jornalfatosenoticias.com.br\/wp-content\/uploads\/2023\/05\/silvia-150x150.jpg\",\"contentUrl\":\"https:\/\/jornalfatosenoticias.com.br\/wp-content\/uploads\/2023\/05\/silvia-150x150.jpg\",\"caption\":\"Silvia Vanderss\"},\"description\":\"Autora capixaba, com forma\u00e7\u00e3o em Administra\u00e7\u00e3o e Letras Seis obras publicadas que abrangem os g\u00eaneros, romance, suspense e poesia Blog liter\u00e1rio: www.silviavanderss.com.br\",\"url\":\"https:\/\/jornalfatosenoticias.com.br\/index.php\/author\/silvia\/\"}]}<\/script>\n<!-- \/ Yoast SEO plugin. -->","yoast_head_json":{"title":"Primeiro Passo \u2014 Parte II - Jornal Fatos e Not\u00edcias","robots":{"index":"index","follow":"follow","max-snippet":"max-snippet:-1","max-image-preview":"max-image-preview:large","max-video-preview":"max-video-preview:-1"},"canonical":"https:\/\/jornalfatosenoticias.com.br\/index.php\/2023\/04\/27\/primeiro-passo-parte-ii\/","og_locale":"pt_BR","og_type":"article","og_title":"Primeiro Passo \u2014 Parte II - Jornal Fatos e Not\u00edcias","og_description":"No meio da igreja, quando todos os olhares se voltavam para mim, eu retrocedi sem pensar. Apenas corri para o mais longe dali Em poucos minutos, chegamos \u00e0 porta da igreja. Cada banco de madeira estava lotado, repleto de parentes, vizinhos e at\u00e9 desconhecidos. A minha av\u00f3 me posicionou na entrada da porta principal. Parei [&hellip;]","og_url":"https:\/\/jornalfatosenoticias.com.br\/index.php\/2023\/04\/27\/primeiro-passo-parte-ii\/","og_site_name":"Jornal Fatos e Not\u00edcias","article_published_time":"2023-04-27T22:36:02+00:00","article_modified_time":"2023-04-27T22:36:03+00:00","og_image":[{"width":1000,"height":722,"url":"https:\/\/jornalfatosenoticias.com.br\/wp-content\/uploads\/2023\/04\/Primeiro-Passo-\u2014-Parte-II.jpg","type":"image\/jpeg"}],"author":"Silvia Vanderss","twitter_card":"summary_large_image","twitter_misc":{"Escrito por":"Silvia Vanderss","Est. tempo de leitura":"3 minutos"},"schema":{"@context":"https:\/\/schema.org","@graph":[{"@type":"Article","@id":"https:\/\/jornalfatosenoticias.com.br\/index.php\/2023\/04\/27\/primeiro-passo-parte-ii\/#article","isPartOf":{"@id":"https:\/\/jornalfatosenoticias.com.br\/index.php\/2023\/04\/27\/primeiro-passo-parte-ii\/"},"author":{"name":"Silvia Vanderss","@id":"https:\/\/jornalfatosenoticias.com.br\/#\/schema\/person\/1848e8dc50d3650cb68e053b98dfbdf0"},"headline":"Primeiro Passo \u2014 Parte II","datePublished":"2023-04-27T22:36:02+00:00","dateModified":"2023-04-27T22:36:03+00:00","mainEntityOfPage":{"@id":"https:\/\/jornalfatosenoticias.com.br\/index.php\/2023\/04\/27\/primeiro-passo-parte-ii\/"},"wordCount":699,"commentCount":0,"publisher":{"@id":"https:\/\/jornalfatosenoticias.com.br\/#organization"},"image":{"@id":"https:\/\/jornalfatosenoticias.com.br\/index.php\/2023\/04\/27\/primeiro-passo-parte-ii\/#primaryimage"},"thumbnailUrl":"https:\/\/jornalfatosenoticias.com.br\/wp-content\/uploads\/2023\/04\/Primeiro-Passo-\u2014-Parte-II.jpg","keywords":["amor proibido","casamento","contos","fuga","noivos","paix\u00e3o"],"articleSection":["Cultura"],"inLanguage":"pt-BR","potentialAction":[{"@type":"CommentAction","name":"Comment","target":["https:\/\/jornalfatosenoticias.com.br\/index.php\/2023\/04\/27\/primeiro-passo-parte-ii\/#respond"]}]},{"@type":"WebPage","@id":"https:\/\/jornalfatosenoticias.com.br\/index.php\/2023\/04\/27\/primeiro-passo-parte-ii\/","url":"https:\/\/jornalfatosenoticias.com.br\/index.php\/2023\/04\/27\/primeiro-passo-parte-ii\/","name":"Primeiro Passo \u2014 Parte II - Jornal Fatos e Not\u00edcias","isPartOf":{"@id":"https:\/\/jornalfatosenoticias.com.br\/#website"},"primaryImageOfPage":{"@id":"https:\/\/jornalfatosenoticias.com.br\/index.php\/2023\/04\/27\/primeiro-passo-parte-ii\/#primaryimage"},"image":{"@id":"https:\/\/jornalfatosenoticias.com.br\/index.php\/2023\/04\/27\/primeiro-passo-parte-ii\/#primaryimage"},"thumbnailUrl":"https:\/\/jornalfatosenoticias.com.br\/wp-content\/uploads\/2023\/04\/Primeiro-Passo-\u2014-Parte-II.jpg","datePublished":"2023-04-27T22:36:02+00:00","dateModified":"2023-04-27T22:36:03+00:00","breadcrumb":{"@id":"https:\/\/jornalfatosenoticias.com.br\/index.php\/2023\/04\/27\/primeiro-passo-parte-ii\/#breadcrumb"},"inLanguage":"pt-BR","potentialAction":[{"@type":"ReadAction","target":["https:\/\/jornalfatosenoticias.com.br\/index.php\/2023\/04\/27\/primeiro-passo-parte-ii\/"]}]},{"@type":"ImageObject","inLanguage":"pt-BR","@id":"https:\/\/jornalfatosenoticias.com.br\/index.php\/2023\/04\/27\/primeiro-passo-parte-ii\/#primaryimage","url":"https:\/\/jornalfatosenoticias.com.br\/wp-content\/uploads\/2023\/04\/Primeiro-Passo-\u2014-Parte-II.jpg","contentUrl":"https:\/\/jornalfatosenoticias.com.br\/wp-content\/uploads\/2023\/04\/Primeiro-Passo-\u2014-Parte-II.jpg","width":1000,"height":722},{"@type":"BreadcrumbList","@id":"https:\/\/jornalfatosenoticias.com.br\/index.php\/2023\/04\/27\/primeiro-passo-parte-ii\/#breadcrumb","itemListElement":[{"@type":"ListItem","position":1,"name":"In\u00edcio","item":"https:\/\/jornalfatosenoticias.com.br\/"},{"@type":"ListItem","position":2,"name":"Primeiro Passo \u2014 Parte II"}]},{"@type":"WebSite","@id":"https:\/\/jornalfatosenoticias.com.br\/#website","url":"https:\/\/jornalfatosenoticias.com.br\/","name":"Jornal Fatos e Not\u00edcias","description":"Not\u00edcias em geral","publisher":{"@id":"https:\/\/jornalfatosenoticias.com.br\/#organization"},"potentialAction":[{"@type":"SearchAction","target":{"@type":"EntryPoint","urlTemplate":"https:\/\/jornalfatosenoticias.com.br\/?s={search_term_string}"},"query-input":{"@type":"PropertyValueSpecification","valueRequired":true,"valueName":"search_term_string"}}],"inLanguage":"pt-BR"},{"@type":"Organization","@id":"https:\/\/jornalfatosenoticias.com.br\/#organization","name":"Jornal Fatos e Not\u00edcias","url":"https:\/\/jornalfatosenoticias.com.br\/","logo":{"@type":"ImageObject","inLanguage":"pt-BR","@id":"https:\/\/jornalfatosenoticias.com.br\/#\/schema\/logo\/image\/","url":"https:\/\/jornalfatosenoticias.com.br\/wp-content\/uploads\/2020\/02\/logo120.png","contentUrl":"https:\/\/jornalfatosenoticias.com.br\/wp-content\/uploads\/2020\/02\/logo120.png","width":1227,"height":120,"caption":"Jornal Fatos e Not\u00edcias"},"image":{"@id":"https:\/\/jornalfatosenoticias.com.br\/#\/schema\/logo\/image\/"}},{"@type":"Person","@id":"https:\/\/jornalfatosenoticias.com.br\/#\/schema\/person\/1848e8dc50d3650cb68e053b98dfbdf0","name":"Silvia Vanderss","image":{"@type":"ImageObject","inLanguage":"pt-BR","@id":"https:\/\/jornalfatosenoticias.com.br\/#\/schema\/person\/image\/","url":"https:\/\/jornalfatosenoticias.com.br\/wp-content\/uploads\/2023\/05\/silvia-150x150.jpg","contentUrl":"https:\/\/jornalfatosenoticias.com.br\/wp-content\/uploads\/2023\/05\/silvia-150x150.jpg","caption":"Silvia Vanderss"},"description":"Autora capixaba, com forma\u00e7\u00e3o em Administra\u00e7\u00e3o e Letras Seis obras publicadas que abrangem os g\u00eaneros, romance, suspense e poesia Blog liter\u00e1rio: www.silviavanderss.com.br","url":"https:\/\/jornalfatosenoticias.com.br\/index.php\/author\/silvia\/"}]}},"cc_featured_image_caption":{"caption_text":"(Foto: Getty Images) ","source_text":"","source_url":""},"jetpack_featured_media_url":"https:\/\/jornalfatosenoticias.com.br\/wp-content\/uploads\/2023\/04\/Primeiro-Passo-\u2014-Parte-II.jpg","_links":{"self":[{"href":"https:\/\/jornalfatosenoticias.com.br\/index.php\/wp-json\/wp\/v2\/posts\/40968","targetHints":{"allow":["GET"]}}],"collection":[{"href":"https:\/\/jornalfatosenoticias.com.br\/index.php\/wp-json\/wp\/v2\/posts"}],"about":[{"href":"https:\/\/jornalfatosenoticias.com.br\/index.php\/wp-json\/wp\/v2\/types\/post"}],"author":[{"embeddable":true,"href":"https:\/\/jornalfatosenoticias.com.br\/index.php\/wp-json\/wp\/v2\/users\/19"}],"replies":[{"embeddable":true,"href":"https:\/\/jornalfatosenoticias.com.br\/index.php\/wp-json\/wp\/v2\/comments?post=40968"}],"version-history":[{"count":0,"href":"https:\/\/jornalfatosenoticias.com.br\/index.php\/wp-json\/wp\/v2\/posts\/40968\/revisions"}],"wp:featuredmedia":[{"embeddable":true,"href":"https:\/\/jornalfatosenoticias.com.br\/index.php\/wp-json\/wp\/v2\/media\/40969"}],"wp:attachment":[{"href":"https:\/\/jornalfatosenoticias.com.br\/index.php\/wp-json\/wp\/v2\/media?parent=40968"}],"wp:term":[{"taxonomy":"category","embeddable":true,"href":"https:\/\/jornalfatosenoticias.com.br\/index.php\/wp-json\/wp\/v2\/categories?post=40968"},{"taxonomy":"post_tag","embeddable":true,"href":"https:\/\/jornalfatosenoticias.com.br\/index.php\/wp-json\/wp\/v2\/tags?post=40968"}],"curies":[{"name":"wp","href":"https:\/\/api.w.org\/{rel}","templated":true}]}}