{"id":40983,"date":"2023-04-28T10:02:37","date_gmt":"2023-04-28T13:02:37","guid":{"rendered":"https:\/\/jornalfatosenoticias.com.br\/?p=40983"},"modified":"2023-04-28T10:02:38","modified_gmt":"2023-04-28T13:02:38","slug":"sol-dispara-jato-de-plasma-canibal-ha-risco-para-a-terra","status":"publish","type":"post","link":"https:\/\/jornalfatosenoticias.com.br\/index.php\/2023\/04\/28\/sol-dispara-jato-de-plasma-canibal-ha-risco-para-a-terra\/","title":{"rendered":"Sol dispara jato de plasma canibal \u2014 h\u00e1 risco para a Terra?"},"content":{"rendered":"\n<p><em><span class=\"has-inline-color has-black-color\">A fus\u00e3o de duas ou mais eje\u00e7\u00f5es de massa coronal do Sol tende a provocar tempestades geomagn\u00e9ticas mais fortes na Terra<\/span><\/em><\/p>\n\n\n\n<p><em><span class=\"has-inline-color has-black-color\">por: <strong>Fl\u00e1via Correia<\/strong><\/span><\/em><\/p>\n\n\n\n<div class=\"wp-block-image\"><figure class=\"aligncenter size-large is-resized\"><img loading=\"lazy\" decoding=\"async\" src=\"https:\/\/jornalfatosenoticias.com.br\/wp-content\/uploads\/2022\/10\/Arte-jornal-Zucchi-600x600_Prancheta-1-1024x1024.jpg\" alt=\"\" class=\"wp-image-34782\" width=\"246\" height=\"246\" srcset=\"https:\/\/jornalfatosenoticias.com.br\/wp-content\/uploads\/2022\/10\/Arte-jornal-Zucchi-600x600_Prancheta-1-1024x1024.jpg 1024w, https:\/\/jornalfatosenoticias.com.br\/wp-content\/uploads\/2022\/10\/Arte-jornal-Zucchi-600x600_Prancheta-1-300x300.jpg 300w, https:\/\/jornalfatosenoticias.com.br\/wp-content\/uploads\/2022\/10\/Arte-jornal-Zucchi-600x600_Prancheta-1-150x150.jpg 150w, https:\/\/jornalfatosenoticias.com.br\/wp-content\/uploads\/2022\/10\/Arte-jornal-Zucchi-600x600_Prancheta-1-768x768.jpg 768w, https:\/\/jornalfatosenoticias.com.br\/wp-content\/uploads\/2022\/10\/Arte-jornal-Zucchi-600x600_Prancheta-1.jpg 1250w\" sizes=\"auto, (max-width: 246px) 100vw, 246px\" \/><\/figure><\/div>\n\n\n\n<p>Na \u00faltima quarta-feira (26), o Observat\u00f3rio Solar e Heliosf\u00e9rico (SOHO) \u2014 projetado e gerenciado em parceria pela\u00a0<a href=\"https:\/\/olhardigital.com.br\/tag\/agencia-espacial-europeia\/\" target=\"_blank\" rel=\"noreferrer noopener\">Ag\u00eancia Espacial Europeia<\/a>\u00a0(ESA) e a\u00a0<a href=\"https:\/\/olhardigital.com.br\/tag\/nasa\/\" target=\"_blank\" rel=\"noreferrer noopener\">Nasa<\/a> \u2014 flagrou um momento de canibalismo no disparo de jatos de plasma pelo Sol.<br>Conforme se v\u00ea no registro abaixo, uma eje\u00e7\u00e3o de massa coronal (CME) emerge da estrela e engole outra mais lenta e fraca, lan\u00e7ada um pouco mais abaixo.<br>CMEs s\u00e3o nuvens de g\u00e1s magn\u00e9tico eletrificado, pesando bilh\u00f5es de toneladas, que s\u00e3o ejetadas do Sol e arremessadas ao espa\u00e7o a velocidades de at\u00e9 dois mil quil\u00f4metros por segundo.<\/p>\n\n\n\n<div class=\"wp-block-image\"><figure class=\"aligncenter size-large is-resized\"><img loading=\"lazy\" decoding=\"async\" src=\"https:\/\/jornalfatosenoticias.com.br\/wp-content\/uploads\/2023\/04\/Logo_MasterMind.jpg\" alt=\"\" class=\"wp-image-40974\" width=\"264\" height=\"192\"\/><\/figure><\/div>\n\n\n\n<p>Quando uma CME canibaliza outra, elas se fundem, e essa compress\u00e3o cria ondas de choque e campos magn\u00e9ticos aprimorados que podem perfurar a magnetosfera da Terra \u2014 abrindo a porta para poderosas <a href=\"https:\/\/olhardigital.com.br\/tag\/tempestade-geomagnetica\/\" target=\"_blank\" rel=\"noreferrer noopener\">tempestades geomagn\u00e9ticas<\/a>.<\/p>\n\n\n\n<figure class=\"wp-block-embed-youtube wp-block-embed is-type-video is-provider-youtube wp-embed-aspect-4-3 wp-has-aspect-ratio\"><div class=\"wp-block-embed__wrapper\">\n<iframe loading=\"lazy\" title=\"Anima\u00e7\u00e3o da NASA mostra uma CME canibal mesclando\u00a0com\u00a0outra\" width=\"660\" height=\"495\" src=\"https:\/\/www.youtube.com\/embed\/RogfN_DxGic?feature=oembed\" frameborder=\"0\" allow=\"accelerometer; autoplay; clipboard-write; encrypted-media; gyroscope; picture-in-picture; web-share\" referrerpolicy=\"strict-origin-when-cross-origin\" allowfullscreen><\/iframe>\n<\/div><\/figure>\n\n\n\n<p>De acordo com o portal de meteorologia e climatologia espacial <em>Spaceweather.com<\/em>, as CMEs canibais elevam as chances de tempestades geomagn\u00e9ticas e consequente forma\u00e7\u00e3o de\u00a0<a href=\"https:\/\/olhardigital.com.br\/2023\/04\/19\/ciencia-e-espaco\/o-que-explica-esta-incrivel-tempestade-de-auroras-multicoloridas\/\" target=\"_blank\" rel=\"noreferrer noopener\">auroras<\/a>.\u00a0<\/p>\n\n\n\n<div class=\"wp-block-image\"><figure class=\"aligncenter size-large is-resized\"><img loading=\"lazy\" decoding=\"async\" src=\"https:\/\/jornalfatosenoticias.com.br\/wp-content\/uploads\/2022\/07\/Logo-Grupo-SEI.jpg\" alt=\"\" class=\"wp-image-31973\" width=\"369\" height=\"193\"\/><\/figure><\/div>\n\n\n\n<p>Desta vez, no entanto, os ca\u00e7adores desses bel\u00edssimos fen\u00f4menos luminosos n\u00e3o devem ter esperan\u00e7as. Esta CME canibal em particular n\u00e3o vai atingir a Terra, uma vez que n\u00e3o foi disparada em nossa dire\u00e7\u00e3o.<br>Por outro lado, isso \u00e9 uma boa not\u00edcia, se considerarmos que tempestades geomagn\u00e9ticas podem, dependendo da intensidade, prejudicar os sistemas de comunica\u00e7\u00f5es (especialmente os sinais de r\u00e1dio), danificar esta\u00e7\u00f5es el\u00e9tricas e at\u00e9 mesmo derrubar sat\u00e9lites.<\/p>\n\n\n\n<div class=\"wp-block-image\"><figure class=\"aligncenter size-large is-resized\"><img loading=\"lazy\" decoding=\"async\" src=\"https:\/\/jornalfatosenoticias.com.br\/wp-content\/uploads\/2022\/02\/FERRARI_MAQUINAS-E-FERRAMENTAS2.jpg\" alt=\"\" class=\"wp-image-27860\" width=\"270\" height=\"225\"\/><\/figure><\/div>\n\n\n\n<p>Um evento de grau m\u00e1ximo, por exemplo, poderia, inclusive, mergulhar a Terra em um \u201capocalipse da internet\u201d, deixando o mundo inteiro <em>offline <\/em>por semanas ou meses.<\/p>\n\n\n\n<p><strong><em>Fonte: <a href=\"https:\/\/olhardigital.com.br\/2023\/04\/27\/ciencia-e-espaco\/sol-dispara-jato-de-plasma-canibal-ha-risco-para-a-terra\/\">Olhar Digital<\/a><\/em><\/strong><\/p>\n","protected":false},"excerpt":{"rendered":"<p>A fus\u00e3o de duas ou mais eje\u00e7\u00f5es de massa coronal do Sol tende a provocar tempestades geomagn\u00e9ticas mais fortes na Terra por: Fl\u00e1via Correia Na \u00faltima quarta-feira (26), o Observat\u00f3rio Solar e Heliosf\u00e9rico (SOHO) \u2014 projetado e gerenciado em parceria pela\u00a0Ag\u00eancia Espacial Europeia\u00a0(ESA) e a\u00a0Nasa \u2014 flagrou um momento de canibalismo no disparo de jatos [&hellip;]<\/p>\n","protected":false},"author":2,"featured_media":40984,"comment_status":"open","ping_status":"open","sticky":false,"template":"","format":"standard","meta":{"footnotes":""},"categories":[2],"tags":[6889,19218,2913,19219,466,15479,13868],"class_list":["post-40983","post","type-post","status-publish","format-standard","has-post-thumbnail","hentry","category-ciencia","tag-canibalismo","tag-ejecao-de-massa-coronal","tag-plasma","tag-plasma-canibal","tag-sol","tag-tempestade-geomagnetica","tag-tempestade-solar"],"yoast_head":"<!-- This site is optimized with the Yoast SEO plugin v26.5 - https:\/\/yoast.com\/wordpress\/plugins\/seo\/ -->\n<title>Sol dispara jato de plasma canibal \u2014 h\u00e1 risco para a Terra? - Jornal Fatos e Not\u00edcias<\/title>\n<meta name=\"robots\" content=\"index, follow, max-snippet:-1, max-image-preview:large, max-video-preview:-1\" \/>\n<link rel=\"canonical\" href=\"https:\/\/jornalfatosenoticias.com.br\/index.php\/2023\/04\/28\/sol-dispara-jato-de-plasma-canibal-ha-risco-para-a-terra\/\" \/>\n<meta property=\"og:locale\" content=\"pt_BR\" \/>\n<meta property=\"og:type\" content=\"article\" \/>\n<meta property=\"og:title\" content=\"Sol dispara jato de plasma canibal \u2014 h\u00e1 risco para a Terra? - Jornal Fatos e Not\u00edcias\" \/>\n<meta property=\"og:description\" content=\"A fus\u00e3o de duas ou mais eje\u00e7\u00f5es de massa coronal do Sol tende a provocar tempestades geomagn\u00e9ticas mais fortes na Terra por: Fl\u00e1via Correia Na \u00faltima quarta-feira (26), o Observat\u00f3rio Solar e Heliosf\u00e9rico (SOHO) \u2014 projetado e gerenciado em parceria pela\u00a0Ag\u00eancia Espacial Europeia\u00a0(ESA) e a\u00a0Nasa \u2014 flagrou um momento de canibalismo no disparo de jatos [&hellip;]\" \/>\n<meta property=\"og:url\" content=\"https:\/\/jornalfatosenoticias.com.br\/index.php\/2023\/04\/28\/sol-dispara-jato-de-plasma-canibal-ha-risco-para-a-terra\/\" \/>\n<meta property=\"og:site_name\" content=\"Jornal Fatos e Not\u00edcias\" \/>\n<meta property=\"article:published_time\" content=\"2023-04-28T13:02:37+00:00\" \/>\n<meta property=\"article:modified_time\" content=\"2023-04-28T13:02:38+00:00\" \/>\n<meta property=\"og:image\" content=\"https:\/\/jornalfatosenoticias.com.br\/wp-content\/uploads\/2023\/04\/Sol-dispara-jato-de-plasma-canibal_Pixabay.jpg\" \/>\n\t<meta property=\"og:image:width\" content=\"1000\" \/>\n\t<meta property=\"og:image:height\" content=\"710\" \/>\n\t<meta property=\"og:image:type\" content=\"image\/jpeg\" \/>\n<meta name=\"author\" content=\"Luzimara Fernandes\" \/>\n<meta name=\"twitter:card\" content=\"summary_large_image\" \/>\n<meta name=\"twitter:label1\" content=\"Escrito por\" \/>\n\t<meta name=\"twitter:data1\" content=\"Luzimara Fernandes\" \/>\n\t<meta name=\"twitter:label2\" content=\"Est. tempo de leitura\" \/>\n\t<meta name=\"twitter:data2\" content=\"2 minutos\" \/>\n<script type=\"application\/ld+json\" class=\"yoast-schema-graph\">{\"@context\":\"https:\/\/schema.org\",\"@graph\":[{\"@type\":\"Article\",\"@id\":\"https:\/\/jornalfatosenoticias.com.br\/index.php\/2023\/04\/28\/sol-dispara-jato-de-plasma-canibal-ha-risco-para-a-terra\/#article\",\"isPartOf\":{\"@id\":\"https:\/\/jornalfatosenoticias.com.br\/index.php\/2023\/04\/28\/sol-dispara-jato-de-plasma-canibal-ha-risco-para-a-terra\/\"},\"author\":{\"name\":\"Luzimara Fernandes\",\"@id\":\"https:\/\/jornalfatosenoticias.com.br\/#\/schema\/person\/d63837fa13ac8666eb9e74e0985d6f81\"},\"headline\":\"Sol dispara jato de plasma canibal \u2014 h\u00e1 risco para a Terra?\",\"datePublished\":\"2023-04-28T13:02:37+00:00\",\"dateModified\":\"2023-04-28T13:02:38+00:00\",\"mainEntityOfPage\":{\"@id\":\"https:\/\/jornalfatosenoticias.com.br\/index.php\/2023\/04\/28\/sol-dispara-jato-de-plasma-canibal-ha-risco-para-a-terra\/\"},\"wordCount\":347,\"commentCount\":0,\"publisher\":{\"@id\":\"https:\/\/jornalfatosenoticias.com.br\/#organization\"},\"image\":{\"@id\":\"https:\/\/jornalfatosenoticias.com.br\/index.php\/2023\/04\/28\/sol-dispara-jato-de-plasma-canibal-ha-risco-para-a-terra\/#primaryimage\"},\"thumbnailUrl\":\"https:\/\/jornalfatosenoticias.com.br\/wp-content\/uploads\/2023\/04\/Sol-dispara-jato-de-plasma-canibal_Pixabay.jpg\",\"keywords\":[\"canibalismo\",\"eje\u00e7\u00e3o de massa coronal\",\"plasma\",\"plasma canibal\",\"Sol\",\"tempestade geomagn\u00e9tica\",\"tempestade solar\"],\"articleSection\":[\"Ci\u00eancia\"],\"inLanguage\":\"pt-BR\",\"potentialAction\":[{\"@type\":\"CommentAction\",\"name\":\"Comment\",\"target\":[\"https:\/\/jornalfatosenoticias.com.br\/index.php\/2023\/04\/28\/sol-dispara-jato-de-plasma-canibal-ha-risco-para-a-terra\/#respond\"]}]},{\"@type\":\"WebPage\",\"@id\":\"https:\/\/jornalfatosenoticias.com.br\/index.php\/2023\/04\/28\/sol-dispara-jato-de-plasma-canibal-ha-risco-para-a-terra\/\",\"url\":\"https:\/\/jornalfatosenoticias.com.br\/index.php\/2023\/04\/28\/sol-dispara-jato-de-plasma-canibal-ha-risco-para-a-terra\/\",\"name\":\"Sol dispara jato de plasma canibal \u2014 h\u00e1 risco para a Terra? - Jornal Fatos e Not\u00edcias\",\"isPartOf\":{\"@id\":\"https:\/\/jornalfatosenoticias.com.br\/#website\"},\"primaryImageOfPage\":{\"@id\":\"https:\/\/jornalfatosenoticias.com.br\/index.php\/2023\/04\/28\/sol-dispara-jato-de-plasma-canibal-ha-risco-para-a-terra\/#primaryimage\"},\"image\":{\"@id\":\"https:\/\/jornalfatosenoticias.com.br\/index.php\/2023\/04\/28\/sol-dispara-jato-de-plasma-canibal-ha-risco-para-a-terra\/#primaryimage\"},\"thumbnailUrl\":\"https:\/\/jornalfatosenoticias.com.br\/wp-content\/uploads\/2023\/04\/Sol-dispara-jato-de-plasma-canibal_Pixabay.jpg\",\"datePublished\":\"2023-04-28T13:02:37+00:00\",\"dateModified\":\"2023-04-28T13:02:38+00:00\",\"breadcrumb\":{\"@id\":\"https:\/\/jornalfatosenoticias.com.br\/index.php\/2023\/04\/28\/sol-dispara-jato-de-plasma-canibal-ha-risco-para-a-terra\/#breadcrumb\"},\"inLanguage\":\"pt-BR\",\"potentialAction\":[{\"@type\":\"ReadAction\",\"target\":[\"https:\/\/jornalfatosenoticias.com.br\/index.php\/2023\/04\/28\/sol-dispara-jato-de-plasma-canibal-ha-risco-para-a-terra\/\"]}]},{\"@type\":\"ImageObject\",\"inLanguage\":\"pt-BR\",\"@id\":\"https:\/\/jornalfatosenoticias.com.br\/index.php\/2023\/04\/28\/sol-dispara-jato-de-plasma-canibal-ha-risco-para-a-terra\/#primaryimage\",\"url\":\"https:\/\/jornalfatosenoticias.com.br\/wp-content\/uploads\/2023\/04\/Sol-dispara-jato-de-plasma-canibal_Pixabay.jpg\",\"contentUrl\":\"https:\/\/jornalfatosenoticias.com.br\/wp-content\/uploads\/2023\/04\/Sol-dispara-jato-de-plasma-canibal_Pixabay.jpg\",\"width\":1000,\"height\":710},{\"@type\":\"BreadcrumbList\",\"@id\":\"https:\/\/jornalfatosenoticias.com.br\/index.php\/2023\/04\/28\/sol-dispara-jato-de-plasma-canibal-ha-risco-para-a-terra\/#breadcrumb\",\"itemListElement\":[{\"@type\":\"ListItem\",\"position\":1,\"name\":\"In\u00edcio\",\"item\":\"https:\/\/jornalfatosenoticias.com.br\/\"},{\"@type\":\"ListItem\",\"position\":2,\"name\":\"Sol dispara jato de plasma canibal \u2014 h\u00e1 risco para a Terra?\"}]},{\"@type\":\"WebSite\",\"@id\":\"https:\/\/jornalfatosenoticias.com.br\/#website\",\"url\":\"https:\/\/jornalfatosenoticias.com.br\/\",\"name\":\"Jornal Fatos e Not\u00edcias\",\"description\":\"Not\u00edcias em geral\",\"publisher\":{\"@id\":\"https:\/\/jornalfatosenoticias.com.br\/#organization\"},\"potentialAction\":[{\"@type\":\"SearchAction\",\"target\":{\"@type\":\"EntryPoint\",\"urlTemplate\":\"https:\/\/jornalfatosenoticias.com.br\/?s={search_term_string}\"},\"query-input\":{\"@type\":\"PropertyValueSpecification\",\"valueRequired\":true,\"valueName\":\"search_term_string\"}}],\"inLanguage\":\"pt-BR\"},{\"@type\":\"Organization\",\"@id\":\"https:\/\/jornalfatosenoticias.com.br\/#organization\",\"name\":\"Jornal Fatos e Not\u00edcias\",\"url\":\"https:\/\/jornalfatosenoticias.com.br\/\",\"logo\":{\"@type\":\"ImageObject\",\"inLanguage\":\"pt-BR\",\"@id\":\"https:\/\/jornalfatosenoticias.com.br\/#\/schema\/logo\/image\/\",\"url\":\"https:\/\/jornalfatosenoticias.com.br\/wp-content\/uploads\/2020\/02\/logo120.png\",\"contentUrl\":\"https:\/\/jornalfatosenoticias.com.br\/wp-content\/uploads\/2020\/02\/logo120.png\",\"width\":1227,\"height\":120,\"caption\":\"Jornal Fatos e Not\u00edcias\"},\"image\":{\"@id\":\"https:\/\/jornalfatosenoticias.com.br\/#\/schema\/logo\/image\/\"}},{\"@type\":\"Person\",\"@id\":\"https:\/\/jornalfatosenoticias.com.br\/#\/schema\/person\/d63837fa13ac8666eb9e74e0985d6f81\",\"name\":\"Luzimara Fernandes\",\"image\":{\"@type\":\"ImageObject\",\"inLanguage\":\"pt-BR\",\"@id\":\"https:\/\/jornalfatosenoticias.com.br\/#\/schema\/person\/image\/\",\"url\":\"https:\/\/jornalfatosenoticias.com.br\/wp-content\/uploads\/2025\/05\/EU_portal.jpg\",\"contentUrl\":\"https:\/\/jornalfatosenoticias.com.br\/wp-content\/uploads\/2025\/05\/EU_portal.jpg\",\"caption\":\"Luzimara Fernandes\"},\"description\":\"Jornalista MTB 2358-ES\",\"sameAs\":[\"https:\/\/jornalfatosenoticias.com.br\"],\"url\":\"https:\/\/jornalfatosenoticias.com.br\/index.php\/author\/luzimara\/\"}]}<\/script>\n<!-- \/ Yoast SEO plugin. -->","yoast_head_json":{"title":"Sol dispara jato de plasma canibal \u2014 h\u00e1 risco para a Terra? - Jornal Fatos e Not\u00edcias","robots":{"index":"index","follow":"follow","max-snippet":"max-snippet:-1","max-image-preview":"max-image-preview:large","max-video-preview":"max-video-preview:-1"},"canonical":"https:\/\/jornalfatosenoticias.com.br\/index.php\/2023\/04\/28\/sol-dispara-jato-de-plasma-canibal-ha-risco-para-a-terra\/","og_locale":"pt_BR","og_type":"article","og_title":"Sol dispara jato de plasma canibal \u2014 h\u00e1 risco para a Terra? - Jornal Fatos e Not\u00edcias","og_description":"A fus\u00e3o de duas ou mais eje\u00e7\u00f5es de massa coronal do Sol tende a provocar tempestades geomagn\u00e9ticas mais fortes na Terra por: Fl\u00e1via Correia Na \u00faltima quarta-feira (26), o Observat\u00f3rio Solar e Heliosf\u00e9rico (SOHO) \u2014 projetado e gerenciado em parceria pela\u00a0Ag\u00eancia Espacial Europeia\u00a0(ESA) e a\u00a0Nasa \u2014 flagrou um momento de canibalismo no disparo de jatos [&hellip;]","og_url":"https:\/\/jornalfatosenoticias.com.br\/index.php\/2023\/04\/28\/sol-dispara-jato-de-plasma-canibal-ha-risco-para-a-terra\/","og_site_name":"Jornal Fatos e Not\u00edcias","article_published_time":"2023-04-28T13:02:37+00:00","article_modified_time":"2023-04-28T13:02:38+00:00","og_image":[{"width":1000,"height":710,"url":"https:\/\/jornalfatosenoticias.com.br\/wp-content\/uploads\/2023\/04\/Sol-dispara-jato-de-plasma-canibal_Pixabay.jpg","type":"image\/jpeg"}],"author":"Luzimara Fernandes","twitter_card":"summary_large_image","twitter_misc":{"Escrito por":"Luzimara Fernandes","Est. tempo de leitura":"2 minutos"},"schema":{"@context":"https:\/\/schema.org","@graph":[{"@type":"Article","@id":"https:\/\/jornalfatosenoticias.com.br\/index.php\/2023\/04\/28\/sol-dispara-jato-de-plasma-canibal-ha-risco-para-a-terra\/#article","isPartOf":{"@id":"https:\/\/jornalfatosenoticias.com.br\/index.php\/2023\/04\/28\/sol-dispara-jato-de-plasma-canibal-ha-risco-para-a-terra\/"},"author":{"name":"Luzimara Fernandes","@id":"https:\/\/jornalfatosenoticias.com.br\/#\/schema\/person\/d63837fa13ac8666eb9e74e0985d6f81"},"headline":"Sol dispara jato de plasma canibal \u2014 h\u00e1 risco para a Terra?","datePublished":"2023-04-28T13:02:37+00:00","dateModified":"2023-04-28T13:02:38+00:00","mainEntityOfPage":{"@id":"https:\/\/jornalfatosenoticias.com.br\/index.php\/2023\/04\/28\/sol-dispara-jato-de-plasma-canibal-ha-risco-para-a-terra\/"},"wordCount":347,"commentCount":0,"publisher":{"@id":"https:\/\/jornalfatosenoticias.com.br\/#organization"},"image":{"@id":"https:\/\/jornalfatosenoticias.com.br\/index.php\/2023\/04\/28\/sol-dispara-jato-de-plasma-canibal-ha-risco-para-a-terra\/#primaryimage"},"thumbnailUrl":"https:\/\/jornalfatosenoticias.com.br\/wp-content\/uploads\/2023\/04\/Sol-dispara-jato-de-plasma-canibal_Pixabay.jpg","keywords":["canibalismo","eje\u00e7\u00e3o de massa coronal","plasma","plasma canibal","Sol","tempestade geomagn\u00e9tica","tempestade solar"],"articleSection":["Ci\u00eancia"],"inLanguage":"pt-BR","potentialAction":[{"@type":"CommentAction","name":"Comment","target":["https:\/\/jornalfatosenoticias.com.br\/index.php\/2023\/04\/28\/sol-dispara-jato-de-plasma-canibal-ha-risco-para-a-terra\/#respond"]}]},{"@type":"WebPage","@id":"https:\/\/jornalfatosenoticias.com.br\/index.php\/2023\/04\/28\/sol-dispara-jato-de-plasma-canibal-ha-risco-para-a-terra\/","url":"https:\/\/jornalfatosenoticias.com.br\/index.php\/2023\/04\/28\/sol-dispara-jato-de-plasma-canibal-ha-risco-para-a-terra\/","name":"Sol dispara jato de plasma canibal \u2014 h\u00e1 risco para a Terra? - Jornal Fatos e Not\u00edcias","isPartOf":{"@id":"https:\/\/jornalfatosenoticias.com.br\/#website"},"primaryImageOfPage":{"@id":"https:\/\/jornalfatosenoticias.com.br\/index.php\/2023\/04\/28\/sol-dispara-jato-de-plasma-canibal-ha-risco-para-a-terra\/#primaryimage"},"image":{"@id":"https:\/\/jornalfatosenoticias.com.br\/index.php\/2023\/04\/28\/sol-dispara-jato-de-plasma-canibal-ha-risco-para-a-terra\/#primaryimage"},"thumbnailUrl":"https:\/\/jornalfatosenoticias.com.br\/wp-content\/uploads\/2023\/04\/Sol-dispara-jato-de-plasma-canibal_Pixabay.jpg","datePublished":"2023-04-28T13:02:37+00:00","dateModified":"2023-04-28T13:02:38+00:00","breadcrumb":{"@id":"https:\/\/jornalfatosenoticias.com.br\/index.php\/2023\/04\/28\/sol-dispara-jato-de-plasma-canibal-ha-risco-para-a-terra\/#breadcrumb"},"inLanguage":"pt-BR","potentialAction":[{"@type":"ReadAction","target":["https:\/\/jornalfatosenoticias.com.br\/index.php\/2023\/04\/28\/sol-dispara-jato-de-plasma-canibal-ha-risco-para-a-terra\/"]}]},{"@type":"ImageObject","inLanguage":"pt-BR","@id":"https:\/\/jornalfatosenoticias.com.br\/index.php\/2023\/04\/28\/sol-dispara-jato-de-plasma-canibal-ha-risco-para-a-terra\/#primaryimage","url":"https:\/\/jornalfatosenoticias.com.br\/wp-content\/uploads\/2023\/04\/Sol-dispara-jato-de-plasma-canibal_Pixabay.jpg","contentUrl":"https:\/\/jornalfatosenoticias.com.br\/wp-content\/uploads\/2023\/04\/Sol-dispara-jato-de-plasma-canibal_Pixabay.jpg","width":1000,"height":710},{"@type":"BreadcrumbList","@id":"https:\/\/jornalfatosenoticias.com.br\/index.php\/2023\/04\/28\/sol-dispara-jato-de-plasma-canibal-ha-risco-para-a-terra\/#breadcrumb","itemListElement":[{"@type":"ListItem","position":1,"name":"In\u00edcio","item":"https:\/\/jornalfatosenoticias.com.br\/"},{"@type":"ListItem","position":2,"name":"Sol dispara jato de plasma canibal \u2014 h\u00e1 risco para a Terra?"}]},{"@type":"WebSite","@id":"https:\/\/jornalfatosenoticias.com.br\/#website","url":"https:\/\/jornalfatosenoticias.com.br\/","name":"Jornal Fatos e Not\u00edcias","description":"Not\u00edcias em geral","publisher":{"@id":"https:\/\/jornalfatosenoticias.com.br\/#organization"},"potentialAction":[{"@type":"SearchAction","target":{"@type":"EntryPoint","urlTemplate":"https:\/\/jornalfatosenoticias.com.br\/?s={search_term_string}"},"query-input":{"@type":"PropertyValueSpecification","valueRequired":true,"valueName":"search_term_string"}}],"inLanguage":"pt-BR"},{"@type":"Organization","@id":"https:\/\/jornalfatosenoticias.com.br\/#organization","name":"Jornal Fatos e Not\u00edcias","url":"https:\/\/jornalfatosenoticias.com.br\/","logo":{"@type":"ImageObject","inLanguage":"pt-BR","@id":"https:\/\/jornalfatosenoticias.com.br\/#\/schema\/logo\/image\/","url":"https:\/\/jornalfatosenoticias.com.br\/wp-content\/uploads\/2020\/02\/logo120.png","contentUrl":"https:\/\/jornalfatosenoticias.com.br\/wp-content\/uploads\/2020\/02\/logo120.png","width":1227,"height":120,"caption":"Jornal Fatos e Not\u00edcias"},"image":{"@id":"https:\/\/jornalfatosenoticias.com.br\/#\/schema\/logo\/image\/"}},{"@type":"Person","@id":"https:\/\/jornalfatosenoticias.com.br\/#\/schema\/person\/d63837fa13ac8666eb9e74e0985d6f81","name":"Luzimara Fernandes","image":{"@type":"ImageObject","inLanguage":"pt-BR","@id":"https:\/\/jornalfatosenoticias.com.br\/#\/schema\/person\/image\/","url":"https:\/\/jornalfatosenoticias.com.br\/wp-content\/uploads\/2025\/05\/EU_portal.jpg","contentUrl":"https:\/\/jornalfatosenoticias.com.br\/wp-content\/uploads\/2025\/05\/EU_portal.jpg","caption":"Luzimara Fernandes"},"description":"Jornalista MTB 2358-ES","sameAs":["https:\/\/jornalfatosenoticias.com.br"],"url":"https:\/\/jornalfatosenoticias.com.br\/index.php\/author\/luzimara\/"}]}},"cc_featured_image_caption":{"caption_text":"(Foto: Pixabay) ","source_text":"","source_url":""},"jetpack_featured_media_url":"https:\/\/jornalfatosenoticias.com.br\/wp-content\/uploads\/2023\/04\/Sol-dispara-jato-de-plasma-canibal_Pixabay.jpg","_links":{"self":[{"href":"https:\/\/jornalfatosenoticias.com.br\/index.php\/wp-json\/wp\/v2\/posts\/40983","targetHints":{"allow":["GET"]}}],"collection":[{"href":"https:\/\/jornalfatosenoticias.com.br\/index.php\/wp-json\/wp\/v2\/posts"}],"about":[{"href":"https:\/\/jornalfatosenoticias.com.br\/index.php\/wp-json\/wp\/v2\/types\/post"}],"author":[{"embeddable":true,"href":"https:\/\/jornalfatosenoticias.com.br\/index.php\/wp-json\/wp\/v2\/users\/2"}],"replies":[{"embeddable":true,"href":"https:\/\/jornalfatosenoticias.com.br\/index.php\/wp-json\/wp\/v2\/comments?post=40983"}],"version-history":[{"count":0,"href":"https:\/\/jornalfatosenoticias.com.br\/index.php\/wp-json\/wp\/v2\/posts\/40983\/revisions"}],"wp:featuredmedia":[{"embeddable":true,"href":"https:\/\/jornalfatosenoticias.com.br\/index.php\/wp-json\/wp\/v2\/media\/40984"}],"wp:attachment":[{"href":"https:\/\/jornalfatosenoticias.com.br\/index.php\/wp-json\/wp\/v2\/media?parent=40983"}],"wp:term":[{"taxonomy":"category","embeddable":true,"href":"https:\/\/jornalfatosenoticias.com.br\/index.php\/wp-json\/wp\/v2\/categories?post=40983"},{"taxonomy":"post_tag","embeddable":true,"href":"https:\/\/jornalfatosenoticias.com.br\/index.php\/wp-json\/wp\/v2\/tags?post=40983"}],"curies":[{"name":"wp","href":"https:\/\/api.w.org\/{rel}","templated":true}]}}