{"id":40991,"date":"2023-04-28T10:41:53","date_gmt":"2023-04-28T13:41:53","guid":{"rendered":"https:\/\/jornalfatosenoticias.com.br\/?p=40991"},"modified":"2023-04-28T10:41:54","modified_gmt":"2023-04-28T13:41:54","slug":"a-semana-em-brasilia-e-no-es-4","status":"publish","type":"post","link":"https:\/\/jornalfatosenoticias.com.br\/index.php\/2023\/04\/28\/a-semana-em-brasilia-e-no-es-4\/","title":{"rendered":"A Semana em Bras\u00edlia e no ES"},"content":{"rendered":"\n<h4 class=\"wp-block-heading\"><strong><span class=\"has-inline-color has-black-color\">Pacheco l\u00ea requerimento e CPMI dos atos antidemocr\u00e1ticos ser\u00e1 instalada<\/span><\/strong><\/h4>\n\n\n\n<p>O presidente do Senado e do Congresso Nacional, Rodrigo Pacheco, fez a leitura do requerimento de instala\u00e7\u00e3o da comiss\u00e3o parlamentar mista de inqu\u00e9rito (CPMI) para apurar os fatos que levaram \u00e0 invas\u00e3o das sedes dos tr\u00eas Poderes, em Bras\u00edlia, no dia 8 de janeiro.<br>Com a leitura, que ocorreu na sess\u00e3o conjunta do Congresso nesta quarta-feira (26), o pr\u00f3ximo passo \u00e9 o entendimento do presidente com a Secretaria-Geral da Mesa para definir a proporcionalidade da composi\u00e7\u00e3o da comiss\u00e3o, de acordo com a tamanho das bancadas e blocos partid\u00e1rios, e a sua publica\u00e7\u00e3o no Di\u00e1rio Oficial da Uni\u00e3o (DOU).<\/p>\n\n\n\n<div class=\"wp-block-image\"><figure class=\"aligncenter size-large is-resized\"><img loading=\"lazy\" decoding=\"async\" src=\"https:\/\/jornalfatosenoticias.com.br\/wp-content\/uploads\/2020\/02\/casa-do-torresmo_portal.jpg\" alt=\"\" class=\"wp-image-34472\" width=\"264\" height=\"264\" srcset=\"https:\/\/jornalfatosenoticias.com.br\/wp-content\/uploads\/2020\/02\/casa-do-torresmo_portal.jpg 300w, https:\/\/jornalfatosenoticias.com.br\/wp-content\/uploads\/2020\/02\/casa-do-torresmo_portal-150x150.jpg 150w\" sizes=\"auto, (max-width: 264px) 100vw, 264px\" \/><\/figure><\/div>\n\n\n\n<p>O requerimento foi apresentado pelo deputado Andr\u00e9 Fernandes (PL-CE) e contou com o n\u00famero regimental para sua aprecia\u00e7\u00e3o. Para ser instalada, uma CPMI precisa ser requerida por, no m\u00ednimo, um ter\u00e7o da C\u00e2mara (171 deputados) e um ter\u00e7o do Senado (27 senadores).<\/p>\n\n\n\n<p><strong><span class=\"has-inline-color has-vivid-cyan-blue-color\">O que \u00e9 CPMI?<br><\/span><\/strong>A comiss\u00e3o parlamentar mista de inqu\u00e9rito \u00e9 composta por deputados e senadores, e \u00e9 criada a partir de requerimento, com prazo determinado de funcionamento para investigar um fato com poderes pr\u00f3prios das autoridades judiciais, al\u00e9m de outros previstos nos regimentos das Casas. A iniciativa \u00e9 uma forma usada pelo Parlamento de exercer sua atividade fiscalizadora. Entre outras a\u00e7\u00f5es, a CPMI pode:<\/p>\n\n\n\n<div class=\"wp-block-image\"><figure class=\"aligncenter size-large is-resized\"><img loading=\"lazy\" decoding=\"async\" src=\"https:\/\/jornalfatosenoticias.com.br\/wp-content\/uploads\/2023\/03\/nova-logo-Marquetti.jpg\" alt=\"\" class=\"wp-image-40207\" width=\"291\" height=\"195\" srcset=\"https:\/\/jornalfatosenoticias.com.br\/wp-content\/uploads\/2023\/03\/nova-logo-Marquetti.jpg 643w, https:\/\/jornalfatosenoticias.com.br\/wp-content\/uploads\/2023\/03\/nova-logo-Marquetti-300x202.jpg 300w\" sizes=\"auto, (max-width: 291px) 100vw, 291px\" \/><\/figure><\/div>\n\n\n\n<p>\u2022 inquirir testemunhas (que t\u00eam o compromisso de dizer a verdade);<br>\u2022 ouvir suspeitos (que t\u00eam o direito ao sil\u00eancio para n\u00e3o se incriminarem);<br>\u2022 prender (somente em caso de flagrante delito);<br>\u2022 requisitar da administra\u00e7\u00e3o p\u00fablica direta, indireta ou fundacional informa\u00e7\u00f5es e documentos;<br>\u2022 tomar o depoimento de autoridades.<strong><em><span class=\"has-inline-color has-black-color\"> (Fonte: Ag\u00eancia Senado)<\/span><\/em><\/strong><\/p>\n\n\n\n<hr class=\"wp-block-separator\"\/>\n\n\n\n<h3 class=\"wp-block-heading\"><span class=\"has-inline-color has-black-color\">Comiss\u00e3o debate explora\u00e7\u00e3o de sal-gema no norte do Esp\u00edrito Santo<\/span><\/h3>\n\n\n\n<div class=\"wp-block-image\"><figure class=\"aligncenter size-large\"><img loading=\"lazy\" decoding=\"async\" width=\"768\" height=\"481\" src=\"https:\/\/jornalfatosenoticias.com.br\/wp-content\/uploads\/2023\/04\/sal-gema-521.jpg\" alt=\"\" class=\"wp-image-40992\" srcset=\"https:\/\/jornalfatosenoticias.com.br\/wp-content\/uploads\/2023\/04\/sal-gema-521.jpg 768w, https:\/\/jornalfatosenoticias.com.br\/wp-content\/uploads\/2023\/04\/sal-gema-521-300x188.jpg 300w, https:\/\/jornalfatosenoticias.com.br\/wp-content\/uploads\/2023\/04\/sal-gema-521-350x220.jpg 350w\" sizes=\"auto, (max-width: 768px) 100vw, 768px\" \/><figcaption><em><span class=\"has-inline-color has-black-color\">(Foto: Reprodu\u00e7\u00e3o)<\/span><\/em><\/figcaption><\/figure><\/div>\n\n\n\n<p>A Comiss\u00e3o de Minas e Energia da C\u00e2mara dos Deputados realiza audi\u00eancia p\u00fablica na pr\u00f3xima ter\u00e7a-feira (2) sobre a import\u00e2ncia da explora\u00e7\u00e3o e extra\u00e7\u00e3o de sal-gema. O debate ocorrer\u00e1 \u00e0s 10 horas, no plen\u00e1rio 14. Sal-gema \u00e9 o cloreto de s\u00f3dio, acompanhado de cloreto de pot\u00e1ssio e de cloreto de magn\u00e9sio, que ocorre em jazidas na superf\u00edcie terrestre. Tais subst\u00e2ncias podem ser usadas em diversas finalidades.<\/p>\n\n\n\n<div class=\"wp-block-image\"><figure class=\"aligncenter size-large\"><img decoding=\"async\" src=\"https:\/\/jornalfatosenoticias.com.br\/wp-content\/uploads\/2020\/02\/barao-das-carnes-300x164-1.jpg\" alt=\"\" class=\"wp-image-34339\"\/><\/figure><\/div>\n\n\n\n<p>O deputado Evair Vieira de Melo (PP-ES), que pediu a audi\u00eancia, lembrou que no Esp\u00edrito Santo foi descoberta a maior jazida de sal-gema da Am\u00e9rica Latina. S\u00e3o 11 \u00e1reas localizadas no norte do Estado, em Concei\u00e7\u00e3o da Barra, Ecoporanga e Vila Pav\u00e3o. Para ele, \u00e9 ineg\u00e1vel a import\u00e2ncia do uso do sal-gema, por ser considerado uma riqueza relevante para o desenvolvimento econ\u00f4mico e da gera\u00e7\u00e3o de emprego, renda e inclus\u00e3o social para o Pa\u00eds.<\/p>\n\n\n\n<div class=\"wp-block-image\"><figure class=\"aligncenter size-large is-resized\"><img loading=\"lazy\" decoding=\"async\" src=\"https:\/\/jornalfatosenoticias.com.br\/wp-content\/uploads\/2022\/02\/Precisao-Contabilidade-1024x724.jpg\" alt=\"\" class=\"wp-image-28088\" width=\"318\" height=\"225\"\/><\/figure><\/div>\n\n\n\n<blockquote class=\"wp-block-quote is-layout-flow wp-block-quote-is-layout-flow\"><p><span class=\"has-inline-color has-luminous-vivid-orange-color\">O sal-gema pode ser utilizado na fabrica\u00e7\u00e3o de cloro, soda c\u00e1ustica, \u00e1cido clor\u00eddrico e bicarbonato de s\u00f3dio; na composi\u00e7\u00e3o de produtos farmac\u00eauticos; nas ind\u00fastrias de papel, celulose e vidro; e em produtos de higiene, como sab\u00e3o, detergente e pasta de dente. \u00c9 empregado tamb\u00e9m no tratamento da \u00e1gua e nas<br>ind\u00fastrias t\u00eaxtil e na fabrica\u00e7\u00e3o de armas&#8221;, exemplifica o deputado.<\/span><\/p><\/blockquote>\n\n\n\n<p>Confirmou presen\u00e7a no debate o representante da Federa\u00e7\u00e3o das Ind\u00fastrias do Esp\u00edrito Santo (Findes), Lu\u00eds Cl\u00e1udio Santana Montenegro.<\/p>\n\n\n\n<hr class=\"wp-block-separator\"\/>\n\n\n\n<p><span class=\"has-inline-color has-black-color\"><strong>Ao vivo, cidad\u00e3o culpa Lula por falta de assist\u00eancia no Nordeste: \u201cFaz o qu\u00ea por n\u00f3s?\u201d<br><\/strong><em>por Raul Holderf Nascimento<\/em><\/span><\/p>\n\n\n\n<div class=\"wp-block-image\"><figure class=\"aligncenter size-large\"><img loading=\"lazy\" decoding=\"async\" width=\"750\" height=\"375\" src=\"https:\/\/jornalfatosenoticias.com.br\/wp-content\/uploads\/2023\/04\/Bolsa-521.jpg\" alt=\"\" class=\"wp-image-40993\" srcset=\"https:\/\/jornalfatosenoticias.com.br\/wp-content\/uploads\/2023\/04\/Bolsa-521.jpg 750w, https:\/\/jornalfatosenoticias.com.br\/wp-content\/uploads\/2023\/04\/Bolsa-521-300x150.jpg 300w\" sizes=\"auto, (max-width: 750px) 100vw, 750px\" \/><figcaption><em><span class=\"has-inline-color has-black-color\">(Foto: Jos\u00e9 Cruz\/Ag\u00eancia Brasil)<\/span><\/em><\/figcaption><\/figure><\/div>\n\n\n\n<p>O bloqueio do Bolsa Fam\u00edlia mira mais de 1,2 milh\u00e3o de pessoas no Pa\u00eds e tem gerado longas filas e tumulto nos postos de atendimento das prefeituras. Diversas cidades do Brasil tem registrado superlota\u00e7\u00e3o e aumento na demanda de entendimento.<\/p>\n\n\n\n<div class=\"wp-block-image\"><figure class=\"aligncenter size-large is-resized\"><img loading=\"lazy\" decoding=\"async\" src=\"https:\/\/jornalfatosenoticias.com.br\/wp-content\/uploads\/2023\/03\/Crypton-1000-\u00d7-900-px-300x270-1.png\" alt=\"\" class=\"wp-image-40206\" width=\"279\" height=\"251\"\/><\/figure><\/div>\n\n\n\n<p>Benefici\u00e1rios t\u00eam dito que h\u00e1 um esfor\u00e7o al\u00e9m do normal para fazer o recadastramento obrigat\u00f3rio. A suspens\u00e3o que atinge parte da popula\u00e7\u00e3o de baixa renda \u00e9 resultado de uma ofensiva do governo federal. A gest\u00e3o Lula alega que h\u00e1 eventuais fraudes no sistema de pagamento do benef\u00edcio e, por isso, tem feito uma nova sondagem para combater inconsist\u00eancias.<br>O impacto atinge diretamente o cidad\u00e3o que necessita do valor distribu\u00eddo para complementar a renda familiar. Os que foram impactados pela medida t\u00eam at\u00e9 60 dias para provar que realmente possuem direito ao benef\u00edcio.<br>Em Salvador, por exemplo, os \u00faltimos dias est\u00e3o sendo marcados por grandes filas de fam\u00edlias. Pessoas de diversas idades tomam conta das cal\u00e7adas do entorno da sede da Secretaria Municipal de Promo\u00e7\u00e3o Social e Combate \u00e0 Pobreza, no bairro do Com\u00e9rcio. A manh\u00e3 desta quinta-feira (27) seguiu com lota\u00e7\u00e3o.<br><strong><em><span class=\"has-inline-color has-black-color\">Fonte: Conex\u00e3o Pol\u00edtica<\/span><\/em><\/strong><\/p>\n\n\n\n<div class=\"wp-block-image\"><figure class=\"aligncenter size-large is-resized\"><img loading=\"lazy\" decoding=\"async\" src=\"https:\/\/jornalfatosenoticias.com.br\/wp-content\/uploads\/2023\/03\/logo-Panper_portal.jpg\" alt=\"\" class=\"wp-image-40208\" width=\"295\" height=\"204\" srcset=\"https:\/\/jornalfatosenoticias.com.br\/wp-content\/uploads\/2023\/03\/logo-Panper_portal.jpg 400w, https:\/\/jornalfatosenoticias.com.br\/wp-content\/uploads\/2023\/03\/logo-Panper_portal-300x208.jpg 300w\" sizes=\"auto, (max-width: 295px) 100vw, 295px\" \/><\/figure><\/div>\n\n\n\n<hr class=\"wp-block-separator\"\/>\n\n\n\n<p><span class=\"has-inline-color has-black-color\"><strong>Cercado de pol\u00eamicas, Lula retorna ao Brasil para discutir GSI e CPMI<br><\/strong>Ap\u00f3s &#8220;tour&#8221; na Europa, mandat\u00e1rio tem diversas quest\u00f5es para resolver ainda nesta semana<br><em>Por Raul Holderf Nascimento<\/em><\/span><\/p>\n\n\n\n<div class=\"wp-block-image\"><figure class=\"aligncenter size-large\"><img loading=\"lazy\" decoding=\"async\" width=\"750\" height=\"375\" src=\"https:\/\/jornalfatosenoticias.com.br\/wp-content\/uploads\/2023\/04\/GSI-521.jpg\" alt=\"\" class=\"wp-image-40994\" srcset=\"https:\/\/jornalfatosenoticias.com.br\/wp-content\/uploads\/2023\/04\/GSI-521.jpg 750w, https:\/\/jornalfatosenoticias.com.br\/wp-content\/uploads\/2023\/04\/GSI-521-300x150.jpg 300w\" sizes=\"auto, (max-width: 750px) 100vw, 750px\" \/><figcaption><em><span class=\"has-inline-color has-black-color\">(Foto: Pedro Gontijo)<\/span><\/em><\/figcaption><\/figure><\/div>\n\n\n\n<p>Luiz In\u00e1cio Lula da Silva (PT) se re\u00fane, nesta quinta (27), com ministros e l\u00edderes do governo no Congresso para discutir o futuro do reformula\u00e7\u00e3o do Gabinete de Seguran\u00e7a Institucional (GSI) da presid\u00eancia da Rep\u00fablica, al\u00e9m do andamento da CPMI do 8 de janeiro.<\/p>\n\n\n\n<div class=\"wp-block-image\"><figure class=\"aligncenter size-large is-resized\"><img loading=\"lazy\" decoding=\"async\" src=\"https:\/\/jornalfatosenoticias.com.br\/wp-content\/uploads\/2023\/04\/Logo_MasterMind.jpg\" alt=\"\" class=\"wp-image-40974\" width=\"290\" height=\"211\"\/><\/figure><\/div>\n\n\n\n<p>Os temas devem ser discutidos em uma reuni\u00e3o \u00e0s 10h, no Pal\u00e1cio da Alvorada, e ocorre depois de o mandat\u00e1rio retornar de compromissos oficiais no exterior. Lula tem dito que quer emplacar uma reformula\u00e7\u00e3o no gabinete do GSI. As exonera\u00e7\u00f5es recentes e a CPMI do 8\/1 est\u00e3o diretamente ligadas ao governo.<br>Entre os ministros confirmados para a reuni\u00e3o ministerial, est\u00e3o Fl\u00e1vio Dino (Justi\u00e7a), Alexandre Padilha (Rela\u00e7\u00f5es Institucionais) e Rui Costa (Casa Civil). Al\u00e9m deles, estar\u00e1 presente o senador Randolfe Rodrigues (Rede-AP), l\u00edder no Congresso; senador Jaques Wagner (PT-BA), l\u00edder no Senado; e o deputado Jos\u00e9 Guimar\u00e3es (PT-CE), l\u00edder na C\u00e2mara.<br><strong><span class=\"has-inline-color has-black-color\"><em>Fonte: Conex\u00e3o Pol\u00edtica<\/em><\/span><\/strong><\/p>\n\n\n\n<hr class=\"wp-block-separator\"\/>\n\n\n\n<p><span class=\"has-inline-color has-black-color\"><strong>O que disse Bolsonaro em depoimento \u00e0 Pol\u00edcia Federal<br><\/strong>Direitista foi ouvido durante mais de duas horas como &#8220;instigador&#8221; dos atos 8\/1<br><em>Por Raul Holderf Nascimento<\/em><\/span><\/p>\n\n\n\n<div class=\"wp-block-image\"><figure class=\"aligncenter size-large\"><img loading=\"lazy\" decoding=\"async\" width=\"750\" height=\"375\" src=\"https:\/\/jornalfatosenoticias.com.br\/wp-content\/uploads\/2023\/04\/bolsonaro-521.jpg\" alt=\"\" class=\"wp-image-40995\" srcset=\"https:\/\/jornalfatosenoticias.com.br\/wp-content\/uploads\/2023\/04\/bolsonaro-521.jpg 750w, https:\/\/jornalfatosenoticias.com.br\/wp-content\/uploads\/2023\/04\/bolsonaro-521-300x150.jpg 300w\" sizes=\"auto, (max-width: 750px) 100vw, 750px\" \/><figcaption><em><span class=\"has-inline-color has-black-color\">(Foto: Arquivo PR)<\/span><\/em><\/figcaption><\/figure><\/div>\n\n\n\n<p>O ex-presidente Jair Bolsonaro, do PL, disse \u00e0 Pol\u00edcia Federal, nesta quarta-feira (26), segundo seus advogados, que a elei\u00e7\u00e3o de 2022 \u00e9 \u201cp\u00e1gina virada\u201d e que foi \u201cacidental\u201d a postagem que ele fez no Facebook, no dia 10 de janeiro. O conte\u00fado questionava a vit\u00f3ria de Luiz In\u00e1cio Lula da Silva, do PT.<\/p>\n\n\n\n<div class=\"wp-block-image\"><figure class=\"aligncenter size-large\"><img loading=\"lazy\" decoding=\"async\" width=\"300\" height=\"250\" src=\"https:\/\/jornalfatosenoticias.com.br\/wp-content\/uploads\/2022\/08\/arte-Casarao.jpg\" alt=\"\" class=\"wp-image-33178\"\/><\/figure><\/div>\n\n\n\n<p>Ap\u00f3s a publica\u00e7\u00e3o, Bolsonaro passou a ser investigado no Supremo Tribunal Federal (STF) por suposta incita\u00e7\u00e3o a crimes contra o Estado Democr\u00e1tico de Direito, no \u00e2mbito do inqu\u00e9rito que apura a autoria intelectual dos ataques \u00e0s sedes dos tr\u00eas Poderes no dia 8 de janeiro.<\/p>\n\n\n\n<blockquote class=\"wp-block-quote is-layout-flow wp-block-quote-is-layout-flow\"><p><span class=\"has-inline-color has-luminous-vivid-orange-color\">Sobre esse post, tanto a postagem foi acidental, que ele n\u00e3o fez nenhum coment\u00e1rio em cima desse post. Apagou logo na sequ\u00eancia. O presidente, quando saiu de f\u00e9rias, ele tratou a elei\u00e7\u00e3o como p\u00e1gina virada. Ent\u00e3o, em momento algum voc\u00ea vai encontrar alguma declara\u00e7\u00e3o dele declinando que a elei\u00e7\u00e3o tenha sido fraudada. Em momento algum isso \u00e9 falado\u201d, relatou o advogado Paulo Amador da Cunha Bueno, que tamb\u00e9m participou da audi\u00eancia.<\/span><\/p><\/blockquote>\n\n\n\n<div class=\"wp-block-image\"><figure class=\"aligncenter size-large is-resized\"><img loading=\"lazy\" decoding=\"async\" src=\"https:\/\/jornalfatosenoticias.com.br\/wp-content\/uploads\/2022\/02\/Banner-2.png\" alt=\"\" class=\"wp-image-27877\" width=\"283\" height=\"236\"\/><\/figure><\/div>\n\n\n\n<p>\u201cQuando alertado, quando tomou conhecimento da postagem, sequer havia percebido que havia postado o referido conte\u00fado. Assim que alertado, apagou o v\u00eddeo\u201d, emendou o ex-secret\u00e1rio de Comunica\u00e7\u00e3o do governo de Bolsonaro Fabio Wajngarten, que tamb\u00e9m acompanhou o ex-presidente.<br><strong><span class=\"has-inline-color has-black-color\"><em>Fonte: Conex\u00e3o Pol\u00edtica<\/em><\/span><\/strong><\/p>\n\n\n\n<hr class=\"wp-block-separator\"\/>\n\n\n\n<p><span class=\"has-inline-color has-black-color\"><strong>Em 2023, Vale perde bilh\u00f5es em faturamento<br><\/strong>O resultado afetou negativamente o lucro l\u00edquido da empresa<br><em>Por Artur Piva<\/em><\/span><\/p>\n\n\n\n<div class=\"wp-block-image\"><figure class=\"aligncenter size-large\"><img loading=\"lazy\" decoding=\"async\" width=\"1000\" height=\"689\" src=\"https:\/\/jornalfatosenoticias.com.br\/wp-content\/uploads\/2023\/04\/Vale-521-BBB.jpg\" alt=\"\" class=\"wp-image-40996\" srcset=\"https:\/\/jornalfatosenoticias.com.br\/wp-content\/uploads\/2023\/04\/Vale-521-BBB.jpg 1000w, https:\/\/jornalfatosenoticias.com.br\/wp-content\/uploads\/2023\/04\/Vale-521-BBB-300x207.jpg 300w, https:\/\/jornalfatosenoticias.com.br\/wp-content\/uploads\/2023\/04\/Vale-521-BBB-768x529.jpg 768w\" sizes=\"auto, (max-width: 1000px) 100vw, 1000px\" \/><figcaption><em><span class=\"has-inline-color has-black-color\">(Imagem: Ascom Vale S.A.)<\/span><\/em><\/figcaption><\/figure><\/div>\n\n\n\n<p>Ao longo do primeiro trimestre de 2023, a Vale perdeu bilh\u00f5es em faturamento. Na quarta-feira, 26, a empresa apresentou os resultados do per\u00edodo. As quedas nas receitas da companhia aparecem tanto sobre igual per\u00edodo do ano anterior quanto na compara\u00e7\u00e3o com a soma dos \u00faltimos tr\u00eas meses de 2022.<br>De acordo com o relat\u00f3rio da Vale, o faturamento de janeiro a mar\u00e7o de 2023 foi 22% menor que a cifra dos mesmos meses no ano anterior. Sobre o \u00faltimo trimestre de 2022, a queda chegou a 30%.<\/p>\n\n\n\n<div class=\"wp-block-image\"><figure class=\"aligncenter size-large\"><img loading=\"lazy\" decoding=\"async\" width=\"300\" height=\"222\" src=\"https:\/\/jornalfatosenoticias.com.br\/wp-content\/uploads\/2023\/03\/logo_Juliana-Graca.jpg\" alt=\"\" class=\"wp-image-39283\"\/><\/figure><\/div>\n\n\n\n<p>Entre janeiro e mar\u00e7o de 2023, a empresa conseguiu quase R$ 44 bilh\u00f5es em receitas. Desse modo, houve a perda de R$ 19 bilh\u00f5es sobre os cerca de R$ 63 bilh\u00f5es, faturados de outubro a dezembro, e de R$ 13 bilh\u00f5es para o resultado de do 1\u00ba trimestre de 2022.<br>Com a redu\u00e7\u00e3o no caixa, o lucro l\u00edquido da empresa caiu para menos da metade. A cifra partiu de R$ 23 bilh\u00f5es (no fim de 2022) para R$ 9,5 bilh\u00f5es nos tr\u00eas primeiros meses de 2023.<\/p>\n\n\n\n<div class=\"wp-block-image\"><figure class=\"aligncenter size-large is-resized\"><img loading=\"lazy\" decoding=\"async\" src=\"https:\/\/jornalfatosenoticias.com.br\/wp-content\/uploads\/2022\/10\/RC_800x750_page-0001.jpg\" alt=\"\" class=\"wp-image-35338\" width=\"257\" height=\"241\" srcset=\"https:\/\/jornalfatosenoticias.com.br\/wp-content\/uploads\/2022\/10\/RC_800x750_page-0001.jpg 400w, https:\/\/jornalfatosenoticias.com.br\/wp-content\/uploads\/2022\/10\/RC_800x750_page-0001-300x281.jpg 300w\" sizes=\"auto, (max-width: 257px) 100vw, 257px\" \/><\/figure><\/div>\n\n\n\n<p>A Vale, apesar da perda no faturamento, segue como a empresa de maior relev\u00e2ncia no Ibovespa \u2014 o principal indicador da Bolsa de Valores do Brasil. A participa\u00e7\u00e3o das a\u00e7\u00f5es da companhia carteira que comp\u00f5em o \u00edndice est\u00e1 em 13%. Sendo assim, \u00e9 a mais expressiva atualmente.<br><strong><em><span class=\"has-inline-color has-black-color\">Fonte: Revista Oeste<\/span><\/em><\/strong><\/p>\n\n\n\n<hr class=\"wp-block-separator\"\/>\n\n\n\n<p><span class=\"has-inline-color has-black-color\"><strong>Em crise, Argentina abandona o d\u00f3lar<br><\/strong>Moeda do pa\u00eds registra as piores cota\u00e7\u00f5es de sua hist\u00f3ria<br><em>Por Artur Piva<\/em><\/span><\/p>\n\n\n\n<div class=\"wp-block-image\"><figure class=\"aligncenter size-large\"><img loading=\"lazy\" decoding=\"async\" width=\"967\" height=\"644\" src=\"https:\/\/jornalfatosenoticias.com.br\/wp-content\/uploads\/2023\/04\/Argentina-521.png\" alt=\"\" class=\"wp-image-40997\" srcset=\"https:\/\/jornalfatosenoticias.com.br\/wp-content\/uploads\/2023\/04\/Argentina-521.png 967w, https:\/\/jornalfatosenoticias.com.br\/wp-content\/uploads\/2023\/04\/Argentina-521-300x200.png 300w, https:\/\/jornalfatosenoticias.com.br\/wp-content\/uploads\/2023\/04\/Argentina-521-768x511.png 768w\" sizes=\"auto, (max-width: 967px) 100vw, 967px\" \/><figcaption><em><span class=\"has-inline-color has-black-color\">(Foto: Reprodu\u00e7\u00e3o\/Governo da Argentina)<\/span><\/em><\/figcaption><\/figure><\/div>\n\n\n\n<p>O governo da Argentina liberou o pagamento de importa\u00e7\u00f5es chinesas em yuan, uma tentativa para aliviar os efeitos da disparada do d\u00f3lar. Sergio Massa, ministro argentino da Economia, anunciou a medida na quarta-feira, 25, em coletiva ao lado do embaixador chin\u00eas no pa\u00eds, Zou Xiaoli.<\/p>\n\n\n\n<div class=\"wp-block-image\"><figure class=\"aligncenter size-large is-resized\"><img loading=\"lazy\" decoding=\"async\" src=\"https:\/\/jornalfatosenoticias.com.br\/wp-content\/uploads\/2020\/02\/Logomarca-Principal.gif\" alt=\"\" class=\"wp-image-7872\" width=\"265\" height=\"263\"\/><\/figure><\/div>\n\n\n\n<blockquote class=\"wp-block-quote is-layout-flow wp-block-quote-is-layout-flow\"><p><span class=\"has-inline-color has-luminous-vivid-orange-color\">A pior seca de nossa hist\u00f3ria reduziu nossas exporta\u00e7\u00f5es em US$ 15 bilh\u00f5es e nos colocou no desafio de manter as reservas funcionando para sustentar o volume de importa\u00e7\u00f5es de insumos e mercadorias fundamentais para o n\u00edvel de atividade e produ\u00e7\u00e3o do pa\u00eds\u201d, escreveu Massa no Twitter em uma postagem sobre a mudan\u00e7a.<\/span><\/p><\/blockquote>\n\n\n\n<div class=\"wp-block-image\"><figure class=\"aligncenter size-large\"><img decoding=\"async\" src=\"https:\/\/jornalfatosenoticias.com.br\/wp-content\/uploads\/2020\/02\/logo_esteio.jpg\" alt=\"\" class=\"wp-image-1214\"\/><\/figure><\/div>\n\n\n\n<p>De acordo com o ministro da Economia, o in\u00edcio da troca pelo yuan nos pagamentos para a China come\u00e7a em abril. Neste m\u00eas, a quantia paga em moeda chinesa chega a US$ 1 bilh\u00e3o. Para maio, j\u00e1 existe a previs\u00e3o de US$ 790 milh\u00f5es.<br>Em nota, o governo argentino afirmou que a maior parte dos produtos importados do mercado chin\u00eas s\u00e3o bens de capital. \u201cAs empresas analisadas s\u00e3o principalmente dos setores farmac\u00eautico, petrol\u00edfero, telecomunica\u00e7\u00f5es e automotivo\u201d, afirmou.<\/p>\n\n\n\n<div class=\"wp-block-image\"><figure class=\"aligncenter size-large is-resized\"><img loading=\"lazy\" decoding=\"async\" src=\"https:\/\/jornalfatosenoticias.com.br\/wp-content\/uploads\/2022\/10\/Arte-jornal-Zucchi-600x600_Prancheta-1-1024x1024.jpg\" alt=\"\" class=\"wp-image-34782\" width=\"270\" height=\"270\" srcset=\"https:\/\/jornalfatosenoticias.com.br\/wp-content\/uploads\/2022\/10\/Arte-jornal-Zucchi-600x600_Prancheta-1-1024x1024.jpg 1024w, https:\/\/jornalfatosenoticias.com.br\/wp-content\/uploads\/2022\/10\/Arte-jornal-Zucchi-600x600_Prancheta-1-300x300.jpg 300w, https:\/\/jornalfatosenoticias.com.br\/wp-content\/uploads\/2022\/10\/Arte-jornal-Zucchi-600x600_Prancheta-1-150x150.jpg 150w, https:\/\/jornalfatosenoticias.com.br\/wp-content\/uploads\/2022\/10\/Arte-jornal-Zucchi-600x600_Prancheta-1-768x768.jpg 768w, https:\/\/jornalfatosenoticias.com.br\/wp-content\/uploads\/2022\/10\/Arte-jornal-Zucchi-600x600_Prancheta-1.jpg 1250w\" sizes=\"auto, (max-width: 270px) 100vw, 270px\" \/><\/figure><\/div>\n\n\n\n<p>Os argentinos enfrentam uma crise econ\u00f4mica que fez a moeda local derreter. O governo trabalha com uma cota\u00e7\u00e3o oficial que n\u00e3o encontra lastro na realidade: US$ 1 por 220 pesos. Na pr\u00e1tica, o valor \u00e9 regido pelo mercado paralelo, onde s\u00e3o necess\u00e1rios quase 500 pesos da Argentina para comprar um \u00fanico d\u00f3lar.<br><strong><em><span class=\"has-inline-color has-black-color\">Fonte: Revista Oeste<\/span><\/em><\/strong><\/p>\n\n\n\n<hr class=\"wp-block-separator\"\/>\n\n\n\n<p><span class=\"has-inline-color has-black-color\"><strong>Comiss\u00e3o de Meio Ambiente recebe Marina Silva na pr\u00f3xima semana<br><\/strong><em>Ministra apresentar\u00e1 planos da pasta para o desenvolvimento sustent\u00e1vel<\/em><\/span><\/p>\n\n\n\n<div class=\"wp-block-image\"><figure class=\"aligncenter size-large\"><img loading=\"lazy\" decoding=\"async\" width=\"768\" height=\"457\" src=\"https:\/\/jornalfatosenoticias.com.br\/wp-content\/uploads\/2023\/04\/marina-521.jpeg\" alt=\"\" class=\"wp-image-40998\" srcset=\"https:\/\/jornalfatosenoticias.com.br\/wp-content\/uploads\/2023\/04\/marina-521.jpeg 768w, https:\/\/jornalfatosenoticias.com.br\/wp-content\/uploads\/2023\/04\/marina-521-300x179.jpeg 300w\" sizes=\"auto, (max-width: 768px) 100vw, 768px\" \/><figcaption><em><span class=\"has-inline-color has-black-color\">(Foto: Reprodu\u00e7\u00e3o\/Pal\u00e1cio do Planalto)<\/span><\/em><\/figcaption><\/figure><\/div>\n\n\n\n<p>A Comiss\u00e3o de Meio Ambiente e Desenvolvimento Sustent\u00e1vel da C\u00e2mara dos Deputados recebe na pr\u00f3xima quarta-feira (3) a ministra do Meio Ambiente e Mudan\u00e7a do Clima, Marina Silva. Ela dever\u00e1 apresentar aos parlamentares o trabalho que vem sendo desenvolvido pela pasta para garantir um desenvolvimento sustent\u00e1vel.<\/p>\n\n\n\n<div class=\"wp-block-image\"><figure class=\"aligncenter size-large is-resized\"><img loading=\"lazy\" decoding=\"async\" src=\"https:\/\/jornalfatosenoticias.com.br\/wp-content\/uploads\/2020\/02\/logo-embacia.jpg\" alt=\"\" class=\"wp-image-33905\" width=\"264\" height=\"264\"\/><\/figure><\/div>\n\n\n\n<p>\u201cA presen\u00e7a da ministra na comiss\u00e3o ser\u00e1 uma excelente oportunidade de estreitarmos o di\u00e1logo e tamb\u00e9m aprofundarmos os objetivos de atua\u00e7\u00e3o do minist\u00e9rio junto \u00e0 C\u00e2mara dos Deputados\u201d, disse o presidente do colegiado, deputado Jos\u00e9 Priante (MDB-PA).<br>O encontro acontecer\u00e1 no plen\u00e1rio 2, \u00e0s 10 horas, e foi pedido pelos deputados Amom Mandel (Cidadania-AM), Ivan Valente (Psol-SP), T\u00falio Gadelha (Rede-PE), Nilto Tatto (PT-SP) e Socorro Neri (PP-AC).<br><strong><em><span class=\"has-inline-color has-black-color\">Fonte: Ag\u00eancia C\u00e2mara de Not\u00edcias<\/span><\/em><\/strong><\/p>\n","protected":false},"excerpt":{"rendered":"<p>Pacheco l\u00ea requerimento e CPMI dos atos antidemocr\u00e1ticos ser\u00e1 instalada O presidente do Senado e do Congresso Nacional, Rodrigo Pacheco, fez a leitura do requerimento de instala\u00e7\u00e3o da comiss\u00e3o parlamentar mista de inqu\u00e9rito (CPMI) para apurar os fatos que levaram \u00e0 invas\u00e3o das sedes dos tr\u00eas Poderes, em Bras\u00edlia, no dia 8 de janeiro.Com a [&hellip;]<\/p>\n","protected":false},"author":3,"featured_media":40999,"comment_status":"open","ping_status":"open","sticky":false,"template":"","format":"standard","meta":{"footnotes":""},"categories":[10],"tags":[1006,18533,18629,19220,8580],"class_list":["post-40991","post","type-post","status-publish","format-standard","has-post-thumbnail","hentry","category-politica","tag-bolsa-familia","tag-cpmi-do-8-de-janeiro","tag-crise-argentina","tag-instauracao-da-cpmi","tag-rodrigo-pacheco"],"yoast_head":"<!-- This site is optimized with the Yoast SEO plugin v26.5 - https:\/\/yoast.com\/wordpress\/plugins\/seo\/ -->\n<title>A Semana em Bras\u00edlia e no ES - Jornal Fatos e Not\u00edcias<\/title>\n<meta name=\"robots\" content=\"index, follow, max-snippet:-1, max-image-preview:large, max-video-preview:-1\" \/>\n<link rel=\"canonical\" href=\"https:\/\/jornalfatosenoticias.com.br\/index.php\/2023\/04\/28\/a-semana-em-brasilia-e-no-es-4\/\" \/>\n<meta property=\"og:locale\" content=\"pt_BR\" \/>\n<meta property=\"og:type\" content=\"article\" \/>\n<meta property=\"og:title\" content=\"A Semana em Bras\u00edlia e no ES - Jornal Fatos e Not\u00edcias\" \/>\n<meta property=\"og:description\" content=\"Pacheco l\u00ea requerimento e CPMI dos atos antidemocr\u00e1ticos ser\u00e1 instalada O presidente do Senado e do Congresso Nacional, Rodrigo Pacheco, fez a leitura do requerimento de instala\u00e7\u00e3o da comiss\u00e3o parlamentar mista de inqu\u00e9rito (CPMI) para apurar os fatos que levaram \u00e0 invas\u00e3o das sedes dos tr\u00eas Poderes, em Bras\u00edlia, no dia 8 de janeiro.Com a [&hellip;]\" \/>\n<meta property=\"og:url\" content=\"https:\/\/jornalfatosenoticias.com.br\/index.php\/2023\/04\/28\/a-semana-em-brasilia-e-no-es-4\/\" \/>\n<meta property=\"og:site_name\" content=\"Jornal Fatos e Not\u00edcias\" \/>\n<meta property=\"article:published_time\" content=\"2023-04-28T13:41:53+00:00\" \/>\n<meta property=\"article:modified_time\" content=\"2023-04-28T13:41:54+00:00\" \/>\n<meta property=\"og:image\" content=\"https:\/\/jornalfatosenoticias.com.br\/wp-content\/uploads\/2023\/04\/pacheco_cpmi.jpg\" \/>\n\t<meta property=\"og:image:width\" content=\"1000\" \/>\n\t<meta property=\"og:image:height\" content=\"562\" \/>\n\t<meta property=\"og:image:type\" content=\"image\/jpeg\" \/>\n<meta name=\"author\" content=\"Haroldo Filho\" \/>\n<meta name=\"twitter:card\" content=\"summary_large_image\" \/>\n<meta name=\"twitter:label1\" content=\"Escrito por\" \/>\n\t<meta name=\"twitter:data1\" content=\"Haroldo Filho\" \/>\n\t<meta name=\"twitter:label2\" content=\"Est. tempo de leitura\" \/>\n\t<meta name=\"twitter:data2\" content=\"10 minutos\" \/>\n<script type=\"application\/ld+json\" class=\"yoast-schema-graph\">{\"@context\":\"https:\/\/schema.org\",\"@graph\":[{\"@type\":\"Article\",\"@id\":\"https:\/\/jornalfatosenoticias.com.br\/index.php\/2023\/04\/28\/a-semana-em-brasilia-e-no-es-4\/#article\",\"isPartOf\":{\"@id\":\"https:\/\/jornalfatosenoticias.com.br\/index.php\/2023\/04\/28\/a-semana-em-brasilia-e-no-es-4\/\"},\"author\":{\"name\":\"Haroldo Filho\",\"@id\":\"https:\/\/jornalfatosenoticias.com.br\/#\/schema\/person\/05c46cc25b42a5c27e004fb0fa6b4965\"},\"headline\":\"A Semana em Bras\u00edlia e no ES\",\"datePublished\":\"2023-04-28T13:41:53+00:00\",\"dateModified\":\"2023-04-28T13:41:54+00:00\",\"mainEntityOfPage\":{\"@id\":\"https:\/\/jornalfatosenoticias.com.br\/index.php\/2023\/04\/28\/a-semana-em-brasilia-e-no-es-4\/\"},\"wordCount\":1959,\"commentCount\":0,\"publisher\":{\"@id\":\"https:\/\/jornalfatosenoticias.com.br\/#organization\"},\"image\":{\"@id\":\"https:\/\/jornalfatosenoticias.com.br\/index.php\/2023\/04\/28\/a-semana-em-brasilia-e-no-es-4\/#primaryimage\"},\"thumbnailUrl\":\"https:\/\/jornalfatosenoticias.com.br\/wp-content\/uploads\/2023\/04\/pacheco_cpmi.jpg\",\"keywords\":[\"Bolsa Fam\u00edlia\",\"CPMI do 8 de Janeiro\",\"crise argentina\",\"instaura\u00e7\u00e3o da CPMI\",\"Rodrigo Pacheco\"],\"articleSection\":[\"Pol\u00edtica\"],\"inLanguage\":\"pt-BR\",\"potentialAction\":[{\"@type\":\"CommentAction\",\"name\":\"Comment\",\"target\":[\"https:\/\/jornalfatosenoticias.com.br\/index.php\/2023\/04\/28\/a-semana-em-brasilia-e-no-es-4\/#respond\"]}]},{\"@type\":\"WebPage\",\"@id\":\"https:\/\/jornalfatosenoticias.com.br\/index.php\/2023\/04\/28\/a-semana-em-brasilia-e-no-es-4\/\",\"url\":\"https:\/\/jornalfatosenoticias.com.br\/index.php\/2023\/04\/28\/a-semana-em-brasilia-e-no-es-4\/\",\"name\":\"A Semana em Bras\u00edlia e no ES - Jornal Fatos e Not\u00edcias\",\"isPartOf\":{\"@id\":\"https:\/\/jornalfatosenoticias.com.br\/#website\"},\"primaryImageOfPage\":{\"@id\":\"https:\/\/jornalfatosenoticias.com.br\/index.php\/2023\/04\/28\/a-semana-em-brasilia-e-no-es-4\/#primaryimage\"},\"image\":{\"@id\":\"https:\/\/jornalfatosenoticias.com.br\/index.php\/2023\/04\/28\/a-semana-em-brasilia-e-no-es-4\/#primaryimage\"},\"thumbnailUrl\":\"https:\/\/jornalfatosenoticias.com.br\/wp-content\/uploads\/2023\/04\/pacheco_cpmi.jpg\",\"datePublished\":\"2023-04-28T13:41:53+00:00\",\"dateModified\":\"2023-04-28T13:41:54+00:00\",\"breadcrumb\":{\"@id\":\"https:\/\/jornalfatosenoticias.com.br\/index.php\/2023\/04\/28\/a-semana-em-brasilia-e-no-es-4\/#breadcrumb\"},\"inLanguage\":\"pt-BR\",\"potentialAction\":[{\"@type\":\"ReadAction\",\"target\":[\"https:\/\/jornalfatosenoticias.com.br\/index.php\/2023\/04\/28\/a-semana-em-brasilia-e-no-es-4\/\"]}]},{\"@type\":\"ImageObject\",\"inLanguage\":\"pt-BR\",\"@id\":\"https:\/\/jornalfatosenoticias.com.br\/index.php\/2023\/04\/28\/a-semana-em-brasilia-e-no-es-4\/#primaryimage\",\"url\":\"https:\/\/jornalfatosenoticias.com.br\/wp-content\/uploads\/2023\/04\/pacheco_cpmi.jpg\",\"contentUrl\":\"https:\/\/jornalfatosenoticias.com.br\/wp-content\/uploads\/2023\/04\/pacheco_cpmi.jpg\",\"width\":1000,\"height\":562},{\"@type\":\"BreadcrumbList\",\"@id\":\"https:\/\/jornalfatosenoticias.com.br\/index.php\/2023\/04\/28\/a-semana-em-brasilia-e-no-es-4\/#breadcrumb\",\"itemListElement\":[{\"@type\":\"ListItem\",\"position\":1,\"name\":\"In\u00edcio\",\"item\":\"https:\/\/jornalfatosenoticias.com.br\/\"},{\"@type\":\"ListItem\",\"position\":2,\"name\":\"A Semana em Bras\u00edlia e no ES\"}]},{\"@type\":\"WebSite\",\"@id\":\"https:\/\/jornalfatosenoticias.com.br\/#website\",\"url\":\"https:\/\/jornalfatosenoticias.com.br\/\",\"name\":\"Jornal Fatos e Not\u00edcias\",\"description\":\"Not\u00edcias em geral\",\"publisher\":{\"@id\":\"https:\/\/jornalfatosenoticias.com.br\/#organization\"},\"potentialAction\":[{\"@type\":\"SearchAction\",\"target\":{\"@type\":\"EntryPoint\",\"urlTemplate\":\"https:\/\/jornalfatosenoticias.com.br\/?s={search_term_string}\"},\"query-input\":{\"@type\":\"PropertyValueSpecification\",\"valueRequired\":true,\"valueName\":\"search_term_string\"}}],\"inLanguage\":\"pt-BR\"},{\"@type\":\"Organization\",\"@id\":\"https:\/\/jornalfatosenoticias.com.br\/#organization\",\"name\":\"Jornal Fatos e Not\u00edcias\",\"url\":\"https:\/\/jornalfatosenoticias.com.br\/\",\"logo\":{\"@type\":\"ImageObject\",\"inLanguage\":\"pt-BR\",\"@id\":\"https:\/\/jornalfatosenoticias.com.br\/#\/schema\/logo\/image\/\",\"url\":\"https:\/\/jornalfatosenoticias.com.br\/wp-content\/uploads\/2020\/02\/logo120.png\",\"contentUrl\":\"https:\/\/jornalfatosenoticias.com.br\/wp-content\/uploads\/2020\/02\/logo120.png\",\"width\":1227,\"height\":120,\"caption\":\"Jornal Fatos e Not\u00edcias\"},\"image\":{\"@id\":\"https:\/\/jornalfatosenoticias.com.br\/#\/schema\/logo\/image\/\"}},{\"@type\":\"Person\",\"@id\":\"https:\/\/jornalfatosenoticias.com.br\/#\/schema\/person\/05c46cc25b42a5c27e004fb0fa6b4965\",\"name\":\"Haroldo Filho\",\"image\":{\"@type\":\"ImageObject\",\"inLanguage\":\"pt-BR\",\"@id\":\"https:\/\/jornalfatosenoticias.com.br\/#\/schema\/person\/image\/\",\"url\":\"https:\/\/jornalfatosenoticias.com.br\/wp-content\/uploads\/2025\/08\/WhatsApp-Image-2025-08-18-at-15.30.28-150x150.jpeg\",\"contentUrl\":\"https:\/\/jornalfatosenoticias.com.br\/wp-content\/uploads\/2025\/08\/WhatsApp-Image-2025-08-18-at-15.30.28-150x150.jpeg\",\"caption\":\"Haroldo Filho\"},\"description\":\"Jornalista \u2013 DRT: 0003818\/ES Coordenador-geral da ONG Educar para Crescer\",\"url\":\"https:\/\/jornalfatosenoticias.com.br\/index.php\/author\/haroldo\/\"}]}<\/script>\n<!-- \/ Yoast SEO plugin. -->","yoast_head_json":{"title":"A Semana em Bras\u00edlia e no ES - Jornal Fatos e Not\u00edcias","robots":{"index":"index","follow":"follow","max-snippet":"max-snippet:-1","max-image-preview":"max-image-preview:large","max-video-preview":"max-video-preview:-1"},"canonical":"https:\/\/jornalfatosenoticias.com.br\/index.php\/2023\/04\/28\/a-semana-em-brasilia-e-no-es-4\/","og_locale":"pt_BR","og_type":"article","og_title":"A Semana em Bras\u00edlia e no ES - Jornal Fatos e Not\u00edcias","og_description":"Pacheco l\u00ea requerimento e CPMI dos atos antidemocr\u00e1ticos ser\u00e1 instalada O presidente do Senado e do Congresso Nacional, Rodrigo Pacheco, fez a leitura do requerimento de instala\u00e7\u00e3o da comiss\u00e3o parlamentar mista de inqu\u00e9rito (CPMI) para apurar os fatos que levaram \u00e0 invas\u00e3o das sedes dos tr\u00eas Poderes, em Bras\u00edlia, no dia 8 de janeiro.Com a [&hellip;]","og_url":"https:\/\/jornalfatosenoticias.com.br\/index.php\/2023\/04\/28\/a-semana-em-brasilia-e-no-es-4\/","og_site_name":"Jornal Fatos e Not\u00edcias","article_published_time":"2023-04-28T13:41:53+00:00","article_modified_time":"2023-04-28T13:41:54+00:00","og_image":[{"width":1000,"height":562,"url":"https:\/\/jornalfatosenoticias.com.br\/wp-content\/uploads\/2023\/04\/pacheco_cpmi.jpg","type":"image\/jpeg"}],"author":"Haroldo Filho","twitter_card":"summary_large_image","twitter_misc":{"Escrito por":"Haroldo Filho","Est. tempo de leitura":"10 minutos"},"schema":{"@context":"https:\/\/schema.org","@graph":[{"@type":"Article","@id":"https:\/\/jornalfatosenoticias.com.br\/index.php\/2023\/04\/28\/a-semana-em-brasilia-e-no-es-4\/#article","isPartOf":{"@id":"https:\/\/jornalfatosenoticias.com.br\/index.php\/2023\/04\/28\/a-semana-em-brasilia-e-no-es-4\/"},"author":{"name":"Haroldo Filho","@id":"https:\/\/jornalfatosenoticias.com.br\/#\/schema\/person\/05c46cc25b42a5c27e004fb0fa6b4965"},"headline":"A Semana em Bras\u00edlia e no ES","datePublished":"2023-04-28T13:41:53+00:00","dateModified":"2023-04-28T13:41:54+00:00","mainEntityOfPage":{"@id":"https:\/\/jornalfatosenoticias.com.br\/index.php\/2023\/04\/28\/a-semana-em-brasilia-e-no-es-4\/"},"wordCount":1959,"commentCount":0,"publisher":{"@id":"https:\/\/jornalfatosenoticias.com.br\/#organization"},"image":{"@id":"https:\/\/jornalfatosenoticias.com.br\/index.php\/2023\/04\/28\/a-semana-em-brasilia-e-no-es-4\/#primaryimage"},"thumbnailUrl":"https:\/\/jornalfatosenoticias.com.br\/wp-content\/uploads\/2023\/04\/pacheco_cpmi.jpg","keywords":["Bolsa Fam\u00edlia","CPMI do 8 de Janeiro","crise argentina","instaura\u00e7\u00e3o da CPMI","Rodrigo Pacheco"],"articleSection":["Pol\u00edtica"],"inLanguage":"pt-BR","potentialAction":[{"@type":"CommentAction","name":"Comment","target":["https:\/\/jornalfatosenoticias.com.br\/index.php\/2023\/04\/28\/a-semana-em-brasilia-e-no-es-4\/#respond"]}]},{"@type":"WebPage","@id":"https:\/\/jornalfatosenoticias.com.br\/index.php\/2023\/04\/28\/a-semana-em-brasilia-e-no-es-4\/","url":"https:\/\/jornalfatosenoticias.com.br\/index.php\/2023\/04\/28\/a-semana-em-brasilia-e-no-es-4\/","name":"A Semana em Bras\u00edlia e no ES - Jornal Fatos e Not\u00edcias","isPartOf":{"@id":"https:\/\/jornalfatosenoticias.com.br\/#website"},"primaryImageOfPage":{"@id":"https:\/\/jornalfatosenoticias.com.br\/index.php\/2023\/04\/28\/a-semana-em-brasilia-e-no-es-4\/#primaryimage"},"image":{"@id":"https:\/\/jornalfatosenoticias.com.br\/index.php\/2023\/04\/28\/a-semana-em-brasilia-e-no-es-4\/#primaryimage"},"thumbnailUrl":"https:\/\/jornalfatosenoticias.com.br\/wp-content\/uploads\/2023\/04\/pacheco_cpmi.jpg","datePublished":"2023-04-28T13:41:53+00:00","dateModified":"2023-04-28T13:41:54+00:00","breadcrumb":{"@id":"https:\/\/jornalfatosenoticias.com.br\/index.php\/2023\/04\/28\/a-semana-em-brasilia-e-no-es-4\/#breadcrumb"},"inLanguage":"pt-BR","potentialAction":[{"@type":"ReadAction","target":["https:\/\/jornalfatosenoticias.com.br\/index.php\/2023\/04\/28\/a-semana-em-brasilia-e-no-es-4\/"]}]},{"@type":"ImageObject","inLanguage":"pt-BR","@id":"https:\/\/jornalfatosenoticias.com.br\/index.php\/2023\/04\/28\/a-semana-em-brasilia-e-no-es-4\/#primaryimage","url":"https:\/\/jornalfatosenoticias.com.br\/wp-content\/uploads\/2023\/04\/pacheco_cpmi.jpg","contentUrl":"https:\/\/jornalfatosenoticias.com.br\/wp-content\/uploads\/2023\/04\/pacheco_cpmi.jpg","width":1000,"height":562},{"@type":"BreadcrumbList","@id":"https:\/\/jornalfatosenoticias.com.br\/index.php\/2023\/04\/28\/a-semana-em-brasilia-e-no-es-4\/#breadcrumb","itemListElement":[{"@type":"ListItem","position":1,"name":"In\u00edcio","item":"https:\/\/jornalfatosenoticias.com.br\/"},{"@type":"ListItem","position":2,"name":"A Semana em Bras\u00edlia e no ES"}]},{"@type":"WebSite","@id":"https:\/\/jornalfatosenoticias.com.br\/#website","url":"https:\/\/jornalfatosenoticias.com.br\/","name":"Jornal Fatos e Not\u00edcias","description":"Not\u00edcias em geral","publisher":{"@id":"https:\/\/jornalfatosenoticias.com.br\/#organization"},"potentialAction":[{"@type":"SearchAction","target":{"@type":"EntryPoint","urlTemplate":"https:\/\/jornalfatosenoticias.com.br\/?s={search_term_string}"},"query-input":{"@type":"PropertyValueSpecification","valueRequired":true,"valueName":"search_term_string"}}],"inLanguage":"pt-BR"},{"@type":"Organization","@id":"https:\/\/jornalfatosenoticias.com.br\/#organization","name":"Jornal Fatos e Not\u00edcias","url":"https:\/\/jornalfatosenoticias.com.br\/","logo":{"@type":"ImageObject","inLanguage":"pt-BR","@id":"https:\/\/jornalfatosenoticias.com.br\/#\/schema\/logo\/image\/","url":"https:\/\/jornalfatosenoticias.com.br\/wp-content\/uploads\/2020\/02\/logo120.png","contentUrl":"https:\/\/jornalfatosenoticias.com.br\/wp-content\/uploads\/2020\/02\/logo120.png","width":1227,"height":120,"caption":"Jornal Fatos e Not\u00edcias"},"image":{"@id":"https:\/\/jornalfatosenoticias.com.br\/#\/schema\/logo\/image\/"}},{"@type":"Person","@id":"https:\/\/jornalfatosenoticias.com.br\/#\/schema\/person\/05c46cc25b42a5c27e004fb0fa6b4965","name":"Haroldo Filho","image":{"@type":"ImageObject","inLanguage":"pt-BR","@id":"https:\/\/jornalfatosenoticias.com.br\/#\/schema\/person\/image\/","url":"https:\/\/jornalfatosenoticias.com.br\/wp-content\/uploads\/2025\/08\/WhatsApp-Image-2025-08-18-at-15.30.28-150x150.jpeg","contentUrl":"https:\/\/jornalfatosenoticias.com.br\/wp-content\/uploads\/2025\/08\/WhatsApp-Image-2025-08-18-at-15.30.28-150x150.jpeg","caption":"Haroldo Filho"},"description":"Jornalista \u2013 DRT: 0003818\/ES Coordenador-geral da ONG Educar para Crescer","url":"https:\/\/jornalfatosenoticias.com.br\/index.php\/author\/haroldo\/"}]}},"cc_featured_image_caption":{"caption_text":"(Foto: Reprodu\u00e7\u00e3o) ","source_text":"","source_url":""},"jetpack_featured_media_url":"https:\/\/jornalfatosenoticias.com.br\/wp-content\/uploads\/2023\/04\/pacheco_cpmi.jpg","_links":{"self":[{"href":"https:\/\/jornalfatosenoticias.com.br\/index.php\/wp-json\/wp\/v2\/posts\/40991","targetHints":{"allow":["GET"]}}],"collection":[{"href":"https:\/\/jornalfatosenoticias.com.br\/index.php\/wp-json\/wp\/v2\/posts"}],"about":[{"href":"https:\/\/jornalfatosenoticias.com.br\/index.php\/wp-json\/wp\/v2\/types\/post"}],"author":[{"embeddable":true,"href":"https:\/\/jornalfatosenoticias.com.br\/index.php\/wp-json\/wp\/v2\/users\/3"}],"replies":[{"embeddable":true,"href":"https:\/\/jornalfatosenoticias.com.br\/index.php\/wp-json\/wp\/v2\/comments?post=40991"}],"version-history":[{"count":0,"href":"https:\/\/jornalfatosenoticias.com.br\/index.php\/wp-json\/wp\/v2\/posts\/40991\/revisions"}],"wp:featuredmedia":[{"embeddable":true,"href":"https:\/\/jornalfatosenoticias.com.br\/index.php\/wp-json\/wp\/v2\/media\/40999"}],"wp:attachment":[{"href":"https:\/\/jornalfatosenoticias.com.br\/index.php\/wp-json\/wp\/v2\/media?parent=40991"}],"wp:term":[{"taxonomy":"category","embeddable":true,"href":"https:\/\/jornalfatosenoticias.com.br\/index.php\/wp-json\/wp\/v2\/categories?post=40991"},{"taxonomy":"post_tag","embeddable":true,"href":"https:\/\/jornalfatosenoticias.com.br\/index.php\/wp-json\/wp\/v2\/tags?post=40991"}],"curies":[{"name":"wp","href":"https:\/\/api.w.org\/{rel}","templated":true}]}}