{"id":41002,"date":"2023-04-28T11:08:59","date_gmt":"2023-04-28T14:08:59","guid":{"rendered":"https:\/\/jornalfatosenoticias.com.br\/?p=41002"},"modified":"2023-04-28T11:09:01","modified_gmt":"2023-04-28T14:09:01","slug":"descoberta-sobre-tartarugas-de-agua-doce-surpreende-cientistas-elas-se-aquecem-a-luz-da-lua","status":"publish","type":"post","link":"https:\/\/jornalfatosenoticias.com.br\/index.php\/2023\/04\/28\/descoberta-sobre-tartarugas-de-agua-doce-surpreende-cientistas-elas-se-aquecem-a-luz-da-lua\/","title":{"rendered":"Descoberta sobre tartarugas de \u00e1gua doce surpreende cientistas: elas se aquecem \u00e0 luz da Lua"},"content":{"rendered":"\n<p><em><span class=\"has-inline-color has-black-color\">Comportamento rec\u00e9m-descoberto pode oferecer uma pista de como esses r\u00e9pteis podem se adaptar em um planeta em aquecimento<\/span><\/em><\/p>\n\n\n\n<div class=\"wp-block-image\"><figure class=\"aligncenter size-large is-resized\"><img loading=\"lazy\" decoding=\"async\" src=\"https:\/\/jornalfatosenoticias.com.br\/wp-content\/uploads\/2023\/04\/Logo_MasterMind.jpg\" alt=\"\" class=\"wp-image-40974\" width=\"286\" height=\"208\"\/><\/figure><\/div>\n\n\n\n<p>Durante uma pesquisa de campo na cidade costeira de Townsville, na Austr\u00e1lia, dois cientistas notaram algo estranho: as tartarugas fluviais de Krefft se aquecendo \u00e0 luz da Lua, exatamente como fazem durante o dia.<\/p>\n\n\n\n<blockquote class=\"wp-block-quote is-layout-flow wp-block-quote-is-layout-flow\"><p><span class=\"has-inline-color has-luminous-vivid-orange-color\">Na \u00e9poca, n\u00e3o pensei muito sobre isso&#8221;, diz Eric Nordberg, ecologista da Universidade de New England, na Austr\u00e1lia, em reportagem da <strong><a class=\"\" href=\"https:\/\/www.nationalgeographicbrasil.com\/animais\/2023\/04\/nova-descoberta-levanta-um-misterio-sobre-as-tartarugas\" target=\"_blank\" rel=\"noreferrer noopener\">National Geographic<\/a><\/strong>. &#8220;Hoje em dia, \u00e9 muito raro descobrir algo que ningu\u00e9m mais tenha visto.&#8221; Depois daquela noite, em 2017, \u201cdescobrimos que outros cientistas n\u00e3o tinham ouvido falar de tartarugas se aquecendo \u00e0 noite, e n\u00e3o havia estudos sobre o comportamento\u201d, acrescenta.<\/span><\/p><\/blockquote>\n\n\n\n<div class=\"wp-block-image\"><figure class=\"aligncenter size-large is-resized\"><img loading=\"lazy\" decoding=\"async\" src=\"https:\/\/jornalfatosenoticias.com.br\/wp-content\/uploads\/2022\/02\/FERRARI_MAQUINAS-E-FERRAMENTAS2.jpg\" alt=\"\" class=\"wp-image-27860\" width=\"280\" height=\"234\"\/><\/figure><\/div>\n\n\n\n<p>Desde ent\u00e3o, Nordberg e Don McKnight, bi\u00f3logo da Universidade de La Trobe, pesquisaram o assunto e, recentemente, publicaram um artigo na Global Ecology and Conservation, que mostra que n\u00e3o apenas as tartarugas de todo o mundo exibem esse comportamento, mas que isso poderia ajudar os especialistas a entender <strong>como os r\u00e9pteis amea\u00e7ados podem reagir em um mundo em aquecimento.<\/strong> Por serem ectot\u00e9rmicas (animais de sangue frio), as tartarugas de \u00e1gua doce n\u00e3o conseguem controlar a temperatura do corpo, por isso elas descansam em objetos fixos fora da \u00e1gua, como pedras e troncos, para se aquecerem ao Sol.<\/p>\n\n\n\n<div class=\"wp-block-image\"><figure class=\"aligncenter size-large is-resized\"><img loading=\"lazy\" decoding=\"async\" src=\"https:\/\/jornalfatosenoticias.com.br\/wp-content\/uploads\/2022\/07\/Logo-Grupo-SEI.jpg\" alt=\"\" class=\"wp-image-31973\" width=\"320\" height=\"168\" srcset=\"https:\/\/jornalfatosenoticias.com.br\/wp-content\/uploads\/2022\/07\/Logo-Grupo-SEI.jpg 713w, https:\/\/jornalfatosenoticias.com.br\/wp-content\/uploads\/2022\/07\/Logo-Grupo-SEI-300x158.jpg 300w\" sizes=\"auto, (max-width: 320px) 100vw, 320px\" \/><\/figure><\/div>\n\n\n\n<p>Para descobrir se as tartarugas de Townsville que descansam \u00e0 noite eram uma anomalia, Nordberg e McKnight elaboraram uma pesquisa global. Em 2019, eles fizeram uma chamada internacional para que os colaboradores observassem <strong>o aquecimento noturno <\/strong>e compartilhassem seus dados. Pesquisadores da Am\u00e9rica do Norte, Caribe, Europa, \u00c1sia, \u00c1frica, Seychelles e Austr\u00e1lia coletaram quase 900 mil fotos de 29 esp\u00e9cies diferentes, representando sete das 11 fam\u00edlias de tartarugas de \u00e1gua doce.<br>Treze dessas esp\u00e9cies, em seis fam\u00edlias, foram vistas se aquecendo \u00e0 noite, e elas tendiam a se aquecer \u00e0 noite por mais tempo do que durante o dia.<\/p>\n\n\n\n<div class=\"wp-block-image\"><figure class=\"aligncenter size-large\"><img loading=\"lazy\" decoding=\"async\" width=\"300\" height=\"250\" src=\"https:\/\/jornalfatosenoticias.com.br\/wp-content\/uploads\/2022\/02\/Banner-2.png\" alt=\"\" class=\"wp-image-27877\"\/><\/figure><\/div>\n\n\n\n<blockquote class=\"wp-block-quote is-layout-flow wp-block-quote-is-layout-flow\"><p><span class=\"has-inline-color has-luminous-vivid-orange-color\">Parece que isso \u00e9 algo bastante comum entre as tartarugas, algo que n\u00e3o havia sido relatado antes, o que \u00e9 muito legal&#8221;, disse McKnight.<\/span><\/p><\/blockquote>\n\n\n\n<div class=\"wp-block-image\"><figure class=\"aligncenter size-large\"><img decoding=\"async\" src=\"https:\/\/jornalfatosenoticias.com.br\/wp-content\/uploads\/2020\/02\/barao-das-carnes-300x164-1.jpg\" alt=\"\" class=\"wp-image-34339\"\/><\/figure><\/div>\n\n\n\n<p>O estudo tamb\u00e9m encontrou varia\u00e7\u00f5es entre as esp\u00e9cies. Algumas se aqueciam \u00e0 noite com mais regularidade do que outras; especificamente, as tartarugas de Townsville foram as que mais se aqueciam \u00e0 noite. Segundo os pesquisadores, as tartarugas se aqueciam mais durante o dia e \u00e0 noite quando a \u00e1gua estava mais quente do que o normal. Isso sugere que, pelo menos no caso das tartarugas do rio Krefft, o aquecimento noturno permite que as tartarugas se refresquem quando a \u00e1gua est\u00e1 quente. &#8220;\u00c9 muito legal, porque \u00e9 o oposto do que elas fazem durante o dia&#8221;, diz McKnight.<\/p>\n\n\n\n<div class=\"wp-block-image\"><figure class=\"aligncenter size-large is-resized\"><img loading=\"lazy\" decoding=\"async\" src=\"https:\/\/jornalfatosenoticias.com.br\/wp-content\/uploads\/2023\/03\/Crypton-1000-\u00d7-900-px-300x270-1.png\" alt=\"\" class=\"wp-image-40206\" width=\"279\" height=\"251\"\/><\/figure><\/div>\n\n\n\n<p>Esse estudo pode esclarecer como as tartarugas reagem ao aquecimento da Terra devido \u00e0s mudan\u00e7as clim\u00e1ticas. A proje\u00e7\u00e3o \u00e9 de que as temperaturas globais aumentem cerca de 1,3 grau Celsius at\u00e9 2030. Isso tamb\u00e9m \u00e9 relevante, pois a pesquisa sugere que as tartarugas de \u00e1gua doce evitam o calor mais do que se pensava anteriormente.<\/p>\n\n\n\n<div class=\"wp-block-image\"><figure class=\"aligncenter size-large is-resized\"><img loading=\"lazy\" decoding=\"async\" src=\"https:\/\/jornalfatosenoticias.com.br\/wp-content\/uploads\/2023\/03\/nova-logo-Marquetti.jpg\" alt=\"\" class=\"wp-image-40207\" width=\"294\" height=\"197\" srcset=\"https:\/\/jornalfatosenoticias.com.br\/wp-content\/uploads\/2023\/03\/nova-logo-Marquetti.jpg 643w, https:\/\/jornalfatosenoticias.com.br\/wp-content\/uploads\/2023\/03\/nova-logo-Marquetti-300x202.jpg 300w\" sizes=\"auto, (max-width: 294px) 100vw, 294px\" \/><\/figure><\/div>\n\n\n\n<p>Um estudo recente previu que os aumentos de temperatura decorrentes da mudan\u00e7a clim\u00e1tica, especialmente as ondas de calor, matariam imediatamente muitos ectot\u00e9rmicos sens\u00edveis ao calor, como as tartarugas. Cerca de 60% das esp\u00e9cies de tartarugas de \u00e1gua doce est\u00e3o amea\u00e7adas ou extintas, devido a fatores como ca\u00e7a ilegal, doen\u00e7as e perda de habitat, de acordo com a Uni\u00e3o Internacional para a Conserva\u00e7\u00e3o da Natureza.<\/p>\n\n\n\n<p><strong><em>Fonte: <a href=\"https:\/\/umsoplaneta.globo.com\/biodiversidade\/noticia\/2023\/04\/27\/descoberta-sobre-tartarugas-de-agua-doce-surpreende-cientistas-elas-se-aquecem-a-luz-da-lua.ghtml\">Um S\u00f3 Planeta<\/a><\/em><\/strong><\/p>\n","protected":false},"excerpt":{"rendered":"<p>Comportamento rec\u00e9m-descoberto pode oferecer uma pista de como esses r\u00e9pteis podem se adaptar em um planeta em aquecimento Durante uma pesquisa de campo na cidade costeira de Townsville, na Austr\u00e1lia, dois cientistas notaram algo estranho: as tartarugas fluviais de Krefft se aquecendo \u00e0 luz da Lua, exatamente como fazem durante o dia. Na \u00e9poca, n\u00e3o [&hellip;]<\/p>\n","protected":false},"author":2,"featured_media":41003,"comment_status":"open","ping_status":"open","sticky":false,"template":"","format":"standard","meta":{"footnotes":""},"categories":[8],"tags":[19222,1400,19223,2102,19221],"class_list":["post-41002","post","type-post","status-publish","format-standard","has-post-thumbnail","hentry","category-meio-ambiente","tag-a-luz-da-lua","tag-comportamento","tag-planeta-em-aquecimento","tag-repteis","tag-tartarugas-de-agua-doce"],"yoast_head":"<!-- This site is optimized with the Yoast SEO plugin v26.5 - https:\/\/yoast.com\/wordpress\/plugins\/seo\/ -->\n<title>Descoberta sobre tartarugas de \u00e1gua doce surpreende cientistas: elas se aquecem \u00e0 luz da Lua - Jornal Fatos e Not\u00edcias<\/title>\n<meta name=\"robots\" content=\"index, follow, max-snippet:-1, max-image-preview:large, max-video-preview:-1\" \/>\n<link rel=\"canonical\" href=\"https:\/\/jornalfatosenoticias.com.br\/index.php\/2023\/04\/28\/descoberta-sobre-tartarugas-de-agua-doce-surpreende-cientistas-elas-se-aquecem-a-luz-da-lua\/\" \/>\n<meta property=\"og:locale\" content=\"pt_BR\" \/>\n<meta property=\"og:type\" content=\"article\" \/>\n<meta property=\"og:title\" content=\"Descoberta sobre tartarugas de \u00e1gua doce surpreende cientistas: elas se aquecem \u00e0 luz da Lua - Jornal Fatos e Not\u00edcias\" \/>\n<meta property=\"og:description\" content=\"Comportamento rec\u00e9m-descoberto pode oferecer uma pista de como esses r\u00e9pteis podem se adaptar em um planeta em aquecimento Durante uma pesquisa de campo na cidade costeira de Townsville, na Austr\u00e1lia, dois cientistas notaram algo estranho: as tartarugas fluviais de Krefft se aquecendo \u00e0 luz da Lua, exatamente como fazem durante o dia. Na \u00e9poca, n\u00e3o [&hellip;]\" \/>\n<meta property=\"og:url\" content=\"https:\/\/jornalfatosenoticias.com.br\/index.php\/2023\/04\/28\/descoberta-sobre-tartarugas-de-agua-doce-surpreende-cientistas-elas-se-aquecem-a-luz-da-lua\/\" \/>\n<meta property=\"og:site_name\" content=\"Jornal Fatos e Not\u00edcias\" \/>\n<meta property=\"article:published_time\" content=\"2023-04-28T14:08:59+00:00\" \/>\n<meta property=\"article:modified_time\" content=\"2023-04-28T14:09:01+00:00\" \/>\n<meta property=\"og:image\" content=\"https:\/\/jornalfatosenoticias.com.br\/wp-content\/uploads\/2023\/04\/tartaruga-de-agua-doce_gettyimages.jpg\" \/>\n\t<meta property=\"og:image:width\" content=\"1000\" \/>\n\t<meta property=\"og:image:height\" content=\"664\" \/>\n\t<meta property=\"og:image:type\" content=\"image\/jpeg\" \/>\n<meta name=\"author\" content=\"Luzimara Fernandes\" \/>\n<meta name=\"twitter:card\" content=\"summary_large_image\" \/>\n<meta name=\"twitter:label1\" content=\"Escrito por\" \/>\n\t<meta name=\"twitter:data1\" content=\"Luzimara Fernandes\" \/>\n\t<meta name=\"twitter:label2\" content=\"Est. tempo de leitura\" \/>\n\t<meta name=\"twitter:data2\" content=\"3 minutos\" \/>\n<script type=\"application\/ld+json\" class=\"yoast-schema-graph\">{\"@context\":\"https:\/\/schema.org\",\"@graph\":[{\"@type\":\"Article\",\"@id\":\"https:\/\/jornalfatosenoticias.com.br\/index.php\/2023\/04\/28\/descoberta-sobre-tartarugas-de-agua-doce-surpreende-cientistas-elas-se-aquecem-a-luz-da-lua\/#article\",\"isPartOf\":{\"@id\":\"https:\/\/jornalfatosenoticias.com.br\/index.php\/2023\/04\/28\/descoberta-sobre-tartarugas-de-agua-doce-surpreende-cientistas-elas-se-aquecem-a-luz-da-lua\/\"},\"author\":{\"name\":\"Luzimara Fernandes\",\"@id\":\"https:\/\/jornalfatosenoticias.com.br\/#\/schema\/person\/d63837fa13ac8666eb9e74e0985d6f81\"},\"headline\":\"Descoberta sobre tartarugas de \u00e1gua doce surpreende cientistas: elas se aquecem \u00e0 luz da Lua\",\"datePublished\":\"2023-04-28T14:08:59+00:00\",\"dateModified\":\"2023-04-28T14:09:01+00:00\",\"mainEntityOfPage\":{\"@id\":\"https:\/\/jornalfatosenoticias.com.br\/index.php\/2023\/04\/28\/descoberta-sobre-tartarugas-de-agua-doce-surpreende-cientistas-elas-se-aquecem-a-luz-da-lua\/\"},\"wordCount\":587,\"commentCount\":0,\"publisher\":{\"@id\":\"https:\/\/jornalfatosenoticias.com.br\/#organization\"},\"image\":{\"@id\":\"https:\/\/jornalfatosenoticias.com.br\/index.php\/2023\/04\/28\/descoberta-sobre-tartarugas-de-agua-doce-surpreende-cientistas-elas-se-aquecem-a-luz-da-lua\/#primaryimage\"},\"thumbnailUrl\":\"https:\/\/jornalfatosenoticias.com.br\/wp-content\/uploads\/2023\/04\/tartaruga-de-agua-doce_gettyimages.jpg\",\"keywords\":[\"\u00e0 luz da Lua\",\"comportamento\",\"planeta em aquecimento\",\"r\u00e9pteis\",\"tartarugas de \u00e1gua doce\"],\"articleSection\":[\"Meio ambiente\"],\"inLanguage\":\"pt-BR\",\"potentialAction\":[{\"@type\":\"CommentAction\",\"name\":\"Comment\",\"target\":[\"https:\/\/jornalfatosenoticias.com.br\/index.php\/2023\/04\/28\/descoberta-sobre-tartarugas-de-agua-doce-surpreende-cientistas-elas-se-aquecem-a-luz-da-lua\/#respond\"]}]},{\"@type\":\"WebPage\",\"@id\":\"https:\/\/jornalfatosenoticias.com.br\/index.php\/2023\/04\/28\/descoberta-sobre-tartarugas-de-agua-doce-surpreende-cientistas-elas-se-aquecem-a-luz-da-lua\/\",\"url\":\"https:\/\/jornalfatosenoticias.com.br\/index.php\/2023\/04\/28\/descoberta-sobre-tartarugas-de-agua-doce-surpreende-cientistas-elas-se-aquecem-a-luz-da-lua\/\",\"name\":\"Descoberta sobre tartarugas de \u00e1gua doce surpreende cientistas: elas se aquecem \u00e0 luz da Lua - Jornal Fatos e Not\u00edcias\",\"isPartOf\":{\"@id\":\"https:\/\/jornalfatosenoticias.com.br\/#website\"},\"primaryImageOfPage\":{\"@id\":\"https:\/\/jornalfatosenoticias.com.br\/index.php\/2023\/04\/28\/descoberta-sobre-tartarugas-de-agua-doce-surpreende-cientistas-elas-se-aquecem-a-luz-da-lua\/#primaryimage\"},\"image\":{\"@id\":\"https:\/\/jornalfatosenoticias.com.br\/index.php\/2023\/04\/28\/descoberta-sobre-tartarugas-de-agua-doce-surpreende-cientistas-elas-se-aquecem-a-luz-da-lua\/#primaryimage\"},\"thumbnailUrl\":\"https:\/\/jornalfatosenoticias.com.br\/wp-content\/uploads\/2023\/04\/tartaruga-de-agua-doce_gettyimages.jpg\",\"datePublished\":\"2023-04-28T14:08:59+00:00\",\"dateModified\":\"2023-04-28T14:09:01+00:00\",\"breadcrumb\":{\"@id\":\"https:\/\/jornalfatosenoticias.com.br\/index.php\/2023\/04\/28\/descoberta-sobre-tartarugas-de-agua-doce-surpreende-cientistas-elas-se-aquecem-a-luz-da-lua\/#breadcrumb\"},\"inLanguage\":\"pt-BR\",\"potentialAction\":[{\"@type\":\"ReadAction\",\"target\":[\"https:\/\/jornalfatosenoticias.com.br\/index.php\/2023\/04\/28\/descoberta-sobre-tartarugas-de-agua-doce-surpreende-cientistas-elas-se-aquecem-a-luz-da-lua\/\"]}]},{\"@type\":\"ImageObject\",\"inLanguage\":\"pt-BR\",\"@id\":\"https:\/\/jornalfatosenoticias.com.br\/index.php\/2023\/04\/28\/descoberta-sobre-tartarugas-de-agua-doce-surpreende-cientistas-elas-se-aquecem-a-luz-da-lua\/#primaryimage\",\"url\":\"https:\/\/jornalfatosenoticias.com.br\/wp-content\/uploads\/2023\/04\/tartaruga-de-agua-doce_gettyimages.jpg\",\"contentUrl\":\"https:\/\/jornalfatosenoticias.com.br\/wp-content\/uploads\/2023\/04\/tartaruga-de-agua-doce_gettyimages.jpg\",\"width\":1000,\"height\":664},{\"@type\":\"BreadcrumbList\",\"@id\":\"https:\/\/jornalfatosenoticias.com.br\/index.php\/2023\/04\/28\/descoberta-sobre-tartarugas-de-agua-doce-surpreende-cientistas-elas-se-aquecem-a-luz-da-lua\/#breadcrumb\",\"itemListElement\":[{\"@type\":\"ListItem\",\"position\":1,\"name\":\"In\u00edcio\",\"item\":\"https:\/\/jornalfatosenoticias.com.br\/\"},{\"@type\":\"ListItem\",\"position\":2,\"name\":\"Descoberta sobre tartarugas de \u00e1gua doce surpreende cientistas: elas se aquecem \u00e0 luz da Lua\"}]},{\"@type\":\"WebSite\",\"@id\":\"https:\/\/jornalfatosenoticias.com.br\/#website\",\"url\":\"https:\/\/jornalfatosenoticias.com.br\/\",\"name\":\"Jornal Fatos e Not\u00edcias\",\"description\":\"Not\u00edcias em geral\",\"publisher\":{\"@id\":\"https:\/\/jornalfatosenoticias.com.br\/#organization\"},\"potentialAction\":[{\"@type\":\"SearchAction\",\"target\":{\"@type\":\"EntryPoint\",\"urlTemplate\":\"https:\/\/jornalfatosenoticias.com.br\/?s={search_term_string}\"},\"query-input\":{\"@type\":\"PropertyValueSpecification\",\"valueRequired\":true,\"valueName\":\"search_term_string\"}}],\"inLanguage\":\"pt-BR\"},{\"@type\":\"Organization\",\"@id\":\"https:\/\/jornalfatosenoticias.com.br\/#organization\",\"name\":\"Jornal Fatos e Not\u00edcias\",\"url\":\"https:\/\/jornalfatosenoticias.com.br\/\",\"logo\":{\"@type\":\"ImageObject\",\"inLanguage\":\"pt-BR\",\"@id\":\"https:\/\/jornalfatosenoticias.com.br\/#\/schema\/logo\/image\/\",\"url\":\"https:\/\/jornalfatosenoticias.com.br\/wp-content\/uploads\/2020\/02\/logo120.png\",\"contentUrl\":\"https:\/\/jornalfatosenoticias.com.br\/wp-content\/uploads\/2020\/02\/logo120.png\",\"width\":1227,\"height\":120,\"caption\":\"Jornal Fatos e Not\u00edcias\"},\"image\":{\"@id\":\"https:\/\/jornalfatosenoticias.com.br\/#\/schema\/logo\/image\/\"}},{\"@type\":\"Person\",\"@id\":\"https:\/\/jornalfatosenoticias.com.br\/#\/schema\/person\/d63837fa13ac8666eb9e74e0985d6f81\",\"name\":\"Luzimara Fernandes\",\"image\":{\"@type\":\"ImageObject\",\"inLanguage\":\"pt-BR\",\"@id\":\"https:\/\/jornalfatosenoticias.com.br\/#\/schema\/person\/image\/\",\"url\":\"https:\/\/jornalfatosenoticias.com.br\/wp-content\/uploads\/2025\/05\/EU_portal.jpg\",\"contentUrl\":\"https:\/\/jornalfatosenoticias.com.br\/wp-content\/uploads\/2025\/05\/EU_portal.jpg\",\"caption\":\"Luzimara Fernandes\"},\"description\":\"Jornalista MTB 2358-ES\",\"sameAs\":[\"https:\/\/jornalfatosenoticias.com.br\"],\"url\":\"https:\/\/jornalfatosenoticias.com.br\/index.php\/author\/luzimara\/\"}]}<\/script>\n<!-- \/ Yoast SEO plugin. -->","yoast_head_json":{"title":"Descoberta sobre tartarugas de \u00e1gua doce surpreende cientistas: elas se aquecem \u00e0 luz da Lua - Jornal Fatos e Not\u00edcias","robots":{"index":"index","follow":"follow","max-snippet":"max-snippet:-1","max-image-preview":"max-image-preview:large","max-video-preview":"max-video-preview:-1"},"canonical":"https:\/\/jornalfatosenoticias.com.br\/index.php\/2023\/04\/28\/descoberta-sobre-tartarugas-de-agua-doce-surpreende-cientistas-elas-se-aquecem-a-luz-da-lua\/","og_locale":"pt_BR","og_type":"article","og_title":"Descoberta sobre tartarugas de \u00e1gua doce surpreende cientistas: elas se aquecem \u00e0 luz da Lua - Jornal Fatos e Not\u00edcias","og_description":"Comportamento rec\u00e9m-descoberto pode oferecer uma pista de como esses r\u00e9pteis podem se adaptar em um planeta em aquecimento Durante uma pesquisa de campo na cidade costeira de Townsville, na Austr\u00e1lia, dois cientistas notaram algo estranho: as tartarugas fluviais de Krefft se aquecendo \u00e0 luz da Lua, exatamente como fazem durante o dia. Na \u00e9poca, n\u00e3o [&hellip;]","og_url":"https:\/\/jornalfatosenoticias.com.br\/index.php\/2023\/04\/28\/descoberta-sobre-tartarugas-de-agua-doce-surpreende-cientistas-elas-se-aquecem-a-luz-da-lua\/","og_site_name":"Jornal Fatos e Not\u00edcias","article_published_time":"2023-04-28T14:08:59+00:00","article_modified_time":"2023-04-28T14:09:01+00:00","og_image":[{"width":1000,"height":664,"url":"https:\/\/jornalfatosenoticias.com.br\/wp-content\/uploads\/2023\/04\/tartaruga-de-agua-doce_gettyimages.jpg","type":"image\/jpeg"}],"author":"Luzimara Fernandes","twitter_card":"summary_large_image","twitter_misc":{"Escrito por":"Luzimara Fernandes","Est. tempo de leitura":"3 minutos"},"schema":{"@context":"https:\/\/schema.org","@graph":[{"@type":"Article","@id":"https:\/\/jornalfatosenoticias.com.br\/index.php\/2023\/04\/28\/descoberta-sobre-tartarugas-de-agua-doce-surpreende-cientistas-elas-se-aquecem-a-luz-da-lua\/#article","isPartOf":{"@id":"https:\/\/jornalfatosenoticias.com.br\/index.php\/2023\/04\/28\/descoberta-sobre-tartarugas-de-agua-doce-surpreende-cientistas-elas-se-aquecem-a-luz-da-lua\/"},"author":{"name":"Luzimara Fernandes","@id":"https:\/\/jornalfatosenoticias.com.br\/#\/schema\/person\/d63837fa13ac8666eb9e74e0985d6f81"},"headline":"Descoberta sobre tartarugas de \u00e1gua doce surpreende cientistas: elas se aquecem \u00e0 luz da Lua","datePublished":"2023-04-28T14:08:59+00:00","dateModified":"2023-04-28T14:09:01+00:00","mainEntityOfPage":{"@id":"https:\/\/jornalfatosenoticias.com.br\/index.php\/2023\/04\/28\/descoberta-sobre-tartarugas-de-agua-doce-surpreende-cientistas-elas-se-aquecem-a-luz-da-lua\/"},"wordCount":587,"commentCount":0,"publisher":{"@id":"https:\/\/jornalfatosenoticias.com.br\/#organization"},"image":{"@id":"https:\/\/jornalfatosenoticias.com.br\/index.php\/2023\/04\/28\/descoberta-sobre-tartarugas-de-agua-doce-surpreende-cientistas-elas-se-aquecem-a-luz-da-lua\/#primaryimage"},"thumbnailUrl":"https:\/\/jornalfatosenoticias.com.br\/wp-content\/uploads\/2023\/04\/tartaruga-de-agua-doce_gettyimages.jpg","keywords":["\u00e0 luz da Lua","comportamento","planeta em aquecimento","r\u00e9pteis","tartarugas de \u00e1gua doce"],"articleSection":["Meio ambiente"],"inLanguage":"pt-BR","potentialAction":[{"@type":"CommentAction","name":"Comment","target":["https:\/\/jornalfatosenoticias.com.br\/index.php\/2023\/04\/28\/descoberta-sobre-tartarugas-de-agua-doce-surpreende-cientistas-elas-se-aquecem-a-luz-da-lua\/#respond"]}]},{"@type":"WebPage","@id":"https:\/\/jornalfatosenoticias.com.br\/index.php\/2023\/04\/28\/descoberta-sobre-tartarugas-de-agua-doce-surpreende-cientistas-elas-se-aquecem-a-luz-da-lua\/","url":"https:\/\/jornalfatosenoticias.com.br\/index.php\/2023\/04\/28\/descoberta-sobre-tartarugas-de-agua-doce-surpreende-cientistas-elas-se-aquecem-a-luz-da-lua\/","name":"Descoberta sobre tartarugas de \u00e1gua doce surpreende cientistas: elas se aquecem \u00e0 luz da Lua - Jornal Fatos e Not\u00edcias","isPartOf":{"@id":"https:\/\/jornalfatosenoticias.com.br\/#website"},"primaryImageOfPage":{"@id":"https:\/\/jornalfatosenoticias.com.br\/index.php\/2023\/04\/28\/descoberta-sobre-tartarugas-de-agua-doce-surpreende-cientistas-elas-se-aquecem-a-luz-da-lua\/#primaryimage"},"image":{"@id":"https:\/\/jornalfatosenoticias.com.br\/index.php\/2023\/04\/28\/descoberta-sobre-tartarugas-de-agua-doce-surpreende-cientistas-elas-se-aquecem-a-luz-da-lua\/#primaryimage"},"thumbnailUrl":"https:\/\/jornalfatosenoticias.com.br\/wp-content\/uploads\/2023\/04\/tartaruga-de-agua-doce_gettyimages.jpg","datePublished":"2023-04-28T14:08:59+00:00","dateModified":"2023-04-28T14:09:01+00:00","breadcrumb":{"@id":"https:\/\/jornalfatosenoticias.com.br\/index.php\/2023\/04\/28\/descoberta-sobre-tartarugas-de-agua-doce-surpreende-cientistas-elas-se-aquecem-a-luz-da-lua\/#breadcrumb"},"inLanguage":"pt-BR","potentialAction":[{"@type":"ReadAction","target":["https:\/\/jornalfatosenoticias.com.br\/index.php\/2023\/04\/28\/descoberta-sobre-tartarugas-de-agua-doce-surpreende-cientistas-elas-se-aquecem-a-luz-da-lua\/"]}]},{"@type":"ImageObject","inLanguage":"pt-BR","@id":"https:\/\/jornalfatosenoticias.com.br\/index.php\/2023\/04\/28\/descoberta-sobre-tartarugas-de-agua-doce-surpreende-cientistas-elas-se-aquecem-a-luz-da-lua\/#primaryimage","url":"https:\/\/jornalfatosenoticias.com.br\/wp-content\/uploads\/2023\/04\/tartaruga-de-agua-doce_gettyimages.jpg","contentUrl":"https:\/\/jornalfatosenoticias.com.br\/wp-content\/uploads\/2023\/04\/tartaruga-de-agua-doce_gettyimages.jpg","width":1000,"height":664},{"@type":"BreadcrumbList","@id":"https:\/\/jornalfatosenoticias.com.br\/index.php\/2023\/04\/28\/descoberta-sobre-tartarugas-de-agua-doce-surpreende-cientistas-elas-se-aquecem-a-luz-da-lua\/#breadcrumb","itemListElement":[{"@type":"ListItem","position":1,"name":"In\u00edcio","item":"https:\/\/jornalfatosenoticias.com.br\/"},{"@type":"ListItem","position":2,"name":"Descoberta sobre tartarugas de \u00e1gua doce surpreende cientistas: elas se aquecem \u00e0 luz da Lua"}]},{"@type":"WebSite","@id":"https:\/\/jornalfatosenoticias.com.br\/#website","url":"https:\/\/jornalfatosenoticias.com.br\/","name":"Jornal Fatos e Not\u00edcias","description":"Not\u00edcias em geral","publisher":{"@id":"https:\/\/jornalfatosenoticias.com.br\/#organization"},"potentialAction":[{"@type":"SearchAction","target":{"@type":"EntryPoint","urlTemplate":"https:\/\/jornalfatosenoticias.com.br\/?s={search_term_string}"},"query-input":{"@type":"PropertyValueSpecification","valueRequired":true,"valueName":"search_term_string"}}],"inLanguage":"pt-BR"},{"@type":"Organization","@id":"https:\/\/jornalfatosenoticias.com.br\/#organization","name":"Jornal Fatos e Not\u00edcias","url":"https:\/\/jornalfatosenoticias.com.br\/","logo":{"@type":"ImageObject","inLanguage":"pt-BR","@id":"https:\/\/jornalfatosenoticias.com.br\/#\/schema\/logo\/image\/","url":"https:\/\/jornalfatosenoticias.com.br\/wp-content\/uploads\/2020\/02\/logo120.png","contentUrl":"https:\/\/jornalfatosenoticias.com.br\/wp-content\/uploads\/2020\/02\/logo120.png","width":1227,"height":120,"caption":"Jornal Fatos e Not\u00edcias"},"image":{"@id":"https:\/\/jornalfatosenoticias.com.br\/#\/schema\/logo\/image\/"}},{"@type":"Person","@id":"https:\/\/jornalfatosenoticias.com.br\/#\/schema\/person\/d63837fa13ac8666eb9e74e0985d6f81","name":"Luzimara Fernandes","image":{"@type":"ImageObject","inLanguage":"pt-BR","@id":"https:\/\/jornalfatosenoticias.com.br\/#\/schema\/person\/image\/","url":"https:\/\/jornalfatosenoticias.com.br\/wp-content\/uploads\/2025\/05\/EU_portal.jpg","contentUrl":"https:\/\/jornalfatosenoticias.com.br\/wp-content\/uploads\/2025\/05\/EU_portal.jpg","caption":"Luzimara Fernandes"},"description":"Jornalista MTB 2358-ES","sameAs":["https:\/\/jornalfatosenoticias.com.br"],"url":"https:\/\/jornalfatosenoticias.com.br\/index.php\/author\/luzimara\/"}]}},"cc_featured_image_caption":{"caption_text":"(Foto: Getty Images) ","source_text":"","source_url":""},"jetpack_featured_media_url":"https:\/\/jornalfatosenoticias.com.br\/wp-content\/uploads\/2023\/04\/tartaruga-de-agua-doce_gettyimages.jpg","_links":{"self":[{"href":"https:\/\/jornalfatosenoticias.com.br\/index.php\/wp-json\/wp\/v2\/posts\/41002","targetHints":{"allow":["GET"]}}],"collection":[{"href":"https:\/\/jornalfatosenoticias.com.br\/index.php\/wp-json\/wp\/v2\/posts"}],"about":[{"href":"https:\/\/jornalfatosenoticias.com.br\/index.php\/wp-json\/wp\/v2\/types\/post"}],"author":[{"embeddable":true,"href":"https:\/\/jornalfatosenoticias.com.br\/index.php\/wp-json\/wp\/v2\/users\/2"}],"replies":[{"embeddable":true,"href":"https:\/\/jornalfatosenoticias.com.br\/index.php\/wp-json\/wp\/v2\/comments?post=41002"}],"version-history":[{"count":0,"href":"https:\/\/jornalfatosenoticias.com.br\/index.php\/wp-json\/wp\/v2\/posts\/41002\/revisions"}],"wp:featuredmedia":[{"embeddable":true,"href":"https:\/\/jornalfatosenoticias.com.br\/index.php\/wp-json\/wp\/v2\/media\/41003"}],"wp:attachment":[{"href":"https:\/\/jornalfatosenoticias.com.br\/index.php\/wp-json\/wp\/v2\/media?parent=41002"}],"wp:term":[{"taxonomy":"category","embeddable":true,"href":"https:\/\/jornalfatosenoticias.com.br\/index.php\/wp-json\/wp\/v2\/categories?post=41002"},{"taxonomy":"post_tag","embeddable":true,"href":"https:\/\/jornalfatosenoticias.com.br\/index.php\/wp-json\/wp\/v2\/tags?post=41002"}],"curies":[{"name":"wp","href":"https:\/\/api.w.org\/{rel}","templated":true}]}}