{"id":41005,"date":"2023-04-28T11:21:38","date_gmt":"2023-04-28T14:21:38","guid":{"rendered":"https:\/\/jornalfatosenoticias.com.br\/?p=41005"},"modified":"2023-04-28T11:21:39","modified_gmt":"2023-04-28T14:21:39","slug":"industria-brasileira-enfoca-a-sustentabilidade-no-salao-do-movel-de-milao","status":"publish","type":"post","link":"https:\/\/jornalfatosenoticias.com.br\/index.php\/2023\/04\/28\/industria-brasileira-enfoca-a-sustentabilidade-no-salao-do-movel-de-milao\/","title":{"rendered":"Ind\u00fastria brasileira enfoca a sustentabilidade no Sal\u00e3o do M\u00f3vel de Mil\u00e3o"},"content":{"rendered":"\n<p><em><span class=\"has-inline-color has-black-color\">As marcas nacionais apresentaram um amplo uso de mat\u00e9rias-primas naturais e recicl\u00e1veis, processos de fabrica\u00e7\u00e3o mais limpos e reaproveitamento de materiais<\/span><\/em><\/p>\n\n\n\n<p><em><span class=\"has-inline-color has-black-color\">por <strong>Aline Melo<\/strong><\/span><\/em><\/p>\n\n\n\n<div class=\"wp-block-image\"><figure class=\"aligncenter size-large\"><img loading=\"lazy\" decoding=\"async\" width=\"1024\" height=\"99\" src=\"https:\/\/jornalfatosenoticias.com.br\/wp-content\/uploads\/2020\/02\/Logo-Mizu-segunda-2-1024x99.png\" alt=\"\" class=\"wp-image-2353\" srcset=\"https:\/\/jornalfatosenoticias.com.br\/wp-content\/uploads\/2020\/02\/Logo-Mizu-segunda-2-1024x99.png 1024w, https:\/\/jornalfatosenoticias.com.br\/wp-content\/uploads\/2020\/02\/Logo-Mizu-segunda-2-300x29.png 300w, https:\/\/jornalfatosenoticias.com.br\/wp-content\/uploads\/2020\/02\/Logo-Mizu-segunda-2-768x74.png 768w, https:\/\/jornalfatosenoticias.com.br\/wp-content\/uploads\/2020\/02\/Logo-Mizu-segunda-2.png 1240w\" sizes=\"auto, (max-width: 1024px) 100vw, 1024px\" \/><\/figure><\/div>\n\n\n\n<p>Como esperado, a sustentabilidade foi uma das principais pautas do <strong>Sal\u00e3o do M\u00f3vel de Mil\u00e3o<\/strong> em 2023. No ano em que a feira recebe a certifica\u00e7\u00e3o ISO 20121, atestando sua preocupa\u00e7\u00e3o e a ado\u00e7\u00e3o de estrat\u00e9gias sustent\u00e1veis na realiza\u00e7\u00e3o do evento, as empresas expositoras tamb\u00e9m demonstram maior preocupa\u00e7\u00e3o com o meio ambiente, em especial, as marcas brasileiras.<br>Bem avan\u00e7ada nesta discuss\u00e3o, a ind\u00fastria brasileira de mobili\u00e1rio est\u00e1 entre as que mais apresentam certifica\u00e7\u00f5es que comprovam pr\u00e1ticas de sustentabilidade: cerca de 98% das empresas exportadoras t\u00eam ao menos um tipo de certifica\u00e7\u00e3o. Al\u00e9m disso, nosso setor faz parte do <strong><a class=\"\" href=\"https:\/\/umsoplaneta.globo.com\/financas\/negocios\/noticia\/2023\/04\/25\/pacto-global-da-onu-no-brasil-lanca-campanha-para-transformar-o-planeta-na-empresa-de-capital-aberto-terr4.ghtml\">Pacto Global da Organiza\u00e7\u00e3o das Na\u00e7\u00f5es Unidas<\/a><\/strong> e segue o Guia de Sustentabilidade.<\/p>\n\n\n\n<div class=\"wp-block-image\"><figure class=\"aligncenter size-large is-resized\"><img loading=\"lazy\" decoding=\"async\" src=\"https:\/\/jornalfatosenoticias.com.br\/wp-content\/uploads\/2023\/03\/logo-Panper_portal.jpg\" alt=\"\" class=\"wp-image-40208\" width=\"300\" height=\"208\" srcset=\"https:\/\/jornalfatosenoticias.com.br\/wp-content\/uploads\/2023\/03\/logo-Panper_portal.jpg 400w, https:\/\/jornalfatosenoticias.com.br\/wp-content\/uploads\/2023\/03\/logo-Panper_portal-300x208.jpg 300w\" sizes=\"auto, (max-width: 300px) 100vw, 300px\" \/><\/figure><\/div>\n\n\n\n<p>A import\u00e2ncia dada ao assunto \u00e9 vis\u00edvel na curadoria de pe\u00e7as levadas ao Salone del Mobile e nos estandes do Brazilian Furniture, uma iniciativa da Abim\u00f3vel e da ApexBrasil. &#8220;A competitividade do mobili\u00e1rio brasileiro est\u00e1 na criatividade dos seus designers, na riqueza em recursos materiais, bem como no trabalho artesanal aplicado \u00e0s pe\u00e7as. Seja tratando das mais de 20 mil esp\u00e9cies de madeiras nativas, da l\u00e3, das fibras, das rochas, seja entre tantas outras mat\u00e9rias-primas&#8221;, afirma Irineu Munhoz, presidente da Abim\u00f3vel.<\/p>\n\n\n\n<div class=\"wp-block-image\"><figure class=\"aligncenter size-large\"><img loading=\"lazy\" decoding=\"async\" width=\"666\" height=\"1000\" src=\"https:\/\/jornalfatosenoticias.com.br\/wp-content\/uploads\/2023\/04\/apex-brasil-abimovel-milao2.jpg\" alt=\"\" class=\"wp-image-41006\" srcset=\"https:\/\/jornalfatosenoticias.com.br\/wp-content\/uploads\/2023\/04\/apex-brasil-abimovel-milao2.jpg 666w, https:\/\/jornalfatosenoticias.com.br\/wp-content\/uploads\/2023\/04\/apex-brasil-abimovel-milao2-200x300.jpg 200w\" sizes=\"auto, (max-width: 666px) 100vw, 666px\" \/><figcaption><em><span class=\"has-inline-color has-black-color\">A &#8220;Edge Desk&#8221; \u00e9 parte da nova Cole\u00e7\u00e3o Timeless, da Ornare, feita de madeira maci\u00e7a certificada (Foto: Ornare\/Divulga\u00e7\u00e3o)<\/span><\/em><\/figcaption><\/figure><\/div>\n\n\n\n<p>A cole\u00e7\u00e3o Timeless, lan\u00e7ada pela Ornare durante o Sal\u00e3o do M\u00f3vel, por exemplo, resgata o <strong>uso da madeira maci\u00e7a certificada,<\/strong> um material renov\u00e1vel e biodegrad\u00e1vel. <\/p>\n\n\n\n<blockquote class=\"wp-block-quote is-layout-flow wp-block-quote-is-layout-flow\"><p><span class=\"has-inline-color has-luminous-vivid-orange-color\">Estamos vivendo um per\u00edodo onde a sustentabilidade e a valoriza\u00e7\u00e3o do que \u00e9 duradouro e atemporal se tornaram fundamentais. A nova cole\u00e7\u00e3o \u00e9 uma resposta a esse novo contexto, com m\u00f3veis feitos para durar, atravessar d\u00e9cadas e continuarem relevantes&#8221;, afirma Esther Schattan, s\u00f3cia-fundadora da Ornare.<\/span><\/p><\/blockquote>\n\n\n\n<div class=\"wp-block-image\"><figure class=\"aligncenter size-large is-resized\"><img loading=\"lazy\" decoding=\"async\" src=\"https:\/\/jornalfatosenoticias.com.br\/wp-content\/uploads\/2020\/02\/logo-embacia.jpg\" alt=\"\" class=\"wp-image-33905\" width=\"291\" height=\"291\"\/><\/figure><\/div>\n\n\n\n<p>O uso de mat\u00e9rias-primas ecologicamente respons\u00e1veis tamb\u00e9m \u00e9 uma prioridade da Modalle, que usa em sua ind\u00fastria alum\u00ednio 100% recicl\u00e1vel, madeira teca de reflorestamento, fibra sint\u00e9tica mo\u00edda, entre outros materiais coletados e ressignificados de maneira sustent\u00e1vel.<\/p>\n\n\n\n<div class=\"wp-block-image\"><figure class=\"aligncenter size-large is-resized\"><img loading=\"lazy\" decoding=\"async\" src=\"https:\/\/jornalfatosenoticias.com.br\/wp-content\/uploads\/2023\/04\/Logo_MasterMind.jpg\" alt=\"\" class=\"wp-image-40974\" width=\"282\" height=\"205\"\/><\/figure><\/div>\n\n\n\n<p>As marcas brasileiras tamb\u00e9m demonstram a busca por processos <strong>produtivos mais limpos,<\/strong> a fim de reduzir o impacto ambiental. A Cristais S\u00e3o Marcos, reconhecida pela t\u00e9cnica secular do vidro murano, agora \u00e9 considerada uma empresa ecoeficiente pelo Instituto de Pesquisa e Consultoria de Estudos Avan\u00e7ados Tecnol\u00f3gicos. Isso significa que ela \u00e9 capaz de produzir e entregar mercadorias competitivas sem consumir de maneira exagerada os recursos naturais ou poluir o meio ambiente.<\/p>\n\n\n\n<div class=\"wp-block-image\"><figure class=\"aligncenter size-large\"><img loading=\"lazy\" decoding=\"async\" width=\"750\" height=\"1000\" src=\"https:\/\/jornalfatosenoticias.com.br\/wp-content\/uploads\/2023\/04\/apex-brasil-abimovel-milao3.jpg\" alt=\"\" class=\"wp-image-41007\" srcset=\"https:\/\/jornalfatosenoticias.com.br\/wp-content\/uploads\/2023\/04\/apex-brasil-abimovel-milao3.jpg 750w, https:\/\/jornalfatosenoticias.com.br\/wp-content\/uploads\/2023\/04\/apex-brasil-abimovel-milao3-225x300.jpg 225w\" sizes=\"auto, (max-width: 750px) 100vw, 750px\" \/><figcaption><em><span class=\"has-inline-color has-black-color\">Moodboards da By Kamy re\u00fanem diferentes selos, incluindo parcerias com grandes nomes, como Tarsila do Amaral e Henning Kunow (Foto: Casa e Jardim\/Divulga\u00e7\u00e3o)<\/span><\/em><\/figcaption><\/figure><\/div>\n\n\n\n<div class=\"wp-block-image\"><figure class=\"aligncenter size-large is-resized\"><img loading=\"lazy\" decoding=\"async\" src=\"https:\/\/jornalfatosenoticias.com.br\/wp-content\/uploads\/2023\/04\/baile.jpg\" alt=\"\" class=\"wp-image-40627\" width=\"273\" height=\"273\" srcset=\"https:\/\/jornalfatosenoticias.com.br\/wp-content\/uploads\/2023\/04\/baile.jpg 250w, https:\/\/jornalfatosenoticias.com.br\/wp-content\/uploads\/2023\/04\/baile-150x150.jpg 150w\" sizes=\"auto, (max-width: 273px) 100vw, 273px\" \/><\/figure><\/div>\n\n\n\n<p>Minimizar o desperd\u00edcio \u00e9 outra abordagem sustent\u00e1vel muito explorada no Sal\u00e3o do M\u00f3vel. Um \u00f3timo exemplo vem dos moodboards criados pela By Kamy, que re\u00fanem as tr\u00eas vertentes criativas da marca: by Kamy Arte, Studio by Kamy e by Kamy Verde. Este \u00faltimo selo indica que os tapetes e as tape\u00e7arias assinados por designers renomados s\u00e3o produzidos a partir de fragmentos e sobras de outras pe\u00e7as, reinterpretados em itens \u00fanicos.<\/p>\n\n\n\n<p><strong><em>Fonte: <a href=\"https:\/\/umsoplaneta.globo.com\/cultura-design-e-moda\/noticia\/2023\/04\/28\/industria-brasileira-enfoca-a-sustentabilidade-no-salao-do-movel-de-milao.ghtml\">Um S\u00f3 Planeta<\/a><\/em><\/strong><\/p>\n","protected":false},"excerpt":{"rendered":"<p>As marcas nacionais apresentaram um amplo uso de mat\u00e9rias-primas naturais e recicl\u00e1veis, processos de fabrica\u00e7\u00e3o mais limpos e reaproveitamento de materiais por Aline Melo Como esperado, a sustentabilidade foi uma das principais pautas do Sal\u00e3o do M\u00f3vel de Mil\u00e3o em 2023. No ano em que a feira recebe a certifica\u00e7\u00e3o ISO 20121, atestando sua preocupa\u00e7\u00e3o [&hellip;]<\/p>\n","protected":false},"author":2,"featured_media":41008,"comment_status":"open","ping_status":"open","sticky":false,"template":"","format":"standard","meta":{"footnotes":""},"categories":[744],"tags":[19225,3055,4994,19224,734],"class_list":["post-41005","post","type-post","status-publish","format-standard","has-post-thumbnail","hentry","category-arq-urbanismo","tag-industria-brasileira","tag-materiais-reciclaveis","tag-reaproveitamento","tag-salao-do-movel-de-milao","tag-sustentabilidade"],"yoast_head":"<!-- This site is optimized with the Yoast SEO plugin v26.5 - https:\/\/yoast.com\/wordpress\/plugins\/seo\/ -->\n<title>Ind\u00fastria brasileira enfoca a sustentabilidade no Sal\u00e3o do M\u00f3vel de Mil\u00e3o - Jornal Fatos e Not\u00edcias<\/title>\n<meta name=\"robots\" content=\"index, follow, max-snippet:-1, max-image-preview:large, max-video-preview:-1\" \/>\n<link rel=\"canonical\" href=\"https:\/\/jornalfatosenoticias.com.br\/index.php\/2023\/04\/28\/industria-brasileira-enfoca-a-sustentabilidade-no-salao-do-movel-de-milao\/\" \/>\n<meta property=\"og:locale\" content=\"pt_BR\" \/>\n<meta property=\"og:type\" content=\"article\" \/>\n<meta property=\"og:title\" content=\"Ind\u00fastria brasileira enfoca a sustentabilidade no Sal\u00e3o do M\u00f3vel de Mil\u00e3o - Jornal Fatos e Not\u00edcias\" \/>\n<meta property=\"og:description\" content=\"As marcas nacionais apresentaram um amplo uso de mat\u00e9rias-primas naturais e recicl\u00e1veis, processos de fabrica\u00e7\u00e3o mais limpos e reaproveitamento de materiais por Aline Melo Como esperado, a sustentabilidade foi uma das principais pautas do Sal\u00e3o do M\u00f3vel de Mil\u00e3o em 2023. No ano em que a feira recebe a certifica\u00e7\u00e3o ISO 20121, atestando sua preocupa\u00e7\u00e3o [&hellip;]\" \/>\n<meta property=\"og:url\" content=\"https:\/\/jornalfatosenoticias.com.br\/index.php\/2023\/04\/28\/industria-brasileira-enfoca-a-sustentabilidade-no-salao-do-movel-de-milao\/\" \/>\n<meta property=\"og:site_name\" content=\"Jornal Fatos e Not\u00edcias\" \/>\n<meta property=\"article:published_time\" content=\"2023-04-28T14:21:38+00:00\" \/>\n<meta property=\"article:modified_time\" content=\"2023-04-28T14:21:39+00:00\" \/>\n<meta property=\"og:image\" content=\"https:\/\/jornalfatosenoticias.com.br\/wp-content\/uploads\/2023\/04\/apex-brasil-abimovel-milao.jpg\" \/>\n\t<meta property=\"og:image:width\" content=\"1000\" \/>\n\t<meta property=\"og:image:height\" content=\"659\" \/>\n\t<meta property=\"og:image:type\" content=\"image\/jpeg\" \/>\n<meta name=\"author\" content=\"Luzimara Fernandes\" \/>\n<meta name=\"twitter:card\" content=\"summary_large_image\" \/>\n<meta name=\"twitter:label1\" content=\"Escrito por\" \/>\n\t<meta name=\"twitter:data1\" content=\"Luzimara Fernandes\" \/>\n\t<meta name=\"twitter:label2\" content=\"Est. tempo de leitura\" \/>\n\t<meta name=\"twitter:data2\" content=\"3 minutos\" \/>\n<script type=\"application\/ld+json\" class=\"yoast-schema-graph\">{\"@context\":\"https:\/\/schema.org\",\"@graph\":[{\"@type\":\"Article\",\"@id\":\"https:\/\/jornalfatosenoticias.com.br\/index.php\/2023\/04\/28\/industria-brasileira-enfoca-a-sustentabilidade-no-salao-do-movel-de-milao\/#article\",\"isPartOf\":{\"@id\":\"https:\/\/jornalfatosenoticias.com.br\/index.php\/2023\/04\/28\/industria-brasileira-enfoca-a-sustentabilidade-no-salao-do-movel-de-milao\/\"},\"author\":{\"name\":\"Luzimara Fernandes\",\"@id\":\"https:\/\/jornalfatosenoticias.com.br\/#\/schema\/person\/d63837fa13ac8666eb9e74e0985d6f81\"},\"headline\":\"Ind\u00fastria brasileira enfoca a sustentabilidade no Sal\u00e3o do M\u00f3vel de Mil\u00e3o\",\"datePublished\":\"2023-04-28T14:21:38+00:00\",\"dateModified\":\"2023-04-28T14:21:39+00:00\",\"mainEntityOfPage\":{\"@id\":\"https:\/\/jornalfatosenoticias.com.br\/index.php\/2023\/04\/28\/industria-brasileira-enfoca-a-sustentabilidade-no-salao-do-movel-de-milao\/\"},\"wordCount\":587,\"commentCount\":0,\"publisher\":{\"@id\":\"https:\/\/jornalfatosenoticias.com.br\/#organization\"},\"image\":{\"@id\":\"https:\/\/jornalfatosenoticias.com.br\/index.php\/2023\/04\/28\/industria-brasileira-enfoca-a-sustentabilidade-no-salao-do-movel-de-milao\/#primaryimage\"},\"thumbnailUrl\":\"https:\/\/jornalfatosenoticias.com.br\/wp-content\/uploads\/2023\/04\/apex-brasil-abimovel-milao.jpg\",\"keywords\":[\"ind\u00fastria brasileira\",\"materiais recicl\u00e1veis\",\"reaproveitamento\",\"Sal\u00e3o do M\u00f3vel de Mil\u00e3o\",\"sustentabilidade\"],\"articleSection\":[\"Arq &amp; Urb\"],\"inLanguage\":\"pt-BR\",\"potentialAction\":[{\"@type\":\"CommentAction\",\"name\":\"Comment\",\"target\":[\"https:\/\/jornalfatosenoticias.com.br\/index.php\/2023\/04\/28\/industria-brasileira-enfoca-a-sustentabilidade-no-salao-do-movel-de-milao\/#respond\"]}]},{\"@type\":\"WebPage\",\"@id\":\"https:\/\/jornalfatosenoticias.com.br\/index.php\/2023\/04\/28\/industria-brasileira-enfoca-a-sustentabilidade-no-salao-do-movel-de-milao\/\",\"url\":\"https:\/\/jornalfatosenoticias.com.br\/index.php\/2023\/04\/28\/industria-brasileira-enfoca-a-sustentabilidade-no-salao-do-movel-de-milao\/\",\"name\":\"Ind\u00fastria brasileira enfoca a sustentabilidade no Sal\u00e3o do M\u00f3vel de Mil\u00e3o - Jornal Fatos e Not\u00edcias\",\"isPartOf\":{\"@id\":\"https:\/\/jornalfatosenoticias.com.br\/#website\"},\"primaryImageOfPage\":{\"@id\":\"https:\/\/jornalfatosenoticias.com.br\/index.php\/2023\/04\/28\/industria-brasileira-enfoca-a-sustentabilidade-no-salao-do-movel-de-milao\/#primaryimage\"},\"image\":{\"@id\":\"https:\/\/jornalfatosenoticias.com.br\/index.php\/2023\/04\/28\/industria-brasileira-enfoca-a-sustentabilidade-no-salao-do-movel-de-milao\/#primaryimage\"},\"thumbnailUrl\":\"https:\/\/jornalfatosenoticias.com.br\/wp-content\/uploads\/2023\/04\/apex-brasil-abimovel-milao.jpg\",\"datePublished\":\"2023-04-28T14:21:38+00:00\",\"dateModified\":\"2023-04-28T14:21:39+00:00\",\"breadcrumb\":{\"@id\":\"https:\/\/jornalfatosenoticias.com.br\/index.php\/2023\/04\/28\/industria-brasileira-enfoca-a-sustentabilidade-no-salao-do-movel-de-milao\/#breadcrumb\"},\"inLanguage\":\"pt-BR\",\"potentialAction\":[{\"@type\":\"ReadAction\",\"target\":[\"https:\/\/jornalfatosenoticias.com.br\/index.php\/2023\/04\/28\/industria-brasileira-enfoca-a-sustentabilidade-no-salao-do-movel-de-milao\/\"]}]},{\"@type\":\"ImageObject\",\"inLanguage\":\"pt-BR\",\"@id\":\"https:\/\/jornalfatosenoticias.com.br\/index.php\/2023\/04\/28\/industria-brasileira-enfoca-a-sustentabilidade-no-salao-do-movel-de-milao\/#primaryimage\",\"url\":\"https:\/\/jornalfatosenoticias.com.br\/wp-content\/uploads\/2023\/04\/apex-brasil-abimovel-milao.jpg\",\"contentUrl\":\"https:\/\/jornalfatosenoticias.com.br\/wp-content\/uploads\/2023\/04\/apex-brasil-abimovel-milao.jpg\",\"width\":1000,\"height\":659},{\"@type\":\"BreadcrumbList\",\"@id\":\"https:\/\/jornalfatosenoticias.com.br\/index.php\/2023\/04\/28\/industria-brasileira-enfoca-a-sustentabilidade-no-salao-do-movel-de-milao\/#breadcrumb\",\"itemListElement\":[{\"@type\":\"ListItem\",\"position\":1,\"name\":\"In\u00edcio\",\"item\":\"https:\/\/jornalfatosenoticias.com.br\/\"},{\"@type\":\"ListItem\",\"position\":2,\"name\":\"Ind\u00fastria brasileira enfoca a sustentabilidade no Sal\u00e3o do M\u00f3vel de Mil\u00e3o\"}]},{\"@type\":\"WebSite\",\"@id\":\"https:\/\/jornalfatosenoticias.com.br\/#website\",\"url\":\"https:\/\/jornalfatosenoticias.com.br\/\",\"name\":\"Jornal Fatos e Not\u00edcias\",\"description\":\"Not\u00edcias em geral\",\"publisher\":{\"@id\":\"https:\/\/jornalfatosenoticias.com.br\/#organization\"},\"potentialAction\":[{\"@type\":\"SearchAction\",\"target\":{\"@type\":\"EntryPoint\",\"urlTemplate\":\"https:\/\/jornalfatosenoticias.com.br\/?s={search_term_string}\"},\"query-input\":{\"@type\":\"PropertyValueSpecification\",\"valueRequired\":true,\"valueName\":\"search_term_string\"}}],\"inLanguage\":\"pt-BR\"},{\"@type\":\"Organization\",\"@id\":\"https:\/\/jornalfatosenoticias.com.br\/#organization\",\"name\":\"Jornal Fatos e Not\u00edcias\",\"url\":\"https:\/\/jornalfatosenoticias.com.br\/\",\"logo\":{\"@type\":\"ImageObject\",\"inLanguage\":\"pt-BR\",\"@id\":\"https:\/\/jornalfatosenoticias.com.br\/#\/schema\/logo\/image\/\",\"url\":\"https:\/\/jornalfatosenoticias.com.br\/wp-content\/uploads\/2020\/02\/logo120.png\",\"contentUrl\":\"https:\/\/jornalfatosenoticias.com.br\/wp-content\/uploads\/2020\/02\/logo120.png\",\"width\":1227,\"height\":120,\"caption\":\"Jornal Fatos e Not\u00edcias\"},\"image\":{\"@id\":\"https:\/\/jornalfatosenoticias.com.br\/#\/schema\/logo\/image\/\"}},{\"@type\":\"Person\",\"@id\":\"https:\/\/jornalfatosenoticias.com.br\/#\/schema\/person\/d63837fa13ac8666eb9e74e0985d6f81\",\"name\":\"Luzimara Fernandes\",\"image\":{\"@type\":\"ImageObject\",\"inLanguage\":\"pt-BR\",\"@id\":\"https:\/\/jornalfatosenoticias.com.br\/#\/schema\/person\/image\/\",\"url\":\"https:\/\/jornalfatosenoticias.com.br\/wp-content\/uploads\/2025\/05\/EU_portal.jpg\",\"contentUrl\":\"https:\/\/jornalfatosenoticias.com.br\/wp-content\/uploads\/2025\/05\/EU_portal.jpg\",\"caption\":\"Luzimara Fernandes\"},\"description\":\"Jornalista MTB 2358-ES\",\"sameAs\":[\"https:\/\/jornalfatosenoticias.com.br\"],\"url\":\"https:\/\/jornalfatosenoticias.com.br\/index.php\/author\/luzimara\/\"}]}<\/script>\n<!-- \/ Yoast SEO plugin. -->","yoast_head_json":{"title":"Ind\u00fastria brasileira enfoca a sustentabilidade no Sal\u00e3o do M\u00f3vel de Mil\u00e3o - Jornal Fatos e Not\u00edcias","robots":{"index":"index","follow":"follow","max-snippet":"max-snippet:-1","max-image-preview":"max-image-preview:large","max-video-preview":"max-video-preview:-1"},"canonical":"https:\/\/jornalfatosenoticias.com.br\/index.php\/2023\/04\/28\/industria-brasileira-enfoca-a-sustentabilidade-no-salao-do-movel-de-milao\/","og_locale":"pt_BR","og_type":"article","og_title":"Ind\u00fastria brasileira enfoca a sustentabilidade no Sal\u00e3o do M\u00f3vel de Mil\u00e3o - Jornal Fatos e Not\u00edcias","og_description":"As marcas nacionais apresentaram um amplo uso de mat\u00e9rias-primas naturais e recicl\u00e1veis, processos de fabrica\u00e7\u00e3o mais limpos e reaproveitamento de materiais por Aline Melo Como esperado, a sustentabilidade foi uma das principais pautas do Sal\u00e3o do M\u00f3vel de Mil\u00e3o em 2023. No ano em que a feira recebe a certifica\u00e7\u00e3o ISO 20121, atestando sua preocupa\u00e7\u00e3o [&hellip;]","og_url":"https:\/\/jornalfatosenoticias.com.br\/index.php\/2023\/04\/28\/industria-brasileira-enfoca-a-sustentabilidade-no-salao-do-movel-de-milao\/","og_site_name":"Jornal Fatos e Not\u00edcias","article_published_time":"2023-04-28T14:21:38+00:00","article_modified_time":"2023-04-28T14:21:39+00:00","og_image":[{"width":1000,"height":659,"url":"https:\/\/jornalfatosenoticias.com.br\/wp-content\/uploads\/2023\/04\/apex-brasil-abimovel-milao.jpg","type":"image\/jpeg"}],"author":"Luzimara Fernandes","twitter_card":"summary_large_image","twitter_misc":{"Escrito por":"Luzimara Fernandes","Est. tempo de leitura":"3 minutos"},"schema":{"@context":"https:\/\/schema.org","@graph":[{"@type":"Article","@id":"https:\/\/jornalfatosenoticias.com.br\/index.php\/2023\/04\/28\/industria-brasileira-enfoca-a-sustentabilidade-no-salao-do-movel-de-milao\/#article","isPartOf":{"@id":"https:\/\/jornalfatosenoticias.com.br\/index.php\/2023\/04\/28\/industria-brasileira-enfoca-a-sustentabilidade-no-salao-do-movel-de-milao\/"},"author":{"name":"Luzimara Fernandes","@id":"https:\/\/jornalfatosenoticias.com.br\/#\/schema\/person\/d63837fa13ac8666eb9e74e0985d6f81"},"headline":"Ind\u00fastria brasileira enfoca a sustentabilidade no Sal\u00e3o do M\u00f3vel de Mil\u00e3o","datePublished":"2023-04-28T14:21:38+00:00","dateModified":"2023-04-28T14:21:39+00:00","mainEntityOfPage":{"@id":"https:\/\/jornalfatosenoticias.com.br\/index.php\/2023\/04\/28\/industria-brasileira-enfoca-a-sustentabilidade-no-salao-do-movel-de-milao\/"},"wordCount":587,"commentCount":0,"publisher":{"@id":"https:\/\/jornalfatosenoticias.com.br\/#organization"},"image":{"@id":"https:\/\/jornalfatosenoticias.com.br\/index.php\/2023\/04\/28\/industria-brasileira-enfoca-a-sustentabilidade-no-salao-do-movel-de-milao\/#primaryimage"},"thumbnailUrl":"https:\/\/jornalfatosenoticias.com.br\/wp-content\/uploads\/2023\/04\/apex-brasil-abimovel-milao.jpg","keywords":["ind\u00fastria brasileira","materiais recicl\u00e1veis","reaproveitamento","Sal\u00e3o do M\u00f3vel de Mil\u00e3o","sustentabilidade"],"articleSection":["Arq &amp; Urb"],"inLanguage":"pt-BR","potentialAction":[{"@type":"CommentAction","name":"Comment","target":["https:\/\/jornalfatosenoticias.com.br\/index.php\/2023\/04\/28\/industria-brasileira-enfoca-a-sustentabilidade-no-salao-do-movel-de-milao\/#respond"]}]},{"@type":"WebPage","@id":"https:\/\/jornalfatosenoticias.com.br\/index.php\/2023\/04\/28\/industria-brasileira-enfoca-a-sustentabilidade-no-salao-do-movel-de-milao\/","url":"https:\/\/jornalfatosenoticias.com.br\/index.php\/2023\/04\/28\/industria-brasileira-enfoca-a-sustentabilidade-no-salao-do-movel-de-milao\/","name":"Ind\u00fastria brasileira enfoca a sustentabilidade no Sal\u00e3o do M\u00f3vel de Mil\u00e3o - Jornal Fatos e Not\u00edcias","isPartOf":{"@id":"https:\/\/jornalfatosenoticias.com.br\/#website"},"primaryImageOfPage":{"@id":"https:\/\/jornalfatosenoticias.com.br\/index.php\/2023\/04\/28\/industria-brasileira-enfoca-a-sustentabilidade-no-salao-do-movel-de-milao\/#primaryimage"},"image":{"@id":"https:\/\/jornalfatosenoticias.com.br\/index.php\/2023\/04\/28\/industria-brasileira-enfoca-a-sustentabilidade-no-salao-do-movel-de-milao\/#primaryimage"},"thumbnailUrl":"https:\/\/jornalfatosenoticias.com.br\/wp-content\/uploads\/2023\/04\/apex-brasil-abimovel-milao.jpg","datePublished":"2023-04-28T14:21:38+00:00","dateModified":"2023-04-28T14:21:39+00:00","breadcrumb":{"@id":"https:\/\/jornalfatosenoticias.com.br\/index.php\/2023\/04\/28\/industria-brasileira-enfoca-a-sustentabilidade-no-salao-do-movel-de-milao\/#breadcrumb"},"inLanguage":"pt-BR","potentialAction":[{"@type":"ReadAction","target":["https:\/\/jornalfatosenoticias.com.br\/index.php\/2023\/04\/28\/industria-brasileira-enfoca-a-sustentabilidade-no-salao-do-movel-de-milao\/"]}]},{"@type":"ImageObject","inLanguage":"pt-BR","@id":"https:\/\/jornalfatosenoticias.com.br\/index.php\/2023\/04\/28\/industria-brasileira-enfoca-a-sustentabilidade-no-salao-do-movel-de-milao\/#primaryimage","url":"https:\/\/jornalfatosenoticias.com.br\/wp-content\/uploads\/2023\/04\/apex-brasil-abimovel-milao.jpg","contentUrl":"https:\/\/jornalfatosenoticias.com.br\/wp-content\/uploads\/2023\/04\/apex-brasil-abimovel-milao.jpg","width":1000,"height":659},{"@type":"BreadcrumbList","@id":"https:\/\/jornalfatosenoticias.com.br\/index.php\/2023\/04\/28\/industria-brasileira-enfoca-a-sustentabilidade-no-salao-do-movel-de-milao\/#breadcrumb","itemListElement":[{"@type":"ListItem","position":1,"name":"In\u00edcio","item":"https:\/\/jornalfatosenoticias.com.br\/"},{"@type":"ListItem","position":2,"name":"Ind\u00fastria brasileira enfoca a sustentabilidade no Sal\u00e3o do M\u00f3vel de Mil\u00e3o"}]},{"@type":"WebSite","@id":"https:\/\/jornalfatosenoticias.com.br\/#website","url":"https:\/\/jornalfatosenoticias.com.br\/","name":"Jornal Fatos e Not\u00edcias","description":"Not\u00edcias em geral","publisher":{"@id":"https:\/\/jornalfatosenoticias.com.br\/#organization"},"potentialAction":[{"@type":"SearchAction","target":{"@type":"EntryPoint","urlTemplate":"https:\/\/jornalfatosenoticias.com.br\/?s={search_term_string}"},"query-input":{"@type":"PropertyValueSpecification","valueRequired":true,"valueName":"search_term_string"}}],"inLanguage":"pt-BR"},{"@type":"Organization","@id":"https:\/\/jornalfatosenoticias.com.br\/#organization","name":"Jornal Fatos e Not\u00edcias","url":"https:\/\/jornalfatosenoticias.com.br\/","logo":{"@type":"ImageObject","inLanguage":"pt-BR","@id":"https:\/\/jornalfatosenoticias.com.br\/#\/schema\/logo\/image\/","url":"https:\/\/jornalfatosenoticias.com.br\/wp-content\/uploads\/2020\/02\/logo120.png","contentUrl":"https:\/\/jornalfatosenoticias.com.br\/wp-content\/uploads\/2020\/02\/logo120.png","width":1227,"height":120,"caption":"Jornal Fatos e Not\u00edcias"},"image":{"@id":"https:\/\/jornalfatosenoticias.com.br\/#\/schema\/logo\/image\/"}},{"@type":"Person","@id":"https:\/\/jornalfatosenoticias.com.br\/#\/schema\/person\/d63837fa13ac8666eb9e74e0985d6f81","name":"Luzimara Fernandes","image":{"@type":"ImageObject","inLanguage":"pt-BR","@id":"https:\/\/jornalfatosenoticias.com.br\/#\/schema\/person\/image\/","url":"https:\/\/jornalfatosenoticias.com.br\/wp-content\/uploads\/2025\/05\/EU_portal.jpg","contentUrl":"https:\/\/jornalfatosenoticias.com.br\/wp-content\/uploads\/2025\/05\/EU_portal.jpg","caption":"Luzimara Fernandes"},"description":"Jornalista MTB 2358-ES","sameAs":["https:\/\/jornalfatosenoticias.com.br"],"url":"https:\/\/jornalfatosenoticias.com.br\/index.php\/author\/luzimara\/"}]}},"cc_featured_image_caption":{"caption_text":"(Foto: @abimovel\/Instagram\/Reprodu\u00e7\u00e3o)","source_text":"","source_url":""},"jetpack_featured_media_url":"https:\/\/jornalfatosenoticias.com.br\/wp-content\/uploads\/2023\/04\/apex-brasil-abimovel-milao.jpg","_links":{"self":[{"href":"https:\/\/jornalfatosenoticias.com.br\/index.php\/wp-json\/wp\/v2\/posts\/41005","targetHints":{"allow":["GET"]}}],"collection":[{"href":"https:\/\/jornalfatosenoticias.com.br\/index.php\/wp-json\/wp\/v2\/posts"}],"about":[{"href":"https:\/\/jornalfatosenoticias.com.br\/index.php\/wp-json\/wp\/v2\/types\/post"}],"author":[{"embeddable":true,"href":"https:\/\/jornalfatosenoticias.com.br\/index.php\/wp-json\/wp\/v2\/users\/2"}],"replies":[{"embeddable":true,"href":"https:\/\/jornalfatosenoticias.com.br\/index.php\/wp-json\/wp\/v2\/comments?post=41005"}],"version-history":[{"count":0,"href":"https:\/\/jornalfatosenoticias.com.br\/index.php\/wp-json\/wp\/v2\/posts\/41005\/revisions"}],"wp:featuredmedia":[{"embeddable":true,"href":"https:\/\/jornalfatosenoticias.com.br\/index.php\/wp-json\/wp\/v2\/media\/41008"}],"wp:attachment":[{"href":"https:\/\/jornalfatosenoticias.com.br\/index.php\/wp-json\/wp\/v2\/media?parent=41005"}],"wp:term":[{"taxonomy":"category","embeddable":true,"href":"https:\/\/jornalfatosenoticias.com.br\/index.php\/wp-json\/wp\/v2\/categories?post=41005"},{"taxonomy":"post_tag","embeddable":true,"href":"https:\/\/jornalfatosenoticias.com.br\/index.php\/wp-json\/wp\/v2\/tags?post=41005"}],"curies":[{"name":"wp","href":"https:\/\/api.w.org\/{rel}","templated":true}]}}