{"id":41010,"date":"2023-04-28T11:42:00","date_gmt":"2023-04-28T14:42:00","guid":{"rendered":"https:\/\/jornalfatosenoticias.com.br\/?p=41010"},"modified":"2023-04-28T11:42:01","modified_gmt":"2023-04-28T14:42:01","slug":"voce-sabia-que-existem-resquicios-do-mar-no-interior-da-amazonia","status":"publish","type":"post","link":"https:\/\/jornalfatosenoticias.com.br\/index.php\/2023\/04\/28\/voce-sabia-que-existem-resquicios-do-mar-no-interior-da-amazonia\/","title":{"rendered":"Voc\u00ea sabia que existem resqu\u00edcios do mar no interior da Amaz\u00f4nia?"},"content":{"rendered":"\n<p><em><span class=\"has-inline-color has-black-color\">F\u00f3sseis de microrganismos marinhos indicam que a \u00e1gua do Caribe invadiu a bacia do Solim\u00f5es pelo menos 11 vezes nos \u00faltimos 23 milh\u00f5es de anos<\/span><\/em><\/p>\n\n\n\n<div class=\"wp-block-image\"><figure class=\"aligncenter size-large\"><img loading=\"lazy\" decoding=\"async\" width=\"300\" height=\"250\" src=\"https:\/\/jornalfatosenoticias.com.br\/wp-content\/uploads\/2022\/08\/arte-Casarao.jpg\" alt=\"\" class=\"wp-image-33178\"\/><\/figure><\/div>\n\n\n\n<p>N\u00e3o se surpreenda caso encontre animais e plantas da floresta amaz\u00f4nica que tenham semelhan\u00e7as com organismos marinhos. F\u00f3sseis de conchas, lacraias-do-mar e dentes de tubar\u00e3o ou de arraia e outros animais marinhos, ainda que a mais de mil quil\u00f4metros de dist\u00e2ncia do oceano, foram encontrados em sedimentos a v\u00e1rios metros de profundidade do solo, em sondagens realizadas no Brasil, Peru e Col\u00f4mbia.<br>Eles chegaram at\u00e9 o interior do que \u00e9 hoje uma mata fechada porque o mar do Caribe invadiu a Amaz\u00f4nia durante o per\u00edodo geol\u00f3gico conhecido como Mioceno, de 23 milh\u00f5es a cinco milh\u00f5es de anos (Ma) atr\u00e1s. As conclus\u00f5es emergem de an\u00e1lises de f\u00f3sseis de sedimentos das margens do rio Solim\u00f5es, Juru\u00e1 e Javari realizadas desde 1998 por um grupo do Museu Paraense Em\u00edlio Goeldi (MPEG) coordenado pela bi\u00f3loga Maria In\u00eas Ramos, com equipes de outras institui\u00e7\u00f5es e apoio do Conselho Nacional de Desenvolvimento Cient\u00edfico e Tecnol\u00f3gico (CNPq).<\/p>\n\n\n\n<div class=\"wp-block-image\"><figure class=\"aligncenter size-large is-resized\"><img loading=\"lazy\" decoding=\"async\" src=\"https:\/\/jornalfatosenoticias.com.br\/wp-content\/uploads\/2020\/02\/casa-do-torresmo_portal.jpg\" alt=\"\" class=\"wp-image-34472\" width=\"270\" height=\"270\" srcset=\"https:\/\/jornalfatosenoticias.com.br\/wp-content\/uploads\/2020\/02\/casa-do-torresmo_portal.jpg 300w, https:\/\/jornalfatosenoticias.com.br\/wp-content\/uploads\/2020\/02\/casa-do-torresmo_portal-150x150.jpg 150w\" sizes=\"auto, (max-width: 270px) 100vw, 270px\" \/><\/figure><\/div>\n\n\n\n<blockquote class=\"wp-block-quote is-layout-flow wp-block-quote-is-layout-flow\"><p><span class=\"has-inline-color has-luminous-vivid-orange-color\">Os alagamentos pela \u00e1gua do mar contribu\u00edram para a alta biodiversidade da Amaz\u00f4nia, por trazerem animais marinhos e separarem popula\u00e7\u00f5es que originaram novas esp\u00e9cies, que se adaptaram aos novos ambientes&#8221;, diz a ge\u00f3loga Lilian Maia Leandro, da Universidade Vale do Rio dos Sinos (Unisinos), no Rio Grande do Sul, primeira autora do artigo publicado em janeiro de 2022 na revista Geology.<\/span><\/p><\/blockquote>\n\n\n\n<div class=\"wp-block-image\"><figure class=\"aligncenter size-large\"><img decoding=\"async\" src=\"https:\/\/jornalfatosenoticias.com.br\/wp-content\/uploads\/2020\/02\/Logomarca-Principal.gif\" alt=\"\" class=\"wp-image-7872\"\/><\/figure><\/div>\n\n\n\n<p>Outro artigo descrevendo os resultados saiu em dezembro na Journal of South American Earth Sciences. Um exemplo de adapta\u00e7\u00e3o \u00e9 o boto-cor-de rosa, que parece ter surgido no mar \u2014 seus ancestrais teriam sido os golfinhos \u2014 e hoje vive nos rios da Amaz\u00f4nia.<br>Em sedimentos extra\u00eddos de perfura\u00e7\u00f5es feitas na d\u00e9cada de 1970 pela Companhia de Pesquisa de Recursos Minerais (CPRM) na regi\u00e3o estudada, a equipe do MPEG encontrou em abund\u00e2ncia crust\u00e1ceos bivalves chamados ostracodes, atualmente encontrados em ambientes costeiros, e outros organismos marinhos, como os foramin\u00edferos. Identificados ao microsc\u00f3pio, mostraram-se mais parecidos com os encontrados em uma perfura\u00e7\u00e3o feita no Caribe do que em outras duas, nos oceanos Pac\u00edfico e Atl\u00e2ntico.<\/p>\n\n\n\n<div class=\"wp-block-image\"><figure class=\"aligncenter size-large\"><img loading=\"lazy\" decoding=\"async\" width=\"300\" height=\"222\" src=\"https:\/\/jornalfatosenoticias.com.br\/wp-content\/uploads\/2023\/03\/logo_Juliana-Graca.jpg\" alt=\"\" class=\"wp-image-39283\"\/><\/figure><\/div>\n\n\n\n<p>Outra indica\u00e7\u00e3o da influ\u00eancia marinha na bacia do Solim\u00f5es s\u00e3o os resqu\u00edcios de microalgas marinhas, tamb\u00e9m conhecidas como dinoflagelados, que vivem no pl\u00e2ncton e s\u00e3o frequentes no mar do Caribe. Com idade estimada entre 23 Ma e 3,8 Ma, os microf\u00f3sseis indicavam os per\u00edodos de maior salinidade, resultante da ocupa\u00e7\u00e3o pela \u00e1gua do mar na Amaz\u00f4nia.<\/p>\n\n\n\n<div class=\"wp-block-image\"><figure class=\"aligncenter size-large\"><img decoding=\"async\" src=\"https:\/\/jornalfatosenoticias.com.br\/wp-content\/uploads\/2020\/02\/logo_esteio.jpg\" alt=\"\" class=\"wp-image-1214\"\/><\/figure><\/div>\n\n\n\n<blockquote class=\"wp-block-quote is-layout-flow wp-block-quote-is-layout-flow\"><p><span class=\"has-inline-color has-luminous-vivid-orange-color\">Identificamos um padr\u00e3o pulsante nos alagamentos, que ocorriam aproximadamente a cada 2 Ma ou 3 Ma. O mais recente que detectamos foi entre 11,1 Ma e 8,8 Ma&#8221;, diz Ramos.<\/span><\/p><\/blockquote>\n\n\n\n<p>A \u00e1gua do mar deve ter aumentado a salinidade de um gigantesco conjunto de lagos, o sistema Pebas, que teria se estendido da Col\u00f4mbia e Peru at\u00e9 a por\u00e7\u00e3o central da Amaz\u00f4nia brasileira.<\/p>\n\n\n\n<div class=\"wp-block-image\"><figure class=\"aligncenter size-large is-resized\"><img loading=\"lazy\" decoding=\"async\" src=\"https:\/\/jornalfatosenoticias.com.br\/wp-content\/uploads\/2022\/02\/Precisao-Contabilidade-1024x724.jpg\" alt=\"\" class=\"wp-image-28088\" width=\"323\" height=\"228\"\/><\/figure><\/div>\n\n\n\n<blockquote class=\"wp-block-quote is-layout-flow wp-block-quote-is-layout-flow\"><p><span class=\"has-inline-color has-luminous-vivid-orange-color\">O mar provavelmente entrava a partir do vale do rio Orinoco, ao norte&#8221;, sugere Leandro. &#8220;Os Andes j\u00e1 bloqueavam as \u00e1guas a oeste, no Peru, mas a cordilheira de M\u00e9rida, na Venezuela, que tamb\u00e9m poderia ter barrado o mar, ainda n\u00e3o havia se formado&#8221;. Para ela, o mar do Caribe deve ter invadido a Am\u00e9rica do Sul em uma \u00e9poca em que o continente era mais plano e achatado, incapaz de bloquear as \u00e1guas quando o clima esquentava, as geleiras derretiam e o n\u00edvel do mar subia.<\/span><\/p><\/blockquote>\n\n\n\n<div class=\"wp-block-image\"><figure class=\"aligncenter size-large is-resized\"><img loading=\"lazy\" decoding=\"async\" src=\"https:\/\/jornalfatosenoticias.com.br\/wp-content\/uploads\/2022\/10\/RC_800x750_page-0001.jpg\" alt=\"\" class=\"wp-image-35338\" width=\"297\" height=\"278\" srcset=\"https:\/\/jornalfatosenoticias.com.br\/wp-content\/uploads\/2022\/10\/RC_800x750_page-0001.jpg 400w, https:\/\/jornalfatosenoticias.com.br\/wp-content\/uploads\/2022\/10\/RC_800x750_page-0001-300x281.jpg 300w\" sizes=\"auto, (max-width: 297px) 100vw, 297px\" \/><\/figure><\/div>\n\n\n\n<p><strong><span class=\"has-inline-color has-vivid-purple-color\">Modelando montanhas<br><\/span><\/strong>As hip\u00f3teses da equipe do MPEG sobre a invas\u00e3o do mar do Caribe foram refor\u00e7adas por modelos num\u00e9ricos desenvolvidos pelo geof\u00edsico Victor Sacek, da Universidade de S\u00e3o Paulo (USP), considerando a din\u00e2mica interna do planeta Terra, as mudan\u00e7as clim\u00e1ticas e o n\u00edvel da \u00e1gua do mar. De acordo com essa conclus\u00e3o, descrita em artigo publicado em mar\u00e7o de 2023 na revista Earth and Planetary Science Letters, a \u00e1gua do oceano ao norte teria invadido a regi\u00e3o de forma intermitente h\u00e1 pelo menos 35 milh\u00f5es de anos.<br>Os modelos mostram que o soerguimento dos Andes teria mudado a paisagem da regi\u00e3o, alterando o fluxo dos rios e o padr\u00e3o de chuvas. &#8220;O peso da cordilheira fez vergar a crosta da Am\u00e9rica do Sul, como se ela fosse um trampolim, e formou uma depress\u00e3o perto dos Andes&#8221;, explica Sacek. De acordo o modelo, essa piscina natural teria recebido as \u00e1guas caribenhas.<\/p>\n\n\n\n<div class=\"wp-block-image\"><figure class=\"aligncenter size-large is-resized\"><img loading=\"lazy\" decoding=\"async\" src=\"https:\/\/jornalfatosenoticias.com.br\/wp-content\/uploads\/2022\/10\/Arte-jornal-Zucchi-600x600_Prancheta-1-1024x1024.jpg\" alt=\"\" class=\"wp-image-34782\" width=\"298\" height=\"298\" srcset=\"https:\/\/jornalfatosenoticias.com.br\/wp-content\/uploads\/2022\/10\/Arte-jornal-Zucchi-600x600_Prancheta-1-1024x1024.jpg 1024w, https:\/\/jornalfatosenoticias.com.br\/wp-content\/uploads\/2022\/10\/Arte-jornal-Zucchi-600x600_Prancheta-1-300x300.jpg 300w, https:\/\/jornalfatosenoticias.com.br\/wp-content\/uploads\/2022\/10\/Arte-jornal-Zucchi-600x600_Prancheta-1-150x150.jpg 150w, https:\/\/jornalfatosenoticias.com.br\/wp-content\/uploads\/2022\/10\/Arte-jornal-Zucchi-600x600_Prancheta-1-768x768.jpg 768w, https:\/\/jornalfatosenoticias.com.br\/wp-content\/uploads\/2022\/10\/Arte-jornal-Zucchi-600x600_Prancheta-1.jpg 1250w\" sizes=\"auto, (max-width: 298px) 100vw, 298px\" \/><\/figure><\/div>\n\n\n\n<blockquote class=\"wp-block-quote is-layout-flow wp-block-quote-is-layout-flow\"><p><span class=\"has-inline-color has-luminous-vivid-orange-color\">Os processos de convec\u00e7\u00e3o do manto terrestre contribu\u00edram para curvar a crosta terrestre para baixo, criando depress\u00f5es que se estenderam at\u00e9 a por\u00e7\u00e3o central da Amaz\u00f4nia&#8221;, ele acrescenta. &#8220;Os modelos mostram que essas depress\u00f5es foram preenchidas inicialmente por \u00e1gua marinha e favoreceram a forma\u00e7\u00e3o de ambientes lacustres&#8221;.<\/span><\/p><\/blockquote>\n\n\n\n<div class=\"wp-block-image\"><figure class=\"aligncenter size-large\"><img loading=\"lazy\" decoding=\"async\" width=\"729\" height=\"90\" src=\"https:\/\/jornalfatosenoticias.com.br\/wp-content\/uploads\/2020\/02\/Logo_Mizu.png\" alt=\"\" class=\"wp-image-1441\" srcset=\"https:\/\/jornalfatosenoticias.com.br\/wp-content\/uploads\/2020\/02\/Logo_Mizu.png 729w, https:\/\/jornalfatosenoticias.com.br\/wp-content\/uploads\/2020\/02\/Logo_Mizu-300x37.png 300w\" sizes=\"auto, (max-width: 729px) 100vw, 729px\" \/><\/figure><\/div>\n\n\n\n<p>Com o tempo, os sedimentos dos Andes preencheram os lagos, culminando com a forma\u00e7\u00e3o da bacia hidrogr\u00e1fica do rio Amazonas h\u00e1 aproximadamente 10 Ma. Nos modelos num\u00e9ricos de Sacek, as incurs\u00f5es marinhas pelo mar do Caribe na bacia do Solim\u00f5es teriam terminado antes da forma\u00e7\u00e3o do rio Amazonas. As conclus\u00f5es, por\u00e9m, n\u00e3o eliminam a possibilidade de incurs\u00f5es mais recentes, entre 4,7 Ma e 3,8 Ma, como sugere a equipe do MPEG.<\/p>\n\n\n\n<div class=\"wp-block-image\"><figure class=\"aligncenter size-large is-resized\"><img loading=\"lazy\" decoding=\"async\" src=\"https:\/\/jornalfatosenoticias.com.br\/wp-content\/uploads\/2023\/03\/nova-logo-Marquetti.jpg\" alt=\"\" class=\"wp-image-40207\" width=\"303\" height=\"203\" srcset=\"https:\/\/jornalfatosenoticias.com.br\/wp-content\/uploads\/2023\/03\/nova-logo-Marquetti.jpg 643w, https:\/\/jornalfatosenoticias.com.br\/wp-content\/uploads\/2023\/03\/nova-logo-Marquetti-300x202.jpg 300w\" sizes=\"auto, (max-width: 303px) 100vw, 303px\" \/><\/figure><\/div>\n\n\n\n<blockquote class=\"wp-block-quote is-layout-flow wp-block-quote-is-layout-flow\"><p><span class=\"has-inline-color has-luminous-vivid-orange-color\">Parte das diferen\u00e7as entre os resultados de Sacek e os de Leandro pode decorrer da escassez de dados para testar os cen\u00e1rios gerados pelos modelos num\u00e9ricos e as d\u00favidas sobre os ambientes de vida dos f\u00f3sseis&#8221;, comenta o ge\u00f3logo da USP Andr\u00e9 Sawakuchi, que n\u00e3o participou desses trabalhos. &#8220;O tema \u00e9 controverso e com muitas incertezas&#8221;, completa. Segundo ele, os registros de mudan\u00e7as ambientais na Amaz\u00f4nia ainda s\u00e3o muito esparsos e seria arriscado falar em varia\u00e7\u00e3o clim\u00e1tica h\u00e1 milh\u00f5es de anos, quando s\u00f3 existem dados relativamente confi\u00e1veis para os \u00faltimos 250 mil anos.<\/span><\/p><\/blockquote>\n\n\n\n<div class=\"wp-block-image\"><figure class=\"aligncenter size-large is-resized\"><img loading=\"lazy\" decoding=\"async\" src=\"https:\/\/jornalfatosenoticias.com.br\/wp-content\/uploads\/2023\/03\/logo-Panper_portal.jpg\" alt=\"\" class=\"wp-image-40208\" width=\"306\" height=\"212\" srcset=\"https:\/\/jornalfatosenoticias.com.br\/wp-content\/uploads\/2023\/03\/logo-Panper_portal.jpg 400w, https:\/\/jornalfatosenoticias.com.br\/wp-content\/uploads\/2023\/03\/logo-Panper_portal-300x208.jpg 300w\" sizes=\"auto, (max-width: 306px) 100vw, 306px\" \/><\/figure><\/div>\n\n\n\n<p>Sawakuchi coordena o Trans-Amazon Drilling Project (TADP), apoiado pela Fapesp, com a participa\u00e7\u00e3o de pesquisadores de 12 pa\u00edses, com o objetivo de fazer perfura\u00e7\u00f5es na Amaz\u00f4nia desde os Andes at\u00e9 a margem do Atl\u00e2ntico. Al\u00e9m de dados mais precisos para alimentar os modelos matem\u00e1ticos, ele espera verificar se o mar invadiu a floresta antes mesmo do indicado pelos c\u00e1lculos de Sacek.<\/p>\n\n\n\n<div class=\"wp-block-image\"><figure class=\"aligncenter size-large\"><img loading=\"lazy\" decoding=\"async\" width=\"300\" height=\"250\" src=\"https:\/\/jornalfatosenoticias.com.br\/wp-content\/uploads\/2022\/02\/FERRARI_MAQUINAS-E-FERRAMENTAS2.jpg\" alt=\"\" class=\"wp-image-27860\"\/><\/figure><\/div>\n\n\n\n<p><strong><span class=\"has-inline-color has-vivid-purple-color\">Projeto<\/span><\/strong><br>Projeto de Perfura\u00e7\u00e3o Transamaz\u00f4nica: Origem e evolu\u00e7\u00e3o das florestas, clima e hidrologia dos tr\u00f3picos da Am\u00e9rica do Sul (n\u00b018\/23899-2); Modalidade Projeto Tem\u00e1tico \u2014 Programa de Pesquisa sobre Mudan\u00e7as Clim\u00e1ticas Globais; Pesquisador respons\u00e1vel Andr\u00e9 Oliveira Sawakuchi (USP); Investimento R$ 9.659.178,81.<\/p>\n\n\n\n<p><strong><em>Fonte: <a href=\"https:\/\/portalamazonia.com\/amazonia\/voce-sabia-que-existem-resquicios-do-mar-no-interior-da-amazonia\">Portal Amaz\u00f4nia<\/a><\/em><\/strong><\/p>\n","protected":false},"excerpt":{"rendered":"<p>F\u00f3sseis de microrganismos marinhos indicam que a \u00e1gua do Caribe invadiu a bacia do Solim\u00f5es pelo menos 11 vezes nos \u00faltimos 23 milh\u00f5es de anos N\u00e3o se surpreenda caso encontre animais e plantas da floresta amaz\u00f4nica que tenham semelhan\u00e7as com organismos marinhos. F\u00f3sseis de conchas, lacraias-do-mar e dentes de tubar\u00e3o ou de arraia e outros [&hellip;]<\/p>\n","protected":false},"author":2,"featured_media":41011,"comment_status":"open","ping_status":"open","sticky":false,"template":"","format":"standard","meta":{"footnotes":""},"categories":[5],"tags":[123,16487,19226,137,19227],"class_list":["post-41010","post","type-post","status-publish","format-standard","has-post-thumbnail","hentry","category-geral","tag-amazonia","tag-divulgacao-cientifica","tag-interior-da-amazonia","tag-mar","tag-micro-organismos-marinhos"],"yoast_head":"<!-- This site is optimized with the Yoast SEO plugin v26.5 - https:\/\/yoast.com\/wordpress\/plugins\/seo\/ -->\n<title>Voc\u00ea sabia que existem resqu\u00edcios do mar no interior da Amaz\u00f4nia? - Jornal Fatos e Not\u00edcias<\/title>\n<meta name=\"robots\" content=\"index, follow, max-snippet:-1, max-image-preview:large, max-video-preview:-1\" \/>\n<link rel=\"canonical\" href=\"https:\/\/jornalfatosenoticias.com.br\/index.php\/2023\/04\/28\/voce-sabia-que-existem-resquicios-do-mar-no-interior-da-amazonia\/\" \/>\n<meta property=\"og:locale\" content=\"pt_BR\" \/>\n<meta property=\"og:type\" content=\"article\" \/>\n<meta property=\"og:title\" content=\"Voc\u00ea sabia que existem resqu\u00edcios do mar no interior da Amaz\u00f4nia? - Jornal Fatos e Not\u00edcias\" \/>\n<meta property=\"og:description\" content=\"F\u00f3sseis de microrganismos marinhos indicam que a \u00e1gua do Caribe invadiu a bacia do Solim\u00f5es pelo menos 11 vezes nos \u00faltimos 23 milh\u00f5es de anos N\u00e3o se surpreenda caso encontre animais e plantas da floresta amaz\u00f4nica que tenham semelhan\u00e7as com organismos marinhos. F\u00f3sseis de conchas, lacraias-do-mar e dentes de tubar\u00e3o ou de arraia e outros [&hellip;]\" \/>\n<meta property=\"og:url\" content=\"https:\/\/jornalfatosenoticias.com.br\/index.php\/2023\/04\/28\/voce-sabia-que-existem-resquicios-do-mar-no-interior-da-amazonia\/\" \/>\n<meta property=\"og:site_name\" content=\"Jornal Fatos e Not\u00edcias\" \/>\n<meta property=\"article:published_time\" content=\"2023-04-28T14:42:00+00:00\" \/>\n<meta property=\"article:modified_time\" content=\"2023-04-28T14:42:01+00:00\" \/>\n<meta property=\"og:image\" content=\"https:\/\/jornalfatosenoticias.com.br\/wp-content\/uploads\/2023\/04\/mar-na-amazonia.jpg\" \/>\n\t<meta property=\"og:image:width\" content=\"1000\" \/>\n\t<meta property=\"og:image:height\" content=\"562\" \/>\n\t<meta property=\"og:image:type\" content=\"image\/jpeg\" \/>\n<meta name=\"author\" content=\"Luzimara Fernandes\" \/>\n<meta name=\"twitter:card\" content=\"summary_large_image\" \/>\n<meta name=\"twitter:label1\" content=\"Escrito por\" \/>\n\t<meta name=\"twitter:data1\" content=\"Luzimara Fernandes\" \/>\n\t<meta name=\"twitter:label2\" content=\"Est. tempo de leitura\" \/>\n\t<meta name=\"twitter:data2\" content=\"6 minutos\" \/>\n<script type=\"application\/ld+json\" class=\"yoast-schema-graph\">{\"@context\":\"https:\/\/schema.org\",\"@graph\":[{\"@type\":\"Article\",\"@id\":\"https:\/\/jornalfatosenoticias.com.br\/index.php\/2023\/04\/28\/voce-sabia-que-existem-resquicios-do-mar-no-interior-da-amazonia\/#article\",\"isPartOf\":{\"@id\":\"https:\/\/jornalfatosenoticias.com.br\/index.php\/2023\/04\/28\/voce-sabia-que-existem-resquicios-do-mar-no-interior-da-amazonia\/\"},\"author\":{\"name\":\"Luzimara Fernandes\",\"@id\":\"https:\/\/jornalfatosenoticias.com.br\/#\/schema\/person\/d63837fa13ac8666eb9e74e0985d6f81\"},\"headline\":\"Voc\u00ea sabia que existem resqu\u00edcios do mar no interior da Amaz\u00f4nia?\",\"datePublished\":\"2023-04-28T14:42:00+00:00\",\"dateModified\":\"2023-04-28T14:42:01+00:00\",\"mainEntityOfPage\":{\"@id\":\"https:\/\/jornalfatosenoticias.com.br\/index.php\/2023\/04\/28\/voce-sabia-que-existem-resquicios-do-mar-no-interior-da-amazonia\/\"},\"wordCount\":1143,\"commentCount\":0,\"publisher\":{\"@id\":\"https:\/\/jornalfatosenoticias.com.br\/#organization\"},\"image\":{\"@id\":\"https:\/\/jornalfatosenoticias.com.br\/index.php\/2023\/04\/28\/voce-sabia-que-existem-resquicios-do-mar-no-interior-da-amazonia\/#primaryimage\"},\"thumbnailUrl\":\"https:\/\/jornalfatosenoticias.com.br\/wp-content\/uploads\/2023\/04\/mar-na-amazonia.jpg\",\"keywords\":[\"amaz\u00f4nia\",\"divulga\u00e7\u00e3o cient\u00edfica\",\"interior da Amaz\u00f4nia\",\"mar\",\"micro-organismos marinhos\"],\"articleSection\":[\"Geral\"],\"inLanguage\":\"pt-BR\",\"potentialAction\":[{\"@type\":\"CommentAction\",\"name\":\"Comment\",\"target\":[\"https:\/\/jornalfatosenoticias.com.br\/index.php\/2023\/04\/28\/voce-sabia-que-existem-resquicios-do-mar-no-interior-da-amazonia\/#respond\"]}]},{\"@type\":\"WebPage\",\"@id\":\"https:\/\/jornalfatosenoticias.com.br\/index.php\/2023\/04\/28\/voce-sabia-que-existem-resquicios-do-mar-no-interior-da-amazonia\/\",\"url\":\"https:\/\/jornalfatosenoticias.com.br\/index.php\/2023\/04\/28\/voce-sabia-que-existem-resquicios-do-mar-no-interior-da-amazonia\/\",\"name\":\"Voc\u00ea sabia que existem resqu\u00edcios do mar no interior da Amaz\u00f4nia? - Jornal Fatos e Not\u00edcias\",\"isPartOf\":{\"@id\":\"https:\/\/jornalfatosenoticias.com.br\/#website\"},\"primaryImageOfPage\":{\"@id\":\"https:\/\/jornalfatosenoticias.com.br\/index.php\/2023\/04\/28\/voce-sabia-que-existem-resquicios-do-mar-no-interior-da-amazonia\/#primaryimage\"},\"image\":{\"@id\":\"https:\/\/jornalfatosenoticias.com.br\/index.php\/2023\/04\/28\/voce-sabia-que-existem-resquicios-do-mar-no-interior-da-amazonia\/#primaryimage\"},\"thumbnailUrl\":\"https:\/\/jornalfatosenoticias.com.br\/wp-content\/uploads\/2023\/04\/mar-na-amazonia.jpg\",\"datePublished\":\"2023-04-28T14:42:00+00:00\",\"dateModified\":\"2023-04-28T14:42:01+00:00\",\"breadcrumb\":{\"@id\":\"https:\/\/jornalfatosenoticias.com.br\/index.php\/2023\/04\/28\/voce-sabia-que-existem-resquicios-do-mar-no-interior-da-amazonia\/#breadcrumb\"},\"inLanguage\":\"pt-BR\",\"potentialAction\":[{\"@type\":\"ReadAction\",\"target\":[\"https:\/\/jornalfatosenoticias.com.br\/index.php\/2023\/04\/28\/voce-sabia-que-existem-resquicios-do-mar-no-interior-da-amazonia\/\"]}]},{\"@type\":\"ImageObject\",\"inLanguage\":\"pt-BR\",\"@id\":\"https:\/\/jornalfatosenoticias.com.br\/index.php\/2023\/04\/28\/voce-sabia-que-existem-resquicios-do-mar-no-interior-da-amazonia\/#primaryimage\",\"url\":\"https:\/\/jornalfatosenoticias.com.br\/wp-content\/uploads\/2023\/04\/mar-na-amazonia.jpg\",\"contentUrl\":\"https:\/\/jornalfatosenoticias.com.br\/wp-content\/uploads\/2023\/04\/mar-na-amazonia.jpg\",\"width\":1000,\"height\":562},{\"@type\":\"BreadcrumbList\",\"@id\":\"https:\/\/jornalfatosenoticias.com.br\/index.php\/2023\/04\/28\/voce-sabia-que-existem-resquicios-do-mar-no-interior-da-amazonia\/#breadcrumb\",\"itemListElement\":[{\"@type\":\"ListItem\",\"position\":1,\"name\":\"In\u00edcio\",\"item\":\"https:\/\/jornalfatosenoticias.com.br\/\"},{\"@type\":\"ListItem\",\"position\":2,\"name\":\"Voc\u00ea sabia que existem resqu\u00edcios do mar no interior da Amaz\u00f4nia?\"}]},{\"@type\":\"WebSite\",\"@id\":\"https:\/\/jornalfatosenoticias.com.br\/#website\",\"url\":\"https:\/\/jornalfatosenoticias.com.br\/\",\"name\":\"Jornal Fatos e Not\u00edcias\",\"description\":\"Not\u00edcias em geral\",\"publisher\":{\"@id\":\"https:\/\/jornalfatosenoticias.com.br\/#organization\"},\"potentialAction\":[{\"@type\":\"SearchAction\",\"target\":{\"@type\":\"EntryPoint\",\"urlTemplate\":\"https:\/\/jornalfatosenoticias.com.br\/?s={search_term_string}\"},\"query-input\":{\"@type\":\"PropertyValueSpecification\",\"valueRequired\":true,\"valueName\":\"search_term_string\"}}],\"inLanguage\":\"pt-BR\"},{\"@type\":\"Organization\",\"@id\":\"https:\/\/jornalfatosenoticias.com.br\/#organization\",\"name\":\"Jornal Fatos e Not\u00edcias\",\"url\":\"https:\/\/jornalfatosenoticias.com.br\/\",\"logo\":{\"@type\":\"ImageObject\",\"inLanguage\":\"pt-BR\",\"@id\":\"https:\/\/jornalfatosenoticias.com.br\/#\/schema\/logo\/image\/\",\"url\":\"https:\/\/jornalfatosenoticias.com.br\/wp-content\/uploads\/2020\/02\/logo120.png\",\"contentUrl\":\"https:\/\/jornalfatosenoticias.com.br\/wp-content\/uploads\/2020\/02\/logo120.png\",\"width\":1227,\"height\":120,\"caption\":\"Jornal Fatos e Not\u00edcias\"},\"image\":{\"@id\":\"https:\/\/jornalfatosenoticias.com.br\/#\/schema\/logo\/image\/\"}},{\"@type\":\"Person\",\"@id\":\"https:\/\/jornalfatosenoticias.com.br\/#\/schema\/person\/d63837fa13ac8666eb9e74e0985d6f81\",\"name\":\"Luzimara Fernandes\",\"image\":{\"@type\":\"ImageObject\",\"inLanguage\":\"pt-BR\",\"@id\":\"https:\/\/jornalfatosenoticias.com.br\/#\/schema\/person\/image\/\",\"url\":\"https:\/\/jornalfatosenoticias.com.br\/wp-content\/uploads\/2025\/05\/EU_portal.jpg\",\"contentUrl\":\"https:\/\/jornalfatosenoticias.com.br\/wp-content\/uploads\/2025\/05\/EU_portal.jpg\",\"caption\":\"Luzimara Fernandes\"},\"description\":\"Jornalista MTB 2358-ES\",\"sameAs\":[\"https:\/\/jornalfatosenoticias.com.br\"],\"url\":\"https:\/\/jornalfatosenoticias.com.br\/index.php\/author\/luzimara\/\"}]}<\/script>\n<!-- \/ Yoast SEO plugin. -->","yoast_head_json":{"title":"Voc\u00ea sabia que existem resqu\u00edcios do mar no interior da Amaz\u00f4nia? - Jornal Fatos e Not\u00edcias","robots":{"index":"index","follow":"follow","max-snippet":"max-snippet:-1","max-image-preview":"max-image-preview:large","max-video-preview":"max-video-preview:-1"},"canonical":"https:\/\/jornalfatosenoticias.com.br\/index.php\/2023\/04\/28\/voce-sabia-que-existem-resquicios-do-mar-no-interior-da-amazonia\/","og_locale":"pt_BR","og_type":"article","og_title":"Voc\u00ea sabia que existem resqu\u00edcios do mar no interior da Amaz\u00f4nia? - Jornal Fatos e Not\u00edcias","og_description":"F\u00f3sseis de microrganismos marinhos indicam que a \u00e1gua do Caribe invadiu a bacia do Solim\u00f5es pelo menos 11 vezes nos \u00faltimos 23 milh\u00f5es de anos N\u00e3o se surpreenda caso encontre animais e plantas da floresta amaz\u00f4nica que tenham semelhan\u00e7as com organismos marinhos. F\u00f3sseis de conchas, lacraias-do-mar e dentes de tubar\u00e3o ou de arraia e outros [&hellip;]","og_url":"https:\/\/jornalfatosenoticias.com.br\/index.php\/2023\/04\/28\/voce-sabia-que-existem-resquicios-do-mar-no-interior-da-amazonia\/","og_site_name":"Jornal Fatos e Not\u00edcias","article_published_time":"2023-04-28T14:42:00+00:00","article_modified_time":"2023-04-28T14:42:01+00:00","og_image":[{"width":1000,"height":562,"url":"https:\/\/jornalfatosenoticias.com.br\/wp-content\/uploads\/2023\/04\/mar-na-amazonia.jpg","type":"image\/jpeg"}],"author":"Luzimara Fernandes","twitter_card":"summary_large_image","twitter_misc":{"Escrito por":"Luzimara Fernandes","Est. tempo de leitura":"6 minutos"},"schema":{"@context":"https:\/\/schema.org","@graph":[{"@type":"Article","@id":"https:\/\/jornalfatosenoticias.com.br\/index.php\/2023\/04\/28\/voce-sabia-que-existem-resquicios-do-mar-no-interior-da-amazonia\/#article","isPartOf":{"@id":"https:\/\/jornalfatosenoticias.com.br\/index.php\/2023\/04\/28\/voce-sabia-que-existem-resquicios-do-mar-no-interior-da-amazonia\/"},"author":{"name":"Luzimara Fernandes","@id":"https:\/\/jornalfatosenoticias.com.br\/#\/schema\/person\/d63837fa13ac8666eb9e74e0985d6f81"},"headline":"Voc\u00ea sabia que existem resqu\u00edcios do mar no interior da Amaz\u00f4nia?","datePublished":"2023-04-28T14:42:00+00:00","dateModified":"2023-04-28T14:42:01+00:00","mainEntityOfPage":{"@id":"https:\/\/jornalfatosenoticias.com.br\/index.php\/2023\/04\/28\/voce-sabia-que-existem-resquicios-do-mar-no-interior-da-amazonia\/"},"wordCount":1143,"commentCount":0,"publisher":{"@id":"https:\/\/jornalfatosenoticias.com.br\/#organization"},"image":{"@id":"https:\/\/jornalfatosenoticias.com.br\/index.php\/2023\/04\/28\/voce-sabia-que-existem-resquicios-do-mar-no-interior-da-amazonia\/#primaryimage"},"thumbnailUrl":"https:\/\/jornalfatosenoticias.com.br\/wp-content\/uploads\/2023\/04\/mar-na-amazonia.jpg","keywords":["amaz\u00f4nia","divulga\u00e7\u00e3o cient\u00edfica","interior da Amaz\u00f4nia","mar","micro-organismos marinhos"],"articleSection":["Geral"],"inLanguage":"pt-BR","potentialAction":[{"@type":"CommentAction","name":"Comment","target":["https:\/\/jornalfatosenoticias.com.br\/index.php\/2023\/04\/28\/voce-sabia-que-existem-resquicios-do-mar-no-interior-da-amazonia\/#respond"]}]},{"@type":"WebPage","@id":"https:\/\/jornalfatosenoticias.com.br\/index.php\/2023\/04\/28\/voce-sabia-que-existem-resquicios-do-mar-no-interior-da-amazonia\/","url":"https:\/\/jornalfatosenoticias.com.br\/index.php\/2023\/04\/28\/voce-sabia-que-existem-resquicios-do-mar-no-interior-da-amazonia\/","name":"Voc\u00ea sabia que existem resqu\u00edcios do mar no interior da Amaz\u00f4nia? - Jornal Fatos e Not\u00edcias","isPartOf":{"@id":"https:\/\/jornalfatosenoticias.com.br\/#website"},"primaryImageOfPage":{"@id":"https:\/\/jornalfatosenoticias.com.br\/index.php\/2023\/04\/28\/voce-sabia-que-existem-resquicios-do-mar-no-interior-da-amazonia\/#primaryimage"},"image":{"@id":"https:\/\/jornalfatosenoticias.com.br\/index.php\/2023\/04\/28\/voce-sabia-que-existem-resquicios-do-mar-no-interior-da-amazonia\/#primaryimage"},"thumbnailUrl":"https:\/\/jornalfatosenoticias.com.br\/wp-content\/uploads\/2023\/04\/mar-na-amazonia.jpg","datePublished":"2023-04-28T14:42:00+00:00","dateModified":"2023-04-28T14:42:01+00:00","breadcrumb":{"@id":"https:\/\/jornalfatosenoticias.com.br\/index.php\/2023\/04\/28\/voce-sabia-que-existem-resquicios-do-mar-no-interior-da-amazonia\/#breadcrumb"},"inLanguage":"pt-BR","potentialAction":[{"@type":"ReadAction","target":["https:\/\/jornalfatosenoticias.com.br\/index.php\/2023\/04\/28\/voce-sabia-que-existem-resquicios-do-mar-no-interior-da-amazonia\/"]}]},{"@type":"ImageObject","inLanguage":"pt-BR","@id":"https:\/\/jornalfatosenoticias.com.br\/index.php\/2023\/04\/28\/voce-sabia-que-existem-resquicios-do-mar-no-interior-da-amazonia\/#primaryimage","url":"https:\/\/jornalfatosenoticias.com.br\/wp-content\/uploads\/2023\/04\/mar-na-amazonia.jpg","contentUrl":"https:\/\/jornalfatosenoticias.com.br\/wp-content\/uploads\/2023\/04\/mar-na-amazonia.jpg","width":1000,"height":562},{"@type":"BreadcrumbList","@id":"https:\/\/jornalfatosenoticias.com.br\/index.php\/2023\/04\/28\/voce-sabia-que-existem-resquicios-do-mar-no-interior-da-amazonia\/#breadcrumb","itemListElement":[{"@type":"ListItem","position":1,"name":"In\u00edcio","item":"https:\/\/jornalfatosenoticias.com.br\/"},{"@type":"ListItem","position":2,"name":"Voc\u00ea sabia que existem resqu\u00edcios do mar no interior da Amaz\u00f4nia?"}]},{"@type":"WebSite","@id":"https:\/\/jornalfatosenoticias.com.br\/#website","url":"https:\/\/jornalfatosenoticias.com.br\/","name":"Jornal Fatos e Not\u00edcias","description":"Not\u00edcias em geral","publisher":{"@id":"https:\/\/jornalfatosenoticias.com.br\/#organization"},"potentialAction":[{"@type":"SearchAction","target":{"@type":"EntryPoint","urlTemplate":"https:\/\/jornalfatosenoticias.com.br\/?s={search_term_string}"},"query-input":{"@type":"PropertyValueSpecification","valueRequired":true,"valueName":"search_term_string"}}],"inLanguage":"pt-BR"},{"@type":"Organization","@id":"https:\/\/jornalfatosenoticias.com.br\/#organization","name":"Jornal Fatos e Not\u00edcias","url":"https:\/\/jornalfatosenoticias.com.br\/","logo":{"@type":"ImageObject","inLanguage":"pt-BR","@id":"https:\/\/jornalfatosenoticias.com.br\/#\/schema\/logo\/image\/","url":"https:\/\/jornalfatosenoticias.com.br\/wp-content\/uploads\/2020\/02\/logo120.png","contentUrl":"https:\/\/jornalfatosenoticias.com.br\/wp-content\/uploads\/2020\/02\/logo120.png","width":1227,"height":120,"caption":"Jornal Fatos e Not\u00edcias"},"image":{"@id":"https:\/\/jornalfatosenoticias.com.br\/#\/schema\/logo\/image\/"}},{"@type":"Person","@id":"https:\/\/jornalfatosenoticias.com.br\/#\/schema\/person\/d63837fa13ac8666eb9e74e0985d6f81","name":"Luzimara Fernandes","image":{"@type":"ImageObject","inLanguage":"pt-BR","@id":"https:\/\/jornalfatosenoticias.com.br\/#\/schema\/person\/image\/","url":"https:\/\/jornalfatosenoticias.com.br\/wp-content\/uploads\/2025\/05\/EU_portal.jpg","contentUrl":"https:\/\/jornalfatosenoticias.com.br\/wp-content\/uploads\/2025\/05\/EU_portal.jpg","caption":"Luzimara Fernandes"},"description":"Jornalista MTB 2358-ES","sameAs":["https:\/\/jornalfatosenoticias.com.br"],"url":"https:\/\/jornalfatosenoticias.com.br\/index.php\/author\/luzimara\/"}]}},"cc_featured_image_caption":{"caption_text":"(Foto: Reprodu\u00e7\u00e3o\/Portal Amaz\u00f4nia) ","source_text":"","source_url":""},"jetpack_featured_media_url":"https:\/\/jornalfatosenoticias.com.br\/wp-content\/uploads\/2023\/04\/mar-na-amazonia.jpg","_links":{"self":[{"href":"https:\/\/jornalfatosenoticias.com.br\/index.php\/wp-json\/wp\/v2\/posts\/41010","targetHints":{"allow":["GET"]}}],"collection":[{"href":"https:\/\/jornalfatosenoticias.com.br\/index.php\/wp-json\/wp\/v2\/posts"}],"about":[{"href":"https:\/\/jornalfatosenoticias.com.br\/index.php\/wp-json\/wp\/v2\/types\/post"}],"author":[{"embeddable":true,"href":"https:\/\/jornalfatosenoticias.com.br\/index.php\/wp-json\/wp\/v2\/users\/2"}],"replies":[{"embeddable":true,"href":"https:\/\/jornalfatosenoticias.com.br\/index.php\/wp-json\/wp\/v2\/comments?post=41010"}],"version-history":[{"count":0,"href":"https:\/\/jornalfatosenoticias.com.br\/index.php\/wp-json\/wp\/v2\/posts\/41010\/revisions"}],"wp:featuredmedia":[{"embeddable":true,"href":"https:\/\/jornalfatosenoticias.com.br\/index.php\/wp-json\/wp\/v2\/media\/41011"}],"wp:attachment":[{"href":"https:\/\/jornalfatosenoticias.com.br\/index.php\/wp-json\/wp\/v2\/media?parent=41010"}],"wp:term":[{"taxonomy":"category","embeddable":true,"href":"https:\/\/jornalfatosenoticias.com.br\/index.php\/wp-json\/wp\/v2\/categories?post=41010"},{"taxonomy":"post_tag","embeddable":true,"href":"https:\/\/jornalfatosenoticias.com.br\/index.php\/wp-json\/wp\/v2\/tags?post=41010"}],"curies":[{"name":"wp","href":"https:\/\/api.w.org\/{rel}","templated":true}]}}