{"id":41017,"date":"2023-04-28T12:06:13","date_gmt":"2023-04-28T15:06:13","guid":{"rendered":"https:\/\/jornalfatosenoticias.com.br\/?p=41017"},"modified":"2023-04-28T12:06:13","modified_gmt":"2023-04-28T15:06:13","slug":"governo-registra-deficit-de-r-7-bilhoes-em-marco","status":"publish","type":"post","link":"https:\/\/jornalfatosenoticias.com.br\/index.php\/2023\/04\/28\/governo-registra-deficit-de-r-7-bilhoes-em-marco\/","title":{"rendered":"Governo registra d\u00e9ficit de R$ 7 bilh\u00f5es em mar\u00e7o"},"content":{"rendered":"\n<p><em><span class=\"has-inline-color has-black-color\">O d\u00e9ficit \u00e9 5,5% maior que o do ano passado, tanto em valores nominais como reais<\/span><\/em><\/p>\n\n\n\n<div class=\"wp-block-image\"><figure class=\"aligncenter size-large is-resized\"><img loading=\"lazy\" decoding=\"async\" src=\"https:\/\/jornalfatosenoticias.com.br\/wp-content\/uploads\/2022\/02\/Precisao-Contabilidade-1024x724.jpg\" alt=\"\" class=\"wp-image-28088\" width=\"296\" height=\"209\"\/><\/figure><\/div>\n\n\n\n<p>O Governo Central, que inclui Tesouro Nacional, <strong><a href=\"https:\/\/www.gov.br\/previdencia\/pt-br\">Previd\u00eancia Social<\/a><\/strong>\u00a0e Banco Central, registrou o maior d\u00e9ficit prim\u00e1rio para meses de mar\u00e7o em tr\u00eas anos. Segundo dados divulgados pelo Tesouro Nacional,\u00a0<strong>o resultado ficou negativo em R$ 7 bilh\u00f5es<\/strong>, valor 10,4% maior que o d\u00e9ficit de R$ 6,4 bilh\u00f5es obtido em mar\u00e7o de 2022.<br>Descontada a infla\u00e7\u00e3o pelo \u00cdndice Nacional de Pre\u00e7os ao Consumidor Amplo (IPCA), o d\u00e9ficit \u00e9 5,5% maior que o do ano passado, tanto em valores nominais como reais. O resultado de mar\u00e7o foi o pior para o m\u00eas desde mar\u00e7o de 2020, quando houve d\u00e9ficit prim\u00e1rio de R$ 21 bilh\u00f5es, depois do in\u00edcio da pandemia da covid-19.<\/p>\n\n\n\n<div class=\"wp-block-image\"><figure class=\"aligncenter size-large is-resized\"><img loading=\"lazy\" decoding=\"async\" src=\"https:\/\/jornalfatosenoticias.com.br\/wp-content\/uploads\/2020\/02\/casa-do-torresmo_portal.jpg\" alt=\"\" class=\"wp-image-34472\" width=\"259\" height=\"259\" srcset=\"https:\/\/jornalfatosenoticias.com.br\/wp-content\/uploads\/2020\/02\/casa-do-torresmo_portal.jpg 300w, https:\/\/jornalfatosenoticias.com.br\/wp-content\/uploads\/2020\/02\/casa-do-torresmo_portal-150x150.jpg 150w\" sizes=\"auto, (max-width: 259px) 100vw, 259px\" \/><\/figure><\/div>\n\n\n\n<p>A Lei de Diretrizes Or\u00e7ament\u00e1rias (LDO) deste ano estabelece a meta de <strong><a href=\"https:\/\/revistaoeste.com\/?s=d%C3%A9ficit+prim%C3%A1rio\">d\u00e9ficit prim\u00e1rio<\/a><\/strong>\u00a0de R$ 231,5 bilh\u00f5es para o Governo Central. A previs\u00e3o oficial de d\u00e9ficit prim\u00e1rio para este ano, segundo a Secretaria de Pol\u00edtica Econ\u00f4mica, est\u00e1<strong>\u00a0em R$ 99 bilh\u00f5es<\/strong>.<br>As receitas l\u00edquidas cresceram 3,4% em rela\u00e7\u00e3o a mar\u00e7o do ano passado em valores nominais, enquanto as despesas totais subiram 3,7% em valores nominais.<\/p>\n\n\n\n<div class=\"wp-block-image\"><figure class=\"aligncenter size-large is-resized\"><img loading=\"lazy\" decoding=\"async\" src=\"https:\/\/jornalfatosenoticias.com.br\/wp-content\/uploads\/2020\/02\/logo-embacia.jpg\" alt=\"\" class=\"wp-image-33905\" width=\"283\" height=\"283\"\/><\/figure><\/div>\n\n\n\n<p>Descontada a infla\u00e7\u00e3o pelo IPCA, houve queda de 1,2% nas receitas e de 0,9% nas despesas. As receitas administradas, relativas ao pagamento de tributos, tiveram queda de 6,2% em mar\u00e7o em rela\u00e7\u00e3o ao mesmo m\u00eas de 2022, tamb\u00e9m j\u00e1 descontada a infla\u00e7\u00e3o.<\/p>\n\n\n\n<div class=\"wp-block-image\"><figure class=\"aligncenter size-large\"><img decoding=\"async\" src=\"https:\/\/jornalfatosenoticias.com.br\/wp-content\/uploads\/2020\/02\/logo_esteio.jpg\" alt=\"\" class=\"wp-image-1214\"\/><\/figure><\/div>\n\n\n\n<p>A maior queda foi no Imposto sobre Produtos Industrializados (IPI), de 23,7%, seguido pela Contribui\u00e7\u00e3o para o Financiamento da Seguridade Social (Cofins) de 24,4%. Ambos foram motivados por desonera\u00e7\u00f5es concedidas pelo <strong><a href=\"https:\/\/revistaoeste.com\/?s=governo+Bolsonaro\">governo Bolsonaro<\/a><\/strong>.<\/p>\n\n\n\n<p><strong><em>Fonte: <a href=\"https:\/\/revistaoeste.com\/economia\/governo-registra-deficit-de-r-7-bilhoes-em-marco\/\">Revista Oeste<\/a><\/em><\/strong><\/p>\n","protected":false},"excerpt":{"rendered":"<p>O d\u00e9ficit \u00e9 5,5% maior que o do ano passado, tanto em valores nominais como reais O Governo Central, que inclui Tesouro Nacional, Previd\u00eancia Social\u00a0e Banco Central, registrou o maior d\u00e9ficit prim\u00e1rio para meses de mar\u00e7o em tr\u00eas anos. Segundo dados divulgados pelo Tesouro Nacional,\u00a0o resultado ficou negativo em R$ 7 bilh\u00f5es, valor 10,4% maior [&hellip;]<\/p>\n","protected":false},"author":2,"featured_media":41018,"comment_status":"open","ping_status":"open","sticky":false,"template":"","format":"standard","meta":{"footnotes":""},"categories":[9],"tags":[597,8163,240,7580,18849],"class_list":["post-41017","post","type-post","status-publish","format-standard","has-post-thumbnail","hentry","category-economia","tag-brasil","tag-contas-publicas","tag-economia","tag-lula","tag-rombo-nas-contas-publicas"],"yoast_head":"<!-- This site is optimized with the Yoast SEO plugin v26.5 - https:\/\/yoast.com\/wordpress\/plugins\/seo\/ -->\n<title>Governo registra d\u00e9ficit de R$ 7 bilh\u00f5es em mar\u00e7o - Jornal Fatos e Not\u00edcias<\/title>\n<meta name=\"robots\" content=\"index, follow, max-snippet:-1, max-image-preview:large, max-video-preview:-1\" \/>\n<link rel=\"canonical\" href=\"https:\/\/jornalfatosenoticias.com.br\/index.php\/2023\/04\/28\/governo-registra-deficit-de-r-7-bilhoes-em-marco\/\" \/>\n<meta property=\"og:locale\" content=\"pt_BR\" \/>\n<meta property=\"og:type\" content=\"article\" \/>\n<meta property=\"og:title\" content=\"Governo registra d\u00e9ficit de R$ 7 bilh\u00f5es em mar\u00e7o - Jornal Fatos e Not\u00edcias\" \/>\n<meta property=\"og:description\" content=\"O d\u00e9ficit \u00e9 5,5% maior que o do ano passado, tanto em valores nominais como reais O Governo Central, que inclui Tesouro Nacional, Previd\u00eancia Social\u00a0e Banco Central, registrou o maior d\u00e9ficit prim\u00e1rio para meses de mar\u00e7o em tr\u00eas anos. Segundo dados divulgados pelo Tesouro Nacional,\u00a0o resultado ficou negativo em R$ 7 bilh\u00f5es, valor 10,4% maior [&hellip;]\" \/>\n<meta property=\"og:url\" content=\"https:\/\/jornalfatosenoticias.com.br\/index.php\/2023\/04\/28\/governo-registra-deficit-de-r-7-bilhoes-em-marco\/\" \/>\n<meta property=\"og:site_name\" content=\"Jornal Fatos e Not\u00edcias\" \/>\n<meta property=\"article:published_time\" content=\"2023-04-28T15:06:13+00:00\" \/>\n<meta property=\"og:image\" content=\"https:\/\/jornalfatosenoticias.com.br\/wp-content\/uploads\/2023\/04\/lula-molusco.jpg\" \/>\n\t<meta property=\"og:image:width\" content=\"940\" \/>\n\t<meta property=\"og:image:height\" content=\"627\" \/>\n\t<meta property=\"og:image:type\" content=\"image\/jpeg\" \/>\n<meta name=\"author\" content=\"Luzimara Fernandes\" \/>\n<meta name=\"twitter:card\" content=\"summary_large_image\" \/>\n<meta name=\"twitter:label1\" content=\"Escrito por\" \/>\n\t<meta name=\"twitter:data1\" content=\"Luzimara Fernandes\" \/>\n\t<meta name=\"twitter:label2\" content=\"Est. tempo de leitura\" \/>\n\t<meta name=\"twitter:data2\" content=\"1 minuto\" \/>\n<script type=\"application\/ld+json\" class=\"yoast-schema-graph\">{\"@context\":\"https:\/\/schema.org\",\"@graph\":[{\"@type\":\"Article\",\"@id\":\"https:\/\/jornalfatosenoticias.com.br\/index.php\/2023\/04\/28\/governo-registra-deficit-de-r-7-bilhoes-em-marco\/#article\",\"isPartOf\":{\"@id\":\"https:\/\/jornalfatosenoticias.com.br\/index.php\/2023\/04\/28\/governo-registra-deficit-de-r-7-bilhoes-em-marco\/\"},\"author\":{\"name\":\"Luzimara Fernandes\",\"@id\":\"https:\/\/jornalfatosenoticias.com.br\/#\/schema\/person\/d63837fa13ac8666eb9e74e0985d6f81\"},\"headline\":\"Governo registra d\u00e9ficit de R$ 7 bilh\u00f5es em mar\u00e7o\",\"datePublished\":\"2023-04-28T15:06:13+00:00\",\"mainEntityOfPage\":{\"@id\":\"https:\/\/jornalfatosenoticias.com.br\/index.php\/2023\/04\/28\/governo-registra-deficit-de-r-7-bilhoes-em-marco\/\"},\"wordCount\":303,\"commentCount\":0,\"publisher\":{\"@id\":\"https:\/\/jornalfatosenoticias.com.br\/#organization\"},\"image\":{\"@id\":\"https:\/\/jornalfatosenoticias.com.br\/index.php\/2023\/04\/28\/governo-registra-deficit-de-r-7-bilhoes-em-marco\/#primaryimage\"},\"thumbnailUrl\":\"https:\/\/jornalfatosenoticias.com.br\/wp-content\/uploads\/2023\/04\/lula-molusco.jpg\",\"keywords\":[\"Brasil\",\"contas p\u00fablicas\",\"economia\",\"Lula\",\"rombo nas contas p\u00fablicas\"],\"articleSection\":[\"Economia\"],\"inLanguage\":\"pt-BR\",\"potentialAction\":[{\"@type\":\"CommentAction\",\"name\":\"Comment\",\"target\":[\"https:\/\/jornalfatosenoticias.com.br\/index.php\/2023\/04\/28\/governo-registra-deficit-de-r-7-bilhoes-em-marco\/#respond\"]}]},{\"@type\":\"WebPage\",\"@id\":\"https:\/\/jornalfatosenoticias.com.br\/index.php\/2023\/04\/28\/governo-registra-deficit-de-r-7-bilhoes-em-marco\/\",\"url\":\"https:\/\/jornalfatosenoticias.com.br\/index.php\/2023\/04\/28\/governo-registra-deficit-de-r-7-bilhoes-em-marco\/\",\"name\":\"Governo registra d\u00e9ficit de R$ 7 bilh\u00f5es em mar\u00e7o - Jornal Fatos e Not\u00edcias\",\"isPartOf\":{\"@id\":\"https:\/\/jornalfatosenoticias.com.br\/#website\"},\"primaryImageOfPage\":{\"@id\":\"https:\/\/jornalfatosenoticias.com.br\/index.php\/2023\/04\/28\/governo-registra-deficit-de-r-7-bilhoes-em-marco\/#primaryimage\"},\"image\":{\"@id\":\"https:\/\/jornalfatosenoticias.com.br\/index.php\/2023\/04\/28\/governo-registra-deficit-de-r-7-bilhoes-em-marco\/#primaryimage\"},\"thumbnailUrl\":\"https:\/\/jornalfatosenoticias.com.br\/wp-content\/uploads\/2023\/04\/lula-molusco.jpg\",\"datePublished\":\"2023-04-28T15:06:13+00:00\",\"breadcrumb\":{\"@id\":\"https:\/\/jornalfatosenoticias.com.br\/index.php\/2023\/04\/28\/governo-registra-deficit-de-r-7-bilhoes-em-marco\/#breadcrumb\"},\"inLanguage\":\"pt-BR\",\"potentialAction\":[{\"@type\":\"ReadAction\",\"target\":[\"https:\/\/jornalfatosenoticias.com.br\/index.php\/2023\/04\/28\/governo-registra-deficit-de-r-7-bilhoes-em-marco\/\"]}]},{\"@type\":\"ImageObject\",\"inLanguage\":\"pt-BR\",\"@id\":\"https:\/\/jornalfatosenoticias.com.br\/index.php\/2023\/04\/28\/governo-registra-deficit-de-r-7-bilhoes-em-marco\/#primaryimage\",\"url\":\"https:\/\/jornalfatosenoticias.com.br\/wp-content\/uploads\/2023\/04\/lula-molusco.jpg\",\"contentUrl\":\"https:\/\/jornalfatosenoticias.com.br\/wp-content\/uploads\/2023\/04\/lula-molusco.jpg\",\"width\":940,\"height\":627,\"caption\":\"Bras\u0092lia (DF) 18\/04\/2023 - O presidente Luiz In\u0087cio Lula da Silva, participa de uma reuni\u008bo com chefes dos Tr\u0090s Poderes, governadores e ministros, para debater formas de refor\u008dar a seguran\u008da no ambiente escolar ap\u0097s os epis\u0097dios de viol\u0090ncia em Blumenau (SC) e em S\u008bo Paulo (SP) nos \u009cltimos dias. Foto: Jo\u008edson Alves\/ Ag\u0090ncia Brasil\"},{\"@type\":\"BreadcrumbList\",\"@id\":\"https:\/\/jornalfatosenoticias.com.br\/index.php\/2023\/04\/28\/governo-registra-deficit-de-r-7-bilhoes-em-marco\/#breadcrumb\",\"itemListElement\":[{\"@type\":\"ListItem\",\"position\":1,\"name\":\"In\u00edcio\",\"item\":\"https:\/\/jornalfatosenoticias.com.br\/\"},{\"@type\":\"ListItem\",\"position\":2,\"name\":\"Governo registra d\u00e9ficit de R$ 7 bilh\u00f5es em mar\u00e7o\"}]},{\"@type\":\"WebSite\",\"@id\":\"https:\/\/jornalfatosenoticias.com.br\/#website\",\"url\":\"https:\/\/jornalfatosenoticias.com.br\/\",\"name\":\"Jornal Fatos e Not\u00edcias\",\"description\":\"Not\u00edcias em geral\",\"publisher\":{\"@id\":\"https:\/\/jornalfatosenoticias.com.br\/#organization\"},\"potentialAction\":[{\"@type\":\"SearchAction\",\"target\":{\"@type\":\"EntryPoint\",\"urlTemplate\":\"https:\/\/jornalfatosenoticias.com.br\/?s={search_term_string}\"},\"query-input\":{\"@type\":\"PropertyValueSpecification\",\"valueRequired\":true,\"valueName\":\"search_term_string\"}}],\"inLanguage\":\"pt-BR\"},{\"@type\":\"Organization\",\"@id\":\"https:\/\/jornalfatosenoticias.com.br\/#organization\",\"name\":\"Jornal Fatos e Not\u00edcias\",\"url\":\"https:\/\/jornalfatosenoticias.com.br\/\",\"logo\":{\"@type\":\"ImageObject\",\"inLanguage\":\"pt-BR\",\"@id\":\"https:\/\/jornalfatosenoticias.com.br\/#\/schema\/logo\/image\/\",\"url\":\"https:\/\/jornalfatosenoticias.com.br\/wp-content\/uploads\/2020\/02\/logo120.png\",\"contentUrl\":\"https:\/\/jornalfatosenoticias.com.br\/wp-content\/uploads\/2020\/02\/logo120.png\",\"width\":1227,\"height\":120,\"caption\":\"Jornal Fatos e Not\u00edcias\"},\"image\":{\"@id\":\"https:\/\/jornalfatosenoticias.com.br\/#\/schema\/logo\/image\/\"}},{\"@type\":\"Person\",\"@id\":\"https:\/\/jornalfatosenoticias.com.br\/#\/schema\/person\/d63837fa13ac8666eb9e74e0985d6f81\",\"name\":\"Luzimara Fernandes\",\"image\":{\"@type\":\"ImageObject\",\"inLanguage\":\"pt-BR\",\"@id\":\"https:\/\/jornalfatosenoticias.com.br\/#\/schema\/person\/image\/\",\"url\":\"https:\/\/jornalfatosenoticias.com.br\/wp-content\/uploads\/2025\/05\/EU_portal.jpg\",\"contentUrl\":\"https:\/\/jornalfatosenoticias.com.br\/wp-content\/uploads\/2025\/05\/EU_portal.jpg\",\"caption\":\"Luzimara Fernandes\"},\"description\":\"Jornalista MTB 2358-ES\",\"sameAs\":[\"https:\/\/jornalfatosenoticias.com.br\"],\"url\":\"https:\/\/jornalfatosenoticias.com.br\/index.php\/author\/luzimara\/\"}]}<\/script>\n<!-- \/ Yoast SEO plugin. -->","yoast_head_json":{"title":"Governo registra d\u00e9ficit de R$ 7 bilh\u00f5es em mar\u00e7o - Jornal Fatos e Not\u00edcias","robots":{"index":"index","follow":"follow","max-snippet":"max-snippet:-1","max-image-preview":"max-image-preview:large","max-video-preview":"max-video-preview:-1"},"canonical":"https:\/\/jornalfatosenoticias.com.br\/index.php\/2023\/04\/28\/governo-registra-deficit-de-r-7-bilhoes-em-marco\/","og_locale":"pt_BR","og_type":"article","og_title":"Governo registra d\u00e9ficit de R$ 7 bilh\u00f5es em mar\u00e7o - Jornal Fatos e Not\u00edcias","og_description":"O d\u00e9ficit \u00e9 5,5% maior que o do ano passado, tanto em valores nominais como reais O Governo Central, que inclui Tesouro Nacional, Previd\u00eancia Social\u00a0e Banco Central, registrou o maior d\u00e9ficit prim\u00e1rio para meses de mar\u00e7o em tr\u00eas anos. Segundo dados divulgados pelo Tesouro Nacional,\u00a0o resultado ficou negativo em R$ 7 bilh\u00f5es, valor 10,4% maior [&hellip;]","og_url":"https:\/\/jornalfatosenoticias.com.br\/index.php\/2023\/04\/28\/governo-registra-deficit-de-r-7-bilhoes-em-marco\/","og_site_name":"Jornal Fatos e Not\u00edcias","article_published_time":"2023-04-28T15:06:13+00:00","og_image":[{"width":940,"height":627,"url":"https:\/\/jornalfatosenoticias.com.br\/wp-content\/uploads\/2023\/04\/lula-molusco.jpg","type":"image\/jpeg"}],"author":"Luzimara Fernandes","twitter_card":"summary_large_image","twitter_misc":{"Escrito por":"Luzimara Fernandes","Est. tempo de leitura":"1 minuto"},"schema":{"@context":"https:\/\/schema.org","@graph":[{"@type":"Article","@id":"https:\/\/jornalfatosenoticias.com.br\/index.php\/2023\/04\/28\/governo-registra-deficit-de-r-7-bilhoes-em-marco\/#article","isPartOf":{"@id":"https:\/\/jornalfatosenoticias.com.br\/index.php\/2023\/04\/28\/governo-registra-deficit-de-r-7-bilhoes-em-marco\/"},"author":{"name":"Luzimara Fernandes","@id":"https:\/\/jornalfatosenoticias.com.br\/#\/schema\/person\/d63837fa13ac8666eb9e74e0985d6f81"},"headline":"Governo registra d\u00e9ficit de R$ 7 bilh\u00f5es em mar\u00e7o","datePublished":"2023-04-28T15:06:13+00:00","mainEntityOfPage":{"@id":"https:\/\/jornalfatosenoticias.com.br\/index.php\/2023\/04\/28\/governo-registra-deficit-de-r-7-bilhoes-em-marco\/"},"wordCount":303,"commentCount":0,"publisher":{"@id":"https:\/\/jornalfatosenoticias.com.br\/#organization"},"image":{"@id":"https:\/\/jornalfatosenoticias.com.br\/index.php\/2023\/04\/28\/governo-registra-deficit-de-r-7-bilhoes-em-marco\/#primaryimage"},"thumbnailUrl":"https:\/\/jornalfatosenoticias.com.br\/wp-content\/uploads\/2023\/04\/lula-molusco.jpg","keywords":["Brasil","contas p\u00fablicas","economia","Lula","rombo nas contas p\u00fablicas"],"articleSection":["Economia"],"inLanguage":"pt-BR","potentialAction":[{"@type":"CommentAction","name":"Comment","target":["https:\/\/jornalfatosenoticias.com.br\/index.php\/2023\/04\/28\/governo-registra-deficit-de-r-7-bilhoes-em-marco\/#respond"]}]},{"@type":"WebPage","@id":"https:\/\/jornalfatosenoticias.com.br\/index.php\/2023\/04\/28\/governo-registra-deficit-de-r-7-bilhoes-em-marco\/","url":"https:\/\/jornalfatosenoticias.com.br\/index.php\/2023\/04\/28\/governo-registra-deficit-de-r-7-bilhoes-em-marco\/","name":"Governo registra d\u00e9ficit de R$ 7 bilh\u00f5es em mar\u00e7o - Jornal Fatos e Not\u00edcias","isPartOf":{"@id":"https:\/\/jornalfatosenoticias.com.br\/#website"},"primaryImageOfPage":{"@id":"https:\/\/jornalfatosenoticias.com.br\/index.php\/2023\/04\/28\/governo-registra-deficit-de-r-7-bilhoes-em-marco\/#primaryimage"},"image":{"@id":"https:\/\/jornalfatosenoticias.com.br\/index.php\/2023\/04\/28\/governo-registra-deficit-de-r-7-bilhoes-em-marco\/#primaryimage"},"thumbnailUrl":"https:\/\/jornalfatosenoticias.com.br\/wp-content\/uploads\/2023\/04\/lula-molusco.jpg","datePublished":"2023-04-28T15:06:13+00:00","breadcrumb":{"@id":"https:\/\/jornalfatosenoticias.com.br\/index.php\/2023\/04\/28\/governo-registra-deficit-de-r-7-bilhoes-em-marco\/#breadcrumb"},"inLanguage":"pt-BR","potentialAction":[{"@type":"ReadAction","target":["https:\/\/jornalfatosenoticias.com.br\/index.php\/2023\/04\/28\/governo-registra-deficit-de-r-7-bilhoes-em-marco\/"]}]},{"@type":"ImageObject","inLanguage":"pt-BR","@id":"https:\/\/jornalfatosenoticias.com.br\/index.php\/2023\/04\/28\/governo-registra-deficit-de-r-7-bilhoes-em-marco\/#primaryimage","url":"https:\/\/jornalfatosenoticias.com.br\/wp-content\/uploads\/2023\/04\/lula-molusco.jpg","contentUrl":"https:\/\/jornalfatosenoticias.com.br\/wp-content\/uploads\/2023\/04\/lula-molusco.jpg","width":940,"height":627,"caption":"Bras\u0092lia (DF) 18\/04\/2023 - O presidente Luiz In\u0087cio Lula da Silva, participa de uma reuni\u008bo com chefes dos Tr\u0090s Poderes, governadores e ministros, para debater formas de refor\u008dar a seguran\u008da no ambiente escolar ap\u0097s os epis\u0097dios de viol\u0090ncia em Blumenau (SC) e em S\u008bo Paulo (SP) nos \u009cltimos dias. Foto: Jo\u008edson Alves\/ Ag\u0090ncia Brasil"},{"@type":"BreadcrumbList","@id":"https:\/\/jornalfatosenoticias.com.br\/index.php\/2023\/04\/28\/governo-registra-deficit-de-r-7-bilhoes-em-marco\/#breadcrumb","itemListElement":[{"@type":"ListItem","position":1,"name":"In\u00edcio","item":"https:\/\/jornalfatosenoticias.com.br\/"},{"@type":"ListItem","position":2,"name":"Governo registra d\u00e9ficit de R$ 7 bilh\u00f5es em mar\u00e7o"}]},{"@type":"WebSite","@id":"https:\/\/jornalfatosenoticias.com.br\/#website","url":"https:\/\/jornalfatosenoticias.com.br\/","name":"Jornal Fatos e Not\u00edcias","description":"Not\u00edcias em geral","publisher":{"@id":"https:\/\/jornalfatosenoticias.com.br\/#organization"},"potentialAction":[{"@type":"SearchAction","target":{"@type":"EntryPoint","urlTemplate":"https:\/\/jornalfatosenoticias.com.br\/?s={search_term_string}"},"query-input":{"@type":"PropertyValueSpecification","valueRequired":true,"valueName":"search_term_string"}}],"inLanguage":"pt-BR"},{"@type":"Organization","@id":"https:\/\/jornalfatosenoticias.com.br\/#organization","name":"Jornal Fatos e Not\u00edcias","url":"https:\/\/jornalfatosenoticias.com.br\/","logo":{"@type":"ImageObject","inLanguage":"pt-BR","@id":"https:\/\/jornalfatosenoticias.com.br\/#\/schema\/logo\/image\/","url":"https:\/\/jornalfatosenoticias.com.br\/wp-content\/uploads\/2020\/02\/logo120.png","contentUrl":"https:\/\/jornalfatosenoticias.com.br\/wp-content\/uploads\/2020\/02\/logo120.png","width":1227,"height":120,"caption":"Jornal Fatos e Not\u00edcias"},"image":{"@id":"https:\/\/jornalfatosenoticias.com.br\/#\/schema\/logo\/image\/"}},{"@type":"Person","@id":"https:\/\/jornalfatosenoticias.com.br\/#\/schema\/person\/d63837fa13ac8666eb9e74e0985d6f81","name":"Luzimara Fernandes","image":{"@type":"ImageObject","inLanguage":"pt-BR","@id":"https:\/\/jornalfatosenoticias.com.br\/#\/schema\/person\/image\/","url":"https:\/\/jornalfatosenoticias.com.br\/wp-content\/uploads\/2025\/05\/EU_portal.jpg","contentUrl":"https:\/\/jornalfatosenoticias.com.br\/wp-content\/uploads\/2025\/05\/EU_portal.jpg","caption":"Luzimara Fernandes"},"description":"Jornalista MTB 2358-ES","sameAs":["https:\/\/jornalfatosenoticias.com.br"],"url":"https:\/\/jornalfatosenoticias.com.br\/index.php\/author\/luzimara\/"}]}},"cc_featured_image_caption":{"caption_text":"(Foto: Jo\u00e9dson Alves\/Ag\u00eancia Brasil)","source_text":"","source_url":""},"jetpack_featured_media_url":"https:\/\/jornalfatosenoticias.com.br\/wp-content\/uploads\/2023\/04\/lula-molusco.jpg","_links":{"self":[{"href":"https:\/\/jornalfatosenoticias.com.br\/index.php\/wp-json\/wp\/v2\/posts\/41017","targetHints":{"allow":["GET"]}}],"collection":[{"href":"https:\/\/jornalfatosenoticias.com.br\/index.php\/wp-json\/wp\/v2\/posts"}],"about":[{"href":"https:\/\/jornalfatosenoticias.com.br\/index.php\/wp-json\/wp\/v2\/types\/post"}],"author":[{"embeddable":true,"href":"https:\/\/jornalfatosenoticias.com.br\/index.php\/wp-json\/wp\/v2\/users\/2"}],"replies":[{"embeddable":true,"href":"https:\/\/jornalfatosenoticias.com.br\/index.php\/wp-json\/wp\/v2\/comments?post=41017"}],"version-history":[{"count":0,"href":"https:\/\/jornalfatosenoticias.com.br\/index.php\/wp-json\/wp\/v2\/posts\/41017\/revisions"}],"wp:featuredmedia":[{"embeddable":true,"href":"https:\/\/jornalfatosenoticias.com.br\/index.php\/wp-json\/wp\/v2\/media\/41018"}],"wp:attachment":[{"href":"https:\/\/jornalfatosenoticias.com.br\/index.php\/wp-json\/wp\/v2\/media?parent=41017"}],"wp:term":[{"taxonomy":"category","embeddable":true,"href":"https:\/\/jornalfatosenoticias.com.br\/index.php\/wp-json\/wp\/v2\/categories?post=41017"},{"taxonomy":"post_tag","embeddable":true,"href":"https:\/\/jornalfatosenoticias.com.br\/index.php\/wp-json\/wp\/v2\/tags?post=41017"}],"curies":[{"name":"wp","href":"https:\/\/api.w.org\/{rel}","templated":true}]}}