{"id":41020,"date":"2023-04-28T12:24:54","date_gmt":"2023-04-28T15:24:54","guid":{"rendered":"https:\/\/jornalfatosenoticias.com.br\/?p=41020"},"modified":"2023-04-28T12:24:56","modified_gmt":"2023-04-28T15:24:56","slug":"miss-universo-espirito-santo-2023-tera-candidata-que-e-mae","status":"publish","type":"post","link":"https:\/\/jornalfatosenoticias.com.br\/index.php\/2023\/04\/28\/miss-universo-espirito-santo-2023-tera-candidata-que-e-mae\/","title":{"rendered":"Miss Universo Esp\u00edrito Santo 2023 ter\u00e1 candidata que \u00e9 m\u00e3e"},"content":{"rendered":"\n<p><em><span class=\"has-inline-color has-black-color\">Ap\u00f3s 70 anos concurso mundial muda regra<\/span><\/em><\/p>\n\n\n\n<p><em><span class=\"has-inline-color has-luminous-vivid-orange-color\">Texto: <strong>Assessoria de Comunica\u00e7\u00e3o<\/strong><\/span><\/em><\/p>\n\n\n\n<div class=\"wp-block-image\"><figure class=\"aligncenter size-large is-resized\"><img loading=\"lazy\" decoding=\"async\" src=\"https:\/\/jornalfatosenoticias.com.br\/wp-content\/uploads\/2023\/04\/baile.jpg\" alt=\"\" class=\"wp-image-40627\" width=\"258\" height=\"258\" srcset=\"https:\/\/jornalfatosenoticias.com.br\/wp-content\/uploads\/2023\/04\/baile.jpg 250w, https:\/\/jornalfatosenoticias.com.br\/wp-content\/uploads\/2023\/04\/baile-150x150.jpg 150w\" sizes=\"auto, (max-width: 258px) 100vw, 258px\" \/><\/figure><\/div>\n\n\n\n<p>Uma das maiores mudan\u00e7as na hist\u00f3ria do Concurso Miss Universo \u2014 que ocorreu em 2022 \u2014 foi a possibilidade das mulheres que concorrerem ao t\u00edtulo serem casadas e m\u00e3es. Desde a d\u00e9cada de 50, s\u00f3 mulheres solteiras e sem filhos participavam, ou seja, h\u00e1 mais de 70 anos.<br>O coordenador do Miss Universo Esp\u00edrito Santo 2023, o empres\u00e1rio, publicit\u00e1rio e produtor de eventos, Charles Souza, diz que a mudan\u00e7a foi necess\u00e1ria e que n\u00e3o influencia na disputa.<\/p>\n\n\n\n<div class=\"wp-block-image\"><figure class=\"aligncenter size-large\"><img loading=\"lazy\" decoding=\"async\" width=\"1000\" height=\"993\" src=\"https:\/\/jornalfatosenoticias.com.br\/wp-content\/uploads\/2023\/04\/Charles-Souza.jpeg\" alt=\"\" class=\"wp-image-41022\" srcset=\"https:\/\/jornalfatosenoticias.com.br\/wp-content\/uploads\/2023\/04\/Charles-Souza.jpeg 1000w, https:\/\/jornalfatosenoticias.com.br\/wp-content\/uploads\/2023\/04\/Charles-Souza-300x298.jpeg 300w, https:\/\/jornalfatosenoticias.com.br\/wp-content\/uploads\/2023\/04\/Charles-Souza-150x150.jpeg 150w, https:\/\/jornalfatosenoticias.com.br\/wp-content\/uploads\/2023\/04\/Charles-Souza-768x763.jpeg 768w\" sizes=\"auto, (max-width: 1000px) 100vw, 1000px\" \/><figcaption><em><span class=\"has-inline-color has-black-color\">Coordenador do Miss Universo Esp\u00edrito Santo 2023, empres\u00e1rio, publicit\u00e1rio e produtor de eventos, Charles Souza (Foto: Divulga\u00e7\u00e3o\/Ascom)<\/span><\/em><\/figcaption><\/figure><\/div>\n\n\n\n<blockquote class=\"wp-block-quote is-layout-flow wp-block-quote-is-layout-flow\"><p><span class=\"has-inline-color has-luminous-vivid-orange-color\">As mulheres podem fazer o que quiserem e quando quiserem, mesmo sendo m\u00e3es ou casadas, elas empreendem, lideram, executam, desenvolvem e criam oportunidades. Por que n\u00e3o se candidatarem ao maior concurso de representatividade feminina do mundo? O Miss Universo conecta fam\u00edlias, ra\u00e7as e cren\u00e7as, al\u00e9m de inspirar e transformar vidas. Todas as mulheres t\u00eam o direito de participar&#8221;, completa o coordenador do evento.<\/span><\/p><\/blockquote>\n\n\n\n<div class=\"wp-block-image\"><figure class=\"aligncenter size-large\"><img loading=\"lazy\" decoding=\"async\" width=\"300\" height=\"250\" src=\"https:\/\/jornalfatosenoticias.com.br\/wp-content\/uploads\/2022\/02\/Banner-2.png\" alt=\"\" class=\"wp-image-27877\"\/><\/figure><\/div>\n\n\n\n<p>Com esta mudan\u00e7a, o evento deste ano em terras capixabas ter\u00e1 uma finalista do munic\u00edpio de Cariacica, a trancista e musicista Esther Lima Peixoto, que ser\u00e1 a primeira mulher que \u00e9 m\u00e3e a participar do Miss Universo no Esp\u00edrito Santo. Esther tem 24 anos, \u00e9 casada com J\u00fanior Oliveira e tem um filhinho de dois anos que se chama Maur\u00edcio de Oliveira \u2014 em homenagem ao grande nome da m\u00fasica capixaba, o violonista de mesmo nome.<br>Esther j\u00e1 participou de um concurso e, para o Miss Universo ES 2023, achou que n\u00e3o tinha potencial para vencer, por\u00e9m foi a ganhadora em seu munic\u00edpio e este t\u00edtulo a ajudou muito na quest\u00e3o da autoestima.<\/p>\n\n\n\n<div class=\"wp-block-image\"><figure class=\"aligncenter size-large\"><img loading=\"lazy\" decoding=\"async\" width=\"600\" height=\"750\" src=\"https:\/\/jornalfatosenoticias.com.br\/wp-content\/uploads\/2023\/04\/03-ESTHER-CARIACICA.jpg\" alt=\"\" class=\"wp-image-41023\" srcset=\"https:\/\/jornalfatosenoticias.com.br\/wp-content\/uploads\/2023\/04\/03-ESTHER-CARIACICA.jpg 600w, https:\/\/jornalfatosenoticias.com.br\/wp-content\/uploads\/2023\/04\/03-ESTHER-CARIACICA-240x300.jpg 240w\" sizes=\"auto, (max-width: 600px) 100vw, 600px\" \/><figcaption><em><span class=\"has-inline-color has-black-color\">Finalista do concurso, a trancista e musicista, Esther Lima Peixoto (Foto: Divulga\u00e7\u00e3o\/Ascom)<\/span><\/em><\/figcaption><\/figure><\/div>\n\n\n\n<blockquote class=\"wp-block-quote is-layout-flow wp-block-quote-is-layout-flow\"><p><span class=\"has-inline-color has-luminous-vivid-orange-color\">Este t\u00edtulo me ajudou muito no processo de conquista, de representar a mulher preta e autoestima que precisa ser conquistada por n\u00f3s, no nosso potencial\u201d, afirma a finalista.<\/span><\/p><\/blockquote>\n\n\n\n<div class=\"wp-block-image\"><figure class=\"aligncenter size-large is-resized\"><img loading=\"lazy\" decoding=\"async\" src=\"https:\/\/jornalfatosenoticias.com.br\/wp-content\/uploads\/2023\/03\/Crypton-1000-\u00d7-900-px-300x270-1.png\" alt=\"\" class=\"wp-image-40206\" width=\"292\" height=\"263\"\/><\/figure><\/div>\n\n\n\n<p>Sobre os compromissos que cumpre como finalista, ela diz que consegue gra\u00e7as ao apoio da fam\u00edlia. \u201cTenho um marido consciente e que faz a parte dele. Sei que \u00e9 o m\u00ednimo, mas em uma sociedade como a nossa, tenho sorte\u201d, pontua Esther. \u201cEm alguns compromissos n\u00e3o oficiais eu tamb\u00e9m levo o beb\u00ea e claro, conto com o apoio da fam\u00edlia\u201d, diz a finalista.<\/p>\n\n\n\n<div class=\"wp-block-image\"><figure class=\"aligncenter size-large is-resized\"><img loading=\"lazy\" decoding=\"async\" src=\"https:\/\/jornalfatosenoticias.com.br\/wp-content\/uploads\/2022\/07\/Logo-Grupo-SEI.jpg\" alt=\"\" class=\"wp-image-31973\" width=\"324\" height=\"170\" srcset=\"https:\/\/jornalfatosenoticias.com.br\/wp-content\/uploads\/2022\/07\/Logo-Grupo-SEI.jpg 713w, https:\/\/jornalfatosenoticias.com.br\/wp-content\/uploads\/2022\/07\/Logo-Grupo-SEI-300x158.jpg 300w\" sizes=\"auto, (max-width: 324px) 100vw, 324px\" \/><\/figure><\/div>\n\n\n\n<p>Para Esther, participar do concurso Miss Universo Esp\u00edrito Santo 2023 representa liberdade! \u201cToda mulher deve ter o direito de sonhar e alcan\u00e7ar seus objetivos, at\u00e9 mesmo ter uma fam\u00edlia independentemente de qualquer circunst\u00e2ncia\u201d, afirma Esther. Para ela, as mulheres que s\u00e3o m\u00e3es e desejam participar do concurso para Miss precisam enfrentar o desafio e fazer valer a sua vontade.<\/p>\n\n\n\n<div class=\"wp-block-image\"><figure class=\"aligncenter size-large\"><img decoding=\"async\" src=\"https:\/\/jornalfatosenoticias.com.br\/wp-content\/uploads\/2020\/02\/Logomarca-Principal.gif\" alt=\"\" class=\"wp-image-7872\"\/><\/figure><\/div>\n\n\n\n<blockquote class=\"wp-block-quote is-layout-flow wp-block-quote-is-layout-flow\"><p><span class=\"has-inline-color has-luminous-vivid-orange-color\">\u00c9 preciso coragem para enfrentar tudo que vem pela frente quando decidimos avan\u00e7ar. E com certeza for\u00e7a para poder se movimentar rumo ao seu sonho\u201d, ressalta a finalista.<\/span><\/p><\/blockquote>\n\n\n\n<h3 class=\"wp-block-heading\"><strong><span class=\"has-inline-color has-vivid-purple-color\"><span style=\"text-decoration: underline;\">Miss Universo Esp\u00edrito Santo 2023<\/span><\/span><\/strong><\/h3>\n\n\n\n<div class=\"wp-block-image\"><figure class=\"aligncenter size-large\"><img loading=\"lazy\" decoding=\"async\" width=\"1000\" height=\"229\" src=\"https:\/\/jornalfatosenoticias.com.br\/wp-content\/uploads\/2023\/04\/logo-2023.png\" alt=\"\" class=\"wp-image-41021\" srcset=\"https:\/\/jornalfatosenoticias.com.br\/wp-content\/uploads\/2023\/04\/logo-2023.png 1000w, https:\/\/jornalfatosenoticias.com.br\/wp-content\/uploads\/2023\/04\/logo-2023-300x69.png 300w, https:\/\/jornalfatosenoticias.com.br\/wp-content\/uploads\/2023\/04\/logo-2023-768x176.png 768w\" sizes=\"auto, (max-width: 1000px) 100vw, 1000px\" \/><\/figure><\/div>\n\n\n\n<p>As finalistas deste ano s\u00e3o: Aguina Cristina (Ibatiba); K\u00e1ssia Luz (Muqui); Maria Clara Soares Dutra (Pi\u00fama); Anna Beatriz Pereira de Souza (Vit\u00f3ria); Luana Zardo (Venda Nova do Imigrante); Esther Lima Peixoto (Cariacica); Wanda Costa Schneider (Guarapari); Andriely Castello do Nascimento (Serra); Bruna Colodeti (Castelo); Bellatriz Santoliv (Vila Velha); Isabelle Marteli (Jaguar\u00e9); Ana Bisi (Linhares); Nicole Guedes Lobo (Alfredo Chaves) Edilaine Da Silva Bruni (S\u00e3o Domingos do Norte) Ludmila Ricci (Cachoeiro de Itapemirim); Maiza Leite (Afonso Cl\u00e1udio); Isa Corona (S\u00e3o Mateus), Auris Rocha (I\u00fana).<br>A etapa final, que ocorre no dia 12 de maio, ser\u00e1 realizada atrav\u00e9s de vota\u00e7\u00e3o de jurados e contar\u00e1 com os tradicionais desfiles de traje de banho e de gala. As etapas selecionam, entre as 18 finalistas, o Top 10, o Top 5 e em seguida o Top 3, at\u00e9 a escolha da grande vencedora.<\/p>\n\n\n\n<div class=\"wp-block-image\"><figure class=\"aligncenter size-large is-resized\"><img loading=\"lazy\" decoding=\"async\" src=\"https:\/\/jornalfatosenoticias.com.br\/wp-content\/uploads\/2022\/10\/Arte-jornal-Zucchi-600x600_Prancheta-1-1024x1024.jpg\" alt=\"\" class=\"wp-image-34782\" width=\"296\" height=\"296\" srcset=\"https:\/\/jornalfatosenoticias.com.br\/wp-content\/uploads\/2022\/10\/Arte-jornal-Zucchi-600x600_Prancheta-1-1024x1024.jpg 1024w, https:\/\/jornalfatosenoticias.com.br\/wp-content\/uploads\/2022\/10\/Arte-jornal-Zucchi-600x600_Prancheta-1-300x300.jpg 300w, https:\/\/jornalfatosenoticias.com.br\/wp-content\/uploads\/2022\/10\/Arte-jornal-Zucchi-600x600_Prancheta-1-150x150.jpg 150w, https:\/\/jornalfatosenoticias.com.br\/wp-content\/uploads\/2022\/10\/Arte-jornal-Zucchi-600x600_Prancheta-1-768x768.jpg 768w, https:\/\/jornalfatosenoticias.com.br\/wp-content\/uploads\/2022\/10\/Arte-jornal-Zucchi-600x600_Prancheta-1.jpg 1250w\" sizes=\"auto, (max-width: 296px) 100vw, 296px\" \/><\/figure><\/div>\n\n\n\n<p>O evento \u00e9 aberto ao p\u00fablico e os ingressos podem ser adquiridos pelo link <a href=\"https:\/\/missespiritosanto.com.br.\">https:\/\/missespiritosanto.com.br.<\/a><\/p>\n\n\n\n<p>Acompanhe as novidades pelas m\u00eddias<br>@missuniversoespiritosanto\/<br><em><span style=\"text-decoration: underline;\"><a href=\"http:\/\/youtube.com\/vidademiss\" target=\"_blank\" rel=\"noreferrer noopener\">youtube.com\/vidademiss<\/a><\/span><\/em><\/p>\n\n\n\n<div class=\"wp-block-image\"><figure class=\"aligncenter size-large is-resized\"><img loading=\"lazy\" decoding=\"async\" src=\"https:\/\/jornalfatosenoticias.com.br\/wp-content\/uploads\/2023\/04\/Logo_MasterMind.jpg\" alt=\"\" class=\"wp-image-40974\" width=\"322\" height=\"234\"\/><\/figure><\/div>\n\n\n\n<p><span style=\"text-decoration: underline;\"><strong><span class=\"has-inline-color has-black-color\">Miss Universo Esp\u00edrito Santo 2023<br><\/span><\/strong><\/span><strong>Dia:<\/strong> 12\/05\/2023<br><strong>Hor\u00e1rio:<\/strong> 19h30 as 22 horas<br><strong>Local: <\/strong>Teatro Sesc Gl\u00f3ria<br><strong>Av: <\/strong>Jer\u00f4nimo Monteiro, 428 \u2014 Centro \u2014 Vit\u00f3ria \u2014 ES<br><em>Mais informa\u00e7\u00f5es acesse:\u00a0<a href=\"https:\/\/missespiritosanto.com.br\/\" target=\"_blank\" rel=\"noreferrer noopener\">https:\/\/missespiritosanto.com.br\/<\/a>\u00a0e siga o IG\u00a0<a href=\"https:\/\/www.instagram.com\/missuniversoespiritosanto\/\" target=\"_blank\" rel=\"noreferrer noopener\">https:\/\/www.instagram.com\/missuniversoespiritosanto\/<\/a><\/em><\/p>\n","protected":false},"excerpt":{"rendered":"<p>Ap\u00f3s 70 anos concurso mundial muda regra Texto: Assessoria de Comunica\u00e7\u00e3o Uma das maiores mudan\u00e7as na hist\u00f3ria do Concurso Miss Universo \u2014 que ocorreu em 2022 \u2014 foi a possibilidade das mulheres que concorrerem ao t\u00edtulo serem casadas e m\u00e3es. Desde a d\u00e9cada de 50, s\u00f3 mulheres solteiras e sem filhos participavam, ou seja, h\u00e1 [&hellip;]<\/p>\n","protected":false},"author":2,"featured_media":41024,"comment_status":"open","ping_status":"open","sticky":false,"template":"","format":"standard","meta":{"footnotes":""},"categories":[5],"tags":[19232,19233,19234,19231],"class_list":["post-41020","post","type-post","status-publish","format-standard","has-post-thumbnail","hentry","category-geral","tag-concurso-de-beleza","tag-concurso-mundial","tag-miss-universo","tag-miss-universo-espirito-santo-2023"],"yoast_head":"<!-- This site is optimized with the Yoast SEO plugin v26.5 - https:\/\/yoast.com\/wordpress\/plugins\/seo\/ -->\n<title>Miss Universo Esp\u00edrito Santo 2023 ter\u00e1 candidata que \u00e9 m\u00e3e - Jornal Fatos e Not\u00edcias<\/title>\n<meta name=\"robots\" content=\"index, follow, max-snippet:-1, max-image-preview:large, max-video-preview:-1\" \/>\n<link rel=\"canonical\" href=\"https:\/\/jornalfatosenoticias.com.br\/index.php\/2023\/04\/28\/miss-universo-espirito-santo-2023-tera-candidata-que-e-mae\/\" \/>\n<meta property=\"og:locale\" content=\"pt_BR\" \/>\n<meta property=\"og:type\" content=\"article\" \/>\n<meta property=\"og:title\" content=\"Miss Universo Esp\u00edrito Santo 2023 ter\u00e1 candidata que \u00e9 m\u00e3e - Jornal Fatos e Not\u00edcias\" \/>\n<meta property=\"og:description\" content=\"Ap\u00f3s 70 anos concurso mundial muda regra Texto: Assessoria de Comunica\u00e7\u00e3o Uma das maiores mudan\u00e7as na hist\u00f3ria do Concurso Miss Universo \u2014 que ocorreu em 2022 \u2014 foi a possibilidade das mulheres que concorrerem ao t\u00edtulo serem casadas e m\u00e3es. Desde a d\u00e9cada de 50, s\u00f3 mulheres solteiras e sem filhos participavam, ou seja, h\u00e1 [&hellip;]\" \/>\n<meta property=\"og:url\" content=\"https:\/\/jornalfatosenoticias.com.br\/index.php\/2023\/04\/28\/miss-universo-espirito-santo-2023-tera-candidata-que-e-mae\/\" \/>\n<meta property=\"og:site_name\" content=\"Jornal Fatos e Not\u00edcias\" \/>\n<meta property=\"article:published_time\" content=\"2023-04-28T15:24:54+00:00\" \/>\n<meta property=\"article:modified_time\" content=\"2023-04-28T15:24:56+00:00\" \/>\n<meta property=\"og:image\" content=\"https:\/\/jornalfatosenoticias.com.br\/wp-content\/uploads\/2023\/04\/18Abr-2023-Misses-capa-sympla.png\" \/>\n\t<meta property=\"og:image:width\" content=\"900\" \/>\n\t<meta property=\"og:image:height\" content=\"483\" \/>\n\t<meta property=\"og:image:type\" content=\"image\/png\" \/>\n<meta name=\"author\" content=\"Luzimara Fernandes\" \/>\n<meta name=\"twitter:card\" content=\"summary_large_image\" \/>\n<meta name=\"twitter:label1\" content=\"Escrito por\" \/>\n\t<meta name=\"twitter:data1\" content=\"Luzimara Fernandes\" \/>\n\t<meta name=\"twitter:label2\" content=\"Est. tempo de leitura\" \/>\n\t<meta name=\"twitter:data2\" content=\"4 minutos\" \/>\n<script type=\"application\/ld+json\" class=\"yoast-schema-graph\">{\"@context\":\"https:\/\/schema.org\",\"@graph\":[{\"@type\":\"Article\",\"@id\":\"https:\/\/jornalfatosenoticias.com.br\/index.php\/2023\/04\/28\/miss-universo-espirito-santo-2023-tera-candidata-que-e-mae\/#article\",\"isPartOf\":{\"@id\":\"https:\/\/jornalfatosenoticias.com.br\/index.php\/2023\/04\/28\/miss-universo-espirito-santo-2023-tera-candidata-que-e-mae\/\"},\"author\":{\"name\":\"Luzimara Fernandes\",\"@id\":\"https:\/\/jornalfatosenoticias.com.br\/#\/schema\/person\/d63837fa13ac8666eb9e74e0985d6f81\"},\"headline\":\"Miss Universo Esp\u00edrito Santo 2023 ter\u00e1 candidata que \u00e9 m\u00e3e\",\"datePublished\":\"2023-04-28T15:24:54+00:00\",\"dateModified\":\"2023-04-28T15:24:56+00:00\",\"mainEntityOfPage\":{\"@id\":\"https:\/\/jornalfatosenoticias.com.br\/index.php\/2023\/04\/28\/miss-universo-espirito-santo-2023-tera-candidata-que-e-mae\/\"},\"wordCount\":737,\"commentCount\":0,\"publisher\":{\"@id\":\"https:\/\/jornalfatosenoticias.com.br\/#organization\"},\"image\":{\"@id\":\"https:\/\/jornalfatosenoticias.com.br\/index.php\/2023\/04\/28\/miss-universo-espirito-santo-2023-tera-candidata-que-e-mae\/#primaryimage\"},\"thumbnailUrl\":\"https:\/\/jornalfatosenoticias.com.br\/wp-content\/uploads\/2023\/04\/18Abr-2023-Misses-capa-sympla.png\",\"keywords\":[\"concurso de beleza\",\"concurso mundial\",\"Miss Universo\",\"Miss Universo Esp\u00edrito Santo 2023\"],\"articleSection\":[\"Geral\"],\"inLanguage\":\"pt-BR\",\"potentialAction\":[{\"@type\":\"CommentAction\",\"name\":\"Comment\",\"target\":[\"https:\/\/jornalfatosenoticias.com.br\/index.php\/2023\/04\/28\/miss-universo-espirito-santo-2023-tera-candidata-que-e-mae\/#respond\"]}]},{\"@type\":\"WebPage\",\"@id\":\"https:\/\/jornalfatosenoticias.com.br\/index.php\/2023\/04\/28\/miss-universo-espirito-santo-2023-tera-candidata-que-e-mae\/\",\"url\":\"https:\/\/jornalfatosenoticias.com.br\/index.php\/2023\/04\/28\/miss-universo-espirito-santo-2023-tera-candidata-que-e-mae\/\",\"name\":\"Miss Universo Esp\u00edrito Santo 2023 ter\u00e1 candidata que \u00e9 m\u00e3e - Jornal Fatos e Not\u00edcias\",\"isPartOf\":{\"@id\":\"https:\/\/jornalfatosenoticias.com.br\/#website\"},\"primaryImageOfPage\":{\"@id\":\"https:\/\/jornalfatosenoticias.com.br\/index.php\/2023\/04\/28\/miss-universo-espirito-santo-2023-tera-candidata-que-e-mae\/#primaryimage\"},\"image\":{\"@id\":\"https:\/\/jornalfatosenoticias.com.br\/index.php\/2023\/04\/28\/miss-universo-espirito-santo-2023-tera-candidata-que-e-mae\/#primaryimage\"},\"thumbnailUrl\":\"https:\/\/jornalfatosenoticias.com.br\/wp-content\/uploads\/2023\/04\/18Abr-2023-Misses-capa-sympla.png\",\"datePublished\":\"2023-04-28T15:24:54+00:00\",\"dateModified\":\"2023-04-28T15:24:56+00:00\",\"breadcrumb\":{\"@id\":\"https:\/\/jornalfatosenoticias.com.br\/index.php\/2023\/04\/28\/miss-universo-espirito-santo-2023-tera-candidata-que-e-mae\/#breadcrumb\"},\"inLanguage\":\"pt-BR\",\"potentialAction\":[{\"@type\":\"ReadAction\",\"target\":[\"https:\/\/jornalfatosenoticias.com.br\/index.php\/2023\/04\/28\/miss-universo-espirito-santo-2023-tera-candidata-que-e-mae\/\"]}]},{\"@type\":\"ImageObject\",\"inLanguage\":\"pt-BR\",\"@id\":\"https:\/\/jornalfatosenoticias.com.br\/index.php\/2023\/04\/28\/miss-universo-espirito-santo-2023-tera-candidata-que-e-mae\/#primaryimage\",\"url\":\"https:\/\/jornalfatosenoticias.com.br\/wp-content\/uploads\/2023\/04\/18Abr-2023-Misses-capa-sympla.png\",\"contentUrl\":\"https:\/\/jornalfatosenoticias.com.br\/wp-content\/uploads\/2023\/04\/18Abr-2023-Misses-capa-sympla.png\",\"width\":900,\"height\":483},{\"@type\":\"BreadcrumbList\",\"@id\":\"https:\/\/jornalfatosenoticias.com.br\/index.php\/2023\/04\/28\/miss-universo-espirito-santo-2023-tera-candidata-que-e-mae\/#breadcrumb\",\"itemListElement\":[{\"@type\":\"ListItem\",\"position\":1,\"name\":\"In\u00edcio\",\"item\":\"https:\/\/jornalfatosenoticias.com.br\/\"},{\"@type\":\"ListItem\",\"position\":2,\"name\":\"Miss Universo Esp\u00edrito Santo 2023 ter\u00e1 candidata que \u00e9 m\u00e3e\"}]},{\"@type\":\"WebSite\",\"@id\":\"https:\/\/jornalfatosenoticias.com.br\/#website\",\"url\":\"https:\/\/jornalfatosenoticias.com.br\/\",\"name\":\"Jornal Fatos e Not\u00edcias\",\"description\":\"Not\u00edcias em geral\",\"publisher\":{\"@id\":\"https:\/\/jornalfatosenoticias.com.br\/#organization\"},\"potentialAction\":[{\"@type\":\"SearchAction\",\"target\":{\"@type\":\"EntryPoint\",\"urlTemplate\":\"https:\/\/jornalfatosenoticias.com.br\/?s={search_term_string}\"},\"query-input\":{\"@type\":\"PropertyValueSpecification\",\"valueRequired\":true,\"valueName\":\"search_term_string\"}}],\"inLanguage\":\"pt-BR\"},{\"@type\":\"Organization\",\"@id\":\"https:\/\/jornalfatosenoticias.com.br\/#organization\",\"name\":\"Jornal Fatos e Not\u00edcias\",\"url\":\"https:\/\/jornalfatosenoticias.com.br\/\",\"logo\":{\"@type\":\"ImageObject\",\"inLanguage\":\"pt-BR\",\"@id\":\"https:\/\/jornalfatosenoticias.com.br\/#\/schema\/logo\/image\/\",\"url\":\"https:\/\/jornalfatosenoticias.com.br\/wp-content\/uploads\/2020\/02\/logo120.png\",\"contentUrl\":\"https:\/\/jornalfatosenoticias.com.br\/wp-content\/uploads\/2020\/02\/logo120.png\",\"width\":1227,\"height\":120,\"caption\":\"Jornal Fatos e Not\u00edcias\"},\"image\":{\"@id\":\"https:\/\/jornalfatosenoticias.com.br\/#\/schema\/logo\/image\/\"}},{\"@type\":\"Person\",\"@id\":\"https:\/\/jornalfatosenoticias.com.br\/#\/schema\/person\/d63837fa13ac8666eb9e74e0985d6f81\",\"name\":\"Luzimara Fernandes\",\"image\":{\"@type\":\"ImageObject\",\"inLanguage\":\"pt-BR\",\"@id\":\"https:\/\/jornalfatosenoticias.com.br\/#\/schema\/person\/image\/\",\"url\":\"https:\/\/jornalfatosenoticias.com.br\/wp-content\/uploads\/2025\/05\/EU_portal.jpg\",\"contentUrl\":\"https:\/\/jornalfatosenoticias.com.br\/wp-content\/uploads\/2025\/05\/EU_portal.jpg\",\"caption\":\"Luzimara Fernandes\"},\"description\":\"Jornalista MTB 2358-ES\",\"sameAs\":[\"https:\/\/jornalfatosenoticias.com.br\"],\"url\":\"https:\/\/jornalfatosenoticias.com.br\/index.php\/author\/luzimara\/\"}]}<\/script>\n<!-- \/ Yoast SEO plugin. -->","yoast_head_json":{"title":"Miss Universo Esp\u00edrito Santo 2023 ter\u00e1 candidata que \u00e9 m\u00e3e - Jornal Fatos e Not\u00edcias","robots":{"index":"index","follow":"follow","max-snippet":"max-snippet:-1","max-image-preview":"max-image-preview:large","max-video-preview":"max-video-preview:-1"},"canonical":"https:\/\/jornalfatosenoticias.com.br\/index.php\/2023\/04\/28\/miss-universo-espirito-santo-2023-tera-candidata-que-e-mae\/","og_locale":"pt_BR","og_type":"article","og_title":"Miss Universo Esp\u00edrito Santo 2023 ter\u00e1 candidata que \u00e9 m\u00e3e - Jornal Fatos e Not\u00edcias","og_description":"Ap\u00f3s 70 anos concurso mundial muda regra Texto: Assessoria de Comunica\u00e7\u00e3o Uma das maiores mudan\u00e7as na hist\u00f3ria do Concurso Miss Universo \u2014 que ocorreu em 2022 \u2014 foi a possibilidade das mulheres que concorrerem ao t\u00edtulo serem casadas e m\u00e3es. Desde a d\u00e9cada de 50, s\u00f3 mulheres solteiras e sem filhos participavam, ou seja, h\u00e1 [&hellip;]","og_url":"https:\/\/jornalfatosenoticias.com.br\/index.php\/2023\/04\/28\/miss-universo-espirito-santo-2023-tera-candidata-que-e-mae\/","og_site_name":"Jornal Fatos e Not\u00edcias","article_published_time":"2023-04-28T15:24:54+00:00","article_modified_time":"2023-04-28T15:24:56+00:00","og_image":[{"width":900,"height":483,"url":"https:\/\/jornalfatosenoticias.com.br\/wp-content\/uploads\/2023\/04\/18Abr-2023-Misses-capa-sympla.png","type":"image\/png"}],"author":"Luzimara Fernandes","twitter_card":"summary_large_image","twitter_misc":{"Escrito por":"Luzimara Fernandes","Est. tempo de leitura":"4 minutos"},"schema":{"@context":"https:\/\/schema.org","@graph":[{"@type":"Article","@id":"https:\/\/jornalfatosenoticias.com.br\/index.php\/2023\/04\/28\/miss-universo-espirito-santo-2023-tera-candidata-que-e-mae\/#article","isPartOf":{"@id":"https:\/\/jornalfatosenoticias.com.br\/index.php\/2023\/04\/28\/miss-universo-espirito-santo-2023-tera-candidata-que-e-mae\/"},"author":{"name":"Luzimara Fernandes","@id":"https:\/\/jornalfatosenoticias.com.br\/#\/schema\/person\/d63837fa13ac8666eb9e74e0985d6f81"},"headline":"Miss Universo Esp\u00edrito Santo 2023 ter\u00e1 candidata que \u00e9 m\u00e3e","datePublished":"2023-04-28T15:24:54+00:00","dateModified":"2023-04-28T15:24:56+00:00","mainEntityOfPage":{"@id":"https:\/\/jornalfatosenoticias.com.br\/index.php\/2023\/04\/28\/miss-universo-espirito-santo-2023-tera-candidata-que-e-mae\/"},"wordCount":737,"commentCount":0,"publisher":{"@id":"https:\/\/jornalfatosenoticias.com.br\/#organization"},"image":{"@id":"https:\/\/jornalfatosenoticias.com.br\/index.php\/2023\/04\/28\/miss-universo-espirito-santo-2023-tera-candidata-que-e-mae\/#primaryimage"},"thumbnailUrl":"https:\/\/jornalfatosenoticias.com.br\/wp-content\/uploads\/2023\/04\/18Abr-2023-Misses-capa-sympla.png","keywords":["concurso de beleza","concurso mundial","Miss Universo","Miss Universo Esp\u00edrito Santo 2023"],"articleSection":["Geral"],"inLanguage":"pt-BR","potentialAction":[{"@type":"CommentAction","name":"Comment","target":["https:\/\/jornalfatosenoticias.com.br\/index.php\/2023\/04\/28\/miss-universo-espirito-santo-2023-tera-candidata-que-e-mae\/#respond"]}]},{"@type":"WebPage","@id":"https:\/\/jornalfatosenoticias.com.br\/index.php\/2023\/04\/28\/miss-universo-espirito-santo-2023-tera-candidata-que-e-mae\/","url":"https:\/\/jornalfatosenoticias.com.br\/index.php\/2023\/04\/28\/miss-universo-espirito-santo-2023-tera-candidata-que-e-mae\/","name":"Miss Universo Esp\u00edrito Santo 2023 ter\u00e1 candidata que \u00e9 m\u00e3e - Jornal Fatos e Not\u00edcias","isPartOf":{"@id":"https:\/\/jornalfatosenoticias.com.br\/#website"},"primaryImageOfPage":{"@id":"https:\/\/jornalfatosenoticias.com.br\/index.php\/2023\/04\/28\/miss-universo-espirito-santo-2023-tera-candidata-que-e-mae\/#primaryimage"},"image":{"@id":"https:\/\/jornalfatosenoticias.com.br\/index.php\/2023\/04\/28\/miss-universo-espirito-santo-2023-tera-candidata-que-e-mae\/#primaryimage"},"thumbnailUrl":"https:\/\/jornalfatosenoticias.com.br\/wp-content\/uploads\/2023\/04\/18Abr-2023-Misses-capa-sympla.png","datePublished":"2023-04-28T15:24:54+00:00","dateModified":"2023-04-28T15:24:56+00:00","breadcrumb":{"@id":"https:\/\/jornalfatosenoticias.com.br\/index.php\/2023\/04\/28\/miss-universo-espirito-santo-2023-tera-candidata-que-e-mae\/#breadcrumb"},"inLanguage":"pt-BR","potentialAction":[{"@type":"ReadAction","target":["https:\/\/jornalfatosenoticias.com.br\/index.php\/2023\/04\/28\/miss-universo-espirito-santo-2023-tera-candidata-que-e-mae\/"]}]},{"@type":"ImageObject","inLanguage":"pt-BR","@id":"https:\/\/jornalfatosenoticias.com.br\/index.php\/2023\/04\/28\/miss-universo-espirito-santo-2023-tera-candidata-que-e-mae\/#primaryimage","url":"https:\/\/jornalfatosenoticias.com.br\/wp-content\/uploads\/2023\/04\/18Abr-2023-Misses-capa-sympla.png","contentUrl":"https:\/\/jornalfatosenoticias.com.br\/wp-content\/uploads\/2023\/04\/18Abr-2023-Misses-capa-sympla.png","width":900,"height":483},{"@type":"BreadcrumbList","@id":"https:\/\/jornalfatosenoticias.com.br\/index.php\/2023\/04\/28\/miss-universo-espirito-santo-2023-tera-candidata-que-e-mae\/#breadcrumb","itemListElement":[{"@type":"ListItem","position":1,"name":"In\u00edcio","item":"https:\/\/jornalfatosenoticias.com.br\/"},{"@type":"ListItem","position":2,"name":"Miss Universo Esp\u00edrito Santo 2023 ter\u00e1 candidata que \u00e9 m\u00e3e"}]},{"@type":"WebSite","@id":"https:\/\/jornalfatosenoticias.com.br\/#website","url":"https:\/\/jornalfatosenoticias.com.br\/","name":"Jornal Fatos e Not\u00edcias","description":"Not\u00edcias em geral","publisher":{"@id":"https:\/\/jornalfatosenoticias.com.br\/#organization"},"potentialAction":[{"@type":"SearchAction","target":{"@type":"EntryPoint","urlTemplate":"https:\/\/jornalfatosenoticias.com.br\/?s={search_term_string}"},"query-input":{"@type":"PropertyValueSpecification","valueRequired":true,"valueName":"search_term_string"}}],"inLanguage":"pt-BR"},{"@type":"Organization","@id":"https:\/\/jornalfatosenoticias.com.br\/#organization","name":"Jornal Fatos e Not\u00edcias","url":"https:\/\/jornalfatosenoticias.com.br\/","logo":{"@type":"ImageObject","inLanguage":"pt-BR","@id":"https:\/\/jornalfatosenoticias.com.br\/#\/schema\/logo\/image\/","url":"https:\/\/jornalfatosenoticias.com.br\/wp-content\/uploads\/2020\/02\/logo120.png","contentUrl":"https:\/\/jornalfatosenoticias.com.br\/wp-content\/uploads\/2020\/02\/logo120.png","width":1227,"height":120,"caption":"Jornal Fatos e Not\u00edcias"},"image":{"@id":"https:\/\/jornalfatosenoticias.com.br\/#\/schema\/logo\/image\/"}},{"@type":"Person","@id":"https:\/\/jornalfatosenoticias.com.br\/#\/schema\/person\/d63837fa13ac8666eb9e74e0985d6f81","name":"Luzimara Fernandes","image":{"@type":"ImageObject","inLanguage":"pt-BR","@id":"https:\/\/jornalfatosenoticias.com.br\/#\/schema\/person\/image\/","url":"https:\/\/jornalfatosenoticias.com.br\/wp-content\/uploads\/2025\/05\/EU_portal.jpg","contentUrl":"https:\/\/jornalfatosenoticias.com.br\/wp-content\/uploads\/2025\/05\/EU_portal.jpg","caption":"Luzimara Fernandes"},"description":"Jornalista MTB 2358-ES","sameAs":["https:\/\/jornalfatosenoticias.com.br"],"url":"https:\/\/jornalfatosenoticias.com.br\/index.php\/author\/luzimara\/"}]}},"cc_featured_image_caption":{"caption_text":"(Foto: Divulga\u00e7\u00e3o\/Ascom)","source_text":"","source_url":""},"jetpack_featured_media_url":"https:\/\/jornalfatosenoticias.com.br\/wp-content\/uploads\/2023\/04\/18Abr-2023-Misses-capa-sympla.png","_links":{"self":[{"href":"https:\/\/jornalfatosenoticias.com.br\/index.php\/wp-json\/wp\/v2\/posts\/41020","targetHints":{"allow":["GET"]}}],"collection":[{"href":"https:\/\/jornalfatosenoticias.com.br\/index.php\/wp-json\/wp\/v2\/posts"}],"about":[{"href":"https:\/\/jornalfatosenoticias.com.br\/index.php\/wp-json\/wp\/v2\/types\/post"}],"author":[{"embeddable":true,"href":"https:\/\/jornalfatosenoticias.com.br\/index.php\/wp-json\/wp\/v2\/users\/2"}],"replies":[{"embeddable":true,"href":"https:\/\/jornalfatosenoticias.com.br\/index.php\/wp-json\/wp\/v2\/comments?post=41020"}],"version-history":[{"count":0,"href":"https:\/\/jornalfatosenoticias.com.br\/index.php\/wp-json\/wp\/v2\/posts\/41020\/revisions"}],"wp:featuredmedia":[{"embeddable":true,"href":"https:\/\/jornalfatosenoticias.com.br\/index.php\/wp-json\/wp\/v2\/media\/41024"}],"wp:attachment":[{"href":"https:\/\/jornalfatosenoticias.com.br\/index.php\/wp-json\/wp\/v2\/media?parent=41020"}],"wp:term":[{"taxonomy":"category","embeddable":true,"href":"https:\/\/jornalfatosenoticias.com.br\/index.php\/wp-json\/wp\/v2\/categories?post=41020"},{"taxonomy":"post_tag","embeddable":true,"href":"https:\/\/jornalfatosenoticias.com.br\/index.php\/wp-json\/wp\/v2\/tags?post=41020"}],"curies":[{"name":"wp","href":"https:\/\/api.w.org\/{rel}","templated":true}]}}