{"id":41029,"date":"2023-05-02T16:00:07","date_gmt":"2023-05-02T19:00:07","guid":{"rendered":"https:\/\/jornalfatosenoticias.com.br\/?p=41029"},"modified":"2023-05-02T16:00:08","modified_gmt":"2023-05-02T19:00:08","slug":"paciente-com-cancer-terminal-tem-remissao-total-apos-tratamento-de-brasileiro","status":"publish","type":"post","link":"https:\/\/jornalfatosenoticias.com.br\/index.php\/2023\/05\/02\/paciente-com-cancer-terminal-tem-remissao-total-apos-tratamento-de-brasileiro\/","title":{"rendered":"Paciente com c\u00e2ncer terminal tem remiss\u00e3o total ap\u00f3s tratamento de brasileiro"},"content":{"rendered":"\n<p><em><span class=\"has-inline-color has-black-color\">Segundo especialista, tratamento pode ajudar a prevenir e tratar condi\u00e7\u00f5es a n\u00edvel molecular, como o c\u00e2ncer e doen\u00e7as neurol\u00f3gicas<\/span><\/em><\/p>\n\n\n\n<p><em><span class=\"has-inline-color has-black-color\">Por: <strong>Vit\u00f3ria Lopes Gomez<\/strong><\/span><\/em><\/p>\n\n\n\n<div class=\"wp-block-image\"><figure class=\"aligncenter size-large\"><img loading=\"lazy\" decoding=\"async\" width=\"729\" height=\"90\" src=\"https:\/\/jornalfatosenoticias.com.br\/wp-content\/uploads\/2020\/02\/Logo_Mizu.png\" alt=\"\" class=\"wp-image-1441\" srcset=\"https:\/\/jornalfatosenoticias.com.br\/wp-content\/uploads\/2020\/02\/Logo_Mizu.png 729w, https:\/\/jornalfatosenoticias.com.br\/wp-content\/uploads\/2020\/02\/Logo_Mizu-300x37.png 300w\" sizes=\"auto, (max-width: 729px) 100vw, 729px\" \/><\/figure><\/div>\n\n\n\n<p>Um paciente com c\u00e2ncer em <a href=\"https:\/\/olhardigital.com.br\/tag\/cancer\/\" target=\"_blank\" rel=\"noreferrer noopener\">est\u00e1gio terminal<\/a>\u00a0teve uma remiss\u00e3o completa da\u00a0<a href=\"https:\/\/olhardigital.com.br\/editorias\/medicina-e-saude\/\" target=\"_blank\" rel=\"noreferrer noopener\">doen\u00e7a<\/a> ap\u00f3s passar por um tratamento desenvolvido por um m\u00e9dico brasileiro. Scott Miller havia sido diagnosticado com c\u00e2ncer de pr\u00f3stata e, at\u00e9 ent\u00e3o, tinha mais quatro meses de vida.<\/p>\n\n\n\n<div class=\"wp-block-image\"><figure class=\"aligncenter size-large is-resized\"><img loading=\"lazy\" decoding=\"async\" src=\"https:\/\/jornalfatosenoticias.com.br\/wp-content\/uploads\/2023\/04\/Logo_MasterMind.jpg\" alt=\"\" class=\"wp-image-40974\" width=\"286\" height=\"208\"\/><\/figure><\/div>\n\n\n\n<p><strong><span class=\"has-inline-color has-black-color\">Tratamento<br><\/span>\u2022<\/strong> Miller foi diagnosticado com c\u00e2ncer de pr\u00f3stata metast\u00e1tica em est\u00e1gio IV em 2021, aos 66 anos.<br><strong>\u2022 <\/strong>O tumor tinha quase 12 cent\u00edmetros e havia se espalhado para outros locais e \u00f3rg\u00e3os.<br><strong>\u2022<\/strong> Ao longo de seis meses, ele foi submetido a um tratamento desenvolvido pelo brasileiro Marc Abreu, usando a tecnologia BTT.<br><strong>\u2022<\/strong> BTT significa t\u00fanel t\u00e9rmico cerebral e o tratamento consiste na indu\u00e7\u00e3o de prote\u00ednas de choque t\u00e9rmico atrav\u00e9s do aumento de temperatura pelo c\u00e9rebro \u2014 tudo isso de maneira controlada.<br><strong>\u2022 <\/strong>A inova\u00e7\u00e3o de Abreu, que \u00e9 especialista em termodin\u00e2mica cerebral e frequ\u00eancias termorregulat\u00f3rias pela Universidade Federal de S\u00e3o Paulo (Unifesp), foi desenvolvida na Universidade de Yale, nos Estados Unidos.<br><strong>\u2022<\/strong> O relato do caso foi apresentado na \u00faltima quarta-feira (26) na 38\u00aa edi\u00e7\u00e3o do Congresso Anual da Society for Thermal Medicine, em San Diego.<\/p>\n\n\n\n<div class=\"wp-block-image\"><figure class=\"aligncenter size-large\"><img loading=\"lazy\" decoding=\"async\" width=\"1024\" height=\"110\" src=\"https:\/\/jornalfatosenoticias.com.br\/wp-content\/uploads\/2022\/10\/Arte-jornal-Zucchi-1120x120_Prancheta-1-1024x110.jpg\" alt=\"\" class=\"wp-image-34772\" srcset=\"https:\/\/jornalfatosenoticias.com.br\/wp-content\/uploads\/2022\/10\/Arte-jornal-Zucchi-1120x120_Prancheta-1-1024x110.jpg 1024w, https:\/\/jornalfatosenoticias.com.br\/wp-content\/uploads\/2022\/10\/Arte-jornal-Zucchi-1120x120_Prancheta-1-300x32.jpg 300w, https:\/\/jornalfatosenoticias.com.br\/wp-content\/uploads\/2022\/10\/Arte-jornal-Zucchi-1120x120_Prancheta-1-768x82.jpg 768w, https:\/\/jornalfatosenoticias.com.br\/wp-content\/uploads\/2022\/10\/Arte-jornal-Zucchi-1120x120_Prancheta-1-1536x165.jpg 1536w, https:\/\/jornalfatosenoticias.com.br\/wp-content\/uploads\/2022\/10\/Arte-jornal-Zucchi-1120x120_Prancheta-1-2048x219.jpg 2048w\" sizes=\"auto, (max-width: 1024px) 100vw, 1024px\" \/><\/figure><\/div>\n\n\n\n<p><strong><span class=\"has-inline-color has-vivid-purple-color\">Inova\u00e7\u00e3o<br><\/span><\/strong>Segundo a apresenta\u00e7\u00e3o, foram necess\u00e1rias cinco indu\u00e7\u00f5es em Miller durante os seis meses e ele n\u00e3o sentiu efeitos colaterais. O paciente tamb\u00e9m n\u00e3o precisou passar por outros tratamentos para atingir a remiss\u00e3o do c\u00e2ncer, como radioterapia ou quimioterapia.<\/p>\n\n\n\n<div class=\"wp-block-image\"><figure class=\"aligncenter size-large\"><img loading=\"lazy\" decoding=\"async\" width=\"300\" height=\"250\" src=\"https:\/\/jornalfatosenoticias.com.br\/wp-content\/uploads\/2022\/08\/arte-Casarao.jpg\" alt=\"\" class=\"wp-image-33178\"\/><\/figure><\/div>\n\n\n\n<blockquote class=\"wp-block-quote is-layout-flow wp-block-quote-is-layout-flow\"><p><span class=\"has-inline-color has-luminous-vivid-orange-color\">Na primeira indu\u00e7\u00e3o, j\u00e1 senti algo diferente. Com isso, me mudei temporariamente de Los Angeles para Miami, onde fica o Instituto M\u00e9dico BTT, para dar continuidade ao tratamento. Depois do tratamento, meu radiologista ao rever os meus exames me informou que inacreditavelmente \u00e9 como se eu nunca tivesse c\u00e2ncer&#8221;, disse Scoot Miller.<\/span><\/p><\/blockquote>\n\n\n\n<div class=\"wp-block-image\"><figure class=\"aligncenter size-large\"><img loading=\"lazy\" decoding=\"async\" width=\"300\" height=\"222\" src=\"https:\/\/jornalfatosenoticias.com.br\/wp-content\/uploads\/2023\/03\/logo_Juliana-Graca.jpg\" alt=\"\" class=\"wp-image-39283\"\/><\/figure><\/div>\n\n\n\n<p>O paciente ter\u00e1 acompanhamento cont\u00ednuo a cada seis meses e far\u00e1 baterias de exames por tr\u00eas anos. O tratamento BTT desenvolvido pelo brasileiro tamb\u00e9m \u00e9 usado em doen\u00e7as neurol\u00f3gicas e ele acredita que tem um \u201cpotencial \u00fanico de prevenir e tratar in\u00fameras doen\u00e7as a n\u00edvel molecular\u201d.<\/p>\n\n\n\n<div class=\"wp-block-image\"><figure class=\"aligncenter size-large is-resized\"><img loading=\"lazy\" decoding=\"async\" src=\"https:\/\/jornalfatosenoticias.com.br\/wp-content\/uploads\/2022\/10\/RC_800x750_page-0001.jpg\" alt=\"\" class=\"wp-image-35338\" width=\"256\" height=\"240\" srcset=\"https:\/\/jornalfatosenoticias.com.br\/wp-content\/uploads\/2022\/10\/RC_800x750_page-0001.jpg 400w, https:\/\/jornalfatosenoticias.com.br\/wp-content\/uploads\/2022\/10\/RC_800x750_page-0001-300x281.jpg 300w\" sizes=\"auto, (max-width: 256px) 100vw, 256px\" \/><\/figure><\/div>\n\n\n\n<blockquote class=\"wp-block-quote is-layout-flow wp-block-quote-is-layout-flow\"><p><span class=\"has-inline-color has-luminous-vivid-orange-color\">Um ponto muito importante \u00e9 que, com esse tratamento, n\u00e3o s\u00f3 eliminamos o c\u00e2ncer, mas tamb\u00e9m a fonte do c\u00e2ncer. Temos a erradica\u00e7\u00e3o das c\u00e9lulas-tronco cancer\u00edgenas e a neutraliza\u00e7\u00e3o das mol\u00e9culas sinalizadoras, que s\u00e3o as mol\u00e9culas que levam ao desenvolvimento e depois a recorr\u00eancia do c\u00e2ncer&#8221;, explica Mark Abreu.<\/span><\/p><\/blockquote>\n\n\n\n<div class=\"wp-block-image\"><figure class=\"aligncenter size-large is-resized\"><img loading=\"lazy\" decoding=\"async\" src=\"https:\/\/jornalfatosenoticias.com.br\/wp-content\/uploads\/2023\/03\/logo-Panper_portal.jpg\" alt=\"\" class=\"wp-image-40208\" width=\"273\" height=\"189\" srcset=\"https:\/\/jornalfatosenoticias.com.br\/wp-content\/uploads\/2023\/03\/logo-Panper_portal.jpg 400w, https:\/\/jornalfatosenoticias.com.br\/wp-content\/uploads\/2023\/03\/logo-Panper_portal-300x208.jpg 300w\" sizes=\"auto, (max-width: 273px) 100vw, 273px\" \/><\/figure><\/div>\n\n\n\n<p><strong><em>Fonte: <a href=\"https:\/\/olhardigital.com.br\/2023\/04\/28\/medicina-e-saude\/paciente-com-cancer-terminal-tem-remissao-total-apos-tratamento-de-brasileiro\/\">Olhar Digital<\/a><\/em><\/strong><\/p>\n","protected":false},"excerpt":{"rendered":"<p>Segundo especialista, tratamento pode ajudar a prevenir e tratar condi\u00e7\u00f5es a n\u00edvel molecular, como o c\u00e2ncer e doen\u00e7as neurol\u00f3gicas Por: Vit\u00f3ria Lopes Gomez Um paciente com c\u00e2ncer em est\u00e1gio terminal\u00a0teve uma remiss\u00e3o completa da\u00a0doen\u00e7a ap\u00f3s passar por um tratamento desenvolvido por um m\u00e9dico brasileiro. Scott Miller havia sido diagnosticado com c\u00e2ncer de pr\u00f3stata e, at\u00e9 [&hellip;]<\/p>\n","protected":false},"author":2,"featured_media":41030,"comment_status":"open","ping_status":"open","sticky":false,"template":"","format":"standard","meta":{"footnotes":""},"categories":[11],"tags":[642,394,11702,115],"class_list":["post-41029","post","type-post","status-publish","format-standard","has-post-thumbnail","hentry","category-saude","tag-cancer","tag-doenca","tag-medicina-e-saude","tag-pesquisa"],"yoast_head":"<!-- This site is optimized with the Yoast SEO plugin v26.5 - https:\/\/yoast.com\/wordpress\/plugins\/seo\/ -->\n<title>Paciente com c\u00e2ncer terminal tem remiss\u00e3o total ap\u00f3s tratamento de brasileiro - Jornal Fatos e Not\u00edcias<\/title>\n<meta name=\"robots\" content=\"index, follow, max-snippet:-1, max-image-preview:large, max-video-preview:-1\" \/>\n<link rel=\"canonical\" href=\"https:\/\/jornalfatosenoticias.com.br\/index.php\/2023\/05\/02\/paciente-com-cancer-terminal-tem-remissao-total-apos-tratamento-de-brasileiro\/\" \/>\n<meta property=\"og:locale\" content=\"pt_BR\" \/>\n<meta property=\"og:type\" content=\"article\" \/>\n<meta property=\"og:title\" content=\"Paciente com c\u00e2ncer terminal tem remiss\u00e3o total ap\u00f3s tratamento de brasileiro - Jornal Fatos e Not\u00edcias\" \/>\n<meta property=\"og:description\" content=\"Segundo especialista, tratamento pode ajudar a prevenir e tratar condi\u00e7\u00f5es a n\u00edvel molecular, como o c\u00e2ncer e doen\u00e7as neurol\u00f3gicas Por: Vit\u00f3ria Lopes Gomez Um paciente com c\u00e2ncer em est\u00e1gio terminal\u00a0teve uma remiss\u00e3o completa da\u00a0doen\u00e7a ap\u00f3s passar por um tratamento desenvolvido por um m\u00e9dico brasileiro. Scott Miller havia sido diagnosticado com c\u00e2ncer de pr\u00f3stata e, at\u00e9 [&hellip;]\" \/>\n<meta property=\"og:url\" content=\"https:\/\/jornalfatosenoticias.com.br\/index.php\/2023\/05\/02\/paciente-com-cancer-terminal-tem-remissao-total-apos-tratamento-de-brasileiro\/\" \/>\n<meta property=\"og:site_name\" content=\"Jornal Fatos e Not\u00edcias\" \/>\n<meta property=\"article:published_time\" content=\"2023-05-02T19:00:07+00:00\" \/>\n<meta property=\"article:modified_time\" content=\"2023-05-02T19:00:08+00:00\" \/>\n<meta property=\"og:image\" content=\"https:\/\/jornalfatosenoticias.com.br\/wp-content\/uploads\/2023\/05\/paciente-com-cancer.jpg\" \/>\n\t<meta property=\"og:image:width\" content=\"1000\" \/>\n\t<meta property=\"og:image:height\" content=\"664\" \/>\n\t<meta property=\"og:image:type\" content=\"image\/jpeg\" \/>\n<meta name=\"author\" content=\"Luzimara Fernandes\" \/>\n<meta name=\"twitter:card\" content=\"summary_large_image\" \/>\n<meta name=\"twitter:label1\" content=\"Escrito por\" \/>\n\t<meta name=\"twitter:data1\" content=\"Luzimara Fernandes\" \/>\n\t<meta name=\"twitter:label2\" content=\"Est. tempo de leitura\" \/>\n\t<meta name=\"twitter:data2\" content=\"2 minutos\" \/>\n<script type=\"application\/ld+json\" class=\"yoast-schema-graph\">{\"@context\":\"https:\/\/schema.org\",\"@graph\":[{\"@type\":\"Article\",\"@id\":\"https:\/\/jornalfatosenoticias.com.br\/index.php\/2023\/05\/02\/paciente-com-cancer-terminal-tem-remissao-total-apos-tratamento-de-brasileiro\/#article\",\"isPartOf\":{\"@id\":\"https:\/\/jornalfatosenoticias.com.br\/index.php\/2023\/05\/02\/paciente-com-cancer-terminal-tem-remissao-total-apos-tratamento-de-brasileiro\/\"},\"author\":{\"name\":\"Luzimara Fernandes\",\"@id\":\"https:\/\/jornalfatosenoticias.com.br\/#\/schema\/person\/d63837fa13ac8666eb9e74e0985d6f81\"},\"headline\":\"Paciente com c\u00e2ncer terminal tem remiss\u00e3o total ap\u00f3s tratamento de brasileiro\",\"datePublished\":\"2023-05-02T19:00:07+00:00\",\"dateModified\":\"2023-05-02T19:00:08+00:00\",\"mainEntityOfPage\":{\"@id\":\"https:\/\/jornalfatosenoticias.com.br\/index.php\/2023\/05\/02\/paciente-com-cancer-terminal-tem-remissao-total-apos-tratamento-de-brasileiro\/\"},\"wordCount\":458,\"commentCount\":0,\"publisher\":{\"@id\":\"https:\/\/jornalfatosenoticias.com.br\/#organization\"},\"image\":{\"@id\":\"https:\/\/jornalfatosenoticias.com.br\/index.php\/2023\/05\/02\/paciente-com-cancer-terminal-tem-remissao-total-apos-tratamento-de-brasileiro\/#primaryimage\"},\"thumbnailUrl\":\"https:\/\/jornalfatosenoticias.com.br\/wp-content\/uploads\/2023\/05\/paciente-com-cancer.jpg\",\"keywords\":[\"c\u00e2ncer\",\"doen\u00e7a\",\"medicina e sa\u00fade\",\"pesquisa\"],\"articleSection\":[\"Sa\u00fade\"],\"inLanguage\":\"pt-BR\",\"potentialAction\":[{\"@type\":\"CommentAction\",\"name\":\"Comment\",\"target\":[\"https:\/\/jornalfatosenoticias.com.br\/index.php\/2023\/05\/02\/paciente-com-cancer-terminal-tem-remissao-total-apos-tratamento-de-brasileiro\/#respond\"]}]},{\"@type\":\"WebPage\",\"@id\":\"https:\/\/jornalfatosenoticias.com.br\/index.php\/2023\/05\/02\/paciente-com-cancer-terminal-tem-remissao-total-apos-tratamento-de-brasileiro\/\",\"url\":\"https:\/\/jornalfatosenoticias.com.br\/index.php\/2023\/05\/02\/paciente-com-cancer-terminal-tem-remissao-total-apos-tratamento-de-brasileiro\/\",\"name\":\"Paciente com c\u00e2ncer terminal tem remiss\u00e3o total ap\u00f3s tratamento de brasileiro - Jornal Fatos e Not\u00edcias\",\"isPartOf\":{\"@id\":\"https:\/\/jornalfatosenoticias.com.br\/#website\"},\"primaryImageOfPage\":{\"@id\":\"https:\/\/jornalfatosenoticias.com.br\/index.php\/2023\/05\/02\/paciente-com-cancer-terminal-tem-remissao-total-apos-tratamento-de-brasileiro\/#primaryimage\"},\"image\":{\"@id\":\"https:\/\/jornalfatosenoticias.com.br\/index.php\/2023\/05\/02\/paciente-com-cancer-terminal-tem-remissao-total-apos-tratamento-de-brasileiro\/#primaryimage\"},\"thumbnailUrl\":\"https:\/\/jornalfatosenoticias.com.br\/wp-content\/uploads\/2023\/05\/paciente-com-cancer.jpg\",\"datePublished\":\"2023-05-02T19:00:07+00:00\",\"dateModified\":\"2023-05-02T19:00:08+00:00\",\"breadcrumb\":{\"@id\":\"https:\/\/jornalfatosenoticias.com.br\/index.php\/2023\/05\/02\/paciente-com-cancer-terminal-tem-remissao-total-apos-tratamento-de-brasileiro\/#breadcrumb\"},\"inLanguage\":\"pt-BR\",\"potentialAction\":[{\"@type\":\"ReadAction\",\"target\":[\"https:\/\/jornalfatosenoticias.com.br\/index.php\/2023\/05\/02\/paciente-com-cancer-terminal-tem-remissao-total-apos-tratamento-de-brasileiro\/\"]}]},{\"@type\":\"ImageObject\",\"inLanguage\":\"pt-BR\",\"@id\":\"https:\/\/jornalfatosenoticias.com.br\/index.php\/2023\/05\/02\/paciente-com-cancer-terminal-tem-remissao-total-apos-tratamento-de-brasileiro\/#primaryimage\",\"url\":\"https:\/\/jornalfatosenoticias.com.br\/wp-content\/uploads\/2023\/05\/paciente-com-cancer.jpg\",\"contentUrl\":\"https:\/\/jornalfatosenoticias.com.br\/wp-content\/uploads\/2023\/05\/paciente-com-cancer.jpg\",\"width\":1000,\"height\":664},{\"@type\":\"BreadcrumbList\",\"@id\":\"https:\/\/jornalfatosenoticias.com.br\/index.php\/2023\/05\/02\/paciente-com-cancer-terminal-tem-remissao-total-apos-tratamento-de-brasileiro\/#breadcrumb\",\"itemListElement\":[{\"@type\":\"ListItem\",\"position\":1,\"name\":\"In\u00edcio\",\"item\":\"https:\/\/jornalfatosenoticias.com.br\/\"},{\"@type\":\"ListItem\",\"position\":2,\"name\":\"Paciente com c\u00e2ncer terminal tem remiss\u00e3o total ap\u00f3s tratamento de brasileiro\"}]},{\"@type\":\"WebSite\",\"@id\":\"https:\/\/jornalfatosenoticias.com.br\/#website\",\"url\":\"https:\/\/jornalfatosenoticias.com.br\/\",\"name\":\"Jornal Fatos e Not\u00edcias\",\"description\":\"Not\u00edcias em geral\",\"publisher\":{\"@id\":\"https:\/\/jornalfatosenoticias.com.br\/#organization\"},\"potentialAction\":[{\"@type\":\"SearchAction\",\"target\":{\"@type\":\"EntryPoint\",\"urlTemplate\":\"https:\/\/jornalfatosenoticias.com.br\/?s={search_term_string}\"},\"query-input\":{\"@type\":\"PropertyValueSpecification\",\"valueRequired\":true,\"valueName\":\"search_term_string\"}}],\"inLanguage\":\"pt-BR\"},{\"@type\":\"Organization\",\"@id\":\"https:\/\/jornalfatosenoticias.com.br\/#organization\",\"name\":\"Jornal Fatos e Not\u00edcias\",\"url\":\"https:\/\/jornalfatosenoticias.com.br\/\",\"logo\":{\"@type\":\"ImageObject\",\"inLanguage\":\"pt-BR\",\"@id\":\"https:\/\/jornalfatosenoticias.com.br\/#\/schema\/logo\/image\/\",\"url\":\"https:\/\/jornalfatosenoticias.com.br\/wp-content\/uploads\/2020\/02\/logo120.png\",\"contentUrl\":\"https:\/\/jornalfatosenoticias.com.br\/wp-content\/uploads\/2020\/02\/logo120.png\",\"width\":1227,\"height\":120,\"caption\":\"Jornal Fatos e Not\u00edcias\"},\"image\":{\"@id\":\"https:\/\/jornalfatosenoticias.com.br\/#\/schema\/logo\/image\/\"}},{\"@type\":\"Person\",\"@id\":\"https:\/\/jornalfatosenoticias.com.br\/#\/schema\/person\/d63837fa13ac8666eb9e74e0985d6f81\",\"name\":\"Luzimara Fernandes\",\"image\":{\"@type\":\"ImageObject\",\"inLanguage\":\"pt-BR\",\"@id\":\"https:\/\/jornalfatosenoticias.com.br\/#\/schema\/person\/image\/\",\"url\":\"https:\/\/jornalfatosenoticias.com.br\/wp-content\/uploads\/2025\/05\/EU_portal.jpg\",\"contentUrl\":\"https:\/\/jornalfatosenoticias.com.br\/wp-content\/uploads\/2025\/05\/EU_portal.jpg\",\"caption\":\"Luzimara Fernandes\"},\"description\":\"Jornalista MTB 2358-ES\",\"sameAs\":[\"https:\/\/jornalfatosenoticias.com.br\"],\"url\":\"https:\/\/jornalfatosenoticias.com.br\/index.php\/author\/luzimara\/\"}]}<\/script>\n<!-- \/ Yoast SEO plugin. -->","yoast_head_json":{"title":"Paciente com c\u00e2ncer terminal tem remiss\u00e3o total ap\u00f3s tratamento de brasileiro - Jornal Fatos e Not\u00edcias","robots":{"index":"index","follow":"follow","max-snippet":"max-snippet:-1","max-image-preview":"max-image-preview:large","max-video-preview":"max-video-preview:-1"},"canonical":"https:\/\/jornalfatosenoticias.com.br\/index.php\/2023\/05\/02\/paciente-com-cancer-terminal-tem-remissao-total-apos-tratamento-de-brasileiro\/","og_locale":"pt_BR","og_type":"article","og_title":"Paciente com c\u00e2ncer terminal tem remiss\u00e3o total ap\u00f3s tratamento de brasileiro - Jornal Fatos e Not\u00edcias","og_description":"Segundo especialista, tratamento pode ajudar a prevenir e tratar condi\u00e7\u00f5es a n\u00edvel molecular, como o c\u00e2ncer e doen\u00e7as neurol\u00f3gicas Por: Vit\u00f3ria Lopes Gomez Um paciente com c\u00e2ncer em est\u00e1gio terminal\u00a0teve uma remiss\u00e3o completa da\u00a0doen\u00e7a ap\u00f3s passar por um tratamento desenvolvido por um m\u00e9dico brasileiro. Scott Miller havia sido diagnosticado com c\u00e2ncer de pr\u00f3stata e, at\u00e9 [&hellip;]","og_url":"https:\/\/jornalfatosenoticias.com.br\/index.php\/2023\/05\/02\/paciente-com-cancer-terminal-tem-remissao-total-apos-tratamento-de-brasileiro\/","og_site_name":"Jornal Fatos e Not\u00edcias","article_published_time":"2023-05-02T19:00:07+00:00","article_modified_time":"2023-05-02T19:00:08+00:00","og_image":[{"width":1000,"height":664,"url":"https:\/\/jornalfatosenoticias.com.br\/wp-content\/uploads\/2023\/05\/paciente-com-cancer.jpg","type":"image\/jpeg"}],"author":"Luzimara Fernandes","twitter_card":"summary_large_image","twitter_misc":{"Escrito por":"Luzimara Fernandes","Est. tempo de leitura":"2 minutos"},"schema":{"@context":"https:\/\/schema.org","@graph":[{"@type":"Article","@id":"https:\/\/jornalfatosenoticias.com.br\/index.php\/2023\/05\/02\/paciente-com-cancer-terminal-tem-remissao-total-apos-tratamento-de-brasileiro\/#article","isPartOf":{"@id":"https:\/\/jornalfatosenoticias.com.br\/index.php\/2023\/05\/02\/paciente-com-cancer-terminal-tem-remissao-total-apos-tratamento-de-brasileiro\/"},"author":{"name":"Luzimara Fernandes","@id":"https:\/\/jornalfatosenoticias.com.br\/#\/schema\/person\/d63837fa13ac8666eb9e74e0985d6f81"},"headline":"Paciente com c\u00e2ncer terminal tem remiss\u00e3o total ap\u00f3s tratamento de brasileiro","datePublished":"2023-05-02T19:00:07+00:00","dateModified":"2023-05-02T19:00:08+00:00","mainEntityOfPage":{"@id":"https:\/\/jornalfatosenoticias.com.br\/index.php\/2023\/05\/02\/paciente-com-cancer-terminal-tem-remissao-total-apos-tratamento-de-brasileiro\/"},"wordCount":458,"commentCount":0,"publisher":{"@id":"https:\/\/jornalfatosenoticias.com.br\/#organization"},"image":{"@id":"https:\/\/jornalfatosenoticias.com.br\/index.php\/2023\/05\/02\/paciente-com-cancer-terminal-tem-remissao-total-apos-tratamento-de-brasileiro\/#primaryimage"},"thumbnailUrl":"https:\/\/jornalfatosenoticias.com.br\/wp-content\/uploads\/2023\/05\/paciente-com-cancer.jpg","keywords":["c\u00e2ncer","doen\u00e7a","medicina e sa\u00fade","pesquisa"],"articleSection":["Sa\u00fade"],"inLanguage":"pt-BR","potentialAction":[{"@type":"CommentAction","name":"Comment","target":["https:\/\/jornalfatosenoticias.com.br\/index.php\/2023\/05\/02\/paciente-com-cancer-terminal-tem-remissao-total-apos-tratamento-de-brasileiro\/#respond"]}]},{"@type":"WebPage","@id":"https:\/\/jornalfatosenoticias.com.br\/index.php\/2023\/05\/02\/paciente-com-cancer-terminal-tem-remissao-total-apos-tratamento-de-brasileiro\/","url":"https:\/\/jornalfatosenoticias.com.br\/index.php\/2023\/05\/02\/paciente-com-cancer-terminal-tem-remissao-total-apos-tratamento-de-brasileiro\/","name":"Paciente com c\u00e2ncer terminal tem remiss\u00e3o total ap\u00f3s tratamento de brasileiro - Jornal Fatos e Not\u00edcias","isPartOf":{"@id":"https:\/\/jornalfatosenoticias.com.br\/#website"},"primaryImageOfPage":{"@id":"https:\/\/jornalfatosenoticias.com.br\/index.php\/2023\/05\/02\/paciente-com-cancer-terminal-tem-remissao-total-apos-tratamento-de-brasileiro\/#primaryimage"},"image":{"@id":"https:\/\/jornalfatosenoticias.com.br\/index.php\/2023\/05\/02\/paciente-com-cancer-terminal-tem-remissao-total-apos-tratamento-de-brasileiro\/#primaryimage"},"thumbnailUrl":"https:\/\/jornalfatosenoticias.com.br\/wp-content\/uploads\/2023\/05\/paciente-com-cancer.jpg","datePublished":"2023-05-02T19:00:07+00:00","dateModified":"2023-05-02T19:00:08+00:00","breadcrumb":{"@id":"https:\/\/jornalfatosenoticias.com.br\/index.php\/2023\/05\/02\/paciente-com-cancer-terminal-tem-remissao-total-apos-tratamento-de-brasileiro\/#breadcrumb"},"inLanguage":"pt-BR","potentialAction":[{"@type":"ReadAction","target":["https:\/\/jornalfatosenoticias.com.br\/index.php\/2023\/05\/02\/paciente-com-cancer-terminal-tem-remissao-total-apos-tratamento-de-brasileiro\/"]}]},{"@type":"ImageObject","inLanguage":"pt-BR","@id":"https:\/\/jornalfatosenoticias.com.br\/index.php\/2023\/05\/02\/paciente-com-cancer-terminal-tem-remissao-total-apos-tratamento-de-brasileiro\/#primaryimage","url":"https:\/\/jornalfatosenoticias.com.br\/wp-content\/uploads\/2023\/05\/paciente-com-cancer.jpg","contentUrl":"https:\/\/jornalfatosenoticias.com.br\/wp-content\/uploads\/2023\/05\/paciente-com-cancer.jpg","width":1000,"height":664},{"@type":"BreadcrumbList","@id":"https:\/\/jornalfatosenoticias.com.br\/index.php\/2023\/05\/02\/paciente-com-cancer-terminal-tem-remissao-total-apos-tratamento-de-brasileiro\/#breadcrumb","itemListElement":[{"@type":"ListItem","position":1,"name":"In\u00edcio","item":"https:\/\/jornalfatosenoticias.com.br\/"},{"@type":"ListItem","position":2,"name":"Paciente com c\u00e2ncer terminal tem remiss\u00e3o total ap\u00f3s tratamento de brasileiro"}]},{"@type":"WebSite","@id":"https:\/\/jornalfatosenoticias.com.br\/#website","url":"https:\/\/jornalfatosenoticias.com.br\/","name":"Jornal Fatos e Not\u00edcias","description":"Not\u00edcias em geral","publisher":{"@id":"https:\/\/jornalfatosenoticias.com.br\/#organization"},"potentialAction":[{"@type":"SearchAction","target":{"@type":"EntryPoint","urlTemplate":"https:\/\/jornalfatosenoticias.com.br\/?s={search_term_string}"},"query-input":{"@type":"PropertyValueSpecification","valueRequired":true,"valueName":"search_term_string"}}],"inLanguage":"pt-BR"},{"@type":"Organization","@id":"https:\/\/jornalfatosenoticias.com.br\/#organization","name":"Jornal Fatos e Not\u00edcias","url":"https:\/\/jornalfatosenoticias.com.br\/","logo":{"@type":"ImageObject","inLanguage":"pt-BR","@id":"https:\/\/jornalfatosenoticias.com.br\/#\/schema\/logo\/image\/","url":"https:\/\/jornalfatosenoticias.com.br\/wp-content\/uploads\/2020\/02\/logo120.png","contentUrl":"https:\/\/jornalfatosenoticias.com.br\/wp-content\/uploads\/2020\/02\/logo120.png","width":1227,"height":120,"caption":"Jornal Fatos e Not\u00edcias"},"image":{"@id":"https:\/\/jornalfatosenoticias.com.br\/#\/schema\/logo\/image\/"}},{"@type":"Person","@id":"https:\/\/jornalfatosenoticias.com.br\/#\/schema\/person\/d63837fa13ac8666eb9e74e0985d6f81","name":"Luzimara Fernandes","image":{"@type":"ImageObject","inLanguage":"pt-BR","@id":"https:\/\/jornalfatosenoticias.com.br\/#\/schema\/person\/image\/","url":"https:\/\/jornalfatosenoticias.com.br\/wp-content\/uploads\/2025\/05\/EU_portal.jpg","contentUrl":"https:\/\/jornalfatosenoticias.com.br\/wp-content\/uploads\/2025\/05\/EU_portal.jpg","caption":"Luzimara Fernandes"},"description":"Jornalista MTB 2358-ES","sameAs":["https:\/\/jornalfatosenoticias.com.br"],"url":"https:\/\/jornalfatosenoticias.com.br\/index.php\/author\/luzimara\/"}]}},"cc_featured_image_caption":{"caption_text":"(Foto: Shutterstock) ","source_text":"","source_url":""},"jetpack_featured_media_url":"https:\/\/jornalfatosenoticias.com.br\/wp-content\/uploads\/2023\/05\/paciente-com-cancer.jpg","_links":{"self":[{"href":"https:\/\/jornalfatosenoticias.com.br\/index.php\/wp-json\/wp\/v2\/posts\/41029","targetHints":{"allow":["GET"]}}],"collection":[{"href":"https:\/\/jornalfatosenoticias.com.br\/index.php\/wp-json\/wp\/v2\/posts"}],"about":[{"href":"https:\/\/jornalfatosenoticias.com.br\/index.php\/wp-json\/wp\/v2\/types\/post"}],"author":[{"embeddable":true,"href":"https:\/\/jornalfatosenoticias.com.br\/index.php\/wp-json\/wp\/v2\/users\/2"}],"replies":[{"embeddable":true,"href":"https:\/\/jornalfatosenoticias.com.br\/index.php\/wp-json\/wp\/v2\/comments?post=41029"}],"version-history":[{"count":0,"href":"https:\/\/jornalfatosenoticias.com.br\/index.php\/wp-json\/wp\/v2\/posts\/41029\/revisions"}],"wp:featuredmedia":[{"embeddable":true,"href":"https:\/\/jornalfatosenoticias.com.br\/index.php\/wp-json\/wp\/v2\/media\/41030"}],"wp:attachment":[{"href":"https:\/\/jornalfatosenoticias.com.br\/index.php\/wp-json\/wp\/v2\/media?parent=41029"}],"wp:term":[{"taxonomy":"category","embeddable":true,"href":"https:\/\/jornalfatosenoticias.com.br\/index.php\/wp-json\/wp\/v2\/categories?post=41029"},{"taxonomy":"post_tag","embeddable":true,"href":"https:\/\/jornalfatosenoticias.com.br\/index.php\/wp-json\/wp\/v2\/tags?post=41029"}],"curies":[{"name":"wp","href":"https:\/\/api.w.org\/{rel}","templated":true}]}}