{"id":41069,"date":"2023-05-02T19:31:24","date_gmt":"2023-05-02T22:31:24","guid":{"rendered":"https:\/\/jornalfatosenoticias.com.br\/?p=41069"},"modified":"2023-05-02T19:31:26","modified_gmt":"2023-05-02T22:31:26","slug":"transferencia-de-tecnologia-da-embrapa-para-a-africa-pode-criar-concorrentes-para-o-agro-do-brasil","status":"publish","type":"post","link":"https:\/\/jornalfatosenoticias.com.br\/index.php\/2023\/05\/02\/transferencia-de-tecnologia-da-embrapa-para-a-africa-pode-criar-concorrentes-para-o-agro-do-brasil\/","title":{"rendered":"Transfer\u00eancia de tecnologia da Embrapa para a \u00c1frica pode criar concorrentes para o agro do Brasil"},"content":{"rendered":"\n<p><em><span class=\"has-inline-color has-black-color\">Por: <strong>S\u00edlvio Ribas<\/strong><\/span><\/em><\/p>\n\n\n\n<div class=\"wp-block-image\"><figure class=\"aligncenter size-large\"><img loading=\"lazy\" decoding=\"async\" width=\"729\" height=\"90\" src=\"https:\/\/jornalfatosenoticias.com.br\/wp-content\/uploads\/2020\/02\/Logo_Mizu.png\" alt=\"\" class=\"wp-image-1441\" srcset=\"https:\/\/jornalfatosenoticias.com.br\/wp-content\/uploads\/2020\/02\/Logo_Mizu.png 729w, https:\/\/jornalfatosenoticias.com.br\/wp-content\/uploads\/2020\/02\/Logo_Mizu-300x37.png 300w\" sizes=\"auto, (max-width: 729px) 100vw, 729px\" \/><\/figure><\/div>\n\n\n\n<p>Luiz In\u00e1cio Lula da Silva (PT) quer acelerar a transfer\u00eancia de tecnologias criadas pela Empresa Brasileira de Pesquisa Agropecu\u00e1ria (Embrapa) para maximizar a produ\u00e7\u00e3o do campo na \u00c1frica. A ideia \u00e9 dinamizar projetos nesse sentido que v\u00eam sendo tocados pelo Brasil h\u00e1 duas d\u00e9cadas, desde o primeiro mandato do petista, iniciado em 2003.<\/p>\n\n\n\n<div class=\"wp-block-image\"><figure class=\"aligncenter size-large\"><img loading=\"lazy\" decoding=\"async\" width=\"250\" height=\"250\" src=\"https:\/\/jornalfatosenoticias.com.br\/wp-content\/uploads\/2023\/04\/baile.jpg\" alt=\"\" class=\"wp-image-40627\" srcset=\"https:\/\/jornalfatosenoticias.com.br\/wp-content\/uploads\/2023\/04\/baile.jpg 250w, https:\/\/jornalfatosenoticias.com.br\/wp-content\/uploads\/2023\/04\/baile-150x150.jpg 150w\" sizes=\"auto, (max-width: 250px) 100vw, 250px\" \/><\/figure><\/div>\n\n\n\n<p>Mas h\u00e1 uma quest\u00e3o pol\u00eamica: o Brasil vai investir na capacita\u00e7\u00e3o de pa\u00edses para se tornarem competidores do agroneg\u00f3cio brasileiro? E vai fazer isso quando seu principal importador, a China, indica continuidade de crescente demanda e busca no mesmo territ\u00f3rio africano diversificar seus fornecedores de gr\u00e3os?<\/p>\n\n\n\n<div class=\"wp-block-image\"><figure class=\"aligncenter size-large is-resized\"><img loading=\"lazy\" decoding=\"async\" src=\"https:\/\/jornalfatosenoticias.com.br\/wp-content\/uploads\/2020\/02\/Logomarca-Principal.gif\" alt=\"\" class=\"wp-image-7872\" width=\"258\" height=\"256\"\/><\/figure><\/div>\n\n\n\n<p>A quest\u00e3o surge em paralelo a uma s\u00e9rie de crises que v\u00eam afastando Lula do setor do agroneg\u00f3cio. Entre elas est\u00e3o a distribui\u00e7\u00e3o de cargos estrat\u00e9gicos para o Movimento Sem-Terra e a forma leniente como o governo vem tratando as invas\u00f5es; demarca\u00e7\u00f5es de terras ind\u00edgenas que amea\u00e7am produtores e a press\u00e3o para retirar apoio de empresas estatais para o setor, como ocorreu com a Agrishow.<\/p>\n\n\n\n<div class=\"wp-block-image\"><figure class=\"aligncenter size-large\"><img decoding=\"async\" src=\"https:\/\/jornalfatosenoticias.com.br\/wp-content\/uploads\/2020\/02\/barao-das-carnes-300x164-1.jpg\" alt=\"\" class=\"wp-image-34339\"\/><\/figure><\/div>\n\n\n\n<p>Lula afirmou em janeiro que o Brasil deve sua cultura \u00e0 \u00c1frica e acredita que \u201cessa d\u00edvida pode ser paga com ci\u00eancia e tecnologia\u201d. Tal tarefa ficar\u00e1 a cargo da futura presidente da Embrapa, Silvia Massruh\u00e1, a partir de maio, quando tomar\u00e1 posse.<\/p>\n\n\n\n<div class=\"wp-block-image\"><figure class=\"aligncenter size-large\"><img loading=\"lazy\" decoding=\"async\" width=\"300\" height=\"222\" src=\"https:\/\/jornalfatosenoticias.com.br\/wp-content\/uploads\/2023\/03\/logo_Juliana-Graca.jpg\" alt=\"\" class=\"wp-image-39283\"\/><\/figure><\/div>\n\n\n\n<p>O governo ainda n\u00e3o definiu quais na\u00e7\u00f5es devem ser alvo de suas investidas com a tecnologia da Embrapa. Mas, espera-se que as tentativas iniciais sejam direcionadas a Mo\u00e7ambique e Angola, para onde Lula deve viajar em breve. Outro alvo em potencial \u00e9 Gana, na costa ocidental do continente.<\/p>\n\n\n\n<div class=\"wp-block-image\"><figure class=\"aligncenter size-large\"><img loading=\"lazy\" decoding=\"async\" width=\"300\" height=\"250\" src=\"https:\/\/jornalfatosenoticias.com.br\/wp-content\/uploads\/2022\/02\/Banner-2.png\" alt=\"\" class=\"wp-image-27877\"\/><\/figure><\/div>\n\n\n\n<p><strong><span class=\"has-inline-color has-black-color\">Produ\u00e7\u00e3o em savana africana deve concorrer diretamente com o Brasil, dizem analistas<br><\/span><\/strong>A Embrapa completou 50 anos na semana passada. O atual presidente da estatal, Celso Moretti, est\u00e1 de sa\u00edda. Ele foi nomeado no governo do ex-presidente Jair Bolsonaro (PL), pela ent\u00e3o ministra da Agricultura, Tereza Cristina, no fim de 2019. A substitui\u00e7\u00e3o segue tr\u00e2mites de governan\u00e7a criados em adapta\u00e7\u00e3o aos ditames da Lei das Estatais.<\/p>\n\n\n\n<div class=\"wp-block-image\"><figure class=\"aligncenter size-large is-resized\"><img loading=\"lazy\" decoding=\"async\" src=\"https:\/\/jornalfatosenoticias.com.br\/wp-content\/uploads\/2023\/03\/nova-logo-Marquetti.jpg\" alt=\"\" class=\"wp-image-40207\" width=\"308\" height=\"207\" srcset=\"https:\/\/jornalfatosenoticias.com.br\/wp-content\/uploads\/2023\/03\/nova-logo-Marquetti.jpg 643w, https:\/\/jornalfatosenoticias.com.br\/wp-content\/uploads\/2023\/03\/nova-logo-Marquetti-300x202.jpg 300w\" sizes=\"auto, (max-width: 308px) 100vw, 308px\" \/><\/figure><\/div>\n\n\n\n<p>Antes dessa mudan\u00e7a, o ministro da Agricultura, Carlos F\u00e1varo, j\u00e1 se reuniu em Bras\u00edlia no \u00faltimo dia 5 de abril com o ministro das Rela\u00e7\u00f5es Exteriores de Angola, T\u00e9te Ant\u00f3nio, para discutir a coopera\u00e7\u00e3o em favor da atividade agr\u00edcola no pa\u00eds africano. F\u00e1varo disse que a contribui\u00e7\u00e3o da Embrapa viria na forma de tecnologias e na assessoria para desenhar pol\u00edticas p\u00fablicas.<\/p>\n\n\n\n<div class=\"wp-block-image\"><figure class=\"aligncenter size-large is-resized\"><img loading=\"lazy\" decoding=\"async\" src=\"https:\/\/jornalfatosenoticias.com.br\/wp-content\/uploads\/2020\/02\/casa-do-torresmo_portal.jpg\" alt=\"\" class=\"wp-image-34472\" width=\"290\" height=\"290\" srcset=\"https:\/\/jornalfatosenoticias.com.br\/wp-content\/uploads\/2020\/02\/casa-do-torresmo_portal.jpg 300w, https:\/\/jornalfatosenoticias.com.br\/wp-content\/uploads\/2020\/02\/casa-do-torresmo_portal-150x150.jpg 150w\" sizes=\"auto, (max-width: 290px) 100vw, 290px\" \/><\/figure><\/div>\n\n\n\n<p>Especialistas ouvidos pela Gazeta do Povo avaliam que a estrat\u00e9gia da China de reduzir a depend\u00eancia dos seus maiores fornecedores de soja \u2014 Brasil e Estados Unidos \u2014 deve, sim, colocar a savana africana para concorrer com o cerrado brasileiro. O esfor\u00e7o chin\u00eas ocorrem em um cen\u00e1rio geral em que o pa\u00eds tenta se tornar autossuficiente na produ\u00e7\u00e3o de gr\u00e3os. Trata-se de uma estrat\u00e9gia de prepara\u00e7\u00e3o para o caso de um eventual conflito armado contra os Estados Unidos por causa da ilha de Taiwan. Mas, os analistas tamb\u00e9m ponderam que esse mesmo processo gera oportunidades para grandes empresas nacionais do agroneg\u00f3cio brasileiras no pa\u00eds africano.<\/p>\n\n\n\n<div class=\"wp-block-image\"><figure class=\"aligncenter size-large\"><img loading=\"lazy\" decoding=\"async\" width=\"1024\" height=\"110\" src=\"https:\/\/jornalfatosenoticias.com.br\/wp-content\/uploads\/2023\/03\/Crypton-1120-\u00d7-120-px-1-1024x110.png\" alt=\"\" class=\"wp-image-39211\" srcset=\"https:\/\/jornalfatosenoticias.com.br\/wp-content\/uploads\/2023\/03\/Crypton-1120-\u00d7-120-px-1-1024x110.png 1024w, https:\/\/jornalfatosenoticias.com.br\/wp-content\/uploads\/2023\/03\/Crypton-1120-\u00d7-120-px-1-300x32.png 300w, https:\/\/jornalfatosenoticias.com.br\/wp-content\/uploads\/2023\/03\/Crypton-1120-\u00d7-120-px-1-768x82.png 768w, https:\/\/jornalfatosenoticias.com.br\/wp-content\/uploads\/2023\/03\/Crypton-1120-\u00d7-120-px-1.png 1120w\" sizes=\"auto, (max-width: 1024px) 100vw, 1024px\" \/><\/figure><\/div>\n\n\n\n<p>Lula baseia a\u00e7\u00e3o em motiva\u00e7\u00e3o ideol\u00f3gica, mas ideia pode gerar novos neg\u00f3cios<br>A t\u00f4nica de Lula pelo reconhecimento da \u201cobriga\u00e7\u00e3o humanit\u00e1ria\u201d do Brasil em rela\u00e7\u00e3o \u00e0 \u00c1frica faz parte da diplomacia petista focada no progresso de pa\u00edses emergentes.<\/p>\n\n\n\n<div class=\"wp-block-image\"><figure class=\"aligncenter size-large\"><img decoding=\"async\" src=\"https:\/\/jornalfatosenoticias.com.br\/wp-content\/uploads\/2020\/02\/logo_esteio.jpg\" alt=\"\" class=\"wp-image-1214\"\/><\/figure><\/div>\n\n\n\n<blockquote class=\"wp-block-quote is-layout-flow wp-block-quote-is-layout-flow\"><p><span class=\"has-inline-color has-luminous-vivid-orange-color\">Mas esse discurso do Lula e do pr\u00f3prio setor agr\u00edcola pelo combate \u00e0 fome abre, por outro lado, caminhos pragm\u00e1ticos para contemplar interesses de empresas brasileiras que est\u00e3o se instalando na \u00c1frica. \u00c9 bom frisar que a transfer\u00eancia tecnol\u00f3gica envolve contratos de longo prazo e contrapartidas comerciais entre pa\u00edses participantes e o setor privado\u201d, frisa Gustavo Bernard, analista s\u00eanior da Dominium Consultoria.<\/span><\/p><\/blockquote>\n\n\n\n<div class=\"wp-block-image\"><figure class=\"aligncenter size-large is-resized\"><img loading=\"lazy\" decoding=\"async\" src=\"https:\/\/jornalfatosenoticias.com.br\/wp-content\/uploads\/2022\/07\/Logo-Grupo-SEI.jpg\" alt=\"\" class=\"wp-image-31973\" width=\"346\" height=\"182\" srcset=\"https:\/\/jornalfatosenoticias.com.br\/wp-content\/uploads\/2022\/07\/Logo-Grupo-SEI.jpg 713w, https:\/\/jornalfatosenoticias.com.br\/wp-content\/uploads\/2022\/07\/Logo-Grupo-SEI-300x158.jpg 300w\" sizes=\"auto, (max-width: 346px) 100vw, 346px\" \/><\/figure><\/div>\n\n\n\n<p>Nesse sentido, o Minist\u00e9rio da Agricultura quer revisar o modelo de atua\u00e7\u00e3o da Embrapa e redesenhar o Sistema Nacional de Pesquisa Agropecu\u00e1ria (SNPA), formado pela estatal, organiza\u00e7\u00f5es estaduais de pesquisa, universidades e institutos, visando melhorar conex\u00f5es entre cria\u00e7\u00e3o de tecnologia nacional e seu emprego privado.<\/p>\n\n\n\n<div class=\"wp-block-image\"><figure class=\"aligncenter size-large\"><img loading=\"lazy\" decoding=\"async\" width=\"1024\" height=\"100\" src=\"https:\/\/jornalfatosenoticias.com.br\/wp-content\/uploads\/2020\/02\/banner_ferramentas-1024x100.jpg\" alt=\"\" class=\"wp-image-1258\" srcset=\"https:\/\/jornalfatosenoticias.com.br\/wp-content\/uploads\/2020\/02\/banner_ferramentas-1024x100.jpg 1024w, https:\/\/jornalfatosenoticias.com.br\/wp-content\/uploads\/2020\/02\/banner_ferramentas-300x29.jpg 300w, https:\/\/jornalfatosenoticias.com.br\/wp-content\/uploads\/2020\/02\/banner_ferramentas-768x75.jpg 768w, https:\/\/jornalfatosenoticias.com.br\/wp-content\/uploads\/2020\/02\/banner_ferramentas.jpg 1227w\" sizes=\"auto, (max-width: 1024px) 100vw, 1024px\" \/><\/figure><\/div>\n\n\n\n<p>No \u00e2mbito do Programa Mais Alimentos Internacional (PMAI), do governo brasileiro, os primeiros mandatos de Lula implementaram um projeto de desenvolvimento da agricultura em Mo\u00e7ambique, financiado pelos governos do Brasil e do Jap\u00e3o, como vitrine da pol\u00edtica externa brasileira na \u00c1frica. <\/p>\n\n\n\n<div class=\"wp-block-image\"><figure class=\"aligncenter size-large is-resized\"><img loading=\"lazy\" decoding=\"async\" src=\"https:\/\/jornalfatosenoticias.com.br\/wp-content\/uploads\/2020\/02\/logo-embacia.jpg\" alt=\"\" class=\"wp-image-33905\" width=\"264\" height=\"264\"\/><\/figure><\/div>\n\n\n\n<p>O Programa de Coopera\u00e7\u00e3o para o Desenvolvimento Agr\u00edcola das Savanas (Prosavanas) foi executado nos moldes da bem-sucedida parceria Brasil-Jap\u00e3o a partir dos anos 1970 para desenvolver os cerrados. Com ela, incluindo a cria\u00e7\u00e3o da Embrapa, ao longo de cinco d\u00e9cadas, o pa\u00eds deixou de ser importador de alimentos para virar um dos expoentes do agroneg\u00f3cio mundial.<\/p>\n\n\n\n<div class=\"wp-block-image\"><figure class=\"aligncenter size-large is-resized\"><img loading=\"lazy\" decoding=\"async\" src=\"https:\/\/jornalfatosenoticias.com.br\/wp-content\/uploads\/2023\/04\/Logo_MasterMind.jpg\" alt=\"\" class=\"wp-image-40974\" width=\"341\" height=\"248\"\/><\/figure><\/div>\n\n\n\n<p>Por meio de acordos implementados de 2009 a 2013, a Ag\u00eancia Brasileira de Coopera\u00e7\u00e3o (ABC) tamb\u00e9m forneceu assist\u00eancia t\u00e9cnica a Benin, Burkina Faso, Mali e Chade para sofisticar a produ\u00e7\u00e3o de algod\u00e3o. A Embrapa foi designada como ag\u00eancia de suporte e o projeto envolveu organiza\u00e7\u00f5es de pesquisa agr\u00edcola dos governos benefici\u00e1rios. No cap\u00edtulo reservado ao etanol de cana-de-a\u00e7\u00facar, Lula defendeu a inclus\u00e3o da \u00c1frica no esfor\u00e7o para garantir volumes ao mercado de biocombust\u00edveis.<\/p>\n\n\n\n<div class=\"wp-block-image\"><figure class=\"aligncenter size-large is-resized\"><img loading=\"lazy\" decoding=\"async\" src=\"https:\/\/jornalfatosenoticias.com.br\/wp-content\/uploads\/2022\/02\/Precisao-Contabilidade-1024x724.jpg\" alt=\"\" class=\"wp-image-28088\" width=\"286\" height=\"202\"\/><\/figure><\/div>\n\n\n\n<p>Em 2010, no fim do seu segundo mandato, Lula editou uma medida provis\u00f3ria, aprovada sem altera\u00e7\u00f5es no ano seguinte, primeiro da gest\u00e3o da ex-presidente Dilma Rousseff (PT), para permitir que o governo pudesse abrir escrit\u00f3rios da Embrapa no exterior. O objetivo era dar \u00e0 estatal flexibilidade para fornecer tecnologias a pa\u00edses com os quais o Brasil havia feito acordos. Exemplo disso foi o memorando assinado com Gana, em 2006, para abrir escrit\u00f3rio local da Embrapa no pa\u00eds africano, o que n\u00e3o ocorreu devido \u00e0s limita\u00e7\u00f5es legais.<\/p>\n\n\n\n<div class=\"wp-block-image\"><figure class=\"aligncenter size-large\"><img loading=\"lazy\" decoding=\"async\" width=\"300\" height=\"250\" src=\"https:\/\/jornalfatosenoticias.com.br\/wp-content\/uploads\/2022\/08\/arte-Casarao.jpg\" alt=\"\" class=\"wp-image-33178\"\/><\/figure><\/div>\n\n\n\n<p><strong><span class=\"has-inline-color has-black-color\">Transfer\u00eancia de tecnologia cria riscos para a competitividade brasileira, disse senador<br><\/span><\/strong>A abertura de filiais da empresa fora do pa\u00eds era uma parte importante da pol\u00edtica externa nos governos petistas. Antes da medida provis\u00f3ria aprovada, a Embrapa criou laborat\u00f3rios virtuais (Labex) focados na pesquisa avan\u00e7ada de Europa e Estados Unidos. Em paralelo, a estatal tamb\u00e9m mantinha parcerias com laborat\u00f3rios africanos para transferir tecnologia. Na \u00e9poca, o senador Edison Lob\u00e3o Filho (MDB-MA), ent\u00e3o relator no Senado da medida provis\u00f3ria, que se tornou a Lei 12.383 em mar\u00e7o de 2011, alertou para \u201criscos envolvidos na transfer\u00eancia de conhecimento fundamental \u00e0 competitividade nacional\u201d.<\/p>\n\n\n\n<div class=\"wp-block-image\"><figure class=\"aligncenter size-large is-resized\"><img loading=\"lazy\" decoding=\"async\" src=\"https:\/\/jornalfatosenoticias.com.br\/wp-content\/uploads\/2022\/10\/Arte-jornal-Zucchi-600x600_Prancheta-1-1024x1024.jpg\" alt=\"\" class=\"wp-image-34782\" width=\"289\" height=\"289\" srcset=\"https:\/\/jornalfatosenoticias.com.br\/wp-content\/uploads\/2022\/10\/Arte-jornal-Zucchi-600x600_Prancheta-1-1024x1024.jpg 1024w, https:\/\/jornalfatosenoticias.com.br\/wp-content\/uploads\/2022\/10\/Arte-jornal-Zucchi-600x600_Prancheta-1-300x300.jpg 300w, https:\/\/jornalfatosenoticias.com.br\/wp-content\/uploads\/2022\/10\/Arte-jornal-Zucchi-600x600_Prancheta-1-150x150.jpg 150w, https:\/\/jornalfatosenoticias.com.br\/wp-content\/uploads\/2022\/10\/Arte-jornal-Zucchi-600x600_Prancheta-1-768x768.jpg 768w, https:\/\/jornalfatosenoticias.com.br\/wp-content\/uploads\/2022\/10\/Arte-jornal-Zucchi-600x600_Prancheta-1.jpg 1250w\" sizes=\"auto, (max-width: 289px) 100vw, 289px\" \/><\/figure><\/div>\n\n\n\n<p>Esses riscos podem vir do deslocamento no longo prazo para a \u00c1frica do eixo de fornecimento de soja para a China concentrado hoje nos Estados Unidos e no Brasil, em volumes semelhantes para cada um. Um alerta para isso foi o acordo de compra de soja entre China e Tanz\u00e2nia firmado em outubro de 2020. Cerca de 70% das 130 milh\u00f5es de toneladas anuais de soja colhidas no Brasil \u00e9 exportada para a China, enquanto a Tanz\u00e2nia exporta seis milh\u00f5es.<\/p>\n\n\n\n<div class=\"wp-block-image\"><figure class=\"aligncenter size-large is-resized\"><img loading=\"lazy\" decoding=\"async\" src=\"https:\/\/jornalfatosenoticias.com.br\/wp-content\/uploads\/2023\/03\/logo-Panper_portal.jpg\" alt=\"\" class=\"wp-image-40208\" width=\"286\" height=\"198\" srcset=\"https:\/\/jornalfatosenoticias.com.br\/wp-content\/uploads\/2023\/03\/logo-Panper_portal.jpg 400w, https:\/\/jornalfatosenoticias.com.br\/wp-content\/uploads\/2023\/03\/logo-Panper_portal-300x208.jpg 300w\" sizes=\"auto, (max-width: 286px) 100vw, 286px\" \/><\/figure><\/div>\n\n\n\n<p>Embora os volumes indiquem poucas mudan\u00e7as, trata-se do avan\u00e7o na diversifica\u00e7\u00e3o de parceiros agr\u00edcolas por parte dos chineses, dentro de uma estrat\u00e9gia para reduzir a depend\u00eancia dos principais fornecedores. A partir do ano 2000, a China firmou dezenas de acordos no \u00e2mbito do F\u00f3rum de Coopera\u00e7\u00e3o China-\u00c1frica (Focac), visando fortalecer rela\u00e7\u00f5es comerciais, sobretudo envolvendo soja e outros gr\u00e3os, via investimentos bilion\u00e1rios. A Tanz\u00e2nia era o \u00faltimo pa\u00eds africano sem tratado agr\u00edcola com a China.<\/p>\n\n\n\n<div class=\"wp-block-image\"><figure class=\"aligncenter size-large is-resized\"><img loading=\"lazy\" decoding=\"async\" src=\"https:\/\/jornalfatosenoticias.com.br\/wp-content\/uploads\/2022\/10\/RC_800x750_page-0001.jpg\" alt=\"\" class=\"wp-image-35338\" width=\"280\" height=\"263\" srcset=\"https:\/\/jornalfatosenoticias.com.br\/wp-content\/uploads\/2022\/10\/RC_800x750_page-0001.jpg 400w, https:\/\/jornalfatosenoticias.com.br\/wp-content\/uploads\/2022\/10\/RC_800x750_page-0001-300x281.jpg 300w\" sizes=\"auto, (max-width: 280px) 100vw, 280px\" \/><\/figure><\/div>\n\n\n\n<p><strong><em>Fonte: <a href=\"https:\/\/www.gazetadopovo.com.br\/republica\/lula-tenta-acelerar-transferencia-de-tecnologia-da-embrapa-para-a-africa-e-cria-polemica\/\">Gazeta do Povo<\/a><\/em><\/strong><\/p>\n","protected":false},"excerpt":{"rendered":"<p>Por: S\u00edlvio Ribas Luiz In\u00e1cio Lula da Silva (PT) quer acelerar a transfer\u00eancia de tecnologias criadas pela Empresa Brasileira de Pesquisa Agropecu\u00e1ria (Embrapa) para maximizar a produ\u00e7\u00e3o do campo na \u00c1frica. A ideia \u00e9 dinamizar projetos nesse sentido que v\u00eam sendo tocados pelo Brasil h\u00e1 duas d\u00e9cadas, desde o primeiro mandato do petista, iniciado em [&hellip;]<\/p>\n","protected":false},"author":2,"featured_media":41070,"comment_status":"open","ping_status":"open","sticky":false,"template":"","format":"standard","meta":{"footnotes":""},"categories":[9,10],"tags":[182,19247,18068,71,7580,19248],"class_list":["post-41069","post","type-post","status-publish","format-standard","has-post-thumbnail","hentry","category-economia","category-politica","tag-africa","tag-agro-do-brasil","tag-desgoverno","tag-embrapa","tag-lula","tag-transferencia-de-tecnologia"],"yoast_head":"<!-- This site is optimized with the Yoast SEO plugin v26.5 - https:\/\/yoast.com\/wordpress\/plugins\/seo\/ -->\n<title>Transfer\u00eancia de tecnologia da Embrapa para a \u00c1frica pode criar concorrentes para o agro do Brasil - Jornal Fatos e Not\u00edcias<\/title>\n<meta name=\"robots\" content=\"index, follow, max-snippet:-1, max-image-preview:large, max-video-preview:-1\" \/>\n<link rel=\"canonical\" href=\"https:\/\/jornalfatosenoticias.com.br\/index.php\/2023\/05\/02\/transferencia-de-tecnologia-da-embrapa-para-a-africa-pode-criar-concorrentes-para-o-agro-do-brasil\/\" \/>\n<meta property=\"og:locale\" content=\"pt_BR\" \/>\n<meta property=\"og:type\" content=\"article\" \/>\n<meta property=\"og:title\" content=\"Transfer\u00eancia de tecnologia da Embrapa para a \u00c1frica pode criar concorrentes para o agro do Brasil - Jornal Fatos e Not\u00edcias\" \/>\n<meta property=\"og:description\" content=\"Por: S\u00edlvio Ribas Luiz In\u00e1cio Lula da Silva (PT) quer acelerar a transfer\u00eancia de tecnologias criadas pela Empresa Brasileira de Pesquisa Agropecu\u00e1ria (Embrapa) para maximizar a produ\u00e7\u00e3o do campo na \u00c1frica. A ideia \u00e9 dinamizar projetos nesse sentido que v\u00eam sendo tocados pelo Brasil h\u00e1 duas d\u00e9cadas, desde o primeiro mandato do petista, iniciado em [&hellip;]\" \/>\n<meta property=\"og:url\" content=\"https:\/\/jornalfatosenoticias.com.br\/index.php\/2023\/05\/02\/transferencia-de-tecnologia-da-embrapa-para-a-africa-pode-criar-concorrentes-para-o-agro-do-brasil\/\" \/>\n<meta property=\"og:site_name\" content=\"Jornal Fatos e Not\u00edcias\" \/>\n<meta property=\"article:published_time\" content=\"2023-05-02T22:31:24+00:00\" \/>\n<meta property=\"article:modified_time\" content=\"2023-05-02T22:31:26+00:00\" \/>\n<meta property=\"og:image\" content=\"https:\/\/jornalfatosenoticias.com.br\/wp-content\/uploads\/2023\/05\/embrapa.jpg\" \/>\n\t<meta property=\"og:image:width\" content=\"1000\" \/>\n\t<meta property=\"og:image:height\" content=\"562\" \/>\n\t<meta property=\"og:image:type\" content=\"image\/jpeg\" \/>\n<meta name=\"author\" content=\"Luzimara Fernandes\" \/>\n<meta name=\"twitter:card\" content=\"summary_large_image\" \/>\n<meta name=\"twitter:label1\" content=\"Escrito por\" \/>\n\t<meta name=\"twitter:data1\" content=\"Luzimara Fernandes\" \/>\n\t<meta name=\"twitter:label2\" content=\"Est. tempo de leitura\" \/>\n\t<meta name=\"twitter:data2\" content=\"6 minutos\" \/>\n<script type=\"application\/ld+json\" class=\"yoast-schema-graph\">{\"@context\":\"https:\/\/schema.org\",\"@graph\":[{\"@type\":\"Article\",\"@id\":\"https:\/\/jornalfatosenoticias.com.br\/index.php\/2023\/05\/02\/transferencia-de-tecnologia-da-embrapa-para-a-africa-pode-criar-concorrentes-para-o-agro-do-brasil\/#article\",\"isPartOf\":{\"@id\":\"https:\/\/jornalfatosenoticias.com.br\/index.php\/2023\/05\/02\/transferencia-de-tecnologia-da-embrapa-para-a-africa-pode-criar-concorrentes-para-o-agro-do-brasil\/\"},\"author\":{\"name\":\"Luzimara Fernandes\",\"@id\":\"https:\/\/jornalfatosenoticias.com.br\/#\/schema\/person\/d63837fa13ac8666eb9e74e0985d6f81\"},\"headline\":\"Transfer\u00eancia de tecnologia da Embrapa para a \u00c1frica pode criar concorrentes para o agro do Brasil\",\"datePublished\":\"2023-05-02T22:31:24+00:00\",\"dateModified\":\"2023-05-02T22:31:26+00:00\",\"mainEntityOfPage\":{\"@id\":\"https:\/\/jornalfatosenoticias.com.br\/index.php\/2023\/05\/02\/transferencia-de-tecnologia-da-embrapa-para-a-africa-pode-criar-concorrentes-para-o-agro-do-brasil\/\"},\"wordCount\":1293,\"commentCount\":0,\"publisher\":{\"@id\":\"https:\/\/jornalfatosenoticias.com.br\/#organization\"},\"image\":{\"@id\":\"https:\/\/jornalfatosenoticias.com.br\/index.php\/2023\/05\/02\/transferencia-de-tecnologia-da-embrapa-para-a-africa-pode-criar-concorrentes-para-o-agro-do-brasil\/#primaryimage\"},\"thumbnailUrl\":\"https:\/\/jornalfatosenoticias.com.br\/wp-content\/uploads\/2023\/05\/embrapa.jpg\",\"keywords\":[\"\u00e1frica\",\"agro do Brasil\",\"desgoverno\",\"embrapa\",\"Lula\",\"transfer\u00eancia de tecnologia\"],\"articleSection\":[\"Economia\",\"Pol\u00edtica\"],\"inLanguage\":\"pt-BR\",\"potentialAction\":[{\"@type\":\"CommentAction\",\"name\":\"Comment\",\"target\":[\"https:\/\/jornalfatosenoticias.com.br\/index.php\/2023\/05\/02\/transferencia-de-tecnologia-da-embrapa-para-a-africa-pode-criar-concorrentes-para-o-agro-do-brasil\/#respond\"]}]},{\"@type\":\"WebPage\",\"@id\":\"https:\/\/jornalfatosenoticias.com.br\/index.php\/2023\/05\/02\/transferencia-de-tecnologia-da-embrapa-para-a-africa-pode-criar-concorrentes-para-o-agro-do-brasil\/\",\"url\":\"https:\/\/jornalfatosenoticias.com.br\/index.php\/2023\/05\/02\/transferencia-de-tecnologia-da-embrapa-para-a-africa-pode-criar-concorrentes-para-o-agro-do-brasil\/\",\"name\":\"Transfer\u00eancia de tecnologia da Embrapa para a \u00c1frica pode criar concorrentes para o agro do Brasil - Jornal Fatos e Not\u00edcias\",\"isPartOf\":{\"@id\":\"https:\/\/jornalfatosenoticias.com.br\/#website\"},\"primaryImageOfPage\":{\"@id\":\"https:\/\/jornalfatosenoticias.com.br\/index.php\/2023\/05\/02\/transferencia-de-tecnologia-da-embrapa-para-a-africa-pode-criar-concorrentes-para-o-agro-do-brasil\/#primaryimage\"},\"image\":{\"@id\":\"https:\/\/jornalfatosenoticias.com.br\/index.php\/2023\/05\/02\/transferencia-de-tecnologia-da-embrapa-para-a-africa-pode-criar-concorrentes-para-o-agro-do-brasil\/#primaryimage\"},\"thumbnailUrl\":\"https:\/\/jornalfatosenoticias.com.br\/wp-content\/uploads\/2023\/05\/embrapa.jpg\",\"datePublished\":\"2023-05-02T22:31:24+00:00\",\"dateModified\":\"2023-05-02T22:31:26+00:00\",\"breadcrumb\":{\"@id\":\"https:\/\/jornalfatosenoticias.com.br\/index.php\/2023\/05\/02\/transferencia-de-tecnologia-da-embrapa-para-a-africa-pode-criar-concorrentes-para-o-agro-do-brasil\/#breadcrumb\"},\"inLanguage\":\"pt-BR\",\"potentialAction\":[{\"@type\":\"ReadAction\",\"target\":[\"https:\/\/jornalfatosenoticias.com.br\/index.php\/2023\/05\/02\/transferencia-de-tecnologia-da-embrapa-para-a-africa-pode-criar-concorrentes-para-o-agro-do-brasil\/\"]}]},{\"@type\":\"ImageObject\",\"inLanguage\":\"pt-BR\",\"@id\":\"https:\/\/jornalfatosenoticias.com.br\/index.php\/2023\/05\/02\/transferencia-de-tecnologia-da-embrapa-para-a-africa-pode-criar-concorrentes-para-o-agro-do-brasil\/#primaryimage\",\"url\":\"https:\/\/jornalfatosenoticias.com.br\/wp-content\/uploads\/2023\/05\/embrapa.jpg\",\"contentUrl\":\"https:\/\/jornalfatosenoticias.com.br\/wp-content\/uploads\/2023\/05\/embrapa.jpg\",\"width\":1000,\"height\":562,\"caption\":\"EXPEDI\u00c7\u00c3O SAFRA 2019 - URUGUAI - COLHEITA DE SOJA - Sebastian Fernandez, de Mercedes. FOTO: MICHEL WILLIAN\/GAZETA DO POVO - 12.04.2019\"},{\"@type\":\"BreadcrumbList\",\"@id\":\"https:\/\/jornalfatosenoticias.com.br\/index.php\/2023\/05\/02\/transferencia-de-tecnologia-da-embrapa-para-a-africa-pode-criar-concorrentes-para-o-agro-do-brasil\/#breadcrumb\",\"itemListElement\":[{\"@type\":\"ListItem\",\"position\":1,\"name\":\"In\u00edcio\",\"item\":\"https:\/\/jornalfatosenoticias.com.br\/\"},{\"@type\":\"ListItem\",\"position\":2,\"name\":\"Transfer\u00eancia de tecnologia da Embrapa para a \u00c1frica pode criar concorrentes para o agro do Brasil\"}]},{\"@type\":\"WebSite\",\"@id\":\"https:\/\/jornalfatosenoticias.com.br\/#website\",\"url\":\"https:\/\/jornalfatosenoticias.com.br\/\",\"name\":\"Jornal Fatos e Not\u00edcias\",\"description\":\"Not\u00edcias em geral\",\"publisher\":{\"@id\":\"https:\/\/jornalfatosenoticias.com.br\/#organization\"},\"potentialAction\":[{\"@type\":\"SearchAction\",\"target\":{\"@type\":\"EntryPoint\",\"urlTemplate\":\"https:\/\/jornalfatosenoticias.com.br\/?s={search_term_string}\"},\"query-input\":{\"@type\":\"PropertyValueSpecification\",\"valueRequired\":true,\"valueName\":\"search_term_string\"}}],\"inLanguage\":\"pt-BR\"},{\"@type\":\"Organization\",\"@id\":\"https:\/\/jornalfatosenoticias.com.br\/#organization\",\"name\":\"Jornal Fatos e Not\u00edcias\",\"url\":\"https:\/\/jornalfatosenoticias.com.br\/\",\"logo\":{\"@type\":\"ImageObject\",\"inLanguage\":\"pt-BR\",\"@id\":\"https:\/\/jornalfatosenoticias.com.br\/#\/schema\/logo\/image\/\",\"url\":\"https:\/\/jornalfatosenoticias.com.br\/wp-content\/uploads\/2020\/02\/logo120.png\",\"contentUrl\":\"https:\/\/jornalfatosenoticias.com.br\/wp-content\/uploads\/2020\/02\/logo120.png\",\"width\":1227,\"height\":120,\"caption\":\"Jornal Fatos e Not\u00edcias\"},\"image\":{\"@id\":\"https:\/\/jornalfatosenoticias.com.br\/#\/schema\/logo\/image\/\"}},{\"@type\":\"Person\",\"@id\":\"https:\/\/jornalfatosenoticias.com.br\/#\/schema\/person\/d63837fa13ac8666eb9e74e0985d6f81\",\"name\":\"Luzimara Fernandes\",\"image\":{\"@type\":\"ImageObject\",\"inLanguage\":\"pt-BR\",\"@id\":\"https:\/\/jornalfatosenoticias.com.br\/#\/schema\/person\/image\/\",\"url\":\"https:\/\/jornalfatosenoticias.com.br\/wp-content\/uploads\/2025\/05\/EU_portal.jpg\",\"contentUrl\":\"https:\/\/jornalfatosenoticias.com.br\/wp-content\/uploads\/2025\/05\/EU_portal.jpg\",\"caption\":\"Luzimara Fernandes\"},\"description\":\"Jornalista MTB 2358-ES\",\"sameAs\":[\"https:\/\/jornalfatosenoticias.com.br\"],\"url\":\"https:\/\/jornalfatosenoticias.com.br\/index.php\/author\/luzimara\/\"}]}<\/script>\n<!-- \/ Yoast SEO plugin. -->","yoast_head_json":{"title":"Transfer\u00eancia de tecnologia da Embrapa para a \u00c1frica pode criar concorrentes para o agro do Brasil - Jornal Fatos e Not\u00edcias","robots":{"index":"index","follow":"follow","max-snippet":"max-snippet:-1","max-image-preview":"max-image-preview:large","max-video-preview":"max-video-preview:-1"},"canonical":"https:\/\/jornalfatosenoticias.com.br\/index.php\/2023\/05\/02\/transferencia-de-tecnologia-da-embrapa-para-a-africa-pode-criar-concorrentes-para-o-agro-do-brasil\/","og_locale":"pt_BR","og_type":"article","og_title":"Transfer\u00eancia de tecnologia da Embrapa para a \u00c1frica pode criar concorrentes para o agro do Brasil - Jornal Fatos e Not\u00edcias","og_description":"Por: S\u00edlvio Ribas Luiz In\u00e1cio Lula da Silva (PT) quer acelerar a transfer\u00eancia de tecnologias criadas pela Empresa Brasileira de Pesquisa Agropecu\u00e1ria (Embrapa) para maximizar a produ\u00e7\u00e3o do campo na \u00c1frica. A ideia \u00e9 dinamizar projetos nesse sentido que v\u00eam sendo tocados pelo Brasil h\u00e1 duas d\u00e9cadas, desde o primeiro mandato do petista, iniciado em [&hellip;]","og_url":"https:\/\/jornalfatosenoticias.com.br\/index.php\/2023\/05\/02\/transferencia-de-tecnologia-da-embrapa-para-a-africa-pode-criar-concorrentes-para-o-agro-do-brasil\/","og_site_name":"Jornal Fatos e Not\u00edcias","article_published_time":"2023-05-02T22:31:24+00:00","article_modified_time":"2023-05-02T22:31:26+00:00","og_image":[{"width":1000,"height":562,"url":"https:\/\/jornalfatosenoticias.com.br\/wp-content\/uploads\/2023\/05\/embrapa.jpg","type":"image\/jpeg"}],"author":"Luzimara Fernandes","twitter_card":"summary_large_image","twitter_misc":{"Escrito por":"Luzimara Fernandes","Est. tempo de leitura":"6 minutos"},"schema":{"@context":"https:\/\/schema.org","@graph":[{"@type":"Article","@id":"https:\/\/jornalfatosenoticias.com.br\/index.php\/2023\/05\/02\/transferencia-de-tecnologia-da-embrapa-para-a-africa-pode-criar-concorrentes-para-o-agro-do-brasil\/#article","isPartOf":{"@id":"https:\/\/jornalfatosenoticias.com.br\/index.php\/2023\/05\/02\/transferencia-de-tecnologia-da-embrapa-para-a-africa-pode-criar-concorrentes-para-o-agro-do-brasil\/"},"author":{"name":"Luzimara Fernandes","@id":"https:\/\/jornalfatosenoticias.com.br\/#\/schema\/person\/d63837fa13ac8666eb9e74e0985d6f81"},"headline":"Transfer\u00eancia de tecnologia da Embrapa para a \u00c1frica pode criar concorrentes para o agro do Brasil","datePublished":"2023-05-02T22:31:24+00:00","dateModified":"2023-05-02T22:31:26+00:00","mainEntityOfPage":{"@id":"https:\/\/jornalfatosenoticias.com.br\/index.php\/2023\/05\/02\/transferencia-de-tecnologia-da-embrapa-para-a-africa-pode-criar-concorrentes-para-o-agro-do-brasil\/"},"wordCount":1293,"commentCount":0,"publisher":{"@id":"https:\/\/jornalfatosenoticias.com.br\/#organization"},"image":{"@id":"https:\/\/jornalfatosenoticias.com.br\/index.php\/2023\/05\/02\/transferencia-de-tecnologia-da-embrapa-para-a-africa-pode-criar-concorrentes-para-o-agro-do-brasil\/#primaryimage"},"thumbnailUrl":"https:\/\/jornalfatosenoticias.com.br\/wp-content\/uploads\/2023\/05\/embrapa.jpg","keywords":["\u00e1frica","agro do Brasil","desgoverno","embrapa","Lula","transfer\u00eancia de tecnologia"],"articleSection":["Economia","Pol\u00edtica"],"inLanguage":"pt-BR","potentialAction":[{"@type":"CommentAction","name":"Comment","target":["https:\/\/jornalfatosenoticias.com.br\/index.php\/2023\/05\/02\/transferencia-de-tecnologia-da-embrapa-para-a-africa-pode-criar-concorrentes-para-o-agro-do-brasil\/#respond"]}]},{"@type":"WebPage","@id":"https:\/\/jornalfatosenoticias.com.br\/index.php\/2023\/05\/02\/transferencia-de-tecnologia-da-embrapa-para-a-africa-pode-criar-concorrentes-para-o-agro-do-brasil\/","url":"https:\/\/jornalfatosenoticias.com.br\/index.php\/2023\/05\/02\/transferencia-de-tecnologia-da-embrapa-para-a-africa-pode-criar-concorrentes-para-o-agro-do-brasil\/","name":"Transfer\u00eancia de tecnologia da Embrapa para a \u00c1frica pode criar concorrentes para o agro do Brasil - Jornal Fatos e Not\u00edcias","isPartOf":{"@id":"https:\/\/jornalfatosenoticias.com.br\/#website"},"primaryImageOfPage":{"@id":"https:\/\/jornalfatosenoticias.com.br\/index.php\/2023\/05\/02\/transferencia-de-tecnologia-da-embrapa-para-a-africa-pode-criar-concorrentes-para-o-agro-do-brasil\/#primaryimage"},"image":{"@id":"https:\/\/jornalfatosenoticias.com.br\/index.php\/2023\/05\/02\/transferencia-de-tecnologia-da-embrapa-para-a-africa-pode-criar-concorrentes-para-o-agro-do-brasil\/#primaryimage"},"thumbnailUrl":"https:\/\/jornalfatosenoticias.com.br\/wp-content\/uploads\/2023\/05\/embrapa.jpg","datePublished":"2023-05-02T22:31:24+00:00","dateModified":"2023-05-02T22:31:26+00:00","breadcrumb":{"@id":"https:\/\/jornalfatosenoticias.com.br\/index.php\/2023\/05\/02\/transferencia-de-tecnologia-da-embrapa-para-a-africa-pode-criar-concorrentes-para-o-agro-do-brasil\/#breadcrumb"},"inLanguage":"pt-BR","potentialAction":[{"@type":"ReadAction","target":["https:\/\/jornalfatosenoticias.com.br\/index.php\/2023\/05\/02\/transferencia-de-tecnologia-da-embrapa-para-a-africa-pode-criar-concorrentes-para-o-agro-do-brasil\/"]}]},{"@type":"ImageObject","inLanguage":"pt-BR","@id":"https:\/\/jornalfatosenoticias.com.br\/index.php\/2023\/05\/02\/transferencia-de-tecnologia-da-embrapa-para-a-africa-pode-criar-concorrentes-para-o-agro-do-brasil\/#primaryimage","url":"https:\/\/jornalfatosenoticias.com.br\/wp-content\/uploads\/2023\/05\/embrapa.jpg","contentUrl":"https:\/\/jornalfatosenoticias.com.br\/wp-content\/uploads\/2023\/05\/embrapa.jpg","width":1000,"height":562,"caption":"EXPEDI\u00c7\u00c3O SAFRA 2019 - URUGUAI - COLHEITA DE SOJA - Sebastian Fernandez, de Mercedes. FOTO: MICHEL WILLIAN\/GAZETA DO POVO - 12.04.2019"},{"@type":"BreadcrumbList","@id":"https:\/\/jornalfatosenoticias.com.br\/index.php\/2023\/05\/02\/transferencia-de-tecnologia-da-embrapa-para-a-africa-pode-criar-concorrentes-para-o-agro-do-brasil\/#breadcrumb","itemListElement":[{"@type":"ListItem","position":1,"name":"In\u00edcio","item":"https:\/\/jornalfatosenoticias.com.br\/"},{"@type":"ListItem","position":2,"name":"Transfer\u00eancia de tecnologia da Embrapa para a \u00c1frica pode criar concorrentes para o agro do Brasil"}]},{"@type":"WebSite","@id":"https:\/\/jornalfatosenoticias.com.br\/#website","url":"https:\/\/jornalfatosenoticias.com.br\/","name":"Jornal Fatos e Not\u00edcias","description":"Not\u00edcias em geral","publisher":{"@id":"https:\/\/jornalfatosenoticias.com.br\/#organization"},"potentialAction":[{"@type":"SearchAction","target":{"@type":"EntryPoint","urlTemplate":"https:\/\/jornalfatosenoticias.com.br\/?s={search_term_string}"},"query-input":{"@type":"PropertyValueSpecification","valueRequired":true,"valueName":"search_term_string"}}],"inLanguage":"pt-BR"},{"@type":"Organization","@id":"https:\/\/jornalfatosenoticias.com.br\/#organization","name":"Jornal Fatos e Not\u00edcias","url":"https:\/\/jornalfatosenoticias.com.br\/","logo":{"@type":"ImageObject","inLanguage":"pt-BR","@id":"https:\/\/jornalfatosenoticias.com.br\/#\/schema\/logo\/image\/","url":"https:\/\/jornalfatosenoticias.com.br\/wp-content\/uploads\/2020\/02\/logo120.png","contentUrl":"https:\/\/jornalfatosenoticias.com.br\/wp-content\/uploads\/2020\/02\/logo120.png","width":1227,"height":120,"caption":"Jornal Fatos e Not\u00edcias"},"image":{"@id":"https:\/\/jornalfatosenoticias.com.br\/#\/schema\/logo\/image\/"}},{"@type":"Person","@id":"https:\/\/jornalfatosenoticias.com.br\/#\/schema\/person\/d63837fa13ac8666eb9e74e0985d6f81","name":"Luzimara Fernandes","image":{"@type":"ImageObject","inLanguage":"pt-BR","@id":"https:\/\/jornalfatosenoticias.com.br\/#\/schema\/person\/image\/","url":"https:\/\/jornalfatosenoticias.com.br\/wp-content\/uploads\/2025\/05\/EU_portal.jpg","contentUrl":"https:\/\/jornalfatosenoticias.com.br\/wp-content\/uploads\/2025\/05\/EU_portal.jpg","caption":"Luzimara Fernandes"},"description":"Jornalista MTB 2358-ES","sameAs":["https:\/\/jornalfatosenoticias.com.br"],"url":"https:\/\/jornalfatosenoticias.com.br\/index.php\/author\/luzimara\/"}]}},"cc_featured_image_caption":{"caption_text":"","source_text":"","source_url":""},"jetpack_featured_media_url":"https:\/\/jornalfatosenoticias.com.br\/wp-content\/uploads\/2023\/05\/embrapa.jpg","_links":{"self":[{"href":"https:\/\/jornalfatosenoticias.com.br\/index.php\/wp-json\/wp\/v2\/posts\/41069","targetHints":{"allow":["GET"]}}],"collection":[{"href":"https:\/\/jornalfatosenoticias.com.br\/index.php\/wp-json\/wp\/v2\/posts"}],"about":[{"href":"https:\/\/jornalfatosenoticias.com.br\/index.php\/wp-json\/wp\/v2\/types\/post"}],"author":[{"embeddable":true,"href":"https:\/\/jornalfatosenoticias.com.br\/index.php\/wp-json\/wp\/v2\/users\/2"}],"replies":[{"embeddable":true,"href":"https:\/\/jornalfatosenoticias.com.br\/index.php\/wp-json\/wp\/v2\/comments?post=41069"}],"version-history":[{"count":0,"href":"https:\/\/jornalfatosenoticias.com.br\/index.php\/wp-json\/wp\/v2\/posts\/41069\/revisions"}],"wp:featuredmedia":[{"embeddable":true,"href":"https:\/\/jornalfatosenoticias.com.br\/index.php\/wp-json\/wp\/v2\/media\/41070"}],"wp:attachment":[{"href":"https:\/\/jornalfatosenoticias.com.br\/index.php\/wp-json\/wp\/v2\/media?parent=41069"}],"wp:term":[{"taxonomy":"category","embeddable":true,"href":"https:\/\/jornalfatosenoticias.com.br\/index.php\/wp-json\/wp\/v2\/categories?post=41069"},{"taxonomy":"post_tag","embeddable":true,"href":"https:\/\/jornalfatosenoticias.com.br\/index.php\/wp-json\/wp\/v2\/tags?post=41069"}],"curies":[{"name":"wp","href":"https:\/\/api.w.org\/{rel}","templated":true}]}}