{"id":41074,"date":"2023-05-03T09:31:38","date_gmt":"2023-05-03T12:31:38","guid":{"rendered":"https:\/\/jornalfatosenoticias.com.br\/?p=41074"},"modified":"2023-05-03T09:31:39","modified_gmt":"2023-05-03T12:31:39","slug":"pf-faz-busca-e-apreensao-em-endereco-de-bolsonaro-e-prende-ex-ajudante-de-ordens-do-ex-presidente","status":"publish","type":"post","link":"https:\/\/jornalfatosenoticias.com.br\/index.php\/2023\/05\/03\/pf-faz-busca-e-apreensao-em-endereco-de-bolsonaro-e-prende-ex-ajudante-de-ordens-do-ex-presidente\/","title":{"rendered":"PF faz busca e apreens\u00e3o em endere\u00e7o de Bolsonaro e prende ex-ajudante de ordens do ex-presidente"},"content":{"rendered":"\n<p><em><span class=\"has-inline-color has-black-color\">A\u00e7\u00e3o faz parte de uma opera\u00e7\u00e3o deflagrada nesta quarta<\/span><\/em><\/p>\n\n\n\n<p><em><span class=\"has-inline-color has-black-color\">Por: <strong>Raul Holderf Nascimento<\/strong><\/span><\/em><\/p>\n\n\n\n<div class=\"wp-block-image\"><figure class=\"aligncenter size-large\"><img loading=\"lazy\" decoding=\"async\" width=\"1024\" height=\"110\" src=\"https:\/\/jornalfatosenoticias.com.br\/wp-content\/uploads\/2023\/03\/Crypton-1120-\u00d7-120-px-1-1024x110.png\" alt=\"\" class=\"wp-image-39211\" srcset=\"https:\/\/jornalfatosenoticias.com.br\/wp-content\/uploads\/2023\/03\/Crypton-1120-\u00d7-120-px-1-1024x110.png 1024w, https:\/\/jornalfatosenoticias.com.br\/wp-content\/uploads\/2023\/03\/Crypton-1120-\u00d7-120-px-1-300x32.png 300w, https:\/\/jornalfatosenoticias.com.br\/wp-content\/uploads\/2023\/03\/Crypton-1120-\u00d7-120-px-1-768x82.png 768w, https:\/\/jornalfatosenoticias.com.br\/wp-content\/uploads\/2023\/03\/Crypton-1120-\u00d7-120-px-1.png 1120w\" sizes=\"auto, (max-width: 1024px) 100vw, 1024px\" \/><\/figure><\/div>\n\n\n\n<p>A Pol\u00edcia Federal prendeu, nesta quarta-feira (3), o ex-ajudante de ordem de Jair Bolsonaro, o tenente-coronel Mauro Cid, em Bras\u00edlia. Informa\u00e7\u00f5es iniciais apontam que ele ser\u00e1 levado para a sede da PF.<br>Os agentes da PF tamb\u00e9m realizam busca e apreens\u00e3o em um endere\u00e7o ligado ao ex-presidente Jair Bolsonaro (PL) em Bras\u00edlia, no Jardim Bot\u00e2nico. Trata-se da resid\u00eancia onde o ex-presidente mora com Michelle Bolsonaro. Os mandados s\u00e3o cumpridos no \u00e2mbito do inqu\u00e9rito das mil\u00edcias digitais, do Supremo Tribunal Federal (STF).<\/p>\n\n\n\n<div class=\"wp-block-image\"><figure class=\"aligncenter size-large is-resized\"><img loading=\"lazy\" decoding=\"async\" src=\"https:\/\/jornalfatosenoticias.com.br\/wp-content\/uploads\/2022\/07\/Logo-Grupo-SEI.jpg\" alt=\"\" class=\"wp-image-31973\" width=\"347\" height=\"182\" srcset=\"https:\/\/jornalfatosenoticias.com.br\/wp-content\/uploads\/2022\/07\/Logo-Grupo-SEI.jpg 713w, https:\/\/jornalfatosenoticias.com.br\/wp-content\/uploads\/2022\/07\/Logo-Grupo-SEI-300x158.jpg 300w\" sizes=\"auto, (max-width: 347px) 100vw, 347px\" \/><\/figure><\/div>\n\n\n\n<p>A a\u00e7\u00e3o faz parte da Opera\u00e7\u00e3o Venire, deflagrada nesta quarta-feira (3), que apura eventuais crimes na inser\u00e7\u00e3o de dados falsos sobre vacina\u00e7\u00e3o contra covid-19 nos sistemas do Minist\u00e9rio da Sa\u00fade (sistemas SI-PNI e RNDS).<br>Na mesma opera\u00e7\u00e3o deflagrada hoje (3), a Pol\u00edcia Federal apreendeu os celulares do ex-presidente Jair Bolsonaro e da ex-primeira-dama Michelle Bolsonaro. Os aparelhos eletr\u00f4nicos foram recolhidos como parte do mandado de busca e apreens\u00e3o na resid\u00eancia do casal, em Bras\u00edlia.<\/p>\n\n\n\n<div class=\"wp-block-image\"><figure class=\"aligncenter size-large is-resized\"><img loading=\"lazy\" decoding=\"async\" src=\"https:\/\/jornalfatosenoticias.com.br\/wp-content\/uploads\/2020\/02\/casa-do-torresmo_portal.jpg\" alt=\"\" class=\"wp-image-34472\" width=\"284\" height=\"284\" srcset=\"https:\/\/jornalfatosenoticias.com.br\/wp-content\/uploads\/2020\/02\/casa-do-torresmo_portal.jpg 300w, https:\/\/jornalfatosenoticias.com.br\/wp-content\/uploads\/2020\/02\/casa-do-torresmo_portal-150x150.jpg 150w\" sizes=\"auto, (max-width: 284px) 100vw, 284px\" \/><\/figure><\/div>\n\n\n\n<p>A a\u00e7\u00e3o policial foi autorizada pelo ministro do Supremo Tribunal Federal (STF) Alexandre de Moraes. A Pol\u00edcia Federal apura se Bolsonaro, familiares e ajudantes pr\u00f3ximos cometeram irregularidades em seus cart\u00f5es de vacina\u00e7\u00e3o contra a contra a covid-19.<\/p>\n\n\n\n<p><strong><em>Fonte: <a href=\"https:\/\/www.conexaopolitica.com.br\/judiciario\/2023\/05\/03\/pf-faz-busca-e-apreensao-em-endereco-de-bolsonaro-e-prende-ex-ajudante-de-ordens-do-ex-presidente\/\">Conex\u00e3o Pol\u00edtica<\/a><\/em><\/strong><\/p>\n","protected":false},"excerpt":{"rendered":"<p>A\u00e7\u00e3o faz parte de uma opera\u00e7\u00e3o deflagrada nesta quarta Por: Raul Holderf Nascimento A Pol\u00edcia Federal prendeu, nesta quarta-feira (3), o ex-ajudante de ordem de Jair Bolsonaro, o tenente-coronel Mauro Cid, em Bras\u00edlia. Informa\u00e7\u00f5es iniciais apontam que ele ser\u00e1 levado para a sede da PF.Os agentes da PF tamb\u00e9m realizam busca e apreens\u00e3o em um [&hellip;]<\/p>\n","protected":false},"author":2,"featured_media":41075,"comment_status":"open","ping_status":"open","sticky":false,"template":"","format":"standard","meta":{"footnotes":""},"categories":[10],"tags":[2383,19249,3325,1795,19250,19251,2146,1354],"class_list":["post-41074","post","type-post","status-publish","format-standard","has-post-thumbnail","hentry","category-politica","tag-apreensao","tag-busca-e-apreensao","tag-celulares","tag-jair-bolsonaro","tag-mauro-cid","tag-michelle-bolsonaro","tag-policia-federal","tag-prisao"],"yoast_head":"<!-- This site is optimized with the Yoast SEO plugin v26.5 - https:\/\/yoast.com\/wordpress\/plugins\/seo\/ -->\n<title>PF faz busca e apreens\u00e3o em endere\u00e7o de Bolsonaro e prende ex-ajudante de ordens do ex-presidente - Jornal Fatos e Not\u00edcias<\/title>\n<meta name=\"robots\" content=\"index, follow, max-snippet:-1, max-image-preview:large, max-video-preview:-1\" \/>\n<link rel=\"canonical\" href=\"https:\/\/jornalfatosenoticias.com.br\/index.php\/2023\/05\/03\/pf-faz-busca-e-apreensao-em-endereco-de-bolsonaro-e-prende-ex-ajudante-de-ordens-do-ex-presidente\/\" \/>\n<meta property=\"og:locale\" content=\"pt_BR\" \/>\n<meta property=\"og:type\" content=\"article\" \/>\n<meta property=\"og:title\" content=\"PF faz busca e apreens\u00e3o em endere\u00e7o de Bolsonaro e prende ex-ajudante de ordens do ex-presidente - Jornal Fatos e Not\u00edcias\" \/>\n<meta property=\"og:description\" content=\"A\u00e7\u00e3o faz parte de uma opera\u00e7\u00e3o deflagrada nesta quarta Por: Raul Holderf Nascimento A Pol\u00edcia Federal prendeu, nesta quarta-feira (3), o ex-ajudante de ordem de Jair Bolsonaro, o tenente-coronel Mauro Cid, em Bras\u00edlia. Informa\u00e7\u00f5es iniciais apontam que ele ser\u00e1 levado para a sede da PF.Os agentes da PF tamb\u00e9m realizam busca e apreens\u00e3o em um [&hellip;]\" \/>\n<meta property=\"og:url\" content=\"https:\/\/jornalfatosenoticias.com.br\/index.php\/2023\/05\/03\/pf-faz-busca-e-apreensao-em-endereco-de-bolsonaro-e-prende-ex-ajudante-de-ordens-do-ex-presidente\/\" \/>\n<meta property=\"og:site_name\" content=\"Jornal Fatos e Not\u00edcias\" \/>\n<meta property=\"article:published_time\" content=\"2023-05-03T12:31:38+00:00\" \/>\n<meta property=\"article:modified_time\" content=\"2023-05-03T12:31:39+00:00\" \/>\n<meta property=\"og:image\" content=\"https:\/\/jornalfatosenoticias.com.br\/wp-content\/uploads\/2023\/05\/bolsonaro-e-michele.jpg\" \/>\n\t<meta property=\"og:image:width\" content=\"1000\" \/>\n\t<meta property=\"og:image:height\" content=\"500\" \/>\n\t<meta property=\"og:image:type\" content=\"image\/jpeg\" \/>\n<meta name=\"author\" content=\"Luzimara Fernandes\" \/>\n<meta name=\"twitter:card\" content=\"summary_large_image\" \/>\n<meta name=\"twitter:label1\" content=\"Escrito por\" \/>\n\t<meta name=\"twitter:data1\" content=\"Luzimara Fernandes\" \/>\n\t<meta name=\"twitter:label2\" content=\"Est. tempo de leitura\" \/>\n\t<meta name=\"twitter:data2\" content=\"1 minuto\" \/>\n<script type=\"application\/ld+json\" class=\"yoast-schema-graph\">{\"@context\":\"https:\/\/schema.org\",\"@graph\":[{\"@type\":\"Article\",\"@id\":\"https:\/\/jornalfatosenoticias.com.br\/index.php\/2023\/05\/03\/pf-faz-busca-e-apreensao-em-endereco-de-bolsonaro-e-prende-ex-ajudante-de-ordens-do-ex-presidente\/#article\",\"isPartOf\":{\"@id\":\"https:\/\/jornalfatosenoticias.com.br\/index.php\/2023\/05\/03\/pf-faz-busca-e-apreensao-em-endereco-de-bolsonaro-e-prende-ex-ajudante-de-ordens-do-ex-presidente\/\"},\"author\":{\"name\":\"Luzimara Fernandes\",\"@id\":\"https:\/\/jornalfatosenoticias.com.br\/#\/schema\/person\/d63837fa13ac8666eb9e74e0985d6f81\"},\"headline\":\"PF faz busca e apreens\u00e3o em endere\u00e7o de Bolsonaro e prende ex-ajudante de ordens do ex-presidente\",\"datePublished\":\"2023-05-03T12:31:38+00:00\",\"dateModified\":\"2023-05-03T12:31:39+00:00\",\"mainEntityOfPage\":{\"@id\":\"https:\/\/jornalfatosenoticias.com.br\/index.php\/2023\/05\/03\/pf-faz-busca-e-apreensao-em-endereco-de-bolsonaro-e-prende-ex-ajudante-de-ordens-do-ex-presidente\/\"},\"wordCount\":256,\"commentCount\":0,\"publisher\":{\"@id\":\"https:\/\/jornalfatosenoticias.com.br\/#organization\"},\"image\":{\"@id\":\"https:\/\/jornalfatosenoticias.com.br\/index.php\/2023\/05\/03\/pf-faz-busca-e-apreensao-em-endereco-de-bolsonaro-e-prende-ex-ajudante-de-ordens-do-ex-presidente\/#primaryimage\"},\"thumbnailUrl\":\"https:\/\/jornalfatosenoticias.com.br\/wp-content\/uploads\/2023\/05\/bolsonaro-e-michele.jpg\",\"keywords\":[\"apreens\u00e3o\",\"busca e apreens\u00e3o\",\"celulares\",\"Jair Bolsonaro\",\"Mauro Cid\",\"Michelle Bolsonaro\",\"Pol\u00edcia Federal\",\"pris\u00e3o\"],\"articleSection\":[\"Pol\u00edtica\"],\"inLanguage\":\"pt-BR\",\"potentialAction\":[{\"@type\":\"CommentAction\",\"name\":\"Comment\",\"target\":[\"https:\/\/jornalfatosenoticias.com.br\/index.php\/2023\/05\/03\/pf-faz-busca-e-apreensao-em-endereco-de-bolsonaro-e-prende-ex-ajudante-de-ordens-do-ex-presidente\/#respond\"]}]},{\"@type\":\"WebPage\",\"@id\":\"https:\/\/jornalfatosenoticias.com.br\/index.php\/2023\/05\/03\/pf-faz-busca-e-apreensao-em-endereco-de-bolsonaro-e-prende-ex-ajudante-de-ordens-do-ex-presidente\/\",\"url\":\"https:\/\/jornalfatosenoticias.com.br\/index.php\/2023\/05\/03\/pf-faz-busca-e-apreensao-em-endereco-de-bolsonaro-e-prende-ex-ajudante-de-ordens-do-ex-presidente\/\",\"name\":\"PF faz busca e apreens\u00e3o em endere\u00e7o de Bolsonaro e prende ex-ajudante de ordens do ex-presidente - Jornal Fatos e Not\u00edcias\",\"isPartOf\":{\"@id\":\"https:\/\/jornalfatosenoticias.com.br\/#website\"},\"primaryImageOfPage\":{\"@id\":\"https:\/\/jornalfatosenoticias.com.br\/index.php\/2023\/05\/03\/pf-faz-busca-e-apreensao-em-endereco-de-bolsonaro-e-prende-ex-ajudante-de-ordens-do-ex-presidente\/#primaryimage\"},\"image\":{\"@id\":\"https:\/\/jornalfatosenoticias.com.br\/index.php\/2023\/05\/03\/pf-faz-busca-e-apreensao-em-endereco-de-bolsonaro-e-prende-ex-ajudante-de-ordens-do-ex-presidente\/#primaryimage\"},\"thumbnailUrl\":\"https:\/\/jornalfatosenoticias.com.br\/wp-content\/uploads\/2023\/05\/bolsonaro-e-michele.jpg\",\"datePublished\":\"2023-05-03T12:31:38+00:00\",\"dateModified\":\"2023-05-03T12:31:39+00:00\",\"breadcrumb\":{\"@id\":\"https:\/\/jornalfatosenoticias.com.br\/index.php\/2023\/05\/03\/pf-faz-busca-e-apreensao-em-endereco-de-bolsonaro-e-prende-ex-ajudante-de-ordens-do-ex-presidente\/#breadcrumb\"},\"inLanguage\":\"pt-BR\",\"potentialAction\":[{\"@type\":\"ReadAction\",\"target\":[\"https:\/\/jornalfatosenoticias.com.br\/index.php\/2023\/05\/03\/pf-faz-busca-e-apreensao-em-endereco-de-bolsonaro-e-prende-ex-ajudante-de-ordens-do-ex-presidente\/\"]}]},{\"@type\":\"ImageObject\",\"inLanguage\":\"pt-BR\",\"@id\":\"https:\/\/jornalfatosenoticias.com.br\/index.php\/2023\/05\/03\/pf-faz-busca-e-apreensao-em-endereco-de-bolsonaro-e-prende-ex-ajudante-de-ordens-do-ex-presidente\/#primaryimage\",\"url\":\"https:\/\/jornalfatosenoticias.com.br\/wp-content\/uploads\/2023\/05\/bolsonaro-e-michele.jpg\",\"contentUrl\":\"https:\/\/jornalfatosenoticias.com.br\/wp-content\/uploads\/2023\/05\/bolsonaro-e-michele.jpg\",\"width\":1000,\"height\":500},{\"@type\":\"BreadcrumbList\",\"@id\":\"https:\/\/jornalfatosenoticias.com.br\/index.php\/2023\/05\/03\/pf-faz-busca-e-apreensao-em-endereco-de-bolsonaro-e-prende-ex-ajudante-de-ordens-do-ex-presidente\/#breadcrumb\",\"itemListElement\":[{\"@type\":\"ListItem\",\"position\":1,\"name\":\"In\u00edcio\",\"item\":\"https:\/\/jornalfatosenoticias.com.br\/\"},{\"@type\":\"ListItem\",\"position\":2,\"name\":\"PF faz busca e apreens\u00e3o em endere\u00e7o de Bolsonaro e prende ex-ajudante de ordens do ex-presidente\"}]},{\"@type\":\"WebSite\",\"@id\":\"https:\/\/jornalfatosenoticias.com.br\/#website\",\"url\":\"https:\/\/jornalfatosenoticias.com.br\/\",\"name\":\"Jornal Fatos e Not\u00edcias\",\"description\":\"Not\u00edcias em geral\",\"publisher\":{\"@id\":\"https:\/\/jornalfatosenoticias.com.br\/#organization\"},\"potentialAction\":[{\"@type\":\"SearchAction\",\"target\":{\"@type\":\"EntryPoint\",\"urlTemplate\":\"https:\/\/jornalfatosenoticias.com.br\/?s={search_term_string}\"},\"query-input\":{\"@type\":\"PropertyValueSpecification\",\"valueRequired\":true,\"valueName\":\"search_term_string\"}}],\"inLanguage\":\"pt-BR\"},{\"@type\":\"Organization\",\"@id\":\"https:\/\/jornalfatosenoticias.com.br\/#organization\",\"name\":\"Jornal Fatos e Not\u00edcias\",\"url\":\"https:\/\/jornalfatosenoticias.com.br\/\",\"logo\":{\"@type\":\"ImageObject\",\"inLanguage\":\"pt-BR\",\"@id\":\"https:\/\/jornalfatosenoticias.com.br\/#\/schema\/logo\/image\/\",\"url\":\"https:\/\/jornalfatosenoticias.com.br\/wp-content\/uploads\/2020\/02\/logo120.png\",\"contentUrl\":\"https:\/\/jornalfatosenoticias.com.br\/wp-content\/uploads\/2020\/02\/logo120.png\",\"width\":1227,\"height\":120,\"caption\":\"Jornal Fatos e Not\u00edcias\"},\"image\":{\"@id\":\"https:\/\/jornalfatosenoticias.com.br\/#\/schema\/logo\/image\/\"}},{\"@type\":\"Person\",\"@id\":\"https:\/\/jornalfatosenoticias.com.br\/#\/schema\/person\/d63837fa13ac8666eb9e74e0985d6f81\",\"name\":\"Luzimara Fernandes\",\"image\":{\"@type\":\"ImageObject\",\"inLanguage\":\"pt-BR\",\"@id\":\"https:\/\/jornalfatosenoticias.com.br\/#\/schema\/person\/image\/\",\"url\":\"https:\/\/jornalfatosenoticias.com.br\/wp-content\/uploads\/2025\/05\/EU_portal.jpg\",\"contentUrl\":\"https:\/\/jornalfatosenoticias.com.br\/wp-content\/uploads\/2025\/05\/EU_portal.jpg\",\"caption\":\"Luzimara Fernandes\"},\"description\":\"Jornalista MTB 2358-ES\",\"sameAs\":[\"https:\/\/jornalfatosenoticias.com.br\"],\"url\":\"https:\/\/jornalfatosenoticias.com.br\/index.php\/author\/luzimara\/\"}]}<\/script>\n<!-- \/ Yoast SEO plugin. -->","yoast_head_json":{"title":"PF faz busca e apreens\u00e3o em endere\u00e7o de Bolsonaro e prende ex-ajudante de ordens do ex-presidente - Jornal Fatos e Not\u00edcias","robots":{"index":"index","follow":"follow","max-snippet":"max-snippet:-1","max-image-preview":"max-image-preview:large","max-video-preview":"max-video-preview:-1"},"canonical":"https:\/\/jornalfatosenoticias.com.br\/index.php\/2023\/05\/03\/pf-faz-busca-e-apreensao-em-endereco-de-bolsonaro-e-prende-ex-ajudante-de-ordens-do-ex-presidente\/","og_locale":"pt_BR","og_type":"article","og_title":"PF faz busca e apreens\u00e3o em endere\u00e7o de Bolsonaro e prende ex-ajudante de ordens do ex-presidente - Jornal Fatos e Not\u00edcias","og_description":"A\u00e7\u00e3o faz parte de uma opera\u00e7\u00e3o deflagrada nesta quarta Por: Raul Holderf Nascimento A Pol\u00edcia Federal prendeu, nesta quarta-feira (3), o ex-ajudante de ordem de Jair Bolsonaro, o tenente-coronel Mauro Cid, em Bras\u00edlia. Informa\u00e7\u00f5es iniciais apontam que ele ser\u00e1 levado para a sede da PF.Os agentes da PF tamb\u00e9m realizam busca e apreens\u00e3o em um [&hellip;]","og_url":"https:\/\/jornalfatosenoticias.com.br\/index.php\/2023\/05\/03\/pf-faz-busca-e-apreensao-em-endereco-de-bolsonaro-e-prende-ex-ajudante-de-ordens-do-ex-presidente\/","og_site_name":"Jornal Fatos e Not\u00edcias","article_published_time":"2023-05-03T12:31:38+00:00","article_modified_time":"2023-05-03T12:31:39+00:00","og_image":[{"width":1000,"height":500,"url":"https:\/\/jornalfatosenoticias.com.br\/wp-content\/uploads\/2023\/05\/bolsonaro-e-michele.jpg","type":"image\/jpeg"}],"author":"Luzimara Fernandes","twitter_card":"summary_large_image","twitter_misc":{"Escrito por":"Luzimara Fernandes","Est. tempo de leitura":"1 minuto"},"schema":{"@context":"https:\/\/schema.org","@graph":[{"@type":"Article","@id":"https:\/\/jornalfatosenoticias.com.br\/index.php\/2023\/05\/03\/pf-faz-busca-e-apreensao-em-endereco-de-bolsonaro-e-prende-ex-ajudante-de-ordens-do-ex-presidente\/#article","isPartOf":{"@id":"https:\/\/jornalfatosenoticias.com.br\/index.php\/2023\/05\/03\/pf-faz-busca-e-apreensao-em-endereco-de-bolsonaro-e-prende-ex-ajudante-de-ordens-do-ex-presidente\/"},"author":{"name":"Luzimara Fernandes","@id":"https:\/\/jornalfatosenoticias.com.br\/#\/schema\/person\/d63837fa13ac8666eb9e74e0985d6f81"},"headline":"PF faz busca e apreens\u00e3o em endere\u00e7o de Bolsonaro e prende ex-ajudante de ordens do ex-presidente","datePublished":"2023-05-03T12:31:38+00:00","dateModified":"2023-05-03T12:31:39+00:00","mainEntityOfPage":{"@id":"https:\/\/jornalfatosenoticias.com.br\/index.php\/2023\/05\/03\/pf-faz-busca-e-apreensao-em-endereco-de-bolsonaro-e-prende-ex-ajudante-de-ordens-do-ex-presidente\/"},"wordCount":256,"commentCount":0,"publisher":{"@id":"https:\/\/jornalfatosenoticias.com.br\/#organization"},"image":{"@id":"https:\/\/jornalfatosenoticias.com.br\/index.php\/2023\/05\/03\/pf-faz-busca-e-apreensao-em-endereco-de-bolsonaro-e-prende-ex-ajudante-de-ordens-do-ex-presidente\/#primaryimage"},"thumbnailUrl":"https:\/\/jornalfatosenoticias.com.br\/wp-content\/uploads\/2023\/05\/bolsonaro-e-michele.jpg","keywords":["apreens\u00e3o","busca e apreens\u00e3o","celulares","Jair Bolsonaro","Mauro Cid","Michelle Bolsonaro","Pol\u00edcia Federal","pris\u00e3o"],"articleSection":["Pol\u00edtica"],"inLanguage":"pt-BR","potentialAction":[{"@type":"CommentAction","name":"Comment","target":["https:\/\/jornalfatosenoticias.com.br\/index.php\/2023\/05\/03\/pf-faz-busca-e-apreensao-em-endereco-de-bolsonaro-e-prende-ex-ajudante-de-ordens-do-ex-presidente\/#respond"]}]},{"@type":"WebPage","@id":"https:\/\/jornalfatosenoticias.com.br\/index.php\/2023\/05\/03\/pf-faz-busca-e-apreensao-em-endereco-de-bolsonaro-e-prende-ex-ajudante-de-ordens-do-ex-presidente\/","url":"https:\/\/jornalfatosenoticias.com.br\/index.php\/2023\/05\/03\/pf-faz-busca-e-apreensao-em-endereco-de-bolsonaro-e-prende-ex-ajudante-de-ordens-do-ex-presidente\/","name":"PF faz busca e apreens\u00e3o em endere\u00e7o de Bolsonaro e prende ex-ajudante de ordens do ex-presidente - Jornal Fatos e Not\u00edcias","isPartOf":{"@id":"https:\/\/jornalfatosenoticias.com.br\/#website"},"primaryImageOfPage":{"@id":"https:\/\/jornalfatosenoticias.com.br\/index.php\/2023\/05\/03\/pf-faz-busca-e-apreensao-em-endereco-de-bolsonaro-e-prende-ex-ajudante-de-ordens-do-ex-presidente\/#primaryimage"},"image":{"@id":"https:\/\/jornalfatosenoticias.com.br\/index.php\/2023\/05\/03\/pf-faz-busca-e-apreensao-em-endereco-de-bolsonaro-e-prende-ex-ajudante-de-ordens-do-ex-presidente\/#primaryimage"},"thumbnailUrl":"https:\/\/jornalfatosenoticias.com.br\/wp-content\/uploads\/2023\/05\/bolsonaro-e-michele.jpg","datePublished":"2023-05-03T12:31:38+00:00","dateModified":"2023-05-03T12:31:39+00:00","breadcrumb":{"@id":"https:\/\/jornalfatosenoticias.com.br\/index.php\/2023\/05\/03\/pf-faz-busca-e-apreensao-em-endereco-de-bolsonaro-e-prende-ex-ajudante-de-ordens-do-ex-presidente\/#breadcrumb"},"inLanguage":"pt-BR","potentialAction":[{"@type":"ReadAction","target":["https:\/\/jornalfatosenoticias.com.br\/index.php\/2023\/05\/03\/pf-faz-busca-e-apreensao-em-endereco-de-bolsonaro-e-prende-ex-ajudante-de-ordens-do-ex-presidente\/"]}]},{"@type":"ImageObject","inLanguage":"pt-BR","@id":"https:\/\/jornalfatosenoticias.com.br\/index.php\/2023\/05\/03\/pf-faz-busca-e-apreensao-em-endereco-de-bolsonaro-e-prende-ex-ajudante-de-ordens-do-ex-presidente\/#primaryimage","url":"https:\/\/jornalfatosenoticias.com.br\/wp-content\/uploads\/2023\/05\/bolsonaro-e-michele.jpg","contentUrl":"https:\/\/jornalfatosenoticias.com.br\/wp-content\/uploads\/2023\/05\/bolsonaro-e-michele.jpg","width":1000,"height":500},{"@type":"BreadcrumbList","@id":"https:\/\/jornalfatosenoticias.com.br\/index.php\/2023\/05\/03\/pf-faz-busca-e-apreensao-em-endereco-de-bolsonaro-e-prende-ex-ajudante-de-ordens-do-ex-presidente\/#breadcrumb","itemListElement":[{"@type":"ListItem","position":1,"name":"In\u00edcio","item":"https:\/\/jornalfatosenoticias.com.br\/"},{"@type":"ListItem","position":2,"name":"PF faz busca e apreens\u00e3o em endere\u00e7o de Bolsonaro e prende ex-ajudante de ordens do ex-presidente"}]},{"@type":"WebSite","@id":"https:\/\/jornalfatosenoticias.com.br\/#website","url":"https:\/\/jornalfatosenoticias.com.br\/","name":"Jornal Fatos e Not\u00edcias","description":"Not\u00edcias em geral","publisher":{"@id":"https:\/\/jornalfatosenoticias.com.br\/#organization"},"potentialAction":[{"@type":"SearchAction","target":{"@type":"EntryPoint","urlTemplate":"https:\/\/jornalfatosenoticias.com.br\/?s={search_term_string}"},"query-input":{"@type":"PropertyValueSpecification","valueRequired":true,"valueName":"search_term_string"}}],"inLanguage":"pt-BR"},{"@type":"Organization","@id":"https:\/\/jornalfatosenoticias.com.br\/#organization","name":"Jornal Fatos e Not\u00edcias","url":"https:\/\/jornalfatosenoticias.com.br\/","logo":{"@type":"ImageObject","inLanguage":"pt-BR","@id":"https:\/\/jornalfatosenoticias.com.br\/#\/schema\/logo\/image\/","url":"https:\/\/jornalfatosenoticias.com.br\/wp-content\/uploads\/2020\/02\/logo120.png","contentUrl":"https:\/\/jornalfatosenoticias.com.br\/wp-content\/uploads\/2020\/02\/logo120.png","width":1227,"height":120,"caption":"Jornal Fatos e Not\u00edcias"},"image":{"@id":"https:\/\/jornalfatosenoticias.com.br\/#\/schema\/logo\/image\/"}},{"@type":"Person","@id":"https:\/\/jornalfatosenoticias.com.br\/#\/schema\/person\/d63837fa13ac8666eb9e74e0985d6f81","name":"Luzimara Fernandes","image":{"@type":"ImageObject","inLanguage":"pt-BR","@id":"https:\/\/jornalfatosenoticias.com.br\/#\/schema\/person\/image\/","url":"https:\/\/jornalfatosenoticias.com.br\/wp-content\/uploads\/2025\/05\/EU_portal.jpg","contentUrl":"https:\/\/jornalfatosenoticias.com.br\/wp-content\/uploads\/2025\/05\/EU_portal.jpg","caption":"Luzimara Fernandes"},"description":"Jornalista MTB 2358-ES","sameAs":["https:\/\/jornalfatosenoticias.com.br"],"url":"https:\/\/jornalfatosenoticias.com.br\/index.php\/author\/luzimara\/"}]}},"cc_featured_image_caption":{"caption_text":"(Foto: Marcelo Camargo\/Ag\u00eancia Brasil) ","source_text":"","source_url":""},"jetpack_featured_media_url":"https:\/\/jornalfatosenoticias.com.br\/wp-content\/uploads\/2023\/05\/bolsonaro-e-michele.jpg","_links":{"self":[{"href":"https:\/\/jornalfatosenoticias.com.br\/index.php\/wp-json\/wp\/v2\/posts\/41074","targetHints":{"allow":["GET"]}}],"collection":[{"href":"https:\/\/jornalfatosenoticias.com.br\/index.php\/wp-json\/wp\/v2\/posts"}],"about":[{"href":"https:\/\/jornalfatosenoticias.com.br\/index.php\/wp-json\/wp\/v2\/types\/post"}],"author":[{"embeddable":true,"href":"https:\/\/jornalfatosenoticias.com.br\/index.php\/wp-json\/wp\/v2\/users\/2"}],"replies":[{"embeddable":true,"href":"https:\/\/jornalfatosenoticias.com.br\/index.php\/wp-json\/wp\/v2\/comments?post=41074"}],"version-history":[{"count":0,"href":"https:\/\/jornalfatosenoticias.com.br\/index.php\/wp-json\/wp\/v2\/posts\/41074\/revisions"}],"wp:featuredmedia":[{"embeddable":true,"href":"https:\/\/jornalfatosenoticias.com.br\/index.php\/wp-json\/wp\/v2\/media\/41075"}],"wp:attachment":[{"href":"https:\/\/jornalfatosenoticias.com.br\/index.php\/wp-json\/wp\/v2\/media?parent=41074"}],"wp:term":[{"taxonomy":"category","embeddable":true,"href":"https:\/\/jornalfatosenoticias.com.br\/index.php\/wp-json\/wp\/v2\/categories?post=41074"},{"taxonomy":"post_tag","embeddable":true,"href":"https:\/\/jornalfatosenoticias.com.br\/index.php\/wp-json\/wp\/v2\/tags?post=41074"}],"curies":[{"name":"wp","href":"https:\/\/api.w.org\/{rel}","templated":true}]}}