{"id":41077,"date":"2023-05-03T09:40:11","date_gmt":"2023-05-03T12:40:11","guid":{"rendered":"https:\/\/jornalfatosenoticias.com.br\/?p=41077"},"modified":"2023-05-03T09:40:11","modified_gmt":"2023-05-03T12:40:11","slug":"governo-quer-salvar-argentina-com-linha-de-credito-do-bndes","status":"publish","type":"post","link":"https:\/\/jornalfatosenoticias.com.br\/index.php\/2023\/05\/03\/governo-quer-salvar-argentina-com-linha-de-credito-do-bndes\/","title":{"rendered":"Governo quer \u2018salvar\u2019 Argentina com linha de cr\u00e9dito do BNDES"},"content":{"rendered":"\n<p><em><span class=\"has-inline-color has-black-color\">Banco ser\u00e1 a fonte do financiamento de exporta\u00e7\u00f5es; pa\u00eds vizinho enfrenta escassez de d\u00f3lares e infla\u00e7\u00e3o de mais de 100%<\/span><\/em><\/p>\n\n\n\n<p><em><span class=\"has-inline-color has-black-color\">Por: <strong>Marcos Rocha<\/strong><\/span><\/em><\/p>\n\n\n\n<div class=\"wp-block-image\"><figure class=\"aligncenter size-large is-resized\"><img loading=\"lazy\" decoding=\"async\" src=\"https:\/\/jornalfatosenoticias.com.br\/wp-content\/uploads\/2020\/02\/Logomarca-Principal.gif\" alt=\"\" class=\"wp-image-7872\" width=\"284\" height=\"282\"\/><\/figure><\/div>\n\n\n\n<p>Luiz In\u00e1cio da Silva (PT) teve uma reuni\u00e3o com seu hom\u00f3logo argentino, Alberto Fern\u00e1ndez, nesta ter\u00e7a-feira (2).<br>Conforme adiantado pelo <em>Conex\u00e3o Pol\u00edtica<\/em> na semana passada, o peronista se encontrou com o petista na capital federal brasileira e para pedir ajuda ao Pal\u00e1cio do Planalto para tentar superar a crise que o pa\u00eds atravessa.<br>O governo brasileiro vai propor a Fern\u00e1ndez, entre outras coisas, que haja financiamento p\u00fablico \u00e0s empresas brasileiras que vendem para Argentina. A informa\u00e7\u00e3o foi confirmada pelo secret\u00e1rio-executivo do Minist\u00e9rio da Fazenda, Gabriel Gal\u00edpolo, em declara\u00e7\u00e3o \u00e0 <em>GloboNews.<\/em><\/p>\n\n\n\n<div class=\"wp-block-image\"><figure class=\"aligncenter size-large is-resized\"><img loading=\"lazy\" decoding=\"async\" src=\"https:\/\/jornalfatosenoticias.com.br\/wp-content\/uploads\/2023\/03\/Crypton-1000-\u00d7-900-px-300x270-1.png\" alt=\"\" class=\"wp-image-40206\" width=\"292\" height=\"263\"\/><\/figure><\/div>\n\n\n\n<blockquote class=\"wp-block-quote is-layout-flow wp-block-quote-is-layout-flow\"><p><span class=\"has-inline-color has-luminous-vivid-orange-color\">A gente vem discutindo h\u00e1 algum tempo o que a gente chama de cr\u00e9dito para exporta\u00e7\u00e3o. Na verdade, \u00e9 um financiamento \u00e0s empresas brasileiras que vendem para a Argentina, e s\u00e3o essas empresas (argentinas) que importam servi\u00e7os e mercadorias do Brasil\u201d, disse o secret\u00e1rio.<\/span><\/p><\/blockquote>\n\n\n\n<div class=\"wp-block-image\"><figure class=\"aligncenter size-large\"><img decoding=\"async\" src=\"https:\/\/jornalfatosenoticias.com.br\/wp-content\/uploads\/2020\/02\/barao-das-carnes-300x164-1.jpg\" alt=\"\" class=\"wp-image-34339\"\/><\/figure><\/div>\n\n\n\n<p>Lula quer usar a estrutura do <strong>Banco Nacional de Desenvolvimento Econ\u00f4mico e Social<\/strong> (BNDES) para financiar essas exporta\u00e7\u00f5es. T\u00e9cnicos do Minist\u00e9rio da Fazenda dizem que a medida \u00e9 poss\u00edvel e que o mecanismo contra calote seria a ado\u00e7\u00e3o do Fundo Garantidor de Exporta\u00e7\u00e3o (FGE) nas negocia\u00e7\u00f5es.<br>Como a Argentina n\u00e3o tem d\u00f3lares para importar produtos e nem possui acesso a cr\u00e9dito junto a outros organismos multilaterais, uma linha de financiamento \u201csalvaria\u201d o pa\u00eds vizinho, que precisa comprar, principalmente, insumos industriais. Esse \u00e9 um dos maiores problemas que Fern\u00e1ndez enfrenta hoje.<\/p>\n\n\n\n<div class=\"wp-block-image\"><figure class=\"aligncenter size-large\"><img loading=\"lazy\" decoding=\"async\" width=\"300\" height=\"222\" src=\"https:\/\/jornalfatosenoticias.com.br\/wp-content\/uploads\/2023\/03\/logo_Juliana-Graca.jpg\" alt=\"\" class=\"wp-image-39283\"\/><\/figure><\/div>\n\n\n\n<p>O governo Lula entende que o Brasil precisa ajudar o pa\u00eds vizinho, porque esse apoio refor\u00e7aria o papel de l\u00edder na regi\u00e3o, j\u00e1 que somos a maior economia da Am\u00e9rica Latina. O petista tamb\u00e9m v\u00ea com bons olhos o fato de que isso concretizaria a reaproxima\u00e7\u00e3o com os <em>\u201chermanos\u201d<\/em>.<\/p>\n\n\n\n<p><strong><em>Fonte: <a href=\"https:\/\/www.conexaopolitica.com.br\/internacional\/2023\/05\/02\/governo-lula-quer-salvar-argentina-com-linha-de-credito-do-bndes\/\">Conex\u00e3o Pol\u00edtica<\/a><\/em><\/strong><\/p>\n","protected":false},"excerpt":{"rendered":"<p>Banco ser\u00e1 a fonte do financiamento de exporta\u00e7\u00f5es; pa\u00eds vizinho enfrenta escassez de d\u00f3lares e infla\u00e7\u00e3o de mais de 100% Por: Marcos Rocha Luiz In\u00e1cio da Silva (PT) teve uma reuni\u00e3o com seu hom\u00f3logo argentino, Alberto Fern\u00e1ndez, nesta ter\u00e7a-feira (2).Conforme adiantado pelo Conex\u00e3o Pol\u00edtica na semana passada, o peronista se encontrou com o petista na [&hellip;]<\/p>\n","protected":false},"author":2,"featured_media":41078,"comment_status":"open","ping_status":"open","sticky":false,"template":"","format":"standard","meta":{"footnotes":""},"categories":[9],"tags":[5995,300,597,7580],"class_list":["post-41077","post","type-post","status-publish","format-standard","has-post-thumbnail","hentry","category-economia","tag-argentina","tag-bndes","tag-brasil","tag-lula"],"yoast_head":"<!-- This site is optimized with the Yoast SEO plugin v26.5 - https:\/\/yoast.com\/wordpress\/plugins\/seo\/ -->\n<title>Governo quer \u2018salvar\u2019 Argentina com linha de cr\u00e9dito do BNDES - Jornal Fatos e Not\u00edcias<\/title>\n<meta name=\"robots\" content=\"index, follow, max-snippet:-1, max-image-preview:large, max-video-preview:-1\" \/>\n<link rel=\"canonical\" href=\"https:\/\/jornalfatosenoticias.com.br\/index.php\/2023\/05\/03\/governo-quer-salvar-argentina-com-linha-de-credito-do-bndes\/\" \/>\n<meta property=\"og:locale\" content=\"pt_BR\" \/>\n<meta property=\"og:type\" content=\"article\" \/>\n<meta property=\"og:title\" content=\"Governo quer \u2018salvar\u2019 Argentina com linha de cr\u00e9dito do BNDES - Jornal Fatos e Not\u00edcias\" \/>\n<meta property=\"og:description\" content=\"Banco ser\u00e1 a fonte do financiamento de exporta\u00e7\u00f5es; pa\u00eds vizinho enfrenta escassez de d\u00f3lares e infla\u00e7\u00e3o de mais de 100% Por: Marcos Rocha Luiz In\u00e1cio da Silva (PT) teve uma reuni\u00e3o com seu hom\u00f3logo argentino, Alberto Fern\u00e1ndez, nesta ter\u00e7a-feira (2).Conforme adiantado pelo Conex\u00e3o Pol\u00edtica na semana passada, o peronista se encontrou com o petista na [&hellip;]\" \/>\n<meta property=\"og:url\" content=\"https:\/\/jornalfatosenoticias.com.br\/index.php\/2023\/05\/03\/governo-quer-salvar-argentina-com-linha-de-credito-do-bndes\/\" \/>\n<meta property=\"og:site_name\" content=\"Jornal Fatos e Not\u00edcias\" \/>\n<meta property=\"article:published_time\" content=\"2023-05-03T12:40:11+00:00\" \/>\n<meta property=\"og:image\" content=\"https:\/\/jornalfatosenoticias.com.br\/wp-content\/uploads\/2023\/05\/molusco-e-argentina.jpg\" \/>\n\t<meta property=\"og:image:width\" content=\"950\" \/>\n\t<meta property=\"og:image:height\" content=\"475\" \/>\n\t<meta property=\"og:image:type\" content=\"image\/jpeg\" \/>\n<meta name=\"author\" content=\"Luzimara Fernandes\" \/>\n<meta name=\"twitter:card\" content=\"summary_large_image\" \/>\n<meta name=\"twitter:label1\" content=\"Escrito por\" \/>\n\t<meta name=\"twitter:data1\" content=\"Luzimara Fernandes\" \/>\n\t<meta name=\"twitter:label2\" content=\"Est. tempo de leitura\" \/>\n\t<meta name=\"twitter:data2\" content=\"2 minutos\" \/>\n<script type=\"application\/ld+json\" class=\"yoast-schema-graph\">{\"@context\":\"https:\/\/schema.org\",\"@graph\":[{\"@type\":\"Article\",\"@id\":\"https:\/\/jornalfatosenoticias.com.br\/index.php\/2023\/05\/03\/governo-quer-salvar-argentina-com-linha-de-credito-do-bndes\/#article\",\"isPartOf\":{\"@id\":\"https:\/\/jornalfatosenoticias.com.br\/index.php\/2023\/05\/03\/governo-quer-salvar-argentina-com-linha-de-credito-do-bndes\/\"},\"author\":{\"name\":\"Luzimara Fernandes\",\"@id\":\"https:\/\/jornalfatosenoticias.com.br\/#\/schema\/person\/d63837fa13ac8666eb9e74e0985d6f81\"},\"headline\":\"Governo quer \u2018salvar\u2019 Argentina com linha de cr\u00e9dito do BNDES\",\"datePublished\":\"2023-05-03T12:40:11+00:00\",\"mainEntityOfPage\":{\"@id\":\"https:\/\/jornalfatosenoticias.com.br\/index.php\/2023\/05\/03\/governo-quer-salvar-argentina-com-linha-de-credito-do-bndes\/\"},\"wordCount\":351,\"commentCount\":0,\"publisher\":{\"@id\":\"https:\/\/jornalfatosenoticias.com.br\/#organization\"},\"image\":{\"@id\":\"https:\/\/jornalfatosenoticias.com.br\/index.php\/2023\/05\/03\/governo-quer-salvar-argentina-com-linha-de-credito-do-bndes\/#primaryimage\"},\"thumbnailUrl\":\"https:\/\/jornalfatosenoticias.com.br\/wp-content\/uploads\/2023\/05\/molusco-e-argentina.jpg\",\"keywords\":[\"Argentina\",\"BNDES\",\"Brasil\",\"Lula\"],\"articleSection\":[\"Economia\"],\"inLanguage\":\"pt-BR\",\"potentialAction\":[{\"@type\":\"CommentAction\",\"name\":\"Comment\",\"target\":[\"https:\/\/jornalfatosenoticias.com.br\/index.php\/2023\/05\/03\/governo-quer-salvar-argentina-com-linha-de-credito-do-bndes\/#respond\"]}]},{\"@type\":\"WebPage\",\"@id\":\"https:\/\/jornalfatosenoticias.com.br\/index.php\/2023\/05\/03\/governo-quer-salvar-argentina-com-linha-de-credito-do-bndes\/\",\"url\":\"https:\/\/jornalfatosenoticias.com.br\/index.php\/2023\/05\/03\/governo-quer-salvar-argentina-com-linha-de-credito-do-bndes\/\",\"name\":\"Governo quer \u2018salvar\u2019 Argentina com linha de cr\u00e9dito do BNDES - Jornal Fatos e Not\u00edcias\",\"isPartOf\":{\"@id\":\"https:\/\/jornalfatosenoticias.com.br\/#website\"},\"primaryImageOfPage\":{\"@id\":\"https:\/\/jornalfatosenoticias.com.br\/index.php\/2023\/05\/03\/governo-quer-salvar-argentina-com-linha-de-credito-do-bndes\/#primaryimage\"},\"image\":{\"@id\":\"https:\/\/jornalfatosenoticias.com.br\/index.php\/2023\/05\/03\/governo-quer-salvar-argentina-com-linha-de-credito-do-bndes\/#primaryimage\"},\"thumbnailUrl\":\"https:\/\/jornalfatosenoticias.com.br\/wp-content\/uploads\/2023\/05\/molusco-e-argentina.jpg\",\"datePublished\":\"2023-05-03T12:40:11+00:00\",\"breadcrumb\":{\"@id\":\"https:\/\/jornalfatosenoticias.com.br\/index.php\/2023\/05\/03\/governo-quer-salvar-argentina-com-linha-de-credito-do-bndes\/#breadcrumb\"},\"inLanguage\":\"pt-BR\",\"potentialAction\":[{\"@type\":\"ReadAction\",\"target\":[\"https:\/\/jornalfatosenoticias.com.br\/index.php\/2023\/05\/03\/governo-quer-salvar-argentina-com-linha-de-credito-do-bndes\/\"]}]},{\"@type\":\"ImageObject\",\"inLanguage\":\"pt-BR\",\"@id\":\"https:\/\/jornalfatosenoticias.com.br\/index.php\/2023\/05\/03\/governo-quer-salvar-argentina-com-linha-de-credito-do-bndes\/#primaryimage\",\"url\":\"https:\/\/jornalfatosenoticias.com.br\/wp-content\/uploads\/2023\/05\/molusco-e-argentina.jpg\",\"contentUrl\":\"https:\/\/jornalfatosenoticias.com.br\/wp-content\/uploads\/2023\/05\/molusco-e-argentina.jpg\",\"width\":950,\"height\":475},{\"@type\":\"BreadcrumbList\",\"@id\":\"https:\/\/jornalfatosenoticias.com.br\/index.php\/2023\/05\/03\/governo-quer-salvar-argentina-com-linha-de-credito-do-bndes\/#breadcrumb\",\"itemListElement\":[{\"@type\":\"ListItem\",\"position\":1,\"name\":\"In\u00edcio\",\"item\":\"https:\/\/jornalfatosenoticias.com.br\/\"},{\"@type\":\"ListItem\",\"position\":2,\"name\":\"Governo quer \u2018salvar\u2019 Argentina com linha de cr\u00e9dito do BNDES\"}]},{\"@type\":\"WebSite\",\"@id\":\"https:\/\/jornalfatosenoticias.com.br\/#website\",\"url\":\"https:\/\/jornalfatosenoticias.com.br\/\",\"name\":\"Jornal Fatos e Not\u00edcias\",\"description\":\"Not\u00edcias em geral\",\"publisher\":{\"@id\":\"https:\/\/jornalfatosenoticias.com.br\/#organization\"},\"potentialAction\":[{\"@type\":\"SearchAction\",\"target\":{\"@type\":\"EntryPoint\",\"urlTemplate\":\"https:\/\/jornalfatosenoticias.com.br\/?s={search_term_string}\"},\"query-input\":{\"@type\":\"PropertyValueSpecification\",\"valueRequired\":true,\"valueName\":\"search_term_string\"}}],\"inLanguage\":\"pt-BR\"},{\"@type\":\"Organization\",\"@id\":\"https:\/\/jornalfatosenoticias.com.br\/#organization\",\"name\":\"Jornal Fatos e Not\u00edcias\",\"url\":\"https:\/\/jornalfatosenoticias.com.br\/\",\"logo\":{\"@type\":\"ImageObject\",\"inLanguage\":\"pt-BR\",\"@id\":\"https:\/\/jornalfatosenoticias.com.br\/#\/schema\/logo\/image\/\",\"url\":\"https:\/\/jornalfatosenoticias.com.br\/wp-content\/uploads\/2020\/02\/logo120.png\",\"contentUrl\":\"https:\/\/jornalfatosenoticias.com.br\/wp-content\/uploads\/2020\/02\/logo120.png\",\"width\":1227,\"height\":120,\"caption\":\"Jornal Fatos e Not\u00edcias\"},\"image\":{\"@id\":\"https:\/\/jornalfatosenoticias.com.br\/#\/schema\/logo\/image\/\"}},{\"@type\":\"Person\",\"@id\":\"https:\/\/jornalfatosenoticias.com.br\/#\/schema\/person\/d63837fa13ac8666eb9e74e0985d6f81\",\"name\":\"Luzimara Fernandes\",\"image\":{\"@type\":\"ImageObject\",\"inLanguage\":\"pt-BR\",\"@id\":\"https:\/\/jornalfatosenoticias.com.br\/#\/schema\/person\/image\/\",\"url\":\"https:\/\/jornalfatosenoticias.com.br\/wp-content\/uploads\/2025\/05\/EU_portal.jpg\",\"contentUrl\":\"https:\/\/jornalfatosenoticias.com.br\/wp-content\/uploads\/2025\/05\/EU_portal.jpg\",\"caption\":\"Luzimara Fernandes\"},\"description\":\"Jornalista MTB 2358-ES\",\"sameAs\":[\"https:\/\/jornalfatosenoticias.com.br\"],\"url\":\"https:\/\/jornalfatosenoticias.com.br\/index.php\/author\/luzimara\/\"}]}<\/script>\n<!-- \/ Yoast SEO plugin. -->","yoast_head_json":{"title":"Governo quer \u2018salvar\u2019 Argentina com linha de cr\u00e9dito do BNDES - Jornal Fatos e Not\u00edcias","robots":{"index":"index","follow":"follow","max-snippet":"max-snippet:-1","max-image-preview":"max-image-preview:large","max-video-preview":"max-video-preview:-1"},"canonical":"https:\/\/jornalfatosenoticias.com.br\/index.php\/2023\/05\/03\/governo-quer-salvar-argentina-com-linha-de-credito-do-bndes\/","og_locale":"pt_BR","og_type":"article","og_title":"Governo quer \u2018salvar\u2019 Argentina com linha de cr\u00e9dito do BNDES - Jornal Fatos e Not\u00edcias","og_description":"Banco ser\u00e1 a fonte do financiamento de exporta\u00e7\u00f5es; pa\u00eds vizinho enfrenta escassez de d\u00f3lares e infla\u00e7\u00e3o de mais de 100% Por: Marcos Rocha Luiz In\u00e1cio da Silva (PT) teve uma reuni\u00e3o com seu hom\u00f3logo argentino, Alberto Fern\u00e1ndez, nesta ter\u00e7a-feira (2).Conforme adiantado pelo Conex\u00e3o Pol\u00edtica na semana passada, o peronista se encontrou com o petista na [&hellip;]","og_url":"https:\/\/jornalfatosenoticias.com.br\/index.php\/2023\/05\/03\/governo-quer-salvar-argentina-com-linha-de-credito-do-bndes\/","og_site_name":"Jornal Fatos e Not\u00edcias","article_published_time":"2023-05-03T12:40:11+00:00","og_image":[{"width":950,"height":475,"url":"https:\/\/jornalfatosenoticias.com.br\/wp-content\/uploads\/2023\/05\/molusco-e-argentina.jpg","type":"image\/jpeg"}],"author":"Luzimara Fernandes","twitter_card":"summary_large_image","twitter_misc":{"Escrito por":"Luzimara Fernandes","Est. tempo de leitura":"2 minutos"},"schema":{"@context":"https:\/\/schema.org","@graph":[{"@type":"Article","@id":"https:\/\/jornalfatosenoticias.com.br\/index.php\/2023\/05\/03\/governo-quer-salvar-argentina-com-linha-de-credito-do-bndes\/#article","isPartOf":{"@id":"https:\/\/jornalfatosenoticias.com.br\/index.php\/2023\/05\/03\/governo-quer-salvar-argentina-com-linha-de-credito-do-bndes\/"},"author":{"name":"Luzimara Fernandes","@id":"https:\/\/jornalfatosenoticias.com.br\/#\/schema\/person\/d63837fa13ac8666eb9e74e0985d6f81"},"headline":"Governo quer \u2018salvar\u2019 Argentina com linha de cr\u00e9dito do BNDES","datePublished":"2023-05-03T12:40:11+00:00","mainEntityOfPage":{"@id":"https:\/\/jornalfatosenoticias.com.br\/index.php\/2023\/05\/03\/governo-quer-salvar-argentina-com-linha-de-credito-do-bndes\/"},"wordCount":351,"commentCount":0,"publisher":{"@id":"https:\/\/jornalfatosenoticias.com.br\/#organization"},"image":{"@id":"https:\/\/jornalfatosenoticias.com.br\/index.php\/2023\/05\/03\/governo-quer-salvar-argentina-com-linha-de-credito-do-bndes\/#primaryimage"},"thumbnailUrl":"https:\/\/jornalfatosenoticias.com.br\/wp-content\/uploads\/2023\/05\/molusco-e-argentina.jpg","keywords":["Argentina","BNDES","Brasil","Lula"],"articleSection":["Economia"],"inLanguage":"pt-BR","potentialAction":[{"@type":"CommentAction","name":"Comment","target":["https:\/\/jornalfatosenoticias.com.br\/index.php\/2023\/05\/03\/governo-quer-salvar-argentina-com-linha-de-credito-do-bndes\/#respond"]}]},{"@type":"WebPage","@id":"https:\/\/jornalfatosenoticias.com.br\/index.php\/2023\/05\/03\/governo-quer-salvar-argentina-com-linha-de-credito-do-bndes\/","url":"https:\/\/jornalfatosenoticias.com.br\/index.php\/2023\/05\/03\/governo-quer-salvar-argentina-com-linha-de-credito-do-bndes\/","name":"Governo quer \u2018salvar\u2019 Argentina com linha de cr\u00e9dito do BNDES - Jornal Fatos e Not\u00edcias","isPartOf":{"@id":"https:\/\/jornalfatosenoticias.com.br\/#website"},"primaryImageOfPage":{"@id":"https:\/\/jornalfatosenoticias.com.br\/index.php\/2023\/05\/03\/governo-quer-salvar-argentina-com-linha-de-credito-do-bndes\/#primaryimage"},"image":{"@id":"https:\/\/jornalfatosenoticias.com.br\/index.php\/2023\/05\/03\/governo-quer-salvar-argentina-com-linha-de-credito-do-bndes\/#primaryimage"},"thumbnailUrl":"https:\/\/jornalfatosenoticias.com.br\/wp-content\/uploads\/2023\/05\/molusco-e-argentina.jpg","datePublished":"2023-05-03T12:40:11+00:00","breadcrumb":{"@id":"https:\/\/jornalfatosenoticias.com.br\/index.php\/2023\/05\/03\/governo-quer-salvar-argentina-com-linha-de-credito-do-bndes\/#breadcrumb"},"inLanguage":"pt-BR","potentialAction":[{"@type":"ReadAction","target":["https:\/\/jornalfatosenoticias.com.br\/index.php\/2023\/05\/03\/governo-quer-salvar-argentina-com-linha-de-credito-do-bndes\/"]}]},{"@type":"ImageObject","inLanguage":"pt-BR","@id":"https:\/\/jornalfatosenoticias.com.br\/index.php\/2023\/05\/03\/governo-quer-salvar-argentina-com-linha-de-credito-do-bndes\/#primaryimage","url":"https:\/\/jornalfatosenoticias.com.br\/wp-content\/uploads\/2023\/05\/molusco-e-argentina.jpg","contentUrl":"https:\/\/jornalfatosenoticias.com.br\/wp-content\/uploads\/2023\/05\/molusco-e-argentina.jpg","width":950,"height":475},{"@type":"BreadcrumbList","@id":"https:\/\/jornalfatosenoticias.com.br\/index.php\/2023\/05\/03\/governo-quer-salvar-argentina-com-linha-de-credito-do-bndes\/#breadcrumb","itemListElement":[{"@type":"ListItem","position":1,"name":"In\u00edcio","item":"https:\/\/jornalfatosenoticias.com.br\/"},{"@type":"ListItem","position":2,"name":"Governo quer \u2018salvar\u2019 Argentina com linha de cr\u00e9dito do BNDES"}]},{"@type":"WebSite","@id":"https:\/\/jornalfatosenoticias.com.br\/#website","url":"https:\/\/jornalfatosenoticias.com.br\/","name":"Jornal Fatos e Not\u00edcias","description":"Not\u00edcias em geral","publisher":{"@id":"https:\/\/jornalfatosenoticias.com.br\/#organization"},"potentialAction":[{"@type":"SearchAction","target":{"@type":"EntryPoint","urlTemplate":"https:\/\/jornalfatosenoticias.com.br\/?s={search_term_string}"},"query-input":{"@type":"PropertyValueSpecification","valueRequired":true,"valueName":"search_term_string"}}],"inLanguage":"pt-BR"},{"@type":"Organization","@id":"https:\/\/jornalfatosenoticias.com.br\/#organization","name":"Jornal Fatos e Not\u00edcias","url":"https:\/\/jornalfatosenoticias.com.br\/","logo":{"@type":"ImageObject","inLanguage":"pt-BR","@id":"https:\/\/jornalfatosenoticias.com.br\/#\/schema\/logo\/image\/","url":"https:\/\/jornalfatosenoticias.com.br\/wp-content\/uploads\/2020\/02\/logo120.png","contentUrl":"https:\/\/jornalfatosenoticias.com.br\/wp-content\/uploads\/2020\/02\/logo120.png","width":1227,"height":120,"caption":"Jornal Fatos e Not\u00edcias"},"image":{"@id":"https:\/\/jornalfatosenoticias.com.br\/#\/schema\/logo\/image\/"}},{"@type":"Person","@id":"https:\/\/jornalfatosenoticias.com.br\/#\/schema\/person\/d63837fa13ac8666eb9e74e0985d6f81","name":"Luzimara Fernandes","image":{"@type":"ImageObject","inLanguage":"pt-BR","@id":"https:\/\/jornalfatosenoticias.com.br\/#\/schema\/person\/image\/","url":"https:\/\/jornalfatosenoticias.com.br\/wp-content\/uploads\/2025\/05\/EU_portal.jpg","contentUrl":"https:\/\/jornalfatosenoticias.com.br\/wp-content\/uploads\/2025\/05\/EU_portal.jpg","caption":"Luzimara Fernandes"},"description":"Jornalista MTB 2358-ES","sameAs":["https:\/\/jornalfatosenoticias.com.br"],"url":"https:\/\/jornalfatosenoticias.com.br\/index.php\/author\/luzimara\/"}]}},"cc_featured_image_caption":{"caption_text":"","source_text":"","source_url":""},"jetpack_featured_media_url":"https:\/\/jornalfatosenoticias.com.br\/wp-content\/uploads\/2023\/05\/molusco-e-argentina.jpg","_links":{"self":[{"href":"https:\/\/jornalfatosenoticias.com.br\/index.php\/wp-json\/wp\/v2\/posts\/41077","targetHints":{"allow":["GET"]}}],"collection":[{"href":"https:\/\/jornalfatosenoticias.com.br\/index.php\/wp-json\/wp\/v2\/posts"}],"about":[{"href":"https:\/\/jornalfatosenoticias.com.br\/index.php\/wp-json\/wp\/v2\/types\/post"}],"author":[{"embeddable":true,"href":"https:\/\/jornalfatosenoticias.com.br\/index.php\/wp-json\/wp\/v2\/users\/2"}],"replies":[{"embeddable":true,"href":"https:\/\/jornalfatosenoticias.com.br\/index.php\/wp-json\/wp\/v2\/comments?post=41077"}],"version-history":[{"count":0,"href":"https:\/\/jornalfatosenoticias.com.br\/index.php\/wp-json\/wp\/v2\/posts\/41077\/revisions"}],"wp:featuredmedia":[{"embeddable":true,"href":"https:\/\/jornalfatosenoticias.com.br\/index.php\/wp-json\/wp\/v2\/media\/41078"}],"wp:attachment":[{"href":"https:\/\/jornalfatosenoticias.com.br\/index.php\/wp-json\/wp\/v2\/media?parent=41077"}],"wp:term":[{"taxonomy":"category","embeddable":true,"href":"https:\/\/jornalfatosenoticias.com.br\/index.php\/wp-json\/wp\/v2\/categories?post=41077"},{"taxonomy":"post_tag","embeddable":true,"href":"https:\/\/jornalfatosenoticias.com.br\/index.php\/wp-json\/wp\/v2\/tags?post=41077"}],"curies":[{"name":"wp","href":"https:\/\/api.w.org\/{rel}","templated":true}]}}