{"id":41150,"date":"2023-05-04T18:34:10","date_gmt":"2023-05-04T21:34:10","guid":{"rendered":"https:\/\/jornalfatosenoticias.com.br\/?p=41150"},"modified":"2023-05-04T18:34:11","modified_gmt":"2023-05-04T21:34:11","slug":"a-semana-em-brasilia-e-no-es-5","status":"publish","type":"post","link":"https:\/\/jornalfatosenoticias.com.br\/index.php\/2023\/05\/04\/a-semana-em-brasilia-e-no-es-5\/","title":{"rendered":"A Semana em Bras\u00edlia e no ES"},"content":{"rendered":"\n<p><span class=\"has-inline-color has-black-color\"><strong>C\u00e2mara adia vota\u00e7\u00e3o do \u2018PL da Censura\u2019 para evitar derrota do governo<br><\/strong><em>Projeto \u00e9 alvo de press\u00e3o popular e tem sido a maior aposta legislativa de Lula neste terceiro mandato<\/em><\/span><\/p>\n\n\n\n<p><em><span class=\"has-inline-color has-black-color\">Por <strong>Marcos Rocha<\/strong><\/span><\/em><\/p>\n\n\n\n<div class=\"wp-block-image\"><figure class=\"aligncenter size-large\"><img decoding=\"async\" src=\"https:\/\/jornalfatosenoticias.com.br\/wp-content\/uploads\/2020\/02\/Logomarca-Principal.gif\" alt=\"\" class=\"wp-image-7872\"\/><\/figure><\/div>\n\n\n\n<p>O presidente da C\u00e2mara, Arthur Lira (PP-AL), retirou da pauta de vota\u00e7\u00e3o o Projeto de Lei (PL) 2630, tamb\u00e9m chamado de PL da Censura ou PL das Fake News, ap\u00f3s falta de consenso na Casa.<br>A manobra de Lira \u00e9 vista em Bras\u00edlia (DF) como uma tentativa de evitar o que seria a mais dura derrota da articula\u00e7\u00e3o pol\u00edtica de Luiz In\u00e1cio Lula da Silva (PT) desde o in\u00edcio do mandato.<br>O adiamento foi acertado em meio a uma intensa press\u00e3o da sociedade civil, especialmente os religiosos, que veem no texto relatado por Orlando Silva (PCdoB-SP) margem para poss\u00edvel censura no Brasil.<\/p>\n\n\n\n<div class=\"wp-block-image\"><figure class=\"aligncenter size-large is-resized\"><img loading=\"lazy\" decoding=\"async\" src=\"https:\/\/jornalfatosenoticias.com.br\/wp-content\/uploads\/2023\/03\/nova-logo-Marquetti.jpg\" alt=\"\" class=\"wp-image-40207\" width=\"334\" height=\"224\" srcset=\"https:\/\/jornalfatosenoticias.com.br\/wp-content\/uploads\/2023\/03\/nova-logo-Marquetti.jpg 643w, https:\/\/jornalfatosenoticias.com.br\/wp-content\/uploads\/2023\/03\/nova-logo-Marquetti-300x202.jpg 300w\" sizes=\"auto, (max-width: 334px) 100vw, 334px\" \/><\/figure><\/div>\n\n\n\n<p>Mais cedo, o pr\u00f3prio presidente da C\u00e2mara havia dito que s\u00f3 manteria o PL em pauta se houvesse apoio suficiente para aprov\u00e1-lo. Isso indica que, como houve adiamento, \u00e9 porque Lira n\u00e3o estava seguro de sua chancela no plen\u00e1rio.<br>A urg\u00eancia do PL da Censura foi aprovada na semana passada por 238 votos a favor e 192 contra. Apesar disso, a resist\u00eancia ao projeto foi crescente nos \u00faltimos dias. No plen\u00e1rio, \u00e9 preciso ter ao menos 257 votos favor\u00e1veis para que o texto seja encaminhado ao Senado.<\/p>\n\n\n\n<div class=\"wp-block-image\"><figure class=\"aligncenter size-large is-resized\"><img loading=\"lazy\" decoding=\"async\" src=\"https:\/\/jornalfatosenoticias.com.br\/wp-content\/uploads\/2020\/02\/casa-do-torresmo_portal.jpg\" alt=\"\" class=\"wp-image-34472\" width=\"287\" height=\"287\" srcset=\"https:\/\/jornalfatosenoticias.com.br\/wp-content\/uploads\/2020\/02\/casa-do-torresmo_portal.jpg 300w, https:\/\/jornalfatosenoticias.com.br\/wp-content\/uploads\/2020\/02\/casa-do-torresmo_portal-150x150.jpg 150w\" sizes=\"auto, (max-width: 287px) 100vw, 287px\" \/><\/figure><\/div>\n\n\n\n<hr class=\"wp-block-separator\"\/>\n\n\n\n<h3 class=\"wp-block-heading\"><strong><span class=\"has-inline-color has-black-color\">Para Jorge Seif, &#8216;PL das Fake News&#8217; \u00e9 retrocesso<\/span><\/strong><\/h3>\n\n\n\n<div class=\"wp-block-image\"><figure class=\"aligncenter size-large\"><img loading=\"lazy\" decoding=\"async\" width=\"860\" height=\"570\" src=\"https:\/\/jornalfatosenoticias.com.br\/wp-content\/uploads\/2023\/05\/jorge-seif.jpg\" alt=\"\" class=\"wp-image-41157\" srcset=\"https:\/\/jornalfatosenoticias.com.br\/wp-content\/uploads\/2023\/05\/jorge-seif.jpg 860w, https:\/\/jornalfatosenoticias.com.br\/wp-content\/uploads\/2023\/05\/jorge-seif-300x199.jpg 300w, https:\/\/jornalfatosenoticias.com.br\/wp-content\/uploads\/2023\/05\/jorge-seif-768x509.jpg 768w\" sizes=\"auto, (max-width: 860px) 100vw, 860px\" \/><figcaption><em><span class=\"has-inline-color has-black-color\">(Foto: Waldemir Barreto\/Ag\u00eancia Senado)<\/span><\/em><\/figcaption><\/figure><\/div>\n\n\n\n<p>Em pronunciamento em Plen\u00e1rio na ter\u00e7a-feira (2), o senador Jorge Seif (PL-SC) manifestou-se contrariamente ao Projeto de Lei das Fake News (PL 2.630\/2020). Seif afirmou que as m\u00eddias sociais permitem o contato direto do pol\u00edtico com seus eleitores. Para ele, o projeto \u00e9 um \u201cretrocesso\u201d e um risco, porque pode trazer de volta o monop\u00f3lio da m\u00eddia tradicional, tirando a voz do povo.<\/p>\n\n\n\n<div class=\"wp-block-image\"><figure class=\"aligncenter size-large is-resized\"><img loading=\"lazy\" decoding=\"async\" src=\"https:\/\/jornalfatosenoticias.com.br\/wp-content\/uploads\/2022\/07\/Logo-Grupo-SEI.jpg\" alt=\"\" class=\"wp-image-31973\" width=\"335\" height=\"176\" srcset=\"https:\/\/jornalfatosenoticias.com.br\/wp-content\/uploads\/2022\/07\/Logo-Grupo-SEI.jpg 713w, https:\/\/jornalfatosenoticias.com.br\/wp-content\/uploads\/2022\/07\/Logo-Grupo-SEI-300x158.jpg 300w\" sizes=\"auto, (max-width: 335px) 100vw, 335px\" \/><\/figure><\/div>\n\n\n\n<blockquote class=\"wp-block-quote is-layout-flow wp-block-quote-is-layout-flow\"><p><span class=\"has-inline-color has-luminous-vivid-orange-color\">N\u00e3o precisamos de nenhum novo marco legal e de nenhuma nova lei para maquiar uma censura, uma morda\u00e7a na nossa popula\u00e7\u00e3o, que quer, sim, se manifestar, elogiar, criticar, pontuar, dar feedback para n\u00f3s, enquanto homens p\u00fablicos, das nossas atua\u00e7\u00f5es como parlamentares, como presidente, como prefeitos e como governadores\u201d, defendeu.<\/span><\/p><\/blockquote>\n\n\n\n<p>Segundo o senador, o C\u00f3digo Penal e as demais leis j\u00e1 preveem tipifica\u00e7\u00e3o penal contra cal\u00fania, inj\u00faria e difama\u00e7\u00e3o. Portanto, disse Seif, n\u00e3o h\u00e1 que se falar em reformula\u00e7\u00e3o e no cerceamento da liberdade de express\u00e3o nas redes sociais, &#8220;que trouxeram a democratiza\u00e7\u00e3o da voz do povo, da popula\u00e7\u00e3o, e n\u00e3o s\u00f3 no Brasil, mas em todo o mundo&#8221;, afirmou.<\/p>\n\n\n\n<div class=\"wp-block-image\"><figure class=\"aligncenter size-large is-resized\"><img loading=\"lazy\" decoding=\"async\" src=\"https:\/\/jornalfatosenoticias.com.br\/wp-content\/uploads\/2022\/10\/Arte-jornal-Zucchi-600x600_Prancheta-1-1024x1024.jpg\" alt=\"\" class=\"wp-image-34782\" width=\"297\" height=\"297\" srcset=\"https:\/\/jornalfatosenoticias.com.br\/wp-content\/uploads\/2022\/10\/Arte-jornal-Zucchi-600x600_Prancheta-1-1024x1024.jpg 1024w, https:\/\/jornalfatosenoticias.com.br\/wp-content\/uploads\/2022\/10\/Arte-jornal-Zucchi-600x600_Prancheta-1-300x300.jpg 300w, https:\/\/jornalfatosenoticias.com.br\/wp-content\/uploads\/2022\/10\/Arte-jornal-Zucchi-600x600_Prancheta-1-150x150.jpg 150w, https:\/\/jornalfatosenoticias.com.br\/wp-content\/uploads\/2022\/10\/Arte-jornal-Zucchi-600x600_Prancheta-1-768x768.jpg 768w, https:\/\/jornalfatosenoticias.com.br\/wp-content\/uploads\/2022\/10\/Arte-jornal-Zucchi-600x600_Prancheta-1.jpg 1250w\" sizes=\"auto, (max-width: 297px) 100vw, 297px\" \/><\/figure><\/div>\n\n\n\n<hr class=\"wp-block-separator\"\/>\n\n\n\n<p><span class=\"has-inline-color has-black-color\"><strong>Bolsonaro vira primeiro ex-presidente a ser alvo da PF n\u00e3o por corrup\u00e7\u00e3o<br><\/strong><em>Direitista sofreu busca e apreens\u00e3o por suposta falsifica\u00e7\u00e3o do cart\u00e3o de vacina\u00e7\u00e3o.<br>Por<\/em><strong><em> Marcos Rocha<\/em><\/strong><\/span><\/p>\n\n\n\n<div class=\"wp-block-image\"><figure class=\"aligncenter size-large\"><img loading=\"lazy\" decoding=\"async\" width=\"750\" height=\"375\" src=\"https:\/\/jornalfatosenoticias.com.br\/wp-content\/uploads\/2023\/05\/Bolsonaro-523-B.jpg\" alt=\"\" class=\"wp-image-41156\" srcset=\"https:\/\/jornalfatosenoticias.com.br\/wp-content\/uploads\/2023\/05\/Bolsonaro-523-B.jpg 750w, https:\/\/jornalfatosenoticias.com.br\/wp-content\/uploads\/2023\/05\/Bolsonaro-523-B-300x150.jpg 300w\" sizes=\"auto, (max-width: 750px) 100vw, 750px\" \/><figcaption><em><span class=\"has-inline-color has-black-color\">(Foto: Washington Costa\/Min. da Economia)<\/span><\/em><\/figcaption><\/figure><\/div>\n\n\n\n<p>A motiva\u00e7\u00e3o da opera\u00e7\u00e3o deflagrada pela Pol\u00edcia Federal (PF) contra Jair Bolsonaro (PL) nesta quarta-feira (3) \u00e9 in\u00e9dita na hist\u00f3ria brasileira. Conforme noticiado pelo Conex\u00e3o Pol\u00edtica, o ex-presidente da Rep\u00fablica foi alvo de um mandado de busca e apreens\u00e3o. Na ocasi\u00e3o, o celular de Bolsonaro foi recolhido pela PF.<\/p>\n\n\n\n<div class=\"wp-block-image\"><figure class=\"aligncenter size-large\"><img loading=\"lazy\" decoding=\"async\" width=\"300\" height=\"250\" src=\"https:\/\/jornalfatosenoticias.com.br\/wp-content\/uploads\/2022\/02\/FERRARI_MAQUINAS-E-FERRAMENTAS2.jpg\" alt=\"\" class=\"wp-image-27860\"\/><\/figure><\/div>\n\n\n\n<p>\u00c9 a primeira vez que um ex-chefe do Pal\u00e1cio do Planalto \u00e9 alvo de uma for\u00e7a-tarefa n\u00e3o por corrup\u00e7\u00e3o passiva ou ativa, mas por supostamente ter havido uma falsifica\u00e7\u00e3o em seu cart\u00e3o de vacina.<br>A busca foi autorizada pelo ministro Alexandre de Moraes, do Supremo Tribunal Federal (STF). Na decis\u00e3o, ele alega suposta \u201cadultera\u00e7\u00e3o\u201d de documento p\u00fablico para justificar a medida.<\/p>\n\n\n\n<div class=\"wp-block-image\"><figure class=\"aligncenter size-large\"><img loading=\"lazy\" decoding=\"async\" width=\"300\" height=\"250\" src=\"https:\/\/jornalfatosenoticias.com.br\/wp-content\/uploads\/2022\/08\/arte-Casarao.jpg\" alt=\"\" class=\"wp-image-33178\"\/><\/figure><\/div>\n\n\n\n<p>Em 2016, o ent\u00e3o ex-presidente Luiz In\u00e1cio Lula da Silva (PT) tornou-se o primeiro ex-mandat\u00e1rio a ser alvo das autoridades policiais por suspeitas de pr\u00e1ticas de corrup\u00e7\u00e3o. Em 2019, foi a vez de Michel Temer (MDB) responder a processos criminais sob a mesma acusa\u00e7\u00e3o. O emedebista chegou a ficar preso, mas foi solto posteriormente.<br>Os casos de corrup\u00e7\u00e3o revelados na Opera\u00e7\u00e3o Lava Jato tamb\u00e9m foram respons\u00e1veis por suspeitas contra outros ex-ocupantes do Planalto, como Fernando Collor, Jos\u00e9 Sarney e Dilma Rousseff.<\/p>\n\n\n\n<div class=\"wp-block-image\"><figure class=\"aligncenter size-large\"><img decoding=\"async\" src=\"https:\/\/jornalfatosenoticias.com.br\/wp-content\/uploads\/2020\/02\/barao-das-carnes-300x164-1.jpg\" alt=\"\" class=\"wp-image-34339\"\/><\/figure><\/div>\n\n\n\n<hr class=\"wp-block-separator\"\/>\n\n\n\n<p><span class=\"has-inline-color has-black-color\"><strong>Deputado do PT erra e diz que \u2018Elon Murchen\u2019 comprou rede social para \u2018brincar\u2019<br><\/strong><\/span><em><span class=\"has-inline-color has-black-color\">Por<strong> Raul Holderf Nascimento<\/strong><\/span><\/em><\/p>\n\n\n\n<div class=\"wp-block-image\"><figure class=\"aligncenter size-large\"><img loading=\"lazy\" decoding=\"async\" width=\"750\" height=\"375\" src=\"https:\/\/jornalfatosenoticias.com.br\/wp-content\/uploads\/2023\/05\/Paulao-PT-523-M-523.png\" alt=\"\" class=\"wp-image-41155\" srcset=\"https:\/\/jornalfatosenoticias.com.br\/wp-content\/uploads\/2023\/05\/Paulao-PT-523-M-523.png 750w, https:\/\/jornalfatosenoticias.com.br\/wp-content\/uploads\/2023\/05\/Paulao-PT-523-M-523-300x150.png 300w\" sizes=\"auto, (max-width: 750px) 100vw, 750px\" \/><figcaption><em><span class=\"has-inline-color has-black-color\">(Foto: Zeca Ribeiro\/C\u00e2mara dos Deputados)<\/span><\/em><\/figcaption><\/figure><\/div>\n\n\n\n<p>Nesta ter\u00e7a-feira (2), o deputado Paul\u00e3o, do PT-AL, discursou em defesa do PL2630, o \u2018PL da Censura\u2019, e fez algumas cita\u00e7\u00f5es sobre o tema. Ao citar sobre a recente aquisi\u00e7\u00e3o do empres\u00e1rio Elon Musk, ele chamou o bilion\u00e1rio de <em><span class=\"has-inline-color has-vivid-red-color\">\u2018<strong>Elon Murchen\u2019,<\/strong> <\/span><\/em>errando o nome do magnata.<br>Segundo o parlamentar, Musk comprou o Twitter para \u2018brincar\u2019 com a comunica\u00e7\u00e3o. O petista diz que o avan\u00e7o do \u2018PL da Censura\u2019 \u00e9 necess\u00e1rio para o pa\u00eds, considerando que o poder das big techs representam perigo para a sociedade.<\/p>\n\n\n\n<div class=\"wp-block-image\"><figure class=\"aligncenter size-large is-resized\"><img loading=\"lazy\" decoding=\"async\" src=\"https:\/\/jornalfatosenoticias.com.br\/wp-content\/uploads\/2022\/10\/RC_800x750_page-0001.jpg\" alt=\"\" class=\"wp-image-35338\" width=\"292\" height=\"273\" srcset=\"https:\/\/jornalfatosenoticias.com.br\/wp-content\/uploads\/2022\/10\/RC_800x750_page-0001.jpg 400w, https:\/\/jornalfatosenoticias.com.br\/wp-content\/uploads\/2022\/10\/RC_800x750_page-0001-300x281.jpg 300w\" sizes=\"auto, (max-width: 292px) 100vw, 292px\" \/><\/figure><\/div>\n\n\n\n<hr class=\"wp-block-separator\"\/>\n\n\n\n<p><span class=\"has-inline-color has-black-color\"><strong>PF faz buscas na casa de Bolsonaro; ex-assessor do ex-presidente \u00e9 preso<br><\/strong>Por <strong>Gazeta do Povo<\/strong><\/span><\/p>\n\n\n\n<div class=\"wp-block-image\"><figure class=\"aligncenter size-large\"><img loading=\"lazy\" decoding=\"async\" width=\"960\" height=\"540\" src=\"https:\/\/jornalfatosenoticias.com.br\/wp-content\/uploads\/2023\/05\/Bolsonaro-PPP-523.jpg\" alt=\"\" class=\"wp-image-41154\" srcset=\"https:\/\/jornalfatosenoticias.com.br\/wp-content\/uploads\/2023\/05\/Bolsonaro-PPP-523.jpg 960w, https:\/\/jornalfatosenoticias.com.br\/wp-content\/uploads\/2023\/05\/Bolsonaro-PPP-523-300x169.jpg 300w, https:\/\/jornalfatosenoticias.com.br\/wp-content\/uploads\/2023\/05\/Bolsonaro-PPP-523-768x432.jpg 768w\" sizes=\"auto, (max-width: 960px) 100vw, 960px\" \/><figcaption><em><span class=\"has-inline-color has-black-color\">(Foto: Reprodu\u00e7\u00e3o\/Redes Sociais)<\/span><\/em><\/figcaption><\/figure><\/div>\n\n\n\n<p>A Pol\u00edcia Federal executou nesta quarta-feira (3) um mandado de busca e apreens\u00e3o na casa do ex-presidente Jair Bolsonaro (PL), como parte de uma opera\u00e7\u00e3o que investiga um grupo suspeito de inserir dados falsos de vacina\u00e7\u00e3o contra a covid-19 nos sistemas do Minist\u00e9rio da Sa\u00fade. Um celular de Bolsonaro foi levado pela PF. Na mesma opera\u00e7\u00e3o, batizada de &#8220;Venire&#8221;, o tenente-coronel Mauro Cid, ex-assessor do ex-presidente no Pal\u00e1cio do Planalto, foi preso.<\/p>\n\n\n\n<div class=\"wp-block-image\"><figure class=\"aligncenter size-large is-resized\"><img loading=\"lazy\" decoding=\"async\" src=\"https:\/\/jornalfatosenoticias.com.br\/wp-content\/uploads\/2020\/02\/logo-embacia.jpg\" alt=\"\" class=\"wp-image-33905\" width=\"270\" height=\"270\"\/><\/figure><\/div>\n\n\n\n<p>No total, foram cumpridos seis mandados de pris\u00e3o preventiva e 16 de busca e apreens\u00e3o em Bras\u00edlia e no Rio de Janeiro. Al\u00e9m de Mauro Cid, foram detidos os assessores Max Guilherme de Moura e S\u00e9rgio Rocha Cordeiro, al\u00e9m do secret\u00e1rio municipal de Governo da cidade de Duque de Caxias (RJ), Jo\u00e3o Carlos de Sousa Brecha.<br>Segundo a PF, as informa\u00e7\u00f5es falsas investigadas nesta opera\u00e7\u00e3o foram inseridas nos sistemas entre os meses de novembro de 2021 e dezembro de 2022, e tiveram como consequ\u00eancia a \u201caltera\u00e7\u00e3o da verdade sobre fato juridicamente relevante, qual seja, a condi\u00e7\u00e3o de imunizado contra a Covid-19 dos benefici\u00e1rios\u201d.<\/p>\n\n\n\n<div class=\"wp-block-image\"><figure class=\"aligncenter size-large is-resized\"><img loading=\"lazy\" decoding=\"async\" src=\"https:\/\/jornalfatosenoticias.com.br\/wp-content\/uploads\/2023\/03\/logo-Panper_portal.jpg\" alt=\"\" class=\"wp-image-40208\" width=\"303\" height=\"210\" srcset=\"https:\/\/jornalfatosenoticias.com.br\/wp-content\/uploads\/2023\/03\/logo-Panper_portal.jpg 400w, https:\/\/jornalfatosenoticias.com.br\/wp-content\/uploads\/2023\/03\/logo-Panper_portal-300x208.jpg 300w\" sizes=\"auto, (max-width: 303px) 100vw, 303px\" \/><\/figure><\/div>\n\n\n\n<p>De acordo com a Pol\u00edcia Federal, os alvos da opera\u00e7\u00e3o alteravam as informa\u00e7\u00f5es para emitir certificados de vacina\u00e7\u00e3o e utiliz\u00e1-los para burlar \u201crestri\u00e7\u00f5es sanit\u00e1rias vigentes imposta pelos poderes p\u00fablicos (Brasil e Estados Unidos) destinadas a impedir a propaga\u00e7\u00e3o de doen\u00e7a contagiosa, no caso, a pandemia de covid-19\u201d.<br>A PF tamb\u00e9m afirma que o grupo tinha como objetivo \u201cmanter coeso o elemento identit\u00e1rio em rela\u00e7\u00e3o a suas pautas ideol\u00f3gicas, no caso, sustentar o discurso voltado aos ataques \u00e0 vacina\u00e7\u00e3o contra a covid-19\u201d.<\/p>\n\n\n\n<div class=\"wp-block-image\"><figure class=\"aligncenter size-large\"><img loading=\"lazy\" decoding=\"async\" width=\"300\" height=\"250\" src=\"https:\/\/jornalfatosenoticias.com.br\/wp-content\/uploads\/2022\/02\/Banner-2.png\" alt=\"\" class=\"wp-image-27877\"\/><\/figure><\/div>\n\n\n\n<p>Entre os crimes apurados pelas investiga\u00e7\u00f5es da opera\u00e7\u00e3o deflagrada nesta quarta, segundo a PF, est\u00e3o o de infra\u00e7\u00e3o de medida sanit\u00e1ria preventiva, associa\u00e7\u00e3o criminosa, inser\u00e7\u00e3o de dados falsos em sistemas de informa\u00e7\u00e3o e corrup\u00e7\u00e3o de menores.<br>As a\u00e7\u00f5es ocorrem no \u00e2mbito do inqu\u00e9rito policial que apura a atua\u00e7\u00e3o do que seria uma \u201cmil\u00edcia digital\u201d em um inqu\u00e9rito no Supremo Tribunal Federal aberto em 2021 pelo ministro Alexandre de Moraes. A Pol\u00edcia Federal foi procurada para explicar a opera\u00e7\u00e3o, mas afirmou que n\u00e3o vai comentar o cumprimento dos mandados.<\/p>\n\n\n\n<div class=\"wp-block-image\"><figure class=\"aligncenter size-large is-resized\"><img loading=\"lazy\" decoding=\"async\" src=\"https:\/\/jornalfatosenoticias.com.br\/wp-content\/uploads\/2023\/04\/baile.jpg\" alt=\"\" class=\"wp-image-40627\" width=\"286\" height=\"286\" srcset=\"https:\/\/jornalfatosenoticias.com.br\/wp-content\/uploads\/2023\/04\/baile.jpg 250w, https:\/\/jornalfatosenoticias.com.br\/wp-content\/uploads\/2023\/04\/baile-150x150.jpg 150w\" sizes=\"auto, (max-width: 286px) 100vw, 286px\" \/><\/figure><\/div>\n\n\n\n<hr class=\"wp-block-separator\"\/>\n\n\n\n<p><span class=\"has-inline-color has-black-color\"><strong>EUA n\u00e3o exigiram comprovante de vacina, diz Bolsonaro<br><\/strong>Ex-presidente disse que n\u00e3o fraudou o cart\u00e3o vacinal <\/span><\/p>\n\n\n\n<div class=\"wp-block-image\"><figure class=\"aligncenter size-large\"><img loading=\"lazy\" decoding=\"async\" width=\"1000\" height=\"598\" src=\"https:\/\/jornalfatosenoticias.com.br\/wp-content\/uploads\/2023\/05\/bolsonaro-vacina-523-MMM.png\" alt=\"\" class=\"wp-image-41153\" srcset=\"https:\/\/jornalfatosenoticias.com.br\/wp-content\/uploads\/2023\/05\/bolsonaro-vacina-523-MMM.png 1000w, https:\/\/jornalfatosenoticias.com.br\/wp-content\/uploads\/2023\/05\/bolsonaro-vacina-523-MMM-300x179.png 300w, https:\/\/jornalfatosenoticias.com.br\/wp-content\/uploads\/2023\/05\/bolsonaro-vacina-523-MMM-768x459.png 768w\" sizes=\"auto, (max-width: 1000px) 100vw, 1000px\" \/><figcaption><em><span class=\"has-inline-color has-black-color\">(Foto: Alan Santos\/PR)<\/span><\/em><\/figcaption><\/figure><\/div>\n\n\n\n<p>O ex-presidente Jair Bolsonaro afirmou, na tarde desta quarta-feira (3), que nenhum pa\u00eds para o qual viajou depois do in\u00edcio da pandemia de covid-19 exigiu comprovante de vacina. Em entrevista ao programa P\u00e2nico, da Jovem Pan, ele disse que o tratamento dispensado aos chefes de Estado \u00e9 diferente das exig\u00eancias feitas ao cidad\u00e3o comum. Bolsonaro j\u00e1 tinha comentado a opera\u00e7\u00e3o mais cedo.<\/p>\n\n\n\n<div class=\"wp-block-image\"><figure class=\"aligncenter size-large\"><img decoding=\"async\" src=\"https:\/\/jornalfatosenoticias.com.br\/wp-content\/uploads\/2020\/02\/logo_esteio.jpg\" alt=\"\" class=\"wp-image-1214\"\/><\/figure><\/div>\n\n\n\n<p>Ele afirmou que em uma viagem para a Europa (n\u00e3o se recordava o pa\u00eds), quando foi informado de que teria de apresentar comprovante de vacina, declinou. Mas, depois de uma nova consulta, foi informado de que estava dispensado e embarcou. \u201cDas vezes que viajei pelo mundo, uma vez foi para It\u00e1lia, se n\u00e3o me engano, perguntei para a assessoria se era exigida a vacina. Eles falaram \u2018sim\u2019. Da\u00ed eu falei: \u2018Se \u00e9 sim, eu n\u00e3o viajo\u2019. Da\u00ed veio a resposta oficial de que eu estava dispensado da vacina\u201d.<br>Em seguida, Bolsonaro acrescentou: \u201cO tratamento dispensado a chefes de Estado \u00e9 diferente de cidad\u00e3o comum. Tudo \u00e9 acertado antecipadamente e as minhas idas aos EUA em nenhum momento foi exigido o cart\u00e3o vacinal. N\u00e3o existe fraude da minha parte.\u201d Uma das viagens aos Estados Unidos foi para participar da Assembleia Geral das Na\u00e7\u00f5es Unidas, em setembro de 2021.<\/p>\n\n\n\n<div class=\"wp-block-image\"><figure class=\"aligncenter size-large\"><img loading=\"lazy\" decoding=\"async\" width=\"300\" height=\"222\" src=\"https:\/\/jornalfatosenoticias.com.br\/wp-content\/uploads\/2023\/03\/logo_Juliana-Graca.jpg\" alt=\"\" class=\"wp-image-39283\"\/><\/figure><\/div>\n\n\n\n<hr class=\"wp-block-separator\"\/>\n\n\n\n<h3 class=\"wp-block-heading\"><strong><span class=\"has-inline-color has-black-color\">Michelle Bolsonaro passou mal com vacina da Janssen<\/span><\/strong><\/h3>\n\n\n\n<div class=\"wp-block-image\"><figure class=\"aligncenter size-large\"><img loading=\"lazy\" decoding=\"async\" width=\"1000\" height=\"666\" src=\"https:\/\/jornalfatosenoticias.com.br\/wp-content\/uploads\/2023\/05\/michelle-bolsonaro.jpg\" alt=\"\" class=\"wp-image-41152\" srcset=\"https:\/\/jornalfatosenoticias.com.br\/wp-content\/uploads\/2023\/05\/michelle-bolsonaro.jpg 1000w, https:\/\/jornalfatosenoticias.com.br\/wp-content\/uploads\/2023\/05\/michelle-bolsonaro-300x200.jpg 300w, https:\/\/jornalfatosenoticias.com.br\/wp-content\/uploads\/2023\/05\/michelle-bolsonaro-768x511.jpg 768w\" sizes=\"auto, (max-width: 1000px) 100vw, 1000px\" \/><figcaption><em><span class=\"has-inline-color has-black-color\">(Foto: Foto Arena\/Estad\u00e3o Conte\u00fado)<\/span><\/em><\/figcaption><\/figure><\/div>\n\n\n\n<div class=\"wp-block-image\"><figure class=\"aligncenter size-large\"><img loading=\"lazy\" decoding=\"async\" width=\"1024\" height=\"99\" src=\"https:\/\/jornalfatosenoticias.com.br\/wp-content\/uploads\/2020\/02\/Logo-Mizu-segunda-2-1024x99.png\" alt=\"\" class=\"wp-image-2353\" srcset=\"https:\/\/jornalfatosenoticias.com.br\/wp-content\/uploads\/2020\/02\/Logo-Mizu-segunda-2-1024x99.png 1024w, https:\/\/jornalfatosenoticias.com.br\/wp-content\/uploads\/2020\/02\/Logo-Mizu-segunda-2-300x29.png 300w, https:\/\/jornalfatosenoticias.com.br\/wp-content\/uploads\/2020\/02\/Logo-Mizu-segunda-2-768x74.png 768w, https:\/\/jornalfatosenoticias.com.br\/wp-content\/uploads\/2020\/02\/Logo-Mizu-segunda-2.png 1240w\" sizes=\"auto, (max-width: 1024px) 100vw, 1024px\" \/><\/figure><\/div>\n\n\n\n<p>O ex-presidente tamb\u00e9m relatou que a ex-primeira-dama Michelle Bolsonaro se vacinou contra a covid em 2021, nos Estados Unidos, com o imunizante da Janssen, e que, em decorr\u00eancia da vacina, passou mal. \u201cPassou mal logo na volta ao Brasil. No ano passado, voltou a ter uma crise e o m\u00e9dico falou que era por causa da vacina\u201d.<br>Visivelmente emocionado, Bolsonaro disse que os agentes da Pol\u00edcia Federal tiraram foto de seu cart\u00e3o de vacina\u00e7\u00e3o e de Michelle. \u201cAcharam o cart\u00e3o da minha esposa, a Michelle, tiraram a fotografia\u201d.<\/p>\n\n\n\n<div class=\"wp-block-image\"><figure class=\"aligncenter size-large is-resized\"><img loading=\"lazy\" decoding=\"async\" src=\"https:\/\/jornalfatosenoticias.com.br\/wp-content\/uploads\/2023\/04\/Logo_MasterMind.jpg\" alt=\"\" class=\"wp-image-40974\" width=\"304\" height=\"221\"\/><\/figure><\/div>\n\n\n\n<hr class=\"wp-block-separator\"\/>\n\n\n\n<h3 class=\"wp-block-heading\"><strong><span class=\"has-inline-color has-black-color\">Filha de Bolsonaro tem atestado m\u00e9dico para n\u00e3o tomar vacina<\/span><\/strong><\/h3>\n\n\n\n<div class=\"wp-block-image\"><figure class=\"aligncenter size-large\"><img loading=\"lazy\" decoding=\"async\" width=\"1024\" height=\"683\" src=\"https:\/\/jornalfatosenoticias.com.br\/wp-content\/uploads\/2023\/05\/LAURA-VACINA-1024x683.jpg\" alt=\"\" class=\"wp-image-41151\" srcset=\"https:\/\/jornalfatosenoticias.com.br\/wp-content\/uploads\/2023\/05\/LAURA-VACINA-1024x683.jpg 1024w, https:\/\/jornalfatosenoticias.com.br\/wp-content\/uploads\/2023\/05\/LAURA-VACINA-300x200.jpg 300w, https:\/\/jornalfatosenoticias.com.br\/wp-content\/uploads\/2023\/05\/LAURA-VACINA-768x512.jpg 768w, https:\/\/jornalfatosenoticias.com.br\/wp-content\/uploads\/2023\/05\/LAURA-VACINA-1536x1024.jpg 1536w, https:\/\/jornalfatosenoticias.com.br\/wp-content\/uploads\/2023\/05\/LAURA-VACINA-2048x1365.jpg 2048w\" sizes=\"auto, (max-width: 1024px) 100vw, 1024px\" \/><figcaption><em><span class=\"has-inline-color has-black-color\">(Foto: AFP)<\/span><\/em><\/figcaption><\/figure><\/div>\n\n\n\n<p>Sobre a suposta fraude no cart\u00e3o de Laura Bolsonaro, hoje com 12 anos, o ex-presidente afirmou que ela tem um atestado m\u00e9dico que a exime de ser vacinada. Bolsonaro contou que quando a vacina para crian\u00e7as de cinco a 11 anos foi liberada ligou para a Ag\u00eancia Nacional de Vigil\u00e2ncia Sanit\u00e1ria (Anvisa) para questionar sobre os efeitos colaterais.<\/p>\n\n\n\n<div class=\"wp-block-image\"><figure class=\"aligncenter size-large is-resized\"><img loading=\"lazy\" decoding=\"async\" src=\"https:\/\/jornalfatosenoticias.com.br\/wp-content\/uploads\/2022\/02\/Precisao-Contabilidade-1024x724.jpg\" alt=\"\" class=\"wp-image-28088\" width=\"319\" height=\"226\"\/><\/figure><\/div>\n\n\n\n<blockquote class=\"wp-block-quote is-layout-flow wp-block-quote-is-layout-flow\"><p><span class=\"has-inline-color has-luminous-vivid-orange-color\">Quando foi liberada a vacina para crian\u00e7as de cinco a 11 anos, liguei para a Anvisa e falei: \u2018Mas aqui est\u00e1 como poss\u00edveis efeitos colaterais, entre outros, palpita\u00e7\u00e3o, dor no peito e falta de ar\u201d, contou. Diante da resposta inconclusiva, de que neste caso, se surgissem os efeitos colaterais, deveria procurar um m\u00e9dico, Bolsonaro disse que preferiu n\u00e3o vacinar Laura. \u201cEnt\u00e3o a minha filha n\u00e3o vai tomar a vacina porque ainda \u00e9 experimental. E minha filha atualmente tem um atestado m\u00e9dico e est\u00e1 dispensada de tomar a vacina\u201d.<\/span><\/p><\/blockquote>\n\n\n\n<div class=\"wp-block-image\"><figure class=\"aligncenter size-large\"><img loading=\"lazy\" decoding=\"async\" width=\"300\" height=\"270\" src=\"https:\/\/jornalfatosenoticias.com.br\/wp-content\/uploads\/2023\/03\/Crypton-1000-\u00d7-900-px-300x270-1.png\" alt=\"\" class=\"wp-image-40206\"\/><\/figure><\/div>\n\n\n\n<p>Na entrevista, Bolsonaro disse ainda que os policiais federais, na opera\u00e7\u00e3o deflagrada nesta quarta-feira (3), foram corteses e n\u00e3o houve qualquer exagero ou abuso na conduta dos agentes. O tenente-coronel Mauro Cid, ex-ajudante de ordens de Bolsonaro, foi preso por supostamente atuar em fraudes em cart\u00f5es de vacina. As ordens de busca e apreens\u00e3o na casa do ex-presidente e de pris\u00e3o de Cid e das outras pessoas presas foram expedidas pelo ministro Alexandre de Moraes, do Supremo Tribunal Federal.<\/p>\n","protected":false},"excerpt":{"rendered":"<p>C\u00e2mara adia vota\u00e7\u00e3o do \u2018PL da Censura\u2019 para evitar derrota do governoProjeto \u00e9 alvo de press\u00e3o popular e tem sido a maior aposta legislativa de Lula neste terceiro mandato Por Marcos Rocha O presidente da C\u00e2mara, Arthur Lira (PP-AL), retirou da pauta de vota\u00e7\u00e3o o Projeto de Lei (PL) 2630, tamb\u00e9m chamado de PL da [&hellip;]<\/p>\n","protected":false},"author":3,"featured_media":41158,"comment_status":"open","ping_status":"open","sticky":false,"template":"","format":"standard","meta":{"footnotes":""},"categories":[10],"tags":[239,19293,732,18751,2026,19294,19194],"class_list":["post-41150","post","type-post","status-publish","format-standard","has-post-thumbnail","hentry","category-politica","tag-bolsonaro","tag-censura-previa","tag-fake-news","tag-ilegalidade","tag-pf","tag-pl-da-censura","tag-pl-das-fake-news"],"yoast_head":"<!-- This site is optimized with the Yoast SEO plugin v26.5 - https:\/\/yoast.com\/wordpress\/plugins\/seo\/ -->\n<title>A Semana em Bras\u00edlia e no ES - Jornal Fatos e Not\u00edcias<\/title>\n<meta name=\"robots\" content=\"index, follow, max-snippet:-1, max-image-preview:large, max-video-preview:-1\" \/>\n<link rel=\"canonical\" href=\"https:\/\/jornalfatosenoticias.com.br\/index.php\/2023\/05\/04\/a-semana-em-brasilia-e-no-es-5\/\" \/>\n<meta property=\"og:locale\" content=\"pt_BR\" \/>\n<meta property=\"og:type\" content=\"article\" \/>\n<meta property=\"og:title\" content=\"A Semana em Bras\u00edlia e no ES - Jornal Fatos e Not\u00edcias\" \/>\n<meta property=\"og:description\" content=\"C\u00e2mara adia vota\u00e7\u00e3o do \u2018PL da Censura\u2019 para evitar derrota do governoProjeto \u00e9 alvo de press\u00e3o popular e tem sido a maior aposta legislativa de Lula neste terceiro mandato Por Marcos Rocha O presidente da C\u00e2mara, Arthur Lira (PP-AL), retirou da pauta de vota\u00e7\u00e3o o Projeto de Lei (PL) 2630, tamb\u00e9m chamado de PL da [&hellip;]\" \/>\n<meta property=\"og:url\" content=\"https:\/\/jornalfatosenoticias.com.br\/index.php\/2023\/05\/04\/a-semana-em-brasilia-e-no-es-5\/\" \/>\n<meta property=\"og:site_name\" content=\"Jornal Fatos e Not\u00edcias\" \/>\n<meta property=\"article:published_time\" content=\"2023-05-04T21:34:10+00:00\" \/>\n<meta property=\"article:modified_time\" content=\"2023-05-04T21:34:11+00:00\" \/>\n<meta property=\"og:image\" content=\"https:\/\/jornalfatosenoticias.com.br\/wp-content\/uploads\/2023\/05\/ARTHUR-LIRA.jpg\" \/>\n\t<meta property=\"og:image:width\" content=\"750\" \/>\n\t<meta property=\"og:image:height\" content=\"375\" \/>\n\t<meta property=\"og:image:type\" content=\"image\/jpeg\" \/>\n<meta name=\"author\" content=\"Haroldo Filho\" \/>\n<meta name=\"twitter:card\" content=\"summary_large_image\" \/>\n<meta name=\"twitter:label1\" content=\"Escrito por\" \/>\n\t<meta name=\"twitter:data1\" content=\"Haroldo Filho\" \/>\n\t<meta name=\"twitter:label2\" content=\"Est. tempo de leitura\" \/>\n\t<meta name=\"twitter:data2\" content=\"9 minutos\" \/>\n<script type=\"application\/ld+json\" class=\"yoast-schema-graph\">{\"@context\":\"https:\/\/schema.org\",\"@graph\":[{\"@type\":\"Article\",\"@id\":\"https:\/\/jornalfatosenoticias.com.br\/index.php\/2023\/05\/04\/a-semana-em-brasilia-e-no-es-5\/#article\",\"isPartOf\":{\"@id\":\"https:\/\/jornalfatosenoticias.com.br\/index.php\/2023\/05\/04\/a-semana-em-brasilia-e-no-es-5\/\"},\"author\":{\"name\":\"Haroldo Filho\",\"@id\":\"https:\/\/jornalfatosenoticias.com.br\/#\/schema\/person\/05c46cc25b42a5c27e004fb0fa6b4965\"},\"headline\":\"A Semana em Bras\u00edlia e no ES\",\"datePublished\":\"2023-05-04T21:34:10+00:00\",\"dateModified\":\"2023-05-04T21:34:11+00:00\",\"mainEntityOfPage\":{\"@id\":\"https:\/\/jornalfatosenoticias.com.br\/index.php\/2023\/05\/04\/a-semana-em-brasilia-e-no-es-5\/\"},\"wordCount\":1837,\"commentCount\":0,\"publisher\":{\"@id\":\"https:\/\/jornalfatosenoticias.com.br\/#organization\"},\"image\":{\"@id\":\"https:\/\/jornalfatosenoticias.com.br\/index.php\/2023\/05\/04\/a-semana-em-brasilia-e-no-es-5\/#primaryimage\"},\"thumbnailUrl\":\"https:\/\/jornalfatosenoticias.com.br\/wp-content\/uploads\/2023\/05\/ARTHUR-LIRA.jpg\",\"keywords\":[\"Bolsonaro\",\"censura pr\u00e9via\",\"fake news\",\"ilegalidade\",\"PF\",\"PL da Censura\",\"PL das Fake News\"],\"articleSection\":[\"Pol\u00edtica\"],\"inLanguage\":\"pt-BR\",\"potentialAction\":[{\"@type\":\"CommentAction\",\"name\":\"Comment\",\"target\":[\"https:\/\/jornalfatosenoticias.com.br\/index.php\/2023\/05\/04\/a-semana-em-brasilia-e-no-es-5\/#respond\"]}]},{\"@type\":\"WebPage\",\"@id\":\"https:\/\/jornalfatosenoticias.com.br\/index.php\/2023\/05\/04\/a-semana-em-brasilia-e-no-es-5\/\",\"url\":\"https:\/\/jornalfatosenoticias.com.br\/index.php\/2023\/05\/04\/a-semana-em-brasilia-e-no-es-5\/\",\"name\":\"A Semana em Bras\u00edlia e no ES - Jornal Fatos e Not\u00edcias\",\"isPartOf\":{\"@id\":\"https:\/\/jornalfatosenoticias.com.br\/#website\"},\"primaryImageOfPage\":{\"@id\":\"https:\/\/jornalfatosenoticias.com.br\/index.php\/2023\/05\/04\/a-semana-em-brasilia-e-no-es-5\/#primaryimage\"},\"image\":{\"@id\":\"https:\/\/jornalfatosenoticias.com.br\/index.php\/2023\/05\/04\/a-semana-em-brasilia-e-no-es-5\/#primaryimage\"},\"thumbnailUrl\":\"https:\/\/jornalfatosenoticias.com.br\/wp-content\/uploads\/2023\/05\/ARTHUR-LIRA.jpg\",\"datePublished\":\"2023-05-04T21:34:10+00:00\",\"dateModified\":\"2023-05-04T21:34:11+00:00\",\"breadcrumb\":{\"@id\":\"https:\/\/jornalfatosenoticias.com.br\/index.php\/2023\/05\/04\/a-semana-em-brasilia-e-no-es-5\/#breadcrumb\"},\"inLanguage\":\"pt-BR\",\"potentialAction\":[{\"@type\":\"ReadAction\",\"target\":[\"https:\/\/jornalfatosenoticias.com.br\/index.php\/2023\/05\/04\/a-semana-em-brasilia-e-no-es-5\/\"]}]},{\"@type\":\"ImageObject\",\"inLanguage\":\"pt-BR\",\"@id\":\"https:\/\/jornalfatosenoticias.com.br\/index.php\/2023\/05\/04\/a-semana-em-brasilia-e-no-es-5\/#primaryimage\",\"url\":\"https:\/\/jornalfatosenoticias.com.br\/wp-content\/uploads\/2023\/05\/ARTHUR-LIRA.jpg\",\"contentUrl\":\"https:\/\/jornalfatosenoticias.com.br\/wp-content\/uploads\/2023\/05\/ARTHUR-LIRA.jpg\",\"width\":750,\"height\":375},{\"@type\":\"BreadcrumbList\",\"@id\":\"https:\/\/jornalfatosenoticias.com.br\/index.php\/2023\/05\/04\/a-semana-em-brasilia-e-no-es-5\/#breadcrumb\",\"itemListElement\":[{\"@type\":\"ListItem\",\"position\":1,\"name\":\"In\u00edcio\",\"item\":\"https:\/\/jornalfatosenoticias.com.br\/\"},{\"@type\":\"ListItem\",\"position\":2,\"name\":\"A Semana em Bras\u00edlia e no ES\"}]},{\"@type\":\"WebSite\",\"@id\":\"https:\/\/jornalfatosenoticias.com.br\/#website\",\"url\":\"https:\/\/jornalfatosenoticias.com.br\/\",\"name\":\"Jornal Fatos e Not\u00edcias\",\"description\":\"Not\u00edcias em geral\",\"publisher\":{\"@id\":\"https:\/\/jornalfatosenoticias.com.br\/#organization\"},\"potentialAction\":[{\"@type\":\"SearchAction\",\"target\":{\"@type\":\"EntryPoint\",\"urlTemplate\":\"https:\/\/jornalfatosenoticias.com.br\/?s={search_term_string}\"},\"query-input\":{\"@type\":\"PropertyValueSpecification\",\"valueRequired\":true,\"valueName\":\"search_term_string\"}}],\"inLanguage\":\"pt-BR\"},{\"@type\":\"Organization\",\"@id\":\"https:\/\/jornalfatosenoticias.com.br\/#organization\",\"name\":\"Jornal Fatos e Not\u00edcias\",\"url\":\"https:\/\/jornalfatosenoticias.com.br\/\",\"logo\":{\"@type\":\"ImageObject\",\"inLanguage\":\"pt-BR\",\"@id\":\"https:\/\/jornalfatosenoticias.com.br\/#\/schema\/logo\/image\/\",\"url\":\"https:\/\/jornalfatosenoticias.com.br\/wp-content\/uploads\/2020\/02\/logo120.png\",\"contentUrl\":\"https:\/\/jornalfatosenoticias.com.br\/wp-content\/uploads\/2020\/02\/logo120.png\",\"width\":1227,\"height\":120,\"caption\":\"Jornal Fatos e Not\u00edcias\"},\"image\":{\"@id\":\"https:\/\/jornalfatosenoticias.com.br\/#\/schema\/logo\/image\/\"}},{\"@type\":\"Person\",\"@id\":\"https:\/\/jornalfatosenoticias.com.br\/#\/schema\/person\/05c46cc25b42a5c27e004fb0fa6b4965\",\"name\":\"Haroldo Filho\",\"image\":{\"@type\":\"ImageObject\",\"inLanguage\":\"pt-BR\",\"@id\":\"https:\/\/jornalfatosenoticias.com.br\/#\/schema\/person\/image\/\",\"url\":\"https:\/\/jornalfatosenoticias.com.br\/wp-content\/uploads\/2025\/08\/WhatsApp-Image-2025-08-18-at-15.30.28-150x150.jpeg\",\"contentUrl\":\"https:\/\/jornalfatosenoticias.com.br\/wp-content\/uploads\/2025\/08\/WhatsApp-Image-2025-08-18-at-15.30.28-150x150.jpeg\",\"caption\":\"Haroldo Filho\"},\"description\":\"Jornalista \u2013 DRT: 0003818\/ES Coordenador-geral da ONG Educar para Crescer\",\"url\":\"https:\/\/jornalfatosenoticias.com.br\/index.php\/author\/haroldo\/\"}]}<\/script>\n<!-- \/ Yoast SEO plugin. -->","yoast_head_json":{"title":"A Semana em Bras\u00edlia e no ES - Jornal Fatos e Not\u00edcias","robots":{"index":"index","follow":"follow","max-snippet":"max-snippet:-1","max-image-preview":"max-image-preview:large","max-video-preview":"max-video-preview:-1"},"canonical":"https:\/\/jornalfatosenoticias.com.br\/index.php\/2023\/05\/04\/a-semana-em-brasilia-e-no-es-5\/","og_locale":"pt_BR","og_type":"article","og_title":"A Semana em Bras\u00edlia e no ES - Jornal Fatos e Not\u00edcias","og_description":"C\u00e2mara adia vota\u00e7\u00e3o do \u2018PL da Censura\u2019 para evitar derrota do governoProjeto \u00e9 alvo de press\u00e3o popular e tem sido a maior aposta legislativa de Lula neste terceiro mandato Por Marcos Rocha O presidente da C\u00e2mara, Arthur Lira (PP-AL), retirou da pauta de vota\u00e7\u00e3o o Projeto de Lei (PL) 2630, tamb\u00e9m chamado de PL da [&hellip;]","og_url":"https:\/\/jornalfatosenoticias.com.br\/index.php\/2023\/05\/04\/a-semana-em-brasilia-e-no-es-5\/","og_site_name":"Jornal Fatos e Not\u00edcias","article_published_time":"2023-05-04T21:34:10+00:00","article_modified_time":"2023-05-04T21:34:11+00:00","og_image":[{"width":750,"height":375,"url":"https:\/\/jornalfatosenoticias.com.br\/wp-content\/uploads\/2023\/05\/ARTHUR-LIRA.jpg","type":"image\/jpeg"}],"author":"Haroldo Filho","twitter_card":"summary_large_image","twitter_misc":{"Escrito por":"Haroldo Filho","Est. tempo de leitura":"9 minutos"},"schema":{"@context":"https:\/\/schema.org","@graph":[{"@type":"Article","@id":"https:\/\/jornalfatosenoticias.com.br\/index.php\/2023\/05\/04\/a-semana-em-brasilia-e-no-es-5\/#article","isPartOf":{"@id":"https:\/\/jornalfatosenoticias.com.br\/index.php\/2023\/05\/04\/a-semana-em-brasilia-e-no-es-5\/"},"author":{"name":"Haroldo Filho","@id":"https:\/\/jornalfatosenoticias.com.br\/#\/schema\/person\/05c46cc25b42a5c27e004fb0fa6b4965"},"headline":"A Semana em Bras\u00edlia e no ES","datePublished":"2023-05-04T21:34:10+00:00","dateModified":"2023-05-04T21:34:11+00:00","mainEntityOfPage":{"@id":"https:\/\/jornalfatosenoticias.com.br\/index.php\/2023\/05\/04\/a-semana-em-brasilia-e-no-es-5\/"},"wordCount":1837,"commentCount":0,"publisher":{"@id":"https:\/\/jornalfatosenoticias.com.br\/#organization"},"image":{"@id":"https:\/\/jornalfatosenoticias.com.br\/index.php\/2023\/05\/04\/a-semana-em-brasilia-e-no-es-5\/#primaryimage"},"thumbnailUrl":"https:\/\/jornalfatosenoticias.com.br\/wp-content\/uploads\/2023\/05\/ARTHUR-LIRA.jpg","keywords":["Bolsonaro","censura pr\u00e9via","fake news","ilegalidade","PF","PL da Censura","PL das Fake News"],"articleSection":["Pol\u00edtica"],"inLanguage":"pt-BR","potentialAction":[{"@type":"CommentAction","name":"Comment","target":["https:\/\/jornalfatosenoticias.com.br\/index.php\/2023\/05\/04\/a-semana-em-brasilia-e-no-es-5\/#respond"]}]},{"@type":"WebPage","@id":"https:\/\/jornalfatosenoticias.com.br\/index.php\/2023\/05\/04\/a-semana-em-brasilia-e-no-es-5\/","url":"https:\/\/jornalfatosenoticias.com.br\/index.php\/2023\/05\/04\/a-semana-em-brasilia-e-no-es-5\/","name":"A Semana em Bras\u00edlia e no ES - Jornal Fatos e Not\u00edcias","isPartOf":{"@id":"https:\/\/jornalfatosenoticias.com.br\/#website"},"primaryImageOfPage":{"@id":"https:\/\/jornalfatosenoticias.com.br\/index.php\/2023\/05\/04\/a-semana-em-brasilia-e-no-es-5\/#primaryimage"},"image":{"@id":"https:\/\/jornalfatosenoticias.com.br\/index.php\/2023\/05\/04\/a-semana-em-brasilia-e-no-es-5\/#primaryimage"},"thumbnailUrl":"https:\/\/jornalfatosenoticias.com.br\/wp-content\/uploads\/2023\/05\/ARTHUR-LIRA.jpg","datePublished":"2023-05-04T21:34:10+00:00","dateModified":"2023-05-04T21:34:11+00:00","breadcrumb":{"@id":"https:\/\/jornalfatosenoticias.com.br\/index.php\/2023\/05\/04\/a-semana-em-brasilia-e-no-es-5\/#breadcrumb"},"inLanguage":"pt-BR","potentialAction":[{"@type":"ReadAction","target":["https:\/\/jornalfatosenoticias.com.br\/index.php\/2023\/05\/04\/a-semana-em-brasilia-e-no-es-5\/"]}]},{"@type":"ImageObject","inLanguage":"pt-BR","@id":"https:\/\/jornalfatosenoticias.com.br\/index.php\/2023\/05\/04\/a-semana-em-brasilia-e-no-es-5\/#primaryimage","url":"https:\/\/jornalfatosenoticias.com.br\/wp-content\/uploads\/2023\/05\/ARTHUR-LIRA.jpg","contentUrl":"https:\/\/jornalfatosenoticias.com.br\/wp-content\/uploads\/2023\/05\/ARTHUR-LIRA.jpg","width":750,"height":375},{"@type":"BreadcrumbList","@id":"https:\/\/jornalfatosenoticias.com.br\/index.php\/2023\/05\/04\/a-semana-em-brasilia-e-no-es-5\/#breadcrumb","itemListElement":[{"@type":"ListItem","position":1,"name":"In\u00edcio","item":"https:\/\/jornalfatosenoticias.com.br\/"},{"@type":"ListItem","position":2,"name":"A Semana em Bras\u00edlia e no ES"}]},{"@type":"WebSite","@id":"https:\/\/jornalfatosenoticias.com.br\/#website","url":"https:\/\/jornalfatosenoticias.com.br\/","name":"Jornal Fatos e Not\u00edcias","description":"Not\u00edcias em geral","publisher":{"@id":"https:\/\/jornalfatosenoticias.com.br\/#organization"},"potentialAction":[{"@type":"SearchAction","target":{"@type":"EntryPoint","urlTemplate":"https:\/\/jornalfatosenoticias.com.br\/?s={search_term_string}"},"query-input":{"@type":"PropertyValueSpecification","valueRequired":true,"valueName":"search_term_string"}}],"inLanguage":"pt-BR"},{"@type":"Organization","@id":"https:\/\/jornalfatosenoticias.com.br\/#organization","name":"Jornal Fatos e Not\u00edcias","url":"https:\/\/jornalfatosenoticias.com.br\/","logo":{"@type":"ImageObject","inLanguage":"pt-BR","@id":"https:\/\/jornalfatosenoticias.com.br\/#\/schema\/logo\/image\/","url":"https:\/\/jornalfatosenoticias.com.br\/wp-content\/uploads\/2020\/02\/logo120.png","contentUrl":"https:\/\/jornalfatosenoticias.com.br\/wp-content\/uploads\/2020\/02\/logo120.png","width":1227,"height":120,"caption":"Jornal Fatos e Not\u00edcias"},"image":{"@id":"https:\/\/jornalfatosenoticias.com.br\/#\/schema\/logo\/image\/"}},{"@type":"Person","@id":"https:\/\/jornalfatosenoticias.com.br\/#\/schema\/person\/05c46cc25b42a5c27e004fb0fa6b4965","name":"Haroldo Filho","image":{"@type":"ImageObject","inLanguage":"pt-BR","@id":"https:\/\/jornalfatosenoticias.com.br\/#\/schema\/person\/image\/","url":"https:\/\/jornalfatosenoticias.com.br\/wp-content\/uploads\/2025\/08\/WhatsApp-Image-2025-08-18-at-15.30.28-150x150.jpeg","contentUrl":"https:\/\/jornalfatosenoticias.com.br\/wp-content\/uploads\/2025\/08\/WhatsApp-Image-2025-08-18-at-15.30.28-150x150.jpeg","caption":"Haroldo Filho"},"description":"Jornalista \u2013 DRT: 0003818\/ES Coordenador-geral da ONG Educar para Crescer","url":"https:\/\/jornalfatosenoticias.com.br\/index.php\/author\/haroldo\/"}]}},"cc_featured_image_caption":{"caption_text":"(Foto: Lula Marques\/Ag\u00eancia Brasil) ","source_text":"","source_url":""},"jetpack_featured_media_url":"https:\/\/jornalfatosenoticias.com.br\/wp-content\/uploads\/2023\/05\/ARTHUR-LIRA.jpg","_links":{"self":[{"href":"https:\/\/jornalfatosenoticias.com.br\/index.php\/wp-json\/wp\/v2\/posts\/41150","targetHints":{"allow":["GET"]}}],"collection":[{"href":"https:\/\/jornalfatosenoticias.com.br\/index.php\/wp-json\/wp\/v2\/posts"}],"about":[{"href":"https:\/\/jornalfatosenoticias.com.br\/index.php\/wp-json\/wp\/v2\/types\/post"}],"author":[{"embeddable":true,"href":"https:\/\/jornalfatosenoticias.com.br\/index.php\/wp-json\/wp\/v2\/users\/3"}],"replies":[{"embeddable":true,"href":"https:\/\/jornalfatosenoticias.com.br\/index.php\/wp-json\/wp\/v2\/comments?post=41150"}],"version-history":[{"count":0,"href":"https:\/\/jornalfatosenoticias.com.br\/index.php\/wp-json\/wp\/v2\/posts\/41150\/revisions"}],"wp:featuredmedia":[{"embeddable":true,"href":"https:\/\/jornalfatosenoticias.com.br\/index.php\/wp-json\/wp\/v2\/media\/41158"}],"wp:attachment":[{"href":"https:\/\/jornalfatosenoticias.com.br\/index.php\/wp-json\/wp\/v2\/media?parent=41150"}],"wp:term":[{"taxonomy":"category","embeddable":true,"href":"https:\/\/jornalfatosenoticias.com.br\/index.php\/wp-json\/wp\/v2\/categories?post=41150"},{"taxonomy":"post_tag","embeddable":true,"href":"https:\/\/jornalfatosenoticias.com.br\/index.php\/wp-json\/wp\/v2\/tags?post=41150"}],"curies":[{"name":"wp","href":"https:\/\/api.w.org\/{rel}","templated":true}]}}