{"id":41205,"date":"2023-05-05T10:48:56","date_gmt":"2023-05-05T13:48:56","guid":{"rendered":"https:\/\/jornalfatosenoticias.com.br\/?p=41205"},"modified":"2023-05-05T10:48:56","modified_gmt":"2023-05-05T13:48:56","slug":"falso-cartao-de-vacina-de-bolsonaro-usa-e-mail-de-lula","status":"publish","type":"post","link":"https:\/\/jornalfatosenoticias.com.br\/index.php\/2023\/05\/05\/falso-cartao-de-vacina-de-bolsonaro-usa-e-mail-de-lula\/","title":{"rendered":"Falso cart\u00e3o de vacina de Bolsonaro usa e-mail de Lula"},"content":{"rendered":"\n<p><em><span class=\"has-inline-color has-black-color\">Registro foi feito na cidade de S\u00e3o Paulo<\/span><\/em><\/p>\n\n\n\n<div class=\"wp-block-image\"><figure class=\"aligncenter size-large is-resized\"><img loading=\"lazy\" decoding=\"async\" src=\"https:\/\/jornalfatosenoticias.com.br\/wp-content\/uploads\/2020\/02\/casa-do-torresmo_portal.jpg\" alt=\"\" class=\"wp-image-34472\" width=\"250\" height=\"250\" srcset=\"https:\/\/jornalfatosenoticias.com.br\/wp-content\/uploads\/2020\/02\/casa-do-torresmo_portal.jpg 300w, https:\/\/jornalfatosenoticias.com.br\/wp-content\/uploads\/2020\/02\/casa-do-torresmo_portal-150x150.jpg 150w\" sizes=\"auto, (max-width: 250px) 100vw, 250px\" \/><\/figure><\/div>\n\n\n\n<p>Um registro de uma suposta vacina em nome de <strong><a href=\"https:\/\/twitter.com\/jairbolsonaro\" target=\"_blank\" rel=\"noreferrer noopener\">Jair Bolsonaro<\/a><\/strong>\u00a0foi identificado pela\u00a0<strong><a href=\"https:\/\/revistaoeste.com\/?s=Prefeitura+de+S%C3%A3o+Paulo\" target=\"_blank\" rel=\"noreferrer noopener\">prefeitura de S\u00e3o Paulo<\/a><\/strong>. De acordo com o boletim de ocorr\u00eancia registrado pelo munic\u00edpio, a ficha de vacina\u00e7\u00e3o cont\u00e9m o e-mail \u201clula@gmail.com\u201d. O CPF, o nome e a data de nascimento do ex-presidente preenchidos na ficha est\u00e3o corretos, mas o ano de nascimento de Bolsonaro est\u00e1 errado.<\/p>\n\n\n\n<div class=\"wp-block-image\"><figure class=\"aligncenter size-large is-resized\"><img loading=\"lazy\" decoding=\"async\" src=\"https:\/\/jornalfatosenoticias.com.br\/wp-content\/uploads\/2023\/03\/nova-logo-Marquetti.jpg\" alt=\"\" class=\"wp-image-40207\" width=\"287\" height=\"193\" srcset=\"https:\/\/jornalfatosenoticias.com.br\/wp-content\/uploads\/2023\/03\/nova-logo-Marquetti.jpg 643w, https:\/\/jornalfatosenoticias.com.br\/wp-content\/uploads\/2023\/03\/nova-logo-Marquetti-300x202.jpg 300w\" sizes=\"auto, (max-width: 287px) 100vw, 287px\" \/><\/figure><\/div>\n\n\n\n<p>Segundo a prefeitura, a utiliza\u00e7\u00e3o de um e-mail com o nome de Lula chamou aten\u00e7\u00e3o. Ainda conforme o boletim de ocorr\u00eancia, Bolsonaro teria recebido a vacina da Janssen em uma unidade de sa\u00fade na zona norte da capital, em julho de 2021. O sistema do Minist\u00e9rio da Sa\u00fade validou a suposta vacina\u00e7\u00e3o.<\/p>\n\n\n\n<div class=\"wp-block-image\"><figure class=\"aligncenter size-large\"><img loading=\"lazy\" decoding=\"async\" width=\"300\" height=\"222\" src=\"https:\/\/jornalfatosenoticias.com.br\/wp-content\/uploads\/2023\/03\/logo_Juliana-Graca.jpg\" alt=\"\" class=\"wp-image-39283\"\/><\/figure><\/div>\n\n\n\n<p>Entretanto, a prefeitura do munic\u00edpio descobriu que o lote de vacina citado n\u00e3o foi disponibilizado em S\u00e3o Paulo e que a pessoa que seria respons\u00e1vel pela aplica\u00e7\u00e3o nunca trabalhou na unidade de sa\u00fade indicada. Al\u00e9m disso, n\u00e3o h\u00e1 registro de atendimento ao ex-presidente na unidade. Na data que consta a suposta vacina, Bolsonaro estava em Bras\u00edlia.<\/p>\n\n\n\n<div class=\"wp-block-image\"><figure class=\"aligncenter size-large is-resized\"><img loading=\"lazy\" decoding=\"async\" src=\"https:\/\/jornalfatosenoticias.com.br\/wp-content\/uploads\/2022\/10\/RC_800x750_page-0001.jpg\" alt=\"\" class=\"wp-image-35338\" width=\"262\" height=\"246\" srcset=\"https:\/\/jornalfatosenoticias.com.br\/wp-content\/uploads\/2022\/10\/RC_800x750_page-0001.jpg 400w, https:\/\/jornalfatosenoticias.com.br\/wp-content\/uploads\/2022\/10\/RC_800x750_page-0001-300x281.jpg 300w\" sizes=\"auto, (max-width: 262px) 100vw, 262px\" \/><\/figure><\/div>\n\n\n\n<h3 class=\"wp-block-heading\"><strong><span class=\"has-inline-color has-vivid-purple-color\">Advogado ironiza vacina em Bolsonaro<\/span><\/strong><\/h3>\n\n\n\n<figure class=\"wp-block-embed-twitter aligncenter wp-block-embed is-type-rich is-provider-twitter\"><div class=\"wp-block-embed__wrapper\">\n<blockquote class=\"twitter-tweet\" data-width=\"550\" data-dnt=\"true\"><p lang=\"pt\" dir=\"ltr\">Registro falso de carteira de vacina\u00e7\u00e3o de Bolsonaro tem Lula citado<br>Ser\u00e1????<br>N\u00e3o pode ser\u2026.. \ud83e\udd21\ud83e\udd21\ud83e\udd21<br>Via \u2066<a href=\"https:\/\/twitter.com\/UOL?ref_src=twsrc%5Etfw\">@UOL<\/a>\u2069  <a href=\"https:\/\/t.co\/4CFG1UPgFY\">https:\/\/t.co\/4CFG1UPgFY<\/a><\/p>&mdash; Fabio Wajngarten (@fabiowoficial) <a href=\"https:\/\/twitter.com\/fabiowoficial\/status\/1654286760724119553?ref_src=twsrc%5Etfw\">May 5, 2023<\/a><\/blockquote><script async src=\"https:\/\/platform.twitter.com\/widgets.js\" charset=\"utf-8\"><\/script>\n<\/div><\/figure>\n\n\n\n<div class=\"wp-block-image\"><figure class=\"aligncenter size-large\"><img loading=\"lazy\" decoding=\"async\" width=\"729\" height=\"90\" src=\"https:\/\/jornalfatosenoticias.com.br\/wp-content\/uploads\/2020\/02\/Logo_Mizu.png\" alt=\"\" class=\"wp-image-1441\" srcset=\"https:\/\/jornalfatosenoticias.com.br\/wp-content\/uploads\/2020\/02\/Logo_Mizu.png 729w, https:\/\/jornalfatosenoticias.com.br\/wp-content\/uploads\/2020\/02\/Logo_Mizu-300x37.png 300w\" sizes=\"auto, (max-width: 729px) 100vw, 729px\" \/><\/figure><\/div>\n\n\n\n<p>Em publica\u00e7\u00e3o realizada na quinta-feira (4), o advogado F\u00e1bio Wajngarten ironizou a falsifica\u00e7\u00e3o da carteira de vacina de Bolsonaro e a inser\u00e7\u00e3o do e-mail de Lula.<\/p>\n\n\n\n<p><strong><em>Fonte: <a href=\"https:\/\/revistaoeste.com\/brasil\/falso-cartao-de-vacina-de-bolsonaro-usa-e-mail-de-lula\/\">Revista Oeste<\/a><\/em><\/strong><\/p>\n","protected":false},"excerpt":{"rendered":"<p>Registro foi feito na cidade de S\u00e3o Paulo Um registro de uma suposta vacina em nome de Jair Bolsonaro\u00a0foi identificado pela\u00a0prefeitura de S\u00e3o Paulo. De acordo com o boletim de ocorr\u00eancia registrado pelo munic\u00edpio, a ficha de vacina\u00e7\u00e3o cont\u00e9m o e-mail \u201clula@gmail.com\u201d. O CPF, o nome e a data de nascimento do ex-presidente preenchidos na [&hellip;]<\/p>\n","protected":false},"author":2,"featured_media":41207,"comment_status":"open","ping_status":"open","sticky":false,"template":"","format":"standard","meta":{"footnotes":""},"categories":[10],"tags":[597,273,2132,1795,7580,563],"class_list":["post-41205","post","type-post","status-publish","format-standard","has-post-thumbnail","hentry","category-politica","tag-brasil","tag-covid-19","tag-fraude","tag-jair-bolsonaro","tag-lula","tag-vacina"],"yoast_head":"<!-- This site is optimized with the Yoast SEO plugin v26.5 - https:\/\/yoast.com\/wordpress\/plugins\/seo\/ -->\n<title>Falso cart\u00e3o de vacina de Bolsonaro usa e-mail de Lula - Jornal Fatos e Not\u00edcias<\/title>\n<meta name=\"robots\" content=\"index, follow, max-snippet:-1, max-image-preview:large, max-video-preview:-1\" \/>\n<link rel=\"canonical\" href=\"https:\/\/jornalfatosenoticias.com.br\/index.php\/2023\/05\/05\/falso-cartao-de-vacina-de-bolsonaro-usa-e-mail-de-lula\/\" \/>\n<meta property=\"og:locale\" content=\"pt_BR\" \/>\n<meta property=\"og:type\" content=\"article\" \/>\n<meta property=\"og:title\" content=\"Falso cart\u00e3o de vacina de Bolsonaro usa e-mail de Lula - Jornal Fatos e Not\u00edcias\" \/>\n<meta property=\"og:description\" content=\"Registro foi feito na cidade de S\u00e3o Paulo Um registro de uma suposta vacina em nome de Jair Bolsonaro\u00a0foi identificado pela\u00a0prefeitura de S\u00e3o Paulo. De acordo com o boletim de ocorr\u00eancia registrado pelo munic\u00edpio, a ficha de vacina\u00e7\u00e3o cont\u00e9m o e-mail \u201clula@gmail.com\u201d. O CPF, o nome e a data de nascimento do ex-presidente preenchidos na [&hellip;]\" \/>\n<meta property=\"og:url\" content=\"https:\/\/jornalfatosenoticias.com.br\/index.php\/2023\/05\/05\/falso-cartao-de-vacina-de-bolsonaro-usa-e-mail-de-lula\/\" \/>\n<meta property=\"og:site_name\" content=\"Jornal Fatos e Not\u00edcias\" \/>\n<meta property=\"article:published_time\" content=\"2023-05-05T13:48:56+00:00\" \/>\n<meta property=\"og:image\" content=\"https:\/\/jornalfatosenoticias.com.br\/wp-content\/uploads\/2023\/05\/investigacoes-bolsonaro.jpg\" \/>\n\t<meta property=\"og:image:width\" content=\"1000\" \/>\n\t<meta property=\"og:image:height\" content=\"598\" \/>\n\t<meta property=\"og:image:type\" content=\"image\/jpeg\" \/>\n<meta name=\"author\" content=\"Luzimara Fernandes\" \/>\n<meta name=\"twitter:card\" content=\"summary_large_image\" \/>\n<meta name=\"twitter:label1\" content=\"Escrito por\" \/>\n\t<meta name=\"twitter:data1\" content=\"Luzimara Fernandes\" \/>\n\t<meta name=\"twitter:label2\" content=\"Est. tempo de leitura\" \/>\n\t<meta name=\"twitter:data2\" content=\"1 minuto\" \/>\n<script type=\"application\/ld+json\" class=\"yoast-schema-graph\">{\"@context\":\"https:\/\/schema.org\",\"@graph\":[{\"@type\":\"Article\",\"@id\":\"https:\/\/jornalfatosenoticias.com.br\/index.php\/2023\/05\/05\/falso-cartao-de-vacina-de-bolsonaro-usa-e-mail-de-lula\/#article\",\"isPartOf\":{\"@id\":\"https:\/\/jornalfatosenoticias.com.br\/index.php\/2023\/05\/05\/falso-cartao-de-vacina-de-bolsonaro-usa-e-mail-de-lula\/\"},\"author\":{\"name\":\"Luzimara Fernandes\",\"@id\":\"https:\/\/jornalfatosenoticias.com.br\/#\/schema\/person\/d63837fa13ac8666eb9e74e0985d6f81\"},\"headline\":\"Falso cart\u00e3o de vacina de Bolsonaro usa e-mail de Lula\",\"datePublished\":\"2023-05-05T13:48:56+00:00\",\"mainEntityOfPage\":{\"@id\":\"https:\/\/jornalfatosenoticias.com.br\/index.php\/2023\/05\/05\/falso-cartao-de-vacina-de-bolsonaro-usa-e-mail-de-lula\/\"},\"wordCount\":283,\"commentCount\":0,\"publisher\":{\"@id\":\"https:\/\/jornalfatosenoticias.com.br\/#organization\"},\"image\":{\"@id\":\"https:\/\/jornalfatosenoticias.com.br\/index.php\/2023\/05\/05\/falso-cartao-de-vacina-de-bolsonaro-usa-e-mail-de-lula\/#primaryimage\"},\"thumbnailUrl\":\"https:\/\/jornalfatosenoticias.com.br\/wp-content\/uploads\/2023\/05\/investigacoes-bolsonaro.jpg\",\"keywords\":[\"Brasil\",\"covid-19\",\"fraude\",\"Jair Bolsonaro\",\"Lula\",\"vacina\"],\"articleSection\":[\"Pol\u00edtica\"],\"inLanguage\":\"pt-BR\",\"potentialAction\":[{\"@type\":\"CommentAction\",\"name\":\"Comment\",\"target\":[\"https:\/\/jornalfatosenoticias.com.br\/index.php\/2023\/05\/05\/falso-cartao-de-vacina-de-bolsonaro-usa-e-mail-de-lula\/#respond\"]}]},{\"@type\":\"WebPage\",\"@id\":\"https:\/\/jornalfatosenoticias.com.br\/index.php\/2023\/05\/05\/falso-cartao-de-vacina-de-bolsonaro-usa-e-mail-de-lula\/\",\"url\":\"https:\/\/jornalfatosenoticias.com.br\/index.php\/2023\/05\/05\/falso-cartao-de-vacina-de-bolsonaro-usa-e-mail-de-lula\/\",\"name\":\"Falso cart\u00e3o de vacina de Bolsonaro usa e-mail de Lula - Jornal Fatos e Not\u00edcias\",\"isPartOf\":{\"@id\":\"https:\/\/jornalfatosenoticias.com.br\/#website\"},\"primaryImageOfPage\":{\"@id\":\"https:\/\/jornalfatosenoticias.com.br\/index.php\/2023\/05\/05\/falso-cartao-de-vacina-de-bolsonaro-usa-e-mail-de-lula\/#primaryimage\"},\"image\":{\"@id\":\"https:\/\/jornalfatosenoticias.com.br\/index.php\/2023\/05\/05\/falso-cartao-de-vacina-de-bolsonaro-usa-e-mail-de-lula\/#primaryimage\"},\"thumbnailUrl\":\"https:\/\/jornalfatosenoticias.com.br\/wp-content\/uploads\/2023\/05\/investigacoes-bolsonaro.jpg\",\"datePublished\":\"2023-05-05T13:48:56+00:00\",\"breadcrumb\":{\"@id\":\"https:\/\/jornalfatosenoticias.com.br\/index.php\/2023\/05\/05\/falso-cartao-de-vacina-de-bolsonaro-usa-e-mail-de-lula\/#breadcrumb\"},\"inLanguage\":\"pt-BR\",\"potentialAction\":[{\"@type\":\"ReadAction\",\"target\":[\"https:\/\/jornalfatosenoticias.com.br\/index.php\/2023\/05\/05\/falso-cartao-de-vacina-de-bolsonaro-usa-e-mail-de-lula\/\"]}]},{\"@type\":\"ImageObject\",\"inLanguage\":\"pt-BR\",\"@id\":\"https:\/\/jornalfatosenoticias.com.br\/index.php\/2023\/05\/05\/falso-cartao-de-vacina-de-bolsonaro-usa-e-mail-de-lula\/#primaryimage\",\"url\":\"https:\/\/jornalfatosenoticias.com.br\/wp-content\/uploads\/2023\/05\/investigacoes-bolsonaro.jpg\",\"contentUrl\":\"https:\/\/jornalfatosenoticias.com.br\/wp-content\/uploads\/2023\/05\/investigacoes-bolsonaro.jpg\",\"width\":1000,\"height\":598},{\"@type\":\"BreadcrumbList\",\"@id\":\"https:\/\/jornalfatosenoticias.com.br\/index.php\/2023\/05\/05\/falso-cartao-de-vacina-de-bolsonaro-usa-e-mail-de-lula\/#breadcrumb\",\"itemListElement\":[{\"@type\":\"ListItem\",\"position\":1,\"name\":\"In\u00edcio\",\"item\":\"https:\/\/jornalfatosenoticias.com.br\/\"},{\"@type\":\"ListItem\",\"position\":2,\"name\":\"Falso cart\u00e3o de vacina de Bolsonaro usa e-mail de Lula\"}]},{\"@type\":\"WebSite\",\"@id\":\"https:\/\/jornalfatosenoticias.com.br\/#website\",\"url\":\"https:\/\/jornalfatosenoticias.com.br\/\",\"name\":\"Jornal Fatos e Not\u00edcias\",\"description\":\"Not\u00edcias em geral\",\"publisher\":{\"@id\":\"https:\/\/jornalfatosenoticias.com.br\/#organization\"},\"potentialAction\":[{\"@type\":\"SearchAction\",\"target\":{\"@type\":\"EntryPoint\",\"urlTemplate\":\"https:\/\/jornalfatosenoticias.com.br\/?s={search_term_string}\"},\"query-input\":{\"@type\":\"PropertyValueSpecification\",\"valueRequired\":true,\"valueName\":\"search_term_string\"}}],\"inLanguage\":\"pt-BR\"},{\"@type\":\"Organization\",\"@id\":\"https:\/\/jornalfatosenoticias.com.br\/#organization\",\"name\":\"Jornal Fatos e Not\u00edcias\",\"url\":\"https:\/\/jornalfatosenoticias.com.br\/\",\"logo\":{\"@type\":\"ImageObject\",\"inLanguage\":\"pt-BR\",\"@id\":\"https:\/\/jornalfatosenoticias.com.br\/#\/schema\/logo\/image\/\",\"url\":\"https:\/\/jornalfatosenoticias.com.br\/wp-content\/uploads\/2020\/02\/logo120.png\",\"contentUrl\":\"https:\/\/jornalfatosenoticias.com.br\/wp-content\/uploads\/2020\/02\/logo120.png\",\"width\":1227,\"height\":120,\"caption\":\"Jornal Fatos e Not\u00edcias\"},\"image\":{\"@id\":\"https:\/\/jornalfatosenoticias.com.br\/#\/schema\/logo\/image\/\"}},{\"@type\":\"Person\",\"@id\":\"https:\/\/jornalfatosenoticias.com.br\/#\/schema\/person\/d63837fa13ac8666eb9e74e0985d6f81\",\"name\":\"Luzimara Fernandes\",\"image\":{\"@type\":\"ImageObject\",\"inLanguage\":\"pt-BR\",\"@id\":\"https:\/\/jornalfatosenoticias.com.br\/#\/schema\/person\/image\/\",\"url\":\"https:\/\/jornalfatosenoticias.com.br\/wp-content\/uploads\/2025\/05\/EU_portal.jpg\",\"contentUrl\":\"https:\/\/jornalfatosenoticias.com.br\/wp-content\/uploads\/2025\/05\/EU_portal.jpg\",\"caption\":\"Luzimara Fernandes\"},\"description\":\"Jornalista MTB 2358-ES\",\"sameAs\":[\"https:\/\/jornalfatosenoticias.com.br\"],\"url\":\"https:\/\/jornalfatosenoticias.com.br\/index.php\/author\/luzimara\/\"}]}<\/script>\n<!-- \/ Yoast SEO plugin. -->","yoast_head_json":{"title":"Falso cart\u00e3o de vacina de Bolsonaro usa e-mail de Lula - Jornal Fatos e Not\u00edcias","robots":{"index":"index","follow":"follow","max-snippet":"max-snippet:-1","max-image-preview":"max-image-preview:large","max-video-preview":"max-video-preview:-1"},"canonical":"https:\/\/jornalfatosenoticias.com.br\/index.php\/2023\/05\/05\/falso-cartao-de-vacina-de-bolsonaro-usa-e-mail-de-lula\/","og_locale":"pt_BR","og_type":"article","og_title":"Falso cart\u00e3o de vacina de Bolsonaro usa e-mail de Lula - Jornal Fatos e Not\u00edcias","og_description":"Registro foi feito na cidade de S\u00e3o Paulo Um registro de uma suposta vacina em nome de Jair Bolsonaro\u00a0foi identificado pela\u00a0prefeitura de S\u00e3o Paulo. De acordo com o boletim de ocorr\u00eancia registrado pelo munic\u00edpio, a ficha de vacina\u00e7\u00e3o cont\u00e9m o e-mail \u201clula@gmail.com\u201d. O CPF, o nome e a data de nascimento do ex-presidente preenchidos na [&hellip;]","og_url":"https:\/\/jornalfatosenoticias.com.br\/index.php\/2023\/05\/05\/falso-cartao-de-vacina-de-bolsonaro-usa-e-mail-de-lula\/","og_site_name":"Jornal Fatos e Not\u00edcias","article_published_time":"2023-05-05T13:48:56+00:00","og_image":[{"width":1000,"height":598,"url":"https:\/\/jornalfatosenoticias.com.br\/wp-content\/uploads\/2023\/05\/investigacoes-bolsonaro.jpg","type":"image\/jpeg"}],"author":"Luzimara Fernandes","twitter_card":"summary_large_image","twitter_misc":{"Escrito por":"Luzimara Fernandes","Est. tempo de leitura":"1 minuto"},"schema":{"@context":"https:\/\/schema.org","@graph":[{"@type":"Article","@id":"https:\/\/jornalfatosenoticias.com.br\/index.php\/2023\/05\/05\/falso-cartao-de-vacina-de-bolsonaro-usa-e-mail-de-lula\/#article","isPartOf":{"@id":"https:\/\/jornalfatosenoticias.com.br\/index.php\/2023\/05\/05\/falso-cartao-de-vacina-de-bolsonaro-usa-e-mail-de-lula\/"},"author":{"name":"Luzimara Fernandes","@id":"https:\/\/jornalfatosenoticias.com.br\/#\/schema\/person\/d63837fa13ac8666eb9e74e0985d6f81"},"headline":"Falso cart\u00e3o de vacina de Bolsonaro usa e-mail de Lula","datePublished":"2023-05-05T13:48:56+00:00","mainEntityOfPage":{"@id":"https:\/\/jornalfatosenoticias.com.br\/index.php\/2023\/05\/05\/falso-cartao-de-vacina-de-bolsonaro-usa-e-mail-de-lula\/"},"wordCount":283,"commentCount":0,"publisher":{"@id":"https:\/\/jornalfatosenoticias.com.br\/#organization"},"image":{"@id":"https:\/\/jornalfatosenoticias.com.br\/index.php\/2023\/05\/05\/falso-cartao-de-vacina-de-bolsonaro-usa-e-mail-de-lula\/#primaryimage"},"thumbnailUrl":"https:\/\/jornalfatosenoticias.com.br\/wp-content\/uploads\/2023\/05\/investigacoes-bolsonaro.jpg","keywords":["Brasil","covid-19","fraude","Jair Bolsonaro","Lula","vacina"],"articleSection":["Pol\u00edtica"],"inLanguage":"pt-BR","potentialAction":[{"@type":"CommentAction","name":"Comment","target":["https:\/\/jornalfatosenoticias.com.br\/index.php\/2023\/05\/05\/falso-cartao-de-vacina-de-bolsonaro-usa-e-mail-de-lula\/#respond"]}]},{"@type":"WebPage","@id":"https:\/\/jornalfatosenoticias.com.br\/index.php\/2023\/05\/05\/falso-cartao-de-vacina-de-bolsonaro-usa-e-mail-de-lula\/","url":"https:\/\/jornalfatosenoticias.com.br\/index.php\/2023\/05\/05\/falso-cartao-de-vacina-de-bolsonaro-usa-e-mail-de-lula\/","name":"Falso cart\u00e3o de vacina de Bolsonaro usa e-mail de Lula - Jornal Fatos e Not\u00edcias","isPartOf":{"@id":"https:\/\/jornalfatosenoticias.com.br\/#website"},"primaryImageOfPage":{"@id":"https:\/\/jornalfatosenoticias.com.br\/index.php\/2023\/05\/05\/falso-cartao-de-vacina-de-bolsonaro-usa-e-mail-de-lula\/#primaryimage"},"image":{"@id":"https:\/\/jornalfatosenoticias.com.br\/index.php\/2023\/05\/05\/falso-cartao-de-vacina-de-bolsonaro-usa-e-mail-de-lula\/#primaryimage"},"thumbnailUrl":"https:\/\/jornalfatosenoticias.com.br\/wp-content\/uploads\/2023\/05\/investigacoes-bolsonaro.jpg","datePublished":"2023-05-05T13:48:56+00:00","breadcrumb":{"@id":"https:\/\/jornalfatosenoticias.com.br\/index.php\/2023\/05\/05\/falso-cartao-de-vacina-de-bolsonaro-usa-e-mail-de-lula\/#breadcrumb"},"inLanguage":"pt-BR","potentialAction":[{"@type":"ReadAction","target":["https:\/\/jornalfatosenoticias.com.br\/index.php\/2023\/05\/05\/falso-cartao-de-vacina-de-bolsonaro-usa-e-mail-de-lula\/"]}]},{"@type":"ImageObject","inLanguage":"pt-BR","@id":"https:\/\/jornalfatosenoticias.com.br\/index.php\/2023\/05\/05\/falso-cartao-de-vacina-de-bolsonaro-usa-e-mail-de-lula\/#primaryimage","url":"https:\/\/jornalfatosenoticias.com.br\/wp-content\/uploads\/2023\/05\/investigacoes-bolsonaro.jpg","contentUrl":"https:\/\/jornalfatosenoticias.com.br\/wp-content\/uploads\/2023\/05\/investigacoes-bolsonaro.jpg","width":1000,"height":598},{"@type":"BreadcrumbList","@id":"https:\/\/jornalfatosenoticias.com.br\/index.php\/2023\/05\/05\/falso-cartao-de-vacina-de-bolsonaro-usa-e-mail-de-lula\/#breadcrumb","itemListElement":[{"@type":"ListItem","position":1,"name":"In\u00edcio","item":"https:\/\/jornalfatosenoticias.com.br\/"},{"@type":"ListItem","position":2,"name":"Falso cart\u00e3o de vacina de Bolsonaro usa e-mail de Lula"}]},{"@type":"WebSite","@id":"https:\/\/jornalfatosenoticias.com.br\/#website","url":"https:\/\/jornalfatosenoticias.com.br\/","name":"Jornal Fatos e Not\u00edcias","description":"Not\u00edcias em geral","publisher":{"@id":"https:\/\/jornalfatosenoticias.com.br\/#organization"},"potentialAction":[{"@type":"SearchAction","target":{"@type":"EntryPoint","urlTemplate":"https:\/\/jornalfatosenoticias.com.br\/?s={search_term_string}"},"query-input":{"@type":"PropertyValueSpecification","valueRequired":true,"valueName":"search_term_string"}}],"inLanguage":"pt-BR"},{"@type":"Organization","@id":"https:\/\/jornalfatosenoticias.com.br\/#organization","name":"Jornal Fatos e Not\u00edcias","url":"https:\/\/jornalfatosenoticias.com.br\/","logo":{"@type":"ImageObject","inLanguage":"pt-BR","@id":"https:\/\/jornalfatosenoticias.com.br\/#\/schema\/logo\/image\/","url":"https:\/\/jornalfatosenoticias.com.br\/wp-content\/uploads\/2020\/02\/logo120.png","contentUrl":"https:\/\/jornalfatosenoticias.com.br\/wp-content\/uploads\/2020\/02\/logo120.png","width":1227,"height":120,"caption":"Jornal Fatos e Not\u00edcias"},"image":{"@id":"https:\/\/jornalfatosenoticias.com.br\/#\/schema\/logo\/image\/"}},{"@type":"Person","@id":"https:\/\/jornalfatosenoticias.com.br\/#\/schema\/person\/d63837fa13ac8666eb9e74e0985d6f81","name":"Luzimara Fernandes","image":{"@type":"ImageObject","inLanguage":"pt-BR","@id":"https:\/\/jornalfatosenoticias.com.br\/#\/schema\/person\/image\/","url":"https:\/\/jornalfatosenoticias.com.br\/wp-content\/uploads\/2025\/05\/EU_portal.jpg","contentUrl":"https:\/\/jornalfatosenoticias.com.br\/wp-content\/uploads\/2025\/05\/EU_portal.jpg","caption":"Luzimara Fernandes"},"description":"Jornalista MTB 2358-ES","sameAs":["https:\/\/jornalfatosenoticias.com.br"],"url":"https:\/\/jornalfatosenoticias.com.br\/index.php\/author\/luzimara\/"}]}},"cc_featured_image_caption":{"caption_text":"(Foto: Marcelo Camargo\/Ag\u00eancia Brasil)\r\n","source_text":"","source_url":""},"jetpack_featured_media_url":"https:\/\/jornalfatosenoticias.com.br\/wp-content\/uploads\/2023\/05\/investigacoes-bolsonaro.jpg","_links":{"self":[{"href":"https:\/\/jornalfatosenoticias.com.br\/index.php\/wp-json\/wp\/v2\/posts\/41205","targetHints":{"allow":["GET"]}}],"collection":[{"href":"https:\/\/jornalfatosenoticias.com.br\/index.php\/wp-json\/wp\/v2\/posts"}],"about":[{"href":"https:\/\/jornalfatosenoticias.com.br\/index.php\/wp-json\/wp\/v2\/types\/post"}],"author":[{"embeddable":true,"href":"https:\/\/jornalfatosenoticias.com.br\/index.php\/wp-json\/wp\/v2\/users\/2"}],"replies":[{"embeddable":true,"href":"https:\/\/jornalfatosenoticias.com.br\/index.php\/wp-json\/wp\/v2\/comments?post=41205"}],"version-history":[{"count":0,"href":"https:\/\/jornalfatosenoticias.com.br\/index.php\/wp-json\/wp\/v2\/posts\/41205\/revisions"}],"wp:featuredmedia":[{"embeddable":true,"href":"https:\/\/jornalfatosenoticias.com.br\/index.php\/wp-json\/wp\/v2\/media\/41207"}],"wp:attachment":[{"href":"https:\/\/jornalfatosenoticias.com.br\/index.php\/wp-json\/wp\/v2\/media?parent=41205"}],"wp:term":[{"taxonomy":"category","embeddable":true,"href":"https:\/\/jornalfatosenoticias.com.br\/index.php\/wp-json\/wp\/v2\/categories?post=41205"},{"taxonomy":"post_tag","embeddable":true,"href":"https:\/\/jornalfatosenoticias.com.br\/index.php\/wp-json\/wp\/v2\/tags?post=41205"}],"curies":[{"name":"wp","href":"https:\/\/api.w.org\/{rel}","templated":true}]}}