{"id":41263,"date":"2023-05-09T10:12:12","date_gmt":"2023-05-09T13:12:12","guid":{"rendered":"https:\/\/jornalfatosenoticias.com.br\/?p=41263"},"modified":"2023-05-09T10:12:14","modified_gmt":"2023-05-09T13:12:14","slug":"esqueleto-encontrado-no-mexico-pode-dar-pistas-sobre-misterioso-povo-janambre","status":"publish","type":"post","link":"https:\/\/jornalfatosenoticias.com.br\/index.php\/2023\/05\/09\/esqueleto-encontrado-no-mexico-pode-dar-pistas-sobre-misterioso-povo-janambre\/","title":{"rendered":"Esqueleto encontrado no M\u00e9xico pode dar pistas sobre misterioso povo Janambre"},"content":{"rendered":"\n<p><em><span class=\"has-inline-color has-black-color\">Por: <strong><a href=\"https:\/\/gizmodo.uol.com.br\/author\/luisa-costa\/\">Lu\u00edsa Costa<\/a><\/strong><\/span><\/em><\/p>\n\n\n\n<div class=\"wp-block-image\"><figure class=\"aligncenter size-large\"><img loading=\"lazy\" decoding=\"async\" width=\"729\" height=\"90\" src=\"https:\/\/jornalfatosenoticias.com.br\/wp-content\/uploads\/2020\/02\/Logo_Mizu.png\" alt=\"\" class=\"wp-image-1441\" srcset=\"https:\/\/jornalfatosenoticias.com.br\/wp-content\/uploads\/2020\/02\/Logo_Mizu.png 729w, https:\/\/jornalfatosenoticias.com.br\/wp-content\/uploads\/2020\/02\/Logo_Mizu-300x37.png 300w\" sizes=\"auto, (max-width: 729px) 100vw, 729px\" \/><\/figure><\/div>\n\n\n\n<p>Uma equipe de arque\u00f3logos mexicanos encontrou um esqueleto que pode pertencer a um membro do <a href=\"https:\/\/gizmodo.uol.com.br\/tag\/povos-indigenas\/\" target=\"_blank\" rel=\"noreferrer noopener\">povo ind\u00edgena<\/a> Janambre, que se op\u00f4s \u00e0 coloniza\u00e7\u00e3o espanhola no pa\u00eds entre os s\u00e9culos 17 e 18. A descoberta foi divulgada pelo Instituto Nacional de Antropologia e Hist\u00f3ria (INAH) do M\u00e9xico.<br>Os ossos s\u00e3o de um homem entre 35 e 40 anos. Ele estava enterrado a 18cm de profundidade no centro de um abrigo rochoso localizado no C\u00e2nion Huizachal, pr\u00f3ximo ao munic\u00edpio Ciudad Victoria, no nordeste do M\u00e9xico. Junto \u00e0s ossadas estavam os restos de uma mortalha feita de fibras vegetais e hastes flex\u00edveis de madeira.<\/p>\n\n\n\n<div class=\"wp-block-image\"><figure class=\"aligncenter size-large\"><img loading=\"lazy\" decoding=\"async\" width=\"300\" height=\"250\" src=\"https:\/\/jornalfatosenoticias.com.br\/wp-content\/uploads\/2022\/08\/arte-Casarao.jpg\" alt=\"\" class=\"wp-image-33178\"\/><\/figure><\/div>\n\n\n\n<p>No local do enterro, os arque\u00f3logos tamb\u00e9m encontraram tr\u00eas pontas de flecha, que voc\u00ea v\u00ea na imagem abaixo. A descoberta aconteceu depois que o INAH foi notificado sobre poss\u00edveis restos humanos no abrigo rochoso e enviou arque\u00f3logos ao local.<br>O povo Janambre era dos <a href=\"https:\/\/digitalassets.lib.berkeley.edu\/anthpubs\/ucb\/text\/ucp038-001-002.pdf\" target=\"_blank\" rel=\"noreferrer noopener\">v\u00e1rios povos\u00a0<\/a>que existiam no\u00a0<a href=\"https:\/\/gizmodo.uol.com.br\/tag\/mexico\/\" target=\"_blank\" rel=\"noreferrer noopener\">M\u00e9xico<\/a> antes da coloniza\u00e7\u00e3o espanhola. Eles eram ca\u00e7adores-coletores que habitavam o nordeste do atual pa\u00eds e falavam uma l\u00edngua n\u00e3o pertencente \u00e0 fam\u00edlia de l\u00ednguas amer\u00edndias uto-asteca \u2014 que se estende da regi\u00e3o central dos Estados Unidos at\u00e9 o norte de Honduras. <\/p>\n\n\n\n<div class=\"wp-block-image\"><figure class=\"aligncenter size-large is-resized\"><img loading=\"lazy\" decoding=\"async\" src=\"https:\/\/jornalfatosenoticias.com.br\/wp-content\/uploads\/2023\/03\/logo_Juliana-Graca.jpg\" alt=\"\" class=\"wp-image-39283\" width=\"289\" height=\"214\"\/><\/figure><\/div>\n\n\n\n<p>Mas pouco se sabe sobre este grupo \u00e9tnico. N\u00e3o \u00e9 f\u00e1cil encontrar vest\u00edgios de sua cultura por conta do estilo de vida n\u00f4made dos Janambre, que usavam produtos perec\u00edveis em suas andan\u00e7as pelas cordilheiras de Sierra Madre Oriental.<br>O esqueleto encontrado no abrigo rochoso pode ser o primeiro indiv\u00edduo que permitiria aos arque\u00f3logos conhecer algumas das caracter\u00edsticas f\u00edsicas dos Janambre. Da\u00ed sua import\u00e2ncia. <\/p>\n\n\n\n<div class=\"wp-block-image\"><figure class=\"aligncenter size-large is-resized\"><img loading=\"lazy\" decoding=\"async\" src=\"https:\/\/jornalfatosenoticias.com.br\/wp-content\/uploads\/2020\/02\/casa-do-torresmo_portal.jpg\" alt=\"\" class=\"wp-image-34472\" width=\"244\" height=\"244\" srcset=\"https:\/\/jornalfatosenoticias.com.br\/wp-content\/uploads\/2020\/02\/casa-do-torresmo_portal.jpg 300w, https:\/\/jornalfatosenoticias.com.br\/wp-content\/uploads\/2020\/02\/casa-do-torresmo_portal-150x150.jpg 150w\" sizes=\"auto, (max-width: 244px) 100vw, 244px\" \/><\/figure><\/div>\n\n\n\n<blockquote class=\"wp-block-quote is-layout-flow wp-block-quote-is-layout-flow\"><p><span class=\"has-inline-color has-luminous-vivid-orange-color\">A descoberta nos permite contrastar os dados arqueol\u00f3gicos com as investiga\u00e7\u00f5es etno-hist\u00f3ricas realizadas no s\u00e9culo 20, que destacam a import\u00e2ncia dos Janambres na disputa pelo territ\u00f3rio rebatizado de Nuevo Santander (regi\u00e3o do Vice-Reino da Nova Espanha)\u201d, explica o arque\u00f3logo e historiador Carlos Vanueth P\u00e9rez, em comunicado.<\/span><\/p><\/blockquote>\n\n\n\n<div class=\"wp-block-image\"><figure class=\"aligncenter size-large\"><img decoding=\"async\" src=\"https:\/\/jornalfatosenoticias.com.br\/wp-content\/uploads\/2020\/02\/barao-das-carnes-300x164-1.jpg\" alt=\"\" class=\"wp-image-34339\"\/><\/figure><\/div>\n\n\n\n<p><em><span class=\"has-inline-color has-black-color\">(<strong>Foto:<\/strong> Instituto Nacional de Antropologia e Hist\u00f3ria\/Divulga\u00e7\u00e3o)<\/span><\/em><\/p>\n\n\n\n<p><strong><em>Fonte: <a href=\"https:\/\/gizmodo.uol.com.br\/esqueleto-encontrado-no-mexico-pode-dar-pistas-sobre-misterioso-povo-janambre\/\">GizModo<\/a><\/em><\/strong><\/p>\n","protected":false},"excerpt":{"rendered":"<p>Por: Lu\u00edsa Costa Uma equipe de arque\u00f3logos mexicanos encontrou um esqueleto que pode pertencer a um membro do povo ind\u00edgena Janambre, que se op\u00f4s \u00e0 coloniza\u00e7\u00e3o espanhola no pa\u00eds entre os s\u00e9culos 17 e 18. A descoberta foi divulgada pelo Instituto Nacional de Antropologia e Hist\u00f3ria (INAH) do M\u00e9xico.Os ossos s\u00e3o de um homem entre [&hellip;]<\/p>\n","protected":false},"author":2,"featured_media":41264,"comment_status":"open","ping_status":"open","sticky":false,"template":"","format":"standard","meta":{"footnotes":""},"categories":[9808],"tags":[260,1478,4612,156,19365,4463],"class_list":["post-41263","post","type-post","status-publish","format-standard","has-post-thumbnail","hentry","category-paleo-arqueologia","tag-america-latina","tag-arqueologia","tag-esqueleto","tag-mexico","tag-povo-janambre","tag-povos-indigenas"],"yoast_head":"<!-- This site is optimized with the Yoast SEO plugin v26.5 - https:\/\/yoast.com\/wordpress\/plugins\/seo\/ -->\n<title>Esqueleto encontrado no M\u00e9xico pode dar pistas sobre misterioso povo Janambre - Jornal Fatos e Not\u00edcias<\/title>\n<meta name=\"robots\" content=\"index, follow, max-snippet:-1, max-image-preview:large, max-video-preview:-1\" \/>\n<link rel=\"canonical\" href=\"https:\/\/jornalfatosenoticias.com.br\/index.php\/2023\/05\/09\/esqueleto-encontrado-no-mexico-pode-dar-pistas-sobre-misterioso-povo-janambre\/\" \/>\n<meta property=\"og:locale\" content=\"pt_BR\" \/>\n<meta property=\"og:type\" content=\"article\" \/>\n<meta property=\"og:title\" content=\"Esqueleto encontrado no M\u00e9xico pode dar pistas sobre misterioso povo Janambre - Jornal Fatos e Not\u00edcias\" \/>\n<meta property=\"og:description\" content=\"Por: Lu\u00edsa Costa Uma equipe de arque\u00f3logos mexicanos encontrou um esqueleto que pode pertencer a um membro do povo ind\u00edgena Janambre, que se op\u00f4s \u00e0 coloniza\u00e7\u00e3o espanhola no pa\u00eds entre os s\u00e9culos 17 e 18. A descoberta foi divulgada pelo Instituto Nacional de Antropologia e Hist\u00f3ria (INAH) do M\u00e9xico.Os ossos s\u00e3o de um homem entre [&hellip;]\" \/>\n<meta property=\"og:url\" content=\"https:\/\/jornalfatosenoticias.com.br\/index.php\/2023\/05\/09\/esqueleto-encontrado-no-mexico-pode-dar-pistas-sobre-misterioso-povo-janambre\/\" \/>\n<meta property=\"og:site_name\" content=\"Jornal Fatos e Not\u00edcias\" \/>\n<meta property=\"article:published_time\" content=\"2023-05-09T13:12:12+00:00\" \/>\n<meta property=\"article:modified_time\" content=\"2023-05-09T13:12:14+00:00\" \/>\n<meta property=\"og:image\" content=\"https:\/\/jornalfatosenoticias.com.br\/wp-content\/uploads\/2023\/05\/caveira-Janamabre.jpg\" \/>\n\t<meta property=\"og:image:width\" content=\"1000\" \/>\n\t<meta property=\"og:image:height\" content=\"676\" \/>\n\t<meta property=\"og:image:type\" content=\"image\/jpeg\" \/>\n<meta name=\"author\" content=\"Luzimara Fernandes\" \/>\n<meta name=\"twitter:card\" content=\"summary_large_image\" \/>\n<meta name=\"twitter:label1\" content=\"Escrito por\" \/>\n\t<meta name=\"twitter:data1\" content=\"Luzimara Fernandes\" \/>\n\t<meta name=\"twitter:label2\" content=\"Est. tempo de leitura\" \/>\n\t<meta name=\"twitter:data2\" content=\"2 minutos\" \/>\n<script type=\"application\/ld+json\" class=\"yoast-schema-graph\">{\"@context\":\"https:\/\/schema.org\",\"@graph\":[{\"@type\":\"Article\",\"@id\":\"https:\/\/jornalfatosenoticias.com.br\/index.php\/2023\/05\/09\/esqueleto-encontrado-no-mexico-pode-dar-pistas-sobre-misterioso-povo-janambre\/#article\",\"isPartOf\":{\"@id\":\"https:\/\/jornalfatosenoticias.com.br\/index.php\/2023\/05\/09\/esqueleto-encontrado-no-mexico-pode-dar-pistas-sobre-misterioso-povo-janambre\/\"},\"author\":{\"name\":\"Luzimara Fernandes\",\"@id\":\"https:\/\/jornalfatosenoticias.com.br\/#\/schema\/person\/d63837fa13ac8666eb9e74e0985d6f81\"},\"headline\":\"Esqueleto encontrado no M\u00e9xico pode dar pistas sobre misterioso povo Janambre\",\"datePublished\":\"2023-05-09T13:12:12+00:00\",\"dateModified\":\"2023-05-09T13:12:14+00:00\",\"mainEntityOfPage\":{\"@id\":\"https:\/\/jornalfatosenoticias.com.br\/index.php\/2023\/05\/09\/esqueleto-encontrado-no-mexico-pode-dar-pistas-sobre-misterioso-povo-janambre\/\"},\"wordCount\":370,\"commentCount\":0,\"publisher\":{\"@id\":\"https:\/\/jornalfatosenoticias.com.br\/#organization\"},\"image\":{\"@id\":\"https:\/\/jornalfatosenoticias.com.br\/index.php\/2023\/05\/09\/esqueleto-encontrado-no-mexico-pode-dar-pistas-sobre-misterioso-povo-janambre\/#primaryimage\"},\"thumbnailUrl\":\"https:\/\/jornalfatosenoticias.com.br\/wp-content\/uploads\/2023\/05\/caveira-Janamabre.jpg\",\"keywords\":[\"Am\u00e9rica latina\",\"arqueologia\",\"esqueleto\",\"M\u00e9xico\",\"povo Janambre\",\"povos ind\u00edgenas\"],\"articleSection\":[\"Paleo &amp; Arqueologia\"],\"inLanguage\":\"pt-BR\",\"potentialAction\":[{\"@type\":\"CommentAction\",\"name\":\"Comment\",\"target\":[\"https:\/\/jornalfatosenoticias.com.br\/index.php\/2023\/05\/09\/esqueleto-encontrado-no-mexico-pode-dar-pistas-sobre-misterioso-povo-janambre\/#respond\"]}]},{\"@type\":\"WebPage\",\"@id\":\"https:\/\/jornalfatosenoticias.com.br\/index.php\/2023\/05\/09\/esqueleto-encontrado-no-mexico-pode-dar-pistas-sobre-misterioso-povo-janambre\/\",\"url\":\"https:\/\/jornalfatosenoticias.com.br\/index.php\/2023\/05\/09\/esqueleto-encontrado-no-mexico-pode-dar-pistas-sobre-misterioso-povo-janambre\/\",\"name\":\"Esqueleto encontrado no M\u00e9xico pode dar pistas sobre misterioso povo Janambre - Jornal Fatos e Not\u00edcias\",\"isPartOf\":{\"@id\":\"https:\/\/jornalfatosenoticias.com.br\/#website\"},\"primaryImageOfPage\":{\"@id\":\"https:\/\/jornalfatosenoticias.com.br\/index.php\/2023\/05\/09\/esqueleto-encontrado-no-mexico-pode-dar-pistas-sobre-misterioso-povo-janambre\/#primaryimage\"},\"image\":{\"@id\":\"https:\/\/jornalfatosenoticias.com.br\/index.php\/2023\/05\/09\/esqueleto-encontrado-no-mexico-pode-dar-pistas-sobre-misterioso-povo-janambre\/#primaryimage\"},\"thumbnailUrl\":\"https:\/\/jornalfatosenoticias.com.br\/wp-content\/uploads\/2023\/05\/caveira-Janamabre.jpg\",\"datePublished\":\"2023-05-09T13:12:12+00:00\",\"dateModified\":\"2023-05-09T13:12:14+00:00\",\"breadcrumb\":{\"@id\":\"https:\/\/jornalfatosenoticias.com.br\/index.php\/2023\/05\/09\/esqueleto-encontrado-no-mexico-pode-dar-pistas-sobre-misterioso-povo-janambre\/#breadcrumb\"},\"inLanguage\":\"pt-BR\",\"potentialAction\":[{\"@type\":\"ReadAction\",\"target\":[\"https:\/\/jornalfatosenoticias.com.br\/index.php\/2023\/05\/09\/esqueleto-encontrado-no-mexico-pode-dar-pistas-sobre-misterioso-povo-janambre\/\"]}]},{\"@type\":\"ImageObject\",\"inLanguage\":\"pt-BR\",\"@id\":\"https:\/\/jornalfatosenoticias.com.br\/index.php\/2023\/05\/09\/esqueleto-encontrado-no-mexico-pode-dar-pistas-sobre-misterioso-povo-janambre\/#primaryimage\",\"url\":\"https:\/\/jornalfatosenoticias.com.br\/wp-content\/uploads\/2023\/05\/caveira-Janamabre.jpg\",\"contentUrl\":\"https:\/\/jornalfatosenoticias.com.br\/wp-content\/uploads\/2023\/05\/caveira-Janamabre.jpg\",\"width\":1000,\"height\":676},{\"@type\":\"BreadcrumbList\",\"@id\":\"https:\/\/jornalfatosenoticias.com.br\/index.php\/2023\/05\/09\/esqueleto-encontrado-no-mexico-pode-dar-pistas-sobre-misterioso-povo-janambre\/#breadcrumb\",\"itemListElement\":[{\"@type\":\"ListItem\",\"position\":1,\"name\":\"In\u00edcio\",\"item\":\"https:\/\/jornalfatosenoticias.com.br\/\"},{\"@type\":\"ListItem\",\"position\":2,\"name\":\"Esqueleto encontrado no M\u00e9xico pode dar pistas sobre misterioso povo Janambre\"}]},{\"@type\":\"WebSite\",\"@id\":\"https:\/\/jornalfatosenoticias.com.br\/#website\",\"url\":\"https:\/\/jornalfatosenoticias.com.br\/\",\"name\":\"Jornal Fatos e Not\u00edcias\",\"description\":\"Not\u00edcias em geral\",\"publisher\":{\"@id\":\"https:\/\/jornalfatosenoticias.com.br\/#organization\"},\"potentialAction\":[{\"@type\":\"SearchAction\",\"target\":{\"@type\":\"EntryPoint\",\"urlTemplate\":\"https:\/\/jornalfatosenoticias.com.br\/?s={search_term_string}\"},\"query-input\":{\"@type\":\"PropertyValueSpecification\",\"valueRequired\":true,\"valueName\":\"search_term_string\"}}],\"inLanguage\":\"pt-BR\"},{\"@type\":\"Organization\",\"@id\":\"https:\/\/jornalfatosenoticias.com.br\/#organization\",\"name\":\"Jornal Fatos e Not\u00edcias\",\"url\":\"https:\/\/jornalfatosenoticias.com.br\/\",\"logo\":{\"@type\":\"ImageObject\",\"inLanguage\":\"pt-BR\",\"@id\":\"https:\/\/jornalfatosenoticias.com.br\/#\/schema\/logo\/image\/\",\"url\":\"https:\/\/jornalfatosenoticias.com.br\/wp-content\/uploads\/2020\/02\/logo120.png\",\"contentUrl\":\"https:\/\/jornalfatosenoticias.com.br\/wp-content\/uploads\/2020\/02\/logo120.png\",\"width\":1227,\"height\":120,\"caption\":\"Jornal Fatos e Not\u00edcias\"},\"image\":{\"@id\":\"https:\/\/jornalfatosenoticias.com.br\/#\/schema\/logo\/image\/\"}},{\"@type\":\"Person\",\"@id\":\"https:\/\/jornalfatosenoticias.com.br\/#\/schema\/person\/d63837fa13ac8666eb9e74e0985d6f81\",\"name\":\"Luzimara Fernandes\",\"image\":{\"@type\":\"ImageObject\",\"inLanguage\":\"pt-BR\",\"@id\":\"https:\/\/jornalfatosenoticias.com.br\/#\/schema\/person\/image\/\",\"url\":\"https:\/\/jornalfatosenoticias.com.br\/wp-content\/uploads\/2025\/05\/EU_portal.jpg\",\"contentUrl\":\"https:\/\/jornalfatosenoticias.com.br\/wp-content\/uploads\/2025\/05\/EU_portal.jpg\",\"caption\":\"Luzimara Fernandes\"},\"description\":\"Jornalista MTB 2358-ES\",\"sameAs\":[\"https:\/\/jornalfatosenoticias.com.br\"],\"url\":\"https:\/\/jornalfatosenoticias.com.br\/index.php\/author\/luzimara\/\"}]}<\/script>\n<!-- \/ Yoast SEO plugin. -->","yoast_head_json":{"title":"Esqueleto encontrado no M\u00e9xico pode dar pistas sobre misterioso povo Janambre - Jornal Fatos e Not\u00edcias","robots":{"index":"index","follow":"follow","max-snippet":"max-snippet:-1","max-image-preview":"max-image-preview:large","max-video-preview":"max-video-preview:-1"},"canonical":"https:\/\/jornalfatosenoticias.com.br\/index.php\/2023\/05\/09\/esqueleto-encontrado-no-mexico-pode-dar-pistas-sobre-misterioso-povo-janambre\/","og_locale":"pt_BR","og_type":"article","og_title":"Esqueleto encontrado no M\u00e9xico pode dar pistas sobre misterioso povo Janambre - Jornal Fatos e Not\u00edcias","og_description":"Por: Lu\u00edsa Costa Uma equipe de arque\u00f3logos mexicanos encontrou um esqueleto que pode pertencer a um membro do povo ind\u00edgena Janambre, que se op\u00f4s \u00e0 coloniza\u00e7\u00e3o espanhola no pa\u00eds entre os s\u00e9culos 17 e 18. A descoberta foi divulgada pelo Instituto Nacional de Antropologia e Hist\u00f3ria (INAH) do M\u00e9xico.Os ossos s\u00e3o de um homem entre [&hellip;]","og_url":"https:\/\/jornalfatosenoticias.com.br\/index.php\/2023\/05\/09\/esqueleto-encontrado-no-mexico-pode-dar-pistas-sobre-misterioso-povo-janambre\/","og_site_name":"Jornal Fatos e Not\u00edcias","article_published_time":"2023-05-09T13:12:12+00:00","article_modified_time":"2023-05-09T13:12:14+00:00","og_image":[{"width":1000,"height":676,"url":"https:\/\/jornalfatosenoticias.com.br\/wp-content\/uploads\/2023\/05\/caveira-Janamabre.jpg","type":"image\/jpeg"}],"author":"Luzimara Fernandes","twitter_card":"summary_large_image","twitter_misc":{"Escrito por":"Luzimara Fernandes","Est. tempo de leitura":"2 minutos"},"schema":{"@context":"https:\/\/schema.org","@graph":[{"@type":"Article","@id":"https:\/\/jornalfatosenoticias.com.br\/index.php\/2023\/05\/09\/esqueleto-encontrado-no-mexico-pode-dar-pistas-sobre-misterioso-povo-janambre\/#article","isPartOf":{"@id":"https:\/\/jornalfatosenoticias.com.br\/index.php\/2023\/05\/09\/esqueleto-encontrado-no-mexico-pode-dar-pistas-sobre-misterioso-povo-janambre\/"},"author":{"name":"Luzimara Fernandes","@id":"https:\/\/jornalfatosenoticias.com.br\/#\/schema\/person\/d63837fa13ac8666eb9e74e0985d6f81"},"headline":"Esqueleto encontrado no M\u00e9xico pode dar pistas sobre misterioso povo Janambre","datePublished":"2023-05-09T13:12:12+00:00","dateModified":"2023-05-09T13:12:14+00:00","mainEntityOfPage":{"@id":"https:\/\/jornalfatosenoticias.com.br\/index.php\/2023\/05\/09\/esqueleto-encontrado-no-mexico-pode-dar-pistas-sobre-misterioso-povo-janambre\/"},"wordCount":370,"commentCount":0,"publisher":{"@id":"https:\/\/jornalfatosenoticias.com.br\/#organization"},"image":{"@id":"https:\/\/jornalfatosenoticias.com.br\/index.php\/2023\/05\/09\/esqueleto-encontrado-no-mexico-pode-dar-pistas-sobre-misterioso-povo-janambre\/#primaryimage"},"thumbnailUrl":"https:\/\/jornalfatosenoticias.com.br\/wp-content\/uploads\/2023\/05\/caveira-Janamabre.jpg","keywords":["Am\u00e9rica latina","arqueologia","esqueleto","M\u00e9xico","povo Janambre","povos ind\u00edgenas"],"articleSection":["Paleo &amp; Arqueologia"],"inLanguage":"pt-BR","potentialAction":[{"@type":"CommentAction","name":"Comment","target":["https:\/\/jornalfatosenoticias.com.br\/index.php\/2023\/05\/09\/esqueleto-encontrado-no-mexico-pode-dar-pistas-sobre-misterioso-povo-janambre\/#respond"]}]},{"@type":"WebPage","@id":"https:\/\/jornalfatosenoticias.com.br\/index.php\/2023\/05\/09\/esqueleto-encontrado-no-mexico-pode-dar-pistas-sobre-misterioso-povo-janambre\/","url":"https:\/\/jornalfatosenoticias.com.br\/index.php\/2023\/05\/09\/esqueleto-encontrado-no-mexico-pode-dar-pistas-sobre-misterioso-povo-janambre\/","name":"Esqueleto encontrado no M\u00e9xico pode dar pistas sobre misterioso povo Janambre - Jornal Fatos e Not\u00edcias","isPartOf":{"@id":"https:\/\/jornalfatosenoticias.com.br\/#website"},"primaryImageOfPage":{"@id":"https:\/\/jornalfatosenoticias.com.br\/index.php\/2023\/05\/09\/esqueleto-encontrado-no-mexico-pode-dar-pistas-sobre-misterioso-povo-janambre\/#primaryimage"},"image":{"@id":"https:\/\/jornalfatosenoticias.com.br\/index.php\/2023\/05\/09\/esqueleto-encontrado-no-mexico-pode-dar-pistas-sobre-misterioso-povo-janambre\/#primaryimage"},"thumbnailUrl":"https:\/\/jornalfatosenoticias.com.br\/wp-content\/uploads\/2023\/05\/caveira-Janamabre.jpg","datePublished":"2023-05-09T13:12:12+00:00","dateModified":"2023-05-09T13:12:14+00:00","breadcrumb":{"@id":"https:\/\/jornalfatosenoticias.com.br\/index.php\/2023\/05\/09\/esqueleto-encontrado-no-mexico-pode-dar-pistas-sobre-misterioso-povo-janambre\/#breadcrumb"},"inLanguage":"pt-BR","potentialAction":[{"@type":"ReadAction","target":["https:\/\/jornalfatosenoticias.com.br\/index.php\/2023\/05\/09\/esqueleto-encontrado-no-mexico-pode-dar-pistas-sobre-misterioso-povo-janambre\/"]}]},{"@type":"ImageObject","inLanguage":"pt-BR","@id":"https:\/\/jornalfatosenoticias.com.br\/index.php\/2023\/05\/09\/esqueleto-encontrado-no-mexico-pode-dar-pistas-sobre-misterioso-povo-janambre\/#primaryimage","url":"https:\/\/jornalfatosenoticias.com.br\/wp-content\/uploads\/2023\/05\/caveira-Janamabre.jpg","contentUrl":"https:\/\/jornalfatosenoticias.com.br\/wp-content\/uploads\/2023\/05\/caveira-Janamabre.jpg","width":1000,"height":676},{"@type":"BreadcrumbList","@id":"https:\/\/jornalfatosenoticias.com.br\/index.php\/2023\/05\/09\/esqueleto-encontrado-no-mexico-pode-dar-pistas-sobre-misterioso-povo-janambre\/#breadcrumb","itemListElement":[{"@type":"ListItem","position":1,"name":"In\u00edcio","item":"https:\/\/jornalfatosenoticias.com.br\/"},{"@type":"ListItem","position":2,"name":"Esqueleto encontrado no M\u00e9xico pode dar pistas sobre misterioso povo Janambre"}]},{"@type":"WebSite","@id":"https:\/\/jornalfatosenoticias.com.br\/#website","url":"https:\/\/jornalfatosenoticias.com.br\/","name":"Jornal Fatos e Not\u00edcias","description":"Not\u00edcias em geral","publisher":{"@id":"https:\/\/jornalfatosenoticias.com.br\/#organization"},"potentialAction":[{"@type":"SearchAction","target":{"@type":"EntryPoint","urlTemplate":"https:\/\/jornalfatosenoticias.com.br\/?s={search_term_string}"},"query-input":{"@type":"PropertyValueSpecification","valueRequired":true,"valueName":"search_term_string"}}],"inLanguage":"pt-BR"},{"@type":"Organization","@id":"https:\/\/jornalfatosenoticias.com.br\/#organization","name":"Jornal Fatos e Not\u00edcias","url":"https:\/\/jornalfatosenoticias.com.br\/","logo":{"@type":"ImageObject","inLanguage":"pt-BR","@id":"https:\/\/jornalfatosenoticias.com.br\/#\/schema\/logo\/image\/","url":"https:\/\/jornalfatosenoticias.com.br\/wp-content\/uploads\/2020\/02\/logo120.png","contentUrl":"https:\/\/jornalfatosenoticias.com.br\/wp-content\/uploads\/2020\/02\/logo120.png","width":1227,"height":120,"caption":"Jornal Fatos e Not\u00edcias"},"image":{"@id":"https:\/\/jornalfatosenoticias.com.br\/#\/schema\/logo\/image\/"}},{"@type":"Person","@id":"https:\/\/jornalfatosenoticias.com.br\/#\/schema\/person\/d63837fa13ac8666eb9e74e0985d6f81","name":"Luzimara Fernandes","image":{"@type":"ImageObject","inLanguage":"pt-BR","@id":"https:\/\/jornalfatosenoticias.com.br\/#\/schema\/person\/image\/","url":"https:\/\/jornalfatosenoticias.com.br\/wp-content\/uploads\/2025\/05\/EU_portal.jpg","contentUrl":"https:\/\/jornalfatosenoticias.com.br\/wp-content\/uploads\/2025\/05\/EU_portal.jpg","caption":"Luzimara Fernandes"},"description":"Jornalista MTB 2358-ES","sameAs":["https:\/\/jornalfatosenoticias.com.br"],"url":"https:\/\/jornalfatosenoticias.com.br\/index.php\/author\/luzimara\/"}]}},"cc_featured_image_caption":{"caption_text":"","source_text":"","source_url":""},"jetpack_featured_media_url":"https:\/\/jornalfatosenoticias.com.br\/wp-content\/uploads\/2023\/05\/caveira-Janamabre.jpg","_links":{"self":[{"href":"https:\/\/jornalfatosenoticias.com.br\/index.php\/wp-json\/wp\/v2\/posts\/41263","targetHints":{"allow":["GET"]}}],"collection":[{"href":"https:\/\/jornalfatosenoticias.com.br\/index.php\/wp-json\/wp\/v2\/posts"}],"about":[{"href":"https:\/\/jornalfatosenoticias.com.br\/index.php\/wp-json\/wp\/v2\/types\/post"}],"author":[{"embeddable":true,"href":"https:\/\/jornalfatosenoticias.com.br\/index.php\/wp-json\/wp\/v2\/users\/2"}],"replies":[{"embeddable":true,"href":"https:\/\/jornalfatosenoticias.com.br\/index.php\/wp-json\/wp\/v2\/comments?post=41263"}],"version-history":[{"count":0,"href":"https:\/\/jornalfatosenoticias.com.br\/index.php\/wp-json\/wp\/v2\/posts\/41263\/revisions"}],"wp:featuredmedia":[{"embeddable":true,"href":"https:\/\/jornalfatosenoticias.com.br\/index.php\/wp-json\/wp\/v2\/media\/41264"}],"wp:attachment":[{"href":"https:\/\/jornalfatosenoticias.com.br\/index.php\/wp-json\/wp\/v2\/media?parent=41263"}],"wp:term":[{"taxonomy":"category","embeddable":true,"href":"https:\/\/jornalfatosenoticias.com.br\/index.php\/wp-json\/wp\/v2\/categories?post=41263"},{"taxonomy":"post_tag","embeddable":true,"href":"https:\/\/jornalfatosenoticias.com.br\/index.php\/wp-json\/wp\/v2\/tags?post=41263"}],"curies":[{"name":"wp","href":"https:\/\/api.w.org\/{rel}","templated":true}]}}