{"id":41270,"date":"2023-05-09T10:33:51","date_gmt":"2023-05-09T13:33:51","guid":{"rendered":"https:\/\/jornalfatosenoticias.com.br\/?p=41270"},"modified":"2023-05-09T10:33:53","modified_gmt":"2023-05-09T13:33:53","slug":"escritores-indigenas-se-destacam-na-literatura","status":"publish","type":"post","link":"https:\/\/jornalfatosenoticias.com.br\/index.php\/2023\/05\/09\/escritores-indigenas-se-destacam-na-literatura\/","title":{"rendered":"Escritores ind\u00edgenas se destacam na literatura"},"content":{"rendered":"\n<p><em><span class=\"has-inline-color has-black-color\">Autor Kak\u00e1 Wer\u00e1 e Daniel Munduruku lan\u00e7ar\u00e3o novas obras ainda esse ano<\/span><\/em><\/p>\n\n\n\n<div class=\"wp-block-image\"><figure class=\"aligncenter size-large is-resized\"><img loading=\"lazy\" decoding=\"async\" src=\"https:\/\/jornalfatosenoticias.com.br\/wp-content\/uploads\/2022\/02\/Banner-2.png\" alt=\"\" class=\"wp-image-27877\" width=\"270\" height=\"225\"\/><\/figure><\/div>\n\n\n\n<p>Nos \u00faltimos anos, com o desafio da mudan\u00e7a clim\u00e1tica e a exposi\u00e7\u00e3o frequente na m\u00eddia de conflitos enfrentados pelos povos ind\u00edgenas, os olhares do Brasil e do mundo se voltam cada vez mais para essa popula\u00e7\u00e3o. E na busca pelo conhecimento mais aprofundado da cultura dos povos origin\u00e1rios, cresce o n\u00famero de interessados na tem\u00e1tica ind\u00edgena. Pensando nisso, a <a href=\"https:\/\/www.moderna.com.br\/\" target=\"_blank\" rel=\"noreferrer noopener\">editora Moderna<\/a> ir\u00e1 lan\u00e7ar, at\u00e9 o fim deste ano, cinco novos livros de literatura ind\u00edgena, escritos por ind\u00edgenas.<\/p>\n\n\n\n<div class=\"wp-block-image\"><figure class=\"aligncenter size-large is-resized\"><img loading=\"lazy\" decoding=\"async\" src=\"https:\/\/jornalfatosenoticias.com.br\/wp-content\/uploads\/2023\/03\/Crypton-1000-\u00d7-900-px-300x270-1.png\" alt=\"\" class=\"wp-image-40206\" width=\"254\" height=\"229\"\/><\/figure><\/div>\n\n\n\n<p>Entre as obras com lan\u00e7amento previsto para o primeiro semestre de 2023 est\u00e3o <em>Apytama \u2014 Floresta de hist\u00f3rias,<\/em> organizado pelo autor Kak\u00e1 Wer\u00e1, que apresenta um territ\u00f3rio de imagens e conceitos que traduzem a identidade e a consci\u00eancia de pertencimento de uma cultura plural, cujos valores principais apontam para o cuidado com a natureza, com as diferen\u00e7as, com o poder e com o reconhecimento da mem\u00f3ria como portadora de saberes. A obra, voltada para o p\u00fablico juvenil, oferece em poemas, ensaio, cr\u00f4nicas e contos uma reflex\u00e3o sobre a rela\u00e7\u00e3o entre a natureza e o ser humano.<\/p>\n\n\n\n<div class=\"wp-block-image\"><figure class=\"aligncenter size-large is-resized\"><img loading=\"lazy\" decoding=\"async\" src=\"https:\/\/jornalfatosenoticias.com.br\/wp-content\/uploads\/2023\/05\/Kaka-Wera_literatura_indigena.png\" alt=\"\" class=\"wp-image-41271\" width=\"320\" height=\"399\" srcset=\"https:\/\/jornalfatosenoticias.com.br\/wp-content\/uploads\/2023\/05\/Kaka-Wera_literatura_indigena.png 536w, https:\/\/jornalfatosenoticias.com.br\/wp-content\/uploads\/2023\/05\/Kaka-Wera_literatura_indigena-240x300.png 240w\" sizes=\"auto, (max-width: 320px) 100vw, 320px\" \/><figcaption><em><span class=\"has-inline-color has-black-color\">Autor Kaka Wer\u00e1 (Foto: Divulga\u00e7\u00e3o)<\/span><\/em><\/figcaption><\/figure><\/div>\n\n\n\n<p>No segundo semestre, tamb\u00e9m no segmento de literatura infantojuvenil, a editora Moderna prev\u00ea o lan\u00e7amento de <em>A M\u00e3e Terra e o Bem Viver, de Ademario Ribeiro Payay\u00e1; Terra, rio e guerra \u2014 a sina de um curumim, <\/em>de Cristino Wapichana e <em>Poemas para curumins e cunhant\u00e3s,<\/em> de Thiago Hakiy.<\/p>\n\n\n\n<div class=\"wp-block-image\"><figure class=\"aligncenter size-large is-resized\"><img loading=\"lazy\" decoding=\"async\" src=\"https:\/\/jornalfatosenoticias.com.br\/wp-content\/uploads\/2022\/07\/Logo-Grupo-SEI.jpg\" alt=\"\" class=\"wp-image-31973\" width=\"335\" height=\"176\" srcset=\"https:\/\/jornalfatosenoticias.com.br\/wp-content\/uploads\/2022\/07\/Logo-Grupo-SEI.jpg 713w, https:\/\/jornalfatosenoticias.com.br\/wp-content\/uploads\/2022\/07\/Logo-Grupo-SEI-300x158.jpg 300w\" sizes=\"auto, (max-width: 335px) 100vw, 335px\" \/><\/figure><\/div>\n\n\n\n<p>\u201cA literatura ind\u00edgena estar presente, principalmente nos meios escolares e espa\u00e7os de aprendizado, \u00e9 de vital import\u00e2ncia, pois \u00e9 por meio da literatura que se pode conhecer a alma de uma cultura, de um povo. E, por meio da alma, vem toda uma vis\u00e3o de mundo que nos permite, consequentemente, eliminar a ignor\u00e2ncia em rela\u00e7\u00e3o ao outro. Da\u00ed, nasce o respeito \u00e0 diversidade e abre-se a possibilidade de aprendizados novos, diversos\u201d, afirma Kak\u00e1 Wer\u00e1, autor de <em>Menino-Trov\u00e3o,<\/em> livro de cat\u00e1logo da Moderna que conta a hist\u00f3ria de um menino da etnia tupi que teria sido o primeiro habitante da terra. A obra recebeu o pr\u00eamio \u201cSelo C\u00e1tedra 10 Unesco\u201d, na edi\u00e7\u00e3o de 2022. O pr\u00eamio ser\u00e1 entregue em 18 de abril na PUC do Rio.<\/p>\n\n\n\n<div class=\"wp-block-image\"><figure class=\"aligncenter size-large is-resized\"><img loading=\"lazy\" decoding=\"async\" src=\"https:\/\/jornalfatosenoticias.com.br\/wp-content\/uploads\/2023\/05\/Daniel-Munduruku_literatura_indigena.jpg\" alt=\"\" class=\"wp-image-41272\" width=\"499\" height=\"332\" srcset=\"https:\/\/jornalfatosenoticias.com.br\/wp-content\/uploads\/2023\/05\/Daniel-Munduruku_literatura_indigena.jpg 670w, https:\/\/jornalfatosenoticias.com.br\/wp-content\/uploads\/2023\/05\/Daniel-Munduruku_literatura_indigena-300x200.jpg 300w\" sizes=\"auto, (max-width: 499px) 100vw, 499px\" \/><figcaption><em><span class=\"has-inline-color has-black-color\">Autor Daniel Munduruku (Foto: Luciano Avan\u00e7o)<\/span><\/em><\/figcaption><\/figure><\/div>\n\n\n\n<blockquote class=\"wp-block-quote is-layout-flow wp-block-quote-is-layout-flow\"><p><span class=\"has-inline-color has-luminous-vivid-orange-color\">Na cultura ind\u00edgena, a oralidade tem uma for\u00e7a muito grande e n\u00f3s temos conquistado novos espa\u00e7os, buscando dominar a literatura, a palavra escrita, para compartilhar nossos saberes, nossa cultura com cada vez mais leitores\u201d, acrescenta Daniel Munduruku, autor paraense e ind\u00edgena da etnia Munduruku.<\/span><\/p><\/blockquote>\n\n\n\n<div class=\"wp-block-image\"><figure class=\"aligncenter size-large is-resized\"><img loading=\"lazy\" decoding=\"async\" src=\"https:\/\/jornalfatosenoticias.com.br\/wp-content\/uploads\/2022\/10\/Arte-jornal-Zucchi-600x600_Prancheta-1-1024x1024.jpg\" alt=\"\" class=\"wp-image-34782\" width=\"252\" height=\"252\" srcset=\"https:\/\/jornalfatosenoticias.com.br\/wp-content\/uploads\/2022\/10\/Arte-jornal-Zucchi-600x600_Prancheta-1-1024x1024.jpg 1024w, https:\/\/jornalfatosenoticias.com.br\/wp-content\/uploads\/2022\/10\/Arte-jornal-Zucchi-600x600_Prancheta-1-300x300.jpg 300w, https:\/\/jornalfatosenoticias.com.br\/wp-content\/uploads\/2022\/10\/Arte-jornal-Zucchi-600x600_Prancheta-1-150x150.jpg 150w, https:\/\/jornalfatosenoticias.com.br\/wp-content\/uploads\/2022\/10\/Arte-jornal-Zucchi-600x600_Prancheta-1-768x768.jpg 768w, https:\/\/jornalfatosenoticias.com.br\/wp-content\/uploads\/2022\/10\/Arte-jornal-Zucchi-600x600_Prancheta-1.jpg 1250w\" sizes=\"auto, (max-width: 252px) 100vw, 252px\" \/><\/figure><\/div>\n\n\n\n<p>Doutor em educa\u00e7\u00e3o pela Universidade de S\u00e3o Paulo (USP) e p\u00f3s-doutor em lingu\u00edstica pela Universidade Federal de S\u00e3o Carlos (UFSCar), Daniel Munduruku \u00e9 hoje uma das mais importantes vozes da literatura ind\u00edgena brasileira e acumula dois pr\u00eamios Jabuti, al\u00e9m de outros tantos pr\u00eamios no Brasil e no exterior. Possui mais de 50 livros publicados, dois deles pela editora Moderna <em>(Antologia de contos ind\u00edgenas de ensinamento \u2014 Tempo de hist\u00f3rias e Cr\u00f4nicas ind\u00edgenas para rir e refletir na escola),<\/em> al\u00e9m de <em>Esta\u00e7\u00f5es, <\/em>com ilustra\u00e7\u00f5es de Marilda Castanha, tamb\u00e9m previsto para sair este ano.<\/p>\n\n\n\n<div class=\"wp-block-image\"><figure class=\"aligncenter size-large\"><img loading=\"lazy\" decoding=\"async\" width=\"300\" height=\"222\" src=\"https:\/\/jornalfatosenoticias.com.br\/wp-content\/uploads\/2023\/03\/logo_Juliana-Graca.jpg\" alt=\"\" class=\"wp-image-39283\"\/><\/figure><\/div>\n\n\n\n<p><strong><em>Fonte: <a href=\"https:\/\/revistaeducacao.com.br\/2023\/04\/19\/escritores-literatura-indigena\/\">Revista Educa\u00e7\u00e3o<\/a><\/em><\/strong><\/p>\n","protected":false},"excerpt":{"rendered":"<p>Autor Kak\u00e1 Wer\u00e1 e Daniel Munduruku lan\u00e7ar\u00e3o novas obras ainda esse ano Nos \u00faltimos anos, com o desafio da mudan\u00e7a clim\u00e1tica e a exposi\u00e7\u00e3o frequente na m\u00eddia de conflitos enfrentados pelos povos ind\u00edgenas, os olhares do Brasil e do mundo se voltam cada vez mais para essa popula\u00e7\u00e3o. E na busca pelo conhecimento mais aprofundado [&hellip;]<\/p>\n","protected":false},"author":2,"featured_media":41273,"comment_status":"open","ping_status":"open","sticky":false,"template":"","format":"standard","meta":{"footnotes":""},"categories":[4],"tags":[19368,1467,19369,19370,19371,4196],"class_list":["post-41270","post","type-post","status-publish","format-standard","has-post-thumbnail","hentry","category-cultura","tag-autores-indigenas","tag-daniel-munduruku","tag-editora-moderna","tag-escritores-indigenas","tag-kaka-wera","tag-literatura-indigena"],"yoast_head":"<!-- This site is optimized with the Yoast SEO plugin v26.5 - https:\/\/yoast.com\/wordpress\/plugins\/seo\/ -->\n<title>Escritores ind\u00edgenas se destacam na literatura - Jornal Fatos e Not\u00edcias<\/title>\n<meta name=\"robots\" content=\"index, follow, max-snippet:-1, max-image-preview:large, max-video-preview:-1\" \/>\n<link rel=\"canonical\" href=\"https:\/\/jornalfatosenoticias.com.br\/index.php\/2023\/05\/09\/escritores-indigenas-se-destacam-na-literatura\/\" \/>\n<meta property=\"og:locale\" content=\"pt_BR\" \/>\n<meta property=\"og:type\" content=\"article\" \/>\n<meta property=\"og:title\" content=\"Escritores ind\u00edgenas se destacam na literatura - Jornal Fatos e Not\u00edcias\" \/>\n<meta property=\"og:description\" content=\"Autor Kak\u00e1 Wer\u00e1 e Daniel Munduruku lan\u00e7ar\u00e3o novas obras ainda esse ano Nos \u00faltimos anos, com o desafio da mudan\u00e7a clim\u00e1tica e a exposi\u00e7\u00e3o frequente na m\u00eddia de conflitos enfrentados pelos povos ind\u00edgenas, os olhares do Brasil e do mundo se voltam cada vez mais para essa popula\u00e7\u00e3o. E na busca pelo conhecimento mais aprofundado [&hellip;]\" \/>\n<meta property=\"og:url\" content=\"https:\/\/jornalfatosenoticias.com.br\/index.php\/2023\/05\/09\/escritores-indigenas-se-destacam-na-literatura\/\" \/>\n<meta property=\"og:site_name\" content=\"Jornal Fatos e Not\u00edcias\" \/>\n<meta property=\"article:published_time\" content=\"2023-05-09T13:33:51+00:00\" \/>\n<meta property=\"article:modified_time\" content=\"2023-05-09T13:33:53+00:00\" \/>\n<meta property=\"og:image\" content=\"https:\/\/jornalfatosenoticias.com.br\/wp-content\/uploads\/2023\/05\/escritores-indigenas.jpg\" \/>\n\t<meta property=\"og:image:width\" content=\"850\" \/>\n\t<meta property=\"og:image:height\" content=\"431\" \/>\n\t<meta property=\"og:image:type\" content=\"image\/jpeg\" \/>\n<meta name=\"author\" content=\"Luzimara Fernandes\" \/>\n<meta name=\"twitter:card\" content=\"summary_large_image\" \/>\n<meta name=\"twitter:label1\" content=\"Escrito por\" \/>\n\t<meta name=\"twitter:data1\" content=\"Luzimara Fernandes\" \/>\n\t<meta name=\"twitter:label2\" content=\"Est. tempo de leitura\" \/>\n\t<meta name=\"twitter:data2\" content=\"3 minutos\" \/>\n<script type=\"application\/ld+json\" class=\"yoast-schema-graph\">{\"@context\":\"https:\/\/schema.org\",\"@graph\":[{\"@type\":\"Article\",\"@id\":\"https:\/\/jornalfatosenoticias.com.br\/index.php\/2023\/05\/09\/escritores-indigenas-se-destacam-na-literatura\/#article\",\"isPartOf\":{\"@id\":\"https:\/\/jornalfatosenoticias.com.br\/index.php\/2023\/05\/09\/escritores-indigenas-se-destacam-na-literatura\/\"},\"author\":{\"name\":\"Luzimara Fernandes\",\"@id\":\"https:\/\/jornalfatosenoticias.com.br\/#\/schema\/person\/d63837fa13ac8666eb9e74e0985d6f81\"},\"headline\":\"Escritores ind\u00edgenas se destacam na literatura\",\"datePublished\":\"2023-05-09T13:33:51+00:00\",\"dateModified\":\"2023-05-09T13:33:53+00:00\",\"mainEntityOfPage\":{\"@id\":\"https:\/\/jornalfatosenoticias.com.br\/index.php\/2023\/05\/09\/escritores-indigenas-se-destacam-na-literatura\/\"},\"wordCount\":572,\"commentCount\":0,\"publisher\":{\"@id\":\"https:\/\/jornalfatosenoticias.com.br\/#organization\"},\"image\":{\"@id\":\"https:\/\/jornalfatosenoticias.com.br\/index.php\/2023\/05\/09\/escritores-indigenas-se-destacam-na-literatura\/#primaryimage\"},\"thumbnailUrl\":\"https:\/\/jornalfatosenoticias.com.br\/wp-content\/uploads\/2023\/05\/escritores-indigenas.jpg\",\"keywords\":[\"autores ind\u00edgenas\",\"Daniel Munduruku\",\"Editora Moderna\",\"escritores ind\u00edgenas\",\"Kak\u00e1 Wer\u00e1\",\"literatura ind\u00edgena\"],\"articleSection\":[\"Cultura\"],\"inLanguage\":\"pt-BR\",\"potentialAction\":[{\"@type\":\"CommentAction\",\"name\":\"Comment\",\"target\":[\"https:\/\/jornalfatosenoticias.com.br\/index.php\/2023\/05\/09\/escritores-indigenas-se-destacam-na-literatura\/#respond\"]}]},{\"@type\":\"WebPage\",\"@id\":\"https:\/\/jornalfatosenoticias.com.br\/index.php\/2023\/05\/09\/escritores-indigenas-se-destacam-na-literatura\/\",\"url\":\"https:\/\/jornalfatosenoticias.com.br\/index.php\/2023\/05\/09\/escritores-indigenas-se-destacam-na-literatura\/\",\"name\":\"Escritores ind\u00edgenas se destacam na literatura - Jornal Fatos e Not\u00edcias\",\"isPartOf\":{\"@id\":\"https:\/\/jornalfatosenoticias.com.br\/#website\"},\"primaryImageOfPage\":{\"@id\":\"https:\/\/jornalfatosenoticias.com.br\/index.php\/2023\/05\/09\/escritores-indigenas-se-destacam-na-literatura\/#primaryimage\"},\"image\":{\"@id\":\"https:\/\/jornalfatosenoticias.com.br\/index.php\/2023\/05\/09\/escritores-indigenas-se-destacam-na-literatura\/#primaryimage\"},\"thumbnailUrl\":\"https:\/\/jornalfatosenoticias.com.br\/wp-content\/uploads\/2023\/05\/escritores-indigenas.jpg\",\"datePublished\":\"2023-05-09T13:33:51+00:00\",\"dateModified\":\"2023-05-09T13:33:53+00:00\",\"breadcrumb\":{\"@id\":\"https:\/\/jornalfatosenoticias.com.br\/index.php\/2023\/05\/09\/escritores-indigenas-se-destacam-na-literatura\/#breadcrumb\"},\"inLanguage\":\"pt-BR\",\"potentialAction\":[{\"@type\":\"ReadAction\",\"target\":[\"https:\/\/jornalfatosenoticias.com.br\/index.php\/2023\/05\/09\/escritores-indigenas-se-destacam-na-literatura\/\"]}]},{\"@type\":\"ImageObject\",\"inLanguage\":\"pt-BR\",\"@id\":\"https:\/\/jornalfatosenoticias.com.br\/index.php\/2023\/05\/09\/escritores-indigenas-se-destacam-na-literatura\/#primaryimage\",\"url\":\"https:\/\/jornalfatosenoticias.com.br\/wp-content\/uploads\/2023\/05\/escritores-indigenas.jpg\",\"contentUrl\":\"https:\/\/jornalfatosenoticias.com.br\/wp-content\/uploads\/2023\/05\/escritores-indigenas.jpg\",\"width\":850,\"height\":431},{\"@type\":\"BreadcrumbList\",\"@id\":\"https:\/\/jornalfatosenoticias.com.br\/index.php\/2023\/05\/09\/escritores-indigenas-se-destacam-na-literatura\/#breadcrumb\",\"itemListElement\":[{\"@type\":\"ListItem\",\"position\":1,\"name\":\"In\u00edcio\",\"item\":\"https:\/\/jornalfatosenoticias.com.br\/\"},{\"@type\":\"ListItem\",\"position\":2,\"name\":\"Escritores ind\u00edgenas se destacam na literatura\"}]},{\"@type\":\"WebSite\",\"@id\":\"https:\/\/jornalfatosenoticias.com.br\/#website\",\"url\":\"https:\/\/jornalfatosenoticias.com.br\/\",\"name\":\"Jornal Fatos e Not\u00edcias\",\"description\":\"Not\u00edcias em geral\",\"publisher\":{\"@id\":\"https:\/\/jornalfatosenoticias.com.br\/#organization\"},\"potentialAction\":[{\"@type\":\"SearchAction\",\"target\":{\"@type\":\"EntryPoint\",\"urlTemplate\":\"https:\/\/jornalfatosenoticias.com.br\/?s={search_term_string}\"},\"query-input\":{\"@type\":\"PropertyValueSpecification\",\"valueRequired\":true,\"valueName\":\"search_term_string\"}}],\"inLanguage\":\"pt-BR\"},{\"@type\":\"Organization\",\"@id\":\"https:\/\/jornalfatosenoticias.com.br\/#organization\",\"name\":\"Jornal Fatos e Not\u00edcias\",\"url\":\"https:\/\/jornalfatosenoticias.com.br\/\",\"logo\":{\"@type\":\"ImageObject\",\"inLanguage\":\"pt-BR\",\"@id\":\"https:\/\/jornalfatosenoticias.com.br\/#\/schema\/logo\/image\/\",\"url\":\"https:\/\/jornalfatosenoticias.com.br\/wp-content\/uploads\/2020\/02\/logo120.png\",\"contentUrl\":\"https:\/\/jornalfatosenoticias.com.br\/wp-content\/uploads\/2020\/02\/logo120.png\",\"width\":1227,\"height\":120,\"caption\":\"Jornal Fatos e Not\u00edcias\"},\"image\":{\"@id\":\"https:\/\/jornalfatosenoticias.com.br\/#\/schema\/logo\/image\/\"}},{\"@type\":\"Person\",\"@id\":\"https:\/\/jornalfatosenoticias.com.br\/#\/schema\/person\/d63837fa13ac8666eb9e74e0985d6f81\",\"name\":\"Luzimara Fernandes\",\"image\":{\"@type\":\"ImageObject\",\"inLanguage\":\"pt-BR\",\"@id\":\"https:\/\/jornalfatosenoticias.com.br\/#\/schema\/person\/image\/\",\"url\":\"https:\/\/jornalfatosenoticias.com.br\/wp-content\/uploads\/2025\/05\/EU_portal.jpg\",\"contentUrl\":\"https:\/\/jornalfatosenoticias.com.br\/wp-content\/uploads\/2025\/05\/EU_portal.jpg\",\"caption\":\"Luzimara Fernandes\"},\"description\":\"Jornalista MTB 2358-ES\",\"sameAs\":[\"https:\/\/jornalfatosenoticias.com.br\"],\"url\":\"https:\/\/jornalfatosenoticias.com.br\/index.php\/author\/luzimara\/\"}]}<\/script>\n<!-- \/ Yoast SEO plugin. -->","yoast_head_json":{"title":"Escritores ind\u00edgenas se destacam na literatura - Jornal Fatos e Not\u00edcias","robots":{"index":"index","follow":"follow","max-snippet":"max-snippet:-1","max-image-preview":"max-image-preview:large","max-video-preview":"max-video-preview:-1"},"canonical":"https:\/\/jornalfatosenoticias.com.br\/index.php\/2023\/05\/09\/escritores-indigenas-se-destacam-na-literatura\/","og_locale":"pt_BR","og_type":"article","og_title":"Escritores ind\u00edgenas se destacam na literatura - Jornal Fatos e Not\u00edcias","og_description":"Autor Kak\u00e1 Wer\u00e1 e Daniel Munduruku lan\u00e7ar\u00e3o novas obras ainda esse ano Nos \u00faltimos anos, com o desafio da mudan\u00e7a clim\u00e1tica e a exposi\u00e7\u00e3o frequente na m\u00eddia de conflitos enfrentados pelos povos ind\u00edgenas, os olhares do Brasil e do mundo se voltam cada vez mais para essa popula\u00e7\u00e3o. E na busca pelo conhecimento mais aprofundado [&hellip;]","og_url":"https:\/\/jornalfatosenoticias.com.br\/index.php\/2023\/05\/09\/escritores-indigenas-se-destacam-na-literatura\/","og_site_name":"Jornal Fatos e Not\u00edcias","article_published_time":"2023-05-09T13:33:51+00:00","article_modified_time":"2023-05-09T13:33:53+00:00","og_image":[{"width":850,"height":431,"url":"https:\/\/jornalfatosenoticias.com.br\/wp-content\/uploads\/2023\/05\/escritores-indigenas.jpg","type":"image\/jpeg"}],"author":"Luzimara Fernandes","twitter_card":"summary_large_image","twitter_misc":{"Escrito por":"Luzimara Fernandes","Est. tempo de leitura":"3 minutos"},"schema":{"@context":"https:\/\/schema.org","@graph":[{"@type":"Article","@id":"https:\/\/jornalfatosenoticias.com.br\/index.php\/2023\/05\/09\/escritores-indigenas-se-destacam-na-literatura\/#article","isPartOf":{"@id":"https:\/\/jornalfatosenoticias.com.br\/index.php\/2023\/05\/09\/escritores-indigenas-se-destacam-na-literatura\/"},"author":{"name":"Luzimara Fernandes","@id":"https:\/\/jornalfatosenoticias.com.br\/#\/schema\/person\/d63837fa13ac8666eb9e74e0985d6f81"},"headline":"Escritores ind\u00edgenas se destacam na literatura","datePublished":"2023-05-09T13:33:51+00:00","dateModified":"2023-05-09T13:33:53+00:00","mainEntityOfPage":{"@id":"https:\/\/jornalfatosenoticias.com.br\/index.php\/2023\/05\/09\/escritores-indigenas-se-destacam-na-literatura\/"},"wordCount":572,"commentCount":0,"publisher":{"@id":"https:\/\/jornalfatosenoticias.com.br\/#organization"},"image":{"@id":"https:\/\/jornalfatosenoticias.com.br\/index.php\/2023\/05\/09\/escritores-indigenas-se-destacam-na-literatura\/#primaryimage"},"thumbnailUrl":"https:\/\/jornalfatosenoticias.com.br\/wp-content\/uploads\/2023\/05\/escritores-indigenas.jpg","keywords":["autores ind\u00edgenas","Daniel Munduruku","Editora Moderna","escritores ind\u00edgenas","Kak\u00e1 Wer\u00e1","literatura ind\u00edgena"],"articleSection":["Cultura"],"inLanguage":"pt-BR","potentialAction":[{"@type":"CommentAction","name":"Comment","target":["https:\/\/jornalfatosenoticias.com.br\/index.php\/2023\/05\/09\/escritores-indigenas-se-destacam-na-literatura\/#respond"]}]},{"@type":"WebPage","@id":"https:\/\/jornalfatosenoticias.com.br\/index.php\/2023\/05\/09\/escritores-indigenas-se-destacam-na-literatura\/","url":"https:\/\/jornalfatosenoticias.com.br\/index.php\/2023\/05\/09\/escritores-indigenas-se-destacam-na-literatura\/","name":"Escritores ind\u00edgenas se destacam na literatura - Jornal Fatos e Not\u00edcias","isPartOf":{"@id":"https:\/\/jornalfatosenoticias.com.br\/#website"},"primaryImageOfPage":{"@id":"https:\/\/jornalfatosenoticias.com.br\/index.php\/2023\/05\/09\/escritores-indigenas-se-destacam-na-literatura\/#primaryimage"},"image":{"@id":"https:\/\/jornalfatosenoticias.com.br\/index.php\/2023\/05\/09\/escritores-indigenas-se-destacam-na-literatura\/#primaryimage"},"thumbnailUrl":"https:\/\/jornalfatosenoticias.com.br\/wp-content\/uploads\/2023\/05\/escritores-indigenas.jpg","datePublished":"2023-05-09T13:33:51+00:00","dateModified":"2023-05-09T13:33:53+00:00","breadcrumb":{"@id":"https:\/\/jornalfatosenoticias.com.br\/index.php\/2023\/05\/09\/escritores-indigenas-se-destacam-na-literatura\/#breadcrumb"},"inLanguage":"pt-BR","potentialAction":[{"@type":"ReadAction","target":["https:\/\/jornalfatosenoticias.com.br\/index.php\/2023\/05\/09\/escritores-indigenas-se-destacam-na-literatura\/"]}]},{"@type":"ImageObject","inLanguage":"pt-BR","@id":"https:\/\/jornalfatosenoticias.com.br\/index.php\/2023\/05\/09\/escritores-indigenas-se-destacam-na-literatura\/#primaryimage","url":"https:\/\/jornalfatosenoticias.com.br\/wp-content\/uploads\/2023\/05\/escritores-indigenas.jpg","contentUrl":"https:\/\/jornalfatosenoticias.com.br\/wp-content\/uploads\/2023\/05\/escritores-indigenas.jpg","width":850,"height":431},{"@type":"BreadcrumbList","@id":"https:\/\/jornalfatosenoticias.com.br\/index.php\/2023\/05\/09\/escritores-indigenas-se-destacam-na-literatura\/#breadcrumb","itemListElement":[{"@type":"ListItem","position":1,"name":"In\u00edcio","item":"https:\/\/jornalfatosenoticias.com.br\/"},{"@type":"ListItem","position":2,"name":"Escritores ind\u00edgenas se destacam na literatura"}]},{"@type":"WebSite","@id":"https:\/\/jornalfatosenoticias.com.br\/#website","url":"https:\/\/jornalfatosenoticias.com.br\/","name":"Jornal Fatos e Not\u00edcias","description":"Not\u00edcias em geral","publisher":{"@id":"https:\/\/jornalfatosenoticias.com.br\/#organization"},"potentialAction":[{"@type":"SearchAction","target":{"@type":"EntryPoint","urlTemplate":"https:\/\/jornalfatosenoticias.com.br\/?s={search_term_string}"},"query-input":{"@type":"PropertyValueSpecification","valueRequired":true,"valueName":"search_term_string"}}],"inLanguage":"pt-BR"},{"@type":"Organization","@id":"https:\/\/jornalfatosenoticias.com.br\/#organization","name":"Jornal Fatos e Not\u00edcias","url":"https:\/\/jornalfatosenoticias.com.br\/","logo":{"@type":"ImageObject","inLanguage":"pt-BR","@id":"https:\/\/jornalfatosenoticias.com.br\/#\/schema\/logo\/image\/","url":"https:\/\/jornalfatosenoticias.com.br\/wp-content\/uploads\/2020\/02\/logo120.png","contentUrl":"https:\/\/jornalfatosenoticias.com.br\/wp-content\/uploads\/2020\/02\/logo120.png","width":1227,"height":120,"caption":"Jornal Fatos e Not\u00edcias"},"image":{"@id":"https:\/\/jornalfatosenoticias.com.br\/#\/schema\/logo\/image\/"}},{"@type":"Person","@id":"https:\/\/jornalfatosenoticias.com.br\/#\/schema\/person\/d63837fa13ac8666eb9e74e0985d6f81","name":"Luzimara Fernandes","image":{"@type":"ImageObject","inLanguage":"pt-BR","@id":"https:\/\/jornalfatosenoticias.com.br\/#\/schema\/person\/image\/","url":"https:\/\/jornalfatosenoticias.com.br\/wp-content\/uploads\/2025\/05\/EU_portal.jpg","contentUrl":"https:\/\/jornalfatosenoticias.com.br\/wp-content\/uploads\/2025\/05\/EU_portal.jpg","caption":"Luzimara Fernandes"},"description":"Jornalista MTB 2358-ES","sameAs":["https:\/\/jornalfatosenoticias.com.br"],"url":"https:\/\/jornalfatosenoticias.com.br\/index.php\/author\/luzimara\/"}]}},"cc_featured_image_caption":{"caption_text":"(Foto: Divulga\u00e7\u00e3o) ","source_text":"","source_url":""},"jetpack_featured_media_url":"https:\/\/jornalfatosenoticias.com.br\/wp-content\/uploads\/2023\/05\/escritores-indigenas.jpg","_links":{"self":[{"href":"https:\/\/jornalfatosenoticias.com.br\/index.php\/wp-json\/wp\/v2\/posts\/41270","targetHints":{"allow":["GET"]}}],"collection":[{"href":"https:\/\/jornalfatosenoticias.com.br\/index.php\/wp-json\/wp\/v2\/posts"}],"about":[{"href":"https:\/\/jornalfatosenoticias.com.br\/index.php\/wp-json\/wp\/v2\/types\/post"}],"author":[{"embeddable":true,"href":"https:\/\/jornalfatosenoticias.com.br\/index.php\/wp-json\/wp\/v2\/users\/2"}],"replies":[{"embeddable":true,"href":"https:\/\/jornalfatosenoticias.com.br\/index.php\/wp-json\/wp\/v2\/comments?post=41270"}],"version-history":[{"count":0,"href":"https:\/\/jornalfatosenoticias.com.br\/index.php\/wp-json\/wp\/v2\/posts\/41270\/revisions"}],"wp:featuredmedia":[{"embeddable":true,"href":"https:\/\/jornalfatosenoticias.com.br\/index.php\/wp-json\/wp\/v2\/media\/41273"}],"wp:attachment":[{"href":"https:\/\/jornalfatosenoticias.com.br\/index.php\/wp-json\/wp\/v2\/media?parent=41270"}],"wp:term":[{"taxonomy":"category","embeddable":true,"href":"https:\/\/jornalfatosenoticias.com.br\/index.php\/wp-json\/wp\/v2\/categories?post=41270"},{"taxonomy":"post_tag","embeddable":true,"href":"https:\/\/jornalfatosenoticias.com.br\/index.php\/wp-json\/wp\/v2\/tags?post=41270"}],"curies":[{"name":"wp","href":"https:\/\/api.w.org\/{rel}","templated":true}]}}