{"id":41275,"date":"2023-05-09T10:45:05","date_gmt":"2023-05-09T13:45:05","guid":{"rendered":"https:\/\/jornalfatosenoticias.com.br\/?p=41275"},"modified":"2023-05-09T10:45:07","modified_gmt":"2023-05-09T13:45:07","slug":"pesquisa-diz-que-celular-prejudica-o-cerebro","status":"publish","type":"post","link":"https:\/\/jornalfatosenoticias.com.br\/index.php\/2023\/05\/09\/pesquisa-diz-que-celular-prejudica-o-cerebro\/","title":{"rendered":"Pesquisa diz que celular prejudica o c\u00e9rebro"},"content":{"rendered":"\n<p><em><span class=\"has-inline-color has-black-color\">O uso excessivo de dispositivos digitais como celulares afeta o c\u00e9rebro, resultando em uma &#8220;drenagem cerebral&#8221;, diz estudo<\/span><\/em><\/p>\n\n\n\n<p><em><span class=\"has-inline-color has-black-color\">Por: <strong><a href=\"https:\/\/olhardigital.com.br\/author\/ana-figueiredo\/\">Ana Luiza Figueiredo<\/a><\/strong><\/span><\/em><\/p>\n\n\n\n<div class=\"wp-block-image\"><figure class=\"aligncenter size-large is-resized\"><img loading=\"lazy\" decoding=\"async\" src=\"https:\/\/jornalfatosenoticias.com.br\/wp-content\/uploads\/2023\/04\/Logo_MasterMind.jpg\" alt=\"\" class=\"wp-image-40974\" width=\"235\" height=\"171\"\/><\/figure><\/div>\n\n\n\n<p>O n\u00famero de <a href=\"https:\/\/olhardigital.com.br\/tag\/celulares\/\" target=\"_blank\" rel=\"noreferrer noopener\">celulares<\/a>\u00a0no Brasil j\u00e1 ultrapassou a quantidade de habitantes do\u00a0<a href=\"https:\/\/olhardigital.com.br\/tag\/brasil\/\" target=\"_blank\" rel=\"noreferrer noopener\">Pa\u00eds<\/a>, e n\u00e3o \u00e9 apenas a quantidade de aparelhos que aumentou rapidamente, mas o n\u00famero de horas por dia dedicadas a eles. O dado \u00e9 do Centro de Tecnologia de Informa\u00e7\u00e3o Aplicada da Escola de Administra\u00e7\u00e3o de Empresas de S\u00e3o Paulo, da Funda\u00e7\u00e3o Get\u00falio Vargas (FGVcia).<br>O Brasil \u00e9 o segundo Pa\u00eds que passa mais tempo do dia no uso de telas, atr\u00e1s apenas da \u00c1frica do Sul: s\u00e3o cerca de nove horas e 32 minutos, quatro apenas nas <a href=\"https:\/\/olhardigital.com.br\/tag\/redes-sociais\/\" target=\"_blank\" rel=\"noreferrer noopener\">redes sociais<\/a>, o que representa 58,2% do tempo m\u00e9dio em que um brasileiro est\u00e1 acordado, segundo dados do Digital 2023: Global Overview Report e do aplicativo Sleep Cycle, analisados pela Eletronics Hub.<\/p>\n\n\n\n<div class=\"wp-block-image\"><figure class=\"aligncenter size-large\"><img loading=\"lazy\" decoding=\"async\" width=\"300\" height=\"222\" src=\"https:\/\/jornalfatosenoticias.com.br\/wp-content\/uploads\/2023\/03\/logo_Juliana-Graca.jpg\" alt=\"\" class=\"wp-image-39283\"\/><\/figure><\/div>\n\n\n\n<p>Ao passo que mais e mais horas s\u00e3o gastas com o uso de celulares, e que as novas gera\u00e7\u00f5es provavelmente utilizar\u00e3o os aparelhos desde o nascimento at\u00e9 a morte, especialistas chamam aten\u00e7\u00e3o para a import\u00e2ncia de falarmos sobre um conceito chave na vida moderna: educa\u00e7\u00e3o digital.<\/p>\n\n\n\n<div class=\"wp-block-image\"><figure class=\"aligncenter size-large\"><img decoding=\"async\" src=\"https:\/\/jornalfatosenoticias.com.br\/wp-content\/uploads\/2020\/02\/barao-das-carnes-300x164-1.jpg\" alt=\"\" class=\"wp-image-34339\"\/><\/figure><\/div>\n\n\n\n<p>Afinal, esse uso recorrente do dispositivo n\u00e3o \u00e9 isento de riscos e provoca at\u00e9 mesmo altera\u00e7\u00f5es no funcionamento <a href=\"https:\/\/olhardigital.com.br\/tag\/cerebro\/\" target=\"_blank\" rel=\"noreferrer noopener\">cerebral<\/a>. Os especialistas alertam principalmente para efeitos na cogni\u00e7\u00e3o, na aten\u00e7\u00e3o, na mem\u00f3ria, mas tamb\u00e9m para os impactos na autoestima e no desenvolvimento de quadros de depend\u00eancia \u2014 muito associados aos contextos de exposi\u00e7\u00e3o e de acompanhar as vidas alheias nas plataformas sociais.<\/p>\n\n\n\n<div class=\"wp-block-image\"><figure class=\"aligncenter size-large\"><img loading=\"lazy\" decoding=\"async\" width=\"250\" height=\"250\" src=\"https:\/\/jornalfatosenoticias.com.br\/wp-content\/uploads\/2023\/04\/baile.jpg\" alt=\"\" class=\"wp-image-40627\" srcset=\"https:\/\/jornalfatosenoticias.com.br\/wp-content\/uploads\/2023\/04\/baile.jpg 250w, https:\/\/jornalfatosenoticias.com.br\/wp-content\/uploads\/2023\/04\/baile-150x150.jpg 150w\" sizes=\"auto, (max-width: 250px) 100vw, 250px\" \/><\/figure><\/div>\n\n\n\n<p>Estudos realizados na \u00e1rea avaliam o impacto do uso excessivo de celulares no c\u00e9rebro. Um dos trabalhos mais conhecidos sobre o tema, publicado no peri\u00f3dico Journal of the Association for Consumer Research, concebeu o termo \u201cdrenagem cerebral\u201d ao avaliar o impacto da simples presen\u00e7a de um smartphone no mesmo local que o indiv\u00edduo na cogni\u00e7\u00e3o.<\/p>\n\n\n\n<div class=\"wp-block-image\"><figure class=\"aligncenter size-large is-resized\"><img loading=\"lazy\" decoding=\"async\" src=\"https:\/\/jornalfatosenoticias.com.br\/wp-content\/uploads\/2020\/02\/casa-do-torresmo_portal.jpg\" alt=\"\" class=\"wp-image-34472\" width=\"240\" height=\"240\" srcset=\"https:\/\/jornalfatosenoticias.com.br\/wp-content\/uploads\/2020\/02\/casa-do-torresmo_portal.jpg 300w, https:\/\/jornalfatosenoticias.com.br\/wp-content\/uploads\/2020\/02\/casa-do-torresmo_portal-150x150.jpg 150w\" sizes=\"auto, (max-width: 240px) 100vw, 240px\" \/><\/figure><\/div>\n\n\n\n<p>Os pesquisadores queriam testar a hip\u00f3tese de que o fato de o aparelho estar no local j\u00e1 faz com que as pessoas direcionem recursos cognitivos para ele, como pensando nas tarefas que precisam realizar ou nas notifica\u00e7\u00f5es que podem estar perdendo. Com isso, menos recursos estariam dispon\u00edveis para outras atividades, que teriam o desempenho prejudicado.<\/p>\n\n\n\n<div class=\"wp-block-image\"><figure class=\"aligncenter size-large\"><img decoding=\"async\" src=\"https:\/\/jornalfatosenoticias.com.br\/wp-content\/uploads\/2020\/02\/logo_esteio.jpg\" alt=\"\" class=\"wp-image-1214\"\/><\/figure><\/div>\n\n\n\n<p>O <a href=\"https:\/\/olhardigital.com.br\/tag\/estudo\/\" target=\"_blank\" rel=\"noreferrer noopener\">estudo<\/a> foi dividido em duas partes, em que uma os participantes precisavam se lembrar de palavras e, na outra, resolver problemas matem\u00e1ticos. Em ambos, os volunt\u00e1rios foram divididos em grupos em que cada um estava com o celular em um local: na mesa, no bolso ou na sala ao lado. Quanto mais longe o telefone estava, melhor foi o resultado da tarefa.<\/p>\n\n\n\n<div class=\"wp-block-image\"><figure class=\"aligncenter size-large\"><img loading=\"lazy\" decoding=\"async\" width=\"300\" height=\"250\" src=\"https:\/\/jornalfatosenoticias.com.br\/wp-content\/uploads\/2022\/08\/arte-Casarao.jpg\" alt=\"\" class=\"wp-image-33178\"\/><\/figure><\/div>\n\n\n\n<blockquote class=\"wp-block-quote is-layout-flow wp-block-quote-is-layout-flow\"><p><span class=\"has-inline-color has-luminous-vivid-orange-color\">Os resultados dos dois experimentos indicam que mesmo quando as pessoas conseguem manter a aten\u00e7\u00e3o sustentada \u2014 como ao evitar a tenta\u00e7\u00e3o de verificar seus telefones \u2014 a mera presen\u00e7a desses dispositivos reduz a capacidade cognitiva dispon\u00edvel (\u2026) (Ou seja) mesmo quando voc\u00ea n\u00e3o est\u00e1 pensando conscientemente em seu telefone, o processo de n\u00e3o pensar em seu telefone requer alguns recursos cognitivos&#8221;, diz trecho do artigo.<\/span><\/p><\/blockquote>\n\n\n\n<div class=\"wp-block-image\"><figure class=\"aligncenter size-large is-resized\"><img loading=\"lazy\" decoding=\"async\" src=\"https:\/\/jornalfatosenoticias.com.br\/wp-content\/uploads\/2023\/03\/nova-logo-Marquetti.jpg\" alt=\"\" class=\"wp-image-40207\" width=\"246\" height=\"165\" srcset=\"https:\/\/jornalfatosenoticias.com.br\/wp-content\/uploads\/2023\/03\/nova-logo-Marquetti.jpg 643w, https:\/\/jornalfatosenoticias.com.br\/wp-content\/uploads\/2023\/03\/nova-logo-Marquetti-300x202.jpg 300w\" sizes=\"auto, (max-width: 246px) 100vw, 246px\" \/><\/figure><\/div>\n\n\n\n<p><strong><span class=\"has-inline-color has-vivid-red-color\">Outros impactos dos celulares no c\u00e9rebro<br><\/span><\/strong>Al\u00e9m da diminui\u00e7\u00e3o da capacidade de concentra\u00e7\u00e3o, a tecnologia tamb\u00e9m afeta a mem\u00f3ria e pode causar pregui\u00e7a mental. A psiquiatra e pesquisadora em depend\u00eancias tecnol\u00f3gicas, Julia Khoury, explica que a rapidez e intensidade dos est\u00edmulos do celular geram dopamina, horm\u00f4nio do prazer, que libera impulsos no c\u00f3rtex pr\u00e9-frontal do c\u00e9rebro, respons\u00e1vel por controlar nossos impulsos e permitir a concentra\u00e7\u00e3o a longo prazo.<\/p>\n\n\n\n<div class=\"wp-block-image\"><figure class=\"aligncenter size-large is-resized\"><img loading=\"lazy\" decoding=\"async\" src=\"https:\/\/jornalfatosenoticias.com.br\/wp-content\/uploads\/2022\/10\/Arte-jornal-Zucchi-600x600_Prancheta-1-1024x1024.jpg\" alt=\"\" class=\"wp-image-34782\" width=\"247\" height=\"247\" srcset=\"https:\/\/jornalfatosenoticias.com.br\/wp-content\/uploads\/2022\/10\/Arte-jornal-Zucchi-600x600_Prancheta-1-1024x1024.jpg 1024w, https:\/\/jornalfatosenoticias.com.br\/wp-content\/uploads\/2022\/10\/Arte-jornal-Zucchi-600x600_Prancheta-1-300x300.jpg 300w, https:\/\/jornalfatosenoticias.com.br\/wp-content\/uploads\/2022\/10\/Arte-jornal-Zucchi-600x600_Prancheta-1-150x150.jpg 150w, https:\/\/jornalfatosenoticias.com.br\/wp-content\/uploads\/2022\/10\/Arte-jornal-Zucchi-600x600_Prancheta-1-768x768.jpg 768w, https:\/\/jornalfatosenoticias.com.br\/wp-content\/uploads\/2022\/10\/Arte-jornal-Zucchi-600x600_Prancheta-1.jpg 1250w\" sizes=\"auto, (max-width: 247px) 100vw, 247px\" \/><\/figure><\/div>\n\n\n\n<p>Por outro lado, o uso excessivo dos dispositivos digitais leva as pessoas a exercitarem cada vez menos a pr\u00f3pria mem\u00f3ria, pois delegam ao celular o armazenamento das informa\u00e7\u00f5es. Segundo a neurocientista Yoojin Chae Min, quanto menos se exercita a mem\u00f3ria, menor \u00e9 a capacidade cognitiva de armazenar informa\u00e7\u00f5es por conta pr\u00f3pria.<\/p>\n\n\n\n<div class=\"wp-block-image\"><figure class=\"aligncenter size-large is-resized\"><img loading=\"lazy\" decoding=\"async\" src=\"https:\/\/jornalfatosenoticias.com.br\/wp-content\/uploads\/2023\/03\/logo-Panper_portal.jpg\" alt=\"\" class=\"wp-image-40208\" width=\"272\" height=\"189\" srcset=\"https:\/\/jornalfatosenoticias.com.br\/wp-content\/uploads\/2023\/03\/logo-Panper_portal.jpg 400w, https:\/\/jornalfatosenoticias.com.br\/wp-content\/uploads\/2023\/03\/logo-Panper_portal-300x208.jpg 300w\" sizes=\"auto, (max-width: 272px) 100vw, 272px\" \/><\/figure><\/div>\n\n\n\n<p>Um estudo da Universidade de Waterloo, no Canad\u00e1, mostrou que o uso de smartphones pode fazer as pessoas buscarem e confiarem em informa\u00e7\u00f5es fornecidas pelos dispositivos do que por sua pr\u00f3pria mente, tornando-as mais pregui\u00e7osas mentalmente. J\u00e1 um estudo da Universidade de Showa, no Jap\u00e3o, comparou a leitura em telas e em papel, e descobriu que a leitura em smartphones resulta em compreens\u00e3o reduzida, hiperatividade cerebral no c\u00f3rtex pr\u00e9-frontal e menos suspiros.<\/p>\n\n\n\n<div class=\"wp-block-image\"><figure class=\"aligncenter size-large is-resized\"><img loading=\"lazy\" decoding=\"async\" src=\"https:\/\/jornalfatosenoticias.com.br\/wp-content\/uploads\/2022\/10\/RC_800x750_page-0001.jpg\" alt=\"\" class=\"wp-image-35338\" width=\"245\" height=\"230\" srcset=\"https:\/\/jornalfatosenoticias.com.br\/wp-content\/uploads\/2022\/10\/RC_800x750_page-0001.jpg 400w, https:\/\/jornalfatosenoticias.com.br\/wp-content\/uploads\/2022\/10\/RC_800x750_page-0001-300x281.jpg 300w\" sizes=\"auto, (max-width: 245px) 100vw, 245px\" \/><\/figure><\/div>\n\n\n\n<p>Em resumo, apesar de a tecnologia ter vindo para ajudar, seu uso excessivo pode ter um pre\u00e7o na capacidade cognitiva humana, afetando a concentra\u00e7\u00e3o, a mem\u00f3ria e a habilidade de compreender informa\u00e7\u00f5es.<\/p>\n\n\n\n<p><strong><em>Fonte: <a href=\"https:\/\/olhardigital.com.br\/2023\/05\/04\/medicina-e-saude\/drenagem-mental-a-dependencia-do-celular-e-seus-efeitos-na-concentracao-e-memoria\/\">Olhar Digital<\/a><\/em><\/strong><\/p>\n","protected":false},"excerpt":{"rendered":"<p>O uso excessivo de dispositivos digitais como celulares afeta o c\u00e9rebro, resultando em uma &#8220;drenagem cerebral&#8221;, diz estudo Por: Ana Luiza Figueiredo O n\u00famero de celulares\u00a0no Brasil j\u00e1 ultrapassou a quantidade de habitantes do\u00a0Pa\u00eds, e n\u00e3o \u00e9 apenas a quantidade de aparelhos que aumentou rapidamente, mas o n\u00famero de horas por dia dedicadas a eles. [&hellip;]<\/p>\n","protected":false},"author":2,"featured_media":41276,"comment_status":"open","ping_status":"open","sticky":false,"template":"","format":"standard","meta":{"footnotes":""},"categories":[2522],"tags":[3325,19372,2336,19373,19374,3247],"class_list":["post-41275","post","type-post","status-publish","format-standard","has-post-thumbnail","hentry","category-comportamento","tag-celulares","tag-celulares-afetam-o-cerebro","tag-cerebro","tag-dispositivos-digitais","tag-drenagem-cerebral","tag-memoria"],"yoast_head":"<!-- This site is optimized with the Yoast SEO plugin v26.5 - https:\/\/yoast.com\/wordpress\/plugins\/seo\/ -->\n<title>Pesquisa diz que celular prejudica o c\u00e9rebro - Jornal Fatos e Not\u00edcias<\/title>\n<meta name=\"robots\" content=\"index, follow, max-snippet:-1, max-image-preview:large, max-video-preview:-1\" \/>\n<link rel=\"canonical\" href=\"https:\/\/jornalfatosenoticias.com.br\/index.php\/2023\/05\/09\/pesquisa-diz-que-celular-prejudica-o-cerebro\/\" \/>\n<meta property=\"og:locale\" content=\"pt_BR\" \/>\n<meta property=\"og:type\" content=\"article\" \/>\n<meta property=\"og:title\" content=\"Pesquisa diz que celular prejudica o c\u00e9rebro - Jornal Fatos e Not\u00edcias\" \/>\n<meta property=\"og:description\" content=\"O uso excessivo de dispositivos digitais como celulares afeta o c\u00e9rebro, resultando em uma &#8220;drenagem cerebral&#8221;, diz estudo Por: Ana Luiza Figueiredo O n\u00famero de celulares\u00a0no Brasil j\u00e1 ultrapassou a quantidade de habitantes do\u00a0Pa\u00eds, e n\u00e3o \u00e9 apenas a quantidade de aparelhos que aumentou rapidamente, mas o n\u00famero de horas por dia dedicadas a eles. [&hellip;]\" \/>\n<meta property=\"og:url\" content=\"https:\/\/jornalfatosenoticias.com.br\/index.php\/2023\/05\/09\/pesquisa-diz-que-celular-prejudica-o-cerebro\/\" \/>\n<meta property=\"og:site_name\" content=\"Jornal Fatos e Not\u00edcias\" \/>\n<meta property=\"article:published_time\" content=\"2023-05-09T13:45:05+00:00\" \/>\n<meta property=\"article:modified_time\" content=\"2023-05-09T13:45:07+00:00\" \/>\n<meta property=\"og:image\" content=\"https:\/\/jornalfatosenoticias.com.br\/wp-content\/uploads\/2023\/05\/celular-prejudica-o-cerebro.jpg\" \/>\n\t<meta property=\"og:image:width\" content=\"1000\" \/>\n\t<meta property=\"og:image:height\" content=\"667\" \/>\n\t<meta property=\"og:image:type\" content=\"image\/jpeg\" \/>\n<meta name=\"author\" content=\"Luzimara Fernandes\" \/>\n<meta name=\"twitter:card\" content=\"summary_large_image\" \/>\n<meta name=\"twitter:label1\" content=\"Escrito por\" \/>\n\t<meta name=\"twitter:data1\" content=\"Luzimara Fernandes\" \/>\n\t<meta name=\"twitter:label2\" content=\"Est. tempo de leitura\" \/>\n\t<meta name=\"twitter:data2\" content=\"4 minutos\" \/>\n<script type=\"application\/ld+json\" class=\"yoast-schema-graph\">{\"@context\":\"https:\/\/schema.org\",\"@graph\":[{\"@type\":\"Article\",\"@id\":\"https:\/\/jornalfatosenoticias.com.br\/index.php\/2023\/05\/09\/pesquisa-diz-que-celular-prejudica-o-cerebro\/#article\",\"isPartOf\":{\"@id\":\"https:\/\/jornalfatosenoticias.com.br\/index.php\/2023\/05\/09\/pesquisa-diz-que-celular-prejudica-o-cerebro\/\"},\"author\":{\"name\":\"Luzimara Fernandes\",\"@id\":\"https:\/\/jornalfatosenoticias.com.br\/#\/schema\/person\/d63837fa13ac8666eb9e74e0985d6f81\"},\"headline\":\"Pesquisa diz que celular prejudica o c\u00e9rebro\",\"datePublished\":\"2023-05-09T13:45:05+00:00\",\"dateModified\":\"2023-05-09T13:45:07+00:00\",\"mainEntityOfPage\":{\"@id\":\"https:\/\/jornalfatosenoticias.com.br\/index.php\/2023\/05\/09\/pesquisa-diz-que-celular-prejudica-o-cerebro\/\"},\"wordCount\":791,\"commentCount\":0,\"publisher\":{\"@id\":\"https:\/\/jornalfatosenoticias.com.br\/#organization\"},\"image\":{\"@id\":\"https:\/\/jornalfatosenoticias.com.br\/index.php\/2023\/05\/09\/pesquisa-diz-que-celular-prejudica-o-cerebro\/#primaryimage\"},\"thumbnailUrl\":\"https:\/\/jornalfatosenoticias.com.br\/wp-content\/uploads\/2023\/05\/celular-prejudica-o-cerebro.jpg\",\"keywords\":[\"celulares\",\"celulares afetam o c\u00e9rebro\",\"c\u00e9rebro\",\"dispositivos digitais\",\"drenagem cerebral\",\"mem\u00f3ria\"],\"articleSection\":[\"Comportamento &amp; Equil\u00edbrio\"],\"inLanguage\":\"pt-BR\",\"potentialAction\":[{\"@type\":\"CommentAction\",\"name\":\"Comment\",\"target\":[\"https:\/\/jornalfatosenoticias.com.br\/index.php\/2023\/05\/09\/pesquisa-diz-que-celular-prejudica-o-cerebro\/#respond\"]}]},{\"@type\":\"WebPage\",\"@id\":\"https:\/\/jornalfatosenoticias.com.br\/index.php\/2023\/05\/09\/pesquisa-diz-que-celular-prejudica-o-cerebro\/\",\"url\":\"https:\/\/jornalfatosenoticias.com.br\/index.php\/2023\/05\/09\/pesquisa-diz-que-celular-prejudica-o-cerebro\/\",\"name\":\"Pesquisa diz que celular prejudica o c\u00e9rebro - Jornal Fatos e Not\u00edcias\",\"isPartOf\":{\"@id\":\"https:\/\/jornalfatosenoticias.com.br\/#website\"},\"primaryImageOfPage\":{\"@id\":\"https:\/\/jornalfatosenoticias.com.br\/index.php\/2023\/05\/09\/pesquisa-diz-que-celular-prejudica-o-cerebro\/#primaryimage\"},\"image\":{\"@id\":\"https:\/\/jornalfatosenoticias.com.br\/index.php\/2023\/05\/09\/pesquisa-diz-que-celular-prejudica-o-cerebro\/#primaryimage\"},\"thumbnailUrl\":\"https:\/\/jornalfatosenoticias.com.br\/wp-content\/uploads\/2023\/05\/celular-prejudica-o-cerebro.jpg\",\"datePublished\":\"2023-05-09T13:45:05+00:00\",\"dateModified\":\"2023-05-09T13:45:07+00:00\",\"breadcrumb\":{\"@id\":\"https:\/\/jornalfatosenoticias.com.br\/index.php\/2023\/05\/09\/pesquisa-diz-que-celular-prejudica-o-cerebro\/#breadcrumb\"},\"inLanguage\":\"pt-BR\",\"potentialAction\":[{\"@type\":\"ReadAction\",\"target\":[\"https:\/\/jornalfatosenoticias.com.br\/index.php\/2023\/05\/09\/pesquisa-diz-que-celular-prejudica-o-cerebro\/\"]}]},{\"@type\":\"ImageObject\",\"inLanguage\":\"pt-BR\",\"@id\":\"https:\/\/jornalfatosenoticias.com.br\/index.php\/2023\/05\/09\/pesquisa-diz-que-celular-prejudica-o-cerebro\/#primaryimage\",\"url\":\"https:\/\/jornalfatosenoticias.com.br\/wp-content\/uploads\/2023\/05\/celular-prejudica-o-cerebro.jpg\",\"contentUrl\":\"https:\/\/jornalfatosenoticias.com.br\/wp-content\/uploads\/2023\/05\/celular-prejudica-o-cerebro.jpg\",\"width\":1000,\"height\":667},{\"@type\":\"BreadcrumbList\",\"@id\":\"https:\/\/jornalfatosenoticias.com.br\/index.php\/2023\/05\/09\/pesquisa-diz-que-celular-prejudica-o-cerebro\/#breadcrumb\",\"itemListElement\":[{\"@type\":\"ListItem\",\"position\":1,\"name\":\"In\u00edcio\",\"item\":\"https:\/\/jornalfatosenoticias.com.br\/\"},{\"@type\":\"ListItem\",\"position\":2,\"name\":\"Pesquisa diz que celular prejudica o c\u00e9rebro\"}]},{\"@type\":\"WebSite\",\"@id\":\"https:\/\/jornalfatosenoticias.com.br\/#website\",\"url\":\"https:\/\/jornalfatosenoticias.com.br\/\",\"name\":\"Jornal Fatos e Not\u00edcias\",\"description\":\"Not\u00edcias em geral\",\"publisher\":{\"@id\":\"https:\/\/jornalfatosenoticias.com.br\/#organization\"},\"potentialAction\":[{\"@type\":\"SearchAction\",\"target\":{\"@type\":\"EntryPoint\",\"urlTemplate\":\"https:\/\/jornalfatosenoticias.com.br\/?s={search_term_string}\"},\"query-input\":{\"@type\":\"PropertyValueSpecification\",\"valueRequired\":true,\"valueName\":\"search_term_string\"}}],\"inLanguage\":\"pt-BR\"},{\"@type\":\"Organization\",\"@id\":\"https:\/\/jornalfatosenoticias.com.br\/#organization\",\"name\":\"Jornal Fatos e Not\u00edcias\",\"url\":\"https:\/\/jornalfatosenoticias.com.br\/\",\"logo\":{\"@type\":\"ImageObject\",\"inLanguage\":\"pt-BR\",\"@id\":\"https:\/\/jornalfatosenoticias.com.br\/#\/schema\/logo\/image\/\",\"url\":\"https:\/\/jornalfatosenoticias.com.br\/wp-content\/uploads\/2020\/02\/logo120.png\",\"contentUrl\":\"https:\/\/jornalfatosenoticias.com.br\/wp-content\/uploads\/2020\/02\/logo120.png\",\"width\":1227,\"height\":120,\"caption\":\"Jornal Fatos e Not\u00edcias\"},\"image\":{\"@id\":\"https:\/\/jornalfatosenoticias.com.br\/#\/schema\/logo\/image\/\"}},{\"@type\":\"Person\",\"@id\":\"https:\/\/jornalfatosenoticias.com.br\/#\/schema\/person\/d63837fa13ac8666eb9e74e0985d6f81\",\"name\":\"Luzimara Fernandes\",\"image\":{\"@type\":\"ImageObject\",\"inLanguage\":\"pt-BR\",\"@id\":\"https:\/\/jornalfatosenoticias.com.br\/#\/schema\/person\/image\/\",\"url\":\"https:\/\/jornalfatosenoticias.com.br\/wp-content\/uploads\/2025\/05\/EU_portal.jpg\",\"contentUrl\":\"https:\/\/jornalfatosenoticias.com.br\/wp-content\/uploads\/2025\/05\/EU_portal.jpg\",\"caption\":\"Luzimara Fernandes\"},\"description\":\"Jornalista MTB 2358-ES\",\"sameAs\":[\"https:\/\/jornalfatosenoticias.com.br\"],\"url\":\"https:\/\/jornalfatosenoticias.com.br\/index.php\/author\/luzimara\/\"}]}<\/script>\n<!-- \/ Yoast SEO plugin. -->","yoast_head_json":{"title":"Pesquisa diz que celular prejudica o c\u00e9rebro - Jornal Fatos e Not\u00edcias","robots":{"index":"index","follow":"follow","max-snippet":"max-snippet:-1","max-image-preview":"max-image-preview:large","max-video-preview":"max-video-preview:-1"},"canonical":"https:\/\/jornalfatosenoticias.com.br\/index.php\/2023\/05\/09\/pesquisa-diz-que-celular-prejudica-o-cerebro\/","og_locale":"pt_BR","og_type":"article","og_title":"Pesquisa diz que celular prejudica o c\u00e9rebro - Jornal Fatos e Not\u00edcias","og_description":"O uso excessivo de dispositivos digitais como celulares afeta o c\u00e9rebro, resultando em uma &#8220;drenagem cerebral&#8221;, diz estudo Por: Ana Luiza Figueiredo O n\u00famero de celulares\u00a0no Brasil j\u00e1 ultrapassou a quantidade de habitantes do\u00a0Pa\u00eds, e n\u00e3o \u00e9 apenas a quantidade de aparelhos que aumentou rapidamente, mas o n\u00famero de horas por dia dedicadas a eles. [&hellip;]","og_url":"https:\/\/jornalfatosenoticias.com.br\/index.php\/2023\/05\/09\/pesquisa-diz-que-celular-prejudica-o-cerebro\/","og_site_name":"Jornal Fatos e Not\u00edcias","article_published_time":"2023-05-09T13:45:05+00:00","article_modified_time":"2023-05-09T13:45:07+00:00","og_image":[{"width":1000,"height":667,"url":"https:\/\/jornalfatosenoticias.com.br\/wp-content\/uploads\/2023\/05\/celular-prejudica-o-cerebro.jpg","type":"image\/jpeg"}],"author":"Luzimara Fernandes","twitter_card":"summary_large_image","twitter_misc":{"Escrito por":"Luzimara Fernandes","Est. tempo de leitura":"4 minutos"},"schema":{"@context":"https:\/\/schema.org","@graph":[{"@type":"Article","@id":"https:\/\/jornalfatosenoticias.com.br\/index.php\/2023\/05\/09\/pesquisa-diz-que-celular-prejudica-o-cerebro\/#article","isPartOf":{"@id":"https:\/\/jornalfatosenoticias.com.br\/index.php\/2023\/05\/09\/pesquisa-diz-que-celular-prejudica-o-cerebro\/"},"author":{"name":"Luzimara Fernandes","@id":"https:\/\/jornalfatosenoticias.com.br\/#\/schema\/person\/d63837fa13ac8666eb9e74e0985d6f81"},"headline":"Pesquisa diz que celular prejudica o c\u00e9rebro","datePublished":"2023-05-09T13:45:05+00:00","dateModified":"2023-05-09T13:45:07+00:00","mainEntityOfPage":{"@id":"https:\/\/jornalfatosenoticias.com.br\/index.php\/2023\/05\/09\/pesquisa-diz-que-celular-prejudica-o-cerebro\/"},"wordCount":791,"commentCount":0,"publisher":{"@id":"https:\/\/jornalfatosenoticias.com.br\/#organization"},"image":{"@id":"https:\/\/jornalfatosenoticias.com.br\/index.php\/2023\/05\/09\/pesquisa-diz-que-celular-prejudica-o-cerebro\/#primaryimage"},"thumbnailUrl":"https:\/\/jornalfatosenoticias.com.br\/wp-content\/uploads\/2023\/05\/celular-prejudica-o-cerebro.jpg","keywords":["celulares","celulares afetam o c\u00e9rebro","c\u00e9rebro","dispositivos digitais","drenagem cerebral","mem\u00f3ria"],"articleSection":["Comportamento &amp; Equil\u00edbrio"],"inLanguage":"pt-BR","potentialAction":[{"@type":"CommentAction","name":"Comment","target":["https:\/\/jornalfatosenoticias.com.br\/index.php\/2023\/05\/09\/pesquisa-diz-que-celular-prejudica-o-cerebro\/#respond"]}]},{"@type":"WebPage","@id":"https:\/\/jornalfatosenoticias.com.br\/index.php\/2023\/05\/09\/pesquisa-diz-que-celular-prejudica-o-cerebro\/","url":"https:\/\/jornalfatosenoticias.com.br\/index.php\/2023\/05\/09\/pesquisa-diz-que-celular-prejudica-o-cerebro\/","name":"Pesquisa diz que celular prejudica o c\u00e9rebro - Jornal Fatos e Not\u00edcias","isPartOf":{"@id":"https:\/\/jornalfatosenoticias.com.br\/#website"},"primaryImageOfPage":{"@id":"https:\/\/jornalfatosenoticias.com.br\/index.php\/2023\/05\/09\/pesquisa-diz-que-celular-prejudica-o-cerebro\/#primaryimage"},"image":{"@id":"https:\/\/jornalfatosenoticias.com.br\/index.php\/2023\/05\/09\/pesquisa-diz-que-celular-prejudica-o-cerebro\/#primaryimage"},"thumbnailUrl":"https:\/\/jornalfatosenoticias.com.br\/wp-content\/uploads\/2023\/05\/celular-prejudica-o-cerebro.jpg","datePublished":"2023-05-09T13:45:05+00:00","dateModified":"2023-05-09T13:45:07+00:00","breadcrumb":{"@id":"https:\/\/jornalfatosenoticias.com.br\/index.php\/2023\/05\/09\/pesquisa-diz-que-celular-prejudica-o-cerebro\/#breadcrumb"},"inLanguage":"pt-BR","potentialAction":[{"@type":"ReadAction","target":["https:\/\/jornalfatosenoticias.com.br\/index.php\/2023\/05\/09\/pesquisa-diz-que-celular-prejudica-o-cerebro\/"]}]},{"@type":"ImageObject","inLanguage":"pt-BR","@id":"https:\/\/jornalfatosenoticias.com.br\/index.php\/2023\/05\/09\/pesquisa-diz-que-celular-prejudica-o-cerebro\/#primaryimage","url":"https:\/\/jornalfatosenoticias.com.br\/wp-content\/uploads\/2023\/05\/celular-prejudica-o-cerebro.jpg","contentUrl":"https:\/\/jornalfatosenoticias.com.br\/wp-content\/uploads\/2023\/05\/celular-prejudica-o-cerebro.jpg","width":1000,"height":667},{"@type":"BreadcrumbList","@id":"https:\/\/jornalfatosenoticias.com.br\/index.php\/2023\/05\/09\/pesquisa-diz-que-celular-prejudica-o-cerebro\/#breadcrumb","itemListElement":[{"@type":"ListItem","position":1,"name":"In\u00edcio","item":"https:\/\/jornalfatosenoticias.com.br\/"},{"@type":"ListItem","position":2,"name":"Pesquisa diz que celular prejudica o c\u00e9rebro"}]},{"@type":"WebSite","@id":"https:\/\/jornalfatosenoticias.com.br\/#website","url":"https:\/\/jornalfatosenoticias.com.br\/","name":"Jornal Fatos e Not\u00edcias","description":"Not\u00edcias em geral","publisher":{"@id":"https:\/\/jornalfatosenoticias.com.br\/#organization"},"potentialAction":[{"@type":"SearchAction","target":{"@type":"EntryPoint","urlTemplate":"https:\/\/jornalfatosenoticias.com.br\/?s={search_term_string}"},"query-input":{"@type":"PropertyValueSpecification","valueRequired":true,"valueName":"search_term_string"}}],"inLanguage":"pt-BR"},{"@type":"Organization","@id":"https:\/\/jornalfatosenoticias.com.br\/#organization","name":"Jornal Fatos e Not\u00edcias","url":"https:\/\/jornalfatosenoticias.com.br\/","logo":{"@type":"ImageObject","inLanguage":"pt-BR","@id":"https:\/\/jornalfatosenoticias.com.br\/#\/schema\/logo\/image\/","url":"https:\/\/jornalfatosenoticias.com.br\/wp-content\/uploads\/2020\/02\/logo120.png","contentUrl":"https:\/\/jornalfatosenoticias.com.br\/wp-content\/uploads\/2020\/02\/logo120.png","width":1227,"height":120,"caption":"Jornal Fatos e Not\u00edcias"},"image":{"@id":"https:\/\/jornalfatosenoticias.com.br\/#\/schema\/logo\/image\/"}},{"@type":"Person","@id":"https:\/\/jornalfatosenoticias.com.br\/#\/schema\/person\/d63837fa13ac8666eb9e74e0985d6f81","name":"Luzimara Fernandes","image":{"@type":"ImageObject","inLanguage":"pt-BR","@id":"https:\/\/jornalfatosenoticias.com.br\/#\/schema\/person\/image\/","url":"https:\/\/jornalfatosenoticias.com.br\/wp-content\/uploads\/2025\/05\/EU_portal.jpg","contentUrl":"https:\/\/jornalfatosenoticias.com.br\/wp-content\/uploads\/2025\/05\/EU_portal.jpg","caption":"Luzimara Fernandes"},"description":"Jornalista MTB 2358-ES","sameAs":["https:\/\/jornalfatosenoticias.com.br"],"url":"https:\/\/jornalfatosenoticias.com.br\/index.php\/author\/luzimara\/"}]}},"cc_featured_image_caption":{"caption_text":"(Foto: Freepik) ","source_text":"","source_url":""},"jetpack_featured_media_url":"https:\/\/jornalfatosenoticias.com.br\/wp-content\/uploads\/2023\/05\/celular-prejudica-o-cerebro.jpg","_links":{"self":[{"href":"https:\/\/jornalfatosenoticias.com.br\/index.php\/wp-json\/wp\/v2\/posts\/41275","targetHints":{"allow":["GET"]}}],"collection":[{"href":"https:\/\/jornalfatosenoticias.com.br\/index.php\/wp-json\/wp\/v2\/posts"}],"about":[{"href":"https:\/\/jornalfatosenoticias.com.br\/index.php\/wp-json\/wp\/v2\/types\/post"}],"author":[{"embeddable":true,"href":"https:\/\/jornalfatosenoticias.com.br\/index.php\/wp-json\/wp\/v2\/users\/2"}],"replies":[{"embeddable":true,"href":"https:\/\/jornalfatosenoticias.com.br\/index.php\/wp-json\/wp\/v2\/comments?post=41275"}],"version-history":[{"count":0,"href":"https:\/\/jornalfatosenoticias.com.br\/index.php\/wp-json\/wp\/v2\/posts\/41275\/revisions"}],"wp:featuredmedia":[{"embeddable":true,"href":"https:\/\/jornalfatosenoticias.com.br\/index.php\/wp-json\/wp\/v2\/media\/41276"}],"wp:attachment":[{"href":"https:\/\/jornalfatosenoticias.com.br\/index.php\/wp-json\/wp\/v2\/media?parent=41275"}],"wp:term":[{"taxonomy":"category","embeddable":true,"href":"https:\/\/jornalfatosenoticias.com.br\/index.php\/wp-json\/wp\/v2\/categories?post=41275"},{"taxonomy":"post_tag","embeddable":true,"href":"https:\/\/jornalfatosenoticias.com.br\/index.php\/wp-json\/wp\/v2\/tags?post=41275"}],"curies":[{"name":"wp","href":"https:\/\/api.w.org\/{rel}","templated":true}]}}