{"id":41301,"date":"2023-05-10T11:09:08","date_gmt":"2023-05-10T14:09:08","guid":{"rendered":"https:\/\/jornalfatosenoticias.com.br\/?p=41301"},"modified":"2023-05-10T11:09:09","modified_gmt":"2023-05-10T14:09:09","slug":"cientistas-descobrem-o-que-tem-dentro-da-lua","status":"publish","type":"post","link":"https:\/\/jornalfatosenoticias.com.br\/index.php\/2023\/05\/10\/cientistas-descobrem-o-que-tem-dentro-da-lua\/","title":{"rendered":"Cientistas descobrem o que tem dentro da Lua"},"content":{"rendered":"\n<p><em><span class=\"has-inline-color has-black-color\">O interior da Lua \u00e9 alvo de debates h\u00e1 d\u00e9cadas, mas agora uma nova pesquisa parece ter chegado a uma conclus\u00e3o<\/span><\/em><\/p>\n\n\n\n<p><em><span class=\"has-inline-color has-black-color\">Por:<strong> Lucas Soares<\/strong><\/span><\/em><\/p>\n\n\n\n<div class=\"wp-block-image\"><figure class=\"aligncenter size-large\"><img loading=\"lazy\" decoding=\"async\" width=\"729\" height=\"90\" src=\"https:\/\/jornalfatosenoticias.com.br\/wp-content\/uploads\/2020\/02\/Logo_Mizu.png\" alt=\"\" class=\"wp-image-1441\" srcset=\"https:\/\/jornalfatosenoticias.com.br\/wp-content\/uploads\/2020\/02\/Logo_Mizu.png 729w, https:\/\/jornalfatosenoticias.com.br\/wp-content\/uploads\/2020\/02\/Logo_Mizu-300x37.png 300w\" sizes=\"auto, (max-width: 729px) 100vw, 729px\" \/><\/figure><\/div>\n\n\n\n<p>O interior da Lua \u00e9 alvo de debate h\u00e1 d\u00e9cadas. O <a href=\"https:\/\/olhardigital.com.br\/2022\/04\/10\/ciencia-e-espaco\/cientistas-querem-desvendar-misterio-sob-lado-oculto-da-lua\/\">consenso\u00a0<\/a>entre ele ser s\u00f3lido ou fundido nunca foi algo definitivo. Mas dessa vez,\u00a0<a href=\"https:\/\/olhardigital.com.br\/2020\/09\/17\/ciencia-e-espaco\/imagens-mostram-o-interior-do-modulo-que-vai-para-a-lua-em-2024\/\">cientistas<\/a> parecem ter chegado a uma resposta. <strong>O que a pesquisa descobriu?\u00a0<\/strong>Os resultados da<a href=\"https:\/\/www.nature.com\/articles\/s41586-023-05935-7\">\u00a0equipe liderada pelo astr\u00f4nomo Arthur Briaud<\/a>, do Centro Nacional Franc\u00eas de Pesquisa Cient\u00edfica na Fran\u00e7a, mostram que o interior da Lua \u00e9 s\u00f3lido como ferro.<\/p>\n\n\n\n<div class=\"wp-block-image\"><figure class=\"aligncenter size-large is-resized\"><img loading=\"lazy\" decoding=\"async\" src=\"https:\/\/jornalfatosenoticias.com.br\/wp-content\/uploads\/2020\/02\/casa-do-torresmo_portal.jpg\" alt=\"\" class=\"wp-image-34472\" width=\"265\" height=\"265\" srcset=\"https:\/\/jornalfatosenoticias.com.br\/wp-content\/uploads\/2020\/02\/casa-do-torresmo_portal.jpg 300w, https:\/\/jornalfatosenoticias.com.br\/wp-content\/uploads\/2020\/02\/casa-do-torresmo_portal-150x150.jpg 150w\" sizes=\"auto, (max-width: 265px) 100vw, 265px\" \/><\/figure><\/div>\n\n\n\n<blockquote class=\"wp-block-quote is-layout-flow wp-block-quote-is-layout-flow\"><p><span class=\"has-inline-color has-luminous-vivid-orange-color\">Nossos resultados questionam a evolu\u00e7\u00e3o do campo magn\u00e9tico da Lua gra\u00e7as \u00e0 sua demonstra\u00e7\u00e3o da exist\u00eancia do n\u00facleo interno e apoiam uma reviravolta global do manto. Cen\u00e1rio que traz informa\u00e7\u00f5es substanciais sobre a linha do tempo do bombardeio lunar nos primeiros bilh\u00f5es de anos do Sistema Solar&#8221;, afirma Arthur Briaud.<\/span><\/p><\/blockquote>\n\n\n\n<div class=\"wp-block-image\"><figure class=\"aligncenter size-large is-resized\"><img loading=\"lazy\" decoding=\"async\" src=\"https:\/\/jornalfatosenoticias.com.br\/wp-content\/uploads\/2023\/03\/logo-Panper_portal.jpg\" alt=\"\" class=\"wp-image-40208\" width=\"305\" height=\"211\" srcset=\"https:\/\/jornalfatosenoticias.com.br\/wp-content\/uploads\/2023\/03\/logo-Panper_portal.jpg 400w, https:\/\/jornalfatosenoticias.com.br\/wp-content\/uploads\/2023\/03\/logo-Panper_portal-300x208.jpg 300w\" sizes=\"auto, (max-width: 305px) 100vw, 305px\" \/><\/figure><\/div>\n\n\n\n<p><strong>Como a pesquisa foi feita? <\/strong>Para descobrir a composi\u00e7\u00e3o do interior de um planeta, os cientistas normalmente utilizam dados s\u00edsmicos de terremotos, comparando a forma como o material se move dentro do astro observado. Mas isso n\u00e3o conseguiu ser feito de forma eficaz aqui, ent\u00e3o foi preciso utilizar outras t\u00e9cnicas.<\/p>\n\n\n\n<div class=\"wp-block-image\"><figure class=\"aligncenter size-large is-resized\"><img loading=\"lazy\" decoding=\"async\" src=\"https:\/\/jornalfatosenoticias.com.br\/wp-content\/uploads\/2022\/02\/Precisao-Contabilidade-1024x724.jpg\" alt=\"\" class=\"wp-image-28088\" width=\"314\" height=\"222\"\/><\/figure><\/div>\n\n\n\n<p>O motivo \u00e9 que os dados s\u00edsmicos coletados h\u00e1 d\u00e9cadas pelas miss\u00f5es Apollo s\u00e3o de uma qualidade baixa e n\u00e3o foram muito aproveitados. Foi poss\u00edvel determinar que existe um n\u00facleo externo fluido na Lua, mas n\u00e3o sua composi\u00e7\u00e3o. Para chegar a esse resultado, Briaud e seu time coletaram dados de miss\u00f5es mais recentes e analisaram informa\u00e7\u00f5es de lasers para verificar a forma como a gravidade da Lua interage com a Terra. Depois, compararam esse grau de intera\u00e7\u00e3o com v\u00e1rios tipos de materiais at\u00e9 se chegar ao ferro.<\/p>\n\n\n\n<div class=\"wp-block-image\"><figure class=\"aligncenter size-large\"><img loading=\"lazy\" decoding=\"async\" width=\"300\" height=\"250\" src=\"https:\/\/jornalfatosenoticias.com.br\/wp-content\/uploads\/2022\/08\/arte-Casarao.jpg\" alt=\"\" class=\"wp-image-33178\"\/><\/figure><\/div>\n\n\n\n<blockquote class=\"wp-block-quote is-layout-flow wp-block-quote-is-layout-flow\"><p><span class=\"has-inline-color has-luminous-vivid-orange-color\">O n\u00facleo lunar \u00e9 muito semelhante ao da Terra \u2014 com uma camada externa de fluido e um n\u00facleo interno s\u00f3lido. De acordo com a modelagem, o n\u00facleo externo tem um raio de cerca de 362 quil\u00f4metros e o n\u00facleo interno tem um raio de cerca de 258 quil\u00f4metros. Isso \u00e9 cerca de 15% de todo o raio da Lua\u201d, explica a pesquisa.<\/span><\/p><\/blockquote>\n\n\n\n<div class=\"wp-block-image\"><figure class=\"aligncenter size-large\"><img decoding=\"async\" src=\"https:\/\/jornalfatosenoticias.com.br\/wp-content\/uploads\/2020\/02\/logo_esteio.jpg\" alt=\"\" class=\"wp-image-1214\"\/><\/figure><\/div>\n\n\n\n<p>Os resultados agora podem servir de base para outras pesquisas que investigam o passado da Lua. Considerando que devemos voltar l\u00e1 em breve, as respostas podem estar mais perto do que imaginamos.<\/p>\n\n\n\n<p><strong><em>Fonte: <a href=\"https:\/\/olhardigital.com.br\/2023\/05\/05\/ciencia-e-espaco\/o-que-tem-dentro-da-lua-cientistas-descobrem\/\">Olhar Digital<\/a><\/em><\/strong><\/p>\n","protected":false},"excerpt":{"rendered":"<p>O interior da Lua \u00e9 alvo de debates h\u00e1 d\u00e9cadas, mas agora uma nova pesquisa parece ter chegado a uma conclus\u00e3o Por: Lucas Soares O interior da Lua \u00e9 alvo de debate h\u00e1 d\u00e9cadas. O consenso\u00a0entre ele ser s\u00f3lido ou fundido nunca foi algo definitivo. Mas dessa vez,\u00a0cientistas parecem ter chegado a uma resposta. O [&hellip;]<\/p>\n","protected":false},"author":2,"featured_media":41302,"comment_status":"open","ping_status":"open","sticky":false,"template":"","format":"standard","meta":{"footnotes":""},"categories":[2],"tags":[19389,84,10118,19388],"class_list":["post-41301","post","type-post","status-publish","format-standard","has-post-thumbnail","hentry","category-ciencia","tag-interior-da-lua","tag-lua","tag-nova-pesquisa","tag-nucleo"],"yoast_head":"<!-- This site is optimized with the Yoast SEO plugin v26.5 - https:\/\/yoast.com\/wordpress\/plugins\/seo\/ -->\n<title>Cientistas descobrem o que tem dentro da Lua - Jornal Fatos e Not\u00edcias<\/title>\n<meta name=\"robots\" content=\"index, follow, max-snippet:-1, max-image-preview:large, max-video-preview:-1\" \/>\n<link rel=\"canonical\" href=\"https:\/\/jornalfatosenoticias.com.br\/index.php\/2023\/05\/10\/cientistas-descobrem-o-que-tem-dentro-da-lua\/\" \/>\n<meta property=\"og:locale\" content=\"pt_BR\" \/>\n<meta property=\"og:type\" content=\"article\" \/>\n<meta property=\"og:title\" content=\"Cientistas descobrem o que tem dentro da Lua - Jornal Fatos e Not\u00edcias\" \/>\n<meta property=\"og:description\" content=\"O interior da Lua \u00e9 alvo de debates h\u00e1 d\u00e9cadas, mas agora uma nova pesquisa parece ter chegado a uma conclus\u00e3o Por: Lucas Soares O interior da Lua \u00e9 alvo de debate h\u00e1 d\u00e9cadas. O consenso\u00a0entre ele ser s\u00f3lido ou fundido nunca foi algo definitivo. Mas dessa vez,\u00a0cientistas parecem ter chegado a uma resposta. O [&hellip;]\" \/>\n<meta property=\"og:url\" content=\"https:\/\/jornalfatosenoticias.com.br\/index.php\/2023\/05\/10\/cientistas-descobrem-o-que-tem-dentro-da-lua\/\" \/>\n<meta property=\"og:site_name\" content=\"Jornal Fatos e Not\u00edcias\" \/>\n<meta property=\"article:published_time\" content=\"2023-05-10T14:09:08+00:00\" \/>\n<meta property=\"article:modified_time\" content=\"2023-05-10T14:09:09+00:00\" \/>\n<meta property=\"og:image\" content=\"https:\/\/jornalfatosenoticias.com.br\/wp-content\/uploads\/2023\/05\/o-que-tem-na-lua.jpg\" \/>\n\t<meta property=\"og:image:width\" content=\"900\" \/>\n\t<meta property=\"og:image:height\" content=\"900\" \/>\n\t<meta property=\"og:image:type\" content=\"image\/jpeg\" \/>\n<meta name=\"author\" content=\"Luzimara Fernandes\" \/>\n<meta name=\"twitter:card\" content=\"summary_large_image\" \/>\n<meta name=\"twitter:label1\" content=\"Escrito por\" \/>\n\t<meta name=\"twitter:data1\" content=\"Luzimara Fernandes\" \/>\n\t<meta name=\"twitter:label2\" content=\"Est. tempo de leitura\" \/>\n\t<meta name=\"twitter:data2\" content=\"2 minutos\" \/>\n<script type=\"application\/ld+json\" class=\"yoast-schema-graph\">{\"@context\":\"https:\/\/schema.org\",\"@graph\":[{\"@type\":\"Article\",\"@id\":\"https:\/\/jornalfatosenoticias.com.br\/index.php\/2023\/05\/10\/cientistas-descobrem-o-que-tem-dentro-da-lua\/#article\",\"isPartOf\":{\"@id\":\"https:\/\/jornalfatosenoticias.com.br\/index.php\/2023\/05\/10\/cientistas-descobrem-o-que-tem-dentro-da-lua\/\"},\"author\":{\"name\":\"Luzimara Fernandes\",\"@id\":\"https:\/\/jornalfatosenoticias.com.br\/#\/schema\/person\/d63837fa13ac8666eb9e74e0985d6f81\"},\"headline\":\"Cientistas descobrem o que tem dentro da Lua\",\"datePublished\":\"2023-05-10T14:09:08+00:00\",\"dateModified\":\"2023-05-10T14:09:09+00:00\",\"mainEntityOfPage\":{\"@id\":\"https:\/\/jornalfatosenoticias.com.br\/index.php\/2023\/05\/10\/cientistas-descobrem-o-que-tem-dentro-da-lua\/\"},\"wordCount\":414,\"commentCount\":0,\"publisher\":{\"@id\":\"https:\/\/jornalfatosenoticias.com.br\/#organization\"},\"image\":{\"@id\":\"https:\/\/jornalfatosenoticias.com.br\/index.php\/2023\/05\/10\/cientistas-descobrem-o-que-tem-dentro-da-lua\/#primaryimage\"},\"thumbnailUrl\":\"https:\/\/jornalfatosenoticias.com.br\/wp-content\/uploads\/2023\/05\/o-que-tem-na-lua.jpg\",\"keywords\":[\"interior da Lua\",\"lua\",\"nova pesquisa\",\"n\u00facleo\"],\"articleSection\":[\"Ci\u00eancia\"],\"inLanguage\":\"pt-BR\",\"potentialAction\":[{\"@type\":\"CommentAction\",\"name\":\"Comment\",\"target\":[\"https:\/\/jornalfatosenoticias.com.br\/index.php\/2023\/05\/10\/cientistas-descobrem-o-que-tem-dentro-da-lua\/#respond\"]}]},{\"@type\":\"WebPage\",\"@id\":\"https:\/\/jornalfatosenoticias.com.br\/index.php\/2023\/05\/10\/cientistas-descobrem-o-que-tem-dentro-da-lua\/\",\"url\":\"https:\/\/jornalfatosenoticias.com.br\/index.php\/2023\/05\/10\/cientistas-descobrem-o-que-tem-dentro-da-lua\/\",\"name\":\"Cientistas descobrem o que tem dentro da Lua - Jornal Fatos e Not\u00edcias\",\"isPartOf\":{\"@id\":\"https:\/\/jornalfatosenoticias.com.br\/#website\"},\"primaryImageOfPage\":{\"@id\":\"https:\/\/jornalfatosenoticias.com.br\/index.php\/2023\/05\/10\/cientistas-descobrem-o-que-tem-dentro-da-lua\/#primaryimage\"},\"image\":{\"@id\":\"https:\/\/jornalfatosenoticias.com.br\/index.php\/2023\/05\/10\/cientistas-descobrem-o-que-tem-dentro-da-lua\/#primaryimage\"},\"thumbnailUrl\":\"https:\/\/jornalfatosenoticias.com.br\/wp-content\/uploads\/2023\/05\/o-que-tem-na-lua.jpg\",\"datePublished\":\"2023-05-10T14:09:08+00:00\",\"dateModified\":\"2023-05-10T14:09:09+00:00\",\"breadcrumb\":{\"@id\":\"https:\/\/jornalfatosenoticias.com.br\/index.php\/2023\/05\/10\/cientistas-descobrem-o-que-tem-dentro-da-lua\/#breadcrumb\"},\"inLanguage\":\"pt-BR\",\"potentialAction\":[{\"@type\":\"ReadAction\",\"target\":[\"https:\/\/jornalfatosenoticias.com.br\/index.php\/2023\/05\/10\/cientistas-descobrem-o-que-tem-dentro-da-lua\/\"]}]},{\"@type\":\"ImageObject\",\"inLanguage\":\"pt-BR\",\"@id\":\"https:\/\/jornalfatosenoticias.com.br\/index.php\/2023\/05\/10\/cientistas-descobrem-o-que-tem-dentro-da-lua\/#primaryimage\",\"url\":\"https:\/\/jornalfatosenoticias.com.br\/wp-content\/uploads\/2023\/05\/o-que-tem-na-lua.jpg\",\"contentUrl\":\"https:\/\/jornalfatosenoticias.com.br\/wp-content\/uploads\/2023\/05\/o-que-tem-na-lua.jpg\",\"width\":900,\"height\":900},{\"@type\":\"BreadcrumbList\",\"@id\":\"https:\/\/jornalfatosenoticias.com.br\/index.php\/2023\/05\/10\/cientistas-descobrem-o-que-tem-dentro-da-lua\/#breadcrumb\",\"itemListElement\":[{\"@type\":\"ListItem\",\"position\":1,\"name\":\"In\u00edcio\",\"item\":\"https:\/\/jornalfatosenoticias.com.br\/\"},{\"@type\":\"ListItem\",\"position\":2,\"name\":\"Cientistas descobrem o que tem dentro da Lua\"}]},{\"@type\":\"WebSite\",\"@id\":\"https:\/\/jornalfatosenoticias.com.br\/#website\",\"url\":\"https:\/\/jornalfatosenoticias.com.br\/\",\"name\":\"Jornal Fatos e Not\u00edcias\",\"description\":\"Not\u00edcias em geral\",\"publisher\":{\"@id\":\"https:\/\/jornalfatosenoticias.com.br\/#organization\"},\"potentialAction\":[{\"@type\":\"SearchAction\",\"target\":{\"@type\":\"EntryPoint\",\"urlTemplate\":\"https:\/\/jornalfatosenoticias.com.br\/?s={search_term_string}\"},\"query-input\":{\"@type\":\"PropertyValueSpecification\",\"valueRequired\":true,\"valueName\":\"search_term_string\"}}],\"inLanguage\":\"pt-BR\"},{\"@type\":\"Organization\",\"@id\":\"https:\/\/jornalfatosenoticias.com.br\/#organization\",\"name\":\"Jornal Fatos e Not\u00edcias\",\"url\":\"https:\/\/jornalfatosenoticias.com.br\/\",\"logo\":{\"@type\":\"ImageObject\",\"inLanguage\":\"pt-BR\",\"@id\":\"https:\/\/jornalfatosenoticias.com.br\/#\/schema\/logo\/image\/\",\"url\":\"https:\/\/jornalfatosenoticias.com.br\/wp-content\/uploads\/2020\/02\/logo120.png\",\"contentUrl\":\"https:\/\/jornalfatosenoticias.com.br\/wp-content\/uploads\/2020\/02\/logo120.png\",\"width\":1227,\"height\":120,\"caption\":\"Jornal Fatos e Not\u00edcias\"},\"image\":{\"@id\":\"https:\/\/jornalfatosenoticias.com.br\/#\/schema\/logo\/image\/\"}},{\"@type\":\"Person\",\"@id\":\"https:\/\/jornalfatosenoticias.com.br\/#\/schema\/person\/d63837fa13ac8666eb9e74e0985d6f81\",\"name\":\"Luzimara Fernandes\",\"image\":{\"@type\":\"ImageObject\",\"inLanguage\":\"pt-BR\",\"@id\":\"https:\/\/jornalfatosenoticias.com.br\/#\/schema\/person\/image\/\",\"url\":\"https:\/\/jornalfatosenoticias.com.br\/wp-content\/uploads\/2025\/05\/EU_portal.jpg\",\"contentUrl\":\"https:\/\/jornalfatosenoticias.com.br\/wp-content\/uploads\/2025\/05\/EU_portal.jpg\",\"caption\":\"Luzimara Fernandes\"},\"description\":\"Jornalista MTB 2358-ES\",\"sameAs\":[\"https:\/\/jornalfatosenoticias.com.br\"],\"url\":\"https:\/\/jornalfatosenoticias.com.br\/index.php\/author\/luzimara\/\"}]}<\/script>\n<!-- \/ Yoast SEO plugin. -->","yoast_head_json":{"title":"Cientistas descobrem o que tem dentro da Lua - Jornal Fatos e Not\u00edcias","robots":{"index":"index","follow":"follow","max-snippet":"max-snippet:-1","max-image-preview":"max-image-preview:large","max-video-preview":"max-video-preview:-1"},"canonical":"https:\/\/jornalfatosenoticias.com.br\/index.php\/2023\/05\/10\/cientistas-descobrem-o-que-tem-dentro-da-lua\/","og_locale":"pt_BR","og_type":"article","og_title":"Cientistas descobrem o que tem dentro da Lua - Jornal Fatos e Not\u00edcias","og_description":"O interior da Lua \u00e9 alvo de debates h\u00e1 d\u00e9cadas, mas agora uma nova pesquisa parece ter chegado a uma conclus\u00e3o Por: Lucas Soares O interior da Lua \u00e9 alvo de debate h\u00e1 d\u00e9cadas. O consenso\u00a0entre ele ser s\u00f3lido ou fundido nunca foi algo definitivo. Mas dessa vez,\u00a0cientistas parecem ter chegado a uma resposta. O [&hellip;]","og_url":"https:\/\/jornalfatosenoticias.com.br\/index.php\/2023\/05\/10\/cientistas-descobrem-o-que-tem-dentro-da-lua\/","og_site_name":"Jornal Fatos e Not\u00edcias","article_published_time":"2023-05-10T14:09:08+00:00","article_modified_time":"2023-05-10T14:09:09+00:00","og_image":[{"width":900,"height":900,"url":"https:\/\/jornalfatosenoticias.com.br\/wp-content\/uploads\/2023\/05\/o-que-tem-na-lua.jpg","type":"image\/jpeg"}],"author":"Luzimara Fernandes","twitter_card":"summary_large_image","twitter_misc":{"Escrito por":"Luzimara Fernandes","Est. tempo de leitura":"2 minutos"},"schema":{"@context":"https:\/\/schema.org","@graph":[{"@type":"Article","@id":"https:\/\/jornalfatosenoticias.com.br\/index.php\/2023\/05\/10\/cientistas-descobrem-o-que-tem-dentro-da-lua\/#article","isPartOf":{"@id":"https:\/\/jornalfatosenoticias.com.br\/index.php\/2023\/05\/10\/cientistas-descobrem-o-que-tem-dentro-da-lua\/"},"author":{"name":"Luzimara Fernandes","@id":"https:\/\/jornalfatosenoticias.com.br\/#\/schema\/person\/d63837fa13ac8666eb9e74e0985d6f81"},"headline":"Cientistas descobrem o que tem dentro da Lua","datePublished":"2023-05-10T14:09:08+00:00","dateModified":"2023-05-10T14:09:09+00:00","mainEntityOfPage":{"@id":"https:\/\/jornalfatosenoticias.com.br\/index.php\/2023\/05\/10\/cientistas-descobrem-o-que-tem-dentro-da-lua\/"},"wordCount":414,"commentCount":0,"publisher":{"@id":"https:\/\/jornalfatosenoticias.com.br\/#organization"},"image":{"@id":"https:\/\/jornalfatosenoticias.com.br\/index.php\/2023\/05\/10\/cientistas-descobrem-o-que-tem-dentro-da-lua\/#primaryimage"},"thumbnailUrl":"https:\/\/jornalfatosenoticias.com.br\/wp-content\/uploads\/2023\/05\/o-que-tem-na-lua.jpg","keywords":["interior da Lua","lua","nova pesquisa","n\u00facleo"],"articleSection":["Ci\u00eancia"],"inLanguage":"pt-BR","potentialAction":[{"@type":"CommentAction","name":"Comment","target":["https:\/\/jornalfatosenoticias.com.br\/index.php\/2023\/05\/10\/cientistas-descobrem-o-que-tem-dentro-da-lua\/#respond"]}]},{"@type":"WebPage","@id":"https:\/\/jornalfatosenoticias.com.br\/index.php\/2023\/05\/10\/cientistas-descobrem-o-que-tem-dentro-da-lua\/","url":"https:\/\/jornalfatosenoticias.com.br\/index.php\/2023\/05\/10\/cientistas-descobrem-o-que-tem-dentro-da-lua\/","name":"Cientistas descobrem o que tem dentro da Lua - Jornal Fatos e Not\u00edcias","isPartOf":{"@id":"https:\/\/jornalfatosenoticias.com.br\/#website"},"primaryImageOfPage":{"@id":"https:\/\/jornalfatosenoticias.com.br\/index.php\/2023\/05\/10\/cientistas-descobrem-o-que-tem-dentro-da-lua\/#primaryimage"},"image":{"@id":"https:\/\/jornalfatosenoticias.com.br\/index.php\/2023\/05\/10\/cientistas-descobrem-o-que-tem-dentro-da-lua\/#primaryimage"},"thumbnailUrl":"https:\/\/jornalfatosenoticias.com.br\/wp-content\/uploads\/2023\/05\/o-que-tem-na-lua.jpg","datePublished":"2023-05-10T14:09:08+00:00","dateModified":"2023-05-10T14:09:09+00:00","breadcrumb":{"@id":"https:\/\/jornalfatosenoticias.com.br\/index.php\/2023\/05\/10\/cientistas-descobrem-o-que-tem-dentro-da-lua\/#breadcrumb"},"inLanguage":"pt-BR","potentialAction":[{"@type":"ReadAction","target":["https:\/\/jornalfatosenoticias.com.br\/index.php\/2023\/05\/10\/cientistas-descobrem-o-que-tem-dentro-da-lua\/"]}]},{"@type":"ImageObject","inLanguage":"pt-BR","@id":"https:\/\/jornalfatosenoticias.com.br\/index.php\/2023\/05\/10\/cientistas-descobrem-o-que-tem-dentro-da-lua\/#primaryimage","url":"https:\/\/jornalfatosenoticias.com.br\/wp-content\/uploads\/2023\/05\/o-que-tem-na-lua.jpg","contentUrl":"https:\/\/jornalfatosenoticias.com.br\/wp-content\/uploads\/2023\/05\/o-que-tem-na-lua.jpg","width":900,"height":900},{"@type":"BreadcrumbList","@id":"https:\/\/jornalfatosenoticias.com.br\/index.php\/2023\/05\/10\/cientistas-descobrem-o-que-tem-dentro-da-lua\/#breadcrumb","itemListElement":[{"@type":"ListItem","position":1,"name":"In\u00edcio","item":"https:\/\/jornalfatosenoticias.com.br\/"},{"@type":"ListItem","position":2,"name":"Cientistas descobrem o que tem dentro da Lua"}]},{"@type":"WebSite","@id":"https:\/\/jornalfatosenoticias.com.br\/#website","url":"https:\/\/jornalfatosenoticias.com.br\/","name":"Jornal Fatos e Not\u00edcias","description":"Not\u00edcias em geral","publisher":{"@id":"https:\/\/jornalfatosenoticias.com.br\/#organization"},"potentialAction":[{"@type":"SearchAction","target":{"@type":"EntryPoint","urlTemplate":"https:\/\/jornalfatosenoticias.com.br\/?s={search_term_string}"},"query-input":{"@type":"PropertyValueSpecification","valueRequired":true,"valueName":"search_term_string"}}],"inLanguage":"pt-BR"},{"@type":"Organization","@id":"https:\/\/jornalfatosenoticias.com.br\/#organization","name":"Jornal Fatos e Not\u00edcias","url":"https:\/\/jornalfatosenoticias.com.br\/","logo":{"@type":"ImageObject","inLanguage":"pt-BR","@id":"https:\/\/jornalfatosenoticias.com.br\/#\/schema\/logo\/image\/","url":"https:\/\/jornalfatosenoticias.com.br\/wp-content\/uploads\/2020\/02\/logo120.png","contentUrl":"https:\/\/jornalfatosenoticias.com.br\/wp-content\/uploads\/2020\/02\/logo120.png","width":1227,"height":120,"caption":"Jornal Fatos e Not\u00edcias"},"image":{"@id":"https:\/\/jornalfatosenoticias.com.br\/#\/schema\/logo\/image\/"}},{"@type":"Person","@id":"https:\/\/jornalfatosenoticias.com.br\/#\/schema\/person\/d63837fa13ac8666eb9e74e0985d6f81","name":"Luzimara Fernandes","image":{"@type":"ImageObject","inLanguage":"pt-BR","@id":"https:\/\/jornalfatosenoticias.com.br\/#\/schema\/person\/image\/","url":"https:\/\/jornalfatosenoticias.com.br\/wp-content\/uploads\/2025\/05\/EU_portal.jpg","contentUrl":"https:\/\/jornalfatosenoticias.com.br\/wp-content\/uploads\/2025\/05\/EU_portal.jpg","caption":"Luzimara Fernandes"},"description":"Jornalista MTB 2358-ES","sameAs":["https:\/\/jornalfatosenoticias.com.br"],"url":"https:\/\/jornalfatosenoticias.com.br\/index.php\/author\/luzimara\/"}]}},"cc_featured_image_caption":{"caption_text":"(Foto: Pixabay) ","source_text":"","source_url":""},"jetpack_featured_media_url":"https:\/\/jornalfatosenoticias.com.br\/wp-content\/uploads\/2023\/05\/o-que-tem-na-lua.jpg","_links":{"self":[{"href":"https:\/\/jornalfatosenoticias.com.br\/index.php\/wp-json\/wp\/v2\/posts\/41301","targetHints":{"allow":["GET"]}}],"collection":[{"href":"https:\/\/jornalfatosenoticias.com.br\/index.php\/wp-json\/wp\/v2\/posts"}],"about":[{"href":"https:\/\/jornalfatosenoticias.com.br\/index.php\/wp-json\/wp\/v2\/types\/post"}],"author":[{"embeddable":true,"href":"https:\/\/jornalfatosenoticias.com.br\/index.php\/wp-json\/wp\/v2\/users\/2"}],"replies":[{"embeddable":true,"href":"https:\/\/jornalfatosenoticias.com.br\/index.php\/wp-json\/wp\/v2\/comments?post=41301"}],"version-history":[{"count":0,"href":"https:\/\/jornalfatosenoticias.com.br\/index.php\/wp-json\/wp\/v2\/posts\/41301\/revisions"}],"wp:featuredmedia":[{"embeddable":true,"href":"https:\/\/jornalfatosenoticias.com.br\/index.php\/wp-json\/wp\/v2\/media\/41302"}],"wp:attachment":[{"href":"https:\/\/jornalfatosenoticias.com.br\/index.php\/wp-json\/wp\/v2\/media?parent=41301"}],"wp:term":[{"taxonomy":"category","embeddable":true,"href":"https:\/\/jornalfatosenoticias.com.br\/index.php\/wp-json\/wp\/v2\/categories?post=41301"},{"taxonomy":"post_tag","embeddable":true,"href":"https:\/\/jornalfatosenoticias.com.br\/index.php\/wp-json\/wp\/v2\/tags?post=41301"}],"curies":[{"name":"wp","href":"https:\/\/api.w.org\/{rel}","templated":true}]}}