{"id":41307,"date":"2023-05-10T11:24:17","date_gmt":"2023-05-10T14:24:17","guid":{"rendered":"https:\/\/jornalfatosenoticias.com.br\/?p=41307"},"modified":"2023-05-10T11:24:19","modified_gmt":"2023-05-10T14:24:19","slug":"coreia-do-sul-tera-maior-roda-gigante-sem-raios-do-mundo","status":"publish","type":"post","link":"https:\/\/jornalfatosenoticias.com.br\/index.php\/2023\/05\/10\/coreia-do-sul-tera-maior-roda-gigante-sem-raios-do-mundo\/","title":{"rendered":"Coreia do Sul ter\u00e1 maior roda-gigante sem raios do mundo"},"content":{"rendered":"\n<p><em><span class=\"has-inline-color has-black-color\">Com 180 metros de altura, a atra\u00e7\u00e3o contar\u00e1 com design surpreendente e cabines espa\u00e7osas com grandes janelas<\/span><\/em><\/p>\n\n\n\n<p>A cidade de Seul, na Coreia do Sul, ganhar\u00e1 a maior <a class=\"\" href=\"https:\/\/casavogue.globo.com\/LazerCultura\/noticia\/2022\/04\/sp-ganhara-maior-roda-gigante-da-america-latina.html\"><strong>roda-gigante<\/strong><\/a>\u00a0sem raios do mundo, apresentando uma altura de 180 metros. Chamada de Seoul Ring, sua estrutura ser\u00e1 feita totalmente com a\u00e7o e ser\u00e1 constru\u00edda no Haneul Park, em Sangam-dong, onde fica localizado um antigo aterro sanit\u00e1rio que atualmente abriga\u00a0<strong><a class=\"\" href=\"https:\/\/casavogue.globo.com\/Interiores\/Ambientes\/noticia\/2018\/08\/10-projetos-sustentaveis-para-um-estilo-de-vida-ecologico.html\">projetos ecol\u00f3gicos<\/a>.<\/strong><br>A atra\u00e7\u00e3o contar\u00e1 com um design surpreendente: al\u00e9m de n\u00e3o possuir os tradicionais cabos atravessando o interior da estrutura, a roda-gigante apresentar\u00e1 uma estrutura arredondada feita de a\u00e7o e revestida de vidro. Ainda, suas cabines ter\u00e3o interiores espa\u00e7osos e grandes <strong><a class=\"\" href=\"https:\/\/casavogue.globo.com\/Interiores\/Ambientes\/noticia\/2021\/02\/como-escolher-janela-para-cada-ambiente-da-casa.html\">janelas<\/a>,<\/strong> sendo perfeitas para observar as belas paisagens do local.<\/p>\n\n\n\n<div class=\"wp-block-image\"><figure class=\"aligncenter size-large\"><img loading=\"lazy\" decoding=\"async\" width=\"1000\" height=\"562\" src=\"https:\/\/jornalfatosenoticias.com.br\/wp-content\/uploads\/2023\/05\/roda-gigante_seul2.jpg\" alt=\"\" class=\"wp-image-41308\" srcset=\"https:\/\/jornalfatosenoticias.com.br\/wp-content\/uploads\/2023\/05\/roda-gigante_seul2.jpg 1000w, https:\/\/jornalfatosenoticias.com.br\/wp-content\/uploads\/2023\/05\/roda-gigante_seul2-300x169.jpg 300w, https:\/\/jornalfatosenoticias.com.br\/wp-content\/uploads\/2023\/05\/roda-gigante_seul2-768x432.jpg 768w\" sizes=\"auto, (max-width: 1000px) 100vw, 1000px\" \/><figcaption><em><span class=\"has-inline-color has-black-color\">A roda-gigante ter\u00e1 180 metros e 26 cabines no total (Foto: Divulga\u00e7\u00e3o\/Governo Metropolitano de Seul)<\/span><\/em><\/figcaption><\/figure><\/div>\n\n\n\n<p>Al\u00e9m disso, a Seoul Ring ser\u00e1 um s\u00edmbolo da <a class=\"\" href=\"https:\/\/casavogue.globo.com\/um-so-planeta\/noticia\/2021\/06\/como-utilizar-economia-circular-em-um-projeto-arquitetonico.html\"><strong>economia circular<\/strong><\/a>\u00a0e a\u00e7\u00e3o clim\u00e1tica, j\u00e1 que ser\u00e1 feita com base em\u00a0<strong><a class=\"\" href=\"https:\/\/casavogue.globo.com\/Interiores\/Ambientes\/noticia\/2018\/08\/10-projetos-sustentaveis-para-um-estilo-de-vida-ecologico.html\">tecnologias sustent\u00e1veis<\/a>.<\/strong> A roda-gigante ter\u00e1 26 cabines, cada uma com capacidade para no m\u00e1ximo 25 pessoas. A previs\u00e3o \u00e9 que a atra\u00e7\u00e3o seja constru\u00edda at\u00e9 2025.<\/p>\n\n\n\n<p><strong><em>Fonte: <a href=\"https:\/\/casavogue.globo.com\/arquitetura\/cidades\/noticia\/2023\/03\/maior-roda-gigante-sem-raios-do-mundo.ghtml\">Casa Vogue<\/a><\/em><\/strong><\/p>\n","protected":false},"excerpt":{"rendered":"<p>Com 180 metros de altura, a atra\u00e7\u00e3o contar\u00e1 com design surpreendente e cabines espa\u00e7osas com grandes janelas A cidade de Seul, na Coreia do Sul, ganhar\u00e1 a maior roda-gigante\u00a0sem raios do mundo, apresentando uma altura de 180 metros. Chamada de Seoul Ring, sua estrutura ser\u00e1 feita totalmente com a\u00e7o e ser\u00e1 constru\u00edda no Haneul Park, [&hellip;]<\/p>\n","protected":false},"author":2,"featured_media":41309,"comment_status":"open","ping_status":"open","sticky":false,"template":"","format":"standard","meta":{"footnotes":""},"categories":[41],"tags":[3441,19396,19394,19395],"class_list":["post-41307","post","type-post","status-publish","format-standard","has-post-thumbnail","hentry","category-internacional","tag-coreia-do-sul","tag-maior-roda-gigante-sem-raios-do-mundo","tag-roda-gigante","tag-roda-gigante-sem-raios"],"yoast_head":"<!-- This site is optimized with the Yoast SEO plugin v26.5 - https:\/\/yoast.com\/wordpress\/plugins\/seo\/ -->\n<title>Coreia do Sul ter\u00e1 maior roda-gigante sem raios do mundo - Jornal Fatos e Not\u00edcias<\/title>\n<meta name=\"robots\" content=\"index, follow, max-snippet:-1, max-image-preview:large, max-video-preview:-1\" \/>\n<link rel=\"canonical\" href=\"https:\/\/jornalfatosenoticias.com.br\/index.php\/2023\/05\/10\/coreia-do-sul-tera-maior-roda-gigante-sem-raios-do-mundo\/\" \/>\n<meta property=\"og:locale\" content=\"pt_BR\" \/>\n<meta property=\"og:type\" content=\"article\" \/>\n<meta property=\"og:title\" content=\"Coreia do Sul ter\u00e1 maior roda-gigante sem raios do mundo - Jornal Fatos e Not\u00edcias\" \/>\n<meta property=\"og:description\" content=\"Com 180 metros de altura, a atra\u00e7\u00e3o contar\u00e1 com design surpreendente e cabines espa\u00e7osas com grandes janelas A cidade de Seul, na Coreia do Sul, ganhar\u00e1 a maior roda-gigante\u00a0sem raios do mundo, apresentando uma altura de 180 metros. Chamada de Seoul Ring, sua estrutura ser\u00e1 feita totalmente com a\u00e7o e ser\u00e1 constru\u00edda no Haneul Park, [&hellip;]\" \/>\n<meta property=\"og:url\" content=\"https:\/\/jornalfatosenoticias.com.br\/index.php\/2023\/05\/10\/coreia-do-sul-tera-maior-roda-gigante-sem-raios-do-mundo\/\" \/>\n<meta property=\"og:site_name\" content=\"Jornal Fatos e Not\u00edcias\" \/>\n<meta property=\"article:published_time\" content=\"2023-05-10T14:24:17+00:00\" \/>\n<meta property=\"article:modified_time\" content=\"2023-05-10T14:24:19+00:00\" \/>\n<meta property=\"og:image\" content=\"https:\/\/jornalfatosenoticias.com.br\/wp-content\/uploads\/2023\/05\/roda-gigante_seul.jpg\" \/>\n\t<meta property=\"og:image:width\" content=\"1000\" \/>\n\t<meta property=\"og:image:height\" content=\"733\" \/>\n\t<meta property=\"og:image:type\" content=\"image\/jpeg\" \/>\n<meta name=\"author\" content=\"Luzimara Fernandes\" \/>\n<meta name=\"twitter:card\" content=\"summary_large_image\" \/>\n<meta name=\"twitter:label1\" content=\"Escrito por\" \/>\n\t<meta name=\"twitter:data1\" content=\"Luzimara Fernandes\" \/>\n\t<meta name=\"twitter:label2\" content=\"Est. tempo de leitura\" \/>\n\t<meta name=\"twitter:data2\" content=\"1 minuto\" \/>\n<script type=\"application\/ld+json\" class=\"yoast-schema-graph\">{\"@context\":\"https:\/\/schema.org\",\"@graph\":[{\"@type\":\"Article\",\"@id\":\"https:\/\/jornalfatosenoticias.com.br\/index.php\/2023\/05\/10\/coreia-do-sul-tera-maior-roda-gigante-sem-raios-do-mundo\/#article\",\"isPartOf\":{\"@id\":\"https:\/\/jornalfatosenoticias.com.br\/index.php\/2023\/05\/10\/coreia-do-sul-tera-maior-roda-gigante-sem-raios-do-mundo\/\"},\"author\":{\"name\":\"Luzimara Fernandes\",\"@id\":\"https:\/\/jornalfatosenoticias.com.br\/#\/schema\/person\/d63837fa13ac8666eb9e74e0985d6f81\"},\"headline\":\"Coreia do Sul ter\u00e1 maior roda-gigante sem raios do mundo\",\"datePublished\":\"2023-05-10T14:24:17+00:00\",\"dateModified\":\"2023-05-10T14:24:19+00:00\",\"mainEntityOfPage\":{\"@id\":\"https:\/\/jornalfatosenoticias.com.br\/index.php\/2023\/05\/10\/coreia-do-sul-tera-maior-roda-gigante-sem-raios-do-mundo\/\"},\"wordCount\":210,\"commentCount\":0,\"publisher\":{\"@id\":\"https:\/\/jornalfatosenoticias.com.br\/#organization\"},\"image\":{\"@id\":\"https:\/\/jornalfatosenoticias.com.br\/index.php\/2023\/05\/10\/coreia-do-sul-tera-maior-roda-gigante-sem-raios-do-mundo\/#primaryimage\"},\"thumbnailUrl\":\"https:\/\/jornalfatosenoticias.com.br\/wp-content\/uploads\/2023\/05\/roda-gigante_seul.jpg\",\"keywords\":[\"Coreia do Sul\",\"maior roda-gigante sem raios do mundo\",\"roda-gigante\",\"roda-gigante sem raios\"],\"articleSection\":[\"Internacional\"],\"inLanguage\":\"pt-BR\",\"potentialAction\":[{\"@type\":\"CommentAction\",\"name\":\"Comment\",\"target\":[\"https:\/\/jornalfatosenoticias.com.br\/index.php\/2023\/05\/10\/coreia-do-sul-tera-maior-roda-gigante-sem-raios-do-mundo\/#respond\"]}]},{\"@type\":\"WebPage\",\"@id\":\"https:\/\/jornalfatosenoticias.com.br\/index.php\/2023\/05\/10\/coreia-do-sul-tera-maior-roda-gigante-sem-raios-do-mundo\/\",\"url\":\"https:\/\/jornalfatosenoticias.com.br\/index.php\/2023\/05\/10\/coreia-do-sul-tera-maior-roda-gigante-sem-raios-do-mundo\/\",\"name\":\"Coreia do Sul ter\u00e1 maior roda-gigante sem raios do mundo - Jornal Fatos e Not\u00edcias\",\"isPartOf\":{\"@id\":\"https:\/\/jornalfatosenoticias.com.br\/#website\"},\"primaryImageOfPage\":{\"@id\":\"https:\/\/jornalfatosenoticias.com.br\/index.php\/2023\/05\/10\/coreia-do-sul-tera-maior-roda-gigante-sem-raios-do-mundo\/#primaryimage\"},\"image\":{\"@id\":\"https:\/\/jornalfatosenoticias.com.br\/index.php\/2023\/05\/10\/coreia-do-sul-tera-maior-roda-gigante-sem-raios-do-mundo\/#primaryimage\"},\"thumbnailUrl\":\"https:\/\/jornalfatosenoticias.com.br\/wp-content\/uploads\/2023\/05\/roda-gigante_seul.jpg\",\"datePublished\":\"2023-05-10T14:24:17+00:00\",\"dateModified\":\"2023-05-10T14:24:19+00:00\",\"breadcrumb\":{\"@id\":\"https:\/\/jornalfatosenoticias.com.br\/index.php\/2023\/05\/10\/coreia-do-sul-tera-maior-roda-gigante-sem-raios-do-mundo\/#breadcrumb\"},\"inLanguage\":\"pt-BR\",\"potentialAction\":[{\"@type\":\"ReadAction\",\"target\":[\"https:\/\/jornalfatosenoticias.com.br\/index.php\/2023\/05\/10\/coreia-do-sul-tera-maior-roda-gigante-sem-raios-do-mundo\/\"]}]},{\"@type\":\"ImageObject\",\"inLanguage\":\"pt-BR\",\"@id\":\"https:\/\/jornalfatosenoticias.com.br\/index.php\/2023\/05\/10\/coreia-do-sul-tera-maior-roda-gigante-sem-raios-do-mundo\/#primaryimage\",\"url\":\"https:\/\/jornalfatosenoticias.com.br\/wp-content\/uploads\/2023\/05\/roda-gigante_seul.jpg\",\"contentUrl\":\"https:\/\/jornalfatosenoticias.com.br\/wp-content\/uploads\/2023\/05\/roda-gigante_seul.jpg\",\"width\":1000,\"height\":733},{\"@type\":\"BreadcrumbList\",\"@id\":\"https:\/\/jornalfatosenoticias.com.br\/index.php\/2023\/05\/10\/coreia-do-sul-tera-maior-roda-gigante-sem-raios-do-mundo\/#breadcrumb\",\"itemListElement\":[{\"@type\":\"ListItem\",\"position\":1,\"name\":\"In\u00edcio\",\"item\":\"https:\/\/jornalfatosenoticias.com.br\/\"},{\"@type\":\"ListItem\",\"position\":2,\"name\":\"Coreia do Sul ter\u00e1 maior roda-gigante sem raios do mundo\"}]},{\"@type\":\"WebSite\",\"@id\":\"https:\/\/jornalfatosenoticias.com.br\/#website\",\"url\":\"https:\/\/jornalfatosenoticias.com.br\/\",\"name\":\"Jornal Fatos e Not\u00edcias\",\"description\":\"Not\u00edcias em geral\",\"publisher\":{\"@id\":\"https:\/\/jornalfatosenoticias.com.br\/#organization\"},\"potentialAction\":[{\"@type\":\"SearchAction\",\"target\":{\"@type\":\"EntryPoint\",\"urlTemplate\":\"https:\/\/jornalfatosenoticias.com.br\/?s={search_term_string}\"},\"query-input\":{\"@type\":\"PropertyValueSpecification\",\"valueRequired\":true,\"valueName\":\"search_term_string\"}}],\"inLanguage\":\"pt-BR\"},{\"@type\":\"Organization\",\"@id\":\"https:\/\/jornalfatosenoticias.com.br\/#organization\",\"name\":\"Jornal Fatos e Not\u00edcias\",\"url\":\"https:\/\/jornalfatosenoticias.com.br\/\",\"logo\":{\"@type\":\"ImageObject\",\"inLanguage\":\"pt-BR\",\"@id\":\"https:\/\/jornalfatosenoticias.com.br\/#\/schema\/logo\/image\/\",\"url\":\"https:\/\/jornalfatosenoticias.com.br\/wp-content\/uploads\/2020\/02\/logo120.png\",\"contentUrl\":\"https:\/\/jornalfatosenoticias.com.br\/wp-content\/uploads\/2020\/02\/logo120.png\",\"width\":1227,\"height\":120,\"caption\":\"Jornal Fatos e Not\u00edcias\"},\"image\":{\"@id\":\"https:\/\/jornalfatosenoticias.com.br\/#\/schema\/logo\/image\/\"}},{\"@type\":\"Person\",\"@id\":\"https:\/\/jornalfatosenoticias.com.br\/#\/schema\/person\/d63837fa13ac8666eb9e74e0985d6f81\",\"name\":\"Luzimara Fernandes\",\"image\":{\"@type\":\"ImageObject\",\"inLanguage\":\"pt-BR\",\"@id\":\"https:\/\/jornalfatosenoticias.com.br\/#\/schema\/person\/image\/\",\"url\":\"https:\/\/jornalfatosenoticias.com.br\/wp-content\/uploads\/2025\/05\/EU_portal.jpg\",\"contentUrl\":\"https:\/\/jornalfatosenoticias.com.br\/wp-content\/uploads\/2025\/05\/EU_portal.jpg\",\"caption\":\"Luzimara Fernandes\"},\"description\":\"Jornalista MTB 2358-ES\",\"sameAs\":[\"https:\/\/jornalfatosenoticias.com.br\"],\"url\":\"https:\/\/jornalfatosenoticias.com.br\/index.php\/author\/luzimara\/\"}]}<\/script>\n<!-- \/ Yoast SEO plugin. -->","yoast_head_json":{"title":"Coreia do Sul ter\u00e1 maior roda-gigante sem raios do mundo - Jornal Fatos e Not\u00edcias","robots":{"index":"index","follow":"follow","max-snippet":"max-snippet:-1","max-image-preview":"max-image-preview:large","max-video-preview":"max-video-preview:-1"},"canonical":"https:\/\/jornalfatosenoticias.com.br\/index.php\/2023\/05\/10\/coreia-do-sul-tera-maior-roda-gigante-sem-raios-do-mundo\/","og_locale":"pt_BR","og_type":"article","og_title":"Coreia do Sul ter\u00e1 maior roda-gigante sem raios do mundo - Jornal Fatos e Not\u00edcias","og_description":"Com 180 metros de altura, a atra\u00e7\u00e3o contar\u00e1 com design surpreendente e cabines espa\u00e7osas com grandes janelas A cidade de Seul, na Coreia do Sul, ganhar\u00e1 a maior roda-gigante\u00a0sem raios do mundo, apresentando uma altura de 180 metros. Chamada de Seoul Ring, sua estrutura ser\u00e1 feita totalmente com a\u00e7o e ser\u00e1 constru\u00edda no Haneul Park, [&hellip;]","og_url":"https:\/\/jornalfatosenoticias.com.br\/index.php\/2023\/05\/10\/coreia-do-sul-tera-maior-roda-gigante-sem-raios-do-mundo\/","og_site_name":"Jornal Fatos e Not\u00edcias","article_published_time":"2023-05-10T14:24:17+00:00","article_modified_time":"2023-05-10T14:24:19+00:00","og_image":[{"width":1000,"height":733,"url":"https:\/\/jornalfatosenoticias.com.br\/wp-content\/uploads\/2023\/05\/roda-gigante_seul.jpg","type":"image\/jpeg"}],"author":"Luzimara Fernandes","twitter_card":"summary_large_image","twitter_misc":{"Escrito por":"Luzimara Fernandes","Est. tempo de leitura":"1 minuto"},"schema":{"@context":"https:\/\/schema.org","@graph":[{"@type":"Article","@id":"https:\/\/jornalfatosenoticias.com.br\/index.php\/2023\/05\/10\/coreia-do-sul-tera-maior-roda-gigante-sem-raios-do-mundo\/#article","isPartOf":{"@id":"https:\/\/jornalfatosenoticias.com.br\/index.php\/2023\/05\/10\/coreia-do-sul-tera-maior-roda-gigante-sem-raios-do-mundo\/"},"author":{"name":"Luzimara Fernandes","@id":"https:\/\/jornalfatosenoticias.com.br\/#\/schema\/person\/d63837fa13ac8666eb9e74e0985d6f81"},"headline":"Coreia do Sul ter\u00e1 maior roda-gigante sem raios do mundo","datePublished":"2023-05-10T14:24:17+00:00","dateModified":"2023-05-10T14:24:19+00:00","mainEntityOfPage":{"@id":"https:\/\/jornalfatosenoticias.com.br\/index.php\/2023\/05\/10\/coreia-do-sul-tera-maior-roda-gigante-sem-raios-do-mundo\/"},"wordCount":210,"commentCount":0,"publisher":{"@id":"https:\/\/jornalfatosenoticias.com.br\/#organization"},"image":{"@id":"https:\/\/jornalfatosenoticias.com.br\/index.php\/2023\/05\/10\/coreia-do-sul-tera-maior-roda-gigante-sem-raios-do-mundo\/#primaryimage"},"thumbnailUrl":"https:\/\/jornalfatosenoticias.com.br\/wp-content\/uploads\/2023\/05\/roda-gigante_seul.jpg","keywords":["Coreia do Sul","maior roda-gigante sem raios do mundo","roda-gigante","roda-gigante sem raios"],"articleSection":["Internacional"],"inLanguage":"pt-BR","potentialAction":[{"@type":"CommentAction","name":"Comment","target":["https:\/\/jornalfatosenoticias.com.br\/index.php\/2023\/05\/10\/coreia-do-sul-tera-maior-roda-gigante-sem-raios-do-mundo\/#respond"]}]},{"@type":"WebPage","@id":"https:\/\/jornalfatosenoticias.com.br\/index.php\/2023\/05\/10\/coreia-do-sul-tera-maior-roda-gigante-sem-raios-do-mundo\/","url":"https:\/\/jornalfatosenoticias.com.br\/index.php\/2023\/05\/10\/coreia-do-sul-tera-maior-roda-gigante-sem-raios-do-mundo\/","name":"Coreia do Sul ter\u00e1 maior roda-gigante sem raios do mundo - Jornal Fatos e Not\u00edcias","isPartOf":{"@id":"https:\/\/jornalfatosenoticias.com.br\/#website"},"primaryImageOfPage":{"@id":"https:\/\/jornalfatosenoticias.com.br\/index.php\/2023\/05\/10\/coreia-do-sul-tera-maior-roda-gigante-sem-raios-do-mundo\/#primaryimage"},"image":{"@id":"https:\/\/jornalfatosenoticias.com.br\/index.php\/2023\/05\/10\/coreia-do-sul-tera-maior-roda-gigante-sem-raios-do-mundo\/#primaryimage"},"thumbnailUrl":"https:\/\/jornalfatosenoticias.com.br\/wp-content\/uploads\/2023\/05\/roda-gigante_seul.jpg","datePublished":"2023-05-10T14:24:17+00:00","dateModified":"2023-05-10T14:24:19+00:00","breadcrumb":{"@id":"https:\/\/jornalfatosenoticias.com.br\/index.php\/2023\/05\/10\/coreia-do-sul-tera-maior-roda-gigante-sem-raios-do-mundo\/#breadcrumb"},"inLanguage":"pt-BR","potentialAction":[{"@type":"ReadAction","target":["https:\/\/jornalfatosenoticias.com.br\/index.php\/2023\/05\/10\/coreia-do-sul-tera-maior-roda-gigante-sem-raios-do-mundo\/"]}]},{"@type":"ImageObject","inLanguage":"pt-BR","@id":"https:\/\/jornalfatosenoticias.com.br\/index.php\/2023\/05\/10\/coreia-do-sul-tera-maior-roda-gigante-sem-raios-do-mundo\/#primaryimage","url":"https:\/\/jornalfatosenoticias.com.br\/wp-content\/uploads\/2023\/05\/roda-gigante_seul.jpg","contentUrl":"https:\/\/jornalfatosenoticias.com.br\/wp-content\/uploads\/2023\/05\/roda-gigante_seul.jpg","width":1000,"height":733},{"@type":"BreadcrumbList","@id":"https:\/\/jornalfatosenoticias.com.br\/index.php\/2023\/05\/10\/coreia-do-sul-tera-maior-roda-gigante-sem-raios-do-mundo\/#breadcrumb","itemListElement":[{"@type":"ListItem","position":1,"name":"In\u00edcio","item":"https:\/\/jornalfatosenoticias.com.br\/"},{"@type":"ListItem","position":2,"name":"Coreia do Sul ter\u00e1 maior roda-gigante sem raios do mundo"}]},{"@type":"WebSite","@id":"https:\/\/jornalfatosenoticias.com.br\/#website","url":"https:\/\/jornalfatosenoticias.com.br\/","name":"Jornal Fatos e Not\u00edcias","description":"Not\u00edcias em geral","publisher":{"@id":"https:\/\/jornalfatosenoticias.com.br\/#organization"},"potentialAction":[{"@type":"SearchAction","target":{"@type":"EntryPoint","urlTemplate":"https:\/\/jornalfatosenoticias.com.br\/?s={search_term_string}"},"query-input":{"@type":"PropertyValueSpecification","valueRequired":true,"valueName":"search_term_string"}}],"inLanguage":"pt-BR"},{"@type":"Organization","@id":"https:\/\/jornalfatosenoticias.com.br\/#organization","name":"Jornal Fatos e Not\u00edcias","url":"https:\/\/jornalfatosenoticias.com.br\/","logo":{"@type":"ImageObject","inLanguage":"pt-BR","@id":"https:\/\/jornalfatosenoticias.com.br\/#\/schema\/logo\/image\/","url":"https:\/\/jornalfatosenoticias.com.br\/wp-content\/uploads\/2020\/02\/logo120.png","contentUrl":"https:\/\/jornalfatosenoticias.com.br\/wp-content\/uploads\/2020\/02\/logo120.png","width":1227,"height":120,"caption":"Jornal Fatos e Not\u00edcias"},"image":{"@id":"https:\/\/jornalfatosenoticias.com.br\/#\/schema\/logo\/image\/"}},{"@type":"Person","@id":"https:\/\/jornalfatosenoticias.com.br\/#\/schema\/person\/d63837fa13ac8666eb9e74e0985d6f81","name":"Luzimara Fernandes","image":{"@type":"ImageObject","inLanguage":"pt-BR","@id":"https:\/\/jornalfatosenoticias.com.br\/#\/schema\/person\/image\/","url":"https:\/\/jornalfatosenoticias.com.br\/wp-content\/uploads\/2025\/05\/EU_portal.jpg","contentUrl":"https:\/\/jornalfatosenoticias.com.br\/wp-content\/uploads\/2025\/05\/EU_portal.jpg","caption":"Luzimara Fernandes"},"description":"Jornalista MTB 2358-ES","sameAs":["https:\/\/jornalfatosenoticias.com.br"],"url":"https:\/\/jornalfatosenoticias.com.br\/index.php\/author\/luzimara\/"}]}},"cc_featured_image_caption":{"caption_text":"(Foto: Divulga\u00e7\u00e3o\/Governo Metropolitano de Seul)","source_text":"","source_url":""},"jetpack_featured_media_url":"https:\/\/jornalfatosenoticias.com.br\/wp-content\/uploads\/2023\/05\/roda-gigante_seul.jpg","_links":{"self":[{"href":"https:\/\/jornalfatosenoticias.com.br\/index.php\/wp-json\/wp\/v2\/posts\/41307","targetHints":{"allow":["GET"]}}],"collection":[{"href":"https:\/\/jornalfatosenoticias.com.br\/index.php\/wp-json\/wp\/v2\/posts"}],"about":[{"href":"https:\/\/jornalfatosenoticias.com.br\/index.php\/wp-json\/wp\/v2\/types\/post"}],"author":[{"embeddable":true,"href":"https:\/\/jornalfatosenoticias.com.br\/index.php\/wp-json\/wp\/v2\/users\/2"}],"replies":[{"embeddable":true,"href":"https:\/\/jornalfatosenoticias.com.br\/index.php\/wp-json\/wp\/v2\/comments?post=41307"}],"version-history":[{"count":0,"href":"https:\/\/jornalfatosenoticias.com.br\/index.php\/wp-json\/wp\/v2\/posts\/41307\/revisions"}],"wp:featuredmedia":[{"embeddable":true,"href":"https:\/\/jornalfatosenoticias.com.br\/index.php\/wp-json\/wp\/v2\/media\/41309"}],"wp:attachment":[{"href":"https:\/\/jornalfatosenoticias.com.br\/index.php\/wp-json\/wp\/v2\/media?parent=41307"}],"wp:term":[{"taxonomy":"category","embeddable":true,"href":"https:\/\/jornalfatosenoticias.com.br\/index.php\/wp-json\/wp\/v2\/categories?post=41307"},{"taxonomy":"post_tag","embeddable":true,"href":"https:\/\/jornalfatosenoticias.com.br\/index.php\/wp-json\/wp\/v2\/tags?post=41307"}],"curies":[{"name":"wp","href":"https:\/\/api.w.org\/{rel}","templated":true}]}}