{"id":41373,"date":"2023-05-11T17:04:23","date_gmt":"2023-05-11T20:04:23","guid":{"rendered":"https:\/\/jornalfatosenoticias.com.br\/?p=41373"},"modified":"2023-05-11T17:04:26","modified_gmt":"2023-05-11T20:04:26","slug":"paulo-guedes-deve-assumir-posto-em-conselho-global-de-um-dos-maiores-bancos-do-mundo","status":"publish","type":"post","link":"https:\/\/jornalfatosenoticias.com.br\/index.php\/2023\/05\/11\/paulo-guedes-deve-assumir-posto-em-conselho-global-de-um-dos-maiores-bancos-do-mundo\/","title":{"rendered":"Paulo Guedes deve assumir posto em conselho global de um dos maiores bancos do mundo"},"content":{"rendered":"\n<p><span class=\"has-inline-color has-black-color\"><em>Al\u00e9m de sua atividade principal no exterior, ex-ministro deve participar do board de grupos financeiros e educacionais no Brasil<\/em><\/span><\/p>\n\n\n\n<div class=\"wp-block-image\"><figure class=\"aligncenter size-large is-resized\"><img loading=\"lazy\" decoding=\"async\" src=\"https:\/\/jornalfatosenoticias.com.br\/wp-content\/uploads\/2022\/02\/Precisao-Contabilidade-1024x724.jpg\" alt=\"\" class=\"wp-image-28088\" width=\"277\" height=\"196\"\/><\/figure><\/div>\n\n\n\n<p>Com sua quarentena de seis meses terminando em 1\u00ba de julho, o ex-ministro da Economia, Paulo Guedes, de 73 anos, prepara-se para voltar \u00e0 ativa na iniciativa privada, desta vez n\u00e3o em fun\u00e7\u00f5es executivas, como antes de ir para o governo, em 2019, mas como membro ou presidente de conselhos de administra\u00e7\u00e3o de diferentes empresas, do Brasil e do exterior.<br>Segundo o <em>Estad\u00e3o<\/em> apurou, a principal atividade de Guedes dever\u00e1 ser como integrante do <em>board <\/em>global de um dos maiores grupos financeiros internacionais, sediado nos Estados Unidos, com o qual ele est\u00e1 em negocia\u00e7\u00f5es avan\u00e7adas, onde contribuir\u00e1 para a defini\u00e7\u00e3o da estrat\u00e9gia da institui\u00e7\u00e3o pelo mundo afora.<\/p>\n\n\n\n<div class=\"wp-block-image\"><figure class=\"aligncenter size-large\"><img loading=\"lazy\" decoding=\"async\" width=\"300\" height=\"250\" src=\"https:\/\/jornalfatosenoticias.com.br\/wp-content\/uploads\/2022\/08\/arte-Casarao.jpg\" alt=\"\" class=\"wp-image-33178\"\/><\/figure><\/div>\n\n\n\n<p><strong><span class=\"has-inline-color has-vivid-cyan-blue-color\">Paulo Guedes deixa legado liberal na economia<\/span><\/strong><\/p>\n\n\n\n<ul class=\"wp-block-list\"><li>20 medidas de liberaliza\u00e7\u00e3o econ\u00f4mica adotadas no governo Bolsonaro<\/li><li>\u2018Faltou apoio para a agenda liberal\u2019, diz Paulo Guedes<\/li><\/ul>\n\n\n\n<div class=\"wp-block-image\"><figure class=\"aligncenter size-large\"><img loading=\"lazy\" decoding=\"async\" width=\"729\" height=\"90\" src=\"https:\/\/jornalfatosenoticias.com.br\/wp-content\/uploads\/2020\/02\/Logo_Mizu.png\" alt=\"\" class=\"wp-image-1441\" srcset=\"https:\/\/jornalfatosenoticias.com.br\/wp-content\/uploads\/2020\/02\/Logo_Mizu.png 729w, https:\/\/jornalfatosenoticias.com.br\/wp-content\/uploads\/2020\/02\/Logo_Mizu-300x37.png 300w\" sizes=\"auto, (max-width: 729px) 100vw, 729px\" \/><\/figure><\/div>\n\n\n\n<p>Em paralelo, Guedes, que prefere se manter distante dos holofotes at\u00e9 acabar seu per\u00edodo de reclus\u00e3o, tamb\u00e9m dever\u00e1 dirigir ou integrar conselhos de empresas no Pa\u00eds, cujos neg\u00f3cios n\u00e3o tenham conflito de interesse com sua atividade principal, e se dedicar \u00e0 promo\u00e7\u00e3o de f\u00f3runs de debates entre empres\u00e1rios brasileiros e internacionais.<\/p>\n\n\n\n<div class=\"wp-block-image\"><figure class=\"aligncenter size-large is-resized\"><img loading=\"lazy\" decoding=\"async\" src=\"https:\/\/jornalfatosenoticias.com.br\/wp-content\/uploads\/2022\/07\/Logo-Grupo-SEI.jpg\" alt=\"\" class=\"wp-image-31973\" width=\"332\" height=\"174\" srcset=\"https:\/\/jornalfatosenoticias.com.br\/wp-content\/uploads\/2022\/07\/Logo-Grupo-SEI.jpg 713w, https:\/\/jornalfatosenoticias.com.br\/wp-content\/uploads\/2022\/07\/Logo-Grupo-SEI-300x158.jpg 300w\" sizes=\"auto, (max-width: 332px) 100vw, 332px\" \/><\/figure><\/div>\n\n\n\n<p>No Brasil, como informou na quarta-feira (10) o Broadcast, servi\u00e7o de not\u00edcias em tempo real do Grupo Estado, o ex-ministro dever\u00e1 participar do conselho da Legend, empresa financeira que tem como investidor o banco BTG Pactual, do qual ele foi um dos fundadores, e como s\u00f3cio o financista S\u00e9rgio Eraldo Salles Pinto, seu amigo e ex-parceiro na Bozano Investimentos.<\/p>\n\n\n\n<div class=\"wp-block-image\"><figure class=\"aligncenter size-large is-resized\"><img loading=\"lazy\" decoding=\"async\" src=\"https:\/\/jornalfatosenoticias.com.br\/wp-content\/uploads\/2020\/02\/casa-do-torresmo_portal.jpg\" alt=\"\" class=\"wp-image-34472\" width=\"252\" height=\"252\" srcset=\"https:\/\/jornalfatosenoticias.com.br\/wp-content\/uploads\/2020\/02\/casa-do-torresmo_portal.jpg 300w, https:\/\/jornalfatosenoticias.com.br\/wp-content\/uploads\/2020\/02\/casa-do-torresmo_portal-150x150.jpg 150w\" sizes=\"auto, (max-width: 252px) 100vw, 252px\" \/><\/figure><\/div>\n\n\n\n<p>Al\u00e9m disso, Guedes dever\u00e1 contribuir com a empresa de gest\u00e3o de recursos do ex-presidente do Banco Nacional de Desenvolvimento Econ\u00f4mico e Social (BNDES), Gustavo Montezano, voltada para transi\u00e7\u00e3o energ\u00e9tica e preserva\u00e7\u00e3o de recursos naturais, \u00e1reas-chaves na negocia\u00e7\u00e3o liderada por Guedes para a ades\u00e3o do Brasil \u00e0 Organiza\u00e7\u00e3o para a Coopera\u00e7\u00e3o e o Desenvolvimento Econ\u00f4mico (OCDE).<\/p>\n\n\n\n<div class=\"wp-block-image\"><figure class=\"aligncenter size-large is-resized\"><img loading=\"lazy\" decoding=\"async\" src=\"https:\/\/jornalfatosenoticias.com.br\/wp-content\/uploads\/2022\/10\/Arte-jornal-Zucchi-600x600_Prancheta-1-1024x1024.jpg\" alt=\"\" class=\"wp-image-34782\" width=\"238\" height=\"238\" srcset=\"https:\/\/jornalfatosenoticias.com.br\/wp-content\/uploads\/2022\/10\/Arte-jornal-Zucchi-600x600_Prancheta-1-1024x1024.jpg 1024w, https:\/\/jornalfatosenoticias.com.br\/wp-content\/uploads\/2022\/10\/Arte-jornal-Zucchi-600x600_Prancheta-1-300x300.jpg 300w, https:\/\/jornalfatosenoticias.com.br\/wp-content\/uploads\/2022\/10\/Arte-jornal-Zucchi-600x600_Prancheta-1-150x150.jpg 150w, https:\/\/jornalfatosenoticias.com.br\/wp-content\/uploads\/2022\/10\/Arte-jornal-Zucchi-600x600_Prancheta-1-768x768.jpg 768w, https:\/\/jornalfatosenoticias.com.br\/wp-content\/uploads\/2022\/10\/Arte-jornal-Zucchi-600x600_Prancheta-1.jpg 1250w\" sizes=\"auto, (max-width: 238px) 100vw, 238px\" \/><\/figure><\/div>\n\n\n\n<p><strong><em>Fonte: <a href=\"https:\/\/terrabrasilnoticias.com\/2023\/05\/paulo-guedes-deve-assumir-posto-em-conselho-global-de-um-dos-maiores-bancos-do-mundo\/\">Terra Brasil Not\u00edcias<\/a><\/em><\/strong><\/p>\n","protected":false},"excerpt":{"rendered":"<p>Al\u00e9m de sua atividade principal no exterior, ex-ministro deve participar do board de grupos financeiros e educacionais no Brasil Com sua quarentena de seis meses terminando em 1\u00ba de julho, o ex-ministro da Economia, Paulo Guedes, de 73 anos, prepara-se para voltar \u00e0 ativa na iniciativa privada, desta vez n\u00e3o em fun\u00e7\u00f5es executivas, como antes [&hellip;]<\/p>\n","protected":false},"author":2,"featured_media":41374,"comment_status":"open","ping_status":"open","sticky":false,"template":"","format":"standard","meta":{"footnotes":""},"categories":[9],"tags":[19430,19431,1502],"class_list":["post-41373","post","type-post","status-publish","format-standard","has-post-thumbnail","hentry","category-economia","tag-banco","tag-grupos-financeiros","tag-paulo-guedes"],"yoast_head":"<!-- This site is optimized with the Yoast SEO plugin v26.5 - https:\/\/yoast.com\/wordpress\/plugins\/seo\/ -->\n<title>Paulo Guedes deve assumir posto em conselho global de um dos maiores bancos do mundo - Jornal Fatos e Not\u00edcias<\/title>\n<meta name=\"robots\" content=\"index, follow, max-snippet:-1, max-image-preview:large, max-video-preview:-1\" \/>\n<link rel=\"canonical\" href=\"https:\/\/jornalfatosenoticias.com.br\/index.php\/2023\/05\/11\/paulo-guedes-deve-assumir-posto-em-conselho-global-de-um-dos-maiores-bancos-do-mundo\/\" \/>\n<meta property=\"og:locale\" content=\"pt_BR\" \/>\n<meta property=\"og:type\" content=\"article\" \/>\n<meta property=\"og:title\" content=\"Paulo Guedes deve assumir posto em conselho global de um dos maiores bancos do mundo - Jornal Fatos e Not\u00edcias\" \/>\n<meta property=\"og:description\" content=\"Al\u00e9m de sua atividade principal no exterior, ex-ministro deve participar do board de grupos financeiros e educacionais no Brasil Com sua quarentena de seis meses terminando em 1\u00ba de julho, o ex-ministro da Economia, Paulo Guedes, de 73 anos, prepara-se para voltar \u00e0 ativa na iniciativa privada, desta vez n\u00e3o em fun\u00e7\u00f5es executivas, como antes [&hellip;]\" \/>\n<meta property=\"og:url\" content=\"https:\/\/jornalfatosenoticias.com.br\/index.php\/2023\/05\/11\/paulo-guedes-deve-assumir-posto-em-conselho-global-de-um-dos-maiores-bancos-do-mundo\/\" \/>\n<meta property=\"og:site_name\" content=\"Jornal Fatos e Not\u00edcias\" \/>\n<meta property=\"article:published_time\" content=\"2023-05-11T20:04:23+00:00\" \/>\n<meta property=\"article:modified_time\" content=\"2023-05-11T20:04:26+00:00\" \/>\n<meta property=\"og:image\" content=\"https:\/\/jornalfatosenoticias.com.br\/wp-content\/uploads\/2023\/05\/paulo-guedes.jpg\" \/>\n\t<meta property=\"og:image:width\" content=\"800\" \/>\n\t<meta property=\"og:image:height\" content=\"533\" \/>\n\t<meta property=\"og:image:type\" content=\"image\/jpeg\" \/>\n<meta name=\"author\" content=\"Luzimara Fernandes\" \/>\n<meta name=\"twitter:card\" content=\"summary_large_image\" \/>\n<meta name=\"twitter:label1\" content=\"Escrito por\" \/>\n\t<meta name=\"twitter:data1\" content=\"Luzimara Fernandes\" \/>\n\t<meta name=\"twitter:label2\" content=\"Est. tempo de leitura\" \/>\n\t<meta name=\"twitter:data2\" content=\"2 minutos\" \/>\n<script type=\"application\/ld+json\" class=\"yoast-schema-graph\">{\"@context\":\"https:\/\/schema.org\",\"@graph\":[{\"@type\":\"Article\",\"@id\":\"https:\/\/jornalfatosenoticias.com.br\/index.php\/2023\/05\/11\/paulo-guedes-deve-assumir-posto-em-conselho-global-de-um-dos-maiores-bancos-do-mundo\/#article\",\"isPartOf\":{\"@id\":\"https:\/\/jornalfatosenoticias.com.br\/index.php\/2023\/05\/11\/paulo-guedes-deve-assumir-posto-em-conselho-global-de-um-dos-maiores-bancos-do-mundo\/\"},\"author\":{\"name\":\"Luzimara Fernandes\",\"@id\":\"https:\/\/jornalfatosenoticias.com.br\/#\/schema\/person\/d63837fa13ac8666eb9e74e0985d6f81\"},\"headline\":\"Paulo Guedes deve assumir posto em conselho global de um dos maiores bancos do mundo\",\"datePublished\":\"2023-05-11T20:04:23+00:00\",\"dateModified\":\"2023-05-11T20:04:26+00:00\",\"mainEntityOfPage\":{\"@id\":\"https:\/\/jornalfatosenoticias.com.br\/index.php\/2023\/05\/11\/paulo-guedes-deve-assumir-posto-em-conselho-global-de-um-dos-maiores-bancos-do-mundo\/\"},\"wordCount\":364,\"commentCount\":0,\"publisher\":{\"@id\":\"https:\/\/jornalfatosenoticias.com.br\/#organization\"},\"image\":{\"@id\":\"https:\/\/jornalfatosenoticias.com.br\/index.php\/2023\/05\/11\/paulo-guedes-deve-assumir-posto-em-conselho-global-de-um-dos-maiores-bancos-do-mundo\/#primaryimage\"},\"thumbnailUrl\":\"https:\/\/jornalfatosenoticias.com.br\/wp-content\/uploads\/2023\/05\/paulo-guedes.jpg\",\"keywords\":[\"banco\",\"grupos financeiros\",\"Paulo Guedes\"],\"articleSection\":[\"Economia\"],\"inLanguage\":\"pt-BR\",\"potentialAction\":[{\"@type\":\"CommentAction\",\"name\":\"Comment\",\"target\":[\"https:\/\/jornalfatosenoticias.com.br\/index.php\/2023\/05\/11\/paulo-guedes-deve-assumir-posto-em-conselho-global-de-um-dos-maiores-bancos-do-mundo\/#respond\"]}]},{\"@type\":\"WebPage\",\"@id\":\"https:\/\/jornalfatosenoticias.com.br\/index.php\/2023\/05\/11\/paulo-guedes-deve-assumir-posto-em-conselho-global-de-um-dos-maiores-bancos-do-mundo\/\",\"url\":\"https:\/\/jornalfatosenoticias.com.br\/index.php\/2023\/05\/11\/paulo-guedes-deve-assumir-posto-em-conselho-global-de-um-dos-maiores-bancos-do-mundo\/\",\"name\":\"Paulo Guedes deve assumir posto em conselho global de um dos maiores bancos do mundo - Jornal Fatos e Not\u00edcias\",\"isPartOf\":{\"@id\":\"https:\/\/jornalfatosenoticias.com.br\/#website\"},\"primaryImageOfPage\":{\"@id\":\"https:\/\/jornalfatosenoticias.com.br\/index.php\/2023\/05\/11\/paulo-guedes-deve-assumir-posto-em-conselho-global-de-um-dos-maiores-bancos-do-mundo\/#primaryimage\"},\"image\":{\"@id\":\"https:\/\/jornalfatosenoticias.com.br\/index.php\/2023\/05\/11\/paulo-guedes-deve-assumir-posto-em-conselho-global-de-um-dos-maiores-bancos-do-mundo\/#primaryimage\"},\"thumbnailUrl\":\"https:\/\/jornalfatosenoticias.com.br\/wp-content\/uploads\/2023\/05\/paulo-guedes.jpg\",\"datePublished\":\"2023-05-11T20:04:23+00:00\",\"dateModified\":\"2023-05-11T20:04:26+00:00\",\"breadcrumb\":{\"@id\":\"https:\/\/jornalfatosenoticias.com.br\/index.php\/2023\/05\/11\/paulo-guedes-deve-assumir-posto-em-conselho-global-de-um-dos-maiores-bancos-do-mundo\/#breadcrumb\"},\"inLanguage\":\"pt-BR\",\"potentialAction\":[{\"@type\":\"ReadAction\",\"target\":[\"https:\/\/jornalfatosenoticias.com.br\/index.php\/2023\/05\/11\/paulo-guedes-deve-assumir-posto-em-conselho-global-de-um-dos-maiores-bancos-do-mundo\/\"]}]},{\"@type\":\"ImageObject\",\"inLanguage\":\"pt-BR\",\"@id\":\"https:\/\/jornalfatosenoticias.com.br\/index.php\/2023\/05\/11\/paulo-guedes-deve-assumir-posto-em-conselho-global-de-um-dos-maiores-bancos-do-mundo\/#primaryimage\",\"url\":\"https:\/\/jornalfatosenoticias.com.br\/wp-content\/uploads\/2023\/05\/paulo-guedes.jpg\",\"contentUrl\":\"https:\/\/jornalfatosenoticias.com.br\/wp-content\/uploads\/2023\/05\/paulo-guedes.jpg\",\"width\":800,\"height\":533},{\"@type\":\"BreadcrumbList\",\"@id\":\"https:\/\/jornalfatosenoticias.com.br\/index.php\/2023\/05\/11\/paulo-guedes-deve-assumir-posto-em-conselho-global-de-um-dos-maiores-bancos-do-mundo\/#breadcrumb\",\"itemListElement\":[{\"@type\":\"ListItem\",\"position\":1,\"name\":\"In\u00edcio\",\"item\":\"https:\/\/jornalfatosenoticias.com.br\/\"},{\"@type\":\"ListItem\",\"position\":2,\"name\":\"Paulo Guedes deve assumir posto em conselho global de um dos maiores bancos do mundo\"}]},{\"@type\":\"WebSite\",\"@id\":\"https:\/\/jornalfatosenoticias.com.br\/#website\",\"url\":\"https:\/\/jornalfatosenoticias.com.br\/\",\"name\":\"Jornal Fatos e Not\u00edcias\",\"description\":\"Not\u00edcias em geral\",\"publisher\":{\"@id\":\"https:\/\/jornalfatosenoticias.com.br\/#organization\"},\"potentialAction\":[{\"@type\":\"SearchAction\",\"target\":{\"@type\":\"EntryPoint\",\"urlTemplate\":\"https:\/\/jornalfatosenoticias.com.br\/?s={search_term_string}\"},\"query-input\":{\"@type\":\"PropertyValueSpecification\",\"valueRequired\":true,\"valueName\":\"search_term_string\"}}],\"inLanguage\":\"pt-BR\"},{\"@type\":\"Organization\",\"@id\":\"https:\/\/jornalfatosenoticias.com.br\/#organization\",\"name\":\"Jornal Fatos e Not\u00edcias\",\"url\":\"https:\/\/jornalfatosenoticias.com.br\/\",\"logo\":{\"@type\":\"ImageObject\",\"inLanguage\":\"pt-BR\",\"@id\":\"https:\/\/jornalfatosenoticias.com.br\/#\/schema\/logo\/image\/\",\"url\":\"https:\/\/jornalfatosenoticias.com.br\/wp-content\/uploads\/2020\/02\/logo120.png\",\"contentUrl\":\"https:\/\/jornalfatosenoticias.com.br\/wp-content\/uploads\/2020\/02\/logo120.png\",\"width\":1227,\"height\":120,\"caption\":\"Jornal Fatos e Not\u00edcias\"},\"image\":{\"@id\":\"https:\/\/jornalfatosenoticias.com.br\/#\/schema\/logo\/image\/\"}},{\"@type\":\"Person\",\"@id\":\"https:\/\/jornalfatosenoticias.com.br\/#\/schema\/person\/d63837fa13ac8666eb9e74e0985d6f81\",\"name\":\"Luzimara Fernandes\",\"image\":{\"@type\":\"ImageObject\",\"inLanguage\":\"pt-BR\",\"@id\":\"https:\/\/jornalfatosenoticias.com.br\/#\/schema\/person\/image\/\",\"url\":\"https:\/\/jornalfatosenoticias.com.br\/wp-content\/uploads\/2025\/05\/EU_portal.jpg\",\"contentUrl\":\"https:\/\/jornalfatosenoticias.com.br\/wp-content\/uploads\/2025\/05\/EU_portal.jpg\",\"caption\":\"Luzimara Fernandes\"},\"description\":\"Jornalista MTB 2358-ES\",\"sameAs\":[\"https:\/\/jornalfatosenoticias.com.br\"],\"url\":\"https:\/\/jornalfatosenoticias.com.br\/index.php\/author\/luzimara\/\"}]}<\/script>\n<!-- \/ Yoast SEO plugin. -->","yoast_head_json":{"title":"Paulo Guedes deve assumir posto em conselho global de um dos maiores bancos do mundo - Jornal Fatos e Not\u00edcias","robots":{"index":"index","follow":"follow","max-snippet":"max-snippet:-1","max-image-preview":"max-image-preview:large","max-video-preview":"max-video-preview:-1"},"canonical":"https:\/\/jornalfatosenoticias.com.br\/index.php\/2023\/05\/11\/paulo-guedes-deve-assumir-posto-em-conselho-global-de-um-dos-maiores-bancos-do-mundo\/","og_locale":"pt_BR","og_type":"article","og_title":"Paulo Guedes deve assumir posto em conselho global de um dos maiores bancos do mundo - Jornal Fatos e Not\u00edcias","og_description":"Al\u00e9m de sua atividade principal no exterior, ex-ministro deve participar do board de grupos financeiros e educacionais no Brasil Com sua quarentena de seis meses terminando em 1\u00ba de julho, o ex-ministro da Economia, Paulo Guedes, de 73 anos, prepara-se para voltar \u00e0 ativa na iniciativa privada, desta vez n\u00e3o em fun\u00e7\u00f5es executivas, como antes [&hellip;]","og_url":"https:\/\/jornalfatosenoticias.com.br\/index.php\/2023\/05\/11\/paulo-guedes-deve-assumir-posto-em-conselho-global-de-um-dos-maiores-bancos-do-mundo\/","og_site_name":"Jornal Fatos e Not\u00edcias","article_published_time":"2023-05-11T20:04:23+00:00","article_modified_time":"2023-05-11T20:04:26+00:00","og_image":[{"width":800,"height":533,"url":"https:\/\/jornalfatosenoticias.com.br\/wp-content\/uploads\/2023\/05\/paulo-guedes.jpg","type":"image\/jpeg"}],"author":"Luzimara Fernandes","twitter_card":"summary_large_image","twitter_misc":{"Escrito por":"Luzimara Fernandes","Est. tempo de leitura":"2 minutos"},"schema":{"@context":"https:\/\/schema.org","@graph":[{"@type":"Article","@id":"https:\/\/jornalfatosenoticias.com.br\/index.php\/2023\/05\/11\/paulo-guedes-deve-assumir-posto-em-conselho-global-de-um-dos-maiores-bancos-do-mundo\/#article","isPartOf":{"@id":"https:\/\/jornalfatosenoticias.com.br\/index.php\/2023\/05\/11\/paulo-guedes-deve-assumir-posto-em-conselho-global-de-um-dos-maiores-bancos-do-mundo\/"},"author":{"name":"Luzimara Fernandes","@id":"https:\/\/jornalfatosenoticias.com.br\/#\/schema\/person\/d63837fa13ac8666eb9e74e0985d6f81"},"headline":"Paulo Guedes deve assumir posto em conselho global de um dos maiores bancos do mundo","datePublished":"2023-05-11T20:04:23+00:00","dateModified":"2023-05-11T20:04:26+00:00","mainEntityOfPage":{"@id":"https:\/\/jornalfatosenoticias.com.br\/index.php\/2023\/05\/11\/paulo-guedes-deve-assumir-posto-em-conselho-global-de-um-dos-maiores-bancos-do-mundo\/"},"wordCount":364,"commentCount":0,"publisher":{"@id":"https:\/\/jornalfatosenoticias.com.br\/#organization"},"image":{"@id":"https:\/\/jornalfatosenoticias.com.br\/index.php\/2023\/05\/11\/paulo-guedes-deve-assumir-posto-em-conselho-global-de-um-dos-maiores-bancos-do-mundo\/#primaryimage"},"thumbnailUrl":"https:\/\/jornalfatosenoticias.com.br\/wp-content\/uploads\/2023\/05\/paulo-guedes.jpg","keywords":["banco","grupos financeiros","Paulo Guedes"],"articleSection":["Economia"],"inLanguage":"pt-BR","potentialAction":[{"@type":"CommentAction","name":"Comment","target":["https:\/\/jornalfatosenoticias.com.br\/index.php\/2023\/05\/11\/paulo-guedes-deve-assumir-posto-em-conselho-global-de-um-dos-maiores-bancos-do-mundo\/#respond"]}]},{"@type":"WebPage","@id":"https:\/\/jornalfatosenoticias.com.br\/index.php\/2023\/05\/11\/paulo-guedes-deve-assumir-posto-em-conselho-global-de-um-dos-maiores-bancos-do-mundo\/","url":"https:\/\/jornalfatosenoticias.com.br\/index.php\/2023\/05\/11\/paulo-guedes-deve-assumir-posto-em-conselho-global-de-um-dos-maiores-bancos-do-mundo\/","name":"Paulo Guedes deve assumir posto em conselho global de um dos maiores bancos do mundo - Jornal Fatos e Not\u00edcias","isPartOf":{"@id":"https:\/\/jornalfatosenoticias.com.br\/#website"},"primaryImageOfPage":{"@id":"https:\/\/jornalfatosenoticias.com.br\/index.php\/2023\/05\/11\/paulo-guedes-deve-assumir-posto-em-conselho-global-de-um-dos-maiores-bancos-do-mundo\/#primaryimage"},"image":{"@id":"https:\/\/jornalfatosenoticias.com.br\/index.php\/2023\/05\/11\/paulo-guedes-deve-assumir-posto-em-conselho-global-de-um-dos-maiores-bancos-do-mundo\/#primaryimage"},"thumbnailUrl":"https:\/\/jornalfatosenoticias.com.br\/wp-content\/uploads\/2023\/05\/paulo-guedes.jpg","datePublished":"2023-05-11T20:04:23+00:00","dateModified":"2023-05-11T20:04:26+00:00","breadcrumb":{"@id":"https:\/\/jornalfatosenoticias.com.br\/index.php\/2023\/05\/11\/paulo-guedes-deve-assumir-posto-em-conselho-global-de-um-dos-maiores-bancos-do-mundo\/#breadcrumb"},"inLanguage":"pt-BR","potentialAction":[{"@type":"ReadAction","target":["https:\/\/jornalfatosenoticias.com.br\/index.php\/2023\/05\/11\/paulo-guedes-deve-assumir-posto-em-conselho-global-de-um-dos-maiores-bancos-do-mundo\/"]}]},{"@type":"ImageObject","inLanguage":"pt-BR","@id":"https:\/\/jornalfatosenoticias.com.br\/index.php\/2023\/05\/11\/paulo-guedes-deve-assumir-posto-em-conselho-global-de-um-dos-maiores-bancos-do-mundo\/#primaryimage","url":"https:\/\/jornalfatosenoticias.com.br\/wp-content\/uploads\/2023\/05\/paulo-guedes.jpg","contentUrl":"https:\/\/jornalfatosenoticias.com.br\/wp-content\/uploads\/2023\/05\/paulo-guedes.jpg","width":800,"height":533},{"@type":"BreadcrumbList","@id":"https:\/\/jornalfatosenoticias.com.br\/index.php\/2023\/05\/11\/paulo-guedes-deve-assumir-posto-em-conselho-global-de-um-dos-maiores-bancos-do-mundo\/#breadcrumb","itemListElement":[{"@type":"ListItem","position":1,"name":"In\u00edcio","item":"https:\/\/jornalfatosenoticias.com.br\/"},{"@type":"ListItem","position":2,"name":"Paulo Guedes deve assumir posto em conselho global de um dos maiores bancos do mundo"}]},{"@type":"WebSite","@id":"https:\/\/jornalfatosenoticias.com.br\/#website","url":"https:\/\/jornalfatosenoticias.com.br\/","name":"Jornal Fatos e Not\u00edcias","description":"Not\u00edcias em geral","publisher":{"@id":"https:\/\/jornalfatosenoticias.com.br\/#organization"},"potentialAction":[{"@type":"SearchAction","target":{"@type":"EntryPoint","urlTemplate":"https:\/\/jornalfatosenoticias.com.br\/?s={search_term_string}"},"query-input":{"@type":"PropertyValueSpecification","valueRequired":true,"valueName":"search_term_string"}}],"inLanguage":"pt-BR"},{"@type":"Organization","@id":"https:\/\/jornalfatosenoticias.com.br\/#organization","name":"Jornal Fatos e Not\u00edcias","url":"https:\/\/jornalfatosenoticias.com.br\/","logo":{"@type":"ImageObject","inLanguage":"pt-BR","@id":"https:\/\/jornalfatosenoticias.com.br\/#\/schema\/logo\/image\/","url":"https:\/\/jornalfatosenoticias.com.br\/wp-content\/uploads\/2020\/02\/logo120.png","contentUrl":"https:\/\/jornalfatosenoticias.com.br\/wp-content\/uploads\/2020\/02\/logo120.png","width":1227,"height":120,"caption":"Jornal Fatos e Not\u00edcias"},"image":{"@id":"https:\/\/jornalfatosenoticias.com.br\/#\/schema\/logo\/image\/"}},{"@type":"Person","@id":"https:\/\/jornalfatosenoticias.com.br\/#\/schema\/person\/d63837fa13ac8666eb9e74e0985d6f81","name":"Luzimara Fernandes","image":{"@type":"ImageObject","inLanguage":"pt-BR","@id":"https:\/\/jornalfatosenoticias.com.br\/#\/schema\/person\/image\/","url":"https:\/\/jornalfatosenoticias.com.br\/wp-content\/uploads\/2025\/05\/EU_portal.jpg","contentUrl":"https:\/\/jornalfatosenoticias.com.br\/wp-content\/uploads\/2025\/05\/EU_portal.jpg","caption":"Luzimara Fernandes"},"description":"Jornalista MTB 2358-ES","sameAs":["https:\/\/jornalfatosenoticias.com.br"],"url":"https:\/\/jornalfatosenoticias.com.br\/index.php\/author\/luzimara\/"}]}},"cc_featured_image_caption":{"caption_text":"(Foto: Marcelo Camargo\/Ag\u00eancia Brasil) ","source_text":"","source_url":""},"jetpack_featured_media_url":"https:\/\/jornalfatosenoticias.com.br\/wp-content\/uploads\/2023\/05\/paulo-guedes.jpg","_links":{"self":[{"href":"https:\/\/jornalfatosenoticias.com.br\/index.php\/wp-json\/wp\/v2\/posts\/41373","targetHints":{"allow":["GET"]}}],"collection":[{"href":"https:\/\/jornalfatosenoticias.com.br\/index.php\/wp-json\/wp\/v2\/posts"}],"about":[{"href":"https:\/\/jornalfatosenoticias.com.br\/index.php\/wp-json\/wp\/v2\/types\/post"}],"author":[{"embeddable":true,"href":"https:\/\/jornalfatosenoticias.com.br\/index.php\/wp-json\/wp\/v2\/users\/2"}],"replies":[{"embeddable":true,"href":"https:\/\/jornalfatosenoticias.com.br\/index.php\/wp-json\/wp\/v2\/comments?post=41373"}],"version-history":[{"count":0,"href":"https:\/\/jornalfatosenoticias.com.br\/index.php\/wp-json\/wp\/v2\/posts\/41373\/revisions"}],"wp:featuredmedia":[{"embeddable":true,"href":"https:\/\/jornalfatosenoticias.com.br\/index.php\/wp-json\/wp\/v2\/media\/41374"}],"wp:attachment":[{"href":"https:\/\/jornalfatosenoticias.com.br\/index.php\/wp-json\/wp\/v2\/media?parent=41373"}],"wp:term":[{"taxonomy":"category","embeddable":true,"href":"https:\/\/jornalfatosenoticias.com.br\/index.php\/wp-json\/wp\/v2\/categories?post=41373"},{"taxonomy":"post_tag","embeddable":true,"href":"https:\/\/jornalfatosenoticias.com.br\/index.php\/wp-json\/wp\/v2\/tags?post=41373"}],"curies":[{"name":"wp","href":"https:\/\/api.w.org\/{rel}","templated":true}]}}