{"id":41376,"date":"2023-05-11T17:24:28","date_gmt":"2023-05-11T20:24:28","guid":{"rendered":"https:\/\/jornalfatosenoticias.com.br\/?p=41376"},"modified":"2023-05-11T17:24:29","modified_gmt":"2023-05-11T20:24:29","slug":"pedro-cardoso-e-expulso-de-consulado-apos-tentar-renovar-o-passaporte","status":"publish","type":"post","link":"https:\/\/jornalfatosenoticias.com.br\/index.php\/2023\/05\/11\/pedro-cardoso-e-expulso-de-consulado-apos-tentar-renovar-o-passaporte\/","title":{"rendered":"Pedro Cardoso \u00e9 expulso de consulado ap\u00f3s tentar renovar o passaporte"},"content":{"rendered":"\n<p><span class=\"has-inline-color has-black-color\"><em>&#8220;Estava como qualquer cidad\u00e3o&#8221;, lamentou o ator<\/em><\/span><\/p>\n\n\n\n<div class=\"wp-block-image\"><figure class=\"aligncenter size-large\"><img loading=\"lazy\" decoding=\"async\" width=\"250\" height=\"250\" src=\"https:\/\/jornalfatosenoticias.com.br\/wp-content\/uploads\/2023\/04\/baile.jpg\" alt=\"\" class=\"wp-image-40627\" srcset=\"https:\/\/jornalfatosenoticias.com.br\/wp-content\/uploads\/2023\/04\/baile.jpg 250w, https:\/\/jornalfatosenoticias.com.br\/wp-content\/uploads\/2023\/04\/baile-150x150.jpg 150w\" sizes=\"auto, (max-width: 250px) 100vw, 250px\" \/><\/figure><\/div>\n\n\n\n<p>A burocracia brasileira se estende al\u00e9m-mar. Pedro Cardoso que o diga. Ap\u00f3s tentar agendar a renova\u00e7\u00e3o de seu passaporte nas \u00faltimas tr\u00eas semanas, o ator, que mora em Portugal, fez um desabafo nas suas redes sociais nesta quinta-feira (11). Ele alegou ter sido expulso do Consulado do Brasil, em Lisboa, ap\u00f3s tentar o atendimento. O ator contou que estava fazendo sucessivas tentativas de agendar a renova\u00e7\u00e3o de seu passaporte e de seus familiares atrav\u00e9s do site consular. Mesmo ap\u00f3s o envio de todos os documentos, n\u00e3o conseguia concluir a solicita\u00e7\u00e3o.<\/p>\n\n\n\n<div class=\"wp-block-image\"><figure class=\"aligncenter size-large\"><img loading=\"lazy\" decoding=\"async\" width=\"300\" height=\"250\" src=\"https:\/\/jornalfatosenoticias.com.br\/wp-content\/uploads\/2022\/02\/Banner-2.png\" alt=\"\" class=\"wp-image-27877\"\/><\/figure><\/div>\n\n\n\n<blockquote class=\"wp-block-quote is-layout-flow wp-block-quote-is-layout-flow\"><p><span class=\"has-inline-color has-luminous-vivid-orange-color\">A gente n\u00e3o consegue concluir o processo de agendamento pelo site de modo nenhum, mesmo depois de horas de empenho. Ser\u00e1 que eu sou t\u00e3o incompetente?&#8221;, questiona o ator.<\/span><\/p><\/blockquote>\n\n\n\n<div class=\"wp-block-image\"><figure class=\"aligncenter size-large is-resized\"><img loading=\"lazy\" decoding=\"async\" src=\"https:\/\/jornalfatosenoticias.com.br\/wp-content\/uploads\/2023\/03\/nova-logo-Marquetti.jpg\" alt=\"\" class=\"wp-image-40207\" width=\"265\" height=\"178\" srcset=\"https:\/\/jornalfatosenoticias.com.br\/wp-content\/uploads\/2023\/03\/nova-logo-Marquetti.jpg 643w, https:\/\/jornalfatosenoticias.com.br\/wp-content\/uploads\/2023\/03\/nova-logo-Marquetti-300x202.jpg 300w\" sizes=\"auto, (max-width: 265px) 100vw, 265px\" \/><\/figure><\/div>\n\n\n\n<p>Pedro ainda relata que foi informado pela pol\u00edcia local que o atendimento s\u00f3 seria realizado se tivesse sido agendado. Depois, a pessoa que se apresentou como vice-c\u00f4nsul se prontificou a resolver seu problema e acatar a queixa, o constrangendo na frente das pessoas que esperavam atendimento.<\/p>\n\n\n\n<blockquote class=\"wp-block-quote is-layout-flow wp-block-quote-is-layout-flow\"><p><span class=\"has-inline-color has-luminous-vivid-orange-color\">Falei que queria ser atendido por algu\u00e9m. O homem que se apresentou como vice-c\u00f4nsul me levou para sala em que as pessoas estavam esperando e perguntou a elas se algu\u00e9m teria alguma queixa sobre o servi\u00e7o. Eu disse que n\u00e3o seria espectador da fala dele&#8221;, relata o ator dizendo que a temperatura subiu em seguida: &#8220;Ele pediu, ent\u00e3o, para me retirar e colocou as m\u00e3os em mim. Eu disse pra ele n\u00e3o colocar as m\u00e3os em mim, e ele respondeu que n\u00e3o colocaria as m\u00e3os, mas, sim, a pol\u00edcia. Eu n\u00e3o ofereci resist\u00eancia e, sem nenhuma agressividade, a pol\u00edcia me pediu para sair do local&#8221;.<\/span><\/p><\/blockquote>\n\n\n\n<div class=\"wp-block-image\"><figure class=\"aligncenter size-large is-resized\"><img loading=\"lazy\" decoding=\"async\" src=\"https:\/\/jornalfatosenoticias.com.br\/wp-content\/uploads\/2022\/02\/FERRARI_MAQUINAS-E-FERRAMENTAS2.jpg\" alt=\"\" class=\"wp-image-27860\" width=\"262\" height=\"218\"\/><\/figure><\/div>\n\n\n\n<p>O ator explica que n\u00e3o queria nenhum tratamento privilegiado por ser uma pessoa famosa:<\/p>\n\n\n\n<blockquote class=\"wp-block-quote is-layout-flow wp-block-quote-is-layout-flow\"><p><span class=\"has-inline-color has-luminous-vivid-orange-color\">O homem que se apresentou como vice-c\u00f4nsul me disse que eu n\u00e3o era melhor que ningu\u00e9m. Eu n\u00e3o estava l\u00e1 por ser um ator conhecido da televis\u00e3o, eu estava l\u00e1 como qualquer cidad\u00e3o brasileiro&#8221;, desabafou.<\/span><\/p><\/blockquote>\n\n\n\n<div class=\"wp-block-image\"><figure class=\"aligncenter size-large\"><img decoding=\"async\" src=\"https:\/\/jornalfatosenoticias.com.br\/wp-content\/uploads\/2020\/02\/barao-das-carnes-300x164-1.jpg\" alt=\"\" class=\"wp-image-34339\"\/><\/figure><\/div>\n\n\n\n<p><strong><em>Fonte: <a href=\"https:\/\/terrabrasilnoticias.com\/2023\/05\/pedro-cardoso-e-expulso-de-consulado-apos-tentar-renovar-o-passaporte\/\">Terra Brasil Not\u00edcias<\/a><\/em><\/strong><\/p>\n","protected":false},"excerpt":{"rendered":"<p>&#8220;Estava como qualquer cidad\u00e3o&#8221;, lamentou o ator A burocracia brasileira se estende al\u00e9m-mar. Pedro Cardoso que o diga. Ap\u00f3s tentar agendar a renova\u00e7\u00e3o de seu passaporte nas \u00faltimas tr\u00eas semanas, o ator, que mora em Portugal, fez um desabafo nas suas redes sociais nesta quinta-feira (11). Ele alegou ter sido expulso do Consulado do Brasil, [&hellip;]<\/p>\n","protected":false},"author":2,"featured_media":41377,"comment_status":"open","ping_status":"open","sticky":false,"template":"","format":"standard","meta":{"footnotes":""},"categories":[5],"tags":[1256,4000,19433,19434,19432,640],"class_list":["post-41376","post","type-post","status-publish","format-standard","has-post-thumbnail","hentry","category-geral","tag-ator","tag-consulado","tag-expulsao","tag-passaporte","tag-pedro-cardoso","tag-portugal"],"yoast_head":"<!-- This site is optimized with the Yoast SEO plugin v26.5 - https:\/\/yoast.com\/wordpress\/plugins\/seo\/ -->\n<title>Pedro Cardoso \u00e9 expulso de consulado ap\u00f3s tentar renovar o passaporte - Jornal Fatos e Not\u00edcias<\/title>\n<meta name=\"robots\" content=\"index, follow, max-snippet:-1, max-image-preview:large, max-video-preview:-1\" \/>\n<link rel=\"canonical\" href=\"https:\/\/jornalfatosenoticias.com.br\/index.php\/2023\/05\/11\/pedro-cardoso-e-expulso-de-consulado-apos-tentar-renovar-o-passaporte\/\" \/>\n<meta property=\"og:locale\" content=\"pt_BR\" \/>\n<meta property=\"og:type\" content=\"article\" \/>\n<meta property=\"og:title\" content=\"Pedro Cardoso \u00e9 expulso de consulado ap\u00f3s tentar renovar o passaporte - Jornal Fatos e Not\u00edcias\" \/>\n<meta property=\"og:description\" content=\"&#8220;Estava como qualquer cidad\u00e3o&#8221;, lamentou o ator A burocracia brasileira se estende al\u00e9m-mar. Pedro Cardoso que o diga. Ap\u00f3s tentar agendar a renova\u00e7\u00e3o de seu passaporte nas \u00faltimas tr\u00eas semanas, o ator, que mora em Portugal, fez um desabafo nas suas redes sociais nesta quinta-feira (11). Ele alegou ter sido expulso do Consulado do Brasil, [&hellip;]\" \/>\n<meta property=\"og:url\" content=\"https:\/\/jornalfatosenoticias.com.br\/index.php\/2023\/05\/11\/pedro-cardoso-e-expulso-de-consulado-apos-tentar-renovar-o-passaporte\/\" \/>\n<meta property=\"og:site_name\" content=\"Jornal Fatos e Not\u00edcias\" \/>\n<meta property=\"article:published_time\" content=\"2023-05-11T20:24:28+00:00\" \/>\n<meta property=\"article:modified_time\" content=\"2023-05-11T20:24:29+00:00\" \/>\n<meta property=\"og:image\" content=\"https:\/\/jornalfatosenoticias.com.br\/wp-content\/uploads\/2023\/05\/pedro-cardoso.png\" \/>\n\t<meta property=\"og:image:width\" content=\"1000\" \/>\n\t<meta property=\"og:image:height\" content=\"666\" \/>\n\t<meta property=\"og:image:type\" content=\"image\/png\" \/>\n<meta name=\"author\" content=\"Luzimara Fernandes\" \/>\n<meta name=\"twitter:card\" content=\"summary_large_image\" \/>\n<meta name=\"twitter:label1\" content=\"Escrito por\" \/>\n\t<meta name=\"twitter:data1\" content=\"Luzimara Fernandes\" \/>\n\t<meta name=\"twitter:label2\" content=\"Est. tempo de leitura\" \/>\n\t<meta name=\"twitter:data2\" content=\"2 minutos\" \/>\n<script type=\"application\/ld+json\" class=\"yoast-schema-graph\">{\"@context\":\"https:\/\/schema.org\",\"@graph\":[{\"@type\":\"Article\",\"@id\":\"https:\/\/jornalfatosenoticias.com.br\/index.php\/2023\/05\/11\/pedro-cardoso-e-expulso-de-consulado-apos-tentar-renovar-o-passaporte\/#article\",\"isPartOf\":{\"@id\":\"https:\/\/jornalfatosenoticias.com.br\/index.php\/2023\/05\/11\/pedro-cardoso-e-expulso-de-consulado-apos-tentar-renovar-o-passaporte\/\"},\"author\":{\"name\":\"Luzimara Fernandes\",\"@id\":\"https:\/\/jornalfatosenoticias.com.br\/#\/schema\/person\/d63837fa13ac8666eb9e74e0985d6f81\"},\"headline\":\"Pedro Cardoso \u00e9 expulso de consulado ap\u00f3s tentar renovar o passaporte\",\"datePublished\":\"2023-05-11T20:24:28+00:00\",\"dateModified\":\"2023-05-11T20:24:29+00:00\",\"mainEntityOfPage\":{\"@id\":\"https:\/\/jornalfatosenoticias.com.br\/index.php\/2023\/05\/11\/pedro-cardoso-e-expulso-de-consulado-apos-tentar-renovar-o-passaporte\/\"},\"wordCount\":378,\"commentCount\":0,\"publisher\":{\"@id\":\"https:\/\/jornalfatosenoticias.com.br\/#organization\"},\"image\":{\"@id\":\"https:\/\/jornalfatosenoticias.com.br\/index.php\/2023\/05\/11\/pedro-cardoso-e-expulso-de-consulado-apos-tentar-renovar-o-passaporte\/#primaryimage\"},\"thumbnailUrl\":\"https:\/\/jornalfatosenoticias.com.br\/wp-content\/uploads\/2023\/05\/pedro-cardoso.png\",\"keywords\":[\"ator\",\"consulado\",\"expuls\u00e3o\",\"passaporte\",\"Pedro Cardoso\",\"Portugal\"],\"articleSection\":[\"Geral\"],\"inLanguage\":\"pt-BR\",\"potentialAction\":[{\"@type\":\"CommentAction\",\"name\":\"Comment\",\"target\":[\"https:\/\/jornalfatosenoticias.com.br\/index.php\/2023\/05\/11\/pedro-cardoso-e-expulso-de-consulado-apos-tentar-renovar-o-passaporte\/#respond\"]}]},{\"@type\":\"WebPage\",\"@id\":\"https:\/\/jornalfatosenoticias.com.br\/index.php\/2023\/05\/11\/pedro-cardoso-e-expulso-de-consulado-apos-tentar-renovar-o-passaporte\/\",\"url\":\"https:\/\/jornalfatosenoticias.com.br\/index.php\/2023\/05\/11\/pedro-cardoso-e-expulso-de-consulado-apos-tentar-renovar-o-passaporte\/\",\"name\":\"Pedro Cardoso \u00e9 expulso de consulado ap\u00f3s tentar renovar o passaporte - Jornal Fatos e Not\u00edcias\",\"isPartOf\":{\"@id\":\"https:\/\/jornalfatosenoticias.com.br\/#website\"},\"primaryImageOfPage\":{\"@id\":\"https:\/\/jornalfatosenoticias.com.br\/index.php\/2023\/05\/11\/pedro-cardoso-e-expulso-de-consulado-apos-tentar-renovar-o-passaporte\/#primaryimage\"},\"image\":{\"@id\":\"https:\/\/jornalfatosenoticias.com.br\/index.php\/2023\/05\/11\/pedro-cardoso-e-expulso-de-consulado-apos-tentar-renovar-o-passaporte\/#primaryimage\"},\"thumbnailUrl\":\"https:\/\/jornalfatosenoticias.com.br\/wp-content\/uploads\/2023\/05\/pedro-cardoso.png\",\"datePublished\":\"2023-05-11T20:24:28+00:00\",\"dateModified\":\"2023-05-11T20:24:29+00:00\",\"breadcrumb\":{\"@id\":\"https:\/\/jornalfatosenoticias.com.br\/index.php\/2023\/05\/11\/pedro-cardoso-e-expulso-de-consulado-apos-tentar-renovar-o-passaporte\/#breadcrumb\"},\"inLanguage\":\"pt-BR\",\"potentialAction\":[{\"@type\":\"ReadAction\",\"target\":[\"https:\/\/jornalfatosenoticias.com.br\/index.php\/2023\/05\/11\/pedro-cardoso-e-expulso-de-consulado-apos-tentar-renovar-o-passaporte\/\"]}]},{\"@type\":\"ImageObject\",\"inLanguage\":\"pt-BR\",\"@id\":\"https:\/\/jornalfatosenoticias.com.br\/index.php\/2023\/05\/11\/pedro-cardoso-e-expulso-de-consulado-apos-tentar-renovar-o-passaporte\/#primaryimage\",\"url\":\"https:\/\/jornalfatosenoticias.com.br\/wp-content\/uploads\/2023\/05\/pedro-cardoso.png\",\"contentUrl\":\"https:\/\/jornalfatosenoticias.com.br\/wp-content\/uploads\/2023\/05\/pedro-cardoso.png\",\"width\":1000,\"height\":666},{\"@type\":\"BreadcrumbList\",\"@id\":\"https:\/\/jornalfatosenoticias.com.br\/index.php\/2023\/05\/11\/pedro-cardoso-e-expulso-de-consulado-apos-tentar-renovar-o-passaporte\/#breadcrumb\",\"itemListElement\":[{\"@type\":\"ListItem\",\"position\":1,\"name\":\"In\u00edcio\",\"item\":\"https:\/\/jornalfatosenoticias.com.br\/\"},{\"@type\":\"ListItem\",\"position\":2,\"name\":\"Pedro Cardoso \u00e9 expulso de consulado ap\u00f3s tentar renovar o passaporte\"}]},{\"@type\":\"WebSite\",\"@id\":\"https:\/\/jornalfatosenoticias.com.br\/#website\",\"url\":\"https:\/\/jornalfatosenoticias.com.br\/\",\"name\":\"Jornal Fatos e Not\u00edcias\",\"description\":\"Not\u00edcias em geral\",\"publisher\":{\"@id\":\"https:\/\/jornalfatosenoticias.com.br\/#organization\"},\"potentialAction\":[{\"@type\":\"SearchAction\",\"target\":{\"@type\":\"EntryPoint\",\"urlTemplate\":\"https:\/\/jornalfatosenoticias.com.br\/?s={search_term_string}\"},\"query-input\":{\"@type\":\"PropertyValueSpecification\",\"valueRequired\":true,\"valueName\":\"search_term_string\"}}],\"inLanguage\":\"pt-BR\"},{\"@type\":\"Organization\",\"@id\":\"https:\/\/jornalfatosenoticias.com.br\/#organization\",\"name\":\"Jornal Fatos e Not\u00edcias\",\"url\":\"https:\/\/jornalfatosenoticias.com.br\/\",\"logo\":{\"@type\":\"ImageObject\",\"inLanguage\":\"pt-BR\",\"@id\":\"https:\/\/jornalfatosenoticias.com.br\/#\/schema\/logo\/image\/\",\"url\":\"https:\/\/jornalfatosenoticias.com.br\/wp-content\/uploads\/2020\/02\/logo120.png\",\"contentUrl\":\"https:\/\/jornalfatosenoticias.com.br\/wp-content\/uploads\/2020\/02\/logo120.png\",\"width\":1227,\"height\":120,\"caption\":\"Jornal Fatos e Not\u00edcias\"},\"image\":{\"@id\":\"https:\/\/jornalfatosenoticias.com.br\/#\/schema\/logo\/image\/\"}},{\"@type\":\"Person\",\"@id\":\"https:\/\/jornalfatosenoticias.com.br\/#\/schema\/person\/d63837fa13ac8666eb9e74e0985d6f81\",\"name\":\"Luzimara Fernandes\",\"image\":{\"@type\":\"ImageObject\",\"inLanguage\":\"pt-BR\",\"@id\":\"https:\/\/jornalfatosenoticias.com.br\/#\/schema\/person\/image\/\",\"url\":\"https:\/\/jornalfatosenoticias.com.br\/wp-content\/uploads\/2025\/05\/EU_portal.jpg\",\"contentUrl\":\"https:\/\/jornalfatosenoticias.com.br\/wp-content\/uploads\/2025\/05\/EU_portal.jpg\",\"caption\":\"Luzimara Fernandes\"},\"description\":\"Jornalista MTB 2358-ES\",\"sameAs\":[\"https:\/\/jornalfatosenoticias.com.br\"],\"url\":\"https:\/\/jornalfatosenoticias.com.br\/index.php\/author\/luzimara\/\"}]}<\/script>\n<!-- \/ Yoast SEO plugin. -->","yoast_head_json":{"title":"Pedro Cardoso \u00e9 expulso de consulado ap\u00f3s tentar renovar o passaporte - Jornal Fatos e Not\u00edcias","robots":{"index":"index","follow":"follow","max-snippet":"max-snippet:-1","max-image-preview":"max-image-preview:large","max-video-preview":"max-video-preview:-1"},"canonical":"https:\/\/jornalfatosenoticias.com.br\/index.php\/2023\/05\/11\/pedro-cardoso-e-expulso-de-consulado-apos-tentar-renovar-o-passaporte\/","og_locale":"pt_BR","og_type":"article","og_title":"Pedro Cardoso \u00e9 expulso de consulado ap\u00f3s tentar renovar o passaporte - Jornal Fatos e Not\u00edcias","og_description":"&#8220;Estava como qualquer cidad\u00e3o&#8221;, lamentou o ator A burocracia brasileira se estende al\u00e9m-mar. Pedro Cardoso que o diga. Ap\u00f3s tentar agendar a renova\u00e7\u00e3o de seu passaporte nas \u00faltimas tr\u00eas semanas, o ator, que mora em Portugal, fez um desabafo nas suas redes sociais nesta quinta-feira (11). Ele alegou ter sido expulso do Consulado do Brasil, [&hellip;]","og_url":"https:\/\/jornalfatosenoticias.com.br\/index.php\/2023\/05\/11\/pedro-cardoso-e-expulso-de-consulado-apos-tentar-renovar-o-passaporte\/","og_site_name":"Jornal Fatos e Not\u00edcias","article_published_time":"2023-05-11T20:24:28+00:00","article_modified_time":"2023-05-11T20:24:29+00:00","og_image":[{"width":1000,"height":666,"url":"https:\/\/jornalfatosenoticias.com.br\/wp-content\/uploads\/2023\/05\/pedro-cardoso.png","type":"image\/png"}],"author":"Luzimara Fernandes","twitter_card":"summary_large_image","twitter_misc":{"Escrito por":"Luzimara Fernandes","Est. tempo de leitura":"2 minutos"},"schema":{"@context":"https:\/\/schema.org","@graph":[{"@type":"Article","@id":"https:\/\/jornalfatosenoticias.com.br\/index.php\/2023\/05\/11\/pedro-cardoso-e-expulso-de-consulado-apos-tentar-renovar-o-passaporte\/#article","isPartOf":{"@id":"https:\/\/jornalfatosenoticias.com.br\/index.php\/2023\/05\/11\/pedro-cardoso-e-expulso-de-consulado-apos-tentar-renovar-o-passaporte\/"},"author":{"name":"Luzimara Fernandes","@id":"https:\/\/jornalfatosenoticias.com.br\/#\/schema\/person\/d63837fa13ac8666eb9e74e0985d6f81"},"headline":"Pedro Cardoso \u00e9 expulso de consulado ap\u00f3s tentar renovar o passaporte","datePublished":"2023-05-11T20:24:28+00:00","dateModified":"2023-05-11T20:24:29+00:00","mainEntityOfPage":{"@id":"https:\/\/jornalfatosenoticias.com.br\/index.php\/2023\/05\/11\/pedro-cardoso-e-expulso-de-consulado-apos-tentar-renovar-o-passaporte\/"},"wordCount":378,"commentCount":0,"publisher":{"@id":"https:\/\/jornalfatosenoticias.com.br\/#organization"},"image":{"@id":"https:\/\/jornalfatosenoticias.com.br\/index.php\/2023\/05\/11\/pedro-cardoso-e-expulso-de-consulado-apos-tentar-renovar-o-passaporte\/#primaryimage"},"thumbnailUrl":"https:\/\/jornalfatosenoticias.com.br\/wp-content\/uploads\/2023\/05\/pedro-cardoso.png","keywords":["ator","consulado","expuls\u00e3o","passaporte","Pedro Cardoso","Portugal"],"articleSection":["Geral"],"inLanguage":"pt-BR","potentialAction":[{"@type":"CommentAction","name":"Comment","target":["https:\/\/jornalfatosenoticias.com.br\/index.php\/2023\/05\/11\/pedro-cardoso-e-expulso-de-consulado-apos-tentar-renovar-o-passaporte\/#respond"]}]},{"@type":"WebPage","@id":"https:\/\/jornalfatosenoticias.com.br\/index.php\/2023\/05\/11\/pedro-cardoso-e-expulso-de-consulado-apos-tentar-renovar-o-passaporte\/","url":"https:\/\/jornalfatosenoticias.com.br\/index.php\/2023\/05\/11\/pedro-cardoso-e-expulso-de-consulado-apos-tentar-renovar-o-passaporte\/","name":"Pedro Cardoso \u00e9 expulso de consulado ap\u00f3s tentar renovar o passaporte - Jornal Fatos e Not\u00edcias","isPartOf":{"@id":"https:\/\/jornalfatosenoticias.com.br\/#website"},"primaryImageOfPage":{"@id":"https:\/\/jornalfatosenoticias.com.br\/index.php\/2023\/05\/11\/pedro-cardoso-e-expulso-de-consulado-apos-tentar-renovar-o-passaporte\/#primaryimage"},"image":{"@id":"https:\/\/jornalfatosenoticias.com.br\/index.php\/2023\/05\/11\/pedro-cardoso-e-expulso-de-consulado-apos-tentar-renovar-o-passaporte\/#primaryimage"},"thumbnailUrl":"https:\/\/jornalfatosenoticias.com.br\/wp-content\/uploads\/2023\/05\/pedro-cardoso.png","datePublished":"2023-05-11T20:24:28+00:00","dateModified":"2023-05-11T20:24:29+00:00","breadcrumb":{"@id":"https:\/\/jornalfatosenoticias.com.br\/index.php\/2023\/05\/11\/pedro-cardoso-e-expulso-de-consulado-apos-tentar-renovar-o-passaporte\/#breadcrumb"},"inLanguage":"pt-BR","potentialAction":[{"@type":"ReadAction","target":["https:\/\/jornalfatosenoticias.com.br\/index.php\/2023\/05\/11\/pedro-cardoso-e-expulso-de-consulado-apos-tentar-renovar-o-passaporte\/"]}]},{"@type":"ImageObject","inLanguage":"pt-BR","@id":"https:\/\/jornalfatosenoticias.com.br\/index.php\/2023\/05\/11\/pedro-cardoso-e-expulso-de-consulado-apos-tentar-renovar-o-passaporte\/#primaryimage","url":"https:\/\/jornalfatosenoticias.com.br\/wp-content\/uploads\/2023\/05\/pedro-cardoso.png","contentUrl":"https:\/\/jornalfatosenoticias.com.br\/wp-content\/uploads\/2023\/05\/pedro-cardoso.png","width":1000,"height":666},{"@type":"BreadcrumbList","@id":"https:\/\/jornalfatosenoticias.com.br\/index.php\/2023\/05\/11\/pedro-cardoso-e-expulso-de-consulado-apos-tentar-renovar-o-passaporte\/#breadcrumb","itemListElement":[{"@type":"ListItem","position":1,"name":"In\u00edcio","item":"https:\/\/jornalfatosenoticias.com.br\/"},{"@type":"ListItem","position":2,"name":"Pedro Cardoso \u00e9 expulso de consulado ap\u00f3s tentar renovar o passaporte"}]},{"@type":"WebSite","@id":"https:\/\/jornalfatosenoticias.com.br\/#website","url":"https:\/\/jornalfatosenoticias.com.br\/","name":"Jornal Fatos e Not\u00edcias","description":"Not\u00edcias em geral","publisher":{"@id":"https:\/\/jornalfatosenoticias.com.br\/#organization"},"potentialAction":[{"@type":"SearchAction","target":{"@type":"EntryPoint","urlTemplate":"https:\/\/jornalfatosenoticias.com.br\/?s={search_term_string}"},"query-input":{"@type":"PropertyValueSpecification","valueRequired":true,"valueName":"search_term_string"}}],"inLanguage":"pt-BR"},{"@type":"Organization","@id":"https:\/\/jornalfatosenoticias.com.br\/#organization","name":"Jornal Fatos e Not\u00edcias","url":"https:\/\/jornalfatosenoticias.com.br\/","logo":{"@type":"ImageObject","inLanguage":"pt-BR","@id":"https:\/\/jornalfatosenoticias.com.br\/#\/schema\/logo\/image\/","url":"https:\/\/jornalfatosenoticias.com.br\/wp-content\/uploads\/2020\/02\/logo120.png","contentUrl":"https:\/\/jornalfatosenoticias.com.br\/wp-content\/uploads\/2020\/02\/logo120.png","width":1227,"height":120,"caption":"Jornal Fatos e Not\u00edcias"},"image":{"@id":"https:\/\/jornalfatosenoticias.com.br\/#\/schema\/logo\/image\/"}},{"@type":"Person","@id":"https:\/\/jornalfatosenoticias.com.br\/#\/schema\/person\/d63837fa13ac8666eb9e74e0985d6f81","name":"Luzimara Fernandes","image":{"@type":"ImageObject","inLanguage":"pt-BR","@id":"https:\/\/jornalfatosenoticias.com.br\/#\/schema\/person\/image\/","url":"https:\/\/jornalfatosenoticias.com.br\/wp-content\/uploads\/2025\/05\/EU_portal.jpg","contentUrl":"https:\/\/jornalfatosenoticias.com.br\/wp-content\/uploads\/2025\/05\/EU_portal.jpg","caption":"Luzimara Fernandes"},"description":"Jornalista MTB 2358-ES","sameAs":["https:\/\/jornalfatosenoticias.com.br"],"url":"https:\/\/jornalfatosenoticias.com.br\/index.php\/author\/luzimara\/"}]}},"cc_featured_image_caption":{"caption_text":"(Foto: Divulga\u00e7\u00e3o) \r\n","source_text":"","source_url":""},"jetpack_featured_media_url":"https:\/\/jornalfatosenoticias.com.br\/wp-content\/uploads\/2023\/05\/pedro-cardoso.png","_links":{"self":[{"href":"https:\/\/jornalfatosenoticias.com.br\/index.php\/wp-json\/wp\/v2\/posts\/41376","targetHints":{"allow":["GET"]}}],"collection":[{"href":"https:\/\/jornalfatosenoticias.com.br\/index.php\/wp-json\/wp\/v2\/posts"}],"about":[{"href":"https:\/\/jornalfatosenoticias.com.br\/index.php\/wp-json\/wp\/v2\/types\/post"}],"author":[{"embeddable":true,"href":"https:\/\/jornalfatosenoticias.com.br\/index.php\/wp-json\/wp\/v2\/users\/2"}],"replies":[{"embeddable":true,"href":"https:\/\/jornalfatosenoticias.com.br\/index.php\/wp-json\/wp\/v2\/comments?post=41376"}],"version-history":[{"count":0,"href":"https:\/\/jornalfatosenoticias.com.br\/index.php\/wp-json\/wp\/v2\/posts\/41376\/revisions"}],"wp:featuredmedia":[{"embeddable":true,"href":"https:\/\/jornalfatosenoticias.com.br\/index.php\/wp-json\/wp\/v2\/media\/41377"}],"wp:attachment":[{"href":"https:\/\/jornalfatosenoticias.com.br\/index.php\/wp-json\/wp\/v2\/media?parent=41376"}],"wp:term":[{"taxonomy":"category","embeddable":true,"href":"https:\/\/jornalfatosenoticias.com.br\/index.php\/wp-json\/wp\/v2\/categories?post=41376"},{"taxonomy":"post_tag","embeddable":true,"href":"https:\/\/jornalfatosenoticias.com.br\/index.php\/wp-json\/wp\/v2\/tags?post=41376"}],"curies":[{"name":"wp","href":"https:\/\/api.w.org\/{rel}","templated":true}]}}