{"id":41379,"date":"2023-05-11T17:40:43","date_gmt":"2023-05-11T20:40:43","guid":{"rendered":"https:\/\/jornalfatosenoticias.com.br\/?p=41379"},"modified":"2023-05-11T17:40:44","modified_gmt":"2023-05-11T20:40:44","slug":"de-moro-a-alcolumbre-confira-mais-nomes-da-cpmi-do-8-de-janeiro","status":"publish","type":"post","link":"https:\/\/jornalfatosenoticias.com.br\/index.php\/2023\/05\/11\/de-moro-a-alcolumbre-confira-mais-nomes-da-cpmi-do-8-de-janeiro\/","title":{"rendered":"De Moro a Alcolumbre: confira mais nomes da CPMI do 8 de janeiro"},"content":{"rendered":"\n<p><em><span class=\"has-inline-color has-black-color\">A Revista<\/span><\/em> <em><span class=\"has-inline-color has-black-color\">Oeste recebeu com exclusividade as indica\u00e7\u00f5es do Uni\u00e3o Brasil no Senado<\/span><\/em><\/p>\n\n\n\n<p><em><span class=\"has-inline-color has-black-color\">Por <\/span><\/em><strong><em><span class=\"has-inline-color has-black-color\">Rute Moraes<\/span><\/em><\/strong><\/p>\n\n\n\n<div class=\"wp-block-image\"><figure class=\"aligncenter size-large\"><img loading=\"lazy\" decoding=\"async\" width=\"1024\" height=\"109\" src=\"https:\/\/jornalfatosenoticias.com.br\/wp-content\/uploads\/2020\/02\/Propaganda-RC-Radiadores-Jornal_page-0001-1024x109.jpg\" alt=\"\" class=\"wp-image-35278\" srcset=\"https:\/\/jornalfatosenoticias.com.br\/wp-content\/uploads\/2020\/02\/Propaganda-RC-Radiadores-Jornal_page-0001-1024x109.jpg 1024w, https:\/\/jornalfatosenoticias.com.br\/wp-content\/uploads\/2020\/02\/Propaganda-RC-Radiadores-Jornal_page-0001-300x32.jpg 300w, https:\/\/jornalfatosenoticias.com.br\/wp-content\/uploads\/2020\/02\/Propaganda-RC-Radiadores-Jornal_page-0001-768x82.jpg 768w, https:\/\/jornalfatosenoticias.com.br\/wp-content\/uploads\/2020\/02\/Propaganda-RC-Radiadores-Jornal_page-0001.jpg 1220w\" sizes=\"auto, (max-width: 1024px) 100vw, 1024px\" \/><\/figure><\/div>\n\n\n\n<p>As indica\u00e7\u00f5es para a Comiss\u00e3o Parlamentar Mista de Inqu\u00e9rito (CPMI) do 8 de janeiro est\u00e3o a todo o vapor no Congresso.<strong> Oeste <\/strong>recebeu com exclusividade os nomes que o Uni\u00e3o Brasil no Senado vai indicar para compor o colegiado.<br>S\u00e3o eles os senadores: Davi Alcolumbre (AP), Soraya Thronicke (MS), S\u00e9rgio Moro (PR) e Professora Dorinha (GO). Moro e Dorinha devem ser suplentes. J\u00e1 Alcolumbre e Soraya os titulares. A informa\u00e7\u00e3o foi confirmada pelo l\u00edder do partido, o senador\u00a0<strong><a href=\"https:\/\/twitter.com\/efraimfilho\" target=\"_blank\" rel=\"noreferrer noopener\">Efraim Filho<\/a><\/strong> (PB).<\/p>\n\n\n\n<div class=\"wp-block-image\"><figure class=\"aligncenter size-large is-resized\"><img loading=\"lazy\" decoding=\"async\" src=\"https:\/\/jornalfatosenoticias.com.br\/wp-content\/uploads\/2023\/04\/Logo_MasterMind.jpg\" alt=\"\" class=\"wp-image-40974\" width=\"329\" height=\"239\"\/><\/figure><\/div>\n\n\n\n<p>Efraim tamb\u00e9m \u00e9 o l\u00edder do Bloco Democracia \u2014 composto por PSDB, Podemos, MDB, Uni\u00e3o e PDT. O bloco ainda n\u00e3o oficializou todos os nomes dos demais partidos. Mas, conforme apurou esta reportagem, o senador Izalci Lucas (PSDB-DF) vai compor a CPMI e o senador Renan Calheiros (MBD-AL) \u00e9 cotado. Ao todo, o bloco possui seis vagas titulares e seis de suplentes.<br>No Senado, o bloco governista Resist\u00eancia Democr\u00e1tica (composto por PT, PSB, Rede e PSD) ainda n\u00e3o deu indica\u00e7\u00f5es oficiais sobre os nomes, nem sequer sobre os partidos. <strong><a href=\"https:\/\/revistaoeste.com\/no-ponto\/governo-tenta-atrasar-cpmi-pela-ultima-vez\/\" target=\"_blank\" rel=\"noreferrer noopener\">\u00c9 uma tentativa do governo de atrasar ao m\u00e1ximo a instala\u00e7\u00e3o da CPMI<\/a><\/strong> \u2014 prevista para a pr\u00f3xima semana.<\/p>\n\n\n\n<div class=\"wp-block-image\"><figure class=\"aligncenter size-large\"><img loading=\"lazy\" decoding=\"async\" width=\"300\" height=\"250\" src=\"https:\/\/jornalfatosenoticias.com.br\/wp-content\/uploads\/2022\/08\/arte-Casarao.jpg\" alt=\"\" class=\"wp-image-33178\"\/><\/figure><\/div>\n\n\n\n<p>O PT da C\u00e2mara tamb\u00e9m divulgou os seus indicados nesta quinta-feira, 11. S\u00e3o eles os deputados: Rubens Pereira Jr. (PT-MA), Rog\u00e9rio Correia (PT-MG) e Jandira Feghali (PCdoB-RJ), como titulares, e Arlindo Chinaglia (PT\/SP), Carlos Veras (PT\/PE) e Delegada Adriana Accorsi (PT\/GO) na supl\u00eancia.<br>Depois que o presidente da C\u00e2mara, Arthur Lira (PP-AL), <strong><a href=\"https:\/\/revistaoeste.com\/no-ponto\/lira-da-vaga-do-novo-na-cpmi-para-o-pt\/\" target=\"_blank\" rel=\"noreferrer noopener\">tirou a \u00fanica vaga do partido Novo no colegiado<\/a><\/strong>, a federa\u00e7\u00e3o do PT ficou com tr\u00eas cadeiras titulares e tr\u00eas suplentes.<\/p>\n\n\n\n<div class=\"wp-block-image\"><figure class=\"aligncenter size-large is-resized\"><img loading=\"lazy\" decoding=\"async\" src=\"https:\/\/jornalfatosenoticias.com.br\/wp-content\/uploads\/2023\/03\/logo-Panper_portal.jpg\" alt=\"\" class=\"wp-image-40208\" width=\"295\" height=\"204\" srcset=\"https:\/\/jornalfatosenoticias.com.br\/wp-content\/uploads\/2023\/03\/logo-Panper_portal.jpg 400w, https:\/\/jornalfatosenoticias.com.br\/wp-content\/uploads\/2023\/03\/logo-Panper_portal-300x208.jpg 300w\" sizes=\"auto, (max-width: 295px) 100vw, 295px\" \/><\/figure><\/div>\n\n\n\n<p><span class=\"has-inline-color has-black-color\"><strong>Composi\u00e7\u00e3o da CPMI do 8 de janeiro<br><\/strong><\/span><em><span class=\"has-inline-color has-black-color\">Confira a atual conjuntura da CPMI do 8 de janeiro:<\/span><\/em><\/p>\n\n\n\n<p><strong><span class=\"has-inline-color has-vivid-purple-color\">Senado<\/span><\/strong><\/p>\n\n\n\n<ul class=\"wp-block-list\"><li><strong><span class=\"has-inline-color has-luminous-vivid-orange-color\">Bloco Vanguarda \u2014<\/span><\/strong> Titulares: Magno Malta (PL-ES) e Eduardo Gir\u00e3o (Novo-CE). Suplentes: Fl\u00e1vio Bolsonaro (PL-RJ) e Jorge Seif (PL-SC);<\/li><li><strong><span class=\"has-inline-color has-luminous-vivid-orange-color\">Bloco Democracia \u2014<\/span><\/strong> Titulares: Davi Alcolumbre (Uni\u00e3o Brasil-AP), Soraya Thronicke (Uni\u00e3o Brasil-MS) e Izalci Lucas (PSDB-DF); S\u00e9rgio Moro (Uni\u00e3o Brasil-PR) e Professora Dorinha (Uni\u00e3o Brasil-GO) para a supl\u00eancia. Renan Calheiros (MDB-AL) \u00e9 cotado para uma das seis vagas titulares.<\/li><li><strong><span class=\"has-inline-color has-luminous-vivid-orange-color\">Bloco Resist\u00eancia Democr\u00e1tica \u2014<\/span><\/strong> Eliziane Gama (PSD-MA), Otto Alencar (PSD-BA), Randolfe Rodrigues (Rede-AP) e Omar Aziz (PSD-AM) s\u00e3o cotados para quatro das seis vagas de titulares;<\/li><li><strong><span class=\"has-inline-color has-luminous-vivid-orange-color\">Bloco Alian\u00e7a \u2014 <\/span><\/strong>Titulares: Damares Alves (Republicanos-DF) e Esperidi\u00e3o Amim (PP-SC). Suplentes: Cleitinho (Republicanos-MG) e Luiz Carlos Heinze (PP-RS).<\/li><\/ul>\n\n\n\n<div class=\"wp-block-image\"><figure class=\"aligncenter size-large\"><img loading=\"lazy\" decoding=\"async\" width=\"300\" height=\"222\" src=\"https:\/\/jornalfatosenoticias.com.br\/wp-content\/uploads\/2023\/03\/logo_Juliana-Graca.jpg\" alt=\"\" class=\"wp-image-39283\"\/><\/figure><\/div>\n\n\n\n<p><strong><span class=\"has-inline-color has-vivid-purple-color\">C\u00e2mara<\/span><\/strong><\/p>\n\n\n\n<ul class=\"wp-block-list\"><li><strong><span class=\"has-inline-color has-luminous-vivid-orange-color\">Superbloco \u2014<\/span><\/strong> Titulares: Duarte Jr. (PSB-MA). Suplente: Gerv\u00e1sio (PSB-PB). Os deputados Andr\u00e9 Janones (Avante-MG), Duda Salabert (PDT-MG) e Arthur Maia (Uni\u00e3o Brasil-BA) s\u00e3o cotados para assumir entre as cinco vagas de titulares;<\/li><li><strong><span class=\"has-inline-color has-luminous-vivid-orange-color\">MDB, PSD, Republicanos, Podemos e PSC:<\/span><\/strong> quatro vagas;<\/li><li><strong><span class=\"has-inline-color has-luminous-vivid-orange-color\">PL \u2014Titulares:<\/span><\/strong> Filipe Barros (PR), Delegado Ramagem (RJ) e Andr\u00e9 Fernandes (CE). Suplentes: Eduardo Bolsonaro (SP), Marcos Feliciano (SP) e Nikolas Ferreira (MG).<\/li><li><strong><span class=\"has-inline-color has-luminous-vivid-orange-color\">Bloco do PT \u2014<\/span><\/strong> Titulares: Rubens Pereira Jr (PT-MA), Rog\u00e9rio Correia (PT-MG) e Jandira Feghali (PCdoB-RJ); supl\u00eancia: Arlindo Chinaglia (PT-SP), Carlos Veras (PT-PE) e Delegada Adriana Accorsi (PT-GO).<\/li><li><strong><span class=\"has-inline-color has-luminous-vivid-orange-color\">Bloco do Psol e Rede \u2014<\/span><\/strong> Titular: \u00c9rika Hilton (SP). Supl\u00eancia: Pastor Henrique Vieira (RJ).<\/li><\/ul>\n\n\n\n<div class=\"wp-block-image\"><figure class=\"aligncenter size-large is-resized\"><img loading=\"lazy\" decoding=\"async\" src=\"https:\/\/jornalfatosenoticias.com.br\/wp-content\/uploads\/2020\/02\/logo-embacia.jpg\" alt=\"\" class=\"wp-image-33905\" width=\"270\" height=\"270\"\/><\/figure><\/div>\n\n\n\n<p><strong><em>Fonte: <a href=\"https:\/\/revistaoeste.com\/no-ponto\/de-moro-a-alcolumbre-confira-mais-nomes-da-cpmi-do-8-de-janeiro\/\">Revista Oeste<\/a><\/em><\/strong><\/p>\n","protected":false},"excerpt":{"rendered":"<p>A Revista Oeste recebeu com exclusividade as indica\u00e7\u00f5es do Uni\u00e3o Brasil no Senado Por Rute Moraes As indica\u00e7\u00f5es para a Comiss\u00e3o Parlamentar Mista de Inqu\u00e9rito (CPMI) do 8 de janeiro est\u00e3o a todo o vapor no Congresso. Oeste recebeu com exclusividade os nomes que o Uni\u00e3o Brasil no Senado vai indicar para compor o colegiado.S\u00e3o [&hellip;]<\/p>\n","protected":false},"author":2,"featured_media":41380,"comment_status":"open","ping_status":"open","sticky":false,"template":"","format":"standard","meta":{"footnotes":""},"categories":[10],"tags":[18533,19435,12806,238],"class_list":["post-41379","post","type-post","status-publish","format-standard","has-post-thumbnail","hentry","category-politica","tag-cpmi-do-8-de-janeiro","tag-davi-alcolumbre","tag-oposicao","tag-sergio-moro"],"yoast_head":"<!-- This site is optimized with the Yoast SEO plugin v26.5 - https:\/\/yoast.com\/wordpress\/plugins\/seo\/ -->\n<title>De Moro a Alcolumbre: confira mais nomes da CPMI do 8 de janeiro - Jornal Fatos e Not\u00edcias<\/title>\n<meta name=\"robots\" content=\"index, follow, max-snippet:-1, max-image-preview:large, max-video-preview:-1\" \/>\n<link rel=\"canonical\" href=\"https:\/\/jornalfatosenoticias.com.br\/index.php\/2023\/05\/11\/de-moro-a-alcolumbre-confira-mais-nomes-da-cpmi-do-8-de-janeiro\/\" \/>\n<meta property=\"og:locale\" content=\"pt_BR\" \/>\n<meta property=\"og:type\" content=\"article\" \/>\n<meta property=\"og:title\" content=\"De Moro a Alcolumbre: confira mais nomes da CPMI do 8 de janeiro - Jornal Fatos e Not\u00edcias\" \/>\n<meta property=\"og:description\" content=\"A Revista Oeste recebeu com exclusividade as indica\u00e7\u00f5es do Uni\u00e3o Brasil no Senado Por Rute Moraes As indica\u00e7\u00f5es para a Comiss\u00e3o Parlamentar Mista de Inqu\u00e9rito (CPMI) do 8 de janeiro est\u00e3o a todo o vapor no Congresso. Oeste recebeu com exclusividade os nomes que o Uni\u00e3o Brasil no Senado vai indicar para compor o colegiado.S\u00e3o [&hellip;]\" \/>\n<meta property=\"og:url\" content=\"https:\/\/jornalfatosenoticias.com.br\/index.php\/2023\/05\/11\/de-moro-a-alcolumbre-confira-mais-nomes-da-cpmi-do-8-de-janeiro\/\" \/>\n<meta property=\"og:site_name\" content=\"Jornal Fatos e Not\u00edcias\" \/>\n<meta property=\"article:published_time\" content=\"2023-05-11T20:40:43+00:00\" \/>\n<meta property=\"article:modified_time\" content=\"2023-05-11T20:40:44+00:00\" \/>\n<meta property=\"og:image\" content=\"https:\/\/jornalfatosenoticias.com.br\/wp-content\/uploads\/2023\/05\/moro-alcolumbre.jpg\" \/>\n\t<meta property=\"og:image:width\" content=\"1000\" \/>\n\t<meta property=\"og:image:height\" content=\"583\" \/>\n\t<meta property=\"og:image:type\" content=\"image\/jpeg\" \/>\n<meta name=\"author\" content=\"Luzimara Fernandes\" \/>\n<meta name=\"twitter:card\" content=\"summary_large_image\" \/>\n<meta name=\"twitter:label1\" content=\"Escrito por\" \/>\n\t<meta name=\"twitter:data1\" content=\"Luzimara Fernandes\" \/>\n\t<meta name=\"twitter:label2\" content=\"Est. tempo de leitura\" \/>\n\t<meta name=\"twitter:data2\" content=\"3 minutos\" \/>\n<script type=\"application\/ld+json\" class=\"yoast-schema-graph\">{\"@context\":\"https:\/\/schema.org\",\"@graph\":[{\"@type\":\"Article\",\"@id\":\"https:\/\/jornalfatosenoticias.com.br\/index.php\/2023\/05\/11\/de-moro-a-alcolumbre-confira-mais-nomes-da-cpmi-do-8-de-janeiro\/#article\",\"isPartOf\":{\"@id\":\"https:\/\/jornalfatosenoticias.com.br\/index.php\/2023\/05\/11\/de-moro-a-alcolumbre-confira-mais-nomes-da-cpmi-do-8-de-janeiro\/\"},\"author\":{\"name\":\"Luzimara Fernandes\",\"@id\":\"https:\/\/jornalfatosenoticias.com.br\/#\/schema\/person\/d63837fa13ac8666eb9e74e0985d6f81\"},\"headline\":\"De Moro a Alcolumbre: confira mais nomes da CPMI do 8 de janeiro\",\"datePublished\":\"2023-05-11T20:40:43+00:00\",\"dateModified\":\"2023-05-11T20:40:44+00:00\",\"mainEntityOfPage\":{\"@id\":\"https:\/\/jornalfatosenoticias.com.br\/index.php\/2023\/05\/11\/de-moro-a-alcolumbre-confira-mais-nomes-da-cpmi-do-8-de-janeiro\/\"},\"wordCount\":559,\"commentCount\":0,\"publisher\":{\"@id\":\"https:\/\/jornalfatosenoticias.com.br\/#organization\"},\"image\":{\"@id\":\"https:\/\/jornalfatosenoticias.com.br\/index.php\/2023\/05\/11\/de-moro-a-alcolumbre-confira-mais-nomes-da-cpmi-do-8-de-janeiro\/#primaryimage\"},\"thumbnailUrl\":\"https:\/\/jornalfatosenoticias.com.br\/wp-content\/uploads\/2023\/05\/moro-alcolumbre.jpg\",\"keywords\":[\"CPMI do 8 de Janeiro\",\"Davi Alcolumbre\",\"oposi\u00e7\u00e3o\",\"S\u00e9rgio Moro\"],\"articleSection\":[\"Pol\u00edtica\"],\"inLanguage\":\"pt-BR\",\"potentialAction\":[{\"@type\":\"CommentAction\",\"name\":\"Comment\",\"target\":[\"https:\/\/jornalfatosenoticias.com.br\/index.php\/2023\/05\/11\/de-moro-a-alcolumbre-confira-mais-nomes-da-cpmi-do-8-de-janeiro\/#respond\"]}]},{\"@type\":\"WebPage\",\"@id\":\"https:\/\/jornalfatosenoticias.com.br\/index.php\/2023\/05\/11\/de-moro-a-alcolumbre-confira-mais-nomes-da-cpmi-do-8-de-janeiro\/\",\"url\":\"https:\/\/jornalfatosenoticias.com.br\/index.php\/2023\/05\/11\/de-moro-a-alcolumbre-confira-mais-nomes-da-cpmi-do-8-de-janeiro\/\",\"name\":\"De Moro a Alcolumbre: confira mais nomes da CPMI do 8 de janeiro - Jornal Fatos e Not\u00edcias\",\"isPartOf\":{\"@id\":\"https:\/\/jornalfatosenoticias.com.br\/#website\"},\"primaryImageOfPage\":{\"@id\":\"https:\/\/jornalfatosenoticias.com.br\/index.php\/2023\/05\/11\/de-moro-a-alcolumbre-confira-mais-nomes-da-cpmi-do-8-de-janeiro\/#primaryimage\"},\"image\":{\"@id\":\"https:\/\/jornalfatosenoticias.com.br\/index.php\/2023\/05\/11\/de-moro-a-alcolumbre-confira-mais-nomes-da-cpmi-do-8-de-janeiro\/#primaryimage\"},\"thumbnailUrl\":\"https:\/\/jornalfatosenoticias.com.br\/wp-content\/uploads\/2023\/05\/moro-alcolumbre.jpg\",\"datePublished\":\"2023-05-11T20:40:43+00:00\",\"dateModified\":\"2023-05-11T20:40:44+00:00\",\"breadcrumb\":{\"@id\":\"https:\/\/jornalfatosenoticias.com.br\/index.php\/2023\/05\/11\/de-moro-a-alcolumbre-confira-mais-nomes-da-cpmi-do-8-de-janeiro\/#breadcrumb\"},\"inLanguage\":\"pt-BR\",\"potentialAction\":[{\"@type\":\"ReadAction\",\"target\":[\"https:\/\/jornalfatosenoticias.com.br\/index.php\/2023\/05\/11\/de-moro-a-alcolumbre-confira-mais-nomes-da-cpmi-do-8-de-janeiro\/\"]}]},{\"@type\":\"ImageObject\",\"inLanguage\":\"pt-BR\",\"@id\":\"https:\/\/jornalfatosenoticias.com.br\/index.php\/2023\/05\/11\/de-moro-a-alcolumbre-confira-mais-nomes-da-cpmi-do-8-de-janeiro\/#primaryimage\",\"url\":\"https:\/\/jornalfatosenoticias.com.br\/wp-content\/uploads\/2023\/05\/moro-alcolumbre.jpg\",\"contentUrl\":\"https:\/\/jornalfatosenoticias.com.br\/wp-content\/uploads\/2023\/05\/moro-alcolumbre.jpg\",\"width\":1000,\"height\":583},{\"@type\":\"BreadcrumbList\",\"@id\":\"https:\/\/jornalfatosenoticias.com.br\/index.php\/2023\/05\/11\/de-moro-a-alcolumbre-confira-mais-nomes-da-cpmi-do-8-de-janeiro\/#breadcrumb\",\"itemListElement\":[{\"@type\":\"ListItem\",\"position\":1,\"name\":\"In\u00edcio\",\"item\":\"https:\/\/jornalfatosenoticias.com.br\/\"},{\"@type\":\"ListItem\",\"position\":2,\"name\":\"De Moro a Alcolumbre: confira mais nomes da CPMI do 8 de janeiro\"}]},{\"@type\":\"WebSite\",\"@id\":\"https:\/\/jornalfatosenoticias.com.br\/#website\",\"url\":\"https:\/\/jornalfatosenoticias.com.br\/\",\"name\":\"Jornal Fatos e Not\u00edcias\",\"description\":\"Not\u00edcias em geral\",\"publisher\":{\"@id\":\"https:\/\/jornalfatosenoticias.com.br\/#organization\"},\"potentialAction\":[{\"@type\":\"SearchAction\",\"target\":{\"@type\":\"EntryPoint\",\"urlTemplate\":\"https:\/\/jornalfatosenoticias.com.br\/?s={search_term_string}\"},\"query-input\":{\"@type\":\"PropertyValueSpecification\",\"valueRequired\":true,\"valueName\":\"search_term_string\"}}],\"inLanguage\":\"pt-BR\"},{\"@type\":\"Organization\",\"@id\":\"https:\/\/jornalfatosenoticias.com.br\/#organization\",\"name\":\"Jornal Fatos e Not\u00edcias\",\"url\":\"https:\/\/jornalfatosenoticias.com.br\/\",\"logo\":{\"@type\":\"ImageObject\",\"inLanguage\":\"pt-BR\",\"@id\":\"https:\/\/jornalfatosenoticias.com.br\/#\/schema\/logo\/image\/\",\"url\":\"https:\/\/jornalfatosenoticias.com.br\/wp-content\/uploads\/2020\/02\/logo120.png\",\"contentUrl\":\"https:\/\/jornalfatosenoticias.com.br\/wp-content\/uploads\/2020\/02\/logo120.png\",\"width\":1227,\"height\":120,\"caption\":\"Jornal Fatos e Not\u00edcias\"},\"image\":{\"@id\":\"https:\/\/jornalfatosenoticias.com.br\/#\/schema\/logo\/image\/\"}},{\"@type\":\"Person\",\"@id\":\"https:\/\/jornalfatosenoticias.com.br\/#\/schema\/person\/d63837fa13ac8666eb9e74e0985d6f81\",\"name\":\"Luzimara Fernandes\",\"image\":{\"@type\":\"ImageObject\",\"inLanguage\":\"pt-BR\",\"@id\":\"https:\/\/jornalfatosenoticias.com.br\/#\/schema\/person\/image\/\",\"url\":\"https:\/\/jornalfatosenoticias.com.br\/wp-content\/uploads\/2025\/05\/EU_portal.jpg\",\"contentUrl\":\"https:\/\/jornalfatosenoticias.com.br\/wp-content\/uploads\/2025\/05\/EU_portal.jpg\",\"caption\":\"Luzimara Fernandes\"},\"description\":\"Jornalista MTB 2358-ES\",\"sameAs\":[\"https:\/\/jornalfatosenoticias.com.br\"],\"url\":\"https:\/\/jornalfatosenoticias.com.br\/index.php\/author\/luzimara\/\"}]}<\/script>\n<!-- \/ Yoast SEO plugin. -->","yoast_head_json":{"title":"De Moro a Alcolumbre: confira mais nomes da CPMI do 8 de janeiro - Jornal Fatos e Not\u00edcias","robots":{"index":"index","follow":"follow","max-snippet":"max-snippet:-1","max-image-preview":"max-image-preview:large","max-video-preview":"max-video-preview:-1"},"canonical":"https:\/\/jornalfatosenoticias.com.br\/index.php\/2023\/05\/11\/de-moro-a-alcolumbre-confira-mais-nomes-da-cpmi-do-8-de-janeiro\/","og_locale":"pt_BR","og_type":"article","og_title":"De Moro a Alcolumbre: confira mais nomes da CPMI do 8 de janeiro - Jornal Fatos e Not\u00edcias","og_description":"A Revista Oeste recebeu com exclusividade as indica\u00e7\u00f5es do Uni\u00e3o Brasil no Senado Por Rute Moraes As indica\u00e7\u00f5es para a Comiss\u00e3o Parlamentar Mista de Inqu\u00e9rito (CPMI) do 8 de janeiro est\u00e3o a todo o vapor no Congresso. Oeste recebeu com exclusividade os nomes que o Uni\u00e3o Brasil no Senado vai indicar para compor o colegiado.S\u00e3o [&hellip;]","og_url":"https:\/\/jornalfatosenoticias.com.br\/index.php\/2023\/05\/11\/de-moro-a-alcolumbre-confira-mais-nomes-da-cpmi-do-8-de-janeiro\/","og_site_name":"Jornal Fatos e Not\u00edcias","article_published_time":"2023-05-11T20:40:43+00:00","article_modified_time":"2023-05-11T20:40:44+00:00","og_image":[{"width":1000,"height":583,"url":"https:\/\/jornalfatosenoticias.com.br\/wp-content\/uploads\/2023\/05\/moro-alcolumbre.jpg","type":"image\/jpeg"}],"author":"Luzimara Fernandes","twitter_card":"summary_large_image","twitter_misc":{"Escrito por":"Luzimara Fernandes","Est. tempo de leitura":"3 minutos"},"schema":{"@context":"https:\/\/schema.org","@graph":[{"@type":"Article","@id":"https:\/\/jornalfatosenoticias.com.br\/index.php\/2023\/05\/11\/de-moro-a-alcolumbre-confira-mais-nomes-da-cpmi-do-8-de-janeiro\/#article","isPartOf":{"@id":"https:\/\/jornalfatosenoticias.com.br\/index.php\/2023\/05\/11\/de-moro-a-alcolumbre-confira-mais-nomes-da-cpmi-do-8-de-janeiro\/"},"author":{"name":"Luzimara Fernandes","@id":"https:\/\/jornalfatosenoticias.com.br\/#\/schema\/person\/d63837fa13ac8666eb9e74e0985d6f81"},"headline":"De Moro a Alcolumbre: confira mais nomes da CPMI do 8 de janeiro","datePublished":"2023-05-11T20:40:43+00:00","dateModified":"2023-05-11T20:40:44+00:00","mainEntityOfPage":{"@id":"https:\/\/jornalfatosenoticias.com.br\/index.php\/2023\/05\/11\/de-moro-a-alcolumbre-confira-mais-nomes-da-cpmi-do-8-de-janeiro\/"},"wordCount":559,"commentCount":0,"publisher":{"@id":"https:\/\/jornalfatosenoticias.com.br\/#organization"},"image":{"@id":"https:\/\/jornalfatosenoticias.com.br\/index.php\/2023\/05\/11\/de-moro-a-alcolumbre-confira-mais-nomes-da-cpmi-do-8-de-janeiro\/#primaryimage"},"thumbnailUrl":"https:\/\/jornalfatosenoticias.com.br\/wp-content\/uploads\/2023\/05\/moro-alcolumbre.jpg","keywords":["CPMI do 8 de Janeiro","Davi Alcolumbre","oposi\u00e7\u00e3o","S\u00e9rgio Moro"],"articleSection":["Pol\u00edtica"],"inLanguage":"pt-BR","potentialAction":[{"@type":"CommentAction","name":"Comment","target":["https:\/\/jornalfatosenoticias.com.br\/index.php\/2023\/05\/11\/de-moro-a-alcolumbre-confira-mais-nomes-da-cpmi-do-8-de-janeiro\/#respond"]}]},{"@type":"WebPage","@id":"https:\/\/jornalfatosenoticias.com.br\/index.php\/2023\/05\/11\/de-moro-a-alcolumbre-confira-mais-nomes-da-cpmi-do-8-de-janeiro\/","url":"https:\/\/jornalfatosenoticias.com.br\/index.php\/2023\/05\/11\/de-moro-a-alcolumbre-confira-mais-nomes-da-cpmi-do-8-de-janeiro\/","name":"De Moro a Alcolumbre: confira mais nomes da CPMI do 8 de janeiro - Jornal Fatos e Not\u00edcias","isPartOf":{"@id":"https:\/\/jornalfatosenoticias.com.br\/#website"},"primaryImageOfPage":{"@id":"https:\/\/jornalfatosenoticias.com.br\/index.php\/2023\/05\/11\/de-moro-a-alcolumbre-confira-mais-nomes-da-cpmi-do-8-de-janeiro\/#primaryimage"},"image":{"@id":"https:\/\/jornalfatosenoticias.com.br\/index.php\/2023\/05\/11\/de-moro-a-alcolumbre-confira-mais-nomes-da-cpmi-do-8-de-janeiro\/#primaryimage"},"thumbnailUrl":"https:\/\/jornalfatosenoticias.com.br\/wp-content\/uploads\/2023\/05\/moro-alcolumbre.jpg","datePublished":"2023-05-11T20:40:43+00:00","dateModified":"2023-05-11T20:40:44+00:00","breadcrumb":{"@id":"https:\/\/jornalfatosenoticias.com.br\/index.php\/2023\/05\/11\/de-moro-a-alcolumbre-confira-mais-nomes-da-cpmi-do-8-de-janeiro\/#breadcrumb"},"inLanguage":"pt-BR","potentialAction":[{"@type":"ReadAction","target":["https:\/\/jornalfatosenoticias.com.br\/index.php\/2023\/05\/11\/de-moro-a-alcolumbre-confira-mais-nomes-da-cpmi-do-8-de-janeiro\/"]}]},{"@type":"ImageObject","inLanguage":"pt-BR","@id":"https:\/\/jornalfatosenoticias.com.br\/index.php\/2023\/05\/11\/de-moro-a-alcolumbre-confira-mais-nomes-da-cpmi-do-8-de-janeiro\/#primaryimage","url":"https:\/\/jornalfatosenoticias.com.br\/wp-content\/uploads\/2023\/05\/moro-alcolumbre.jpg","contentUrl":"https:\/\/jornalfatosenoticias.com.br\/wp-content\/uploads\/2023\/05\/moro-alcolumbre.jpg","width":1000,"height":583},{"@type":"BreadcrumbList","@id":"https:\/\/jornalfatosenoticias.com.br\/index.php\/2023\/05\/11\/de-moro-a-alcolumbre-confira-mais-nomes-da-cpmi-do-8-de-janeiro\/#breadcrumb","itemListElement":[{"@type":"ListItem","position":1,"name":"In\u00edcio","item":"https:\/\/jornalfatosenoticias.com.br\/"},{"@type":"ListItem","position":2,"name":"De Moro a Alcolumbre: confira mais nomes da CPMI do 8 de janeiro"}]},{"@type":"WebSite","@id":"https:\/\/jornalfatosenoticias.com.br\/#website","url":"https:\/\/jornalfatosenoticias.com.br\/","name":"Jornal Fatos e Not\u00edcias","description":"Not\u00edcias em geral","publisher":{"@id":"https:\/\/jornalfatosenoticias.com.br\/#organization"},"potentialAction":[{"@type":"SearchAction","target":{"@type":"EntryPoint","urlTemplate":"https:\/\/jornalfatosenoticias.com.br\/?s={search_term_string}"},"query-input":{"@type":"PropertyValueSpecification","valueRequired":true,"valueName":"search_term_string"}}],"inLanguage":"pt-BR"},{"@type":"Organization","@id":"https:\/\/jornalfatosenoticias.com.br\/#organization","name":"Jornal Fatos e Not\u00edcias","url":"https:\/\/jornalfatosenoticias.com.br\/","logo":{"@type":"ImageObject","inLanguage":"pt-BR","@id":"https:\/\/jornalfatosenoticias.com.br\/#\/schema\/logo\/image\/","url":"https:\/\/jornalfatosenoticias.com.br\/wp-content\/uploads\/2020\/02\/logo120.png","contentUrl":"https:\/\/jornalfatosenoticias.com.br\/wp-content\/uploads\/2020\/02\/logo120.png","width":1227,"height":120,"caption":"Jornal Fatos e Not\u00edcias"},"image":{"@id":"https:\/\/jornalfatosenoticias.com.br\/#\/schema\/logo\/image\/"}},{"@type":"Person","@id":"https:\/\/jornalfatosenoticias.com.br\/#\/schema\/person\/d63837fa13ac8666eb9e74e0985d6f81","name":"Luzimara Fernandes","image":{"@type":"ImageObject","inLanguage":"pt-BR","@id":"https:\/\/jornalfatosenoticias.com.br\/#\/schema\/person\/image\/","url":"https:\/\/jornalfatosenoticias.com.br\/wp-content\/uploads\/2025\/05\/EU_portal.jpg","contentUrl":"https:\/\/jornalfatosenoticias.com.br\/wp-content\/uploads\/2025\/05\/EU_portal.jpg","caption":"Luzimara Fernandes"},"description":"Jornalista MTB 2358-ES","sameAs":["https:\/\/jornalfatosenoticias.com.br"],"url":"https:\/\/jornalfatosenoticias.com.br\/index.php\/author\/luzimara\/"}]}},"cc_featured_image_caption":{"caption_text":"(Foto: Ag\u00eancia Senado\/Montagem Revista Oeste) \r\n","source_text":"","source_url":""},"jetpack_featured_media_url":"https:\/\/jornalfatosenoticias.com.br\/wp-content\/uploads\/2023\/05\/moro-alcolumbre.jpg","_links":{"self":[{"href":"https:\/\/jornalfatosenoticias.com.br\/index.php\/wp-json\/wp\/v2\/posts\/41379","targetHints":{"allow":["GET"]}}],"collection":[{"href":"https:\/\/jornalfatosenoticias.com.br\/index.php\/wp-json\/wp\/v2\/posts"}],"about":[{"href":"https:\/\/jornalfatosenoticias.com.br\/index.php\/wp-json\/wp\/v2\/types\/post"}],"author":[{"embeddable":true,"href":"https:\/\/jornalfatosenoticias.com.br\/index.php\/wp-json\/wp\/v2\/users\/2"}],"replies":[{"embeddable":true,"href":"https:\/\/jornalfatosenoticias.com.br\/index.php\/wp-json\/wp\/v2\/comments?post=41379"}],"version-history":[{"count":0,"href":"https:\/\/jornalfatosenoticias.com.br\/index.php\/wp-json\/wp\/v2\/posts\/41379\/revisions"}],"wp:featuredmedia":[{"embeddable":true,"href":"https:\/\/jornalfatosenoticias.com.br\/index.php\/wp-json\/wp\/v2\/media\/41380"}],"wp:attachment":[{"href":"https:\/\/jornalfatosenoticias.com.br\/index.php\/wp-json\/wp\/v2\/media?parent=41379"}],"wp:term":[{"taxonomy":"category","embeddable":true,"href":"https:\/\/jornalfatosenoticias.com.br\/index.php\/wp-json\/wp\/v2\/categories?post=41379"},{"taxonomy":"post_tag","embeddable":true,"href":"https:\/\/jornalfatosenoticias.com.br\/index.php\/wp-json\/wp\/v2\/tags?post=41379"}],"curies":[{"name":"wp","href":"https:\/\/api.w.org\/{rel}","templated":true}]}}