{"id":41382,"date":"2023-05-12T10:06:38","date_gmt":"2023-05-12T13:06:38","guid":{"rendered":"https:\/\/jornalfatosenoticias.com.br\/?p=41382"},"modified":"2023-05-12T10:06:39","modified_gmt":"2023-05-12T13:06:39","slug":"tendencia-a-intolerancia-a-lactose-atinge-51-dos-brasileiros-aponta-estudo","status":"publish","type":"post","link":"https:\/\/jornalfatosenoticias.com.br\/index.php\/2023\/05\/12\/tendencia-a-intolerancia-a-lactose-atinge-51-dos-brasileiros-aponta-estudo\/","title":{"rendered":"Tend\u00eancia a intoler\u00e2ncia \u00e0 lactose atinge 51% dos brasileiros, aponta estudo"},"content":{"rendered":"\n<div class=\"wp-block-image\"><figure class=\"aligncenter size-large\"><img loading=\"lazy\" decoding=\"async\" width=\"1024\" height=\"110\" src=\"https:\/\/jornalfatosenoticias.com.br\/wp-content\/uploads\/2023\/03\/Crypton-1120-\u00d7-120-px-1-1024x110.png\" alt=\"\" class=\"wp-image-39211\" srcset=\"https:\/\/jornalfatosenoticias.com.br\/wp-content\/uploads\/2023\/03\/Crypton-1120-\u00d7-120-px-1-1024x110.png 1024w, https:\/\/jornalfatosenoticias.com.br\/wp-content\/uploads\/2023\/03\/Crypton-1120-\u00d7-120-px-1-300x32.png 300w, https:\/\/jornalfatosenoticias.com.br\/wp-content\/uploads\/2023\/03\/Crypton-1120-\u00d7-120-px-1-768x82.png 768w, https:\/\/jornalfatosenoticias.com.br\/wp-content\/uploads\/2023\/03\/Crypton-1120-\u00d7-120-px-1.png 1120w\" sizes=\"auto, (max-width: 1024px) 100vw, 1024px\" \/><\/figure><\/div>\n\n\n\n<p>Queijos, leite e bolos s\u00e3o um problema para quem tem intoler\u00e2ncia \u00e0 lactose. Contudo, a condi\u00e7\u00e3o \u00e9 mais comum do que se imagina, \u00e9 o que diz um estudo publicado pelo laborat\u00f3rio Genera. De acordo com a pesquisa \u201cO perfil do DNA do brasileiro na sa\u00fade e bem-estar\u201d, cerca de <strong>51% dos brasileiros<\/strong> t\u00eam tend\u00eancia para desenvolver intoler\u00e2ncia \u00e0 lactose. Os dados foram obtidos a partir de uma an\u00e1lise das informa\u00e7\u00f5es de sa\u00fade de 200 mil pessoas, considerando resultados de exames de an\u00e1lise gen\u00e9tica.<br>Na oportunidade, os pesquisadores identificaram um ponto importante do estudo que \u00e9 a rela\u00e7\u00e3o entre a intoler\u00e2ncia \u00e0 lactose e a ancestralidade. <\/p>\n\n\n\n<div class=\"wp-block-image\"><figure class=\"aligncenter size-large\"><img decoding=\"async\" src=\"https:\/\/jornalfatosenoticias.com.br\/wp-content\/uploads\/2020\/02\/logo_esteio.jpg\" alt=\"\" class=\"wp-image-1214\"\/><\/figure><\/div>\n\n\n\n<blockquote class=\"wp-block-quote is-layout-flow wp-block-quote-is-layout-flow\"><p><span class=\"has-inline-color has-luminous-vivid-orange-color\">Foi no centro da Europa que come\u00e7ou o h\u00e1bito de cultivar gado, ent\u00e3o a intoler\u00e2ncia aparece s\u00f3 em 9% dos descendentes mais pr\u00f3ximos dessas popula\u00e7\u00f5es. Mas no caso de pessoas com forte ascend\u00eancia nigeriana ou do Sudeste Asi\u00e1tico, 100% tiveram alta tend\u00eancia\u201d, aponta o m\u00e9dico geneticista Ricardo di Lazzaro Filho, cofundador da Genera.<\/span><\/p><\/blockquote>\n\n\n\n<div class=\"wp-block-image\"><figure class=\"aligncenter size-large is-resized\"><img loading=\"lazy\" decoding=\"async\" src=\"https:\/\/jornalfatosenoticias.com.br\/wp-content\/uploads\/2023\/04\/Logo_MasterMind.jpg\" alt=\"\" class=\"wp-image-40974\" width=\"300\" height=\"218\"\/><\/figure><\/div>\n\n\n\n<p>A constata\u00e7\u00e3o indica que, ao cultivar o gado, os europeus tinham mais acesso ao leite e por isso, a tend\u00eancia \u00e0 intoler\u00e2ncia era menor. Algo que n\u00e3o aconteceu com povos da \u00c1frica e \u00c1sia e aumentou a tend\u00eancia \u00e0 intoler\u00e2ncia. At\u00e9 o momento, n\u00e3o existem m\u00e9todos para evitar a intoler\u00e2ncia \u00e0 lactose. A condi\u00e7\u00e3o indica uma defici\u00eancia ou aus\u00eancia de uma enzima intestinal chamada lactase, que possibilita a decomposi\u00e7\u00e3o e absor\u00e7\u00e3o do a\u00e7\u00facar do leite comum. Portanto, a defici\u00eancia pode ser cong\u00eanita ou gen\u00e9tica.<\/p>\n\n\n\n<div class=\"wp-block-image\"><figure class=\"aligncenter size-large is-resized\"><img loading=\"lazy\" decoding=\"async\" src=\"https:\/\/jornalfatosenoticias.com.br\/wp-content\/uploads\/2022\/02\/Precisao-Contabilidade-1024x724.jpg\" alt=\"\" class=\"wp-image-28088\" width=\"321\" height=\"227\"\/><\/figure><\/div>\n\n\n\n<p>Contudo, a vida de quem tem intoler\u00e2ncia n\u00e3o precisa ser extremamente restritiva, j\u00e1 que hoje existem diversos produtos espec\u00edficos sem lactose que facilitam a sele\u00e7\u00e3o de itens para uma alimenta\u00e7\u00e3o saud\u00e1vel. Portanto, se os sintomas surgirem ao consumir alimentos com lactose, procure um m\u00e9dico para avaliar a condi\u00e7\u00e3o, de prefer\u00eancia um <strong>gastroenterologista<\/strong>. Por fim, ao ser diagnosticado com a condi\u00e7\u00e3o, \u00e9 necess\u00e1rio reavaliar a\u00a0<a href=\"https:\/\/vitat.com.br\/melhor-dieta-para-emagrecer\/\">dieta<\/a> para reduzir os alimentos que causam flatul\u00eancia e mal-estar.<\/p>\n\n\n\n<div class=\"wp-block-image\"><figure class=\"aligncenter size-large\"><img loading=\"lazy\" decoding=\"async\" width=\"729\" height=\"90\" src=\"https:\/\/jornalfatosenoticias.com.br\/wp-content\/uploads\/2020\/02\/Logo_Mizu.png\" alt=\"\" class=\"wp-image-1441\" srcset=\"https:\/\/jornalfatosenoticias.com.br\/wp-content\/uploads\/2020\/02\/Logo_Mizu.png 729w, https:\/\/jornalfatosenoticias.com.br\/wp-content\/uploads\/2020\/02\/Logo_Mizu-300x37.png 300w\" sizes=\"auto, (max-width: 729px) 100vw, 729px\" \/><\/figure><\/div>\n\n\n\n<p><strong><span class=\"has-inline-color has-vivid-purple-color\">Dicas para uma vida saud\u00e1vel com intoler\u00e2ncia \u00e0 lactose<br><\/span><span class=\"has-inline-color has-black-color\">Produtos livres de lactose:<\/span><\/strong> as prateleiras dos supermercados est\u00e3o repletas de op\u00e7\u00f5es sem lactose. Al\u00e9m dos produtos destinados a esse p\u00fablico, \u00e9 poss\u00edvel preparar <a href=\"https:\/\/vitat.com.br\/receitas\/?utm_source=cuidai&amp;utm_medium=silos\">receitas<\/a>\u00a0e consumir\u00a0<strong>leites de origem vegetal<\/strong>, naturalmente livres da subst\u00e2ncia. Por isso, sempre observe os r\u00f3tulos e visite lojas do segmento para ter mais novidades.<\/p>\n\n\n\n<div class=\"wp-block-image\"><figure class=\"aligncenter size-large\"><img loading=\"lazy\" decoding=\"async\" width=\"300\" height=\"222\" src=\"https:\/\/jornalfatosenoticias.com.br\/wp-content\/uploads\/2023\/03\/logo_Juliana-Graca.jpg\" alt=\"\" class=\"wp-image-39283\"\/><\/figure><\/div>\n\n\n\n<p><span class=\"has-inline-color has-black-color\"><strong>Ajuda profissional:<\/strong> <\/span>contar com o apoio de um <strong>nutricionista<\/strong> pode ajudar a ampliar as possibilidades de alimenta\u00e7\u00e3o. Dessa forma, procure o suporte desse tipo de profissional para elaborar um plano alimentar com variedades e substitui\u00e7\u00f5es saud\u00e1veis.<\/p>\n\n\n\n<div class=\"wp-block-image\"><figure class=\"aligncenter size-large\"><img loading=\"lazy\" decoding=\"async\" width=\"300\" height=\"250\" src=\"https:\/\/jornalfatosenoticias.com.br\/wp-content\/uploads\/2022\/08\/arte-Casarao.jpg\" alt=\"\" class=\"wp-image-33178\"\/><\/figure><\/div>\n\n\n\n<p><strong><span class=\"has-inline-color has-black-color\">C\u00e1psulas de lactase:<\/span><\/strong> \u00e0s vezes, alguns restaurantes e eventos n\u00e3o possuem um menu livre de lactose. Por isso, as c\u00e1psulas de lactase tornam-se \u00f3timas aliadas nessas situa\u00e7\u00f5es inesperadas. Esses produtos cont\u00eam a enzima lactase, que quebram as mol\u00e9culas de lactose durante a digest\u00e3o e evitam os desconfortos. Por ser um suplemento alimentar e n\u00e3o um medicamento, <strong>n\u00e3o h\u00e1 contraindica\u00e7\u00e3o ou restri\u00e7\u00e3o de uso.<\/strong><\/p>\n\n\n\n<p><strong><em>Fonte: <a href=\"https:\/\/vitat.com.br\/tendencia-a-intolerancia-a-lactose\/\">Vitat<\/a><\/em><\/strong><\/p>\n","protected":false},"excerpt":{"rendered":"<p>Queijos, leite e bolos s\u00e3o um problema para quem tem intoler\u00e2ncia \u00e0 lactose. Contudo, a condi\u00e7\u00e3o \u00e9 mais comum do que se imagina, \u00e9 o que diz um estudo publicado pelo laborat\u00f3rio Genera. De acordo com a pesquisa \u201cO perfil do DNA do brasileiro na sa\u00fade e bem-estar\u201d, cerca de 51% dos brasileiros t\u00eam tend\u00eancia [&hellip;]<\/p>\n","protected":false},"author":2,"featured_media":41384,"comment_status":"open","ping_status":"open","sticky":false,"template":"","format":"standard","meta":{"footnotes":""},"categories":[11],"tags":[1216,19436,385,13355,5720,19437,74],"class_list":["post-41382","post","type-post","status-publish","format-standard","has-post-thumbnail","hentry","category-saude","tag-alimentacao","tag-alimentos-sem-lactose","tag-bem-estar","tag-intolerancia","tag-intolerancia-a-lactose","tag-o-que-e-lactose","tag-saude"],"yoast_head":"<!-- This site is optimized with the Yoast SEO plugin v26.5 - https:\/\/yoast.com\/wordpress\/plugins\/seo\/ -->\n<title>Tend\u00eancia a intoler\u00e2ncia \u00e0 lactose atinge 51% dos brasileiros, aponta estudo - Jornal Fatos e Not\u00edcias<\/title>\n<meta name=\"robots\" content=\"index, follow, max-snippet:-1, max-image-preview:large, max-video-preview:-1\" \/>\n<link rel=\"canonical\" href=\"https:\/\/jornalfatosenoticias.com.br\/index.php\/2023\/05\/12\/tendencia-a-intolerancia-a-lactose-atinge-51-dos-brasileiros-aponta-estudo\/\" \/>\n<meta property=\"og:locale\" content=\"pt_BR\" \/>\n<meta property=\"og:type\" content=\"article\" \/>\n<meta property=\"og:title\" content=\"Tend\u00eancia a intoler\u00e2ncia \u00e0 lactose atinge 51% dos brasileiros, aponta estudo - Jornal Fatos e Not\u00edcias\" \/>\n<meta property=\"og:description\" content=\"Queijos, leite e bolos s\u00e3o um problema para quem tem intoler\u00e2ncia \u00e0 lactose. Contudo, a condi\u00e7\u00e3o \u00e9 mais comum do que se imagina, \u00e9 o que diz um estudo publicado pelo laborat\u00f3rio Genera. De acordo com a pesquisa \u201cO perfil do DNA do brasileiro na sa\u00fade e bem-estar\u201d, cerca de 51% dos brasileiros t\u00eam tend\u00eancia [&hellip;]\" \/>\n<meta property=\"og:url\" content=\"https:\/\/jornalfatosenoticias.com.br\/index.php\/2023\/05\/12\/tendencia-a-intolerancia-a-lactose-atinge-51-dos-brasileiros-aponta-estudo\/\" \/>\n<meta property=\"og:site_name\" content=\"Jornal Fatos e Not\u00edcias\" \/>\n<meta property=\"article:published_time\" content=\"2023-05-12T13:06:38+00:00\" \/>\n<meta property=\"article:modified_time\" content=\"2023-05-12T13:06:39+00:00\" \/>\n<meta property=\"og:image\" content=\"https:\/\/jornalfatosenoticias.com.br\/wp-content\/uploads\/2023\/05\/intolerancia-a-lactose.jpg\" \/>\n\t<meta property=\"og:image:width\" content=\"1000\" \/>\n\t<meta property=\"og:image:height\" content=\"540\" \/>\n\t<meta property=\"og:image:type\" content=\"image\/jpeg\" \/>\n<meta name=\"author\" content=\"Luzimara Fernandes\" \/>\n<meta name=\"twitter:card\" content=\"summary_large_image\" \/>\n<meta name=\"twitter:label1\" content=\"Escrito por\" \/>\n\t<meta name=\"twitter:data1\" content=\"Luzimara Fernandes\" \/>\n\t<meta name=\"twitter:label2\" content=\"Est. tempo de leitura\" \/>\n\t<meta name=\"twitter:data2\" content=\"3 minutos\" \/>\n<script type=\"application\/ld+json\" class=\"yoast-schema-graph\">{\"@context\":\"https:\/\/schema.org\",\"@graph\":[{\"@type\":\"Article\",\"@id\":\"https:\/\/jornalfatosenoticias.com.br\/index.php\/2023\/05\/12\/tendencia-a-intolerancia-a-lactose-atinge-51-dos-brasileiros-aponta-estudo\/#article\",\"isPartOf\":{\"@id\":\"https:\/\/jornalfatosenoticias.com.br\/index.php\/2023\/05\/12\/tendencia-a-intolerancia-a-lactose-atinge-51-dos-brasileiros-aponta-estudo\/\"},\"author\":{\"name\":\"Luzimara Fernandes\",\"@id\":\"https:\/\/jornalfatosenoticias.com.br\/#\/schema\/person\/d63837fa13ac8666eb9e74e0985d6f81\"},\"headline\":\"Tend\u00eancia a intoler\u00e2ncia \u00e0 lactose atinge 51% dos brasileiros, aponta estudo\",\"datePublished\":\"2023-05-12T13:06:38+00:00\",\"dateModified\":\"2023-05-12T13:06:39+00:00\",\"mainEntityOfPage\":{\"@id\":\"https:\/\/jornalfatosenoticias.com.br\/index.php\/2023\/05\/12\/tendencia-a-intolerancia-a-lactose-atinge-51-dos-brasileiros-aponta-estudo\/\"},\"wordCount\":550,\"commentCount\":0,\"publisher\":{\"@id\":\"https:\/\/jornalfatosenoticias.com.br\/#organization\"},\"image\":{\"@id\":\"https:\/\/jornalfatosenoticias.com.br\/index.php\/2023\/05\/12\/tendencia-a-intolerancia-a-lactose-atinge-51-dos-brasileiros-aponta-estudo\/#primaryimage\"},\"thumbnailUrl\":\"https:\/\/jornalfatosenoticias.com.br\/wp-content\/uploads\/2023\/05\/intolerancia-a-lactose.jpg\",\"keywords\":[\"alimenta\u00e7\u00e3o\",\"alimentos sem lactose\",\"bem-estar\",\"intoler\u00e2ncia\",\"intoler\u00e2ncia \u00e0 lactose\",\"o que \u00e9 lactose\",\"sa\u00fade\"],\"articleSection\":[\"Sa\u00fade\"],\"inLanguage\":\"pt-BR\",\"potentialAction\":[{\"@type\":\"CommentAction\",\"name\":\"Comment\",\"target\":[\"https:\/\/jornalfatosenoticias.com.br\/index.php\/2023\/05\/12\/tendencia-a-intolerancia-a-lactose-atinge-51-dos-brasileiros-aponta-estudo\/#respond\"]}]},{\"@type\":\"WebPage\",\"@id\":\"https:\/\/jornalfatosenoticias.com.br\/index.php\/2023\/05\/12\/tendencia-a-intolerancia-a-lactose-atinge-51-dos-brasileiros-aponta-estudo\/\",\"url\":\"https:\/\/jornalfatosenoticias.com.br\/index.php\/2023\/05\/12\/tendencia-a-intolerancia-a-lactose-atinge-51-dos-brasileiros-aponta-estudo\/\",\"name\":\"Tend\u00eancia a intoler\u00e2ncia \u00e0 lactose atinge 51% dos brasileiros, aponta estudo - Jornal Fatos e Not\u00edcias\",\"isPartOf\":{\"@id\":\"https:\/\/jornalfatosenoticias.com.br\/#website\"},\"primaryImageOfPage\":{\"@id\":\"https:\/\/jornalfatosenoticias.com.br\/index.php\/2023\/05\/12\/tendencia-a-intolerancia-a-lactose-atinge-51-dos-brasileiros-aponta-estudo\/#primaryimage\"},\"image\":{\"@id\":\"https:\/\/jornalfatosenoticias.com.br\/index.php\/2023\/05\/12\/tendencia-a-intolerancia-a-lactose-atinge-51-dos-brasileiros-aponta-estudo\/#primaryimage\"},\"thumbnailUrl\":\"https:\/\/jornalfatosenoticias.com.br\/wp-content\/uploads\/2023\/05\/intolerancia-a-lactose.jpg\",\"datePublished\":\"2023-05-12T13:06:38+00:00\",\"dateModified\":\"2023-05-12T13:06:39+00:00\",\"breadcrumb\":{\"@id\":\"https:\/\/jornalfatosenoticias.com.br\/index.php\/2023\/05\/12\/tendencia-a-intolerancia-a-lactose-atinge-51-dos-brasileiros-aponta-estudo\/#breadcrumb\"},\"inLanguage\":\"pt-BR\",\"potentialAction\":[{\"@type\":\"ReadAction\",\"target\":[\"https:\/\/jornalfatosenoticias.com.br\/index.php\/2023\/05\/12\/tendencia-a-intolerancia-a-lactose-atinge-51-dos-brasileiros-aponta-estudo\/\"]}]},{\"@type\":\"ImageObject\",\"inLanguage\":\"pt-BR\",\"@id\":\"https:\/\/jornalfatosenoticias.com.br\/index.php\/2023\/05\/12\/tendencia-a-intolerancia-a-lactose-atinge-51-dos-brasileiros-aponta-estudo\/#primaryimage\",\"url\":\"https:\/\/jornalfatosenoticias.com.br\/wp-content\/uploads\/2023\/05\/intolerancia-a-lactose.jpg\",\"contentUrl\":\"https:\/\/jornalfatosenoticias.com.br\/wp-content\/uploads\/2023\/05\/intolerancia-a-lactose.jpg\",\"width\":1000,\"height\":540,\"caption\":\"Allergy dairy intolerant,Lactose intolerance concept,Asian woman having a stomach pain with a glass of milk\"},{\"@type\":\"BreadcrumbList\",\"@id\":\"https:\/\/jornalfatosenoticias.com.br\/index.php\/2023\/05\/12\/tendencia-a-intolerancia-a-lactose-atinge-51-dos-brasileiros-aponta-estudo\/#breadcrumb\",\"itemListElement\":[{\"@type\":\"ListItem\",\"position\":1,\"name\":\"In\u00edcio\",\"item\":\"https:\/\/jornalfatosenoticias.com.br\/\"},{\"@type\":\"ListItem\",\"position\":2,\"name\":\"Tend\u00eancia a intoler\u00e2ncia \u00e0 lactose atinge 51% dos brasileiros, aponta estudo\"}]},{\"@type\":\"WebSite\",\"@id\":\"https:\/\/jornalfatosenoticias.com.br\/#website\",\"url\":\"https:\/\/jornalfatosenoticias.com.br\/\",\"name\":\"Jornal Fatos e Not\u00edcias\",\"description\":\"Not\u00edcias em geral\",\"publisher\":{\"@id\":\"https:\/\/jornalfatosenoticias.com.br\/#organization\"},\"potentialAction\":[{\"@type\":\"SearchAction\",\"target\":{\"@type\":\"EntryPoint\",\"urlTemplate\":\"https:\/\/jornalfatosenoticias.com.br\/?s={search_term_string}\"},\"query-input\":{\"@type\":\"PropertyValueSpecification\",\"valueRequired\":true,\"valueName\":\"search_term_string\"}}],\"inLanguage\":\"pt-BR\"},{\"@type\":\"Organization\",\"@id\":\"https:\/\/jornalfatosenoticias.com.br\/#organization\",\"name\":\"Jornal Fatos e Not\u00edcias\",\"url\":\"https:\/\/jornalfatosenoticias.com.br\/\",\"logo\":{\"@type\":\"ImageObject\",\"inLanguage\":\"pt-BR\",\"@id\":\"https:\/\/jornalfatosenoticias.com.br\/#\/schema\/logo\/image\/\",\"url\":\"https:\/\/jornalfatosenoticias.com.br\/wp-content\/uploads\/2020\/02\/logo120.png\",\"contentUrl\":\"https:\/\/jornalfatosenoticias.com.br\/wp-content\/uploads\/2020\/02\/logo120.png\",\"width\":1227,\"height\":120,\"caption\":\"Jornal Fatos e Not\u00edcias\"},\"image\":{\"@id\":\"https:\/\/jornalfatosenoticias.com.br\/#\/schema\/logo\/image\/\"}},{\"@type\":\"Person\",\"@id\":\"https:\/\/jornalfatosenoticias.com.br\/#\/schema\/person\/d63837fa13ac8666eb9e74e0985d6f81\",\"name\":\"Luzimara Fernandes\",\"image\":{\"@type\":\"ImageObject\",\"inLanguage\":\"pt-BR\",\"@id\":\"https:\/\/jornalfatosenoticias.com.br\/#\/schema\/person\/image\/\",\"url\":\"https:\/\/jornalfatosenoticias.com.br\/wp-content\/uploads\/2025\/05\/EU_portal.jpg\",\"contentUrl\":\"https:\/\/jornalfatosenoticias.com.br\/wp-content\/uploads\/2025\/05\/EU_portal.jpg\",\"caption\":\"Luzimara Fernandes\"},\"description\":\"Jornalista MTB 2358-ES\",\"sameAs\":[\"https:\/\/jornalfatosenoticias.com.br\"],\"url\":\"https:\/\/jornalfatosenoticias.com.br\/index.php\/author\/luzimara\/\"}]}<\/script>\n<!-- \/ Yoast SEO plugin. -->","yoast_head_json":{"title":"Tend\u00eancia a intoler\u00e2ncia \u00e0 lactose atinge 51% dos brasileiros, aponta estudo - Jornal Fatos e Not\u00edcias","robots":{"index":"index","follow":"follow","max-snippet":"max-snippet:-1","max-image-preview":"max-image-preview:large","max-video-preview":"max-video-preview:-1"},"canonical":"https:\/\/jornalfatosenoticias.com.br\/index.php\/2023\/05\/12\/tendencia-a-intolerancia-a-lactose-atinge-51-dos-brasileiros-aponta-estudo\/","og_locale":"pt_BR","og_type":"article","og_title":"Tend\u00eancia a intoler\u00e2ncia \u00e0 lactose atinge 51% dos brasileiros, aponta estudo - Jornal Fatos e Not\u00edcias","og_description":"Queijos, leite e bolos s\u00e3o um problema para quem tem intoler\u00e2ncia \u00e0 lactose. Contudo, a condi\u00e7\u00e3o \u00e9 mais comum do que se imagina, \u00e9 o que diz um estudo publicado pelo laborat\u00f3rio Genera. De acordo com a pesquisa \u201cO perfil do DNA do brasileiro na sa\u00fade e bem-estar\u201d, cerca de 51% dos brasileiros t\u00eam tend\u00eancia [&hellip;]","og_url":"https:\/\/jornalfatosenoticias.com.br\/index.php\/2023\/05\/12\/tendencia-a-intolerancia-a-lactose-atinge-51-dos-brasileiros-aponta-estudo\/","og_site_name":"Jornal Fatos e Not\u00edcias","article_published_time":"2023-05-12T13:06:38+00:00","article_modified_time":"2023-05-12T13:06:39+00:00","og_image":[{"width":1000,"height":540,"url":"https:\/\/jornalfatosenoticias.com.br\/wp-content\/uploads\/2023\/05\/intolerancia-a-lactose.jpg","type":"image\/jpeg"}],"author":"Luzimara Fernandes","twitter_card":"summary_large_image","twitter_misc":{"Escrito por":"Luzimara Fernandes","Est. tempo de leitura":"3 minutos"},"schema":{"@context":"https:\/\/schema.org","@graph":[{"@type":"Article","@id":"https:\/\/jornalfatosenoticias.com.br\/index.php\/2023\/05\/12\/tendencia-a-intolerancia-a-lactose-atinge-51-dos-brasileiros-aponta-estudo\/#article","isPartOf":{"@id":"https:\/\/jornalfatosenoticias.com.br\/index.php\/2023\/05\/12\/tendencia-a-intolerancia-a-lactose-atinge-51-dos-brasileiros-aponta-estudo\/"},"author":{"name":"Luzimara Fernandes","@id":"https:\/\/jornalfatosenoticias.com.br\/#\/schema\/person\/d63837fa13ac8666eb9e74e0985d6f81"},"headline":"Tend\u00eancia a intoler\u00e2ncia \u00e0 lactose atinge 51% dos brasileiros, aponta estudo","datePublished":"2023-05-12T13:06:38+00:00","dateModified":"2023-05-12T13:06:39+00:00","mainEntityOfPage":{"@id":"https:\/\/jornalfatosenoticias.com.br\/index.php\/2023\/05\/12\/tendencia-a-intolerancia-a-lactose-atinge-51-dos-brasileiros-aponta-estudo\/"},"wordCount":550,"commentCount":0,"publisher":{"@id":"https:\/\/jornalfatosenoticias.com.br\/#organization"},"image":{"@id":"https:\/\/jornalfatosenoticias.com.br\/index.php\/2023\/05\/12\/tendencia-a-intolerancia-a-lactose-atinge-51-dos-brasileiros-aponta-estudo\/#primaryimage"},"thumbnailUrl":"https:\/\/jornalfatosenoticias.com.br\/wp-content\/uploads\/2023\/05\/intolerancia-a-lactose.jpg","keywords":["alimenta\u00e7\u00e3o","alimentos sem lactose","bem-estar","intoler\u00e2ncia","intoler\u00e2ncia \u00e0 lactose","o que \u00e9 lactose","sa\u00fade"],"articleSection":["Sa\u00fade"],"inLanguage":"pt-BR","potentialAction":[{"@type":"CommentAction","name":"Comment","target":["https:\/\/jornalfatosenoticias.com.br\/index.php\/2023\/05\/12\/tendencia-a-intolerancia-a-lactose-atinge-51-dos-brasileiros-aponta-estudo\/#respond"]}]},{"@type":"WebPage","@id":"https:\/\/jornalfatosenoticias.com.br\/index.php\/2023\/05\/12\/tendencia-a-intolerancia-a-lactose-atinge-51-dos-brasileiros-aponta-estudo\/","url":"https:\/\/jornalfatosenoticias.com.br\/index.php\/2023\/05\/12\/tendencia-a-intolerancia-a-lactose-atinge-51-dos-brasileiros-aponta-estudo\/","name":"Tend\u00eancia a intoler\u00e2ncia \u00e0 lactose atinge 51% dos brasileiros, aponta estudo - Jornal Fatos e Not\u00edcias","isPartOf":{"@id":"https:\/\/jornalfatosenoticias.com.br\/#website"},"primaryImageOfPage":{"@id":"https:\/\/jornalfatosenoticias.com.br\/index.php\/2023\/05\/12\/tendencia-a-intolerancia-a-lactose-atinge-51-dos-brasileiros-aponta-estudo\/#primaryimage"},"image":{"@id":"https:\/\/jornalfatosenoticias.com.br\/index.php\/2023\/05\/12\/tendencia-a-intolerancia-a-lactose-atinge-51-dos-brasileiros-aponta-estudo\/#primaryimage"},"thumbnailUrl":"https:\/\/jornalfatosenoticias.com.br\/wp-content\/uploads\/2023\/05\/intolerancia-a-lactose.jpg","datePublished":"2023-05-12T13:06:38+00:00","dateModified":"2023-05-12T13:06:39+00:00","breadcrumb":{"@id":"https:\/\/jornalfatosenoticias.com.br\/index.php\/2023\/05\/12\/tendencia-a-intolerancia-a-lactose-atinge-51-dos-brasileiros-aponta-estudo\/#breadcrumb"},"inLanguage":"pt-BR","potentialAction":[{"@type":"ReadAction","target":["https:\/\/jornalfatosenoticias.com.br\/index.php\/2023\/05\/12\/tendencia-a-intolerancia-a-lactose-atinge-51-dos-brasileiros-aponta-estudo\/"]}]},{"@type":"ImageObject","inLanguage":"pt-BR","@id":"https:\/\/jornalfatosenoticias.com.br\/index.php\/2023\/05\/12\/tendencia-a-intolerancia-a-lactose-atinge-51-dos-brasileiros-aponta-estudo\/#primaryimage","url":"https:\/\/jornalfatosenoticias.com.br\/wp-content\/uploads\/2023\/05\/intolerancia-a-lactose.jpg","contentUrl":"https:\/\/jornalfatosenoticias.com.br\/wp-content\/uploads\/2023\/05\/intolerancia-a-lactose.jpg","width":1000,"height":540,"caption":"Allergy dairy intolerant,Lactose intolerance concept,Asian woman having a stomach pain with a glass of milk"},{"@type":"BreadcrumbList","@id":"https:\/\/jornalfatosenoticias.com.br\/index.php\/2023\/05\/12\/tendencia-a-intolerancia-a-lactose-atinge-51-dos-brasileiros-aponta-estudo\/#breadcrumb","itemListElement":[{"@type":"ListItem","position":1,"name":"In\u00edcio","item":"https:\/\/jornalfatosenoticias.com.br\/"},{"@type":"ListItem","position":2,"name":"Tend\u00eancia a intoler\u00e2ncia \u00e0 lactose atinge 51% dos brasileiros, aponta estudo"}]},{"@type":"WebSite","@id":"https:\/\/jornalfatosenoticias.com.br\/#website","url":"https:\/\/jornalfatosenoticias.com.br\/","name":"Jornal Fatos e Not\u00edcias","description":"Not\u00edcias em geral","publisher":{"@id":"https:\/\/jornalfatosenoticias.com.br\/#organization"},"potentialAction":[{"@type":"SearchAction","target":{"@type":"EntryPoint","urlTemplate":"https:\/\/jornalfatosenoticias.com.br\/?s={search_term_string}"},"query-input":{"@type":"PropertyValueSpecification","valueRequired":true,"valueName":"search_term_string"}}],"inLanguage":"pt-BR"},{"@type":"Organization","@id":"https:\/\/jornalfatosenoticias.com.br\/#organization","name":"Jornal Fatos e Not\u00edcias","url":"https:\/\/jornalfatosenoticias.com.br\/","logo":{"@type":"ImageObject","inLanguage":"pt-BR","@id":"https:\/\/jornalfatosenoticias.com.br\/#\/schema\/logo\/image\/","url":"https:\/\/jornalfatosenoticias.com.br\/wp-content\/uploads\/2020\/02\/logo120.png","contentUrl":"https:\/\/jornalfatosenoticias.com.br\/wp-content\/uploads\/2020\/02\/logo120.png","width":1227,"height":120,"caption":"Jornal Fatos e Not\u00edcias"},"image":{"@id":"https:\/\/jornalfatosenoticias.com.br\/#\/schema\/logo\/image\/"}},{"@type":"Person","@id":"https:\/\/jornalfatosenoticias.com.br\/#\/schema\/person\/d63837fa13ac8666eb9e74e0985d6f81","name":"Luzimara Fernandes","image":{"@type":"ImageObject","inLanguage":"pt-BR","@id":"https:\/\/jornalfatosenoticias.com.br\/#\/schema\/person\/image\/","url":"https:\/\/jornalfatosenoticias.com.br\/wp-content\/uploads\/2025\/05\/EU_portal.jpg","contentUrl":"https:\/\/jornalfatosenoticias.com.br\/wp-content\/uploads\/2025\/05\/EU_portal.jpg","caption":"Luzimara Fernandes"},"description":"Jornalista MTB 2358-ES","sameAs":["https:\/\/jornalfatosenoticias.com.br"],"url":"https:\/\/jornalfatosenoticias.com.br\/index.php\/author\/luzimara\/"}]}},"cc_featured_image_caption":{"caption_text":"(Foto: Freepik) ","source_text":"","source_url":""},"jetpack_featured_media_url":"https:\/\/jornalfatosenoticias.com.br\/wp-content\/uploads\/2023\/05\/intolerancia-a-lactose.jpg","_links":{"self":[{"href":"https:\/\/jornalfatosenoticias.com.br\/index.php\/wp-json\/wp\/v2\/posts\/41382","targetHints":{"allow":["GET"]}}],"collection":[{"href":"https:\/\/jornalfatosenoticias.com.br\/index.php\/wp-json\/wp\/v2\/posts"}],"about":[{"href":"https:\/\/jornalfatosenoticias.com.br\/index.php\/wp-json\/wp\/v2\/types\/post"}],"author":[{"embeddable":true,"href":"https:\/\/jornalfatosenoticias.com.br\/index.php\/wp-json\/wp\/v2\/users\/2"}],"replies":[{"embeddable":true,"href":"https:\/\/jornalfatosenoticias.com.br\/index.php\/wp-json\/wp\/v2\/comments?post=41382"}],"version-history":[{"count":0,"href":"https:\/\/jornalfatosenoticias.com.br\/index.php\/wp-json\/wp\/v2\/posts\/41382\/revisions"}],"wp:featuredmedia":[{"embeddable":true,"href":"https:\/\/jornalfatosenoticias.com.br\/index.php\/wp-json\/wp\/v2\/media\/41384"}],"wp:attachment":[{"href":"https:\/\/jornalfatosenoticias.com.br\/index.php\/wp-json\/wp\/v2\/media?parent=41382"}],"wp:term":[{"taxonomy":"category","embeddable":true,"href":"https:\/\/jornalfatosenoticias.com.br\/index.php\/wp-json\/wp\/v2\/categories?post=41382"},{"taxonomy":"post_tag","embeddable":true,"href":"https:\/\/jornalfatosenoticias.com.br\/index.php\/wp-json\/wp\/v2\/tags?post=41382"}],"curies":[{"name":"wp","href":"https:\/\/api.w.org\/{rel}","templated":true}]}}