{"id":41447,"date":"2023-05-16T09:18:34","date_gmt":"2023-05-16T12:18:34","guid":{"rendered":"https:\/\/jornalfatosenoticias.com.br\/?p=41447"},"modified":"2023-05-16T09:18:37","modified_gmt":"2023-05-16T12:18:37","slug":"estadao-acusa-lula-de-usar-o-mst-para-se-vingar-e-sugere-que-petista-enganou-o-pais-com-discurso-de-frente-ampla","status":"publish","type":"post","link":"https:\/\/jornalfatosenoticias.com.br\/index.php\/2023\/05\/16\/estadao-acusa-lula-de-usar-o-mst-para-se-vingar-e-sugere-que-petista-enganou-o-pais-com-discurso-de-frente-ampla\/","title":{"rendered":"Estad\u00e3o acusa Lula de usar o MST para se vingar e sugere que petista enganou o Pa\u00eds com discurso de frente ampla"},"content":{"rendered":"\n<p><span class=\"has-inline-color has-black-color\"><em>Ajuntamento tem o endosso do governo &#8216;para seus modos truculentos de fazer reivindica\u00e7\u00f5es pol\u00edticas afrontosas \u00e0 Constitui\u00e7\u00e3o&#8217;<\/em><\/span><\/p>\n\n\n\n<p><span class=\"has-inline-color has-black-color\">Por <strong>Cristyan Costa<\/strong><\/span><\/p>\n\n\n\n<div class=\"wp-block-image\"><figure class=\"aligncenter size-large is-resized\"><img loading=\"lazy\" decoding=\"async\" src=\"https:\/\/jornalfatosenoticias.com.br\/wp-content\/uploads\/2022\/02\/FERRARI_MAQUINAS-E-FERRAMENTAS2.jpg\" alt=\"\" class=\"wp-image-27860\" width=\"269\" height=\"224\"\/><\/figure><\/div>\n\n\n\n<p>Editorial publicado pelo jornal <em>O Estado de S. Paulo,<\/em> nesta ter\u00e7a-feira (16), acusa Lula de usar o Movimento dos Trabalhadores Rurais Sem Terra (MST) como instrumento de vingan\u00e7a \u201ccontra um Brasil que n\u00e3o se deixa enrolar por sua l\u00e1bia\u201d.<br>O jornal criticou a <em>IV Feira Nacional da Reforma Agr\u00e1ria,<\/em> realizada na cidade de S\u00e3o Paulo entre 11 e 14 de maio, que teve o apoio expl\u00edcito do Poder Executivo.<\/p>\n\n\n\n<div class=\"wp-block-image\"><figure class=\"aligncenter size-large\"><img loading=\"lazy\" decoding=\"async\" width=\"300\" height=\"250\" src=\"https:\/\/jornalfatosenoticias.com.br\/wp-content\/uploads\/2022\/02\/Banner-2.png\" alt=\"\" class=\"wp-image-27877\"\/><\/figure><\/div>\n\n\n\n<blockquote class=\"wp-block-quote is-layout-flow wp-block-quote-is-layout-flow\"><p><span class=\"has-inline-color has-luminous-vivid-orange-color\">Foi um ato pol\u00edtico de arrepiar os cabelos de todos os que se preocupam com o respeito \u00e0 ordem jur\u00eddica, em particular ao direito de propriedade, e acreditam que sem paz social, no campo ou na cidade, n\u00e3o haver\u00e1 a mais t\u00eanue chance de o Brasil ser um lugar atrativo para novos investimentos e trilhar o caminho do desenvolvimento sustent\u00e1vel\u201d, constata o Estad\u00e3o.<br>Conforme o jornal, a presen\u00e7a de integrantes do primeiro escal\u00e3o do governo no evento deixa claro que Lula quer usar o MST \u201ccomo instrumento de vendeta\u201d.<\/span><\/p><\/blockquote>\n\n\n\n<div class=\"wp-block-image\"><figure class=\"aligncenter size-large\"><img loading=\"lazy\" decoding=\"async\" width=\"1024\" height=\"99\" src=\"https:\/\/jornalfatosenoticias.com.br\/wp-content\/uploads\/2020\/02\/Logo-Mizu-segunda-2-1024x99.png\" alt=\"\" class=\"wp-image-2353\" srcset=\"https:\/\/jornalfatosenoticias.com.br\/wp-content\/uploads\/2020\/02\/Logo-Mizu-segunda-2-1024x99.png 1024w, https:\/\/jornalfatosenoticias.com.br\/wp-content\/uploads\/2020\/02\/Logo-Mizu-segunda-2-300x29.png 300w, https:\/\/jornalfatosenoticias.com.br\/wp-content\/uploads\/2020\/02\/Logo-Mizu-segunda-2-768x74.png 768w, https:\/\/jornalfatosenoticias.com.br\/wp-content\/uploads\/2020\/02\/Logo-Mizu-segunda-2.png 1240w\" sizes=\"auto, (max-width: 1024px) 100vw, 1024px\" \/><\/figure><\/div>\n\n\n\n<p>\u201cAl\u00e9m da liga\u00e7\u00e3o at\u00e1vica entre PT e MST, a chancela de Lula \u00e0s pr\u00e1ticas do grupo j\u00e1 havia ficado evidente quando o mesmo fez quest\u00e3o de levar a tiracolo o chef\u00e3o do MST, o not\u00f3rio Jo\u00e3o Pedro St\u00e9dile, em sua comitiva durante viagem \u00e0 China\u201d, lembra o jornal.<\/p>\n\n\n\n<div class=\"wp-block-image\"><figure class=\"aligncenter size-large is-resized\"><img loading=\"lazy\" decoding=\"async\" src=\"https:\/\/jornalfatosenoticias.com.br\/wp-content\/uploads\/2020\/02\/casa-do-torresmo_portal.jpg\" alt=\"\" class=\"wp-image-34472\" width=\"259\" height=\"259\" srcset=\"https:\/\/jornalfatosenoticias.com.br\/wp-content\/uploads\/2020\/02\/casa-do-torresmo_portal.jpg 300w, https:\/\/jornalfatosenoticias.com.br\/wp-content\/uploads\/2020\/02\/casa-do-torresmo_portal-150x150.jpg 150w\" sizes=\"auto, (max-width: 259px) 100vw, 259px\" \/><\/figure><\/div>\n\n\n\n<blockquote class=\"wp-block-quote is-layout-flow wp-block-quote-is-layout-flow\"><p><span class=\"has-inline-color has-luminous-vivid-orange-color\">N\u00e3o satisfeito com a mera presen\u00e7a de St\u00e9dile no s\u00e9quito, Lula fez quest\u00e3o de que o arruaceiro figurasse na foto oficial do encontro de c\u00fapula entre ele e o presidente chin\u00eas, Xi Jinping\u201d.<\/span><\/p><\/blockquote>\n\n\n\n<div class=\"wp-block-image\"><figure class=\"aligncenter size-large is-resized\"><img loading=\"lazy\" decoding=\"async\" src=\"https:\/\/jornalfatosenoticias.com.br\/wp-content\/uploads\/2022\/07\/Logo-Grupo-SEI.jpg\" alt=\"\" class=\"wp-image-31973\" width=\"315\" height=\"165\" srcset=\"https:\/\/jornalfatosenoticias.com.br\/wp-content\/uploads\/2022\/07\/Logo-Grupo-SEI.jpg 713w, https:\/\/jornalfatosenoticias.com.br\/wp-content\/uploads\/2022\/07\/Logo-Grupo-SEI-300x158.jpg 300w\" sizes=\"auto, (max-width: 315px) 100vw, 315px\" \/><\/figure><\/div>\n\n\n\n<p><strong><span class=\"has-inline-color has-vivid-red-color\">Lula, MST e frente ampla<br><\/span><\/strong>Em outro trecho do editorial, o <em>Estad\u00e3o <\/em>diz que, \u00e0 medida que o tempo passa, \u201cLula parece cada vez mais empenhado em deixar claro para o pa\u00eds que aquele l\u00edder de uma formid\u00e1vel \u2018frente ampla em defesa da democracia\u2019 n\u00e3o passou de uma personagem que ele inventou para posar de pacificador de uma sociedade profundamente dividida\u201d.<\/p>\n\n\n\n<div class=\"wp-block-image\"><figure class=\"aligncenter size-large is-resized\"><img loading=\"lazy\" decoding=\"async\" src=\"https:\/\/jornalfatosenoticias.com.br\/wp-content\/uploads\/2022\/10\/RC_800x750_page-0001.jpg\" alt=\"\" class=\"wp-image-35338\" width=\"269\" height=\"252\" srcset=\"https:\/\/jornalfatosenoticias.com.br\/wp-content\/uploads\/2022\/10\/RC_800x750_page-0001.jpg 400w, https:\/\/jornalfatosenoticias.com.br\/wp-content\/uploads\/2022\/10\/RC_800x750_page-0001-300x281.jpg 300w\" sizes=\"auto, (max-width: 269px) 100vw, 269px\" \/><\/figure><\/div>\n\n\n\n<blockquote class=\"wp-block-quote is-layout-flow wp-block-quote-is-layout-flow\"><p><span class=\"has-inline-color has-luminous-vivid-orange-color\">Como presidente, Lula se mostrou incapaz, at\u00e9 agora, de assumir suas responsabilidades como chefe de Estado e de governo, al\u00e9m de aumentar a aposta na radicaliza\u00e7\u00e3o em muitas frentes, apenas com o sinal invertido em rela\u00e7\u00e3o ao seu antecessor, como forma de manter a coes\u00e3o de seus apoiadores\u201d, afirma o jornal.<\/span><\/p><\/blockquote>\n\n\n\n<div class=\"wp-block-image\"><figure class=\"aligncenter size-large is-resized\"><img loading=\"lazy\" decoding=\"async\" src=\"https:\/\/jornalfatosenoticias.com.br\/wp-content\/uploads\/2023\/03\/nova-logo-Marquetti.jpg\" alt=\"\" class=\"wp-image-40207\" width=\"288\" height=\"193\" srcset=\"https:\/\/jornalfatosenoticias.com.br\/wp-content\/uploads\/2023\/03\/nova-logo-Marquetti.jpg 643w, https:\/\/jornalfatosenoticias.com.br\/wp-content\/uploads\/2023\/03\/nova-logo-Marquetti-300x202.jpg 300w\" sizes=\"auto, (max-width: 288px) 100vw, 288px\" \/><\/figure><\/div>\n\n\n\n<p><strong><em>Fonte: <a href=\"https:\/\/revistaoeste.com\/politica\/estadao-acusa-lula-de-usar-o-mst-para-se-vingar-e-sugere-que-petista-enganou-o-pais-com-discurso-de-frente-ampla\/\">Revista Oeste<\/a><\/em><\/strong><\/p>\n","protected":false},"excerpt":{"rendered":"<p>Ajuntamento tem o endosso do governo &#8216;para seus modos truculentos de fazer reivindica\u00e7\u00f5es pol\u00edticas afrontosas \u00e0 Constitui\u00e7\u00e3o&#8217; Por Cristyan Costa Editorial publicado pelo jornal O Estado de S. Paulo, nesta ter\u00e7a-feira (16), acusa Lula de usar o Movimento dos Trabalhadores Rurais Sem Terra (MST) como instrumento de vingan\u00e7a \u201ccontra um Brasil que n\u00e3o se deixa [&hellip;]<\/p>\n","protected":false},"author":2,"featured_media":41448,"comment_status":"open","ping_status":"open","sticky":false,"template":"","format":"standard","meta":{"footnotes":""},"categories":[10],"tags":[19478,18157,16744,13870,7580,17936],"class_list":["post-41447","post","type-post","status-publish","format-standard","has-post-thumbnail","hentry","category-politica","tag-arruaceiros","tag-desgoverno-lula","tag-farra-com-o-dinheiro-publico","tag-luiz-inacio-lula-da-silva","tag-lula","tag-mst"],"yoast_head":"<!-- This site is optimized with the Yoast SEO plugin v26.5 - https:\/\/yoast.com\/wordpress\/plugins\/seo\/ -->\n<title>Estad\u00e3o acusa Lula de usar o MST para se vingar e sugere que petista enganou o Pa\u00eds com discurso de frente ampla - Jornal Fatos e Not\u00edcias<\/title>\n<meta name=\"robots\" content=\"index, follow, max-snippet:-1, max-image-preview:large, max-video-preview:-1\" \/>\n<link rel=\"canonical\" href=\"https:\/\/jornalfatosenoticias.com.br\/index.php\/2023\/05\/16\/estadao-acusa-lula-de-usar-o-mst-para-se-vingar-e-sugere-que-petista-enganou-o-pais-com-discurso-de-frente-ampla\/\" \/>\n<meta property=\"og:locale\" content=\"pt_BR\" \/>\n<meta property=\"og:type\" content=\"article\" \/>\n<meta property=\"og:title\" content=\"Estad\u00e3o acusa Lula de usar o MST para se vingar e sugere que petista enganou o Pa\u00eds com discurso de frente ampla - Jornal Fatos e Not\u00edcias\" \/>\n<meta property=\"og:description\" content=\"Ajuntamento tem o endosso do governo &#8216;para seus modos truculentos de fazer reivindica\u00e7\u00f5es pol\u00edticas afrontosas \u00e0 Constitui\u00e7\u00e3o&#8217; Por Cristyan Costa Editorial publicado pelo jornal O Estado de S. Paulo, nesta ter\u00e7a-feira (16), acusa Lula de usar o Movimento dos Trabalhadores Rurais Sem Terra (MST) como instrumento de vingan\u00e7a \u201ccontra um Brasil que n\u00e3o se deixa [&hellip;]\" \/>\n<meta property=\"og:url\" content=\"https:\/\/jornalfatosenoticias.com.br\/index.php\/2023\/05\/16\/estadao-acusa-lula-de-usar-o-mst-para-se-vingar-e-sugere-que-petista-enganou-o-pais-com-discurso-de-frente-ampla\/\" \/>\n<meta property=\"og:site_name\" content=\"Jornal Fatos e Not\u00edcias\" \/>\n<meta property=\"article:published_time\" content=\"2023-05-16T12:18:34+00:00\" \/>\n<meta property=\"article:modified_time\" content=\"2023-05-16T12:18:37+00:00\" \/>\n<meta property=\"og:image\" content=\"https:\/\/jornalfatosenoticias.com.br\/wp-content\/uploads\/2023\/05\/lula-molusco.jpg\" \/>\n\t<meta property=\"og:image:width\" content=\"860\" \/>\n\t<meta property=\"og:image:height\" content=\"572\" \/>\n\t<meta property=\"og:image:type\" content=\"image\/jpeg\" \/>\n<meta name=\"author\" content=\"Luzimara Fernandes\" \/>\n<meta name=\"twitter:card\" content=\"summary_large_image\" \/>\n<meta name=\"twitter:label1\" content=\"Escrito por\" \/>\n\t<meta name=\"twitter:data1\" content=\"Luzimara Fernandes\" \/>\n\t<meta name=\"twitter:label2\" content=\"Est. tempo de leitura\" \/>\n\t<meta name=\"twitter:data2\" content=\"2 minutos\" \/>\n<script type=\"application\/ld+json\" class=\"yoast-schema-graph\">{\"@context\":\"https:\/\/schema.org\",\"@graph\":[{\"@type\":\"Article\",\"@id\":\"https:\/\/jornalfatosenoticias.com.br\/index.php\/2023\/05\/16\/estadao-acusa-lula-de-usar-o-mst-para-se-vingar-e-sugere-que-petista-enganou-o-pais-com-discurso-de-frente-ampla\/#article\",\"isPartOf\":{\"@id\":\"https:\/\/jornalfatosenoticias.com.br\/index.php\/2023\/05\/16\/estadao-acusa-lula-de-usar-o-mst-para-se-vingar-e-sugere-que-petista-enganou-o-pais-com-discurso-de-frente-ampla\/\"},\"author\":{\"name\":\"Luzimara Fernandes\",\"@id\":\"https:\/\/jornalfatosenoticias.com.br\/#\/schema\/person\/d63837fa13ac8666eb9e74e0985d6f81\"},\"headline\":\"Estad\u00e3o acusa Lula de usar o MST para se vingar e sugere que petista enganou o Pa\u00eds com discurso de frente ampla\",\"datePublished\":\"2023-05-16T12:18:34+00:00\",\"dateModified\":\"2023-05-16T12:18:37+00:00\",\"mainEntityOfPage\":{\"@id\":\"https:\/\/jornalfatosenoticias.com.br\/index.php\/2023\/05\/16\/estadao-acusa-lula-de-usar-o-mst-para-se-vingar-e-sugere-que-petista-enganou-o-pais-com-discurso-de-frente-ampla\/\"},\"wordCount\":434,\"commentCount\":0,\"publisher\":{\"@id\":\"https:\/\/jornalfatosenoticias.com.br\/#organization\"},\"image\":{\"@id\":\"https:\/\/jornalfatosenoticias.com.br\/index.php\/2023\/05\/16\/estadao-acusa-lula-de-usar-o-mst-para-se-vingar-e-sugere-que-petista-enganou-o-pais-com-discurso-de-frente-ampla\/#primaryimage\"},\"thumbnailUrl\":\"https:\/\/jornalfatosenoticias.com.br\/wp-content\/uploads\/2023\/05\/lula-molusco.jpg\",\"keywords\":[\"arruaceiros\",\"desgoverno Lula\",\"farra com o dinheiro p\u00fablico\",\"Luiz In\u00e1cio Lula da Silva\",\"Lula\",\"MST\"],\"articleSection\":[\"Pol\u00edtica\"],\"inLanguage\":\"pt-BR\",\"potentialAction\":[{\"@type\":\"CommentAction\",\"name\":\"Comment\",\"target\":[\"https:\/\/jornalfatosenoticias.com.br\/index.php\/2023\/05\/16\/estadao-acusa-lula-de-usar-o-mst-para-se-vingar-e-sugere-que-petista-enganou-o-pais-com-discurso-de-frente-ampla\/#respond\"]}]},{\"@type\":\"WebPage\",\"@id\":\"https:\/\/jornalfatosenoticias.com.br\/index.php\/2023\/05\/16\/estadao-acusa-lula-de-usar-o-mst-para-se-vingar-e-sugere-que-petista-enganou-o-pais-com-discurso-de-frente-ampla\/\",\"url\":\"https:\/\/jornalfatosenoticias.com.br\/index.php\/2023\/05\/16\/estadao-acusa-lula-de-usar-o-mst-para-se-vingar-e-sugere-que-petista-enganou-o-pais-com-discurso-de-frente-ampla\/\",\"name\":\"Estad\u00e3o acusa Lula de usar o MST para se vingar e sugere que petista enganou o Pa\u00eds com discurso de frente ampla - Jornal Fatos e Not\u00edcias\",\"isPartOf\":{\"@id\":\"https:\/\/jornalfatosenoticias.com.br\/#website\"},\"primaryImageOfPage\":{\"@id\":\"https:\/\/jornalfatosenoticias.com.br\/index.php\/2023\/05\/16\/estadao-acusa-lula-de-usar-o-mst-para-se-vingar-e-sugere-que-petista-enganou-o-pais-com-discurso-de-frente-ampla\/#primaryimage\"},\"image\":{\"@id\":\"https:\/\/jornalfatosenoticias.com.br\/index.php\/2023\/05\/16\/estadao-acusa-lula-de-usar-o-mst-para-se-vingar-e-sugere-que-petista-enganou-o-pais-com-discurso-de-frente-ampla\/#primaryimage\"},\"thumbnailUrl\":\"https:\/\/jornalfatosenoticias.com.br\/wp-content\/uploads\/2023\/05\/lula-molusco.jpg\",\"datePublished\":\"2023-05-16T12:18:34+00:00\",\"dateModified\":\"2023-05-16T12:18:37+00:00\",\"breadcrumb\":{\"@id\":\"https:\/\/jornalfatosenoticias.com.br\/index.php\/2023\/05\/16\/estadao-acusa-lula-de-usar-o-mst-para-se-vingar-e-sugere-que-petista-enganou-o-pais-com-discurso-de-frente-ampla\/#breadcrumb\"},\"inLanguage\":\"pt-BR\",\"potentialAction\":[{\"@type\":\"ReadAction\",\"target\":[\"https:\/\/jornalfatosenoticias.com.br\/index.php\/2023\/05\/16\/estadao-acusa-lula-de-usar-o-mst-para-se-vingar-e-sugere-que-petista-enganou-o-pais-com-discurso-de-frente-ampla\/\"]}]},{\"@type\":\"ImageObject\",\"inLanguage\":\"pt-BR\",\"@id\":\"https:\/\/jornalfatosenoticias.com.br\/index.php\/2023\/05\/16\/estadao-acusa-lula-de-usar-o-mst-para-se-vingar-e-sugere-que-petista-enganou-o-pais-com-discurso-de-frente-ampla\/#primaryimage\",\"url\":\"https:\/\/jornalfatosenoticias.com.br\/wp-content\/uploads\/2023\/05\/lula-molusco.jpg\",\"contentUrl\":\"https:\/\/jornalfatosenoticias.com.br\/wp-content\/uploads\/2023\/05\/lula-molusco.jpg\",\"width\":860,\"height\":572},{\"@type\":\"BreadcrumbList\",\"@id\":\"https:\/\/jornalfatosenoticias.com.br\/index.php\/2023\/05\/16\/estadao-acusa-lula-de-usar-o-mst-para-se-vingar-e-sugere-que-petista-enganou-o-pais-com-discurso-de-frente-ampla\/#breadcrumb\",\"itemListElement\":[{\"@type\":\"ListItem\",\"position\":1,\"name\":\"In\u00edcio\",\"item\":\"https:\/\/jornalfatosenoticias.com.br\/\"},{\"@type\":\"ListItem\",\"position\":2,\"name\":\"Estad\u00e3o acusa Lula de usar o MST para se vingar e sugere que petista enganou o Pa\u00eds com discurso de frente ampla\"}]},{\"@type\":\"WebSite\",\"@id\":\"https:\/\/jornalfatosenoticias.com.br\/#website\",\"url\":\"https:\/\/jornalfatosenoticias.com.br\/\",\"name\":\"Jornal Fatos e Not\u00edcias\",\"description\":\"Not\u00edcias em geral\",\"publisher\":{\"@id\":\"https:\/\/jornalfatosenoticias.com.br\/#organization\"},\"potentialAction\":[{\"@type\":\"SearchAction\",\"target\":{\"@type\":\"EntryPoint\",\"urlTemplate\":\"https:\/\/jornalfatosenoticias.com.br\/?s={search_term_string}\"},\"query-input\":{\"@type\":\"PropertyValueSpecification\",\"valueRequired\":true,\"valueName\":\"search_term_string\"}}],\"inLanguage\":\"pt-BR\"},{\"@type\":\"Organization\",\"@id\":\"https:\/\/jornalfatosenoticias.com.br\/#organization\",\"name\":\"Jornal Fatos e Not\u00edcias\",\"url\":\"https:\/\/jornalfatosenoticias.com.br\/\",\"logo\":{\"@type\":\"ImageObject\",\"inLanguage\":\"pt-BR\",\"@id\":\"https:\/\/jornalfatosenoticias.com.br\/#\/schema\/logo\/image\/\",\"url\":\"https:\/\/jornalfatosenoticias.com.br\/wp-content\/uploads\/2020\/02\/logo120.png\",\"contentUrl\":\"https:\/\/jornalfatosenoticias.com.br\/wp-content\/uploads\/2020\/02\/logo120.png\",\"width\":1227,\"height\":120,\"caption\":\"Jornal Fatos e Not\u00edcias\"},\"image\":{\"@id\":\"https:\/\/jornalfatosenoticias.com.br\/#\/schema\/logo\/image\/\"}},{\"@type\":\"Person\",\"@id\":\"https:\/\/jornalfatosenoticias.com.br\/#\/schema\/person\/d63837fa13ac8666eb9e74e0985d6f81\",\"name\":\"Luzimara Fernandes\",\"image\":{\"@type\":\"ImageObject\",\"inLanguage\":\"pt-BR\",\"@id\":\"https:\/\/jornalfatosenoticias.com.br\/#\/schema\/person\/image\/\",\"url\":\"https:\/\/jornalfatosenoticias.com.br\/wp-content\/uploads\/2025\/05\/EU_portal.jpg\",\"contentUrl\":\"https:\/\/jornalfatosenoticias.com.br\/wp-content\/uploads\/2025\/05\/EU_portal.jpg\",\"caption\":\"Luzimara Fernandes\"},\"description\":\"Jornalista MTB 2358-ES\",\"sameAs\":[\"https:\/\/jornalfatosenoticias.com.br\"],\"url\":\"https:\/\/jornalfatosenoticias.com.br\/index.php\/author\/luzimara\/\"}]}<\/script>\n<!-- \/ Yoast SEO plugin. -->","yoast_head_json":{"title":"Estad\u00e3o acusa Lula de usar o MST para se vingar e sugere que petista enganou o Pa\u00eds com discurso de frente ampla - Jornal Fatos e Not\u00edcias","robots":{"index":"index","follow":"follow","max-snippet":"max-snippet:-1","max-image-preview":"max-image-preview:large","max-video-preview":"max-video-preview:-1"},"canonical":"https:\/\/jornalfatosenoticias.com.br\/index.php\/2023\/05\/16\/estadao-acusa-lula-de-usar-o-mst-para-se-vingar-e-sugere-que-petista-enganou-o-pais-com-discurso-de-frente-ampla\/","og_locale":"pt_BR","og_type":"article","og_title":"Estad\u00e3o acusa Lula de usar o MST para se vingar e sugere que petista enganou o Pa\u00eds com discurso de frente ampla - Jornal Fatos e Not\u00edcias","og_description":"Ajuntamento tem o endosso do governo &#8216;para seus modos truculentos de fazer reivindica\u00e7\u00f5es pol\u00edticas afrontosas \u00e0 Constitui\u00e7\u00e3o&#8217; Por Cristyan Costa Editorial publicado pelo jornal O Estado de S. Paulo, nesta ter\u00e7a-feira (16), acusa Lula de usar o Movimento dos Trabalhadores Rurais Sem Terra (MST) como instrumento de vingan\u00e7a \u201ccontra um Brasil que n\u00e3o se deixa [&hellip;]","og_url":"https:\/\/jornalfatosenoticias.com.br\/index.php\/2023\/05\/16\/estadao-acusa-lula-de-usar-o-mst-para-se-vingar-e-sugere-que-petista-enganou-o-pais-com-discurso-de-frente-ampla\/","og_site_name":"Jornal Fatos e Not\u00edcias","article_published_time":"2023-05-16T12:18:34+00:00","article_modified_time":"2023-05-16T12:18:37+00:00","og_image":[{"width":860,"height":572,"url":"https:\/\/jornalfatosenoticias.com.br\/wp-content\/uploads\/2023\/05\/lula-molusco.jpg","type":"image\/jpeg"}],"author":"Luzimara Fernandes","twitter_card":"summary_large_image","twitter_misc":{"Escrito por":"Luzimara Fernandes","Est. tempo de leitura":"2 minutos"},"schema":{"@context":"https:\/\/schema.org","@graph":[{"@type":"Article","@id":"https:\/\/jornalfatosenoticias.com.br\/index.php\/2023\/05\/16\/estadao-acusa-lula-de-usar-o-mst-para-se-vingar-e-sugere-que-petista-enganou-o-pais-com-discurso-de-frente-ampla\/#article","isPartOf":{"@id":"https:\/\/jornalfatosenoticias.com.br\/index.php\/2023\/05\/16\/estadao-acusa-lula-de-usar-o-mst-para-se-vingar-e-sugere-que-petista-enganou-o-pais-com-discurso-de-frente-ampla\/"},"author":{"name":"Luzimara Fernandes","@id":"https:\/\/jornalfatosenoticias.com.br\/#\/schema\/person\/d63837fa13ac8666eb9e74e0985d6f81"},"headline":"Estad\u00e3o acusa Lula de usar o MST para se vingar e sugere que petista enganou o Pa\u00eds com discurso de frente ampla","datePublished":"2023-05-16T12:18:34+00:00","dateModified":"2023-05-16T12:18:37+00:00","mainEntityOfPage":{"@id":"https:\/\/jornalfatosenoticias.com.br\/index.php\/2023\/05\/16\/estadao-acusa-lula-de-usar-o-mst-para-se-vingar-e-sugere-que-petista-enganou-o-pais-com-discurso-de-frente-ampla\/"},"wordCount":434,"commentCount":0,"publisher":{"@id":"https:\/\/jornalfatosenoticias.com.br\/#organization"},"image":{"@id":"https:\/\/jornalfatosenoticias.com.br\/index.php\/2023\/05\/16\/estadao-acusa-lula-de-usar-o-mst-para-se-vingar-e-sugere-que-petista-enganou-o-pais-com-discurso-de-frente-ampla\/#primaryimage"},"thumbnailUrl":"https:\/\/jornalfatosenoticias.com.br\/wp-content\/uploads\/2023\/05\/lula-molusco.jpg","keywords":["arruaceiros","desgoverno Lula","farra com o dinheiro p\u00fablico","Luiz In\u00e1cio Lula da Silva","Lula","MST"],"articleSection":["Pol\u00edtica"],"inLanguage":"pt-BR","potentialAction":[{"@type":"CommentAction","name":"Comment","target":["https:\/\/jornalfatosenoticias.com.br\/index.php\/2023\/05\/16\/estadao-acusa-lula-de-usar-o-mst-para-se-vingar-e-sugere-que-petista-enganou-o-pais-com-discurso-de-frente-ampla\/#respond"]}]},{"@type":"WebPage","@id":"https:\/\/jornalfatosenoticias.com.br\/index.php\/2023\/05\/16\/estadao-acusa-lula-de-usar-o-mst-para-se-vingar-e-sugere-que-petista-enganou-o-pais-com-discurso-de-frente-ampla\/","url":"https:\/\/jornalfatosenoticias.com.br\/index.php\/2023\/05\/16\/estadao-acusa-lula-de-usar-o-mst-para-se-vingar-e-sugere-que-petista-enganou-o-pais-com-discurso-de-frente-ampla\/","name":"Estad\u00e3o acusa Lula de usar o MST para se vingar e sugere que petista enganou o Pa\u00eds com discurso de frente ampla - Jornal Fatos e Not\u00edcias","isPartOf":{"@id":"https:\/\/jornalfatosenoticias.com.br\/#website"},"primaryImageOfPage":{"@id":"https:\/\/jornalfatosenoticias.com.br\/index.php\/2023\/05\/16\/estadao-acusa-lula-de-usar-o-mst-para-se-vingar-e-sugere-que-petista-enganou-o-pais-com-discurso-de-frente-ampla\/#primaryimage"},"image":{"@id":"https:\/\/jornalfatosenoticias.com.br\/index.php\/2023\/05\/16\/estadao-acusa-lula-de-usar-o-mst-para-se-vingar-e-sugere-que-petista-enganou-o-pais-com-discurso-de-frente-ampla\/#primaryimage"},"thumbnailUrl":"https:\/\/jornalfatosenoticias.com.br\/wp-content\/uploads\/2023\/05\/lula-molusco.jpg","datePublished":"2023-05-16T12:18:34+00:00","dateModified":"2023-05-16T12:18:37+00:00","breadcrumb":{"@id":"https:\/\/jornalfatosenoticias.com.br\/index.php\/2023\/05\/16\/estadao-acusa-lula-de-usar-o-mst-para-se-vingar-e-sugere-que-petista-enganou-o-pais-com-discurso-de-frente-ampla\/#breadcrumb"},"inLanguage":"pt-BR","potentialAction":[{"@type":"ReadAction","target":["https:\/\/jornalfatosenoticias.com.br\/index.php\/2023\/05\/16\/estadao-acusa-lula-de-usar-o-mst-para-se-vingar-e-sugere-que-petista-enganou-o-pais-com-discurso-de-frente-ampla\/"]}]},{"@type":"ImageObject","inLanguage":"pt-BR","@id":"https:\/\/jornalfatosenoticias.com.br\/index.php\/2023\/05\/16\/estadao-acusa-lula-de-usar-o-mst-para-se-vingar-e-sugere-que-petista-enganou-o-pais-com-discurso-de-frente-ampla\/#primaryimage","url":"https:\/\/jornalfatosenoticias.com.br\/wp-content\/uploads\/2023\/05\/lula-molusco.jpg","contentUrl":"https:\/\/jornalfatosenoticias.com.br\/wp-content\/uploads\/2023\/05\/lula-molusco.jpg","width":860,"height":572},{"@type":"BreadcrumbList","@id":"https:\/\/jornalfatosenoticias.com.br\/index.php\/2023\/05\/16\/estadao-acusa-lula-de-usar-o-mst-para-se-vingar-e-sugere-que-petista-enganou-o-pais-com-discurso-de-frente-ampla\/#breadcrumb","itemListElement":[{"@type":"ListItem","position":1,"name":"In\u00edcio","item":"https:\/\/jornalfatosenoticias.com.br\/"},{"@type":"ListItem","position":2,"name":"Estad\u00e3o acusa Lula de usar o MST para se vingar e sugere que petista enganou o Pa\u00eds com discurso de frente ampla"}]},{"@type":"WebSite","@id":"https:\/\/jornalfatosenoticias.com.br\/#website","url":"https:\/\/jornalfatosenoticias.com.br\/","name":"Jornal Fatos e Not\u00edcias","description":"Not\u00edcias em geral","publisher":{"@id":"https:\/\/jornalfatosenoticias.com.br\/#organization"},"potentialAction":[{"@type":"SearchAction","target":{"@type":"EntryPoint","urlTemplate":"https:\/\/jornalfatosenoticias.com.br\/?s={search_term_string}"},"query-input":{"@type":"PropertyValueSpecification","valueRequired":true,"valueName":"search_term_string"}}],"inLanguage":"pt-BR"},{"@type":"Organization","@id":"https:\/\/jornalfatosenoticias.com.br\/#organization","name":"Jornal Fatos e Not\u00edcias","url":"https:\/\/jornalfatosenoticias.com.br\/","logo":{"@type":"ImageObject","inLanguage":"pt-BR","@id":"https:\/\/jornalfatosenoticias.com.br\/#\/schema\/logo\/image\/","url":"https:\/\/jornalfatosenoticias.com.br\/wp-content\/uploads\/2020\/02\/logo120.png","contentUrl":"https:\/\/jornalfatosenoticias.com.br\/wp-content\/uploads\/2020\/02\/logo120.png","width":1227,"height":120,"caption":"Jornal Fatos e Not\u00edcias"},"image":{"@id":"https:\/\/jornalfatosenoticias.com.br\/#\/schema\/logo\/image\/"}},{"@type":"Person","@id":"https:\/\/jornalfatosenoticias.com.br\/#\/schema\/person\/d63837fa13ac8666eb9e74e0985d6f81","name":"Luzimara Fernandes","image":{"@type":"ImageObject","inLanguage":"pt-BR","@id":"https:\/\/jornalfatosenoticias.com.br\/#\/schema\/person\/image\/","url":"https:\/\/jornalfatosenoticias.com.br\/wp-content\/uploads\/2025\/05\/EU_portal.jpg","contentUrl":"https:\/\/jornalfatosenoticias.com.br\/wp-content\/uploads\/2025\/05\/EU_portal.jpg","caption":"Luzimara Fernandes"},"description":"Jornalista MTB 2358-ES","sameAs":["https:\/\/jornalfatosenoticias.com.br"],"url":"https:\/\/jornalfatosenoticias.com.br\/index.php\/author\/luzimara\/"}]}},"cc_featured_image_caption":{"caption_text":"(Foto: Reprodu\u00e7\u00e3o\/MST)","source_text":"","source_url":""},"jetpack_featured_media_url":"https:\/\/jornalfatosenoticias.com.br\/wp-content\/uploads\/2023\/05\/lula-molusco.jpg","_links":{"self":[{"href":"https:\/\/jornalfatosenoticias.com.br\/index.php\/wp-json\/wp\/v2\/posts\/41447","targetHints":{"allow":["GET"]}}],"collection":[{"href":"https:\/\/jornalfatosenoticias.com.br\/index.php\/wp-json\/wp\/v2\/posts"}],"about":[{"href":"https:\/\/jornalfatosenoticias.com.br\/index.php\/wp-json\/wp\/v2\/types\/post"}],"author":[{"embeddable":true,"href":"https:\/\/jornalfatosenoticias.com.br\/index.php\/wp-json\/wp\/v2\/users\/2"}],"replies":[{"embeddable":true,"href":"https:\/\/jornalfatosenoticias.com.br\/index.php\/wp-json\/wp\/v2\/comments?post=41447"}],"version-history":[{"count":0,"href":"https:\/\/jornalfatosenoticias.com.br\/index.php\/wp-json\/wp\/v2\/posts\/41447\/revisions"}],"wp:featuredmedia":[{"embeddable":true,"href":"https:\/\/jornalfatosenoticias.com.br\/index.php\/wp-json\/wp\/v2\/media\/41448"}],"wp:attachment":[{"href":"https:\/\/jornalfatosenoticias.com.br\/index.php\/wp-json\/wp\/v2\/media?parent=41447"}],"wp:term":[{"taxonomy":"category","embeddable":true,"href":"https:\/\/jornalfatosenoticias.com.br\/index.php\/wp-json\/wp\/v2\/categories?post=41447"},{"taxonomy":"post_tag","embeddable":true,"href":"https:\/\/jornalfatosenoticias.com.br\/index.php\/wp-json\/wp\/v2\/tags?post=41447"}],"curies":[{"name":"wp","href":"https:\/\/api.w.org\/{rel}","templated":true}]}}