{"id":41463,"date":"2023-05-16T10:51:07","date_gmt":"2023-05-16T13:51:07","guid":{"rendered":"https:\/\/jornalfatosenoticias.com.br\/?p=41463"},"modified":"2023-05-16T10:51:08","modified_gmt":"2023-05-16T13:51:08","slug":"movimento-invasao-zero-reune-10-mil-produtores-rurais-para-enfrentar-o-mst-na-bahia","status":"publish","type":"post","link":"https:\/\/jornalfatosenoticias.com.br\/index.php\/2023\/05\/16\/movimento-invasao-zero-reune-10-mil-produtores-rurais-para-enfrentar-o-mst-na-bahia\/","title":{"rendered":"Movimento Invas\u00e3o Zero re\u00fane 10 mil produtores rurais para enfrentar o MST na Bahia"},"content":{"rendered":"\n<p><em><span class=\"has-inline-color has-black-color\">Invas\u00e3o Zero foi formado por produtores rurais para combater invas\u00f5es do MST<\/span><\/em><\/p>\n\n\n\n<p><em><span class=\"has-inline-color has-black-color\">Por <strong><a href=\"https:\/\/www.gazetadopovo.com.br\/autor\/aline-rechmann\/\">Aline Rechmann<\/a><\/strong><\/span><\/em><\/p>\n\n\n\n<div class=\"wp-block-image\"><figure class=\"aligncenter size-large is-resized\"><img loading=\"lazy\" decoding=\"async\" src=\"https:\/\/jornalfatosenoticias.com.br\/wp-content\/uploads\/2020\/02\/casa-do-torresmo_portal.jpg\" alt=\"\" class=\"wp-image-34472\" width=\"232\" height=\"232\" srcset=\"https:\/\/jornalfatosenoticias.com.br\/wp-content\/uploads\/2020\/02\/casa-do-torresmo_portal.jpg 300w, https:\/\/jornalfatosenoticias.com.br\/wp-content\/uploads\/2020\/02\/casa-do-torresmo_portal-150x150.jpg 150w\" sizes=\"auto, (max-width: 232px) 100vw, 232px\" \/><\/figure><\/div>\n\n\n\n<p>Pelo menos 10 mil propriet\u00e1rios de terra na Bahia est\u00e3o monitorando \u00e1reas para se proteger da a\u00e7\u00e3o de grupos como o Movimento dos Trabalhadores Rurais Sem-Terra (MST). Distribu\u00eddos em aproximadamente 200 cidades, eles formaram o Movimento Invas\u00e3o Zero. Os produtores rurais baianos alegam sofrer com a inseguran\u00e7a no meio rural e com a falta de a\u00e7\u00f5es do governo do estado para coibir as invas\u00f5es.<\/p>\n\n\n\n<div class=\"wp-block-image\"><figure class=\"aligncenter size-large is-resized\"><img loading=\"lazy\" decoding=\"async\" src=\"https:\/\/jornalfatosenoticias.com.br\/wp-content\/uploads\/2022\/07\/Logo-Grupo-SEI.jpg\" alt=\"\" class=\"wp-image-31973\" width=\"341\" height=\"179\" srcset=\"https:\/\/jornalfatosenoticias.com.br\/wp-content\/uploads\/2022\/07\/Logo-Grupo-SEI.jpg 713w, https:\/\/jornalfatosenoticias.com.br\/wp-content\/uploads\/2022\/07\/Logo-Grupo-SEI-300x158.jpg 300w\" sizes=\"auto, (max-width: 341px) 100vw, 341px\" \/><\/figure><\/div>\n\n\n\n<p>O grupo diz que n\u00e3o age armado. A ideia \u00e9 pressionar os sem-terra com grupos muito maiores do que os dos invasores, que v\u00e3o ao local da invas\u00e3o assim que o propriet\u00e1rio pede socorro. O Movimento Invas\u00e3o Zero foi criado na Bahia, em abril, diante de uma escalada no n\u00famero de invas\u00f5es e da falta de rea\u00e7\u00e3o do governo local. O \u00faltimo levantamento do Instituto Nacional de Coloniza\u00e7\u00e3o e Reforma Agr\u00e1ria (Incra), publicado no in\u00edcio de abril, registrava 16 invas\u00f5es em tr\u00eas meses.<\/p>\n\n\n\n<div class=\"wp-block-image\"><figure class=\"aligncenter size-large is-resized\"><img loading=\"lazy\" decoding=\"async\" src=\"https:\/\/jornalfatosenoticias.com.br\/wp-content\/uploads\/2020\/02\/logo-embacia.jpg\" alt=\"\" class=\"wp-image-33905\" width=\"284\" height=\"284\"\/><\/figure><\/div>\n\n\n\n<p>As invas\u00f5es foram em tr\u00eas fazendas da Suzano Papel e Celulose nos munic\u00edpios de Teixeira de Freitas, Mucuri e Caravelas, um escrit\u00f3rio da Companhia de Ferro Ligas da Bahia (Ferbasa), em Marac\u00e1s, al\u00e9m de fazendas nos munic\u00edpios de Macajuba, Jacobina, Guaratinga, Jaguaquara, Juazeiro, Rafael Jambeiro, Jeremoabo e Itaberaba. O n\u00famero subiu para 19 no final de abril quando o <em><strong>MST<\/strong><\/em> confirmou a invas\u00e3o de tr\u00eas fazendas na Bahia ap\u00f3s desocupar uma \u00e1rea da Empresa Brasileira de Pesquisa Agropecu\u00e1ria (Embrapa) em Pernambuco.<\/p>\n\n\n\n<div class=\"wp-block-image\"><figure class=\"aligncenter size-large is-resized\"><img loading=\"lazy\" decoding=\"async\" src=\"https:\/\/jornalfatosenoticias.com.br\/wp-content\/uploads\/2023\/03\/logo-Panper_portal.jpg\" alt=\"\" class=\"wp-image-40208\" width=\"302\" height=\"209\" srcset=\"https:\/\/jornalfatosenoticias.com.br\/wp-content\/uploads\/2023\/03\/logo-Panper_portal.jpg 400w, https:\/\/jornalfatosenoticias.com.br\/wp-content\/uploads\/2023\/03\/logo-Panper_portal-300x208.jpg 300w\" sizes=\"auto, (max-width: 302px) 100vw, 302px\" \/><\/figure><\/div>\n\n\n\n<p>Os propriet\u00e1rios, liderados pelo fazendeiro de Ilh\u00e9us Luiz Uaquim, tamb\u00e9m est\u00e3o se mobilizando em n\u00edvel nacional, buscando o apoio de pol\u00edticos em Bras\u00edlia e incentivando a cria\u00e7\u00e3o de grupos semelhantes em outros estados.<br>A Secretaria de Seguran\u00e7a P\u00fablica da Bahia disse \u00e0 reportagem que tenta evitar as ocupa\u00e7\u00f5es e que em alguns casos consegue retirar os invasores na base do di\u00e1logo, sem determina\u00e7\u00e3o judicial.<\/p>\n\n\n\n<div class=\"wp-block-image\"><figure class=\"aligncenter size-large is-resized\"><img loading=\"lazy\" decoding=\"async\" src=\"https:\/\/jornalfatosenoticias.com.br\/wp-content\/uploads\/2022\/02\/Precisao-Contabilidade-1024x724.jpg\" alt=\"\" class=\"wp-image-28088\" width=\"306\" height=\"216\"\/><\/figure><\/div>\n\n\n\n<h3 class=\"wp-block-heading\"><span class=\"has-inline-color has-vivid-red-color\">Forma\u00e7\u00e3o do Invas\u00e3o Zero foi espont\u00e2nea, diz l\u00edder do movimento\u00a0<\/span><\/h3>\n\n\n\n<p>Luiz Uaquim, l\u00edder do <strong>Invas\u00e3o Zero,<\/strong>\u00a0destaca que o planejamento foi espont\u00e2neo, organizado pelo <em>WhatsApp<\/em>.<\/p>\n\n\n\n<blockquote class=\"wp-block-quote is-layout-flow wp-block-quote-is-layout-flow\"><p><span class=\"has-inline-color has-luminous-vivid-orange-color\">Nos deparamos com situa\u00e7\u00f5es em que 20 a 30 pessoas chegavam querendo invadir uma propriedade onde estavam apenas duas pessoas. Cham\u00e1vamos a pol\u00edcia e ela n\u00e3o vinha. Busc\u00e1vamos apoio no governo do estado e segu\u00edamos sem retorno. Ent\u00e3o resolvemos nos organizar\u201d, disse Uaquim.<\/span><\/p><\/blockquote>\n\n\n\n<div class=\"wp-block-image\"><figure class=\"aligncenter size-large is-resized\"><img loading=\"lazy\" decoding=\"async\" src=\"https:\/\/jornalfatosenoticias.com.br\/wp-content\/uploads\/2023\/04\/Logo_MasterMind.jpg\" alt=\"\" class=\"wp-image-40974\" width=\"316\" height=\"230\"\/><\/figure><\/div>\n\n\n\n<p>O grupo hoje est\u00e1 organizado em 16 n\u00facleos que repassam informa\u00e7\u00f5es para um n\u00facleo central, que, por sua vez, recebe e repassa o que \u00e9 encaminhado. Os n\u00facleos foram formados de acordo com a proximidade das cidades e da acessibilidade, por meio das rodovias.<\/p>\n\n\n\n<blockquote class=\"wp-block-quote is-layout-flow wp-block-quote-is-layout-flow\"><p><span class=\"has-inline-color has-luminous-vivid-orange-color\">Qualquer movimenta\u00e7\u00e3o diferente perto das propriedades, n\u00f3s ficamos sabendo. Se identificamos alguma amea\u00e7a, nos mobilizamos, avisamos a pol\u00edcia e vamos at\u00e9 o local. Mas \u00e9 tudo pac\u00edfico, n\u00e3o existem armas, n\u00f3s fazemos press\u00e3o e pedimos que os invasores se retirem. Agora, se eles s\u00e3o 50, n\u00f3s somos 300\u201d, detalhou.<\/span><\/p><\/blockquote>\n\n\n\n<div class=\"wp-block-image\"><figure class=\"aligncenter size-large is-resized\"><img loading=\"lazy\" decoding=\"async\" src=\"https:\/\/jornalfatosenoticias.com.br\/wp-content\/uploads\/2023\/03\/Crypton-1000-\u00d7-900-px-300x270-1.png\" alt=\"\" class=\"wp-image-40206\" width=\"272\" height=\"245\"\/><\/figure><\/div>\n\n\n\n<p>Em uma das a\u00e7\u00f5es realizadas pelo <strong>Movimento Invas\u00e3o Zero, <\/strong>Uaquim relata que um casal, produtor de cacau em uma \u00e1rea com 23 hectares, foi surpreendido com invasores querendo duas casas que ficam na propriedade.<\/p>\n\n\n\n<blockquote class=\"wp-block-quote is-layout-flow wp-block-quote-is-layout-flow\"><p><span class=\"has-inline-color has-luminous-vivid-orange-color\">A esposa pediu que eles se afastassem, mas quando n\u00f3s chegamos, eles estavam l\u00e1. E eles dizem que n\u00e3o invadem fazenda abaixo de 70 hectares. A gente chegou, foi cercando e dizendo \u2018sai, sai, bora, vai saindo por favor, isso aqui n\u00e3o \u00e9 seu\u2019. Eu fui na pol\u00edcia antes e o major disse que n\u00e3o ia l\u00e1. \u00c9 uma coisa t\u00e3o absurda que voc\u00ea chega a imaginar que estamos num estado de exce\u00e7\u00e3o, n\u00e3o num estado democr\u00e1tico de direito\u201d relatou o l\u00edder do movimento.<\/span><\/p><\/blockquote>\n\n\n\n<div class=\"wp-block-image\"><figure class=\"aligncenter size-large is-resized\"><img loading=\"lazy\" decoding=\"async\" src=\"https:\/\/jornalfatosenoticias.com.br\/wp-content\/uploads\/2022\/02\/Banner-2.png\" alt=\"\" class=\"wp-image-27877\" width=\"280\" height=\"233\"\/><\/figure><\/div>\n\n\n\n<p>A reportagem entrou em contato com o <strong><em>MST<\/em><\/strong> para perguntar seu ponto de vista sobre o <strong>Movimento Invas\u00e3o Zero,<\/strong> mas at\u00e9 o fechamento desta mat\u00e9ria n\u00e3o houve retorno.<\/p>\n\n\n\n<p><strong><em>Fonte: <a href=\"https:\/\/www.gazetadopovo.com.br\/republica\/movimento-invasao-zero-reune-10-mil-produtores-rurais-para-enfrentar-o-mst-na-bahia\/\">Gazeta do Povo<\/a><\/em><\/strong><\/p>\n","protected":false},"excerpt":{"rendered":"<p>Invas\u00e3o Zero foi formado por produtores rurais para combater invas\u00f5es do MST Por Aline Rechmann Pelo menos 10 mil propriet\u00e1rios de terra na Bahia est\u00e3o monitorando \u00e1reas para se proteger da a\u00e7\u00e3o de grupos como o Movimento dos Trabalhadores Rurais Sem-Terra (MST). Distribu\u00eddos em aproximadamente 200 cidades, eles formaram o Movimento Invas\u00e3o Zero. Os produtores [&hellip;]<\/p>\n","protected":false},"author":2,"featured_media":41464,"comment_status":"open","ping_status":"open","sticky":false,"template":"","format":"standard","meta":{"footnotes":""},"categories":[5],"tags":[279,2729,982,15463,7580,19482,17936,4101,19483],"class_list":["post-41463","post","type-post","status-publish","format-standard","has-post-thumbnail","hentry","category-geral","tag-agropecuaria","tag-bahia","tag-camara-dos-deputados","tag-invasoes","tag-lula","tag-movimento-dos-trabalhadores-rurais","tag-mst","tag-seguranca-publica","tag-sem-terra"],"yoast_head":"<!-- This site is optimized with the Yoast SEO plugin v26.5 - https:\/\/yoast.com\/wordpress\/plugins\/seo\/ -->\n<title>Movimento Invas\u00e3o Zero re\u00fane 10 mil produtores rurais para enfrentar o MST na Bahia - Jornal Fatos e Not\u00edcias<\/title>\n<meta name=\"robots\" content=\"index, follow, max-snippet:-1, max-image-preview:large, max-video-preview:-1\" \/>\n<link rel=\"canonical\" href=\"https:\/\/jornalfatosenoticias.com.br\/index.php\/2023\/05\/16\/movimento-invasao-zero-reune-10-mil-produtores-rurais-para-enfrentar-o-mst-na-bahia\/\" \/>\n<meta property=\"og:locale\" content=\"pt_BR\" \/>\n<meta property=\"og:type\" content=\"article\" \/>\n<meta property=\"og:title\" content=\"Movimento Invas\u00e3o Zero re\u00fane 10 mil produtores rurais para enfrentar o MST na Bahia - Jornal Fatos e Not\u00edcias\" \/>\n<meta property=\"og:description\" content=\"Invas\u00e3o Zero foi formado por produtores rurais para combater invas\u00f5es do MST Por Aline Rechmann Pelo menos 10 mil propriet\u00e1rios de terra na Bahia est\u00e3o monitorando \u00e1reas para se proteger da a\u00e7\u00e3o de grupos como o Movimento dos Trabalhadores Rurais Sem-Terra (MST). Distribu\u00eddos em aproximadamente 200 cidades, eles formaram o Movimento Invas\u00e3o Zero. Os produtores [&hellip;]\" \/>\n<meta property=\"og:url\" content=\"https:\/\/jornalfatosenoticias.com.br\/index.php\/2023\/05\/16\/movimento-invasao-zero-reune-10-mil-produtores-rurais-para-enfrentar-o-mst-na-bahia\/\" \/>\n<meta property=\"og:site_name\" content=\"Jornal Fatos e Not\u00edcias\" \/>\n<meta property=\"article:published_time\" content=\"2023-05-16T13:51:07+00:00\" \/>\n<meta property=\"article:modified_time\" content=\"2023-05-16T13:51:08+00:00\" \/>\n<meta property=\"og:image\" content=\"https:\/\/jornalfatosenoticias.com.br\/wp-content\/uploads\/2023\/05\/MST-BA.jpeg\" \/>\n\t<meta property=\"og:image:width\" content=\"1000\" \/>\n\t<meta property=\"og:image:height\" content=\"614\" \/>\n\t<meta property=\"og:image:type\" content=\"image\/jpeg\" \/>\n<meta name=\"author\" content=\"Luzimara Fernandes\" \/>\n<meta name=\"twitter:card\" content=\"summary_large_image\" \/>\n<meta name=\"twitter:label1\" content=\"Escrito por\" \/>\n\t<meta name=\"twitter:data1\" content=\"Luzimara Fernandes\" \/>\n\t<meta name=\"twitter:label2\" content=\"Est. tempo de leitura\" \/>\n\t<meta name=\"twitter:data2\" content=\"3 minutos\" \/>\n<script type=\"application\/ld+json\" class=\"yoast-schema-graph\">{\"@context\":\"https:\/\/schema.org\",\"@graph\":[{\"@type\":\"Article\",\"@id\":\"https:\/\/jornalfatosenoticias.com.br\/index.php\/2023\/05\/16\/movimento-invasao-zero-reune-10-mil-produtores-rurais-para-enfrentar-o-mst-na-bahia\/#article\",\"isPartOf\":{\"@id\":\"https:\/\/jornalfatosenoticias.com.br\/index.php\/2023\/05\/16\/movimento-invasao-zero-reune-10-mil-produtores-rurais-para-enfrentar-o-mst-na-bahia\/\"},\"author\":{\"name\":\"Luzimara Fernandes\",\"@id\":\"https:\/\/jornalfatosenoticias.com.br\/#\/schema\/person\/d63837fa13ac8666eb9e74e0985d6f81\"},\"headline\":\"Movimento Invas\u00e3o Zero re\u00fane 10 mil produtores rurais para enfrentar o MST na Bahia\",\"datePublished\":\"2023-05-16T13:51:07+00:00\",\"dateModified\":\"2023-05-16T13:51:08+00:00\",\"mainEntityOfPage\":{\"@id\":\"https:\/\/jornalfatosenoticias.com.br\/index.php\/2023\/05\/16\/movimento-invasao-zero-reune-10-mil-produtores-rurais-para-enfrentar-o-mst-na-bahia\/\"},\"wordCount\":707,\"commentCount\":0,\"publisher\":{\"@id\":\"https:\/\/jornalfatosenoticias.com.br\/#organization\"},\"image\":{\"@id\":\"https:\/\/jornalfatosenoticias.com.br\/index.php\/2023\/05\/16\/movimento-invasao-zero-reune-10-mil-produtores-rurais-para-enfrentar-o-mst-na-bahia\/#primaryimage\"},\"thumbnailUrl\":\"https:\/\/jornalfatosenoticias.com.br\/wp-content\/uploads\/2023\/05\/MST-BA.jpeg\",\"keywords\":[\"agropecu\u00e1ria\",\"Bahia\",\"C\u00e2mara dos Deputados\",\"invas\u00f5es\",\"Lula\",\"Movimento dos Trabalhadores Rurais\",\"MST\",\"seguran\u00e7a p\u00fablica\",\"sem-terra\"],\"articleSection\":[\"Geral\"],\"inLanguage\":\"pt-BR\",\"potentialAction\":[{\"@type\":\"CommentAction\",\"name\":\"Comment\",\"target\":[\"https:\/\/jornalfatosenoticias.com.br\/index.php\/2023\/05\/16\/movimento-invasao-zero-reune-10-mil-produtores-rurais-para-enfrentar-o-mst-na-bahia\/#respond\"]}]},{\"@type\":\"WebPage\",\"@id\":\"https:\/\/jornalfatosenoticias.com.br\/index.php\/2023\/05\/16\/movimento-invasao-zero-reune-10-mil-produtores-rurais-para-enfrentar-o-mst-na-bahia\/\",\"url\":\"https:\/\/jornalfatosenoticias.com.br\/index.php\/2023\/05\/16\/movimento-invasao-zero-reune-10-mil-produtores-rurais-para-enfrentar-o-mst-na-bahia\/\",\"name\":\"Movimento Invas\u00e3o Zero re\u00fane 10 mil produtores rurais para enfrentar o MST na Bahia - Jornal Fatos e Not\u00edcias\",\"isPartOf\":{\"@id\":\"https:\/\/jornalfatosenoticias.com.br\/#website\"},\"primaryImageOfPage\":{\"@id\":\"https:\/\/jornalfatosenoticias.com.br\/index.php\/2023\/05\/16\/movimento-invasao-zero-reune-10-mil-produtores-rurais-para-enfrentar-o-mst-na-bahia\/#primaryimage\"},\"image\":{\"@id\":\"https:\/\/jornalfatosenoticias.com.br\/index.php\/2023\/05\/16\/movimento-invasao-zero-reune-10-mil-produtores-rurais-para-enfrentar-o-mst-na-bahia\/#primaryimage\"},\"thumbnailUrl\":\"https:\/\/jornalfatosenoticias.com.br\/wp-content\/uploads\/2023\/05\/MST-BA.jpeg\",\"datePublished\":\"2023-05-16T13:51:07+00:00\",\"dateModified\":\"2023-05-16T13:51:08+00:00\",\"breadcrumb\":{\"@id\":\"https:\/\/jornalfatosenoticias.com.br\/index.php\/2023\/05\/16\/movimento-invasao-zero-reune-10-mil-produtores-rurais-para-enfrentar-o-mst-na-bahia\/#breadcrumb\"},\"inLanguage\":\"pt-BR\",\"potentialAction\":[{\"@type\":\"ReadAction\",\"target\":[\"https:\/\/jornalfatosenoticias.com.br\/index.php\/2023\/05\/16\/movimento-invasao-zero-reune-10-mil-produtores-rurais-para-enfrentar-o-mst-na-bahia\/\"]}]},{\"@type\":\"ImageObject\",\"inLanguage\":\"pt-BR\",\"@id\":\"https:\/\/jornalfatosenoticias.com.br\/index.php\/2023\/05\/16\/movimento-invasao-zero-reune-10-mil-produtores-rurais-para-enfrentar-o-mst-na-bahia\/#primaryimage\",\"url\":\"https:\/\/jornalfatosenoticias.com.br\/wp-content\/uploads\/2023\/05\/MST-BA.jpeg\",\"contentUrl\":\"https:\/\/jornalfatosenoticias.com.br\/wp-content\/uploads\/2023\/05\/MST-BA.jpeg\",\"width\":1000,\"height\":614},{\"@type\":\"BreadcrumbList\",\"@id\":\"https:\/\/jornalfatosenoticias.com.br\/index.php\/2023\/05\/16\/movimento-invasao-zero-reune-10-mil-produtores-rurais-para-enfrentar-o-mst-na-bahia\/#breadcrumb\",\"itemListElement\":[{\"@type\":\"ListItem\",\"position\":1,\"name\":\"In\u00edcio\",\"item\":\"https:\/\/jornalfatosenoticias.com.br\/\"},{\"@type\":\"ListItem\",\"position\":2,\"name\":\"Movimento Invas\u00e3o Zero re\u00fane 10 mil produtores rurais para enfrentar o MST na Bahia\"}]},{\"@type\":\"WebSite\",\"@id\":\"https:\/\/jornalfatosenoticias.com.br\/#website\",\"url\":\"https:\/\/jornalfatosenoticias.com.br\/\",\"name\":\"Jornal Fatos e Not\u00edcias\",\"description\":\"Not\u00edcias em geral\",\"publisher\":{\"@id\":\"https:\/\/jornalfatosenoticias.com.br\/#organization\"},\"potentialAction\":[{\"@type\":\"SearchAction\",\"target\":{\"@type\":\"EntryPoint\",\"urlTemplate\":\"https:\/\/jornalfatosenoticias.com.br\/?s={search_term_string}\"},\"query-input\":{\"@type\":\"PropertyValueSpecification\",\"valueRequired\":true,\"valueName\":\"search_term_string\"}}],\"inLanguage\":\"pt-BR\"},{\"@type\":\"Organization\",\"@id\":\"https:\/\/jornalfatosenoticias.com.br\/#organization\",\"name\":\"Jornal Fatos e Not\u00edcias\",\"url\":\"https:\/\/jornalfatosenoticias.com.br\/\",\"logo\":{\"@type\":\"ImageObject\",\"inLanguage\":\"pt-BR\",\"@id\":\"https:\/\/jornalfatosenoticias.com.br\/#\/schema\/logo\/image\/\",\"url\":\"https:\/\/jornalfatosenoticias.com.br\/wp-content\/uploads\/2020\/02\/logo120.png\",\"contentUrl\":\"https:\/\/jornalfatosenoticias.com.br\/wp-content\/uploads\/2020\/02\/logo120.png\",\"width\":1227,\"height\":120,\"caption\":\"Jornal Fatos e Not\u00edcias\"},\"image\":{\"@id\":\"https:\/\/jornalfatosenoticias.com.br\/#\/schema\/logo\/image\/\"}},{\"@type\":\"Person\",\"@id\":\"https:\/\/jornalfatosenoticias.com.br\/#\/schema\/person\/d63837fa13ac8666eb9e74e0985d6f81\",\"name\":\"Luzimara Fernandes\",\"image\":{\"@type\":\"ImageObject\",\"inLanguage\":\"pt-BR\",\"@id\":\"https:\/\/jornalfatosenoticias.com.br\/#\/schema\/person\/image\/\",\"url\":\"https:\/\/jornalfatosenoticias.com.br\/wp-content\/uploads\/2025\/05\/EU_portal.jpg\",\"contentUrl\":\"https:\/\/jornalfatosenoticias.com.br\/wp-content\/uploads\/2025\/05\/EU_portal.jpg\",\"caption\":\"Luzimara Fernandes\"},\"description\":\"Jornalista MTB 2358-ES\",\"sameAs\":[\"https:\/\/jornalfatosenoticias.com.br\"],\"url\":\"https:\/\/jornalfatosenoticias.com.br\/index.php\/author\/luzimara\/\"}]}<\/script>\n<!-- \/ Yoast SEO plugin. -->","yoast_head_json":{"title":"Movimento Invas\u00e3o Zero re\u00fane 10 mil produtores rurais para enfrentar o MST na Bahia - Jornal Fatos e Not\u00edcias","robots":{"index":"index","follow":"follow","max-snippet":"max-snippet:-1","max-image-preview":"max-image-preview:large","max-video-preview":"max-video-preview:-1"},"canonical":"https:\/\/jornalfatosenoticias.com.br\/index.php\/2023\/05\/16\/movimento-invasao-zero-reune-10-mil-produtores-rurais-para-enfrentar-o-mst-na-bahia\/","og_locale":"pt_BR","og_type":"article","og_title":"Movimento Invas\u00e3o Zero re\u00fane 10 mil produtores rurais para enfrentar o MST na Bahia - Jornal Fatos e Not\u00edcias","og_description":"Invas\u00e3o Zero foi formado por produtores rurais para combater invas\u00f5es do MST Por Aline Rechmann Pelo menos 10 mil propriet\u00e1rios de terra na Bahia est\u00e3o monitorando \u00e1reas para se proteger da a\u00e7\u00e3o de grupos como o Movimento dos Trabalhadores Rurais Sem-Terra (MST). Distribu\u00eddos em aproximadamente 200 cidades, eles formaram o Movimento Invas\u00e3o Zero. Os produtores [&hellip;]","og_url":"https:\/\/jornalfatosenoticias.com.br\/index.php\/2023\/05\/16\/movimento-invasao-zero-reune-10-mil-produtores-rurais-para-enfrentar-o-mst-na-bahia\/","og_site_name":"Jornal Fatos e Not\u00edcias","article_published_time":"2023-05-16T13:51:07+00:00","article_modified_time":"2023-05-16T13:51:08+00:00","og_image":[{"width":1000,"height":614,"url":"https:\/\/jornalfatosenoticias.com.br\/wp-content\/uploads\/2023\/05\/MST-BA.jpeg","type":"image\/jpeg"}],"author":"Luzimara Fernandes","twitter_card":"summary_large_image","twitter_misc":{"Escrito por":"Luzimara Fernandes","Est. tempo de leitura":"3 minutos"},"schema":{"@context":"https:\/\/schema.org","@graph":[{"@type":"Article","@id":"https:\/\/jornalfatosenoticias.com.br\/index.php\/2023\/05\/16\/movimento-invasao-zero-reune-10-mil-produtores-rurais-para-enfrentar-o-mst-na-bahia\/#article","isPartOf":{"@id":"https:\/\/jornalfatosenoticias.com.br\/index.php\/2023\/05\/16\/movimento-invasao-zero-reune-10-mil-produtores-rurais-para-enfrentar-o-mst-na-bahia\/"},"author":{"name":"Luzimara Fernandes","@id":"https:\/\/jornalfatosenoticias.com.br\/#\/schema\/person\/d63837fa13ac8666eb9e74e0985d6f81"},"headline":"Movimento Invas\u00e3o Zero re\u00fane 10 mil produtores rurais para enfrentar o MST na Bahia","datePublished":"2023-05-16T13:51:07+00:00","dateModified":"2023-05-16T13:51:08+00:00","mainEntityOfPage":{"@id":"https:\/\/jornalfatosenoticias.com.br\/index.php\/2023\/05\/16\/movimento-invasao-zero-reune-10-mil-produtores-rurais-para-enfrentar-o-mst-na-bahia\/"},"wordCount":707,"commentCount":0,"publisher":{"@id":"https:\/\/jornalfatosenoticias.com.br\/#organization"},"image":{"@id":"https:\/\/jornalfatosenoticias.com.br\/index.php\/2023\/05\/16\/movimento-invasao-zero-reune-10-mil-produtores-rurais-para-enfrentar-o-mst-na-bahia\/#primaryimage"},"thumbnailUrl":"https:\/\/jornalfatosenoticias.com.br\/wp-content\/uploads\/2023\/05\/MST-BA.jpeg","keywords":["agropecu\u00e1ria","Bahia","C\u00e2mara dos Deputados","invas\u00f5es","Lula","Movimento dos Trabalhadores Rurais","MST","seguran\u00e7a p\u00fablica","sem-terra"],"articleSection":["Geral"],"inLanguage":"pt-BR","potentialAction":[{"@type":"CommentAction","name":"Comment","target":["https:\/\/jornalfatosenoticias.com.br\/index.php\/2023\/05\/16\/movimento-invasao-zero-reune-10-mil-produtores-rurais-para-enfrentar-o-mst-na-bahia\/#respond"]}]},{"@type":"WebPage","@id":"https:\/\/jornalfatosenoticias.com.br\/index.php\/2023\/05\/16\/movimento-invasao-zero-reune-10-mil-produtores-rurais-para-enfrentar-o-mst-na-bahia\/","url":"https:\/\/jornalfatosenoticias.com.br\/index.php\/2023\/05\/16\/movimento-invasao-zero-reune-10-mil-produtores-rurais-para-enfrentar-o-mst-na-bahia\/","name":"Movimento Invas\u00e3o Zero re\u00fane 10 mil produtores rurais para enfrentar o MST na Bahia - Jornal Fatos e Not\u00edcias","isPartOf":{"@id":"https:\/\/jornalfatosenoticias.com.br\/#website"},"primaryImageOfPage":{"@id":"https:\/\/jornalfatosenoticias.com.br\/index.php\/2023\/05\/16\/movimento-invasao-zero-reune-10-mil-produtores-rurais-para-enfrentar-o-mst-na-bahia\/#primaryimage"},"image":{"@id":"https:\/\/jornalfatosenoticias.com.br\/index.php\/2023\/05\/16\/movimento-invasao-zero-reune-10-mil-produtores-rurais-para-enfrentar-o-mst-na-bahia\/#primaryimage"},"thumbnailUrl":"https:\/\/jornalfatosenoticias.com.br\/wp-content\/uploads\/2023\/05\/MST-BA.jpeg","datePublished":"2023-05-16T13:51:07+00:00","dateModified":"2023-05-16T13:51:08+00:00","breadcrumb":{"@id":"https:\/\/jornalfatosenoticias.com.br\/index.php\/2023\/05\/16\/movimento-invasao-zero-reune-10-mil-produtores-rurais-para-enfrentar-o-mst-na-bahia\/#breadcrumb"},"inLanguage":"pt-BR","potentialAction":[{"@type":"ReadAction","target":["https:\/\/jornalfatosenoticias.com.br\/index.php\/2023\/05\/16\/movimento-invasao-zero-reune-10-mil-produtores-rurais-para-enfrentar-o-mst-na-bahia\/"]}]},{"@type":"ImageObject","inLanguage":"pt-BR","@id":"https:\/\/jornalfatosenoticias.com.br\/index.php\/2023\/05\/16\/movimento-invasao-zero-reune-10-mil-produtores-rurais-para-enfrentar-o-mst-na-bahia\/#primaryimage","url":"https:\/\/jornalfatosenoticias.com.br\/wp-content\/uploads\/2023\/05\/MST-BA.jpeg","contentUrl":"https:\/\/jornalfatosenoticias.com.br\/wp-content\/uploads\/2023\/05\/MST-BA.jpeg","width":1000,"height":614},{"@type":"BreadcrumbList","@id":"https:\/\/jornalfatosenoticias.com.br\/index.php\/2023\/05\/16\/movimento-invasao-zero-reune-10-mil-produtores-rurais-para-enfrentar-o-mst-na-bahia\/#breadcrumb","itemListElement":[{"@type":"ListItem","position":1,"name":"In\u00edcio","item":"https:\/\/jornalfatosenoticias.com.br\/"},{"@type":"ListItem","position":2,"name":"Movimento Invas\u00e3o Zero re\u00fane 10 mil produtores rurais para enfrentar o MST na Bahia"}]},{"@type":"WebSite","@id":"https:\/\/jornalfatosenoticias.com.br\/#website","url":"https:\/\/jornalfatosenoticias.com.br\/","name":"Jornal Fatos e Not\u00edcias","description":"Not\u00edcias em geral","publisher":{"@id":"https:\/\/jornalfatosenoticias.com.br\/#organization"},"potentialAction":[{"@type":"SearchAction","target":{"@type":"EntryPoint","urlTemplate":"https:\/\/jornalfatosenoticias.com.br\/?s={search_term_string}"},"query-input":{"@type":"PropertyValueSpecification","valueRequired":true,"valueName":"search_term_string"}}],"inLanguage":"pt-BR"},{"@type":"Organization","@id":"https:\/\/jornalfatosenoticias.com.br\/#organization","name":"Jornal Fatos e Not\u00edcias","url":"https:\/\/jornalfatosenoticias.com.br\/","logo":{"@type":"ImageObject","inLanguage":"pt-BR","@id":"https:\/\/jornalfatosenoticias.com.br\/#\/schema\/logo\/image\/","url":"https:\/\/jornalfatosenoticias.com.br\/wp-content\/uploads\/2020\/02\/logo120.png","contentUrl":"https:\/\/jornalfatosenoticias.com.br\/wp-content\/uploads\/2020\/02\/logo120.png","width":1227,"height":120,"caption":"Jornal Fatos e Not\u00edcias"},"image":{"@id":"https:\/\/jornalfatosenoticias.com.br\/#\/schema\/logo\/image\/"}},{"@type":"Person","@id":"https:\/\/jornalfatosenoticias.com.br\/#\/schema\/person\/d63837fa13ac8666eb9e74e0985d6f81","name":"Luzimara Fernandes","image":{"@type":"ImageObject","inLanguage":"pt-BR","@id":"https:\/\/jornalfatosenoticias.com.br\/#\/schema\/person\/image\/","url":"https:\/\/jornalfatosenoticias.com.br\/wp-content\/uploads\/2025\/05\/EU_portal.jpg","contentUrl":"https:\/\/jornalfatosenoticias.com.br\/wp-content\/uploads\/2025\/05\/EU_portal.jpg","caption":"Luzimara Fernandes"},"description":"Jornalista MTB 2358-ES","sameAs":["https:\/\/jornalfatosenoticias.com.br"],"url":"https:\/\/jornalfatosenoticias.com.br\/index.php\/author\/luzimara\/"}]}},"cc_featured_image_caption":{"caption_text":"(Foto: Divulga\u00e7\u00e3o\/MST-BA) ","source_text":"","source_url":""},"jetpack_featured_media_url":"https:\/\/jornalfatosenoticias.com.br\/wp-content\/uploads\/2023\/05\/MST-BA.jpeg","_links":{"self":[{"href":"https:\/\/jornalfatosenoticias.com.br\/index.php\/wp-json\/wp\/v2\/posts\/41463","targetHints":{"allow":["GET"]}}],"collection":[{"href":"https:\/\/jornalfatosenoticias.com.br\/index.php\/wp-json\/wp\/v2\/posts"}],"about":[{"href":"https:\/\/jornalfatosenoticias.com.br\/index.php\/wp-json\/wp\/v2\/types\/post"}],"author":[{"embeddable":true,"href":"https:\/\/jornalfatosenoticias.com.br\/index.php\/wp-json\/wp\/v2\/users\/2"}],"replies":[{"embeddable":true,"href":"https:\/\/jornalfatosenoticias.com.br\/index.php\/wp-json\/wp\/v2\/comments?post=41463"}],"version-history":[{"count":0,"href":"https:\/\/jornalfatosenoticias.com.br\/index.php\/wp-json\/wp\/v2\/posts\/41463\/revisions"}],"wp:featuredmedia":[{"embeddable":true,"href":"https:\/\/jornalfatosenoticias.com.br\/index.php\/wp-json\/wp\/v2\/media\/41464"}],"wp:attachment":[{"href":"https:\/\/jornalfatosenoticias.com.br\/index.php\/wp-json\/wp\/v2\/media?parent=41463"}],"wp:term":[{"taxonomy":"category","embeddable":true,"href":"https:\/\/jornalfatosenoticias.com.br\/index.php\/wp-json\/wp\/v2\/categories?post=41463"},{"taxonomy":"post_tag","embeddable":true,"href":"https:\/\/jornalfatosenoticias.com.br\/index.php\/wp-json\/wp\/v2\/tags?post=41463"}],"curies":[{"name":"wp","href":"https:\/\/api.w.org\/{rel}","templated":true}]}}