{"id":41480,"date":"2023-05-16T12:11:15","date_gmt":"2023-05-16T15:11:15","guid":{"rendered":"https:\/\/jornalfatosenoticias.com.br\/?p=41480"},"modified":"2023-05-16T12:11:16","modified_gmt":"2023-05-16T15:11:16","slug":"equador-fecha-acordo-historico-para-proteger-galapagos-e-economizar-dinheiro","status":"publish","type":"post","link":"https:\/\/jornalfatosenoticias.com.br\/index.php\/2023\/05\/16\/equador-fecha-acordo-historico-para-proteger-galapagos-e-economizar-dinheiro\/","title":{"rendered":"Equador fecha acordo hist\u00f3rico para proteger Gal\u00e1pagos e economizar dinheiro"},"content":{"rendered":"\n<p><em><span class=\"has-inline-color has-black-color\">Arquip\u00e9lago de biodiversidade \u00fanica \u00e9 famoso por inspirar a teoria da evolu\u00e7\u00e3o de Darwin<\/span><\/em><\/p>\n\n\n\n<div class=\"wp-block-image\"><figure class=\"aligncenter size-large\"><img loading=\"lazy\" decoding=\"async\" width=\"1024\" height=\"111\" src=\"https:\/\/jornalfatosenoticias.com.br\/wp-content\/uploads\/2020\/02\/WhatsApp-Image-2022-09-23-at-12.09.18-1024x111.jpeg\" alt=\"\" class=\"wp-image-34527\" srcset=\"https:\/\/jornalfatosenoticias.com.br\/wp-content\/uploads\/2020\/02\/WhatsApp-Image-2022-09-23-at-12.09.18-1024x111.jpeg 1024w, https:\/\/jornalfatosenoticias.com.br\/wp-content\/uploads\/2020\/02\/WhatsApp-Image-2022-09-23-at-12.09.18-300x32.jpeg 300w, https:\/\/jornalfatosenoticias.com.br\/wp-content\/uploads\/2020\/02\/WhatsApp-Image-2022-09-23-at-12.09.18-768x83.jpeg 768w, https:\/\/jornalfatosenoticias.com.br\/wp-content\/uploads\/2020\/02\/WhatsApp-Image-2022-09-23-at-12.09.18.jpeg 1121w\" sizes=\"auto, (max-width: 1024px) 100vw, 1024px\" \/><\/figure><\/div>\n\n\n\n<p>O Equador anunciou um acordo recorde destinado a reduzir sua d\u00edvida e liberar centenas de milh\u00f5es de d\u00f3lares para <strong>financiar a conserva\u00e7\u00e3o marinha em torno das Ilhas Gal\u00e1pagos<\/strong>, um arquip\u00e9lago de biodiversidade \u00fanica que \u00e9 famoso por inspirar a teoria da evolu\u00e7\u00e3o de Darwin. O acordo, conhecido como\u00a0<strong>acordo de d\u00edvida por natureza<\/strong>, \u00e9 um pouco como o refinanciamento de uma hipoteca, apenas para t\u00edtulos do governo.<\/p>\n\n\n\n<div class=\"wp-block-image\"><figure class=\"aligncenter size-large\"><img decoding=\"async\" src=\"https:\/\/jornalfatosenoticias.com.br\/wp-content\/uploads\/2020\/02\/barao-das-carnes-300x164-1.jpg\" alt=\"\" class=\"wp-image-34339\"\/><\/figure><\/div>\n\n\n\n<p>Gustavo Manrique Miranda, ministro das Rela\u00e7\u00f5es Exteriores do Equador, chamou-o de um acordo hist\u00f3rico que leva em considera\u00e7\u00e3o o valor da natureza, conforme reporta o <a class=\"\" href=\"https:\/\/www.nytimes.com\/2023\/05\/09\/climate\/galapagos-ecuador-debt-nature.html\" target=\"_blank\" rel=\"noreferrer noopener\"><strong>The New York Times<\/strong><\/a><em><strong>.<\/strong><\/em> Ele disse que o Equador era t\u00e3o rico quanto qualquer um dos pa\u00edses mais ricos do mundo, \u201cmas nossa moeda \u00e9 a biodiversidade\u201d.<\/p>\n\n\n\n<div class=\"wp-block-image\"><figure class=\"aligncenter size-large is-resized\"><img loading=\"lazy\" decoding=\"async\" src=\"https:\/\/jornalfatosenoticias.com.br\/wp-content\/uploads\/2023\/03\/Crypton-1000-\u00d7-900-px-300x270-1.png\" alt=\"\" class=\"wp-image-40206\" width=\"252\" height=\"227\"\/><\/figure><\/div>\n\n\n\n<p><strong><span class=\"has-inline-color has-vivid-green-cyan-color\">Como funciona o acordo<br><\/span><\/strong>Quando os pa\u00edses precisam de dinheiro, geralmente vendem t\u00edtulos, que pagam ao longo do tempo com juros. Mas o Equador est\u00e1 lutando com d\u00edvidas e turbul\u00eancia pol\u00edtica. Seus t\u00edtulos perderam tanto valor no mercado que alguns investidores, presumivelmente temendo perdas maiores, estavam dispostos a vender US$ 1,6 bilh\u00e3o para o banco Credit Suisse a uma m\u00e9dia de 40 centavos de d\u00f3lar. O banco ent\u00e3o os converteu em um t\u00edtulo mar\u00edtimo de Gal\u00e1pagos de US$ 656 milh\u00f5es, que usou para financiar um empr\u00e9stimo que ajudar\u00e1 o Equador a financiar a conserva\u00e7\u00e3o. Isso torna o acordo a maior troca de d\u00edvida por natureza da hist\u00f3ria.<\/p>\n\n\n\n<div class=\"wp-block-image\"><figure class=\"aligncenter size-large is-resized\"><img loading=\"lazy\" decoding=\"async\" src=\"https:\/\/jornalfatosenoticias.com.br\/wp-content\/uploads\/2020\/02\/casa-do-torresmo_portal.jpg\" alt=\"\" class=\"wp-image-34472\" width=\"246\" height=\"246\" srcset=\"https:\/\/jornalfatosenoticias.com.br\/wp-content\/uploads\/2020\/02\/casa-do-torresmo_portal.jpg 300w, https:\/\/jornalfatosenoticias.com.br\/wp-content\/uploads\/2020\/02\/casa-do-torresmo_portal-150x150.jpg 150w\" sizes=\"auto, (max-width: 246px) 100vw, 246px\" \/><\/figure><\/div>\n\n\n\n<p>Os investidores do banco ficaram \u201cmuito entusiasmados\u201d com as oportunidades que trazem um impacto positivo na natureza e na sociedade, disse Ramzi Issa, que administrou a transa\u00e7\u00e3o no Credit Suisse. A reestrutura\u00e7\u00e3o significa que o Equador economizar\u00e1 mais de US$ 1 bilh\u00e3o em pagamentos futuros de juros e pagamentos principais (relativos ao valor original do empr\u00e9stimo). Os antigos detentores dos t\u00edtulos, por sua vez, evitam o risco de perdas maiores. O banco de desenvolvimento do governo dos EUA forneceu seguro contra riscos pol\u00edticos.<\/p>\n\n\n\n<div class=\"wp-block-image\"><figure class=\"aligncenter size-large\"><img decoding=\"async\" src=\"https:\/\/jornalfatosenoticias.com.br\/wp-content\/uploads\/2020\/02\/logo_esteio.jpg\" alt=\"\" class=\"wp-image-1214\"\/><\/figure><\/div>\n\n\n\n<p><strong><span class=\"has-inline-color has-vivid-green-cyan-color\">Por que \u00e9 importante<br><\/span><\/strong>Os cientistas estimam que <strong>um milh\u00e3o de plantas e animais est\u00e3o em risco de extin\u00e7\u00e3o <\/strong>\u00e0 medida que os humanos aram e pavimentam a terra, sobrecarregam os mares e superaquecem o planeta. \u00c0 medida que os ecossistemas se decomp\u00f5em, tamb\u00e9m diminui a capacidade da natureza de fornecer \u00e1gua e alimentos dos quais os humanos e o resto da vida na Terra dependem.<br>Em dezembro, as na\u00e7\u00f5es concordaram em tomar medidas para impedir a perda de biodiversidade, mas essa a\u00e7\u00e3o requer dinheiro. E os pa\u00edses mais biodiversos do mundo tendem a estar no Sul Global, ainda sofrendo de legados do colonialismo e frequentemente se recuperando de d\u00edvidas, diz a reportagem.<\/p>\n\n\n\n<div class=\"wp-block-image\"><figure class=\"aligncenter size-large is-resized\"><img loading=\"lazy\" decoding=\"async\" src=\"https:\/\/jornalfatosenoticias.com.br\/wp-content\/uploads\/2022\/10\/RC_800x750_page-0001.jpg\" alt=\"\" class=\"wp-image-35338\" width=\"243\" height=\"228\" srcset=\"https:\/\/jornalfatosenoticias.com.br\/wp-content\/uploads\/2022\/10\/RC_800x750_page-0001.jpg 400w, https:\/\/jornalfatosenoticias.com.br\/wp-content\/uploads\/2022\/10\/RC_800x750_page-0001-300x281.jpg 300w\" sizes=\"auto, (max-width: 243px) 100vw, 243px\" \/><\/figure><\/div>\n\n\n\n<blockquote class=\"wp-block-quote is-layout-flow wp-block-quote-is-layout-flow\"><p><span class=\"has-inline-color has-luminous-vivid-orange-color\">Pa\u00edses com d\u00edvidas pesadas ou em risco de inadimpl\u00eancia n\u00e3o t\u00eam meios para priorizar a prote\u00e7\u00e3o ambiental e podem ser pouco atraentes para os investidores devido \u00e0s baixas classifica\u00e7\u00f5es de cr\u00e9dito\u201d, disse Alice Hughes, professora de biologia da conserva\u00e7\u00e3o na Universidade de Hong Kong, que estudou acordos de d\u00edvida por natureza. Essas trocas \u201cfornecem os meios para superar esses problemas\u201d.<\/span><\/p><\/blockquote>\n\n\n\n<div class=\"wp-block-image\"><figure class=\"aligncenter size-large is-resized\"><img loading=\"lazy\" decoding=\"async\" src=\"https:\/\/jornalfatosenoticias.com.br\/wp-content\/uploads\/2023\/04\/Logo_MasterMind.jpg\" alt=\"\" class=\"wp-image-40974\" width=\"305\" height=\"222\"\/><\/figure><\/div>\n\n\n\n<p>O acordo de dezembro exige que <strong><a class=\"\" href=\"https:\/\/umsoplaneta.globo.com\/biodiversidade\/noticia\/2022\/12\/19\/cop15-mundo-ganha-acordo-global-de-protecao-da-biodiversidade-veja-os-destaques.ghtml\">os pa\u00edses protejam 30% da terra e da \u00e1gua do mundo at\u00e9 2030<\/a><\/strong>. Para os oceanos, isso significa n\u00e3o apenas criar \u00e1reas marinhas protegidas, mas tamb\u00e9m gerenci\u00e1-las, monitor\u00e1-las e aplicar a legisla\u00e7\u00e3o. Apesar de ter certas prote\u00e7\u00f5es por anos, as ilhas Gal\u00e1pagos correm o risco de pesca ilegal, mudan\u00e7a clim\u00e1tica e turismo insustent\u00e1vel.<\/p>\n\n\n\n<div class=\"wp-block-image\"><figure class=\"aligncenter size-large is-resized\"><img loading=\"lazy\" decoding=\"async\" src=\"https:\/\/jornalfatosenoticias.com.br\/wp-content\/uploads\/2020\/02\/logo-embacia.jpg\" alt=\"\" class=\"wp-image-33905\" width=\"244\" height=\"244\"\/><\/figure><\/div>\n\n\n\n<p>Como parte do acordo de d\u00edvida pela natureza, o Equador se comprometeu a gastar mais de US$ 323 milh\u00f5es em cerca de 18 anos na conserva\u00e7\u00e3o da regi\u00e3o de Gal\u00e1pagos, principalmente para gerenciar e monitorar a Reserva Marinha Hermandad, uma nova \u00e1rea protegida anunciada pelo governo em 2021. O dinheiro da transa\u00e7\u00e3o tamb\u00e9m ajudar\u00e1 a criar uma doa\u00e7\u00e3o destinada a financiar tais atividades em perpetuidade.<\/p>\n\n\n\n<div class=\"wp-block-image\"><figure class=\"aligncenter size-large\"><img loading=\"lazy\" decoding=\"async\" width=\"300\" height=\"250\" src=\"https:\/\/jornalfatosenoticias.com.br\/wp-content\/uploads\/2022\/08\/arte-Casarao.jpg\" alt=\"\" class=\"wp-image-33178\"\/><\/figure><\/div>\n\n\n\n<blockquote class=\"wp-block-quote is-layout-flow wp-block-quote-is-layout-flow\"><p><span class=\"has-inline-color has-luminous-vivid-orange-color\">O sucesso depende de garantir os recursos financeiros necess\u00e1rios para alcan\u00e7ar a prote\u00e7\u00e3o efetiva dos oceanos\u201d, disse Giuseppe Di Carlo, diretor do Pew Bertarelli Ocean Legacy Project, que ajudou a organizar o acordo com as Gal\u00e1pagos. \u201cAcreditamos que o setor financeiro pode desempenhar um papel muito importante.\u201d<\/span><\/p><\/blockquote>\n\n\n\n<div class=\"wp-block-image\"><figure class=\"aligncenter size-large is-resized\"><img loading=\"lazy\" decoding=\"async\" src=\"https:\/\/jornalfatosenoticias.com.br\/wp-content\/uploads\/2023\/03\/nova-logo-Marquetti.jpg\" alt=\"\" class=\"wp-image-40207\" width=\"270\" height=\"181\" srcset=\"https:\/\/jornalfatosenoticias.com.br\/wp-content\/uploads\/2023\/03\/nova-logo-Marquetti.jpg 643w, https:\/\/jornalfatosenoticias.com.br\/wp-content\/uploads\/2023\/03\/nova-logo-Marquetti-300x202.jpg 300w\" sizes=\"auto, (max-width: 270px) 100vw, 270px\" \/><\/figure><\/div>\n\n\n\n<p>As trocas de d\u00edvida por natureza existem desde a d\u00e9cada de 1980, mas parecem ter um novo impulso. Recentemente, tais acordos criaram \u00e1reas marinhas protegidas ou financiaram outras medidas de conserva\u00e7\u00e3o nas \u00e1guas de Belize, Barbados e Seychelles.<\/p>\n\n\n\n<div class=\"wp-block-image\"><figure class=\"aligncenter size-large\"><img loading=\"lazy\" decoding=\"async\" width=\"729\" height=\"90\" src=\"https:\/\/jornalfatosenoticias.com.br\/wp-content\/uploads\/2020\/02\/Logo_Mizu.png\" alt=\"\" class=\"wp-image-1441\" srcset=\"https:\/\/jornalfatosenoticias.com.br\/wp-content\/uploads\/2020\/02\/Logo_Mizu.png 729w, https:\/\/jornalfatosenoticias.com.br\/wp-content\/uploads\/2020\/02\/Logo_Mizu-300x37.png 300w\" sizes=\"auto, (max-width: 729px) 100vw, 729px\" \/><\/figure><\/div>\n\n\n\n<p>Mas esses acordos t\u00eam desvantagens, disse Patrick Bigger, analista de pol\u00edticas de pesquisa da Universidade da Calif\u00f3rnia, em Berkeley, e diretor de pesquisa do Climate and Community Project, um think tank. Por exemplo, apesar de seu escopo recorde, o al\u00edvio da d\u00edvida na transa\u00e7\u00e3o de Gal\u00e1pagos representa uma pequena fra\u00e7\u00e3o da d\u00edvida do Equador, que \u00e9 de mais de US$ 60 bilh\u00f5es, disse o Dr. Bigger.<\/p>\n\n\n\n<div class=\"wp-block-image\"><figure class=\"aligncenter size-large\"><img loading=\"lazy\" decoding=\"async\" width=\"300\" height=\"222\" src=\"https:\/\/jornalfatosenoticias.com.br\/wp-content\/uploads\/2023\/03\/logo_Juliana-Graca.jpg\" alt=\"\" class=\"wp-image-39283\"\/><\/figure><\/div>\n\n\n\n<p>Al\u00e9m disso, \u201cos juros ainda est\u00e3o fluindo dos pa\u00edses mais pobres que sofrem os piores impactos da mudan\u00e7a clim\u00e1tica, para os quais deram uma contribui\u00e7\u00e3o relativamente pequena, para os pa\u00edses ricos e bancos que carregam a grande maioria da responsabilidade pela crise ecol\u00f3gica\u201d.<\/p>\n\n\n\n<div class=\"wp-block-image\"><figure class=\"aligncenter size-large\"><img loading=\"lazy\" decoding=\"async\" width=\"1024\" height=\"110\" src=\"https:\/\/jornalfatosenoticias.com.br\/wp-content\/uploads\/2022\/10\/Arte-jornal-Zucchi-1120x120_Prancheta-1-1024x110.jpg\" alt=\"\" class=\"wp-image-34772\" srcset=\"https:\/\/jornalfatosenoticias.com.br\/wp-content\/uploads\/2022\/10\/Arte-jornal-Zucchi-1120x120_Prancheta-1-1024x110.jpg 1024w, https:\/\/jornalfatosenoticias.com.br\/wp-content\/uploads\/2022\/10\/Arte-jornal-Zucchi-1120x120_Prancheta-1-300x32.jpg 300w, https:\/\/jornalfatosenoticias.com.br\/wp-content\/uploads\/2022\/10\/Arte-jornal-Zucchi-1120x120_Prancheta-1-768x82.jpg 768w, https:\/\/jornalfatosenoticias.com.br\/wp-content\/uploads\/2022\/10\/Arte-jornal-Zucchi-1120x120_Prancheta-1-1536x165.jpg 1536w, https:\/\/jornalfatosenoticias.com.br\/wp-content\/uploads\/2022\/10\/Arte-jornal-Zucchi-1120x120_Prancheta-1-2048x219.jpg 2048w\" sizes=\"auto, (max-width: 1024px) 100vw, 1024px\" \/><\/figure><\/div>\n\n\n\n<p><strong><em>Fonte: <a href=\"https:\/\/umsoplaneta.globo.com\/biodiversidade\/noticia\/2023\/05\/10\/equador-fecha-acordo-historico-para-proteger-galapagos-e-economizar-dinheiro.ghtml\">Um S\u00f3 Planeta<\/a><\/em><\/strong><\/p>\n","protected":false},"excerpt":{"rendered":"<p>Arquip\u00e9lago de biodiversidade \u00fanica \u00e9 famoso por inspirar a teoria da evolu\u00e7\u00e3o de Darwin O Equador anunciou um acordo recorde destinado a reduzir sua d\u00edvida e liberar centenas de milh\u00f5es de d\u00f3lares para financiar a conserva\u00e7\u00e3o marinha em torno das Ilhas Gal\u00e1pagos, um arquip\u00e9lago de biodiversidade \u00fanica que \u00e9 famoso por inspirar a teoria da [&hellip;]<\/p>\n","protected":false},"author":2,"featured_media":41481,"comment_status":"open","ping_status":"open","sticky":false,"template":"","format":"standard","meta":{"footnotes":""},"categories":[8],"tags":[2016,334,2445,7866,2410,13136,655],"class_list":["post-41480","post","type-post","status-publish","format-standard","has-post-thumbnail","hentry","category-meio-ambiente","tag-arquipelago","tag-biodiversidade","tag-biologia","tag-biologia-marinha","tag-equador","tag-ilhas-galapagos","tag-natureza"],"yoast_head":"<!-- This site is optimized with the Yoast SEO plugin v26.5 - https:\/\/yoast.com\/wordpress\/plugins\/seo\/ -->\n<title>Equador fecha acordo hist\u00f3rico para proteger Gal\u00e1pagos e economizar dinheiro - Jornal Fatos e Not\u00edcias<\/title>\n<meta name=\"robots\" content=\"index, follow, max-snippet:-1, max-image-preview:large, max-video-preview:-1\" \/>\n<link rel=\"canonical\" href=\"https:\/\/jornalfatosenoticias.com.br\/index.php\/2023\/05\/16\/equador-fecha-acordo-historico-para-proteger-galapagos-e-economizar-dinheiro\/\" \/>\n<meta property=\"og:locale\" content=\"pt_BR\" \/>\n<meta property=\"og:type\" content=\"article\" \/>\n<meta property=\"og:title\" content=\"Equador fecha acordo hist\u00f3rico para proteger Gal\u00e1pagos e economizar dinheiro - Jornal Fatos e Not\u00edcias\" \/>\n<meta property=\"og:description\" content=\"Arquip\u00e9lago de biodiversidade \u00fanica \u00e9 famoso por inspirar a teoria da evolu\u00e7\u00e3o de Darwin O Equador anunciou um acordo recorde destinado a reduzir sua d\u00edvida e liberar centenas de milh\u00f5es de d\u00f3lares para financiar a conserva\u00e7\u00e3o marinha em torno das Ilhas Gal\u00e1pagos, um arquip\u00e9lago de biodiversidade \u00fanica que \u00e9 famoso por inspirar a teoria da [&hellip;]\" \/>\n<meta property=\"og:url\" content=\"https:\/\/jornalfatosenoticias.com.br\/index.php\/2023\/05\/16\/equador-fecha-acordo-historico-para-proteger-galapagos-e-economizar-dinheiro\/\" \/>\n<meta property=\"og:site_name\" content=\"Jornal Fatos e Not\u00edcias\" \/>\n<meta property=\"article:published_time\" content=\"2023-05-16T15:11:15+00:00\" \/>\n<meta property=\"article:modified_time\" content=\"2023-05-16T15:11:16+00:00\" \/>\n<meta property=\"og:image\" content=\"https:\/\/jornalfatosenoticias.com.br\/wp-content\/uploads\/2023\/05\/islands-santa-cru-galapagos_equador.jpg\" \/>\n\t<meta property=\"og:image:width\" content=\"1000\" \/>\n\t<meta property=\"og:image:height\" content=\"569\" \/>\n\t<meta property=\"og:image:type\" content=\"image\/jpeg\" \/>\n<meta name=\"author\" content=\"Luzimara Fernandes\" \/>\n<meta name=\"twitter:card\" content=\"summary_large_image\" \/>\n<meta name=\"twitter:label1\" content=\"Escrito por\" \/>\n\t<meta name=\"twitter:data1\" content=\"Luzimara Fernandes\" \/>\n\t<meta name=\"twitter:label2\" content=\"Est. tempo de leitura\" \/>\n\t<meta name=\"twitter:data2\" content=\"5 minutos\" \/>\n<script type=\"application\/ld+json\" class=\"yoast-schema-graph\">{\"@context\":\"https:\/\/schema.org\",\"@graph\":[{\"@type\":\"Article\",\"@id\":\"https:\/\/jornalfatosenoticias.com.br\/index.php\/2023\/05\/16\/equador-fecha-acordo-historico-para-proteger-galapagos-e-economizar-dinheiro\/#article\",\"isPartOf\":{\"@id\":\"https:\/\/jornalfatosenoticias.com.br\/index.php\/2023\/05\/16\/equador-fecha-acordo-historico-para-proteger-galapagos-e-economizar-dinheiro\/\"},\"author\":{\"name\":\"Luzimara Fernandes\",\"@id\":\"https:\/\/jornalfatosenoticias.com.br\/#\/schema\/person\/d63837fa13ac8666eb9e74e0985d6f81\"},\"headline\":\"Equador fecha acordo hist\u00f3rico para proteger Gal\u00e1pagos e economizar dinheiro\",\"datePublished\":\"2023-05-16T15:11:15+00:00\",\"dateModified\":\"2023-05-16T15:11:16+00:00\",\"mainEntityOfPage\":{\"@id\":\"https:\/\/jornalfatosenoticias.com.br\/index.php\/2023\/05\/16\/equador-fecha-acordo-historico-para-proteger-galapagos-e-economizar-dinheiro\/\"},\"wordCount\":914,\"commentCount\":0,\"publisher\":{\"@id\":\"https:\/\/jornalfatosenoticias.com.br\/#organization\"},\"image\":{\"@id\":\"https:\/\/jornalfatosenoticias.com.br\/index.php\/2023\/05\/16\/equador-fecha-acordo-historico-para-proteger-galapagos-e-economizar-dinheiro\/#primaryimage\"},\"thumbnailUrl\":\"https:\/\/jornalfatosenoticias.com.br\/wp-content\/uploads\/2023\/05\/islands-santa-cru-galapagos_equador.jpg\",\"keywords\":[\"arquip\u00e9lago\",\"biodiversidade\",\"biologia\",\"biologia marinha\",\"Equador\",\"Ilhas Gal\u00e1pagos\",\"natureza\"],\"articleSection\":[\"Meio ambiente\"],\"inLanguage\":\"pt-BR\",\"potentialAction\":[{\"@type\":\"CommentAction\",\"name\":\"Comment\",\"target\":[\"https:\/\/jornalfatosenoticias.com.br\/index.php\/2023\/05\/16\/equador-fecha-acordo-historico-para-proteger-galapagos-e-economizar-dinheiro\/#respond\"]}]},{\"@type\":\"WebPage\",\"@id\":\"https:\/\/jornalfatosenoticias.com.br\/index.php\/2023\/05\/16\/equador-fecha-acordo-historico-para-proteger-galapagos-e-economizar-dinheiro\/\",\"url\":\"https:\/\/jornalfatosenoticias.com.br\/index.php\/2023\/05\/16\/equador-fecha-acordo-historico-para-proteger-galapagos-e-economizar-dinheiro\/\",\"name\":\"Equador fecha acordo hist\u00f3rico para proteger Gal\u00e1pagos e economizar dinheiro - Jornal Fatos e Not\u00edcias\",\"isPartOf\":{\"@id\":\"https:\/\/jornalfatosenoticias.com.br\/#website\"},\"primaryImageOfPage\":{\"@id\":\"https:\/\/jornalfatosenoticias.com.br\/index.php\/2023\/05\/16\/equador-fecha-acordo-historico-para-proteger-galapagos-e-economizar-dinheiro\/#primaryimage\"},\"image\":{\"@id\":\"https:\/\/jornalfatosenoticias.com.br\/index.php\/2023\/05\/16\/equador-fecha-acordo-historico-para-proteger-galapagos-e-economizar-dinheiro\/#primaryimage\"},\"thumbnailUrl\":\"https:\/\/jornalfatosenoticias.com.br\/wp-content\/uploads\/2023\/05\/islands-santa-cru-galapagos_equador.jpg\",\"datePublished\":\"2023-05-16T15:11:15+00:00\",\"dateModified\":\"2023-05-16T15:11:16+00:00\",\"breadcrumb\":{\"@id\":\"https:\/\/jornalfatosenoticias.com.br\/index.php\/2023\/05\/16\/equador-fecha-acordo-historico-para-proteger-galapagos-e-economizar-dinheiro\/#breadcrumb\"},\"inLanguage\":\"pt-BR\",\"potentialAction\":[{\"@type\":\"ReadAction\",\"target\":[\"https:\/\/jornalfatosenoticias.com.br\/index.php\/2023\/05\/16\/equador-fecha-acordo-historico-para-proteger-galapagos-e-economizar-dinheiro\/\"]}]},{\"@type\":\"ImageObject\",\"inLanguage\":\"pt-BR\",\"@id\":\"https:\/\/jornalfatosenoticias.com.br\/index.php\/2023\/05\/16\/equador-fecha-acordo-historico-para-proteger-galapagos-e-economizar-dinheiro\/#primaryimage\",\"url\":\"https:\/\/jornalfatosenoticias.com.br\/wp-content\/uploads\/2023\/05\/islands-santa-cru-galapagos_equador.jpg\",\"contentUrl\":\"https:\/\/jornalfatosenoticias.com.br\/wp-content\/uploads\/2023\/05\/islands-santa-cru-galapagos_equador.jpg\",\"width\":1000,\"height\":569,\"caption\":\"Ecuador, Galapagos Islands, Santa Cruz, Marine iguana, Amblyrhynchus cristatus, and red rock crabs, Grapsus grapsus\"},{\"@type\":\"BreadcrumbList\",\"@id\":\"https:\/\/jornalfatosenoticias.com.br\/index.php\/2023\/05\/16\/equador-fecha-acordo-historico-para-proteger-galapagos-e-economizar-dinheiro\/#breadcrumb\",\"itemListElement\":[{\"@type\":\"ListItem\",\"position\":1,\"name\":\"In\u00edcio\",\"item\":\"https:\/\/jornalfatosenoticias.com.br\/\"},{\"@type\":\"ListItem\",\"position\":2,\"name\":\"Equador fecha acordo hist\u00f3rico para proteger Gal\u00e1pagos e economizar dinheiro\"}]},{\"@type\":\"WebSite\",\"@id\":\"https:\/\/jornalfatosenoticias.com.br\/#website\",\"url\":\"https:\/\/jornalfatosenoticias.com.br\/\",\"name\":\"Jornal Fatos e Not\u00edcias\",\"description\":\"Not\u00edcias em geral\",\"publisher\":{\"@id\":\"https:\/\/jornalfatosenoticias.com.br\/#organization\"},\"potentialAction\":[{\"@type\":\"SearchAction\",\"target\":{\"@type\":\"EntryPoint\",\"urlTemplate\":\"https:\/\/jornalfatosenoticias.com.br\/?s={search_term_string}\"},\"query-input\":{\"@type\":\"PropertyValueSpecification\",\"valueRequired\":true,\"valueName\":\"search_term_string\"}}],\"inLanguage\":\"pt-BR\"},{\"@type\":\"Organization\",\"@id\":\"https:\/\/jornalfatosenoticias.com.br\/#organization\",\"name\":\"Jornal Fatos e Not\u00edcias\",\"url\":\"https:\/\/jornalfatosenoticias.com.br\/\",\"logo\":{\"@type\":\"ImageObject\",\"inLanguage\":\"pt-BR\",\"@id\":\"https:\/\/jornalfatosenoticias.com.br\/#\/schema\/logo\/image\/\",\"url\":\"https:\/\/jornalfatosenoticias.com.br\/wp-content\/uploads\/2020\/02\/logo120.png\",\"contentUrl\":\"https:\/\/jornalfatosenoticias.com.br\/wp-content\/uploads\/2020\/02\/logo120.png\",\"width\":1227,\"height\":120,\"caption\":\"Jornal Fatos e Not\u00edcias\"},\"image\":{\"@id\":\"https:\/\/jornalfatosenoticias.com.br\/#\/schema\/logo\/image\/\"}},{\"@type\":\"Person\",\"@id\":\"https:\/\/jornalfatosenoticias.com.br\/#\/schema\/person\/d63837fa13ac8666eb9e74e0985d6f81\",\"name\":\"Luzimara Fernandes\",\"image\":{\"@type\":\"ImageObject\",\"inLanguage\":\"pt-BR\",\"@id\":\"https:\/\/jornalfatosenoticias.com.br\/#\/schema\/person\/image\/\",\"url\":\"https:\/\/jornalfatosenoticias.com.br\/wp-content\/uploads\/2025\/05\/EU_portal.jpg\",\"contentUrl\":\"https:\/\/jornalfatosenoticias.com.br\/wp-content\/uploads\/2025\/05\/EU_portal.jpg\",\"caption\":\"Luzimara Fernandes\"},\"description\":\"Jornalista MTB 2358-ES\",\"sameAs\":[\"https:\/\/jornalfatosenoticias.com.br\"],\"url\":\"https:\/\/jornalfatosenoticias.com.br\/index.php\/author\/luzimara\/\"}]}<\/script>\n<!-- \/ Yoast SEO plugin. -->","yoast_head_json":{"title":"Equador fecha acordo hist\u00f3rico para proteger Gal\u00e1pagos e economizar dinheiro - Jornal Fatos e Not\u00edcias","robots":{"index":"index","follow":"follow","max-snippet":"max-snippet:-1","max-image-preview":"max-image-preview:large","max-video-preview":"max-video-preview:-1"},"canonical":"https:\/\/jornalfatosenoticias.com.br\/index.php\/2023\/05\/16\/equador-fecha-acordo-historico-para-proteger-galapagos-e-economizar-dinheiro\/","og_locale":"pt_BR","og_type":"article","og_title":"Equador fecha acordo hist\u00f3rico para proteger Gal\u00e1pagos e economizar dinheiro - Jornal Fatos e Not\u00edcias","og_description":"Arquip\u00e9lago de biodiversidade \u00fanica \u00e9 famoso por inspirar a teoria da evolu\u00e7\u00e3o de Darwin O Equador anunciou um acordo recorde destinado a reduzir sua d\u00edvida e liberar centenas de milh\u00f5es de d\u00f3lares para financiar a conserva\u00e7\u00e3o marinha em torno das Ilhas Gal\u00e1pagos, um arquip\u00e9lago de biodiversidade \u00fanica que \u00e9 famoso por inspirar a teoria da [&hellip;]","og_url":"https:\/\/jornalfatosenoticias.com.br\/index.php\/2023\/05\/16\/equador-fecha-acordo-historico-para-proteger-galapagos-e-economizar-dinheiro\/","og_site_name":"Jornal Fatos e Not\u00edcias","article_published_time":"2023-05-16T15:11:15+00:00","article_modified_time":"2023-05-16T15:11:16+00:00","og_image":[{"width":1000,"height":569,"url":"https:\/\/jornalfatosenoticias.com.br\/wp-content\/uploads\/2023\/05\/islands-santa-cru-galapagos_equador.jpg","type":"image\/jpeg"}],"author":"Luzimara Fernandes","twitter_card":"summary_large_image","twitter_misc":{"Escrito por":"Luzimara Fernandes","Est. tempo de leitura":"5 minutos"},"schema":{"@context":"https:\/\/schema.org","@graph":[{"@type":"Article","@id":"https:\/\/jornalfatosenoticias.com.br\/index.php\/2023\/05\/16\/equador-fecha-acordo-historico-para-proteger-galapagos-e-economizar-dinheiro\/#article","isPartOf":{"@id":"https:\/\/jornalfatosenoticias.com.br\/index.php\/2023\/05\/16\/equador-fecha-acordo-historico-para-proteger-galapagos-e-economizar-dinheiro\/"},"author":{"name":"Luzimara Fernandes","@id":"https:\/\/jornalfatosenoticias.com.br\/#\/schema\/person\/d63837fa13ac8666eb9e74e0985d6f81"},"headline":"Equador fecha acordo hist\u00f3rico para proteger Gal\u00e1pagos e economizar dinheiro","datePublished":"2023-05-16T15:11:15+00:00","dateModified":"2023-05-16T15:11:16+00:00","mainEntityOfPage":{"@id":"https:\/\/jornalfatosenoticias.com.br\/index.php\/2023\/05\/16\/equador-fecha-acordo-historico-para-proteger-galapagos-e-economizar-dinheiro\/"},"wordCount":914,"commentCount":0,"publisher":{"@id":"https:\/\/jornalfatosenoticias.com.br\/#organization"},"image":{"@id":"https:\/\/jornalfatosenoticias.com.br\/index.php\/2023\/05\/16\/equador-fecha-acordo-historico-para-proteger-galapagos-e-economizar-dinheiro\/#primaryimage"},"thumbnailUrl":"https:\/\/jornalfatosenoticias.com.br\/wp-content\/uploads\/2023\/05\/islands-santa-cru-galapagos_equador.jpg","keywords":["arquip\u00e9lago","biodiversidade","biologia","biologia marinha","Equador","Ilhas Gal\u00e1pagos","natureza"],"articleSection":["Meio ambiente"],"inLanguage":"pt-BR","potentialAction":[{"@type":"CommentAction","name":"Comment","target":["https:\/\/jornalfatosenoticias.com.br\/index.php\/2023\/05\/16\/equador-fecha-acordo-historico-para-proteger-galapagos-e-economizar-dinheiro\/#respond"]}]},{"@type":"WebPage","@id":"https:\/\/jornalfatosenoticias.com.br\/index.php\/2023\/05\/16\/equador-fecha-acordo-historico-para-proteger-galapagos-e-economizar-dinheiro\/","url":"https:\/\/jornalfatosenoticias.com.br\/index.php\/2023\/05\/16\/equador-fecha-acordo-historico-para-proteger-galapagos-e-economizar-dinheiro\/","name":"Equador fecha acordo hist\u00f3rico para proteger Gal\u00e1pagos e economizar dinheiro - Jornal Fatos e Not\u00edcias","isPartOf":{"@id":"https:\/\/jornalfatosenoticias.com.br\/#website"},"primaryImageOfPage":{"@id":"https:\/\/jornalfatosenoticias.com.br\/index.php\/2023\/05\/16\/equador-fecha-acordo-historico-para-proteger-galapagos-e-economizar-dinheiro\/#primaryimage"},"image":{"@id":"https:\/\/jornalfatosenoticias.com.br\/index.php\/2023\/05\/16\/equador-fecha-acordo-historico-para-proteger-galapagos-e-economizar-dinheiro\/#primaryimage"},"thumbnailUrl":"https:\/\/jornalfatosenoticias.com.br\/wp-content\/uploads\/2023\/05\/islands-santa-cru-galapagos_equador.jpg","datePublished":"2023-05-16T15:11:15+00:00","dateModified":"2023-05-16T15:11:16+00:00","breadcrumb":{"@id":"https:\/\/jornalfatosenoticias.com.br\/index.php\/2023\/05\/16\/equador-fecha-acordo-historico-para-proteger-galapagos-e-economizar-dinheiro\/#breadcrumb"},"inLanguage":"pt-BR","potentialAction":[{"@type":"ReadAction","target":["https:\/\/jornalfatosenoticias.com.br\/index.php\/2023\/05\/16\/equador-fecha-acordo-historico-para-proteger-galapagos-e-economizar-dinheiro\/"]}]},{"@type":"ImageObject","inLanguage":"pt-BR","@id":"https:\/\/jornalfatosenoticias.com.br\/index.php\/2023\/05\/16\/equador-fecha-acordo-historico-para-proteger-galapagos-e-economizar-dinheiro\/#primaryimage","url":"https:\/\/jornalfatosenoticias.com.br\/wp-content\/uploads\/2023\/05\/islands-santa-cru-galapagos_equador.jpg","contentUrl":"https:\/\/jornalfatosenoticias.com.br\/wp-content\/uploads\/2023\/05\/islands-santa-cru-galapagos_equador.jpg","width":1000,"height":569,"caption":"Ecuador, Galapagos Islands, Santa Cruz, Marine iguana, Amblyrhynchus cristatus, and red rock crabs, Grapsus grapsus"},{"@type":"BreadcrumbList","@id":"https:\/\/jornalfatosenoticias.com.br\/index.php\/2023\/05\/16\/equador-fecha-acordo-historico-para-proteger-galapagos-e-economizar-dinheiro\/#breadcrumb","itemListElement":[{"@type":"ListItem","position":1,"name":"In\u00edcio","item":"https:\/\/jornalfatosenoticias.com.br\/"},{"@type":"ListItem","position":2,"name":"Equador fecha acordo hist\u00f3rico para proteger Gal\u00e1pagos e economizar dinheiro"}]},{"@type":"WebSite","@id":"https:\/\/jornalfatosenoticias.com.br\/#website","url":"https:\/\/jornalfatosenoticias.com.br\/","name":"Jornal Fatos e Not\u00edcias","description":"Not\u00edcias em geral","publisher":{"@id":"https:\/\/jornalfatosenoticias.com.br\/#organization"},"potentialAction":[{"@type":"SearchAction","target":{"@type":"EntryPoint","urlTemplate":"https:\/\/jornalfatosenoticias.com.br\/?s={search_term_string}"},"query-input":{"@type":"PropertyValueSpecification","valueRequired":true,"valueName":"search_term_string"}}],"inLanguage":"pt-BR"},{"@type":"Organization","@id":"https:\/\/jornalfatosenoticias.com.br\/#organization","name":"Jornal Fatos e Not\u00edcias","url":"https:\/\/jornalfatosenoticias.com.br\/","logo":{"@type":"ImageObject","inLanguage":"pt-BR","@id":"https:\/\/jornalfatosenoticias.com.br\/#\/schema\/logo\/image\/","url":"https:\/\/jornalfatosenoticias.com.br\/wp-content\/uploads\/2020\/02\/logo120.png","contentUrl":"https:\/\/jornalfatosenoticias.com.br\/wp-content\/uploads\/2020\/02\/logo120.png","width":1227,"height":120,"caption":"Jornal Fatos e Not\u00edcias"},"image":{"@id":"https:\/\/jornalfatosenoticias.com.br\/#\/schema\/logo\/image\/"}},{"@type":"Person","@id":"https:\/\/jornalfatosenoticias.com.br\/#\/schema\/person\/d63837fa13ac8666eb9e74e0985d6f81","name":"Luzimara Fernandes","image":{"@type":"ImageObject","inLanguage":"pt-BR","@id":"https:\/\/jornalfatosenoticias.com.br\/#\/schema\/person\/image\/","url":"https:\/\/jornalfatosenoticias.com.br\/wp-content\/uploads\/2025\/05\/EU_portal.jpg","contentUrl":"https:\/\/jornalfatosenoticias.com.br\/wp-content\/uploads\/2025\/05\/EU_portal.jpg","caption":"Luzimara Fernandes"},"description":"Jornalista MTB 2358-ES","sameAs":["https:\/\/jornalfatosenoticias.com.br"],"url":"https:\/\/jornalfatosenoticias.com.br\/index.php\/author\/luzimara\/"}]}},"cc_featured_image_caption":{"caption_text":"(Foto: Getty Images)","source_text":"","source_url":""},"jetpack_featured_media_url":"https:\/\/jornalfatosenoticias.com.br\/wp-content\/uploads\/2023\/05\/islands-santa-cru-galapagos_equador.jpg","_links":{"self":[{"href":"https:\/\/jornalfatosenoticias.com.br\/index.php\/wp-json\/wp\/v2\/posts\/41480","targetHints":{"allow":["GET"]}}],"collection":[{"href":"https:\/\/jornalfatosenoticias.com.br\/index.php\/wp-json\/wp\/v2\/posts"}],"about":[{"href":"https:\/\/jornalfatosenoticias.com.br\/index.php\/wp-json\/wp\/v2\/types\/post"}],"author":[{"embeddable":true,"href":"https:\/\/jornalfatosenoticias.com.br\/index.php\/wp-json\/wp\/v2\/users\/2"}],"replies":[{"embeddable":true,"href":"https:\/\/jornalfatosenoticias.com.br\/index.php\/wp-json\/wp\/v2\/comments?post=41480"}],"version-history":[{"count":0,"href":"https:\/\/jornalfatosenoticias.com.br\/index.php\/wp-json\/wp\/v2\/posts\/41480\/revisions"}],"wp:featuredmedia":[{"embeddable":true,"href":"https:\/\/jornalfatosenoticias.com.br\/index.php\/wp-json\/wp\/v2\/media\/41481"}],"wp:attachment":[{"href":"https:\/\/jornalfatosenoticias.com.br\/index.php\/wp-json\/wp\/v2\/media?parent=41480"}],"wp:term":[{"taxonomy":"category","embeddable":true,"href":"https:\/\/jornalfatosenoticias.com.br\/index.php\/wp-json\/wp\/v2\/categories?post=41480"},{"taxonomy":"post_tag","embeddable":true,"href":"https:\/\/jornalfatosenoticias.com.br\/index.php\/wp-json\/wp\/v2\/tags?post=41480"}],"curies":[{"name":"wp","href":"https:\/\/api.w.org\/{rel}","templated":true}]}}