{"id":41513,"date":"2023-05-17T11:23:00","date_gmt":"2023-05-17T14:23:00","guid":{"rendered":"https:\/\/jornalfatosenoticias.com.br\/?p=41513"},"modified":"2023-05-17T11:23:02","modified_gmt":"2023-05-17T14:23:02","slug":"especie-de-javali-gravemente-ameacada-de-extincao-ganha-dois-novos-filhotes","status":"publish","type":"post","link":"https:\/\/jornalfatosenoticias.com.br\/index.php\/2023\/05\/17\/especie-de-javali-gravemente-ameacada-de-extincao-ganha-dois-novos-filhotes\/","title":{"rendered":"Esp\u00e9cie de javali gravemente amea\u00e7ada de extin\u00e7\u00e3o ganha dois novos filhotes"},"content":{"rendered":"\n<p><em><span class=\"has-inline-color has-black-color\">Zool\u00f3gico na regi\u00e3o da Cornualha anunciou e comemorou o nascimento de dois Javalis \u201cverrugosos\u201d das Visayas, esp\u00e9cie que conta com cerca de 200 indiv\u00edduos restantes<\/span><\/em><\/p>\n\n\n\n<p><em><span class=\"has-inline-color has-black-color\">Por <strong><a href=\"https:\/\/territoriosecreto.com.br\/author\/trajanoxavier\/\">Trajano Xavier<\/a><\/strong><\/span><\/em><\/p>\n\n\n\n<div class=\"wp-block-image\"><figure class=\"aligncenter size-large\"><img loading=\"lazy\" decoding=\"async\" width=\"1024\" height=\"110\" src=\"https:\/\/jornalfatosenoticias.com.br\/wp-content\/uploads\/2023\/03\/Crypton-1120-\u00d7-120-px-1-1024x110.png\" alt=\"\" class=\"wp-image-39211\" srcset=\"https:\/\/jornalfatosenoticias.com.br\/wp-content\/uploads\/2023\/03\/Crypton-1120-\u00d7-120-px-1-1024x110.png 1024w, https:\/\/jornalfatosenoticias.com.br\/wp-content\/uploads\/2023\/03\/Crypton-1120-\u00d7-120-px-1-300x32.png 300w, https:\/\/jornalfatosenoticias.com.br\/wp-content\/uploads\/2023\/03\/Crypton-1120-\u00d7-120-px-1-768x82.png 768w, https:\/\/jornalfatosenoticias.com.br\/wp-content\/uploads\/2023\/03\/Crypton-1120-\u00d7-120-px-1.png 1120w\" sizes=\"auto, (max-width: 1024px) 100vw, 1024px\" \/><\/figure><\/div>\n\n\n\n<p>Uma esp\u00e9cie gravemente amea\u00e7ada de extin\u00e7\u00e3o teve \u00f3tima not\u00edcia nos \u00faltimos dias. O zool\u00f3gico de Newquay, na regi\u00e3o brit\u00e2nica da Cornualha, anunciou o nascimento de dois Javalis \u201cverrugosos\u201d das Visayas (<em>Sus cebifrons<\/em>), como parte de um programa de reprodu\u00e7\u00e3o assistida conduzido pelo local.<br>Os javalis nasceram no dia 16 de abril, menos de um ano depois que a m\u00e3e deu \u00e0 luz a outros dois filhotes. Eles contam com os tr\u00eas pares de \u201cverrugas\u201d carnudas e distintivas da esp\u00e9cie, cuja fun\u00e7\u00e3o, especula-se, \u00e9 de auxiliar na defesa contra grupos rivais de javalis.<\/p>\n\n\n\n<div class=\"wp-block-image\"><figure class=\"aligncenter size-large is-resized\"><img loading=\"lazy\" decoding=\"async\" src=\"https:\/\/jornalfatosenoticias.com.br\/wp-content\/uploads\/2022\/10\/Arte-jornal-Zucchi-600x600_Prancheta-1-1024x1024.jpg\" alt=\"\" class=\"wp-image-34782\" width=\"258\" height=\"258\" srcset=\"https:\/\/jornalfatosenoticias.com.br\/wp-content\/uploads\/2022\/10\/Arte-jornal-Zucchi-600x600_Prancheta-1-1024x1024.jpg 1024w, https:\/\/jornalfatosenoticias.com.br\/wp-content\/uploads\/2022\/10\/Arte-jornal-Zucchi-600x600_Prancheta-1-300x300.jpg 300w, https:\/\/jornalfatosenoticias.com.br\/wp-content\/uploads\/2022\/10\/Arte-jornal-Zucchi-600x600_Prancheta-1-150x150.jpg 150w, https:\/\/jornalfatosenoticias.com.br\/wp-content\/uploads\/2022\/10\/Arte-jornal-Zucchi-600x600_Prancheta-1-768x768.jpg 768w, https:\/\/jornalfatosenoticias.com.br\/wp-content\/uploads\/2022\/10\/Arte-jornal-Zucchi-600x600_Prancheta-1.jpg 1250w\" sizes=\"auto, (max-width: 258px) 100vw, 258px\" \/><\/figure><\/div>\n\n\n\n<p>A not\u00edcia foi comemorada porque estima-se que, nas Filipinas, regi\u00e3o onde essa esp\u00e9cie \u00e9 end\u00eamica, restem apenas 200 animais, segundo a BBC News, que repercutiu a novidade. As Visayas s\u00e3o um grupo de ilhas que comp\u00f5em o arquip\u00e9lago filipino, e onde a destrui\u00e7\u00e3o do habitat natural dos javalis e a ca\u00e7a desenfreada colaboraram para quase extinguir a esp\u00e9cie.<br>Dave Rich, l\u00edder da equipe de tratadores do Zool\u00f3gico de Newquay, celebrou o nascimento que ajuda a manter viva essa esp\u00e9cie: <\/p>\n\n\n\n<div class=\"wp-block-image\"><figure class=\"aligncenter size-large\"><img loading=\"lazy\" decoding=\"async\" width=\"250\" height=\"250\" src=\"https:\/\/jornalfatosenoticias.com.br\/wp-content\/uploads\/2023\/04\/baile.jpg\" alt=\"\" class=\"wp-image-40627\" srcset=\"https:\/\/jornalfatosenoticias.com.br\/wp-content\/uploads\/2023\/04\/baile.jpg 250w, https:\/\/jornalfatosenoticias.com.br\/wp-content\/uploads\/2023\/04\/baile-150x150.jpg 150w\" sizes=\"auto, (max-width: 250px) 100vw, 250px\" \/><\/figure><\/div>\n\n\n\n<blockquote class=\"wp-block-quote is-layout-flow wp-block-quote-is-layout-flow\"><p><span class=\"has-inline-color has-luminous-vivid-orange-color\">Estamos muito satisfeitos em dar as boas-vindas a esses rec\u00e9m-chegados e continuar ajudando a aumentar a popula\u00e7\u00e3o de javalis verrugosos das Visayas\u201d, disse.<\/span><\/p><\/blockquote>\n\n\n\n<div class=\"wp-block-image\"><figure class=\"aligncenter size-large is-resized\"><img loading=\"lazy\" decoding=\"async\" src=\"https:\/\/jornalfatosenoticias.com.br\/wp-content\/uploads\/2022\/07\/Logo-Grupo-SEI.jpg\" alt=\"\" class=\"wp-image-31973\" width=\"318\" height=\"167\" srcset=\"https:\/\/jornalfatosenoticias.com.br\/wp-content\/uploads\/2022\/07\/Logo-Grupo-SEI.jpg 713w, https:\/\/jornalfatosenoticias.com.br\/wp-content\/uploads\/2022\/07\/Logo-Grupo-SEI-300x158.jpg 300w\" sizes=\"auto, (max-width: 318px) 100vw, 318px\" \/><\/figure><\/div>\n\n\n\n<p><strong><em>Fonte: <a href=\"https:\/\/territoriosecreto.com.br\/especie-de-javali-gravemente-ameacada-de-extincao-ganha-2-novos-filhotes\/\">Territ\u00f3rio Secreto<\/a><\/em><\/strong><\/p>\n","protected":false},"excerpt":{"rendered":"<p>Zool\u00f3gico na regi\u00e3o da Cornualha anunciou e comemorou o nascimento de dois Javalis \u201cverrugosos\u201d das Visayas, esp\u00e9cie que conta com cerca de 200 indiv\u00edduos restantes Por Trajano Xavier Uma esp\u00e9cie gravemente amea\u00e7ada de extin\u00e7\u00e3o teve \u00f3tima not\u00edcia nos \u00faltimos dias. O zool\u00f3gico de Newquay, na regi\u00e3o brit\u00e2nica da Cornualha, anunciou o nascimento de dois Javalis [&hellip;]<\/p>\n","protected":false},"author":2,"featured_media":41514,"comment_status":"open","ping_status":"open","sticky":false,"template":"","format":"standard","meta":{"footnotes":""},"categories":[8],"tags":[19509,14272,19508,1261,1698],"class_list":["post-41513","post","type-post","status-publish","format-standard","has-post-thumbnail","hentry","category-meio-ambiente","tag-cornualha","tag-especie-ameacada-de-extincao","tag-especie-de-javali","tag-filhotes","tag-zoologico"],"yoast_head":"<!-- This site is optimized with the Yoast SEO plugin v26.5 - https:\/\/yoast.com\/wordpress\/plugins\/seo\/ -->\n<title>Esp\u00e9cie de javali gravemente amea\u00e7ada de extin\u00e7\u00e3o ganha dois novos filhotes - Jornal Fatos e Not\u00edcias<\/title>\n<meta name=\"robots\" content=\"index, follow, max-snippet:-1, max-image-preview:large, max-video-preview:-1\" \/>\n<link rel=\"canonical\" href=\"https:\/\/jornalfatosenoticias.com.br\/index.php\/2023\/05\/17\/especie-de-javali-gravemente-ameacada-de-extincao-ganha-dois-novos-filhotes\/\" \/>\n<meta property=\"og:locale\" content=\"pt_BR\" \/>\n<meta property=\"og:type\" content=\"article\" \/>\n<meta property=\"og:title\" content=\"Esp\u00e9cie de javali gravemente amea\u00e7ada de extin\u00e7\u00e3o ganha dois novos filhotes - Jornal Fatos e Not\u00edcias\" \/>\n<meta property=\"og:description\" content=\"Zool\u00f3gico na regi\u00e3o da Cornualha anunciou e comemorou o nascimento de dois Javalis \u201cverrugosos\u201d das Visayas, esp\u00e9cie que conta com cerca de 200 indiv\u00edduos restantes Por Trajano Xavier Uma esp\u00e9cie gravemente amea\u00e7ada de extin\u00e7\u00e3o teve \u00f3tima not\u00edcia nos \u00faltimos dias. O zool\u00f3gico de Newquay, na regi\u00e3o brit\u00e2nica da Cornualha, anunciou o nascimento de dois Javalis [&hellip;]\" \/>\n<meta property=\"og:url\" content=\"https:\/\/jornalfatosenoticias.com.br\/index.php\/2023\/05\/17\/especie-de-javali-gravemente-ameacada-de-extincao-ganha-dois-novos-filhotes\/\" \/>\n<meta property=\"og:site_name\" content=\"Jornal Fatos e Not\u00edcias\" \/>\n<meta property=\"article:published_time\" content=\"2023-05-17T14:23:00+00:00\" \/>\n<meta property=\"article:modified_time\" content=\"2023-05-17T14:23:02+00:00\" \/>\n<meta property=\"og:image\" content=\"https:\/\/jornalfatosenoticias.com.br\/wp-content\/uploads\/2023\/05\/javali-extincao.jpg\" \/>\n\t<meta property=\"og:image:width\" content=\"1000\" \/>\n\t<meta property=\"og:image:height\" content=\"642\" \/>\n\t<meta property=\"og:image:type\" content=\"image\/jpeg\" \/>\n<meta name=\"author\" content=\"Luzimara Fernandes\" \/>\n<meta name=\"twitter:card\" content=\"summary_large_image\" \/>\n<meta name=\"twitter:label1\" content=\"Escrito por\" \/>\n\t<meta name=\"twitter:data1\" content=\"Luzimara Fernandes\" \/>\n\t<meta name=\"twitter:label2\" content=\"Est. tempo de leitura\" \/>\n\t<meta name=\"twitter:data2\" content=\"1 minuto\" \/>\n<script type=\"application\/ld+json\" class=\"yoast-schema-graph\">{\"@context\":\"https:\/\/schema.org\",\"@graph\":[{\"@type\":\"Article\",\"@id\":\"https:\/\/jornalfatosenoticias.com.br\/index.php\/2023\/05\/17\/especie-de-javali-gravemente-ameacada-de-extincao-ganha-dois-novos-filhotes\/#article\",\"isPartOf\":{\"@id\":\"https:\/\/jornalfatosenoticias.com.br\/index.php\/2023\/05\/17\/especie-de-javali-gravemente-ameacada-de-extincao-ganha-dois-novos-filhotes\/\"},\"author\":{\"name\":\"Luzimara Fernandes\",\"@id\":\"https:\/\/jornalfatosenoticias.com.br\/#\/schema\/person\/d63837fa13ac8666eb9e74e0985d6f81\"},\"headline\":\"Esp\u00e9cie de javali gravemente amea\u00e7ada de extin\u00e7\u00e3o ganha dois novos filhotes\",\"datePublished\":\"2023-05-17T14:23:00+00:00\",\"dateModified\":\"2023-05-17T14:23:02+00:00\",\"mainEntityOfPage\":{\"@id\":\"https:\/\/jornalfatosenoticias.com.br\/index.php\/2023\/05\/17\/especie-de-javali-gravemente-ameacada-de-extincao-ganha-dois-novos-filhotes\/\"},\"wordCount\":265,\"commentCount\":0,\"publisher\":{\"@id\":\"https:\/\/jornalfatosenoticias.com.br\/#organization\"},\"image\":{\"@id\":\"https:\/\/jornalfatosenoticias.com.br\/index.php\/2023\/05\/17\/especie-de-javali-gravemente-ameacada-de-extincao-ganha-dois-novos-filhotes\/#primaryimage\"},\"thumbnailUrl\":\"https:\/\/jornalfatosenoticias.com.br\/wp-content\/uploads\/2023\/05\/javali-extincao.jpg\",\"keywords\":[\"Cornualha\",\"esp\u00e9cie amea\u00e7ada de extin\u00e7\u00e3o\",\"esp\u00e9cie de javali\",\"filhotes\",\"zool\u00f3gico\"],\"articleSection\":[\"Meio ambiente\"],\"inLanguage\":\"pt-BR\",\"potentialAction\":[{\"@type\":\"CommentAction\",\"name\":\"Comment\",\"target\":[\"https:\/\/jornalfatosenoticias.com.br\/index.php\/2023\/05\/17\/especie-de-javali-gravemente-ameacada-de-extincao-ganha-dois-novos-filhotes\/#respond\"]}]},{\"@type\":\"WebPage\",\"@id\":\"https:\/\/jornalfatosenoticias.com.br\/index.php\/2023\/05\/17\/especie-de-javali-gravemente-ameacada-de-extincao-ganha-dois-novos-filhotes\/\",\"url\":\"https:\/\/jornalfatosenoticias.com.br\/index.php\/2023\/05\/17\/especie-de-javali-gravemente-ameacada-de-extincao-ganha-dois-novos-filhotes\/\",\"name\":\"Esp\u00e9cie de javali gravemente amea\u00e7ada de extin\u00e7\u00e3o ganha dois novos filhotes - Jornal Fatos e Not\u00edcias\",\"isPartOf\":{\"@id\":\"https:\/\/jornalfatosenoticias.com.br\/#website\"},\"primaryImageOfPage\":{\"@id\":\"https:\/\/jornalfatosenoticias.com.br\/index.php\/2023\/05\/17\/especie-de-javali-gravemente-ameacada-de-extincao-ganha-dois-novos-filhotes\/#primaryimage\"},\"image\":{\"@id\":\"https:\/\/jornalfatosenoticias.com.br\/index.php\/2023\/05\/17\/especie-de-javali-gravemente-ameacada-de-extincao-ganha-dois-novos-filhotes\/#primaryimage\"},\"thumbnailUrl\":\"https:\/\/jornalfatosenoticias.com.br\/wp-content\/uploads\/2023\/05\/javali-extincao.jpg\",\"datePublished\":\"2023-05-17T14:23:00+00:00\",\"dateModified\":\"2023-05-17T14:23:02+00:00\",\"breadcrumb\":{\"@id\":\"https:\/\/jornalfatosenoticias.com.br\/index.php\/2023\/05\/17\/especie-de-javali-gravemente-ameacada-de-extincao-ganha-dois-novos-filhotes\/#breadcrumb\"},\"inLanguage\":\"pt-BR\",\"potentialAction\":[{\"@type\":\"ReadAction\",\"target\":[\"https:\/\/jornalfatosenoticias.com.br\/index.php\/2023\/05\/17\/especie-de-javali-gravemente-ameacada-de-extincao-ganha-dois-novos-filhotes\/\"]}]},{\"@type\":\"ImageObject\",\"inLanguage\":\"pt-BR\",\"@id\":\"https:\/\/jornalfatosenoticias.com.br\/index.php\/2023\/05\/17\/especie-de-javali-gravemente-ameacada-de-extincao-ganha-dois-novos-filhotes\/#primaryimage\",\"url\":\"https:\/\/jornalfatosenoticias.com.br\/wp-content\/uploads\/2023\/05\/javali-extincao.jpg\",\"contentUrl\":\"https:\/\/jornalfatosenoticias.com.br\/wp-content\/uploads\/2023\/05\/javali-extincao.jpg\",\"width\":1000,\"height\":642},{\"@type\":\"BreadcrumbList\",\"@id\":\"https:\/\/jornalfatosenoticias.com.br\/index.php\/2023\/05\/17\/especie-de-javali-gravemente-ameacada-de-extincao-ganha-dois-novos-filhotes\/#breadcrumb\",\"itemListElement\":[{\"@type\":\"ListItem\",\"position\":1,\"name\":\"In\u00edcio\",\"item\":\"https:\/\/jornalfatosenoticias.com.br\/\"},{\"@type\":\"ListItem\",\"position\":2,\"name\":\"Esp\u00e9cie de javali gravemente amea\u00e7ada de extin\u00e7\u00e3o ganha dois novos filhotes\"}]},{\"@type\":\"WebSite\",\"@id\":\"https:\/\/jornalfatosenoticias.com.br\/#website\",\"url\":\"https:\/\/jornalfatosenoticias.com.br\/\",\"name\":\"Jornal Fatos e Not\u00edcias\",\"description\":\"Not\u00edcias em geral\",\"publisher\":{\"@id\":\"https:\/\/jornalfatosenoticias.com.br\/#organization\"},\"potentialAction\":[{\"@type\":\"SearchAction\",\"target\":{\"@type\":\"EntryPoint\",\"urlTemplate\":\"https:\/\/jornalfatosenoticias.com.br\/?s={search_term_string}\"},\"query-input\":{\"@type\":\"PropertyValueSpecification\",\"valueRequired\":true,\"valueName\":\"search_term_string\"}}],\"inLanguage\":\"pt-BR\"},{\"@type\":\"Organization\",\"@id\":\"https:\/\/jornalfatosenoticias.com.br\/#organization\",\"name\":\"Jornal Fatos e Not\u00edcias\",\"url\":\"https:\/\/jornalfatosenoticias.com.br\/\",\"logo\":{\"@type\":\"ImageObject\",\"inLanguage\":\"pt-BR\",\"@id\":\"https:\/\/jornalfatosenoticias.com.br\/#\/schema\/logo\/image\/\",\"url\":\"https:\/\/jornalfatosenoticias.com.br\/wp-content\/uploads\/2020\/02\/logo120.png\",\"contentUrl\":\"https:\/\/jornalfatosenoticias.com.br\/wp-content\/uploads\/2020\/02\/logo120.png\",\"width\":1227,\"height\":120,\"caption\":\"Jornal Fatos e Not\u00edcias\"},\"image\":{\"@id\":\"https:\/\/jornalfatosenoticias.com.br\/#\/schema\/logo\/image\/\"}},{\"@type\":\"Person\",\"@id\":\"https:\/\/jornalfatosenoticias.com.br\/#\/schema\/person\/d63837fa13ac8666eb9e74e0985d6f81\",\"name\":\"Luzimara Fernandes\",\"image\":{\"@type\":\"ImageObject\",\"inLanguage\":\"pt-BR\",\"@id\":\"https:\/\/jornalfatosenoticias.com.br\/#\/schema\/person\/image\/\",\"url\":\"https:\/\/jornalfatosenoticias.com.br\/wp-content\/uploads\/2025\/05\/EU_portal.jpg\",\"contentUrl\":\"https:\/\/jornalfatosenoticias.com.br\/wp-content\/uploads\/2025\/05\/EU_portal.jpg\",\"caption\":\"Luzimara Fernandes\"},\"description\":\"Jornalista MTB 2358-ES\",\"sameAs\":[\"https:\/\/jornalfatosenoticias.com.br\"],\"url\":\"https:\/\/jornalfatosenoticias.com.br\/index.php\/author\/luzimara\/\"}]}<\/script>\n<!-- \/ Yoast SEO plugin. -->","yoast_head_json":{"title":"Esp\u00e9cie de javali gravemente amea\u00e7ada de extin\u00e7\u00e3o ganha dois novos filhotes - Jornal Fatos e Not\u00edcias","robots":{"index":"index","follow":"follow","max-snippet":"max-snippet:-1","max-image-preview":"max-image-preview:large","max-video-preview":"max-video-preview:-1"},"canonical":"https:\/\/jornalfatosenoticias.com.br\/index.php\/2023\/05\/17\/especie-de-javali-gravemente-ameacada-de-extincao-ganha-dois-novos-filhotes\/","og_locale":"pt_BR","og_type":"article","og_title":"Esp\u00e9cie de javali gravemente amea\u00e7ada de extin\u00e7\u00e3o ganha dois novos filhotes - Jornal Fatos e Not\u00edcias","og_description":"Zool\u00f3gico na regi\u00e3o da Cornualha anunciou e comemorou o nascimento de dois Javalis \u201cverrugosos\u201d das Visayas, esp\u00e9cie que conta com cerca de 200 indiv\u00edduos restantes Por Trajano Xavier Uma esp\u00e9cie gravemente amea\u00e7ada de extin\u00e7\u00e3o teve \u00f3tima not\u00edcia nos \u00faltimos dias. O zool\u00f3gico de Newquay, na regi\u00e3o brit\u00e2nica da Cornualha, anunciou o nascimento de dois Javalis [&hellip;]","og_url":"https:\/\/jornalfatosenoticias.com.br\/index.php\/2023\/05\/17\/especie-de-javali-gravemente-ameacada-de-extincao-ganha-dois-novos-filhotes\/","og_site_name":"Jornal Fatos e Not\u00edcias","article_published_time":"2023-05-17T14:23:00+00:00","article_modified_time":"2023-05-17T14:23:02+00:00","og_image":[{"width":1000,"height":642,"url":"https:\/\/jornalfatosenoticias.com.br\/wp-content\/uploads\/2023\/05\/javali-extincao.jpg","type":"image\/jpeg"}],"author":"Luzimara Fernandes","twitter_card":"summary_large_image","twitter_misc":{"Escrito por":"Luzimara Fernandes","Est. tempo de leitura":"1 minuto"},"schema":{"@context":"https:\/\/schema.org","@graph":[{"@type":"Article","@id":"https:\/\/jornalfatosenoticias.com.br\/index.php\/2023\/05\/17\/especie-de-javali-gravemente-ameacada-de-extincao-ganha-dois-novos-filhotes\/#article","isPartOf":{"@id":"https:\/\/jornalfatosenoticias.com.br\/index.php\/2023\/05\/17\/especie-de-javali-gravemente-ameacada-de-extincao-ganha-dois-novos-filhotes\/"},"author":{"name":"Luzimara Fernandes","@id":"https:\/\/jornalfatosenoticias.com.br\/#\/schema\/person\/d63837fa13ac8666eb9e74e0985d6f81"},"headline":"Esp\u00e9cie de javali gravemente amea\u00e7ada de extin\u00e7\u00e3o ganha dois novos filhotes","datePublished":"2023-05-17T14:23:00+00:00","dateModified":"2023-05-17T14:23:02+00:00","mainEntityOfPage":{"@id":"https:\/\/jornalfatosenoticias.com.br\/index.php\/2023\/05\/17\/especie-de-javali-gravemente-ameacada-de-extincao-ganha-dois-novos-filhotes\/"},"wordCount":265,"commentCount":0,"publisher":{"@id":"https:\/\/jornalfatosenoticias.com.br\/#organization"},"image":{"@id":"https:\/\/jornalfatosenoticias.com.br\/index.php\/2023\/05\/17\/especie-de-javali-gravemente-ameacada-de-extincao-ganha-dois-novos-filhotes\/#primaryimage"},"thumbnailUrl":"https:\/\/jornalfatosenoticias.com.br\/wp-content\/uploads\/2023\/05\/javali-extincao.jpg","keywords":["Cornualha","esp\u00e9cie amea\u00e7ada de extin\u00e7\u00e3o","esp\u00e9cie de javali","filhotes","zool\u00f3gico"],"articleSection":["Meio ambiente"],"inLanguage":"pt-BR","potentialAction":[{"@type":"CommentAction","name":"Comment","target":["https:\/\/jornalfatosenoticias.com.br\/index.php\/2023\/05\/17\/especie-de-javali-gravemente-ameacada-de-extincao-ganha-dois-novos-filhotes\/#respond"]}]},{"@type":"WebPage","@id":"https:\/\/jornalfatosenoticias.com.br\/index.php\/2023\/05\/17\/especie-de-javali-gravemente-ameacada-de-extincao-ganha-dois-novos-filhotes\/","url":"https:\/\/jornalfatosenoticias.com.br\/index.php\/2023\/05\/17\/especie-de-javali-gravemente-ameacada-de-extincao-ganha-dois-novos-filhotes\/","name":"Esp\u00e9cie de javali gravemente amea\u00e7ada de extin\u00e7\u00e3o ganha dois novos filhotes - Jornal Fatos e Not\u00edcias","isPartOf":{"@id":"https:\/\/jornalfatosenoticias.com.br\/#website"},"primaryImageOfPage":{"@id":"https:\/\/jornalfatosenoticias.com.br\/index.php\/2023\/05\/17\/especie-de-javali-gravemente-ameacada-de-extincao-ganha-dois-novos-filhotes\/#primaryimage"},"image":{"@id":"https:\/\/jornalfatosenoticias.com.br\/index.php\/2023\/05\/17\/especie-de-javali-gravemente-ameacada-de-extincao-ganha-dois-novos-filhotes\/#primaryimage"},"thumbnailUrl":"https:\/\/jornalfatosenoticias.com.br\/wp-content\/uploads\/2023\/05\/javali-extincao.jpg","datePublished":"2023-05-17T14:23:00+00:00","dateModified":"2023-05-17T14:23:02+00:00","breadcrumb":{"@id":"https:\/\/jornalfatosenoticias.com.br\/index.php\/2023\/05\/17\/especie-de-javali-gravemente-ameacada-de-extincao-ganha-dois-novos-filhotes\/#breadcrumb"},"inLanguage":"pt-BR","potentialAction":[{"@type":"ReadAction","target":["https:\/\/jornalfatosenoticias.com.br\/index.php\/2023\/05\/17\/especie-de-javali-gravemente-ameacada-de-extincao-ganha-dois-novos-filhotes\/"]}]},{"@type":"ImageObject","inLanguage":"pt-BR","@id":"https:\/\/jornalfatosenoticias.com.br\/index.php\/2023\/05\/17\/especie-de-javali-gravemente-ameacada-de-extincao-ganha-dois-novos-filhotes\/#primaryimage","url":"https:\/\/jornalfatosenoticias.com.br\/wp-content\/uploads\/2023\/05\/javali-extincao.jpg","contentUrl":"https:\/\/jornalfatosenoticias.com.br\/wp-content\/uploads\/2023\/05\/javali-extincao.jpg","width":1000,"height":642},{"@type":"BreadcrumbList","@id":"https:\/\/jornalfatosenoticias.com.br\/index.php\/2023\/05\/17\/especie-de-javali-gravemente-ameacada-de-extincao-ganha-dois-novos-filhotes\/#breadcrumb","itemListElement":[{"@type":"ListItem","position":1,"name":"In\u00edcio","item":"https:\/\/jornalfatosenoticias.com.br\/"},{"@type":"ListItem","position":2,"name":"Esp\u00e9cie de javali gravemente amea\u00e7ada de extin\u00e7\u00e3o ganha dois novos filhotes"}]},{"@type":"WebSite","@id":"https:\/\/jornalfatosenoticias.com.br\/#website","url":"https:\/\/jornalfatosenoticias.com.br\/","name":"Jornal Fatos e Not\u00edcias","description":"Not\u00edcias em geral","publisher":{"@id":"https:\/\/jornalfatosenoticias.com.br\/#organization"},"potentialAction":[{"@type":"SearchAction","target":{"@type":"EntryPoint","urlTemplate":"https:\/\/jornalfatosenoticias.com.br\/?s={search_term_string}"},"query-input":{"@type":"PropertyValueSpecification","valueRequired":true,"valueName":"search_term_string"}}],"inLanguage":"pt-BR"},{"@type":"Organization","@id":"https:\/\/jornalfatosenoticias.com.br\/#organization","name":"Jornal Fatos e Not\u00edcias","url":"https:\/\/jornalfatosenoticias.com.br\/","logo":{"@type":"ImageObject","inLanguage":"pt-BR","@id":"https:\/\/jornalfatosenoticias.com.br\/#\/schema\/logo\/image\/","url":"https:\/\/jornalfatosenoticias.com.br\/wp-content\/uploads\/2020\/02\/logo120.png","contentUrl":"https:\/\/jornalfatosenoticias.com.br\/wp-content\/uploads\/2020\/02\/logo120.png","width":1227,"height":120,"caption":"Jornal Fatos e Not\u00edcias"},"image":{"@id":"https:\/\/jornalfatosenoticias.com.br\/#\/schema\/logo\/image\/"}},{"@type":"Person","@id":"https:\/\/jornalfatosenoticias.com.br\/#\/schema\/person\/d63837fa13ac8666eb9e74e0985d6f81","name":"Luzimara Fernandes","image":{"@type":"ImageObject","inLanguage":"pt-BR","@id":"https:\/\/jornalfatosenoticias.com.br\/#\/schema\/person\/image\/","url":"https:\/\/jornalfatosenoticias.com.br\/wp-content\/uploads\/2025\/05\/EU_portal.jpg","contentUrl":"https:\/\/jornalfatosenoticias.com.br\/wp-content\/uploads\/2025\/05\/EU_portal.jpg","caption":"Luzimara Fernandes"},"description":"Jornalista MTB 2358-ES","sameAs":["https:\/\/jornalfatosenoticias.com.br"],"url":"https:\/\/jornalfatosenoticias.com.br\/index.php\/author\/luzimara\/"}]}},"cc_featured_image_caption":{"caption_text":"(Foto: Getty Images) ","source_text":"","source_url":""},"jetpack_featured_media_url":"https:\/\/jornalfatosenoticias.com.br\/wp-content\/uploads\/2023\/05\/javali-extincao.jpg","_links":{"self":[{"href":"https:\/\/jornalfatosenoticias.com.br\/index.php\/wp-json\/wp\/v2\/posts\/41513","targetHints":{"allow":["GET"]}}],"collection":[{"href":"https:\/\/jornalfatosenoticias.com.br\/index.php\/wp-json\/wp\/v2\/posts"}],"about":[{"href":"https:\/\/jornalfatosenoticias.com.br\/index.php\/wp-json\/wp\/v2\/types\/post"}],"author":[{"embeddable":true,"href":"https:\/\/jornalfatosenoticias.com.br\/index.php\/wp-json\/wp\/v2\/users\/2"}],"replies":[{"embeddable":true,"href":"https:\/\/jornalfatosenoticias.com.br\/index.php\/wp-json\/wp\/v2\/comments?post=41513"}],"version-history":[{"count":0,"href":"https:\/\/jornalfatosenoticias.com.br\/index.php\/wp-json\/wp\/v2\/posts\/41513\/revisions"}],"wp:featuredmedia":[{"embeddable":true,"href":"https:\/\/jornalfatosenoticias.com.br\/index.php\/wp-json\/wp\/v2\/media\/41514"}],"wp:attachment":[{"href":"https:\/\/jornalfatosenoticias.com.br\/index.php\/wp-json\/wp\/v2\/media?parent=41513"}],"wp:term":[{"taxonomy":"category","embeddable":true,"href":"https:\/\/jornalfatosenoticias.com.br\/index.php\/wp-json\/wp\/v2\/categories?post=41513"},{"taxonomy":"post_tag","embeddable":true,"href":"https:\/\/jornalfatosenoticias.com.br\/index.php\/wp-json\/wp\/v2\/tags?post=41513"}],"curies":[{"name":"wp","href":"https:\/\/api.w.org\/{rel}","templated":true}]}}