{"id":41546,"date":"2023-05-18T13:44:37","date_gmt":"2023-05-18T16:44:37","guid":{"rendered":"https:\/\/jornalfatosenoticias.com.br\/?p=41546"},"modified":"2023-05-18T13:44:40","modified_gmt":"2023-05-18T16:44:40","slug":"a-semana-em-brasilia-e-no-es-6","status":"publish","type":"post","link":"https:\/\/jornalfatosenoticias.com.br\/index.php\/2023\/05\/18\/a-semana-em-brasilia-e-no-es-6\/","title":{"rendered":"A Semana em Bras\u00edlia e no ES"},"content":{"rendered":"\n<div class=\"wp-block-image\"><figure class=\"aligncenter size-large\"><img loading=\"lazy\" decoding=\"async\" width=\"729\" height=\"90\" src=\"https:\/\/jornalfatosenoticias.com.br\/wp-content\/uploads\/2020\/02\/Logo_Mizu.png\" alt=\"\" class=\"wp-image-1441\" srcset=\"https:\/\/jornalfatosenoticias.com.br\/wp-content\/uploads\/2020\/02\/Logo_Mizu.png 729w, https:\/\/jornalfatosenoticias.com.br\/wp-content\/uploads\/2020\/02\/Logo_Mizu-300x37.png 300w\" sizes=\"auto, (max-width: 729px) 100vw, 729px\" \/><\/figure><\/div>\n\n\n\n<h4 class=\"wp-block-heading\"><span class=\"has-inline-color has-black-color\">A Mesma justi\u00e7a que liberou o ladr\u00e3o, cassou o deputado Deltan Dallagnol<\/span><\/h4>\n\n\n\n<p>Por unanimidade, o TSE cassou o mandato de Deltan Dallagnol, com base na Lei da Ficha Limpa. Por outro lado, autorizou registro de candidatura de Luiz In\u00e1cio Lula da Silva\u2026 Pode?<br>Agora, advinha qual deles foi delatado, descondensado pelos amigos indicados para o Supremo Tribunal Federal (STF), devolveu bilh\u00f5es aos cofres p\u00fablicos e morou quase dois anos na carceragem da superintend\u00eancia da Pol\u00edcia Federal de Curitiba?<\/p>\n\n\n\n<div class=\"wp-block-image\"><figure class=\"aligncenter size-large is-resized\"><img loading=\"lazy\" decoding=\"async\" src=\"https:\/\/jornalfatosenoticias.com.br\/wp-content\/uploads\/2023\/03\/nova-logo-Marquetti.jpg\" alt=\"\" class=\"wp-image-40207\" width=\"280\" height=\"188\" srcset=\"https:\/\/jornalfatosenoticias.com.br\/wp-content\/uploads\/2023\/03\/nova-logo-Marquetti.jpg 643w, https:\/\/jornalfatosenoticias.com.br\/wp-content\/uploads\/2023\/03\/nova-logo-Marquetti-300x202.jpg 300w\" sizes=\"auto, (max-width: 280px) 100vw, 280px\" \/><\/figure><\/div>\n\n\n\n<hr class=\"wp-block-separator\"\/>\n\n\n\n<p><strong><span class=\"has-inline-color has-black-color\">Lula e sua gastan\u00e7as<br><\/span><\/strong>Gastar dinheiro dos outros \u00e9 a coisa mais f\u00e1cil do mundo e, aqui no Brasil, a coisa est\u00e1 escancarada. R$ 4 milh\u00f5es m\u00eas \u00e9 a quantia que Lula gasta com o cart\u00e3o corporativo, o maior gasto dos \u00faltimos 10 anos. Ou seja, diariamente o pseudopresidente gasta aproximadamente R$ 160.000 reais por dia, o maior gasto que um presidente j\u00e1 fez por dia.<\/p>\n\n\n\n<div class=\"wp-block-image\"><figure class=\"aligncenter size-large\"><img loading=\"lazy\" decoding=\"async\" width=\"222\" height=\"222\" src=\"https:\/\/jornalfatosenoticias.com.br\/wp-content\/uploads\/2023\/05\/dinheiro-voando-524.jpg\" alt=\"\" class=\"wp-image-41548\" srcset=\"https:\/\/jornalfatosenoticias.com.br\/wp-content\/uploads\/2023\/05\/dinheiro-voando-524.jpg 222w, https:\/\/jornalfatosenoticias.com.br\/wp-content\/uploads\/2023\/05\/dinheiro-voando-524-150x150.jpg 150w\" sizes=\"auto, (max-width: 222px) 100vw, 222px\" \/><figcaption><em><span class=\"has-inline-color has-black-color\">(Imagem: Pinterest)<\/span><\/em><\/figcaption><\/figure><\/div>\n\n\n\n<hr class=\"wp-block-separator\"\/>\n\n\n\n<p><strong><span class=\"has-inline-color has-black-color\">Olavo de Carvalho<\/span><\/strong><\/p>\n\n\n\n<div class=\"wp-block-image\"><figure class=\"aligncenter size-large\"><img loading=\"lazy\" decoding=\"async\" width=\"1000\" height=\"562\" src=\"https:\/\/jornalfatosenoticias.com.br\/wp-content\/uploads\/2023\/05\/Olavo-524-C.jpg\" alt=\"\" class=\"wp-image-41549\" srcset=\"https:\/\/jornalfatosenoticias.com.br\/wp-content\/uploads\/2023\/05\/Olavo-524-C.jpg 1000w, https:\/\/jornalfatosenoticias.com.br\/wp-content\/uploads\/2023\/05\/Olavo-524-C-300x169.jpg 300w, https:\/\/jornalfatosenoticias.com.br\/wp-content\/uploads\/2023\/05\/Olavo-524-C-768x432.jpg 768w\" sizes=\"auto, (max-width: 1000px) 100vw, 1000px\" \/><figcaption><em><span class=\"has-inline-color has-black-color\">(Foto: Reprodu\u00e7\u00e3o\/Twitter)<\/span><\/em><\/figcaption><\/figure><\/div>\n\n\n\n<p>O Jornal Brasil Sem Medo anunciou que n\u00e3o ir\u00e1 se curvar diante da ditadura, e ir\u00e1 dobrar de tamanho. A aposta contra a censura ser\u00e1 utilizar equipamentos de \u00faltima gera\u00e7\u00e3o em suas produ\u00e7\u00f5es. O jornal foi fundado com as b\u00ean\u00e7\u00e3os de Olavo de Carvalho, em 2019, e \u00e9 um dos maiores da atualidade.<br>Ainda temos gente comprometida com a verdade, lutando incessantemente contra a mentira. \u201cPrendam os comunistas por aquilo que fazem, caso contr\u00e1rio, eles te prender\u00e3o por aquilo que voc\u00ea n\u00e3o fez\u201d, Olavo de Carvalho.<\/p>\n\n\n\n<div class=\"wp-block-image\"><figure class=\"aligncenter size-large is-resized\"><img loading=\"lazy\" decoding=\"async\" src=\"https:\/\/jornalfatosenoticias.com.br\/wp-content\/uploads\/2022\/10\/RC_800x750_page-0001.jpg\" alt=\"\" class=\"wp-image-35338\" width=\"263\" height=\"247\" srcset=\"https:\/\/jornalfatosenoticias.com.br\/wp-content\/uploads\/2022\/10\/RC_800x750_page-0001.jpg 400w, https:\/\/jornalfatosenoticias.com.br\/wp-content\/uploads\/2022\/10\/RC_800x750_page-0001-300x281.jpg 300w\" sizes=\"auto, (max-width: 263px) 100vw, 263px\" \/><\/figure><\/div>\n\n\n\n<hr class=\"wp-block-separator\"\/>\n\n\n\n<p><strong><span class=\"has-inline-color has-black-color\">Respeitado jornalista Augusto Nunes<br><\/span><\/strong>\u201cN\u00e3o tenham medo de voltar \u00e0s ruas quando for necess\u00e1rio, a pra\u00e7a \u00e9 do povo. O Legislativo representa o povo. PRESSIONEM os parlamentares, pois eles foram eleitos para trabalharem para n\u00f3s\u201d.<\/p>\n\n\n\n<div class=\"wp-block-image\"><figure class=\"aligncenter size-large\"><img loading=\"lazy\" decoding=\"async\" width=\"1000\" height=\"562\" src=\"https:\/\/jornalfatosenoticias.com.br\/wp-content\/uploads\/2023\/05\/Nunes-524.jpg\" alt=\"\" class=\"wp-image-41550\" srcset=\"https:\/\/jornalfatosenoticias.com.br\/wp-content\/uploads\/2023\/05\/Nunes-524.jpg 1000w, https:\/\/jornalfatosenoticias.com.br\/wp-content\/uploads\/2023\/05\/Nunes-524-300x169.jpg 300w, https:\/\/jornalfatosenoticias.com.br\/wp-content\/uploads\/2023\/05\/Nunes-524-768x432.jpg 768w\" sizes=\"auto, (max-width: 1000px) 100vw, 1000px\" \/><figcaption><em><span class=\"has-inline-color has-black-color\">(Imagem: YouTube\/Revista Oeste)<\/span><\/em><\/figcaption><\/figure><\/div>\n\n\n\n<hr class=\"wp-block-separator\"\/>\n\n\n\n<h4 class=\"wp-block-heading\"><strong><span class=\"has-inline-color has-black-color\">Amaro Neto \u2014 O palha\u00e7o capixaba<\/span><\/strong><\/h4>\n\n\n\n<div class=\"wp-block-image\"><figure class=\"aligncenter size-large\"><img loading=\"lazy\" decoding=\"async\" width=\"600\" height=\"400\" src=\"https:\/\/jornalfatosenoticias.com.br\/wp-content\/uploads\/2023\/05\/amaro-524.jpg\" alt=\"\" class=\"wp-image-41551\" srcset=\"https:\/\/jornalfatosenoticias.com.br\/wp-content\/uploads\/2023\/05\/amaro-524.jpg 600w, https:\/\/jornalfatosenoticias.com.br\/wp-content\/uploads\/2023\/05\/amaro-524-300x200.jpg 300w\" sizes=\"auto, (max-width: 600px) 100vw, 600px\" \/><figcaption><em><span class=\"has-inline-color has-black-color\">(Foto: Reprodu\u00e7\u00e3o)<\/span><\/em><\/figcaption><\/figure><\/div>\n\n\n\n<p>Parlamentar sem nenhuma import\u00e2ncia no cen\u00e1rio pol\u00edtico capixaba, o apagado deputado federal, Amaro Neto, vem disputando com o senador Fabiano Contarato o primeiro lugar no p\u00f3dio da rejei\u00e7\u00e3o entre os capixabas bem-informados, ou seja, antenados.<br>O cara \u00e9 um peso morto mesmo. Observem nas suas vota\u00e7\u00f5es de relev\u00e2ncia nacional, desde o seu primeiro mandato. Os votos s\u00e3o, na maioria das vezes, todos contr\u00e1rios \u00e0 opini\u00e3o p\u00fablica capixaba, foi assim quando votou a favor pela pris\u00e3o do ex-deputado federal Daniel Silveira, fazendo coro \u00e0 decis\u00e3o do Alexandre de Moraes. Essa dupla \u00e9 uma vergonha para o povo capixaba!<\/p>\n\n\n\n<div class=\"wp-block-image\"><figure class=\"aligncenter size-large is-resized\"><img loading=\"lazy\" decoding=\"async\" src=\"https:\/\/jornalfatosenoticias.com.br\/wp-content\/uploads\/2022\/07\/Logo-Grupo-SEI.jpg\" alt=\"\" class=\"wp-image-31973\" width=\"330\" height=\"173\" srcset=\"https:\/\/jornalfatosenoticias.com.br\/wp-content\/uploads\/2022\/07\/Logo-Grupo-SEI.jpg 713w, https:\/\/jornalfatosenoticias.com.br\/wp-content\/uploads\/2022\/07\/Logo-Grupo-SEI-300x158.jpg 300w\" sizes=\"auto, (max-width: 330px) 100vw, 330px\" \/><\/figure><\/div>\n\n\n\n<hr class=\"wp-block-separator\"\/>\n\n\n\n<p><strong><span class=\"has-inline-color has-black-color\">Ministro Marques Nunes<br><\/span><\/strong>K\u00e1ssio Nunes Marques foi eleito ministro efetivo do Tribunal Superior Eleitoral (TSE) e deve assumir a corte em 2026. O magistrado atuava como substituto e passa a assumir vaga deixada por Lewandowski. Em sess\u00e3o administrativa, nesta quarta-feira (17), o ministro Nunes Marques foi eleito pelo Supremo Tribunal Federal (STF) como ministro titular do TSE. Esta \u00e9 a primeira vez que um ministro indicado pelo ex-presidente Jair Bolsonaro (PL) \u00e0 Suprema Corte conquista uma cadeira na Corte Eleitoral.<\/p>\n\n\n\n<div class=\"wp-block-image\"><figure class=\"aligncenter size-large\"><img loading=\"lazy\" decoding=\"async\" width=\"657\" height=\"836\" src=\"https:\/\/jornalfatosenoticias.com.br\/wp-content\/uploads\/2023\/05\/Kassio_Nunes_Marques.jpg\" alt=\"\" class=\"wp-image-41552\" srcset=\"https:\/\/jornalfatosenoticias.com.br\/wp-content\/uploads\/2023\/05\/Kassio_Nunes_Marques.jpg 657w, https:\/\/jornalfatosenoticias.com.br\/wp-content\/uploads\/2023\/05\/Kassio_Nunes_Marques-236x300.jpg 236w\" sizes=\"auto, (max-width: 657px) 100vw, 657px\" \/><figcaption><em><span class=\"has-inline-color has-black-color\">Solenidade de Posse do Senhor Kassio Nunes Marques, no cargo de Ministro do Supremo Tribunal Federal. (Foto: Marcos Corr\u00eaa\/PR<\/span><\/em>)<\/figcaption><\/figure><\/div>\n\n\n\n<hr class=\"wp-block-separator\"\/>\n\n\n\n<div class=\"wp-block-image\"><figure class=\"aligncenter size-large\"><img loading=\"lazy\" decoding=\"async\" width=\"1024\" height=\"111\" src=\"https:\/\/jornalfatosenoticias.com.br\/wp-content\/uploads\/2020\/02\/WhatsApp-Image-2022-09-23-at-12.09.18-1024x111.jpeg\" alt=\"\" class=\"wp-image-34527\" srcset=\"https:\/\/jornalfatosenoticias.com.br\/wp-content\/uploads\/2020\/02\/WhatsApp-Image-2022-09-23-at-12.09.18-1024x111.jpeg 1024w, https:\/\/jornalfatosenoticias.com.br\/wp-content\/uploads\/2020\/02\/WhatsApp-Image-2022-09-23-at-12.09.18-300x32.jpeg 300w, https:\/\/jornalfatosenoticias.com.br\/wp-content\/uploads\/2020\/02\/WhatsApp-Image-2022-09-23-at-12.09.18-768x83.jpeg 768w, https:\/\/jornalfatosenoticias.com.br\/wp-content\/uploads\/2020\/02\/WhatsApp-Image-2022-09-23-at-12.09.18.jpeg 1121w\" sizes=\"auto, (max-width: 1024px) 100vw, 1024px\" \/><\/figure><\/div>\n\n\n\n<p><strong><span class=\"has-inline-color has-black-color\">Petrobras<br><\/span><\/strong>O valor da Petrobras despencou R$ 84,8 bilh\u00f5es desde a elei\u00e7\u00e3o de Lula. O que j\u00e1 era esperado pelos acionistas e economistas, conhecedores da pol\u00edtica populista do atual desgoverno. Nos quatro anos de governo Jair Bolsonaro (PL), a estatal acumulou um lucro de R$ 358,3 bilh\u00f5es, em valores corrigidos pela infla\u00e7\u00e3o, o que levou a empresa a distribuir um total de R$ 289 bilh\u00f5es em dividendos, quase seis vezes mais do que a m\u00e9dia dos \u00faltimos quatro anos.<\/p>\n\n\n\n<div class=\"wp-block-image\"><figure class=\"aligncenter size-large\"><img loading=\"lazy\" decoding=\"async\" width=\"410\" height=\"580\" src=\"https:\/\/jornalfatosenoticias.com.br\/wp-content\/uploads\/2023\/05\/Bolsonaro-524-D.jpg\" alt=\"\" class=\"wp-image-41553\" srcset=\"https:\/\/jornalfatosenoticias.com.br\/wp-content\/uploads\/2023\/05\/Bolsonaro-524-D.jpg 410w, https:\/\/jornalfatosenoticias.com.br\/wp-content\/uploads\/2023\/05\/Bolsonaro-524-D-212x300.jpg 212w\" sizes=\"auto, (max-width: 410px) 100vw, 410px\" \/><figcaption><em><span class=\"has-inline-color has-black-color\">(Imagem: Pinterest)<\/span><\/em><\/figcaption><\/figure><\/div>\n\n\n\n<hr class=\"wp-block-separator\"\/>\n\n\n\n<h4 class=\"wp-block-heading\"><strong><span class=\"has-inline-color has-black-color\">Devassa de Moraes no entorno de Bolsonaro gera d\u00favida sobre legalidade, dizem especialistas<\/span><\/strong><\/h4>\n\n\n\n<div class=\"wp-block-image\"><figure class=\"aligncenter size-large\"><img loading=\"lazy\" decoding=\"async\" width=\"960\" height=\"540\" src=\"https:\/\/jornalfatosenoticias.com.br\/wp-content\/uploads\/2023\/05\/Alexandre-de-Moraes.jpg\" alt=\"\" class=\"wp-image-41554\" srcset=\"https:\/\/jornalfatosenoticias.com.br\/wp-content\/uploads\/2023\/05\/Alexandre-de-Moraes.jpg 960w, https:\/\/jornalfatosenoticias.com.br\/wp-content\/uploads\/2023\/05\/Alexandre-de-Moraes-300x169.jpg 300w, https:\/\/jornalfatosenoticias.com.br\/wp-content\/uploads\/2023\/05\/Alexandre-de-Moraes-768x432.jpg 768w\" sizes=\"auto, (max-width: 960px) 100vw, 960px\" \/><figcaption><em><span class=\"has-inline-color has-black-color\">(Foto: Ant\u00f4nio Augusto\/Secom\/TSE)<\/span><\/em><\/figcaption><\/figure><\/div>\n\n\n\n<p>Devassa de Moraes no entorno de Bolsonaro gera d\u00favida sobre legalidade, dizem especialistas. Criminalistas ouvidos pela folha afirmam que a quebra de sigilo, por se tratar de uma medida excepcional de investiga\u00e7\u00e3o, s\u00f3 \u00e9 adotada a partir de ind\u00edcios concretos de sua necessidade e de forma proporcional ao que \u00e9 investigado. Uma quebra ordenada por Moraes ainda em 2021 permitiu \u00e0 Pol\u00edcia Federal acessar a nuvem em que eram armazenadas todas as conversas do ex-presidente.<\/p>\n\n\n\n<div class=\"wp-block-image\"><figure class=\"aligncenter size-large\"><img loading=\"lazy\" decoding=\"async\" width=\"300\" height=\"250\" src=\"https:\/\/jornalfatosenoticias.com.br\/wp-content\/uploads\/2022\/08\/arte-Casarao.jpg\" alt=\"\" class=\"wp-image-33178\"\/><\/figure><\/div>\n\n\n\n<hr class=\"wp-block-separator\"\/>\n\n\n\n<p><strong><span class=\"has-inline-color has-black-color\">Senador Marcos do Val<\/span><\/strong><\/p>\n\n\n\n<div class=\"wp-block-image\"><figure class=\"aligncenter size-large\"><img loading=\"lazy\" decoding=\"async\" width=\"400\" height=\"400\" src=\"https:\/\/jornalfatosenoticias.com.br\/wp-content\/uploads\/2023\/05\/Do-Val-524.jpg\" alt=\"\" class=\"wp-image-41555\" srcset=\"https:\/\/jornalfatosenoticias.com.br\/wp-content\/uploads\/2023\/05\/Do-Val-524.jpg 400w, https:\/\/jornalfatosenoticias.com.br\/wp-content\/uploads\/2023\/05\/Do-Val-524-300x300.jpg 300w, https:\/\/jornalfatosenoticias.com.br\/wp-content\/uploads\/2023\/05\/Do-Val-524-150x150.jpg 150w\" sizes=\"auto, (max-width: 400px) 100vw, 400px\" \/><figcaption><em><span class=\"has-inline-color has-black-color\">(Imagem: Reprodu\u00e7\u00e3o Twitter)<\/span><\/em><\/figcaption><\/figure><\/div>\n\n\n\n<p>Lula, o \u201canimal pol\u00edtico\u201d, sabota a pr\u00f3pria pauta. Em vez de priorizar o novo Marco Fiscal e a reforma Tribut\u00e1ria, desperdi\u00e7a energia com bandeiras ideol\u00f3gicas e confrontos com parlamentares. Por essa e outras, em pouco mais de quatro meses, colhe insatisfa\u00e7\u00e3o e derrotas no Congresso.<br>Ele insiste em bandeiras ideol\u00f3gicas do PT recha\u00e7adas pela maioria parlamentar, resiste a reproduzir no governo a frente ampla que o elegeu e ainda confronta o Legislativo, contestando regras que foram aprovadas por deputados e senadores em legislaturas anteriores, como a Lei das Estatais e a privatiza\u00e7\u00e3o da Eletrobras.<br>Essa postura tem gerado reclama\u00e7\u00f5es at\u00e9 mesmo de aliados e amea\u00e7ado a vota\u00e7\u00e3o dos principais pontos da pr\u00f3pria pauta governista. (Fonte: Revista Veja)<\/p>\n\n\n\n<div class=\"wp-block-image\"><figure class=\"aligncenter size-large is-resized\"><img loading=\"lazy\" decoding=\"async\" src=\"https:\/\/jornalfatosenoticias.com.br\/wp-content\/uploads\/2020\/02\/casa-do-torresmo_portal.jpg\" alt=\"\" class=\"wp-image-34472\" width=\"243\" height=\"243\" srcset=\"https:\/\/jornalfatosenoticias.com.br\/wp-content\/uploads\/2020\/02\/casa-do-torresmo_portal.jpg 300w, https:\/\/jornalfatosenoticias.com.br\/wp-content\/uploads\/2020\/02\/casa-do-torresmo_portal-150x150.jpg 150w\" sizes=\"auto, (max-width: 243px) 100vw, 243px\" \/><\/figure><\/div>\n\n\n\n<hr class=\"wp-block-separator\"\/>\n\n\n\n<p><strong><span class=\"has-inline-color has-black-color\">Arthur Lira: Deltan Dallagnol vai ter direito a ampla defesa na C\u00e2mara<\/span><\/strong><\/p>\n\n\n\n<div class=\"wp-block-image\"><figure class=\"aligncenter size-large\"><img loading=\"lazy\" decoding=\"async\" width=\"640\" height=\"480\" src=\"https:\/\/jornalfatosenoticias.com.br\/wp-content\/uploads\/2023\/05\/Arthur-524.jpg\" alt=\"\" class=\"wp-image-41556\" srcset=\"https:\/\/jornalfatosenoticias.com.br\/wp-content\/uploads\/2023\/05\/Arthur-524.jpg 640w, https:\/\/jornalfatosenoticias.com.br\/wp-content\/uploads\/2023\/05\/Arthur-524-300x225.jpg 300w\" sizes=\"auto, (max-width: 640px) 100vw, 640px\" \/><figcaption><em>(Foto: C\u00e2mara dos Deputados)<\/em><\/figcaption><\/figure><\/div>\n\n\n\n<p>\u201cO mandato deve ser cassado somente por esta casa\u201d. Com essa afirma\u00e7\u00e3o, o presidente da C\u00e2mara dos Deputados, Arthur Lira (PP-AL), garantiu que Dallagnol tem cinco dias \u00fateis para se defender. Nesta quarta-feira (17), ap\u00f3s a perda do mandato do deputado federal Deltan Dallagnol (Podemos-PR), Lira afirmou que a decis\u00e3o tem que ser analisada pela Corregedoria da C\u00e2mara.<br>\u201cA Mesa seguir\u00e1 o que determina esse ato: a C\u00e2mara tem que ser citada, a Mesa informar\u00e1 ao corregedor, o corregedor vai dar um prazo ao deputado, o deputado az sua defesa e sucessivamente\u201d, disse Lira. \u201cO mandato deve ser cassado somente por esta Casa\u201d.<\/p>\n\n\n\n<div class=\"wp-block-image\"><figure class=\"aligncenter size-large is-resized\"><img loading=\"lazy\" decoding=\"async\" src=\"https:\/\/jornalfatosenoticias.com.br\/wp-content\/uploads\/2022\/02\/Precisao-Contabilidade-1024x724.jpg\" alt=\"\" class=\"wp-image-28088\" width=\"300\" height=\"212\"\/><\/figure><\/div>\n\n\n\n<p>Na ocasi\u00e3o, Lira respondia a uma quest\u00e3o de ordem do deputado federal Maur\u00edcio Marcon (Podemos-RS). Na ter\u00e7a-feira (16) o Tribunal Superior Eleitoral (TSE) cassou o mandato de Deltan Dallagnol. A Corte entendeu que ele tentou \u201cburlar\u201d a lei da ficha limpa ao deixar o Minist\u00e9rio P\u00fablico, com, segundo o tribunal, risco de ser condenado em processo administrativo.<br>A Constitui\u00e7\u00e3o Federal garante que os deputados cassados pelo TSE t\u00eam direito a ampla defesa na C\u00e2mara. Desse modo, a perda do mandato tem que ser declarada pela Mesa da Casa, de of\u00edcio ou mediante prova\u00e7\u00e3o, assegurada pela ampla defesa. O parlamentar tem cinco dias \u00fateis para se defender. (Fonte: Revista Oeste)<\/p>\n\n\n\n<div class=\"wp-block-image\"><figure class=\"aligncenter size-large\"><img decoding=\"async\" src=\"https:\/\/jornalfatosenoticias.com.br\/wp-content\/uploads\/2020\/02\/barao-das-carnes-300x164-1.jpg\" alt=\"\" class=\"wp-image-34339\"\/><\/figure><\/div>\n\n\n\n<hr class=\"wp-block-separator\"\/>\n\n\n\n<p><strong><span class=\"has-inline-color has-black-color\">Deputado Gustavo Gayer<br><\/span><\/strong>Soltaram os criminosos das pris\u00f5es, deram as chaves das celas para os bandidos e estes est\u00e3o prendendo os guardas. Tudo chancelado pela justi\u00e7a e apoiado pela imprensa.<\/p>\n\n\n\n<div class=\"wp-block-image\"><figure class=\"aligncenter size-large\"><img loading=\"lazy\" decoding=\"async\" width=\"980\" height=\"733\" src=\"https:\/\/jornalfatosenoticias.com.br\/wp-content\/uploads\/2023\/05\/Gayer-524.jpeg\" alt=\"\" class=\"wp-image-41557\" srcset=\"https:\/\/jornalfatosenoticias.com.br\/wp-content\/uploads\/2023\/05\/Gayer-524.jpeg 980w, https:\/\/jornalfatosenoticias.com.br\/wp-content\/uploads\/2023\/05\/Gayer-524-300x224.jpeg 300w, https:\/\/jornalfatosenoticias.com.br\/wp-content\/uploads\/2023\/05\/Gayer-524-768x574.jpeg 768w\" sizes=\"auto, (max-width: 980px) 100vw, 980px\" \/><figcaption><em><span class=\"has-inline-color has-black-color\">(Foto: Jornal O Precursor)<\/span><\/em><\/figcaption><\/figure><\/div>\n\n\n\n<hr class=\"wp-block-separator\"\/>\n\n\n\n<div class=\"wp-block-image\"><figure class=\"aligncenter size-large is-resized\"><img loading=\"lazy\" decoding=\"async\" src=\"https:\/\/jornalfatosenoticias.com.br\/wp-content\/uploads\/2023\/03\/Crypton-1000-\u00d7-900-px-300x270-1.png\" alt=\"\" class=\"wp-image-40206\" width=\"272\" height=\"245\"\/><\/figure><\/div>\n\n\n\n<p><strong><span class=\"has-inline-color has-black-color\">Censura no Brasil j\u00e1 atinge artistas, jornais, pol\u00edticos, humoristas, juristas e at\u00e9 l\u00edderes religiosos<br><\/span><\/strong><em><span class=\"has-inline-color has-black-color\">Com a liberdade em perigo, pa\u00eds se v\u00ea em meio a uma escalada autorit\u00e1ria sem precedentes<\/span><\/em><\/p>\n\n\n\n<div class=\"wp-block-image\"><figure class=\"aligncenter size-large\"><img loading=\"lazy\" decoding=\"async\" width=\"860\" height=\"430\" src=\"https:\/\/jornalfatosenoticias.com.br\/wp-content\/uploads\/2023\/05\/CENSURA-NO-BRASIL.jpg\" alt=\"\" class=\"wp-image-41547\" srcset=\"https:\/\/jornalfatosenoticias.com.br\/wp-content\/uploads\/2023\/05\/CENSURA-NO-BRASIL.jpg 860w, https:\/\/jornalfatosenoticias.com.br\/wp-content\/uploads\/2023\/05\/CENSURA-NO-BRASIL-300x150.jpg 300w, https:\/\/jornalfatosenoticias.com.br\/wp-content\/uploads\/2023\/05\/CENSURA-NO-BRASIL-768x384.jpg 768w\" sizes=\"auto, (max-width: 860px) 100vw, 860px\" \/><figcaption><em><span class=\"has-inline-color has-black-color\">Na imagem, Allan dos Santos, Jair Bolsonaro e Ana Paula Valad\u00e3o (Foto: Arquivo\/Reprodu\u00e7\u00e3o) <\/span><\/em><\/figcaption><\/figure><\/div>\n\n\n\n<p>Em um alarmante desenvolvimento, o Brasil tem sido palco de censura em m\u00faltiplas frentes, com a escalada autorit\u00e1ria afetando artistas, cidad\u00e3os comuns, parlamentares, lideran\u00e7as pol\u00edticas, movimentos civis, representantes do Judici\u00e1rio, humoristas e at\u00e9 mesmo l\u00edderes religiosos. O silenciamento tem tomado propor\u00e7\u00f5es gigantescas, incluindo diversos casos de censura pr\u00e9via, indo contra o que \u00e9 explicitamente proibido pela Constitui\u00e7\u00e3o.<\/p>\n\n\n\n<div class=\"wp-block-image\"><figure class=\"aligncenter size-large\"><img loading=\"lazy\" decoding=\"async\" width=\"250\" height=\"250\" src=\"https:\/\/jornalfatosenoticias.com.br\/wp-content\/uploads\/2023\/04\/baile.jpg\" alt=\"\" class=\"wp-image-40627\" srcset=\"https:\/\/jornalfatosenoticias.com.br\/wp-content\/uploads\/2023\/04\/baile.jpg 250w, https:\/\/jornalfatosenoticias.com.br\/wp-content\/uploads\/2023\/04\/baile-150x150.jpg 150w\" sizes=\"auto, (max-width: 250px) 100vw, 250px\" \/><\/figure><\/div>\n\n\n\n<p>Recentemente, o cantor Latino foi v\u00edtima de censura em sua arte, o que acendeu um alerta sobre a liberdade art\u00edstica no pa\u00eds. Al\u00e9m disso, cidad\u00e3os comuns, especialmente aqueles que se expressam na internet, t\u00eam enfrentado restri\u00e7\u00f5es e bloqueios em suas vozes, limitando seu direito \u00e0 liberdade de express\u00e3o.<br>A censura tamb\u00e9m tem afetado figuras pol\u00edticas importantes, como o ex-presidente Jair Bolsonaro e o deputado mais votado do Brasil, Nikolas Ferreira, ambos do PL, que foram alvos de medidas que visam suprimir suas opini\u00f5es divergentes. Representantes do Judici\u00e1rio, como a ju\u00edza Ludmila Lins Grilo, seguem como alvo de press\u00f5es e amea\u00e7as que comprometem sua independ\u00eancia e imparcialidade.<\/p>\n\n\n\n<div class=\"wp-block-image\"><figure class=\"aligncenter size-large is-resized\"><img loading=\"lazy\" decoding=\"async\" src=\"https:\/\/jornalfatosenoticias.com.br\/wp-content\/uploads\/2020\/02\/logo-embacia.jpg\" alt=\"\" class=\"wp-image-33905\" width=\"269\" height=\"269\"\/><\/figure><\/div>\n\n\n\n<p>O humorista Leo Lins e os integrantes do canal Hip\u00f3critas, por exemplo, tamb\u00e9m est\u00e3o na mira da censura, o que levanta quest\u00f5es sobre o direito \u00e0 s\u00e1tira e \u00e0 cr\u00edtica social. Al\u00e9m disso, l\u00edderes religiosos como os cantores\/pastores Andr\u00e9 Valad\u00e3o, Ana Paula Valad\u00e3o e Davi Sacer foram alvos de medidas semelhantes. Todos eles foram cerceados em suas manifesta\u00e7\u00f5es, levando a uma preocupa\u00e7\u00e3o com a liberdade religiosa.<\/p>\n\n\n\n<div class=\"wp-block-image\"><figure class=\"aligncenter size-large\"><img decoding=\"async\" src=\"https:\/\/jornalfatosenoticias.com.br\/wp-content\/uploads\/2020\/02\/logo_esteio.jpg\" alt=\"\" class=\"wp-image-1214\"\/><\/figure><\/div>\n\n\n\n<p>Medidas arbitr\u00e1rias alcan\u00e7aram tamb\u00e9m jornais, produtoras de conte\u00fados e jornalistas, como em casos envolvendo o ve\u00edculo centen\u00e1rio Gazeta do Povo, a empresa Brasil Paralelo e o comunicador Allan dos Santos, respectivamente. As pris\u00f5es dos jornalistas Bismark Fugazza e Oswaldo Eust\u00e1quio n\u00e3o ficam para tr\u00e1s.<br>Enquanto a censura perpetrada pelo Judici\u00e1rio avan\u00e7a, o Congresso Nacional parece estar inerte, sem rea\u00e7\u00f5es efetivas por parte da C\u00e2mara dos Deputados e do Senado Federal. Os presidentes Arthur Lira e Rodrigo Pacheco t\u00eam assistido a tudo sem ousar confrontar o Judici\u00e1rio, gerando inquieta\u00e7\u00e3o sobre a manuten\u00e7\u00e3o dos princ\u00edpios democr\u00e1ticos.<\/p>\n\n\n\n<div class=\"wp-block-image\"><figure class=\"aligncenter size-large is-resized\"><img loading=\"lazy\" decoding=\"async\" src=\"https:\/\/jornalfatosenoticias.com.br\/wp-content\/uploads\/2022\/10\/Arte-jornal-Zucchi-600x600_Prancheta-1-1024x1024.jpg\" alt=\"\" class=\"wp-image-34782\" width=\"249\" height=\"249\" srcset=\"https:\/\/jornalfatosenoticias.com.br\/wp-content\/uploads\/2022\/10\/Arte-jornal-Zucchi-600x600_Prancheta-1-1024x1024.jpg 1024w, https:\/\/jornalfatosenoticias.com.br\/wp-content\/uploads\/2022\/10\/Arte-jornal-Zucchi-600x600_Prancheta-1-300x300.jpg 300w, https:\/\/jornalfatosenoticias.com.br\/wp-content\/uploads\/2022\/10\/Arte-jornal-Zucchi-600x600_Prancheta-1-150x150.jpg 150w, https:\/\/jornalfatosenoticias.com.br\/wp-content\/uploads\/2022\/10\/Arte-jornal-Zucchi-600x600_Prancheta-1-768x768.jpg 768w, https:\/\/jornalfatosenoticias.com.br\/wp-content\/uploads\/2022\/10\/Arte-jornal-Zucchi-600x600_Prancheta-1.jpg 1250w\" sizes=\"auto, (max-width: 249px) 100vw, 249px\" \/><\/figure><\/div>\n\n\n\n<p>\u00c9 importante ressaltar que o governo eleito, encabe\u00e7ado por Luiz In\u00e1cio Lula da Silva (PT), tamb\u00e9m tem adotado medidas para regular os meios de comunica\u00e7\u00e3o e tem sido protagonista em a\u00e7\u00f5es judiciais que buscam calar cr\u00edticos e opositores pol\u00edticos, incluindo cidad\u00e3os e parlamentares democraticamente eleitos pela popula\u00e7\u00e3o.<br>Diante desse cen\u00e1rio, o Brasil se encontra em uma encruzilhada preocupante, quase que sem retorno. A perspectiva de futuro nos pr\u00f3ximos anos parece cada vez mais incerta, com a liberdade de express\u00e3o e os direitos fundamentais em xeque. <em><span class=\"has-inline-color has-black-color\">(Fonte: Conex\u00e3o Pol\u00edtica)<\/span><\/em><\/p>\n","protected":false},"excerpt":{"rendered":"<p>A Mesma justi\u00e7a que liberou o ladr\u00e3o, cassou o deputado Deltan Dallagnol Por unanimidade, o TSE cassou o mandato de Deltan Dallagnol, com base na Lei da Ficha Limpa. Por outro lado, autorizou registro de candidatura de Luiz In\u00e1cio Lula da Silva\u2026 Pode?Agora, advinha qual deles foi delatado, descondensado pelos amigos indicados para o Supremo [&hellip;]<\/p>\n","protected":false},"author":3,"featured_media":41558,"comment_status":"open","ping_status":"open","sticky":false,"template":"","format":"standard","meta":{"footnotes":""},"categories":[10],"tags":[13351,597,2149,1344,17895],"class_list":["post-41546","post","type-post","status-publish","format-standard","has-post-thumbnail","hentry","category-politica","tag-autoritarismo","tag-brasil","tag-censura","tag-democracia","tag-judiciario"],"yoast_head":"<!-- This site is optimized with the Yoast SEO plugin v26.5 - https:\/\/yoast.com\/wordpress\/plugins\/seo\/ -->\n<title>A Semana em Bras\u00edlia e no ES - Jornal Fatos e Not\u00edcias<\/title>\n<meta name=\"robots\" content=\"index, follow, max-snippet:-1, max-image-preview:large, max-video-preview:-1\" \/>\n<link rel=\"canonical\" href=\"https:\/\/jornalfatosenoticias.com.br\/index.php\/2023\/05\/18\/a-semana-em-brasilia-e-no-es-6\/\" \/>\n<meta property=\"og:locale\" content=\"pt_BR\" \/>\n<meta property=\"og:type\" content=\"article\" \/>\n<meta property=\"og:title\" content=\"A Semana em Bras\u00edlia e no ES - Jornal Fatos e Not\u00edcias\" \/>\n<meta property=\"og:description\" content=\"A Mesma justi\u00e7a que liberou o ladr\u00e3o, cassou o deputado Deltan Dallagnol Por unanimidade, o TSE cassou o mandato de Deltan Dallagnol, com base na Lei da Ficha Limpa. Por outro lado, autorizou registro de candidatura de Luiz In\u00e1cio Lula da Silva\u2026 Pode?Agora, advinha qual deles foi delatado, descondensado pelos amigos indicados para o Supremo [&hellip;]\" \/>\n<meta property=\"og:url\" content=\"https:\/\/jornalfatosenoticias.com.br\/index.php\/2023\/05\/18\/a-semana-em-brasilia-e-no-es-6\/\" \/>\n<meta property=\"og:site_name\" content=\"Jornal Fatos e Not\u00edcias\" \/>\n<meta property=\"article:published_time\" content=\"2023-05-18T16:44:37+00:00\" \/>\n<meta property=\"article:modified_time\" content=\"2023-05-18T16:44:40+00:00\" \/>\n<meta property=\"og:image\" content=\"https:\/\/jornalfatosenoticias.com.br\/wp-content\/uploads\/2023\/05\/Deltan-524.jpg\" \/>\n\t<meta property=\"og:image:width\" content=\"768\" \/>\n\t<meta property=\"og:image:height\" content=\"512\" \/>\n\t<meta property=\"og:image:type\" content=\"image\/jpeg\" \/>\n<meta name=\"author\" content=\"Haroldo Filho\" \/>\n<meta name=\"twitter:card\" content=\"summary_large_image\" \/>\n<meta name=\"twitter:label1\" content=\"Escrito por\" \/>\n\t<meta name=\"twitter:data1\" content=\"Haroldo Filho\" \/>\n\t<meta name=\"twitter:label2\" content=\"Est. tempo de leitura\" \/>\n\t<meta name=\"twitter:data2\" content=\"8 minutos\" \/>\n<script type=\"application\/ld+json\" class=\"yoast-schema-graph\">{\"@context\":\"https:\/\/schema.org\",\"@graph\":[{\"@type\":\"Article\",\"@id\":\"https:\/\/jornalfatosenoticias.com.br\/index.php\/2023\/05\/18\/a-semana-em-brasilia-e-no-es-6\/#article\",\"isPartOf\":{\"@id\":\"https:\/\/jornalfatosenoticias.com.br\/index.php\/2023\/05\/18\/a-semana-em-brasilia-e-no-es-6\/\"},\"author\":{\"name\":\"Haroldo Filho\",\"@id\":\"https:\/\/jornalfatosenoticias.com.br\/#\/schema\/person\/05c46cc25b42a5c27e004fb0fa6b4965\"},\"headline\":\"A Semana em Bras\u00edlia e no ES\",\"datePublished\":\"2023-05-18T16:44:37+00:00\",\"dateModified\":\"2023-05-18T16:44:40+00:00\",\"mainEntityOfPage\":{\"@id\":\"https:\/\/jornalfatosenoticias.com.br\/index.php\/2023\/05\/18\/a-semana-em-brasilia-e-no-es-6\/\"},\"wordCount\":1645,\"commentCount\":0,\"publisher\":{\"@id\":\"https:\/\/jornalfatosenoticias.com.br\/#organization\"},\"image\":{\"@id\":\"https:\/\/jornalfatosenoticias.com.br\/index.php\/2023\/05\/18\/a-semana-em-brasilia-e-no-es-6\/#primaryimage\"},\"thumbnailUrl\":\"https:\/\/jornalfatosenoticias.com.br\/wp-content\/uploads\/2023\/05\/Deltan-524.jpg\",\"keywords\":[\"autoritarismo\",\"Brasil\",\"censura\",\"democracia\",\"Judici\u00e1rio\"],\"articleSection\":[\"Pol\u00edtica\"],\"inLanguage\":\"pt-BR\",\"potentialAction\":[{\"@type\":\"CommentAction\",\"name\":\"Comment\",\"target\":[\"https:\/\/jornalfatosenoticias.com.br\/index.php\/2023\/05\/18\/a-semana-em-brasilia-e-no-es-6\/#respond\"]}]},{\"@type\":\"WebPage\",\"@id\":\"https:\/\/jornalfatosenoticias.com.br\/index.php\/2023\/05\/18\/a-semana-em-brasilia-e-no-es-6\/\",\"url\":\"https:\/\/jornalfatosenoticias.com.br\/index.php\/2023\/05\/18\/a-semana-em-brasilia-e-no-es-6\/\",\"name\":\"A Semana em Bras\u00edlia e no ES - Jornal Fatos e Not\u00edcias\",\"isPartOf\":{\"@id\":\"https:\/\/jornalfatosenoticias.com.br\/#website\"},\"primaryImageOfPage\":{\"@id\":\"https:\/\/jornalfatosenoticias.com.br\/index.php\/2023\/05\/18\/a-semana-em-brasilia-e-no-es-6\/#primaryimage\"},\"image\":{\"@id\":\"https:\/\/jornalfatosenoticias.com.br\/index.php\/2023\/05\/18\/a-semana-em-brasilia-e-no-es-6\/#primaryimage\"},\"thumbnailUrl\":\"https:\/\/jornalfatosenoticias.com.br\/wp-content\/uploads\/2023\/05\/Deltan-524.jpg\",\"datePublished\":\"2023-05-18T16:44:37+00:00\",\"dateModified\":\"2023-05-18T16:44:40+00:00\",\"breadcrumb\":{\"@id\":\"https:\/\/jornalfatosenoticias.com.br\/index.php\/2023\/05\/18\/a-semana-em-brasilia-e-no-es-6\/#breadcrumb\"},\"inLanguage\":\"pt-BR\",\"potentialAction\":[{\"@type\":\"ReadAction\",\"target\":[\"https:\/\/jornalfatosenoticias.com.br\/index.php\/2023\/05\/18\/a-semana-em-brasilia-e-no-es-6\/\"]}]},{\"@type\":\"ImageObject\",\"inLanguage\":\"pt-BR\",\"@id\":\"https:\/\/jornalfatosenoticias.com.br\/index.php\/2023\/05\/18\/a-semana-em-brasilia-e-no-es-6\/#primaryimage\",\"url\":\"https:\/\/jornalfatosenoticias.com.br\/wp-content\/uploads\/2023\/05\/Deltan-524.jpg\",\"contentUrl\":\"https:\/\/jornalfatosenoticias.com.br\/wp-content\/uploads\/2023\/05\/Deltan-524.jpg\",\"width\":768,\"height\":512},{\"@type\":\"BreadcrumbList\",\"@id\":\"https:\/\/jornalfatosenoticias.com.br\/index.php\/2023\/05\/18\/a-semana-em-brasilia-e-no-es-6\/#breadcrumb\",\"itemListElement\":[{\"@type\":\"ListItem\",\"position\":1,\"name\":\"In\u00edcio\",\"item\":\"https:\/\/jornalfatosenoticias.com.br\/\"},{\"@type\":\"ListItem\",\"position\":2,\"name\":\"A Semana em Bras\u00edlia e no ES\"}]},{\"@type\":\"WebSite\",\"@id\":\"https:\/\/jornalfatosenoticias.com.br\/#website\",\"url\":\"https:\/\/jornalfatosenoticias.com.br\/\",\"name\":\"Jornal Fatos e Not\u00edcias\",\"description\":\"Not\u00edcias em geral\",\"publisher\":{\"@id\":\"https:\/\/jornalfatosenoticias.com.br\/#organization\"},\"potentialAction\":[{\"@type\":\"SearchAction\",\"target\":{\"@type\":\"EntryPoint\",\"urlTemplate\":\"https:\/\/jornalfatosenoticias.com.br\/?s={search_term_string}\"},\"query-input\":{\"@type\":\"PropertyValueSpecification\",\"valueRequired\":true,\"valueName\":\"search_term_string\"}}],\"inLanguage\":\"pt-BR\"},{\"@type\":\"Organization\",\"@id\":\"https:\/\/jornalfatosenoticias.com.br\/#organization\",\"name\":\"Jornal Fatos e Not\u00edcias\",\"url\":\"https:\/\/jornalfatosenoticias.com.br\/\",\"logo\":{\"@type\":\"ImageObject\",\"inLanguage\":\"pt-BR\",\"@id\":\"https:\/\/jornalfatosenoticias.com.br\/#\/schema\/logo\/image\/\",\"url\":\"https:\/\/jornalfatosenoticias.com.br\/wp-content\/uploads\/2020\/02\/logo120.png\",\"contentUrl\":\"https:\/\/jornalfatosenoticias.com.br\/wp-content\/uploads\/2020\/02\/logo120.png\",\"width\":1227,\"height\":120,\"caption\":\"Jornal Fatos e Not\u00edcias\"},\"image\":{\"@id\":\"https:\/\/jornalfatosenoticias.com.br\/#\/schema\/logo\/image\/\"}},{\"@type\":\"Person\",\"@id\":\"https:\/\/jornalfatosenoticias.com.br\/#\/schema\/person\/05c46cc25b42a5c27e004fb0fa6b4965\",\"name\":\"Haroldo Filho\",\"image\":{\"@type\":\"ImageObject\",\"inLanguage\":\"pt-BR\",\"@id\":\"https:\/\/jornalfatosenoticias.com.br\/#\/schema\/person\/image\/\",\"url\":\"https:\/\/jornalfatosenoticias.com.br\/wp-content\/uploads\/2025\/08\/WhatsApp-Image-2025-08-18-at-15.30.28-150x150.jpeg\",\"contentUrl\":\"https:\/\/jornalfatosenoticias.com.br\/wp-content\/uploads\/2025\/08\/WhatsApp-Image-2025-08-18-at-15.30.28-150x150.jpeg\",\"caption\":\"Haroldo Filho\"},\"description\":\"Jornalista \u2013 DRT: 0003818\/ES Coordenador-geral da ONG Educar para Crescer\",\"url\":\"https:\/\/jornalfatosenoticias.com.br\/index.php\/author\/haroldo\/\"}]}<\/script>\n<!-- \/ Yoast SEO plugin. -->","yoast_head_json":{"title":"A Semana em Bras\u00edlia e no ES - Jornal Fatos e Not\u00edcias","robots":{"index":"index","follow":"follow","max-snippet":"max-snippet:-1","max-image-preview":"max-image-preview:large","max-video-preview":"max-video-preview:-1"},"canonical":"https:\/\/jornalfatosenoticias.com.br\/index.php\/2023\/05\/18\/a-semana-em-brasilia-e-no-es-6\/","og_locale":"pt_BR","og_type":"article","og_title":"A Semana em Bras\u00edlia e no ES - Jornal Fatos e Not\u00edcias","og_description":"A Mesma justi\u00e7a que liberou o ladr\u00e3o, cassou o deputado Deltan Dallagnol Por unanimidade, o TSE cassou o mandato de Deltan Dallagnol, com base na Lei da Ficha Limpa. Por outro lado, autorizou registro de candidatura de Luiz In\u00e1cio Lula da Silva\u2026 Pode?Agora, advinha qual deles foi delatado, descondensado pelos amigos indicados para o Supremo [&hellip;]","og_url":"https:\/\/jornalfatosenoticias.com.br\/index.php\/2023\/05\/18\/a-semana-em-brasilia-e-no-es-6\/","og_site_name":"Jornal Fatos e Not\u00edcias","article_published_time":"2023-05-18T16:44:37+00:00","article_modified_time":"2023-05-18T16:44:40+00:00","og_image":[{"width":768,"height":512,"url":"https:\/\/jornalfatosenoticias.com.br\/wp-content\/uploads\/2023\/05\/Deltan-524.jpg","type":"image\/jpeg"}],"author":"Haroldo Filho","twitter_card":"summary_large_image","twitter_misc":{"Escrito por":"Haroldo Filho","Est. tempo de leitura":"8 minutos"},"schema":{"@context":"https:\/\/schema.org","@graph":[{"@type":"Article","@id":"https:\/\/jornalfatosenoticias.com.br\/index.php\/2023\/05\/18\/a-semana-em-brasilia-e-no-es-6\/#article","isPartOf":{"@id":"https:\/\/jornalfatosenoticias.com.br\/index.php\/2023\/05\/18\/a-semana-em-brasilia-e-no-es-6\/"},"author":{"name":"Haroldo Filho","@id":"https:\/\/jornalfatosenoticias.com.br\/#\/schema\/person\/05c46cc25b42a5c27e004fb0fa6b4965"},"headline":"A Semana em Bras\u00edlia e no ES","datePublished":"2023-05-18T16:44:37+00:00","dateModified":"2023-05-18T16:44:40+00:00","mainEntityOfPage":{"@id":"https:\/\/jornalfatosenoticias.com.br\/index.php\/2023\/05\/18\/a-semana-em-brasilia-e-no-es-6\/"},"wordCount":1645,"commentCount":0,"publisher":{"@id":"https:\/\/jornalfatosenoticias.com.br\/#organization"},"image":{"@id":"https:\/\/jornalfatosenoticias.com.br\/index.php\/2023\/05\/18\/a-semana-em-brasilia-e-no-es-6\/#primaryimage"},"thumbnailUrl":"https:\/\/jornalfatosenoticias.com.br\/wp-content\/uploads\/2023\/05\/Deltan-524.jpg","keywords":["autoritarismo","Brasil","censura","democracia","Judici\u00e1rio"],"articleSection":["Pol\u00edtica"],"inLanguage":"pt-BR","potentialAction":[{"@type":"CommentAction","name":"Comment","target":["https:\/\/jornalfatosenoticias.com.br\/index.php\/2023\/05\/18\/a-semana-em-brasilia-e-no-es-6\/#respond"]}]},{"@type":"WebPage","@id":"https:\/\/jornalfatosenoticias.com.br\/index.php\/2023\/05\/18\/a-semana-em-brasilia-e-no-es-6\/","url":"https:\/\/jornalfatosenoticias.com.br\/index.php\/2023\/05\/18\/a-semana-em-brasilia-e-no-es-6\/","name":"A Semana em Bras\u00edlia e no ES - Jornal Fatos e Not\u00edcias","isPartOf":{"@id":"https:\/\/jornalfatosenoticias.com.br\/#website"},"primaryImageOfPage":{"@id":"https:\/\/jornalfatosenoticias.com.br\/index.php\/2023\/05\/18\/a-semana-em-brasilia-e-no-es-6\/#primaryimage"},"image":{"@id":"https:\/\/jornalfatosenoticias.com.br\/index.php\/2023\/05\/18\/a-semana-em-brasilia-e-no-es-6\/#primaryimage"},"thumbnailUrl":"https:\/\/jornalfatosenoticias.com.br\/wp-content\/uploads\/2023\/05\/Deltan-524.jpg","datePublished":"2023-05-18T16:44:37+00:00","dateModified":"2023-05-18T16:44:40+00:00","breadcrumb":{"@id":"https:\/\/jornalfatosenoticias.com.br\/index.php\/2023\/05\/18\/a-semana-em-brasilia-e-no-es-6\/#breadcrumb"},"inLanguage":"pt-BR","potentialAction":[{"@type":"ReadAction","target":["https:\/\/jornalfatosenoticias.com.br\/index.php\/2023\/05\/18\/a-semana-em-brasilia-e-no-es-6\/"]}]},{"@type":"ImageObject","inLanguage":"pt-BR","@id":"https:\/\/jornalfatosenoticias.com.br\/index.php\/2023\/05\/18\/a-semana-em-brasilia-e-no-es-6\/#primaryimage","url":"https:\/\/jornalfatosenoticias.com.br\/wp-content\/uploads\/2023\/05\/Deltan-524.jpg","contentUrl":"https:\/\/jornalfatosenoticias.com.br\/wp-content\/uploads\/2023\/05\/Deltan-524.jpg","width":768,"height":512},{"@type":"BreadcrumbList","@id":"https:\/\/jornalfatosenoticias.com.br\/index.php\/2023\/05\/18\/a-semana-em-brasilia-e-no-es-6\/#breadcrumb","itemListElement":[{"@type":"ListItem","position":1,"name":"In\u00edcio","item":"https:\/\/jornalfatosenoticias.com.br\/"},{"@type":"ListItem","position":2,"name":"A Semana em Bras\u00edlia e no ES"}]},{"@type":"WebSite","@id":"https:\/\/jornalfatosenoticias.com.br\/#website","url":"https:\/\/jornalfatosenoticias.com.br\/","name":"Jornal Fatos e Not\u00edcias","description":"Not\u00edcias em geral","publisher":{"@id":"https:\/\/jornalfatosenoticias.com.br\/#organization"},"potentialAction":[{"@type":"SearchAction","target":{"@type":"EntryPoint","urlTemplate":"https:\/\/jornalfatosenoticias.com.br\/?s={search_term_string}"},"query-input":{"@type":"PropertyValueSpecification","valueRequired":true,"valueName":"search_term_string"}}],"inLanguage":"pt-BR"},{"@type":"Organization","@id":"https:\/\/jornalfatosenoticias.com.br\/#organization","name":"Jornal Fatos e Not\u00edcias","url":"https:\/\/jornalfatosenoticias.com.br\/","logo":{"@type":"ImageObject","inLanguage":"pt-BR","@id":"https:\/\/jornalfatosenoticias.com.br\/#\/schema\/logo\/image\/","url":"https:\/\/jornalfatosenoticias.com.br\/wp-content\/uploads\/2020\/02\/logo120.png","contentUrl":"https:\/\/jornalfatosenoticias.com.br\/wp-content\/uploads\/2020\/02\/logo120.png","width":1227,"height":120,"caption":"Jornal Fatos e Not\u00edcias"},"image":{"@id":"https:\/\/jornalfatosenoticias.com.br\/#\/schema\/logo\/image\/"}},{"@type":"Person","@id":"https:\/\/jornalfatosenoticias.com.br\/#\/schema\/person\/05c46cc25b42a5c27e004fb0fa6b4965","name":"Haroldo Filho","image":{"@type":"ImageObject","inLanguage":"pt-BR","@id":"https:\/\/jornalfatosenoticias.com.br\/#\/schema\/person\/image\/","url":"https:\/\/jornalfatosenoticias.com.br\/wp-content\/uploads\/2025\/08\/WhatsApp-Image-2025-08-18-at-15.30.28-150x150.jpeg","contentUrl":"https:\/\/jornalfatosenoticias.com.br\/wp-content\/uploads\/2025\/08\/WhatsApp-Image-2025-08-18-at-15.30.28-150x150.jpeg","caption":"Haroldo Filho"},"description":"Jornalista \u2013 DRT: 0003818\/ES Coordenador-geral da ONG Educar para Crescer","url":"https:\/\/jornalfatosenoticias.com.br\/index.php\/author\/haroldo\/"}]}},"cc_featured_image_caption":{"caption_text":" (Foto: C\u00e2mara dos Deputados) ","source_text":"","source_url":""},"jetpack_featured_media_url":"https:\/\/jornalfatosenoticias.com.br\/wp-content\/uploads\/2023\/05\/Deltan-524.jpg","_links":{"self":[{"href":"https:\/\/jornalfatosenoticias.com.br\/index.php\/wp-json\/wp\/v2\/posts\/41546","targetHints":{"allow":["GET"]}}],"collection":[{"href":"https:\/\/jornalfatosenoticias.com.br\/index.php\/wp-json\/wp\/v2\/posts"}],"about":[{"href":"https:\/\/jornalfatosenoticias.com.br\/index.php\/wp-json\/wp\/v2\/types\/post"}],"author":[{"embeddable":true,"href":"https:\/\/jornalfatosenoticias.com.br\/index.php\/wp-json\/wp\/v2\/users\/3"}],"replies":[{"embeddable":true,"href":"https:\/\/jornalfatosenoticias.com.br\/index.php\/wp-json\/wp\/v2\/comments?post=41546"}],"version-history":[{"count":0,"href":"https:\/\/jornalfatosenoticias.com.br\/index.php\/wp-json\/wp\/v2\/posts\/41546\/revisions"}],"wp:featuredmedia":[{"embeddable":true,"href":"https:\/\/jornalfatosenoticias.com.br\/index.php\/wp-json\/wp\/v2\/media\/41558"}],"wp:attachment":[{"href":"https:\/\/jornalfatosenoticias.com.br\/index.php\/wp-json\/wp\/v2\/media?parent=41546"}],"wp:term":[{"taxonomy":"category","embeddable":true,"href":"https:\/\/jornalfatosenoticias.com.br\/index.php\/wp-json\/wp\/v2\/categories?post=41546"},{"taxonomy":"post_tag","embeddable":true,"href":"https:\/\/jornalfatosenoticias.com.br\/index.php\/wp-json\/wp\/v2\/tags?post=41546"}],"curies":[{"name":"wp","href":"https:\/\/api.w.org\/{rel}","templated":true}]}}