{"id":41560,"date":"2023-05-18T14:04:04","date_gmt":"2023-05-18T17:04:04","guid":{"rendered":"https:\/\/jornalfatosenoticias.com.br\/?p=41560"},"modified":"2023-05-18T14:04:05","modified_gmt":"2023-05-18T17:04:05","slug":"pai-genitor-padrasto-avo-tio-e-suas-criancas-parte-i","status":"publish","type":"post","link":"https:\/\/jornalfatosenoticias.com.br\/index.php\/2023\/05\/18\/pai-genitor-padrasto-avo-tio-e-suas-criancas-parte-i\/","title":{"rendered":"Pai, genitor, padrasto, av\u00f4, tio, e suas Crian\u00e7as \u2014 Parte I"},"content":{"rendered":"\n<p><em><span class=\"has-inline-color has-black-color\">N\u00e3o \u00e9 o t\u00edtulo dado por uma conven\u00e7\u00e3o de regras sociais. \u00c9 o exerc\u00edcio da Fun\u00e7\u00e3o de Pai que importa para a Crian\u00e7a e para seu desenvolvimento saud\u00e1vel<\/span><\/em><\/p>\n\n\n\n<div class=\"wp-block-image\"><figure class=\"aligncenter size-large\"><img loading=\"lazy\" decoding=\"async\" width=\"300\" height=\"222\" src=\"https:\/\/jornalfatosenoticias.com.br\/wp-content\/uploads\/2023\/03\/logo_Juliana-Graca.jpg\" alt=\"\" class=\"wp-image-39283\"\/><\/figure><\/div>\n\n\n\n<p>A figura masculina com la\u00e7os afetivos tem uma enorme import\u00e2ncia na Forma\u00e7\u00e3o da identidade e do car\u00e1ter de uma Crian\u00e7a. As fun\u00e7\u00f5es que ela deve exercer s\u00e3o fundamentais para essa Forma\u00e7\u00e3o. Fun\u00e7\u00f5es s\u00e3o diferentes de t\u00edtulos. Receber um t\u00edtulo pela ordem geneal\u00f3gica \u00e9 t\u00e3o somente um esbo\u00e7o da organiza\u00e7\u00e3o social. A fun\u00e7\u00e3o \u00e9 alimentada pelo afeto, independente da localiza\u00e7\u00e3o daquela figura na \u00e1rvore geneal\u00f3gica.<br>Na j\u00e1 costumeira confus\u00e3o de l\u00ednguas, conceito do psicanalista Ferenczi que joga luz sobre as distor\u00e7\u00f5es sem\u00e2nticas que causam confus\u00e3o e, por vezes, invers\u00e3o de significado. Intencionais para a obten\u00e7\u00e3o de uma manipula\u00e7\u00e3o de terminologia, ela \u00e9 constatada, frequentemente, na tentativa, muitas vezes, exitosa do acobertamento da pr\u00e1tica do incesto com Crian\u00e7as. Essa \u00e9 uma explica\u00e7\u00e3o simplificada desse interessante conceito psicanal\u00edtico que muito nos auxilia na compreens\u00e3o de fen\u00f4menos afetivos de comunica\u00e7\u00e3o em quadros psicopatol\u00f3gicos mais dif\u00edceis de lidar.<\/p>\n\n\n\n<div class=\"wp-block-image\"><figure class=\"aligncenter size-large is-resized\"><img loading=\"lazy\" decoding=\"async\" src=\"https:\/\/jornalfatosenoticias.com.br\/wp-content\/uploads\/2023\/04\/Logo_MasterMind.jpg\" alt=\"\" class=\"wp-image-40974\" width=\"282\" height=\"205\"\/><\/figure><\/div>\n\n\n\n<p>Em Psican\u00e1lise, muito vem sendo estudado sobre o Pai. Esse conceito de \u201cpai\u201d faz parte, inclusive, de uma Teoria Psicanal\u00edtica de muita repercuss\u00e3o e consequ\u00eancia. \u201cO Nome do Pai\u201d, definido por Lacan, trouxe uma compreens\u00e3o muito interessante para as quest\u00f5es dos imagos parentais.<br>Muitos s\u00e3o os te\u00f3ricos que se debru\u00e7aram sobre o \u201cpai\u201d enquanto Fun\u00e7\u00e3o. N\u00e3o \u00e9 o t\u00edtulo dado por uma conven\u00e7\u00e3o de regras sociais. \u00c9 o exerc\u00edcio da Fun\u00e7\u00e3o de Pai que importa para a Crian\u00e7a e para seu desenvolvimento saud\u00e1vel.<\/p>\n\n\n\n<div class=\"wp-block-image\"><figure class=\"aligncenter size-large is-resized\"><img loading=\"lazy\" decoding=\"async\" src=\"https:\/\/jornalfatosenoticias.com.br\/wp-content\/uploads\/2022\/02\/Banner-2.png\" alt=\"\" class=\"wp-image-27877\" width=\"282\" height=\"235\"\/><\/figure><\/div>\n\n\n\n<p>Enquanto o T\u00edtulo de Pai traz a autoridade, a posse, o \u201ceu sou seu pai\u201d, a Fun\u00e7\u00e3o traz muitos verbos de a\u00e7\u00e3o recheados de afeto: cuidar, respeitar, ajudar, amar, amparar, proteger, garantir o bem-estar, respaldar a m\u00e3e, etc., etc., etc. O T\u00edtulo de Pai vem de fora para dentro, mas a Fun\u00e7\u00e3o de Pai vem da constru\u00e7\u00e3o interna em sintonia com a Crian\u00e7a e a M\u00e3e, inclu\u00edda na busca pelas melhores condi\u00e7\u00f5es de crescimento do beb\u00ea.<\/p>\n\n\n\n<div class=\"wp-block-image\"><figure class=\"aligncenter size-large is-resized\"><img loading=\"lazy\" decoding=\"async\" src=\"https:\/\/jornalfatosenoticias.com.br\/wp-content\/uploads\/2022\/07\/Logo-Grupo-SEI.jpg\" alt=\"\" class=\"wp-image-31973\" width=\"322\" height=\"169\" srcset=\"https:\/\/jornalfatosenoticias.com.br\/wp-content\/uploads\/2022\/07\/Logo-Grupo-SEI.jpg 713w, https:\/\/jornalfatosenoticias.com.br\/wp-content\/uploads\/2022\/07\/Logo-Grupo-SEI-300x158.jpg 300w\" sizes=\"auto, (max-width: 322px) 100vw, 322px\" \/><\/figure><\/div>\n\n\n\n<p>Com import\u00e2ncias distintas, tanto quantitativa quanto qualitativamente, M\u00e3e e Pai s\u00e3o fundamentais para o crescimento da Crian\u00e7a. No entanto, \u00e9 preciso entender que, por t\u00edtulo, n\u00e3o adianta nada. Ou seja, tanto a m\u00e3e quanto o pai t\u00eam que exercer suas respectivas fun\u00e7\u00f5es junto \u00e0 Crian\u00e7a. Fun\u00e7\u00e3o m\u00e3e \u00e9 diferente de fun\u00e7\u00e3o pai. O cuidar da m\u00e3e \u00e9 distinto do cuidar do pai. Isso n\u00e3o \u00e9 um problema, \u00e9 uma extens\u00e3o de cuidado.<\/p>\n\n\n\n<div class=\"wp-block-image\"><figure class=\"aligncenter size-large\"><img loading=\"lazy\" decoding=\"async\" width=\"1000\" height=\"718\" src=\"https:\/\/jornalfatosenoticias.com.br\/wp-content\/uploads\/2023\/05\/pai-e-filho_Iencarelli.jpg\" alt=\"\" class=\"wp-image-41561\" srcset=\"https:\/\/jornalfatosenoticias.com.br\/wp-content\/uploads\/2023\/05\/pai-e-filho_Iencarelli.jpg 1000w, https:\/\/jornalfatosenoticias.com.br\/wp-content\/uploads\/2023\/05\/pai-e-filho_Iencarelli-300x215.jpg 300w, https:\/\/jornalfatosenoticias.com.br\/wp-content\/uploads\/2023\/05\/pai-e-filho_Iencarelli-768x551.jpg 768w\" sizes=\"auto, (max-width: 1000px) 100vw, 1000px\" \/><figcaption><em><span class=\"has-inline-color has-black-color\">(Foto: Pixabay)<\/span><\/em><\/figcaption><\/figure><\/div>\n\n\n\n<p>Mas nem todos os pais s\u00e3o capazes de exercer a Fun\u00e7\u00e3o Paterna. A rela\u00e7\u00e3o pai-beb\u00ea precisa ser constru\u00edda dia a dia. A m\u00e3e tem como facilitador a rela\u00e7\u00e3o estabelecida durante todo o per\u00edodo de vida intrauterina. No entanto, sabemos, porque constatamos, que nem todas as mulheres deveriam se tornar m\u00e3es. Existem mulheres que fazem da maternidade um instrumento de comportamentos inadequados para a Maternagem. Dedicaremos, a seguir, uma s\u00e9rie de artigos sobre a Fun\u00e7\u00e3o Materna.<\/p>\n\n\n\n<div class=\"wp-block-image\"><figure class=\"aligncenter size-large is-resized\"><img loading=\"lazy\" decoding=\"async\" src=\"https:\/\/jornalfatosenoticias.com.br\/wp-content\/uploads\/2023\/03\/nova-logo-Marquetti.jpg\" alt=\"\" class=\"wp-image-40207\" width=\"280\" height=\"188\" srcset=\"https:\/\/jornalfatosenoticias.com.br\/wp-content\/uploads\/2023\/03\/nova-logo-Marquetti.jpg 643w, https:\/\/jornalfatosenoticias.com.br\/wp-content\/uploads\/2023\/03\/nova-logo-Marquetti-300x202.jpg 300w\" sizes=\"auto, (max-width: 280px) 100vw, 280px\" \/><\/figure><\/div>\n\n\n\n<p>Para pensar no termo pai, derivados e correlatos, faz-se necess\u00e1rio refletir sobre o fato que o pai \u00e9 apenas o genitor. Quando esse indiv\u00edduo n\u00e3o consegue construir e praticar os verbos cuidar, amparar, proteger, se doar, respeitar, respaldar a m\u00e3e, e usa o t\u00edtulo como uma reivindica\u00e7\u00e3o de posse e direitos seus, atropelando os direitos do filho, da filha. E mais, esse indiv\u00edduo v\u00ea na vulnerabilidade do filho ou filha, a oportunidade de sentir o prazer de um Poder que lhe parece absoluto. Esvazia a possibilidade de doar afeto em suas diversas formas, objetificando o beb\u00ea para exercer Poder. Encontramos nessa \u00e1rea os comportamentos abusivos, a viol\u00eancia f\u00edsica, o abuso sexual.<\/p>\n\n\n\n<div class=\"wp-block-image\"><figure class=\"aligncenter size-large is-resized\"><img loading=\"lazy\" decoding=\"async\" src=\"https:\/\/jornalfatosenoticias.com.br\/wp-content\/uploads\/2022\/02\/FERRARI_MAQUINAS-E-FERRAMENTAS2.jpg\" alt=\"\" class=\"wp-image-27860\" width=\"268\" height=\"223\"\/><\/figure><\/div>\n\n\n\n<p>\u00c9 espantoso que n\u00e3o se compreenda que genitor n\u00e3o \u00e9 pai. Aquele que abusa sexualmente do filho ou filha, ou que espanca a Crian\u00e7a e\/ou a m\u00e3e, est\u00e1 na classifica\u00e7\u00e3o de genitor, mas Operadores de Justi\u00e7a fazem uma confus\u00e3o de l\u00ednguas e insistem em obrigar a Crian\u00e7a a conviver com seu agressor. \u00c9 genitor aquele que pratica viol\u00eancia dom\u00e9stica contra a m\u00e3e. Bater na m\u00e3e \u00e9 bater na fam\u00edlia. Quantas Crian\u00e7as j\u00e1 foram assassinadas por esses genitores? Quantas Crian\u00e7as est\u00e3o sendo esmagadas a cada visita obrigat\u00f3ria? Por que seguir um dogma sem fundamenta\u00e7\u00e3o e predador de que \u201cpai \u00e9 pai\u201d se n\u00e3o s\u00e3o pais?<br>Quantas vezes j\u00e1 foi escrito \u201cbatia na m\u00e3e, mas ainda n\u00e3o bateu na Crian\u00e7a\u201d. <\/p>\n\n\n\n<div class=\"wp-block-image\"><figure class=\"aligncenter size-large is-resized\"><img loading=\"lazy\" decoding=\"async\" src=\"https:\/\/jornalfatosenoticias.com.br\/wp-content\/uploads\/2020\/02\/casa-do-torresmo_portal.jpg\" alt=\"\" class=\"wp-image-34472\" width=\"257\" height=\"257\" srcset=\"https:\/\/jornalfatosenoticias.com.br\/wp-content\/uploads\/2020\/02\/casa-do-torresmo_portal.jpg 300w, https:\/\/jornalfatosenoticias.com.br\/wp-content\/uploads\/2020\/02\/casa-do-torresmo_portal-150x150.jpg 150w\" sizes=\"auto, (max-width: 257px) 100vw, 257px\" \/><\/figure><\/div>\n\n\n\n<p>Quantas vezes esses mesmos indiv\u00edduos passaram a bater na Crian\u00e7a. N\u00e3o \u00e9 muito dif\u00edcil raciocinar que, pela incapacidade afetiva, os filhos s\u00e3o vistos e tratados por genitores como \u201cextens\u00f5es\u201d da ex-mulher.<br>Para algu\u00e9m que s\u00f3 contribuiu com um gene e que transforma o beb\u00ea em objeto de prazer por uma sensa\u00e7\u00e3o secreta de onipot\u00eancia, falta responsabilidade social a quem decide entregar, sob um manto de uma lei viciada em sua ess\u00eancia, essa Crian\u00e7a a esse predador.<\/p>\n\n\n\n<div class=\"wp-block-image\"><figure class=\"aligncenter size-large\"><img loading=\"lazy\" decoding=\"async\" width=\"1024\" height=\"967\" src=\"https:\/\/jornalfatosenoticias.com.br\/wp-content\/uploads\/2023\/05\/18-DE-MAIO-1024x967.jpg\" alt=\"\" class=\"wp-image-41539\" srcset=\"https:\/\/jornalfatosenoticias.com.br\/wp-content\/uploads\/2023\/05\/18-DE-MAIO-1024x967.jpg 1024w, https:\/\/jornalfatosenoticias.com.br\/wp-content\/uploads\/2023\/05\/18-DE-MAIO-300x283.jpg 300w, https:\/\/jornalfatosenoticias.com.br\/wp-content\/uploads\/2023\/05\/18-DE-MAIO-768x726.jpg 768w, https:\/\/jornalfatosenoticias.com.br\/wp-content\/uploads\/2023\/05\/18-DE-MAIO.jpg 1500w\" sizes=\"auto, (max-width: 1024px) 100vw, 1024px\" \/><\/figure><\/div>\n\n\n\n<p>Para a Crian\u00e7a que \u00e9 judicialmente oprimida resta a desesperan\u00e7a, o descr\u00e9dito nos adultos, o desprezo pelas institui\u00e7\u00f5es que ela acreditou que iriam proteg\u00ea-la. O choro de Crian\u00e7as que sentem essa dor da desesperan\u00e7a no outro precisaria ser escutado por todos. Mas, o segredo de justi\u00e7a oculta agressores de Crian\u00e7as. Ningu\u00e9m imagina que essas Crian\u00e7as est\u00e3o totalmente expostas ao olhar social e aos coment\u00e1rios maldosos relativos \u00e0 aus\u00eancia de sua m\u00e3e em todas as ocasi\u00f5es. \u201cSe o juiz tirou a m\u00e3e, alguma coisa muito grave ela fez\u201d. Sim, ela denunciou abuso sexual praticado pelo genitor. As m\u00e3es que s\u00e3o alcunhadas de \u201calienadoras\u201d s\u00e3o completamente alienadas da vida de seus filhos. Sem ter uma explica\u00e7\u00e3o, eles passam a inf\u00e2ncia, publicamente envergonhados e humilhados, por um aparente abandono da m\u00e3e. Isso importa para voc\u00ea?<\/p>\n","protected":false},"excerpt":{"rendered":"<p>N\u00e3o \u00e9 o t\u00edtulo dado por uma conven\u00e7\u00e3o de regras sociais. \u00c9 o exerc\u00edcio da Fun\u00e7\u00e3o de Pai que importa para a Crian\u00e7a e para seu desenvolvimento saud\u00e1vel A figura masculina com la\u00e7os afetivos tem uma enorme import\u00e2ncia na Forma\u00e7\u00e3o da identidade e do car\u00e1ter de uma Crian\u00e7a. As fun\u00e7\u00f5es que ela deve exercer s\u00e3o [&hellip;]<\/p>\n","protected":false},"author":8,"featured_media":41562,"comment_status":"open","ping_status":"open","sticky":false,"template":"","format":"standard","meta":{"footnotes":""},"categories":[2522],"tags":[4400,19527,19528,19529,3949,19526,19530],"class_list":["post-41560","post","type-post","status-publish","format-standard","has-post-thumbnail","hentry","category-comportamento","tag-abuso-sexual-infantil","tag-avo","tag-genitor","tag-padrasto","tag-pai","tag-pai-e-filho","tag-tio"],"yoast_head":"<!-- This site is optimized with the Yoast SEO plugin v26.5 - https:\/\/yoast.com\/wordpress\/plugins\/seo\/ -->\n<title>Pai, genitor, padrasto, av\u00f4, tio, e suas Crian\u00e7as \u2014 Parte I - Jornal Fatos e Not\u00edcias<\/title>\n<meta name=\"robots\" content=\"index, follow, max-snippet:-1, max-image-preview:large, max-video-preview:-1\" \/>\n<link rel=\"canonical\" href=\"https:\/\/jornalfatosenoticias.com.br\/index.php\/2023\/05\/18\/pai-genitor-padrasto-avo-tio-e-suas-criancas-parte-i\/\" \/>\n<meta property=\"og:locale\" content=\"pt_BR\" \/>\n<meta property=\"og:type\" content=\"article\" \/>\n<meta property=\"og:title\" content=\"Pai, genitor, padrasto, av\u00f4, tio, e suas Crian\u00e7as \u2014 Parte I - Jornal Fatos e Not\u00edcias\" \/>\n<meta property=\"og:description\" content=\"N\u00e3o \u00e9 o t\u00edtulo dado por uma conven\u00e7\u00e3o de regras sociais. \u00c9 o exerc\u00edcio da Fun\u00e7\u00e3o de Pai que importa para a Crian\u00e7a e para seu desenvolvimento saud\u00e1vel A figura masculina com la\u00e7os afetivos tem uma enorme import\u00e2ncia na Forma\u00e7\u00e3o da identidade e do car\u00e1ter de uma Crian\u00e7a. As fun\u00e7\u00f5es que ela deve exercer s\u00e3o [&hellip;]\" \/>\n<meta property=\"og:url\" content=\"https:\/\/jornalfatosenoticias.com.br\/index.php\/2023\/05\/18\/pai-genitor-padrasto-avo-tio-e-suas-criancas-parte-i\/\" \/>\n<meta property=\"og:site_name\" content=\"Jornal Fatos e Not\u00edcias\" \/>\n<meta property=\"article:published_time\" content=\"2023-05-18T17:04:04+00:00\" \/>\n<meta property=\"article:modified_time\" content=\"2023-05-18T17:04:05+00:00\" \/>\n<meta property=\"og:image\" content=\"https:\/\/jornalfatosenoticias.com.br\/wp-content\/uploads\/2023\/05\/Maos-pai-e-filho.jpg\" \/>\n\t<meta property=\"og:image:width\" content=\"1000\" \/>\n\t<meta property=\"og:image:height\" content=\"635\" \/>\n\t<meta property=\"og:image:type\" content=\"image\/jpeg\" \/>\n<meta name=\"author\" content=\"Ana Maria Iencarelli\" \/>\n<meta name=\"twitter:card\" content=\"summary_large_image\" \/>\n<meta name=\"twitter:label1\" content=\"Escrito por\" \/>\n\t<meta name=\"twitter:data1\" content=\"Ana Maria Iencarelli\" \/>\n\t<meta name=\"twitter:label2\" content=\"Est. tempo de leitura\" \/>\n\t<meta name=\"twitter:data2\" content=\"5 minutos\" \/>\n<script type=\"application\/ld+json\" class=\"yoast-schema-graph\">{\"@context\":\"https:\/\/schema.org\",\"@graph\":[{\"@type\":\"Article\",\"@id\":\"https:\/\/jornalfatosenoticias.com.br\/index.php\/2023\/05\/18\/pai-genitor-padrasto-avo-tio-e-suas-criancas-parte-i\/#article\",\"isPartOf\":{\"@id\":\"https:\/\/jornalfatosenoticias.com.br\/index.php\/2023\/05\/18\/pai-genitor-padrasto-avo-tio-e-suas-criancas-parte-i\/\"},\"author\":{\"name\":\"Ana Maria Iencarelli\",\"@id\":\"https:\/\/jornalfatosenoticias.com.br\/#\/schema\/person\/c33fcf5fb02d729d3fec92c6737a22d1\"},\"headline\":\"Pai, genitor, padrasto, av\u00f4, tio, e suas Crian\u00e7as \u2014 Parte I\",\"datePublished\":\"2023-05-18T17:04:04+00:00\",\"dateModified\":\"2023-05-18T17:04:05+00:00\",\"mainEntityOfPage\":{\"@id\":\"https:\/\/jornalfatosenoticias.com.br\/index.php\/2023\/05\/18\/pai-genitor-padrasto-avo-tio-e-suas-criancas-parte-i\/\"},\"wordCount\":1069,\"commentCount\":0,\"publisher\":{\"@id\":\"https:\/\/jornalfatosenoticias.com.br\/#organization\"},\"image\":{\"@id\":\"https:\/\/jornalfatosenoticias.com.br\/index.php\/2023\/05\/18\/pai-genitor-padrasto-avo-tio-e-suas-criancas-parte-i\/#primaryimage\"},\"thumbnailUrl\":\"https:\/\/jornalfatosenoticias.com.br\/wp-content\/uploads\/2023\/05\/Maos-pai-e-filho.jpg\",\"keywords\":[\"abuso sexual infantil\",\"av\u00f4\",\"genitor\",\"padrasto\",\"pai\",\"pai e filho\",\"tio\"],\"articleSection\":[\"Comportamento &amp; Equil\u00edbrio\"],\"inLanguage\":\"pt-BR\",\"potentialAction\":[{\"@type\":\"CommentAction\",\"name\":\"Comment\",\"target\":[\"https:\/\/jornalfatosenoticias.com.br\/index.php\/2023\/05\/18\/pai-genitor-padrasto-avo-tio-e-suas-criancas-parte-i\/#respond\"]}]},{\"@type\":\"WebPage\",\"@id\":\"https:\/\/jornalfatosenoticias.com.br\/index.php\/2023\/05\/18\/pai-genitor-padrasto-avo-tio-e-suas-criancas-parte-i\/\",\"url\":\"https:\/\/jornalfatosenoticias.com.br\/index.php\/2023\/05\/18\/pai-genitor-padrasto-avo-tio-e-suas-criancas-parte-i\/\",\"name\":\"Pai, genitor, padrasto, av\u00f4, tio, e suas Crian\u00e7as \u2014 Parte I - Jornal Fatos e Not\u00edcias\",\"isPartOf\":{\"@id\":\"https:\/\/jornalfatosenoticias.com.br\/#website\"},\"primaryImageOfPage\":{\"@id\":\"https:\/\/jornalfatosenoticias.com.br\/index.php\/2023\/05\/18\/pai-genitor-padrasto-avo-tio-e-suas-criancas-parte-i\/#primaryimage\"},\"image\":{\"@id\":\"https:\/\/jornalfatosenoticias.com.br\/index.php\/2023\/05\/18\/pai-genitor-padrasto-avo-tio-e-suas-criancas-parte-i\/#primaryimage\"},\"thumbnailUrl\":\"https:\/\/jornalfatosenoticias.com.br\/wp-content\/uploads\/2023\/05\/Maos-pai-e-filho.jpg\",\"datePublished\":\"2023-05-18T17:04:04+00:00\",\"dateModified\":\"2023-05-18T17:04:05+00:00\",\"breadcrumb\":{\"@id\":\"https:\/\/jornalfatosenoticias.com.br\/index.php\/2023\/05\/18\/pai-genitor-padrasto-avo-tio-e-suas-criancas-parte-i\/#breadcrumb\"},\"inLanguage\":\"pt-BR\",\"potentialAction\":[{\"@type\":\"ReadAction\",\"target\":[\"https:\/\/jornalfatosenoticias.com.br\/index.php\/2023\/05\/18\/pai-genitor-padrasto-avo-tio-e-suas-criancas-parte-i\/\"]}]},{\"@type\":\"ImageObject\",\"inLanguage\":\"pt-BR\",\"@id\":\"https:\/\/jornalfatosenoticias.com.br\/index.php\/2023\/05\/18\/pai-genitor-padrasto-avo-tio-e-suas-criancas-parte-i\/#primaryimage\",\"url\":\"https:\/\/jornalfatosenoticias.com.br\/wp-content\/uploads\/2023\/05\/Maos-pai-e-filho.jpg\",\"contentUrl\":\"https:\/\/jornalfatosenoticias.com.br\/wp-content\/uploads\/2023\/05\/Maos-pai-e-filho.jpg\",\"width\":1000,\"height\":635},{\"@type\":\"BreadcrumbList\",\"@id\":\"https:\/\/jornalfatosenoticias.com.br\/index.php\/2023\/05\/18\/pai-genitor-padrasto-avo-tio-e-suas-criancas-parte-i\/#breadcrumb\",\"itemListElement\":[{\"@type\":\"ListItem\",\"position\":1,\"name\":\"In\u00edcio\",\"item\":\"https:\/\/jornalfatosenoticias.com.br\/\"},{\"@type\":\"ListItem\",\"position\":2,\"name\":\"Pai, genitor, padrasto, av\u00f4, tio, e suas Crian\u00e7as \u2014 Parte I\"}]},{\"@type\":\"WebSite\",\"@id\":\"https:\/\/jornalfatosenoticias.com.br\/#website\",\"url\":\"https:\/\/jornalfatosenoticias.com.br\/\",\"name\":\"Jornal Fatos e Not\u00edcias\",\"description\":\"Not\u00edcias em geral\",\"publisher\":{\"@id\":\"https:\/\/jornalfatosenoticias.com.br\/#organization\"},\"potentialAction\":[{\"@type\":\"SearchAction\",\"target\":{\"@type\":\"EntryPoint\",\"urlTemplate\":\"https:\/\/jornalfatosenoticias.com.br\/?s={search_term_string}\"},\"query-input\":{\"@type\":\"PropertyValueSpecification\",\"valueRequired\":true,\"valueName\":\"search_term_string\"}}],\"inLanguage\":\"pt-BR\"},{\"@type\":\"Organization\",\"@id\":\"https:\/\/jornalfatosenoticias.com.br\/#organization\",\"name\":\"Jornal Fatos e Not\u00edcias\",\"url\":\"https:\/\/jornalfatosenoticias.com.br\/\",\"logo\":{\"@type\":\"ImageObject\",\"inLanguage\":\"pt-BR\",\"@id\":\"https:\/\/jornalfatosenoticias.com.br\/#\/schema\/logo\/image\/\",\"url\":\"https:\/\/jornalfatosenoticias.com.br\/wp-content\/uploads\/2020\/02\/logo120.png\",\"contentUrl\":\"https:\/\/jornalfatosenoticias.com.br\/wp-content\/uploads\/2020\/02\/logo120.png\",\"width\":1227,\"height\":120,\"caption\":\"Jornal Fatos e Not\u00edcias\"},\"image\":{\"@id\":\"https:\/\/jornalfatosenoticias.com.br\/#\/schema\/logo\/image\/\"}},{\"@type\":\"Person\",\"@id\":\"https:\/\/jornalfatosenoticias.com.br\/#\/schema\/person\/c33fcf5fb02d729d3fec92c6737a22d1\",\"name\":\"Ana Maria Iencarelli\",\"image\":{\"@type\":\"ImageObject\",\"inLanguage\":\"pt-BR\",\"@id\":\"https:\/\/jornalfatosenoticias.com.br\/#\/schema\/person\/image\/\",\"url\":\"https:\/\/jornalfatosenoticias.com.br\/wp-content\/uploads\/2020\/02\/Ana-Maria-Iencarelli-1-150x150.jpg\",\"contentUrl\":\"https:\/\/jornalfatosenoticias.com.br\/wp-content\/uploads\/2020\/02\/Ana-Maria-Iencarelli-1-150x150.jpg\",\"caption\":\"Ana Maria Iencarelli\"},\"description\":\"Psicanalista Cl\u00ednica, especializada no atendimento a Crian\u00e7as e Adolescentes. Presidente da ONG Vozes de Anjos.\",\"url\":\"https:\/\/jornalfatosenoticias.com.br\/index.php\/author\/anamaria\/\"}]}<\/script>\n<!-- \/ Yoast SEO plugin. -->","yoast_head_json":{"title":"Pai, genitor, padrasto, av\u00f4, tio, e suas Crian\u00e7as \u2014 Parte I - Jornal Fatos e Not\u00edcias","robots":{"index":"index","follow":"follow","max-snippet":"max-snippet:-1","max-image-preview":"max-image-preview:large","max-video-preview":"max-video-preview:-1"},"canonical":"https:\/\/jornalfatosenoticias.com.br\/index.php\/2023\/05\/18\/pai-genitor-padrasto-avo-tio-e-suas-criancas-parte-i\/","og_locale":"pt_BR","og_type":"article","og_title":"Pai, genitor, padrasto, av\u00f4, tio, e suas Crian\u00e7as \u2014 Parte I - Jornal Fatos e Not\u00edcias","og_description":"N\u00e3o \u00e9 o t\u00edtulo dado por uma conven\u00e7\u00e3o de regras sociais. \u00c9 o exerc\u00edcio da Fun\u00e7\u00e3o de Pai que importa para a Crian\u00e7a e para seu desenvolvimento saud\u00e1vel A figura masculina com la\u00e7os afetivos tem uma enorme import\u00e2ncia na Forma\u00e7\u00e3o da identidade e do car\u00e1ter de uma Crian\u00e7a. As fun\u00e7\u00f5es que ela deve exercer s\u00e3o [&hellip;]","og_url":"https:\/\/jornalfatosenoticias.com.br\/index.php\/2023\/05\/18\/pai-genitor-padrasto-avo-tio-e-suas-criancas-parte-i\/","og_site_name":"Jornal Fatos e Not\u00edcias","article_published_time":"2023-05-18T17:04:04+00:00","article_modified_time":"2023-05-18T17:04:05+00:00","og_image":[{"width":1000,"height":635,"url":"https:\/\/jornalfatosenoticias.com.br\/wp-content\/uploads\/2023\/05\/Maos-pai-e-filho.jpg","type":"image\/jpeg"}],"author":"Ana Maria Iencarelli","twitter_card":"summary_large_image","twitter_misc":{"Escrito por":"Ana Maria Iencarelli","Est. tempo de leitura":"5 minutos"},"schema":{"@context":"https:\/\/schema.org","@graph":[{"@type":"Article","@id":"https:\/\/jornalfatosenoticias.com.br\/index.php\/2023\/05\/18\/pai-genitor-padrasto-avo-tio-e-suas-criancas-parte-i\/#article","isPartOf":{"@id":"https:\/\/jornalfatosenoticias.com.br\/index.php\/2023\/05\/18\/pai-genitor-padrasto-avo-tio-e-suas-criancas-parte-i\/"},"author":{"name":"Ana Maria Iencarelli","@id":"https:\/\/jornalfatosenoticias.com.br\/#\/schema\/person\/c33fcf5fb02d729d3fec92c6737a22d1"},"headline":"Pai, genitor, padrasto, av\u00f4, tio, e suas Crian\u00e7as \u2014 Parte I","datePublished":"2023-05-18T17:04:04+00:00","dateModified":"2023-05-18T17:04:05+00:00","mainEntityOfPage":{"@id":"https:\/\/jornalfatosenoticias.com.br\/index.php\/2023\/05\/18\/pai-genitor-padrasto-avo-tio-e-suas-criancas-parte-i\/"},"wordCount":1069,"commentCount":0,"publisher":{"@id":"https:\/\/jornalfatosenoticias.com.br\/#organization"},"image":{"@id":"https:\/\/jornalfatosenoticias.com.br\/index.php\/2023\/05\/18\/pai-genitor-padrasto-avo-tio-e-suas-criancas-parte-i\/#primaryimage"},"thumbnailUrl":"https:\/\/jornalfatosenoticias.com.br\/wp-content\/uploads\/2023\/05\/Maos-pai-e-filho.jpg","keywords":["abuso sexual infantil","av\u00f4","genitor","padrasto","pai","pai e filho","tio"],"articleSection":["Comportamento &amp; Equil\u00edbrio"],"inLanguage":"pt-BR","potentialAction":[{"@type":"CommentAction","name":"Comment","target":["https:\/\/jornalfatosenoticias.com.br\/index.php\/2023\/05\/18\/pai-genitor-padrasto-avo-tio-e-suas-criancas-parte-i\/#respond"]}]},{"@type":"WebPage","@id":"https:\/\/jornalfatosenoticias.com.br\/index.php\/2023\/05\/18\/pai-genitor-padrasto-avo-tio-e-suas-criancas-parte-i\/","url":"https:\/\/jornalfatosenoticias.com.br\/index.php\/2023\/05\/18\/pai-genitor-padrasto-avo-tio-e-suas-criancas-parte-i\/","name":"Pai, genitor, padrasto, av\u00f4, tio, e suas Crian\u00e7as \u2014 Parte I - Jornal Fatos e Not\u00edcias","isPartOf":{"@id":"https:\/\/jornalfatosenoticias.com.br\/#website"},"primaryImageOfPage":{"@id":"https:\/\/jornalfatosenoticias.com.br\/index.php\/2023\/05\/18\/pai-genitor-padrasto-avo-tio-e-suas-criancas-parte-i\/#primaryimage"},"image":{"@id":"https:\/\/jornalfatosenoticias.com.br\/index.php\/2023\/05\/18\/pai-genitor-padrasto-avo-tio-e-suas-criancas-parte-i\/#primaryimage"},"thumbnailUrl":"https:\/\/jornalfatosenoticias.com.br\/wp-content\/uploads\/2023\/05\/Maos-pai-e-filho.jpg","datePublished":"2023-05-18T17:04:04+00:00","dateModified":"2023-05-18T17:04:05+00:00","breadcrumb":{"@id":"https:\/\/jornalfatosenoticias.com.br\/index.php\/2023\/05\/18\/pai-genitor-padrasto-avo-tio-e-suas-criancas-parte-i\/#breadcrumb"},"inLanguage":"pt-BR","potentialAction":[{"@type":"ReadAction","target":["https:\/\/jornalfatosenoticias.com.br\/index.php\/2023\/05\/18\/pai-genitor-padrasto-avo-tio-e-suas-criancas-parte-i\/"]}]},{"@type":"ImageObject","inLanguage":"pt-BR","@id":"https:\/\/jornalfatosenoticias.com.br\/index.php\/2023\/05\/18\/pai-genitor-padrasto-avo-tio-e-suas-criancas-parte-i\/#primaryimage","url":"https:\/\/jornalfatosenoticias.com.br\/wp-content\/uploads\/2023\/05\/Maos-pai-e-filho.jpg","contentUrl":"https:\/\/jornalfatosenoticias.com.br\/wp-content\/uploads\/2023\/05\/Maos-pai-e-filho.jpg","width":1000,"height":635},{"@type":"BreadcrumbList","@id":"https:\/\/jornalfatosenoticias.com.br\/index.php\/2023\/05\/18\/pai-genitor-padrasto-avo-tio-e-suas-criancas-parte-i\/#breadcrumb","itemListElement":[{"@type":"ListItem","position":1,"name":"In\u00edcio","item":"https:\/\/jornalfatosenoticias.com.br\/"},{"@type":"ListItem","position":2,"name":"Pai, genitor, padrasto, av\u00f4, tio, e suas Crian\u00e7as \u2014 Parte I"}]},{"@type":"WebSite","@id":"https:\/\/jornalfatosenoticias.com.br\/#website","url":"https:\/\/jornalfatosenoticias.com.br\/","name":"Jornal Fatos e Not\u00edcias","description":"Not\u00edcias em geral","publisher":{"@id":"https:\/\/jornalfatosenoticias.com.br\/#organization"},"potentialAction":[{"@type":"SearchAction","target":{"@type":"EntryPoint","urlTemplate":"https:\/\/jornalfatosenoticias.com.br\/?s={search_term_string}"},"query-input":{"@type":"PropertyValueSpecification","valueRequired":true,"valueName":"search_term_string"}}],"inLanguage":"pt-BR"},{"@type":"Organization","@id":"https:\/\/jornalfatosenoticias.com.br\/#organization","name":"Jornal Fatos e Not\u00edcias","url":"https:\/\/jornalfatosenoticias.com.br\/","logo":{"@type":"ImageObject","inLanguage":"pt-BR","@id":"https:\/\/jornalfatosenoticias.com.br\/#\/schema\/logo\/image\/","url":"https:\/\/jornalfatosenoticias.com.br\/wp-content\/uploads\/2020\/02\/logo120.png","contentUrl":"https:\/\/jornalfatosenoticias.com.br\/wp-content\/uploads\/2020\/02\/logo120.png","width":1227,"height":120,"caption":"Jornal Fatos e Not\u00edcias"},"image":{"@id":"https:\/\/jornalfatosenoticias.com.br\/#\/schema\/logo\/image\/"}},{"@type":"Person","@id":"https:\/\/jornalfatosenoticias.com.br\/#\/schema\/person\/c33fcf5fb02d729d3fec92c6737a22d1","name":"Ana Maria Iencarelli","image":{"@type":"ImageObject","inLanguage":"pt-BR","@id":"https:\/\/jornalfatosenoticias.com.br\/#\/schema\/person\/image\/","url":"https:\/\/jornalfatosenoticias.com.br\/wp-content\/uploads\/2020\/02\/Ana-Maria-Iencarelli-1-150x150.jpg","contentUrl":"https:\/\/jornalfatosenoticias.com.br\/wp-content\/uploads\/2020\/02\/Ana-Maria-Iencarelli-1-150x150.jpg","caption":"Ana Maria Iencarelli"},"description":"Psicanalista Cl\u00ednica, especializada no atendimento a Crian\u00e7as e Adolescentes. Presidente da ONG Vozes de Anjos.","url":"https:\/\/jornalfatosenoticias.com.br\/index.php\/author\/anamaria\/"}]}},"cc_featured_image_caption":{"caption_text":"(Foto: Pixabay) ","source_text":"","source_url":""},"jetpack_featured_media_url":"https:\/\/jornalfatosenoticias.com.br\/wp-content\/uploads\/2023\/05\/Maos-pai-e-filho.jpg","_links":{"self":[{"href":"https:\/\/jornalfatosenoticias.com.br\/index.php\/wp-json\/wp\/v2\/posts\/41560","targetHints":{"allow":["GET"]}}],"collection":[{"href":"https:\/\/jornalfatosenoticias.com.br\/index.php\/wp-json\/wp\/v2\/posts"}],"about":[{"href":"https:\/\/jornalfatosenoticias.com.br\/index.php\/wp-json\/wp\/v2\/types\/post"}],"author":[{"embeddable":true,"href":"https:\/\/jornalfatosenoticias.com.br\/index.php\/wp-json\/wp\/v2\/users\/8"}],"replies":[{"embeddable":true,"href":"https:\/\/jornalfatosenoticias.com.br\/index.php\/wp-json\/wp\/v2\/comments?post=41560"}],"version-history":[{"count":0,"href":"https:\/\/jornalfatosenoticias.com.br\/index.php\/wp-json\/wp\/v2\/posts\/41560\/revisions"}],"wp:featuredmedia":[{"embeddable":true,"href":"https:\/\/jornalfatosenoticias.com.br\/index.php\/wp-json\/wp\/v2\/media\/41562"}],"wp:attachment":[{"href":"https:\/\/jornalfatosenoticias.com.br\/index.php\/wp-json\/wp\/v2\/media?parent=41560"}],"wp:term":[{"taxonomy":"category","embeddable":true,"href":"https:\/\/jornalfatosenoticias.com.br\/index.php\/wp-json\/wp\/v2\/categories?post=41560"},{"taxonomy":"post_tag","embeddable":true,"href":"https:\/\/jornalfatosenoticias.com.br\/index.php\/wp-json\/wp\/v2\/tags?post=41560"}],"curies":[{"name":"wp","href":"https:\/\/api.w.org\/{rel}","templated":true}]}}