{"id":41571,"date":"2023-05-18T14:24:03","date_gmt":"2023-05-18T17:24:03","guid":{"rendered":"https:\/\/jornalfatosenoticias.com.br\/?p=41571"},"modified":"2023-05-18T14:24:05","modified_gmt":"2023-05-18T17:24:05","slug":"vacina-brasileira-anticocaina-concorre-a-premio-internacional-de-inovacao","status":"publish","type":"post","link":"https:\/\/jornalfatosenoticias.com.br\/index.php\/2023\/05\/18\/vacina-brasileira-anticocaina-concorre-a-premio-internacional-de-inovacao\/","title":{"rendered":"Vacina brasileira anticoca\u00edna concorre a pr\u00eamio internacional de inova\u00e7\u00e3o"},"content":{"rendered":"\n<p><em><span class=\"has-inline-color has-black-color\">Reconhecimento pode ajudar no avan\u00e7o dos testes em humanos<\/span><\/em><\/p>\n\n\n\n<p><em><span class=\"has-inline-color has-black-color\">Por <\/span><\/em><strong><em><span class=\"has-inline-color has-black-color\"><a href=\"https:\/\/olhardigital.com.br\/author\/tamires-ferreira\/\">Tamires Ferreira<\/a><\/span><\/em><\/strong><\/p>\n\n\n\n<div class=\"wp-block-image\"><figure class=\"aligncenter size-large\"><img loading=\"lazy\" decoding=\"async\" width=\"729\" height=\"90\" src=\"https:\/\/jornalfatosenoticias.com.br\/wp-content\/uploads\/2020\/02\/Logo_Mizu.png\" alt=\"\" class=\"wp-image-1441\" srcset=\"https:\/\/jornalfatosenoticias.com.br\/wp-content\/uploads\/2020\/02\/Logo_Mizu.png 729w, https:\/\/jornalfatosenoticias.com.br\/wp-content\/uploads\/2020\/02\/Logo_Mizu-300x37.png 300w\" sizes=\"auto, (max-width: 729px) 100vw, 729px\" \/><\/figure><\/div>\n\n\n\n<p>A vacina para o tratamento da depend\u00eancia em coca\u00edna e crack, em desenvolvimento na Faculdade de Medicina da Universidade Federal de Minas Gerais (<a href=\"https:\/\/olhardigital.com.br\/tag\/ufmg\/\" target=\"_blank\" rel=\"noreferrer noopener\">UFMG<\/a>), \u00e9\u00a0finalista do\u00a0<strong>Pr\u00eamio Euro Inova\u00e7\u00e3o na Sa\u00fade<\/strong>, reconhecimento patrocinado pela Eurofarma e voltado para o avan\u00e7o da\u00a0<a href=\"https:\/\/olhardigital.com.br\/tag\/tecnologia\/\" target=\"_blank\" rel=\"noreferrer noopener\">tecnologia<\/a> na medicina.<br>O Pr\u00eamio Euro Inova\u00e7\u00e3o na Sa\u00fade est\u00e1 em sua segunda edi\u00e7\u00e3o. Ser\u00e3o contemplados tr\u00eas vencedores em quatro categorias diferentes. <\/p>\n\n\n\n<div class=\"wp-block-image\"><figure class=\"aligncenter size-large is-resized\"><img loading=\"lazy\" decoding=\"async\" src=\"https:\/\/jornalfatosenoticias.com.br\/wp-content\/uploads\/2023\/03\/logo-Panper_portal.jpg\" alt=\"\" class=\"wp-image-40208\" width=\"322\" height=\"223\" srcset=\"https:\/\/jornalfatosenoticias.com.br\/wp-content\/uploads\/2023\/03\/logo-Panper_portal.jpg 400w, https:\/\/jornalfatosenoticias.com.br\/wp-content\/uploads\/2023\/03\/logo-Panper_portal-300x208.jpg 300w\" sizes=\"auto, (max-width: 322px) 100vw, 322px\" \/><\/figure><\/div>\n\n\n\n<p>A vacina anticoca\u00edna e crack concorre na categoria Inova\u00e7\u00e3o Tecnol\u00f3gica Aplicada em Sa\u00fade. Os vencedores concorrem ao pr\u00eamio de Grande Destaque. A vota\u00e7\u00e3o, que \u00e9 on-line e aberta apenas para m\u00e9dicos, est\u00e1 dispon\u00edvel em 17 pa\u00edses da Am\u00e9rica Latina.<br>Segundo a UFMG, o projeto j\u00e1 concluiu as etapas pr\u00e9-cl\u00ednicas, em que foi constatada seguran\u00e7a e efic\u00e1cia para tratamento da depend\u00eancia. Atualmente, n\u00e3o existem tratamentos do tipo registrados em ag\u00eancias regulat\u00f3rias para essas condi\u00e7\u00f5es \u2014 a n\u00e3o ser op\u00e7\u00f5es de tratamentos comportamentais ou com medicamentos para tolerar a abstin\u00eancia ou diminuir a impulsividade.<\/p>\n\n\n\n<div class=\"wp-block-image\"><figure class=\"aligncenter size-large\"><img loading=\"lazy\" decoding=\"async\" width=\"300\" height=\"250\" src=\"https:\/\/jornalfatosenoticias.com.br\/wp-content\/uploads\/2022\/08\/arte-Casarao.jpg\" alt=\"\" class=\"wp-image-33178\"\/><\/figure><\/div>\n\n\n\n<blockquote class=\"wp-block-quote is-layout-flow wp-block-quote-is-layout-flow\"><p><span class=\"has-inline-color has-luminous-vivid-orange-color\">Esse \u00e9 um problema prevalente, vulnerabilizante e sem tratamento espec\u00edfico. Os nossos estudos pr\u00e9-cl\u00ednicos comprovam a seguran\u00e7a e efic\u00e1cia da vacina nesta aplica\u00e7\u00e3o. Ela aporta uma solu\u00e7\u00e3o que permite aos pacientes com depend\u00eancia se reinserir socialmente e voltar a realizar seus sonhos\u201d, ressalta Frederico Garcia, professor do Departamento de Sa\u00fade Mental da Faculdade de Medicina e pesquisador respons\u00e1vel.<\/span><\/p><\/blockquote>\n\n\n\n<p><strong><span class=\"has-inline-color has-vivid-purple-color\">Como funciona a vacina anticoca\u00edna?<br><\/span><\/strong>Conforme explica\u00e7\u00e3o do portal oficial da UFMG, o medicamento \u201cinduz o sistema imune a produzir anticorpos que se ligam \u00e0 coca\u00edna na corrente sangu\u00ednea. Essa liga\u00e7\u00e3o transforma a droga numa mol\u00e9cula grande, que n\u00e3o passa pela barreira hematoencef\u00e1lica\u201d.<\/p>\n\n\n\n<div class=\"wp-block-image\"><figure class=\"aligncenter size-large is-resized\"><img loading=\"lazy\" decoding=\"async\" src=\"https:\/\/jornalfatosenoticias.com.br\/wp-content\/uploads\/2023\/03\/Crypton-1000-\u00d7-900-px-300x270-1.png\" alt=\"\" class=\"wp-image-40206\" width=\"281\" height=\"253\"\/><\/figure><\/div>\n\n\n\n<blockquote class=\"wp-block-quote is-layout-flow wp-block-quote-is-layout-flow\"><p><span class=\"has-inline-color has-luminous-vivid-orange-color\">Demonstramos a redu\u00e7\u00e3o dos efeitos, o que sugere efic\u00e1cia no tratamento da depend\u00eancia. Pensamos em utilizar o f\u00e1rmaco para evitar reca\u00eddas em pacientes que est\u00e3o em tratamento, dando mais tempo para eles reconstru\u00edrem sua vida sem a droga&#8221;, diz o comunicado.<\/span><\/p><\/blockquote>\n\n\n\n<div class=\"wp-block-image\"><figure class=\"aligncenter size-large is-resized\"><img loading=\"lazy\" decoding=\"async\" src=\"https:\/\/jornalfatosenoticias.com.br\/wp-content\/uploads\/2020\/02\/logo-embacia.jpg\" alt=\"\" class=\"wp-image-33905\" width=\"255\" height=\"255\"\/><\/figure><\/div>\n\n\n\n<p>Em testes com camundongos gestantes, o rem\u00e9dio impediu ainda a a\u00e7\u00e3o da droga sobre a placenta e o feto. \u201cObservamos menos complica\u00e7\u00f5es obst\u00e9tricas, maior n\u00famero de filhotes e maior peso do que as n\u00e3o vacinadas\u201d.<br>O projeto, inteiramente desenvolvido com recursos governamentais, busca agora financiamento para avan\u00e7ar at\u00e9 a etapa com humanos. <\/p>\n\n\n\n<div class=\"wp-block-image\"><figure class=\"aligncenter size-large\"><img loading=\"lazy\" decoding=\"async\" width=\"250\" height=\"250\" src=\"https:\/\/jornalfatosenoticias.com.br\/wp-content\/uploads\/2023\/04\/baile.jpg\" alt=\"\" class=\"wp-image-40627\" srcset=\"https:\/\/jornalfatosenoticias.com.br\/wp-content\/uploads\/2023\/04\/baile.jpg 250w, https:\/\/jornalfatosenoticias.com.br\/wp-content\/uploads\/2023\/04\/baile-150x150.jpg 150w\" sizes=\"auto, (max-width: 250px) 100vw, 250px\" \/><\/figure><\/div>\n\n\n\n<blockquote class=\"wp-block-quote is-layout-flow wp-block-quote-is-layout-flow\"><p><span class=\"has-inline-color has-luminous-vivid-orange-color\">Para restaurar a liberdade das pessoas com depend\u00eancia e prevenir as consequ\u00eancias fetais precisamos dar in\u00edcio nos estudos com humanos. Acreditamos que o pr\u00eamio Euro pode viabilizar esse sonho\u201d, afirmam os pesquisadores.<\/span><\/p><\/blockquote>\n\n\n\n<p><strong><em>Fonte: <a href=\"https:\/\/olhardigital.com.br\/2023\/05\/16\/medicina-e-saude\/vacina-brasileira-anticocaina-concorre-a-premio-internacional-de-inovacao\/\">Olhar Digital<\/a><\/em><\/strong><\/p>\n","protected":false},"excerpt":{"rendered":"<p>Reconhecimento pode ajudar no avan\u00e7o dos testes em humanos Por Tamires Ferreira A vacina para o tratamento da depend\u00eancia em coca\u00edna e crack, em desenvolvimento na Faculdade de Medicina da Universidade Federal de Minas Gerais (UFMG), \u00e9\u00a0finalista do\u00a0Pr\u00eamio Euro Inova\u00e7\u00e3o na Sa\u00fade, reconhecimento patrocinado pela Eurofarma e voltado para o avan\u00e7o da\u00a0tecnologia na medicina.O Pr\u00eamio [&hellip;]<\/p>\n","protected":false},"author":2,"featured_media":41572,"comment_status":"open","ping_status":"open","sticky":false,"template":"","format":"standard","meta":{"footnotes":""},"categories":[11],"tags":[10760,19535,911,1011,3469,563,19536],"class_list":["post-41571","post","type-post","status-publish","format-standard","has-post-thumbnail","hentry","category-saude","tag-cocaina","tag-crack","tag-inovacao","tag-premio","tag-ufmg","tag-vacina","tag-vacina-anticocaina"],"yoast_head":"<!-- This site is optimized with the Yoast SEO plugin v26.5 - https:\/\/yoast.com\/wordpress\/plugins\/seo\/ -->\n<title>Vacina brasileira anticoca\u00edna concorre a pr\u00eamio internacional de inova\u00e7\u00e3o - Jornal Fatos e Not\u00edcias<\/title>\n<meta name=\"robots\" content=\"index, follow, max-snippet:-1, max-image-preview:large, max-video-preview:-1\" \/>\n<link rel=\"canonical\" href=\"https:\/\/jornalfatosenoticias.com.br\/index.php\/2023\/05\/18\/vacina-brasileira-anticocaina-concorre-a-premio-internacional-de-inovacao\/\" \/>\n<meta property=\"og:locale\" content=\"pt_BR\" \/>\n<meta property=\"og:type\" content=\"article\" \/>\n<meta property=\"og:title\" content=\"Vacina brasileira anticoca\u00edna concorre a pr\u00eamio internacional de inova\u00e7\u00e3o - Jornal Fatos e Not\u00edcias\" \/>\n<meta property=\"og:description\" content=\"Reconhecimento pode ajudar no avan\u00e7o dos testes em humanos Por Tamires Ferreira A vacina para o tratamento da depend\u00eancia em coca\u00edna e crack, em desenvolvimento na Faculdade de Medicina da Universidade Federal de Minas Gerais (UFMG), \u00e9\u00a0finalista do\u00a0Pr\u00eamio Euro Inova\u00e7\u00e3o na Sa\u00fade, reconhecimento patrocinado pela Eurofarma e voltado para o avan\u00e7o da\u00a0tecnologia na medicina.O Pr\u00eamio [&hellip;]\" \/>\n<meta property=\"og:url\" content=\"https:\/\/jornalfatosenoticias.com.br\/index.php\/2023\/05\/18\/vacina-brasileira-anticocaina-concorre-a-premio-internacional-de-inovacao\/\" \/>\n<meta property=\"og:site_name\" content=\"Jornal Fatos e Not\u00edcias\" \/>\n<meta property=\"article:published_time\" content=\"2023-05-18T17:24:03+00:00\" \/>\n<meta property=\"article:modified_time\" content=\"2023-05-18T17:24:05+00:00\" \/>\n<meta property=\"og:image\" content=\"https:\/\/jornalfatosenoticias.com.br\/wp-content\/uploads\/2023\/05\/vacina-cocaina-UFMG.jpg\" \/>\n\t<meta property=\"og:image:width\" content=\"1000\" \/>\n\t<meta property=\"og:image:height\" content=\"559\" \/>\n\t<meta property=\"og:image:type\" content=\"image\/jpeg\" \/>\n<meta name=\"author\" content=\"Luzimara Fernandes\" \/>\n<meta name=\"twitter:card\" content=\"summary_large_image\" \/>\n<meta name=\"twitter:label1\" content=\"Escrito por\" \/>\n\t<meta name=\"twitter:data1\" content=\"Luzimara Fernandes\" \/>\n\t<meta name=\"twitter:label2\" content=\"Est. tempo de leitura\" \/>\n\t<meta name=\"twitter:data2\" content=\"2 minutos\" \/>\n<script type=\"application\/ld+json\" class=\"yoast-schema-graph\">{\"@context\":\"https:\/\/schema.org\",\"@graph\":[{\"@type\":\"Article\",\"@id\":\"https:\/\/jornalfatosenoticias.com.br\/index.php\/2023\/05\/18\/vacina-brasileira-anticocaina-concorre-a-premio-internacional-de-inovacao\/#article\",\"isPartOf\":{\"@id\":\"https:\/\/jornalfatosenoticias.com.br\/index.php\/2023\/05\/18\/vacina-brasileira-anticocaina-concorre-a-premio-internacional-de-inovacao\/\"},\"author\":{\"name\":\"Luzimara Fernandes\",\"@id\":\"https:\/\/jornalfatosenoticias.com.br\/#\/schema\/person\/d63837fa13ac8666eb9e74e0985d6f81\"},\"headline\":\"Vacina brasileira anticoca\u00edna concorre a pr\u00eamio internacional de inova\u00e7\u00e3o\",\"datePublished\":\"2023-05-18T17:24:03+00:00\",\"dateModified\":\"2023-05-18T17:24:05+00:00\",\"mainEntityOfPage\":{\"@id\":\"https:\/\/jornalfatosenoticias.com.br\/index.php\/2023\/05\/18\/vacina-brasileira-anticocaina-concorre-a-premio-internacional-de-inovacao\/\"},\"wordCount\":474,\"commentCount\":0,\"publisher\":{\"@id\":\"https:\/\/jornalfatosenoticias.com.br\/#organization\"},\"image\":{\"@id\":\"https:\/\/jornalfatosenoticias.com.br\/index.php\/2023\/05\/18\/vacina-brasileira-anticocaina-concorre-a-premio-internacional-de-inovacao\/#primaryimage\"},\"thumbnailUrl\":\"https:\/\/jornalfatosenoticias.com.br\/wp-content\/uploads\/2023\/05\/vacina-cocaina-UFMG.jpg\",\"keywords\":[\"coca\u00edna\",\"crack\",\"inova\u00e7\u00e3o\",\"pr\u00eamio\",\"UFMG\",\"vacina\",\"vacina anticoca\u00edna\"],\"articleSection\":[\"Sa\u00fade\"],\"inLanguage\":\"pt-BR\",\"potentialAction\":[{\"@type\":\"CommentAction\",\"name\":\"Comment\",\"target\":[\"https:\/\/jornalfatosenoticias.com.br\/index.php\/2023\/05\/18\/vacina-brasileira-anticocaina-concorre-a-premio-internacional-de-inovacao\/#respond\"]}]},{\"@type\":\"WebPage\",\"@id\":\"https:\/\/jornalfatosenoticias.com.br\/index.php\/2023\/05\/18\/vacina-brasileira-anticocaina-concorre-a-premio-internacional-de-inovacao\/\",\"url\":\"https:\/\/jornalfatosenoticias.com.br\/index.php\/2023\/05\/18\/vacina-brasileira-anticocaina-concorre-a-premio-internacional-de-inovacao\/\",\"name\":\"Vacina brasileira anticoca\u00edna concorre a pr\u00eamio internacional de inova\u00e7\u00e3o - Jornal Fatos e Not\u00edcias\",\"isPartOf\":{\"@id\":\"https:\/\/jornalfatosenoticias.com.br\/#website\"},\"primaryImageOfPage\":{\"@id\":\"https:\/\/jornalfatosenoticias.com.br\/index.php\/2023\/05\/18\/vacina-brasileira-anticocaina-concorre-a-premio-internacional-de-inovacao\/#primaryimage\"},\"image\":{\"@id\":\"https:\/\/jornalfatosenoticias.com.br\/index.php\/2023\/05\/18\/vacina-brasileira-anticocaina-concorre-a-premio-internacional-de-inovacao\/#primaryimage\"},\"thumbnailUrl\":\"https:\/\/jornalfatosenoticias.com.br\/wp-content\/uploads\/2023\/05\/vacina-cocaina-UFMG.jpg\",\"datePublished\":\"2023-05-18T17:24:03+00:00\",\"dateModified\":\"2023-05-18T17:24:05+00:00\",\"breadcrumb\":{\"@id\":\"https:\/\/jornalfatosenoticias.com.br\/index.php\/2023\/05\/18\/vacina-brasileira-anticocaina-concorre-a-premio-internacional-de-inovacao\/#breadcrumb\"},\"inLanguage\":\"pt-BR\",\"potentialAction\":[{\"@type\":\"ReadAction\",\"target\":[\"https:\/\/jornalfatosenoticias.com.br\/index.php\/2023\/05\/18\/vacina-brasileira-anticocaina-concorre-a-premio-internacional-de-inovacao\/\"]}]},{\"@type\":\"ImageObject\",\"inLanguage\":\"pt-BR\",\"@id\":\"https:\/\/jornalfatosenoticias.com.br\/index.php\/2023\/05\/18\/vacina-brasileira-anticocaina-concorre-a-premio-internacional-de-inovacao\/#primaryimage\",\"url\":\"https:\/\/jornalfatosenoticias.com.br\/wp-content\/uploads\/2023\/05\/vacina-cocaina-UFMG.jpg\",\"contentUrl\":\"https:\/\/jornalfatosenoticias.com.br\/wp-content\/uploads\/2023\/05\/vacina-cocaina-UFMG.jpg\",\"width\":1000,\"height\":559},{\"@type\":\"BreadcrumbList\",\"@id\":\"https:\/\/jornalfatosenoticias.com.br\/index.php\/2023\/05\/18\/vacina-brasileira-anticocaina-concorre-a-premio-internacional-de-inovacao\/#breadcrumb\",\"itemListElement\":[{\"@type\":\"ListItem\",\"position\":1,\"name\":\"In\u00edcio\",\"item\":\"https:\/\/jornalfatosenoticias.com.br\/\"},{\"@type\":\"ListItem\",\"position\":2,\"name\":\"Vacina brasileira anticoca\u00edna concorre a pr\u00eamio internacional de inova\u00e7\u00e3o\"}]},{\"@type\":\"WebSite\",\"@id\":\"https:\/\/jornalfatosenoticias.com.br\/#website\",\"url\":\"https:\/\/jornalfatosenoticias.com.br\/\",\"name\":\"Jornal Fatos e Not\u00edcias\",\"description\":\"Not\u00edcias em geral\",\"publisher\":{\"@id\":\"https:\/\/jornalfatosenoticias.com.br\/#organization\"},\"potentialAction\":[{\"@type\":\"SearchAction\",\"target\":{\"@type\":\"EntryPoint\",\"urlTemplate\":\"https:\/\/jornalfatosenoticias.com.br\/?s={search_term_string}\"},\"query-input\":{\"@type\":\"PropertyValueSpecification\",\"valueRequired\":true,\"valueName\":\"search_term_string\"}}],\"inLanguage\":\"pt-BR\"},{\"@type\":\"Organization\",\"@id\":\"https:\/\/jornalfatosenoticias.com.br\/#organization\",\"name\":\"Jornal Fatos e Not\u00edcias\",\"url\":\"https:\/\/jornalfatosenoticias.com.br\/\",\"logo\":{\"@type\":\"ImageObject\",\"inLanguage\":\"pt-BR\",\"@id\":\"https:\/\/jornalfatosenoticias.com.br\/#\/schema\/logo\/image\/\",\"url\":\"https:\/\/jornalfatosenoticias.com.br\/wp-content\/uploads\/2020\/02\/logo120.png\",\"contentUrl\":\"https:\/\/jornalfatosenoticias.com.br\/wp-content\/uploads\/2020\/02\/logo120.png\",\"width\":1227,\"height\":120,\"caption\":\"Jornal Fatos e Not\u00edcias\"},\"image\":{\"@id\":\"https:\/\/jornalfatosenoticias.com.br\/#\/schema\/logo\/image\/\"}},{\"@type\":\"Person\",\"@id\":\"https:\/\/jornalfatosenoticias.com.br\/#\/schema\/person\/d63837fa13ac8666eb9e74e0985d6f81\",\"name\":\"Luzimara Fernandes\",\"image\":{\"@type\":\"ImageObject\",\"inLanguage\":\"pt-BR\",\"@id\":\"https:\/\/jornalfatosenoticias.com.br\/#\/schema\/person\/image\/\",\"url\":\"https:\/\/jornalfatosenoticias.com.br\/wp-content\/uploads\/2025\/05\/EU_portal.jpg\",\"contentUrl\":\"https:\/\/jornalfatosenoticias.com.br\/wp-content\/uploads\/2025\/05\/EU_portal.jpg\",\"caption\":\"Luzimara Fernandes\"},\"description\":\"Jornalista MTB 2358-ES\",\"sameAs\":[\"https:\/\/jornalfatosenoticias.com.br\"],\"url\":\"https:\/\/jornalfatosenoticias.com.br\/index.php\/author\/luzimara\/\"}]}<\/script>\n<!-- \/ Yoast SEO plugin. -->","yoast_head_json":{"title":"Vacina brasileira anticoca\u00edna concorre a pr\u00eamio internacional de inova\u00e7\u00e3o - Jornal Fatos e Not\u00edcias","robots":{"index":"index","follow":"follow","max-snippet":"max-snippet:-1","max-image-preview":"max-image-preview:large","max-video-preview":"max-video-preview:-1"},"canonical":"https:\/\/jornalfatosenoticias.com.br\/index.php\/2023\/05\/18\/vacina-brasileira-anticocaina-concorre-a-premio-internacional-de-inovacao\/","og_locale":"pt_BR","og_type":"article","og_title":"Vacina brasileira anticoca\u00edna concorre a pr\u00eamio internacional de inova\u00e7\u00e3o - Jornal Fatos e Not\u00edcias","og_description":"Reconhecimento pode ajudar no avan\u00e7o dos testes em humanos Por Tamires Ferreira A vacina para o tratamento da depend\u00eancia em coca\u00edna e crack, em desenvolvimento na Faculdade de Medicina da Universidade Federal de Minas Gerais (UFMG), \u00e9\u00a0finalista do\u00a0Pr\u00eamio Euro Inova\u00e7\u00e3o na Sa\u00fade, reconhecimento patrocinado pela Eurofarma e voltado para o avan\u00e7o da\u00a0tecnologia na medicina.O Pr\u00eamio [&hellip;]","og_url":"https:\/\/jornalfatosenoticias.com.br\/index.php\/2023\/05\/18\/vacina-brasileira-anticocaina-concorre-a-premio-internacional-de-inovacao\/","og_site_name":"Jornal Fatos e Not\u00edcias","article_published_time":"2023-05-18T17:24:03+00:00","article_modified_time":"2023-05-18T17:24:05+00:00","og_image":[{"width":1000,"height":559,"url":"https:\/\/jornalfatosenoticias.com.br\/wp-content\/uploads\/2023\/05\/vacina-cocaina-UFMG.jpg","type":"image\/jpeg"}],"author":"Luzimara Fernandes","twitter_card":"summary_large_image","twitter_misc":{"Escrito por":"Luzimara Fernandes","Est. tempo de leitura":"2 minutos"},"schema":{"@context":"https:\/\/schema.org","@graph":[{"@type":"Article","@id":"https:\/\/jornalfatosenoticias.com.br\/index.php\/2023\/05\/18\/vacina-brasileira-anticocaina-concorre-a-premio-internacional-de-inovacao\/#article","isPartOf":{"@id":"https:\/\/jornalfatosenoticias.com.br\/index.php\/2023\/05\/18\/vacina-brasileira-anticocaina-concorre-a-premio-internacional-de-inovacao\/"},"author":{"name":"Luzimara Fernandes","@id":"https:\/\/jornalfatosenoticias.com.br\/#\/schema\/person\/d63837fa13ac8666eb9e74e0985d6f81"},"headline":"Vacina brasileira anticoca\u00edna concorre a pr\u00eamio internacional de inova\u00e7\u00e3o","datePublished":"2023-05-18T17:24:03+00:00","dateModified":"2023-05-18T17:24:05+00:00","mainEntityOfPage":{"@id":"https:\/\/jornalfatosenoticias.com.br\/index.php\/2023\/05\/18\/vacina-brasileira-anticocaina-concorre-a-premio-internacional-de-inovacao\/"},"wordCount":474,"commentCount":0,"publisher":{"@id":"https:\/\/jornalfatosenoticias.com.br\/#organization"},"image":{"@id":"https:\/\/jornalfatosenoticias.com.br\/index.php\/2023\/05\/18\/vacina-brasileira-anticocaina-concorre-a-premio-internacional-de-inovacao\/#primaryimage"},"thumbnailUrl":"https:\/\/jornalfatosenoticias.com.br\/wp-content\/uploads\/2023\/05\/vacina-cocaina-UFMG.jpg","keywords":["coca\u00edna","crack","inova\u00e7\u00e3o","pr\u00eamio","UFMG","vacina","vacina anticoca\u00edna"],"articleSection":["Sa\u00fade"],"inLanguage":"pt-BR","potentialAction":[{"@type":"CommentAction","name":"Comment","target":["https:\/\/jornalfatosenoticias.com.br\/index.php\/2023\/05\/18\/vacina-brasileira-anticocaina-concorre-a-premio-internacional-de-inovacao\/#respond"]}]},{"@type":"WebPage","@id":"https:\/\/jornalfatosenoticias.com.br\/index.php\/2023\/05\/18\/vacina-brasileira-anticocaina-concorre-a-premio-internacional-de-inovacao\/","url":"https:\/\/jornalfatosenoticias.com.br\/index.php\/2023\/05\/18\/vacina-brasileira-anticocaina-concorre-a-premio-internacional-de-inovacao\/","name":"Vacina brasileira anticoca\u00edna concorre a pr\u00eamio internacional de inova\u00e7\u00e3o - Jornal Fatos e Not\u00edcias","isPartOf":{"@id":"https:\/\/jornalfatosenoticias.com.br\/#website"},"primaryImageOfPage":{"@id":"https:\/\/jornalfatosenoticias.com.br\/index.php\/2023\/05\/18\/vacina-brasileira-anticocaina-concorre-a-premio-internacional-de-inovacao\/#primaryimage"},"image":{"@id":"https:\/\/jornalfatosenoticias.com.br\/index.php\/2023\/05\/18\/vacina-brasileira-anticocaina-concorre-a-premio-internacional-de-inovacao\/#primaryimage"},"thumbnailUrl":"https:\/\/jornalfatosenoticias.com.br\/wp-content\/uploads\/2023\/05\/vacina-cocaina-UFMG.jpg","datePublished":"2023-05-18T17:24:03+00:00","dateModified":"2023-05-18T17:24:05+00:00","breadcrumb":{"@id":"https:\/\/jornalfatosenoticias.com.br\/index.php\/2023\/05\/18\/vacina-brasileira-anticocaina-concorre-a-premio-internacional-de-inovacao\/#breadcrumb"},"inLanguage":"pt-BR","potentialAction":[{"@type":"ReadAction","target":["https:\/\/jornalfatosenoticias.com.br\/index.php\/2023\/05\/18\/vacina-brasileira-anticocaina-concorre-a-premio-internacional-de-inovacao\/"]}]},{"@type":"ImageObject","inLanguage":"pt-BR","@id":"https:\/\/jornalfatosenoticias.com.br\/index.php\/2023\/05\/18\/vacina-brasileira-anticocaina-concorre-a-premio-internacional-de-inovacao\/#primaryimage","url":"https:\/\/jornalfatosenoticias.com.br\/wp-content\/uploads\/2023\/05\/vacina-cocaina-UFMG.jpg","contentUrl":"https:\/\/jornalfatosenoticias.com.br\/wp-content\/uploads\/2023\/05\/vacina-cocaina-UFMG.jpg","width":1000,"height":559},{"@type":"BreadcrumbList","@id":"https:\/\/jornalfatosenoticias.com.br\/index.php\/2023\/05\/18\/vacina-brasileira-anticocaina-concorre-a-premio-internacional-de-inovacao\/#breadcrumb","itemListElement":[{"@type":"ListItem","position":1,"name":"In\u00edcio","item":"https:\/\/jornalfatosenoticias.com.br\/"},{"@type":"ListItem","position":2,"name":"Vacina brasileira anticoca\u00edna concorre a pr\u00eamio internacional de inova\u00e7\u00e3o"}]},{"@type":"WebSite","@id":"https:\/\/jornalfatosenoticias.com.br\/#website","url":"https:\/\/jornalfatosenoticias.com.br\/","name":"Jornal Fatos e Not\u00edcias","description":"Not\u00edcias em geral","publisher":{"@id":"https:\/\/jornalfatosenoticias.com.br\/#organization"},"potentialAction":[{"@type":"SearchAction","target":{"@type":"EntryPoint","urlTemplate":"https:\/\/jornalfatosenoticias.com.br\/?s={search_term_string}"},"query-input":{"@type":"PropertyValueSpecification","valueRequired":true,"valueName":"search_term_string"}}],"inLanguage":"pt-BR"},{"@type":"Organization","@id":"https:\/\/jornalfatosenoticias.com.br\/#organization","name":"Jornal Fatos e Not\u00edcias","url":"https:\/\/jornalfatosenoticias.com.br\/","logo":{"@type":"ImageObject","inLanguage":"pt-BR","@id":"https:\/\/jornalfatosenoticias.com.br\/#\/schema\/logo\/image\/","url":"https:\/\/jornalfatosenoticias.com.br\/wp-content\/uploads\/2020\/02\/logo120.png","contentUrl":"https:\/\/jornalfatosenoticias.com.br\/wp-content\/uploads\/2020\/02\/logo120.png","width":1227,"height":120,"caption":"Jornal Fatos e Not\u00edcias"},"image":{"@id":"https:\/\/jornalfatosenoticias.com.br\/#\/schema\/logo\/image\/"}},{"@type":"Person","@id":"https:\/\/jornalfatosenoticias.com.br\/#\/schema\/person\/d63837fa13ac8666eb9e74e0985d6f81","name":"Luzimara Fernandes","image":{"@type":"ImageObject","inLanguage":"pt-BR","@id":"https:\/\/jornalfatosenoticias.com.br\/#\/schema\/person\/image\/","url":"https:\/\/jornalfatosenoticias.com.br\/wp-content\/uploads\/2025\/05\/EU_portal.jpg","contentUrl":"https:\/\/jornalfatosenoticias.com.br\/wp-content\/uploads\/2025\/05\/EU_portal.jpg","caption":"Luzimara Fernandes"},"description":"Jornalista MTB 2358-ES","sameAs":["https:\/\/jornalfatosenoticias.com.br"],"url":"https:\/\/jornalfatosenoticias.com.br\/index.php\/author\/luzimara\/"}]}},"cc_featured_image_caption":{"caption_text":"(Foto: Reprodu\u00e7\u00e3o\/UFMG) ","source_text":"","source_url":""},"jetpack_featured_media_url":"https:\/\/jornalfatosenoticias.com.br\/wp-content\/uploads\/2023\/05\/vacina-cocaina-UFMG.jpg","_links":{"self":[{"href":"https:\/\/jornalfatosenoticias.com.br\/index.php\/wp-json\/wp\/v2\/posts\/41571","targetHints":{"allow":["GET"]}}],"collection":[{"href":"https:\/\/jornalfatosenoticias.com.br\/index.php\/wp-json\/wp\/v2\/posts"}],"about":[{"href":"https:\/\/jornalfatosenoticias.com.br\/index.php\/wp-json\/wp\/v2\/types\/post"}],"author":[{"embeddable":true,"href":"https:\/\/jornalfatosenoticias.com.br\/index.php\/wp-json\/wp\/v2\/users\/2"}],"replies":[{"embeddable":true,"href":"https:\/\/jornalfatosenoticias.com.br\/index.php\/wp-json\/wp\/v2\/comments?post=41571"}],"version-history":[{"count":0,"href":"https:\/\/jornalfatosenoticias.com.br\/index.php\/wp-json\/wp\/v2\/posts\/41571\/revisions"}],"wp:featuredmedia":[{"embeddable":true,"href":"https:\/\/jornalfatosenoticias.com.br\/index.php\/wp-json\/wp\/v2\/media\/41572"}],"wp:attachment":[{"href":"https:\/\/jornalfatosenoticias.com.br\/index.php\/wp-json\/wp\/v2\/media?parent=41571"}],"wp:term":[{"taxonomy":"category","embeddable":true,"href":"https:\/\/jornalfatosenoticias.com.br\/index.php\/wp-json\/wp\/v2\/categories?post=41571"},{"taxonomy":"post_tag","embeddable":true,"href":"https:\/\/jornalfatosenoticias.com.br\/index.php\/wp-json\/wp\/v2\/tags?post=41571"}],"curies":[{"name":"wp","href":"https:\/\/api.w.org\/{rel}","templated":true}]}}