{"id":41589,"date":"2023-05-18T15:10:30","date_gmt":"2023-05-18T18:10:30","guid":{"rendered":"https:\/\/jornalfatosenoticias.com.br\/?p=41589"},"modified":"2023-05-18T15:10:32","modified_gmt":"2023-05-18T18:10:32","slug":"o-estatuto-social-de-uma-osc-e-ong","status":"publish","type":"post","link":"https:\/\/jornalfatosenoticias.com.br\/index.php\/2023\/05\/18\/o-estatuto-social-de-uma-osc-e-ong\/","title":{"rendered":"O estatuto social de uma OSC e ONG"},"content":{"rendered":"\n<p><em><span class=\"has-inline-color has-black-color\">Por <strong>Cl\u00e1udio Monteiro<\/strong><\/span><\/em><\/p>\n\n\n\n<div class=\"wp-block-image\"><figure class=\"aligncenter size-large\"><img loading=\"lazy\" decoding=\"async\" width=\"729\" height=\"90\" src=\"https:\/\/jornalfatosenoticias.com.br\/wp-content\/uploads\/2020\/02\/Logo_Mizu.png\" alt=\"\" class=\"wp-image-1441\" srcset=\"https:\/\/jornalfatosenoticias.com.br\/wp-content\/uploads\/2020\/02\/Logo_Mizu.png 729w, https:\/\/jornalfatosenoticias.com.br\/wp-content\/uploads\/2020\/02\/Logo_Mizu-300x37.png 300w\" sizes=\"auto, (max-width: 729px) 100vw, 729px\" \/><\/figure><\/div>\n\n\n\n<p>J\u00e1 pensou ou est\u00e1 pensando em abrir uma OSC e\/ou ONG? Vamos, ent\u00e3o, falar de um importante instrumento jur\u00eddico existente nesse processo. O Estatuto Social. Abrir uma OSC\/ONG, est\u00e1 acima da boa vontade, engajamento e empatia com a causa social. Como disse em minha \u00faltima publica\u00e7\u00e3o, a constitui\u00e7\u00e3o de uma organiza\u00e7\u00e3o requer conhecimento e profissionalismo. A come\u00e7ar pelo Estatuto Social.<\/p>\n\n\n\n<div class=\"wp-block-image\"><figure class=\"aligncenter size-large is-resized\"><img loading=\"lazy\" decoding=\"async\" src=\"https:\/\/jornalfatosenoticias.com.br\/wp-content\/uploads\/2022\/02\/FERRARI_MAQUINAS-E-FERRAMENTAS2.jpg\" alt=\"\" class=\"wp-image-27860\" width=\"284\" height=\"237\"\/><\/figure><\/div>\n\n\n\n<p>A constru\u00e7\u00e3o de um Estatuto precisa estar alinhada n\u00e3o s\u00f3 aos objetivos institucionais, mas, tamb\u00e9m, \u00e0 legisla\u00e7\u00e3o que rege este t\u00e3o importante instrumento e a algumas quest\u00f5es importantes que fa\u00e7o quest\u00e3o de citar. O Estatuto Social \u00e9 a porta de entrada para a forma\u00e7\u00e3o de todos os demais documentos de sua institui\u00e7\u00e3o. Ele guiar\u00e1 os princ\u00edpios institucionais e habilitar\u00e1 a participa\u00e7\u00e3o da OSC em poss\u00edveis processos administrativos que surgir\u00e3o \u00e0 frente, sejam eles para simples cadastros junto a \u00f3rg\u00e3os de fiscaliza\u00e7\u00e3o, ou para parcerias com empresas e o poder p\u00fablico.<\/p>\n\n\n\n<div class=\"wp-block-image\"><figure class=\"aligncenter size-large is-resized\"><img loading=\"lazy\" decoding=\"async\" src=\"https:\/\/jornalfatosenoticias.com.br\/wp-content\/uploads\/2022\/07\/Logo-Grupo-SEI.jpg\" alt=\"\" class=\"wp-image-31973\" width=\"303\" height=\"159\" srcset=\"https:\/\/jornalfatosenoticias.com.br\/wp-content\/uploads\/2022\/07\/Logo-Grupo-SEI.jpg 713w, https:\/\/jornalfatosenoticias.com.br\/wp-content\/uploads\/2022\/07\/Logo-Grupo-SEI-300x158.jpg 300w\" sizes=\"auto, (max-width: 303px) 100vw, 303px\" \/><\/figure><\/div>\n\n\n\n<p>Ent\u00e3o, ao pensar na constitui\u00e7\u00e3o de uma OSC, \u00e9 importante que todos os envolvidos estejam engajados e alinhados aos objetivos pretendidos. Procure por pessoas comprometidas com a causa. Fa\u00e7a desse processo algo bem democr\u00e1tico. Evite convidar membros de sua fam\u00edlia, se poss\u00edvel em at\u00e9 terceiro grau de parentesco.<\/p>\n\n\n\n<div class=\"wp-block-image\"><figure class=\"aligncenter size-large is-resized\"><img loading=\"lazy\" decoding=\"async\" src=\"https:\/\/jornalfatosenoticias.com.br\/wp-content\/uploads\/2022\/10\/RC_800x750_page-0001.jpg\" alt=\"\" class=\"wp-image-35338\" width=\"264\" height=\"248\" srcset=\"https:\/\/jornalfatosenoticias.com.br\/wp-content\/uploads\/2022\/10\/RC_800x750_page-0001.jpg 400w, https:\/\/jornalfatosenoticias.com.br\/wp-content\/uploads\/2022\/10\/RC_800x750_page-0001-300x281.jpg 300w\" sizes=\"auto, (max-width: 264px) 100vw, 264px\" \/><\/figure><\/div>\n\n\n\n<p>O Estatuto Social traduz a consci\u00eancia coletiva dos fundadores da institui\u00e7\u00e3o. Ele precisa ser constru\u00eddo por todos os envolvidos, o que pode contar com a ajuda de um profissional para sua escrita, mas n\u00e3o pode deixar de traduzir a ess\u00eancia do grupo envolvido.<\/p>\n\n\n\n<div class=\"wp-block-image\"><figure class=\"aligncenter size-large\"><img loading=\"lazy\" decoding=\"async\" width=\"1024\" height=\"110\" src=\"https:\/\/jornalfatosenoticias.com.br\/wp-content\/uploads\/2022\/10\/Arte-jornal-Zucchi-1120x120_Prancheta-1-1024x110.jpg\" alt=\"\" class=\"wp-image-34772\" srcset=\"https:\/\/jornalfatosenoticias.com.br\/wp-content\/uploads\/2022\/10\/Arte-jornal-Zucchi-1120x120_Prancheta-1-1024x110.jpg 1024w, https:\/\/jornalfatosenoticias.com.br\/wp-content\/uploads\/2022\/10\/Arte-jornal-Zucchi-1120x120_Prancheta-1-300x32.jpg 300w, https:\/\/jornalfatosenoticias.com.br\/wp-content\/uploads\/2022\/10\/Arte-jornal-Zucchi-1120x120_Prancheta-1-768x82.jpg 768w, https:\/\/jornalfatosenoticias.com.br\/wp-content\/uploads\/2022\/10\/Arte-jornal-Zucchi-1120x120_Prancheta-1-1536x165.jpg 1536w, https:\/\/jornalfatosenoticias.com.br\/wp-content\/uploads\/2022\/10\/Arte-jornal-Zucchi-1120x120_Prancheta-1-2048x219.jpg 2048w\" sizes=\"auto, (max-width: 1024px) 100vw, 1024px\" \/><\/figure><\/div>\n\n\n\n<p>A Lei 13.019\/2014 (MROSC), traz orienta\u00e7\u00f5es importantes acerca de sua estrutura\u00e7\u00e3o, por\u00e9m, cuidado, n\u00e3o se arrisque a fazer sozinho. Al\u00e9m da necessidade de um advogado para sua homologa\u00e7\u00e3o, \u00e9 importante buscar por profissionais do terceiro setor para n\u00e3o cometer erros simples que podem prejudicar a institui\u00e7\u00e3o no futuro.<\/p>\n\n\n\n<div class=\"wp-block-image\"><figure class=\"aligncenter size-large is-resized\"><img loading=\"lazy\" decoding=\"async\" src=\"https:\/\/jornalfatosenoticias.com.br\/wp-content\/uploads\/2020\/02\/casa-do-torresmo_portal.jpg\" alt=\"\" class=\"wp-image-34472\" width=\"241\" height=\"241\" srcset=\"https:\/\/jornalfatosenoticias.com.br\/wp-content\/uploads\/2020\/02\/casa-do-torresmo_portal.jpg 300w, https:\/\/jornalfatosenoticias.com.br\/wp-content\/uploads\/2020\/02\/casa-do-torresmo_portal-150x150.jpg 150w\" sizes=\"auto, (max-width: 241px) 100vw, 241px\" \/><\/figure><\/div>\n\n\n\n<p>Os custos com registros e altera\u00e7\u00f5es estatut\u00e1rias s\u00e3o elevados e seguem regras espec\u00edficas de cada munic\u00edpio e, al\u00e9m disso, o processo de registro junto ao cart\u00f3rio civil \u00e9, em grande maioria, moroso demais. Outra dica valiosa \u00e9 que abarquem o maior n\u00famero poss\u00edvel de \u00e1reas de atua\u00e7\u00e3o. Mesmo que atuem somente na \u00e1rea da sa\u00fade, n\u00e3o deixe de acrescentar poss\u00edveis atividades nas \u00e1reas da educa\u00e7\u00e3o, esportiva, entre outras. Neste caso, se \u00e9 poss\u00edvel errar, erre pelo excesso.<\/p>\n\n\n\n<div class=\"wp-block-image\"><figure class=\"aligncenter size-large is-resized\"><img loading=\"lazy\" decoding=\"async\" src=\"https:\/\/jornalfatosenoticias.com.br\/wp-content\/uploads\/2023\/03\/nova-logo-Marquetti.jpg\" alt=\"\" class=\"wp-image-40207\" width=\"262\" height=\"176\" srcset=\"https:\/\/jornalfatosenoticias.com.br\/wp-content\/uploads\/2023\/03\/nova-logo-Marquetti.jpg 643w, https:\/\/jornalfatosenoticias.com.br\/wp-content\/uploads\/2023\/03\/nova-logo-Marquetti-300x202.jpg 300w\" sizes=\"auto, (max-width: 262px) 100vw, 262px\" \/><\/figure><\/div>\n\n\n\n<p>Um dia surgir\u00e1 uma oportunidade de atua\u00e7\u00e3o em outra \u00e1rea, e pode ser que n\u00e3o esteja apto. Muitos cometem o erro de especificar somente uma \u00e1rea de atua\u00e7\u00e3o no Estatuto Social e, depois de sua constitui\u00e7\u00e3o, se deparam com oportunidades fora de seu eixo principal. Ent\u00e3o, por maior que seja a vontade de se aventurar por outras \u00e1reas, se n\u00e3o houver habilita\u00e7\u00e3o estatut\u00e1ria, a OSC\/ONG estar\u00e1 impedida de atuar.<\/p>\n\n\n\n<div class=\"wp-block-image\"><figure class=\"aligncenter size-large is-resized\"><img loading=\"lazy\" decoding=\"async\" src=\"https:\/\/jornalfatosenoticias.com.br\/wp-content\/uploads\/2023\/04\/Logo_MasterMind.jpg\" alt=\"\" class=\"wp-image-40974\" width=\"266\" height=\"193\"\/><\/figure><\/div>\n\n\n\n<p>\u00c0s vezes, at\u00e9 como estrat\u00e9gia de capta\u00e7\u00e3o de recursos, \u00e9 importante buscar por oportunidades em outras \u00e1reas de atua\u00e7\u00e3o. S\u00e3o a\u00e7\u00f5es que podem colaborar com a manuten\u00e7\u00e3o de algum espa\u00e7o, com a remunera\u00e7\u00e3o de uma equipe, entre outras quest\u00f5es, o que s\u00f3 ser\u00e1 poss\u00edvel se estiverem j\u00e1 habilitados.<\/p>\n\n\n\n<div class=\"wp-block-image\"><figure class=\"aligncenter size-large\"><img loading=\"lazy\" decoding=\"async\" width=\"300\" height=\"250\" src=\"https:\/\/jornalfatosenoticias.com.br\/wp-content\/uploads\/2022\/02\/Banner-2.png\" alt=\"\" class=\"wp-image-27877\"\/><\/figure><\/div>\n\n\n\n<p>Como disse acima, uma altera\u00e7\u00e3o estatut\u00e1ria, al\u00e9m de apresentar custos elevados, requer um pouco de paci\u00eancia devido aos tr\u00e2mites legais para seu registro. Ent\u00e3o, antes de criar seu Estatuto Social, procure por profissionais do terceiro setor para esclarecimentos. N\u00e3o cometa o erro de copiar estatutos prontos na internet. Preocupe-se com as informa\u00e7\u00f5es excessivas, alinhe seus objetivos de forma pontual, evite redund\u00e2ncia, tenha foco. Ao final do processo, algumas a\u00e7\u00f5es refletem em custos. Por isso, muita cautela quando o assunto for a constru\u00e7\u00e3o do Estatuto Social de sua OSC\/ONG.<\/p>\n\n\n\n<div class=\"wp-block-image is-style-rounded\"><figure class=\"alignleft size-large is-resized\"><img decoding=\"async\" src=\"https:\/\/jornalfatosenoticias.com.br\/wp-content\/uploads\/2023\/05\/CLAUDIO_ONG-removebg-preview.png\" alt=\"\" class=\"wp-image-41147\" width=\"-166\" height=\"-192\"\/><figcaption><em><span class=\"has-inline-color has-black-color\"><strong>Cl\u00e1udio Monteiro<br><\/strong>CEO do Instituto PEB<br>Empreendedor Social<\/span><\/em><\/figcaption><\/figure><\/div>\n","protected":false},"excerpt":{"rendered":"<p>Por Cl\u00e1udio Monteiro J\u00e1 pensou ou est\u00e1 pensando em abrir uma OSC e\/ou ONG? Vamos, ent\u00e3o, falar de um importante instrumento jur\u00eddico existente nesse processo. O Estatuto Social. Abrir uma OSC\/ONG, est\u00e1 acima da boa vontade, engajamento e empatia com a causa social. Como disse em minha \u00faltima publica\u00e7\u00e3o, a constitui\u00e7\u00e3o de uma organiza\u00e7\u00e3o requer [&hellip;]<\/p>\n","protected":false},"author":2,"featured_media":41590,"comment_status":"open","ping_status":"open","sticky":false,"template":"","format":"standard","meta":{"footnotes":""},"categories":[5],"tags":[19548,775,19549,5283,19292],"class_list":["post-41589","post","type-post","status-publish","format-standard","has-post-thumbnail","hentry","category-geral","tag-estatuto-social","tag-ong","tag-osc","tag-poder-publico","tag-terceiro-setor"],"yoast_head":"<!-- This site is optimized with the Yoast SEO plugin v26.5 - https:\/\/yoast.com\/wordpress\/plugins\/seo\/ -->\n<title>O estatuto social de uma OSC e ONG - Jornal Fatos e Not\u00edcias<\/title>\n<meta name=\"robots\" content=\"index, follow, max-snippet:-1, max-image-preview:large, max-video-preview:-1\" \/>\n<link rel=\"canonical\" href=\"https:\/\/jornalfatosenoticias.com.br\/index.php\/2023\/05\/18\/o-estatuto-social-de-uma-osc-e-ong\/\" \/>\n<meta property=\"og:locale\" content=\"pt_BR\" \/>\n<meta property=\"og:type\" content=\"article\" \/>\n<meta property=\"og:title\" content=\"O estatuto social de uma OSC e ONG - Jornal Fatos e Not\u00edcias\" \/>\n<meta property=\"og:description\" content=\"Por Cl\u00e1udio Monteiro J\u00e1 pensou ou est\u00e1 pensando em abrir uma OSC e\/ou ONG? Vamos, ent\u00e3o, falar de um importante instrumento jur\u00eddico existente nesse processo. O Estatuto Social. Abrir uma OSC\/ONG, est\u00e1 acima da boa vontade, engajamento e empatia com a causa social. Como disse em minha \u00faltima publica\u00e7\u00e3o, a constitui\u00e7\u00e3o de uma organiza\u00e7\u00e3o requer [&hellip;]\" \/>\n<meta property=\"og:url\" content=\"https:\/\/jornalfatosenoticias.com.br\/index.php\/2023\/05\/18\/o-estatuto-social-de-uma-osc-e-ong\/\" \/>\n<meta property=\"og:site_name\" content=\"Jornal Fatos e Not\u00edcias\" \/>\n<meta property=\"article:published_time\" content=\"2023-05-18T18:10:30+00:00\" \/>\n<meta property=\"article:modified_time\" content=\"2023-05-18T18:10:32+00:00\" \/>\n<meta property=\"og:image\" content=\"https:\/\/jornalfatosenoticias.com.br\/wp-content\/uploads\/2023\/05\/estatuto_ONG.png\" \/>\n\t<meta property=\"og:image:width\" content=\"1000\" \/>\n\t<meta property=\"og:image:height\" content=\"593\" \/>\n\t<meta property=\"og:image:type\" content=\"image\/png\" \/>\n<meta name=\"author\" content=\"Luzimara Fernandes\" \/>\n<meta name=\"twitter:card\" content=\"summary_large_image\" \/>\n<meta name=\"twitter:label1\" content=\"Escrito por\" \/>\n\t<meta name=\"twitter:data1\" content=\"Luzimara Fernandes\" \/>\n\t<meta name=\"twitter:label2\" content=\"Est. tempo de leitura\" \/>\n\t<meta name=\"twitter:data2\" content=\"3 minutos\" \/>\n<script type=\"application\/ld+json\" class=\"yoast-schema-graph\">{\"@context\":\"https:\/\/schema.org\",\"@graph\":[{\"@type\":\"Article\",\"@id\":\"https:\/\/jornalfatosenoticias.com.br\/index.php\/2023\/05\/18\/o-estatuto-social-de-uma-osc-e-ong\/#article\",\"isPartOf\":{\"@id\":\"https:\/\/jornalfatosenoticias.com.br\/index.php\/2023\/05\/18\/o-estatuto-social-de-uma-osc-e-ong\/\"},\"author\":{\"name\":\"Luzimara Fernandes\",\"@id\":\"https:\/\/jornalfatosenoticias.com.br\/#\/schema\/person\/d63837fa13ac8666eb9e74e0985d6f81\"},\"headline\":\"O estatuto social de uma OSC e ONG\",\"datePublished\":\"2023-05-18T18:10:30+00:00\",\"dateModified\":\"2023-05-18T18:10:32+00:00\",\"mainEntityOfPage\":{\"@id\":\"https:\/\/jornalfatosenoticias.com.br\/index.php\/2023\/05\/18\/o-estatuto-social-de-uma-osc-e-ong\/\"},\"wordCount\":671,\"commentCount\":0,\"publisher\":{\"@id\":\"https:\/\/jornalfatosenoticias.com.br\/#organization\"},\"image\":{\"@id\":\"https:\/\/jornalfatosenoticias.com.br\/index.php\/2023\/05\/18\/o-estatuto-social-de-uma-osc-e-ong\/#primaryimage\"},\"thumbnailUrl\":\"https:\/\/jornalfatosenoticias.com.br\/wp-content\/uploads\/2023\/05\/estatuto_ONG.png\",\"keywords\":[\"estatuto social\",\"ONG\",\"OSC\",\"poder p\u00fablico\",\"terceiro setor\"],\"articleSection\":[\"Geral\"],\"inLanguage\":\"pt-BR\",\"potentialAction\":[{\"@type\":\"CommentAction\",\"name\":\"Comment\",\"target\":[\"https:\/\/jornalfatosenoticias.com.br\/index.php\/2023\/05\/18\/o-estatuto-social-de-uma-osc-e-ong\/#respond\"]}]},{\"@type\":\"WebPage\",\"@id\":\"https:\/\/jornalfatosenoticias.com.br\/index.php\/2023\/05\/18\/o-estatuto-social-de-uma-osc-e-ong\/\",\"url\":\"https:\/\/jornalfatosenoticias.com.br\/index.php\/2023\/05\/18\/o-estatuto-social-de-uma-osc-e-ong\/\",\"name\":\"O estatuto social de uma OSC e ONG - Jornal Fatos e Not\u00edcias\",\"isPartOf\":{\"@id\":\"https:\/\/jornalfatosenoticias.com.br\/#website\"},\"primaryImageOfPage\":{\"@id\":\"https:\/\/jornalfatosenoticias.com.br\/index.php\/2023\/05\/18\/o-estatuto-social-de-uma-osc-e-ong\/#primaryimage\"},\"image\":{\"@id\":\"https:\/\/jornalfatosenoticias.com.br\/index.php\/2023\/05\/18\/o-estatuto-social-de-uma-osc-e-ong\/#primaryimage\"},\"thumbnailUrl\":\"https:\/\/jornalfatosenoticias.com.br\/wp-content\/uploads\/2023\/05\/estatuto_ONG.png\",\"datePublished\":\"2023-05-18T18:10:30+00:00\",\"dateModified\":\"2023-05-18T18:10:32+00:00\",\"breadcrumb\":{\"@id\":\"https:\/\/jornalfatosenoticias.com.br\/index.php\/2023\/05\/18\/o-estatuto-social-de-uma-osc-e-ong\/#breadcrumb\"},\"inLanguage\":\"pt-BR\",\"potentialAction\":[{\"@type\":\"ReadAction\",\"target\":[\"https:\/\/jornalfatosenoticias.com.br\/index.php\/2023\/05\/18\/o-estatuto-social-de-uma-osc-e-ong\/\"]}]},{\"@type\":\"ImageObject\",\"inLanguage\":\"pt-BR\",\"@id\":\"https:\/\/jornalfatosenoticias.com.br\/index.php\/2023\/05\/18\/o-estatuto-social-de-uma-osc-e-ong\/#primaryimage\",\"url\":\"https:\/\/jornalfatosenoticias.com.br\/wp-content\/uploads\/2023\/05\/estatuto_ONG.png\",\"contentUrl\":\"https:\/\/jornalfatosenoticias.com.br\/wp-content\/uploads\/2023\/05\/estatuto_ONG.png\",\"width\":1000,\"height\":593},{\"@type\":\"BreadcrumbList\",\"@id\":\"https:\/\/jornalfatosenoticias.com.br\/index.php\/2023\/05\/18\/o-estatuto-social-de-uma-osc-e-ong\/#breadcrumb\",\"itemListElement\":[{\"@type\":\"ListItem\",\"position\":1,\"name\":\"In\u00edcio\",\"item\":\"https:\/\/jornalfatosenoticias.com.br\/\"},{\"@type\":\"ListItem\",\"position\":2,\"name\":\"O estatuto social de uma OSC e ONG\"}]},{\"@type\":\"WebSite\",\"@id\":\"https:\/\/jornalfatosenoticias.com.br\/#website\",\"url\":\"https:\/\/jornalfatosenoticias.com.br\/\",\"name\":\"Jornal Fatos e Not\u00edcias\",\"description\":\"Not\u00edcias em geral\",\"publisher\":{\"@id\":\"https:\/\/jornalfatosenoticias.com.br\/#organization\"},\"potentialAction\":[{\"@type\":\"SearchAction\",\"target\":{\"@type\":\"EntryPoint\",\"urlTemplate\":\"https:\/\/jornalfatosenoticias.com.br\/?s={search_term_string}\"},\"query-input\":{\"@type\":\"PropertyValueSpecification\",\"valueRequired\":true,\"valueName\":\"search_term_string\"}}],\"inLanguage\":\"pt-BR\"},{\"@type\":\"Organization\",\"@id\":\"https:\/\/jornalfatosenoticias.com.br\/#organization\",\"name\":\"Jornal Fatos e Not\u00edcias\",\"url\":\"https:\/\/jornalfatosenoticias.com.br\/\",\"logo\":{\"@type\":\"ImageObject\",\"inLanguage\":\"pt-BR\",\"@id\":\"https:\/\/jornalfatosenoticias.com.br\/#\/schema\/logo\/image\/\",\"url\":\"https:\/\/jornalfatosenoticias.com.br\/wp-content\/uploads\/2020\/02\/logo120.png\",\"contentUrl\":\"https:\/\/jornalfatosenoticias.com.br\/wp-content\/uploads\/2020\/02\/logo120.png\",\"width\":1227,\"height\":120,\"caption\":\"Jornal Fatos e Not\u00edcias\"},\"image\":{\"@id\":\"https:\/\/jornalfatosenoticias.com.br\/#\/schema\/logo\/image\/\"}},{\"@type\":\"Person\",\"@id\":\"https:\/\/jornalfatosenoticias.com.br\/#\/schema\/person\/d63837fa13ac8666eb9e74e0985d6f81\",\"name\":\"Luzimara Fernandes\",\"image\":{\"@type\":\"ImageObject\",\"inLanguage\":\"pt-BR\",\"@id\":\"https:\/\/jornalfatosenoticias.com.br\/#\/schema\/person\/image\/\",\"url\":\"https:\/\/jornalfatosenoticias.com.br\/wp-content\/uploads\/2025\/05\/EU_portal.jpg\",\"contentUrl\":\"https:\/\/jornalfatosenoticias.com.br\/wp-content\/uploads\/2025\/05\/EU_portal.jpg\",\"caption\":\"Luzimara Fernandes\"},\"description\":\"Jornalista MTB 2358-ES\",\"sameAs\":[\"https:\/\/jornalfatosenoticias.com.br\"],\"url\":\"https:\/\/jornalfatosenoticias.com.br\/index.php\/author\/luzimara\/\"}]}<\/script>\n<!-- \/ Yoast SEO plugin. -->","yoast_head_json":{"title":"O estatuto social de uma OSC e ONG - Jornal Fatos e Not\u00edcias","robots":{"index":"index","follow":"follow","max-snippet":"max-snippet:-1","max-image-preview":"max-image-preview:large","max-video-preview":"max-video-preview:-1"},"canonical":"https:\/\/jornalfatosenoticias.com.br\/index.php\/2023\/05\/18\/o-estatuto-social-de-uma-osc-e-ong\/","og_locale":"pt_BR","og_type":"article","og_title":"O estatuto social de uma OSC e ONG - Jornal Fatos e Not\u00edcias","og_description":"Por Cl\u00e1udio Monteiro J\u00e1 pensou ou est\u00e1 pensando em abrir uma OSC e\/ou ONG? Vamos, ent\u00e3o, falar de um importante instrumento jur\u00eddico existente nesse processo. O Estatuto Social. Abrir uma OSC\/ONG, est\u00e1 acima da boa vontade, engajamento e empatia com a causa social. Como disse em minha \u00faltima publica\u00e7\u00e3o, a constitui\u00e7\u00e3o de uma organiza\u00e7\u00e3o requer [&hellip;]","og_url":"https:\/\/jornalfatosenoticias.com.br\/index.php\/2023\/05\/18\/o-estatuto-social-de-uma-osc-e-ong\/","og_site_name":"Jornal Fatos e Not\u00edcias","article_published_time":"2023-05-18T18:10:30+00:00","article_modified_time":"2023-05-18T18:10:32+00:00","og_image":[{"width":1000,"height":593,"url":"https:\/\/jornalfatosenoticias.com.br\/wp-content\/uploads\/2023\/05\/estatuto_ONG.png","type":"image\/png"}],"author":"Luzimara Fernandes","twitter_card":"summary_large_image","twitter_misc":{"Escrito por":"Luzimara Fernandes","Est. tempo de leitura":"3 minutos"},"schema":{"@context":"https:\/\/schema.org","@graph":[{"@type":"Article","@id":"https:\/\/jornalfatosenoticias.com.br\/index.php\/2023\/05\/18\/o-estatuto-social-de-uma-osc-e-ong\/#article","isPartOf":{"@id":"https:\/\/jornalfatosenoticias.com.br\/index.php\/2023\/05\/18\/o-estatuto-social-de-uma-osc-e-ong\/"},"author":{"name":"Luzimara Fernandes","@id":"https:\/\/jornalfatosenoticias.com.br\/#\/schema\/person\/d63837fa13ac8666eb9e74e0985d6f81"},"headline":"O estatuto social de uma OSC e ONG","datePublished":"2023-05-18T18:10:30+00:00","dateModified":"2023-05-18T18:10:32+00:00","mainEntityOfPage":{"@id":"https:\/\/jornalfatosenoticias.com.br\/index.php\/2023\/05\/18\/o-estatuto-social-de-uma-osc-e-ong\/"},"wordCount":671,"commentCount":0,"publisher":{"@id":"https:\/\/jornalfatosenoticias.com.br\/#organization"},"image":{"@id":"https:\/\/jornalfatosenoticias.com.br\/index.php\/2023\/05\/18\/o-estatuto-social-de-uma-osc-e-ong\/#primaryimage"},"thumbnailUrl":"https:\/\/jornalfatosenoticias.com.br\/wp-content\/uploads\/2023\/05\/estatuto_ONG.png","keywords":["estatuto social","ONG","OSC","poder p\u00fablico","terceiro setor"],"articleSection":["Geral"],"inLanguage":"pt-BR","potentialAction":[{"@type":"CommentAction","name":"Comment","target":["https:\/\/jornalfatosenoticias.com.br\/index.php\/2023\/05\/18\/o-estatuto-social-de-uma-osc-e-ong\/#respond"]}]},{"@type":"WebPage","@id":"https:\/\/jornalfatosenoticias.com.br\/index.php\/2023\/05\/18\/o-estatuto-social-de-uma-osc-e-ong\/","url":"https:\/\/jornalfatosenoticias.com.br\/index.php\/2023\/05\/18\/o-estatuto-social-de-uma-osc-e-ong\/","name":"O estatuto social de uma OSC e ONG - Jornal Fatos e Not\u00edcias","isPartOf":{"@id":"https:\/\/jornalfatosenoticias.com.br\/#website"},"primaryImageOfPage":{"@id":"https:\/\/jornalfatosenoticias.com.br\/index.php\/2023\/05\/18\/o-estatuto-social-de-uma-osc-e-ong\/#primaryimage"},"image":{"@id":"https:\/\/jornalfatosenoticias.com.br\/index.php\/2023\/05\/18\/o-estatuto-social-de-uma-osc-e-ong\/#primaryimage"},"thumbnailUrl":"https:\/\/jornalfatosenoticias.com.br\/wp-content\/uploads\/2023\/05\/estatuto_ONG.png","datePublished":"2023-05-18T18:10:30+00:00","dateModified":"2023-05-18T18:10:32+00:00","breadcrumb":{"@id":"https:\/\/jornalfatosenoticias.com.br\/index.php\/2023\/05\/18\/o-estatuto-social-de-uma-osc-e-ong\/#breadcrumb"},"inLanguage":"pt-BR","potentialAction":[{"@type":"ReadAction","target":["https:\/\/jornalfatosenoticias.com.br\/index.php\/2023\/05\/18\/o-estatuto-social-de-uma-osc-e-ong\/"]}]},{"@type":"ImageObject","inLanguage":"pt-BR","@id":"https:\/\/jornalfatosenoticias.com.br\/index.php\/2023\/05\/18\/o-estatuto-social-de-uma-osc-e-ong\/#primaryimage","url":"https:\/\/jornalfatosenoticias.com.br\/wp-content\/uploads\/2023\/05\/estatuto_ONG.png","contentUrl":"https:\/\/jornalfatosenoticias.com.br\/wp-content\/uploads\/2023\/05\/estatuto_ONG.png","width":1000,"height":593},{"@type":"BreadcrumbList","@id":"https:\/\/jornalfatosenoticias.com.br\/index.php\/2023\/05\/18\/o-estatuto-social-de-uma-osc-e-ong\/#breadcrumb","itemListElement":[{"@type":"ListItem","position":1,"name":"In\u00edcio","item":"https:\/\/jornalfatosenoticias.com.br\/"},{"@type":"ListItem","position":2,"name":"O estatuto social de uma OSC e ONG"}]},{"@type":"WebSite","@id":"https:\/\/jornalfatosenoticias.com.br\/#website","url":"https:\/\/jornalfatosenoticias.com.br\/","name":"Jornal Fatos e Not\u00edcias","description":"Not\u00edcias em geral","publisher":{"@id":"https:\/\/jornalfatosenoticias.com.br\/#organization"},"potentialAction":[{"@type":"SearchAction","target":{"@type":"EntryPoint","urlTemplate":"https:\/\/jornalfatosenoticias.com.br\/?s={search_term_string}"},"query-input":{"@type":"PropertyValueSpecification","valueRequired":true,"valueName":"search_term_string"}}],"inLanguage":"pt-BR"},{"@type":"Organization","@id":"https:\/\/jornalfatosenoticias.com.br\/#organization","name":"Jornal Fatos e Not\u00edcias","url":"https:\/\/jornalfatosenoticias.com.br\/","logo":{"@type":"ImageObject","inLanguage":"pt-BR","@id":"https:\/\/jornalfatosenoticias.com.br\/#\/schema\/logo\/image\/","url":"https:\/\/jornalfatosenoticias.com.br\/wp-content\/uploads\/2020\/02\/logo120.png","contentUrl":"https:\/\/jornalfatosenoticias.com.br\/wp-content\/uploads\/2020\/02\/logo120.png","width":1227,"height":120,"caption":"Jornal Fatos e Not\u00edcias"},"image":{"@id":"https:\/\/jornalfatosenoticias.com.br\/#\/schema\/logo\/image\/"}},{"@type":"Person","@id":"https:\/\/jornalfatosenoticias.com.br\/#\/schema\/person\/d63837fa13ac8666eb9e74e0985d6f81","name":"Luzimara Fernandes","image":{"@type":"ImageObject","inLanguage":"pt-BR","@id":"https:\/\/jornalfatosenoticias.com.br\/#\/schema\/person\/image\/","url":"https:\/\/jornalfatosenoticias.com.br\/wp-content\/uploads\/2025\/05\/EU_portal.jpg","contentUrl":"https:\/\/jornalfatosenoticias.com.br\/wp-content\/uploads\/2025\/05\/EU_portal.jpg","caption":"Luzimara Fernandes"},"description":"Jornalista MTB 2358-ES","sameAs":["https:\/\/jornalfatosenoticias.com.br"],"url":"https:\/\/jornalfatosenoticias.com.br\/index.php\/author\/luzimara\/"}]}},"cc_featured_image_caption":{"caption_text":"(Foto: Freepik) ","source_text":"","source_url":""},"jetpack_featured_media_url":"https:\/\/jornalfatosenoticias.com.br\/wp-content\/uploads\/2023\/05\/estatuto_ONG.png","_links":{"self":[{"href":"https:\/\/jornalfatosenoticias.com.br\/index.php\/wp-json\/wp\/v2\/posts\/41589","targetHints":{"allow":["GET"]}}],"collection":[{"href":"https:\/\/jornalfatosenoticias.com.br\/index.php\/wp-json\/wp\/v2\/posts"}],"about":[{"href":"https:\/\/jornalfatosenoticias.com.br\/index.php\/wp-json\/wp\/v2\/types\/post"}],"author":[{"embeddable":true,"href":"https:\/\/jornalfatosenoticias.com.br\/index.php\/wp-json\/wp\/v2\/users\/2"}],"replies":[{"embeddable":true,"href":"https:\/\/jornalfatosenoticias.com.br\/index.php\/wp-json\/wp\/v2\/comments?post=41589"}],"version-history":[{"count":0,"href":"https:\/\/jornalfatosenoticias.com.br\/index.php\/wp-json\/wp\/v2\/posts\/41589\/revisions"}],"wp:featuredmedia":[{"embeddable":true,"href":"https:\/\/jornalfatosenoticias.com.br\/index.php\/wp-json\/wp\/v2\/media\/41590"}],"wp:attachment":[{"href":"https:\/\/jornalfatosenoticias.com.br\/index.php\/wp-json\/wp\/v2\/media?parent=41589"}],"wp:term":[{"taxonomy":"category","embeddable":true,"href":"https:\/\/jornalfatosenoticias.com.br\/index.php\/wp-json\/wp\/v2\/categories?post=41589"},{"taxonomy":"post_tag","embeddable":true,"href":"https:\/\/jornalfatosenoticias.com.br\/index.php\/wp-json\/wp\/v2\/tags?post=41589"}],"curies":[{"name":"wp","href":"https:\/\/api.w.org\/{rel}","templated":true}]}}