{"id":41595,"date":"2023-05-19T11:02:31","date_gmt":"2023-05-19T14:02:31","guid":{"rendered":"https:\/\/jornalfatosenoticias.com.br\/?p=41595"},"modified":"2023-05-19T11:02:32","modified_gmt":"2023-05-19T14:02:32","slug":"bonito-e-destino-de-ecoturismo-mais-famoso-do-brasil","status":"publish","type":"post","link":"https:\/\/jornalfatosenoticias.com.br\/index.php\/2023\/05\/19\/bonito-e-destino-de-ecoturismo-mais-famoso-do-brasil\/","title":{"rendered":"Bonito \u00e9 destino de ecoturismo mais famoso do Brasil"},"content":{"rendered":"\n<p><em><span class=\"has-inline-color has-black-color\">Por<strong> Trajano Xavier<\/strong><\/span><\/em><\/p>\n\n\n\n<div class=\"wp-block-image\"><figure class=\"aligncenter size-large\"><img loading=\"lazy\" decoding=\"async\" width=\"250\" height=\"250\" src=\"https:\/\/jornalfatosenoticias.com.br\/wp-content\/uploads\/2023\/04\/baile.jpg\" alt=\"\" class=\"wp-image-40627\" srcset=\"https:\/\/jornalfatosenoticias.com.br\/wp-content\/uploads\/2023\/04\/baile.jpg 250w, https:\/\/jornalfatosenoticias.com.br\/wp-content\/uploads\/2023\/04\/baile-150x150.jpg 150w\" sizes=\"auto, (max-width: 250px) 100vw, 250px\" \/><\/figure><\/div>\n\n\n\n<p>N\u00e3o \u00e0 toa, <a href=\"https:\/\/www.acquaviagens.com.br\/bonito\/\" target=\"_blank\" rel=\"noreferrer noopener\">Bonito<\/a> \u00e9 reconhecido como um dos destinos mais sustent\u00e1veis do Brasil. A certifica\u00e7\u00e3o, concedida pela Na\u00e7\u00f5es Unidas para o Clima, confirma os esfor\u00e7os realizados nos \u00faltimos anos para alcan\u00e7ar esse objetivo.<br>Mas isso n\u00e3o significa que a natureza do lugar \u00e9 explorada de forma indiscriminada. Muito pelo contr\u00e1rio. Tanto os atrativos, quanto as empresas que atuam na cadeia tur\u00edstica regional, buscam desenvolver uma pr\u00e1tica sustent\u00e1vel, que proporcione experi\u00eancias \u00fanicas aos visitantes sem deixar de preservar a rica biodiversidade local.<br>Como \u00e9 o caso do voo entre S\u00e3o Paulo e a cidade sul-mato-grossense, operado pela Gol Linhas \u00c1reas desde dezembro de 2021, que \u00e9 a segunda rota no Pa\u00eds com a certifica\u00e7\u00e3o de neutraliza\u00e7\u00e3o de emiss\u00e3o de carbono.<\/p>\n\n\n\n<div class=\"wp-block-image\"><figure class=\"aligncenter size-large\"><img decoding=\"async\" src=\"https:\/\/jornalfatosenoticias.com.br\/wp-content\/uploads\/2020\/02\/logo_esteio.jpg\" alt=\"\" class=\"wp-image-1214\"\/><\/figure><\/div>\n\n\n\n<p><strong><span class=\"has-inline-color has-vivid-green-cyan-color\">Turismo respons\u00e1vel<br><\/span><\/strong>O desenvolvimento do turismo sustent\u00e1vel tamb\u00e9m \u00e9 refor\u00e7ado pela a\u00e7\u00e3o das ag\u00eancias locais, como \u00e9 o caso da Acqua Studio de Viagens. A empresa, que atua h\u00e1 oito anos com roteiros e experi\u00eancias de Bonito, Serra da Bodoquena e Pantanal, \u00e9 a primeira da cidade a receber a Certifica\u00e7\u00e3o Socioambiental Selo Verde do Instituto Chico Mendes.<\/p>\n\n\n\n<div class=\"wp-block-image\"><figure class=\"aligncenter size-large\"><img loading=\"lazy\" decoding=\"async\" width=\"1024\" height=\"100\" src=\"https:\/\/jornalfatosenoticias.com.br\/wp-content\/uploads\/2020\/02\/banner_ferramentas-1024x100.jpg\" alt=\"\" class=\"wp-image-1258\" srcset=\"https:\/\/jornalfatosenoticias.com.br\/wp-content\/uploads\/2020\/02\/banner_ferramentas-1024x100.jpg 1024w, https:\/\/jornalfatosenoticias.com.br\/wp-content\/uploads\/2020\/02\/banner_ferramentas-300x29.jpg 300w, https:\/\/jornalfatosenoticias.com.br\/wp-content\/uploads\/2020\/02\/banner_ferramentas-768x75.jpg 768w, https:\/\/jornalfatosenoticias.com.br\/wp-content\/uploads\/2020\/02\/banner_ferramentas.jpg 1227w\" sizes=\"auto, (max-width: 1024px) 100vw, 1024px\" \/><\/figure><\/div>\n\n\n\n<p>\u00danico est\u00fadio de viagens do destino, a <em>Acqua Studio de Viagens<\/em> oferece roteiros que priorizam personaliza\u00e7\u00e3o e flexibilidade, promovendo experi\u00eancias que respeitam as normas ambientais de Bonito e colaboram para o crescimento da comunidade local, destacando, al\u00e9m das belezas naturais, os aspectos hist\u00f3rico-culturais da regi\u00e3o.<br>O selo utiliza avalia\u00e7\u00e3o do Procert \u2014 Programa de Certifica\u00e7\u00e3o pelo Compromisso com a Responsabilidade Socioambiental, seguindo crit\u00e9rios como pol\u00edtica de sustentabilidade implantada na ag\u00eancia e gest\u00e3o social e ambiental.<\/p>\n\n\n\n<div class=\"wp-block-image\"><figure class=\"aligncenter size-large is-resized\"><img loading=\"lazy\" decoding=\"async\" src=\"https:\/\/jornalfatosenoticias.com.br\/wp-content\/uploads\/2023\/03\/nova-logo-Marquetti.jpg\" alt=\"\" class=\"wp-image-40207\" width=\"313\" height=\"210\" srcset=\"https:\/\/jornalfatosenoticias.com.br\/wp-content\/uploads\/2023\/03\/nova-logo-Marquetti.jpg 643w, https:\/\/jornalfatosenoticias.com.br\/wp-content\/uploads\/2023\/03\/nova-logo-Marquetti-300x202.jpg 300w\" sizes=\"auto, (max-width: 313px) 100vw, 313px\" \/><\/figure><\/div>\n\n\n\n<p><strong><em>Fonte: <a href=\"https:\/\/territoriosecreto.com.br\/bonito-e-destino-de-ecoturismo-mais-famoso-do-brasil\/\">Territ\u00f3rio Secreto<\/a><\/em><\/strong><\/p>\n","protected":false},"excerpt":{"rendered":"<p>Por Trajano Xavier N\u00e3o \u00e0 toa, Bonito \u00e9 reconhecido como um dos destinos mais sustent\u00e1veis do Brasil. A certifica\u00e7\u00e3o, concedida pela Na\u00e7\u00f5es Unidas para o Clima, confirma os esfor\u00e7os realizados nos \u00faltimos anos para alcan\u00e7ar esse objetivo.Mas isso n\u00e3o significa que a natureza do lugar \u00e9 explorada de forma indiscriminada. Muito pelo contr\u00e1rio. Tanto os [&hellip;]<\/p>\n","protected":false},"author":2,"featured_media":41596,"comment_status":"open","ping_status":"open","sticky":false,"template":"","format":"standard","meta":{"footnotes":""},"categories":[746],"tags":[11795,2202,19553,2793,6944,4374,316],"class_list":["post-41595","post","type-post","status-publish","format-standard","has-post-thumbnail","hentry","category-turismo","tag-belezas-do-brasil","tag-belezas-naturais","tag-bonito","tag-destino-turistico","tag-ecoturismo","tag-mato-grosso-do-sul","tag-preservacao"],"yoast_head":"<!-- This site is optimized with the Yoast SEO plugin v26.5 - https:\/\/yoast.com\/wordpress\/plugins\/seo\/ -->\n<title>Bonito \u00e9 destino de ecoturismo mais famoso do Brasil - Jornal Fatos e Not\u00edcias<\/title>\n<meta name=\"robots\" content=\"index, follow, max-snippet:-1, max-image-preview:large, max-video-preview:-1\" \/>\n<link rel=\"canonical\" href=\"https:\/\/jornalfatosenoticias.com.br\/index.php\/2023\/05\/19\/bonito-e-destino-de-ecoturismo-mais-famoso-do-brasil\/\" \/>\n<meta property=\"og:locale\" content=\"pt_BR\" \/>\n<meta property=\"og:type\" content=\"article\" \/>\n<meta property=\"og:title\" content=\"Bonito \u00e9 destino de ecoturismo mais famoso do Brasil - Jornal Fatos e Not\u00edcias\" \/>\n<meta property=\"og:description\" content=\"Por Trajano Xavier N\u00e3o \u00e0 toa, Bonito \u00e9 reconhecido como um dos destinos mais sustent\u00e1veis do Brasil. A certifica\u00e7\u00e3o, concedida pela Na\u00e7\u00f5es Unidas para o Clima, confirma os esfor\u00e7os realizados nos \u00faltimos anos para alcan\u00e7ar esse objetivo.Mas isso n\u00e3o significa que a natureza do lugar \u00e9 explorada de forma indiscriminada. Muito pelo contr\u00e1rio. Tanto os [&hellip;]\" \/>\n<meta property=\"og:url\" content=\"https:\/\/jornalfatosenoticias.com.br\/index.php\/2023\/05\/19\/bonito-e-destino-de-ecoturismo-mais-famoso-do-brasil\/\" \/>\n<meta property=\"og:site_name\" content=\"Jornal Fatos e Not\u00edcias\" \/>\n<meta property=\"article:published_time\" content=\"2023-05-19T14:02:31+00:00\" \/>\n<meta property=\"article:modified_time\" content=\"2023-05-19T14:02:32+00:00\" \/>\n<meta property=\"og:image\" content=\"https:\/\/jornalfatosenoticias.com.br\/wp-content\/uploads\/2023\/05\/bonito_MS.jpg\" \/>\n\t<meta property=\"og:image:width\" content=\"1000\" \/>\n\t<meta property=\"og:image:height\" content=\"750\" \/>\n\t<meta property=\"og:image:type\" content=\"image\/jpeg\" \/>\n<meta name=\"author\" content=\"Luzimara Fernandes\" \/>\n<meta name=\"twitter:card\" content=\"summary_large_image\" \/>\n<meta name=\"twitter:label1\" content=\"Escrito por\" \/>\n\t<meta name=\"twitter:data1\" content=\"Luzimara Fernandes\" \/>\n\t<meta name=\"twitter:label2\" content=\"Est. tempo de leitura\" \/>\n\t<meta name=\"twitter:data2\" content=\"1 minuto\" \/>\n<script type=\"application\/ld+json\" class=\"yoast-schema-graph\">{\"@context\":\"https:\/\/schema.org\",\"@graph\":[{\"@type\":\"Article\",\"@id\":\"https:\/\/jornalfatosenoticias.com.br\/index.php\/2023\/05\/19\/bonito-e-destino-de-ecoturismo-mais-famoso-do-brasil\/#article\",\"isPartOf\":{\"@id\":\"https:\/\/jornalfatosenoticias.com.br\/index.php\/2023\/05\/19\/bonito-e-destino-de-ecoturismo-mais-famoso-do-brasil\/\"},\"author\":{\"name\":\"Luzimara Fernandes\",\"@id\":\"https:\/\/jornalfatosenoticias.com.br\/#\/schema\/person\/d63837fa13ac8666eb9e74e0985d6f81\"},\"headline\":\"Bonito \u00e9 destino de ecoturismo mais famoso do Brasil\",\"datePublished\":\"2023-05-19T14:02:31+00:00\",\"dateModified\":\"2023-05-19T14:02:32+00:00\",\"mainEntityOfPage\":{\"@id\":\"https:\/\/jornalfatosenoticias.com.br\/index.php\/2023\/05\/19\/bonito-e-destino-de-ecoturismo-mais-famoso-do-brasil\/\"},\"wordCount\":295,\"commentCount\":0,\"publisher\":{\"@id\":\"https:\/\/jornalfatosenoticias.com.br\/#organization\"},\"image\":{\"@id\":\"https:\/\/jornalfatosenoticias.com.br\/index.php\/2023\/05\/19\/bonito-e-destino-de-ecoturismo-mais-famoso-do-brasil\/#primaryimage\"},\"thumbnailUrl\":\"https:\/\/jornalfatosenoticias.com.br\/wp-content\/uploads\/2023\/05\/bonito_MS.jpg\",\"keywords\":[\"belezas do Brasil\",\"belezas naturais\",\"Bonito\",\"destino tur\u00edstico\",\"ecoturismo\",\"Mato Grosso do Sul\",\"preserva\u00e7\u00e3o\"],\"articleSection\":[\"Turismo\"],\"inLanguage\":\"pt-BR\",\"potentialAction\":[{\"@type\":\"CommentAction\",\"name\":\"Comment\",\"target\":[\"https:\/\/jornalfatosenoticias.com.br\/index.php\/2023\/05\/19\/bonito-e-destino-de-ecoturismo-mais-famoso-do-brasil\/#respond\"]}]},{\"@type\":\"WebPage\",\"@id\":\"https:\/\/jornalfatosenoticias.com.br\/index.php\/2023\/05\/19\/bonito-e-destino-de-ecoturismo-mais-famoso-do-brasil\/\",\"url\":\"https:\/\/jornalfatosenoticias.com.br\/index.php\/2023\/05\/19\/bonito-e-destino-de-ecoturismo-mais-famoso-do-brasil\/\",\"name\":\"Bonito \u00e9 destino de ecoturismo mais famoso do Brasil - Jornal Fatos e Not\u00edcias\",\"isPartOf\":{\"@id\":\"https:\/\/jornalfatosenoticias.com.br\/#website\"},\"primaryImageOfPage\":{\"@id\":\"https:\/\/jornalfatosenoticias.com.br\/index.php\/2023\/05\/19\/bonito-e-destino-de-ecoturismo-mais-famoso-do-brasil\/#primaryimage\"},\"image\":{\"@id\":\"https:\/\/jornalfatosenoticias.com.br\/index.php\/2023\/05\/19\/bonito-e-destino-de-ecoturismo-mais-famoso-do-brasil\/#primaryimage\"},\"thumbnailUrl\":\"https:\/\/jornalfatosenoticias.com.br\/wp-content\/uploads\/2023\/05\/bonito_MS.jpg\",\"datePublished\":\"2023-05-19T14:02:31+00:00\",\"dateModified\":\"2023-05-19T14:02:32+00:00\",\"breadcrumb\":{\"@id\":\"https:\/\/jornalfatosenoticias.com.br\/index.php\/2023\/05\/19\/bonito-e-destino-de-ecoturismo-mais-famoso-do-brasil\/#breadcrumb\"},\"inLanguage\":\"pt-BR\",\"potentialAction\":[{\"@type\":\"ReadAction\",\"target\":[\"https:\/\/jornalfatosenoticias.com.br\/index.php\/2023\/05\/19\/bonito-e-destino-de-ecoturismo-mais-famoso-do-brasil\/\"]}]},{\"@type\":\"ImageObject\",\"inLanguage\":\"pt-BR\",\"@id\":\"https:\/\/jornalfatosenoticias.com.br\/index.php\/2023\/05\/19\/bonito-e-destino-de-ecoturismo-mais-famoso-do-brasil\/#primaryimage\",\"url\":\"https:\/\/jornalfatosenoticias.com.br\/wp-content\/uploads\/2023\/05\/bonito_MS.jpg\",\"contentUrl\":\"https:\/\/jornalfatosenoticias.com.br\/wp-content\/uploads\/2023\/05\/bonito_MS.jpg\",\"width\":1000,\"height\":750},{\"@type\":\"BreadcrumbList\",\"@id\":\"https:\/\/jornalfatosenoticias.com.br\/index.php\/2023\/05\/19\/bonito-e-destino-de-ecoturismo-mais-famoso-do-brasil\/#breadcrumb\",\"itemListElement\":[{\"@type\":\"ListItem\",\"position\":1,\"name\":\"In\u00edcio\",\"item\":\"https:\/\/jornalfatosenoticias.com.br\/\"},{\"@type\":\"ListItem\",\"position\":2,\"name\":\"Bonito \u00e9 destino de ecoturismo mais famoso do Brasil\"}]},{\"@type\":\"WebSite\",\"@id\":\"https:\/\/jornalfatosenoticias.com.br\/#website\",\"url\":\"https:\/\/jornalfatosenoticias.com.br\/\",\"name\":\"Jornal Fatos e Not\u00edcias\",\"description\":\"Not\u00edcias em geral\",\"publisher\":{\"@id\":\"https:\/\/jornalfatosenoticias.com.br\/#organization\"},\"potentialAction\":[{\"@type\":\"SearchAction\",\"target\":{\"@type\":\"EntryPoint\",\"urlTemplate\":\"https:\/\/jornalfatosenoticias.com.br\/?s={search_term_string}\"},\"query-input\":{\"@type\":\"PropertyValueSpecification\",\"valueRequired\":true,\"valueName\":\"search_term_string\"}}],\"inLanguage\":\"pt-BR\"},{\"@type\":\"Organization\",\"@id\":\"https:\/\/jornalfatosenoticias.com.br\/#organization\",\"name\":\"Jornal Fatos e Not\u00edcias\",\"url\":\"https:\/\/jornalfatosenoticias.com.br\/\",\"logo\":{\"@type\":\"ImageObject\",\"inLanguage\":\"pt-BR\",\"@id\":\"https:\/\/jornalfatosenoticias.com.br\/#\/schema\/logo\/image\/\",\"url\":\"https:\/\/jornalfatosenoticias.com.br\/wp-content\/uploads\/2020\/02\/logo120.png\",\"contentUrl\":\"https:\/\/jornalfatosenoticias.com.br\/wp-content\/uploads\/2020\/02\/logo120.png\",\"width\":1227,\"height\":120,\"caption\":\"Jornal Fatos e Not\u00edcias\"},\"image\":{\"@id\":\"https:\/\/jornalfatosenoticias.com.br\/#\/schema\/logo\/image\/\"}},{\"@type\":\"Person\",\"@id\":\"https:\/\/jornalfatosenoticias.com.br\/#\/schema\/person\/d63837fa13ac8666eb9e74e0985d6f81\",\"name\":\"Luzimara Fernandes\",\"image\":{\"@type\":\"ImageObject\",\"inLanguage\":\"pt-BR\",\"@id\":\"https:\/\/jornalfatosenoticias.com.br\/#\/schema\/person\/image\/\",\"url\":\"https:\/\/jornalfatosenoticias.com.br\/wp-content\/uploads\/2025\/05\/EU_portal.jpg\",\"contentUrl\":\"https:\/\/jornalfatosenoticias.com.br\/wp-content\/uploads\/2025\/05\/EU_portal.jpg\",\"caption\":\"Luzimara Fernandes\"},\"description\":\"Jornalista MTB 2358-ES\",\"sameAs\":[\"https:\/\/jornalfatosenoticias.com.br\"],\"url\":\"https:\/\/jornalfatosenoticias.com.br\/index.php\/author\/luzimara\/\"}]}<\/script>\n<!-- \/ Yoast SEO plugin. -->","yoast_head_json":{"title":"Bonito \u00e9 destino de ecoturismo mais famoso do Brasil - Jornal Fatos e Not\u00edcias","robots":{"index":"index","follow":"follow","max-snippet":"max-snippet:-1","max-image-preview":"max-image-preview:large","max-video-preview":"max-video-preview:-1"},"canonical":"https:\/\/jornalfatosenoticias.com.br\/index.php\/2023\/05\/19\/bonito-e-destino-de-ecoturismo-mais-famoso-do-brasil\/","og_locale":"pt_BR","og_type":"article","og_title":"Bonito \u00e9 destino de ecoturismo mais famoso do Brasil - Jornal Fatos e Not\u00edcias","og_description":"Por Trajano Xavier N\u00e3o \u00e0 toa, Bonito \u00e9 reconhecido como um dos destinos mais sustent\u00e1veis do Brasil. A certifica\u00e7\u00e3o, concedida pela Na\u00e7\u00f5es Unidas para o Clima, confirma os esfor\u00e7os realizados nos \u00faltimos anos para alcan\u00e7ar esse objetivo.Mas isso n\u00e3o significa que a natureza do lugar \u00e9 explorada de forma indiscriminada. Muito pelo contr\u00e1rio. Tanto os [&hellip;]","og_url":"https:\/\/jornalfatosenoticias.com.br\/index.php\/2023\/05\/19\/bonito-e-destino-de-ecoturismo-mais-famoso-do-brasil\/","og_site_name":"Jornal Fatos e Not\u00edcias","article_published_time":"2023-05-19T14:02:31+00:00","article_modified_time":"2023-05-19T14:02:32+00:00","og_image":[{"width":1000,"height":750,"url":"https:\/\/jornalfatosenoticias.com.br\/wp-content\/uploads\/2023\/05\/bonito_MS.jpg","type":"image\/jpeg"}],"author":"Luzimara Fernandes","twitter_card":"summary_large_image","twitter_misc":{"Escrito por":"Luzimara Fernandes","Est. tempo de leitura":"1 minuto"},"schema":{"@context":"https:\/\/schema.org","@graph":[{"@type":"Article","@id":"https:\/\/jornalfatosenoticias.com.br\/index.php\/2023\/05\/19\/bonito-e-destino-de-ecoturismo-mais-famoso-do-brasil\/#article","isPartOf":{"@id":"https:\/\/jornalfatosenoticias.com.br\/index.php\/2023\/05\/19\/bonito-e-destino-de-ecoturismo-mais-famoso-do-brasil\/"},"author":{"name":"Luzimara Fernandes","@id":"https:\/\/jornalfatosenoticias.com.br\/#\/schema\/person\/d63837fa13ac8666eb9e74e0985d6f81"},"headline":"Bonito \u00e9 destino de ecoturismo mais famoso do Brasil","datePublished":"2023-05-19T14:02:31+00:00","dateModified":"2023-05-19T14:02:32+00:00","mainEntityOfPage":{"@id":"https:\/\/jornalfatosenoticias.com.br\/index.php\/2023\/05\/19\/bonito-e-destino-de-ecoturismo-mais-famoso-do-brasil\/"},"wordCount":295,"commentCount":0,"publisher":{"@id":"https:\/\/jornalfatosenoticias.com.br\/#organization"},"image":{"@id":"https:\/\/jornalfatosenoticias.com.br\/index.php\/2023\/05\/19\/bonito-e-destino-de-ecoturismo-mais-famoso-do-brasil\/#primaryimage"},"thumbnailUrl":"https:\/\/jornalfatosenoticias.com.br\/wp-content\/uploads\/2023\/05\/bonito_MS.jpg","keywords":["belezas do Brasil","belezas naturais","Bonito","destino tur\u00edstico","ecoturismo","Mato Grosso do Sul","preserva\u00e7\u00e3o"],"articleSection":["Turismo"],"inLanguage":"pt-BR","potentialAction":[{"@type":"CommentAction","name":"Comment","target":["https:\/\/jornalfatosenoticias.com.br\/index.php\/2023\/05\/19\/bonito-e-destino-de-ecoturismo-mais-famoso-do-brasil\/#respond"]}]},{"@type":"WebPage","@id":"https:\/\/jornalfatosenoticias.com.br\/index.php\/2023\/05\/19\/bonito-e-destino-de-ecoturismo-mais-famoso-do-brasil\/","url":"https:\/\/jornalfatosenoticias.com.br\/index.php\/2023\/05\/19\/bonito-e-destino-de-ecoturismo-mais-famoso-do-brasil\/","name":"Bonito \u00e9 destino de ecoturismo mais famoso do Brasil - Jornal Fatos e Not\u00edcias","isPartOf":{"@id":"https:\/\/jornalfatosenoticias.com.br\/#website"},"primaryImageOfPage":{"@id":"https:\/\/jornalfatosenoticias.com.br\/index.php\/2023\/05\/19\/bonito-e-destino-de-ecoturismo-mais-famoso-do-brasil\/#primaryimage"},"image":{"@id":"https:\/\/jornalfatosenoticias.com.br\/index.php\/2023\/05\/19\/bonito-e-destino-de-ecoturismo-mais-famoso-do-brasil\/#primaryimage"},"thumbnailUrl":"https:\/\/jornalfatosenoticias.com.br\/wp-content\/uploads\/2023\/05\/bonito_MS.jpg","datePublished":"2023-05-19T14:02:31+00:00","dateModified":"2023-05-19T14:02:32+00:00","breadcrumb":{"@id":"https:\/\/jornalfatosenoticias.com.br\/index.php\/2023\/05\/19\/bonito-e-destino-de-ecoturismo-mais-famoso-do-brasil\/#breadcrumb"},"inLanguage":"pt-BR","potentialAction":[{"@type":"ReadAction","target":["https:\/\/jornalfatosenoticias.com.br\/index.php\/2023\/05\/19\/bonito-e-destino-de-ecoturismo-mais-famoso-do-brasil\/"]}]},{"@type":"ImageObject","inLanguage":"pt-BR","@id":"https:\/\/jornalfatosenoticias.com.br\/index.php\/2023\/05\/19\/bonito-e-destino-de-ecoturismo-mais-famoso-do-brasil\/#primaryimage","url":"https:\/\/jornalfatosenoticias.com.br\/wp-content\/uploads\/2023\/05\/bonito_MS.jpg","contentUrl":"https:\/\/jornalfatosenoticias.com.br\/wp-content\/uploads\/2023\/05\/bonito_MS.jpg","width":1000,"height":750},{"@type":"BreadcrumbList","@id":"https:\/\/jornalfatosenoticias.com.br\/index.php\/2023\/05\/19\/bonito-e-destino-de-ecoturismo-mais-famoso-do-brasil\/#breadcrumb","itemListElement":[{"@type":"ListItem","position":1,"name":"In\u00edcio","item":"https:\/\/jornalfatosenoticias.com.br\/"},{"@type":"ListItem","position":2,"name":"Bonito \u00e9 destino de ecoturismo mais famoso do Brasil"}]},{"@type":"WebSite","@id":"https:\/\/jornalfatosenoticias.com.br\/#website","url":"https:\/\/jornalfatosenoticias.com.br\/","name":"Jornal Fatos e Not\u00edcias","description":"Not\u00edcias em geral","publisher":{"@id":"https:\/\/jornalfatosenoticias.com.br\/#organization"},"potentialAction":[{"@type":"SearchAction","target":{"@type":"EntryPoint","urlTemplate":"https:\/\/jornalfatosenoticias.com.br\/?s={search_term_string}"},"query-input":{"@type":"PropertyValueSpecification","valueRequired":true,"valueName":"search_term_string"}}],"inLanguage":"pt-BR"},{"@type":"Organization","@id":"https:\/\/jornalfatosenoticias.com.br\/#organization","name":"Jornal Fatos e Not\u00edcias","url":"https:\/\/jornalfatosenoticias.com.br\/","logo":{"@type":"ImageObject","inLanguage":"pt-BR","@id":"https:\/\/jornalfatosenoticias.com.br\/#\/schema\/logo\/image\/","url":"https:\/\/jornalfatosenoticias.com.br\/wp-content\/uploads\/2020\/02\/logo120.png","contentUrl":"https:\/\/jornalfatosenoticias.com.br\/wp-content\/uploads\/2020\/02\/logo120.png","width":1227,"height":120,"caption":"Jornal Fatos e Not\u00edcias"},"image":{"@id":"https:\/\/jornalfatosenoticias.com.br\/#\/schema\/logo\/image\/"}},{"@type":"Person","@id":"https:\/\/jornalfatosenoticias.com.br\/#\/schema\/person\/d63837fa13ac8666eb9e74e0985d6f81","name":"Luzimara Fernandes","image":{"@type":"ImageObject","inLanguage":"pt-BR","@id":"https:\/\/jornalfatosenoticias.com.br\/#\/schema\/person\/image\/","url":"https:\/\/jornalfatosenoticias.com.br\/wp-content\/uploads\/2025\/05\/EU_portal.jpg","contentUrl":"https:\/\/jornalfatosenoticias.com.br\/wp-content\/uploads\/2025\/05\/EU_portal.jpg","caption":"Luzimara Fernandes"},"description":"Jornalista MTB 2358-ES","sameAs":["https:\/\/jornalfatosenoticias.com.br"],"url":"https:\/\/jornalfatosenoticias.com.br\/index.php\/author\/luzimara\/"}]}},"cc_featured_image_caption":{"caption_text":"(Foto: Divulga\u00e7\u00e3o\/Ag\u00eancia Roteiro Bonito)\r\n","source_text":"","source_url":""},"jetpack_featured_media_url":"https:\/\/jornalfatosenoticias.com.br\/wp-content\/uploads\/2023\/05\/bonito_MS.jpg","_links":{"self":[{"href":"https:\/\/jornalfatosenoticias.com.br\/index.php\/wp-json\/wp\/v2\/posts\/41595","targetHints":{"allow":["GET"]}}],"collection":[{"href":"https:\/\/jornalfatosenoticias.com.br\/index.php\/wp-json\/wp\/v2\/posts"}],"about":[{"href":"https:\/\/jornalfatosenoticias.com.br\/index.php\/wp-json\/wp\/v2\/types\/post"}],"author":[{"embeddable":true,"href":"https:\/\/jornalfatosenoticias.com.br\/index.php\/wp-json\/wp\/v2\/users\/2"}],"replies":[{"embeddable":true,"href":"https:\/\/jornalfatosenoticias.com.br\/index.php\/wp-json\/wp\/v2\/comments?post=41595"}],"version-history":[{"count":0,"href":"https:\/\/jornalfatosenoticias.com.br\/index.php\/wp-json\/wp\/v2\/posts\/41595\/revisions"}],"wp:featuredmedia":[{"embeddable":true,"href":"https:\/\/jornalfatosenoticias.com.br\/index.php\/wp-json\/wp\/v2\/media\/41596"}],"wp:attachment":[{"href":"https:\/\/jornalfatosenoticias.com.br\/index.php\/wp-json\/wp\/v2\/media?parent=41595"}],"wp:term":[{"taxonomy":"category","embeddable":true,"href":"https:\/\/jornalfatosenoticias.com.br\/index.php\/wp-json\/wp\/v2\/categories?post=41595"},{"taxonomy":"post_tag","embeddable":true,"href":"https:\/\/jornalfatosenoticias.com.br\/index.php\/wp-json\/wp\/v2\/tags?post=41595"}],"curies":[{"name":"wp","href":"https:\/\/api.w.org\/{rel}","templated":true}]}}