{"id":41598,"date":"2023-05-19T11:20:44","date_gmt":"2023-05-19T14:20:44","guid":{"rendered":"https:\/\/jornalfatosenoticias.com.br\/?p=41598"},"modified":"2023-05-19T11:20:45","modified_gmt":"2023-05-19T14:20:45","slug":"conheca-o-primeiro-arranha-ceu-de-madeira-da-america-latina","status":"publish","type":"post","link":"https:\/\/jornalfatosenoticias.com.br\/index.php\/2023\/05\/19\/conheca-o-primeiro-arranha-ceu-de-madeira-da-america-latina\/","title":{"rendered":"Conhe\u00e7a o primeiro arranha-c\u00e9u de madeira da Am\u00e9rica Latina"},"content":{"rendered":"\n<p><em><span class=\"has-inline-color has-black-color\">Por <strong><a href=\"https:\/\/territoriosecreto.com.br\/author\/trajanoxavier\/\">Trajano Xavier<\/a><\/strong><\/span><\/em><\/p>\n\n\n\n<div class=\"wp-block-image\"><figure class=\"aligncenter size-large\"><img loading=\"lazy\" decoding=\"async\" width=\"729\" height=\"90\" src=\"https:\/\/jornalfatosenoticias.com.br\/wp-content\/uploads\/2020\/02\/Logo_Mizu.png\" alt=\"\" class=\"wp-image-1441\" srcset=\"https:\/\/jornalfatosenoticias.com.br\/wp-content\/uploads\/2020\/02\/Logo_Mizu.png 729w, https:\/\/jornalfatosenoticias.com.br\/wp-content\/uploads\/2020\/02\/Logo_Mizu-300x37.png 300w\" sizes=\"auto, (max-width: 729px) 100vw, 729px\" \/><\/figure><\/div>\n\n\n\n<p>O desenvolvimento tecnol\u00f3gico do setor de constru\u00e7\u00e3o permite a constante evolu\u00e7\u00e3o dos empreendimentos em termos de estrutura, inova\u00e7\u00e3o e sustentabilidade. Na <strong>Patag\u00f4nia chilena,<\/strong> por exemplo, foram iniciadas recentemente as obras do primeiro <strong>arranha-c\u00e9u de madeira <\/strong>da<strong> Am\u00e9rica Latina! <\/strong>A seguir, confira mais detalhes sobre o projeto.<br>Recentemente, na cidade de Coyhaique, o escrit\u00f3rio de arquitetura <a href=\"https:\/\/tallwood.com.au\/\" target=\"_blank\" rel=\"noreferrer noopener\"><strong>Tallwood Architects<\/strong><\/a> deu in\u00edcio \u00e0 constru\u00e7\u00e3o do primeiro <strong>arranha-c\u00e9u de madeira<\/strong> da Am\u00e9rica-Latina. O projeto inovador, nomeado Tamango, ter\u00e1 12 andares e ser\u00e1 um edif\u00edcio estruturado por <strong>madeira engenheirada.<\/strong> \u00c9 a primeira vez que arquitetos da regi\u00e3o utilizam esse material para investir em um edif\u00edcio de grande porte.<\/p>\n\n\n\n<div class=\"wp-block-image\"><figure class=\"aligncenter size-large is-resized\"><img loading=\"lazy\" decoding=\"async\" src=\"https:\/\/jornalfatosenoticias.com.br\/wp-content\/uploads\/2023\/03\/logo-Panper_portal.jpg\" alt=\"\" class=\"wp-image-40208\" width=\"284\" height=\"197\" srcset=\"https:\/\/jornalfatosenoticias.com.br\/wp-content\/uploads\/2023\/03\/logo-Panper_portal.jpg 400w, https:\/\/jornalfatosenoticias.com.br\/wp-content\/uploads\/2023\/03\/logo-Panper_portal-300x208.jpg 300w\" sizes=\"auto, (max-width: 284px) 100vw, 284px\" \/><\/figure><\/div>\n\n\n\n<p>O m\u00e9todo de constru\u00e7\u00e3o utilizado est\u00e1 alinhado a alternativas sustent\u00e1veis que visam, entre outras metas, compensar o <strong>volume de CO\u2082 <\/strong>emitido na queima de lenha para manter o <strong>conforto t\u00e9rmico<\/strong> das resid\u00eancias. Al\u00e9m disso, uma equipe multidisciplinar buscou novas <strong>solu\u00e7\u00f5es sustent\u00e1veis<\/strong> para garantir <strong>efici\u00eancia energ\u00e9tica<\/strong> e ac\u00fastica ao<strong> Tamango.<\/strong><\/p>\n\n\n\n<div class=\"wp-block-image\"><figure class=\"aligncenter size-large is-resized\"><img loading=\"lazy\" decoding=\"async\" src=\"https:\/\/jornalfatosenoticias.com.br\/wp-content\/uploads\/2022\/02\/Precisao-Contabilidade-1024x724.jpg\" alt=\"\" class=\"wp-image-28088\" width=\"289\" height=\"204\"\/><\/figure><\/div>\n\n\n\n<p><strong><span class=\"has-inline-color has-black-color\">Por dentro do arranha-c\u00e9u<br><\/span><\/strong>O primeiro<strong> arranha-c\u00e9u de madeira<\/strong> da Am\u00e9rica Latina foi idealizado como uma <strong>constru\u00e7\u00e3o eficiente<\/strong> em diversos sentidos. Para aliar conforto e funcionalidade, o projeto contou com um estudo de<strong> envolt\u00f3rias t\u00e9rmicas <\/strong>em <strong>efici\u00eancia energ\u00e9tica,<\/strong> liderado por especialistas do Chile, do Canad\u00e1 e da Finl\u00e2ndia.<br>Em seu interior, o <strong>Tamango<\/strong> conta com estruturas de madeiras dos tipos CLT, LVL e MLC projetadas previamente, junto de madeira serrada certificada. O edif\u00edcio foi projetado em paralelo a um<strong> modelo BIM,<\/strong> que permitiu resultados precisos nas estruturas pr\u00e9-fabricadas e agilidade na montagem de pain\u00e9is.<\/p>\n\n\n\n<div class=\"wp-block-image\"><figure class=\"aligncenter size-large is-resized\"><img loading=\"lazy\" decoding=\"async\" src=\"https:\/\/jornalfatosenoticias.com.br\/wp-content\/uploads\/2022\/10\/RC_800x750_page-0001.jpg\" alt=\"\" class=\"wp-image-35338\" width=\"258\" height=\"242\" srcset=\"https:\/\/jornalfatosenoticias.com.br\/wp-content\/uploads\/2022\/10\/RC_800x750_page-0001.jpg 400w, https:\/\/jornalfatosenoticias.com.br\/wp-content\/uploads\/2022\/10\/RC_800x750_page-0001-300x281.jpg 300w\" sizes=\"auto, (max-width: 258px) 100vw, 258px\" \/><\/figure><\/div>\n\n\n\n<p>Para esse mesmo processo, diferentes elementos de madeira com tamanhos ajust\u00e1veis foram criados, entre vigas, pain\u00e9is e pilares. Juntas, essas estruturas ir\u00e3o conferir alta resist\u00eancia \u00e0 constru\u00e7\u00e3o, com um peso significativamente inferior na compara\u00e7\u00e3o com materiais como <strong>a\u00e7o e concreto.<\/strong><br>Outra vantagem conferida pela estrutura do <strong>Tamango <\/strong>s\u00e3o as propriedades t\u00e9rmicas da madeira, que tamb\u00e9m possui capacidade de manter e liberar umidade. Essas caracter\u00edsticas interferem positivamente no conforto dos ocupantes e na <strong>efici\u00eancia energ\u00e9tica<\/strong> do edif\u00edcio.<\/p>\n\n\n\n<div class=\"wp-block-image\"><figure class=\"aligncenter size-large is-resized\"><img loading=\"lazy\" decoding=\"async\" src=\"https:\/\/jornalfatosenoticias.com.br\/wp-content\/uploads\/2022\/07\/Logo-Grupo-SEI.jpg\" alt=\"\" class=\"wp-image-31973\" width=\"311\" height=\"163\" srcset=\"https:\/\/jornalfatosenoticias.com.br\/wp-content\/uploads\/2022\/07\/Logo-Grupo-SEI.jpg 713w, https:\/\/jornalfatosenoticias.com.br\/wp-content\/uploads\/2022\/07\/Logo-Grupo-SEI-300x158.jpg 300w\" sizes=\"auto, (max-width: 311px) 100vw, 311px\" \/><\/figure><\/div>\n\n\n\n<div class=\"wp-block-image\"><figure class=\"aligncenter size-large\"><img loading=\"lazy\" decoding=\"async\" width=\"900\" height=\"546\" src=\"https:\/\/jornalfatosenoticias.com.br\/wp-content\/uploads\/2023\/05\/arranha-ceu-de-madeira-Construtora-Laguna.jpg\" alt=\"\" class=\"wp-image-41599\" srcset=\"https:\/\/jornalfatosenoticias.com.br\/wp-content\/uploads\/2023\/05\/arranha-ceu-de-madeira-Construtora-Laguna.jpg 900w, https:\/\/jornalfatosenoticias.com.br\/wp-content\/uploads\/2023\/05\/arranha-ceu-de-madeira-Construtora-Laguna-300x182.jpg 300w, https:\/\/jornalfatosenoticias.com.br\/wp-content\/uploads\/2023\/05\/arranha-ceu-de-madeira-Construtora-Laguna-768x466.jpg 768w\" sizes=\"auto, (max-width: 900px) 100vw, 900px\" \/><figcaption><em><span class=\"has-inline-color has-black-color\">Projeto Tamango (Foto: Tallwood Consultores)<\/span><\/em><\/figcaption><\/figure><\/div>\n\n\n\n<p><strong><span class=\"has-inline-color has-black-color\">Aplica\u00e7\u00f5es sustent\u00e1veis em arranha-c\u00e9us<br><\/span><\/strong>Convencionalmente, os <strong>arranha-c\u00e9us<\/strong> t\u00eam o concreto como material predominante, o que resulta em alta <strong>emiss\u00e3o de CO\u2082<\/strong> na atmosfera, contribuindo com a polui\u00e7\u00e3o do ar.<br>Em contrapartida, <strong>alternativas sustent\u00e1veis<\/strong> na execu\u00e7\u00e3o de arranha-c\u00e9us t\u00eam ficado mais comuns, como forma de mitigar os impactos ambientais gerados. O uso da madeira como elemento estrutural no <strong>Tamango<\/strong> \u00e9 uma delas.<\/p>\n\n\n\n<div class=\"wp-block-image\"><figure class=\"aligncenter size-large is-resized\"><img loading=\"lazy\" decoding=\"async\" src=\"https:\/\/jornalfatosenoticias.com.br\/wp-content\/uploads\/2022\/10\/Arte-jornal-Zucchi-600x600_Prancheta-1-1024x1024.jpg\" alt=\"\" class=\"wp-image-34782\" width=\"259\" height=\"259\" srcset=\"https:\/\/jornalfatosenoticias.com.br\/wp-content\/uploads\/2022\/10\/Arte-jornal-Zucchi-600x600_Prancheta-1-1024x1024.jpg 1024w, https:\/\/jornalfatosenoticias.com.br\/wp-content\/uploads\/2022\/10\/Arte-jornal-Zucchi-600x600_Prancheta-1-300x300.jpg 300w, https:\/\/jornalfatosenoticias.com.br\/wp-content\/uploads\/2022\/10\/Arte-jornal-Zucchi-600x600_Prancheta-1-150x150.jpg 150w, https:\/\/jornalfatosenoticias.com.br\/wp-content\/uploads\/2022\/10\/Arte-jornal-Zucchi-600x600_Prancheta-1-768x768.jpg 768w, https:\/\/jornalfatosenoticias.com.br\/wp-content\/uploads\/2022\/10\/Arte-jornal-Zucchi-600x600_Prancheta-1.jpg 1250w\" sizes=\"auto, (max-width: 259px) 100vw, 259px\" \/><\/figure><\/div>\n\n\n\n<p>A<strong> madeira laminada<\/strong> cruzada (CLT), por exemplo, \u00e9 uma das solu\u00e7\u00f5es utilizadas pelos arquitetos chilenos no projeto, por ser um material que se adapta \u00e0s condi\u00e7\u00f5es e normas regionais. Al\u00e9m de ser uma <strong>mat\u00e9ria-prima renov\u00e1vel,<\/strong> esse material permite o desmonte e o re\u00faso ap\u00f3s o fim do <strong>ciclo de vida do edif\u00edcio.<\/strong><br>Outro benef\u00edcio \u00e9 que cada quilograma da madeira pode capturar 1,8kg de CO\u2082 durante a fabrica\u00e7\u00e3o do material. Soma-se a isso a <strong>montagem a seco,<\/strong> silenciosa e sem res\u00edduos, que contribui com a redu\u00e7\u00e3o do n\u00edvel de contamina\u00e7\u00e3o na cidade de Coyhaique \u2014 um dos mais altos da <strong>Am\u00e9rica Latina.<\/strong><\/p>\n\n\n\n<div class=\"wp-block-image\"><figure class=\"aligncenter size-large is-resized\"><img loading=\"lazy\" decoding=\"async\" src=\"https:\/\/jornalfatosenoticias.com.br\/wp-content\/uploads\/2020\/02\/logo-embacia.jpg\" alt=\"\" class=\"wp-image-33905\" width=\"239\" height=\"239\"\/><\/figure><\/div>\n\n\n\n<p>No \u00e2mbito sustent\u00e1vel, esse<strong> arranha-c\u00e9u de madeira<\/strong> se destaca pelas estrat\u00e9gias de <strong>efici\u00eancia energ\u00e9tica,<\/strong> como j\u00e1 mencionado. O aquecimento por meio de bombas el\u00e9tricas e da pele t\u00e9rmica utilizada ir\u00e1 reduzir em 75% as despesas mensais com aquecimento e em 60% o <strong>consumo energ\u00e9tico<\/strong> da constru\u00e7\u00e3o.<br>Com estrutura inovadora e solu\u00e7\u00f5es sustent\u00e1veis, o <strong>Tamango<\/strong> desponta como um modelo pioneiro a ser seguido por futuros <strong>projetos arquitet\u00f4nicos, <\/strong>revolucionando as constru\u00e7\u00f5es convencionais.<\/p>\n\n\n\n<div class=\"wp-block-image\"><figure class=\"aligncenter size-large is-resized\"><img loading=\"lazy\" decoding=\"async\" src=\"https:\/\/jornalfatosenoticias.com.br\/wp-content\/uploads\/2023\/03\/Crypton-1000-\u00d7-900-px-300x270-1.png\" alt=\"\" class=\"wp-image-40206\" width=\"259\" height=\"233\"\/><\/figure><\/div>\n\n\n\n<p><strong><em>Fonte: <a href=\"https:\/\/territoriosecreto.com.br\/conheca-o-primeiro-arranha-ceu-de-madeira-da-america-latina\/\">Territ\u00f3rio Secreto<\/a><\/em><\/strong><\/p>\n","protected":false},"excerpt":{"rendered":"<p>Por Trajano Xavier O desenvolvimento tecnol\u00f3gico do setor de constru\u00e7\u00e3o permite a constante evolu\u00e7\u00e3o dos empreendimentos em termos de estrutura, inova\u00e7\u00e3o e sustentabilidade. Na Patag\u00f4nia chilena, por exemplo, foram iniciadas recentemente as obras do primeiro arranha-c\u00e9u de madeira da Am\u00e9rica Latina! A seguir, confira mais detalhes sobre o projeto.Recentemente, na cidade de Coyhaique, o escrit\u00f3rio [&hellip;]<\/p>\n","protected":false},"author":2,"featured_media":41600,"comment_status":"open","ping_status":"open","sticky":false,"template":"","format":"standard","meta":{"footnotes":""},"categories":[744],"tags":[11608,260,10705,19554,4708,2430,19555,19556,19557],"class_list":["post-41598","post","type-post","status-publish","format-standard","has-post-thumbnail","hentry","category-arq-urbanismo","tag-alternativas-sustentaveis","tag-america-latina","tag-arranha-ceu","tag-arranha-ceu-de-madeira","tag-eficiencia-energetica","tag-emissao-de-carbono","tag-projeto-tamango","tag-projetos-arquitetonicos","tag-solucoes-sustentaveis"],"yoast_head":"<!-- This site is optimized with the Yoast SEO plugin v26.5 - https:\/\/yoast.com\/wordpress\/plugins\/seo\/ -->\n<title>Conhe\u00e7a o primeiro arranha-c\u00e9u de madeira da Am\u00e9rica Latina - Jornal Fatos e Not\u00edcias<\/title>\n<meta name=\"robots\" content=\"index, follow, max-snippet:-1, max-image-preview:large, max-video-preview:-1\" \/>\n<link rel=\"canonical\" href=\"https:\/\/jornalfatosenoticias.com.br\/index.php\/2023\/05\/19\/conheca-o-primeiro-arranha-ceu-de-madeira-da-america-latina\/\" \/>\n<meta property=\"og:locale\" content=\"pt_BR\" \/>\n<meta property=\"og:type\" content=\"article\" \/>\n<meta property=\"og:title\" content=\"Conhe\u00e7a o primeiro arranha-c\u00e9u de madeira da Am\u00e9rica Latina - Jornal Fatos e Not\u00edcias\" \/>\n<meta property=\"og:description\" content=\"Por Trajano Xavier O desenvolvimento tecnol\u00f3gico do setor de constru\u00e7\u00e3o permite a constante evolu\u00e7\u00e3o dos empreendimentos em termos de estrutura, inova\u00e7\u00e3o e sustentabilidade. Na Patag\u00f4nia chilena, por exemplo, foram iniciadas recentemente as obras do primeiro arranha-c\u00e9u de madeira da Am\u00e9rica Latina! A seguir, confira mais detalhes sobre o projeto.Recentemente, na cidade de Coyhaique, o escrit\u00f3rio [&hellip;]\" \/>\n<meta property=\"og:url\" content=\"https:\/\/jornalfatosenoticias.com.br\/index.php\/2023\/05\/19\/conheca-o-primeiro-arranha-ceu-de-madeira-da-america-latina\/\" \/>\n<meta property=\"og:site_name\" content=\"Jornal Fatos e Not\u00edcias\" \/>\n<meta property=\"article:published_time\" content=\"2023-05-19T14:20:44+00:00\" \/>\n<meta property=\"article:modified_time\" content=\"2023-05-19T14:20:45+00:00\" \/>\n<meta property=\"og:image\" content=\"https:\/\/jornalfatosenoticias.com.br\/wp-content\/uploads\/2023\/05\/arranha-ceu-Construtora-Laguna-2.jpg\" \/>\n\t<meta property=\"og:image:width\" content=\"900\" \/>\n\t<meta property=\"og:image:height\" content=\"546\" \/>\n\t<meta property=\"og:image:type\" content=\"image\/jpeg\" \/>\n<meta name=\"author\" content=\"Luzimara Fernandes\" \/>\n<meta name=\"twitter:card\" content=\"summary_large_image\" \/>\n<meta name=\"twitter:label1\" content=\"Escrito por\" \/>\n\t<meta name=\"twitter:data1\" content=\"Luzimara Fernandes\" \/>\n\t<meta name=\"twitter:label2\" content=\"Est. tempo de leitura\" \/>\n\t<meta name=\"twitter:data2\" content=\"3 minutos\" \/>\n<script type=\"application\/ld+json\" class=\"yoast-schema-graph\">{\"@context\":\"https:\/\/schema.org\",\"@graph\":[{\"@type\":\"Article\",\"@id\":\"https:\/\/jornalfatosenoticias.com.br\/index.php\/2023\/05\/19\/conheca-o-primeiro-arranha-ceu-de-madeira-da-america-latina\/#article\",\"isPartOf\":{\"@id\":\"https:\/\/jornalfatosenoticias.com.br\/index.php\/2023\/05\/19\/conheca-o-primeiro-arranha-ceu-de-madeira-da-america-latina\/\"},\"author\":{\"name\":\"Luzimara Fernandes\",\"@id\":\"https:\/\/jornalfatosenoticias.com.br\/#\/schema\/person\/d63837fa13ac8666eb9e74e0985d6f81\"},\"headline\":\"Conhe\u00e7a o primeiro arranha-c\u00e9u de madeira da Am\u00e9rica Latina\",\"datePublished\":\"2023-05-19T14:20:44+00:00\",\"dateModified\":\"2023-05-19T14:20:45+00:00\",\"mainEntityOfPage\":{\"@id\":\"https:\/\/jornalfatosenoticias.com.br\/index.php\/2023\/05\/19\/conheca-o-primeiro-arranha-ceu-de-madeira-da-america-latina\/\"},\"wordCount\":660,\"commentCount\":0,\"publisher\":{\"@id\":\"https:\/\/jornalfatosenoticias.com.br\/#organization\"},\"image\":{\"@id\":\"https:\/\/jornalfatosenoticias.com.br\/index.php\/2023\/05\/19\/conheca-o-primeiro-arranha-ceu-de-madeira-da-america-latina\/#primaryimage\"},\"thumbnailUrl\":\"https:\/\/jornalfatosenoticias.com.br\/wp-content\/uploads\/2023\/05\/arranha-ceu-Construtora-Laguna-2.jpg\",\"keywords\":[\"alternativas sustent\u00e1veis\",\"Am\u00e9rica latina\",\"arranha-c\u00e9u\",\"arranha-c\u00e9u de madeira\",\"efici\u00eancia energ\u00e9tica\",\"emiss\u00e3o de carbono\",\"Projeto Tamango\",\"projetos arquitet\u00f4nicos\",\"solu\u00e7\u00f5es sustent\u00e1veis\"],\"articleSection\":[\"Arq &amp; Urb\"],\"inLanguage\":\"pt-BR\",\"potentialAction\":[{\"@type\":\"CommentAction\",\"name\":\"Comment\",\"target\":[\"https:\/\/jornalfatosenoticias.com.br\/index.php\/2023\/05\/19\/conheca-o-primeiro-arranha-ceu-de-madeira-da-america-latina\/#respond\"]}]},{\"@type\":\"WebPage\",\"@id\":\"https:\/\/jornalfatosenoticias.com.br\/index.php\/2023\/05\/19\/conheca-o-primeiro-arranha-ceu-de-madeira-da-america-latina\/\",\"url\":\"https:\/\/jornalfatosenoticias.com.br\/index.php\/2023\/05\/19\/conheca-o-primeiro-arranha-ceu-de-madeira-da-america-latina\/\",\"name\":\"Conhe\u00e7a o primeiro arranha-c\u00e9u de madeira da Am\u00e9rica Latina - Jornal Fatos e Not\u00edcias\",\"isPartOf\":{\"@id\":\"https:\/\/jornalfatosenoticias.com.br\/#website\"},\"primaryImageOfPage\":{\"@id\":\"https:\/\/jornalfatosenoticias.com.br\/index.php\/2023\/05\/19\/conheca-o-primeiro-arranha-ceu-de-madeira-da-america-latina\/#primaryimage\"},\"image\":{\"@id\":\"https:\/\/jornalfatosenoticias.com.br\/index.php\/2023\/05\/19\/conheca-o-primeiro-arranha-ceu-de-madeira-da-america-latina\/#primaryimage\"},\"thumbnailUrl\":\"https:\/\/jornalfatosenoticias.com.br\/wp-content\/uploads\/2023\/05\/arranha-ceu-Construtora-Laguna-2.jpg\",\"datePublished\":\"2023-05-19T14:20:44+00:00\",\"dateModified\":\"2023-05-19T14:20:45+00:00\",\"breadcrumb\":{\"@id\":\"https:\/\/jornalfatosenoticias.com.br\/index.php\/2023\/05\/19\/conheca-o-primeiro-arranha-ceu-de-madeira-da-america-latina\/#breadcrumb\"},\"inLanguage\":\"pt-BR\",\"potentialAction\":[{\"@type\":\"ReadAction\",\"target\":[\"https:\/\/jornalfatosenoticias.com.br\/index.php\/2023\/05\/19\/conheca-o-primeiro-arranha-ceu-de-madeira-da-america-latina\/\"]}]},{\"@type\":\"ImageObject\",\"inLanguage\":\"pt-BR\",\"@id\":\"https:\/\/jornalfatosenoticias.com.br\/index.php\/2023\/05\/19\/conheca-o-primeiro-arranha-ceu-de-madeira-da-america-latina\/#primaryimage\",\"url\":\"https:\/\/jornalfatosenoticias.com.br\/wp-content\/uploads\/2023\/05\/arranha-ceu-Construtora-Laguna-2.jpg\",\"contentUrl\":\"https:\/\/jornalfatosenoticias.com.br\/wp-content\/uploads\/2023\/05\/arranha-ceu-Construtora-Laguna-2.jpg\",\"width\":900,\"height\":546},{\"@type\":\"BreadcrumbList\",\"@id\":\"https:\/\/jornalfatosenoticias.com.br\/index.php\/2023\/05\/19\/conheca-o-primeiro-arranha-ceu-de-madeira-da-america-latina\/#breadcrumb\",\"itemListElement\":[{\"@type\":\"ListItem\",\"position\":1,\"name\":\"In\u00edcio\",\"item\":\"https:\/\/jornalfatosenoticias.com.br\/\"},{\"@type\":\"ListItem\",\"position\":2,\"name\":\"Conhe\u00e7a o primeiro arranha-c\u00e9u de madeira da Am\u00e9rica Latina\"}]},{\"@type\":\"WebSite\",\"@id\":\"https:\/\/jornalfatosenoticias.com.br\/#website\",\"url\":\"https:\/\/jornalfatosenoticias.com.br\/\",\"name\":\"Jornal Fatos e Not\u00edcias\",\"description\":\"Not\u00edcias em geral\",\"publisher\":{\"@id\":\"https:\/\/jornalfatosenoticias.com.br\/#organization\"},\"potentialAction\":[{\"@type\":\"SearchAction\",\"target\":{\"@type\":\"EntryPoint\",\"urlTemplate\":\"https:\/\/jornalfatosenoticias.com.br\/?s={search_term_string}\"},\"query-input\":{\"@type\":\"PropertyValueSpecification\",\"valueRequired\":true,\"valueName\":\"search_term_string\"}}],\"inLanguage\":\"pt-BR\"},{\"@type\":\"Organization\",\"@id\":\"https:\/\/jornalfatosenoticias.com.br\/#organization\",\"name\":\"Jornal Fatos e Not\u00edcias\",\"url\":\"https:\/\/jornalfatosenoticias.com.br\/\",\"logo\":{\"@type\":\"ImageObject\",\"inLanguage\":\"pt-BR\",\"@id\":\"https:\/\/jornalfatosenoticias.com.br\/#\/schema\/logo\/image\/\",\"url\":\"https:\/\/jornalfatosenoticias.com.br\/wp-content\/uploads\/2020\/02\/logo120.png\",\"contentUrl\":\"https:\/\/jornalfatosenoticias.com.br\/wp-content\/uploads\/2020\/02\/logo120.png\",\"width\":1227,\"height\":120,\"caption\":\"Jornal Fatos e Not\u00edcias\"},\"image\":{\"@id\":\"https:\/\/jornalfatosenoticias.com.br\/#\/schema\/logo\/image\/\"}},{\"@type\":\"Person\",\"@id\":\"https:\/\/jornalfatosenoticias.com.br\/#\/schema\/person\/d63837fa13ac8666eb9e74e0985d6f81\",\"name\":\"Luzimara Fernandes\",\"image\":{\"@type\":\"ImageObject\",\"inLanguage\":\"pt-BR\",\"@id\":\"https:\/\/jornalfatosenoticias.com.br\/#\/schema\/person\/image\/\",\"url\":\"https:\/\/jornalfatosenoticias.com.br\/wp-content\/uploads\/2025\/05\/EU_portal.jpg\",\"contentUrl\":\"https:\/\/jornalfatosenoticias.com.br\/wp-content\/uploads\/2025\/05\/EU_portal.jpg\",\"caption\":\"Luzimara Fernandes\"},\"description\":\"Jornalista MTB 2358-ES\",\"sameAs\":[\"https:\/\/jornalfatosenoticias.com.br\"],\"url\":\"https:\/\/jornalfatosenoticias.com.br\/index.php\/author\/luzimara\/\"}]}<\/script>\n<!-- \/ Yoast SEO plugin. -->","yoast_head_json":{"title":"Conhe\u00e7a o primeiro arranha-c\u00e9u de madeira da Am\u00e9rica Latina - Jornal Fatos e Not\u00edcias","robots":{"index":"index","follow":"follow","max-snippet":"max-snippet:-1","max-image-preview":"max-image-preview:large","max-video-preview":"max-video-preview:-1"},"canonical":"https:\/\/jornalfatosenoticias.com.br\/index.php\/2023\/05\/19\/conheca-o-primeiro-arranha-ceu-de-madeira-da-america-latina\/","og_locale":"pt_BR","og_type":"article","og_title":"Conhe\u00e7a o primeiro arranha-c\u00e9u de madeira da Am\u00e9rica Latina - Jornal Fatos e Not\u00edcias","og_description":"Por Trajano Xavier O desenvolvimento tecnol\u00f3gico do setor de constru\u00e7\u00e3o permite a constante evolu\u00e7\u00e3o dos empreendimentos em termos de estrutura, inova\u00e7\u00e3o e sustentabilidade. Na Patag\u00f4nia chilena, por exemplo, foram iniciadas recentemente as obras do primeiro arranha-c\u00e9u de madeira da Am\u00e9rica Latina! A seguir, confira mais detalhes sobre o projeto.Recentemente, na cidade de Coyhaique, o escrit\u00f3rio [&hellip;]","og_url":"https:\/\/jornalfatosenoticias.com.br\/index.php\/2023\/05\/19\/conheca-o-primeiro-arranha-ceu-de-madeira-da-america-latina\/","og_site_name":"Jornal Fatos e Not\u00edcias","article_published_time":"2023-05-19T14:20:44+00:00","article_modified_time":"2023-05-19T14:20:45+00:00","og_image":[{"width":900,"height":546,"url":"https:\/\/jornalfatosenoticias.com.br\/wp-content\/uploads\/2023\/05\/arranha-ceu-Construtora-Laguna-2.jpg","type":"image\/jpeg"}],"author":"Luzimara Fernandes","twitter_card":"summary_large_image","twitter_misc":{"Escrito por":"Luzimara Fernandes","Est. tempo de leitura":"3 minutos"},"schema":{"@context":"https:\/\/schema.org","@graph":[{"@type":"Article","@id":"https:\/\/jornalfatosenoticias.com.br\/index.php\/2023\/05\/19\/conheca-o-primeiro-arranha-ceu-de-madeira-da-america-latina\/#article","isPartOf":{"@id":"https:\/\/jornalfatosenoticias.com.br\/index.php\/2023\/05\/19\/conheca-o-primeiro-arranha-ceu-de-madeira-da-america-latina\/"},"author":{"name":"Luzimara Fernandes","@id":"https:\/\/jornalfatosenoticias.com.br\/#\/schema\/person\/d63837fa13ac8666eb9e74e0985d6f81"},"headline":"Conhe\u00e7a o primeiro arranha-c\u00e9u de madeira da Am\u00e9rica Latina","datePublished":"2023-05-19T14:20:44+00:00","dateModified":"2023-05-19T14:20:45+00:00","mainEntityOfPage":{"@id":"https:\/\/jornalfatosenoticias.com.br\/index.php\/2023\/05\/19\/conheca-o-primeiro-arranha-ceu-de-madeira-da-america-latina\/"},"wordCount":660,"commentCount":0,"publisher":{"@id":"https:\/\/jornalfatosenoticias.com.br\/#organization"},"image":{"@id":"https:\/\/jornalfatosenoticias.com.br\/index.php\/2023\/05\/19\/conheca-o-primeiro-arranha-ceu-de-madeira-da-america-latina\/#primaryimage"},"thumbnailUrl":"https:\/\/jornalfatosenoticias.com.br\/wp-content\/uploads\/2023\/05\/arranha-ceu-Construtora-Laguna-2.jpg","keywords":["alternativas sustent\u00e1veis","Am\u00e9rica latina","arranha-c\u00e9u","arranha-c\u00e9u de madeira","efici\u00eancia energ\u00e9tica","emiss\u00e3o de carbono","Projeto Tamango","projetos arquitet\u00f4nicos","solu\u00e7\u00f5es sustent\u00e1veis"],"articleSection":["Arq &amp; Urb"],"inLanguage":"pt-BR","potentialAction":[{"@type":"CommentAction","name":"Comment","target":["https:\/\/jornalfatosenoticias.com.br\/index.php\/2023\/05\/19\/conheca-o-primeiro-arranha-ceu-de-madeira-da-america-latina\/#respond"]}]},{"@type":"WebPage","@id":"https:\/\/jornalfatosenoticias.com.br\/index.php\/2023\/05\/19\/conheca-o-primeiro-arranha-ceu-de-madeira-da-america-latina\/","url":"https:\/\/jornalfatosenoticias.com.br\/index.php\/2023\/05\/19\/conheca-o-primeiro-arranha-ceu-de-madeira-da-america-latina\/","name":"Conhe\u00e7a o primeiro arranha-c\u00e9u de madeira da Am\u00e9rica Latina - Jornal Fatos e Not\u00edcias","isPartOf":{"@id":"https:\/\/jornalfatosenoticias.com.br\/#website"},"primaryImageOfPage":{"@id":"https:\/\/jornalfatosenoticias.com.br\/index.php\/2023\/05\/19\/conheca-o-primeiro-arranha-ceu-de-madeira-da-america-latina\/#primaryimage"},"image":{"@id":"https:\/\/jornalfatosenoticias.com.br\/index.php\/2023\/05\/19\/conheca-o-primeiro-arranha-ceu-de-madeira-da-america-latina\/#primaryimage"},"thumbnailUrl":"https:\/\/jornalfatosenoticias.com.br\/wp-content\/uploads\/2023\/05\/arranha-ceu-Construtora-Laguna-2.jpg","datePublished":"2023-05-19T14:20:44+00:00","dateModified":"2023-05-19T14:20:45+00:00","breadcrumb":{"@id":"https:\/\/jornalfatosenoticias.com.br\/index.php\/2023\/05\/19\/conheca-o-primeiro-arranha-ceu-de-madeira-da-america-latina\/#breadcrumb"},"inLanguage":"pt-BR","potentialAction":[{"@type":"ReadAction","target":["https:\/\/jornalfatosenoticias.com.br\/index.php\/2023\/05\/19\/conheca-o-primeiro-arranha-ceu-de-madeira-da-america-latina\/"]}]},{"@type":"ImageObject","inLanguage":"pt-BR","@id":"https:\/\/jornalfatosenoticias.com.br\/index.php\/2023\/05\/19\/conheca-o-primeiro-arranha-ceu-de-madeira-da-america-latina\/#primaryimage","url":"https:\/\/jornalfatosenoticias.com.br\/wp-content\/uploads\/2023\/05\/arranha-ceu-Construtora-Laguna-2.jpg","contentUrl":"https:\/\/jornalfatosenoticias.com.br\/wp-content\/uploads\/2023\/05\/arranha-ceu-Construtora-Laguna-2.jpg","width":900,"height":546},{"@type":"BreadcrumbList","@id":"https:\/\/jornalfatosenoticias.com.br\/index.php\/2023\/05\/19\/conheca-o-primeiro-arranha-ceu-de-madeira-da-america-latina\/#breadcrumb","itemListElement":[{"@type":"ListItem","position":1,"name":"In\u00edcio","item":"https:\/\/jornalfatosenoticias.com.br\/"},{"@type":"ListItem","position":2,"name":"Conhe\u00e7a o primeiro arranha-c\u00e9u de madeira da Am\u00e9rica Latina"}]},{"@type":"WebSite","@id":"https:\/\/jornalfatosenoticias.com.br\/#website","url":"https:\/\/jornalfatosenoticias.com.br\/","name":"Jornal Fatos e Not\u00edcias","description":"Not\u00edcias em geral","publisher":{"@id":"https:\/\/jornalfatosenoticias.com.br\/#organization"},"potentialAction":[{"@type":"SearchAction","target":{"@type":"EntryPoint","urlTemplate":"https:\/\/jornalfatosenoticias.com.br\/?s={search_term_string}"},"query-input":{"@type":"PropertyValueSpecification","valueRequired":true,"valueName":"search_term_string"}}],"inLanguage":"pt-BR"},{"@type":"Organization","@id":"https:\/\/jornalfatosenoticias.com.br\/#organization","name":"Jornal Fatos e Not\u00edcias","url":"https:\/\/jornalfatosenoticias.com.br\/","logo":{"@type":"ImageObject","inLanguage":"pt-BR","@id":"https:\/\/jornalfatosenoticias.com.br\/#\/schema\/logo\/image\/","url":"https:\/\/jornalfatosenoticias.com.br\/wp-content\/uploads\/2020\/02\/logo120.png","contentUrl":"https:\/\/jornalfatosenoticias.com.br\/wp-content\/uploads\/2020\/02\/logo120.png","width":1227,"height":120,"caption":"Jornal Fatos e Not\u00edcias"},"image":{"@id":"https:\/\/jornalfatosenoticias.com.br\/#\/schema\/logo\/image\/"}},{"@type":"Person","@id":"https:\/\/jornalfatosenoticias.com.br\/#\/schema\/person\/d63837fa13ac8666eb9e74e0985d6f81","name":"Luzimara Fernandes","image":{"@type":"ImageObject","inLanguage":"pt-BR","@id":"https:\/\/jornalfatosenoticias.com.br\/#\/schema\/person\/image\/","url":"https:\/\/jornalfatosenoticias.com.br\/wp-content\/uploads\/2025\/05\/EU_portal.jpg","contentUrl":"https:\/\/jornalfatosenoticias.com.br\/wp-content\/uploads\/2025\/05\/EU_portal.jpg","caption":"Luzimara Fernandes"},"description":"Jornalista MTB 2358-ES","sameAs":["https:\/\/jornalfatosenoticias.com.br"],"url":"https:\/\/jornalfatosenoticias.com.br\/index.php\/author\/luzimara\/"}]}},"cc_featured_image_caption":{"caption_text":"(Foto: Tallwood Consultores)","source_text":"","source_url":""},"jetpack_featured_media_url":"https:\/\/jornalfatosenoticias.com.br\/wp-content\/uploads\/2023\/05\/arranha-ceu-Construtora-Laguna-2.jpg","_links":{"self":[{"href":"https:\/\/jornalfatosenoticias.com.br\/index.php\/wp-json\/wp\/v2\/posts\/41598","targetHints":{"allow":["GET"]}}],"collection":[{"href":"https:\/\/jornalfatosenoticias.com.br\/index.php\/wp-json\/wp\/v2\/posts"}],"about":[{"href":"https:\/\/jornalfatosenoticias.com.br\/index.php\/wp-json\/wp\/v2\/types\/post"}],"author":[{"embeddable":true,"href":"https:\/\/jornalfatosenoticias.com.br\/index.php\/wp-json\/wp\/v2\/users\/2"}],"replies":[{"embeddable":true,"href":"https:\/\/jornalfatosenoticias.com.br\/index.php\/wp-json\/wp\/v2\/comments?post=41598"}],"version-history":[{"count":0,"href":"https:\/\/jornalfatosenoticias.com.br\/index.php\/wp-json\/wp\/v2\/posts\/41598\/revisions"}],"wp:featuredmedia":[{"embeddable":true,"href":"https:\/\/jornalfatosenoticias.com.br\/index.php\/wp-json\/wp\/v2\/media\/41600"}],"wp:attachment":[{"href":"https:\/\/jornalfatosenoticias.com.br\/index.php\/wp-json\/wp\/v2\/media?parent=41598"}],"wp:term":[{"taxonomy":"category","embeddable":true,"href":"https:\/\/jornalfatosenoticias.com.br\/index.php\/wp-json\/wp\/v2\/categories?post=41598"},{"taxonomy":"post_tag","embeddable":true,"href":"https:\/\/jornalfatosenoticias.com.br\/index.php\/wp-json\/wp\/v2\/tags?post=41598"}],"curies":[{"name":"wp","href":"https:\/\/api.w.org\/{rel}","templated":true}]}}