{"id":41608,"date":"2023-05-19T12:02:21","date_gmt":"2023-05-19T15:02:21","guid":{"rendered":"https:\/\/jornalfatosenoticias.com.br\/?p=41608"},"modified":"2023-05-19T12:02:22","modified_gmt":"2023-05-19T15:02:22","slug":"a-raposa-de-darwin-fotos-raras-revelam-uma-das-criaturas-mais-esquivas-da-terra","status":"publish","type":"post","link":"https:\/\/jornalfatosenoticias.com.br\/index.php\/2023\/05\/19\/a-raposa-de-darwin-fotos-raras-revelam-uma-das-criaturas-mais-esquivas-da-terra\/","title":{"rendered":"A raposa-de-darwin: fotos raras revelam uma das criaturas mais esquivas da Terra"},"content":{"rendered":"\n<p><em><span class=\"has-inline-color has-black-color\">Por <strong><a href=\"https:\/\/territoriosecreto.com.br\/author\/trajanoxavier\/\">Trajano Xavier<\/a><\/strong><\/span><\/em><\/p>\n\n\n\n<div class=\"wp-block-image\"><figure class=\"aligncenter size-large\"><img loading=\"lazy\" decoding=\"async\" width=\"729\" height=\"90\" src=\"https:\/\/jornalfatosenoticias.com.br\/wp-content\/uploads\/2020\/02\/Logo_Mizu.png\" alt=\"\" class=\"wp-image-1441\" srcset=\"https:\/\/jornalfatosenoticias.com.br\/wp-content\/uploads\/2020\/02\/Logo_Mizu.png 729w, https:\/\/jornalfatosenoticias.com.br\/wp-content\/uploads\/2020\/02\/Logo_Mizu-300x37.png 300w\" sizes=\"auto, (max-width: 729px) 100vw, 729px\" \/><\/figure><\/div>\n\n\n\n<p>No final de 1832, enquanto Charles Darwin fazia suas coisas a bordo do HMS Beagle, ele se deparou com uma pequena raposa cinza na costa da ilha chilena de Chilo\u00e9. Embora saibamos que os \u201ctentilh\u00f5es de Darwin\u201d ajudaram Darwin a consolidar suas ideias sobre a sele\u00e7\u00e3o natural, essa pequena raposa tamb\u00e9m o empurrou para sua teoria da evolu\u00e7\u00e3o. <\/p>\n\n\n\n<div class=\"wp-block-image\"><figure class=\"aligncenter size-large is-resized\"><img loading=\"lazy\" decoding=\"async\" src=\"https:\/\/jornalfatosenoticias.com.br\/wp-content\/uploads\/2020\/02\/logo-embacia.jpg\" alt=\"\" class=\"wp-image-33905\" width=\"242\" height=\"242\"\/><\/figure><\/div>\n\n\n\n<blockquote class=\"wp-block-quote is-layout-flow wp-block-quote-is-layout-flow\"><p><span class=\"has-inline-color has-luminous-vivid-orange-color\">Darwin tinha ouvido falar que havia raposas vivendo em Chilo\u00e9 \u2014 e que elas pareciam ser diferentes de seus parentes no continente \u2014 mas esta foi a primeira que ele viu\u201d, explica a revista <a href=\"https:\/\/www.biographic.com\/darwins-fox\/\" target=\"_blank\" rel=\"noreferrer noopener\">bioGraphic<\/a>.<\/span><\/p><\/blockquote>\n\n\n\n<div class=\"wp-block-image\"><figure class=\"aligncenter size-large is-resized\"><img loading=\"lazy\" decoding=\"async\" src=\"https:\/\/jornalfatosenoticias.com.br\/wp-content\/uploads\/2020\/02\/casa-do-torresmo_portal.jpg\" alt=\"\" class=\"wp-image-34472\" width=\"255\" height=\"255\" srcset=\"https:\/\/jornalfatosenoticias.com.br\/wp-content\/uploads\/2020\/02\/casa-do-torresmo_portal.jpg 300w, https:\/\/jornalfatosenoticias.com.br\/wp-content\/uploads\/2020\/02\/casa-do-torresmo_portal-150x150.jpg 150w\" sizes=\"auto, (max-width: 255px) 100vw, 255px\" \/><\/figure><\/div>\n\n\n\n<p>Darwin criou um registro cient\u00edfico que poderia ser usado tanto para \u201cconfirmar seu status como uma esp\u00e9cie distinta quanto para entender melhor o processo de evolu\u00e7\u00e3o\u201d. A doce e t\u00edmida raposa foi descrita como uma nova esp\u00e9cie em 1837 pelo colega de Darwin, William Charles Linnaeus Martin. Oficialmente chamado de <em>Lycalopex fulvipes, <\/em>agora \u00e9 comumente conhecido como a raposa-de-darwin. Quase dois s\u00e9culos depois, muito pouco se sabe sobre essas belezas vulpinas, muito em parte porque s\u00e3o muito poucas.<\/p>\n\n\n\n<div class=\"wp-block-image\"><figure class=\"aligncenter size-large is-resized\"><img loading=\"lazy\" decoding=\"async\" src=\"https:\/\/jornalfatosenoticias.com.br\/wp-content\/uploads\/2023\/04\/Logo_MasterMind.jpg\" alt=\"\" class=\"wp-image-40974\" width=\"289\" height=\"210\"\/><\/figure><\/div>\n\n\n\n<p>End\u00eamico do Chile, eles vagam por v\u00e1rias regi\u00f5es florestais no continente, bem como em Chilo\u00e9. Os cientistas estimam que, no total, sua popula\u00e7\u00e3o seja de apenas mil indiv\u00edduos. A Uni\u00e3o Internacional para a Conserva\u00e7\u00e3o da Natureza (IUCN) <a href=\"https:\/\/www.iucnredlist.org\/fr\/species\/41586\/107263066\" target=\"_blank\" rel=\"noreferrer noopener\">classifica a esp\u00e9cie<\/a> como Amea\u00e7ada com uma tend\u00eancia populacional decrescente. O que os torna um candidato perfeito para as lentes do fot\u00f3grafo Kevin Schafer.<\/p>\n\n\n\n<div class=\"wp-block-image\"><figure class=\"aligncenter size-large\"><img decoding=\"async\" src=\"https:\/\/jornalfatosenoticias.com.br\/wp-content\/uploads\/2020\/02\/barao-das-carnes-300x164-1.jpg\" alt=\"\" class=\"wp-image-34339\"\/><\/figure><\/div>\n\n\n\n<p>Schafer \u00e9 especialista em contar hist\u00f3rias de esp\u00e9cies pouco conhecidas e amea\u00e7adas de extin\u00e7\u00e3o em todo o mundo, al\u00e9m de ser membro fundador da Liga Internacional de Fot\u00f3grafos de Conserva\u00e7\u00e3o (voc\u00ea pode ver mais de seu belo trabalho <a href=\"http:\/\/www.kevinschafer.com\/\" target=\"_blank\" rel=\"noreferrer noopener\">aqui<\/a>). A parte mais dif\u00edcil de fazer esta foto foi encontrar uma das criaturas evasivas em primeiro lugar.<br>Com a ajuda de Jaime Jim\u00e9nez, cientista chileno da Universidad de Los Lagos e especialista em <em>L. fulvipes<\/em>, ele foi apontado na dire\u00e7\u00e3o certa. Ele finalmente encontrou essa beleza \u00e0 beira de uma densa floresta tropical na Ilha de Chilo\u00e9. <\/p>\n\n\n\n<div class=\"wp-block-image\"><figure class=\"aligncenter size-large\"><img loading=\"lazy\" decoding=\"async\" width=\"300\" height=\"250\" src=\"https:\/\/jornalfatosenoticias.com.br\/wp-content\/uploads\/2022\/08\/arte-Casarao.jpg\" alt=\"\" class=\"wp-image-33178\"\/><\/figure><\/div>\n\n\n\n<blockquote class=\"wp-block-quote is-layout-flow wp-block-quote-is-layout-flow\"><p><span class=\"has-inline-color has-luminous-vivid-orange-color\">A raposa permitiu que ele tirasse apenas alguns quadros antes de disparar para o sub-bosque impenetr\u00e1vel\u201d, escreve bioGraphic, \u201cfazendo jus \u00e0 sua reputa\u00e7\u00e3o como um dos carn\u00edvoros mais esquivos da Terra\u201d.<\/span><\/p><\/blockquote>\n\n\n\n<div class=\"wp-block-image\"><figure class=\"aligncenter size-large\"><img loading=\"lazy\" decoding=\"async\" width=\"1024\" height=\"110\" src=\"https:\/\/jornalfatosenoticias.com.br\/wp-content\/uploads\/2022\/10\/Arte-jornal-Zucchi-1120x120_Prancheta-1-1024x110.jpg\" alt=\"\" class=\"wp-image-34772\" srcset=\"https:\/\/jornalfatosenoticias.com.br\/wp-content\/uploads\/2022\/10\/Arte-jornal-Zucchi-1120x120_Prancheta-1-1024x110.jpg 1024w, https:\/\/jornalfatosenoticias.com.br\/wp-content\/uploads\/2022\/10\/Arte-jornal-Zucchi-1120x120_Prancheta-1-300x32.jpg 300w, https:\/\/jornalfatosenoticias.com.br\/wp-content\/uploads\/2022\/10\/Arte-jornal-Zucchi-1120x120_Prancheta-1-768x82.jpg 768w, https:\/\/jornalfatosenoticias.com.br\/wp-content\/uploads\/2022\/10\/Arte-jornal-Zucchi-1120x120_Prancheta-1-1536x165.jpg 1536w, https:\/\/jornalfatosenoticias.com.br\/wp-content\/uploads\/2022\/10\/Arte-jornal-Zucchi-1120x120_Prancheta-1-2048x219.jpg 2048w\" sizes=\"auto, (max-width: 1024px) 100vw, 1024px\" \/><\/figure><\/div>\n\n\n\n<p><strong><em>Fonte: <a href=\"https:\/\/territoriosecreto.com.br\/a-raposa-de-darwin-fotos-raras-revelam-uma-das-criaturas-mais-esquivas-da-terra\/\">Territ\u00f3rio Secreto<\/a><\/em><\/strong><\/p>\n","protected":false},"excerpt":{"rendered":"<p>Por Trajano Xavier No final de 1832, enquanto Charles Darwin fazia suas coisas a bordo do HMS Beagle, ele se deparou com uma pequena raposa cinza na costa da ilha chilena de Chilo\u00e9. Embora saibamos que os \u201ctentilh\u00f5es de Darwin\u201d ajudaram Darwin a consolidar suas ideias sobre a sele\u00e7\u00e3o natural, essa pequena raposa tamb\u00e9m o [&hellip;]<\/p>\n","protected":false},"author":2,"featured_media":41609,"comment_status":"open","ping_status":"open","sticky":false,"template":"","format":"standard","meta":{"footnotes":""},"categories":[8],"tags":[1231,19567,19568,19566,9066],"class_list":["post-41608","post","type-post","status-publish","format-standard","has-post-thumbnail","hentry","category-meio-ambiente","tag-chile","tag-darwin","tag-raposa","tag-raposa-de-darwin","tag-teoria-da-evolucao"],"yoast_head":"<!-- This site is optimized with the Yoast SEO plugin v26.5 - https:\/\/yoast.com\/wordpress\/plugins\/seo\/ -->\n<title>A raposa-de-darwin: fotos raras revelam uma das criaturas mais esquivas da Terra - Jornal Fatos e Not\u00edcias<\/title>\n<meta name=\"robots\" content=\"index, follow, max-snippet:-1, max-image-preview:large, max-video-preview:-1\" \/>\n<link rel=\"canonical\" href=\"https:\/\/jornalfatosenoticias.com.br\/index.php\/2023\/05\/19\/a-raposa-de-darwin-fotos-raras-revelam-uma-das-criaturas-mais-esquivas-da-terra\/\" \/>\n<meta property=\"og:locale\" content=\"pt_BR\" \/>\n<meta property=\"og:type\" content=\"article\" \/>\n<meta property=\"og:title\" content=\"A raposa-de-darwin: fotos raras revelam uma das criaturas mais esquivas da Terra - Jornal Fatos e Not\u00edcias\" \/>\n<meta property=\"og:description\" content=\"Por Trajano Xavier No final de 1832, enquanto Charles Darwin fazia suas coisas a bordo do HMS Beagle, ele se deparou com uma pequena raposa cinza na costa da ilha chilena de Chilo\u00e9. Embora saibamos que os \u201ctentilh\u00f5es de Darwin\u201d ajudaram Darwin a consolidar suas ideias sobre a sele\u00e7\u00e3o natural, essa pequena raposa tamb\u00e9m o [&hellip;]\" \/>\n<meta property=\"og:url\" content=\"https:\/\/jornalfatosenoticias.com.br\/index.php\/2023\/05\/19\/a-raposa-de-darwin-fotos-raras-revelam-uma-das-criaturas-mais-esquivas-da-terra\/\" \/>\n<meta property=\"og:site_name\" content=\"Jornal Fatos e Not\u00edcias\" \/>\n<meta property=\"article:published_time\" content=\"2023-05-19T15:02:21+00:00\" \/>\n<meta property=\"article:modified_time\" content=\"2023-05-19T15:02:22+00:00\" \/>\n<meta property=\"og:image\" content=\"https:\/\/jornalfatosenoticias.com.br\/wp-content\/uploads\/2023\/05\/raposa-de-darwin.jpg\" \/>\n\t<meta property=\"og:image:width\" content=\"1000\" \/>\n\t<meta property=\"og:image:height\" content=\"665\" \/>\n\t<meta property=\"og:image:type\" content=\"image\/jpeg\" \/>\n<meta name=\"author\" content=\"Luzimara Fernandes\" \/>\n<meta name=\"twitter:card\" content=\"summary_large_image\" \/>\n<meta name=\"twitter:label1\" content=\"Escrito por\" \/>\n\t<meta name=\"twitter:data1\" content=\"Luzimara Fernandes\" \/>\n\t<meta name=\"twitter:label2\" content=\"Est. tempo de leitura\" \/>\n\t<meta name=\"twitter:data2\" content=\"2 minutos\" \/>\n<script type=\"application\/ld+json\" class=\"yoast-schema-graph\">{\"@context\":\"https:\/\/schema.org\",\"@graph\":[{\"@type\":\"Article\",\"@id\":\"https:\/\/jornalfatosenoticias.com.br\/index.php\/2023\/05\/19\/a-raposa-de-darwin-fotos-raras-revelam-uma-das-criaturas-mais-esquivas-da-terra\/#article\",\"isPartOf\":{\"@id\":\"https:\/\/jornalfatosenoticias.com.br\/index.php\/2023\/05\/19\/a-raposa-de-darwin-fotos-raras-revelam-uma-das-criaturas-mais-esquivas-da-terra\/\"},\"author\":{\"name\":\"Luzimara Fernandes\",\"@id\":\"https:\/\/jornalfatosenoticias.com.br\/#\/schema\/person\/d63837fa13ac8666eb9e74e0985d6f81\"},\"headline\":\"A raposa-de-darwin: fotos raras revelam uma das criaturas mais esquivas da Terra\",\"datePublished\":\"2023-05-19T15:02:21+00:00\",\"dateModified\":\"2023-05-19T15:02:22+00:00\",\"mainEntityOfPage\":{\"@id\":\"https:\/\/jornalfatosenoticias.com.br\/index.php\/2023\/05\/19\/a-raposa-de-darwin-fotos-raras-revelam-uma-das-criaturas-mais-esquivas-da-terra\/\"},\"wordCount\":405,\"commentCount\":0,\"publisher\":{\"@id\":\"https:\/\/jornalfatosenoticias.com.br\/#organization\"},\"image\":{\"@id\":\"https:\/\/jornalfatosenoticias.com.br\/index.php\/2023\/05\/19\/a-raposa-de-darwin-fotos-raras-revelam-uma-das-criaturas-mais-esquivas-da-terra\/#primaryimage\"},\"thumbnailUrl\":\"https:\/\/jornalfatosenoticias.com.br\/wp-content\/uploads\/2023\/05\/raposa-de-darwin.jpg\",\"keywords\":[\"Chile\",\"Darwin\",\"raposa\",\"raposa-de-darwin\",\"Teoria da Evolu\u00e7\u00e3o\"],\"articleSection\":[\"Meio ambiente\"],\"inLanguage\":\"pt-BR\",\"potentialAction\":[{\"@type\":\"CommentAction\",\"name\":\"Comment\",\"target\":[\"https:\/\/jornalfatosenoticias.com.br\/index.php\/2023\/05\/19\/a-raposa-de-darwin-fotos-raras-revelam-uma-das-criaturas-mais-esquivas-da-terra\/#respond\"]}]},{\"@type\":\"WebPage\",\"@id\":\"https:\/\/jornalfatosenoticias.com.br\/index.php\/2023\/05\/19\/a-raposa-de-darwin-fotos-raras-revelam-uma-das-criaturas-mais-esquivas-da-terra\/\",\"url\":\"https:\/\/jornalfatosenoticias.com.br\/index.php\/2023\/05\/19\/a-raposa-de-darwin-fotos-raras-revelam-uma-das-criaturas-mais-esquivas-da-terra\/\",\"name\":\"A raposa-de-darwin: fotos raras revelam uma das criaturas mais esquivas da Terra - Jornal Fatos e Not\u00edcias\",\"isPartOf\":{\"@id\":\"https:\/\/jornalfatosenoticias.com.br\/#website\"},\"primaryImageOfPage\":{\"@id\":\"https:\/\/jornalfatosenoticias.com.br\/index.php\/2023\/05\/19\/a-raposa-de-darwin-fotos-raras-revelam-uma-das-criaturas-mais-esquivas-da-terra\/#primaryimage\"},\"image\":{\"@id\":\"https:\/\/jornalfatosenoticias.com.br\/index.php\/2023\/05\/19\/a-raposa-de-darwin-fotos-raras-revelam-uma-das-criaturas-mais-esquivas-da-terra\/#primaryimage\"},\"thumbnailUrl\":\"https:\/\/jornalfatosenoticias.com.br\/wp-content\/uploads\/2023\/05\/raposa-de-darwin.jpg\",\"datePublished\":\"2023-05-19T15:02:21+00:00\",\"dateModified\":\"2023-05-19T15:02:22+00:00\",\"breadcrumb\":{\"@id\":\"https:\/\/jornalfatosenoticias.com.br\/index.php\/2023\/05\/19\/a-raposa-de-darwin-fotos-raras-revelam-uma-das-criaturas-mais-esquivas-da-terra\/#breadcrumb\"},\"inLanguage\":\"pt-BR\",\"potentialAction\":[{\"@type\":\"ReadAction\",\"target\":[\"https:\/\/jornalfatosenoticias.com.br\/index.php\/2023\/05\/19\/a-raposa-de-darwin-fotos-raras-revelam-uma-das-criaturas-mais-esquivas-da-terra\/\"]}]},{\"@type\":\"ImageObject\",\"inLanguage\":\"pt-BR\",\"@id\":\"https:\/\/jornalfatosenoticias.com.br\/index.php\/2023\/05\/19\/a-raposa-de-darwin-fotos-raras-revelam-uma-das-criaturas-mais-esquivas-da-terra\/#primaryimage\",\"url\":\"https:\/\/jornalfatosenoticias.com.br\/wp-content\/uploads\/2023\/05\/raposa-de-darwin.jpg\",\"contentUrl\":\"https:\/\/jornalfatosenoticias.com.br\/wp-content\/uploads\/2023\/05\/raposa-de-darwin.jpg\",\"width\":1000,\"height\":665},{\"@type\":\"BreadcrumbList\",\"@id\":\"https:\/\/jornalfatosenoticias.com.br\/index.php\/2023\/05\/19\/a-raposa-de-darwin-fotos-raras-revelam-uma-das-criaturas-mais-esquivas-da-terra\/#breadcrumb\",\"itemListElement\":[{\"@type\":\"ListItem\",\"position\":1,\"name\":\"In\u00edcio\",\"item\":\"https:\/\/jornalfatosenoticias.com.br\/\"},{\"@type\":\"ListItem\",\"position\":2,\"name\":\"A raposa-de-darwin: fotos raras revelam uma das criaturas mais esquivas da Terra\"}]},{\"@type\":\"WebSite\",\"@id\":\"https:\/\/jornalfatosenoticias.com.br\/#website\",\"url\":\"https:\/\/jornalfatosenoticias.com.br\/\",\"name\":\"Jornal Fatos e Not\u00edcias\",\"description\":\"Not\u00edcias em geral\",\"publisher\":{\"@id\":\"https:\/\/jornalfatosenoticias.com.br\/#organization\"},\"potentialAction\":[{\"@type\":\"SearchAction\",\"target\":{\"@type\":\"EntryPoint\",\"urlTemplate\":\"https:\/\/jornalfatosenoticias.com.br\/?s={search_term_string}\"},\"query-input\":{\"@type\":\"PropertyValueSpecification\",\"valueRequired\":true,\"valueName\":\"search_term_string\"}}],\"inLanguage\":\"pt-BR\"},{\"@type\":\"Organization\",\"@id\":\"https:\/\/jornalfatosenoticias.com.br\/#organization\",\"name\":\"Jornal Fatos e Not\u00edcias\",\"url\":\"https:\/\/jornalfatosenoticias.com.br\/\",\"logo\":{\"@type\":\"ImageObject\",\"inLanguage\":\"pt-BR\",\"@id\":\"https:\/\/jornalfatosenoticias.com.br\/#\/schema\/logo\/image\/\",\"url\":\"https:\/\/jornalfatosenoticias.com.br\/wp-content\/uploads\/2020\/02\/logo120.png\",\"contentUrl\":\"https:\/\/jornalfatosenoticias.com.br\/wp-content\/uploads\/2020\/02\/logo120.png\",\"width\":1227,\"height\":120,\"caption\":\"Jornal Fatos e Not\u00edcias\"},\"image\":{\"@id\":\"https:\/\/jornalfatosenoticias.com.br\/#\/schema\/logo\/image\/\"}},{\"@type\":\"Person\",\"@id\":\"https:\/\/jornalfatosenoticias.com.br\/#\/schema\/person\/d63837fa13ac8666eb9e74e0985d6f81\",\"name\":\"Luzimara Fernandes\",\"image\":{\"@type\":\"ImageObject\",\"inLanguage\":\"pt-BR\",\"@id\":\"https:\/\/jornalfatosenoticias.com.br\/#\/schema\/person\/image\/\",\"url\":\"https:\/\/jornalfatosenoticias.com.br\/wp-content\/uploads\/2025\/05\/EU_portal.jpg\",\"contentUrl\":\"https:\/\/jornalfatosenoticias.com.br\/wp-content\/uploads\/2025\/05\/EU_portal.jpg\",\"caption\":\"Luzimara Fernandes\"},\"description\":\"Jornalista MTB 2358-ES\",\"sameAs\":[\"https:\/\/jornalfatosenoticias.com.br\"],\"url\":\"https:\/\/jornalfatosenoticias.com.br\/index.php\/author\/luzimara\/\"}]}<\/script>\n<!-- \/ Yoast SEO plugin. -->","yoast_head_json":{"title":"A raposa-de-darwin: fotos raras revelam uma das criaturas mais esquivas da Terra - Jornal Fatos e Not\u00edcias","robots":{"index":"index","follow":"follow","max-snippet":"max-snippet:-1","max-image-preview":"max-image-preview:large","max-video-preview":"max-video-preview:-1"},"canonical":"https:\/\/jornalfatosenoticias.com.br\/index.php\/2023\/05\/19\/a-raposa-de-darwin-fotos-raras-revelam-uma-das-criaturas-mais-esquivas-da-terra\/","og_locale":"pt_BR","og_type":"article","og_title":"A raposa-de-darwin: fotos raras revelam uma das criaturas mais esquivas da Terra - Jornal Fatos e Not\u00edcias","og_description":"Por Trajano Xavier No final de 1832, enquanto Charles Darwin fazia suas coisas a bordo do HMS Beagle, ele se deparou com uma pequena raposa cinza na costa da ilha chilena de Chilo\u00e9. Embora saibamos que os \u201ctentilh\u00f5es de Darwin\u201d ajudaram Darwin a consolidar suas ideias sobre a sele\u00e7\u00e3o natural, essa pequena raposa tamb\u00e9m o [&hellip;]","og_url":"https:\/\/jornalfatosenoticias.com.br\/index.php\/2023\/05\/19\/a-raposa-de-darwin-fotos-raras-revelam-uma-das-criaturas-mais-esquivas-da-terra\/","og_site_name":"Jornal Fatos e Not\u00edcias","article_published_time":"2023-05-19T15:02:21+00:00","article_modified_time":"2023-05-19T15:02:22+00:00","og_image":[{"width":1000,"height":665,"url":"https:\/\/jornalfatosenoticias.com.br\/wp-content\/uploads\/2023\/05\/raposa-de-darwin.jpg","type":"image\/jpeg"}],"author":"Luzimara Fernandes","twitter_card":"summary_large_image","twitter_misc":{"Escrito por":"Luzimara Fernandes","Est. tempo de leitura":"2 minutos"},"schema":{"@context":"https:\/\/schema.org","@graph":[{"@type":"Article","@id":"https:\/\/jornalfatosenoticias.com.br\/index.php\/2023\/05\/19\/a-raposa-de-darwin-fotos-raras-revelam-uma-das-criaturas-mais-esquivas-da-terra\/#article","isPartOf":{"@id":"https:\/\/jornalfatosenoticias.com.br\/index.php\/2023\/05\/19\/a-raposa-de-darwin-fotos-raras-revelam-uma-das-criaturas-mais-esquivas-da-terra\/"},"author":{"name":"Luzimara Fernandes","@id":"https:\/\/jornalfatosenoticias.com.br\/#\/schema\/person\/d63837fa13ac8666eb9e74e0985d6f81"},"headline":"A raposa-de-darwin: fotos raras revelam uma das criaturas mais esquivas da Terra","datePublished":"2023-05-19T15:02:21+00:00","dateModified":"2023-05-19T15:02:22+00:00","mainEntityOfPage":{"@id":"https:\/\/jornalfatosenoticias.com.br\/index.php\/2023\/05\/19\/a-raposa-de-darwin-fotos-raras-revelam-uma-das-criaturas-mais-esquivas-da-terra\/"},"wordCount":405,"commentCount":0,"publisher":{"@id":"https:\/\/jornalfatosenoticias.com.br\/#organization"},"image":{"@id":"https:\/\/jornalfatosenoticias.com.br\/index.php\/2023\/05\/19\/a-raposa-de-darwin-fotos-raras-revelam-uma-das-criaturas-mais-esquivas-da-terra\/#primaryimage"},"thumbnailUrl":"https:\/\/jornalfatosenoticias.com.br\/wp-content\/uploads\/2023\/05\/raposa-de-darwin.jpg","keywords":["Chile","Darwin","raposa","raposa-de-darwin","Teoria da Evolu\u00e7\u00e3o"],"articleSection":["Meio ambiente"],"inLanguage":"pt-BR","potentialAction":[{"@type":"CommentAction","name":"Comment","target":["https:\/\/jornalfatosenoticias.com.br\/index.php\/2023\/05\/19\/a-raposa-de-darwin-fotos-raras-revelam-uma-das-criaturas-mais-esquivas-da-terra\/#respond"]}]},{"@type":"WebPage","@id":"https:\/\/jornalfatosenoticias.com.br\/index.php\/2023\/05\/19\/a-raposa-de-darwin-fotos-raras-revelam-uma-das-criaturas-mais-esquivas-da-terra\/","url":"https:\/\/jornalfatosenoticias.com.br\/index.php\/2023\/05\/19\/a-raposa-de-darwin-fotos-raras-revelam-uma-das-criaturas-mais-esquivas-da-terra\/","name":"A raposa-de-darwin: fotos raras revelam uma das criaturas mais esquivas da Terra - Jornal Fatos e Not\u00edcias","isPartOf":{"@id":"https:\/\/jornalfatosenoticias.com.br\/#website"},"primaryImageOfPage":{"@id":"https:\/\/jornalfatosenoticias.com.br\/index.php\/2023\/05\/19\/a-raposa-de-darwin-fotos-raras-revelam-uma-das-criaturas-mais-esquivas-da-terra\/#primaryimage"},"image":{"@id":"https:\/\/jornalfatosenoticias.com.br\/index.php\/2023\/05\/19\/a-raposa-de-darwin-fotos-raras-revelam-uma-das-criaturas-mais-esquivas-da-terra\/#primaryimage"},"thumbnailUrl":"https:\/\/jornalfatosenoticias.com.br\/wp-content\/uploads\/2023\/05\/raposa-de-darwin.jpg","datePublished":"2023-05-19T15:02:21+00:00","dateModified":"2023-05-19T15:02:22+00:00","breadcrumb":{"@id":"https:\/\/jornalfatosenoticias.com.br\/index.php\/2023\/05\/19\/a-raposa-de-darwin-fotos-raras-revelam-uma-das-criaturas-mais-esquivas-da-terra\/#breadcrumb"},"inLanguage":"pt-BR","potentialAction":[{"@type":"ReadAction","target":["https:\/\/jornalfatosenoticias.com.br\/index.php\/2023\/05\/19\/a-raposa-de-darwin-fotos-raras-revelam-uma-das-criaturas-mais-esquivas-da-terra\/"]}]},{"@type":"ImageObject","inLanguage":"pt-BR","@id":"https:\/\/jornalfatosenoticias.com.br\/index.php\/2023\/05\/19\/a-raposa-de-darwin-fotos-raras-revelam-uma-das-criaturas-mais-esquivas-da-terra\/#primaryimage","url":"https:\/\/jornalfatosenoticias.com.br\/wp-content\/uploads\/2023\/05\/raposa-de-darwin.jpg","contentUrl":"https:\/\/jornalfatosenoticias.com.br\/wp-content\/uploads\/2023\/05\/raposa-de-darwin.jpg","width":1000,"height":665},{"@type":"BreadcrumbList","@id":"https:\/\/jornalfatosenoticias.com.br\/index.php\/2023\/05\/19\/a-raposa-de-darwin-fotos-raras-revelam-uma-das-criaturas-mais-esquivas-da-terra\/#breadcrumb","itemListElement":[{"@type":"ListItem","position":1,"name":"In\u00edcio","item":"https:\/\/jornalfatosenoticias.com.br\/"},{"@type":"ListItem","position":2,"name":"A raposa-de-darwin: fotos raras revelam uma das criaturas mais esquivas da Terra"}]},{"@type":"WebSite","@id":"https:\/\/jornalfatosenoticias.com.br\/#website","url":"https:\/\/jornalfatosenoticias.com.br\/","name":"Jornal Fatos e Not\u00edcias","description":"Not\u00edcias em geral","publisher":{"@id":"https:\/\/jornalfatosenoticias.com.br\/#organization"},"potentialAction":[{"@type":"SearchAction","target":{"@type":"EntryPoint","urlTemplate":"https:\/\/jornalfatosenoticias.com.br\/?s={search_term_string}"},"query-input":{"@type":"PropertyValueSpecification","valueRequired":true,"valueName":"search_term_string"}}],"inLanguage":"pt-BR"},{"@type":"Organization","@id":"https:\/\/jornalfatosenoticias.com.br\/#organization","name":"Jornal Fatos e Not\u00edcias","url":"https:\/\/jornalfatosenoticias.com.br\/","logo":{"@type":"ImageObject","inLanguage":"pt-BR","@id":"https:\/\/jornalfatosenoticias.com.br\/#\/schema\/logo\/image\/","url":"https:\/\/jornalfatosenoticias.com.br\/wp-content\/uploads\/2020\/02\/logo120.png","contentUrl":"https:\/\/jornalfatosenoticias.com.br\/wp-content\/uploads\/2020\/02\/logo120.png","width":1227,"height":120,"caption":"Jornal Fatos e Not\u00edcias"},"image":{"@id":"https:\/\/jornalfatosenoticias.com.br\/#\/schema\/logo\/image\/"}},{"@type":"Person","@id":"https:\/\/jornalfatosenoticias.com.br\/#\/schema\/person\/d63837fa13ac8666eb9e74e0985d6f81","name":"Luzimara Fernandes","image":{"@type":"ImageObject","inLanguage":"pt-BR","@id":"https:\/\/jornalfatosenoticias.com.br\/#\/schema\/person\/image\/","url":"https:\/\/jornalfatosenoticias.com.br\/wp-content\/uploads\/2025\/05\/EU_portal.jpg","contentUrl":"https:\/\/jornalfatosenoticias.com.br\/wp-content\/uploads\/2025\/05\/EU_portal.jpg","caption":"Luzimara Fernandes"},"description":"Jornalista MTB 2358-ES","sameAs":["https:\/\/jornalfatosenoticias.com.br"],"url":"https:\/\/jornalfatosenoticias.com.br\/index.php\/author\/luzimara\/"}]}},"cc_featured_image_caption":{"caption_text":"(Foto: bioGraphic Magazine) ","source_text":"","source_url":""},"jetpack_featured_media_url":"https:\/\/jornalfatosenoticias.com.br\/wp-content\/uploads\/2023\/05\/raposa-de-darwin.jpg","_links":{"self":[{"href":"https:\/\/jornalfatosenoticias.com.br\/index.php\/wp-json\/wp\/v2\/posts\/41608","targetHints":{"allow":["GET"]}}],"collection":[{"href":"https:\/\/jornalfatosenoticias.com.br\/index.php\/wp-json\/wp\/v2\/posts"}],"about":[{"href":"https:\/\/jornalfatosenoticias.com.br\/index.php\/wp-json\/wp\/v2\/types\/post"}],"author":[{"embeddable":true,"href":"https:\/\/jornalfatosenoticias.com.br\/index.php\/wp-json\/wp\/v2\/users\/2"}],"replies":[{"embeddable":true,"href":"https:\/\/jornalfatosenoticias.com.br\/index.php\/wp-json\/wp\/v2\/comments?post=41608"}],"version-history":[{"count":0,"href":"https:\/\/jornalfatosenoticias.com.br\/index.php\/wp-json\/wp\/v2\/posts\/41608\/revisions"}],"wp:featuredmedia":[{"embeddable":true,"href":"https:\/\/jornalfatosenoticias.com.br\/index.php\/wp-json\/wp\/v2\/media\/41609"}],"wp:attachment":[{"href":"https:\/\/jornalfatosenoticias.com.br\/index.php\/wp-json\/wp\/v2\/media?parent=41608"}],"wp:term":[{"taxonomy":"category","embeddable":true,"href":"https:\/\/jornalfatosenoticias.com.br\/index.php\/wp-json\/wp\/v2\/categories?post=41608"},{"taxonomy":"post_tag","embeddable":true,"href":"https:\/\/jornalfatosenoticias.com.br\/index.php\/wp-json\/wp\/v2\/tags?post=41608"}],"curies":[{"name":"wp","href":"https:\/\/api.w.org\/{rel}","templated":true}]}}