{"id":41621,"date":"2023-05-19T13:57:53","date_gmt":"2023-05-19T16:57:53","guid":{"rendered":"https:\/\/jornalfatosenoticias.com.br\/?p=41621"},"modified":"2023-05-19T13:58:38","modified_gmt":"2023-05-19T16:58:38","slug":"deltan-foi-alvo-de-delacao-na-lava-jato-diz-jornal","status":"publish","type":"post","link":"https:\/\/jornalfatosenoticias.com.br\/index.php\/2023\/05\/19\/deltan-foi-alvo-de-delacao-na-lava-jato-diz-jornal\/","title":{"rendered":"Ministro do TSE algoz de Deltan foi alvo de dela\u00e7\u00e3o na Lava Jato, diz jornal"},"content":{"rendered":"\n<p><span class=\"has-inline-color has-black-color\"><em>Segundo a Folha, Benedito Gon\u00e7alves virou alvo da opera\u00e7\u00e3o por suas rela\u00e7\u00f5es com L\u00e9o Pinheiro, ex-presidente da OAS<\/em><\/span><\/p>\n\n\n\n<div class=\"wp-block-image\"><figure class=\"aligncenter size-large\"><img loading=\"lazy\" decoding=\"async\" width=\"729\" height=\"90\" src=\"https:\/\/jornalfatosenoticias.com.br\/wp-content\/uploads\/2020\/02\/Logo_Mizu.png\" alt=\"\" class=\"wp-image-1441\" srcset=\"https:\/\/jornalfatosenoticias.com.br\/wp-content\/uploads\/2020\/02\/Logo_Mizu.png 729w, https:\/\/jornalfatosenoticias.com.br\/wp-content\/uploads\/2020\/02\/Logo_Mizu-300x37.png 300w\" sizes=\"auto, (max-width: 729px) 100vw, 729px\" \/><\/figure><\/div>\n\n\n\n<p>O ex-procurador Deltan Dallagnol, cujo mandato como deputado foi cassado pelo Tribunal Superior Eleitoral (TSE), citou o ministro Benedito Gon\u00e7alves como um dos respons\u00e1veis pela decis\u00e3o. Curiosamente, Benedito tem um hist\u00f3rico conturbado com a Opera\u00e7\u00e3o Lava Jato, da qual Dallagnol foi um dos principais s\u00edmbolos.<br>Benedito \u00e9 relator do processo de cassa\u00e7\u00e3o de Deltan e tamb\u00e9m atua como ministro no Superior Tribunal de Justi\u00e7a (STJ). Ele enfrentou investiga\u00e7\u00f5es relacionadas \u00e0s suas conex\u00f5es com L\u00e9o Pinheiro, ex-presidente da empreiteira OAS. <\/p>\n\n\n\n<div class=\"wp-block-image\"><figure class=\"aligncenter size-large is-resized\"><img loading=\"lazy\" decoding=\"async\" src=\"https:\/\/jornalfatosenoticias.com.br\/wp-content\/uploads\/2020\/02\/casa-do-torresmo_portal.jpg\" alt=\"\" class=\"wp-image-34472\" width=\"260\" height=\"260\" srcset=\"https:\/\/jornalfatosenoticias.com.br\/wp-content\/uploads\/2020\/02\/casa-do-torresmo_portal.jpg 300w, https:\/\/jornalfatosenoticias.com.br\/wp-content\/uploads\/2020\/02\/casa-do-torresmo_portal-150x150.jpg 150w\" sizes=\"auto, (max-width: 260px) 100vw, 260px\" \/><\/figure><\/div>\n\n\n\n<p>Informa\u00e7\u00f5es obtidas pela <em>Folha de S.Paulo,<\/em> em reportagem publicada nesta sexta-feira (19), mostram que, em 2019, antes da homologa\u00e7\u00e3o da dela\u00e7\u00e3o de L\u00e9o Pinheiro, houve uma investiga\u00e7\u00e3o sobre o ministro, mas a ent\u00e3o procuradora-geral da Rep\u00fablica, Raquel Dodge, solicitou o arquivamento do caso por prescri\u00e7\u00e3o e extin\u00e7\u00e3o da punibilidade.<\/p>\n\n\n\n<div class=\"wp-block-image\"><figure class=\"aligncenter size-large is-resized\"><img loading=\"lazy\" decoding=\"async\" src=\"https:\/\/jornalfatosenoticias.com.br\/wp-content\/uploads\/2022\/07\/Logo-Grupo-SEI.jpg\" alt=\"\" class=\"wp-image-31973\" width=\"349\" height=\"183\" srcset=\"https:\/\/jornalfatosenoticias.com.br\/wp-content\/uploads\/2022\/07\/Logo-Grupo-SEI.jpg 713w, https:\/\/jornalfatosenoticias.com.br\/wp-content\/uploads\/2022\/07\/Logo-Grupo-SEI-300x158.jpg 300w\" sizes=\"auto, (max-width: 349px) 100vw, 349px\" \/><\/figure><\/div>\n\n\n\n<p>Em 2015, Benedito tamb\u00e9m foi alvo de um pedido de provid\u00eancias no Conselho Nacional de Justi\u00e7a (CNJ), mas o caso foi arquivado no ano seguinte. Outras men\u00e7\u00f5es a membros de tribunais superiores e ao irm\u00e3o do ministro do STF Dias Toffoli tamb\u00e9m foram arquivadas por decis\u00e3o do ministro Edson Fachin, a pedido de Dodge. Nesses casos, n\u00e3o foram abertos inqu\u00e9ritos.<\/p>\n\n\n\n<div class=\"wp-block-image\"><figure class=\"aligncenter size-large is-resized\"><img loading=\"lazy\" decoding=\"async\" src=\"https:\/\/jornalfatosenoticias.com.br\/wp-content\/uploads\/2022\/02\/FERRARI_MAQUINAS-E-FERRAMENTAS2.jpg\" alt=\"\" class=\"wp-image-27860\" width=\"278\" height=\"232\"\/><\/figure><\/div>\n\n\n\n<blockquote class=\"wp-block-quote is-layout-flow wp-block-quote-is-layout-flow\"><p><span class=\"has-inline-color has-luminous-vivid-orange-color\">A <em>Folha<\/em> tentou contatar Benedito Gon\u00e7alves por meio das assessorias do STJ e do TSE desde quarta-feira (17), mas n\u00e3o obteve resposta.<\/span><\/p><\/blockquote>\n\n\n\n<div class=\"wp-block-image\"><figure class=\"aligncenter size-large is-resized\"><img loading=\"lazy\" decoding=\"async\" src=\"https:\/\/jornalfatosenoticias.com.br\/wp-content\/uploads\/2022\/02\/Precisao-Contabilidade-1024x724.jpg\" alt=\"\" class=\"wp-image-28088\" width=\"291\" height=\"206\"\/><\/figure><\/div>\n\n\n\n<p>Segundo o jornal, a dela\u00e7\u00e3o de L\u00e9o Pinheiro diz que o empres\u00e1rio conheceu o ministro em 2013 e teve reuni\u00f5es com ele para tratar de disputas judiciais envolvendo a construtora no STJ. \u00c9 dito tamb\u00e9m que, at\u00e9 o in\u00edcio de 2014, Benedito proferiu decis\u00f5es favor\u00e1veis em duas causas da empresa.<br>L\u00e9o Pinheiro relatou que Benedito solicitou apoio para sua indica\u00e7\u00e3o ao STF, que estava com uma vaga em aberto na \u00e9poca.<\/p>\n\n\n\n<div class=\"wp-block-image\"><figure class=\"aligncenter size-large\"><img loading=\"lazy\" decoding=\"async\" width=\"300\" height=\"250\" src=\"https:\/\/jornalfatosenoticias.com.br\/wp-content\/uploads\/2022\/08\/arte-Casarao.jpg\" alt=\"\" class=\"wp-image-33178\"\/><\/figure><\/div>\n\n\n\n<blockquote class=\"wp-block-quote is-layout-flow wp-block-quote-is-layout-flow\"><p><span class=\"has-inline-color has-luminous-vivid-orange-color\">O empres\u00e1rio afirmou: \u201cNa \u00e9poca, o ministro buscava angariar apoio no meio empresarial para a sua candidatura ao STF e, durante os nossos encontros, trocamos algumas impress\u00f5es sobre os caminhos que ele deveria seguir na sua candidatura\u201d.<\/span><\/p><\/blockquote>\n\n\n\n<div class=\"wp-block-image\"><figure class=\"aligncenter size-large is-resized\"><img loading=\"lazy\" decoding=\"async\" src=\"https:\/\/jornalfatosenoticias.com.br\/wp-content\/uploads\/2022\/10\/RC_800x750_page-0001.jpg\" alt=\"\" class=\"wp-image-35338\" width=\"273\" height=\"256\" srcset=\"https:\/\/jornalfatosenoticias.com.br\/wp-content\/uploads\/2022\/10\/RC_800x750_page-0001.jpg 400w, https:\/\/jornalfatosenoticias.com.br\/wp-content\/uploads\/2022\/10\/RC_800x750_page-0001-300x281.jpg 300w\" sizes=\"auto, (max-width: 273px) 100vw, 273px\" \/><\/figure><\/div>\n\n\n\n<p>Conforme as mensagens apresentadas, Benedito Gon\u00e7alves pediu empenho e dedica\u00e7\u00e3o de L\u00e9o Pinheiro em seu \u201cprojeto\u201d e tamb\u00e9m solicitou que ele conversasse com pol\u00edticos com os quais tinha rela\u00e7\u00e3o.<br>Em seu relato, o empreiteiro mencionou que, em 2014, a OAS contratou o cart\u00f3rio onde um filho do ministro trabalhava no Rio de Janeiro para servi\u00e7os de autentica\u00e7\u00e3o e reconhecimento de firma, com pagamentos mensais entre R$ 5.000 e R$ 7.000.<\/p>\n\n\n\n<div class=\"wp-block-image\"><figure class=\"aligncenter size-large is-resized\"><img loading=\"lazy\" decoding=\"async\" src=\"https:\/\/jornalfatosenoticias.com.br\/wp-content\/uploads\/2023\/03\/nova-logo-Marquetti.jpg\" alt=\"\" class=\"wp-image-40207\" width=\"320\" height=\"215\" srcset=\"https:\/\/jornalfatosenoticias.com.br\/wp-content\/uploads\/2023\/03\/nova-logo-Marquetti.jpg 643w, https:\/\/jornalfatosenoticias.com.br\/wp-content\/uploads\/2023\/03\/nova-logo-Marquetti-300x202.jpg 300w\" sizes=\"auto, (max-width: 320px) 100vw, 320px\" \/><\/figure><\/div>\n\n\n\n<p>Em 2019, o site <em>The Intercept Brasil <\/em>divulgou mensagens e arquivos obtidos no aplicativo Telegram, nos quais constava a proposta de dela\u00e7\u00e3o que inclu\u00eda o relato sobre o ministro do TSE. Essa dela\u00e7\u00e3o foi compartilhada entre procuradores do Minist\u00e9rio P\u00fablico Federal que atuavam na Opera\u00e7\u00e3o Lava Jato.<br>Segundo o relato do delator, o ministro teria solicitado que atendesse sua esposa, que \u00e9 advogada e estava interessada em oferecer servi\u00e7os profissionais para a construtora. No entanto, essa contrata\u00e7\u00e3o n\u00e3o se concretizou. Al\u00e9m disso, o delator mencionou que houve um pedido de ingressos para a final da Copa do Mundo de 2014, o qual n\u00e3o foi atendido.<\/p>\n\n\n\n<div class=\"wp-block-image\"><figure class=\"aligncenter size-large is-resized\"><img loading=\"lazy\" decoding=\"async\" src=\"https:\/\/jornalfatosenoticias.com.br\/wp-content\/uploads\/2022\/02\/Banner-2.png\" alt=\"\" class=\"wp-image-27877\" width=\"247\" height=\"206\"\/><\/figure><\/div>\n\n\n\n<p><strong><em>Fonte: <a href=\"https:\/\/www.conexaopolitica.com.br\/judiciario\/2023\/05\/19\/ministro-do-tse-algoz-de-deltan-foi-alvo-de-delacao-na-lava-jato-diz-jornal\/\">Conex\u00e3o Pol\u00edtica<\/a><\/em><\/strong><\/p>\n","protected":false},"excerpt":{"rendered":"<p>Segundo a Folha, Benedito Gon\u00e7alves virou alvo da opera\u00e7\u00e3o por suas rela\u00e7\u00f5es com L\u00e9o Pinheiro, ex-presidente da OAS O ex-procurador Deltan Dallagnol, cujo mandato como deputado foi cassado pelo Tribunal Superior Eleitoral (TSE), citou o ministro Benedito Gon\u00e7alves como um dos respons\u00e1veis pela decis\u00e3o. Curiosamente, Benedito tem um hist\u00f3rico conturbado com a Opera\u00e7\u00e3o Lava Jato, [&hellip;]<\/p>\n","protected":false},"author":2,"featured_media":41622,"comment_status":"open","ping_status":"open","sticky":false,"template":"","format":"standard","meta":{"footnotes":""},"categories":[10],"tags":[19577,19511,19578,19579,19580,1514],"class_list":["post-41621","post","type-post","status-publish","format-standard","has-post-thumbnail","hentry","category-politica","tag-benedito-goncalves","tag-deltan-dallagnol","tag-empreiteira","tag-leo-pinheiro","tag-oas","tag-tse"],"yoast_head":"<!-- This site is optimized with the Yoast SEO plugin v26.5 - https:\/\/yoast.com\/wordpress\/plugins\/seo\/ -->\n<title>Ministro do TSE algoz de Deltan foi alvo de dela\u00e7\u00e3o na Lava Jato, diz jornal - Jornal Fatos e Not\u00edcias<\/title>\n<meta name=\"robots\" content=\"index, follow, max-snippet:-1, max-image-preview:large, max-video-preview:-1\" \/>\n<link rel=\"canonical\" href=\"https:\/\/jornalfatosenoticias.com.br\/index.php\/2023\/05\/19\/deltan-foi-alvo-de-delacao-na-lava-jato-diz-jornal\/\" \/>\n<meta property=\"og:locale\" content=\"pt_BR\" \/>\n<meta property=\"og:type\" content=\"article\" \/>\n<meta property=\"og:title\" content=\"Ministro do TSE algoz de Deltan foi alvo de dela\u00e7\u00e3o na Lava Jato, diz jornal - Jornal Fatos e Not\u00edcias\" \/>\n<meta property=\"og:description\" content=\"Segundo a Folha, Benedito Gon\u00e7alves virou alvo da opera\u00e7\u00e3o por suas rela\u00e7\u00f5es com L\u00e9o Pinheiro, ex-presidente da OAS O ex-procurador Deltan Dallagnol, cujo mandato como deputado foi cassado pelo Tribunal Superior Eleitoral (TSE), citou o ministro Benedito Gon\u00e7alves como um dos respons\u00e1veis pela decis\u00e3o. Curiosamente, Benedito tem um hist\u00f3rico conturbado com a Opera\u00e7\u00e3o Lava Jato, [&hellip;]\" \/>\n<meta property=\"og:url\" content=\"https:\/\/jornalfatosenoticias.com.br\/index.php\/2023\/05\/19\/deltan-foi-alvo-de-delacao-na-lava-jato-diz-jornal\/\" \/>\n<meta property=\"og:site_name\" content=\"Jornal Fatos e Not\u00edcias\" \/>\n<meta property=\"article:published_time\" content=\"2023-05-19T16:57:53+00:00\" \/>\n<meta property=\"article:modified_time\" content=\"2023-05-19T16:58:38+00:00\" \/>\n<meta property=\"og:image\" content=\"https:\/\/jornalfatosenoticias.com.br\/wp-content\/uploads\/2023\/05\/b4ndid0s.jpg\" \/>\n\t<meta property=\"og:image:width\" content=\"1000\" \/>\n\t<meta property=\"og:image:height\" content=\"500\" \/>\n\t<meta property=\"og:image:type\" content=\"image\/jpeg\" \/>\n<meta name=\"author\" content=\"Luzimara Fernandes\" \/>\n<meta name=\"twitter:card\" content=\"summary_large_image\" \/>\n<meta name=\"twitter:label1\" content=\"Escrito por\" \/>\n\t<meta name=\"twitter:data1\" content=\"Luzimara Fernandes\" \/>\n\t<meta name=\"twitter:label2\" content=\"Est. tempo de leitura\" \/>\n\t<meta name=\"twitter:data2\" content=\"3 minutos\" \/>\n<script type=\"application\/ld+json\" class=\"yoast-schema-graph\">{\"@context\":\"https:\/\/schema.org\",\"@graph\":[{\"@type\":\"Article\",\"@id\":\"https:\/\/jornalfatosenoticias.com.br\/index.php\/2023\/05\/19\/deltan-foi-alvo-de-delacao-na-lava-jato-diz-jornal\/#article\",\"isPartOf\":{\"@id\":\"https:\/\/jornalfatosenoticias.com.br\/index.php\/2023\/05\/19\/deltan-foi-alvo-de-delacao-na-lava-jato-diz-jornal\/\"},\"author\":{\"name\":\"Luzimara Fernandes\",\"@id\":\"https:\/\/jornalfatosenoticias.com.br\/#\/schema\/person\/d63837fa13ac8666eb9e74e0985d6f81\"},\"headline\":\"Ministro do TSE algoz de Deltan foi alvo de dela\u00e7\u00e3o na Lava Jato, diz jornal\",\"datePublished\":\"2023-05-19T16:57:53+00:00\",\"dateModified\":\"2023-05-19T16:58:38+00:00\",\"mainEntityOfPage\":{\"@id\":\"https:\/\/jornalfatosenoticias.com.br\/index.php\/2023\/05\/19\/deltan-foi-alvo-de-delacao-na-lava-jato-diz-jornal\/\"},\"wordCount\":587,\"commentCount\":0,\"publisher\":{\"@id\":\"https:\/\/jornalfatosenoticias.com.br\/#organization\"},\"image\":{\"@id\":\"https:\/\/jornalfatosenoticias.com.br\/index.php\/2023\/05\/19\/deltan-foi-alvo-de-delacao-na-lava-jato-diz-jornal\/#primaryimage\"},\"thumbnailUrl\":\"https:\/\/jornalfatosenoticias.com.br\/wp-content\/uploads\/2023\/05\/b4ndid0s.jpg\",\"keywords\":[\"Benedito Gon\u00e7alves\",\"Deltan Dallagnol\",\"empreiteira\",\"L\u00e9o Pinheiro\",\"OAS\",\"TSE\"],\"articleSection\":[\"Pol\u00edtica\"],\"inLanguage\":\"pt-BR\",\"potentialAction\":[{\"@type\":\"CommentAction\",\"name\":\"Comment\",\"target\":[\"https:\/\/jornalfatosenoticias.com.br\/index.php\/2023\/05\/19\/deltan-foi-alvo-de-delacao-na-lava-jato-diz-jornal\/#respond\"]}]},{\"@type\":\"WebPage\",\"@id\":\"https:\/\/jornalfatosenoticias.com.br\/index.php\/2023\/05\/19\/deltan-foi-alvo-de-delacao-na-lava-jato-diz-jornal\/\",\"url\":\"https:\/\/jornalfatosenoticias.com.br\/index.php\/2023\/05\/19\/deltan-foi-alvo-de-delacao-na-lava-jato-diz-jornal\/\",\"name\":\"Ministro do TSE algoz de Deltan foi alvo de dela\u00e7\u00e3o na Lava Jato, diz jornal - Jornal Fatos e Not\u00edcias\",\"isPartOf\":{\"@id\":\"https:\/\/jornalfatosenoticias.com.br\/#website\"},\"primaryImageOfPage\":{\"@id\":\"https:\/\/jornalfatosenoticias.com.br\/index.php\/2023\/05\/19\/deltan-foi-alvo-de-delacao-na-lava-jato-diz-jornal\/#primaryimage\"},\"image\":{\"@id\":\"https:\/\/jornalfatosenoticias.com.br\/index.php\/2023\/05\/19\/deltan-foi-alvo-de-delacao-na-lava-jato-diz-jornal\/#primaryimage\"},\"thumbnailUrl\":\"https:\/\/jornalfatosenoticias.com.br\/wp-content\/uploads\/2023\/05\/b4ndid0s.jpg\",\"datePublished\":\"2023-05-19T16:57:53+00:00\",\"dateModified\":\"2023-05-19T16:58:38+00:00\",\"breadcrumb\":{\"@id\":\"https:\/\/jornalfatosenoticias.com.br\/index.php\/2023\/05\/19\/deltan-foi-alvo-de-delacao-na-lava-jato-diz-jornal\/#breadcrumb\"},\"inLanguage\":\"pt-BR\",\"potentialAction\":[{\"@type\":\"ReadAction\",\"target\":[\"https:\/\/jornalfatosenoticias.com.br\/index.php\/2023\/05\/19\/deltan-foi-alvo-de-delacao-na-lava-jato-diz-jornal\/\"]}]},{\"@type\":\"ImageObject\",\"inLanguage\":\"pt-BR\",\"@id\":\"https:\/\/jornalfatosenoticias.com.br\/index.php\/2023\/05\/19\/deltan-foi-alvo-de-delacao-na-lava-jato-diz-jornal\/#primaryimage\",\"url\":\"https:\/\/jornalfatosenoticias.com.br\/wp-content\/uploads\/2023\/05\/b4ndid0s.jpg\",\"contentUrl\":\"https:\/\/jornalfatosenoticias.com.br\/wp-content\/uploads\/2023\/05\/b4ndid0s.jpg\",\"width\":1000,\"height\":500},{\"@type\":\"BreadcrumbList\",\"@id\":\"https:\/\/jornalfatosenoticias.com.br\/index.php\/2023\/05\/19\/deltan-foi-alvo-de-delacao-na-lava-jato-diz-jornal\/#breadcrumb\",\"itemListElement\":[{\"@type\":\"ListItem\",\"position\":1,\"name\":\"In\u00edcio\",\"item\":\"https:\/\/jornalfatosenoticias.com.br\/\"},{\"@type\":\"ListItem\",\"position\":2,\"name\":\"Ministro do TSE algoz de Deltan foi alvo de dela\u00e7\u00e3o na Lava Jato, diz jornal\"}]},{\"@type\":\"WebSite\",\"@id\":\"https:\/\/jornalfatosenoticias.com.br\/#website\",\"url\":\"https:\/\/jornalfatosenoticias.com.br\/\",\"name\":\"Jornal Fatos e Not\u00edcias\",\"description\":\"Not\u00edcias em geral\",\"publisher\":{\"@id\":\"https:\/\/jornalfatosenoticias.com.br\/#organization\"},\"potentialAction\":[{\"@type\":\"SearchAction\",\"target\":{\"@type\":\"EntryPoint\",\"urlTemplate\":\"https:\/\/jornalfatosenoticias.com.br\/?s={search_term_string}\"},\"query-input\":{\"@type\":\"PropertyValueSpecification\",\"valueRequired\":true,\"valueName\":\"search_term_string\"}}],\"inLanguage\":\"pt-BR\"},{\"@type\":\"Organization\",\"@id\":\"https:\/\/jornalfatosenoticias.com.br\/#organization\",\"name\":\"Jornal Fatos e Not\u00edcias\",\"url\":\"https:\/\/jornalfatosenoticias.com.br\/\",\"logo\":{\"@type\":\"ImageObject\",\"inLanguage\":\"pt-BR\",\"@id\":\"https:\/\/jornalfatosenoticias.com.br\/#\/schema\/logo\/image\/\",\"url\":\"https:\/\/jornalfatosenoticias.com.br\/wp-content\/uploads\/2020\/02\/logo120.png\",\"contentUrl\":\"https:\/\/jornalfatosenoticias.com.br\/wp-content\/uploads\/2020\/02\/logo120.png\",\"width\":1227,\"height\":120,\"caption\":\"Jornal Fatos e Not\u00edcias\"},\"image\":{\"@id\":\"https:\/\/jornalfatosenoticias.com.br\/#\/schema\/logo\/image\/\"}},{\"@type\":\"Person\",\"@id\":\"https:\/\/jornalfatosenoticias.com.br\/#\/schema\/person\/d63837fa13ac8666eb9e74e0985d6f81\",\"name\":\"Luzimara Fernandes\",\"image\":{\"@type\":\"ImageObject\",\"inLanguage\":\"pt-BR\",\"@id\":\"https:\/\/jornalfatosenoticias.com.br\/#\/schema\/person\/image\/\",\"url\":\"https:\/\/jornalfatosenoticias.com.br\/wp-content\/uploads\/2025\/05\/EU_portal.jpg\",\"contentUrl\":\"https:\/\/jornalfatosenoticias.com.br\/wp-content\/uploads\/2025\/05\/EU_portal.jpg\",\"caption\":\"Luzimara Fernandes\"},\"description\":\"Jornalista MTB 2358-ES\",\"sameAs\":[\"https:\/\/jornalfatosenoticias.com.br\"],\"url\":\"https:\/\/jornalfatosenoticias.com.br\/index.php\/author\/luzimara\/\"}]}<\/script>\n<!-- \/ Yoast SEO plugin. -->","yoast_head_json":{"title":"Ministro do TSE algoz de Deltan foi alvo de dela\u00e7\u00e3o na Lava Jato, diz jornal - Jornal Fatos e Not\u00edcias","robots":{"index":"index","follow":"follow","max-snippet":"max-snippet:-1","max-image-preview":"max-image-preview:large","max-video-preview":"max-video-preview:-1"},"canonical":"https:\/\/jornalfatosenoticias.com.br\/index.php\/2023\/05\/19\/deltan-foi-alvo-de-delacao-na-lava-jato-diz-jornal\/","og_locale":"pt_BR","og_type":"article","og_title":"Ministro do TSE algoz de Deltan foi alvo de dela\u00e7\u00e3o na Lava Jato, diz jornal - Jornal Fatos e Not\u00edcias","og_description":"Segundo a Folha, Benedito Gon\u00e7alves virou alvo da opera\u00e7\u00e3o por suas rela\u00e7\u00f5es com L\u00e9o Pinheiro, ex-presidente da OAS O ex-procurador Deltan Dallagnol, cujo mandato como deputado foi cassado pelo Tribunal Superior Eleitoral (TSE), citou o ministro Benedito Gon\u00e7alves como um dos respons\u00e1veis pela decis\u00e3o. Curiosamente, Benedito tem um hist\u00f3rico conturbado com a Opera\u00e7\u00e3o Lava Jato, [&hellip;]","og_url":"https:\/\/jornalfatosenoticias.com.br\/index.php\/2023\/05\/19\/deltan-foi-alvo-de-delacao-na-lava-jato-diz-jornal\/","og_site_name":"Jornal Fatos e Not\u00edcias","article_published_time":"2023-05-19T16:57:53+00:00","article_modified_time":"2023-05-19T16:58:38+00:00","og_image":[{"width":1000,"height":500,"url":"https:\/\/jornalfatosenoticias.com.br\/wp-content\/uploads\/2023\/05\/b4ndid0s.jpg","type":"image\/jpeg"}],"author":"Luzimara Fernandes","twitter_card":"summary_large_image","twitter_misc":{"Escrito por":"Luzimara Fernandes","Est. tempo de leitura":"3 minutos"},"schema":{"@context":"https:\/\/schema.org","@graph":[{"@type":"Article","@id":"https:\/\/jornalfatosenoticias.com.br\/index.php\/2023\/05\/19\/deltan-foi-alvo-de-delacao-na-lava-jato-diz-jornal\/#article","isPartOf":{"@id":"https:\/\/jornalfatosenoticias.com.br\/index.php\/2023\/05\/19\/deltan-foi-alvo-de-delacao-na-lava-jato-diz-jornal\/"},"author":{"name":"Luzimara Fernandes","@id":"https:\/\/jornalfatosenoticias.com.br\/#\/schema\/person\/d63837fa13ac8666eb9e74e0985d6f81"},"headline":"Ministro do TSE algoz de Deltan foi alvo de dela\u00e7\u00e3o na Lava Jato, diz jornal","datePublished":"2023-05-19T16:57:53+00:00","dateModified":"2023-05-19T16:58:38+00:00","mainEntityOfPage":{"@id":"https:\/\/jornalfatosenoticias.com.br\/index.php\/2023\/05\/19\/deltan-foi-alvo-de-delacao-na-lava-jato-diz-jornal\/"},"wordCount":587,"commentCount":0,"publisher":{"@id":"https:\/\/jornalfatosenoticias.com.br\/#organization"},"image":{"@id":"https:\/\/jornalfatosenoticias.com.br\/index.php\/2023\/05\/19\/deltan-foi-alvo-de-delacao-na-lava-jato-diz-jornal\/#primaryimage"},"thumbnailUrl":"https:\/\/jornalfatosenoticias.com.br\/wp-content\/uploads\/2023\/05\/b4ndid0s.jpg","keywords":["Benedito Gon\u00e7alves","Deltan Dallagnol","empreiteira","L\u00e9o Pinheiro","OAS","TSE"],"articleSection":["Pol\u00edtica"],"inLanguage":"pt-BR","potentialAction":[{"@type":"CommentAction","name":"Comment","target":["https:\/\/jornalfatosenoticias.com.br\/index.php\/2023\/05\/19\/deltan-foi-alvo-de-delacao-na-lava-jato-diz-jornal\/#respond"]}]},{"@type":"WebPage","@id":"https:\/\/jornalfatosenoticias.com.br\/index.php\/2023\/05\/19\/deltan-foi-alvo-de-delacao-na-lava-jato-diz-jornal\/","url":"https:\/\/jornalfatosenoticias.com.br\/index.php\/2023\/05\/19\/deltan-foi-alvo-de-delacao-na-lava-jato-diz-jornal\/","name":"Ministro do TSE algoz de Deltan foi alvo de dela\u00e7\u00e3o na Lava Jato, diz jornal - Jornal Fatos e Not\u00edcias","isPartOf":{"@id":"https:\/\/jornalfatosenoticias.com.br\/#website"},"primaryImageOfPage":{"@id":"https:\/\/jornalfatosenoticias.com.br\/index.php\/2023\/05\/19\/deltan-foi-alvo-de-delacao-na-lava-jato-diz-jornal\/#primaryimage"},"image":{"@id":"https:\/\/jornalfatosenoticias.com.br\/index.php\/2023\/05\/19\/deltan-foi-alvo-de-delacao-na-lava-jato-diz-jornal\/#primaryimage"},"thumbnailUrl":"https:\/\/jornalfatosenoticias.com.br\/wp-content\/uploads\/2023\/05\/b4ndid0s.jpg","datePublished":"2023-05-19T16:57:53+00:00","dateModified":"2023-05-19T16:58:38+00:00","breadcrumb":{"@id":"https:\/\/jornalfatosenoticias.com.br\/index.php\/2023\/05\/19\/deltan-foi-alvo-de-delacao-na-lava-jato-diz-jornal\/#breadcrumb"},"inLanguage":"pt-BR","potentialAction":[{"@type":"ReadAction","target":["https:\/\/jornalfatosenoticias.com.br\/index.php\/2023\/05\/19\/deltan-foi-alvo-de-delacao-na-lava-jato-diz-jornal\/"]}]},{"@type":"ImageObject","inLanguage":"pt-BR","@id":"https:\/\/jornalfatosenoticias.com.br\/index.php\/2023\/05\/19\/deltan-foi-alvo-de-delacao-na-lava-jato-diz-jornal\/#primaryimage","url":"https:\/\/jornalfatosenoticias.com.br\/wp-content\/uploads\/2023\/05\/b4ndid0s.jpg","contentUrl":"https:\/\/jornalfatosenoticias.com.br\/wp-content\/uploads\/2023\/05\/b4ndid0s.jpg","width":1000,"height":500},{"@type":"BreadcrumbList","@id":"https:\/\/jornalfatosenoticias.com.br\/index.php\/2023\/05\/19\/deltan-foi-alvo-de-delacao-na-lava-jato-diz-jornal\/#breadcrumb","itemListElement":[{"@type":"ListItem","position":1,"name":"In\u00edcio","item":"https:\/\/jornalfatosenoticias.com.br\/"},{"@type":"ListItem","position":2,"name":"Ministro do TSE algoz de Deltan foi alvo de dela\u00e7\u00e3o na Lava Jato, diz jornal"}]},{"@type":"WebSite","@id":"https:\/\/jornalfatosenoticias.com.br\/#website","url":"https:\/\/jornalfatosenoticias.com.br\/","name":"Jornal Fatos e Not\u00edcias","description":"Not\u00edcias em geral","publisher":{"@id":"https:\/\/jornalfatosenoticias.com.br\/#organization"},"potentialAction":[{"@type":"SearchAction","target":{"@type":"EntryPoint","urlTemplate":"https:\/\/jornalfatosenoticias.com.br\/?s={search_term_string}"},"query-input":{"@type":"PropertyValueSpecification","valueRequired":true,"valueName":"search_term_string"}}],"inLanguage":"pt-BR"},{"@type":"Organization","@id":"https:\/\/jornalfatosenoticias.com.br\/#organization","name":"Jornal Fatos e Not\u00edcias","url":"https:\/\/jornalfatosenoticias.com.br\/","logo":{"@type":"ImageObject","inLanguage":"pt-BR","@id":"https:\/\/jornalfatosenoticias.com.br\/#\/schema\/logo\/image\/","url":"https:\/\/jornalfatosenoticias.com.br\/wp-content\/uploads\/2020\/02\/logo120.png","contentUrl":"https:\/\/jornalfatosenoticias.com.br\/wp-content\/uploads\/2020\/02\/logo120.png","width":1227,"height":120,"caption":"Jornal Fatos e Not\u00edcias"},"image":{"@id":"https:\/\/jornalfatosenoticias.com.br\/#\/schema\/logo\/image\/"}},{"@type":"Person","@id":"https:\/\/jornalfatosenoticias.com.br\/#\/schema\/person\/d63837fa13ac8666eb9e74e0985d6f81","name":"Luzimara Fernandes","image":{"@type":"ImageObject","inLanguage":"pt-BR","@id":"https:\/\/jornalfatosenoticias.com.br\/#\/schema\/person\/image\/","url":"https:\/\/jornalfatosenoticias.com.br\/wp-content\/uploads\/2025\/05\/EU_portal.jpg","contentUrl":"https:\/\/jornalfatosenoticias.com.br\/wp-content\/uploads\/2025\/05\/EU_portal.jpg","caption":"Luzimara Fernandes"},"description":"Jornalista MTB 2358-ES","sameAs":["https:\/\/jornalfatosenoticias.com.br"],"url":"https:\/\/jornalfatosenoticias.com.br\/index.php\/author\/luzimara\/"}]}},"cc_featured_image_caption":{"caption_text":"(Foto: Alejandro Zambrana\/Secom\/TSE) ","source_text":"","source_url":""},"jetpack_featured_media_url":"https:\/\/jornalfatosenoticias.com.br\/wp-content\/uploads\/2023\/05\/b4ndid0s.jpg","_links":{"self":[{"href":"https:\/\/jornalfatosenoticias.com.br\/index.php\/wp-json\/wp\/v2\/posts\/41621","targetHints":{"allow":["GET"]}}],"collection":[{"href":"https:\/\/jornalfatosenoticias.com.br\/index.php\/wp-json\/wp\/v2\/posts"}],"about":[{"href":"https:\/\/jornalfatosenoticias.com.br\/index.php\/wp-json\/wp\/v2\/types\/post"}],"author":[{"embeddable":true,"href":"https:\/\/jornalfatosenoticias.com.br\/index.php\/wp-json\/wp\/v2\/users\/2"}],"replies":[{"embeddable":true,"href":"https:\/\/jornalfatosenoticias.com.br\/index.php\/wp-json\/wp\/v2\/comments?post=41621"}],"version-history":[{"count":0,"href":"https:\/\/jornalfatosenoticias.com.br\/index.php\/wp-json\/wp\/v2\/posts\/41621\/revisions"}],"wp:featuredmedia":[{"embeddable":true,"href":"https:\/\/jornalfatosenoticias.com.br\/index.php\/wp-json\/wp\/v2\/media\/41622"}],"wp:attachment":[{"href":"https:\/\/jornalfatosenoticias.com.br\/index.php\/wp-json\/wp\/v2\/media?parent=41621"}],"wp:term":[{"taxonomy":"category","embeddable":true,"href":"https:\/\/jornalfatosenoticias.com.br\/index.php\/wp-json\/wp\/v2\/categories?post=41621"},{"taxonomy":"post_tag","embeddable":true,"href":"https:\/\/jornalfatosenoticias.com.br\/index.php\/wp-json\/wp\/v2\/tags?post=41621"}],"curies":[{"name":"wp","href":"https:\/\/api.w.org\/{rel}","templated":true}]}}