{"id":41642,"date":"2023-05-22T09:50:45","date_gmt":"2023-05-22T12:50:45","guid":{"rendered":"https:\/\/jornalfatosenoticias.com.br\/?p=41642"},"modified":"2023-05-22T09:50:48","modified_gmt":"2023-05-22T12:50:48","slug":"trilha-de-a-pequena-sereia-e-liberada-porque-a-cancao-original-ficou-fora","status":"publish","type":"post","link":"https:\/\/jornalfatosenoticias.com.br\/index.php\/2023\/05\/22\/trilha-de-a-pequena-sereia-e-liberada-porque-a-cancao-original-ficou-fora\/","title":{"rendered":"Trilha de \u201cA Pequena Sereia\u201d \u00e9 liberada; porque a can\u00e7\u00e3o original ficou fora?"},"content":{"rendered":"\n<p><em><span class=\"has-inline-color has-black-color\">\u201cA Pequena Sereia\u201d tem estreia prevista para o pr\u00f3ximo dia 25<\/span><\/em><\/p>\n\n\n\n<p><span class=\"has-inline-color has-black-color\"><em>por <strong>Rayane Moura<\/strong><\/em><\/span><\/p>\n\n\n\n<div class=\"wp-block-image\"><figure class=\"aligncenter size-large\"><img loading=\"lazy\" decoding=\"async\" width=\"1024\" height=\"111\" src=\"https:\/\/jornalfatosenoticias.com.br\/wp-content\/uploads\/2020\/02\/WhatsApp-Image-2022-09-23-at-12.09.18-1024x111.jpeg\" alt=\"\" class=\"wp-image-34527\" srcset=\"https:\/\/jornalfatosenoticias.com.br\/wp-content\/uploads\/2020\/02\/WhatsApp-Image-2022-09-23-at-12.09.18-1024x111.jpeg 1024w, https:\/\/jornalfatosenoticias.com.br\/wp-content\/uploads\/2020\/02\/WhatsApp-Image-2022-09-23-at-12.09.18-300x32.jpeg 300w, https:\/\/jornalfatosenoticias.com.br\/wp-content\/uploads\/2020\/02\/WhatsApp-Image-2022-09-23-at-12.09.18-768x83.jpeg 768w, https:\/\/jornalfatosenoticias.com.br\/wp-content\/uploads\/2020\/02\/WhatsApp-Image-2022-09-23-at-12.09.18.jpeg 1121w\" sizes=\"auto, (max-width: 1024px) 100vw, 1024px\" \/><\/figure><\/div>\n\n\n\n<p>Contagem <a href=\"https:\/\/gizmodo.uol.com.br\/como-comprar-ingressos-para-o-novo-live-action-de-a-pequena-sereia\/\">regressiva para a chegada<\/a> de \u201cA Pequena Sereia\u201d \u00e0s telonas. O novo live-action, inspirado no cl\u00e1ssico musical de anima\u00e7\u00e3o da Disney, estreia <a href=\"https:\/\/gizmodo.uol.com.br\/tudo-o-que-sabemos-sobre-a-pequena-de-sereia-com-halle-bailey\/\">dia 25 de maio nos cinemas de todo o Pa\u00eds<\/a>. E, para fazer aquele esquenta de respeito, o est\u00fadio liberou na \u00faltima sexta-feira (19), a trilha sonora completa do remake.<br>Anteriormente, na <a href=\"https:\/\/gizmodo.uol.com.br\/a-pequena-sereia-live-action-nao-se-passa-no-mesmo-lugar-da-animacao\/\">anima\u00e7\u00e3o de 1989<\/a>, as m\u00fasicas foram produzidas pelo vencedor do Oscar Alan Menken (\u201cAladdin\u201d), junto com Howard Ashman. Agora, o tr\u00eas vezes vencedor do Tony Award, Lin-Manuel Miranda (\u201cEm um Bairro de Nova York\u201d), se junta a Menken na coordena\u00e7\u00e3o da trilha.<\/p>\n\n\n\n<div class=\"wp-block-image\"><figure class=\"aligncenter size-large is-resized\"><img loading=\"lazy\" decoding=\"async\" src=\"https:\/\/jornalfatosenoticias.com.br\/wp-content\/uploads\/2020\/02\/casa-do-torresmo_portal.jpg\" alt=\"\" class=\"wp-image-34472\" width=\"240\" height=\"240\" srcset=\"https:\/\/jornalfatosenoticias.com.br\/wp-content\/uploads\/2020\/02\/casa-do-torresmo_portal.jpg 300w, https:\/\/jornalfatosenoticias.com.br\/wp-content\/uploads\/2020\/02\/casa-do-torresmo_portal-150x150.jpg 150w\" sizes=\"auto, (max-width: 240px) 100vw, 240px\" \/><\/figure><\/div>\n\n\n\n<p>O remake conta com faixas cl\u00e1ssicas do desenho e tamb\u00e9m com adi\u00e7\u00e3o de novas can\u00e7\u00f5es originais, cantadas nas vozes de Halle Bailey, Awkwafina, Jacob Tremblay, Daveed Diggs, Jonah Hauer-King, Melissa McCarthy, John Dagleish e Christopher Fairbank, ao lado dos instrumentais de Alan Menken.<br>A trilha sonora completa j\u00e1 est\u00e1 dispon\u00edvel nas plataformas digitais, como <a href=\"https:\/\/urldefense.com\/v3\/__https:\/open.spotify.com\/playlist\/37i9dQZF1DXbrfD7naNJCL__;!!Om87Lau1Cg!MqUXNE_caaZ2oTP3tkWMovfHBvleRhYFBzf95Fe_HY7tR1uIIYVNoucYG9M0wkXPPgPdOWusiCS9I8wpXTTDWaUWdRopSLpGlg$\">Spotify<\/a>\u00a0e\u00a0<a href=\"https:\/\/urldefense.com\/v3\/__https:\/www.youtube.com\/watch?v=G01rQKbgLM8&amp;list=PLXaH20eIS38YyOU2A0K0tbALVuxRVEkn-__;!!Om87Lau1Cg!MqUXNE_caaZ2oTP3tkWMovfHBvleRhYFBzf95Fe_HY7tR1uIIYVNoucYG9M0wkXPPgPdOWusiCS9I8wpXTTDWaUWdRp2hU8sAg$\">YouTube Music<\/a>. Ou\u00e7a:<\/p>\n\n\n\n<figure class=\"wp-block-embed-spotify wp-block-embed is-type-rich is-provider-spotify wp-embed-aspect-21-9 wp-has-aspect-ratio\"><div class=\"wp-block-embed__wrapper\">\n<iframe title=\"Spotify Embed: The Little Mermaid Official Playlist\" style=\"border-radius: 12px\" width=\"100%\" height=\"352\" frameborder=\"0\" allowfullscreen allow=\"autoplay; clipboard-write; encrypted-media; fullscreen; picture-in-picture\" loading=\"lazy\" src=\"https:\/\/open.spotify.com\/embed\/playlist\/37i9dQZF1DXbrfD7naNJCL?go=1&amp;sp_cid=a8425f7572bf64820559576f2f90f695&amp;utm_source=oembed&amp;utm_medium=desktop\"><\/iframe>\n<\/div><\/figure>\n\n\n\n<div class=\"wp-block-image\"><figure class=\"aligncenter size-large is-resized\"><img loading=\"lazy\" decoding=\"async\" src=\"https:\/\/jornalfatosenoticias.com.br\/wp-content\/uploads\/2023\/04\/Logo_MasterMind.jpg\" alt=\"\" class=\"wp-image-40974\" width=\"274\" height=\"199\"\/><\/figure><\/div>\n\n\n\n<p>As m\u00fasicas em portugu\u00eas tamb\u00e9m j\u00e1 est\u00e3o dispon\u00edveis no <a href=\"https:\/\/urldefense.com\/v3\/__https:\/open.spotify.com\/album\/4hngA2fa1b9nEZaJCEbL3F__;!!Om87Lau1Cg!MqUXNE_caaZ2oTP3tkWMovfHBvleRhYFBzf95Fe_HY7tR1uIIYVNoucYG9M0wkXPPgPdOWusiCS9I8wpXTTDWaUWdRqYV7ajBA$\">Spotify<\/a>! Laura Castro d\u00e1 voz a Ariel e Andrezza Marsei interpreta \u00darsula. Nomes como \u00cdtalo Luiz, Glauco Marques, Carlos Campanille e Yuri Chesman tamb\u00e9m est\u00e3o presentes na vers\u00e3o brasileira das can\u00e7\u00f5es. Veja:<\/p>\n\n\n\n<figure class=\"wp-block-embed-spotify wp-block-embed is-type-rich is-provider-spotify wp-embed-aspect-21-9 wp-has-aspect-ratio\"><div class=\"wp-block-embed__wrapper\">\n<iframe title=\"Spotify Embed: A Pequena Sereia (Trilha Sonora Original em Portugu\u00eas)\" style=\"border-radius: 12px\" width=\"100%\" height=\"352\" frameborder=\"0\" allowfullscreen allow=\"autoplay; clipboard-write; encrypted-media; fullscreen; picture-in-picture\" loading=\"lazy\" src=\"https:\/\/open.spotify.com\/embed\/album\/4hngA2fa1b9nEZaJCEbL3F?go=1&amp;sp_cid=a8425f7572bf64820559576f2f90f695&amp;utm_source=oembed&amp;utm_medium=desktop\"><\/iframe>\n<\/div><\/figure>\n\n\n\n<div class=\"wp-block-image\"><figure class=\"aligncenter size-large is-resized\"><img loading=\"lazy\" decoding=\"async\" src=\"https:\/\/jornalfatosenoticias.com.br\/wp-content\/uploads\/2023\/03\/nova-logo-Marquetti.jpg\" alt=\"\" class=\"wp-image-40207\" width=\"289\" height=\"194\" srcset=\"https:\/\/jornalfatosenoticias.com.br\/wp-content\/uploads\/2023\/03\/nova-logo-Marquetti.jpg 643w, https:\/\/jornalfatosenoticias.com.br\/wp-content\/uploads\/2023\/03\/nova-logo-Marquetti-300x202.jpg 300w\" sizes=\"auto, (max-width: 289px) 100vw, 289px\" \/><\/figure><\/div>\n\n\n\n<p><strong><span class=\"has-inline-color has-vivid-purple-color\">E cad\u00ea a m\u00fasica \u201cFilhas de Trit\u00e3o\u201d?<br><\/span><\/strong>Ao observar a trilha sonora de \u201cA Pequena Sereia\u201d, \u00e9 poss\u00edvel notar que falta uma m\u00fasica da anima\u00e7\u00e3o: \u201cFilhas de Trit\u00e3o\u201d. Para quem n\u00e3o lembra, no filme original as sereias come\u00e7am um musical que no final teria a apresenta\u00e7\u00e3o de Ariel. Por\u00e9m, quando o momento chega, a irm\u00e3 mais nova n\u00e3o est\u00e1 l\u00e1. O rei dos mares ent\u00e3o fica furioso pela aus\u00eancia da filha, que quer explorar o mundo dos humanos.<br>Em entrevista para a <a href=\"https:\/\/screenrant.com\/little-mermaid-remake-daughters-trition-original-song-removed\/\"><em>ComicBook<\/em><\/a>, o compositor Alan Menken explicou que a m\u00fasica foi cortada porque n\u00e3o se encaixava com a proposta da nova vers\u00e3o.<\/p>\n\n\n\n<div class=\"wp-block-image\"><figure class=\"aligncenter size-large\"><img loading=\"lazy\" decoding=\"async\" width=\"300\" height=\"250\" src=\"https:\/\/jornalfatosenoticias.com.br\/wp-content\/uploads\/2022\/08\/arte-Casarao.jpg\" alt=\"\" class=\"wp-image-33178\"\/><\/figure><\/div>\n\n\n\n<blockquote class=\"wp-block-quote is-layout-flow wp-block-quote-is-layout-flow\"><p><span class=\"has-inline-color has-luminous-vivid-orange-color\">Acho que a ideia [do corte] foi que n\u00e3o precis\u00e1vamos da m\u00fasica nesta vers\u00e3o. Definitivamente quer\u00edamos que o filme come\u00e7asse com uma sensa\u00e7\u00e3o muito mais real do oceano e de Ariel, fizemos voc\u00ea esperar at\u00e9 chegarmos a <a href=\"https:\/\/gizmodo.uol.com.br\/ariel-canta-classico-part-of-your-world-em-novo-clipe-de-a-pequena-sereia\/\">\u2018Parte do Seu Mundo\u2019<\/a>[para ter a cena musical]\u201d, conta.<\/span><\/p><\/blockquote>\n\n\n\n<div class=\"wp-block-image\"><figure class=\"aligncenter size-large\"><img decoding=\"async\" src=\"https:\/\/jornalfatosenoticias.com.br\/wp-content\/uploads\/2020\/02\/barao-das-carnes-300x164-1.jpg\" alt=\"\" class=\"wp-image-34339\"\/><\/figure><\/div>\n\n\n\n<blockquote class=\"wp-block-quote is-layout-flow wp-block-quote-is-layout-flow\"><p><span class=\"has-inline-color has-luminous-vivid-orange-color\">Foi uma \u00f3tima escolha porque constr\u00f3i poder e expectativa. Parte disso tamb\u00e9m \u00e9 saber que voc\u00ea est\u00e1 mexendo com algo que j\u00e1 \u00e9 amado pelas pessoas. Ent\u00e3o voc\u00ea quer gerar antecipa\u00e7\u00e3o e atender as expectativas\u201d, completa o compositor Alan Menken. Importante lembrar que \u201cFilhas de Trit\u00e3o\u201d n\u00e3o \u00e9 a \u00fanica m\u00fasica que enfrenta mudan\u00e7as no remake de \u201cA Pequena Sereia\u201d.<\/span><\/p><\/blockquote>\n\n\n\n<div class=\"wp-block-image\"><figure class=\"aligncenter size-large\"><img loading=\"lazy\" decoding=\"async\" width=\"1000\" height=\"600\" src=\"https:\/\/jornalfatosenoticias.com.br\/wp-content\/uploads\/2023\/05\/A-Pequena-Sereia.jpg\" alt=\"\" class=\"wp-image-41643\" srcset=\"https:\/\/jornalfatosenoticias.com.br\/wp-content\/uploads\/2023\/05\/A-Pequena-Sereia.jpg 1000w, https:\/\/jornalfatosenoticias.com.br\/wp-content\/uploads\/2023\/05\/A-Pequena-Sereia-300x180.jpg 300w, https:\/\/jornalfatosenoticias.com.br\/wp-content\/uploads\/2023\/05\/A-Pequena-Sereia-768x461.jpg 768w\" sizes=\"auto, (max-width: 1000px) 100vw, 1000px\" \/><figcaption><em><span class=\"has-inline-color has-black-color\">\u201cA Pequena Sereia\u201d tem estreia prevista para o pr\u00f3ximo dia 25 (Foto: Divulga\u00e7\u00e3o\/Disney)<\/span><\/em><\/figcaption><\/figure><\/div>\n\n\n\n<p><strong><span class=\"has-inline-color has-vivid-purple-color\">Mudan\u00e7as em mais can\u00e7\u00f5es<br><\/span><\/strong>\u201cLes Poissons\u201d, interpretada no filme de anima\u00e7\u00e3o pelo personagem Chef Louie enquanto Sebastian se v\u00ea preso na cozinha, tamb\u00e9m n\u00e3o est\u00e1 na trilha sonora. Al\u00e9m disso, houve algumas pequenas mudan\u00e7as nas letras de duas can\u00e7\u00f5es: \u201cPoor Unfortunate Souls\u201d (em portugu\u00eas, \u201cCora\u00e7\u00f5es Infelizes\u201d), cantada <a href=\"https:\/\/gizmodo.uol.com.br\/a-pequena-sereia-ursula-e-ariel-fazem-pacto-em-cena-inedita\/\">pela vil\u00e3 \u00darsula<\/a>, e \u201cKiss the Girl\u201d (em portugu\u00eas, \u201cBeije a Mo\u00e7a\u201d) cantada por Sebasti\u00e3o.<br>Dessa forma, as corre\u00e7\u00f5es foram feitas como uma maneira da Disney adaptar \u201cA Pequena Sereia\u201d para o cen\u00e1rio da m\u00eddia moderna, onde as meninas mais jovens s\u00e3o expostas a mensagens mais positivas que lhes ensinam independ\u00eancia, consentimento e amor pr\u00f3prio.<\/p>\n\n\n\n<div class=\"wp-block-image\"><figure class=\"aligncenter size-large\"><img loading=\"lazy\" decoding=\"async\" width=\"300\" height=\"222\" src=\"https:\/\/jornalfatosenoticias.com.br\/wp-content\/uploads\/2023\/03\/logo_Juliana-Graca.jpg\" alt=\"\" class=\"wp-image-39283\"\/><\/figure><\/div>\n\n\n\n<p>Por fim, vale lembrar que a anima\u00e7\u00e3o original de 1989 levou dois pr\u00eamios no Oscar por Melhor Trilha Sonora e Melhor Can\u00e7\u00e3o Original por \u201cUnder the Sea\u201d. Al\u00e9m disso, tamb\u00e9m ganhou dois Globo de Ouro pelas mesmas indica\u00e7\u00f5es, e um Grammy na categoria Melhor Can\u00e7\u00e3o Composta Para M\u00eddia Visual. Relembre o trailer do live-action:<\/p>\n\n\n\n<figure class=\"wp-block-embed-youtube aligncenter wp-block-embed is-type-video is-provider-youtube wp-embed-aspect-16-9 wp-has-aspect-ratio\"><div class=\"wp-block-embed__wrapper\">\n<iframe loading=\"lazy\" title=\"A Pequena Sereia | Trailer 2 Oficial Legendado\" width=\"660\" height=\"371\" src=\"https:\/\/www.youtube.com\/embed\/_ma8MMmx72A?start=4&#038;feature=oembed\" frameborder=\"0\" allow=\"accelerometer; autoplay; clipboard-write; encrypted-media; gyroscope; picture-in-picture; web-share\" referrerpolicy=\"strict-origin-when-cross-origin\" allowfullscreen><\/iframe>\n<\/div><\/figure>\n\n\n\n<p><strong><em>Fonte: <a href=\"https:\/\/gizmodo.uol.com.br\/trilha-de-a-pequena-sereia-e-liberada-porque-a-cancao-original-ficou-fora\/\">GizModo<\/a><\/em><\/strong><\/p>\n","protected":false},"excerpt":{"rendered":"<p>\u201cA Pequena Sereia\u201d tem estreia prevista para o pr\u00f3ximo dia 25 por Rayane Moura Contagem regressiva para a chegada de \u201cA Pequena Sereia\u201d \u00e0s telonas. O novo live-action, inspirado no cl\u00e1ssico musical de anima\u00e7\u00e3o da Disney, estreia dia 25 de maio nos cinemas de todo o Pa\u00eds. E, para fazer aquele esquenta de respeito, o [&hellip;]<\/p>\n","protected":false},"author":2,"featured_media":41644,"comment_status":"open","ping_status":"open","sticky":false,"template":"","format":"standard","meta":{"footnotes":""},"categories":[4],"tags":[19588,3642,928,250,19589,5207,19590,19591],"class_list":["post-41642","post","type-post","status-publish","format-standard","has-post-thumbnail","hentry","category-cultura","tag-a-pequena-sereia","tag-animacao","tag-disney","tag-filme","tag-halle-bailey","tag-live-action","tag-remake","tag-trilha-sonora"],"yoast_head":"<!-- This site is optimized with the Yoast SEO plugin v26.5 - https:\/\/yoast.com\/wordpress\/plugins\/seo\/ -->\n<title>Trilha de \u201cA Pequena Sereia\u201d \u00e9 liberada; porque a can\u00e7\u00e3o original ficou fora? - Jornal Fatos e Not\u00edcias<\/title>\n<meta name=\"robots\" content=\"index, follow, max-snippet:-1, max-image-preview:large, max-video-preview:-1\" \/>\n<link rel=\"canonical\" href=\"https:\/\/jornalfatosenoticias.com.br\/index.php\/2023\/05\/22\/trilha-de-a-pequena-sereia-e-liberada-porque-a-cancao-original-ficou-fora\/\" \/>\n<meta property=\"og:locale\" content=\"pt_BR\" \/>\n<meta property=\"og:type\" content=\"article\" \/>\n<meta property=\"og:title\" content=\"Trilha de \u201cA Pequena Sereia\u201d \u00e9 liberada; porque a can\u00e7\u00e3o original ficou fora? - Jornal Fatos e Not\u00edcias\" \/>\n<meta property=\"og:description\" content=\"\u201cA Pequena Sereia\u201d tem estreia prevista para o pr\u00f3ximo dia 25 por Rayane Moura Contagem regressiva para a chegada de \u201cA Pequena Sereia\u201d \u00e0s telonas. O novo live-action, inspirado no cl\u00e1ssico musical de anima\u00e7\u00e3o da Disney, estreia dia 25 de maio nos cinemas de todo o Pa\u00eds. E, para fazer aquele esquenta de respeito, o [&hellip;]\" \/>\n<meta property=\"og:url\" content=\"https:\/\/jornalfatosenoticias.com.br\/index.php\/2023\/05\/22\/trilha-de-a-pequena-sereia-e-liberada-porque-a-cancao-original-ficou-fora\/\" \/>\n<meta property=\"og:site_name\" content=\"Jornal Fatos e Not\u00edcias\" \/>\n<meta property=\"article:published_time\" content=\"2023-05-22T12:50:45+00:00\" \/>\n<meta property=\"article:modified_time\" content=\"2023-05-22T12:50:48+00:00\" \/>\n<meta property=\"og:image\" content=\"https:\/\/jornalfatosenoticias.com.br\/wp-content\/uploads\/2023\/05\/A-Pequena-Sereia-2.jpg\" \/>\n\t<meta property=\"og:image:width\" content=\"1000\" \/>\n\t<meta property=\"og:image:height\" content=\"600\" \/>\n\t<meta property=\"og:image:type\" content=\"image\/jpeg\" \/>\n<meta name=\"author\" content=\"Luzimara Fernandes\" \/>\n<meta name=\"twitter:card\" content=\"summary_large_image\" \/>\n<meta name=\"twitter:label1\" content=\"Escrito por\" \/>\n\t<meta name=\"twitter:data1\" content=\"Luzimara Fernandes\" \/>\n\t<meta name=\"twitter:label2\" content=\"Est. tempo de leitura\" \/>\n\t<meta name=\"twitter:data2\" content=\"4 minutos\" \/>\n<script type=\"application\/ld+json\" class=\"yoast-schema-graph\">{\"@context\":\"https:\/\/schema.org\",\"@graph\":[{\"@type\":\"Article\",\"@id\":\"https:\/\/jornalfatosenoticias.com.br\/index.php\/2023\/05\/22\/trilha-de-a-pequena-sereia-e-liberada-porque-a-cancao-original-ficou-fora\/#article\",\"isPartOf\":{\"@id\":\"https:\/\/jornalfatosenoticias.com.br\/index.php\/2023\/05\/22\/trilha-de-a-pequena-sereia-e-liberada-porque-a-cancao-original-ficou-fora\/\"},\"author\":{\"name\":\"Luzimara Fernandes\",\"@id\":\"https:\/\/jornalfatosenoticias.com.br\/#\/schema\/person\/d63837fa13ac8666eb9e74e0985d6f81\"},\"headline\":\"Trilha de \u201cA Pequena Sereia\u201d \u00e9 liberada; porque a can\u00e7\u00e3o original ficou fora?\",\"datePublished\":\"2023-05-22T12:50:45+00:00\",\"dateModified\":\"2023-05-22T12:50:48+00:00\",\"mainEntityOfPage\":{\"@id\":\"https:\/\/jornalfatosenoticias.com.br\/index.php\/2023\/05\/22\/trilha-de-a-pequena-sereia-e-liberada-porque-a-cancao-original-ficou-fora\/\"},\"wordCount\":774,\"commentCount\":0,\"publisher\":{\"@id\":\"https:\/\/jornalfatosenoticias.com.br\/#organization\"},\"image\":{\"@id\":\"https:\/\/jornalfatosenoticias.com.br\/index.php\/2023\/05\/22\/trilha-de-a-pequena-sereia-e-liberada-porque-a-cancao-original-ficou-fora\/#primaryimage\"},\"thumbnailUrl\":\"https:\/\/jornalfatosenoticias.com.br\/wp-content\/uploads\/2023\/05\/A-Pequena-Sereia-2.jpg\",\"keywords\":[\"A Pequena Sereia\",\"anima\u00e7\u00e3o\",\"Disney\",\"filme\",\"Halle Bailey\",\"live-action\",\"remake\",\"trilha sonora\"],\"articleSection\":[\"Cultura\"],\"inLanguage\":\"pt-BR\",\"potentialAction\":[{\"@type\":\"CommentAction\",\"name\":\"Comment\",\"target\":[\"https:\/\/jornalfatosenoticias.com.br\/index.php\/2023\/05\/22\/trilha-de-a-pequena-sereia-e-liberada-porque-a-cancao-original-ficou-fora\/#respond\"]}]},{\"@type\":\"WebPage\",\"@id\":\"https:\/\/jornalfatosenoticias.com.br\/index.php\/2023\/05\/22\/trilha-de-a-pequena-sereia-e-liberada-porque-a-cancao-original-ficou-fora\/\",\"url\":\"https:\/\/jornalfatosenoticias.com.br\/index.php\/2023\/05\/22\/trilha-de-a-pequena-sereia-e-liberada-porque-a-cancao-original-ficou-fora\/\",\"name\":\"Trilha de \u201cA Pequena Sereia\u201d \u00e9 liberada; porque a can\u00e7\u00e3o original ficou fora? - Jornal Fatos e Not\u00edcias\",\"isPartOf\":{\"@id\":\"https:\/\/jornalfatosenoticias.com.br\/#website\"},\"primaryImageOfPage\":{\"@id\":\"https:\/\/jornalfatosenoticias.com.br\/index.php\/2023\/05\/22\/trilha-de-a-pequena-sereia-e-liberada-porque-a-cancao-original-ficou-fora\/#primaryimage\"},\"image\":{\"@id\":\"https:\/\/jornalfatosenoticias.com.br\/index.php\/2023\/05\/22\/trilha-de-a-pequena-sereia-e-liberada-porque-a-cancao-original-ficou-fora\/#primaryimage\"},\"thumbnailUrl\":\"https:\/\/jornalfatosenoticias.com.br\/wp-content\/uploads\/2023\/05\/A-Pequena-Sereia-2.jpg\",\"datePublished\":\"2023-05-22T12:50:45+00:00\",\"dateModified\":\"2023-05-22T12:50:48+00:00\",\"breadcrumb\":{\"@id\":\"https:\/\/jornalfatosenoticias.com.br\/index.php\/2023\/05\/22\/trilha-de-a-pequena-sereia-e-liberada-porque-a-cancao-original-ficou-fora\/#breadcrumb\"},\"inLanguage\":\"pt-BR\",\"potentialAction\":[{\"@type\":\"ReadAction\",\"target\":[\"https:\/\/jornalfatosenoticias.com.br\/index.php\/2023\/05\/22\/trilha-de-a-pequena-sereia-e-liberada-porque-a-cancao-original-ficou-fora\/\"]}]},{\"@type\":\"ImageObject\",\"inLanguage\":\"pt-BR\",\"@id\":\"https:\/\/jornalfatosenoticias.com.br\/index.php\/2023\/05\/22\/trilha-de-a-pequena-sereia-e-liberada-porque-a-cancao-original-ficou-fora\/#primaryimage\",\"url\":\"https:\/\/jornalfatosenoticias.com.br\/wp-content\/uploads\/2023\/05\/A-Pequena-Sereia-2.jpg\",\"contentUrl\":\"https:\/\/jornalfatosenoticias.com.br\/wp-content\/uploads\/2023\/05\/A-Pequena-Sereia-2.jpg\",\"width\":1000,\"height\":600},{\"@type\":\"BreadcrumbList\",\"@id\":\"https:\/\/jornalfatosenoticias.com.br\/index.php\/2023\/05\/22\/trilha-de-a-pequena-sereia-e-liberada-porque-a-cancao-original-ficou-fora\/#breadcrumb\",\"itemListElement\":[{\"@type\":\"ListItem\",\"position\":1,\"name\":\"In\u00edcio\",\"item\":\"https:\/\/jornalfatosenoticias.com.br\/\"},{\"@type\":\"ListItem\",\"position\":2,\"name\":\"Trilha de \u201cA Pequena Sereia\u201d \u00e9 liberada; porque a can\u00e7\u00e3o original ficou fora?\"}]},{\"@type\":\"WebSite\",\"@id\":\"https:\/\/jornalfatosenoticias.com.br\/#website\",\"url\":\"https:\/\/jornalfatosenoticias.com.br\/\",\"name\":\"Jornal Fatos e Not\u00edcias\",\"description\":\"Not\u00edcias em geral\",\"publisher\":{\"@id\":\"https:\/\/jornalfatosenoticias.com.br\/#organization\"},\"potentialAction\":[{\"@type\":\"SearchAction\",\"target\":{\"@type\":\"EntryPoint\",\"urlTemplate\":\"https:\/\/jornalfatosenoticias.com.br\/?s={search_term_string}\"},\"query-input\":{\"@type\":\"PropertyValueSpecification\",\"valueRequired\":true,\"valueName\":\"search_term_string\"}}],\"inLanguage\":\"pt-BR\"},{\"@type\":\"Organization\",\"@id\":\"https:\/\/jornalfatosenoticias.com.br\/#organization\",\"name\":\"Jornal Fatos e Not\u00edcias\",\"url\":\"https:\/\/jornalfatosenoticias.com.br\/\",\"logo\":{\"@type\":\"ImageObject\",\"inLanguage\":\"pt-BR\",\"@id\":\"https:\/\/jornalfatosenoticias.com.br\/#\/schema\/logo\/image\/\",\"url\":\"https:\/\/jornalfatosenoticias.com.br\/wp-content\/uploads\/2020\/02\/logo120.png\",\"contentUrl\":\"https:\/\/jornalfatosenoticias.com.br\/wp-content\/uploads\/2020\/02\/logo120.png\",\"width\":1227,\"height\":120,\"caption\":\"Jornal Fatos e Not\u00edcias\"},\"image\":{\"@id\":\"https:\/\/jornalfatosenoticias.com.br\/#\/schema\/logo\/image\/\"}},{\"@type\":\"Person\",\"@id\":\"https:\/\/jornalfatosenoticias.com.br\/#\/schema\/person\/d63837fa13ac8666eb9e74e0985d6f81\",\"name\":\"Luzimara Fernandes\",\"image\":{\"@type\":\"ImageObject\",\"inLanguage\":\"pt-BR\",\"@id\":\"https:\/\/jornalfatosenoticias.com.br\/#\/schema\/person\/image\/\",\"url\":\"https:\/\/jornalfatosenoticias.com.br\/wp-content\/uploads\/2025\/05\/EU_portal.jpg\",\"contentUrl\":\"https:\/\/jornalfatosenoticias.com.br\/wp-content\/uploads\/2025\/05\/EU_portal.jpg\",\"caption\":\"Luzimara Fernandes\"},\"description\":\"Jornalista MTB 2358-ES\",\"sameAs\":[\"https:\/\/jornalfatosenoticias.com.br\"],\"url\":\"https:\/\/jornalfatosenoticias.com.br\/index.php\/author\/luzimara\/\"}]}<\/script>\n<!-- \/ Yoast SEO plugin. -->","yoast_head_json":{"title":"Trilha de \u201cA Pequena Sereia\u201d \u00e9 liberada; porque a can\u00e7\u00e3o original ficou fora? - Jornal Fatos e Not\u00edcias","robots":{"index":"index","follow":"follow","max-snippet":"max-snippet:-1","max-image-preview":"max-image-preview:large","max-video-preview":"max-video-preview:-1"},"canonical":"https:\/\/jornalfatosenoticias.com.br\/index.php\/2023\/05\/22\/trilha-de-a-pequena-sereia-e-liberada-porque-a-cancao-original-ficou-fora\/","og_locale":"pt_BR","og_type":"article","og_title":"Trilha de \u201cA Pequena Sereia\u201d \u00e9 liberada; porque a can\u00e7\u00e3o original ficou fora? - Jornal Fatos e Not\u00edcias","og_description":"\u201cA Pequena Sereia\u201d tem estreia prevista para o pr\u00f3ximo dia 25 por Rayane Moura Contagem regressiva para a chegada de \u201cA Pequena Sereia\u201d \u00e0s telonas. O novo live-action, inspirado no cl\u00e1ssico musical de anima\u00e7\u00e3o da Disney, estreia dia 25 de maio nos cinemas de todo o Pa\u00eds. E, para fazer aquele esquenta de respeito, o [&hellip;]","og_url":"https:\/\/jornalfatosenoticias.com.br\/index.php\/2023\/05\/22\/trilha-de-a-pequena-sereia-e-liberada-porque-a-cancao-original-ficou-fora\/","og_site_name":"Jornal Fatos e Not\u00edcias","article_published_time":"2023-05-22T12:50:45+00:00","article_modified_time":"2023-05-22T12:50:48+00:00","og_image":[{"width":1000,"height":600,"url":"https:\/\/jornalfatosenoticias.com.br\/wp-content\/uploads\/2023\/05\/A-Pequena-Sereia-2.jpg","type":"image\/jpeg"}],"author":"Luzimara Fernandes","twitter_card":"summary_large_image","twitter_misc":{"Escrito por":"Luzimara Fernandes","Est. tempo de leitura":"4 minutos"},"schema":{"@context":"https:\/\/schema.org","@graph":[{"@type":"Article","@id":"https:\/\/jornalfatosenoticias.com.br\/index.php\/2023\/05\/22\/trilha-de-a-pequena-sereia-e-liberada-porque-a-cancao-original-ficou-fora\/#article","isPartOf":{"@id":"https:\/\/jornalfatosenoticias.com.br\/index.php\/2023\/05\/22\/trilha-de-a-pequena-sereia-e-liberada-porque-a-cancao-original-ficou-fora\/"},"author":{"name":"Luzimara Fernandes","@id":"https:\/\/jornalfatosenoticias.com.br\/#\/schema\/person\/d63837fa13ac8666eb9e74e0985d6f81"},"headline":"Trilha de \u201cA Pequena Sereia\u201d \u00e9 liberada; porque a can\u00e7\u00e3o original ficou fora?","datePublished":"2023-05-22T12:50:45+00:00","dateModified":"2023-05-22T12:50:48+00:00","mainEntityOfPage":{"@id":"https:\/\/jornalfatosenoticias.com.br\/index.php\/2023\/05\/22\/trilha-de-a-pequena-sereia-e-liberada-porque-a-cancao-original-ficou-fora\/"},"wordCount":774,"commentCount":0,"publisher":{"@id":"https:\/\/jornalfatosenoticias.com.br\/#organization"},"image":{"@id":"https:\/\/jornalfatosenoticias.com.br\/index.php\/2023\/05\/22\/trilha-de-a-pequena-sereia-e-liberada-porque-a-cancao-original-ficou-fora\/#primaryimage"},"thumbnailUrl":"https:\/\/jornalfatosenoticias.com.br\/wp-content\/uploads\/2023\/05\/A-Pequena-Sereia-2.jpg","keywords":["A Pequena Sereia","anima\u00e7\u00e3o","Disney","filme","Halle Bailey","live-action","remake","trilha sonora"],"articleSection":["Cultura"],"inLanguage":"pt-BR","potentialAction":[{"@type":"CommentAction","name":"Comment","target":["https:\/\/jornalfatosenoticias.com.br\/index.php\/2023\/05\/22\/trilha-de-a-pequena-sereia-e-liberada-porque-a-cancao-original-ficou-fora\/#respond"]}]},{"@type":"WebPage","@id":"https:\/\/jornalfatosenoticias.com.br\/index.php\/2023\/05\/22\/trilha-de-a-pequena-sereia-e-liberada-porque-a-cancao-original-ficou-fora\/","url":"https:\/\/jornalfatosenoticias.com.br\/index.php\/2023\/05\/22\/trilha-de-a-pequena-sereia-e-liberada-porque-a-cancao-original-ficou-fora\/","name":"Trilha de \u201cA Pequena Sereia\u201d \u00e9 liberada; porque a can\u00e7\u00e3o original ficou fora? - Jornal Fatos e Not\u00edcias","isPartOf":{"@id":"https:\/\/jornalfatosenoticias.com.br\/#website"},"primaryImageOfPage":{"@id":"https:\/\/jornalfatosenoticias.com.br\/index.php\/2023\/05\/22\/trilha-de-a-pequena-sereia-e-liberada-porque-a-cancao-original-ficou-fora\/#primaryimage"},"image":{"@id":"https:\/\/jornalfatosenoticias.com.br\/index.php\/2023\/05\/22\/trilha-de-a-pequena-sereia-e-liberada-porque-a-cancao-original-ficou-fora\/#primaryimage"},"thumbnailUrl":"https:\/\/jornalfatosenoticias.com.br\/wp-content\/uploads\/2023\/05\/A-Pequena-Sereia-2.jpg","datePublished":"2023-05-22T12:50:45+00:00","dateModified":"2023-05-22T12:50:48+00:00","breadcrumb":{"@id":"https:\/\/jornalfatosenoticias.com.br\/index.php\/2023\/05\/22\/trilha-de-a-pequena-sereia-e-liberada-porque-a-cancao-original-ficou-fora\/#breadcrumb"},"inLanguage":"pt-BR","potentialAction":[{"@type":"ReadAction","target":["https:\/\/jornalfatosenoticias.com.br\/index.php\/2023\/05\/22\/trilha-de-a-pequena-sereia-e-liberada-porque-a-cancao-original-ficou-fora\/"]}]},{"@type":"ImageObject","inLanguage":"pt-BR","@id":"https:\/\/jornalfatosenoticias.com.br\/index.php\/2023\/05\/22\/trilha-de-a-pequena-sereia-e-liberada-porque-a-cancao-original-ficou-fora\/#primaryimage","url":"https:\/\/jornalfatosenoticias.com.br\/wp-content\/uploads\/2023\/05\/A-Pequena-Sereia-2.jpg","contentUrl":"https:\/\/jornalfatosenoticias.com.br\/wp-content\/uploads\/2023\/05\/A-Pequena-Sereia-2.jpg","width":1000,"height":600},{"@type":"BreadcrumbList","@id":"https:\/\/jornalfatosenoticias.com.br\/index.php\/2023\/05\/22\/trilha-de-a-pequena-sereia-e-liberada-porque-a-cancao-original-ficou-fora\/#breadcrumb","itemListElement":[{"@type":"ListItem","position":1,"name":"In\u00edcio","item":"https:\/\/jornalfatosenoticias.com.br\/"},{"@type":"ListItem","position":2,"name":"Trilha de \u201cA Pequena Sereia\u201d \u00e9 liberada; porque a can\u00e7\u00e3o original ficou fora?"}]},{"@type":"WebSite","@id":"https:\/\/jornalfatosenoticias.com.br\/#website","url":"https:\/\/jornalfatosenoticias.com.br\/","name":"Jornal Fatos e Not\u00edcias","description":"Not\u00edcias em geral","publisher":{"@id":"https:\/\/jornalfatosenoticias.com.br\/#organization"},"potentialAction":[{"@type":"SearchAction","target":{"@type":"EntryPoint","urlTemplate":"https:\/\/jornalfatosenoticias.com.br\/?s={search_term_string}"},"query-input":{"@type":"PropertyValueSpecification","valueRequired":true,"valueName":"search_term_string"}}],"inLanguage":"pt-BR"},{"@type":"Organization","@id":"https:\/\/jornalfatosenoticias.com.br\/#organization","name":"Jornal Fatos e Not\u00edcias","url":"https:\/\/jornalfatosenoticias.com.br\/","logo":{"@type":"ImageObject","inLanguage":"pt-BR","@id":"https:\/\/jornalfatosenoticias.com.br\/#\/schema\/logo\/image\/","url":"https:\/\/jornalfatosenoticias.com.br\/wp-content\/uploads\/2020\/02\/logo120.png","contentUrl":"https:\/\/jornalfatosenoticias.com.br\/wp-content\/uploads\/2020\/02\/logo120.png","width":1227,"height":120,"caption":"Jornal Fatos e Not\u00edcias"},"image":{"@id":"https:\/\/jornalfatosenoticias.com.br\/#\/schema\/logo\/image\/"}},{"@type":"Person","@id":"https:\/\/jornalfatosenoticias.com.br\/#\/schema\/person\/d63837fa13ac8666eb9e74e0985d6f81","name":"Luzimara Fernandes","image":{"@type":"ImageObject","inLanguage":"pt-BR","@id":"https:\/\/jornalfatosenoticias.com.br\/#\/schema\/person\/image\/","url":"https:\/\/jornalfatosenoticias.com.br\/wp-content\/uploads\/2025\/05\/EU_portal.jpg","contentUrl":"https:\/\/jornalfatosenoticias.com.br\/wp-content\/uploads\/2025\/05\/EU_portal.jpg","caption":"Luzimara Fernandes"},"description":"Jornalista MTB 2358-ES","sameAs":["https:\/\/jornalfatosenoticias.com.br"],"url":"https:\/\/jornalfatosenoticias.com.br\/index.php\/author\/luzimara\/"}]}},"cc_featured_image_caption":{"caption_text":"(Foto: Divulga\u00e7\u00e3o\/Disney)","source_text":"","source_url":""},"jetpack_featured_media_url":"https:\/\/jornalfatosenoticias.com.br\/wp-content\/uploads\/2023\/05\/A-Pequena-Sereia-2.jpg","_links":{"self":[{"href":"https:\/\/jornalfatosenoticias.com.br\/index.php\/wp-json\/wp\/v2\/posts\/41642","targetHints":{"allow":["GET"]}}],"collection":[{"href":"https:\/\/jornalfatosenoticias.com.br\/index.php\/wp-json\/wp\/v2\/posts"}],"about":[{"href":"https:\/\/jornalfatosenoticias.com.br\/index.php\/wp-json\/wp\/v2\/types\/post"}],"author":[{"embeddable":true,"href":"https:\/\/jornalfatosenoticias.com.br\/index.php\/wp-json\/wp\/v2\/users\/2"}],"replies":[{"embeddable":true,"href":"https:\/\/jornalfatosenoticias.com.br\/index.php\/wp-json\/wp\/v2\/comments?post=41642"}],"version-history":[{"count":0,"href":"https:\/\/jornalfatosenoticias.com.br\/index.php\/wp-json\/wp\/v2\/posts\/41642\/revisions"}],"wp:featuredmedia":[{"embeddable":true,"href":"https:\/\/jornalfatosenoticias.com.br\/index.php\/wp-json\/wp\/v2\/media\/41644"}],"wp:attachment":[{"href":"https:\/\/jornalfatosenoticias.com.br\/index.php\/wp-json\/wp\/v2\/media?parent=41642"}],"wp:term":[{"taxonomy":"category","embeddable":true,"href":"https:\/\/jornalfatosenoticias.com.br\/index.php\/wp-json\/wp\/v2\/categories?post=41642"},{"taxonomy":"post_tag","embeddable":true,"href":"https:\/\/jornalfatosenoticias.com.br\/index.php\/wp-json\/wp\/v2\/tags?post=41642"}],"curies":[{"name":"wp","href":"https:\/\/api.w.org\/{rel}","templated":true}]}}