{"id":41652,"date":"2023-05-22T10:20:45","date_gmt":"2023-05-22T13:20:45","guid":{"rendered":"https:\/\/jornalfatosenoticias.com.br\/?p=41652"},"modified":"2023-05-22T10:20:46","modified_gmt":"2023-05-22T13:20:46","slug":"estudo-aponta-solucoes-simples-e-baratas-para-conforto-termico-de-moradias-populares","status":"publish","type":"post","link":"https:\/\/jornalfatosenoticias.com.br\/index.php\/2023\/05\/22\/estudo-aponta-solucoes-simples-e-baratas-para-conforto-termico-de-moradias-populares\/","title":{"rendered":"Estudo aponta solu\u00e7\u00f5es simples e baratas para conforto t\u00e9rmico de moradias populares"},"content":{"rendered":"\n<p><em><span class=\"has-inline-color has-black-color\">Texto: <strong>Jos\u00e9 Tadeu Arantes\/<a href=\"https:\/\/gizmodo.uol.com.br\/author\/agencia-fapesp\/\">Ag\u00eancia Fapesp<\/a><\/strong><\/span><\/em><\/p>\n\n\n\n<div class=\"wp-block-image\"><figure class=\"aligncenter size-large\"><img loading=\"lazy\" decoding=\"async\" width=\"729\" height=\"90\" src=\"https:\/\/jornalfatosenoticias.com.br\/wp-content\/uploads\/2020\/02\/Logo_Mizu.png\" alt=\"\" class=\"wp-image-1441\" srcset=\"https:\/\/jornalfatosenoticias.com.br\/wp-content\/uploads\/2020\/02\/Logo_Mizu.png 729w, https:\/\/jornalfatosenoticias.com.br\/wp-content\/uploads\/2020\/02\/Logo_Mizu-300x37.png 300w\" sizes=\"auto, (max-width: 729px) 100vw, 729px\" \/><\/figure><\/div>\n\n\n\n<p>Segundo o <strong><a href=\"https:\/\/fjp.mg.gov.br\/wp-content\/uploads\/2021\/04\/21.05_Relatorio-Deficit-Habitacional-no-Brasil-2016-2019-v2.0.pdf\" target=\"_blank\" rel=\"noreferrer noopener\">c\u00f4mputo<\/a><\/strong> mais recente, o d\u00e9ficit habitacional no Brasil \u00e9 de 5,876 milh\u00f5es de domic\u00edlios: 5,044 milh\u00f5es, em \u00e1rea urbana; e 832 mil, em \u00e1rea rural. Em termos percentuais, esse n\u00famero corresponde a 8,1% do estoque total de domic\u00edlios particulares, permanentes e improvisados, do Pa\u00eds. Com o objetivo de saldar, total ou parcialmente, essa enorme d\u00edvida social, o programa Minha Casa Minha Vida (MCMV), lan\u00e7ado em 2009, passou a oferecer moradias acess\u00edveis a fam\u00edlias de baixa renda.<br>No entanto, com recursos financeiros limitados para atender a uma demanda t\u00e3o grande, o baixo investimento alocado na constru\u00e7\u00e3o de cada unidade residencial resultou em problemas como a falta de conforto t\u00e9rmico \u2014 uma reclama\u00e7\u00e3o recorrente entre os moradores contemplados.<\/p>\n\n\n\n<div class=\"wp-block-image\"><figure class=\"aligncenter size-large is-resized\"><img loading=\"lazy\" decoding=\"async\" src=\"https:\/\/jornalfatosenoticias.com.br\/wp-content\/uploads\/2023\/03\/logo-Panper_portal.jpg\" alt=\"\" class=\"wp-image-40208\" width=\"284\" height=\"197\" srcset=\"https:\/\/jornalfatosenoticias.com.br\/wp-content\/uploads\/2023\/03\/logo-Panper_portal.jpg 400w, https:\/\/jornalfatosenoticias.com.br\/wp-content\/uploads\/2023\/03\/logo-Panper_portal-300x208.jpg 300w\" sizes=\"auto, (max-width: 284px) 100vw, 284px\" \/><\/figure><\/div>\n\n\n\n<p>Para encontrar solu\u00e7\u00f5es simples e baratas para a resolu\u00e7\u00e3o do problema, um estudo-piloto foi realizado no Residencial Baltimore, em Uberl\u00e2ndia, Minas Gerais. A iniciativa reuniu pesquisadores do Instituto de Energia e Ambiente da Universidade de S\u00e3o Paulo (IEE-USP) e do Instituto de Ci\u00eancias Tecnol\u00f3gicas e Exatas da Universidade Federal do Tri\u00e2ngulo Mineiro (ICTE-UFTM), sob a orienta\u00e7\u00e3o da professora <strong><a href=\"https:\/\/bv.fapesp.br\/pt\/pesquisador\/57096\/dominique-mouette\/\" target=\"_blank\" rel=\"noreferrer noopener\">Dominique Mouette<\/a><\/strong>, da Escola de Artes, Ci\u00eancias e Humanidades (EACH) da USP.<br>Artigo a respeito foi <strong><a href=\"https:\/\/www.mdpi.com\/2071-1050\/15\/7\/5831\" target=\"_blank\" rel=\"noreferrer noopener\">publicado<\/a><\/strong>\u00a0no peri\u00f3dico\u00a0<em>Sustainability<\/em>, do Multidisciplinary Digital Publishing Institute (MDPI), sediado em Basileia, Su\u00ed\u00e7a.<\/p>\n\n\n\n<div class=\"wp-block-image\"><figure class=\"aligncenter size-large is-resized\"><img loading=\"lazy\" decoding=\"async\" src=\"https:\/\/jornalfatosenoticias.com.br\/wp-content\/uploads\/2022\/10\/RC_800x750_page-0001.jpg\" alt=\"\" class=\"wp-image-35338\" width=\"233\" height=\"218\" srcset=\"https:\/\/jornalfatosenoticias.com.br\/wp-content\/uploads\/2022\/10\/RC_800x750_page-0001.jpg 400w, https:\/\/jornalfatosenoticias.com.br\/wp-content\/uploads\/2022\/10\/RC_800x750_page-0001-300x281.jpg 300w\" sizes=\"auto, (max-width: 233px) 100vw, 233px\" \/><\/figure><\/div>\n\n\n\n<blockquote class=\"wp-block-quote is-layout-flow wp-block-quote-is-layout-flow\"><p><span class=\"has-inline-color has-luminous-vivid-orange-color\">O melhor cen\u00e1rio em termos de conforto t\u00e9rmico foi obtido pela combina\u00e7\u00e3o de tr\u00eas solu\u00e7\u00f5es simples, baratas e sustent\u00e1veis: substituir a janela convencional por uma janela basculante que permite at\u00e9 100% de abertura de sua \u00e1rea \u00fatil; substituir a parede de tijolos por uma parede com pain\u00e9is monol\u00edticos de EPS [poliestireno expandido]; e substituir o vidro comum da janela por vidro temperado verde\u201d, diz Vit\u00f3ria Elisa da Silva [ICTE-UFTM], coautora do artigo.<\/span><\/p><\/blockquote>\n\n\n\n<div class=\"wp-block-image\"><figure class=\"aligncenter size-large is-resized\"><img loading=\"lazy\" decoding=\"async\" src=\"https:\/\/jornalfatosenoticias.com.br\/wp-content\/uploads\/2022\/07\/Logo-Grupo-SEI.jpg\" alt=\"\" class=\"wp-image-31973\" width=\"307\" height=\"161\" srcset=\"https:\/\/jornalfatosenoticias.com.br\/wp-content\/uploads\/2022\/07\/Logo-Grupo-SEI.jpg 713w, https:\/\/jornalfatosenoticias.com.br\/wp-content\/uploads\/2022\/07\/Logo-Grupo-SEI-300x158.jpg 300w\" sizes=\"auto, (max-width: 307px) 100vw, 307px\" \/><\/figure><\/div>\n\n\n\n<p>A pesquisadora informa que uma queixa frequente dos usu\u00e1rios \u00e9 a de que as casas s\u00e3o muito quentes e abafadas. Nos conjuntos habitacionais, as janelas comumente utilizadas abrem apenas at\u00e9 a metade. Com o emprego de vitr\u00f4s basculantes, seria poss\u00edvel ampliar a \u00e1rea aberta de 50% para 100%, aumentando substancialmente o fluxo de ar e, portanto, a refrigera\u00e7\u00e3o natural. Al\u00e9m disso, o uso de EPS nas paredes e de vidro temperado verde nas janelas contribui para o isolamento, bloqueando parte da energia t\u00e9rmica recebida do ambiente.<\/p>\n\n\n\n<div class=\"wp-block-image\"><figure class=\"aligncenter size-large is-resized\"><img loading=\"lazy\" decoding=\"async\" src=\"https:\/\/jornalfatosenoticias.com.br\/wp-content\/uploads\/2020\/02\/logo-embacia.jpg\" alt=\"\" class=\"wp-image-33905\" width=\"244\" height=\"244\"\/><\/figure><\/div>\n\n\n\n<p>O poliestireno expandido n\u00e3o \u00e9 nada mais nada menos do que o material conhecido comercialmente como isopor. Recobertas por camadas de reboco de cimento, as placas de EPS, resistentes \u00e0 \u00e1gua, t\u00eam sido consideradas uma alternativa leve e de baixo custo para isolamento t\u00e9rmico e ac\u00fastico. Em compara\u00e7\u00e3o com outros materiais de parede tradicionais, como tijolos ocos de cer\u00e2mica ou blocos de concreto, apresentam uma das condutividades t\u00e9rmicas mais baixas, o que significa que menos calor \u00e9 transmitido de um lado da parede para o outro. O calcanhar de Aquiles desse material, derivado do petr\u00f3leo, \u00e9 que ele n\u00e3o \u00e9 biodegrad\u00e1vel. Descartado na natureza, o isopor leva <strong><a href=\"http:\/\/www.fiocruz.br\/biosseguranca\/Bis\/infantil\/reciclagem.htm\" target=\"_blank\" rel=\"noreferrer noopener\">400 anos<\/a><\/strong> para se decompor. O atenuante, segundo o artigo em pauta, \u00e9 que o EPS pode ser 100% reciclado, o que contribui para mitigar sua pegada de carbono.<\/p>\n\n\n\n<div class=\"wp-block-image\"><figure class=\"aligncenter size-large\"><img decoding=\"async\" src=\"https:\/\/jornalfatosenoticias.com.br\/wp-content\/uploads\/2020\/02\/barao-das-carnes-300x164-1.jpg\" alt=\"\" class=\"wp-image-34339\"\/><\/figure><\/div>\n\n\n\n<p><strong><span class=\"has-inline-color has-vivid-green-cyan-color\">Economia de energia<br><\/span><\/strong>A professora Mouette enfatiza que, embora o conforto dos usu\u00e1rios tenha sido uma forte motiva\u00e7\u00e3o para o estudo, o alcance do trabalho vai muito al\u00e9m. \u201cEle se insere em uma linha de pesquisa que busca formas alternativas que contribuam para a redu\u00e7\u00e3o do consumo de energia e, portanto, das emiss\u00f5es globais. N\u00f3s sabemos que, em muitos casos, os equipamentos de ar-condicionado consomem quase 50% de toda a energia el\u00e9trica utilizada em uma resid\u00eancia ou escrit\u00f3rio. A ideia foi obter um modo de refrigera\u00e7\u00e3o muito mais barato e menos impactante para o meio ambiente\u201d, afirma.<br>\u00c9 preciso lembrar que, al\u00e9m da energia el\u00e9trica consumida, os aparelhos de ar-condicionado s\u00e3o um fator de aquecimento externo, porque jogam o ar quente para fora, criando ilhas de calor em torno de grandes edif\u00edcios ou aglomera\u00e7\u00f5es urbanas.<\/p>\n\n\n\n<div class=\"wp-block-image\"><figure class=\"aligncenter size-large is-resized\"><img loading=\"lazy\" decoding=\"async\" src=\"https:\/\/jornalfatosenoticias.com.br\/wp-content\/uploads\/2022\/02\/Precisao-Contabilidade-1024x724.jpg\" alt=\"\" class=\"wp-image-28088\" width=\"278\" height=\"197\"\/><\/figure><\/div>\n\n\n\n<blockquote class=\"wp-block-quote is-layout-flow wp-block-quote-is-layout-flow\"><p><span class=\"has-inline-color has-luminous-vivid-orange-color\">E isso produz um c\u00edrculo vicioso, porque o aquecimento externo faz com que os aparelhos de ar-condicionado sejam ainda mais utilizados, com enorme impacto ambiental em um contexto de crise clim\u00e1tica\u201d, sublinha Mouette.<\/span><\/p><\/blockquote>\n\n\n\n<div class=\"wp-block-image\"><figure class=\"aligncenter size-large is-resized\"><img loading=\"lazy\" decoding=\"async\" src=\"https:\/\/jornalfatosenoticias.com.br\/wp-content\/uploads\/2023\/03\/nova-logo-Marquetti.jpg\" alt=\"\" class=\"wp-image-40207\" width=\"267\" height=\"179\" srcset=\"https:\/\/jornalfatosenoticias.com.br\/wp-content\/uploads\/2023\/03\/nova-logo-Marquetti.jpg 643w, https:\/\/jornalfatosenoticias.com.br\/wp-content\/uploads\/2023\/03\/nova-logo-Marquetti-300x202.jpg 300w\" sizes=\"auto, (max-width: 267px) 100vw, 267px\" \/><\/figure><\/div>\n\n\n\n<p>Ademais, a ideia de associar o conceito de \u201cconforto t\u00e9rmico\u201d ao uso de ar-condicionado \u00e9 question\u00e1vel, porque a refrigera\u00e7\u00e3o artificial produzida nos ambientes servidos por esses equipamentos pode ser bastante desconfort\u00e1vel e insalubre.<br>O pesquisador Cylon Liaw (IEA-USP), primeiro autor do artigo, destaca ainda o aspecto social da quest\u00e3o. \u201cAs constru\u00e7\u00f5es do programa Minha Casa Minha Vida seguem um formato-padr\u00e3o, que n\u00e3o varia de acordo com as particularidades das zonas bioclim\u00e1ticas. Nas solu\u00e7\u00f5es que apresentamos para o Residencial Baltimore, em Uberl\u00e2ndia, procuramos respeitar tamb\u00e9m a condi\u00e7\u00e3o financeira das fam\u00edlias, que n\u00e3o poderiam comprar equipamentos de ar-condicionado, nem pagar a conta de consumo el\u00e9trico decorrente de seu uso\u201d, pondera.<\/p>\n\n\n\n<div class=\"wp-block-image\"><figure class=\"aligncenter size-large is-resized\"><img loading=\"lazy\" decoding=\"async\" src=\"https:\/\/jornalfatosenoticias.com.br\/wp-content\/uploads\/2022\/02\/FERRARI_MAQUINAS-E-FERRAMENTAS2.jpg\" alt=\"\" class=\"wp-image-27860\" width=\"242\" height=\"202\"\/><\/figure><\/div>\n\n\n\n<p>Quanto \u00e0 eventual implementa\u00e7\u00e3o das solu\u00e7\u00f5es propostas, Liaw lembra que, por ocasi\u00e3o do relan\u00e7amento do programa Minha Casa Minha Vida, em fevereiro deste ano, o governo declarou sua disposi\u00e7\u00e3o de ouvir todas as reclama\u00e7\u00f5es dos usu\u00e1rios. \u201cN\u00e3o sei se isso inclui a quest\u00e3o do conforto t\u00e9rmico. Mas acho que nosso trabalho deu, pelo menos, um primeiro passo nesse sentido\u201d, diz.<br>Para formular suas solu\u00e7\u00f5es, os pesquisadores constru\u00edram um modelo baseado na sala da habita\u00e7\u00e3o, com \u00e1rea pouco menor do que 11 metros quadrados e p\u00e9-direito de dois metros. E consideraram as m\u00faltiplas vari\u00e1veis interagentes: fluxos de ar, bols\u00f5es de calor, varia\u00e7\u00f5es da temperatura e da umidade ambientes etc. Tudo isso foi integrado e quantificado por meio de din\u00e2mica de sistemas e tratamento computacional.<\/p>\n\n\n\n<div class=\"wp-block-image\"><figure class=\"aligncenter size-large\"><img decoding=\"async\" src=\"https:\/\/jornalfatosenoticias.com.br\/wp-content\/uploads\/2020\/02\/logo_esteio.jpg\" alt=\"\" class=\"wp-image-1214\"\/><\/figure><\/div>\n\n\n\n<blockquote class=\"wp-block-quote is-layout-flow wp-block-quote-is-layout-flow\"><p><span class=\"has-inline-color has-luminous-vivid-orange-color\">O passo seguinte foi estabelecer valores para vari\u00e1veis de entrada, como \u00e1rea \u00fatil de ventila\u00e7\u00e3o, material de vidro e de parede, para depois simular os diferentes cen\u00e1rios resultantes. Do pior ao melhor cen\u00e1rio, observou-se uma redu\u00e7\u00e3o substancial na temperatura de pico a partir da varia\u00e7\u00e3o do tamanho das janelas, demonstrando que a ventila\u00e7\u00e3o natural e os elementos construtivos de baixa complexidade e ampla disponibilidade no mercado contribuem para o conforto t\u00e9rmico dos c\u00f4modos residenciais\u201d, conclui Silva.<\/span><\/p><\/blockquote>\n\n\n\n<div class=\"wp-block-image\"><figure class=\"aligncenter size-large is-resized\"><img loading=\"lazy\" decoding=\"async\" src=\"https:\/\/jornalfatosenoticias.com.br\/wp-content\/uploads\/2022\/10\/Arte-jornal-Zucchi-600x600_Prancheta-1-1024x1024.jpg\" alt=\"\" class=\"wp-image-34782\" width=\"241\" height=\"241\" srcset=\"https:\/\/jornalfatosenoticias.com.br\/wp-content\/uploads\/2022\/10\/Arte-jornal-Zucchi-600x600_Prancheta-1-1024x1024.jpg 1024w, https:\/\/jornalfatosenoticias.com.br\/wp-content\/uploads\/2022\/10\/Arte-jornal-Zucchi-600x600_Prancheta-1-300x300.jpg 300w, https:\/\/jornalfatosenoticias.com.br\/wp-content\/uploads\/2022\/10\/Arte-jornal-Zucchi-600x600_Prancheta-1-150x150.jpg 150w, https:\/\/jornalfatosenoticias.com.br\/wp-content\/uploads\/2022\/10\/Arte-jornal-Zucchi-600x600_Prancheta-1-768x768.jpg 768w, https:\/\/jornalfatosenoticias.com.br\/wp-content\/uploads\/2022\/10\/Arte-jornal-Zucchi-600x600_Prancheta-1.jpg 1250w\" sizes=\"auto, (max-width: 241px) 100vw, 241px\" \/><\/figure><\/div>\n\n\n\n<p>O estudo recebeu apoio da Fapesp por meio de dois projetos(<strong><a href=\"https:\/\/bv.fapesp.br\/pt\/auxilios\/90424\/brasil-research-centre-for-gas-innovation\/?q=14\/50279-4\" target=\"_blank\" rel=\"noreferrer noopener\">14\/50279-4<\/a><\/strong>\u00a0e\u00a0<strong><a href=\"https:\/\/bv.fapesp.br\/pt\/auxilios\/108357\/centro-de-pesquisa-e-inovacao-de-gases-de-efeito-estufa-rcg2i\/?q=20\/15230-5\" target=\"_blank\" rel=\"noreferrer noopener\">20\/15230-5<\/a><\/strong>) coordenados por\u00a0<strong><a href=\"https:\/\/bv.fapesp.br\/pt\/pesquisador\/1885\/julio-romano-meneghini\/\" target=\"_blank\" rel=\"noreferrer noopener\">Julio Romano Meneghini<\/a><\/strong>, professor da Escola Polit\u00e9cnica (Poli) da USP. O artigo <em>Thermal Comfort Analysis Using System Dynamics Modeling\u2014A Sustainable Scenario Proposition for Low-Income Housing in Brazil<\/em>\u00a0pode ser acessado em:\u00a0<strong><a href=\"https:\/\/www.mdpi.com\/2071-1050\/15\/7\/5831\" target=\"_blank\" rel=\"noreferrer noopener\">www.mdpi.com\/2071-1050\/15\/7\/5831<\/a><\/strong>.<\/p>\n\n\n\n<div class=\"wp-block-image\"><figure class=\"aligncenter size-large\"><img loading=\"lazy\" decoding=\"async\" width=\"300\" height=\"250\" src=\"https:\/\/jornalfatosenoticias.com.br\/wp-content\/uploads\/2022\/08\/arte-Casarao.jpg\" alt=\"\" class=\"wp-image-33178\"\/><\/figure><\/div>\n\n\n\n<p><strong><em>Fonte: <a href=\"https:\/\/gizmodo.uol.com.br\/estudo-aponta-solucoes-simples-e-baratas-para-conforto-termico-de-moradias-populares\/\">GizModo<\/a><\/em><\/strong><\/p>\n","protected":false},"excerpt":{"rendered":"<p>Texto: Jos\u00e9 Tadeu Arantes\/Ag\u00eancia Fapesp Segundo o c\u00f4mputo mais recente, o d\u00e9ficit habitacional no Brasil \u00e9 de 5,876 milh\u00f5es de domic\u00edlios: 5,044 milh\u00f5es, em \u00e1rea urbana; e 832 mil, em \u00e1rea rural. Em termos percentuais, esse n\u00famero corresponde a 8,1% do estoque total de domic\u00edlios particulares, permanentes e improvisados, do Pa\u00eds. Com o objetivo de [&hellip;]<\/p>\n","protected":false},"author":2,"featured_media":41653,"comment_status":"open","ping_status":"open","sticky":false,"template":"","format":"standard","meta":{"footnotes":""},"categories":[744],"tags":[19592,240,201,2539,113,19593,19594,351],"class_list":["post-41652","post","type-post","status-publish","format-standard","has-post-thumbnail","hentry","category-arq-urbanismo","tag-conforto-termico","tag-economia","tag-eletricidade","tag-energia","tag-fapesp","tag-moradias-populares","tag-solucoes-simples-e-baratas","tag-usp"],"yoast_head":"<!-- This site is optimized with the Yoast SEO plugin v26.5 - https:\/\/yoast.com\/wordpress\/plugins\/seo\/ -->\n<title>Estudo aponta solu\u00e7\u00f5es simples e baratas para conforto t\u00e9rmico de moradias populares - Jornal Fatos e Not\u00edcias<\/title>\n<meta name=\"robots\" content=\"index, follow, max-snippet:-1, max-image-preview:large, max-video-preview:-1\" \/>\n<link rel=\"canonical\" href=\"https:\/\/jornalfatosenoticias.com.br\/index.php\/2023\/05\/22\/estudo-aponta-solucoes-simples-e-baratas-para-conforto-termico-de-moradias-populares\/\" \/>\n<meta property=\"og:locale\" content=\"pt_BR\" \/>\n<meta property=\"og:type\" content=\"article\" \/>\n<meta property=\"og:title\" content=\"Estudo aponta solu\u00e7\u00f5es simples e baratas para conforto t\u00e9rmico de moradias populares - Jornal Fatos e Not\u00edcias\" \/>\n<meta property=\"og:description\" content=\"Texto: Jos\u00e9 Tadeu Arantes\/Ag\u00eancia Fapesp Segundo o c\u00f4mputo mais recente, o d\u00e9ficit habitacional no Brasil \u00e9 de 5,876 milh\u00f5es de domic\u00edlios: 5,044 milh\u00f5es, em \u00e1rea urbana; e 832 mil, em \u00e1rea rural. Em termos percentuais, esse n\u00famero corresponde a 8,1% do estoque total de domic\u00edlios particulares, permanentes e improvisados, do Pa\u00eds. Com o objetivo de [&hellip;]\" \/>\n<meta property=\"og:url\" content=\"https:\/\/jornalfatosenoticias.com.br\/index.php\/2023\/05\/22\/estudo-aponta-solucoes-simples-e-baratas-para-conforto-termico-de-moradias-populares\/\" \/>\n<meta property=\"og:site_name\" content=\"Jornal Fatos e Not\u00edcias\" \/>\n<meta property=\"article:published_time\" content=\"2023-05-22T13:20:45+00:00\" \/>\n<meta property=\"article:modified_time\" content=\"2023-05-22T13:20:46+00:00\" \/>\n<meta property=\"og:image\" content=\"https:\/\/jornalfatosenoticias.com.br\/wp-content\/uploads\/2023\/05\/moradias-populares.jpg\" \/>\n\t<meta property=\"og:image:width\" content=\"1000\" \/>\n\t<meta property=\"og:image:height\" content=\"562\" \/>\n\t<meta property=\"og:image:type\" content=\"image\/jpeg\" \/>\n<meta name=\"author\" content=\"Luzimara Fernandes\" \/>\n<meta name=\"twitter:card\" content=\"summary_large_image\" \/>\n<meta name=\"twitter:label1\" content=\"Escrito por\" \/>\n\t<meta name=\"twitter:data1\" content=\"Luzimara Fernandes\" \/>\n\t<meta name=\"twitter:label2\" content=\"Est. tempo de leitura\" \/>\n\t<meta name=\"twitter:data2\" content=\"6 minutos\" \/>\n<script type=\"application\/ld+json\" class=\"yoast-schema-graph\">{\"@context\":\"https:\/\/schema.org\",\"@graph\":[{\"@type\":\"Article\",\"@id\":\"https:\/\/jornalfatosenoticias.com.br\/index.php\/2023\/05\/22\/estudo-aponta-solucoes-simples-e-baratas-para-conforto-termico-de-moradias-populares\/#article\",\"isPartOf\":{\"@id\":\"https:\/\/jornalfatosenoticias.com.br\/index.php\/2023\/05\/22\/estudo-aponta-solucoes-simples-e-baratas-para-conforto-termico-de-moradias-populares\/\"},\"author\":{\"name\":\"Luzimara Fernandes\",\"@id\":\"https:\/\/jornalfatosenoticias.com.br\/#\/schema\/person\/d63837fa13ac8666eb9e74e0985d6f81\"},\"headline\":\"Estudo aponta solu\u00e7\u00f5es simples e baratas para conforto t\u00e9rmico de moradias populares\",\"datePublished\":\"2023-05-22T13:20:45+00:00\",\"dateModified\":\"2023-05-22T13:20:46+00:00\",\"mainEntityOfPage\":{\"@id\":\"https:\/\/jornalfatosenoticias.com.br\/index.php\/2023\/05\/22\/estudo-aponta-solucoes-simples-e-baratas-para-conforto-termico-de-moradias-populares\/\"},\"wordCount\":1141,\"commentCount\":0,\"publisher\":{\"@id\":\"https:\/\/jornalfatosenoticias.com.br\/#organization\"},\"image\":{\"@id\":\"https:\/\/jornalfatosenoticias.com.br\/index.php\/2023\/05\/22\/estudo-aponta-solucoes-simples-e-baratas-para-conforto-termico-de-moradias-populares\/#primaryimage\"},\"thumbnailUrl\":\"https:\/\/jornalfatosenoticias.com.br\/wp-content\/uploads\/2023\/05\/moradias-populares.jpg\",\"keywords\":[\"conforto t\u00e9rmico\",\"economia\",\"eletricidade\",\"energia\",\"fapesp\",\"moradias populares\",\"solu\u00e7\u00f5es simples e baratas\",\"USP\"],\"articleSection\":[\"Arq &amp; Urb\"],\"inLanguage\":\"pt-BR\",\"potentialAction\":[{\"@type\":\"CommentAction\",\"name\":\"Comment\",\"target\":[\"https:\/\/jornalfatosenoticias.com.br\/index.php\/2023\/05\/22\/estudo-aponta-solucoes-simples-e-baratas-para-conforto-termico-de-moradias-populares\/#respond\"]}]},{\"@type\":\"WebPage\",\"@id\":\"https:\/\/jornalfatosenoticias.com.br\/index.php\/2023\/05\/22\/estudo-aponta-solucoes-simples-e-baratas-para-conforto-termico-de-moradias-populares\/\",\"url\":\"https:\/\/jornalfatosenoticias.com.br\/index.php\/2023\/05\/22\/estudo-aponta-solucoes-simples-e-baratas-para-conforto-termico-de-moradias-populares\/\",\"name\":\"Estudo aponta solu\u00e7\u00f5es simples e baratas para conforto t\u00e9rmico de moradias populares - Jornal Fatos e Not\u00edcias\",\"isPartOf\":{\"@id\":\"https:\/\/jornalfatosenoticias.com.br\/#website\"},\"primaryImageOfPage\":{\"@id\":\"https:\/\/jornalfatosenoticias.com.br\/index.php\/2023\/05\/22\/estudo-aponta-solucoes-simples-e-baratas-para-conforto-termico-de-moradias-populares\/#primaryimage\"},\"image\":{\"@id\":\"https:\/\/jornalfatosenoticias.com.br\/index.php\/2023\/05\/22\/estudo-aponta-solucoes-simples-e-baratas-para-conforto-termico-de-moradias-populares\/#primaryimage\"},\"thumbnailUrl\":\"https:\/\/jornalfatosenoticias.com.br\/wp-content\/uploads\/2023\/05\/moradias-populares.jpg\",\"datePublished\":\"2023-05-22T13:20:45+00:00\",\"dateModified\":\"2023-05-22T13:20:46+00:00\",\"breadcrumb\":{\"@id\":\"https:\/\/jornalfatosenoticias.com.br\/index.php\/2023\/05\/22\/estudo-aponta-solucoes-simples-e-baratas-para-conforto-termico-de-moradias-populares\/#breadcrumb\"},\"inLanguage\":\"pt-BR\",\"potentialAction\":[{\"@type\":\"ReadAction\",\"target\":[\"https:\/\/jornalfatosenoticias.com.br\/index.php\/2023\/05\/22\/estudo-aponta-solucoes-simples-e-baratas-para-conforto-termico-de-moradias-populares\/\"]}]},{\"@type\":\"ImageObject\",\"inLanguage\":\"pt-BR\",\"@id\":\"https:\/\/jornalfatosenoticias.com.br\/index.php\/2023\/05\/22\/estudo-aponta-solucoes-simples-e-baratas-para-conforto-termico-de-moradias-populares\/#primaryimage\",\"url\":\"https:\/\/jornalfatosenoticias.com.br\/wp-content\/uploads\/2023\/05\/moradias-populares.jpg\",\"contentUrl\":\"https:\/\/jornalfatosenoticias.com.br\/wp-content\/uploads\/2023\/05\/moradias-populares.jpg\",\"width\":1000,\"height\":562},{\"@type\":\"BreadcrumbList\",\"@id\":\"https:\/\/jornalfatosenoticias.com.br\/index.php\/2023\/05\/22\/estudo-aponta-solucoes-simples-e-baratas-para-conforto-termico-de-moradias-populares\/#breadcrumb\",\"itemListElement\":[{\"@type\":\"ListItem\",\"position\":1,\"name\":\"In\u00edcio\",\"item\":\"https:\/\/jornalfatosenoticias.com.br\/\"},{\"@type\":\"ListItem\",\"position\":2,\"name\":\"Estudo aponta solu\u00e7\u00f5es simples e baratas para conforto t\u00e9rmico de moradias populares\"}]},{\"@type\":\"WebSite\",\"@id\":\"https:\/\/jornalfatosenoticias.com.br\/#website\",\"url\":\"https:\/\/jornalfatosenoticias.com.br\/\",\"name\":\"Jornal Fatos e Not\u00edcias\",\"description\":\"Not\u00edcias em geral\",\"publisher\":{\"@id\":\"https:\/\/jornalfatosenoticias.com.br\/#organization\"},\"potentialAction\":[{\"@type\":\"SearchAction\",\"target\":{\"@type\":\"EntryPoint\",\"urlTemplate\":\"https:\/\/jornalfatosenoticias.com.br\/?s={search_term_string}\"},\"query-input\":{\"@type\":\"PropertyValueSpecification\",\"valueRequired\":true,\"valueName\":\"search_term_string\"}}],\"inLanguage\":\"pt-BR\"},{\"@type\":\"Organization\",\"@id\":\"https:\/\/jornalfatosenoticias.com.br\/#organization\",\"name\":\"Jornal Fatos e Not\u00edcias\",\"url\":\"https:\/\/jornalfatosenoticias.com.br\/\",\"logo\":{\"@type\":\"ImageObject\",\"inLanguage\":\"pt-BR\",\"@id\":\"https:\/\/jornalfatosenoticias.com.br\/#\/schema\/logo\/image\/\",\"url\":\"https:\/\/jornalfatosenoticias.com.br\/wp-content\/uploads\/2020\/02\/logo120.png\",\"contentUrl\":\"https:\/\/jornalfatosenoticias.com.br\/wp-content\/uploads\/2020\/02\/logo120.png\",\"width\":1227,\"height\":120,\"caption\":\"Jornal Fatos e Not\u00edcias\"},\"image\":{\"@id\":\"https:\/\/jornalfatosenoticias.com.br\/#\/schema\/logo\/image\/\"}},{\"@type\":\"Person\",\"@id\":\"https:\/\/jornalfatosenoticias.com.br\/#\/schema\/person\/d63837fa13ac8666eb9e74e0985d6f81\",\"name\":\"Luzimara Fernandes\",\"image\":{\"@type\":\"ImageObject\",\"inLanguage\":\"pt-BR\",\"@id\":\"https:\/\/jornalfatosenoticias.com.br\/#\/schema\/person\/image\/\",\"url\":\"https:\/\/jornalfatosenoticias.com.br\/wp-content\/uploads\/2025\/05\/EU_portal.jpg\",\"contentUrl\":\"https:\/\/jornalfatosenoticias.com.br\/wp-content\/uploads\/2025\/05\/EU_portal.jpg\",\"caption\":\"Luzimara Fernandes\"},\"description\":\"Jornalista MTB 2358-ES\",\"sameAs\":[\"https:\/\/jornalfatosenoticias.com.br\"],\"url\":\"https:\/\/jornalfatosenoticias.com.br\/index.php\/author\/luzimara\/\"}]}<\/script>\n<!-- \/ Yoast SEO plugin. -->","yoast_head_json":{"title":"Estudo aponta solu\u00e7\u00f5es simples e baratas para conforto t\u00e9rmico de moradias populares - Jornal Fatos e Not\u00edcias","robots":{"index":"index","follow":"follow","max-snippet":"max-snippet:-1","max-image-preview":"max-image-preview:large","max-video-preview":"max-video-preview:-1"},"canonical":"https:\/\/jornalfatosenoticias.com.br\/index.php\/2023\/05\/22\/estudo-aponta-solucoes-simples-e-baratas-para-conforto-termico-de-moradias-populares\/","og_locale":"pt_BR","og_type":"article","og_title":"Estudo aponta solu\u00e7\u00f5es simples e baratas para conforto t\u00e9rmico de moradias populares - Jornal Fatos e Not\u00edcias","og_description":"Texto: Jos\u00e9 Tadeu Arantes\/Ag\u00eancia Fapesp Segundo o c\u00f4mputo mais recente, o d\u00e9ficit habitacional no Brasil \u00e9 de 5,876 milh\u00f5es de domic\u00edlios: 5,044 milh\u00f5es, em \u00e1rea urbana; e 832 mil, em \u00e1rea rural. Em termos percentuais, esse n\u00famero corresponde a 8,1% do estoque total de domic\u00edlios particulares, permanentes e improvisados, do Pa\u00eds. Com o objetivo de [&hellip;]","og_url":"https:\/\/jornalfatosenoticias.com.br\/index.php\/2023\/05\/22\/estudo-aponta-solucoes-simples-e-baratas-para-conforto-termico-de-moradias-populares\/","og_site_name":"Jornal Fatos e Not\u00edcias","article_published_time":"2023-05-22T13:20:45+00:00","article_modified_time":"2023-05-22T13:20:46+00:00","og_image":[{"width":1000,"height":562,"url":"https:\/\/jornalfatosenoticias.com.br\/wp-content\/uploads\/2023\/05\/moradias-populares.jpg","type":"image\/jpeg"}],"author":"Luzimara Fernandes","twitter_card":"summary_large_image","twitter_misc":{"Escrito por":"Luzimara Fernandes","Est. tempo de leitura":"6 minutos"},"schema":{"@context":"https:\/\/schema.org","@graph":[{"@type":"Article","@id":"https:\/\/jornalfatosenoticias.com.br\/index.php\/2023\/05\/22\/estudo-aponta-solucoes-simples-e-baratas-para-conforto-termico-de-moradias-populares\/#article","isPartOf":{"@id":"https:\/\/jornalfatosenoticias.com.br\/index.php\/2023\/05\/22\/estudo-aponta-solucoes-simples-e-baratas-para-conforto-termico-de-moradias-populares\/"},"author":{"name":"Luzimara Fernandes","@id":"https:\/\/jornalfatosenoticias.com.br\/#\/schema\/person\/d63837fa13ac8666eb9e74e0985d6f81"},"headline":"Estudo aponta solu\u00e7\u00f5es simples e baratas para conforto t\u00e9rmico de moradias populares","datePublished":"2023-05-22T13:20:45+00:00","dateModified":"2023-05-22T13:20:46+00:00","mainEntityOfPage":{"@id":"https:\/\/jornalfatosenoticias.com.br\/index.php\/2023\/05\/22\/estudo-aponta-solucoes-simples-e-baratas-para-conforto-termico-de-moradias-populares\/"},"wordCount":1141,"commentCount":0,"publisher":{"@id":"https:\/\/jornalfatosenoticias.com.br\/#organization"},"image":{"@id":"https:\/\/jornalfatosenoticias.com.br\/index.php\/2023\/05\/22\/estudo-aponta-solucoes-simples-e-baratas-para-conforto-termico-de-moradias-populares\/#primaryimage"},"thumbnailUrl":"https:\/\/jornalfatosenoticias.com.br\/wp-content\/uploads\/2023\/05\/moradias-populares.jpg","keywords":["conforto t\u00e9rmico","economia","eletricidade","energia","fapesp","moradias populares","solu\u00e7\u00f5es simples e baratas","USP"],"articleSection":["Arq &amp; Urb"],"inLanguage":"pt-BR","potentialAction":[{"@type":"CommentAction","name":"Comment","target":["https:\/\/jornalfatosenoticias.com.br\/index.php\/2023\/05\/22\/estudo-aponta-solucoes-simples-e-baratas-para-conforto-termico-de-moradias-populares\/#respond"]}]},{"@type":"WebPage","@id":"https:\/\/jornalfatosenoticias.com.br\/index.php\/2023\/05\/22\/estudo-aponta-solucoes-simples-e-baratas-para-conforto-termico-de-moradias-populares\/","url":"https:\/\/jornalfatosenoticias.com.br\/index.php\/2023\/05\/22\/estudo-aponta-solucoes-simples-e-baratas-para-conforto-termico-de-moradias-populares\/","name":"Estudo aponta solu\u00e7\u00f5es simples e baratas para conforto t\u00e9rmico de moradias populares - Jornal Fatos e Not\u00edcias","isPartOf":{"@id":"https:\/\/jornalfatosenoticias.com.br\/#website"},"primaryImageOfPage":{"@id":"https:\/\/jornalfatosenoticias.com.br\/index.php\/2023\/05\/22\/estudo-aponta-solucoes-simples-e-baratas-para-conforto-termico-de-moradias-populares\/#primaryimage"},"image":{"@id":"https:\/\/jornalfatosenoticias.com.br\/index.php\/2023\/05\/22\/estudo-aponta-solucoes-simples-e-baratas-para-conforto-termico-de-moradias-populares\/#primaryimage"},"thumbnailUrl":"https:\/\/jornalfatosenoticias.com.br\/wp-content\/uploads\/2023\/05\/moradias-populares.jpg","datePublished":"2023-05-22T13:20:45+00:00","dateModified":"2023-05-22T13:20:46+00:00","breadcrumb":{"@id":"https:\/\/jornalfatosenoticias.com.br\/index.php\/2023\/05\/22\/estudo-aponta-solucoes-simples-e-baratas-para-conforto-termico-de-moradias-populares\/#breadcrumb"},"inLanguage":"pt-BR","potentialAction":[{"@type":"ReadAction","target":["https:\/\/jornalfatosenoticias.com.br\/index.php\/2023\/05\/22\/estudo-aponta-solucoes-simples-e-baratas-para-conforto-termico-de-moradias-populares\/"]}]},{"@type":"ImageObject","inLanguage":"pt-BR","@id":"https:\/\/jornalfatosenoticias.com.br\/index.php\/2023\/05\/22\/estudo-aponta-solucoes-simples-e-baratas-para-conforto-termico-de-moradias-populares\/#primaryimage","url":"https:\/\/jornalfatosenoticias.com.br\/wp-content\/uploads\/2023\/05\/moradias-populares.jpg","contentUrl":"https:\/\/jornalfatosenoticias.com.br\/wp-content\/uploads\/2023\/05\/moradias-populares.jpg","width":1000,"height":562},{"@type":"BreadcrumbList","@id":"https:\/\/jornalfatosenoticias.com.br\/index.php\/2023\/05\/22\/estudo-aponta-solucoes-simples-e-baratas-para-conforto-termico-de-moradias-populares\/#breadcrumb","itemListElement":[{"@type":"ListItem","position":1,"name":"In\u00edcio","item":"https:\/\/jornalfatosenoticias.com.br\/"},{"@type":"ListItem","position":2,"name":"Estudo aponta solu\u00e7\u00f5es simples e baratas para conforto t\u00e9rmico de moradias populares"}]},{"@type":"WebSite","@id":"https:\/\/jornalfatosenoticias.com.br\/#website","url":"https:\/\/jornalfatosenoticias.com.br\/","name":"Jornal Fatos e Not\u00edcias","description":"Not\u00edcias em geral","publisher":{"@id":"https:\/\/jornalfatosenoticias.com.br\/#organization"},"potentialAction":[{"@type":"SearchAction","target":{"@type":"EntryPoint","urlTemplate":"https:\/\/jornalfatosenoticias.com.br\/?s={search_term_string}"},"query-input":{"@type":"PropertyValueSpecification","valueRequired":true,"valueName":"search_term_string"}}],"inLanguage":"pt-BR"},{"@type":"Organization","@id":"https:\/\/jornalfatosenoticias.com.br\/#organization","name":"Jornal Fatos e Not\u00edcias","url":"https:\/\/jornalfatosenoticias.com.br\/","logo":{"@type":"ImageObject","inLanguage":"pt-BR","@id":"https:\/\/jornalfatosenoticias.com.br\/#\/schema\/logo\/image\/","url":"https:\/\/jornalfatosenoticias.com.br\/wp-content\/uploads\/2020\/02\/logo120.png","contentUrl":"https:\/\/jornalfatosenoticias.com.br\/wp-content\/uploads\/2020\/02\/logo120.png","width":1227,"height":120,"caption":"Jornal Fatos e Not\u00edcias"},"image":{"@id":"https:\/\/jornalfatosenoticias.com.br\/#\/schema\/logo\/image\/"}},{"@type":"Person","@id":"https:\/\/jornalfatosenoticias.com.br\/#\/schema\/person\/d63837fa13ac8666eb9e74e0985d6f81","name":"Luzimara Fernandes","image":{"@type":"ImageObject","inLanguage":"pt-BR","@id":"https:\/\/jornalfatosenoticias.com.br\/#\/schema\/person\/image\/","url":"https:\/\/jornalfatosenoticias.com.br\/wp-content\/uploads\/2025\/05\/EU_portal.jpg","contentUrl":"https:\/\/jornalfatosenoticias.com.br\/wp-content\/uploads\/2025\/05\/EU_portal.jpg","caption":"Luzimara Fernandes"},"description":"Jornalista MTB 2358-ES","sameAs":["https:\/\/jornalfatosenoticias.com.br"],"url":"https:\/\/jornalfatosenoticias.com.br\/index.php\/author\/luzimara\/"}]}},"cc_featured_image_caption":{"caption_text":"(Foto: Getty Images)","source_text":"","source_url":""},"jetpack_featured_media_url":"https:\/\/jornalfatosenoticias.com.br\/wp-content\/uploads\/2023\/05\/moradias-populares.jpg","_links":{"self":[{"href":"https:\/\/jornalfatosenoticias.com.br\/index.php\/wp-json\/wp\/v2\/posts\/41652","targetHints":{"allow":["GET"]}}],"collection":[{"href":"https:\/\/jornalfatosenoticias.com.br\/index.php\/wp-json\/wp\/v2\/posts"}],"about":[{"href":"https:\/\/jornalfatosenoticias.com.br\/index.php\/wp-json\/wp\/v2\/types\/post"}],"author":[{"embeddable":true,"href":"https:\/\/jornalfatosenoticias.com.br\/index.php\/wp-json\/wp\/v2\/users\/2"}],"replies":[{"embeddable":true,"href":"https:\/\/jornalfatosenoticias.com.br\/index.php\/wp-json\/wp\/v2\/comments?post=41652"}],"version-history":[{"count":0,"href":"https:\/\/jornalfatosenoticias.com.br\/index.php\/wp-json\/wp\/v2\/posts\/41652\/revisions"}],"wp:featuredmedia":[{"embeddable":true,"href":"https:\/\/jornalfatosenoticias.com.br\/index.php\/wp-json\/wp\/v2\/media\/41653"}],"wp:attachment":[{"href":"https:\/\/jornalfatosenoticias.com.br\/index.php\/wp-json\/wp\/v2\/media?parent=41652"}],"wp:term":[{"taxonomy":"category","embeddable":true,"href":"https:\/\/jornalfatosenoticias.com.br\/index.php\/wp-json\/wp\/v2\/categories?post=41652"},{"taxonomy":"post_tag","embeddable":true,"href":"https:\/\/jornalfatosenoticias.com.br\/index.php\/wp-json\/wp\/v2\/tags?post=41652"}],"curies":[{"name":"wp","href":"https:\/\/api.w.org\/{rel}","templated":true}]}}