{"id":41673,"date":"2023-05-22T13:42:40","date_gmt":"2023-05-22T16:42:40","guid":{"rendered":"https:\/\/jornalfatosenoticias.com.br\/?p=41673"},"modified":"2023-05-22T13:42:41","modified_gmt":"2023-05-22T16:42:41","slug":"justica-manda-petista-devolver-r-500-mil-aos-cofres-publicos","status":"publish","type":"post","link":"https:\/\/jornalfatosenoticias.com.br\/index.php\/2023\/05\/22\/justica-manda-petista-devolver-r-500-mil-aos-cofres-publicos\/","title":{"rendered":"Justi\u00e7a manda petista devolver R$ 500 mil aos cofres p\u00fablicos"},"content":{"rendered":"\n<p><em><span class=\"has-inline-color has-black-color\">Agnelo Queiroz resolveu aumentar o pr\u00f3prio sal\u00e1rio quando era governador do Distrito Federal<\/span><\/em><\/p>\n\n\n\n<p><em><span class=\"has-inline-color has-black-color\">Por <strong>Anderson Scardoelli<\/strong><\/span><\/em><\/p>\n\n\n\n<div class=\"wp-block-image\"><figure class=\"aligncenter size-large is-resized\"><img loading=\"lazy\" decoding=\"async\" src=\"https:\/\/jornalfatosenoticias.com.br\/wp-content\/uploads\/2023\/04\/Logo_MasterMind.jpg\" alt=\"\" class=\"wp-image-40974\" width=\"295\" height=\"215\"\/><\/figure><\/div>\n\n\n\n<p>O ex-governador do Distrito Federal Agnelo Queiroz (PT) ter\u00e1 que ressarcir os cofres p\u00fablicos em cerca de R$ 500 mil, determinou o Tribunal de Justi\u00e7a do Distrito Federal e Territ\u00f3rios (TJDFT). A decis\u00e3o contra o petista foi publicada no \u00faltimo dia 12.<br>A ordem judicial contra Queiroz remete a uma decis\u00e3o tomada por ele enquanto governador do Distrito Federal. Em dezembro de 2014, ele validou portaria que aumentava a jornada de trabalho de 20 para 40 horas semanais de m\u00e9dicos concursados no DF que estivessem afastados da fun\u00e7\u00e3o em raz\u00e3o de mandatos eletivos. <strong>Al\u00e9m das horas, a decis\u00e3o aumentou o sal\u00e1rio de profissionais que estivessem nessa condi\u00e7\u00e3o.<\/strong><\/p>\n\n\n\n<div class=\"wp-block-image\"><figure class=\"aligncenter size-large is-resized\"><img loading=\"lazy\" decoding=\"async\" src=\"https:\/\/jornalfatosenoticias.com.br\/wp-content\/uploads\/2020\/02\/casa-do-torresmo_portal.jpg\" alt=\"\" class=\"wp-image-34472\" width=\"251\" height=\"251\" srcset=\"https:\/\/jornalfatosenoticias.com.br\/wp-content\/uploads\/2020\/02\/casa-do-torresmo_portal.jpg 300w, https:\/\/jornalfatosenoticias.com.br\/wp-content\/uploads\/2020\/02\/casa-do-torresmo_portal-150x150.jpg 150w\" sizes=\"auto, (max-width: 251px) 100vw, 251px\" \/><\/figure><\/div>\n\n\n\n<p>Governador do <strong><a href=\"https:\/\/revistaoeste.com\/tag\/distrito-federal\/\" target=\"_blank\" rel=\"noreferrer noopener\">Distrito Federal<\/a><\/strong>\u00a0de 2011 a 2017, Queiroz \u00e9 m\u00e9dico servidor do Distrito Federal desde outubro de 1987, conforme o site\u00a0<em>Metr\u00f3poles<\/em>. Quando a portaria foi editada, o petista estava afastado da fun\u00e7\u00e3o justamente porque cumpria a reta final de seu mandato como governador \u2014 meses antes, ele havia tentado se reeleger, mas n\u00e3o chegou nem ao segundo turno.<br>De acordo com o <strong><a href=\"https:\/\/www.mpdft.mp.br\/\" target=\"_blank\" rel=\"noreferrer noopener\">Minist\u00e9rio P\u00fablico<\/a><\/strong>, o ent\u00e3o governador petista acabou diretamente beneficiado pela decis\u00e3o. Respons\u00e1vel por analisar o caso, o juiz Roque Viel, da 4\u00aa Vara da Fazenda P\u00fablica do Distrito Federal, deu o prazo de 15 dias para Queiroz ressarcir os cofres p\u00fablicos em quase meio milh\u00e3o de reais. A ex-secret\u00e1ria de Sa\u00fade Mar\u00edlia Cunha tamb\u00e9m foi condenada.<\/p>\n\n\n\n<div class=\"wp-block-image\"><figure class=\"aligncenter size-large\"><img decoding=\"async\" src=\"https:\/\/jornalfatosenoticias.com.br\/wp-content\/uploads\/2020\/02\/logo_esteio.jpg\" alt=\"\" class=\"wp-image-1214\"\/><\/figure><\/div>\n\n\n\n<blockquote class=\"wp-block-quote is-layout-flow wp-block-quote-is-layout-flow\"><p><span class=\"has-inline-color has-luminous-vivid-orange-color\">D\u00ea-se ci\u00eancia \u00e0 parte devedora que, transcorrido o prazo de quinze dias sem o pagamento volunt\u00e1rio, inicia-se a contagem de novo prazo quinzenal para que, independentemente de penhora ou nova intima\u00e7\u00e3o, apresente, nos pr\u00f3prios autos, sua impugna\u00e7\u00e3o\u201d, escreveu o juiz em trecho da decis\u00e3o contra o ex-governador.<\/span><\/p><\/blockquote>\n\n\n\n<div class=\"wp-block-image\"><figure class=\"aligncenter size-large\"><img decoding=\"async\" src=\"https:\/\/jornalfatosenoticias.com.br\/wp-content\/uploads\/2020\/02\/barao-das-carnes-300x164-1.jpg\" alt=\"\" class=\"wp-image-34339\"\/><\/figure><\/div>\n\n\n\n<p><strong><span class=\"has-inline-color has-black-color\">Quem \u00e9 Agnelo Queiroz<br><\/span><\/strong>Baiano de Itapetinga, Agnelo Queiroz surgiu na pol\u00edtica partid\u00e1ria como <strong><a href=\"https:\/\/revistaoeste.com\/?s=comunista\" target=\"_blank\" rel=\"noreferrer noopener\">comunista<\/a><\/strong>. Filiado ao PCdoB, ele foi eleito deputado federal por tr\u00eas vezes consecutivas: 1994, 1998 e 2002. Ainda como integrante do PCdoB, foi ministro do Esporte de 2003 a 2006.<br>Depois de trocar o PCdoB pelo PT, ele se elegeu governador do Distrito Federal em 2010. Quatro anos depois, n\u00e3o teve \u00eaxito ao tentar seguir no Poder Executivo. Com 20% dos votos v\u00e1lidos, ficou apenas na terceira coloca\u00e7\u00e3o. <\/p>\n\n\n\n<div class=\"wp-block-image\"><figure class=\"aligncenter size-large is-resized\"><img loading=\"lazy\" decoding=\"async\" src=\"https:\/\/jornalfatosenoticias.com.br\/wp-content\/uploads\/2023\/03\/logo-Panper_portal.jpg\" alt=\"\" class=\"wp-image-40208\" width=\"280\" height=\"194\" srcset=\"https:\/\/jornalfatosenoticias.com.br\/wp-content\/uploads\/2023\/03\/logo-Panper_portal.jpg 400w, https:\/\/jornalfatosenoticias.com.br\/wp-content\/uploads\/2023\/03\/logo-Panper_portal-300x208.jpg 300w\" sizes=\"auto, (max-width: 280px) 100vw, 280px\" \/><\/figure><\/div>\n\n\n\n<p>Depois do insucesso, tentou voltar a exercer um mandato nas elei\u00e7\u00f5es de 2022, mas n\u00e3o conseguiu se eleger deputado federal.<br>Em 2020, Queiroz chegou a ser preso, em Bras\u00edlia, por porte ilegal de arma. Na ocasi\u00e3o, <strong><a href=\"https:\/\/revistaoeste.com\/politica\/ex-governador-petista-do-df-paga-fianca-e-deixa-a-prisao\/\" target=\"_blank\" rel=\"noreferrer noopener\">o petista foi liberado ao pagar R$ 3 mil de fian\u00e7a<\/a><\/strong>.<\/p>\n\n\n\n<p><strong><em>Fonte: <a href=\"https:\/\/revistaoeste.com\/politica\/agnelo-queiroz-petista-500-mil\/\">Revista Oeste<\/a><\/em><\/strong><\/p>\n","protected":false},"excerpt":{"rendered":"<p>Agnelo Queiroz resolveu aumentar o pr\u00f3prio sal\u00e1rio quando era governador do Distrito Federal Por Anderson Scardoelli O ex-governador do Distrito Federal Agnelo Queiroz (PT) ter\u00e1 que ressarcir os cofres p\u00fablicos em cerca de R$ 500 mil, determinou o Tribunal de Justi\u00e7a do Distrito Federal e Territ\u00f3rios (TJDFT). A decis\u00e3o contra o petista foi publicada no [&hellip;]<\/p>\n","protected":false},"author":2,"featured_media":41674,"comment_status":"open","ping_status":"open","sticky":false,"template":"","format":"standard","meta":{"footnotes":""},"categories":[10],"tags":[19601,1906,19602,1345,19600,13186],"class_list":["post-41673","post","type-post","status-publish","format-standard","has-post-thumbnail","hentry","category-politica","tag-agnelo-queiroz","tag-distrito-federal","tag-governador","tag-justica","tag-partido-dos-trabalhadores","tag-pt"],"yoast_head":"<!-- This site is optimized with the Yoast SEO plugin v26.5 - https:\/\/yoast.com\/wordpress\/plugins\/seo\/ -->\n<title>Justi\u00e7a manda petista devolver R$ 500 mil aos cofres p\u00fablicos - Jornal Fatos e Not\u00edcias<\/title>\n<meta name=\"robots\" content=\"index, follow, max-snippet:-1, max-image-preview:large, max-video-preview:-1\" \/>\n<link rel=\"canonical\" href=\"https:\/\/jornalfatosenoticias.com.br\/index.php\/2023\/05\/22\/justica-manda-petista-devolver-r-500-mil-aos-cofres-publicos\/\" \/>\n<meta property=\"og:locale\" content=\"pt_BR\" \/>\n<meta property=\"og:type\" content=\"article\" \/>\n<meta property=\"og:title\" content=\"Justi\u00e7a manda petista devolver R$ 500 mil aos cofres p\u00fablicos - Jornal Fatos e Not\u00edcias\" \/>\n<meta property=\"og:description\" content=\"Agnelo Queiroz resolveu aumentar o pr\u00f3prio sal\u00e1rio quando era governador do Distrito Federal Por Anderson Scardoelli O ex-governador do Distrito Federal Agnelo Queiroz (PT) ter\u00e1 que ressarcir os cofres p\u00fablicos em cerca de R$ 500 mil, determinou o Tribunal de Justi\u00e7a do Distrito Federal e Territ\u00f3rios (TJDFT). A decis\u00e3o contra o petista foi publicada no [&hellip;]\" \/>\n<meta property=\"og:url\" content=\"https:\/\/jornalfatosenoticias.com.br\/index.php\/2023\/05\/22\/justica-manda-petista-devolver-r-500-mil-aos-cofres-publicos\/\" \/>\n<meta property=\"og:site_name\" content=\"Jornal Fatos e Not\u00edcias\" \/>\n<meta property=\"article:published_time\" content=\"2023-05-22T16:42:40+00:00\" \/>\n<meta property=\"article:modified_time\" content=\"2023-05-22T16:42:41+00:00\" \/>\n<meta property=\"og:image\" content=\"https:\/\/jornalfatosenoticias.com.br\/wp-content\/uploads\/2023\/05\/Agnelo-Queiroz.jpg\" \/>\n\t<meta property=\"og:image:width\" content=\"1000\" \/>\n\t<meta property=\"og:image:height\" content=\"598\" \/>\n\t<meta property=\"og:image:type\" content=\"image\/jpeg\" \/>\n<meta name=\"author\" content=\"Luzimara Fernandes\" \/>\n<meta name=\"twitter:card\" content=\"summary_large_image\" \/>\n<meta name=\"twitter:label1\" content=\"Escrito por\" \/>\n\t<meta name=\"twitter:data1\" content=\"Luzimara Fernandes\" \/>\n\t<meta name=\"twitter:label2\" content=\"Est. tempo de leitura\" \/>\n\t<meta name=\"twitter:data2\" content=\"2 minutos\" \/>\n<script type=\"application\/ld+json\" class=\"yoast-schema-graph\">{\"@context\":\"https:\/\/schema.org\",\"@graph\":[{\"@type\":\"Article\",\"@id\":\"https:\/\/jornalfatosenoticias.com.br\/index.php\/2023\/05\/22\/justica-manda-petista-devolver-r-500-mil-aos-cofres-publicos\/#article\",\"isPartOf\":{\"@id\":\"https:\/\/jornalfatosenoticias.com.br\/index.php\/2023\/05\/22\/justica-manda-petista-devolver-r-500-mil-aos-cofres-publicos\/\"},\"author\":{\"name\":\"Luzimara Fernandes\",\"@id\":\"https:\/\/jornalfatosenoticias.com.br\/#\/schema\/person\/d63837fa13ac8666eb9e74e0985d6f81\"},\"headline\":\"Justi\u00e7a manda petista devolver R$ 500 mil aos cofres p\u00fablicos\",\"datePublished\":\"2023-05-22T16:42:40+00:00\",\"dateModified\":\"2023-05-22T16:42:41+00:00\",\"mainEntityOfPage\":{\"@id\":\"https:\/\/jornalfatosenoticias.com.br\/index.php\/2023\/05\/22\/justica-manda-petista-devolver-r-500-mil-aos-cofres-publicos\/\"},\"wordCount\":457,\"commentCount\":0,\"publisher\":{\"@id\":\"https:\/\/jornalfatosenoticias.com.br\/#organization\"},\"image\":{\"@id\":\"https:\/\/jornalfatosenoticias.com.br\/index.php\/2023\/05\/22\/justica-manda-petista-devolver-r-500-mil-aos-cofres-publicos\/#primaryimage\"},\"thumbnailUrl\":\"https:\/\/jornalfatosenoticias.com.br\/wp-content\/uploads\/2023\/05\/Agnelo-Queiroz.jpg\",\"keywords\":[\"Agnelo Queiroz\",\"Distrito Federal\",\"governador\",\"justi\u00e7a\",\"Partido dos Trabalhadores\",\"PT\"],\"articleSection\":[\"Pol\u00edtica\"],\"inLanguage\":\"pt-BR\",\"potentialAction\":[{\"@type\":\"CommentAction\",\"name\":\"Comment\",\"target\":[\"https:\/\/jornalfatosenoticias.com.br\/index.php\/2023\/05\/22\/justica-manda-petista-devolver-r-500-mil-aos-cofres-publicos\/#respond\"]}]},{\"@type\":\"WebPage\",\"@id\":\"https:\/\/jornalfatosenoticias.com.br\/index.php\/2023\/05\/22\/justica-manda-petista-devolver-r-500-mil-aos-cofres-publicos\/\",\"url\":\"https:\/\/jornalfatosenoticias.com.br\/index.php\/2023\/05\/22\/justica-manda-petista-devolver-r-500-mil-aos-cofres-publicos\/\",\"name\":\"Justi\u00e7a manda petista devolver R$ 500 mil aos cofres p\u00fablicos - Jornal Fatos e Not\u00edcias\",\"isPartOf\":{\"@id\":\"https:\/\/jornalfatosenoticias.com.br\/#website\"},\"primaryImageOfPage\":{\"@id\":\"https:\/\/jornalfatosenoticias.com.br\/index.php\/2023\/05\/22\/justica-manda-petista-devolver-r-500-mil-aos-cofres-publicos\/#primaryimage\"},\"image\":{\"@id\":\"https:\/\/jornalfatosenoticias.com.br\/index.php\/2023\/05\/22\/justica-manda-petista-devolver-r-500-mil-aos-cofres-publicos\/#primaryimage\"},\"thumbnailUrl\":\"https:\/\/jornalfatosenoticias.com.br\/wp-content\/uploads\/2023\/05\/Agnelo-Queiroz.jpg\",\"datePublished\":\"2023-05-22T16:42:40+00:00\",\"dateModified\":\"2023-05-22T16:42:41+00:00\",\"breadcrumb\":{\"@id\":\"https:\/\/jornalfatosenoticias.com.br\/index.php\/2023\/05\/22\/justica-manda-petista-devolver-r-500-mil-aos-cofres-publicos\/#breadcrumb\"},\"inLanguage\":\"pt-BR\",\"potentialAction\":[{\"@type\":\"ReadAction\",\"target\":[\"https:\/\/jornalfatosenoticias.com.br\/index.php\/2023\/05\/22\/justica-manda-petista-devolver-r-500-mil-aos-cofres-publicos\/\"]}]},{\"@type\":\"ImageObject\",\"inLanguage\":\"pt-BR\",\"@id\":\"https:\/\/jornalfatosenoticias.com.br\/index.php\/2023\/05\/22\/justica-manda-petista-devolver-r-500-mil-aos-cofres-publicos\/#primaryimage\",\"url\":\"https:\/\/jornalfatosenoticias.com.br\/wp-content\/uploads\/2023\/05\/Agnelo-Queiroz.jpg\",\"contentUrl\":\"https:\/\/jornalfatosenoticias.com.br\/wp-content\/uploads\/2023\/05\/Agnelo-Queiroz.jpg\",\"width\":1000,\"height\":598},{\"@type\":\"BreadcrumbList\",\"@id\":\"https:\/\/jornalfatosenoticias.com.br\/index.php\/2023\/05\/22\/justica-manda-petista-devolver-r-500-mil-aos-cofres-publicos\/#breadcrumb\",\"itemListElement\":[{\"@type\":\"ListItem\",\"position\":1,\"name\":\"In\u00edcio\",\"item\":\"https:\/\/jornalfatosenoticias.com.br\/\"},{\"@type\":\"ListItem\",\"position\":2,\"name\":\"Justi\u00e7a manda petista devolver R$ 500 mil aos cofres p\u00fablicos\"}]},{\"@type\":\"WebSite\",\"@id\":\"https:\/\/jornalfatosenoticias.com.br\/#website\",\"url\":\"https:\/\/jornalfatosenoticias.com.br\/\",\"name\":\"Jornal Fatos e Not\u00edcias\",\"description\":\"Not\u00edcias em geral\",\"publisher\":{\"@id\":\"https:\/\/jornalfatosenoticias.com.br\/#organization\"},\"potentialAction\":[{\"@type\":\"SearchAction\",\"target\":{\"@type\":\"EntryPoint\",\"urlTemplate\":\"https:\/\/jornalfatosenoticias.com.br\/?s={search_term_string}\"},\"query-input\":{\"@type\":\"PropertyValueSpecification\",\"valueRequired\":true,\"valueName\":\"search_term_string\"}}],\"inLanguage\":\"pt-BR\"},{\"@type\":\"Organization\",\"@id\":\"https:\/\/jornalfatosenoticias.com.br\/#organization\",\"name\":\"Jornal Fatos e Not\u00edcias\",\"url\":\"https:\/\/jornalfatosenoticias.com.br\/\",\"logo\":{\"@type\":\"ImageObject\",\"inLanguage\":\"pt-BR\",\"@id\":\"https:\/\/jornalfatosenoticias.com.br\/#\/schema\/logo\/image\/\",\"url\":\"https:\/\/jornalfatosenoticias.com.br\/wp-content\/uploads\/2020\/02\/logo120.png\",\"contentUrl\":\"https:\/\/jornalfatosenoticias.com.br\/wp-content\/uploads\/2020\/02\/logo120.png\",\"width\":1227,\"height\":120,\"caption\":\"Jornal Fatos e Not\u00edcias\"},\"image\":{\"@id\":\"https:\/\/jornalfatosenoticias.com.br\/#\/schema\/logo\/image\/\"}},{\"@type\":\"Person\",\"@id\":\"https:\/\/jornalfatosenoticias.com.br\/#\/schema\/person\/d63837fa13ac8666eb9e74e0985d6f81\",\"name\":\"Luzimara Fernandes\",\"image\":{\"@type\":\"ImageObject\",\"inLanguage\":\"pt-BR\",\"@id\":\"https:\/\/jornalfatosenoticias.com.br\/#\/schema\/person\/image\/\",\"url\":\"https:\/\/jornalfatosenoticias.com.br\/wp-content\/uploads\/2025\/05\/EU_portal.jpg\",\"contentUrl\":\"https:\/\/jornalfatosenoticias.com.br\/wp-content\/uploads\/2025\/05\/EU_portal.jpg\",\"caption\":\"Luzimara Fernandes\"},\"description\":\"Jornalista MTB 2358-ES\",\"sameAs\":[\"https:\/\/jornalfatosenoticias.com.br\"],\"url\":\"https:\/\/jornalfatosenoticias.com.br\/index.php\/author\/luzimara\/\"}]}<\/script>\n<!-- \/ Yoast SEO plugin. -->","yoast_head_json":{"title":"Justi\u00e7a manda petista devolver R$ 500 mil aos cofres p\u00fablicos - Jornal Fatos e Not\u00edcias","robots":{"index":"index","follow":"follow","max-snippet":"max-snippet:-1","max-image-preview":"max-image-preview:large","max-video-preview":"max-video-preview:-1"},"canonical":"https:\/\/jornalfatosenoticias.com.br\/index.php\/2023\/05\/22\/justica-manda-petista-devolver-r-500-mil-aos-cofres-publicos\/","og_locale":"pt_BR","og_type":"article","og_title":"Justi\u00e7a manda petista devolver R$ 500 mil aos cofres p\u00fablicos - Jornal Fatos e Not\u00edcias","og_description":"Agnelo Queiroz resolveu aumentar o pr\u00f3prio sal\u00e1rio quando era governador do Distrito Federal Por Anderson Scardoelli O ex-governador do Distrito Federal Agnelo Queiroz (PT) ter\u00e1 que ressarcir os cofres p\u00fablicos em cerca de R$ 500 mil, determinou o Tribunal de Justi\u00e7a do Distrito Federal e Territ\u00f3rios (TJDFT). A decis\u00e3o contra o petista foi publicada no [&hellip;]","og_url":"https:\/\/jornalfatosenoticias.com.br\/index.php\/2023\/05\/22\/justica-manda-petista-devolver-r-500-mil-aos-cofres-publicos\/","og_site_name":"Jornal Fatos e Not\u00edcias","article_published_time":"2023-05-22T16:42:40+00:00","article_modified_time":"2023-05-22T16:42:41+00:00","og_image":[{"width":1000,"height":598,"url":"https:\/\/jornalfatosenoticias.com.br\/wp-content\/uploads\/2023\/05\/Agnelo-Queiroz.jpg","type":"image\/jpeg"}],"author":"Luzimara Fernandes","twitter_card":"summary_large_image","twitter_misc":{"Escrito por":"Luzimara Fernandes","Est. tempo de leitura":"2 minutos"},"schema":{"@context":"https:\/\/schema.org","@graph":[{"@type":"Article","@id":"https:\/\/jornalfatosenoticias.com.br\/index.php\/2023\/05\/22\/justica-manda-petista-devolver-r-500-mil-aos-cofres-publicos\/#article","isPartOf":{"@id":"https:\/\/jornalfatosenoticias.com.br\/index.php\/2023\/05\/22\/justica-manda-petista-devolver-r-500-mil-aos-cofres-publicos\/"},"author":{"name":"Luzimara Fernandes","@id":"https:\/\/jornalfatosenoticias.com.br\/#\/schema\/person\/d63837fa13ac8666eb9e74e0985d6f81"},"headline":"Justi\u00e7a manda petista devolver R$ 500 mil aos cofres p\u00fablicos","datePublished":"2023-05-22T16:42:40+00:00","dateModified":"2023-05-22T16:42:41+00:00","mainEntityOfPage":{"@id":"https:\/\/jornalfatosenoticias.com.br\/index.php\/2023\/05\/22\/justica-manda-petista-devolver-r-500-mil-aos-cofres-publicos\/"},"wordCount":457,"commentCount":0,"publisher":{"@id":"https:\/\/jornalfatosenoticias.com.br\/#organization"},"image":{"@id":"https:\/\/jornalfatosenoticias.com.br\/index.php\/2023\/05\/22\/justica-manda-petista-devolver-r-500-mil-aos-cofres-publicos\/#primaryimage"},"thumbnailUrl":"https:\/\/jornalfatosenoticias.com.br\/wp-content\/uploads\/2023\/05\/Agnelo-Queiroz.jpg","keywords":["Agnelo Queiroz","Distrito Federal","governador","justi\u00e7a","Partido dos Trabalhadores","PT"],"articleSection":["Pol\u00edtica"],"inLanguage":"pt-BR","potentialAction":[{"@type":"CommentAction","name":"Comment","target":["https:\/\/jornalfatosenoticias.com.br\/index.php\/2023\/05\/22\/justica-manda-petista-devolver-r-500-mil-aos-cofres-publicos\/#respond"]}]},{"@type":"WebPage","@id":"https:\/\/jornalfatosenoticias.com.br\/index.php\/2023\/05\/22\/justica-manda-petista-devolver-r-500-mil-aos-cofres-publicos\/","url":"https:\/\/jornalfatosenoticias.com.br\/index.php\/2023\/05\/22\/justica-manda-petista-devolver-r-500-mil-aos-cofres-publicos\/","name":"Justi\u00e7a manda petista devolver R$ 500 mil aos cofres p\u00fablicos - Jornal Fatos e Not\u00edcias","isPartOf":{"@id":"https:\/\/jornalfatosenoticias.com.br\/#website"},"primaryImageOfPage":{"@id":"https:\/\/jornalfatosenoticias.com.br\/index.php\/2023\/05\/22\/justica-manda-petista-devolver-r-500-mil-aos-cofres-publicos\/#primaryimage"},"image":{"@id":"https:\/\/jornalfatosenoticias.com.br\/index.php\/2023\/05\/22\/justica-manda-petista-devolver-r-500-mil-aos-cofres-publicos\/#primaryimage"},"thumbnailUrl":"https:\/\/jornalfatosenoticias.com.br\/wp-content\/uploads\/2023\/05\/Agnelo-Queiroz.jpg","datePublished":"2023-05-22T16:42:40+00:00","dateModified":"2023-05-22T16:42:41+00:00","breadcrumb":{"@id":"https:\/\/jornalfatosenoticias.com.br\/index.php\/2023\/05\/22\/justica-manda-petista-devolver-r-500-mil-aos-cofres-publicos\/#breadcrumb"},"inLanguage":"pt-BR","potentialAction":[{"@type":"ReadAction","target":["https:\/\/jornalfatosenoticias.com.br\/index.php\/2023\/05\/22\/justica-manda-petista-devolver-r-500-mil-aos-cofres-publicos\/"]}]},{"@type":"ImageObject","inLanguage":"pt-BR","@id":"https:\/\/jornalfatosenoticias.com.br\/index.php\/2023\/05\/22\/justica-manda-petista-devolver-r-500-mil-aos-cofres-publicos\/#primaryimage","url":"https:\/\/jornalfatosenoticias.com.br\/wp-content\/uploads\/2023\/05\/Agnelo-Queiroz.jpg","contentUrl":"https:\/\/jornalfatosenoticias.com.br\/wp-content\/uploads\/2023\/05\/Agnelo-Queiroz.jpg","width":1000,"height":598},{"@type":"BreadcrumbList","@id":"https:\/\/jornalfatosenoticias.com.br\/index.php\/2023\/05\/22\/justica-manda-petista-devolver-r-500-mil-aos-cofres-publicos\/#breadcrumb","itemListElement":[{"@type":"ListItem","position":1,"name":"In\u00edcio","item":"https:\/\/jornalfatosenoticias.com.br\/"},{"@type":"ListItem","position":2,"name":"Justi\u00e7a manda petista devolver R$ 500 mil aos cofres p\u00fablicos"}]},{"@type":"WebSite","@id":"https:\/\/jornalfatosenoticias.com.br\/#website","url":"https:\/\/jornalfatosenoticias.com.br\/","name":"Jornal Fatos e Not\u00edcias","description":"Not\u00edcias em geral","publisher":{"@id":"https:\/\/jornalfatosenoticias.com.br\/#organization"},"potentialAction":[{"@type":"SearchAction","target":{"@type":"EntryPoint","urlTemplate":"https:\/\/jornalfatosenoticias.com.br\/?s={search_term_string}"},"query-input":{"@type":"PropertyValueSpecification","valueRequired":true,"valueName":"search_term_string"}}],"inLanguage":"pt-BR"},{"@type":"Organization","@id":"https:\/\/jornalfatosenoticias.com.br\/#organization","name":"Jornal Fatos e Not\u00edcias","url":"https:\/\/jornalfatosenoticias.com.br\/","logo":{"@type":"ImageObject","inLanguage":"pt-BR","@id":"https:\/\/jornalfatosenoticias.com.br\/#\/schema\/logo\/image\/","url":"https:\/\/jornalfatosenoticias.com.br\/wp-content\/uploads\/2020\/02\/logo120.png","contentUrl":"https:\/\/jornalfatosenoticias.com.br\/wp-content\/uploads\/2020\/02\/logo120.png","width":1227,"height":120,"caption":"Jornal Fatos e Not\u00edcias"},"image":{"@id":"https:\/\/jornalfatosenoticias.com.br\/#\/schema\/logo\/image\/"}},{"@type":"Person","@id":"https:\/\/jornalfatosenoticias.com.br\/#\/schema\/person\/d63837fa13ac8666eb9e74e0985d6f81","name":"Luzimara Fernandes","image":{"@type":"ImageObject","inLanguage":"pt-BR","@id":"https:\/\/jornalfatosenoticias.com.br\/#\/schema\/person\/image\/","url":"https:\/\/jornalfatosenoticias.com.br\/wp-content\/uploads\/2025\/05\/EU_portal.jpg","contentUrl":"https:\/\/jornalfatosenoticias.com.br\/wp-content\/uploads\/2025\/05\/EU_portal.jpg","caption":"Luzimara Fernandes"},"description":"Jornalista MTB 2358-ES","sameAs":["https:\/\/jornalfatosenoticias.com.br"],"url":"https:\/\/jornalfatosenoticias.com.br\/index.php\/author\/luzimara\/"}]}},"cc_featured_image_caption":{"caption_text":"(Foto: Marcelo Camargo\/Ag\u00eancia Brasil)","source_text":"","source_url":""},"jetpack_featured_media_url":"https:\/\/jornalfatosenoticias.com.br\/wp-content\/uploads\/2023\/05\/Agnelo-Queiroz.jpg","_links":{"self":[{"href":"https:\/\/jornalfatosenoticias.com.br\/index.php\/wp-json\/wp\/v2\/posts\/41673","targetHints":{"allow":["GET"]}}],"collection":[{"href":"https:\/\/jornalfatosenoticias.com.br\/index.php\/wp-json\/wp\/v2\/posts"}],"about":[{"href":"https:\/\/jornalfatosenoticias.com.br\/index.php\/wp-json\/wp\/v2\/types\/post"}],"author":[{"embeddable":true,"href":"https:\/\/jornalfatosenoticias.com.br\/index.php\/wp-json\/wp\/v2\/users\/2"}],"replies":[{"embeddable":true,"href":"https:\/\/jornalfatosenoticias.com.br\/index.php\/wp-json\/wp\/v2\/comments?post=41673"}],"version-history":[{"count":0,"href":"https:\/\/jornalfatosenoticias.com.br\/index.php\/wp-json\/wp\/v2\/posts\/41673\/revisions"}],"wp:featuredmedia":[{"embeddable":true,"href":"https:\/\/jornalfatosenoticias.com.br\/index.php\/wp-json\/wp\/v2\/media\/41674"}],"wp:attachment":[{"href":"https:\/\/jornalfatosenoticias.com.br\/index.php\/wp-json\/wp\/v2\/media?parent=41673"}],"wp:term":[{"taxonomy":"category","embeddable":true,"href":"https:\/\/jornalfatosenoticias.com.br\/index.php\/wp-json\/wp\/v2\/categories?post=41673"},{"taxonomy":"post_tag","embeddable":true,"href":"https:\/\/jornalfatosenoticias.com.br\/index.php\/wp-json\/wp\/v2\/tags?post=41673"}],"curies":[{"name":"wp","href":"https:\/\/api.w.org\/{rel}","templated":true}]}}